{"id":10096,"date":"2016-06-12T23:40:34","date_gmt":"2016-06-12T23:40:34","guid":{"rendered":"http:\/\/blogdoprosperi.com\/?p=10096"},"modified":"2016-06-12T23:48:10","modified_gmt":"2016-06-12T23:48:10","slug":"entenda-a-vitoria-do-palmeiras-contra-o-corinthians-e-o-choro-de-tite","status":"publish","type":"post","link":"https:\/\/blogdoprosperi.com\/?p=10096","title":{"rendered":"Entenda a vit\u00f3ria do Palmeiras contra o Corinthians e o choro de Tite"},"content":{"rendered":"<p><span class=\"alignnone\"><img data-recalc-dims=\"1\" loading=\"lazy\" decoding=\"async\" data-attachment-id=\"10148\" data-permalink=\"https:\/\/blogdoprosperi.com\/?attachment_id=10148\" data-orig-file=\"https:\/\/i0.wp.com\/blogdoprosperi.com\/wp-content\/uploads\/2016\/06\/pro6-4.jpg?fit=1404%2C1050&amp;ssl=1\" data-orig-size=\"1404,1050\" data-comments-opened=\"1\" data-image-meta=\"{&quot;aperture&quot;:&quot;3.5&quot;,&quot;credit&quot;:&quot;ALEX SILVA&quot;,&quot;camera&quot;:&quot;Canon EOS-1D X&quot;,&quot;caption&quot;:&quot;&quot;,&quot;created_timestamp&quot;:&quot;1465751325&quot;,&quot;copyright&quot;:&quot;ALEX SILVA\/ESTADAO&quot;,&quot;focal_length&quot;:&quot;400&quot;,&quot;iso&quot;:&quot;2500&quot;,&quot;shutter_speed&quot;:&quot;0.001&quot;,&quot;title&quot;:&quot;&quot;,&quot;orientation&quot;:&quot;1&quot;}\" data-image-title=\"PRO6-4\" data-image-description=\"\" data-image-caption=\"\" data-large-file=\"https:\/\/i0.wp.com\/blogdoprosperi.com\/wp-content\/uploads\/2016\/06\/pro6-4.jpg?fit=940%2C703&amp;ssl=1\" class=\"alignnone size-full wp-image-10148\" src=\"https:\/\/i0.wp.com\/blogdoprosperi.com\/wp-content\/uploads\/2016\/06\/pro6-4.jpg?resize=940%2C703&#038;ssl=1\" alt=\"PRO6-4\" width=\"940\" height=\"703\" \/><\/span><\/p>\n<p>Cuca projetava a vit\u00f3ria do Palmeiras no cl\u00e1ssico contra o Corinthians como fundamental na longa caminhada em busca da ta\u00e7a do Brasileir\u00e3o. Havia ingredientes de sobra, entre passado e presente, na mesa do treinador para confirmar a import\u00e2ncia do triunfo. Nenhum detalhe deveria ficar sem aten\u00e7\u00e3o, sob pena de tudo vir por \u00e1gua abaixo.<\/p>\n<p>Primeiro, a quest\u00e3o sentimental em nome da paix\u00e3o. Por uma coincid\u00eancia de datas, este de 12 junho de 2016 remete ao 12 de junho de 1993 quando o Palmeiras derrotou o Corinthians no Morumbi \u00a0e conquistou o t\u00edtulo paulista &#8211; era o fim de longo jejum sem ser campe\u00e3o.<\/p>\n<p>Her\u00f3is daquela epop\u00e9ia foram homenageados no intervalo do cl\u00e1ssico. Evair, Edmundo, Cesar Sampaio, entre outros, foram aclamados pela multid\u00e3o.<\/p>\n<p>Cuca usou imagens do feito de 93 para motivar ainda mais seus jogadores.<\/p>\n<blockquote><p>&#8220;Essa conquista \u00e9 um marco na vida do Palmeiras. Mostramos aos nossos jogadores a entrega daqueles jogadores, a dedica\u00e7\u00e3o, ra\u00e7a, a qualidade t\u00e9cnica do grupo. Eles entenderam que t\u00ednhamos de jogar o cl\u00e1ssico como aquele time fez em 93&#8221;, disse Cuca.<\/p><\/blockquote>\n<p>Segundo, o fator casa teria peso decisivo na proje\u00e7\u00e3o do treinador. Torcida \u00fanica no Allianz Parque, palmeirenses quebraram o recorde de p\u00fablico do est\u00e1dio com 39.935 pagantes. A torcida teve papel importante, com mais vigor no segundo tempo, a pressionar o Corinthians. Funcionou a comunh\u00e3o arquibancadas e jogadores.<\/p>\n<p><span class=\"alignnone\"><img data-recalc-dims=\"1\" loading=\"lazy\" decoding=\"async\" data-attachment-id=\"10153\" data-permalink=\"https:\/\/blogdoprosperi.com\/?attachment_id=10153\" data-orig-file=\"https:\/\/i0.wp.com\/blogdoprosperi.com\/wp-content\/uploads\/2016\/06\/pro2-4.jpg?fit=2300%2C1533&amp;ssl=1\" data-orig-size=\"2300,1533\" data-comments-opened=\"1\" data-image-meta=\"{&quot;aperture&quot;:&quot;4.5&quot;,&quot;credit&quot;:&quot;ALEX SILVA&quot;,&quot;camera&quot;:&quot;Canon EOS-1D X&quot;,&quot;caption&quot;:&quot;&quot;,&quot;created_timestamp&quot;:&quot;1465747207&quot;,&quot;copyright&quot;:&quot;ALEX SILVA\/ESTADAO&quot;,&quot;focal_length&quot;:&quot;400&quot;,&quot;iso&quot;:&quot;1250&quot;,&quot;shutter_speed&quot;:&quot;0.0025&quot;,&quot;title&quot;:&quot;&quot;,&quot;orientation&quot;:&quot;1&quot;}\" data-image-title=\"PRO2-4\" data-image-description=\"\" data-image-caption=\"\" data-large-file=\"https:\/\/i0.wp.com\/blogdoprosperi.com\/wp-content\/uploads\/2016\/06\/pro2-4.jpg?fit=940%2C627&amp;ssl=1\" class=\"alignnone size-full wp-image-10153\" src=\"https:\/\/i0.wp.com\/blogdoprosperi.com\/wp-content\/uploads\/2016\/06\/pro2-4.jpg?resize=940%2C627&#038;ssl=1\" alt=\"PRO2-4\" width=\"940\" height=\"627\" \/><\/span><\/p>\n<p>Terceiro ingrediente a favor do Palmeiras pode ficar na conta de Cuca. O treinador amarou o time com Dudu na esquerda a bloquear Fagner e Roger Guedes fazendo parede a Uendel. Thiago Santos deveria cuidar de Guilherme e Tch\u00ea Tch\u00ea acompanhar Bruno Henrique. Assim os quatro defensores teriam de marcar apenas Giovanni Augusto e Luciano.<\/p>\n<p>Com essa configura\u00e7\u00e3o, o time de Cuca teve o controle do jogo at\u00e9 os 20 minutos. Depois o Corinthians passou a explorar as bolas longas, Cristian saiu mais do campo de defesa e o jogo ficou favor\u00e1vel \u00e0 equipe de Tite.<\/p>\n<p><span class=\"alignnone\"><img data-recalc-dims=\"1\" loading=\"lazy\" decoding=\"async\" data-attachment-id=\"10152\" data-permalink=\"https:\/\/blogdoprosperi.com\/?attachment_id=10152\" data-orig-file=\"https:\/\/i0.wp.com\/blogdoprosperi.com\/wp-content\/uploads\/2016\/06\/pro3-4.jpg?fit=2300%2C1585&amp;ssl=1\" data-orig-size=\"2300,1585\" data-comments-opened=\"1\" data-image-meta=\"{&quot;aperture&quot;:&quot;2.8&quot;,&quot;credit&quot;:&quot;ALEX SILVA&quot;,&quot;camera&quot;:&quot;Canon EOS-1D X&quot;,&quot;caption&quot;:&quot;&quot;,&quot;created_timestamp&quot;:&quot;1465747677&quot;,&quot;copyright&quot;:&quot;ALEX SILVA\/ESTADAO&quot;,&quot;focal_length&quot;:&quot;400&quot;,&quot;iso&quot;:&quot;1250&quot;,&quot;shutter_speed&quot;:&quot;0.001&quot;,&quot;title&quot;:&quot;&quot;,&quot;orientation&quot;:&quot;1&quot;}\" data-image-title=\"PRO3-4\" data-image-description=\"\" data-image-caption=\"\" data-large-file=\"https:\/\/i0.wp.com\/blogdoprosperi.com\/wp-content\/uploads\/2016\/06\/pro3-4.jpg?fit=940%2C648&amp;ssl=1\" class=\"alignnone size-full wp-image-10152\" src=\"https:\/\/i0.wp.com\/blogdoprosperi.com\/wp-content\/uploads\/2016\/06\/pro3-4.jpg?resize=940%2C648&#038;ssl=1\" alt=\"PRO3-4\" width=\"940\" height=\"648\" \/><\/span><\/p>\n<p>Quarto momento, o mais decisivo aos donos da casa, aconteceu com a mudan\u00e7a de Cuca. Sacou Roger Guedes e lan\u00e7ou Cleiton Xavier na volta do intervalo. Com essa mexida, Mois\u00e9s recuou para atuar de segundo volante e a coordenar a sa\u00edda de bola com Xavier. O arisco Tch\u00ea Tch\u00ea saiu do meio e foi jogar como se fosse um ponta em cima de Uendel. Sem a bola, refor\u00e7ava a marca\u00e7\u00e3o.<\/p>\n<p>Essa mudan\u00e7a de pe\u00e7as e a nova reorganiza\u00e7\u00e3o t\u00e1tica desmontaram o Corinthians. At\u00e9 porque, com menos de tr\u00eas minutos, Xavier havia feito o gol que determinaria o destino do cl\u00e1ssico. O time \u00a0de Tite se desestruturou. Sem sa\u00edda, com laterais presos, s\u00f3 meteu medo em faltas com bolas al\u00e7adas na \u00e1rea de Prass.<\/p>\n<div class=\"jetpack-video-wrapper\"><span class=\"embed-youtube\" style=\"text-align:center; display: block;\"><iframe loading=\"lazy\" class=\"youtube-player\" width=\"560\" height=\"315\" src=\"https:\/\/www.youtube.com\/embed\/P_0fIhoUkug?version=3&#038;rel=1&#038;showsearch=0&#038;showinfo=1&#038;iv_load_policy=1&#038;fs=1&#038;hl=pt-BR&#038;autohide=2&#038;wmode=transparent\" allowfullscreen=\"true\" style=\"border:0;\" sandbox=\"allow-scripts allow-same-origin allow-popups allow-presentation allow-popups-to-escape-sandbox\"><\/iframe><\/span><\/div>\n<p>Bem diferente do Palmeiras, que vinha com uma manada nos contra-ataques a criar uma chance de gol atr\u00e1s da outra. Poderia ter ampliado a margem de gols.<\/p>\n<p><strong>POL\u00caMICA<\/strong><\/p>\n<p>Tite n\u00e3o contestou a vit\u00f3ria palmeirense, mas reclamou muito de um gol anulado do Corinthians, em lance entre Felipe, Prass e Thiago Martins. Cuca minimizou.<\/p>\n<p>De uma falta da intermedi\u00e1ria, al\u00e7ada na \u00e1rea, Prass sobe, tem a bola nas m\u00e3os, mas o goleiro sofre um encontr\u00e3o de Felipe e Martins. Quando a bola caiu na grama, o \u00e1rbitro Rafael Klaus j\u00e1 tinha apitado, antes de a bola ser desviada ao gol por Bruno Henrique em dividida com Cleiton Xavier.<\/p>\n<p>Felipe estava impedido na cobran\u00e7a da falta, mas o \u00e1rbitro deixou o barco correr e, inevit\u00e1vel, criou a maior pol\u00eamica do cl\u00e1ssico.<\/p>\n<blockquote><p>&#8220;A arbitragem teve uma participa\u00e7\u00e3o determinante no resultado do cl\u00e1ssico. N\u00e3o gostaria de falar nisso, sinceramente&#8221;, comentou Tite.<\/p><\/blockquote>\n<p><span class=\"alignnone\"><img data-recalc-dims=\"1\" loading=\"lazy\" decoding=\"async\" data-attachment-id=\"10154\" data-permalink=\"https:\/\/blogdoprosperi.com\/?attachment_id=10154\" data-orig-file=\"https:\/\/i0.wp.com\/blogdoprosperi.com\/wp-content\/uploads\/2016\/06\/pro1-3.jpg?fit=2300%2C1515&amp;ssl=1\" data-orig-size=\"2300,1515\" data-comments-opened=\"1\" data-image-meta=\"{&quot;aperture&quot;:&quot;4&quot;,&quot;credit&quot;:&quot;ALEX SILVA&quot;,&quot;camera&quot;:&quot;Canon EOS-1D X&quot;,&quot;caption&quot;:&quot;&quot;,&quot;created_timestamp&quot;:&quot;1465747156&quot;,&quot;copyright&quot;:&quot;ALEX SILVA\/ESTADAO&quot;,&quot;focal_length&quot;:&quot;400&quot;,&quot;iso&quot;:&quot;1250&quot;,&quot;shutter_speed&quot;:&quot;0.0025&quot;,&quot;title&quot;:&quot;&quot;,&quot;orientation&quot;:&quot;1&quot;}\" data-image-title=\"PRO1-3\" data-image-description=\"\" data-image-caption=\"\" data-large-file=\"https:\/\/i0.wp.com\/blogdoprosperi.com\/wp-content\/uploads\/2016\/06\/pro1-3.jpg?fit=940%2C619&amp;ssl=1\" class=\"alignnone size-full wp-image-10154\" src=\"https:\/\/i0.wp.com\/blogdoprosperi.com\/wp-content\/uploads\/2016\/06\/pro1-3.jpg?resize=940%2C619&#038;ssl=1\" alt=\"PRO1-3\" width=\"940\" height=\"619\" \/><\/span><\/p>\n<p>Com ou sem raz\u00e3o, o treinador do Corinthians poderia olhar mais para o seu time. Em cl\u00e1ssicos \u00e9 preciso algo mais do que levantar bolas na \u00e1rea do inimigo.<\/p>\n<p>As trocas feitas por Tite tamb\u00e9m n\u00e3o deram resultados. Danilo entrou no lugar de Guilherme e o time perdeu criatividade. Andr\u00e9 por Luciano, seis por meia-d\u00fazia. E Maicon na vaga de Cristian, que teria pedido para sair.<\/p>\n<p>Criticar o \u00e1rbitro soou como uma desculpa para a derrota, a segunda de Tite diante do Palmeiras desde que Cuca assumiu o time &#8211; uma no Paulist\u00e3o e outra nesta s\u00e9tima rodada do Brasileir\u00e3o.<\/p>\n<div class=\"tiled-gallery type-rectangular tiled-gallery-unresized\" data-original-width=\"940\" data-carousel-extra='{&quot;blog_id&quot;:1,&quot;permalink&quot;:&quot;https:\\\/\\\/blogdoprosperi.com\\\/?p=10096&quot;,&quot;likes_blog_id&quot;:108082574}' itemscope itemtype=\"http:\/\/schema.org\/ImageGallery\" > <div class=\"gallery-row\" style=\"width: 940px; height: 446px;\" data-original-width=\"940\" data-original-height=\"446\" > <div class=\"gallery-group images-1\" style=\"width: 624px; height: 446px;\" data-original-width=\"624\" data-original-height=\"446\" > <div class=\"tiled-gallery-item tiled-gallery-item-large\" itemprop=\"associatedMedia\" itemscope itemtype=\"http:\/\/schema.org\/ImageObject\"> <a href=\"https:\/\/blogdoprosperi.com\/?attachment_id=10150\" border=\"0\" itemprop=\"url\"> <meta itemprop=\"width\" content=\"620\"> <meta itemprop=\"height\" content=\"442\"> <img decoding=\"async\" class=\"\" data-attachment-id=\"10150\" data-orig-file=\"https:\/\/blogdoprosperi.com\/wp-content\/uploads\/2016\/06\/pro5-9.jpg\" data-orig-size=\"2300,1640\" data-comments-opened=\"1\" data-image-meta=\"{&quot;aperture&quot;:&quot;3.5&quot;,&quot;credit&quot;:&quot;ALEX SILVA&quot;,&quot;camera&quot;:&quot;Canon EOS-1D X&quot;,&quot;caption&quot;:&quot;&quot;,&quot;created_timestamp&quot;:&quot;1465751323&quot;,&quot;copyright&quot;:&quot;ALEX SILVA\\\/ESTADAO&quot;,&quot;focal_length&quot;:&quot;400&quot;,&quot;iso&quot;:&quot;2500&quot;,&quot;shutter_speed&quot;:&quot;0.001&quot;,&quot;title&quot;:&quot;&quot;,&quot;orientation&quot;:&quot;1&quot;}\" data-image-title=\"PRO5-9\" data-image-description=\"\" data-medium-file=\"https:\/\/i0.wp.com\/blogdoprosperi.com\/wp-content\/uploads\/2016\/06\/pro5-9.jpg?fit=530%2C378&#038;ssl=1\" data-large-file=\"https:\/\/i0.wp.com\/blogdoprosperi.com\/wp-content\/uploads\/2016\/06\/pro5-9.jpg?fit=940%2C670&#038;ssl=1\" src=\"https:\/\/i0.wp.com\/blogdoprosperi.com\/wp-content\/uploads\/2016\/06\/pro5-9.jpg?w=620&#038;h=442&#038;ssl=1\" width=\"620\" height=\"442\" loading=\"lazy\" data-original-width=\"620\" data-original-height=\"442\" itemprop=\"http:\/\/schema.org\/image\" title=\"PRO5-9\" alt=\"PRO5-9\" style=\"width: 620px; height: 442px;\" \/> <\/a> <\/div> <\/div> <!-- close group --> <div class=\"gallery-group images-2\" style=\"width: 316px; height: 446px;\" data-original-width=\"316\" data-original-height=\"446\" > <div class=\"tiled-gallery-item tiled-gallery-item-large\" itemprop=\"associatedMedia\" itemscope itemtype=\"http:\/\/schema.org\/ImageObject\"> <a href=\"https:\/\/blogdoprosperi.com\/?attachment_id=10149\" border=\"0\" itemprop=\"url\"> <meta itemprop=\"width\" content=\"312\"> <meta itemprop=\"height\" content=\"223\"> <img decoding=\"async\" class=\"\" data-attachment-id=\"10149\" data-orig-file=\"https:\/\/blogdoprosperi.com\/wp-content\/uploads\/2016\/06\/pro7-7.jpg\" data-orig-size=\"2364,1686\" data-comments-opened=\"1\" data-image-meta=\"{&quot;aperture&quot;:&quot;3.5&quot;,&quot;credit&quot;:&quot;ALEX SILVA&quot;,&quot;camera&quot;:&quot;Canon EOS-1D X&quot;,&quot;caption&quot;:&quot;&quot;,&quot;created_timestamp&quot;:&quot;1465751368&quot;,&quot;copyright&quot;:&quot;ALEX SILVA\\\/ESTADAO&quot;,&quot;focal_length&quot;:&quot;400&quot;,&quot;iso&quot;:&quot;2500&quot;,&quot;shutter_speed&quot;:&quot;0.001&quot;,&quot;title&quot;:&quot;&quot;,&quot;orientation&quot;:&quot;1&quot;}\" data-image-title=\"PRO7-7\" data-image-description=\"\" data-medium-file=\"https:\/\/i0.wp.com\/blogdoprosperi.com\/wp-content\/uploads\/2016\/06\/pro7-7.jpg?fit=530%2C378&#038;ssl=1\" data-large-file=\"https:\/\/i0.wp.com\/blogdoprosperi.com\/wp-content\/uploads\/2016\/06\/pro7-7.jpg?fit=940%2C670&#038;ssl=1\" src=\"https:\/\/i0.wp.com\/blogdoprosperi.com\/wp-content\/uploads\/2016\/06\/pro7-7.jpg?w=312&#038;h=223&#038;ssl=1\" width=\"312\" height=\"223\" loading=\"lazy\" data-original-width=\"312\" data-original-height=\"223\" itemprop=\"http:\/\/schema.org\/image\" title=\"PRO7-7\" alt=\"PRO7-7\" style=\"width: 312px; height: 223px;\" \/> <\/a> <\/div> <div class=\"tiled-gallery-item tiled-gallery-item-large\" itemprop=\"associatedMedia\" itemscope itemtype=\"http:\/\/schema.org\/ImageObject\"> <a href=\"https:\/\/blogdoprosperi.com\/?attachment_id=10152\" border=\"0\" itemprop=\"url\"> <meta itemprop=\"width\" content=\"312\"> <meta itemprop=\"height\" content=\"215\"> <img decoding=\"async\" class=\"\" data-attachment-id=\"10152\" data-orig-file=\"https:\/\/blogdoprosperi.com\/wp-content\/uploads\/2016\/06\/pro3-4.jpg\" data-orig-size=\"2300,1585\" data-comments-opened=\"1\" data-image-meta=\"{&quot;aperture&quot;:&quot;2.8&quot;,&quot;credit&quot;:&quot;ALEX SILVA&quot;,&quot;camera&quot;:&quot;Canon EOS-1D X&quot;,&quot;caption&quot;:&quot;&quot;,&quot;created_timestamp&quot;:&quot;1465747677&quot;,&quot;copyright&quot;:&quot;ALEX SILVA\\\/ESTADAO&quot;,&quot;focal_length&quot;:&quot;400&quot;,&quot;iso&quot;:&quot;1250&quot;,&quot;shutter_speed&quot;:&quot;0.001&quot;,&quot;title&quot;:&quot;&quot;,&quot;orientation&quot;:&quot;1&quot;}\" data-image-title=\"PRO3-4\" data-image-description=\"\" data-medium-file=\"https:\/\/i0.wp.com\/blogdoprosperi.com\/wp-content\/uploads\/2016\/06\/pro3-4.jpg?fit=549%2C378&#038;ssl=1\" data-large-file=\"https:\/\/i0.wp.com\/blogdoprosperi.com\/wp-content\/uploads\/2016\/06\/pro3-4.jpg?fit=940%2C648&#038;ssl=1\" src=\"https:\/\/i0.wp.com\/blogdoprosperi.com\/wp-content\/uploads\/2016\/06\/pro3-4.jpg?w=312&#038;h=215&#038;ssl=1\" width=\"312\" height=\"215\" loading=\"lazy\" data-original-width=\"312\" data-original-height=\"215\" itemprop=\"http:\/\/schema.org\/image\" title=\"PRO3-4\" alt=\"PRO3-4\" style=\"width: 312px; height: 215px;\" \/> <\/a> <\/div> <\/div> <!-- close group --> <\/div> <!-- close row --> <div class=\"gallery-row\" style=\"width: 940px; height: 327px;\" data-original-width=\"940\" data-original-height=\"327\" > <div class=\"gallery-group images-1\" style=\"width: 488px; height: 327px;\" data-original-width=\"488\" data-original-height=\"327\" > <div class=\"tiled-gallery-item tiled-gallery-item-large\" itemprop=\"associatedMedia\" itemscope itemtype=\"http:\/\/schema.org\/ImageObject\"> <a href=\"https:\/\/blogdoprosperi.com\/?attachment_id=10151\" border=\"0\" itemprop=\"url\"> <meta itemprop=\"width\" content=\"484\"> <meta itemprop=\"height\" content=\"323\"> <img decoding=\"async\" class=\"\" data-attachment-id=\"10151\" data-orig-file=\"https:\/\/blogdoprosperi.com\/wp-content\/uploads\/2016\/06\/pro4-4.jpg\" data-orig-size=\"2300,1533\" data-comments-opened=\"1\" data-image-meta=\"{&quot;aperture&quot;:&quot;2.8&quot;,&quot;credit&quot;:&quot;ALEX SILVA&quot;,&quot;camera&quot;:&quot;Canon EOS-1D X&quot;,&quot;caption&quot;:&quot;&quot;,&quot;created_timestamp&quot;:&quot;1465748870&quot;,&quot;copyright&quot;:&quot;ALEX SILVA\\\/ESTADAO&quot;,&quot;focal_length&quot;:&quot;400&quot;,&quot;iso&quot;:&quot;1600&quot;,&quot;shutter_speed&quot;:&quot;0.001&quot;,&quot;title&quot;:&quot;&quot;,&quot;orientation&quot;:&quot;1&quot;}\" data-image-title=\"PRO4-4\" data-image-description=\"\" data-medium-file=\"https:\/\/i0.wp.com\/blogdoprosperi.com\/wp-content\/uploads\/2016\/06\/pro4-4.jpg?fit=567%2C378&#038;ssl=1\" data-large-file=\"https:\/\/i0.wp.com\/blogdoprosperi.com\/wp-content\/uploads\/2016\/06\/pro4-4.jpg?fit=940%2C627&#038;ssl=1\" src=\"https:\/\/i0.wp.com\/blogdoprosperi.com\/wp-content\/uploads\/2016\/06\/pro4-4.jpg?w=484&#038;h=323&#038;ssl=1\" width=\"484\" height=\"323\" loading=\"lazy\" data-original-width=\"484\" data-original-height=\"323\" itemprop=\"http:\/\/schema.org\/image\" title=\"PRO4-4\" alt=\"PRO4-4\" style=\"width: 484px; height: 323px;\" \/> <\/a> <\/div> <\/div> <!-- close group --> <div class=\"gallery-group images-1\" style=\"width: 452px; height: 327px;\" data-original-width=\"452\" data-original-height=\"327\" > <div class=\"tiled-gallery-item tiled-gallery-item-large\" itemprop=\"associatedMedia\" itemscope itemtype=\"http:\/\/schema.org\/ImageObject\"> <a href=\"https:\/\/blogdoprosperi.com\/?attachment_id=10155\" border=\"0\" itemprop=\"url\"> <meta itemprop=\"width\" content=\"448\"> <meta itemprop=\"height\" content=\"323\"> <img decoding=\"async\" class=\"\" data-attachment-id=\"10155\" data-orig-file=\"https:\/\/blogdoprosperi.com\/wp-content\/uploads\/2016\/06\/pro-5.jpg\" data-orig-size=\"2300,1656\" data-comments-opened=\"1\" data-image-meta=\"{&quot;aperture&quot;:&quot;2.8&quot;,&quot;credit&quot;:&quot;ALEX SILVA&quot;,&quot;camera&quot;:&quot;Canon EOS-1D X&quot;,&quot;caption&quot;:&quot;&quot;,&quot;created_timestamp&quot;:&quot;1465747862&quot;,&quot;copyright&quot;:&quot;ALEX SILVA\\\/ESTADAO&quot;,&quot;focal_length&quot;:&quot;400&quot;,&quot;iso&quot;:&quot;1250&quot;,&quot;shutter_speed&quot;:&quot;0.001&quot;,&quot;title&quot;:&quot;&quot;,&quot;orientation&quot;:&quot;1&quot;}\" data-image-title=\"pro-5\" data-image-description=\"\" data-medium-file=\"https:\/\/i0.wp.com\/blogdoprosperi.com\/wp-content\/uploads\/2016\/06\/pro-5.jpg?fit=525%2C378&#038;ssl=1\" data-large-file=\"https:\/\/i0.wp.com\/blogdoprosperi.com\/wp-content\/uploads\/2016\/06\/pro-5.jpg?fit=940%2C677&#038;ssl=1\" src=\"https:\/\/i0.wp.com\/blogdoprosperi.com\/wp-content\/uploads\/2016\/06\/pro-5.jpg?w=448&#038;h=323&#038;ssl=1\" width=\"448\" height=\"323\" loading=\"lazy\" data-original-width=\"448\" data-original-height=\"323\" itemprop=\"http:\/\/schema.org\/image\" title=\"pro-5\" alt=\"pro-5\" style=\"width: 448px; height: 323px;\" \/> <\/a> <\/div> <\/div> <!-- close group --> <\/div> <!-- close row --> <\/div>\n","protected":false},"excerpt":{"rendered":"<p>Cuca projetava a vit\u00f3ria do Palmeiras no cl\u00e1ssico contra o Corinthians como fundamental na longa caminhada em busca [&hellip;]<\/p>\n","protected":false},"author":102107496,"featured_media":0,"comment_status":"open","ping_status":"open","sticky":false,"template":"","format":"standard","meta":{"_coblocks_attr":"","_coblocks_dimensions":"","_coblocks_responsive_height":"","_coblocks_accordion_ie_support":"","wpai_generated_summary":"","_jetpack_newsletter_access":"","_jetpack_dont_email_post_to_subs":false,"_jetpack_newsletter_tier_id":0,"_jetpack_memberships_contains_paywalled_content":false,"_wpcom_ai_launchpad_first_post":false,"_jetpack_feature_clip_id":0,"_jetpack_memberships_contains_paid_content":false,"footnotes":"","jetpack_publicize_message":"","jetpack_publicize_feature_enabled":true,"jetpack_social_post_already_shared":false,"jetpack_social_options":{"image_generator_settings":{"template":"highway","default_image_id":0,"font":"","enabled":false},"version":2},"jetpack_post_was_ever_published":false},"categories":[53870],"tags":[165442385,362595295,10170941,177066,85954,789560560,504975816,8328841,1814220],"class_list":["post-10096","post","type-post","status-publish","format-standard","hentry","category-futebol","tag-allianz-parque","tag-brasileirao-2016","tag-cleiton-xavier","tag-corinthians","tag-cuca","tag-futebol","tag-palmeiras-1x-0-corinthians","tag-palmeiras-clube","tag-tite"],"yoast_head":"<!-- This site is optimized with the Yoast SEO plugin v28.4 - https:\/\/yoast.com\/product\/yoast-seo-wordpress\/ -->\n<title>Entenda a vit\u00f3ria do Palmeiras contra o Corinthians e o choro de Tite - PR\u00d3SPERI NEWS<\/title>\n<meta name=\"robots\" content=\"index, follow, max-snippet:-1, max-image-preview:large, max-video-preview:-1\" \/>\n<link rel=\"canonical\" href=\"https:\/\/blogdoprosperi.com\/?p=10096\" \/>\n<meta property=\"og:locale\" content=\"pt_BR\" \/>\n<meta property=\"og:type\" content=\"article\" \/>\n<meta property=\"og:title\" content=\"Entenda a vit\u00f3ria do Palmeiras contra o Corinthians e o choro de Tite - PR\u00d3SPERI NEWS\" \/>\n<meta property=\"og:description\" content=\"Cuca projetava a vit\u00f3ria do Palmeiras no cl\u00e1ssico contra o Corinthians como fundamental na longa caminhada em busca [&hellip;]\" \/>\n<meta property=\"og:url\" content=\"https:\/\/blogdoprosperi.com\/?p=10096\" \/>\n<meta property=\"og:site_name\" content=\"PR\u00d3SPERI NEWS\" \/>\n<meta property=\"article:publisher\" content=\"Luiz Pr\u00f3speri\" \/>\n<meta property=\"article:author\" content=\"Luiz Pr\u00f3speri\" \/>\n<meta property=\"article:published_time\" content=\"2016-06-12T23:40:34+00:00\" \/>\n<meta property=\"article:modified_time\" content=\"2016-06-12T23:48:10+00:00\" \/>\n<meta property=\"og:image\" content=\"https:\/\/i0.wp.com\/blogdoprosperi.com\/wp-content\/uploads\/2016\/06\/pro5-9.jpg?w=620&#038;h=442&#038;ssl=1\" \/>\n<meta name=\"author\" content=\"Luiz Ant\u00f4nio Pr\u00f3speri\" \/>\n<meta name=\"twitter:card\" content=\"summary_large_image\" \/>\n<meta name=\"twitter:creator\" content=\"@Luizprosperi\" \/>\n<meta name=\"twitter:site\" content=\"@Luizprosperi\" \/>\n<meta name=\"twitter:label1\" content=\"Escrito por\" \/>\n\t<meta name=\"twitter:data1\" content=\"Luiz Ant\u00f4nio Pr\u00f3speri\" \/>\n\t<meta name=\"twitter:label2\" content=\"Est. tempo de leitura\" \/>\n\t<meta name=\"twitter:data2\" content=\"4 minutos\" \/>\n<script type=\"application\/ld+json\" class=\"yoast-schema-graph\">{\"@context\":\"https:\\\/\\\/schema.org\",\"@graph\":[{\"@type\":\"Article\",\"@id\":\"https:\\\/\\\/blogdoprosperi.com\\\/?p=10096#article\",\"isPartOf\":{\"@id\":\"https:\\\/\\\/blogdoprosperi.com\\\/?p=10096\"},\"author\":{\"name\":\"Luiz Ant\u00f4nio Pr\u00f3speri\",\"@id\":\"https:\\\/\\\/blogdoprosperi.com\\\/#\\\/schema\\\/person\\\/38100755ce3601861ee4fab9b5aa78e9\"},\"headline\":\"Entenda a vit\u00f3ria do Palmeiras contra o Corinthians e o choro de Tite\",\"datePublished\":\"2016-06-12T23:40:34+00:00\",\"dateModified\":\"2016-06-12T23:48:10+00:00\",\"mainEntityOfPage\":{\"@id\":\"https:\\\/\\\/blogdoprosperi.com\\\/?p=10096\"},\"wordCount\":773,\"commentCount\":3,\"publisher\":{\"@id\":\"https:\\\/\\\/blogdoprosperi.com\\\/#\\\/schema\\\/person\\\/38100755ce3601861ee4fab9b5aa78e9\"},\"image\":{\"@id\":\"https:\\\/\\\/blogdoprosperi.com\\\/?p=10096#primaryimage\"},\"thumbnailUrl\":\"https:\\\/\\\/blogdoprosperi.com\\\/wp-content\\\/uploads\\\/2016\\\/06\\\/pro6-4.jpg\",\"keywords\":[\"Allianz Parque\",\"Brasileir\u00e3o-2016\",\"Cleiton Xavier\",\"Corinthians\",\"Cuca\",\"futebol\",\"palmeiras 1x 0 corinthians\",\"Palmeiras Clube\",\"Tite\"],\"articleSection\":[\"futebol\"],\"inLanguage\":\"pt-BR\",\"potentialAction\":[{\"@type\":\"CommentAction\",\"name\":\"Comment\",\"target\":[\"https:\\\/\\\/blogdoprosperi.com\\\/?p=10096#respond\"]}]},{\"@type\":\"WebPage\",\"@id\":\"https:\\\/\\\/blogdoprosperi.com\\\/?p=10096\",\"url\":\"https:\\\/\\\/blogdoprosperi.com\\\/?p=10096\",\"name\":\"Entenda a vit\u00f3ria do Palmeiras contra o Corinthians e o choro de Tite - PR\u00d3SPERI NEWS\",\"isPartOf\":{\"@id\":\"https:\\\/\\\/blogdoprosperi.com\\\/#website\"},\"primaryImageOfPage\":{\"@id\":\"https:\\\/\\\/blogdoprosperi.com\\\/?p=10096#primaryimage\"},\"image\":{\"@id\":\"https:\\\/\\\/blogdoprosperi.com\\\/?p=10096#primaryimage\"},\"thumbnailUrl\":\"https:\\\/\\\/blogdoprosperi.com\\\/wp-content\\\/uploads\\\/2016\\\/06\\\/pro6-4.jpg\",\"datePublished\":\"2016-06-12T23:40:34+00:00\",\"dateModified\":\"2016-06-12T23:48:10+00:00\",\"breadcrumb\":{\"@id\":\"https:\\\/\\\/blogdoprosperi.com\\\/?p=10096#breadcrumb\"},\"inLanguage\":\"pt-BR\",\"potentialAction\":[{\"@type\":\"ReadAction\",\"target\":[\"https:\\\/\\\/blogdoprosperi.com\\\/?p=10096\"]}]},{\"@type\":\"ImageObject\",\"inLanguage\":\"pt-BR\",\"@id\":\"https:\\\/\\\/blogdoprosperi.com\\\/?p=10096#primaryimage\",\"url\":\"https:\\\/\\\/i0.wp.com\\\/blogdoprosperi.com\\\/wp-content\\\/uploads\\\/2016\\\/06\\\/pro6-4.jpg?fit=1404%2C1050&ssl=1\",\"contentUrl\":\"https:\\\/\\\/i0.wp.com\\\/blogdoprosperi.com\\\/wp-content\\\/uploads\\\/2016\\\/06\\\/pro6-4.jpg?fit=1404%2C1050&ssl=1\",\"width\":1404,\"height\":1050},{\"@type\":\"BreadcrumbList\",\"@id\":\"https:\\\/\\\/blogdoprosperi.com\\\/?p=10096#breadcrumb\",\"itemListElement\":[{\"@type\":\"ListItem\",\"position\":1,\"name\":\"In\u00edcio\",\"item\":\"https:\\\/\\\/blogdoprosperi.com\\\/\"},{\"@type\":\"ListItem\",\"position\":2,\"name\":\"Entenda a vit\u00f3ria do Palmeiras contra o Corinthians e o choro de Tite\"}]},{\"@type\":\"WebSite\",\"@id\":\"https:\\\/\\\/blogdoprosperi.com\\\/#website\",\"url\":\"https:\\\/\\\/blogdoprosperi.com\\\/\",\"name\":\"PR\u00d3SPERI NEWS\",\"description\":\"TUDO \u00c9  FUTEBOL\",\"publisher\":{\"@id\":\"https:\\\/\\\/blogdoprosperi.com\\\/#\\\/schema\\\/person\\\/38100755ce3601861ee4fab9b5aa78e9\"},\"alternateName\":\"blogdoprosperi.com\",\"potentialAction\":[{\"@type\":\"SearchAction\",\"target\":{\"@type\":\"EntryPoint\",\"urlTemplate\":\"https:\\\/\\\/blogdoprosperi.com\\\/?s={search_term_string}\"},\"query-input\":{\"@type\":\"PropertyValueSpecification\",\"valueRequired\":true,\"valueName\":\"search_term_string\"}}],\"inLanguage\":\"pt-BR\"},{\"@type\":[\"Person\",\"Organization\"],\"@id\":\"https:\\\/\\\/blogdoprosperi.com\\\/#\\\/schema\\\/person\\\/38100755ce3601861ee4fab9b5aa78e9\",\"name\":\"Luiz Ant\u00f4nio Pr\u00f3speri\",\"pronouns\":\"ele\",\"image\":{\"@type\":\"ImageObject\",\"inLanguage\":\"pt-BR\",\"@id\":\"https:\\\/\\\/i0.wp.com\\\/blogdoprosperi.com\\\/wp-content\\\/uploads\\\/2026\\\/05\\\/cropped-8059e613-6002-42fa-961e-8e275f575d71-2-5.jpg?fit=1360%2C931&ssl=1\",\"url\":\"https:\\\/\\\/i0.wp.com\\\/blogdoprosperi.com\\\/wp-content\\\/uploads\\\/2026\\\/05\\\/cropped-8059e613-6002-42fa-961e-8e275f575d71-2-5.jpg?fit=1360%2C931&ssl=1\",\"contentUrl\":\"https:\\\/\\\/i0.wp.com\\\/blogdoprosperi.com\\\/wp-content\\\/uploads\\\/2026\\\/05\\\/cropped-8059e613-6002-42fa-961e-8e275f575d71-2-5.jpg?fit=1360%2C931&ssl=1\",\"width\":1360,\"height\":931,\"caption\":\"Luiz Ant\u00f4nio Pr\u00f3speri\"},\"logo\":{\"@id\":\"https:\\\/\\\/i0.wp.com\\\/blogdoprosperi.com\\\/wp-content\\\/uploads\\\/2026\\\/05\\\/cropped-8059e613-6002-42fa-961e-8e275f575d71-2-5.jpg?fit=1360%2C931&ssl=1\"},\"description\":\"Jornalista com carreira dedicada ao esporte. Cobriu 9 Copas do Mundo in loco, 1990 na It\u00e1lia, 1994 nos EUA, 1998 na Fran\u00e7a, 2002 na Coreia do Sul e Jap\u00e3o, 2006 na Alemanha, 2010 na \u00c1frica do Sul, 2014 no Brasil, 2018 na R\u00fassia e 2022 no Qatar. Eurocopas, 1992 na Su\u00e9cia e 1996 na Inglaterra. Copa das Confedera\u00e7\u00f5es de 2005 na Alemanha e 2009 na \u00c1frica do Sul. Rep\u00f3rter e Editor, trabalhou no Jornal da Tarde e Estad\u00e3o, de 1984 a fevereiro de 2016. Colunista, blogueiro. E comentarista de futebol na R\u00e1dio Estad\u00e3o, de 2013 a fevereiro de 2016. Jornalista respons\u00e1vel do \\\"Pr\u00f3speri News\\\" (blogdoprosperi.com).\",\"sameAs\":[\"http:\\\/\\\/blogdoprosperi.com\",\"Luiz Pr\u00f3speri\",\"@luiz_prosperi\",\"https:\\\/\\\/x.com\\\/Luizprosperi\",\"@prosperinacopa\",\"luiz.prosperi@icloud.com\"],\"url\":\"https:\\\/\\\/blogdoprosperi.com\\\/?author=102107496\"}]}<\/script>\n<!-- \/ Yoast SEO plugin. -->","yoast_head_json":{"title":"Entenda a vit\u00f3ria do Palmeiras contra o Corinthians e o choro de Tite - PR\u00d3SPERI NEWS","robots":{"index":"index","follow":"follow","max-snippet":"max-snippet:-1","max-image-preview":"max-image-preview:large","max-video-preview":"max-video-preview:-1"},"canonical":"https:\/\/blogdoprosperi.com\/?p=10096","og_locale":"pt_BR","og_type":"article","og_title":"Entenda a vit\u00f3ria do Palmeiras contra o Corinthians e o choro de Tite - PR\u00d3SPERI NEWS","og_description":"Cuca projetava a vit\u00f3ria do Palmeiras no cl\u00e1ssico contra o Corinthians como fundamental na longa caminhada em busca [&hellip;]","og_url":"https:\/\/blogdoprosperi.com\/?p=10096","og_site_name":"PR\u00d3SPERI NEWS","article_publisher":"Luiz Pr\u00f3speri","article_author":"Luiz Pr\u00f3speri","article_published_time":"2016-06-12T23:40:34+00:00","article_modified_time":"2016-06-12T23:48:10+00:00","og_image":[{"url":"https:\/\/i0.wp.com\/blogdoprosperi.com\/wp-content\/uploads\/2016\/06\/pro5-9.jpg?w=620&#038;h=442&#038;ssl=1","type":"","width":"","height":""}],"author":"Luiz Ant\u00f4nio Pr\u00f3speri","twitter_card":"summary_large_image","twitter_creator":"@Luizprosperi","twitter_site":"@Luizprosperi","twitter_misc":{"Escrito por":"Luiz Ant\u00f4nio Pr\u00f3speri","Est. tempo de leitura":"4 minutos"},"schema":{"@context":"https:\/\/schema.org","@graph":[{"@type":"Article","@id":"https:\/\/blogdoprosperi.com\/?p=10096#article","isPartOf":{"@id":"https:\/\/blogdoprosperi.com\/?p=10096"},"author":{"name":"Luiz Ant\u00f4nio Pr\u00f3speri","@id":"https:\/\/blogdoprosperi.com\/#\/schema\/person\/38100755ce3601861ee4fab9b5aa78e9"},"headline":"Entenda a vit\u00f3ria do Palmeiras contra o Corinthians e o choro de Tite","datePublished":"2016-06-12T23:40:34+00:00","dateModified":"2016-06-12T23:48:10+00:00","mainEntityOfPage":{"@id":"https:\/\/blogdoprosperi.com\/?p=10096"},"wordCount":773,"commentCount":3,"publisher":{"@id":"https:\/\/blogdoprosperi.com\/#\/schema\/person\/38100755ce3601861ee4fab9b5aa78e9"},"image":{"@id":"https:\/\/blogdoprosperi.com\/?p=10096#primaryimage"},"thumbnailUrl":"https:\/\/blogdoprosperi.com\/wp-content\/uploads\/2016\/06\/pro6-4.jpg","keywords":["Allianz Parque","Brasileir\u00e3o-2016","Cleiton Xavier","Corinthians","Cuca","futebol","palmeiras 1x 0 corinthians","Palmeiras Clube","Tite"],"articleSection":["futebol"],"inLanguage":"pt-BR","potentialAction":[{"@type":"CommentAction","name":"Comment","target":["https:\/\/blogdoprosperi.com\/?p=10096#respond"]}]},{"@type":"WebPage","@id":"https:\/\/blogdoprosperi.com\/?p=10096","url":"https:\/\/blogdoprosperi.com\/?p=10096","name":"Entenda a vit\u00f3ria do Palmeiras contra o Corinthians e o choro de Tite - PR\u00d3SPERI NEWS","isPartOf":{"@id":"https:\/\/blogdoprosperi.com\/#website"},"primaryImageOfPage":{"@id":"https:\/\/blogdoprosperi.com\/?p=10096#primaryimage"},"image":{"@id":"https:\/\/blogdoprosperi.com\/?p=10096#primaryimage"},"thumbnailUrl":"https:\/\/blogdoprosperi.com\/wp-content\/uploads\/2016\/06\/pro6-4.jpg","datePublished":"2016-06-12T23:40:34+00:00","dateModified":"2016-06-12T23:48:10+00:00","breadcrumb":{"@id":"https:\/\/blogdoprosperi.com\/?p=10096#breadcrumb"},"inLanguage":"pt-BR","potentialAction":[{"@type":"ReadAction","target":["https:\/\/blogdoprosperi.com\/?p=10096"]}]},{"@type":"ImageObject","inLanguage":"pt-BR","@id":"https:\/\/blogdoprosperi.com\/?p=10096#primaryimage","url":"https:\/\/i0.wp.com\/blogdoprosperi.com\/wp-content\/uploads\/2016\/06\/pro6-4.jpg?fit=1404%2C1050&ssl=1","contentUrl":"https:\/\/i0.wp.com\/blogdoprosperi.com\/wp-content\/uploads\/2016\/06\/pro6-4.jpg?fit=1404%2C1050&ssl=1","width":1404,"height":1050},{"@type":"BreadcrumbList","@id":"https:\/\/blogdoprosperi.com\/?p=10096#breadcrumb","itemListElement":[{"@type":"ListItem","position":1,"name":"In\u00edcio","item":"https:\/\/blogdoprosperi.com\/"},{"@type":"ListItem","position":2,"name":"Entenda a vit\u00f3ria do Palmeiras contra o Corinthians e o choro de Tite"}]},{"@type":"WebSite","@id":"https:\/\/blogdoprosperi.com\/#website","url":"https:\/\/blogdoprosperi.com\/","name":"PR\u00d3SPERI NEWS","description":"TUDO \u00c9  FUTEBOL","publisher":{"@id":"https:\/\/blogdoprosperi.com\/#\/schema\/person\/38100755ce3601861ee4fab9b5aa78e9"},"alternateName":"blogdoprosperi.com","potentialAction":[{"@type":"SearchAction","target":{"@type":"EntryPoint","urlTemplate":"https:\/\/blogdoprosperi.com\/?s={search_term_string}"},"query-input":{"@type":"PropertyValueSpecification","valueRequired":true,"valueName":"search_term_string"}}],"inLanguage":"pt-BR"},{"@type":["Person","Organization"],"@id":"https:\/\/blogdoprosperi.com\/#\/schema\/person\/38100755ce3601861ee4fab9b5aa78e9","name":"Luiz Ant\u00f4nio Pr\u00f3speri","pronouns":"ele","image":{"@type":"ImageObject","inLanguage":"pt-BR","@id":"https:\/\/i0.wp.com\/blogdoprosperi.com\/wp-content\/uploads\/2026\/05\/cropped-8059e613-6002-42fa-961e-8e275f575d71-2-5.jpg?fit=1360%2C931&ssl=1","url":"https:\/\/i0.wp.com\/blogdoprosperi.com\/wp-content\/uploads\/2026\/05\/cropped-8059e613-6002-42fa-961e-8e275f575d71-2-5.jpg?fit=1360%2C931&ssl=1","contentUrl":"https:\/\/i0.wp.com\/blogdoprosperi.com\/wp-content\/uploads\/2026\/05\/cropped-8059e613-6002-42fa-961e-8e275f575d71-2-5.jpg?fit=1360%2C931&ssl=1","width":1360,"height":931,"caption":"Luiz Ant\u00f4nio Pr\u00f3speri"},"logo":{"@id":"https:\/\/i0.wp.com\/blogdoprosperi.com\/wp-content\/uploads\/2026\/05\/cropped-8059e613-6002-42fa-961e-8e275f575d71-2-5.jpg?fit=1360%2C931&ssl=1"},"description":"Jornalista com carreira dedicada ao esporte. Cobriu 9 Copas do Mundo in loco, 1990 na It\u00e1lia, 1994 nos EUA, 1998 na Fran\u00e7a, 2002 na Coreia do Sul e Jap\u00e3o, 2006 na Alemanha, 2010 na \u00c1frica do Sul, 2014 no Brasil, 2018 na R\u00fassia e 2022 no Qatar. Eurocopas, 1992 na Su\u00e9cia e 1996 na Inglaterra. Copa das Confedera\u00e7\u00f5es de 2005 na Alemanha e 2009 na \u00c1frica do Sul. Rep\u00f3rter e Editor, trabalhou no Jornal da Tarde e Estad\u00e3o, de 1984 a fevereiro de 2016. Colunista, blogueiro. E comentarista de futebol na R\u00e1dio Estad\u00e3o, de 2013 a fevereiro de 2016. Jornalista respons\u00e1vel do \"Pr\u00f3speri News\" (blogdoprosperi.com).","sameAs":["http:\/\/blogdoprosperi.com","Luiz Pr\u00f3speri","@luiz_prosperi","https:\/\/x.com\/Luizprosperi","@prosperinacopa","luiz.prosperi@icloud.com"],"url":"https:\/\/blogdoprosperi.com\/?author=102107496"}]}},"jetpack_publicize_connections":[],"jetpack_likes_enabled":false,"jetpack_sharing_enabled":true,"jetpack_shortlink":"https:\/\/wp.me\/p7jvdk-2CQ","jetpack-related-posts":[{"id":315,"url":"https:\/\/blogdoprosperi.com\/?p=315","url_meta":{"origin":10096,"position":0},"title":"Cuca encurrala Tite e Palmeiras vence cl\u00e1ssico no Pacaembu","author":"Luiz Ant\u00f4nio Pr\u00f3speri","date":"3 de abril de 2016","format":false,"excerpt":"Desde 17 de setembro de 1995, o Palmeiras n\u00e3o derrotava o Corinthians no Pacaembu. Neste domingo, diante de pouco mais de 22 mil torcedores, colocou um ponto final nessa hist\u00f3ria. Quebrou o tabu com a vit\u00f3ria por 1 a 0. E mostrou a import\u00e2ncia de o clube ter investido em\u2026","rel":"","context":"Em &quot;futebol&quot;","block_context":{"text":"futebol","link":"https:\/\/blogdoprosperi.com\/?cat=53870"},"img":{"alt_text":"","src":"https:\/\/i0.wp.com\/blogdoprosperi.com\/wp-content\/uploads\/2016\/04\/img_3052.jpg?resize=350%2C200&ssl=1","width":350,"height":200,"srcset":"https:\/\/i0.wp.com\/blogdoprosperi.com\/wp-content\/uploads\/2016\/04\/img_3052.jpg?resize=350%2C200&ssl=1 1x, https:\/\/i0.wp.com\/blogdoprosperi.com\/wp-content\/uploads\/2016\/04\/img_3052.jpg?resize=525%2C300&ssl=1 1.5x, https:\/\/i0.wp.com\/blogdoprosperi.com\/wp-content\/uploads\/2016\/04\/img_3052.jpg?resize=700%2C400&ssl=1 2x"},"classes":[]},{"id":9280,"url":"https:\/\/blogdoprosperi.com\/?p=9280","url_meta":{"origin":10096,"position":1},"title":"Cuca est\u00e1 mais preocupado que Tite com a sa\u00edda de jogadores","author":"Luiz Ant\u00f4nio Pr\u00f3speri","date":"8 de junho de 2016","format":false,"excerpt":"\u00a0 Tite n\u00e3o est\u00e1 muito preocupado com o segundo desmanche do Corinthians. Jogadores cotados para para sair nesta janela de transfer\u00eancia n\u00e3o provocariam um estrago consider\u00e1vel no time. N\u00e3o \u00e9 a mesma situa\u00e7\u00e3o de Cuca se o Palmeiras, por exemplo, negociar Gabriel Jesus ao futebol europeu. Dos com sa\u00edda iminente\u2026","rel":"","context":"Em &quot;Campeonato Brasileiro&quot;","block_context":{"text":"Campeonato Brasileiro","link":"https:\/\/blogdoprosperi.com\/?cat=355071"},"img":{"alt_text":"","src":"https:\/\/i0.wp.com\/blogdoprosperi.com\/wp-content\/uploads\/2016\/06\/20859744473_9956252938_o-480.jpg?resize=350%2C200&ssl=1","width":350,"height":200,"srcset":"https:\/\/i0.wp.com\/blogdoprosperi.com\/wp-content\/uploads\/2016\/06\/20859744473_9956252938_o-480.jpg?resize=350%2C200&ssl=1 1x, https:\/\/i0.wp.com\/blogdoprosperi.com\/wp-content\/uploads\/2016\/06\/20859744473_9956252938_o-480.jpg?resize=525%2C300&ssl=1 1.5x"},"classes":[]},{"id":37243,"url":"https:\/\/blogdoprosperi.com\/?p=37243","url_meta":{"origin":10096,"position":2},"title":"Vit\u00f3rias em cima do Palmeiras elevam  Carille na conquista do Brasileir\u00e3o","author":"Luiz Ant\u00f4nio Pr\u00f3speri","date":"16 de novembro de 2017","format":false,"excerpt":"Fabio Carille, de aprendiz a campe\u00e3o brasileiro em apenas uma temporada, n\u00e3o esconde de ningu\u00e9m que as tr\u00eas vit\u00f3rias contra o Palmeiras foram fundamentais para se fortalecer no comando do time. E, por tabela, levantar a ta\u00e7a do Brasileir\u00e3o 2017. L\u00e1 no come\u00e7o do ano, quando ainda era uma inc\u00f3gnita,\u2026","rel":"","context":"Em &quot;Campeonato Brasileiro&quot;","block_context":{"text":"Campeonato Brasileiro","link":"https:\/\/blogdoprosperi.com\/?cat=355071"},"img":{"alt_text":"","src":"https:\/\/i0.wp.com\/blogdoprosperi.com\/wp-content\/uploads\/2017\/11\/pro9-51.jpg?fit=1200%2C800&ssl=1&resize=350%2C200","width":350,"height":200,"srcset":"https:\/\/i0.wp.com\/blogdoprosperi.com\/wp-content\/uploads\/2017\/11\/pro9-51.jpg?fit=1200%2C800&ssl=1&resize=350%2C200 1x, https:\/\/i0.wp.com\/blogdoprosperi.com\/wp-content\/uploads\/2017\/11\/pro9-51.jpg?fit=1200%2C800&ssl=1&resize=525%2C300 1.5x, https:\/\/i0.wp.com\/blogdoprosperi.com\/wp-content\/uploads\/2017\/11\/pro9-51.jpg?fit=1200%2C800&ssl=1&resize=700%2C400 2x, https:\/\/i0.wp.com\/blogdoprosperi.com\/wp-content\/uploads\/2017\/11\/pro9-51.jpg?fit=1200%2C800&ssl=1&resize=1050%2C600 3x"},"classes":[]},{"id":25986,"url":"https:\/\/blogdoprosperi.com\/?p=25986","url_meta":{"origin":10096,"position":3},"title":"An\u00e1lise da 26\u00aa rodada em 5 temas: Palmeiras e Flamengo n\u00e3o se suportam; Santos n\u00e3o desiste da briga; S\u00e3o Paulo e Corinthians se esfarelam","author":"Luiz Ant\u00f4nio Pr\u00f3speri","date":"18 de setembro de 2016","format":false,"excerpt":"Palmeiras e Flamengo se consolidam como postulantes ao t\u00edtulo e se distanciam, com a bola que t\u00eam jogado, de Atl\u00e9tico-MG e Santos, dois times com um pouco de soberba nos momentos decisivos. Corinthians, em queda livre, parece ter abandonado a peleja ao demitir Crist\u00f3v\u00e3o Borges ap\u00f3s derrota no cl\u00e1ssico no\u2026","rel":"","context":"Em &quot;Campeonato Brasileiro&quot;","block_context":{"text":"Campeonato Brasileiro","link":"https:\/\/blogdoprosperi.com\/?cat=355071"},"img":{"alt_text":"","src":"https:\/\/i0.wp.com\/blogdoprosperi.com\/wp-content\/uploads\/2016\/09\/pro7-15.jpg?resize=350%2C200","width":350,"height":200,"srcset":"https:\/\/i0.wp.com\/blogdoprosperi.com\/wp-content\/uploads\/2016\/09\/pro7-15.jpg?resize=350%2C200 1x, https:\/\/i0.wp.com\/blogdoprosperi.com\/wp-content\/uploads\/2016\/09\/pro7-15.jpg?resize=525%2C300 1.5x, https:\/\/i0.wp.com\/blogdoprosperi.com\/wp-content\/uploads\/2016\/09\/pro7-15.jpg?resize=700%2C400 2x, https:\/\/i0.wp.com\/blogdoprosperi.com\/wp-content\/uploads\/2016\/09\/pro7-15.jpg?resize=1050%2C600 3x, https:\/\/i0.wp.com\/blogdoprosperi.com\/wp-content\/uploads\/2016\/09\/pro7-15.jpg?resize=1400%2C800 4x"},"classes":[]},{"id":25775,"url":"https:\/\/blogdoprosperi.com\/?p=25775","url_meta":{"origin":10096,"position":4},"title":"Palmeiras pulveriza Corinthians no Itaquer\u00e3o e Crist\u00f3v\u00e3o Borges \u00e9 demitido","author":"Luiz Ant\u00f4nio Pr\u00f3speri","date":"17 de setembro de 2016","format":false,"excerpt":"\u00a0 Palmeiras fez um cl\u00e1ssico de quem briga pelo t\u00edtulo e o Corinthians, dos sem ambi\u00e7\u00e3o e sem for\u00e7a. Posturas diferentes e exemplares do destino dos rivais neste Campeonato Brasileiro. N\u00e3o por acaso, torcedores se voltaram contra o presidente Roberto Andrade e assessores nos camarotes. Xingamentos, dedos apontados aos culpados\u2026","rel":"","context":"Em &quot;Campeonato Brasileiro&quot;","block_context":{"text":"Campeonato Brasileiro","link":"https:\/\/blogdoprosperi.com\/?cat=355071"},"img":{"alt_text":"","src":"https:\/\/i0.wp.com\/blogdoprosperi.com\/wp-content\/uploads\/2016\/09\/pro6-16.jpg?resize=350%2C200","width":350,"height":200,"srcset":"https:\/\/i0.wp.com\/blogdoprosperi.com\/wp-content\/uploads\/2016\/09\/pro6-16.jpg?resize=350%2C200 1x, https:\/\/i0.wp.com\/blogdoprosperi.com\/wp-content\/uploads\/2016\/09\/pro6-16.jpg?resize=525%2C300 1.5x, https:\/\/i0.wp.com\/blogdoprosperi.com\/wp-content\/uploads\/2016\/09\/pro6-16.jpg?resize=700%2C400 2x, https:\/\/i0.wp.com\/blogdoprosperi.com\/wp-content\/uploads\/2016\/09\/pro6-16.jpg?resize=1050%2C600 3x, https:\/\/i0.wp.com\/blogdoprosperi.com\/wp-content\/uploads\/2016\/09\/pro6-16.jpg?resize=1400%2C800 4x"},"classes":[]},{"id":6688,"url":"https:\/\/blogdoprosperi.com\/?p=6688","url_meta":{"origin":10096,"position":5},"title":"Cinco an\u00e1lises de futebol para voc\u00ea ler neste s\u00e1bado (21\/5) ao despertar","author":"Luiz Ant\u00f4nio Pr\u00f3speri","date":"21 de maio de 2016","format":false,"excerpt":"Fim de semana com destaque para a segunda rodada do Brasileir\u00e3o e algumas novidades. Tite decide barrar C\u00e1ssio e d\u00e1 nova chance a Walter. Depois da boa estreia contra o Atl\u00e9tico-PR, Palmeiras joga neste s\u00e1bado contra a Ponte Preta. No S\u00e3o Paulo, Bauza desdenha seus rivais do futebol paulista, ap\u00f3s\u2026","rel":"","context":"Em &quot;Champions League&quot;","block_context":{"text":"Champions League","link":"https:\/\/blogdoprosperi.com\/?cat=9107"},"img":{"alt_text":"Dudu sai do Palmeiras","src":"https:\/\/i0.wp.com\/blogdoprosperi.com\/wp-content\/uploads\/2016\/05\/dudu.jpg?resize=350%2C200&ssl=1","width":350,"height":200,"srcset":"https:\/\/i0.wp.com\/blogdoprosperi.com\/wp-content\/uploads\/2016\/05\/dudu.jpg?resize=350%2C200&ssl=1 1x, https:\/\/i0.wp.com\/blogdoprosperi.com\/wp-content\/uploads\/2016\/05\/dudu.jpg?resize=525%2C300&ssl=1 1.5x, https:\/\/i0.wp.com\/blogdoprosperi.com\/wp-content\/uploads\/2016\/05\/dudu.jpg?resize=700%2C400&ssl=1 2x"},"classes":[]}],"jetpack_featured_media_url":"","_links":{"self":[{"href":"https:\/\/blogdoprosperi.com\/index.php?rest_route=\/wp\/v2\/posts\/10096","targetHints":{"allow":["GET"]}}],"collection":[{"href":"https:\/\/blogdoprosperi.com\/index.php?rest_route=\/wp\/v2\/posts"}],"about":[{"href":"https:\/\/blogdoprosperi.com\/index.php?rest_route=\/wp\/v2\/types\/post"}],"author":[{"embeddable":true,"href":"https:\/\/blogdoprosperi.com\/index.php?rest_route=\/wp\/v2\/users\/102107496"}],"replies":[{"embeddable":true,"href":"https:\/\/blogdoprosperi.com\/index.php?rest_route=%2Fwp%2Fv2%2Fcomments&post=10096"}],"version-history":[{"count":25,"href":"https:\/\/blogdoprosperi.com\/index.php?rest_route=\/wp\/v2\/posts\/10096\/revisions"}],"predecessor-version":[{"id":10199,"href":"https:\/\/blogdoprosperi.com\/index.php?rest_route=\/wp\/v2\/posts\/10096\/revisions\/10199"}],"wp:attachment":[{"href":"https:\/\/blogdoprosperi.com\/index.php?rest_route=%2Fwp%2Fv2%2Fmedia&parent=10096"}],"wp:term":[{"taxonomy":"category","embeddable":true,"href":"https:\/\/blogdoprosperi.com\/index.php?rest_route=%2Fwp%2Fv2%2Fcategories&post=10096"},{"taxonomy":"post_tag","embeddable":true,"href":"https:\/\/blogdoprosperi.com\/index.php?rest_route=%2Fwp%2Fv2%2Ftags&post=10096"}],"curies":[{"name":"wp","href":"https:\/\/api.w.org\/{rel}","templated":true}]}}