{"id":10200,"date":"2016-06-13T04:23:27","date_gmt":"2016-06-13T04:23:27","guid":{"rendered":"http:\/\/blogdoprosperi.com\/?p=10200"},"modified":"2016-06-13T13:13:31","modified_gmt":"2016-06-13T13:13:31","slug":"dunga-confirma-o-retrocesso-do-retrocesso-no-comando-da-selecao-brasileira","status":"publish","type":"post","link":"https:\/\/blogdoprosperi.com\/?p=10200","title":{"rendered":"Dunga confirma o retrocesso do retrocesso no comando da Sele\u00e7\u00e3o Brasileira"},"content":{"rendered":"<h5>Dois anos ap\u00f3s o 7 a 1 da Alemanha, Brasil coleciona outro fracasso ao ser eliminado na primeira fase da Copa Am\u00e9rica Centen\u00e1rio. N\u00e3o ser\u00e1 surpresa se for demitido ainda esta semana pelo invis\u00edvel presidente da CBF<\/h5>\n<p><span class=\"alignnone\"><img data-recalc-dims=\"1\" loading=\"lazy\" decoding=\"async\" data-attachment-id=\"10299\" data-permalink=\"https:\/\/blogdoprosperi.com\/?attachment_id=10299\" data-orig-file=\"https:\/\/i0.wp.com\/blogdoprosperi.com\/wp-content\/uploads\/2016\/06\/20160612230004_575e13a4b00fe_gqb6vij.jpg?fit=640%2C360&amp;ssl=1\" data-orig-size=\"640,360\" data-comments-opened=\"1\" data-image-meta=\"{&quot;aperture&quot;:&quot;0&quot;,&quot;credit&quot;:&quot;&quot;,&quot;camera&quot;:&quot;&quot;,&quot;caption&quot;:&quot;&quot;,&quot;created_timestamp&quot;:&quot;0&quot;,&quot;copyright&quot;:&quot;&quot;,&quot;focal_length&quot;:&quot;0&quot;,&quot;iso&quot;:&quot;0&quot;,&quot;shutter_speed&quot;:&quot;0&quot;,&quot;title&quot;:&quot;&quot;,&quot;orientation&quot;:&quot;0&quot;}\" data-image-title=\"20160612230004_575e13a4b00fe_gQb6VIJ\" data-image-description=\"\" data-image-caption=\"\" data-large-file=\"https:\/\/i0.wp.com\/blogdoprosperi.com\/wp-content\/uploads\/2016\/06\/20160612230004_575e13a4b00fe_gqb6vij.jpg?fit=640%2C360&amp;ssl=1\" class=\"alignnone size-full wp-image-10299\" src=\"https:\/\/i0.wp.com\/blogdoprosperi.com\/wp-content\/uploads\/2016\/06\/20160612230004_575e13a4b00fe_gqb6vij.jpg?resize=640%2C360&#038;ssl=1\" alt=\"20160612230004_575e13a4b00fe_gQb6VIJ\" width=\"640\" height=\"360\" \/><\/span><\/p>\n<p><span class=\"alignnone\"><img data-recalc-dims=\"1\" loading=\"lazy\" decoding=\"async\" data-attachment-id=\"9855\" data-permalink=\"https:\/\/blogdoprosperi.com\/?attachment_id=9855\" data-orig-file=\"https:\/\/i0.wp.com\/blogdoprosperi.com\/wp-content\/uploads\/2016\/06\/copa_amc3a9rica_centenario.png?fit=2410%2C2412&amp;ssl=1\" data-orig-size=\"2410,2412\" data-comments-opened=\"1\" data-image-meta=\"{&quot;aperture&quot;:&quot;0&quot;,&quot;credit&quot;:&quot;&quot;,&quot;camera&quot;:&quot;&quot;,&quot;caption&quot;:&quot;&quot;,&quot;created_timestamp&quot;:&quot;0&quot;,&quot;copyright&quot;:&quot;&quot;,&quot;focal_length&quot;:&quot;0&quot;,&quot;iso&quot;:&quot;0&quot;,&quot;shutter_speed&quot;:&quot;0&quot;,&quot;title&quot;:&quot;&quot;,&quot;orientation&quot;:&quot;0&quot;}\" data-image-title=\"Copa_Am\u00e9rica_Centenario\" data-image-description=\"\" data-image-caption=\"\" data-large-file=\"https:\/\/i0.wp.com\/blogdoprosperi.com\/wp-content\/uploads\/2016\/06\/copa_amc3a9rica_centenario.png?fit=940%2C941&amp;ssl=1\" class=\"alignnone  wp-image-9855 alignleft\" src=\"https:\/\/i0.wp.com\/blogdoprosperi.com\/wp-content\/uploads\/2016\/06\/copa_amc3a9rica_centenario.png?resize=102%2C102&#038;ssl=1\" alt=\"Copa_Am\u00e9rica_Centenario\" width=\"102\" height=\"102\" \/><\/span>Acabou o segundo reinado de <a href=\"http:\/\/blogdoprosperi.com\/2016\/06\/04\/pressionado-dunga-inicia-a-travessia-da-copa-america\/\">Dunga<\/a> no comando da Sele\u00e7\u00e3o Brasileira. Se n\u00e3o por decis\u00e3o da dire\u00e7\u00e3o da CBF, pelo menos no campo de jogo. Inimagin\u00e1vel ser eliminado na primeira fase da <a href=\"http:\/\/blogdoprosperi.com\/2016\/06\/03\/comeca-a-copa-america-dos-craques-e-das-propinas\/\">Copa Am\u00e9rica Centen\u00e1rio<\/a>, ainda mais com um gol de m\u00e3o de um dos advers\u00e1rios mais fracos que o Brasil j\u00e1 teve pela frente na sua rica hist\u00f3ria de cinco conquistas de Copas do Mundo.<\/p>\n<p>A queda diante do Peru neste domingo (12\/6) obriga a uma mudan\u00e7a geral na Sele\u00e7\u00e3o. Desde 1987, o Brasil n\u00e3o ca\u00eda na primeira fase da Copa Am\u00e9rica. O resultado pulveriza a <a href=\"http:\/\/blogdoprosperi.com\/2016\/05\/11\/romario-cai-na-armadilha-do-pmdb-e-se-enfraquece-na-luta-contra-a-cbf\/\">CBF<\/a>, que n\u00e3o soube dar uma resposta decente ap\u00f3s o 7 a 1 da Alemanha a n\u00e3o ser tentar livrar seu atual presidente e dois ex da cadeia.<\/p>\n<p>Insistir com Dunga e Gilmar Rinaldi no comando do escrete era mesmo um retrocesso do retrocesso depois da passagem de Felip\u00e3o e Parreira na Copa de 2014. <a href=\"http:\/\/blogdoprosperi.com\/2016\/04\/07\/a-solidao-de-romario\/\">Marco Polo Del Nero<\/a>, atual mandat\u00e1rio da CBF, aconselhado por Jos\u00e9 Maria Marin, antes de puxar cana na Su\u00ed\u00e7a e depois em c\u00e1rcere privado no seu suntuoso apartamento em Nova York, fez valer a volta de Dunga.<\/p>\n<p><span class=\"alignnone\"><img data-recalc-dims=\"1\" loading=\"lazy\" decoding=\"async\" data-attachment-id=\"10301\" data-permalink=\"https:\/\/blogdoprosperi.com\/?attachment_id=10301\" data-orig-file=\"https:\/\/i0.wp.com\/blogdoprosperi.com\/wp-content\/uploads\/2016\/06\/dungabrasil-x-peru-copa-america-centenario-1.jpg?fit=383%2C230&amp;ssl=1\" data-orig-size=\"383,230\" data-comments-opened=\"1\" data-image-meta=\"{&quot;aperture&quot;:&quot;0&quot;,&quot;credit&quot;:&quot;&quot;,&quot;camera&quot;:&quot;&quot;,&quot;caption&quot;:&quot;&quot;,&quot;created_timestamp&quot;:&quot;0&quot;,&quot;copyright&quot;:&quot;&quot;,&quot;focal_length&quot;:&quot;0&quot;,&quot;iso&quot;:&quot;0&quot;,&quot;shutter_speed&quot;:&quot;0&quot;,&quot;title&quot;:&quot;&quot;,&quot;orientation&quot;:&quot;0&quot;}\" data-image-title=\"DungaBrasil-x-Peru-Copa-America-Centenario-1\" data-image-description=\"\" data-image-caption=\"\" data-large-file=\"https:\/\/i0.wp.com\/blogdoprosperi.com\/wp-content\/uploads\/2016\/06\/dungabrasil-x-peru-copa-america-centenario-1.jpg?fit=383%2C230&amp;ssl=1\" class=\"alignnone size-full wp-image-10301 alignleft\" src=\"https:\/\/i0.wp.com\/blogdoprosperi.com\/wp-content\/uploads\/2016\/06\/dungabrasil-x-peru-copa-america-centenario-1.jpg?resize=383%2C230&#038;ssl=1\" alt=\"DungaBrasil-x-Peru-Copa-America-Centenario-1\" width=\"383\" height=\"230\" \/><\/span>Pois \u00e9, apostou em Dunga, um aprendiz de treinador que havia tido uma oportunidade \u00edmpar na Copa do Mundo de 2010 na \u00c1frica do Sul. A chance de dar certo era zero. Passados dois anos da sua volta, a Sele\u00e7\u00e3o n\u00e3o saiu do lugar. Paramos no tempo.<\/p>\n<p>Bom lembrar que Dunga \u00e9 o chefe do projeto ol\u00edmpico. Por decis\u00e3o dele, atendendo a um capricho da CBF, <a href=\"http:\/\/blogdoprosperi.com\/2016\/05\/17\/neymar-desiste-de-concorrer-a-melhor-do-mundo-em-2016\/\">Neymar<\/a> n\u00e3o foi disputar a Copa Am\u00e9rica Centen\u00e1rio para tentar a medalha de ouro nos Jogos do Rio.<\/p>\n<blockquote><p>&#8220;Brasil foi eliminado pelo gol de m\u00e3o. Contra o imponder\u00e1vel n\u00e3o temos o que fazer&#8221;, disse Dunga.<\/p><\/blockquote>\n<p><strong>O JOGO<\/strong><br \/>\nNo primeiro tempo, a <a href=\"http:\/\/blogdoprosperi.com\/2016\/06\/05\/selecao-brasileira-patina-na-estreia-na-copa-america-e-conta-com-maozinha-do-arbitro\/\">Sele\u00e7\u00e3o Brasileira<\/a> dominou a maioria das a\u00e7\u00f5es. Teve pelo menos duas boas chances de gol, com William e Gabriel, e n\u00e3o conferiu. Havia mais envolvimento, movimenta\u00e7\u00e3o, bolas esticadas por Renato Augusto a Daniel Alves e Elias, boa presen\u00e7a de Gabriel na \u00e1rea. Era um retrato de um time mais leve e inventivo.<\/p>\n<p>Faltou, por\u00e9m, mais compreens\u00e3o do jogo por parte de Lucas Lima e Phillipe Coutinho. Os dois mostraram muita boa vontade, mas sem efici\u00eancia no lance final.<\/p>\n<p><span class=\"alignnone\"><img data-recalc-dims=\"1\" loading=\"lazy\" decoding=\"async\" data-attachment-id=\"10310\" data-permalink=\"https:\/\/blogdoprosperi.com\/?attachment_id=10310\" data-orig-file=\"https:\/\/i0.wp.com\/blogdoprosperi.com\/wp-content\/uploads\/2016\/06\/615528-400x600-1.jpeg?fit=400%2C600&amp;ssl=1\" data-orig-size=\"400,600\" data-comments-opened=\"1\" data-image-meta=\"{&quot;aperture&quot;:&quot;0&quot;,&quot;credit&quot;:&quot;&quot;,&quot;camera&quot;:&quot;&quot;,&quot;caption&quot;:&quot;&quot;,&quot;created_timestamp&quot;:&quot;0&quot;,&quot;copyright&quot;:&quot;&quot;,&quot;focal_length&quot;:&quot;0&quot;,&quot;iso&quot;:&quot;0&quot;,&quot;shutter_speed&quot;:&quot;0&quot;,&quot;title&quot;:&quot;&quot;,&quot;orientation&quot;:&quot;0&quot;}\" data-image-title=\"615528-400&amp;#215;600-1\" data-image-description=\"\" data-image-caption=\"\" data-large-file=\"https:\/\/i0.wp.com\/blogdoprosperi.com\/wp-content\/uploads\/2016\/06\/615528-400x600-1.jpeg?fit=400%2C600&amp;ssl=1\" class=\"alignnone size-full wp-image-10310 alignleft\" src=\"https:\/\/i0.wp.com\/blogdoprosperi.com\/wp-content\/uploads\/2016\/06\/615528-400x600-1.jpeg?resize=400%2C600&#038;ssl=1\" alt=\"615528-400x600-1\" width=\"400\" height=\"600\" \/><\/span>Um pecado da Sele\u00e7\u00e3o, quase uma marca do escrete sob comando de Dunga, a pouca insist\u00eancia aos chutes ao gol. O time quase n\u00e3o arriscou de fora da \u00e1rea. \u00c0s vezes, sobrava soberba, enfeite, em lances onde o simples poderia ter mais peso.<\/p>\n<p>Do lado dos peruanos, uma surpresa. Como s\u00f3 a vit\u00f3ria interessava, se imaginava uma carreira para cima do Brasil. Que nada. Eles jogaram com cautela, sem pressa, tudo em nome de uma bola consagradora. Sofreram nos 45 minutos iniciais, mas seguraram o empate. Sinal de que viriam mais forte, para o tudo ou nada, na parte final do jogo.<\/p>\n<p>H\u00e1 ainda que se destacar dois lances capitais no primeiro tempo. Um p\u00eanalti a favor da Sele\u00e7\u00e3o Brasileira de Ramos em Lucas Lima e outro p\u00eanalti ao Peru de Renato Augusto em Cueva. O juiz n\u00e3o deu nenhum dos dois.<\/p>\n<p><span class=\"alignnone\"><img data-recalc-dims=\"1\" loading=\"lazy\" decoding=\"async\" data-attachment-id=\"10305\" data-permalink=\"https:\/\/blogdoprosperi.com\/?attachment_id=10305\" data-orig-file=\"https:\/\/i0.wp.com\/blogdoprosperi.com\/wp-content\/uploads\/2016\/06\/gettyimages-539763082_llersqr.jpg?fit=640%2C360&amp;ssl=1\" data-orig-size=\"640,360\" data-comments-opened=\"1\" data-image-meta=\"{&quot;aperture&quot;:&quot;0&quot;,&quot;credit&quot;:&quot;&quot;,&quot;camera&quot;:&quot;&quot;,&quot;caption&quot;:&quot;&quot;,&quot;created_timestamp&quot;:&quot;0&quot;,&quot;copyright&quot;:&quot;&quot;,&quot;focal_length&quot;:&quot;0&quot;,&quot;iso&quot;:&quot;0&quot;,&quot;shutter_speed&quot;:&quot;0&quot;,&quot;title&quot;:&quot;&quot;,&quot;orientation&quot;:&quot;0&quot;}\" data-image-title=\"gettyimages-539763082_LLErsqR\" data-image-description=\"\" data-image-caption=\"\" data-large-file=\"https:\/\/i0.wp.com\/blogdoprosperi.com\/wp-content\/uploads\/2016\/06\/gettyimages-539763082_llersqr.jpg?fit=640%2C360&amp;ssl=1\" class=\"alignnone size-full wp-image-10305\" src=\"https:\/\/i0.wp.com\/blogdoprosperi.com\/wp-content\/uploads\/2016\/06\/gettyimages-539763082_llersqr.jpg?resize=640%2C360&#038;ssl=1\" alt=\"gettyimages-539763082_LLErsqR\" width=\"640\" height=\"360\" \/><\/span><\/p>\n<p>No segundo tempo, o Peru deu o primeiro susto. Lucas Lima perdeu uma bola perto da grande \u00e1rea, obrigando Miranda a fazer falta em Yot\u00fan. Cueva bateu e Alisson fez a sua primeira defesa no jogo, aos 3 minutos.<\/p>\n<p>Os peruanos n\u00e3o desistiram. Diante da fala de apetite do Brasil, que se classificaria em primeiro lugar do Grupo com a vit\u00f3ria ou empate, eles foram para cima at\u00e9 o lance capital. De um cruzamento da direita, Ruidi\u00e1z aproveitou vacilo de Alisson e, com o bra\u00e7o, mandou a bola para o gol, aos 28 minutos.<\/p>\n<div class=\"jetpack-video-wrapper\"><span class=\"embed-youtube\" style=\"text-align:center; display: block;\"><iframe loading=\"lazy\" class=\"youtube-player\" width=\"560\" height=\"315\" src=\"https:\/\/www.youtube.com\/embed\/FuCWrK4z2kY?version=3&#038;rel=1&#038;showsearch=0&#038;showinfo=1&#038;iv_load_policy=1&#038;fs=1&#038;hl=pt-BR&#038;autohide=2&#038;wmode=transparent\" allowfullscreen=\"true\" style=\"border:0;\" sandbox=\"allow-scripts allow-same-origin allow-popups allow-presentation allow-popups-to-escape-sandbox\"><\/iframe><\/span><\/div>\n<p>Os jogadores brasileiros correram para cima do bandeirinha Nicolas Taran e do \u00e1rbitro Andr\u00e9s Cunha, do Uruguai. Os dois, por meio de r\u00e1dios comunicadores, trocaram confid\u00eancias por cerca de quatro minutos at\u00e9 o gol ser confirmado.<\/p>\n<p><span class=\"alignnone\"><img data-recalc-dims=\"1\" loading=\"lazy\" decoding=\"async\" data-attachment-id=\"10307\" data-permalink=\"https:\/\/blogdoprosperi.com\/?attachment_id=10307\" data-orig-file=\"https:\/\/i0.wp.com\/blogdoprosperi.com\/wp-content\/uploads\/2016\/06\/063_539759070_gpajak4.jpg?fit=640%2C360&amp;ssl=1\" data-orig-size=\"640,360\" data-comments-opened=\"1\" data-image-meta=\"{&quot;aperture&quot;:&quot;0&quot;,&quot;credit&quot;:&quot;&quot;,&quot;camera&quot;:&quot;&quot;,&quot;caption&quot;:&quot;&quot;,&quot;created_timestamp&quot;:&quot;0&quot;,&quot;copyright&quot;:&quot;&quot;,&quot;focal_length&quot;:&quot;0&quot;,&quot;iso&quot;:&quot;0&quot;,&quot;shutter_speed&quot;:&quot;0&quot;,&quot;title&quot;:&quot;&quot;,&quot;orientation&quot;:&quot;0&quot;}\" data-image-title=\"063_539759070_GPAjAK4\" data-image-description=\"\" data-image-caption=\"\" data-large-file=\"https:\/\/i0.wp.com\/blogdoprosperi.com\/wp-content\/uploads\/2016\/06\/063_539759070_gpajak4.jpg?fit=640%2C360&amp;ssl=1\" class=\"alignnone size-full wp-image-10307\" src=\"https:\/\/i0.wp.com\/blogdoprosperi.com\/wp-content\/uploads\/2016\/06\/063_539759070_gpajak4.jpg?resize=640%2C360&#038;ssl=1\" alt=\"063_539759070_GPAjAK4\" width=\"640\" height=\"360\" \/><\/span><\/p>\n<p>Dali para frente chamou mais aten\u00e7\u00e3o a falta de sangue nas veias dos jogadores brasileiros. Sem um pingo de personalidade, arriscaram cruzamentos na \u00e1rea &#8211; todos in\u00fateis -, at\u00e9 o apito final. O vexame estava consumado.<\/p>\n<p>Dunga, imp\u00e1vido, n\u00e3o fez as duas substitui\u00e7\u00f5es a que tinha direito. Havia feito apenas uma, e equivocada, de Hulk no lugar de Gabriel.<\/p>\n<p>Dif\u00edcil acreditar. O Brasil ficou em terceiro lugar com quatro pontos. Os peruanos fecharam em primeiro, com seis, e o Equador, com cinco.<\/p>\n<p>A sele\u00e7\u00e3o de Dunga fez apenas gols na prim\u00e1ria equipe do Haiti, que ainda fez um no Brasil &#8211; ali\u00e1s o \u00fanico gol dos haitianos na Copa Am\u00e9rica Centen\u00e1rio.<\/p>\n<p>O <a href=\"http:\/\/blogdoprosperi.com\/2016\/03\/30\/brasil-sofre-com-dunga\/\">Brasil<\/a> perdeu mesmo a majestade. N\u00e3o est\u00e1 jogando nada e ainda cai ao levar gol de bra\u00e7o. Por isso, uma frase chamou aten\u00e7\u00e3o. &#8220;Vamos Peru, vamos ganhar&#8221;, gritou Guerrero ao fim da execu\u00e7\u00e3o do hino nacional, antes do in\u00edcio do jogo.<\/p>\n<p>Ningu\u00e9m respeita mais a sele\u00e7\u00e3o das cinco estrelas.<\/p>\n","protected":false},"excerpt":{"rendered":"<p>Dois anos ap\u00f3s o 7 a 1 da Alemanha, Brasil coleciona outro fracasso ao ser eliminado na primeira [&hellip;]<\/p>\n","protected":false},"author":102107496,"featured_media":0,"comment_status":"open","ping_status":"open","sticky":false,"template":"","format":"standard","meta":{"_coblocks_attr":"","_coblocks_dimensions":"","_coblocks_responsive_height":"","_coblocks_accordion_ie_support":"","_jetpack_newsletter_access":"","_jetpack_dont_email_post_to_subs":false,"_jetpack_newsletter_tier_id":0,"_jetpack_memberships_contains_paywalled_content":false,"_wpcom_ai_launchpad_first_post":false,"_jetpack_feature_clip_id":0,"_jetpack_memberships_contains_paid_content":false,"footnotes":"","jetpack_publicize_message":"","jetpack_publicize_feature_enabled":true,"jetpack_social_post_already_shared":false,"jetpack_social_options":{"image_generator_settings":{"template":"highway","default_image_id":0,"font":"","enabled":false},"version":2},"jetpack_post_was_ever_published":false},"categories":[53870],"tags":[17856865,120302849,865952,789560560,52406516,8415596,7202411,298866,36547,43872270,789560562],"class_list":["post-10200","post","type-post","status-publish","format-standard","hentry","category-futebol","tag-brasil-x-peru","tag-copa-america-centenario","tag-dunga","tag-futebol","tag-gabigol","tag-gareca","tag-lucas-lima","tag-paolo-guerrero","tag-peru","tag-ruidiaz","tag-selecao-brasileira"],"yoast_head":"<!-- This site is optimized with the Yoast SEO plugin v28.3 - https:\/\/yoast.com\/product\/yoast-seo-wordpress\/ -->\n<title>Dunga confirma o retrocesso do retrocesso no comando da Sele\u00e7\u00e3o Brasileira - PR\u00d3SPERI NEWS<\/title>\n<meta name=\"robots\" content=\"index, follow, max-snippet:-1, max-image-preview:large, max-video-preview:-1\" \/>\n<link rel=\"canonical\" href=\"https:\/\/blogdoprosperi.com\/?p=10200\" \/>\n<meta property=\"og:locale\" content=\"pt_BR\" \/>\n<meta property=\"og:type\" content=\"article\" \/>\n<meta property=\"og:title\" content=\"Dunga confirma o retrocesso do retrocesso no comando da Sele\u00e7\u00e3o Brasileira - PR\u00d3SPERI NEWS\" \/>\n<meta property=\"og:description\" content=\"Dois anos ap\u00f3s o 7 a 1 da Alemanha, Brasil coleciona outro fracasso ao ser eliminado na primeira [&hellip;]\" \/>\n<meta property=\"og:url\" content=\"https:\/\/blogdoprosperi.com\/?p=10200\" \/>\n<meta property=\"og:site_name\" content=\"PR\u00d3SPERI NEWS\" \/>\n<meta property=\"article:publisher\" content=\"Luiz Pr\u00f3speri\" \/>\n<meta property=\"article:author\" content=\"Luiz Pr\u00f3speri\" \/>\n<meta property=\"article:published_time\" content=\"2016-06-13T04:23:27+00:00\" \/>\n<meta property=\"article:modified_time\" content=\"2016-06-13T13:13:31+00:00\" \/>\n<meta property=\"og:image\" content=\"https:\/\/blogdoprosperi.com\/wp-content\/uploads\/2016\/06\/20160612230004_575e13a4b00fe_gqb6vij.jpg\" \/>\n<meta name=\"author\" content=\"Luiz Ant\u00f4nio Pr\u00f3speri\" \/>\n<meta name=\"twitter:card\" content=\"summary_large_image\" \/>\n<meta name=\"twitter:creator\" content=\"@Luizprosperi\" \/>\n<meta name=\"twitter:site\" content=\"@Luizprosperi\" \/>\n<meta name=\"twitter:label1\" content=\"Escrito por\" \/>\n\t<meta name=\"twitter:data1\" content=\"Luiz Ant\u00f4nio Pr\u00f3speri\" \/>\n\t<meta name=\"twitter:label2\" content=\"Est. tempo de leitura\" \/>\n\t<meta name=\"twitter:data2\" content=\"5 minutos\" \/>\n<script type=\"application\/ld+json\" class=\"yoast-schema-graph\">{\"@context\":\"https:\\\/\\\/schema.org\",\"@graph\":[{\"@type\":\"Article\",\"@id\":\"https:\\\/\\\/blogdoprosperi.com\\\/?p=10200#article\",\"isPartOf\":{\"@id\":\"https:\\\/\\\/blogdoprosperi.com\\\/?p=10200\"},\"author\":{\"name\":\"Luiz Ant\u00f4nio Pr\u00f3speri\",\"@id\":\"https:\\\/\\\/blogdoprosperi.com\\\/#\\\/schema\\\/person\\\/38100755ce3601861ee4fab9b5aa78e9\"},\"headline\":\"Dunga confirma o retrocesso do retrocesso no comando da Sele\u00e7\u00e3o Brasileira\",\"datePublished\":\"2016-06-13T04:23:27+00:00\",\"dateModified\":\"2016-06-13T13:13:31+00:00\",\"mainEntityOfPage\":{\"@id\":\"https:\\\/\\\/blogdoprosperi.com\\\/?p=10200\"},\"wordCount\":936,\"commentCount\":7,\"publisher\":{\"@id\":\"https:\\\/\\\/blogdoprosperi.com\\\/#\\\/schema\\\/person\\\/38100755ce3601861ee4fab9b5aa78e9\"},\"image\":{\"@id\":\"https:\\\/\\\/blogdoprosperi.com\\\/?p=10200#primaryimage\"},\"thumbnailUrl\":\"https:\\\/\\\/blogdoprosperi.com\\\/wp-content\\\/uploads\\\/2016\\\/06\\\/20160612230004_575e13a4b00fe_gqb6vij.jpg\",\"keywords\":[\"Brasil x Peru\",\"Copa Am\u00e9rica Centen\u00e1rio\",\"Dunga\",\"futebol\",\"Gabigol\",\"Gareca\",\"Lucas Lima\",\"Paolo Guerrero\",\"Peru\",\"Ruid\u00edaz\",\"Sele\u00e7\u00e3o Brasileira\"],\"articleSection\":[\"futebol\"],\"inLanguage\":\"pt-BR\",\"potentialAction\":[{\"@type\":\"CommentAction\",\"name\":\"Comment\",\"target\":[\"https:\\\/\\\/blogdoprosperi.com\\\/?p=10200#respond\"]}]},{\"@type\":\"WebPage\",\"@id\":\"https:\\\/\\\/blogdoprosperi.com\\\/?p=10200\",\"url\":\"https:\\\/\\\/blogdoprosperi.com\\\/?p=10200\",\"name\":\"Dunga confirma o retrocesso do retrocesso no comando da Sele\u00e7\u00e3o Brasileira - PR\u00d3SPERI NEWS\",\"isPartOf\":{\"@id\":\"https:\\\/\\\/blogdoprosperi.com\\\/#website\"},\"primaryImageOfPage\":{\"@id\":\"https:\\\/\\\/blogdoprosperi.com\\\/?p=10200#primaryimage\"},\"image\":{\"@id\":\"https:\\\/\\\/blogdoprosperi.com\\\/?p=10200#primaryimage\"},\"thumbnailUrl\":\"https:\\\/\\\/blogdoprosperi.com\\\/wp-content\\\/uploads\\\/2016\\\/06\\\/20160612230004_575e13a4b00fe_gqb6vij.jpg\",\"datePublished\":\"2016-06-13T04:23:27+00:00\",\"dateModified\":\"2016-06-13T13:13:31+00:00\",\"breadcrumb\":{\"@id\":\"https:\\\/\\\/blogdoprosperi.com\\\/?p=10200#breadcrumb\"},\"inLanguage\":\"pt-BR\",\"potentialAction\":[{\"@type\":\"ReadAction\",\"target\":[\"https:\\\/\\\/blogdoprosperi.com\\\/?p=10200\"]}]},{\"@type\":\"ImageObject\",\"inLanguage\":\"pt-BR\",\"@id\":\"https:\\\/\\\/blogdoprosperi.com\\\/?p=10200#primaryimage\",\"url\":\"https:\\\/\\\/i0.wp.com\\\/blogdoprosperi.com\\\/wp-content\\\/uploads\\\/2016\\\/06\\\/20160612230004_575e13a4b00fe_gqb6vij.jpg?fit=640%2C360&ssl=1\",\"contentUrl\":\"https:\\\/\\\/i0.wp.com\\\/blogdoprosperi.com\\\/wp-content\\\/uploads\\\/2016\\\/06\\\/20160612230004_575e13a4b00fe_gqb6vij.jpg?fit=640%2C360&ssl=1\",\"width\":640,\"height\":360},{\"@type\":\"BreadcrumbList\",\"@id\":\"https:\\\/\\\/blogdoprosperi.com\\\/?p=10200#breadcrumb\",\"itemListElement\":[{\"@type\":\"ListItem\",\"position\":1,\"name\":\"In\u00edcio\",\"item\":\"https:\\\/\\\/blogdoprosperi.com\\\/\"},{\"@type\":\"ListItem\",\"position\":2,\"name\":\"Dunga confirma o retrocesso do retrocesso no comando da Sele\u00e7\u00e3o Brasileira\"}]},{\"@type\":\"WebSite\",\"@id\":\"https:\\\/\\\/blogdoprosperi.com\\\/#website\",\"url\":\"https:\\\/\\\/blogdoprosperi.com\\\/\",\"name\":\"PR\u00d3SPERI NEWS\",\"description\":\"TUDO \u00c9  FUTEBOL\",\"publisher\":{\"@id\":\"https:\\\/\\\/blogdoprosperi.com\\\/#\\\/schema\\\/person\\\/38100755ce3601861ee4fab9b5aa78e9\"},\"alternateName\":\"blogdoprosperi.com\",\"potentialAction\":[{\"@type\":\"SearchAction\",\"target\":{\"@type\":\"EntryPoint\",\"urlTemplate\":\"https:\\\/\\\/blogdoprosperi.com\\\/?s={search_term_string}\"},\"query-input\":{\"@type\":\"PropertyValueSpecification\",\"valueRequired\":true,\"valueName\":\"search_term_string\"}}],\"inLanguage\":\"pt-BR\"},{\"@type\":[\"Person\",\"Organization\"],\"@id\":\"https:\\\/\\\/blogdoprosperi.com\\\/#\\\/schema\\\/person\\\/38100755ce3601861ee4fab9b5aa78e9\",\"name\":\"Luiz Ant\u00f4nio Pr\u00f3speri\",\"pronouns\":\"ele\",\"image\":{\"@type\":\"ImageObject\",\"inLanguage\":\"pt-BR\",\"@id\":\"https:\\\/\\\/i0.wp.com\\\/blogdoprosperi.com\\\/wp-content\\\/uploads\\\/2026\\\/05\\\/cropped-8059e613-6002-42fa-961e-8e275f575d71-2-5.jpg?fit=1360%2C931&ssl=1\",\"url\":\"https:\\\/\\\/i0.wp.com\\\/blogdoprosperi.com\\\/wp-content\\\/uploads\\\/2026\\\/05\\\/cropped-8059e613-6002-42fa-961e-8e275f575d71-2-5.jpg?fit=1360%2C931&ssl=1\",\"contentUrl\":\"https:\\\/\\\/i0.wp.com\\\/blogdoprosperi.com\\\/wp-content\\\/uploads\\\/2026\\\/05\\\/cropped-8059e613-6002-42fa-961e-8e275f575d71-2-5.jpg?fit=1360%2C931&ssl=1\",\"width\":1360,\"height\":931,\"caption\":\"Luiz Ant\u00f4nio Pr\u00f3speri\"},\"logo\":{\"@id\":\"https:\\\/\\\/i0.wp.com\\\/blogdoprosperi.com\\\/wp-content\\\/uploads\\\/2026\\\/05\\\/cropped-8059e613-6002-42fa-961e-8e275f575d71-2-5.jpg?fit=1360%2C931&ssl=1\"},\"description\":\"Jornalista com carreira dedicada ao esporte. Cobriu 9 Copas do Mundo in loco, 1990 na It\u00e1lia, 1994 nos EUA, 1998 na Fran\u00e7a, 2002 na Coreia do Sul e Jap\u00e3o, 2006 na Alemanha, 2010 na \u00c1frica do Sul, 2014 no Brasil, 2018 na R\u00fassia e 2022 no Qatar. Eurocopas, 1992 na Su\u00e9cia e 1996 na Inglaterra. Copa das Confedera\u00e7\u00f5es de 2005 na Alemanha e 2009 na \u00c1frica do Sul. Rep\u00f3rter e Editor, trabalhou no Jornal da Tarde e Estad\u00e3o, de 1984 a fevereiro de 2016. Colunista, blogueiro. E comentarista de futebol na R\u00e1dio Estad\u00e3o, de 2013 a fevereiro de 2016. Jornalista respons\u00e1vel do \\\"Pr\u00f3speri News\\\" (blogdoprosperi.com).\",\"sameAs\":[\"http:\\\/\\\/blogdoprosperi.com\",\"Luiz Pr\u00f3speri\",\"@luiz_prosperi\",\"https:\\\/\\\/x.com\\\/Luizprosperi\",\"@prosperinacopa\",\"luiz.prosperi@icloud.com\"],\"url\":\"https:\\\/\\\/blogdoprosperi.com\\\/?author=102107496\"}]}<\/script>\n<!-- \/ Yoast SEO plugin. -->","yoast_head_json":{"title":"Dunga confirma o retrocesso do retrocesso no comando da Sele\u00e7\u00e3o Brasileira - PR\u00d3SPERI NEWS","robots":{"index":"index","follow":"follow","max-snippet":"max-snippet:-1","max-image-preview":"max-image-preview:large","max-video-preview":"max-video-preview:-1"},"canonical":"https:\/\/blogdoprosperi.com\/?p=10200","og_locale":"pt_BR","og_type":"article","og_title":"Dunga confirma o retrocesso do retrocesso no comando da Sele\u00e7\u00e3o Brasileira - PR\u00d3SPERI NEWS","og_description":"Dois anos ap\u00f3s o 7 a 1 da Alemanha, Brasil coleciona outro fracasso ao ser eliminado na primeira [&hellip;]","og_url":"https:\/\/blogdoprosperi.com\/?p=10200","og_site_name":"PR\u00d3SPERI NEWS","article_publisher":"Luiz Pr\u00f3speri","article_author":"Luiz Pr\u00f3speri","article_published_time":"2016-06-13T04:23:27+00:00","article_modified_time":"2016-06-13T13:13:31+00:00","og_image":[{"url":"https:\/\/blogdoprosperi.com\/wp-content\/uploads\/2016\/06\/20160612230004_575e13a4b00fe_gqb6vij.jpg","type":"","width":"","height":""}],"author":"Luiz Ant\u00f4nio Pr\u00f3speri","twitter_card":"summary_large_image","twitter_creator":"@Luizprosperi","twitter_site":"@Luizprosperi","twitter_misc":{"Escrito por":"Luiz Ant\u00f4nio Pr\u00f3speri","Est. tempo de leitura":"5 minutos"},"schema":{"@context":"https:\/\/schema.org","@graph":[{"@type":"Article","@id":"https:\/\/blogdoprosperi.com\/?p=10200#article","isPartOf":{"@id":"https:\/\/blogdoprosperi.com\/?p=10200"},"author":{"name":"Luiz Ant\u00f4nio Pr\u00f3speri","@id":"https:\/\/blogdoprosperi.com\/#\/schema\/person\/38100755ce3601861ee4fab9b5aa78e9"},"headline":"Dunga confirma o retrocesso do retrocesso no comando da Sele\u00e7\u00e3o Brasileira","datePublished":"2016-06-13T04:23:27+00:00","dateModified":"2016-06-13T13:13:31+00:00","mainEntityOfPage":{"@id":"https:\/\/blogdoprosperi.com\/?p=10200"},"wordCount":936,"commentCount":7,"publisher":{"@id":"https:\/\/blogdoprosperi.com\/#\/schema\/person\/38100755ce3601861ee4fab9b5aa78e9"},"image":{"@id":"https:\/\/blogdoprosperi.com\/?p=10200#primaryimage"},"thumbnailUrl":"https:\/\/blogdoprosperi.com\/wp-content\/uploads\/2016\/06\/20160612230004_575e13a4b00fe_gqb6vij.jpg","keywords":["Brasil x Peru","Copa Am\u00e9rica Centen\u00e1rio","Dunga","futebol","Gabigol","Gareca","Lucas Lima","Paolo Guerrero","Peru","Ruid\u00edaz","Sele\u00e7\u00e3o Brasileira"],"articleSection":["futebol"],"inLanguage":"pt-BR","potentialAction":[{"@type":"CommentAction","name":"Comment","target":["https:\/\/blogdoprosperi.com\/?p=10200#respond"]}]},{"@type":"WebPage","@id":"https:\/\/blogdoprosperi.com\/?p=10200","url":"https:\/\/blogdoprosperi.com\/?p=10200","name":"Dunga confirma o retrocesso do retrocesso no comando da Sele\u00e7\u00e3o Brasileira - PR\u00d3SPERI NEWS","isPartOf":{"@id":"https:\/\/blogdoprosperi.com\/#website"},"primaryImageOfPage":{"@id":"https:\/\/blogdoprosperi.com\/?p=10200#primaryimage"},"image":{"@id":"https:\/\/blogdoprosperi.com\/?p=10200#primaryimage"},"thumbnailUrl":"https:\/\/blogdoprosperi.com\/wp-content\/uploads\/2016\/06\/20160612230004_575e13a4b00fe_gqb6vij.jpg","datePublished":"2016-06-13T04:23:27+00:00","dateModified":"2016-06-13T13:13:31+00:00","breadcrumb":{"@id":"https:\/\/blogdoprosperi.com\/?p=10200#breadcrumb"},"inLanguage":"pt-BR","potentialAction":[{"@type":"ReadAction","target":["https:\/\/blogdoprosperi.com\/?p=10200"]}]},{"@type":"ImageObject","inLanguage":"pt-BR","@id":"https:\/\/blogdoprosperi.com\/?p=10200#primaryimage","url":"https:\/\/i0.wp.com\/blogdoprosperi.com\/wp-content\/uploads\/2016\/06\/20160612230004_575e13a4b00fe_gqb6vij.jpg?fit=640%2C360&ssl=1","contentUrl":"https:\/\/i0.wp.com\/blogdoprosperi.com\/wp-content\/uploads\/2016\/06\/20160612230004_575e13a4b00fe_gqb6vij.jpg?fit=640%2C360&ssl=1","width":640,"height":360},{"@type":"BreadcrumbList","@id":"https:\/\/blogdoprosperi.com\/?p=10200#breadcrumb","itemListElement":[{"@type":"ListItem","position":1,"name":"In\u00edcio","item":"https:\/\/blogdoprosperi.com\/"},{"@type":"ListItem","position":2,"name":"Dunga confirma o retrocesso do retrocesso no comando da Sele\u00e7\u00e3o Brasileira"}]},{"@type":"WebSite","@id":"https:\/\/blogdoprosperi.com\/#website","url":"https:\/\/blogdoprosperi.com\/","name":"PR\u00d3SPERI NEWS","description":"TUDO \u00c9  FUTEBOL","publisher":{"@id":"https:\/\/blogdoprosperi.com\/#\/schema\/person\/38100755ce3601861ee4fab9b5aa78e9"},"alternateName":"blogdoprosperi.com","potentialAction":[{"@type":"SearchAction","target":{"@type":"EntryPoint","urlTemplate":"https:\/\/blogdoprosperi.com\/?s={search_term_string}"},"query-input":{"@type":"PropertyValueSpecification","valueRequired":true,"valueName":"search_term_string"}}],"inLanguage":"pt-BR"},{"@type":["Person","Organization"],"@id":"https:\/\/blogdoprosperi.com\/#\/schema\/person\/38100755ce3601861ee4fab9b5aa78e9","name":"Luiz Ant\u00f4nio Pr\u00f3speri","pronouns":"ele","image":{"@type":"ImageObject","inLanguage":"pt-BR","@id":"https:\/\/i0.wp.com\/blogdoprosperi.com\/wp-content\/uploads\/2026\/05\/cropped-8059e613-6002-42fa-961e-8e275f575d71-2-5.jpg?fit=1360%2C931&ssl=1","url":"https:\/\/i0.wp.com\/blogdoprosperi.com\/wp-content\/uploads\/2026\/05\/cropped-8059e613-6002-42fa-961e-8e275f575d71-2-5.jpg?fit=1360%2C931&ssl=1","contentUrl":"https:\/\/i0.wp.com\/blogdoprosperi.com\/wp-content\/uploads\/2026\/05\/cropped-8059e613-6002-42fa-961e-8e275f575d71-2-5.jpg?fit=1360%2C931&ssl=1","width":1360,"height":931,"caption":"Luiz Ant\u00f4nio Pr\u00f3speri"},"logo":{"@id":"https:\/\/i0.wp.com\/blogdoprosperi.com\/wp-content\/uploads\/2026\/05\/cropped-8059e613-6002-42fa-961e-8e275f575d71-2-5.jpg?fit=1360%2C931&ssl=1"},"description":"Jornalista com carreira dedicada ao esporte. Cobriu 9 Copas do Mundo in loco, 1990 na It\u00e1lia, 1994 nos EUA, 1998 na Fran\u00e7a, 2002 na Coreia do Sul e Jap\u00e3o, 2006 na Alemanha, 2010 na \u00c1frica do Sul, 2014 no Brasil, 2018 na R\u00fassia e 2022 no Qatar. Eurocopas, 1992 na Su\u00e9cia e 1996 na Inglaterra. Copa das Confedera\u00e7\u00f5es de 2005 na Alemanha e 2009 na \u00c1frica do Sul. Rep\u00f3rter e Editor, trabalhou no Jornal da Tarde e Estad\u00e3o, de 1984 a fevereiro de 2016. Colunista, blogueiro. E comentarista de futebol na R\u00e1dio Estad\u00e3o, de 2013 a fevereiro de 2016. Jornalista respons\u00e1vel do \"Pr\u00f3speri News\" (blogdoprosperi.com).","sameAs":["http:\/\/blogdoprosperi.com","Luiz Pr\u00f3speri","@luiz_prosperi","https:\/\/x.com\/Luizprosperi","@prosperinacopa","luiz.prosperi@icloud.com"],"url":"https:\/\/blogdoprosperi.com\/?author=102107496"}]}},"jetpack_publicize_connections":[],"jetpack_likes_enabled":false,"jetpack_sharing_enabled":true,"jetpack_shortlink":"https:\/\/wp.me\/p7jvdk-2Ew","jetpack-related-posts":[{"id":10337,"url":"https:\/\/blogdoprosperi.com\/?p=10337","url_meta":{"origin":10200,"position":0},"title":"Aut\u00f3psia da crise na Sele\u00e7\u00e3o e a segunda queda de Dunga","author":"Luiz Ant\u00f4nio Pr\u00f3speri","date":"13 de junho de 2016","format":false,"excerpt":"Dunga vai ser demitido do comando da Sele\u00e7\u00e3o Brasileira nesta ter\u00e7a-feira na sede da CBF. A decis\u00e3o est\u00e1 na mesa do presidente Marco Polo Del Nero e alcan\u00e7a tamb\u00e9m a sa\u00edda do coordenador Gilmar Rinaldi. Pesou contra a perman\u00eancia do treinador a sequ\u00eancia de resultados ruins, desde julho de 2014\u2026","rel":"","context":"Em &quot;futebol&quot;","block_context":{"text":"futebol","link":"https:\/\/blogdoprosperi.com\/?cat=53870"},"img":{"alt_text":"","src":"https:\/\/i0.wp.com\/blogdoprosperi.com\/wp-content\/uploads\/2016\/06\/parreirafelipe.jpg?resize=350%2C200&ssl=1","width":350,"height":200,"srcset":"https:\/\/i0.wp.com\/blogdoprosperi.com\/wp-content\/uploads\/2016\/06\/parreirafelipe.jpg?resize=350%2C200&ssl=1 1x, https:\/\/i0.wp.com\/blogdoprosperi.com\/wp-content\/uploads\/2016\/06\/parreirafelipe.jpg?resize=525%2C300&ssl=1 1.5x, https:\/\/i0.wp.com\/blogdoprosperi.com\/wp-content\/uploads\/2016\/06\/parreirafelipe.jpg?resize=700%2C400&ssl=1 2x, https:\/\/i0.wp.com\/blogdoprosperi.com\/wp-content\/uploads\/2016\/06\/parreirafelipe.jpg?resize=1050%2C600&ssl=1 3x, https:\/\/i0.wp.com\/blogdoprosperi.com\/wp-content\/uploads\/2016\/06\/parreirafelipe.jpg?resize=1400%2C800&ssl=1 4x"},"classes":[]},{"id":11401,"url":"https:\/\/blogdoprosperi.com\/?p=11401","url_meta":{"origin":10200,"position":1},"title":"Corinthians n\u00e3o encontra sucessor de Tite no mercado. E o Dunga?","author":"Luiz Ant\u00f4nio Pr\u00f3speri","date":"17 de junho de 2016","format":false,"excerpt":"Corinthians sofre com a sa\u00edda repentina de Tite, convocado a servir a Sele\u00e7\u00e3o Brasileira. Como se um furac\u00e3o varresse o clube em menos de uma semana. Sem o seu mentor, a situa\u00e7\u00e3o se agravou com a falta de op\u00e7\u00f5es no mercado de t\u00e9cnicos. Tudo aconteceu muito r\u00e1pido. O Brasil foi\u2026","rel":"","context":"Em &quot;futebol&quot;","block_context":{"text":"futebol","link":"https:\/\/blogdoprosperi.com\/?cat=53870"},"img":{"alt_text":"","src":"https:\/\/i0.wp.com\/blogdoprosperi.com\/wp-content\/uploads\/2016\/06\/paulo-roberto-falcc3a3o-spt-x-ame-chico-peixoto-14.jpg?resize=350%2C200","width":350,"height":200},"classes":[]},{"id":802,"url":"https:\/\/blogdoprosperi.com\/?p=802","url_meta":{"origin":10200,"position":2},"title":"Sele\u00e7\u00e3o Brasileira est\u00e1 sem rumo","author":"Luiz Ant\u00f4nio Pr\u00f3speri","date":"9 de abril de 2016","format":false,"excerpt":"Gilmar Rinaldi e Dunga, felizes da vida no comando da Sele\u00e7\u00e3o \u2013 \u00a0Foto Mowa Press\u00a0 Barcelona n\u00e3o cede Neymar para a Copa Am\u00e9rica Centen\u00e1rio nos Estados Unidos,\u00a0Tite diz n\u00e3o \u00e0 CBF e Dunga e Gilmar Rinaldi desprezam cria\u00e7\u00e3o de academias de futebol que revolucionaram o futebol na Alemanha. Estacionada na\u2026","rel":"","context":"Em &quot;futebol&quot;","block_context":{"text":"futebol","link":"https:\/\/blogdoprosperi.com\/?cat=53870"},"img":{"alt_text":"dunga-gilmarrinaldi-mowa","src":"https:\/\/i0.wp.com\/blogdoprosperi.com\/wp-content\/uploads\/2016\/03\/dunga-gilmarrinaldi-mowa.jpg?resize=350%2C200&ssl=1","width":350,"height":200,"srcset":"https:\/\/i0.wp.com\/blogdoprosperi.com\/wp-content\/uploads\/2016\/03\/dunga-gilmarrinaldi-mowa.jpg?resize=350%2C200&ssl=1 1x, https:\/\/i0.wp.com\/blogdoprosperi.com\/wp-content\/uploads\/2016\/03\/dunga-gilmarrinaldi-mowa.jpg?resize=525%2C300&ssl=1 1.5x"},"classes":[]},{"id":3587,"url":"https:\/\/blogdoprosperi.com\/?p=3587","url_meta":{"origin":10200,"position":3},"title":"Dunga convoca sele\u00e7\u00e3o brasileira de olho na Olimp\u00edada do Rio","author":"Luiz Ant\u00f4nio Pr\u00f3speri","date":"5 de maio de 2016","format":false,"excerpt":"Criticado pela med\u00edocre campanha do Brasil nas Eliminat\u00f3rias da Copa de 2018, treinador prioriza os Jogos Ol\u00edmpicos na convoca\u00e7\u00e3o da Copa Am\u00e9rica Centen\u00e1rio Dunga, com aval da CBF, deu prioridade \u00e0 Olimp\u00edada do Rio na convoca\u00e7\u00e3o dos 23 nomes para disputar a Copa Am\u00e9rica Centen\u00e1rio, em junho, nos Estados Unidos,\u2026","rel":"","context":"Em &quot;futebol&quot;","block_context":{"text":"futebol","link":"https:\/\/blogdoprosperi.com\/?cat=53870"},"img":{"alt_text":"","src":"https:\/\/i0.wp.com\/blogdoprosperi.com\/wp-content\/uploads\/2016\/05\/casemiro03_afp_15.jpg?resize=350%2C200&ssl=1","width":350,"height":200,"srcset":"https:\/\/i0.wp.com\/blogdoprosperi.com\/wp-content\/uploads\/2016\/05\/casemiro03_afp_15.jpg?resize=350%2C200&ssl=1 1x, https:\/\/i0.wp.com\/blogdoprosperi.com\/wp-content\/uploads\/2016\/05\/casemiro03_afp_15.jpg?resize=525%2C300&ssl=1 1.5x, https:\/\/i0.wp.com\/blogdoprosperi.com\/wp-content\/uploads\/2016\/05\/casemiro03_afp_15.jpg?resize=700%2C400&ssl=1 2x, https:\/\/i0.wp.com\/blogdoprosperi.com\/wp-content\/uploads\/2016\/05\/casemiro03_afp_15.jpg?resize=1050%2C600&ssl=1 3x, https:\/\/i0.wp.com\/blogdoprosperi.com\/wp-content\/uploads\/2016\/05\/casemiro03_afp_15.jpg?resize=1400%2C800&ssl=1 4x"},"classes":[]},{"id":27850,"url":"https:\/\/blogdoprosperi.com\/?p=27850","url_meta":{"origin":10200,"position":4},"title":"Dunga assina com Beijing Guoan, da China, e vai levar Diego Tardelli","author":"Luiz Ant\u00f4nio Pr\u00f3speri","date":"6 de outubro de 2016","format":false,"excerpt":"Dunga j\u00e1 assinou contrato com Beijing Guoan, clube do meia Renato Augusto e do volante Ralf, e deve assumir o comando do time no fim de novembro, assim que se encerrar a temporada 2016 da Liga Chinesa. O acordo \u00e9 de dois anos e o treinador vai receber sal\u00e1rio padr\u00e3o\u2026","rel":"","context":"Em &quot;futebol&quot;","block_context":{"text":"futebol","link":"https:\/\/blogdoprosperi.com\/?cat=53870"},"img":{"alt_text":"","src":"https:\/\/i0.wp.com\/blogdoprosperi.com\/wp-content\/uploads\/2016\/10\/dunga1.jpg?resize=350%2C200&ssl=1","width":350,"height":200,"srcset":"https:\/\/i0.wp.com\/blogdoprosperi.com\/wp-content\/uploads\/2016\/10\/dunga1.jpg?resize=350%2C200&ssl=1 1x, https:\/\/i0.wp.com\/blogdoprosperi.com\/wp-content\/uploads\/2016\/10\/dunga1.jpg?resize=525%2C300&ssl=1 1.5x"},"classes":[]},{"id":7955,"url":"https:\/\/blogdoprosperi.com\/?p=7955","url_meta":{"origin":10200,"position":5},"title":"Dunga, enfim, concede a Ganso uma chance na Sele\u00e7\u00e3o e S\u00e3o Paulo fica com o preju\u00edzo","author":"Luiz Ant\u00f4nio Pr\u00f3speri","date":"2 de junho de 2016","format":false,"excerpt":"O corte de Kak\u00e1 da Sele\u00e7\u00e3o Brasileira \u00e9 uma boa li\u00e7\u00e3o ao t\u00e9cnico Dunga. N\u00e3o adianta insistir em jogadores com fadiga de material. Uma hora o corpo entrega e o treinador fica na m\u00e3o. \u00c9 o caso de Kak\u00e1, melhor do mundo eleito pela Fifa em 2007. Desde que optou\u2026","rel":"","context":"Em &quot;futebol&quot;","block_context":{"text":"futebol","link":"https:\/\/blogdoprosperi.com\/?cat=53870"},"img":{"alt_text":"","src":"https:\/\/i0.wp.com\/blogdoprosperi.com\/wp-content\/uploads\/2016\/06\/20160528170027_9846_capa.jpg?resize=350%2C200&ssl=1","width":350,"height":200},"classes":[]}],"jetpack_featured_media_url":"","_links":{"self":[{"href":"https:\/\/blogdoprosperi.com\/index.php?rest_route=\/wp\/v2\/posts\/10200","targetHints":{"allow":["GET"]}}],"collection":[{"href":"https:\/\/blogdoprosperi.com\/index.php?rest_route=\/wp\/v2\/posts"}],"about":[{"href":"https:\/\/blogdoprosperi.com\/index.php?rest_route=\/wp\/v2\/types\/post"}],"author":[{"embeddable":true,"href":"https:\/\/blogdoprosperi.com\/index.php?rest_route=\/wp\/v2\/users\/102107496"}],"replies":[{"embeddable":true,"href":"https:\/\/blogdoprosperi.com\/index.php?rest_route=%2Fwp%2Fv2%2Fcomments&post=10200"}],"version-history":[{"count":25,"href":"https:\/\/blogdoprosperi.com\/index.php?rest_route=\/wp\/v2\/posts\/10200\/revisions"}],"predecessor-version":[{"id":10336,"href":"https:\/\/blogdoprosperi.com\/index.php?rest_route=\/wp\/v2\/posts\/10200\/revisions\/10336"}],"wp:attachment":[{"href":"https:\/\/blogdoprosperi.com\/index.php?rest_route=%2Fwp%2Fv2%2Fmedia&parent=10200"}],"wp:term":[{"taxonomy":"category","embeddable":true,"href":"https:\/\/blogdoprosperi.com\/index.php?rest_route=%2Fwp%2Fv2%2Fcategories&post=10200"},{"taxonomy":"post_tag","embeddable":true,"href":"https:\/\/blogdoprosperi.com\/index.php?rest_route=%2Fwp%2Fv2%2Ftags&post=10200"}],"curies":[{"name":"wp","href":"https:\/\/api.w.org\/{rel}","templated":true}]}}