{"id":1080,"date":"2016-04-14T13:19:19","date_gmt":"2016-04-14T13:19:19","guid":{"rendered":"https:\/\/blogdoprosperi.com\/?p=1080"},"modified":"2016-04-14T13:22:58","modified_gmt":"2016-04-14T13:22:58","slug":"eguren-e-xavier-podem-salvar-o-palmeiras-na-libertadores","status":"publish","type":"post","link":"https:\/\/blogdoprosperi.com\/?p=1080","title":{"rendered":"Sobrenatural pode salvar o Palmeiras na Libertadores"},"content":{"rendered":"<figure id=\"attachment_1137\" aria-describedby=\"caption-attachment-1137\" style=\"width: 1080px\" class=\"wp-caption alignnone\"><img data-recalc-dims=\"1\" loading=\"lazy\" decoding=\"async\" data-attachment-id=\"1137\" data-permalink=\"https:\/\/blogdoprosperi.com\/?attachment_id=1137\" data-orig-file=\"https:\/\/i0.wp.com\/blogdoprosperi.com\/wp-content\/uploads\/2016\/04\/rb-cuca.jpg?fit=1080%2C719&amp;ssl=1\" data-orig-size=\"1080,719\" data-comments-opened=\"1\" data-image-meta=\"{&quot;aperture&quot;:&quot;0&quot;,&quot;credit&quot;:&quot;&quot;,&quot;camera&quot;:&quot;&quot;,&quot;caption&quot;:&quot;&quot;,&quot;created_timestamp&quot;:&quot;0&quot;,&quot;copyright&quot;:&quot;&quot;,&quot;focal_length&quot;:&quot;0&quot;,&quot;iso&quot;:&quot;0&quot;,&quot;shutter_speed&quot;:&quot;0&quot;,&quot;title&quot;:&quot;&quot;,&quot;orientation&quot;:&quot;0&quot;}\" data-image-title=\"rb-cuca\" data-image-description=\"\" data-image-caption=\"\" data-large-file=\"https:\/\/i0.wp.com\/blogdoprosperi.com\/wp-content\/uploads\/2016\/04\/rb-cuca.jpg?fit=940%2C626&amp;ssl=1\" class=\"alignnone size-full wp-image-1137\" src=\"https:\/\/i0.wp.com\/blogdoprosperi.com\/wp-content\/uploads\/2016\/04\/rb-cuca.jpg?resize=940%2C626&#038;ssl=1\" alt=\"rb-cuca\" width=\"940\" height=\"626\" \/><figcaption id=\"caption-attachment-1137\" class=\"wp-caption-text\">Cuca respeita os mist\u00e9rios do futebol<\/figcaption><\/figure>\n<p>Encrencado na Copa Libertadores, o Palmeiras depende do imponder\u00e1vel para avan\u00e7ar \u00e0s oitavas de final. Tem de vencer o modesto River Plate uruguaio e torcer por derrota do Ros\u00e1rio Central diante do Nacional em Montevid\u00e9u nesta quinta-feira \u00e0 noite.<\/p>\n<p>Se essa combina\u00e7\u00e3o de resultados n\u00e3o funcionar, o Palmeiras pode ser o \u00fanico clube brasileiro a n\u00e3o se classificar \u00e0s oitavas de final \u00a0&#8211; Corinthians e Gr\u00eamio est\u00e3o garantidos e Atl\u00e9tico-MG e S\u00e3o Paulo, quase l\u00e1.<\/p>\n<p>At\u00e9 a\u00ed, nenhuma novidade.\u00a0O que chama aten\u00e7\u00e3o s\u00e3o as circunst\u00e2ncias dos dois jogos desta quinta-feira. O Nacional vai de time misto contra o Ros\u00e1rio, que ter\u00e1 for\u00e7a m\u00e1xima. E o Palmeiras entra sem jogadores-chave como Gabriel Jesus e Z\u00e9 Roberto.<\/p>\n<p>Como diria Nelson Rodrigues, a vida do time de Cuca est\u00e1 nas m\u00e3os do &#8220;Sobrenatural de Almeida \u2013 personagem criado pelo jornalista carioca famoso nos anos de 1950 -, que fazia gols improv\u00e1veis.<\/p>\n<p>Por que o &#8220;Sobrenatural de Almeida&#8221; deve ser chamado pelos palmeirenses?<\/p>\n<p>Simples: \u00e9 preciso contar com algo misterioso, que s\u00f3 o futebol \u00e9 capaz de apresentar, para o time avan\u00e7ar na Libertadores.<\/p>\n<p>Alguma d\u00favida? Ent\u00e3o veja como o Nacional vai a campo:<\/p>\n<p>O t\u00e9cnico Custavo Mun\u00faa admite que n\u00e3o vai correr riscos contra o Ros\u00e1rio. Definiu que seis titulares n\u00e3o v\u00e3o jogar. Tr\u00eas deles (Conde, Romero e Nic\u00f3las Lopez) est\u00e3o pendurados com dois cart\u00f5es amarelos e se levarem mais um, ficam fora do primeiro jogo das oitavas. Fucile e Victorino, pe\u00e7as importantes de Mun\u00faa, tamb\u00e9m ser\u00e3o poupados. E Christina Tab\u00f3 dar\u00e1 lugar a Leandro Barcia.<\/p>\n<figure id=\"attachment_1136\" aria-describedby=\"caption-attachment-1136\" style=\"width: 616px\" class=\"wp-caption alignnone\"><img data-recalc-dims=\"1\" loading=\"lazy\" decoding=\"async\" data-attachment-id=\"1136\" data-permalink=\"https:\/\/blogdoprosperi.com\/?attachment_id=1136\" data-orig-file=\"https:\/\/i0.wp.com\/blogdoprosperi.com\/wp-content\/uploads\/2016\/04\/55adb0660b521.jpg?fit=616%2C376&amp;ssl=1\" data-orig-size=\"616,376\" data-comments-opened=\"1\" data-image-meta=\"{&quot;aperture&quot;:&quot;0&quot;,&quot;credit&quot;:&quot;&quot;,&quot;camera&quot;:&quot;&quot;,&quot;caption&quot;:&quot;&quot;,&quot;created_timestamp&quot;:&quot;0&quot;,&quot;copyright&quot;:&quot;&quot;,&quot;focal_length&quot;:&quot;0&quot;,&quot;iso&quot;:&quot;0&quot;,&quot;shutter_speed&quot;:&quot;0&quot;,&quot;title&quot;:&quot;&quot;,&quot;orientation&quot;:&quot;0&quot;}\" data-image-title=\"55adb0660b521\" data-image-description=\"\" data-image-caption=\"\" data-large-file=\"https:\/\/i0.wp.com\/blogdoprosperi.com\/wp-content\/uploads\/2016\/04\/55adb0660b521.jpg?fit=616%2C376&amp;ssl=1\" class=\"alignnone size-full wp-image-1136\" src=\"https:\/\/i0.wp.com\/blogdoprosperi.com\/wp-content\/uploads\/2016\/04\/55adb0660b521.jpg?resize=616%2C376&#038;ssl=1\" alt=\"55adb0660b521\" width=\"616\" height=\"376\" \/><figcaption id=\"caption-attachment-1136\" class=\"wp-caption-text\">Eguren, de passagem discreta pelo Palmeiras, pode ajudar ex-clube<\/figcaption><\/figure>\n<p>Sem essa meia-d\u00fazia de titulares, o treinador armou seu time em busca do empate &#8211; resultado que garante a classifica\u00e7\u00e3o do Ros\u00e1rio. \u00c9 a\u00ed que entra o imponder\u00e1vel. Do lado do Nacional, v\u00e3o estar Eguren e L\u00e9o Gamalho, mais acostumados a frequentar ao banco de reservas.<\/p>\n<p>Eguren teve um passagem discreta pelo Palmeiras e o brasileiro Gamalho \u00e9 quase um artilheiro invis\u00edvel. De repente, os dois podem fazer o gols que o Palmeiras tanto precisa. \u00c9 o imponder\u00e1vel.<\/p>\n<p>Do lado do Palmeiras, esquentando o banco, estar\u00e1 Cleiton Xavier. Ele n\u00e3o joga uma partida inteira desde o fim de agosto de 2015. Na Libertadores de 2009, Cleiton Xavier era um dos destaques do Palmeiras e fez um gol absurdo, chutando de muito longe, contra o Colo Colo, aos 42 minutos do segundo tempo, que levou o Alviverde \u00e0s oitavas de final da Copa Libertadores.<\/p>\n<figure id=\"attachment_1138\" aria-describedby=\"caption-attachment-1138\" style=\"width: 622px\" class=\"wp-caption alignnone\"><img data-recalc-dims=\"1\" loading=\"lazy\" decoding=\"async\" data-attachment-id=\"1138\" data-permalink=\"https:\/\/blogdoprosperi.com\/?attachment_id=1138\" data-orig-file=\"https:\/\/i0.wp.com\/blogdoprosperi.com\/wp-content\/uploads\/2016\/04\/piscada.jpg?fit=622%2C350&amp;ssl=1\" data-orig-size=\"622,350\" data-comments-opened=\"1\" data-image-meta=\"{&quot;aperture&quot;:&quot;0&quot;,&quot;credit&quot;:&quot;&quot;,&quot;camera&quot;:&quot;&quot;,&quot;caption&quot;:&quot;&quot;,&quot;created_timestamp&quot;:&quot;0&quot;,&quot;copyright&quot;:&quot;&quot;,&quot;focal_length&quot;:&quot;0&quot;,&quot;iso&quot;:&quot;0&quot;,&quot;shutter_speed&quot;:&quot;0&quot;,&quot;title&quot;:&quot;&quot;,&quot;orientation&quot;:&quot;0&quot;}\" data-image-title=\"piscada\" data-image-description=\"\" data-image-caption=\"\" data-large-file=\"https:\/\/i0.wp.com\/blogdoprosperi.com\/wp-content\/uploads\/2016\/04\/piscada.jpg?fit=622%2C350&amp;ssl=1\" class=\"alignnone size-full wp-image-1138\" src=\"https:\/\/i0.wp.com\/blogdoprosperi.com\/wp-content\/uploads\/2016\/04\/piscada.jpg?resize=622%2C350&#038;ssl=1\" alt=\"piscada\" width=\"622\" height=\"350\" \/><figcaption id=\"caption-attachment-1138\" class=\"wp-caption-text\">Cleiton Xavier pode repetir fa\u00e7anha de 2009<\/figcaption><\/figure>\n<p>No futebol, hist\u00f3rias costumam se repetir. A supersti\u00e7\u00e3o \u00e9 companheira dos aflitos no gramado. Nada \u00e9 definitivo. Cuca, como todos sabem, n\u00e3o nega sua queda pelos sofismas da bola que podem virar uma verdade.<\/p>\n<p>Quem sabe n\u00e3o \u00e9 a noite do &#8220;Sobrenatural de Almeida&#8221; vagar pelo Allianz Parque nesta quinta-feira de outono.<\/p>\n<p>&nbsp;<\/p>\n<p>&nbsp;<\/p>\n<p>&nbsp;<\/p>\n<p>&nbsp;<\/p>\n","protected":false},"excerpt":{"rendered":"<p>Encrencado na Copa Libertadores, o Palmeiras depende do imponder\u00e1vel para avan\u00e7ar \u00e0s oitavas de final. Tem de vencer [&hellip;]<\/p>\n","protected":false},"author":102107496,"featured_media":0,"comment_status":"open","ping_status":"open","sticky":false,"template":"","format":"standard","meta":{"_coblocks_attr":"","_coblocks_dimensions":"","_coblocks_responsive_height":"","_coblocks_accordion_ie_support":"","_jetpack_newsletter_access":"","_jetpack_dont_email_post_to_subs":false,"_jetpack_newsletter_tier_id":0,"_jetpack_memberships_contains_paywalled_content":false,"_wpcom_ai_launchpad_first_post":false,"_jetpack_feature_clip_id":0,"_jetpack_memberships_contains_paid_content":false,"footnotes":"","jetpack_publicize_message":"","jetpack_publicize_feature_enabled":true,"jetpack_social_post_already_shared":false,"jetpack_social_options":{"image_generator_settings":{"template":"highway","default_image_id":0,"font":"","enabled":false},"version":2},"jetpack_post_was_ever_published":false},"categories":[53870],"tags":[165442385,10170941,789560565,85954,789560560,462087695],"class_list":["post-1080","post","type-post","status-publish","format-standard","hentry","category-futebol","tag-allianz-parque","tag-cleiton-xavier","tag-copa-libertadores","tag-cuca","tag-futebol","tag-palmeiras-x-river-plate"],"yoast_head":"<!-- This site is optimized with the Yoast SEO plugin v28.4 - https:\/\/yoast.com\/product\/yoast-seo-wordpress\/ -->\n<title>Sobrenatural pode salvar o Palmeiras na Libertadores - PR\u00d3SPERI NEWS<\/title>\n<meta name=\"robots\" content=\"index, follow, max-snippet:-1, max-image-preview:large, max-video-preview:-1\" \/>\n<link rel=\"canonical\" href=\"https:\/\/blogdoprosperi.com\/?p=1080\" \/>\n<meta property=\"og:locale\" content=\"pt_BR\" \/>\n<meta property=\"og:type\" content=\"article\" \/>\n<meta property=\"og:title\" content=\"Sobrenatural pode salvar o Palmeiras na Libertadores - PR\u00d3SPERI NEWS\" \/>\n<meta property=\"og:description\" content=\"Encrencado na Copa Libertadores, o Palmeiras depende do imponder\u00e1vel para avan\u00e7ar \u00e0s oitavas de final. Tem de vencer [&hellip;]\" \/>\n<meta property=\"og:url\" content=\"https:\/\/blogdoprosperi.com\/?p=1080\" \/>\n<meta property=\"og:site_name\" content=\"PR\u00d3SPERI NEWS\" \/>\n<meta property=\"article:publisher\" content=\"Luiz Pr\u00f3speri\" \/>\n<meta property=\"article:author\" content=\"Luiz Pr\u00f3speri\" \/>\n<meta property=\"article:published_time\" content=\"2016-04-14T13:19:19+00:00\" \/>\n<meta property=\"article:modified_time\" content=\"2016-04-14T13:22:58+00:00\" \/>\n<meta property=\"og:image\" content=\"https:\/\/blogdoprosperi.com\/wp-content\/uploads\/2016\/04\/rb-cuca.jpg\" \/>\n<meta name=\"author\" content=\"Luiz Ant\u00f4nio Pr\u00f3speri\" \/>\n<meta name=\"twitter:card\" content=\"summary_large_image\" \/>\n<meta name=\"twitter:creator\" content=\"@Luizprosperi\" \/>\n<meta name=\"twitter:site\" content=\"@Luizprosperi\" \/>\n<meta name=\"twitter:label1\" content=\"Escrito por\" \/>\n\t<meta name=\"twitter:data1\" content=\"Luiz Ant\u00f4nio Pr\u00f3speri\" \/>\n\t<meta name=\"twitter:label2\" content=\"Est. tempo de leitura\" \/>\n\t<meta name=\"twitter:data2\" content=\"3 minutos\" \/>\n<script type=\"application\/ld+json\" class=\"yoast-schema-graph\">{\"@context\":\"https:\\\/\\\/schema.org\",\"@graph\":[{\"@type\":\"Article\",\"@id\":\"https:\\\/\\\/blogdoprosperi.com\\\/?p=1080#article\",\"isPartOf\":{\"@id\":\"https:\\\/\\\/blogdoprosperi.com\\\/?p=1080\"},\"author\":{\"name\":\"Luiz Ant\u00f4nio Pr\u00f3speri\",\"@id\":\"https:\\\/\\\/blogdoprosperi.com\\\/#\\\/schema\\\/person\\\/38100755ce3601861ee4fab9b5aa78e9\"},\"headline\":\"Sobrenatural pode salvar o Palmeiras na Libertadores\",\"datePublished\":\"2016-04-14T13:19:19+00:00\",\"dateModified\":\"2016-04-14T13:22:58+00:00\",\"mainEntityOfPage\":{\"@id\":\"https:\\\/\\\/blogdoprosperi.com\\\/?p=1080\"},\"wordCount\":539,\"commentCount\":0,\"publisher\":{\"@id\":\"https:\\\/\\\/blogdoprosperi.com\\\/#\\\/schema\\\/person\\\/38100755ce3601861ee4fab9b5aa78e9\"},\"image\":{\"@id\":\"https:\\\/\\\/blogdoprosperi.com\\\/?p=1080#primaryimage\"},\"thumbnailUrl\":\"https:\\\/\\\/blogdoprosperi.com\\\/wp-content\\\/uploads\\\/2016\\\/04\\\/rb-cuca.jpg\",\"keywords\":[\"Allianz Parque\",\"Cleiton Xavier\",\"Copa Libertadores\",\"Cuca\",\"futebol\",\"Palmeiras x River Plate\"],\"articleSection\":[\"futebol\"],\"inLanguage\":\"pt-BR\",\"potentialAction\":[{\"@type\":\"CommentAction\",\"name\":\"Comment\",\"target\":[\"https:\\\/\\\/blogdoprosperi.com\\\/?p=1080#respond\"]}]},{\"@type\":\"WebPage\",\"@id\":\"https:\\\/\\\/blogdoprosperi.com\\\/?p=1080\",\"url\":\"https:\\\/\\\/blogdoprosperi.com\\\/?p=1080\",\"name\":\"Sobrenatural pode salvar o Palmeiras na Libertadores - PR\u00d3SPERI NEWS\",\"isPartOf\":{\"@id\":\"https:\\\/\\\/blogdoprosperi.com\\\/#website\"},\"primaryImageOfPage\":{\"@id\":\"https:\\\/\\\/blogdoprosperi.com\\\/?p=1080#primaryimage\"},\"image\":{\"@id\":\"https:\\\/\\\/blogdoprosperi.com\\\/?p=1080#primaryimage\"},\"thumbnailUrl\":\"https:\\\/\\\/blogdoprosperi.com\\\/wp-content\\\/uploads\\\/2016\\\/04\\\/rb-cuca.jpg\",\"datePublished\":\"2016-04-14T13:19:19+00:00\",\"dateModified\":\"2016-04-14T13:22:58+00:00\",\"breadcrumb\":{\"@id\":\"https:\\\/\\\/blogdoprosperi.com\\\/?p=1080#breadcrumb\"},\"inLanguage\":\"pt-BR\",\"potentialAction\":[{\"@type\":\"ReadAction\",\"target\":[\"https:\\\/\\\/blogdoprosperi.com\\\/?p=1080\"]}]},{\"@type\":\"ImageObject\",\"inLanguage\":\"pt-BR\",\"@id\":\"https:\\\/\\\/blogdoprosperi.com\\\/?p=1080#primaryimage\",\"url\":\"https:\\\/\\\/i0.wp.com\\\/blogdoprosperi.com\\\/wp-content\\\/uploads\\\/2016\\\/04\\\/rb-cuca.jpg?fit=1080%2C719&ssl=1\",\"contentUrl\":\"https:\\\/\\\/i0.wp.com\\\/blogdoprosperi.com\\\/wp-content\\\/uploads\\\/2016\\\/04\\\/rb-cuca.jpg?fit=1080%2C719&ssl=1\",\"width\":1080,\"height\":719},{\"@type\":\"BreadcrumbList\",\"@id\":\"https:\\\/\\\/blogdoprosperi.com\\\/?p=1080#breadcrumb\",\"itemListElement\":[{\"@type\":\"ListItem\",\"position\":1,\"name\":\"In\u00edcio\",\"item\":\"https:\\\/\\\/blogdoprosperi.com\\\/\"},{\"@type\":\"ListItem\",\"position\":2,\"name\":\"Sobrenatural pode salvar o Palmeiras na Libertadores\"}]},{\"@type\":\"WebSite\",\"@id\":\"https:\\\/\\\/blogdoprosperi.com\\\/#website\",\"url\":\"https:\\\/\\\/blogdoprosperi.com\\\/\",\"name\":\"PR\u00d3SPERI NEWS\",\"description\":\"TUDO \u00c9  FUTEBOL\",\"publisher\":{\"@id\":\"https:\\\/\\\/blogdoprosperi.com\\\/#\\\/schema\\\/person\\\/38100755ce3601861ee4fab9b5aa78e9\"},\"alternateName\":\"blogdoprosperi.com\",\"potentialAction\":[{\"@type\":\"SearchAction\",\"target\":{\"@type\":\"EntryPoint\",\"urlTemplate\":\"https:\\\/\\\/blogdoprosperi.com\\\/?s={search_term_string}\"},\"query-input\":{\"@type\":\"PropertyValueSpecification\",\"valueRequired\":true,\"valueName\":\"search_term_string\"}}],\"inLanguage\":\"pt-BR\"},{\"@type\":[\"Person\",\"Organization\"],\"@id\":\"https:\\\/\\\/blogdoprosperi.com\\\/#\\\/schema\\\/person\\\/38100755ce3601861ee4fab9b5aa78e9\",\"name\":\"Luiz Ant\u00f4nio Pr\u00f3speri\",\"pronouns\":\"ele\",\"image\":{\"@type\":\"ImageObject\",\"inLanguage\":\"pt-BR\",\"@id\":\"https:\\\/\\\/i0.wp.com\\\/blogdoprosperi.com\\\/wp-content\\\/uploads\\\/2026\\\/05\\\/cropped-8059e613-6002-42fa-961e-8e275f575d71-2-5.jpg?fit=1360%2C931&ssl=1\",\"url\":\"https:\\\/\\\/i0.wp.com\\\/blogdoprosperi.com\\\/wp-content\\\/uploads\\\/2026\\\/05\\\/cropped-8059e613-6002-42fa-961e-8e275f575d71-2-5.jpg?fit=1360%2C931&ssl=1\",\"contentUrl\":\"https:\\\/\\\/i0.wp.com\\\/blogdoprosperi.com\\\/wp-content\\\/uploads\\\/2026\\\/05\\\/cropped-8059e613-6002-42fa-961e-8e275f575d71-2-5.jpg?fit=1360%2C931&ssl=1\",\"width\":1360,\"height\":931,\"caption\":\"Luiz Ant\u00f4nio Pr\u00f3speri\"},\"logo\":{\"@id\":\"https:\\\/\\\/i0.wp.com\\\/blogdoprosperi.com\\\/wp-content\\\/uploads\\\/2026\\\/05\\\/cropped-8059e613-6002-42fa-961e-8e275f575d71-2-5.jpg?fit=1360%2C931&ssl=1\"},\"description\":\"Jornalista com carreira dedicada ao esporte. Cobriu 9 Copas do Mundo in loco, 1990 na It\u00e1lia, 1994 nos EUA, 1998 na Fran\u00e7a, 2002 na Coreia do Sul e Jap\u00e3o, 2006 na Alemanha, 2010 na \u00c1frica do Sul, 2014 no Brasil, 2018 na R\u00fassia e 2022 no Qatar. Eurocopas, 1992 na Su\u00e9cia e 1996 na Inglaterra. Copa das Confedera\u00e7\u00f5es de 2005 na Alemanha e 2009 na \u00c1frica do Sul. Rep\u00f3rter e Editor, trabalhou no Jornal da Tarde e Estad\u00e3o, de 1984 a fevereiro de 2016. Colunista, blogueiro. E comentarista de futebol na R\u00e1dio Estad\u00e3o, de 2013 a fevereiro de 2016. Jornalista respons\u00e1vel do \\\"Pr\u00f3speri News\\\" (blogdoprosperi.com).\",\"sameAs\":[\"http:\\\/\\\/blogdoprosperi.com\",\"Luiz Pr\u00f3speri\",\"@luiz_prosperi\",\"https:\\\/\\\/x.com\\\/Luizprosperi\",\"@prosperinacopa\",\"luiz.prosperi@icloud.com\"],\"url\":\"https:\\\/\\\/blogdoprosperi.com\\\/?author=102107496\"}]}<\/script>\n<!-- \/ Yoast SEO plugin. -->","yoast_head_json":{"title":"Sobrenatural pode salvar o Palmeiras na Libertadores - PR\u00d3SPERI NEWS","robots":{"index":"index","follow":"follow","max-snippet":"max-snippet:-1","max-image-preview":"max-image-preview:large","max-video-preview":"max-video-preview:-1"},"canonical":"https:\/\/blogdoprosperi.com\/?p=1080","og_locale":"pt_BR","og_type":"article","og_title":"Sobrenatural pode salvar o Palmeiras na Libertadores - PR\u00d3SPERI NEWS","og_description":"Encrencado na Copa Libertadores, o Palmeiras depende do imponder\u00e1vel para avan\u00e7ar \u00e0s oitavas de final. Tem de vencer [&hellip;]","og_url":"https:\/\/blogdoprosperi.com\/?p=1080","og_site_name":"PR\u00d3SPERI NEWS","article_publisher":"Luiz Pr\u00f3speri","article_author":"Luiz Pr\u00f3speri","article_published_time":"2016-04-14T13:19:19+00:00","article_modified_time":"2016-04-14T13:22:58+00:00","og_image":[{"url":"https:\/\/blogdoprosperi.com\/wp-content\/uploads\/2016\/04\/rb-cuca.jpg","type":"","width":"","height":""}],"author":"Luiz Ant\u00f4nio Pr\u00f3speri","twitter_card":"summary_large_image","twitter_creator":"@Luizprosperi","twitter_site":"@Luizprosperi","twitter_misc":{"Escrito por":"Luiz Ant\u00f4nio Pr\u00f3speri","Est. tempo de leitura":"3 minutos"},"schema":{"@context":"https:\/\/schema.org","@graph":[{"@type":"Article","@id":"https:\/\/blogdoprosperi.com\/?p=1080#article","isPartOf":{"@id":"https:\/\/blogdoprosperi.com\/?p=1080"},"author":{"name":"Luiz Ant\u00f4nio Pr\u00f3speri","@id":"https:\/\/blogdoprosperi.com\/#\/schema\/person\/38100755ce3601861ee4fab9b5aa78e9"},"headline":"Sobrenatural pode salvar o Palmeiras na Libertadores","datePublished":"2016-04-14T13:19:19+00:00","dateModified":"2016-04-14T13:22:58+00:00","mainEntityOfPage":{"@id":"https:\/\/blogdoprosperi.com\/?p=1080"},"wordCount":539,"commentCount":0,"publisher":{"@id":"https:\/\/blogdoprosperi.com\/#\/schema\/person\/38100755ce3601861ee4fab9b5aa78e9"},"image":{"@id":"https:\/\/blogdoprosperi.com\/?p=1080#primaryimage"},"thumbnailUrl":"https:\/\/blogdoprosperi.com\/wp-content\/uploads\/2016\/04\/rb-cuca.jpg","keywords":["Allianz Parque","Cleiton Xavier","Copa Libertadores","Cuca","futebol","Palmeiras x River Plate"],"articleSection":["futebol"],"inLanguage":"pt-BR","potentialAction":[{"@type":"CommentAction","name":"Comment","target":["https:\/\/blogdoprosperi.com\/?p=1080#respond"]}]},{"@type":"WebPage","@id":"https:\/\/blogdoprosperi.com\/?p=1080","url":"https:\/\/blogdoprosperi.com\/?p=1080","name":"Sobrenatural pode salvar o Palmeiras na Libertadores - PR\u00d3SPERI NEWS","isPartOf":{"@id":"https:\/\/blogdoprosperi.com\/#website"},"primaryImageOfPage":{"@id":"https:\/\/blogdoprosperi.com\/?p=1080#primaryimage"},"image":{"@id":"https:\/\/blogdoprosperi.com\/?p=1080#primaryimage"},"thumbnailUrl":"https:\/\/blogdoprosperi.com\/wp-content\/uploads\/2016\/04\/rb-cuca.jpg","datePublished":"2016-04-14T13:19:19+00:00","dateModified":"2016-04-14T13:22:58+00:00","breadcrumb":{"@id":"https:\/\/blogdoprosperi.com\/?p=1080#breadcrumb"},"inLanguage":"pt-BR","potentialAction":[{"@type":"ReadAction","target":["https:\/\/blogdoprosperi.com\/?p=1080"]}]},{"@type":"ImageObject","inLanguage":"pt-BR","@id":"https:\/\/blogdoprosperi.com\/?p=1080#primaryimage","url":"https:\/\/i0.wp.com\/blogdoprosperi.com\/wp-content\/uploads\/2016\/04\/rb-cuca.jpg?fit=1080%2C719&ssl=1","contentUrl":"https:\/\/i0.wp.com\/blogdoprosperi.com\/wp-content\/uploads\/2016\/04\/rb-cuca.jpg?fit=1080%2C719&ssl=1","width":1080,"height":719},{"@type":"BreadcrumbList","@id":"https:\/\/blogdoprosperi.com\/?p=1080#breadcrumb","itemListElement":[{"@type":"ListItem","position":1,"name":"In\u00edcio","item":"https:\/\/blogdoprosperi.com\/"},{"@type":"ListItem","position":2,"name":"Sobrenatural pode salvar o Palmeiras na Libertadores"}]},{"@type":"WebSite","@id":"https:\/\/blogdoprosperi.com\/#website","url":"https:\/\/blogdoprosperi.com\/","name":"PR\u00d3SPERI NEWS","description":"TUDO \u00c9  FUTEBOL","publisher":{"@id":"https:\/\/blogdoprosperi.com\/#\/schema\/person\/38100755ce3601861ee4fab9b5aa78e9"},"alternateName":"blogdoprosperi.com","potentialAction":[{"@type":"SearchAction","target":{"@type":"EntryPoint","urlTemplate":"https:\/\/blogdoprosperi.com\/?s={search_term_string}"},"query-input":{"@type":"PropertyValueSpecification","valueRequired":true,"valueName":"search_term_string"}}],"inLanguage":"pt-BR"},{"@type":["Person","Organization"],"@id":"https:\/\/blogdoprosperi.com\/#\/schema\/person\/38100755ce3601861ee4fab9b5aa78e9","name":"Luiz Ant\u00f4nio Pr\u00f3speri","pronouns":"ele","image":{"@type":"ImageObject","inLanguage":"pt-BR","@id":"https:\/\/i0.wp.com\/blogdoprosperi.com\/wp-content\/uploads\/2026\/05\/cropped-8059e613-6002-42fa-961e-8e275f575d71-2-5.jpg?fit=1360%2C931&ssl=1","url":"https:\/\/i0.wp.com\/blogdoprosperi.com\/wp-content\/uploads\/2026\/05\/cropped-8059e613-6002-42fa-961e-8e275f575d71-2-5.jpg?fit=1360%2C931&ssl=1","contentUrl":"https:\/\/i0.wp.com\/blogdoprosperi.com\/wp-content\/uploads\/2026\/05\/cropped-8059e613-6002-42fa-961e-8e275f575d71-2-5.jpg?fit=1360%2C931&ssl=1","width":1360,"height":931,"caption":"Luiz Ant\u00f4nio Pr\u00f3speri"},"logo":{"@id":"https:\/\/i0.wp.com\/blogdoprosperi.com\/wp-content\/uploads\/2026\/05\/cropped-8059e613-6002-42fa-961e-8e275f575d71-2-5.jpg?fit=1360%2C931&ssl=1"},"description":"Jornalista com carreira dedicada ao esporte. Cobriu 9 Copas do Mundo in loco, 1990 na It\u00e1lia, 1994 nos EUA, 1998 na Fran\u00e7a, 2002 na Coreia do Sul e Jap\u00e3o, 2006 na Alemanha, 2010 na \u00c1frica do Sul, 2014 no Brasil, 2018 na R\u00fassia e 2022 no Qatar. Eurocopas, 1992 na Su\u00e9cia e 1996 na Inglaterra. Copa das Confedera\u00e7\u00f5es de 2005 na Alemanha e 2009 na \u00c1frica do Sul. Rep\u00f3rter e Editor, trabalhou no Jornal da Tarde e Estad\u00e3o, de 1984 a fevereiro de 2016. Colunista, blogueiro. E comentarista de futebol na R\u00e1dio Estad\u00e3o, de 2013 a fevereiro de 2016. Jornalista respons\u00e1vel do \"Pr\u00f3speri News\" (blogdoprosperi.com).","sameAs":["http:\/\/blogdoprosperi.com","Luiz Pr\u00f3speri","@luiz_prosperi","https:\/\/x.com\/Luizprosperi","@prosperinacopa","luiz.prosperi@icloud.com"],"url":"https:\/\/blogdoprosperi.com\/?author=102107496"}]}},"jetpack_publicize_connections":[],"jetpack_likes_enabled":false,"jetpack_sharing_enabled":true,"jetpack_shortlink":"https:\/\/wp.me\/p7jvdk-hq","jetpack-related-posts":[{"id":571,"url":"https:\/\/blogdoprosperi.com\/?p=571","url_meta":{"origin":1080,"position":0},"title":"Palmeiras sobrevive e n\u00e3o pode crucificar Gabriel Jesus","author":"Luiz Ant\u00f4nio Pr\u00f3speri","date":"7 de abril de 2016","format":false,"excerpt":"A situa\u00e7\u00e3o do Palmeiras \u00e9 cr\u00edtica na Copa Libertadores com o empate por 3 a 3 contra o Ros\u00e1rio Central na Argentina. O resultado deixa o time de Cuca com 5 pontos, tr\u00eas a menos que o Ros\u00e1rio e o Nacional, que enfrenta o River Plate, do Uruguai, nesta quinta-feira,\u2026","rel":"","context":"Em &quot;futebol&quot;","block_context":{"text":"futebol","link":"https:\/\/blogdoprosperi.com\/?cat=53870"},"img":{"alt_text":"","src":"https:\/\/i0.wp.com\/blogdoprosperi.com\/wp-content\/uploads\/2016\/04\/gabriel-jesus-palmeiras_5myu1h4cwp3m1weg8xi0ugky3.jpg?resize=350%2C200&ssl=1","width":350,"height":200,"srcset":"https:\/\/i0.wp.com\/blogdoprosperi.com\/wp-content\/uploads\/2016\/04\/gabriel-jesus-palmeiras_5myu1h4cwp3m1weg8xi0ugky3.jpg?resize=350%2C200&ssl=1 1x, https:\/\/i0.wp.com\/blogdoprosperi.com\/wp-content\/uploads\/2016\/04\/gabriel-jesus-palmeiras_5myu1h4cwp3m1weg8xi0ugky3.jpg?resize=525%2C300&ssl=1 1.5x"},"classes":[]},{"id":1329,"url":"https:\/\/blogdoprosperi.com\/?p=1329","url_meta":{"origin":1080,"position":1},"title":"Palmeiras perde tempo com Marcelo Oliveira e cai na Libertadores","author":"Luiz Ant\u00f4nio Pr\u00f3speri","date":"15 de abril de 2016","format":false,"excerpt":"\u00a0 O Palmeiras saiu aplaudido por cerca de 30 mil torcedores ao derrotar o fraco River Plate por 4 a 0 nesta noite de quinta-feira no Allianz Parque. A rea\u00e7\u00e3o da torcida foi de apoio aos jogadores e ao t\u00e9cnico Cuca, apesar da elimina\u00e7\u00e3o na primeira fase da Copa Libertadores\u2026","rel":"","context":"Em &quot;futebol&quot;","block_context":{"text":"futebol","link":"https:\/\/blogdoprosperi.com\/?cat=53870"},"img":{"alt_text":"","src":"https:\/\/i0.wp.com\/blogdoprosperi.com\/wp-content\/uploads\/2016\/04\/01e00dd35300bfab453f84b4a7ea0df7.jpg?resize=350%2C200&ssl=1","width":350,"height":200,"srcset":"https:\/\/i0.wp.com\/blogdoprosperi.com\/wp-content\/uploads\/2016\/04\/01e00dd35300bfab453f84b4a7ea0df7.jpg?resize=350%2C200&ssl=1 1x, https:\/\/i0.wp.com\/blogdoprosperi.com\/wp-content\/uploads\/2016\/04\/01e00dd35300bfab453f84b4a7ea0df7.jpg?resize=525%2C300&ssl=1 1.5x"},"classes":[]},{"id":33314,"url":"https:\/\/blogdoprosperi.com\/?p=33314","url_meta":{"origin":1080,"position":2},"title":"Roger Machado, ex-t\u00e9cnico do Gr\u00eamio e sem curr\u00edculo, vira objeto do desejo no Atl\u00e9tico-MG, Fluminense e Palmeiras","author":"Luiz Ant\u00f4nio Pr\u00f3speri","date":"28 de novembro de 2016","format":false,"excerpt":"Roger Machado apareceu como t\u00e9cnico de time grande no ano passado, ao substituir Felip\u00e3o no Gr\u00eamio na primeira rodada do Brasileir\u00e3o de 2015. Fez um bom campeonato e levou o clube ga\u00facho \u00e0 Copa Libertadores. Na temporada de 2016, n\u00e3o foi campe\u00e3o estadual, vacilou na metade do campeonato nacional e\u2026","rel":"","context":"Em &quot;Campeonato Brasileiro&quot;","block_context":{"text":"Campeonato Brasileiro","link":"https:\/\/blogdoprosperi.com\/?cat=355071"},"img":{"alt_text":"","src":"https:\/\/i0.wp.com\/blogdoprosperi.com\/wp-content\/uploads\/2016\/11\/17424185.jpg?resize=350%2C200&ssl=1","width":350,"height":200,"srcset":"https:\/\/i0.wp.com\/blogdoprosperi.com\/wp-content\/uploads\/2016\/11\/17424185.jpg?resize=350%2C200&ssl=1 1x, https:\/\/i0.wp.com\/blogdoprosperi.com\/wp-content\/uploads\/2016\/11\/17424185.jpg?resize=525%2C300&ssl=1 1.5x"},"classes":[]},{"id":35930,"url":"https:\/\/blogdoprosperi.com\/?p=35930","url_meta":{"origin":1080,"position":3},"title":"Palmeiras se encorpa com Cuca e avan\u00e7a \u00e0s oitavas da Libertadores. Flamengo fica pelo caminho","author":"Luiz Ant\u00f4nio Pr\u00f3speri","date":"25 de maio de 2017","format":false,"excerpt":"Palmeiras avan\u00e7a \u00e0s oitavas de final da Copa Libertadores 2017 e se junta a Santos, Atl\u00e9tico-MG, Atl\u00e9tico-PR, Botafogo e Gr\u00eamio, representantes do futebol brasileiro tamb\u00e9m classificados. Flamengo e Chapecoense ficaram no meio do caminho \u2013 clube catarinense ainda tenta recuperar a vaga na Corte Disciplinar da Conmebol. Derrota imposta ao\u2026","rel":"","context":"Em &quot;Copa Libertadores&quot;","block_context":{"text":"Copa Libertadores","link":"https:\/\/blogdoprosperi.com\/?cat=270704"},"img":{"alt_text":"","src":"https:\/\/i0.wp.com\/blogdoprosperi.com\/wp-content\/uploads\/2017\/05\/34032457084_b60b749025_o.jpg?fit=1000%2C604&ssl=1&resize=350%2C200","width":350,"height":200,"srcset":"https:\/\/i0.wp.com\/blogdoprosperi.com\/wp-content\/uploads\/2017\/05\/34032457084_b60b749025_o.jpg?fit=1000%2C604&ssl=1&resize=350%2C200 1x, https:\/\/i0.wp.com\/blogdoprosperi.com\/wp-content\/uploads\/2017\/05\/34032457084_b60b749025_o.jpg?fit=1000%2C604&ssl=1&resize=525%2C300 1.5x, https:\/\/i0.wp.com\/blogdoprosperi.com\/wp-content\/uploads\/2017\/05\/34032457084_b60b749025_o.jpg?fit=1000%2C604&ssl=1&resize=700%2C400 2x"},"classes":[]},{"id":44333,"url":"https:\/\/blogdoprosperi.com\/?p=44333","url_meta":{"origin":1080,"position":4},"title":"Copa do Brasil \u2013 Flamengo x Palmeiras: a dura caminhada de Abel Ferreira at\u00e9 o topo da montanha","author":"Luiz Ant\u00f4nio Pr\u00f3speri","date":"18 de julho de 2024","format":false,"excerpt":"Sorteio da Copa do Brasil tem confronto Palmeiras x Flamengo nas oitavas de final. Um deles, apontados como os mais poderosos clubes brasileiros, vai ficar no meio do caminho. E perder a oportunidade de embolsar cerca de 94 milh\u00f5es na soma da premia\u00e7\u00e3o total da CB. Palmeiras decide a vaga\u2026","rel":"","context":"Em &quot;futebol&quot;","block_context":{"text":"futebol","link":"https:\/\/blogdoprosperi.com\/?cat=53870"},"img":{"alt_text":"","src":"https:\/\/i0.wp.com\/blogdoprosperi.com\/wp-content\/uploads\/2024\/07\/zyqmery5.jpeg?fit=600%2C375&ssl=1&resize=350%2C200","width":350,"height":200,"srcset":"https:\/\/i0.wp.com\/blogdoprosperi.com\/wp-content\/uploads\/2024\/07\/zyqmery5.jpeg?fit=600%2C375&ssl=1&resize=350%2C200 1x, https:\/\/i0.wp.com\/blogdoprosperi.com\/wp-content\/uploads\/2024\/07\/zyqmery5.jpeg?fit=600%2C375&ssl=1&resize=525%2C300 1.5x"},"classes":[]},{"id":36010,"url":"https:\/\/blogdoprosperi.com\/?p=36010","url_meta":{"origin":1080,"position":5},"title":"Clubes da Libertadores se imp\u00f5em na Copa do Brasil","author":"Luiz Ant\u00f4nio Pr\u00f3speri","date":"1 de junho de 2017","format":false,"excerpt":"Sete dos oito clubes que vieram da Copa da Libertadores direto para oitavas chegaram \u00e0s quartas de final da Copa do Brasil. Gr\u00eamio, Palmeiras, Atl\u00e9tico-PR, Atl\u00e9tico-PR, Flamengo, Santos e Botafogo carimbaram a vaga. Nesta quinta-feira, a Chapecoense, que perdeu por 1 a 0 no jogo de ida, recebe o Cruzeiro\u2026","rel":"","context":"Em &quot;futebol&quot;","block_context":{"text":"futebol","link":"https:\/\/blogdoprosperi.com\/?cat=53870"},"img":{"alt_text":"","src":"https:\/\/i0.wp.com\/blogdoprosperi.com\/wp-content\/uploads\/2017\/06\/gremio_classificado.jpg?fit=500%2C333&ssl=1&resize=350%2C200","width":350,"height":200},"classes":[]}],"jetpack_featured_media_url":"","_links":{"self":[{"href":"https:\/\/blogdoprosperi.com\/index.php?rest_route=\/wp\/v2\/posts\/1080","targetHints":{"allow":["GET"]}}],"collection":[{"href":"https:\/\/blogdoprosperi.com\/index.php?rest_route=\/wp\/v2\/posts"}],"about":[{"href":"https:\/\/blogdoprosperi.com\/index.php?rest_route=\/wp\/v2\/types\/post"}],"author":[{"embeddable":true,"href":"https:\/\/blogdoprosperi.com\/index.php?rest_route=\/wp\/v2\/users\/102107496"}],"replies":[{"embeddable":true,"href":"https:\/\/blogdoprosperi.com\/index.php?rest_route=%2Fwp%2Fv2%2Fcomments&post=1080"}],"version-history":[{"count":25,"href":"https:\/\/blogdoprosperi.com\/index.php?rest_route=\/wp\/v2\/posts\/1080\/revisions"}],"predecessor-version":[{"id":1226,"href":"https:\/\/blogdoprosperi.com\/index.php?rest_route=\/wp\/v2\/posts\/1080\/revisions\/1226"}],"wp:attachment":[{"href":"https:\/\/blogdoprosperi.com\/index.php?rest_route=%2Fwp%2Fv2%2Fmedia&parent=1080"}],"wp:term":[{"taxonomy":"category","embeddable":true,"href":"https:\/\/blogdoprosperi.com\/index.php?rest_route=%2Fwp%2Fv2%2Fcategories&post=1080"},{"taxonomy":"post_tag","embeddable":true,"href":"https:\/\/blogdoprosperi.com\/index.php?rest_route=%2Fwp%2Fv2%2Ftags&post=1080"}],"curies":[{"name":"wp","href":"https:\/\/api.w.org\/{rel}","templated":true}]}}