{"id":11067,"date":"2016-06-16T19:50:22","date_gmt":"2016-06-16T19:50:22","guid":{"rendered":"http:\/\/blogdoprosperi.com\/?p=11067"},"modified":"2016-06-16T20:01:35","modified_gmt":"2016-06-16T20:01:35","slug":"a-improvavel-revolucao-de-tite-na-selecao-brasileira","status":"publish","type":"post","link":"https:\/\/blogdoprosperi.com\/?p=11067","title":{"rendered":"A improv\u00e1vel revolu\u00e7\u00e3o de Tite na Sele\u00e7\u00e3o Brasileira"},"content":{"rendered":"<p><span class=\"alignnone\"><img data-recalc-dims=\"1\" loading=\"lazy\" decoding=\"async\" data-attachment-id=\"11126\" data-permalink=\"https:\/\/blogdoprosperi.com\/?attachment_id=11126\" data-orig-file=\"https:\/\/i0.wp.com\/blogdoprosperi.com\/wp-content\/uploads\/2016\/06\/tite-corinthians-rib.jpg?fit=2000%2C1264&amp;ssl=1\" data-orig-size=\"2000,1264\" data-comments-opened=\"1\" data-image-meta=\"{&quot;aperture&quot;:&quot;0&quot;,&quot;credit&quot;:&quot;&quot;,&quot;camera&quot;:&quot;&quot;,&quot;caption&quot;:&quot;&quot;,&quot;created_timestamp&quot;:&quot;0&quot;,&quot;copyright&quot;:&quot;&quot;,&quot;focal_length&quot;:&quot;0&quot;,&quot;iso&quot;:&quot;0&quot;,&quot;shutter_speed&quot;:&quot;0&quot;,&quot;title&quot;:&quot;&quot;,&quot;orientation&quot;:&quot;0&quot;}\" data-image-title=\"tite-corinthians-rib\" data-image-description=\"\" data-image-caption=\"\" data-large-file=\"https:\/\/i0.wp.com\/blogdoprosperi.com\/wp-content\/uploads\/2016\/06\/tite-corinthians-rib.jpg?fit=940%2C594&amp;ssl=1\" class=\"alignnone size-full wp-image-11126\" src=\"https:\/\/i0.wp.com\/blogdoprosperi.com\/wp-content\/uploads\/2016\/06\/tite-corinthians-rib.jpg?resize=940%2C594&#038;ssl=1\" alt=\"tite-corinthians-rib\" width=\"940\" height=\"594\" \/><\/span><\/p>\n<p>Tite n\u00e3o vai revolucionar o futebol da Sele\u00e7\u00e3o Brasileira. Tendo como par\u00e2metro seus conceitos aplicados com sucesso no Corinthians, o escrete vai ter mais a cara dos europeus \u00e0 ess\u00eancia do aut\u00eantico estilo do Brasil.<\/p>\n<p>N\u00e3o h\u00e1 ilus\u00e3o. Nem Tite e muito menos a CBF t\u00eam como prioridade resgatar o futebol que imortalizou a Sele\u00e7\u00e3o e assombrou o mundo. Seremos mais uma vez ref\u00e9ns da musculatura e \u00f3rf\u00e3os cada vez mais do talento e improviso.<\/p>\n<p>Antes de se projetar como a Sele\u00e7\u00e3o vai se comportar com Tite, n\u00e3o custa alertar sobre o que disseram a respeito do treinador do Corinthians t\u00e3o logo aceitou o convite da CBF.<\/p>\n<p>&#8220;Tem car\u00e1ter. \u00c9 honesto. Trata o futebol com muito respeito. \u00c9 trabalhador, estudioso. Merece a Sele\u00e7\u00e3o, mas a Sele\u00e7\u00e3o e a CBF n\u00e3o merecem Tite. \u00c9 um profissional correto. Um vitorioso. Enfim, o Brasil tem um t\u00e9cnico decente. Era a vez de Tite. O melhor treinador do Brasil, disparado.&#8221;<\/p>\n<p>At\u00e9 a\u00ed, nada demais. Tite pode at\u00e9 ser tudo isso que disseram sobre ele nos \u00faltimos dias. Chama aten\u00e7\u00e3o, por\u00e9m, \u00e9 a falta total de uma reflex\u00e3o sobre como seus times jogam.<\/p>\n<p>Para muitos, pode n\u00e3o ter import\u00e2ncia, mas \u00e9 fundamental n\u00e3o s\u00f3 reorganizar a Sele\u00e7\u00e3o, mesmo no covil da CBF, e sim resgatar o prazer de ver o escrete jogar.<\/p>\n<p>N\u00e3o vai ser f\u00e1cil. Tite bebe na fonte do treinador italiano Calo Ancelotti, um mestre da organiza\u00e7\u00e3o e um traidor do improviso. Dif\u00edcil ouvir de Tite um elogio a Tel\u00ea Santana, por exemplo.<\/p>\n<p>Dentro de campo, seus times seguem os conceitos de intensidade, treinabilidade, meritocracia, mobilidade, ocupa\u00e7\u00e3o de espa\u00e7os, velocidade. Dribles, raro. Jogador que desequilibra um jogo, mais raro ainda. Tudo \u00e9 muito mec\u00e2nico.<\/p>\n<p>A Sele\u00e7\u00e3o Brasileira n\u00e3o precisa de um treinador honrado, precisa de voltar a jogar com prazer e n\u00e3o com os m\u00fasculos.<\/p>\n<div class=\"tiled-gallery type-rectangular tiled-gallery-unresized\" data-original-width=\"940\" data-carousel-extra='{&quot;blog_id&quot;:1,&quot;permalink&quot;:&quot;https:\\\/\\\/blogdoprosperi.com\\\/?p=11067&quot;,&quot;likes_blog_id&quot;:108082574}' itemscope itemtype=\"http:\/\/schema.org\/ImageGallery\" > <div class=\"gallery-row\" style=\"width: 940px; height: 157px;\" data-original-width=\"940\" data-original-height=\"157\" > <div class=\"gallery-group images-1\" style=\"width: 276px; height: 157px;\" data-original-width=\"276\" data-original-height=\"157\" > <div class=\"tiled-gallery-item tiled-gallery-item-large\" itemprop=\"associatedMedia\" itemscope itemtype=\"http:\/\/schema.org\/ImageObject\"> <a href=\"https:\/\/blogdoprosperi.com\/?attachment_id=11128\" border=\"0\" itemprop=\"url\"> <meta itemprop=\"width\" content=\"272\"> <meta itemprop=\"height\" content=\"153\"> <img decoding=\"async\" class=\"\" data-attachment-id=\"11128\" data-orig-file=\"https:\/\/blogdoprosperi.com\/wp-content\/uploads\/2016\/06\/feola1_09.jpg\" data-orig-size=\"652,366\" data-comments-opened=\"1\" data-image-meta=\"{&quot;aperture&quot;:&quot;0&quot;,&quot;credit&quot;:&quot;&quot;,&quot;camera&quot;:&quot;&quot;,&quot;caption&quot;:&quot;&quot;,&quot;created_timestamp&quot;:&quot;0&quot;,&quot;copyright&quot;:&quot;&quot;,&quot;focal_length&quot;:&quot;0&quot;,&quot;iso&quot;:&quot;0&quot;,&quot;shutter_speed&quot;:&quot;0&quot;,&quot;title&quot;:&quot;&quot;,&quot;orientation&quot;:&quot;0&quot;}\" data-image-title=\"feola1_09\" data-image-description=\"\" data-medium-file=\"https:\/\/i0.wp.com\/blogdoprosperi.com\/wp-content\/uploads\/2016\/06\/feola1_09.jpg?fit=650%2C365&#038;ssl=1\" data-large-file=\"https:\/\/i0.wp.com\/blogdoprosperi.com\/wp-content\/uploads\/2016\/06\/feola1_09.jpg?fit=652%2C366&#038;ssl=1\" src=\"https:\/\/i0.wp.com\/blogdoprosperi.com\/wp-content\/uploads\/2016\/06\/feola1_09.jpg?w=272&#038;h=153&#038;ssl=1\" width=\"272\" height=\"153\" loading=\"lazy\" data-original-width=\"272\" data-original-height=\"153\" itemprop=\"http:\/\/schema.org\/image\" title=\"feola1_09\" alt=\"feola1_09\" style=\"width: 272px; height: 153px;\" \/> <\/a> <\/div> <\/div> <!-- close group --> <div class=\"gallery-group images-1\" style=\"width: 156px; height: 157px;\" data-original-width=\"156\" data-original-height=\"157\" > <div class=\"tiled-gallery-item tiled-gallery-item-small\" itemprop=\"associatedMedia\" itemscope itemtype=\"http:\/\/schema.org\/ImageObject\"> <a href=\"https:\/\/blogdoprosperi.com\/?attachment_id=11127\" border=\"0\" itemprop=\"url\"> <meta itemprop=\"width\" content=\"152\"> <meta itemprop=\"height\" content=\"153\"> <img decoding=\"async\" class=\"\" data-attachment-id=\"11127\" data-orig-file=\"https:\/\/blogdoprosperi.com\/wp-content\/uploads\/2016\/06\/otecnicodefuteboljoaosaldanhacomacamisadaselecaobrasileiraemfotode19691302671806727_220x220.jpg\" data-orig-size=\"220,220\" data-comments-opened=\"1\" data-image-meta=\"{&quot;aperture&quot;:&quot;0&quot;,&quot;credit&quot;:&quot;&quot;,&quot;camera&quot;:&quot;&quot;,&quot;caption&quot;:&quot;&quot;,&quot;created_timestamp&quot;:&quot;0&quot;,&quot;copyright&quot;:&quot;&quot;,&quot;focal_length&quot;:&quot;0&quot;,&quot;iso&quot;:&quot;0&quot;,&quot;shutter_speed&quot;:&quot;0&quot;,&quot;title&quot;:&quot;&quot;,&quot;orientation&quot;:&quot;0&quot;}\" data-image-title=\"otecnicodefuteboljoaosaldanhacomacamisadaselecaobrasileiraemfotode19691302671806727_220x220\" data-image-description=\"\" data-medium-file=\"https:\/\/i0.wp.com\/blogdoprosperi.com\/wp-content\/uploads\/2016\/06\/otecnicodefuteboljoaosaldanhacomacamisadaselecaobrasileiraemfotode19691302671806727_220x220.jpg?fit=220%2C220&#038;ssl=1\" data-large-file=\"https:\/\/i0.wp.com\/blogdoprosperi.com\/wp-content\/uploads\/2016\/06\/otecnicodefuteboljoaosaldanhacomacamisadaselecaobrasileiraemfotode19691302671806727_220x220.jpg?fit=220%2C220&#038;ssl=1\" src=\"https:\/\/i0.wp.com\/blogdoprosperi.com\/wp-content\/uploads\/2016\/06\/otecnicodefuteboljoaosaldanhacomacamisadaselecaobrasileiraemfotode19691302671806727_220x220.jpg?w=152&#038;h=153&#038;ssl=1\" width=\"152\" height=\"153\" loading=\"lazy\" data-original-width=\"152\" data-original-height=\"153\" itemprop=\"http:\/\/schema.org\/image\" title=\"otecnicodefuteboljoaosaldanhacomacamisadaselecaobrasileiraemfotode19691302671806727_220x220\" alt=\"otecnicodefuteboljoaosaldanhacomacamisadaselecaobrasileiraemfotode19691302671806727_220x220\" style=\"width: 152px; height: 153px;\" \/> <\/a> <\/div> <\/div> <!-- close group --> <div class=\"gallery-group images-1\" style=\"width: 275px; height: 157px;\" data-original-width=\"275\" data-original-height=\"157\" > <div class=\"tiled-gallery-item tiled-gallery-item-large\" itemprop=\"associatedMedia\" itemscope itemtype=\"http:\/\/schema.org\/ImageObject\"> <a href=\"https:\/\/blogdoprosperi.com\/?attachment_id=11130\" border=\"0\" itemprop=\"url\"> <meta itemprop=\"width\" content=\"271\"> <meta itemprop=\"height\" content=\"153\"> <img decoding=\"async\" class=\"\" data-attachment-id=\"11130\" data-orig-file=\"https:\/\/blogdoprosperi.com\/wp-content\/uploads\/2016\/06\/segurando-a-taca-jules-rimet-ao-lado-do-capitao-carlos-alberto-torres-em-desfile-pela-comemoracao-da-conquista-da-copa-de-1970-size-598.jpg\" data-orig-size=\"597,336\" data-comments-opened=\"1\" data-image-meta=\"{&quot;aperture&quot;:&quot;0&quot;,&quot;credit&quot;:&quot;&quot;,&quot;camera&quot;:&quot;&quot;,&quot;caption&quot;:&quot;&quot;,&quot;created_timestamp&quot;:&quot;0&quot;,&quot;copyright&quot;:&quot;&quot;,&quot;focal_length&quot;:&quot;0&quot;,&quot;iso&quot;:&quot;0&quot;,&quot;shutter_speed&quot;:&quot;0&quot;,&quot;title&quot;:&quot;&quot;,&quot;orientation&quot;:&quot;0&quot;}\" data-image-title=\"Segurando-a-Taca-Jules-Rimet-ao-lado-do-capitao-Carlos-Alberto-Torres-em-desfile-pela-comemoracao-da-conquista-da-Copa-de-1970-size-598\" data-image-description=\"\" data-medium-file=\"https:\/\/i0.wp.com\/blogdoprosperi.com\/wp-content\/uploads\/2016\/06\/segurando-a-taca-jules-rimet-ao-lado-do-capitao-carlos-alberto-torres-em-desfile-pela-comemoracao-da-conquista-da-copa-de-1970-size-598.jpg?fit=597%2C336&#038;ssl=1\" data-large-file=\"https:\/\/i0.wp.com\/blogdoprosperi.com\/wp-content\/uploads\/2016\/06\/segurando-a-taca-jules-rimet-ao-lado-do-capitao-carlos-alberto-torres-em-desfile-pela-comemoracao-da-conquista-da-copa-de-1970-size-598.jpg?fit=597%2C336&#038;ssl=1\" src=\"https:\/\/i0.wp.com\/blogdoprosperi.com\/wp-content\/uploads\/2016\/06\/segurando-a-taca-jules-rimet-ao-lado-do-capitao-carlos-alberto-torres-em-desfile-pela-comemoracao-da-conquista-da-copa-de-1970-size-598.jpg?w=271&#038;h=153&#038;ssl=1\" width=\"271\" height=\"153\" loading=\"lazy\" data-original-width=\"271\" data-original-height=\"153\" itemprop=\"http:\/\/schema.org\/image\" title=\"Segurando-a-Taca-Jules-Rimet-ao-lado-do-capitao-Carlos-Alberto-Torres-em-desfile-pela-comemoracao-da-conquista-da-Copa-de-1970-size-598\" alt=\"Segurando-a-Taca-Jules-Rimet-ao-lado-do-capitao-Carlos-Alberto-Torres-em-desfile-pela-comemoracao-da-conquista-da-Copa-de-1970-size-598\" style=\"width: 271px; height: 153px;\" \/> <\/a> <\/div> <\/div> <!-- close group --> <div class=\"gallery-group images-1\" style=\"width: 233px; height: 157px;\" data-original-width=\"233\" data-original-height=\"157\" > <div class=\"tiled-gallery-item tiled-gallery-item-small\" itemprop=\"associatedMedia\" itemscope itemtype=\"http:\/\/schema.org\/ImageObject\"> <a href=\"https:\/\/blogdoprosperi.com\/?attachment_id=11131\" border=\"0\" itemprop=\"url\"> <meta itemprop=\"width\" content=\"229\"> <meta itemprop=\"height\" content=\"153\"> <img decoding=\"async\" class=\"\" data-attachment-id=\"11131\" data-orig-file=\"https:\/\/blogdoprosperi.com\/wp-content\/uploads\/2016\/06\/telesantana23-jpg_142535.jpg\" data-orig-size=\"630,420\" data-comments-opened=\"1\" data-image-meta=\"{&quot;aperture&quot;:&quot;0&quot;,&quot;credit&quot;:&quot;&quot;,&quot;camera&quot;:&quot;&quot;,&quot;caption&quot;:&quot;&quot;,&quot;created_timestamp&quot;:&quot;0&quot;,&quot;copyright&quot;:&quot;&quot;,&quot;focal_length&quot;:&quot;0&quot;,&quot;iso&quot;:&quot;0&quot;,&quot;shutter_speed&quot;:&quot;0&quot;,&quot;title&quot;:&quot;&quot;,&quot;orientation&quot;:&quot;0&quot;}\" data-image-title=\"telesantana23-jpg_142535\" data-image-description=\"\" data-medium-file=\"https:\/\/i0.wp.com\/blogdoprosperi.com\/wp-content\/uploads\/2016\/06\/telesantana23-jpg_142535.jpg?fit=567%2C378&#038;ssl=1\" data-large-file=\"https:\/\/i0.wp.com\/blogdoprosperi.com\/wp-content\/uploads\/2016\/06\/telesantana23-jpg_142535.jpg?fit=630%2C420&#038;ssl=1\" src=\"https:\/\/i0.wp.com\/blogdoprosperi.com\/wp-content\/uploads\/2016\/06\/telesantana23-jpg_142535.jpg?w=229&#038;h=153&#038;ssl=1\" width=\"229\" height=\"153\" loading=\"lazy\" data-original-width=\"229\" data-original-height=\"153\" itemprop=\"http:\/\/schema.org\/image\" title=\"telesantana23-jpg_142535\" alt=\"telesantana23-jpg_142535\" style=\"width: 229px; height: 153px;\" \/> <\/a> <\/div> <\/div> <!-- close group --> <\/div> <!-- close row --> <\/div>\n<p>Nas fotos acima, Feola (campe\u00e3o na Copa de 1958), Jo\u00e3o Saldanha (mentor da Sele\u00e7\u00e3o de 70), Zagallo (campe\u00e3o do tri no M\u00e9xico) e Tel\u00ea Santana (na Copa de 82). Todos revolucion\u00e1rios no comando da Sele\u00e7\u00e3o.<\/p>\n<p>Veja algumas teses a respeito do momento do futebol brasileiro:<\/p>\n<blockquote><p>&#8220;\u00c9 o pior momento do futebol brasileiro. E um decl\u00ednio de alguns anos s\u00e3o as consequ\u00eancias. A Copa do Mundo (2014) foi tr\u00e1gica, uma grande decep\u00e7\u00e3o, porque o Brasil tem sido uma escola de futebol bom e \u00e9 agora um exemplo de futebol ruim. Mas n\u00e3o \u00e9 s\u00f3 o que dizemos do lado de fora, mesmos brasileiros, grandes jogadores como Tost\u00e3o, Rivellino, Gerson e Falc\u00e3o, tamb\u00e9m criticam a organiza\u00e7\u00e3o e os treinadores por n\u00e3o apostar no talento, um bom futebol no campeonato local. Assim bons jogadores n\u00e3o v\u00e3o aparecer. E os \u00faltimos treinadores t\u00eam outra id\u00e9ia do futebol, n\u00e3o a id\u00e9ia brasileira, n\u00e3o a identidade. O Brasil tem perdido o que \u00e9 pior de ser perdido, a identidade. Uma vez um motorista de t\u00e1xi me disse durante a Copa do Mundo de 2014 no Rio: &#8216;N\u00f3s somos temos camisa e hist\u00f3ria, nada mais&#8217;. &#8221; <strong>ANGEL CAPPA &#8211; ex-treinador de futebol e escritor<\/strong><\/p>\n<p>\u201cO importante no Brasil \u00e9 o resultado, porque se um treinador perde tr\u00eas jogos vai para a rua e isso os deixa inseguros. N\u00e3o existe um plano a m\u00e9dio ou longo prazo. Tudo se resume ao resultado. Come\u00e7amos a jogar com \u201coper\u00e1rios\u201d e os jogadores mais t\u00e9cnicos foram ficando de lado. Acabaram os camisas 10, acabaram os pontas, e j\u00e1 n\u00e3o produzimos tantos grandes laterais. Hoje jogamos em fun\u00e7\u00e3o do Neymar.\u201d <strong>MAZINHO &#8211; campe\u00e3o na Copa de 94<\/strong><\/p>\n<p>&#8220;Em pequenos detalhes, em uma conversa em um bar, na escolha de uma gest\u00e3o ou decis\u00e3o de um treinador, voc\u00ea percebe como o futebol \u00e9 interpretado de uma sociedade. Embora o Brasil tenha come\u00e7ado a descapitalizar algo tr\u00e1gico para a sua cultura. H\u00e1 algum tempo que a sociedade brasileira parou de falar sobre futebol e come\u00e7ou a virar as costas \u00e0 sua hist\u00f3ria, a sua ess\u00eancia; em \u00faltima inst\u00e2ncia, a maneira como eles se sentem. A praia, a m\u00fasica e a bola s\u00e3o (ou eram) parte de uma heran\u00e7a cultural. Brasil queria ir para procurar a verdade para a Europa e come\u00e7ou a importar uma s\u00e9rie de conceitos, ligado a um futebol cient\u00edfico e musculares par\u00e2metros, e definir um caminho para o valor f\u00edsico do jogador, feita a capacidade t\u00e1tica, e esqueceu-se sobre a t\u00e9cnica e no\u00e7\u00f5es de jogo.&#8221;\u00a0<strong>DIEGO LA TORRE &#8211; jornalista do El Pa\u00eds<\/strong><\/p><\/blockquote>\n","protected":false},"excerpt":{"rendered":"<p>Tite n\u00e3o vai revolucionar o futebol da Sele\u00e7\u00e3o Brasileira. Tendo como par\u00e2metro seus conceitos aplicados com sucesso no [&hellip;]<\/p>\n","protected":false},"author":102107496,"featured_media":0,"comment_status":"open","ping_status":"open","sticky":false,"template":"","format":"standard","meta":{"_coblocks_attr":"","_coblocks_dimensions":"","_coblocks_responsive_height":"","_coblocks_accordion_ie_support":"","_jetpack_newsletter_access":"","_jetpack_dont_email_post_to_subs":false,"_jetpack_newsletter_tier_id":0,"_jetpack_memberships_contains_paywalled_content":false,"_wpcom_ai_launchpad_first_post":false,"_jetpack_feature_clip_id":0,"_jetpack_memberships_contains_paid_content":false,"footnotes":"","jetpack_publicize_message":"","jetpack_publicize_feature_enabled":true,"jetpack_social_post_already_shared":false,"jetpack_social_options":{"image_generator_settings":{"template":"highway","default_image_id":0,"font":"","enabled":false},"version":2},"jetpack_post_was_ever_published":false},"categories":[53870],"tags":[789560569,177066,789560560,1681373,4312002,789560562,503813579,1814220,2436301],"class_list":["post-11067","post","type-post","status-publish","format-standard","hentry","category-futebol","tag-cbf","tag-corinthians","tag-futebol","tag-joao-saldanha","tag-mazinho","tag-selecao-brasileira","tag-tela-santana","tag-tite","tag-zagallo"],"yoast_head":"<!-- This site is optimized with the Yoast SEO plugin v28.3 - https:\/\/yoast.com\/product\/yoast-seo-wordpress\/ -->\n<title>A improv\u00e1vel revolu\u00e7\u00e3o de Tite na Sele\u00e7\u00e3o Brasileira - PR\u00d3SPERI NEWS<\/title>\n<meta name=\"robots\" content=\"index, follow, max-snippet:-1, max-image-preview:large, max-video-preview:-1\" \/>\n<link rel=\"canonical\" href=\"https:\/\/blogdoprosperi.com\/?p=11067\" \/>\n<meta property=\"og:locale\" content=\"pt_BR\" \/>\n<meta property=\"og:type\" content=\"article\" \/>\n<meta property=\"og:title\" content=\"A improv\u00e1vel revolu\u00e7\u00e3o de Tite na Sele\u00e7\u00e3o Brasileira - PR\u00d3SPERI NEWS\" \/>\n<meta property=\"og:description\" content=\"Tite n\u00e3o vai revolucionar o futebol da Sele\u00e7\u00e3o Brasileira. Tendo como par\u00e2metro seus conceitos aplicados com sucesso no [&hellip;]\" \/>\n<meta property=\"og:url\" content=\"https:\/\/blogdoprosperi.com\/?p=11067\" \/>\n<meta property=\"og:site_name\" content=\"PR\u00d3SPERI NEWS\" \/>\n<meta property=\"article:publisher\" content=\"Luiz Pr\u00f3speri\" \/>\n<meta property=\"article:author\" content=\"Luiz Pr\u00f3speri\" \/>\n<meta property=\"article:published_time\" content=\"2016-06-16T19:50:22+00:00\" \/>\n<meta property=\"article:modified_time\" content=\"2016-06-16T20:01:35+00:00\" \/>\n<meta property=\"og:image\" content=\"https:\/\/i0.wp.com\/blogdoprosperi.com\/wp-content\/uploads\/2016\/06\/feola1_09.jpg?w=272&#038;h=153&#038;ssl=1\" \/>\n<meta name=\"author\" content=\"Luiz Ant\u00f4nio Pr\u00f3speri\" \/>\n<meta name=\"twitter:card\" content=\"summary_large_image\" \/>\n<meta name=\"twitter:creator\" content=\"@Luizprosperi\" \/>\n<meta name=\"twitter:site\" content=\"@Luizprosperi\" \/>\n<meta name=\"twitter:label1\" content=\"Escrito por\" \/>\n\t<meta name=\"twitter:data1\" content=\"Luiz Ant\u00f4nio Pr\u00f3speri\" \/>\n\t<meta name=\"twitter:label2\" content=\"Est. tempo de leitura\" \/>\n\t<meta name=\"twitter:data2\" content=\"4 minutos\" \/>\n<script type=\"application\/ld+json\" class=\"yoast-schema-graph\">{\"@context\":\"https:\\\/\\\/schema.org\",\"@graph\":[{\"@type\":\"Article\",\"@id\":\"https:\\\/\\\/blogdoprosperi.com\\\/?p=11067#article\",\"isPartOf\":{\"@id\":\"https:\\\/\\\/blogdoprosperi.com\\\/?p=11067\"},\"author\":{\"name\":\"Luiz Ant\u00f4nio Pr\u00f3speri\",\"@id\":\"https:\\\/\\\/blogdoprosperi.com\\\/#\\\/schema\\\/person\\\/38100755ce3601861ee4fab9b5aa78e9\"},\"headline\":\"A improv\u00e1vel revolu\u00e7\u00e3o de Tite na Sele\u00e7\u00e3o Brasileira\",\"datePublished\":\"2016-06-16T19:50:22+00:00\",\"dateModified\":\"2016-06-16T20:01:35+00:00\",\"mainEntityOfPage\":{\"@id\":\"https:\\\/\\\/blogdoprosperi.com\\\/?p=11067\"},\"wordCount\":811,\"commentCount\":1,\"publisher\":{\"@id\":\"https:\\\/\\\/blogdoprosperi.com\\\/#\\\/schema\\\/person\\\/38100755ce3601861ee4fab9b5aa78e9\"},\"image\":{\"@id\":\"https:\\\/\\\/blogdoprosperi.com\\\/?p=11067#primaryimage\"},\"thumbnailUrl\":\"https:\\\/\\\/blogdoprosperi.com\\\/wp-content\\\/uploads\\\/2016\\\/06\\\/tite-corinthians-rib.jpg\",\"keywords\":[\"CBF\",\"Corinthians\",\"futebol\",\"Jo\u00e3o Saldanha\",\"Mazinho\",\"Sele\u00e7\u00e3o Brasileira\",\"Tela Santana\",\"Tite\",\"Zagallo\"],\"articleSection\":[\"futebol\"],\"inLanguage\":\"pt-BR\",\"potentialAction\":[{\"@type\":\"CommentAction\",\"name\":\"Comment\",\"target\":[\"https:\\\/\\\/blogdoprosperi.com\\\/?p=11067#respond\"]}]},{\"@type\":\"WebPage\",\"@id\":\"https:\\\/\\\/blogdoprosperi.com\\\/?p=11067\",\"url\":\"https:\\\/\\\/blogdoprosperi.com\\\/?p=11067\",\"name\":\"A improv\u00e1vel revolu\u00e7\u00e3o de Tite na Sele\u00e7\u00e3o Brasileira - PR\u00d3SPERI NEWS\",\"isPartOf\":{\"@id\":\"https:\\\/\\\/blogdoprosperi.com\\\/#website\"},\"primaryImageOfPage\":{\"@id\":\"https:\\\/\\\/blogdoprosperi.com\\\/?p=11067#primaryimage\"},\"image\":{\"@id\":\"https:\\\/\\\/blogdoprosperi.com\\\/?p=11067#primaryimage\"},\"thumbnailUrl\":\"https:\\\/\\\/blogdoprosperi.com\\\/wp-content\\\/uploads\\\/2016\\\/06\\\/tite-corinthians-rib.jpg\",\"datePublished\":\"2016-06-16T19:50:22+00:00\",\"dateModified\":\"2016-06-16T20:01:35+00:00\",\"breadcrumb\":{\"@id\":\"https:\\\/\\\/blogdoprosperi.com\\\/?p=11067#breadcrumb\"},\"inLanguage\":\"pt-BR\",\"potentialAction\":[{\"@type\":\"ReadAction\",\"target\":[\"https:\\\/\\\/blogdoprosperi.com\\\/?p=11067\"]}]},{\"@type\":\"ImageObject\",\"inLanguage\":\"pt-BR\",\"@id\":\"https:\\\/\\\/blogdoprosperi.com\\\/?p=11067#primaryimage\",\"url\":\"https:\\\/\\\/i0.wp.com\\\/blogdoprosperi.com\\\/wp-content\\\/uploads\\\/2016\\\/06\\\/tite-corinthians-rib.jpg?fit=2000%2C1264&ssl=1\",\"contentUrl\":\"https:\\\/\\\/i0.wp.com\\\/blogdoprosperi.com\\\/wp-content\\\/uploads\\\/2016\\\/06\\\/tite-corinthians-rib.jpg?fit=2000%2C1264&ssl=1\",\"width\":2000,\"height\":1264},{\"@type\":\"BreadcrumbList\",\"@id\":\"https:\\\/\\\/blogdoprosperi.com\\\/?p=11067#breadcrumb\",\"itemListElement\":[{\"@type\":\"ListItem\",\"position\":1,\"name\":\"In\u00edcio\",\"item\":\"https:\\\/\\\/blogdoprosperi.com\\\/\"},{\"@type\":\"ListItem\",\"position\":2,\"name\":\"A improv\u00e1vel revolu\u00e7\u00e3o de Tite na Sele\u00e7\u00e3o Brasileira\"}]},{\"@type\":\"WebSite\",\"@id\":\"https:\\\/\\\/blogdoprosperi.com\\\/#website\",\"url\":\"https:\\\/\\\/blogdoprosperi.com\\\/\",\"name\":\"PR\u00d3SPERI NEWS\",\"description\":\"TUDO \u00c9  FUTEBOL\",\"publisher\":{\"@id\":\"https:\\\/\\\/blogdoprosperi.com\\\/#\\\/schema\\\/person\\\/38100755ce3601861ee4fab9b5aa78e9\"},\"alternateName\":\"blogdoprosperi.com\",\"potentialAction\":[{\"@type\":\"SearchAction\",\"target\":{\"@type\":\"EntryPoint\",\"urlTemplate\":\"https:\\\/\\\/blogdoprosperi.com\\\/?s={search_term_string}\"},\"query-input\":{\"@type\":\"PropertyValueSpecification\",\"valueRequired\":true,\"valueName\":\"search_term_string\"}}],\"inLanguage\":\"pt-BR\"},{\"@type\":[\"Person\",\"Organization\"],\"@id\":\"https:\\\/\\\/blogdoprosperi.com\\\/#\\\/schema\\\/person\\\/38100755ce3601861ee4fab9b5aa78e9\",\"name\":\"Luiz Ant\u00f4nio Pr\u00f3speri\",\"pronouns\":\"ele\",\"image\":{\"@type\":\"ImageObject\",\"inLanguage\":\"pt-BR\",\"@id\":\"https:\\\/\\\/i0.wp.com\\\/blogdoprosperi.com\\\/wp-content\\\/uploads\\\/2026\\\/05\\\/cropped-8059e613-6002-42fa-961e-8e275f575d71-2-5.jpg?fit=1360%2C931&ssl=1\",\"url\":\"https:\\\/\\\/i0.wp.com\\\/blogdoprosperi.com\\\/wp-content\\\/uploads\\\/2026\\\/05\\\/cropped-8059e613-6002-42fa-961e-8e275f575d71-2-5.jpg?fit=1360%2C931&ssl=1\",\"contentUrl\":\"https:\\\/\\\/i0.wp.com\\\/blogdoprosperi.com\\\/wp-content\\\/uploads\\\/2026\\\/05\\\/cropped-8059e613-6002-42fa-961e-8e275f575d71-2-5.jpg?fit=1360%2C931&ssl=1\",\"width\":1360,\"height\":931,\"caption\":\"Luiz Ant\u00f4nio Pr\u00f3speri\"},\"logo\":{\"@id\":\"https:\\\/\\\/i0.wp.com\\\/blogdoprosperi.com\\\/wp-content\\\/uploads\\\/2026\\\/05\\\/cropped-8059e613-6002-42fa-961e-8e275f575d71-2-5.jpg?fit=1360%2C931&ssl=1\"},\"description\":\"Jornalista com carreira dedicada ao esporte. Cobriu 9 Copas do Mundo in loco, 1990 na It\u00e1lia, 1994 nos EUA, 1998 na Fran\u00e7a, 2002 na Coreia do Sul e Jap\u00e3o, 2006 na Alemanha, 2010 na \u00c1frica do Sul, 2014 no Brasil, 2018 na R\u00fassia e 2022 no Qatar. Eurocopas, 1992 na Su\u00e9cia e 1996 na Inglaterra. Copa das Confedera\u00e7\u00f5es de 2005 na Alemanha e 2009 na \u00c1frica do Sul. Rep\u00f3rter e Editor, trabalhou no Jornal da Tarde e Estad\u00e3o, de 1984 a fevereiro de 2016. Colunista, blogueiro. E comentarista de futebol na R\u00e1dio Estad\u00e3o, de 2013 a fevereiro de 2016. Jornalista respons\u00e1vel do \\\"Pr\u00f3speri News\\\" (blogdoprosperi.com).\",\"sameAs\":[\"http:\\\/\\\/blogdoprosperi.com\",\"Luiz Pr\u00f3speri\",\"@luiz_prosperi\",\"https:\\\/\\\/x.com\\\/Luizprosperi\",\"@prosperinacopa\",\"luiz.prosperi@icloud.com\"],\"url\":\"https:\\\/\\\/blogdoprosperi.com\\\/?author=102107496\"}]}<\/script>\n<!-- \/ Yoast SEO plugin. -->","yoast_head_json":{"title":"A improv\u00e1vel revolu\u00e7\u00e3o de Tite na Sele\u00e7\u00e3o Brasileira - PR\u00d3SPERI NEWS","robots":{"index":"index","follow":"follow","max-snippet":"max-snippet:-1","max-image-preview":"max-image-preview:large","max-video-preview":"max-video-preview:-1"},"canonical":"https:\/\/blogdoprosperi.com\/?p=11067","og_locale":"pt_BR","og_type":"article","og_title":"A improv\u00e1vel revolu\u00e7\u00e3o de Tite na Sele\u00e7\u00e3o Brasileira - PR\u00d3SPERI NEWS","og_description":"Tite n\u00e3o vai revolucionar o futebol da Sele\u00e7\u00e3o Brasileira. Tendo como par\u00e2metro seus conceitos aplicados com sucesso no [&hellip;]","og_url":"https:\/\/blogdoprosperi.com\/?p=11067","og_site_name":"PR\u00d3SPERI NEWS","article_publisher":"Luiz Pr\u00f3speri","article_author":"Luiz Pr\u00f3speri","article_published_time":"2016-06-16T19:50:22+00:00","article_modified_time":"2016-06-16T20:01:35+00:00","og_image":[{"url":"https:\/\/i0.wp.com\/blogdoprosperi.com\/wp-content\/uploads\/2016\/06\/feola1_09.jpg?w=272&#038;h=153&#038;ssl=1","type":"","width":"","height":""}],"author":"Luiz Ant\u00f4nio Pr\u00f3speri","twitter_card":"summary_large_image","twitter_creator":"@Luizprosperi","twitter_site":"@Luizprosperi","twitter_misc":{"Escrito por":"Luiz Ant\u00f4nio Pr\u00f3speri","Est. tempo de leitura":"4 minutos"},"schema":{"@context":"https:\/\/schema.org","@graph":[{"@type":"Article","@id":"https:\/\/blogdoprosperi.com\/?p=11067#article","isPartOf":{"@id":"https:\/\/blogdoprosperi.com\/?p=11067"},"author":{"name":"Luiz Ant\u00f4nio Pr\u00f3speri","@id":"https:\/\/blogdoprosperi.com\/#\/schema\/person\/38100755ce3601861ee4fab9b5aa78e9"},"headline":"A improv\u00e1vel revolu\u00e7\u00e3o de Tite na Sele\u00e7\u00e3o Brasileira","datePublished":"2016-06-16T19:50:22+00:00","dateModified":"2016-06-16T20:01:35+00:00","mainEntityOfPage":{"@id":"https:\/\/blogdoprosperi.com\/?p=11067"},"wordCount":811,"commentCount":1,"publisher":{"@id":"https:\/\/blogdoprosperi.com\/#\/schema\/person\/38100755ce3601861ee4fab9b5aa78e9"},"image":{"@id":"https:\/\/blogdoprosperi.com\/?p=11067#primaryimage"},"thumbnailUrl":"https:\/\/blogdoprosperi.com\/wp-content\/uploads\/2016\/06\/tite-corinthians-rib.jpg","keywords":["CBF","Corinthians","futebol","Jo\u00e3o Saldanha","Mazinho","Sele\u00e7\u00e3o Brasileira","Tela Santana","Tite","Zagallo"],"articleSection":["futebol"],"inLanguage":"pt-BR","potentialAction":[{"@type":"CommentAction","name":"Comment","target":["https:\/\/blogdoprosperi.com\/?p=11067#respond"]}]},{"@type":"WebPage","@id":"https:\/\/blogdoprosperi.com\/?p=11067","url":"https:\/\/blogdoprosperi.com\/?p=11067","name":"A improv\u00e1vel revolu\u00e7\u00e3o de Tite na Sele\u00e7\u00e3o Brasileira - PR\u00d3SPERI NEWS","isPartOf":{"@id":"https:\/\/blogdoprosperi.com\/#website"},"primaryImageOfPage":{"@id":"https:\/\/blogdoprosperi.com\/?p=11067#primaryimage"},"image":{"@id":"https:\/\/blogdoprosperi.com\/?p=11067#primaryimage"},"thumbnailUrl":"https:\/\/blogdoprosperi.com\/wp-content\/uploads\/2016\/06\/tite-corinthians-rib.jpg","datePublished":"2016-06-16T19:50:22+00:00","dateModified":"2016-06-16T20:01:35+00:00","breadcrumb":{"@id":"https:\/\/blogdoprosperi.com\/?p=11067#breadcrumb"},"inLanguage":"pt-BR","potentialAction":[{"@type":"ReadAction","target":["https:\/\/blogdoprosperi.com\/?p=11067"]}]},{"@type":"ImageObject","inLanguage":"pt-BR","@id":"https:\/\/blogdoprosperi.com\/?p=11067#primaryimage","url":"https:\/\/i0.wp.com\/blogdoprosperi.com\/wp-content\/uploads\/2016\/06\/tite-corinthians-rib.jpg?fit=2000%2C1264&ssl=1","contentUrl":"https:\/\/i0.wp.com\/blogdoprosperi.com\/wp-content\/uploads\/2016\/06\/tite-corinthians-rib.jpg?fit=2000%2C1264&ssl=1","width":2000,"height":1264},{"@type":"BreadcrumbList","@id":"https:\/\/blogdoprosperi.com\/?p=11067#breadcrumb","itemListElement":[{"@type":"ListItem","position":1,"name":"In\u00edcio","item":"https:\/\/blogdoprosperi.com\/"},{"@type":"ListItem","position":2,"name":"A improv\u00e1vel revolu\u00e7\u00e3o de Tite na Sele\u00e7\u00e3o Brasileira"}]},{"@type":"WebSite","@id":"https:\/\/blogdoprosperi.com\/#website","url":"https:\/\/blogdoprosperi.com\/","name":"PR\u00d3SPERI NEWS","description":"TUDO \u00c9  FUTEBOL","publisher":{"@id":"https:\/\/blogdoprosperi.com\/#\/schema\/person\/38100755ce3601861ee4fab9b5aa78e9"},"alternateName":"blogdoprosperi.com","potentialAction":[{"@type":"SearchAction","target":{"@type":"EntryPoint","urlTemplate":"https:\/\/blogdoprosperi.com\/?s={search_term_string}"},"query-input":{"@type":"PropertyValueSpecification","valueRequired":true,"valueName":"search_term_string"}}],"inLanguage":"pt-BR"},{"@type":["Person","Organization"],"@id":"https:\/\/blogdoprosperi.com\/#\/schema\/person\/38100755ce3601861ee4fab9b5aa78e9","name":"Luiz Ant\u00f4nio Pr\u00f3speri","pronouns":"ele","image":{"@type":"ImageObject","inLanguage":"pt-BR","@id":"https:\/\/i0.wp.com\/blogdoprosperi.com\/wp-content\/uploads\/2026\/05\/cropped-8059e613-6002-42fa-961e-8e275f575d71-2-5.jpg?fit=1360%2C931&ssl=1","url":"https:\/\/i0.wp.com\/blogdoprosperi.com\/wp-content\/uploads\/2026\/05\/cropped-8059e613-6002-42fa-961e-8e275f575d71-2-5.jpg?fit=1360%2C931&ssl=1","contentUrl":"https:\/\/i0.wp.com\/blogdoprosperi.com\/wp-content\/uploads\/2026\/05\/cropped-8059e613-6002-42fa-961e-8e275f575d71-2-5.jpg?fit=1360%2C931&ssl=1","width":1360,"height":931,"caption":"Luiz Ant\u00f4nio Pr\u00f3speri"},"logo":{"@id":"https:\/\/i0.wp.com\/blogdoprosperi.com\/wp-content\/uploads\/2026\/05\/cropped-8059e613-6002-42fa-961e-8e275f575d71-2-5.jpg?fit=1360%2C931&ssl=1"},"description":"Jornalista com carreira dedicada ao esporte. Cobriu 9 Copas do Mundo in loco, 1990 na It\u00e1lia, 1994 nos EUA, 1998 na Fran\u00e7a, 2002 na Coreia do Sul e Jap\u00e3o, 2006 na Alemanha, 2010 na \u00c1frica do Sul, 2014 no Brasil, 2018 na R\u00fassia e 2022 no Qatar. Eurocopas, 1992 na Su\u00e9cia e 1996 na Inglaterra. Copa das Confedera\u00e7\u00f5es de 2005 na Alemanha e 2009 na \u00c1frica do Sul. Rep\u00f3rter e Editor, trabalhou no Jornal da Tarde e Estad\u00e3o, de 1984 a fevereiro de 2016. Colunista, blogueiro. E comentarista de futebol na R\u00e1dio Estad\u00e3o, de 2013 a fevereiro de 2016. Jornalista respons\u00e1vel do \"Pr\u00f3speri News\" (blogdoprosperi.com).","sameAs":["http:\/\/blogdoprosperi.com","Luiz Pr\u00f3speri","@luiz_prosperi","https:\/\/x.com\/Luizprosperi","@prosperinacopa","luiz.prosperi@icloud.com"],"url":"https:\/\/blogdoprosperi.com\/?author=102107496"}]}},"jetpack_publicize_connections":[],"jetpack_likes_enabled":false,"jetpack_sharing_enabled":true,"jetpack_shortlink":"https:\/\/wp.me\/p7jvdk-2Sv","jetpack-related-posts":[{"id":37724,"url":"https:\/\/blogdoprosperi.com\/?p=37724","url_meta":{"origin":11067,"position":0},"title":"Tite cada vez mais sozinho","author":"Luiz Ant\u00f4nio Pr\u00f3speri","date":"17 de maio de 2019","format":false,"excerpt":"Tite perde mais um assessor importante na comiss\u00e3o t\u00e9cnica da Sele\u00e7\u00e3o Brasileira. Sylvinho, seu homem de confian\u00e7a e auxiliar com direito a participar at\u00e9 de coletivas de imprensa ao seu lado, como fez na Copa da R\u00fassia, vai assumir o comando do Lyon da Fran\u00e7a. J\u00e1. Antes mesmo da Copa\u2026","rel":"","context":"Em &quot;Copa do Mundo 2018&quot;","block_context":{"text":"Copa do Mundo 2018","link":"https:\/\/blogdoprosperi.com\/?cat=43723753"},"img":{"alt_text":"","src":"https:\/\/i0.wp.com\/blogdoprosperi.com\/wp-content\/uploads\/2019\/05\/x82709690_soccer-footballcopa-america-2019-brazilian-team-announcedrio-de-janeiro-brazilmay.jpg.pagespeed.ic_.5szevbmi7z.jpg?fit=1086%2C652&ssl=1&resize=350%2C200","width":350,"height":200,"srcset":"https:\/\/i0.wp.com\/blogdoprosperi.com\/wp-content\/uploads\/2019\/05\/x82709690_soccer-footballcopa-america-2019-brazilian-team-announcedrio-de-janeiro-brazilmay.jpg.pagespeed.ic_.5szevbmi7z.jpg?fit=1086%2C652&ssl=1&resize=350%2C200 1x, https:\/\/i0.wp.com\/blogdoprosperi.com\/wp-content\/uploads\/2019\/05\/x82709690_soccer-footballcopa-america-2019-brazilian-team-announcedrio-de-janeiro-brazilmay.jpg.pagespeed.ic_.5szevbmi7z.jpg?fit=1086%2C652&ssl=1&resize=525%2C300 1.5x, https:\/\/i0.wp.com\/blogdoprosperi.com\/wp-content\/uploads\/2019\/05\/x82709690_soccer-footballcopa-america-2019-brazilian-team-announcedrio-de-janeiro-brazilmay.jpg.pagespeed.ic_.5szevbmi7z.jpg?fit=1086%2C652&ssl=1&resize=700%2C400 2x, https:\/\/i0.wp.com\/blogdoprosperi.com\/wp-content\/uploads\/2019\/05\/x82709690_soccer-footballcopa-america-2019-brazilian-team-announcedrio-de-janeiro-brazilmay.jpg.pagespeed.ic_.5szevbmi7z.jpg?fit=1086%2C652&ssl=1&resize=1050%2C600 3x"},"classes":[]},{"id":167,"url":"https:\/\/blogdoprosperi.com\/?p=167","url_meta":{"origin":11067,"position":1},"title":"Corinthians joga pesado com medo de perder Tite","author":"Luiz Ant\u00f4nio Pr\u00f3speri","date":"1 de abril de 2016","format":false,"excerpt":"\u00a0 \"O Corinthians tem presidente, a CBF, n\u00e3o. O Corinthians tem t\u00e9cnico, a CBF, n\u00e3o.\" Com essas declara\u00e7\u00f5es, Roberto Andrade, presidente do Corinthians, deu um n\u00e3o \u00e0 eventual troca de Dunga por Tite no comando da Sele\u00e7\u00e3o Brasileira. A estrat\u00e9gia de Andrade \u00e9 minar a CBF e tirar a credibilidade\u2026","rel":"","context":"Em &quot;futebol&quot;","block_context":{"text":"futebol","link":"https:\/\/blogdoprosperi.com\/?cat=53870"},"img":{"alt_text":"","src":"https:\/\/i0.wp.com\/blogdoprosperi.com\/wp-content\/uploads\/2016\/04\/59c9d470-e4f4-11e4-86ce-318bab141496_inn201504160161.jpg?resize=350%2C200&ssl=1","width":350,"height":200,"srcset":"https:\/\/i0.wp.com\/blogdoprosperi.com\/wp-content\/uploads\/2016\/04\/59c9d470-e4f4-11e4-86ce-318bab141496_inn201504160161.jpg?resize=350%2C200&ssl=1 1x, https:\/\/i0.wp.com\/blogdoprosperi.com\/wp-content\/uploads\/2016\/04\/59c9d470-e4f4-11e4-86ce-318bab141496_inn201504160161.jpg?resize=525%2C300&ssl=1 1.5x"},"classes":[]},{"id":10640,"url":"https:\/\/blogdoprosperi.com\/?p=10640","url_meta":{"origin":11067,"position":2},"title":"O que muda na Sele\u00e7\u00e3o Brasileira com a troca de Dunga por Tite","author":"Luiz Ant\u00f4nio Pr\u00f3speri","date":"14 de junho de 2016","format":false,"excerpt":"Marco Polo Del Nero repete com a demiss\u00e3o de Dunga e seus assessores, confirmada na tarde desta ter\u00e7a-feira (14\/6), a mesma pr\u00e1tica de seus antecessores. Diante de fracassos contundentes e desastres da Sele\u00e7\u00e3o Brasileira, manda o treinador embora e o substitui por aquele que \u00e9, no momento, unanimidade nacional. Nada\u2026","rel":"","context":"Em &quot;futebol&quot;","block_context":{"text":"futebol","link":"https:\/\/blogdoprosperi.com\/?cat=53870"},"img":{"alt_text":"","src":"https:\/\/i0.wp.com\/blogdoprosperi.com\/wp-content\/uploads\/2016\/06\/neymar.jpg?resize=350%2C200&ssl=1","width":350,"height":200,"srcset":"https:\/\/i0.wp.com\/blogdoprosperi.com\/wp-content\/uploads\/2016\/06\/neymar.jpg?resize=350%2C200&ssl=1 1x, https:\/\/i0.wp.com\/blogdoprosperi.com\/wp-content\/uploads\/2016\/06\/neymar.jpg?resize=525%2C300&ssl=1 1.5x"},"classes":[]},{"id":37759,"url":"https:\/\/blogdoprosperi.com\/?p=37759","url_meta":{"origin":11067,"position":3},"title":"Tite amea\u00e7ado: bastidores da poss\u00edvel queda na Sele\u00e7\u00e3o ap\u00f3s Copa Am\u00e9rica","author":"Luiz Ant\u00f4nio Pr\u00f3speri","date":"22 de junho de 2019","format":false,"excerpt":"Tite perde for\u00e7a no comando da Sele\u00e7\u00e3o com sa\u00edda de auxiliares da comiss\u00e3o t\u00e9cnica e baixa aprova\u00e7\u00e3o popular","rel":"","context":"Em &quot;futebol&quot;","block_context":{"text":"futebol","link":"https:\/\/blogdoprosperi.com\/?cat=53870"},"img":{"alt_text":"Tite volta, Neymar e Fiel sonham","src":"https:\/\/i0.wp.com\/blogdoprosperi.com\/wp-content\/uploads\/2019\/06\/tite-brasil-bolivia-copa-america-14062019_7vayb96nx9dm1s6fvpi6p480l.jpg?fit=1200%2C675&ssl=1&resize=350%2C200","width":350,"height":200,"srcset":"https:\/\/i0.wp.com\/blogdoprosperi.com\/wp-content\/uploads\/2019\/06\/tite-brasil-bolivia-copa-america-14062019_7vayb96nx9dm1s6fvpi6p480l.jpg?fit=1200%2C675&ssl=1&resize=350%2C200 1x, https:\/\/i0.wp.com\/blogdoprosperi.com\/wp-content\/uploads\/2019\/06\/tite-brasil-bolivia-copa-america-14062019_7vayb96nx9dm1s6fvpi6p480l.jpg?fit=1200%2C675&ssl=1&resize=525%2C300 1.5x, https:\/\/i0.wp.com\/blogdoprosperi.com\/wp-content\/uploads\/2019\/06\/tite-brasil-bolivia-copa-america-14062019_7vayb96nx9dm1s6fvpi6p480l.jpg?fit=1200%2C675&ssl=1&resize=700%2C400 2x, https:\/\/i0.wp.com\/blogdoprosperi.com\/wp-content\/uploads\/2019\/06\/tite-brasil-bolivia-copa-america-14062019_7vayb96nx9dm1s6fvpi6p480l.jpg?fit=1200%2C675&ssl=1&resize=1050%2C600 3x"},"classes":[]},{"id":38588,"url":"https:\/\/blogdoprosperi.com\/?p=38588","url_meta":{"origin":11067,"position":4},"title":"Sele\u00e7\u00e3o Brasileira amarela e vai disputar Copa Am\u00e9rica, Tite corre risco","author":"Luiz Ant\u00f4nio Pr\u00f3speri","date":"7 de junho de 2021","format":false,"excerpt":"Jogadores da Sele\u00e7\u00e3o Brasileira assumem compromisso de jogar a Copa Am\u00e9rica. Decis\u00e3o oficial ser\u00e1 comunicada ap\u00f3s o jogo contra Paraguai em Assun\u00e7\u00e3o nesta ter\u00e7a-feira (08\/6). No manifesto a ser divulgado, v\u00e3o reafirmar que n\u00e3o gostariam de entrar em campo, mas, em nome da hierarquia, a p\u00e1tria pode contar com cada\u2026","rel":"","context":"Em &quot;copa do mundo catar 2022&quot;","block_context":{"text":"copa do mundo catar 2022","link":"https:\/\/blogdoprosperi.com\/?cat=301049609"},"img":{"alt_text":"Jogadores da Sele\u00e7\u00e3o decidem disputar Copa Am\u00e9rica","src":"https:\/\/i0.wp.com\/blogdoprosperi.com\/wp-content\/uploads\/2021\/06\/51229717421_a0b20053bf_w.jpg?fit=400%2C267&ssl=1&resize=350%2C200","width":350,"height":200},"classes":[]},{"id":10867,"url":"https:\/\/blogdoprosperi.com\/?p=10867","url_meta":{"origin":11067,"position":5},"title":"Corinthians se sente tra\u00eddo por Tite e presidente rompe com a CBF","author":"Luiz Ant\u00f4nio Pr\u00f3speri","date":"15 de junho de 2016","format":false,"excerpt":"Roberto Andrade, presidente do \u00a0Corinthians, n\u00e3o explicou na entrevista coletiva desta quarta-feita o motivo de ter ficado surpreso com a decis\u00e3o de Tite assumir a Sele\u00e7\u00e3o Brasileira. \"Fiquei sabendo h\u00e1 duas horas pelo pr\u00f3prio Tite, fui surpreendido\", disse Andrade, muito irritado, por volta das 18h. A pergunta: Tite passou tr\u00eas\u2026","rel":"","context":"Em &quot;futebol&quot;","block_context":{"text":"futebol","link":"https:\/\/blogdoprosperi.com\/?cat=53870"},"img":{"alt_text":"","src":"https:\/\/i0.wp.com\/blogdoprosperi.com\/wp-content\/uploads\/2016\/06\/corinthians-edu-gaspar-tite-fotoarena.jpg?resize=350%2C200&ssl=1","width":350,"height":200,"srcset":"https:\/\/i0.wp.com\/blogdoprosperi.com\/wp-content\/uploads\/2016\/06\/corinthians-edu-gaspar-tite-fotoarena.jpg?resize=350%2C200&ssl=1 1x, https:\/\/i0.wp.com\/blogdoprosperi.com\/wp-content\/uploads\/2016\/06\/corinthians-edu-gaspar-tite-fotoarena.jpg?resize=525%2C300&ssl=1 1.5x, https:\/\/i0.wp.com\/blogdoprosperi.com\/wp-content\/uploads\/2016\/06\/corinthians-edu-gaspar-tite-fotoarena.jpg?resize=700%2C400&ssl=1 2x, https:\/\/i0.wp.com\/blogdoprosperi.com\/wp-content\/uploads\/2016\/06\/corinthians-edu-gaspar-tite-fotoarena.jpg?resize=1050%2C600&ssl=1 3x, https:\/\/i0.wp.com\/blogdoprosperi.com\/wp-content\/uploads\/2016\/06\/corinthians-edu-gaspar-tite-fotoarena.jpg?resize=1400%2C800&ssl=1 4x"},"classes":[]}],"jetpack_featured_media_url":"","_links":{"self":[{"href":"https:\/\/blogdoprosperi.com\/index.php?rest_route=\/wp\/v2\/posts\/11067","targetHints":{"allow":["GET"]}}],"collection":[{"href":"https:\/\/blogdoprosperi.com\/index.php?rest_route=\/wp\/v2\/posts"}],"about":[{"href":"https:\/\/blogdoprosperi.com\/index.php?rest_route=\/wp\/v2\/types\/post"}],"author":[{"embeddable":true,"href":"https:\/\/blogdoprosperi.com\/index.php?rest_route=\/wp\/v2\/users\/102107496"}],"replies":[{"embeddable":true,"href":"https:\/\/blogdoprosperi.com\/index.php?rest_route=%2Fwp%2Fv2%2Fcomments&post=11067"}],"version-history":[{"count":25,"href":"https:\/\/blogdoprosperi.com\/index.php?rest_route=\/wp\/v2\/posts\/11067\/revisions"}],"predecessor-version":[{"id":11142,"href":"https:\/\/blogdoprosperi.com\/index.php?rest_route=\/wp\/v2\/posts\/11067\/revisions\/11142"}],"wp:attachment":[{"href":"https:\/\/blogdoprosperi.com\/index.php?rest_route=%2Fwp%2Fv2%2Fmedia&parent=11067"}],"wp:term":[{"taxonomy":"category","embeddable":true,"href":"https:\/\/blogdoprosperi.com\/index.php?rest_route=%2Fwp%2Fv2%2Fcategories&post=11067"},{"taxonomy":"post_tag","embeddable":true,"href":"https:\/\/blogdoprosperi.com\/index.php?rest_route=%2Fwp%2Fv2%2Ftags&post=11067"}],"curies":[{"name":"wp","href":"https:\/\/api.w.org\/{rel}","templated":true}]}}