{"id":11244,"date":"2016-06-17T01:10:45","date_gmt":"2016-06-17T01:10:45","guid":{"rendered":"http:\/\/blogdoprosperi.com\/?p=11244"},"modified":"2016-06-17T01:10:46","modified_gmt":"2016-06-17T01:10:46","slug":"corinthians-comeca-a-vida-sem-tite-com-derrota","status":"publish","type":"post","link":"https:\/\/blogdoprosperi.com\/?p=11244","title":{"rendered":"Corinthians come\u00e7a a vida sem Tite com derrota"},"content":{"rendered":"<div class=\"jetpack-video-wrapper\"><span class=\"embed-youtube\" style=\"text-align:center; display: block;\"><iframe loading=\"lazy\" class=\"youtube-player\" width=\"560\" height=\"315\" src=\"https:\/\/www.youtube.com\/embed\/MN8ubbFMYW8?version=3&#038;rel=1&#038;showsearch=0&#038;showinfo=1&#038;iv_load_policy=1&#038;fs=1&#038;hl=pt-BR&#038;autohide=2&#038;wmode=transparent\" allowfullscreen=\"true\" style=\"border:0;\" sandbox=\"allow-scripts allow-same-origin allow-popups allow-presentation allow-popups-to-escape-sandbox\"><\/iframe><\/span><\/div>\n<p>Viver sem Tite n\u00e3o vai ser nada f\u00e1cil ao Corinthians, pelo menos at\u00e9 um novo chefe assumir e impor seu estilo. No primeiro jogo sem seu mentor, agora a servi\u00e7o da Sele\u00e7\u00e3o Brasileira, o time foi derrotado por 1 a 0 pelo Fluminense nesta quina-feira (16\/6), na s\u00e9tima rodada do Brasileir\u00e3o.<\/p>\n<p>Uma derrota cara, dura de digerir, em especial pelas circunst\u00e2ncias do jogo e os problemas que a equipe enfrentou a partir do p\u00eanalti e da expuls\u00e3o de Yago.<\/p>\n<p><strong>O JOGO<\/strong><br \/>\nMenos compacto no primeiro tempo, o Corinthians n\u00e3o teve a intensidade t\u00e3o batida a ferro e fogo nos tempos de Tite. A organiza\u00e7\u00e3o era a mesma, a rigidez \u00e9 que n\u00e3o. Sem a voz de comando \u00e0 beira do campo, os jogadores tomavam decis\u00f5es pr\u00f3prias sem muito sucesso.<\/p>\n<p>No balan\u00e7o dos 45 minutos iniciais, ainda sob o impacto emocional da falta de Tite, o time paulista esteve mais perto do gol. O melhor caminho foram as investidas de Uendel e Marquinhos Gabriel no setor esquerdo. Por duas vezes Guilherme deixou Marquinhos em situa\u00e7\u00e3o clara de gol &#8211; desperdi\u00e7adas por falta de capricho nas finaliza\u00e7\u00f5es.<\/p>\n<p>Do ponto de vista de organiza\u00e7\u00e3o t\u00e1tica, o Corinthians n\u00e3o mudou uma v\u00edrgula das ordens do seu mentor. Bem postado na defesa e r\u00e1pido na transi\u00e7\u00e3o ao ataque. O maior problema foram os erros de passes, sempre a travar uma chegada mais forte na casa do advers\u00e1rio carioca.<\/p>\n<p>Alguns furos no sistema defensivo tamb\u00e9m foram notados em bolas esticadas nas costas dos zagueiros. Nada muito preocupante.<\/p>\n<p>Do lado do Fluminense quase nada a se destacar. Chamou a aten\u00e7\u00e3o a lentid\u00e3o do meio-campo na hora de sair para o jogo e o apetite exagerado de Gustavo Scarpa, um faz de tudo como se fosse dono do time. Abusou nas jogadas de efeito e prejudicou sua equipe.<\/p>\n<p>No segundo tempo, o Corinthians voltou com C\u00e1ssio no gol &#8211; Walter saiu com dores na virilha. J\u00e1 havia perdido Elias &#8211; entrou Rodriguinho -, com uma pancada nas costelas.<\/p>\n<p><strong>A VEZ DE YAGO<\/strong><br \/>\nCom 15 minutos de jogo morno, sem lucidez dos dois times, Yago comete um p\u00eanalti sem necessidade em C\u00edcero e sai expulso. C\u00edcero bate, C\u00e1ssio rebate e na sequ\u00eancia o jogador do Fluminense manda para a rede: 1 a 0. Dali para frente o jogo seria outro.<\/p>\n<p>Sem Yago, o interino Fabio Carille arriscou com o volante Camacho no lugar do meia Guilherme. O time ficaria com apenas Balbuena na zaga &#8211; Bruno Henrique recuou para fazer o papel de segundo zagueiro.<\/p>\n<p>Em desvantagem num\u00e9rica e ainda com a derrota parcial nas costas, era preciso mais que cabe\u00e7a fria e equil\u00edbrio. A torcida esperava por uma dose de ra\u00e7a na veia e entrega. De nada adiantava olhar para beira do campo, se a voz de comando n\u00e3o estava mais l\u00e1.<\/p>\n<p>Houve luta, faltou futebol e um pouco mais de precis\u00e3o no toque final, apesar da enorme press\u00e3o nos minutos finais do jogo. Desde o in\u00edcio da partida os jogadores do Corinthians sabiam que n\u00e3o seria f\u00e1cil viver sem Tite. A derrota entra nessa conta.<\/p>\n","protected":false},"excerpt":{"rendered":"<p>Viver sem Tite n\u00e3o vai ser nada f\u00e1cil ao Corinthians, pelo menos at\u00e9 um novo chefe assumir e [&hellip;]<\/p>\n","protected":false},"author":102107496,"featured_media":0,"comment_status":"open","ping_status":"open","sticky":false,"template":"","format":"standard","meta":{"_coblocks_attr":"","_coblocks_dimensions":"","_coblocks_responsive_height":"","_coblocks_accordion_ie_support":"","_jetpack_newsletter_access":"","_jetpack_dont_email_post_to_subs":false,"_jetpack_newsletter_tier_id":0,"_jetpack_memberships_contains_paywalled_content":false,"_wpcom_ai_launchpad_first_post":false,"_jetpack_feature_clip_id":0,"_jetpack_memberships_contains_paid_content":false,"footnotes":"","jetpack_publicize_message":"","jetpack_publicize_feature_enabled":true,"jetpack_social_post_already_shared":false,"jetpack_social_options":{"image_generator_settings":{"template":"highway","default_image_id":0,"font":"","enabled":false},"version":2},"jetpack_post_was_ever_published":false},"categories":[53870],"tags":[362595295,1058722,177066,616628,18471847,520796,789560560,1814220,23503,1926979],"class_list":["post-11244","post","type-post","status-publish","format-standard","hentry","category-futebol","tag-brasileirao-2016","tag-cassio","tag-corinthians","tag-elias","tag-estadio-mane-garrincha","tag-fluminense","tag-futebol","tag-tite","tag-walter","tag-yago"],"yoast_head":"<!-- This site is optimized with the Yoast SEO plugin v28.3 - https:\/\/yoast.com\/product\/yoast-seo-wordpress\/ -->\n<title>Corinthians come\u00e7a a vida sem Tite com derrota - PR\u00d3SPERI NEWS<\/title>\n<meta name=\"robots\" content=\"index, follow, max-snippet:-1, max-image-preview:large, max-video-preview:-1\" \/>\n<link rel=\"canonical\" href=\"https:\/\/blogdoprosperi.com\/?p=11244\" \/>\n<meta property=\"og:locale\" content=\"pt_BR\" \/>\n<meta property=\"og:type\" content=\"article\" \/>\n<meta property=\"og:title\" content=\"Corinthians come\u00e7a a vida sem Tite com derrota - PR\u00d3SPERI NEWS\" \/>\n<meta property=\"og:description\" content=\"Viver sem Tite n\u00e3o vai ser nada f\u00e1cil ao Corinthians, pelo menos at\u00e9 um novo chefe assumir e [&hellip;]\" \/>\n<meta property=\"og:url\" content=\"https:\/\/blogdoprosperi.com\/?p=11244\" \/>\n<meta property=\"og:site_name\" content=\"PR\u00d3SPERI NEWS\" \/>\n<meta property=\"article:publisher\" content=\"Luiz Pr\u00f3speri\" \/>\n<meta property=\"article:author\" content=\"Luiz Pr\u00f3speri\" \/>\n<meta property=\"article:published_time\" content=\"2016-06-17T01:10:45+00:00\" \/>\n<meta property=\"article:modified_time\" content=\"2016-06-17T01:10:46+00:00\" \/>\n<meta name=\"author\" content=\"Luiz Ant\u00f4nio Pr\u00f3speri\" \/>\n<meta name=\"twitter:card\" content=\"summary_large_image\" \/>\n<meta name=\"twitter:creator\" content=\"@Luizprosperi\" \/>\n<meta name=\"twitter:site\" content=\"@Luizprosperi\" \/>\n<meta name=\"twitter:label1\" content=\"Escrito por\" \/>\n\t<meta name=\"twitter:data1\" content=\"Luiz Ant\u00f4nio Pr\u00f3speri\" \/>\n\t<meta name=\"twitter:label2\" content=\"Est. tempo de leitura\" \/>\n\t<meta name=\"twitter:data2\" content=\"3 minutos\" \/>\n<script type=\"application\/ld+json\" class=\"yoast-schema-graph\">{\"@context\":\"https:\\\/\\\/schema.org\",\"@graph\":[{\"@type\":\"Article\",\"@id\":\"https:\\\/\\\/blogdoprosperi.com\\\/?p=11244#article\",\"isPartOf\":{\"@id\":\"https:\\\/\\\/blogdoprosperi.com\\\/?p=11244\"},\"author\":{\"name\":\"Luiz Ant\u00f4nio Pr\u00f3speri\",\"@id\":\"https:\\\/\\\/blogdoprosperi.com\\\/#\\\/schema\\\/person\\\/38100755ce3601861ee4fab9b5aa78e9\"},\"headline\":\"Corinthians come\u00e7a a vida sem Tite com derrota\",\"datePublished\":\"2016-06-17T01:10:45+00:00\",\"dateModified\":\"2016-06-17T01:10:46+00:00\",\"mainEntityOfPage\":{\"@id\":\"https:\\\/\\\/blogdoprosperi.com\\\/?p=11244\"},\"wordCount\":566,\"commentCount\":1,\"publisher\":{\"@id\":\"https:\\\/\\\/blogdoprosperi.com\\\/#\\\/schema\\\/person\\\/38100755ce3601861ee4fab9b5aa78e9\"},\"keywords\":[\"Brasileir\u00e3o-2016\",\"Cassio\",\"Corinthians\",\"Elias\",\"Est\u00e1dio Man\u00e9 Garrincha\",\"Fluminense\",\"futebol\",\"Tite\",\"Walter\",\"Yago\"],\"articleSection\":[\"futebol\"],\"inLanguage\":\"pt-BR\",\"potentialAction\":[{\"@type\":\"CommentAction\",\"name\":\"Comment\",\"target\":[\"https:\\\/\\\/blogdoprosperi.com\\\/?p=11244#respond\"]}]},{\"@type\":\"WebPage\",\"@id\":\"https:\\\/\\\/blogdoprosperi.com\\\/?p=11244\",\"url\":\"https:\\\/\\\/blogdoprosperi.com\\\/?p=11244\",\"name\":\"Corinthians come\u00e7a a vida sem Tite com derrota - PR\u00d3SPERI NEWS\",\"isPartOf\":{\"@id\":\"https:\\\/\\\/blogdoprosperi.com\\\/#website\"},\"datePublished\":\"2016-06-17T01:10:45+00:00\",\"dateModified\":\"2016-06-17T01:10:46+00:00\",\"breadcrumb\":{\"@id\":\"https:\\\/\\\/blogdoprosperi.com\\\/?p=11244#breadcrumb\"},\"inLanguage\":\"pt-BR\",\"potentialAction\":[{\"@type\":\"ReadAction\",\"target\":[\"https:\\\/\\\/blogdoprosperi.com\\\/?p=11244\"]}]},{\"@type\":\"BreadcrumbList\",\"@id\":\"https:\\\/\\\/blogdoprosperi.com\\\/?p=11244#breadcrumb\",\"itemListElement\":[{\"@type\":\"ListItem\",\"position\":1,\"name\":\"In\u00edcio\",\"item\":\"https:\\\/\\\/blogdoprosperi.com\\\/\"},{\"@type\":\"ListItem\",\"position\":2,\"name\":\"Corinthians come\u00e7a a vida sem Tite com derrota\"}]},{\"@type\":\"WebSite\",\"@id\":\"https:\\\/\\\/blogdoprosperi.com\\\/#website\",\"url\":\"https:\\\/\\\/blogdoprosperi.com\\\/\",\"name\":\"PR\u00d3SPERI NEWS\",\"description\":\"TUDO \u00c9  FUTEBOL\",\"publisher\":{\"@id\":\"https:\\\/\\\/blogdoprosperi.com\\\/#\\\/schema\\\/person\\\/38100755ce3601861ee4fab9b5aa78e9\"},\"alternateName\":\"blogdoprosperi.com\",\"potentialAction\":[{\"@type\":\"SearchAction\",\"target\":{\"@type\":\"EntryPoint\",\"urlTemplate\":\"https:\\\/\\\/blogdoprosperi.com\\\/?s={search_term_string}\"},\"query-input\":{\"@type\":\"PropertyValueSpecification\",\"valueRequired\":true,\"valueName\":\"search_term_string\"}}],\"inLanguage\":\"pt-BR\"},{\"@type\":[\"Person\",\"Organization\"],\"@id\":\"https:\\\/\\\/blogdoprosperi.com\\\/#\\\/schema\\\/person\\\/38100755ce3601861ee4fab9b5aa78e9\",\"name\":\"Luiz Ant\u00f4nio Pr\u00f3speri\",\"pronouns\":\"ele\",\"image\":{\"@type\":\"ImageObject\",\"inLanguage\":\"pt-BR\",\"@id\":\"https:\\\/\\\/i0.wp.com\\\/blogdoprosperi.com\\\/wp-content\\\/uploads\\\/2026\\\/05\\\/cropped-8059e613-6002-42fa-961e-8e275f575d71-2-5.jpg?fit=1360%2C931&ssl=1\",\"url\":\"https:\\\/\\\/i0.wp.com\\\/blogdoprosperi.com\\\/wp-content\\\/uploads\\\/2026\\\/05\\\/cropped-8059e613-6002-42fa-961e-8e275f575d71-2-5.jpg?fit=1360%2C931&ssl=1\",\"contentUrl\":\"https:\\\/\\\/i0.wp.com\\\/blogdoprosperi.com\\\/wp-content\\\/uploads\\\/2026\\\/05\\\/cropped-8059e613-6002-42fa-961e-8e275f575d71-2-5.jpg?fit=1360%2C931&ssl=1\",\"width\":1360,\"height\":931,\"caption\":\"Luiz Ant\u00f4nio Pr\u00f3speri\"},\"logo\":{\"@id\":\"https:\\\/\\\/i0.wp.com\\\/blogdoprosperi.com\\\/wp-content\\\/uploads\\\/2026\\\/05\\\/cropped-8059e613-6002-42fa-961e-8e275f575d71-2-5.jpg?fit=1360%2C931&ssl=1\"},\"description\":\"Jornalista com carreira dedicada ao esporte. Cobriu 9 Copas do Mundo in loco, 1990 na It\u00e1lia, 1994 nos EUA, 1998 na Fran\u00e7a, 2002 na Coreia do Sul e Jap\u00e3o, 2006 na Alemanha, 2010 na \u00c1frica do Sul, 2014 no Brasil, 2018 na R\u00fassia e 2022 no Qatar. Eurocopas, 1992 na Su\u00e9cia e 1996 na Inglaterra. Copa das Confedera\u00e7\u00f5es de 2005 na Alemanha e 2009 na \u00c1frica do Sul. Rep\u00f3rter e Editor, trabalhou no Jornal da Tarde e Estad\u00e3o, de 1984 a fevereiro de 2016. Colunista, blogueiro. E comentarista de futebol na R\u00e1dio Estad\u00e3o, de 2013 a fevereiro de 2016. Jornalista respons\u00e1vel do \\\"Pr\u00f3speri News\\\" (blogdoprosperi.com).\",\"sameAs\":[\"http:\\\/\\\/blogdoprosperi.com\",\"Luiz Pr\u00f3speri\",\"@luiz_prosperi\",\"https:\\\/\\\/x.com\\\/Luizprosperi\",\"@prosperinacopa\",\"luiz.prosperi@icloud.com\"],\"url\":\"https:\\\/\\\/blogdoprosperi.com\\\/?author=102107496\"}]}<\/script>\n<!-- \/ Yoast SEO plugin. -->","yoast_head_json":{"title":"Corinthians come\u00e7a a vida sem Tite com derrota - PR\u00d3SPERI NEWS","robots":{"index":"index","follow":"follow","max-snippet":"max-snippet:-1","max-image-preview":"max-image-preview:large","max-video-preview":"max-video-preview:-1"},"canonical":"https:\/\/blogdoprosperi.com\/?p=11244","og_locale":"pt_BR","og_type":"article","og_title":"Corinthians come\u00e7a a vida sem Tite com derrota - PR\u00d3SPERI NEWS","og_description":"Viver sem Tite n\u00e3o vai ser nada f\u00e1cil ao Corinthians, pelo menos at\u00e9 um novo chefe assumir e [&hellip;]","og_url":"https:\/\/blogdoprosperi.com\/?p=11244","og_site_name":"PR\u00d3SPERI NEWS","article_publisher":"Luiz Pr\u00f3speri","article_author":"Luiz Pr\u00f3speri","article_published_time":"2016-06-17T01:10:45+00:00","article_modified_time":"2016-06-17T01:10:46+00:00","author":"Luiz Ant\u00f4nio Pr\u00f3speri","twitter_card":"summary_large_image","twitter_creator":"@Luizprosperi","twitter_site":"@Luizprosperi","twitter_misc":{"Escrito por":"Luiz Ant\u00f4nio Pr\u00f3speri","Est. tempo de leitura":"3 minutos"},"schema":{"@context":"https:\/\/schema.org","@graph":[{"@type":"Article","@id":"https:\/\/blogdoprosperi.com\/?p=11244#article","isPartOf":{"@id":"https:\/\/blogdoprosperi.com\/?p=11244"},"author":{"name":"Luiz Ant\u00f4nio Pr\u00f3speri","@id":"https:\/\/blogdoprosperi.com\/#\/schema\/person\/38100755ce3601861ee4fab9b5aa78e9"},"headline":"Corinthians come\u00e7a a vida sem Tite com derrota","datePublished":"2016-06-17T01:10:45+00:00","dateModified":"2016-06-17T01:10:46+00:00","mainEntityOfPage":{"@id":"https:\/\/blogdoprosperi.com\/?p=11244"},"wordCount":566,"commentCount":1,"publisher":{"@id":"https:\/\/blogdoprosperi.com\/#\/schema\/person\/38100755ce3601861ee4fab9b5aa78e9"},"keywords":["Brasileir\u00e3o-2016","Cassio","Corinthians","Elias","Est\u00e1dio Man\u00e9 Garrincha","Fluminense","futebol","Tite","Walter","Yago"],"articleSection":["futebol"],"inLanguage":"pt-BR","potentialAction":[{"@type":"CommentAction","name":"Comment","target":["https:\/\/blogdoprosperi.com\/?p=11244#respond"]}]},{"@type":"WebPage","@id":"https:\/\/blogdoprosperi.com\/?p=11244","url":"https:\/\/blogdoprosperi.com\/?p=11244","name":"Corinthians come\u00e7a a vida sem Tite com derrota - PR\u00d3SPERI NEWS","isPartOf":{"@id":"https:\/\/blogdoprosperi.com\/#website"},"datePublished":"2016-06-17T01:10:45+00:00","dateModified":"2016-06-17T01:10:46+00:00","breadcrumb":{"@id":"https:\/\/blogdoprosperi.com\/?p=11244#breadcrumb"},"inLanguage":"pt-BR","potentialAction":[{"@type":"ReadAction","target":["https:\/\/blogdoprosperi.com\/?p=11244"]}]},{"@type":"BreadcrumbList","@id":"https:\/\/blogdoprosperi.com\/?p=11244#breadcrumb","itemListElement":[{"@type":"ListItem","position":1,"name":"In\u00edcio","item":"https:\/\/blogdoprosperi.com\/"},{"@type":"ListItem","position":2,"name":"Corinthians come\u00e7a a vida sem Tite com derrota"}]},{"@type":"WebSite","@id":"https:\/\/blogdoprosperi.com\/#website","url":"https:\/\/blogdoprosperi.com\/","name":"PR\u00d3SPERI NEWS","description":"TUDO \u00c9  FUTEBOL","publisher":{"@id":"https:\/\/blogdoprosperi.com\/#\/schema\/person\/38100755ce3601861ee4fab9b5aa78e9"},"alternateName":"blogdoprosperi.com","potentialAction":[{"@type":"SearchAction","target":{"@type":"EntryPoint","urlTemplate":"https:\/\/blogdoprosperi.com\/?s={search_term_string}"},"query-input":{"@type":"PropertyValueSpecification","valueRequired":true,"valueName":"search_term_string"}}],"inLanguage":"pt-BR"},{"@type":["Person","Organization"],"@id":"https:\/\/blogdoprosperi.com\/#\/schema\/person\/38100755ce3601861ee4fab9b5aa78e9","name":"Luiz Ant\u00f4nio Pr\u00f3speri","pronouns":"ele","image":{"@type":"ImageObject","inLanguage":"pt-BR","@id":"https:\/\/i0.wp.com\/blogdoprosperi.com\/wp-content\/uploads\/2026\/05\/cropped-8059e613-6002-42fa-961e-8e275f575d71-2-5.jpg?fit=1360%2C931&ssl=1","url":"https:\/\/i0.wp.com\/blogdoprosperi.com\/wp-content\/uploads\/2026\/05\/cropped-8059e613-6002-42fa-961e-8e275f575d71-2-5.jpg?fit=1360%2C931&ssl=1","contentUrl":"https:\/\/i0.wp.com\/blogdoprosperi.com\/wp-content\/uploads\/2026\/05\/cropped-8059e613-6002-42fa-961e-8e275f575d71-2-5.jpg?fit=1360%2C931&ssl=1","width":1360,"height":931,"caption":"Luiz Ant\u00f4nio Pr\u00f3speri"},"logo":{"@id":"https:\/\/i0.wp.com\/blogdoprosperi.com\/wp-content\/uploads\/2026\/05\/cropped-8059e613-6002-42fa-961e-8e275f575d71-2-5.jpg?fit=1360%2C931&ssl=1"},"description":"Jornalista com carreira dedicada ao esporte. Cobriu 9 Copas do Mundo in loco, 1990 na It\u00e1lia, 1994 nos EUA, 1998 na Fran\u00e7a, 2002 na Coreia do Sul e Jap\u00e3o, 2006 na Alemanha, 2010 na \u00c1frica do Sul, 2014 no Brasil, 2018 na R\u00fassia e 2022 no Qatar. Eurocopas, 1992 na Su\u00e9cia e 1996 na Inglaterra. Copa das Confedera\u00e7\u00f5es de 2005 na Alemanha e 2009 na \u00c1frica do Sul. Rep\u00f3rter e Editor, trabalhou no Jornal da Tarde e Estad\u00e3o, de 1984 a fevereiro de 2016. Colunista, blogueiro. E comentarista de futebol na R\u00e1dio Estad\u00e3o, de 2013 a fevereiro de 2016. Jornalista respons\u00e1vel do \"Pr\u00f3speri News\" (blogdoprosperi.com).","sameAs":["http:\/\/blogdoprosperi.com","Luiz Pr\u00f3speri","@luiz_prosperi","https:\/\/x.com\/Luizprosperi","@prosperinacopa","luiz.prosperi@icloud.com"],"url":"https:\/\/blogdoprosperi.com\/?author=102107496"}]}},"jetpack_publicize_connections":[],"jetpack_likes_enabled":false,"jetpack_sharing_enabled":true,"jetpack_shortlink":"https:\/\/wp.me\/p7jvdk-2Vm","jetpack-related-posts":[{"id":6896,"url":"https:\/\/blogdoprosperi.com\/?p=6896","url_meta":{"origin":11244,"position":0},"title":"Corinthians sofre derrota com novo esquema de Tite","author":"Luiz Ant\u00f4nio Pr\u00f3speri","date":"22 de maio de 2016","format":false,"excerpt":"\u00a0 Pilar de sustenta\u00e7\u00e3o do Corinthians nas \u00faltimas temporadas, a defesa faz \u00e1gua. O time sofreu tr\u00eas gols do Vit\u00f3ria por erros absurdos dos zagueiros, laterais e falta de prote\u00e7\u00e3o dos volantes. Falhas prim\u00e1rias que devem deixar Tite envergonhado. N\u00e3o se pode atribuir ao novo esquema adotado pelo treinador como\u2026","rel":"","context":"Em &quot;Campeonato Brasileiro&quot;","block_context":{"text":"Campeonato Brasileiro","link":"https:\/\/blogdoprosperi.com\/?cat=355071"},"img":{"alt_text":"","src":"https:\/\/i0.wp.com\/blogdoprosperi.com\/wp-content\/uploads\/2016\/05\/622_2005388c-19fb-3e61-9bf7-bd22d0fbb3d4-1.jpg?resize=350%2C200&ssl=1","width":350,"height":200,"srcset":"https:\/\/i0.wp.com\/blogdoprosperi.com\/wp-content\/uploads\/2016\/05\/622_2005388c-19fb-3e61-9bf7-bd22d0fbb3d4-1.jpg?resize=350%2C200&ssl=1 1x, https:\/\/i0.wp.com\/blogdoprosperi.com\/wp-content\/uploads\/2016\/05\/622_2005388c-19fb-3e61-9bf7-bd22d0fbb3d4-1.jpg?resize=525%2C300&ssl=1 1.5x"},"classes":[]},{"id":15593,"url":"https:\/\/blogdoprosperi.com\/?p=15593","url_meta":{"origin":11244,"position":1},"title":"Corinthians vive s\u00edndrome do segundo tempo e encosta no Palmeiras","author":"Luiz Ant\u00f4nio Pr\u00f3speri","date":"9 de julho de 2016","format":false,"excerpt":"Corinthians derrota Chapecoense no mesmo patamar da vit\u00f3ria diante do Flamengo no \u00faltimo domingo. Irreconhec\u00edvel no primeiro tempo, sem clareza de ideias e t\u00edmido, se transformou no segundo e aniquilou o time catarinense. Venceu por 2 a 0 e continua grudado nos calcanhares do Palmeiras no Brasileir\u00e3o. Dif\u00edcil explicar a\u2026","rel":"","context":"Em &quot;Campeonato Brasileiro&quot;","block_context":{"text":"Campeonato Brasileiro","link":"https:\/\/blogdoprosperi.com\/?cat=355071"},"img":{"alt_text":"","src":"https:\/\/i0.wp.com\/blogdoprosperi.com\/wp-content\/uploads\/2016\/07\/20160709181410126_5.jpg?resize=350%2C200&ssl=1","width":350,"height":200,"srcset":"https:\/\/i0.wp.com\/blogdoprosperi.com\/wp-content\/uploads\/2016\/07\/20160709181410126_5.jpg?resize=350%2C200&ssl=1 1x, https:\/\/i0.wp.com\/blogdoprosperi.com\/wp-content\/uploads\/2016\/07\/20160709181410126_5.jpg?resize=525%2C300&ssl=1 1.5x, https:\/\/i0.wp.com\/blogdoprosperi.com\/wp-content\/uploads\/2016\/07\/20160709181410126_5.jpg?resize=700%2C400&ssl=1 2x, https:\/\/i0.wp.com\/blogdoprosperi.com\/wp-content\/uploads\/2016\/07\/20160709181410126_5.jpg?resize=1050%2C600&ssl=1 3x, https:\/\/i0.wp.com\/blogdoprosperi.com\/wp-content\/uploads\/2016\/07\/20160709181410126_5.jpg?resize=1400%2C800&ssl=1 4x"},"classes":[]},{"id":12465,"url":"https:\/\/blogdoprosperi.com\/?p=12465","url_meta":{"origin":11244,"position":2},"title":"Corinthians n\u00e3o pode culpar garoto por derrota em Minas","author":"Luiz Ant\u00f4nio Pr\u00f3speri","date":"23 de junho de 2016","format":false,"excerpt":"Corinthians precisa entender que perder jogadores importantes na defesa \u00e9 t\u00e3o cruel como ficar sem atacantes de ponta. Quando Gil foi embora, disseram tudo bem. Felipe e Yago dariam conta. Felipe saiu. O garoto Pedro Henrique e Balbuena e Vilson seriam suficiente. N\u00e3o \u00e9 bem assim. Pedro Henrique pagou pelo\u2026","rel":"","context":"Em &quot;Campeonato Brasileiro&quot;","block_context":{"text":"Campeonato Brasileiro","link":"https:\/\/blogdoprosperi.com\/?cat=355071"},"img":{"alt_text":"","src":"https:\/\/i0.wp.com\/blogdoprosperi.com\/wp-content\/uploads\/2016\/06\/1c6e20365262060f0d93231ffa126323.jpg?resize=350%2C200&ssl=1","width":350,"height":200,"srcset":"https:\/\/i0.wp.com\/blogdoprosperi.com\/wp-content\/uploads\/2016\/06\/1c6e20365262060f0d93231ffa126323.jpg?resize=350%2C200&ssl=1 1x, https:\/\/i0.wp.com\/blogdoprosperi.com\/wp-content\/uploads\/2016\/06\/1c6e20365262060f0d93231ffa126323.jpg?resize=525%2C300&ssl=1 1.5x"},"classes":[]},{"id":45404,"url":"https:\/\/blogdoprosperi.com\/?p=45404","url_meta":{"origin":11244,"position":3},"title":"Brasileir\u00e3o | 27\u00aa rodada: 10 Toques para Ficar de Olho no Fim de Semana","author":"Luiz Ant\u00f4nio Pr\u00f3speri","date":"20 de setembro de 2024","format":false,"excerpt":"Luiz Ant\u00f4nio Pr\u00f3speri \u2013 20 setembro (13h55) Brasileir\u00e3o 2024 entra na reta final com o l\u00edder Botafogo no cl\u00e1ssico contra o Fluminense e o vice Palmeiras encarando Vasco em Bras\u00edlia. A 27.\u00aa rodada promete bons jogos e disputa acirrada tamb\u00e9m para fugir da zona da degola. Confira 10 temas para\u2026","rel":"","context":"Em &quot;futebol&quot;","block_context":{"text":"futebol","link":"https:\/\/blogdoprosperi.com\/?cat=53870"},"img":{"alt_text":"","src":"https:\/\/i0.wp.com\/blogdoprosperi.com\/wp-content\/uploads\/2024\/09\/53681027314_c1610d2609_o.webp?fit=1200%2C812&ssl=1&resize=350%2C200","width":350,"height":200,"srcset":"https:\/\/i0.wp.com\/blogdoprosperi.com\/wp-content\/uploads\/2024\/09\/53681027314_c1610d2609_o.webp?fit=1200%2C812&ssl=1&resize=350%2C200 1x, https:\/\/i0.wp.com\/blogdoprosperi.com\/wp-content\/uploads\/2024\/09\/53681027314_c1610d2609_o.webp?fit=1200%2C812&ssl=1&resize=525%2C300 1.5x, https:\/\/i0.wp.com\/blogdoprosperi.com\/wp-content\/uploads\/2024\/09\/53681027314_c1610d2609_o.webp?fit=1200%2C812&ssl=1&resize=700%2C400 2x, https:\/\/i0.wp.com\/blogdoprosperi.com\/wp-content\/uploads\/2024\/09\/53681027314_c1610d2609_o.webp?fit=1200%2C812&ssl=1&resize=1050%2C600 3x"},"classes":[]},{"id":2585,"url":"https:\/\/blogdoprosperi.com\/?p=2585","url_meta":{"origin":11244,"position":4},"title":"Corinthians n\u00e3o chuta ao gol e comemora empate contra o Nacional","author":"Luiz Ant\u00f4nio Pr\u00f3speri","date":"28 de abril de 2016","format":false,"excerpt":"O Corinthians fez uma de suas piores partidas na temporada no empate sem gols com o Nacional do Uruguai. Se pensa em ir longe nesta Libertadores 2016, precisa dar sinais de vitalidade. Nesta quarta-feira ficou claro que no jogo da volta, na pr\u00f3xima semana, vai ter de se reinventar e\u2026","rel":"","context":"Em &quot;futebol&quot;","block_context":{"text":"futebol","link":"https:\/\/blogdoprosperi.com\/?cat=53870"},"img":{"alt_text":"Tite fica","src":"https:\/\/i0.wp.com\/blogdoprosperi.com\/wp-content\/uploads\/2016\/03\/tite-fica.jpg?resize=350%2C200&ssl=1","width":350,"height":200,"srcset":"https:\/\/i0.wp.com\/blogdoprosperi.com\/wp-content\/uploads\/2016\/03\/tite-fica.jpg?resize=350%2C200&ssl=1 1x, https:\/\/i0.wp.com\/blogdoprosperi.com\/wp-content\/uploads\/2016\/03\/tite-fica.jpg?resize=525%2C300&ssl=1 1.5x"},"classes":[]},{"id":26218,"url":"https:\/\/blogdoprosperi.com\/?p=26218","url_meta":{"origin":11244,"position":5},"title":"Corinthians tira um p\u00e9 da lama ao derrotar Fluminense e avan\u00e7ar na Copa do Brasil","author":"Luiz Ant\u00f4nio Pr\u00f3speri","date":"22 de setembro de 2016","format":false,"excerpt":"Corinthians precisava voltar \u00e0 respira\u00e7\u00e3o normal ap\u00f3s a sequ\u00eancia de desastres no Brasileir\u00e3o, com direito a demiss\u00e3o de treinador, torcedores em guerra com dirigentes e jogadores perdidos sem saber que rumo tomar. Por isso era mais do que necess\u00e1rio avan\u00e7ar \u00e0s quartas de final da Copa do Brasil. A vit\u00f3ria,\u2026","rel":"","context":"Em &quot;futebol&quot;","block_context":{"text":"futebol","link":"https:\/\/blogdoprosperi.com\/?cat=53870"},"img":{"alt_text":"","src":"https:\/\/i0.wp.com\/blogdoprosperi.com\/wp-content\/uploads\/2016\/09\/pro8-16.jpg?resize=350%2C200","width":350,"height":200,"srcset":"https:\/\/i0.wp.com\/blogdoprosperi.com\/wp-content\/uploads\/2016\/09\/pro8-16.jpg?resize=350%2C200 1x, https:\/\/i0.wp.com\/blogdoprosperi.com\/wp-content\/uploads\/2016\/09\/pro8-16.jpg?resize=525%2C300 1.5x, https:\/\/i0.wp.com\/blogdoprosperi.com\/wp-content\/uploads\/2016\/09\/pro8-16.jpg?resize=700%2C400 2x, https:\/\/i0.wp.com\/blogdoprosperi.com\/wp-content\/uploads\/2016\/09\/pro8-16.jpg?resize=1050%2C600 3x, https:\/\/i0.wp.com\/blogdoprosperi.com\/wp-content\/uploads\/2016\/09\/pro8-16.jpg?resize=1400%2C800 4x"},"classes":[]}],"jetpack_featured_media_url":"","_links":{"self":[{"href":"https:\/\/blogdoprosperi.com\/index.php?rest_route=\/wp\/v2\/posts\/11244","targetHints":{"allow":["GET"]}}],"collection":[{"href":"https:\/\/blogdoprosperi.com\/index.php?rest_route=\/wp\/v2\/posts"}],"about":[{"href":"https:\/\/blogdoprosperi.com\/index.php?rest_route=\/wp\/v2\/types\/post"}],"author":[{"embeddable":true,"href":"https:\/\/blogdoprosperi.com\/index.php?rest_route=\/wp\/v2\/users\/102107496"}],"replies":[{"embeddable":true,"href":"https:\/\/blogdoprosperi.com\/index.php?rest_route=%2Fwp%2Fv2%2Fcomments&post=11244"}],"version-history":[{"count":25,"href":"https:\/\/blogdoprosperi.com\/index.php?rest_route=\/wp\/v2\/posts\/11244\/revisions"}],"predecessor-version":[{"id":11293,"href":"https:\/\/blogdoprosperi.com\/index.php?rest_route=\/wp\/v2\/posts\/11244\/revisions\/11293"}],"wp:attachment":[{"href":"https:\/\/blogdoprosperi.com\/index.php?rest_route=%2Fwp%2Fv2%2Fmedia&parent=11244"}],"wp:term":[{"taxonomy":"category","embeddable":true,"href":"https:\/\/blogdoprosperi.com\/index.php?rest_route=%2Fwp%2Fv2%2Fcategories&post=11244"},{"taxonomy":"post_tag","embeddable":true,"href":"https:\/\/blogdoprosperi.com\/index.php?rest_route=%2Fwp%2Fv2%2Ftags&post=11244"}],"curies":[{"name":"wp","href":"https:\/\/api.w.org\/{rel}","templated":true}]}}