{"id":11299,"date":"2016-06-17T21:39:49","date_gmt":"2016-06-17T21:39:49","guid":{"rendered":"http:\/\/blogdoprosperi.com\/?p=11299"},"modified":"2016-06-18T14:32:22","modified_gmt":"2016-06-18T14:32:22","slug":"italia-e-espanha-avancam-na-eurocopa-e-croacia-sofre-com-imbecis-das-arquibancadas","status":"publish","type":"post","link":"https:\/\/blogdoprosperi.com\/?p=11299","title":{"rendered":"It\u00e1lia e Espanha avan\u00e7am na Eurocopa e Cro\u00e1cia sofre com imbecis das arquibancadas"},"content":{"rendered":"<p>&nbsp;<\/p>\n<p><span class=\"alignnone\"><img data-recalc-dims=\"1\" loading=\"lazy\" decoding=\"async\" data-attachment-id=\"11374\" data-permalink=\"https:\/\/blogdoprosperi.com\/?attachment_id=11374\" data-orig-file=\"https:\/\/i0.wp.com\/blogdoprosperi.com\/wp-content\/uploads\/2016\/06\/4421.jpg?fit=620%2C407&amp;ssl=1\" data-orig-size=\"620,407\" data-comments-opened=\"1\" data-image-meta=\"{&quot;aperture&quot;:&quot;0&quot;,&quot;credit&quot;:&quot;&quot;,&quot;camera&quot;:&quot;&quot;,&quot;caption&quot;:&quot;&quot;,&quot;created_timestamp&quot;:&quot;0&quot;,&quot;copyright&quot;:&quot;&quot;,&quot;focal_length&quot;:&quot;0&quot;,&quot;iso&quot;:&quot;0&quot;,&quot;shutter_speed&quot;:&quot;0&quot;,&quot;title&quot;:&quot;&quot;,&quot;orientation&quot;:&quot;0&quot;}\" data-image-title=\"4421\" data-image-description=\"\" data-image-caption=\"\" data-large-file=\"https:\/\/i0.wp.com\/blogdoprosperi.com\/wp-content\/uploads\/2016\/06\/4421.jpg?fit=620%2C407&amp;ssl=1\" class=\"alignnone size-full wp-image-11374\" src=\"https:\/\/i0.wp.com\/blogdoprosperi.com\/wp-content\/uploads\/2016\/06\/4421.jpg?resize=620%2C407&#038;ssl=1\" alt=\"4421\" width=\"620\" height=\"407\" \/><\/span><\/p>\n<p><span class=\"alignnone\"><img data-recalc-dims=\"1\" loading=\"lazy\" decoding=\"async\" data-attachment-id=\"9853\" data-permalink=\"https:\/\/blogdoprosperi.com\/?attachment_id=9853\" data-orig-file=\"https:\/\/i0.wp.com\/blogdoprosperi.com\/wp-content\/uploads\/2016\/06\/euro_2016_logo_detail.jpg?fit=800%2C1125&amp;ssl=1\" data-orig-size=\"800,1125\" data-comments-opened=\"1\" data-image-meta=\"{&quot;aperture&quot;:&quot;0&quot;,&quot;credit&quot;:&quot;&quot;,&quot;camera&quot;:&quot;&quot;,&quot;caption&quot;:&quot;&quot;,&quot;created_timestamp&quot;:&quot;0&quot;,&quot;copyright&quot;:&quot;&quot;,&quot;focal_length&quot;:&quot;0&quot;,&quot;iso&quot;:&quot;0&quot;,&quot;shutter_speed&quot;:&quot;0&quot;,&quot;title&quot;:&quot;&quot;,&quot;orientation&quot;:&quot;0&quot;}\" data-image-title=\"euro_2016_logo_detail\" data-image-description=\"\" data-image-caption=\"\" data-large-file=\"https:\/\/i0.wp.com\/blogdoprosperi.com\/wp-content\/uploads\/2016\/06\/euro_2016_logo_detail.jpg?fit=728%2C1024&amp;ssl=1\" class=\"alignnone  wp-image-9853 alignleft\" src=\"https:\/\/i0.wp.com\/blogdoprosperi.com\/wp-content\/uploads\/2016\/06\/euro_2016_logo_detail.jpg?resize=86%2C121&#038;ssl=1\" alt=\"euro_2016_logo_detail\" width=\"86\" height=\"121\" \/><\/span>A imbecilidade derrota a Eurocopa nas duas primeiras rodadas. Das batalhas sangrentas entre hooligans de todos os cantos, com mais veem\u00eancia por parte de ingleses e russos, aos sinalizadores dos croatas atirados no campo, sobra pouco a se comemorar na Fran\u00e7a nesta semana de um jogo atr\u00e1s do outro.<\/p>\n<p>N\u00e3o fosse pelos recitais de Iniesta na Espanha, a fome de bola de Payet na Fran\u00e7a, a alegria crian\u00e7a do velho Buffon com sua It\u00e1lia, Gareth Bale em busca da hist\u00f3ria de Pa\u00eds de Gales e os est\u00e1dios abarrotados, a Euro teria sido uma decep\u00e7\u00e3o at\u00e9 aqui.<\/p>\n<p>No caso do futebol, poucas sele\u00e7\u00f5es deram cores ao jogo. Uma delas tem sido a Espanha que nesta sexta-feira colocou a Turquia no seu devido lugar com a contundente vit\u00f3ria sem cerim\u00f4nia por 3 a 0.<\/p>\n<p><span class=\"alignnone\"><img data-recalc-dims=\"1\" loading=\"lazy\" decoding=\"async\" data-attachment-id=\"11352\" data-permalink=\"https:\/\/blogdoprosperi.com\/?attachment_id=11352\" data-orig-file=\"https:\/\/i0.wp.com\/blogdoprosperi.com\/wp-content\/uploads\/2016\/06\/3801.jpg?fit=620%2C372&amp;ssl=1\" data-orig-size=\"620,372\" data-comments-opened=\"1\" data-image-meta=\"{&quot;aperture&quot;:&quot;0&quot;,&quot;credit&quot;:&quot;&quot;,&quot;camera&quot;:&quot;&quot;,&quot;caption&quot;:&quot;&quot;,&quot;created_timestamp&quot;:&quot;0&quot;,&quot;copyright&quot;:&quot;&quot;,&quot;focal_length&quot;:&quot;0&quot;,&quot;iso&quot;:&quot;0&quot;,&quot;shutter_speed&quot;:&quot;0&quot;,&quot;title&quot;:&quot;&quot;,&quot;orientation&quot;:&quot;0&quot;}\" data-image-title=\"3801\" data-image-description=\"\" data-image-caption=\"\" data-large-file=\"https:\/\/i0.wp.com\/blogdoprosperi.com\/wp-content\/uploads\/2016\/06\/3801.jpg?fit=620%2C372&amp;ssl=1\" class=\"alignnone size-full wp-image-11352\" src=\"https:\/\/i0.wp.com\/blogdoprosperi.com\/wp-content\/uploads\/2016\/06\/3801.jpg?resize=620%2C372&#038;ssl=1\" alt=\"3801\" width=\"620\" height=\"372\" \/><\/span><\/p>\n<p>Bicampe\u00e3 das \u00faltimas duas edi\u00e7\u00f5es (2008 e 2012) da Euro, a sele\u00e7\u00e3o espanhola n\u00e3o teve muito trabalho diante dos lutadores turcos. Abriu dois gols no primeiro tempo, com Nolito e Morata, e concluiu a obra sem muito esfor\u00e7o com mais um gol no segundo tempo, outro do atacante Morata, consolidando a vit\u00f3ria mais el\u00e1stica at\u00e9 aqui do torneio.<\/p>\n<p>Nem \u00e9 preciso falar que tudo girou na \u00f3rbita de Iniesta, com F\u00e0bregas ali reivindicado luz pr\u00f3pria. A seguir nessa toada, os espanh\u00f3is v\u00e3o chegar fortes na briga pelo tri.<\/p>\n<p>Na terceira rodada, fechando a primeira fase, a Espanha se encontra com a Cro\u00e1cia, outra sele\u00e7\u00e3o de muitos dotes.<\/p>\n<p><strong>IMBECIS DE PLANT\u00c3O<\/strong><\/p>\n<p><span class=\"alignnone\"><img data-recalc-dims=\"1\" loading=\"lazy\" decoding=\"async\" data-attachment-id=\"11353\" data-permalink=\"https:\/\/blogdoprosperi.com\/?attachment_id=11353\" data-orig-file=\"https:\/\/i0.wp.com\/blogdoprosperi.com\/wp-content\/uploads\/2016\/06\/2325.jpg?fit=620%2C372&amp;ssl=1\" data-orig-size=\"620,372\" data-comments-opened=\"1\" data-image-meta=\"{&quot;aperture&quot;:&quot;0&quot;,&quot;credit&quot;:&quot;&quot;,&quot;camera&quot;:&quot;&quot;,&quot;caption&quot;:&quot;&quot;,&quot;created_timestamp&quot;:&quot;0&quot;,&quot;copyright&quot;:&quot;&quot;,&quot;focal_length&quot;:&quot;0&quot;,&quot;iso&quot;:&quot;0&quot;,&quot;shutter_speed&quot;:&quot;0&quot;,&quot;title&quot;:&quot;&quot;,&quot;orientation&quot;:&quot;0&quot;}\" data-image-title=\"2325\" data-image-description=\"\" data-image-caption=\"\" data-large-file=\"https:\/\/i0.wp.com\/blogdoprosperi.com\/wp-content\/uploads\/2016\/06\/2325.jpg?fit=620%2C372&amp;ssl=1\" class=\"alignnone size-full wp-image-11353\" src=\"https:\/\/i0.wp.com\/blogdoprosperi.com\/wp-content\/uploads\/2016\/06\/2325.jpg?resize=620%2C372&#038;ssl=1\" alt=\"2325\" width=\"620\" height=\"372\" \/><\/span><\/p>\n<p>Croatas poderiam desfrutar desse jogo com mais tranquilidade porque poderiam estar classificados n\u00e3o fosse por um descuido no campo e a bo\u00e7alidade de parte de sua torcida nas arquibancadas na partida contra a Rep\u00fablica Checa.<\/p>\n<p>Sem muito esfor\u00e7o, a Cro\u00e1cia vencia os checos por 2 a 0 \u00a0&#8211; gols de Perisic e Rakitic &#8211; at\u00e9 os minutos finais da partida. Era superior em todos os aspectos. Quando perdeu Modric, com les\u00e3o na coxa, o time amoleceu e encorajou o advers\u00e1rio.<\/p>\n<p>Skoda diminui a desvantagem dando sinais de que os checos queriam mais. Foi a\u00ed que a imbecilidade estendeu seu manto. Torcedores croatas, localizados atr\u00e1s do gol de Cech, arremessaram pelo menos seis sinalizadores acesos no campo, um deles chegou a explodir quase na m\u00e3o de um funcion\u00e1rio, que recolhia os bastonetes fumegantes.<\/p>\n<div class=\"tiled-gallery type-rectangular tiled-gallery-unresized\" data-original-width=\"940\" data-carousel-extra='{&quot;blog_id&quot;:1,&quot;permalink&quot;:&quot;https:\\\/\\\/blogdoprosperi.com\\\/?p=11299&quot;,&quot;likes_blog_id&quot;:108082574}' itemscope itemtype=\"http:\/\/schema.org\/ImageGallery\" > <div class=\"gallery-row\" style=\"width: 940px; height: 406px;\" data-original-width=\"940\" data-original-height=\"406\" > <div class=\"gallery-group images-1\" style=\"width: 607px; height: 406px;\" data-original-width=\"607\" data-original-height=\"406\" > <div class=\"tiled-gallery-item tiled-gallery-item-large\" itemprop=\"associatedMedia\" itemscope itemtype=\"http:\/\/schema.org\/ImageObject\"> <a href=\"https:\/\/blogdoprosperi.com\/?attachment_id=11370\" border=\"0\" itemprop=\"url\"> <meta itemprop=\"width\" content=\"603\"> <meta itemprop=\"height\" content=\"402\"> <img decoding=\"async\" class=\"\" data-attachment-id=\"11370\" data-orig-file=\"https:\/\/blogdoprosperi.com\/wp-content\/uploads\/2016\/06\/3200.jpg\" data-orig-size=\"619,413\" data-comments-opened=\"1\" data-image-meta=\"{&quot;aperture&quot;:&quot;0&quot;,&quot;credit&quot;:&quot;&quot;,&quot;camera&quot;:&quot;&quot;,&quot;caption&quot;:&quot;&quot;,&quot;created_timestamp&quot;:&quot;0&quot;,&quot;copyright&quot;:&quot;&quot;,&quot;focal_length&quot;:&quot;0&quot;,&quot;iso&quot;:&quot;0&quot;,&quot;shutter_speed&quot;:&quot;0&quot;,&quot;title&quot;:&quot;&quot;,&quot;orientation&quot;:&quot;0&quot;}\" data-image-title=\"3200\" data-image-description=\"\" data-medium-file=\"https:\/\/i0.wp.com\/blogdoprosperi.com\/wp-content\/uploads\/2016\/06\/3200.jpg?fit=567%2C378&#038;ssl=1\" data-large-file=\"https:\/\/i0.wp.com\/blogdoprosperi.com\/wp-content\/uploads\/2016\/06\/3200.jpg?fit=619%2C413&#038;ssl=1\" src=\"https:\/\/i0.wp.com\/blogdoprosperi.com\/wp-content\/uploads\/2016\/06\/3200.jpg?w=603&#038;h=402&#038;ssl=1\" width=\"603\" height=\"402\" loading=\"lazy\" data-original-width=\"603\" data-original-height=\"402\" itemprop=\"http:\/\/schema.org\/image\" title=\"3200\" alt=\"3200\" style=\"width: 603px; height: 402px;\" \/> <\/a> <\/div> <\/div> <!-- close group --> <div class=\"gallery-group images-2\" style=\"width: 333px; height: 406px;\" data-original-width=\"333\" data-original-height=\"406\" > <div class=\"tiled-gallery-item tiled-gallery-item-large\" itemprop=\"associatedMedia\" itemscope itemtype=\"http:\/\/schema.org\/ImageObject\"> <a href=\"https:\/\/blogdoprosperi.com\/?attachment_id=11355\" border=\"0\" itemprop=\"url\"> <meta itemprop=\"width\" content=\"329\"> <meta itemprop=\"height\" content=\"197\"> <img decoding=\"async\" class=\"\" data-attachment-id=\"11355\" data-orig-file=\"https:\/\/blogdoprosperi.com\/wp-content\/uploads\/2016\/06\/3565.jpg\" data-orig-size=\"620,372\" data-comments-opened=\"1\" data-image-meta=\"{&quot;aperture&quot;:&quot;0&quot;,&quot;credit&quot;:&quot;&quot;,&quot;camera&quot;:&quot;&quot;,&quot;caption&quot;:&quot;&quot;,&quot;created_timestamp&quot;:&quot;0&quot;,&quot;copyright&quot;:&quot;&quot;,&quot;focal_length&quot;:&quot;0&quot;,&quot;iso&quot;:&quot;0&quot;,&quot;shutter_speed&quot;:&quot;0&quot;,&quot;title&quot;:&quot;&quot;,&quot;orientation&quot;:&quot;0&quot;}\" data-image-title=\"3565\" data-image-description=\"\" data-medium-file=\"https:\/\/i0.wp.com\/blogdoprosperi.com\/wp-content\/uploads\/2016\/06\/3565.jpg?fit=620%2C372&#038;ssl=1\" data-large-file=\"https:\/\/i0.wp.com\/blogdoprosperi.com\/wp-content\/uploads\/2016\/06\/3565.jpg?fit=620%2C372&#038;ssl=1\" src=\"https:\/\/i0.wp.com\/blogdoprosperi.com\/wp-content\/uploads\/2016\/06\/3565.jpg?w=329&#038;h=197&#038;ssl=1\" width=\"329\" height=\"197\" loading=\"lazy\" data-original-width=\"329\" data-original-height=\"197\" itemprop=\"http:\/\/schema.org\/image\" title=\"3565\" alt=\"3565\" style=\"width: 329px; height: 197px;\" \/> <\/a> <\/div> <div class=\"tiled-gallery-item tiled-gallery-item-large\" itemprop=\"associatedMedia\" itemscope itemtype=\"http:\/\/schema.org\/ImageObject\"> <a href=\"https:\/\/blogdoprosperi.com\/?attachment_id=11367\" border=\"0\" itemprop=\"url\"> <meta itemprop=\"width\" content=\"329\"> <meta itemprop=\"height\" content=\"201\"> <img decoding=\"async\" class=\"\" data-attachment-id=\"11367\" data-orig-file=\"https:\/\/blogdoprosperi.com\/wp-content\/uploads\/2016\/06\/1650.jpg\" data-orig-size=\"620,379\" data-comments-opened=\"1\" data-image-meta=\"{&quot;aperture&quot;:&quot;0&quot;,&quot;credit&quot;:&quot;&quot;,&quot;camera&quot;:&quot;&quot;,&quot;caption&quot;:&quot;&quot;,&quot;created_timestamp&quot;:&quot;0&quot;,&quot;copyright&quot;:&quot;&quot;,&quot;focal_length&quot;:&quot;0&quot;,&quot;iso&quot;:&quot;0&quot;,&quot;shutter_speed&quot;:&quot;0&quot;,&quot;title&quot;:&quot;&quot;,&quot;orientation&quot;:&quot;0&quot;}\" data-image-title=\"1650\" data-image-description=\"\" data-medium-file=\"https:\/\/i0.wp.com\/blogdoprosperi.com\/wp-content\/uploads\/2016\/06\/1650.jpg?fit=618%2C378&#038;ssl=1\" data-large-file=\"https:\/\/i0.wp.com\/blogdoprosperi.com\/wp-content\/uploads\/2016\/06\/1650.jpg?fit=620%2C379&#038;ssl=1\" src=\"https:\/\/i0.wp.com\/blogdoprosperi.com\/wp-content\/uploads\/2016\/06\/1650.jpg?w=329&#038;h=201&#038;ssl=1\" width=\"329\" height=\"201\" loading=\"lazy\" data-original-width=\"329\" data-original-height=\"201\" itemprop=\"http:\/\/schema.org\/image\" title=\"1650\" alt=\"1650\" style=\"width: 329px; height: 201px;\" \/> <\/a> <\/div> <\/div> <!-- close group --> <\/div> <!-- close row --> <div class=\"gallery-row\" style=\"width: 940px; height: 566px;\" data-original-width=\"940\" data-original-height=\"566\" > <div class=\"gallery-group images-1\" style=\"width: 940px; height: 566px;\" data-original-width=\"940\" data-original-height=\"566\" > <div class=\"tiled-gallery-item tiled-gallery-item-large\" itemprop=\"associatedMedia\" itemscope itemtype=\"http:\/\/schema.org\/ImageObject\"> <a href=\"https:\/\/blogdoprosperi.com\/?attachment_id=11356\" border=\"0\" itemprop=\"url\"> <meta itemprop=\"width\" content=\"936\"> <meta itemprop=\"height\" content=\"562\"> <img decoding=\"async\" class=\"\" data-attachment-id=\"11356\" data-orig-file=\"https:\/\/blogdoprosperi.com\/wp-content\/uploads\/2016\/06\/3988.jpg\" data-orig-size=\"620,372\" data-comments-opened=\"1\" data-image-meta=\"{&quot;aperture&quot;:&quot;0&quot;,&quot;credit&quot;:&quot;&quot;,&quot;camera&quot;:&quot;&quot;,&quot;caption&quot;:&quot;&quot;,&quot;created_timestamp&quot;:&quot;0&quot;,&quot;copyright&quot;:&quot;&quot;,&quot;focal_length&quot;:&quot;0&quot;,&quot;iso&quot;:&quot;0&quot;,&quot;shutter_speed&quot;:&quot;0&quot;,&quot;title&quot;:&quot;&quot;,&quot;orientation&quot;:&quot;0&quot;}\" data-image-title=\"3988\" data-image-description=\"\" data-medium-file=\"https:\/\/i0.wp.com\/blogdoprosperi.com\/wp-content\/uploads\/2016\/06\/3988.jpg?fit=620%2C372&#038;ssl=1\" data-large-file=\"https:\/\/i0.wp.com\/blogdoprosperi.com\/wp-content\/uploads\/2016\/06\/3988.jpg?fit=620%2C372&#038;ssl=1\" src=\"https:\/\/i0.wp.com\/blogdoprosperi.com\/wp-content\/uploads\/2016\/06\/3988.jpg?w=936&#038;h=562&#038;ssl=1\" width=\"936\" height=\"562\" loading=\"lazy\" data-original-width=\"936\" data-original-height=\"562\" itemprop=\"http:\/\/schema.org\/image\" title=\"3988\" alt=\"3988\" style=\"width: 936px; height: 562px;\" \/> <\/a> <\/div> <\/div> <!-- close group --> <\/div> <!-- close row --> <\/div>\n<p>O jogo ficou paralisado por cerca de seis minutos. Na volta, Necid empatou em cobran\u00e7a de p\u00eanalti cometido por Vida. A Cro\u00e1cia ca\u00eda golpeada pela sua pr\u00f3pria gente. E agora vai ter de especular com a Espanha sua vaga \u00e0 segunda fase. Detalhe, Modric, o Iniesta dos croatas, corre risco de n\u00e3o jogar.<\/p>\n<blockquote><p>&#8220;Podemos ser punidos. Pedimos perd\u00e3o. Se trata de terroristas do esporte, que n\u00e3o representam a torcida croata. Fazem o que d\u00e3o na cabe\u00e7a. Em San Siro, atiraram sinalizadores no campo. Abriram uma bandeira com s\u00edmbolo nazista no esteado Hadjuk. Destroem tudo o que tocam&#8221;, disse Ante Cacic, t\u00e9cnico da sele\u00e7\u00e3o croata.<\/p><\/blockquote>\n<p>Neste s\u00e1bado, a Uefa deve anunciar as provid\u00eancias e prov\u00e1veis puni\u00e7\u00f5es contra a Cro\u00e1cia e e parte de sua torcida.<\/p>\n<p><strong>QUANDO A IT\u00c1LIA \u00c9 MAIS IT\u00c1LIA<\/strong><br \/>\nNuma das partidas mais fracas dessa primeira fase da Euro, a It\u00e1lia despachou a Su\u00e9cia de Ibrahimovic por 1 a 0 nesta sexta-feira. No aspecto t\u00e9cnico, o jogo n\u00e3o existiu.<\/p>\n<figure id=\"attachment_11347\" aria-describedby=\"caption-attachment-11347\" style=\"width: 1200px\" class=\"wp-caption alignnone\"><img data-recalc-dims=\"1\" loading=\"lazy\" decoding=\"async\" data-attachment-id=\"11347\" data-permalink=\"https:\/\/blogdoprosperi.com\/?attachment_id=11347\" data-orig-file=\"https:\/\/i0.wp.com\/blogdoprosperi.com\/wp-content\/uploads\/2016\/06\/2379245_w1.jpg?fit=1200%2C675&amp;ssl=1\" data-orig-size=\"1200,675\" data-comments-opened=\"1\" data-image-meta=\"{&quot;aperture&quot;:&quot;0&quot;,&quot;credit&quot;:&quot;Getty Images&quot;,&quot;camera&quot;:&quot;&quot;,&quot;caption&quot;:&quot;A view of the action between Italy and Sweden during their UEFA Euro 2016 Group E match&quot;,&quot;created_timestamp&quot;:&quot;0&quot;,&quot;copyright&quot;:&quot;2016 Getty Images&quot;,&quot;focal_length&quot;:&quot;0&quot;,&quot;iso&quot;:&quot;0&quot;,&quot;shutter_speed&quot;:&quot;0&quot;,&quot;title&quot;:&quot;Italy v Sweden - Group E - UEFA Euro 2016&quot;,&quot;orientation&quot;:&quot;1&quot;}\" data-image-title=\"Italy v Sweden &amp;#8211; Group E &amp;#8211; UEFA Euro 2016\" data-image-description=\"\" data-image-caption=\"&lt;p&gt;A view of the action between Italy and Sweden during their UEFA Euro 2016 Group E match&lt;\/p&gt;\n\" data-large-file=\"https:\/\/i0.wp.com\/blogdoprosperi.com\/wp-content\/uploads\/2016\/06\/2379245_w1.jpg?fit=940%2C529&amp;ssl=1\" class=\"alignnone size-full wp-image-11347\" src=\"https:\/\/i0.wp.com\/blogdoprosperi.com\/wp-content\/uploads\/2016\/06\/2379245_w1.jpg?resize=940%2C529&#038;ssl=1\" alt=\"Italy v Sweden - Group E - UEFA Euro 2016\" width=\"940\" height=\"529\" \/><figcaption id=\"caption-attachment-11347\" class=\"wp-caption-text\">Eder, autor do gol da It\u00e1lia contra a Su\u00e9cia<\/figcaption><\/figure>\n<p>A sele\u00e7\u00e3o sueca \u00e9 um monte de camisas amarelas vazias vagando ao sabor do vento. Incapaz de trocar passes e reivindicar algo mais em busca de um gol. Ibrahimovic? A tradu\u00e7\u00e3o do t\u00e9dio e a sensa\u00e7\u00e3o de que est\u00e1 na Eurocopa por obriga\u00e7\u00e3o, sem um pingo de prazer.<\/p>\n<p>Do lado da It\u00e1lia, o reconhecimento de suas limita\u00e7\u00f5es \u00e9 evidente. Por isso, se fortalece na defesa e adota a t\u00e1tica dos zagueiros lan\u00e7ando os atacantes atr\u00e1s de uma surpresa ao inimigo. N\u00e3o h\u00e1 transi\u00e7\u00e3o normal de um campo a outro, a n\u00e3o ser bolas esticadas.<\/p>\n<p>Com essa postura, se destaca quem n\u00e3o se entrega. No caso deste jogo, coube ao brasileiro Eder, naturalizado italiano, o primeiro gol da Azzurra. Fiel \u00e0s suas origens, o atacante \u00a0catarinense da Inter de Mil\u00e3o costurou alguns suecos at\u00e9 bater para o gol, nos estertores da partida. Gol da classifica\u00e7\u00e3o da It\u00e1lia, dona de duas vit\u00f3rias em duas rodadas.<\/p>\n<div class=\"tiled-gallery type-rectangular tiled-gallery-unresized\" data-original-width=\"940\" data-carousel-extra='{&quot;blog_id&quot;:1,&quot;permalink&quot;:&quot;https:\\\/\\\/blogdoprosperi.com\\\/?p=11299&quot;,&quot;likes_blog_id&quot;:108082574}' itemscope itemtype=\"http:\/\/schema.org\/ImageGallery\" > <div class=\"gallery-row\" style=\"width: 940px; height: 415px;\" data-original-width=\"940\" data-original-height=\"415\" > <div class=\"gallery-group images-1\" style=\"width: 649px; height: 415px;\" data-original-width=\"649\" data-original-height=\"415\" > <div class=\"tiled-gallery-item tiled-gallery-item-large\" itemprop=\"associatedMedia\" itemscope itemtype=\"http:\/\/schema.org\/ImageObject\"> <a href=\"https:\/\/blogdoprosperi.com\/?attachment_id=11349\" border=\"0\" itemprop=\"url\"> <meta itemprop=\"width\" content=\"645\"> <meta itemprop=\"height\" content=\"411\"> <img decoding=\"async\" class=\"\" data-attachment-id=\"11349\" data-orig-file=\"https:\/\/blogdoprosperi.com\/wp-content\/uploads\/2016\/06\/gettyimages-540914906_20160617_153105.jpg\" data-orig-size=\"988,629\" data-comments-opened=\"1\" data-image-meta=\"{&quot;aperture&quot;:&quot;0&quot;,&quot;credit&quot;:&quot;&quot;,&quot;camera&quot;:&quot;&quot;,&quot;caption&quot;:&quot;&quot;,&quot;created_timestamp&quot;:&quot;0&quot;,&quot;copyright&quot;:&quot;&quot;,&quot;focal_length&quot;:&quot;0&quot;,&quot;iso&quot;:&quot;0&quot;,&quot;shutter_speed&quot;:&quot;0&quot;,&quot;title&quot;:&quot;&quot;,&quot;orientation&quot;:&quot;0&quot;}\" data-image-title=\"GettyImages-540914906_20160617_153105\" data-image-description=\"\" data-medium-file=\"https:\/\/i0.wp.com\/blogdoprosperi.com\/wp-content\/uploads\/2016\/06\/gettyimages-540914906_20160617_153105.jpg?fit=594%2C378&#038;ssl=1\" data-large-file=\"https:\/\/i0.wp.com\/blogdoprosperi.com\/wp-content\/uploads\/2016\/06\/gettyimages-540914906_20160617_153105.jpg?fit=940%2C598&#038;ssl=1\" src=\"https:\/\/i0.wp.com\/blogdoprosperi.com\/wp-content\/uploads\/2016\/06\/gettyimages-540914906_20160617_153105.jpg?w=645&#038;h=411&#038;ssl=1\" width=\"645\" height=\"411\" loading=\"lazy\" data-original-width=\"645\" data-original-height=\"411\" itemprop=\"http:\/\/schema.org\/image\" title=\"GettyImages-540914906_20160617_153105\" alt=\"GettyImages-540914906_20160617_153105\" style=\"width: 645px; height: 411px;\" \/> <\/a> <\/div> <\/div> <!-- close group --> <div class=\"gallery-group images-2\" style=\"width: 291px; height: 415px;\" data-original-width=\"291\" data-original-height=\"415\" > <div class=\"tiled-gallery-item tiled-gallery-item-large\" itemprop=\"associatedMedia\" itemscope itemtype=\"http:\/\/schema.org\/ImageObject\"> <a href=\"https:\/\/blogdoprosperi.com\/?attachment_id=11348\" border=\"0\" itemprop=\"url\"> <meta itemprop=\"width\" content=\"287\"> <meta itemprop=\"height\" content=\"186\"> <img decoding=\"async\" class=\"\" data-attachment-id=\"11348\" data-orig-file=\"https:\/\/blogdoprosperi.com\/wp-content\/uploads\/2016\/06\/607467505_cv_1460_41ba1b5f96099fb60b3ac6fd8fd06852_3390.jpg\" data-orig-size=\"987,639\" data-comments-opened=\"1\" data-image-meta=\"{&quot;aperture&quot;:&quot;0&quot;,&quot;credit&quot;:&quot;&quot;,&quot;camera&quot;:&quot;&quot;,&quot;caption&quot;:&quot;&quot;,&quot;created_timestamp&quot;:&quot;0&quot;,&quot;copyright&quot;:&quot;&quot;,&quot;focal_length&quot;:&quot;0&quot;,&quot;iso&quot;:&quot;0&quot;,&quot;shutter_speed&quot;:&quot;0&quot;,&quot;title&quot;:&quot;&quot;,&quot;orientation&quot;:&quot;0&quot;}\" data-image-title=\"607467505_CV_1460_41BA1B5F96099FB60B3AC6FD8FD06852_3390\" data-image-description=\"\" data-medium-file=\"https:\/\/i0.wp.com\/blogdoprosperi.com\/wp-content\/uploads\/2016\/06\/607467505_cv_1460_41ba1b5f96099fb60b3ac6fd8fd06852_3390.jpg?fit=584%2C378&#038;ssl=1\" data-large-file=\"https:\/\/i0.wp.com\/blogdoprosperi.com\/wp-content\/uploads\/2016\/06\/607467505_cv_1460_41ba1b5f96099fb60b3ac6fd8fd06852_3390.jpg?fit=940%2C609&#038;ssl=1\" src=\"https:\/\/i0.wp.com\/blogdoprosperi.com\/wp-content\/uploads\/2016\/06\/607467505_cv_1460_41ba1b5f96099fb60b3ac6fd8fd06852_3390.jpg?w=287&#038;h=186&#038;ssl=1\" width=\"287\" height=\"186\" loading=\"lazy\" data-original-width=\"287\" data-original-height=\"186\" itemprop=\"http:\/\/schema.org\/image\" title=\"607467505_CV_1460_41BA1B5F96099FB60B3AC6FD8FD06852_3390\" alt=\"607467505_CV_1460_41BA1B5F96099FB60B3AC6FD8FD06852_3390\" style=\"width: 287px; height: 186px;\" \/> <\/a> <\/div> <div class=\"tiled-gallery-item tiled-gallery-item-large\" itemprop=\"associatedMedia\" itemscope itemtype=\"http:\/\/schema.org\/ImageObject\"> <a href=\"https:\/\/blogdoprosperi.com\/?attachment_id=11350\" border=\"0\" itemprop=\"url\"> <meta itemprop=\"width\" content=\"287\"> <meta itemprop=\"height\" content=\"221\"> <img decoding=\"async\" class=\"\" data-attachment-id=\"11350\" data-orig-file=\"https:\/\/blogdoprosperi.com\/wp-content\/uploads\/2016\/06\/gettyimages-540904286.jpg\" data-orig-size=\"988,759\" data-comments-opened=\"1\" data-image-meta=\"{&quot;aperture&quot;:&quot;0&quot;,&quot;credit&quot;:&quot;&quot;,&quot;camera&quot;:&quot;&quot;,&quot;caption&quot;:&quot;&quot;,&quot;created_timestamp&quot;:&quot;0&quot;,&quot;copyright&quot;:&quot;&quot;,&quot;focal_length&quot;:&quot;0&quot;,&quot;iso&quot;:&quot;0&quot;,&quot;shutter_speed&quot;:&quot;0&quot;,&quot;title&quot;:&quot;&quot;,&quot;orientation&quot;:&quot;0&quot;}\" data-image-title=\"GettyImages-540904286\" data-image-description=\"\" data-medium-file=\"https:\/\/i0.wp.com\/blogdoprosperi.com\/wp-content\/uploads\/2016\/06\/gettyimages-540904286.jpg?fit=492%2C378&#038;ssl=1\" data-large-file=\"https:\/\/i0.wp.com\/blogdoprosperi.com\/wp-content\/uploads\/2016\/06\/gettyimages-540904286.jpg?fit=940%2C722&#038;ssl=1\" src=\"https:\/\/i0.wp.com\/blogdoprosperi.com\/wp-content\/uploads\/2016\/06\/gettyimages-540904286.jpg?w=287&#038;h=221&#038;ssl=1\" width=\"287\" height=\"221\" loading=\"lazy\" data-original-width=\"287\" data-original-height=\"221\" itemprop=\"http:\/\/schema.org\/image\" title=\"GettyImages-540904286\" alt=\"GettyImages-540904286\" style=\"width: 287px; height: 221px;\" \/> <\/a> <\/div> <\/div> <!-- close group --> <\/div> <!-- close row --> <div class=\"gallery-row\" style=\"width: 940px; height: 628px;\" data-original-width=\"940\" data-original-height=\"628\" > <div class=\"gallery-group images-1\" style=\"width: 940px; height: 628px;\" data-original-width=\"940\" data-original-height=\"628\" > <div class=\"tiled-gallery-item tiled-gallery-item-large\" itemprop=\"associatedMedia\" itemscope itemtype=\"http:\/\/schema.org\/ImageObject\"> <a href=\"https:\/\/blogdoprosperi.com\/?attachment_id=11381\" border=\"0\" itemprop=\"url\"> <meta itemprop=\"width\" content=\"936\"> <meta itemprop=\"height\" content=\"624\"> <img decoding=\"async\" class=\"\" data-attachment-id=\"11381\" data-orig-file=\"https:\/\/blogdoprosperi.com\/wp-content\/uploads\/2016\/06\/gettyimages-540911944.jpg\" data-orig-size=\"987,658\" data-comments-opened=\"1\" data-image-meta=\"{&quot;aperture&quot;:&quot;0&quot;,&quot;credit&quot;:&quot;&quot;,&quot;camera&quot;:&quot;&quot;,&quot;caption&quot;:&quot;&quot;,&quot;created_timestamp&quot;:&quot;0&quot;,&quot;copyright&quot;:&quot;&quot;,&quot;focal_length&quot;:&quot;0&quot;,&quot;iso&quot;:&quot;0&quot;,&quot;shutter_speed&quot;:&quot;0&quot;,&quot;title&quot;:&quot;&quot;,&quot;orientation&quot;:&quot;0&quot;}\" data-image-title=\"GettyImages-540911944\" data-image-description=\"\" data-medium-file=\"https:\/\/i0.wp.com\/blogdoprosperi.com\/wp-content\/uploads\/2016\/06\/gettyimages-540911944.jpg?fit=567%2C378&#038;ssl=1\" data-large-file=\"https:\/\/i0.wp.com\/blogdoprosperi.com\/wp-content\/uploads\/2016\/06\/gettyimages-540911944.jpg?fit=940%2C627&#038;ssl=1\" src=\"https:\/\/i0.wp.com\/blogdoprosperi.com\/wp-content\/uploads\/2016\/06\/gettyimages-540911944.jpg?w=936&#038;h=624&#038;ssl=1\" width=\"936\" height=\"624\" loading=\"lazy\" data-original-width=\"936\" data-original-height=\"624\" itemprop=\"http:\/\/schema.org\/image\" title=\"GettyImages-540911944\" alt=\"GettyImages-540911944\" style=\"width: 936px; height: 624px;\" \/> <\/a> <\/div> <\/div> <!-- close group --> <\/div> <!-- close row --> <\/div>\n","protected":false},"excerpt":{"rendered":"<p>&nbsp; A imbecilidade derrota a Eurocopa nas duas primeiras rodadas. Das batalhas sangrentas entre hooligans de todos os [&hellip;]<\/p>\n","protected":false},"author":102107496,"featured_media":0,"comment_status":"open","ping_status":"open","sticky":false,"template":"","format":"standard","meta":{"_coblocks_attr":"","_coblocks_dimensions":"","_coblocks_responsive_height":"","_coblocks_accordion_ie_support":"","_jetpack_newsletter_access":"","_jetpack_dont_email_post_to_subs":false,"_jetpack_newsletter_tier_id":0,"_jetpack_memberships_contains_paywalled_content":false,"_wpcom_ai_launchpad_first_post":false,"_jetpack_feature_clip_id":0,"_jetpack_memberships_contains_paid_content":false,"footnotes":"","jetpack_publicize_message":"","jetpack_publicize_feature_enabled":true,"jetpack_social_post_already_shared":false,"jetpack_social_options":{"image_generator_settings":{"template":"highway","default_image_id":0,"font":"","enabled":false},"version":2},"jetpack_post_was_ever_published":false},"categories":[53870],"tags":[186075,1388459,68373,11520306,789560560,110748,1199608,21862,3938702,21820778,54385,54141],"class_list":["post-11299","post","type-post","status-publish","format-standard","hentry","category-futebol","tag-croacia","tag-eder","tag-espanha","tag-eurocopa-2016","tag-futebol","tag-ibrahimovic","tag-iniesta","tag-italia","tag-morata","tag-sinalizadores","tag-suecia","tag-turquia"],"yoast_head":"<!-- This site is optimized with the Yoast SEO plugin v28.3 - https:\/\/yoast.com\/product\/yoast-seo-wordpress\/ -->\n<title>It\u00e1lia e Espanha avan\u00e7am na Eurocopa e Cro\u00e1cia sofre com imbecis das arquibancadas - PR\u00d3SPERI NEWS<\/title>\n<meta name=\"robots\" content=\"index, follow, max-snippet:-1, max-image-preview:large, max-video-preview:-1\" \/>\n<link rel=\"canonical\" href=\"https:\/\/blogdoprosperi.com\/?p=11299\" \/>\n<meta property=\"og:locale\" content=\"pt_BR\" \/>\n<meta property=\"og:type\" content=\"article\" \/>\n<meta property=\"og:title\" content=\"It\u00e1lia e Espanha avan\u00e7am na Eurocopa e Cro\u00e1cia sofre com imbecis das arquibancadas - PR\u00d3SPERI NEWS\" \/>\n<meta property=\"og:description\" content=\"&nbsp; A imbecilidade derrota a Eurocopa nas duas primeiras rodadas. Das batalhas sangrentas entre hooligans de todos os [&hellip;]\" \/>\n<meta property=\"og:url\" content=\"https:\/\/blogdoprosperi.com\/?p=11299\" \/>\n<meta property=\"og:site_name\" content=\"PR\u00d3SPERI NEWS\" \/>\n<meta property=\"article:publisher\" content=\"Luiz Pr\u00f3speri\" \/>\n<meta property=\"article:author\" content=\"Luiz Pr\u00f3speri\" \/>\n<meta property=\"article:published_time\" content=\"2016-06-17T21:39:49+00:00\" \/>\n<meta property=\"article:modified_time\" content=\"2016-06-18T14:32:22+00:00\" \/>\n<meta property=\"og:image\" content=\"https:\/\/i0.wp.com\/blogdoprosperi.com\/wp-content\/uploads\/2016\/06\/3200.jpg?w=603&#038;h=402&#038;ssl=1\" \/>\n<meta name=\"author\" content=\"Luiz Ant\u00f4nio Pr\u00f3speri\" \/>\n<meta name=\"twitter:card\" content=\"summary_large_image\" \/>\n<meta name=\"twitter:creator\" content=\"@Luizprosperi\" \/>\n<meta name=\"twitter:site\" content=\"@Luizprosperi\" \/>\n<meta name=\"twitter:label1\" content=\"Escrito por\" \/>\n\t<meta name=\"twitter:data1\" content=\"Luiz Ant\u00f4nio Pr\u00f3speri\" \/>\n\t<meta name=\"twitter:label2\" content=\"Est. tempo de leitura\" \/>\n\t<meta name=\"twitter:data2\" content=\"4 minutos\" \/>\n<script type=\"application\/ld+json\" class=\"yoast-schema-graph\">{\"@context\":\"https:\\\/\\\/schema.org\",\"@graph\":[{\"@type\":\"Article\",\"@id\":\"https:\\\/\\\/blogdoprosperi.com\\\/?p=11299#article\",\"isPartOf\":{\"@id\":\"https:\\\/\\\/blogdoprosperi.com\\\/?p=11299\"},\"author\":{\"name\":\"Luiz Ant\u00f4nio Pr\u00f3speri\",\"@id\":\"https:\\\/\\\/blogdoprosperi.com\\\/#\\\/schema\\\/person\\\/38100755ce3601861ee4fab9b5aa78e9\"},\"headline\":\"It\u00e1lia e Espanha avan\u00e7am na Eurocopa e Cro\u00e1cia sofre com imbecis das arquibancadas\",\"datePublished\":\"2016-06-17T21:39:49+00:00\",\"dateModified\":\"2016-06-18T14:32:22+00:00\",\"mainEntityOfPage\":{\"@id\":\"https:\\\/\\\/blogdoprosperi.com\\\/?p=11299\"},\"wordCount\":796,\"commentCount\":6,\"publisher\":{\"@id\":\"https:\\\/\\\/blogdoprosperi.com\\\/#\\\/schema\\\/person\\\/38100755ce3601861ee4fab9b5aa78e9\"},\"image\":{\"@id\":\"https:\\\/\\\/blogdoprosperi.com\\\/?p=11299#primaryimage\"},\"thumbnailUrl\":\"https:\\\/\\\/blogdoprosperi.com\\\/wp-content\\\/uploads\\\/2016\\\/06\\\/4421.jpg\",\"keywords\":[\"Cro\u00e1cia\",\"Eder\",\"Espanha\",\"Eurocopa 2016\",\"futebol\",\"Ibrahimovic\",\"Iniesta\",\"It\u00e1lia\",\"Morata\",\"Sinalizadores\",\"Su\u00e9cia\",\"Turquia\"],\"articleSection\":[\"futebol\"],\"inLanguage\":\"pt-BR\",\"potentialAction\":[{\"@type\":\"CommentAction\",\"name\":\"Comment\",\"target\":[\"https:\\\/\\\/blogdoprosperi.com\\\/?p=11299#respond\"]}]},{\"@type\":\"WebPage\",\"@id\":\"https:\\\/\\\/blogdoprosperi.com\\\/?p=11299\",\"url\":\"https:\\\/\\\/blogdoprosperi.com\\\/?p=11299\",\"name\":\"It\u00e1lia e Espanha avan\u00e7am na Eurocopa e Cro\u00e1cia sofre com imbecis das arquibancadas - PR\u00d3SPERI NEWS\",\"isPartOf\":{\"@id\":\"https:\\\/\\\/blogdoprosperi.com\\\/#website\"},\"primaryImageOfPage\":{\"@id\":\"https:\\\/\\\/blogdoprosperi.com\\\/?p=11299#primaryimage\"},\"image\":{\"@id\":\"https:\\\/\\\/blogdoprosperi.com\\\/?p=11299#primaryimage\"},\"thumbnailUrl\":\"https:\\\/\\\/blogdoprosperi.com\\\/wp-content\\\/uploads\\\/2016\\\/06\\\/4421.jpg\",\"datePublished\":\"2016-06-17T21:39:49+00:00\",\"dateModified\":\"2016-06-18T14:32:22+00:00\",\"breadcrumb\":{\"@id\":\"https:\\\/\\\/blogdoprosperi.com\\\/?p=11299#breadcrumb\"},\"inLanguage\":\"pt-BR\",\"potentialAction\":[{\"@type\":\"ReadAction\",\"target\":[\"https:\\\/\\\/blogdoprosperi.com\\\/?p=11299\"]}]},{\"@type\":\"ImageObject\",\"inLanguage\":\"pt-BR\",\"@id\":\"https:\\\/\\\/blogdoprosperi.com\\\/?p=11299#primaryimage\",\"url\":\"https:\\\/\\\/i0.wp.com\\\/blogdoprosperi.com\\\/wp-content\\\/uploads\\\/2016\\\/06\\\/4421.jpg?fit=620%2C407&ssl=1\",\"contentUrl\":\"https:\\\/\\\/i0.wp.com\\\/blogdoprosperi.com\\\/wp-content\\\/uploads\\\/2016\\\/06\\\/4421.jpg?fit=620%2C407&ssl=1\",\"width\":620,\"height\":407},{\"@type\":\"BreadcrumbList\",\"@id\":\"https:\\\/\\\/blogdoprosperi.com\\\/?p=11299#breadcrumb\",\"itemListElement\":[{\"@type\":\"ListItem\",\"position\":1,\"name\":\"In\u00edcio\",\"item\":\"https:\\\/\\\/blogdoprosperi.com\\\/\"},{\"@type\":\"ListItem\",\"position\":2,\"name\":\"It\u00e1lia e Espanha avan\u00e7am na Eurocopa e Cro\u00e1cia sofre com imbecis das arquibancadas\"}]},{\"@type\":\"WebSite\",\"@id\":\"https:\\\/\\\/blogdoprosperi.com\\\/#website\",\"url\":\"https:\\\/\\\/blogdoprosperi.com\\\/\",\"name\":\"PR\u00d3SPERI NEWS\",\"description\":\"TUDO \u00c9  FUTEBOL\",\"publisher\":{\"@id\":\"https:\\\/\\\/blogdoprosperi.com\\\/#\\\/schema\\\/person\\\/38100755ce3601861ee4fab9b5aa78e9\"},\"alternateName\":\"blogdoprosperi.com\",\"potentialAction\":[{\"@type\":\"SearchAction\",\"target\":{\"@type\":\"EntryPoint\",\"urlTemplate\":\"https:\\\/\\\/blogdoprosperi.com\\\/?s={search_term_string}\"},\"query-input\":{\"@type\":\"PropertyValueSpecification\",\"valueRequired\":true,\"valueName\":\"search_term_string\"}}],\"inLanguage\":\"pt-BR\"},{\"@type\":[\"Person\",\"Organization\"],\"@id\":\"https:\\\/\\\/blogdoprosperi.com\\\/#\\\/schema\\\/person\\\/38100755ce3601861ee4fab9b5aa78e9\",\"name\":\"Luiz Ant\u00f4nio Pr\u00f3speri\",\"pronouns\":\"ele\",\"image\":{\"@type\":\"ImageObject\",\"inLanguage\":\"pt-BR\",\"@id\":\"https:\\\/\\\/i0.wp.com\\\/blogdoprosperi.com\\\/wp-content\\\/uploads\\\/2026\\\/05\\\/cropped-8059e613-6002-42fa-961e-8e275f575d71-2-5.jpg?fit=1360%2C931&ssl=1\",\"url\":\"https:\\\/\\\/i0.wp.com\\\/blogdoprosperi.com\\\/wp-content\\\/uploads\\\/2026\\\/05\\\/cropped-8059e613-6002-42fa-961e-8e275f575d71-2-5.jpg?fit=1360%2C931&ssl=1\",\"contentUrl\":\"https:\\\/\\\/i0.wp.com\\\/blogdoprosperi.com\\\/wp-content\\\/uploads\\\/2026\\\/05\\\/cropped-8059e613-6002-42fa-961e-8e275f575d71-2-5.jpg?fit=1360%2C931&ssl=1\",\"width\":1360,\"height\":931,\"caption\":\"Luiz Ant\u00f4nio Pr\u00f3speri\"},\"logo\":{\"@id\":\"https:\\\/\\\/i0.wp.com\\\/blogdoprosperi.com\\\/wp-content\\\/uploads\\\/2026\\\/05\\\/cropped-8059e613-6002-42fa-961e-8e275f575d71-2-5.jpg?fit=1360%2C931&ssl=1\"},\"description\":\"Jornalista com carreira dedicada ao esporte. Cobriu 9 Copas do Mundo in loco, 1990 na It\u00e1lia, 1994 nos EUA, 1998 na Fran\u00e7a, 2002 na Coreia do Sul e Jap\u00e3o, 2006 na Alemanha, 2010 na \u00c1frica do Sul, 2014 no Brasil, 2018 na R\u00fassia e 2022 no Qatar. Eurocopas, 1992 na Su\u00e9cia e 1996 na Inglaterra. Copa das Confedera\u00e7\u00f5es de 2005 na Alemanha e 2009 na \u00c1frica do Sul. Rep\u00f3rter e Editor, trabalhou no Jornal da Tarde e Estad\u00e3o, de 1984 a fevereiro de 2016. Colunista, blogueiro. E comentarista de futebol na R\u00e1dio Estad\u00e3o, de 2013 a fevereiro de 2016. Jornalista respons\u00e1vel do \\\"Pr\u00f3speri News\\\" (blogdoprosperi.com).\",\"sameAs\":[\"http:\\\/\\\/blogdoprosperi.com\",\"Luiz Pr\u00f3speri\",\"@luiz_prosperi\",\"https:\\\/\\\/x.com\\\/Luizprosperi\",\"@prosperinacopa\",\"luiz.prosperi@icloud.com\"],\"url\":\"https:\\\/\\\/blogdoprosperi.com\\\/?author=102107496\"}]}<\/script>\n<!-- \/ Yoast SEO plugin. -->","yoast_head_json":{"title":"It\u00e1lia e Espanha avan\u00e7am na Eurocopa e Cro\u00e1cia sofre com imbecis das arquibancadas - PR\u00d3SPERI NEWS","robots":{"index":"index","follow":"follow","max-snippet":"max-snippet:-1","max-image-preview":"max-image-preview:large","max-video-preview":"max-video-preview:-1"},"canonical":"https:\/\/blogdoprosperi.com\/?p=11299","og_locale":"pt_BR","og_type":"article","og_title":"It\u00e1lia e Espanha avan\u00e7am na Eurocopa e Cro\u00e1cia sofre com imbecis das arquibancadas - PR\u00d3SPERI NEWS","og_description":"&nbsp; A imbecilidade derrota a Eurocopa nas duas primeiras rodadas. Das batalhas sangrentas entre hooligans de todos os [&hellip;]","og_url":"https:\/\/blogdoprosperi.com\/?p=11299","og_site_name":"PR\u00d3SPERI NEWS","article_publisher":"Luiz Pr\u00f3speri","article_author":"Luiz Pr\u00f3speri","article_published_time":"2016-06-17T21:39:49+00:00","article_modified_time":"2016-06-18T14:32:22+00:00","og_image":[{"url":"https:\/\/i0.wp.com\/blogdoprosperi.com\/wp-content\/uploads\/2016\/06\/3200.jpg?w=603&#038;h=402&#038;ssl=1","type":"","width":"","height":""}],"author":"Luiz Ant\u00f4nio Pr\u00f3speri","twitter_card":"summary_large_image","twitter_creator":"@Luizprosperi","twitter_site":"@Luizprosperi","twitter_misc":{"Escrito por":"Luiz Ant\u00f4nio Pr\u00f3speri","Est. tempo de leitura":"4 minutos"},"schema":{"@context":"https:\/\/schema.org","@graph":[{"@type":"Article","@id":"https:\/\/blogdoprosperi.com\/?p=11299#article","isPartOf":{"@id":"https:\/\/blogdoprosperi.com\/?p=11299"},"author":{"name":"Luiz Ant\u00f4nio Pr\u00f3speri","@id":"https:\/\/blogdoprosperi.com\/#\/schema\/person\/38100755ce3601861ee4fab9b5aa78e9"},"headline":"It\u00e1lia e Espanha avan\u00e7am na Eurocopa e Cro\u00e1cia sofre com imbecis das arquibancadas","datePublished":"2016-06-17T21:39:49+00:00","dateModified":"2016-06-18T14:32:22+00:00","mainEntityOfPage":{"@id":"https:\/\/blogdoprosperi.com\/?p=11299"},"wordCount":796,"commentCount":6,"publisher":{"@id":"https:\/\/blogdoprosperi.com\/#\/schema\/person\/38100755ce3601861ee4fab9b5aa78e9"},"image":{"@id":"https:\/\/blogdoprosperi.com\/?p=11299#primaryimage"},"thumbnailUrl":"https:\/\/blogdoprosperi.com\/wp-content\/uploads\/2016\/06\/4421.jpg","keywords":["Cro\u00e1cia","Eder","Espanha","Eurocopa 2016","futebol","Ibrahimovic","Iniesta","It\u00e1lia","Morata","Sinalizadores","Su\u00e9cia","Turquia"],"articleSection":["futebol"],"inLanguage":"pt-BR","potentialAction":[{"@type":"CommentAction","name":"Comment","target":["https:\/\/blogdoprosperi.com\/?p=11299#respond"]}]},{"@type":"WebPage","@id":"https:\/\/blogdoprosperi.com\/?p=11299","url":"https:\/\/blogdoprosperi.com\/?p=11299","name":"It\u00e1lia e Espanha avan\u00e7am na Eurocopa e Cro\u00e1cia sofre com imbecis das arquibancadas - PR\u00d3SPERI NEWS","isPartOf":{"@id":"https:\/\/blogdoprosperi.com\/#website"},"primaryImageOfPage":{"@id":"https:\/\/blogdoprosperi.com\/?p=11299#primaryimage"},"image":{"@id":"https:\/\/blogdoprosperi.com\/?p=11299#primaryimage"},"thumbnailUrl":"https:\/\/blogdoprosperi.com\/wp-content\/uploads\/2016\/06\/4421.jpg","datePublished":"2016-06-17T21:39:49+00:00","dateModified":"2016-06-18T14:32:22+00:00","breadcrumb":{"@id":"https:\/\/blogdoprosperi.com\/?p=11299#breadcrumb"},"inLanguage":"pt-BR","potentialAction":[{"@type":"ReadAction","target":["https:\/\/blogdoprosperi.com\/?p=11299"]}]},{"@type":"ImageObject","inLanguage":"pt-BR","@id":"https:\/\/blogdoprosperi.com\/?p=11299#primaryimage","url":"https:\/\/i0.wp.com\/blogdoprosperi.com\/wp-content\/uploads\/2016\/06\/4421.jpg?fit=620%2C407&ssl=1","contentUrl":"https:\/\/i0.wp.com\/blogdoprosperi.com\/wp-content\/uploads\/2016\/06\/4421.jpg?fit=620%2C407&ssl=1","width":620,"height":407},{"@type":"BreadcrumbList","@id":"https:\/\/blogdoprosperi.com\/?p=11299#breadcrumb","itemListElement":[{"@type":"ListItem","position":1,"name":"In\u00edcio","item":"https:\/\/blogdoprosperi.com\/"},{"@type":"ListItem","position":2,"name":"It\u00e1lia e Espanha avan\u00e7am na Eurocopa e Cro\u00e1cia sofre com imbecis das arquibancadas"}]},{"@type":"WebSite","@id":"https:\/\/blogdoprosperi.com\/#website","url":"https:\/\/blogdoprosperi.com\/","name":"PR\u00d3SPERI NEWS","description":"TUDO \u00c9  FUTEBOL","publisher":{"@id":"https:\/\/blogdoprosperi.com\/#\/schema\/person\/38100755ce3601861ee4fab9b5aa78e9"},"alternateName":"blogdoprosperi.com","potentialAction":[{"@type":"SearchAction","target":{"@type":"EntryPoint","urlTemplate":"https:\/\/blogdoprosperi.com\/?s={search_term_string}"},"query-input":{"@type":"PropertyValueSpecification","valueRequired":true,"valueName":"search_term_string"}}],"inLanguage":"pt-BR"},{"@type":["Person","Organization"],"@id":"https:\/\/blogdoprosperi.com\/#\/schema\/person\/38100755ce3601861ee4fab9b5aa78e9","name":"Luiz Ant\u00f4nio Pr\u00f3speri","pronouns":"ele","image":{"@type":"ImageObject","inLanguage":"pt-BR","@id":"https:\/\/i0.wp.com\/blogdoprosperi.com\/wp-content\/uploads\/2026\/05\/cropped-8059e613-6002-42fa-961e-8e275f575d71-2-5.jpg?fit=1360%2C931&ssl=1","url":"https:\/\/i0.wp.com\/blogdoprosperi.com\/wp-content\/uploads\/2026\/05\/cropped-8059e613-6002-42fa-961e-8e275f575d71-2-5.jpg?fit=1360%2C931&ssl=1","contentUrl":"https:\/\/i0.wp.com\/blogdoprosperi.com\/wp-content\/uploads\/2026\/05\/cropped-8059e613-6002-42fa-961e-8e275f575d71-2-5.jpg?fit=1360%2C931&ssl=1","width":1360,"height":931,"caption":"Luiz Ant\u00f4nio Pr\u00f3speri"},"logo":{"@id":"https:\/\/i0.wp.com\/blogdoprosperi.com\/wp-content\/uploads\/2026\/05\/cropped-8059e613-6002-42fa-961e-8e275f575d71-2-5.jpg?fit=1360%2C931&ssl=1"},"description":"Jornalista com carreira dedicada ao esporte. Cobriu 9 Copas do Mundo in loco, 1990 na It\u00e1lia, 1994 nos EUA, 1998 na Fran\u00e7a, 2002 na Coreia do Sul e Jap\u00e3o, 2006 na Alemanha, 2010 na \u00c1frica do Sul, 2014 no Brasil, 2018 na R\u00fassia e 2022 no Qatar. Eurocopas, 1992 na Su\u00e9cia e 1996 na Inglaterra. Copa das Confedera\u00e7\u00f5es de 2005 na Alemanha e 2009 na \u00c1frica do Sul. Rep\u00f3rter e Editor, trabalhou no Jornal da Tarde e Estad\u00e3o, de 1984 a fevereiro de 2016. Colunista, blogueiro. E comentarista de futebol na R\u00e1dio Estad\u00e3o, de 2013 a fevereiro de 2016. Jornalista respons\u00e1vel do \"Pr\u00f3speri News\" (blogdoprosperi.com).","sameAs":["http:\/\/blogdoprosperi.com","Luiz Pr\u00f3speri","@luiz_prosperi","https:\/\/x.com\/Luizprosperi","@prosperinacopa","luiz.prosperi@icloud.com"],"url":"https:\/\/blogdoprosperi.com\/?author=102107496"}]}},"jetpack_publicize_connections":[],"jetpack_likes_enabled":false,"jetpack_sharing_enabled":true,"jetpack_shortlink":"https:\/\/wp.me\/p7jvdk-2Wf","jetpack-related-posts":[{"id":12147,"url":"https:\/\/blogdoprosperi.com\/?p=12147","url_meta":{"origin":11299,"position":0},"title":"Espanha cai diante da Cro\u00e1cia e vai enfrentar a It\u00e1lia na Eurocopa","author":"Luiz Ant\u00f4nio Pr\u00f3speri","date":"21 de junho de 2016","format":false,"excerpt":"\u00a0 Cro\u00e1cia surpreende a Espanha com virada por 2 a 1 e acaba com uma soberania espanhola que h\u00e1 12 anos n\u00e3o perdia um jogo na fase final da Eurocopa. Espanh\u00f3is podem creditar essa derrota ao pouco caso como conduziu a partida. Diria, com certa soberba. Iniesta, o senhor do\u2026","rel":"","context":"Em &quot;futebol&quot;","block_context":{"text":"futebol","link":"https:\/\/blogdoprosperi.com\/?cat=53870"},"img":{"alt_text":"","src":"https:\/\/i0.wp.com\/blogdoprosperi.com\/wp-content\/uploads\/2016\/06\/21611.jpg?resize=350%2C200","width":350,"height":200,"srcset":"https:\/\/i0.wp.com\/blogdoprosperi.com\/wp-content\/uploads\/2016\/06\/21611.jpg?resize=350%2C200 1x, https:\/\/i0.wp.com\/blogdoprosperi.com\/wp-content\/uploads\/2016\/06\/21611.jpg?resize=525%2C300 1.5x"},"classes":[]},{"id":43985,"url":"https:\/\/blogdoprosperi.com\/?p=43985","url_meta":{"origin":11299,"position":1},"title":"Final da Euro 2024 na TV: Espanha Tetracampe\u00e3 ou Inglaterra Surpreende? Descubra Agora!","author":"Luiz Ant\u00f4nio Pr\u00f3speri","date":"13 de julho de 2024","format":false,"excerpt":"Espanha e Inglaterra decidem a final da Euro 2024, domingo (14\/7), em Berlim. \u00daltimo cap\u00edtulo de um torneio carimbado pela nova gera\u00e7\u00e3o, despedida de \u00edcones, muita festa nas ruas da Alemanha, tens\u00e3o pol\u00edtica, pouca viol\u00eancia, problemas nos est\u00e1dios e jogos memor\u00e1veis. Coube tudo na Eurocopa. At\u00e9 mesmo a decis\u00e3o entre\u2026","rel":"","context":"Em &quot;futebol&quot;","block_context":{"text":"futebol","link":"https:\/\/blogdoprosperi.com\/?cat=53870"},"img":{"alt_text":"Euro 2024 - final: Espanha x Inglaterra","src":"https:\/\/i0.wp.com\/blogdoprosperi.com\/wp-content\/uploads\/2024\/07\/captura-de-tela-2024-07-13-as-18.03.00.png?fit=1200%2C690&ssl=1&resize=350%2C200","width":350,"height":200,"srcset":"https:\/\/i0.wp.com\/blogdoprosperi.com\/wp-content\/uploads\/2024\/07\/captura-de-tela-2024-07-13-as-18.03.00.png?fit=1200%2C690&ssl=1&resize=350%2C200 1x, https:\/\/i0.wp.com\/blogdoprosperi.com\/wp-content\/uploads\/2024\/07\/captura-de-tela-2024-07-13-as-18.03.00.png?fit=1200%2C690&ssl=1&resize=525%2C300 1.5x, https:\/\/i0.wp.com\/blogdoprosperi.com\/wp-content\/uploads\/2024\/07\/captura-de-tela-2024-07-13-as-18.03.00.png?fit=1200%2C690&ssl=1&resize=700%2C400 2x, https:\/\/i0.wp.com\/blogdoprosperi.com\/wp-content\/uploads\/2024\/07\/captura-de-tela-2024-07-13-as-18.03.00.png?fit=1200%2C690&ssl=1&resize=1050%2C600 3x"},"classes":[]},{"id":42902,"url":"https:\/\/blogdoprosperi.com\/?p=42902","url_meta":{"origin":11299,"position":2},"title":"Programa\u00e7\u00e3o TV: ao vivo estreia de Cristiano Ronaldo na Euro 2024","author":"Luiz Ant\u00f4nio Pr\u00f3speri","date":"18 de junho de 2024","format":false,"excerpt":"Cristiano Ronaldo estreia na Euro 2024 nessa ter\u00e7a-feira (17\/6) no jogo Portugal x Tch\u00e9quia, \u00e0s 16h, com transmiss\u00e3o ao vivo no SporTV e Globoplay, direto de Leipzig. Ser\u00e1 a sexta Eurocopa, e talvez a \u00faltima, na carreira de CR7. Sele\u00e7\u00e3o portuguesa \u00e9 uma das favoritas ao t\u00edtulo. Confira programa\u00e7\u00e3o da\u2026","rel":"","context":"Em &quot;futebol&quot;","block_context":{"text":"futebol","link":"https:\/\/blogdoprosperi.com\/?cat=53870"},"img":{"alt_text":"Cristiano Ronaldo estreia na Euro 2024","src":"https:\/\/i0.wp.com\/blogdoprosperi.com\/wp-content\/uploads\/2024\/06\/captura-de-tela-2024-06-18-as-10.33.54.png?fit=910%2C782&ssl=1&resize=350%2C200","width":350,"height":200,"srcset":"https:\/\/i0.wp.com\/blogdoprosperi.com\/wp-content\/uploads\/2024\/06\/captura-de-tela-2024-06-18-as-10.33.54.png?fit=910%2C782&ssl=1&resize=350%2C200 1x, https:\/\/i0.wp.com\/blogdoprosperi.com\/wp-content\/uploads\/2024\/06\/captura-de-tela-2024-06-18-as-10.33.54.png?fit=910%2C782&ssl=1&resize=525%2C300 1.5x, https:\/\/i0.wp.com\/blogdoprosperi.com\/wp-content\/uploads\/2024\/06\/captura-de-tela-2024-06-18-as-10.33.54.png?fit=910%2C782&ssl=1&resize=700%2C400 2x"},"classes":[]},{"id":10464,"url":"https:\/\/blogdoprosperi.com\/?p=10464","url_meta":{"origin":11299,"position":3},"title":"It\u00e1lia, Espanha e Alemanha n\u00e3o decepcionam na estreia na Euro e d\u00e3o uma li\u00e7\u00e3o ao Brasil","author":"Luiz Ant\u00f4nio Pr\u00f3speri","date":"13 de junho de 2016","format":false,"excerpt":"Gigantes d\u00e3o a largada na Eurocopa com vit\u00f3rias de impacto e car\u00e1ter. Fi\u00e9is aos seus estilos, mesmo sem brilho, derrotaram B\u00e9lgica, Rep\u00fablica Tcheca e Ucr\u00e2nia. Resultados que indicam alguns ensinamentos \u00e0 Sele\u00e7\u00e3o Brasileira Andr\u00e9s Iniesta deu um recital na estreia da Espanha na Euro-2016. Requintado com a bola nos p\u00e9s,\u2026","rel":"","context":"Em &quot;futebol&quot;","block_context":{"text":"futebol","link":"https:\/\/blogdoprosperi.com\/?cat=53870"},"img":{"alt_text":"","src":"https:\/\/i0.wp.com\/blogdoprosperi.com\/wp-content\/uploads\/2016\/06\/1536.jpg?resize=350%2C200","width":350,"height":200,"srcset":"https:\/\/i0.wp.com\/blogdoprosperi.com\/wp-content\/uploads\/2016\/06\/1536.jpg?resize=350%2C200 1x, https:\/\/i0.wp.com\/blogdoprosperi.com\/wp-content\/uploads\/2016\/06\/1536.jpg?resize=525%2C300 1.5x"},"classes":[]},{"id":60510,"url":"https:\/\/blogdoprosperi.com\/?p=60510","url_meta":{"origin":11299,"position":4},"title":"Fran\u00e7a x Espanha: Quem pode decidir, o poder de sedu\u00e7\u00e3o de cada sele\u00e7\u00e3o e onde assistir o jogo ao vivo","author":"Luiz Ant\u00f4nio Pr\u00f3speri","date":"14 de julho de 2026","format":false,"excerpt":"Luiz Ant\u00f4nio Pr\u00f3speri \u2013 14 julho 2026 (11h34)\u00a0 Fran\u00e7a e Espanha decidem uma vaga \u00e0 final da Copa do Mundo 2026 nesta ter\u00e7a-feira (14\/7) em Dallas. Trata-se de um dos jogos dos mais esperados dessa Copa. Pena que seja agora a dois passos da grande final de domingo (19\/7) em\u2026","rel":"","context":"Em &quot;copa 2026&quot;","block_context":{"text":"copa 2026","link":"https:\/\/blogdoprosperi.com\/?cat=36820279"},"img":{"alt_text":"","src":"https:\/\/i0.wp.com\/blogdoprosperi.com\/wp-content\/uploads\/2026\/07\/Captura-de-Tela-2026-07-13-as-18.22.53.png?fit=1020%2C888&ssl=1&resize=350%2C200","width":350,"height":200,"srcset":"https:\/\/i0.wp.com\/blogdoprosperi.com\/wp-content\/uploads\/2026\/07\/Captura-de-Tela-2026-07-13-as-18.22.53.png?fit=1020%2C888&ssl=1&resize=350%2C200 1x, https:\/\/i0.wp.com\/blogdoprosperi.com\/wp-content\/uploads\/2026\/07\/Captura-de-Tela-2026-07-13-as-18.22.53.png?fit=1020%2C888&ssl=1&resize=525%2C300 1.5x, https:\/\/i0.wp.com\/blogdoprosperi.com\/wp-content\/uploads\/2026\/07\/Captura-de-Tela-2026-07-13-as-18.22.53.png?fit=1020%2C888&ssl=1&resize=700%2C400 2x"},"classes":[]},{"id":13467,"url":"https:\/\/blogdoprosperi.com\/?p=13467","url_meta":{"origin":11299,"position":5},"title":"It\u00e1lia acaba com reinado da Espanha na Eurocopa","author":"Luiz Ant\u00f4nio Pr\u00f3speri","date":"27 de junho de 2016","format":false,"excerpt":"It\u00e1lia esperou quatro anos para se vingar da humilhante derrota para a Espanha na final da Eurocopa de 2012, quando saiu destro\u00e7ada por 4 a 0. Sem um minuto de tr\u00e9gua, os italianos se impuseram diante dos espanh\u00f3is e venceram por 2 a 0 em Saint-Denis. Uma conquista a ser\u2026","rel":"","context":"Em &quot;futebol&quot;","block_context":{"text":"futebol","link":"https:\/\/blogdoprosperi.com\/?cat=53870"},"img":{"alt_text":"","src":"https:\/\/i0.wp.com\/blogdoprosperi.com\/wp-content\/uploads\/2016\/06\/36001.jpg?resize=350%2C200","width":350,"height":200,"srcset":"https:\/\/i0.wp.com\/blogdoprosperi.com\/wp-content\/uploads\/2016\/06\/36001.jpg?resize=350%2C200 1x, https:\/\/i0.wp.com\/blogdoprosperi.com\/wp-content\/uploads\/2016\/06\/36001.jpg?resize=525%2C300 1.5x"},"classes":[]}],"jetpack_featured_media_url":"","_links":{"self":[{"href":"https:\/\/blogdoprosperi.com\/index.php?rest_route=\/wp\/v2\/posts\/11299","targetHints":{"allow":["GET"]}}],"collection":[{"href":"https:\/\/blogdoprosperi.com\/index.php?rest_route=\/wp\/v2\/posts"}],"about":[{"href":"https:\/\/blogdoprosperi.com\/index.php?rest_route=\/wp\/v2\/types\/post"}],"author":[{"embeddable":true,"href":"https:\/\/blogdoprosperi.com\/index.php?rest_route=\/wp\/v2\/users\/102107496"}],"replies":[{"embeddable":true,"href":"https:\/\/blogdoprosperi.com\/index.php?rest_route=%2Fwp%2Fv2%2Fcomments&post=11299"}],"version-history":[{"count":25,"href":"https:\/\/blogdoprosperi.com\/index.php?rest_route=\/wp\/v2\/posts\/11299\/revisions"}],"predecessor-version":[{"id":11482,"href":"https:\/\/blogdoprosperi.com\/index.php?rest_route=\/wp\/v2\/posts\/11299\/revisions\/11482"}],"wp:attachment":[{"href":"https:\/\/blogdoprosperi.com\/index.php?rest_route=%2Fwp%2Fv2%2Fmedia&parent=11299"}],"wp:term":[{"taxonomy":"category","embeddable":true,"href":"https:\/\/blogdoprosperi.com\/index.php?rest_route=%2Fwp%2Fv2%2Fcategories&post=11299"},{"taxonomy":"post_tag","embeddable":true,"href":"https:\/\/blogdoprosperi.com\/index.php?rest_route=%2Fwp%2Fv2%2Ftags&post=11299"}],"curies":[{"name":"wp","href":"https:\/\/api.w.org\/{rel}","templated":true}]}}