{"id":1162,"date":"2016-04-14T03:04:14","date_gmt":"2016-04-14T03:04:14","guid":{"rendered":"https:\/\/blogdoprosperi.com\/?p=1162"},"modified":"2016-04-14T09:56:17","modified_gmt":"2016-04-14T09:56:17","slug":"torcida-e-calleri-embalam-o-sao-paulo","status":"publish","type":"post","link":"https:\/\/blogdoprosperi.com\/?p=1162","title":{"rendered":"Torcida e Calleri empurram o S\u00e3o Paulo no Morumbi"},"content":{"rendered":"<p>&nbsp;<\/p>\n<figure id=\"attachment_1204\" aria-describedby=\"caption-attachment-1204\" style=\"width: 768px\" class=\"wp-caption alignnone\"><img data-recalc-dims=\"1\" loading=\"lazy\" decoding=\"async\" data-attachment-id=\"1204\" data-permalink=\"https:\/\/blogdoprosperi.com\/?attachment_id=1204\" data-orig-file=\"https:\/\/i0.wp.com\/blogdoprosperi.com\/wp-content\/uploads\/2016\/04\/img_3075-1.jpg?fit=960%2C640&amp;ssl=1\" data-orig-size=\"960,640\" data-comments-opened=\"1\" data-image-meta=\"{&quot;aperture&quot;:&quot;0&quot;,&quot;credit&quot;:&quot;&quot;,&quot;camera&quot;:&quot;&quot;,&quot;caption&quot;:&quot;&quot;,&quot;created_timestamp&quot;:&quot;1460589017&quot;,&quot;copyright&quot;:&quot;&quot;,&quot;focal_length&quot;:&quot;0&quot;,&quot;iso&quot;:&quot;0&quot;,&quot;shutter_speed&quot;:&quot;0&quot;,&quot;title&quot;:&quot;&quot;,&quot;orientation&quot;:&quot;1&quot;}\" data-image-title=\"IMG_3075 (1)\" data-image-description=\"\" data-image-caption=\"\" data-large-file=\"https:\/\/i0.wp.com\/blogdoprosperi.com\/wp-content\/uploads\/2016\/04\/img_3075-1.jpg?fit=940%2C627&amp;ssl=1\" class=\"alignnone  wp-image-1204\" src=\"https:\/\/i0.wp.com\/blogdoprosperi.com\/wp-content\/uploads\/2016\/04\/img_3075-1.jpg?resize=768%2C512&#038;ssl=1\" alt=\"IMG_3075 (1)\" width=\"768\" height=\"512\" \/><figcaption id=\"caption-attachment-1204\" class=\"wp-caption-text\">Argentino Calleri mostra quem manda no Morumbi &#8211; Foto: Alex Silva<\/figcaption><\/figure>\n<p>O argentino Calleri e a imensid\u00e3o do Morumbi incendiaram o S\u00e3o Paulo nesta quarta-feira, 13\/04. Dessa comunh\u00e3o nasceu a importante vit\u00f3ria do Tricolor na Copa Libertadores por 2 a 1 contra o encardido River Plate, da Argentina. Basta ao time paulista um empate no &#8220;c\u00e9u&#8221; de La Paz contra o The Strongest para avan\u00e7ar \u00e0s oitavas de final da competi\u00e7\u00e3o. E pode ser um resultado f\u00e1cil, apesar da altitude, se o time jogar com o entusiasmo que mostrou contra o River.<\/p>\n<p>A vit\u00f3ria tem muito da alma t\u00e3o pedida pela torcida e da entrega dos jogadores de Edgardo Bauza. Diferentemente das outras jornadas, o S\u00e3o Paulo antes mesmo de entrar no campo sabia que o cora\u00e7\u00e3o teria de falar mais alto.<\/p>\n<p>Jogou um primeiro tempo como h\u00e1 muito n\u00e3o se via. Criticado por falta de esp\u00edrito de luta em in\u00fameras partidas, o time se desdobrou contra o River. Dif\u00edcil encontrar uma explica\u00e7\u00e3o para essa metamorfose. Os jogadores eram os mesmos, o treinador idem. A diferen\u00e7a estava nas arquibancadas, com o colosso Tricolor a apertar seus jogadores e reprimir os argentinos.<\/p>\n<p>Se a pulsa\u00e7\u00e3o da torcida no Morumbi colorido foi decisiva ou n\u00e3o, a verdade \u00e9 que o S\u00e3o Paulo se imp\u00f4s desde os minutos iniciais. Sem medo de errar. N\u00e3o se leva em conta a\u00ed a configura\u00e7\u00e3o t\u00e1tica de Bauza. A disposi\u00e7\u00e3o dos jogadores no tabuleiro era a mesma de outros jogos. Como diferen\u00e7a, a entrega. Nenhum argentino poderia ter tr\u00e9gua.<\/p>\n<figure id=\"attachment_1205\" aria-describedby=\"caption-attachment-1205\" style=\"width: 960px\" class=\"wp-caption alignnone\"><img data-recalc-dims=\"1\" loading=\"lazy\" decoding=\"async\" data-attachment-id=\"1205\" data-permalink=\"https:\/\/blogdoprosperi.com\/?attachment_id=1205\" data-orig-file=\"https:\/\/i0.wp.com\/blogdoprosperi.com\/wp-content\/uploads\/2016\/04\/img_3074-4.jpg?fit=960%2C640&amp;ssl=1\" data-orig-size=\"960,640\" data-comments-opened=\"1\" data-image-meta=\"{&quot;aperture&quot;:&quot;0&quot;,&quot;credit&quot;:&quot;&quot;,&quot;camera&quot;:&quot;&quot;,&quot;caption&quot;:&quot;&quot;,&quot;created_timestamp&quot;:&quot;1460588996&quot;,&quot;copyright&quot;:&quot;&quot;,&quot;focal_length&quot;:&quot;0&quot;,&quot;iso&quot;:&quot;0&quot;,&quot;shutter_speed&quot;:&quot;0&quot;,&quot;title&quot;:&quot;&quot;,&quot;orientation&quot;:&quot;1&quot;}\" data-image-title=\"IMG_3074 (4)\" data-image-description=\"\" data-image-caption=\"\" data-large-file=\"https:\/\/i0.wp.com\/blogdoprosperi.com\/wp-content\/uploads\/2016\/04\/img_3074-4.jpg?fit=940%2C627&amp;ssl=1\" class=\"alignnone size-full wp-image-1205\" src=\"https:\/\/i0.wp.com\/blogdoprosperi.com\/wp-content\/uploads\/2016\/04\/img_3074-4.jpg?resize=940%2C627&#038;ssl=1\" alt=\"IMG_3074 (4)\" width=\"940\" height=\"627\" \/><figcaption id=\"caption-attachment-1205\" class=\"wp-caption-text\">Torcida do S\u00e3o Paulo incendeia o Morumbi &#8211; Foto: Alex Silva<\/figcaption><\/figure>\n<p>A defesa se comportou bem, bloqueou as investidas do River pelas pontas. N\u00e3o deu espa\u00e7o ao meia D&#8217;Alessandro. Do meio para frente, quase tudo se encaixou. Ganso armou com maestria. Michel Bastos deu as caras. Kelvin beliscou pela ponta-direita. E Calleri fez seu papel ao martelar a zaga dos compatriotas at\u00e9 encontrar o gol, meio sem querer \u00e9 verdade, mas gol de artilheiro.<\/p>\n<p>Calleri garantiu a vit\u00f3ria parcial no primeiro tempo, emendando de primeira um cruzamento que bateu nas costas de Ganso e caiu de bandeja para a finaliza\u00e7\u00e3o do artilheiro<\/p>\n<p>A estranhar o cala-boca que deu aos torcedores. Seria um gesto aos inimigos do River? Afinal de contas ele veio do Boca Juniors, rival eterno do River. Ou aos s\u00e3o\u2013paulinos indignados com a destreza dele, Calleri?<\/p>\n<p>No segundo tempo, o argentino revirou o jogo. No momento mais agudo, quando o River ocupava com autoridade o campo tricolor, Calleri apareceu em um cruzamento na \u00e1rea e fulminou a rede do River estabelecendo os 2 a 0. Resultado que traduzia a enorme disposi\u00e7\u00e3o do time em busca dos tr\u00eas pontos.<\/p>\n<p>Ap\u00f3s o gol, era de se esperar a tradicional confus\u00e3o entre os jogadores. Ali era um Brasil contra Argentina. Mas o que se viu foi argentino contra argentino no empurra-empurra e socos fortuitos no bolo de jogadores entre Calleri, sempre ele, e D&#8217;Alessandro. \u00c2nimos acalmados. Os dois foram substitu\u00eddos e jogo voltou \u00e0 temperatura normal.<\/p>\n<p>O S\u00e3o Paulo amoleceu em seguida. Sofreu um gol em falha de Denis e depois teve alguns calafrios at\u00e9 o encerramento da partida.<\/p>\n<p>A li\u00e7\u00e3o que fica \u00e9 de que esse time n\u00e3o pode esmorecer nunca. \u00c9 preciso mais que alma. \u00a0N\u00e3o se vence jogos sem a obedi\u00eancia t\u00e1tica e o instinto dos jogadores que precisam mostrar que est\u00e3o vivos. Contra o River prevaleceu o suor e a dedica\u00e7\u00e3o. Nem sempre vai ser assim.<\/p>\n<p>&nbsp;<\/p>\n<p>&nbsp;<\/p>\n","protected":false},"excerpt":{"rendered":"<p>&nbsp; O argentino Calleri e a imensid\u00e3o do Morumbi incendiaram o S\u00e3o Paulo nesta quarta-feira, 13\/04. Dessa comunh\u00e3o [&hellip;]<\/p>\n","protected":false},"author":102107496,"featured_media":0,"comment_status":"open","ping_status":"open","sticky":false,"template":"","format":"standard","meta":{"_coblocks_attr":"","_coblocks_dimensions":"","_coblocks_responsive_height":"","_coblocks_accordion_ie_support":"","_jetpack_newsletter_access":"","_jetpack_dont_email_post_to_subs":false,"_jetpack_newsletter_tier_id":0,"_jetpack_memberships_contains_paywalled_content":false,"_wpcom_ai_launchpad_first_post":false,"_jetpack_feature_clip_id":0,"_jetpack_memberships_contains_paid_content":false,"footnotes":"","jetpack_publicize_message":"","jetpack_publicize_feature_enabled":true,"jetpack_social_post_already_shared":false,"jetpack_social_options":{"image_generator_settings":{"template":"highway","default_image_id":0,"font":"","enabled":false},"version":2},"jetpack_post_was_ever_published":false},"categories":[53870],"tags":[789560565,789560560,972018,469781105],"class_list":["post-1162","post","type-post","status-publish","format-standard","hentry","category-futebol","tag-copa-libertadores","tag-futebol","tag-sao-paulo-fc","tag-sao-paulo-x-river-plate"],"yoast_head":"<!-- This site is optimized with the Yoast SEO plugin v28.3 - https:\/\/yoast.com\/product\/yoast-seo-wordpress\/ -->\n<title>Torcida e Calleri empurram o S\u00e3o Paulo no Morumbi - PR\u00d3SPERI NEWS<\/title>\n<meta name=\"robots\" content=\"index, follow, max-snippet:-1, max-image-preview:large, max-video-preview:-1\" \/>\n<link rel=\"canonical\" href=\"https:\/\/blogdoprosperi.com\/?p=1162\" \/>\n<meta property=\"og:locale\" content=\"pt_BR\" \/>\n<meta property=\"og:type\" content=\"article\" \/>\n<meta property=\"og:title\" content=\"Torcida e Calleri empurram o S\u00e3o Paulo no Morumbi - PR\u00d3SPERI NEWS\" \/>\n<meta property=\"og:description\" content=\"&nbsp; O argentino Calleri e a imensid\u00e3o do Morumbi incendiaram o S\u00e3o Paulo nesta quarta-feira, 13\/04. Dessa comunh\u00e3o [&hellip;]\" \/>\n<meta property=\"og:url\" content=\"https:\/\/blogdoprosperi.com\/?p=1162\" \/>\n<meta property=\"og:site_name\" content=\"PR\u00d3SPERI NEWS\" \/>\n<meta property=\"article:publisher\" content=\"Luiz Pr\u00f3speri\" \/>\n<meta property=\"article:author\" content=\"Luiz Pr\u00f3speri\" \/>\n<meta property=\"article:published_time\" content=\"2016-04-14T03:04:14+00:00\" \/>\n<meta property=\"article:modified_time\" content=\"2016-04-14T09:56:17+00:00\" \/>\n<meta property=\"og:image\" content=\"https:\/\/blogdoprosperi.com\/wp-content\/uploads\/2016\/04\/img_3075-1.jpg\" \/>\n<meta name=\"author\" content=\"Luiz Ant\u00f4nio Pr\u00f3speri\" \/>\n<meta name=\"twitter:card\" content=\"summary_large_image\" \/>\n<meta name=\"twitter:creator\" content=\"@Luizprosperi\" \/>\n<meta name=\"twitter:site\" content=\"@Luizprosperi\" \/>\n<meta name=\"twitter:label1\" content=\"Escrito por\" \/>\n\t<meta name=\"twitter:data1\" content=\"Luiz Ant\u00f4nio Pr\u00f3speri\" \/>\n\t<meta name=\"twitter:label2\" content=\"Est. tempo de leitura\" \/>\n\t<meta name=\"twitter:data2\" content=\"3 minutos\" \/>\n<script type=\"application\/ld+json\" class=\"yoast-schema-graph\">{\"@context\":\"https:\\\/\\\/schema.org\",\"@graph\":[{\"@type\":\"Article\",\"@id\":\"https:\\\/\\\/blogdoprosperi.com\\\/?p=1162#article\",\"isPartOf\":{\"@id\":\"https:\\\/\\\/blogdoprosperi.com\\\/?p=1162\"},\"author\":{\"name\":\"Luiz Ant\u00f4nio Pr\u00f3speri\",\"@id\":\"https:\\\/\\\/blogdoprosperi.com\\\/#\\\/schema\\\/person\\\/38100755ce3601861ee4fab9b5aa78e9\"},\"headline\":\"Torcida e Calleri empurram o S\u00e3o Paulo no Morumbi\",\"datePublished\":\"2016-04-14T03:04:14+00:00\",\"dateModified\":\"2016-04-14T09:56:17+00:00\",\"mainEntityOfPage\":{\"@id\":\"https:\\\/\\\/blogdoprosperi.com\\\/?p=1162\"},\"wordCount\":638,\"commentCount\":0,\"publisher\":{\"@id\":\"https:\\\/\\\/blogdoprosperi.com\\\/#\\\/schema\\\/person\\\/38100755ce3601861ee4fab9b5aa78e9\"},\"image\":{\"@id\":\"https:\\\/\\\/blogdoprosperi.com\\\/?p=1162#primaryimage\"},\"thumbnailUrl\":\"https:\\\/\\\/blogdoprosperi.com\\\/wp-content\\\/uploads\\\/2016\\\/04\\\/img_3075-1.jpg\",\"keywords\":[\"Copa Libertadores\",\"futebol\",\"S\u00e3o Paulo FC\",\"S\u00e3o Paulo x River Plate\"],\"articleSection\":[\"futebol\"],\"inLanguage\":\"pt-BR\",\"potentialAction\":[{\"@type\":\"CommentAction\",\"name\":\"Comment\",\"target\":[\"https:\\\/\\\/blogdoprosperi.com\\\/?p=1162#respond\"]}]},{\"@type\":\"WebPage\",\"@id\":\"https:\\\/\\\/blogdoprosperi.com\\\/?p=1162\",\"url\":\"https:\\\/\\\/blogdoprosperi.com\\\/?p=1162\",\"name\":\"Torcida e Calleri empurram o S\u00e3o Paulo no Morumbi - PR\u00d3SPERI NEWS\",\"isPartOf\":{\"@id\":\"https:\\\/\\\/blogdoprosperi.com\\\/#website\"},\"primaryImageOfPage\":{\"@id\":\"https:\\\/\\\/blogdoprosperi.com\\\/?p=1162#primaryimage\"},\"image\":{\"@id\":\"https:\\\/\\\/blogdoprosperi.com\\\/?p=1162#primaryimage\"},\"thumbnailUrl\":\"https:\\\/\\\/blogdoprosperi.com\\\/wp-content\\\/uploads\\\/2016\\\/04\\\/img_3075-1.jpg\",\"datePublished\":\"2016-04-14T03:04:14+00:00\",\"dateModified\":\"2016-04-14T09:56:17+00:00\",\"breadcrumb\":{\"@id\":\"https:\\\/\\\/blogdoprosperi.com\\\/?p=1162#breadcrumb\"},\"inLanguage\":\"pt-BR\",\"potentialAction\":[{\"@type\":\"ReadAction\",\"target\":[\"https:\\\/\\\/blogdoprosperi.com\\\/?p=1162\"]}]},{\"@type\":\"ImageObject\",\"inLanguage\":\"pt-BR\",\"@id\":\"https:\\\/\\\/blogdoprosperi.com\\\/?p=1162#primaryimage\",\"url\":\"https:\\\/\\\/i0.wp.com\\\/blogdoprosperi.com\\\/wp-content\\\/uploads\\\/2016\\\/04\\\/img_3075-1.jpg?fit=960%2C640&ssl=1\",\"contentUrl\":\"https:\\\/\\\/i0.wp.com\\\/blogdoprosperi.com\\\/wp-content\\\/uploads\\\/2016\\\/04\\\/img_3075-1.jpg?fit=960%2C640&ssl=1\",\"width\":960,\"height\":640},{\"@type\":\"BreadcrumbList\",\"@id\":\"https:\\\/\\\/blogdoprosperi.com\\\/?p=1162#breadcrumb\",\"itemListElement\":[{\"@type\":\"ListItem\",\"position\":1,\"name\":\"In\u00edcio\",\"item\":\"https:\\\/\\\/blogdoprosperi.com\\\/\"},{\"@type\":\"ListItem\",\"position\":2,\"name\":\"Torcida e Calleri empurram o S\u00e3o Paulo no Morumbi\"}]},{\"@type\":\"WebSite\",\"@id\":\"https:\\\/\\\/blogdoprosperi.com\\\/#website\",\"url\":\"https:\\\/\\\/blogdoprosperi.com\\\/\",\"name\":\"PR\u00d3SPERI NEWS\",\"description\":\"TUDO \u00c9  FUTEBOL\",\"publisher\":{\"@id\":\"https:\\\/\\\/blogdoprosperi.com\\\/#\\\/schema\\\/person\\\/38100755ce3601861ee4fab9b5aa78e9\"},\"alternateName\":\"blogdoprosperi.com\",\"potentialAction\":[{\"@type\":\"SearchAction\",\"target\":{\"@type\":\"EntryPoint\",\"urlTemplate\":\"https:\\\/\\\/blogdoprosperi.com\\\/?s={search_term_string}\"},\"query-input\":{\"@type\":\"PropertyValueSpecification\",\"valueRequired\":true,\"valueName\":\"search_term_string\"}}],\"inLanguage\":\"pt-BR\"},{\"@type\":[\"Person\",\"Organization\"],\"@id\":\"https:\\\/\\\/blogdoprosperi.com\\\/#\\\/schema\\\/person\\\/38100755ce3601861ee4fab9b5aa78e9\",\"name\":\"Luiz Ant\u00f4nio Pr\u00f3speri\",\"pronouns\":\"ele\",\"image\":{\"@type\":\"ImageObject\",\"inLanguage\":\"pt-BR\",\"@id\":\"https:\\\/\\\/i0.wp.com\\\/blogdoprosperi.com\\\/wp-content\\\/uploads\\\/2026\\\/05\\\/cropped-8059e613-6002-42fa-961e-8e275f575d71-2-5.jpg?fit=1360%2C931&ssl=1\",\"url\":\"https:\\\/\\\/i0.wp.com\\\/blogdoprosperi.com\\\/wp-content\\\/uploads\\\/2026\\\/05\\\/cropped-8059e613-6002-42fa-961e-8e275f575d71-2-5.jpg?fit=1360%2C931&ssl=1\",\"contentUrl\":\"https:\\\/\\\/i0.wp.com\\\/blogdoprosperi.com\\\/wp-content\\\/uploads\\\/2026\\\/05\\\/cropped-8059e613-6002-42fa-961e-8e275f575d71-2-5.jpg?fit=1360%2C931&ssl=1\",\"width\":1360,\"height\":931,\"caption\":\"Luiz Ant\u00f4nio Pr\u00f3speri\"},\"logo\":{\"@id\":\"https:\\\/\\\/i0.wp.com\\\/blogdoprosperi.com\\\/wp-content\\\/uploads\\\/2026\\\/05\\\/cropped-8059e613-6002-42fa-961e-8e275f575d71-2-5.jpg?fit=1360%2C931&ssl=1\"},\"description\":\"Jornalista com carreira dedicada ao esporte. Cobriu 9 Copas do Mundo in loco, 1990 na It\u00e1lia, 1994 nos EUA, 1998 na Fran\u00e7a, 2002 na Coreia do Sul e Jap\u00e3o, 2006 na Alemanha, 2010 na \u00c1frica do Sul, 2014 no Brasil, 2018 na R\u00fassia e 2022 no Qatar. Eurocopas, 1992 na Su\u00e9cia e 1996 na Inglaterra. Copa das Confedera\u00e7\u00f5es de 2005 na Alemanha e 2009 na \u00c1frica do Sul. Rep\u00f3rter e Editor, trabalhou no Jornal da Tarde e Estad\u00e3o, de 1984 a fevereiro de 2016. Colunista, blogueiro. E comentarista de futebol na R\u00e1dio Estad\u00e3o, de 2013 a fevereiro de 2016. Jornalista respons\u00e1vel do \\\"Pr\u00f3speri News\\\" (blogdoprosperi.com).\",\"sameAs\":[\"http:\\\/\\\/blogdoprosperi.com\",\"Luiz Pr\u00f3speri\",\"@luiz_prosperi\",\"https:\\\/\\\/x.com\\\/Luizprosperi\",\"@prosperinacopa\",\"luiz.prosperi@icloud.com\"],\"url\":\"https:\\\/\\\/blogdoprosperi.com\\\/?author=102107496\"}]}<\/script>\n<!-- \/ Yoast SEO plugin. -->","yoast_head_json":{"title":"Torcida e Calleri empurram o S\u00e3o Paulo no Morumbi - PR\u00d3SPERI NEWS","robots":{"index":"index","follow":"follow","max-snippet":"max-snippet:-1","max-image-preview":"max-image-preview:large","max-video-preview":"max-video-preview:-1"},"canonical":"https:\/\/blogdoprosperi.com\/?p=1162","og_locale":"pt_BR","og_type":"article","og_title":"Torcida e Calleri empurram o S\u00e3o Paulo no Morumbi - PR\u00d3SPERI NEWS","og_description":"&nbsp; O argentino Calleri e a imensid\u00e3o do Morumbi incendiaram o S\u00e3o Paulo nesta quarta-feira, 13\/04. Dessa comunh\u00e3o [&hellip;]","og_url":"https:\/\/blogdoprosperi.com\/?p=1162","og_site_name":"PR\u00d3SPERI NEWS","article_publisher":"Luiz Pr\u00f3speri","article_author":"Luiz Pr\u00f3speri","article_published_time":"2016-04-14T03:04:14+00:00","article_modified_time":"2016-04-14T09:56:17+00:00","og_image":[{"url":"https:\/\/blogdoprosperi.com\/wp-content\/uploads\/2016\/04\/img_3075-1.jpg","type":"","width":"","height":""}],"author":"Luiz Ant\u00f4nio Pr\u00f3speri","twitter_card":"summary_large_image","twitter_creator":"@Luizprosperi","twitter_site":"@Luizprosperi","twitter_misc":{"Escrito por":"Luiz Ant\u00f4nio Pr\u00f3speri","Est. tempo de leitura":"3 minutos"},"schema":{"@context":"https:\/\/schema.org","@graph":[{"@type":"Article","@id":"https:\/\/blogdoprosperi.com\/?p=1162#article","isPartOf":{"@id":"https:\/\/blogdoprosperi.com\/?p=1162"},"author":{"name":"Luiz Ant\u00f4nio Pr\u00f3speri","@id":"https:\/\/blogdoprosperi.com\/#\/schema\/person\/38100755ce3601861ee4fab9b5aa78e9"},"headline":"Torcida e Calleri empurram o S\u00e3o Paulo no Morumbi","datePublished":"2016-04-14T03:04:14+00:00","dateModified":"2016-04-14T09:56:17+00:00","mainEntityOfPage":{"@id":"https:\/\/blogdoprosperi.com\/?p=1162"},"wordCount":638,"commentCount":0,"publisher":{"@id":"https:\/\/blogdoprosperi.com\/#\/schema\/person\/38100755ce3601861ee4fab9b5aa78e9"},"image":{"@id":"https:\/\/blogdoprosperi.com\/?p=1162#primaryimage"},"thumbnailUrl":"https:\/\/blogdoprosperi.com\/wp-content\/uploads\/2016\/04\/img_3075-1.jpg","keywords":["Copa Libertadores","futebol","S\u00e3o Paulo FC","S\u00e3o Paulo x River Plate"],"articleSection":["futebol"],"inLanguage":"pt-BR","potentialAction":[{"@type":"CommentAction","name":"Comment","target":["https:\/\/blogdoprosperi.com\/?p=1162#respond"]}]},{"@type":"WebPage","@id":"https:\/\/blogdoprosperi.com\/?p=1162","url":"https:\/\/blogdoprosperi.com\/?p=1162","name":"Torcida e Calleri empurram o S\u00e3o Paulo no Morumbi - PR\u00d3SPERI NEWS","isPartOf":{"@id":"https:\/\/blogdoprosperi.com\/#website"},"primaryImageOfPage":{"@id":"https:\/\/blogdoprosperi.com\/?p=1162#primaryimage"},"image":{"@id":"https:\/\/blogdoprosperi.com\/?p=1162#primaryimage"},"thumbnailUrl":"https:\/\/blogdoprosperi.com\/wp-content\/uploads\/2016\/04\/img_3075-1.jpg","datePublished":"2016-04-14T03:04:14+00:00","dateModified":"2016-04-14T09:56:17+00:00","breadcrumb":{"@id":"https:\/\/blogdoprosperi.com\/?p=1162#breadcrumb"},"inLanguage":"pt-BR","potentialAction":[{"@type":"ReadAction","target":["https:\/\/blogdoprosperi.com\/?p=1162"]}]},{"@type":"ImageObject","inLanguage":"pt-BR","@id":"https:\/\/blogdoprosperi.com\/?p=1162#primaryimage","url":"https:\/\/i0.wp.com\/blogdoprosperi.com\/wp-content\/uploads\/2016\/04\/img_3075-1.jpg?fit=960%2C640&ssl=1","contentUrl":"https:\/\/i0.wp.com\/blogdoprosperi.com\/wp-content\/uploads\/2016\/04\/img_3075-1.jpg?fit=960%2C640&ssl=1","width":960,"height":640},{"@type":"BreadcrumbList","@id":"https:\/\/blogdoprosperi.com\/?p=1162#breadcrumb","itemListElement":[{"@type":"ListItem","position":1,"name":"In\u00edcio","item":"https:\/\/blogdoprosperi.com\/"},{"@type":"ListItem","position":2,"name":"Torcida e Calleri empurram o S\u00e3o Paulo no Morumbi"}]},{"@type":"WebSite","@id":"https:\/\/blogdoprosperi.com\/#website","url":"https:\/\/blogdoprosperi.com\/","name":"PR\u00d3SPERI NEWS","description":"TUDO \u00c9  FUTEBOL","publisher":{"@id":"https:\/\/blogdoprosperi.com\/#\/schema\/person\/38100755ce3601861ee4fab9b5aa78e9"},"alternateName":"blogdoprosperi.com","potentialAction":[{"@type":"SearchAction","target":{"@type":"EntryPoint","urlTemplate":"https:\/\/blogdoprosperi.com\/?s={search_term_string}"},"query-input":{"@type":"PropertyValueSpecification","valueRequired":true,"valueName":"search_term_string"}}],"inLanguage":"pt-BR"},{"@type":["Person","Organization"],"@id":"https:\/\/blogdoprosperi.com\/#\/schema\/person\/38100755ce3601861ee4fab9b5aa78e9","name":"Luiz Ant\u00f4nio Pr\u00f3speri","pronouns":"ele","image":{"@type":"ImageObject","inLanguage":"pt-BR","@id":"https:\/\/i0.wp.com\/blogdoprosperi.com\/wp-content\/uploads\/2026\/05\/cropped-8059e613-6002-42fa-961e-8e275f575d71-2-5.jpg?fit=1360%2C931&ssl=1","url":"https:\/\/i0.wp.com\/blogdoprosperi.com\/wp-content\/uploads\/2026\/05\/cropped-8059e613-6002-42fa-961e-8e275f575d71-2-5.jpg?fit=1360%2C931&ssl=1","contentUrl":"https:\/\/i0.wp.com\/blogdoprosperi.com\/wp-content\/uploads\/2026\/05\/cropped-8059e613-6002-42fa-961e-8e275f575d71-2-5.jpg?fit=1360%2C931&ssl=1","width":1360,"height":931,"caption":"Luiz Ant\u00f4nio Pr\u00f3speri"},"logo":{"@id":"https:\/\/i0.wp.com\/blogdoprosperi.com\/wp-content\/uploads\/2026\/05\/cropped-8059e613-6002-42fa-961e-8e275f575d71-2-5.jpg?fit=1360%2C931&ssl=1"},"description":"Jornalista com carreira dedicada ao esporte. Cobriu 9 Copas do Mundo in loco, 1990 na It\u00e1lia, 1994 nos EUA, 1998 na Fran\u00e7a, 2002 na Coreia do Sul e Jap\u00e3o, 2006 na Alemanha, 2010 na \u00c1frica do Sul, 2014 no Brasil, 2018 na R\u00fassia e 2022 no Qatar. Eurocopas, 1992 na Su\u00e9cia e 1996 na Inglaterra. Copa das Confedera\u00e7\u00f5es de 2005 na Alemanha e 2009 na \u00c1frica do Sul. Rep\u00f3rter e Editor, trabalhou no Jornal da Tarde e Estad\u00e3o, de 1984 a fevereiro de 2016. Colunista, blogueiro. E comentarista de futebol na R\u00e1dio Estad\u00e3o, de 2013 a fevereiro de 2016. Jornalista respons\u00e1vel do \"Pr\u00f3speri News\" (blogdoprosperi.com).","sameAs":["http:\/\/blogdoprosperi.com","Luiz Pr\u00f3speri","@luiz_prosperi","https:\/\/x.com\/Luizprosperi","@prosperinacopa","luiz.prosperi@icloud.com"],"url":"https:\/\/blogdoprosperi.com\/?author=102107496"}]}},"jetpack_publicize_connections":[],"jetpack_likes_enabled":false,"jetpack_sharing_enabled":true,"jetpack_shortlink":"https:\/\/wp.me\/p7jvdk-iK","jetpack-related-posts":[{"id":10947,"url":"https:\/\/blogdoprosperi.com\/?p=10947","url_meta":{"origin":1162,"position":0},"title":"S\u00e3o Paulo se reconcilia com sua gente, mesmo sem impressionar no Morumbi","author":"Luiz Ant\u00f4nio Pr\u00f3speri","date":"16 de junho de 2016","format":false,"excerpt":"S\u00e3o Paulo volta a vencer no Morumbi, com direito a gols de Calleri e Diego Lugano. Derrotou o Vit\u00f3ria por 2 a 0 nesta quarta-feira (15\/6), mesmo com um futebol opaco, sem a for\u00e7a que o time havia mostrado na Copa Libertadores. O importante era restabelecer a hierarquia em casa\u2026","rel":"","context":"Em &quot;futebol&quot;","block_context":{"text":"futebol","link":"https:\/\/blogdoprosperi.com\/?cat=53870"},"img":{"alt_text":"","src":"https:\/\/i0.wp.com\/blogdoprosperi.com\/wp-content\/uploads\/2016\/06\/gols_sao_paulo_vitoria_brasileirao.jpg?resize=350%2C200&ssl=1","width":350,"height":200,"srcset":"https:\/\/i0.wp.com\/blogdoprosperi.com\/wp-content\/uploads\/2016\/06\/gols_sao_paulo_vitoria_brasileirao.jpg?resize=350%2C200&ssl=1 1x, https:\/\/i0.wp.com\/blogdoprosperi.com\/wp-content\/uploads\/2016\/06\/gols_sao_paulo_vitoria_brasileirao.jpg?resize=525%2C300&ssl=1 1.5x"},"classes":[]},{"id":481,"url":"https:\/\/blogdoprosperi.com\/?p=481","url_meta":{"origin":1162,"position":1},"title":"S\u00e3o Paulo renasce com Calleri no &#8216;treino&#8217; contra o Trujillanos","author":"Luiz Ant\u00f4nio Pr\u00f3speri","date":"6 de abril de 2016","format":false,"excerpt":"\u00a0 Golear o modesto e inocente Trujillanos por 6 a 0 era uma obriga\u00e7\u00e3o. Seria inadmiss\u00edvel o S\u00e3o Paulo ceder um pontinho que fosse a um time prim\u00e1rio, sem os fundamentos de uma equipe qualificada para disputar a Copa Libertadores. Com boa atua\u00e7\u00e3o de todos seus jogadores, o Tricolor venceu\u2026","rel":"","context":"Em &quot;futebol&quot;","block_context":{"text":"futebol","link":"https:\/\/blogdoprosperi.com\/?cat=53870"},"img":{"alt_text":"","src":"https:\/\/i0.wp.com\/blogdoprosperi.com\/wp-content\/uploads\/2016\/04\/622_167c065b-97cf-3a3f-9933-f154e343d35a.jpg?resize=350%2C200&ssl=1","width":350,"height":200,"srcset":"https:\/\/i0.wp.com\/blogdoprosperi.com\/wp-content\/uploads\/2016\/04\/622_167c065b-97cf-3a3f-9933-f154e343d35a.jpg?resize=350%2C200&ssl=1 1x, https:\/\/i0.wp.com\/blogdoprosperi.com\/wp-content\/uploads\/2016\/04\/622_167c065b-97cf-3a3f-9933-f154e343d35a.jpg?resize=525%2C300&ssl=1 1.5x"},"classes":[]},{"id":3422,"url":"https:\/\/blogdoprosperi.com\/?p=3422","url_meta":{"origin":1162,"position":2},"title":"Bauza encaixa o S\u00e3o Paulo na Libertadores 2016","author":"Luiz Ant\u00f4nio Pr\u00f3speri","date":"5 de maio de 2016","format":false,"excerpt":"\u00a0 Eduardo Bauza, t\u00e9cnico argentino com dois t\u00edtulos da Copa Libertadores, parece ter encaixado o S\u00e3o Paulo nesta competi\u00e7\u00e3o. Depois de uma primeira fase melanc\u00f3lica, com a classifica\u00e7\u00e3o no limite, o Tricolor se endireitou e j\u00e1 est\u00e1 nas quartas de final ao eliminar o Toluca com a vit\u00f3ria por 4\u2026","rel":"","context":"Em &quot;futebol&quot;","block_context":{"text":"futebol","link":"https:\/\/blogdoprosperi.com\/?cat=53870"},"img":{"alt_text":"","src":"https:\/\/i0.wp.com\/blogdoprosperi.com\/wp-content\/uploads\/2016\/05\/michel-bastos-comemora-primeiro-gol-do-sao-paulo-contra-o-toluca-no-morumbi-1461895618182_956x500.jpg?resize=350%2C200&ssl=1","width":350,"height":200,"srcset":"https:\/\/i0.wp.com\/blogdoprosperi.com\/wp-content\/uploads\/2016\/05\/michel-bastos-comemora-primeiro-gol-do-sao-paulo-contra-o-toluca-no-morumbi-1461895618182_956x500.jpg?resize=350%2C200&ssl=1 1x, https:\/\/i0.wp.com\/blogdoprosperi.com\/wp-content\/uploads\/2016\/05\/michel-bastos-comemora-primeiro-gol-do-sao-paulo-contra-o-toluca-no-morumbi-1461895618182_956x500.jpg?resize=525%2C300&ssl=1 1.5x, https:\/\/i0.wp.com\/blogdoprosperi.com\/wp-content\/uploads\/2016\/05\/michel-bastos-comemora-primeiro-gol-do-sao-paulo-contra-o-toluca-no-morumbi-1461895618182_956x500.jpg?resize=700%2C400&ssl=1 2x"},"classes":[]},{"id":23329,"url":"https:\/\/blogdoprosperi.com\/?p=23329","url_meta":{"origin":1162,"position":3},"title":"S\u00e3o Paulo entra na contagem regressiva contra zona do rebaixamento","author":"Luiz Ant\u00f4nio Pr\u00f3speri","date":"28 de agosto de 2016","format":false,"excerpt":"Ch\u00e1vez n\u00e3o \u00e9 Calleri e o time no Campeonato Brasileiro n\u00e3o \u00e9 o mesmo da Copa Libertadores. Dois detalhes ilustram bem o S\u00e3o Paulo neste momento de turbul\u00eancia em pleno voo sobre o oceano. Se Ch\u00e1vez fosse Calleri provavelmente n\u00e3o teria perdido os dois gols mais incr\u00edveis desta rodada do\u2026","rel":"","context":"Em &quot;Campeonato Brasileiro&quot;","block_context":{"text":"Campeonato Brasileiro","link":"https:\/\/blogdoprosperi.com\/?cat=355071"},"img":{"alt_text":"","src":"https:\/\/i0.wp.com\/blogdoprosperi.com\/wp-content\/uploads\/2016\/08\/rib_5264_bqtufpd.jpg?resize=350%2C200&ssl=1","width":350,"height":200,"srcset":"https:\/\/i0.wp.com\/blogdoprosperi.com\/wp-content\/uploads\/2016\/08\/rib_5264_bqtufpd.jpg?resize=350%2C200&ssl=1 1x, https:\/\/i0.wp.com\/blogdoprosperi.com\/wp-content\/uploads\/2016\/08\/rib_5264_bqtufpd.jpg?resize=525%2C300&ssl=1 1.5x"},"classes":[]},{"id":15192,"url":"https:\/\/blogdoprosperi.com\/?p=15192","url_meta":{"origin":1162,"position":4},"title":"Maicon derrota S\u00e3o Paulo na Libertadores","author":"Luiz Ant\u00f4nio Pr\u00f3speri","date":"7 de julho de 2016","format":false,"excerpt":"Um empurr\u00e3o na cara de um colombiano acabou com o S\u00e3o Paulo no primeiro jogo das semifinais da Copa Libertadores. Maicon, zagueiro de R$ 22 milh\u00f5es contratado para ser o xerife, virou vil\u00e3o ao ser expulso no segundo tempo. Sem seu l\u00edder em campo, o time se desmoronou e saiu\u2026","rel":"","context":"Em &quot;futebol&quot;","block_context":{"text":"futebol","link":"https:\/\/blogdoprosperi.com\/?cat=53870"},"img":{"alt_text":"","src":"https:\/\/i0.wp.com\/blogdoprosperi.com\/wp-content\/uploads\/2016\/07\/96e3ad149426edcf6e255374a755355b.jpg?resize=350%2C200&ssl=1","width":350,"height":200,"srcset":"https:\/\/i0.wp.com\/blogdoprosperi.com\/wp-content\/uploads\/2016\/07\/96e3ad149426edcf6e255374a755355b.jpg?resize=350%2C200&ssl=1 1x, https:\/\/i0.wp.com\/blogdoprosperi.com\/wp-content\/uploads\/2016\/07\/96e3ad149426edcf6e255374a755355b.jpg?resize=525%2C300&ssl=1 1.5x, https:\/\/i0.wp.com\/blogdoprosperi.com\/wp-content\/uploads\/2016\/07\/96e3ad149426edcf6e255374a755355b.jpg?resize=700%2C400&ssl=1 2x, https:\/\/i0.wp.com\/blogdoprosperi.com\/wp-content\/uploads\/2016\/07\/96e3ad149426edcf6e255374a755355b.jpg?resize=1050%2C600&ssl=1 3x, https:\/\/i0.wp.com\/blogdoprosperi.com\/wp-content\/uploads\/2016\/07\/96e3ad149426edcf6e255374a755355b.jpg?resize=1400%2C800&ssl=1 4x"},"classes":[]},{"id":11831,"url":"https:\/\/blogdoprosperi.com\/?p=11831","url_meta":{"origin":1162,"position":5},"title":"S\u00e3o Paulo tem mais um preju\u00edzo com o argentino Calleri","author":"Luiz Ant\u00f4nio Pr\u00f3speri","date":"19 de junho de 2016","format":false,"excerpt":"Calleri n\u00e3o tem salvo-conduto para fazer o que bem entende no S\u00e3o Paulo. De nada adianta fazer dois gols e depois deixar o time na m\u00e3o, quase o segundo tempo inteiro, como fez no empate (2 a 2) com o Flamengo neste domingo (19\/6). Sorte de Calleri \u00e9 que Alan\u2026","rel":"","context":"Em &quot;futebol&quot;","block_context":{"text":"futebol","link":"https:\/\/blogdoprosperi.com\/?cat=53870"},"img":{"alt_text":"","src":"https:\/\/i0.wp.com\/blogdoprosperi.com\/wp-content\/uploads\/2016\/06\/maxresdefault1.jpg?resize=350%2C200&ssl=1","width":350,"height":200,"srcset":"https:\/\/i0.wp.com\/blogdoprosperi.com\/wp-content\/uploads\/2016\/06\/maxresdefault1.jpg?resize=350%2C200&ssl=1 1x, https:\/\/i0.wp.com\/blogdoprosperi.com\/wp-content\/uploads\/2016\/06\/maxresdefault1.jpg?resize=525%2C300&ssl=1 1.5x, https:\/\/i0.wp.com\/blogdoprosperi.com\/wp-content\/uploads\/2016\/06\/maxresdefault1.jpg?resize=700%2C400&ssl=1 2x, https:\/\/i0.wp.com\/blogdoprosperi.com\/wp-content\/uploads\/2016\/06\/maxresdefault1.jpg?resize=1050%2C600&ssl=1 3x"},"classes":[]}],"jetpack_featured_media_url":"","_links":{"self":[{"href":"https:\/\/blogdoprosperi.com\/index.php?rest_route=\/wp\/v2\/posts\/1162","targetHints":{"allow":["GET"]}}],"collection":[{"href":"https:\/\/blogdoprosperi.com\/index.php?rest_route=\/wp\/v2\/posts"}],"about":[{"href":"https:\/\/blogdoprosperi.com\/index.php?rest_route=\/wp\/v2\/types\/post"}],"author":[{"embeddable":true,"href":"https:\/\/blogdoprosperi.com\/index.php?rest_route=\/wp\/v2\/users\/102107496"}],"replies":[{"embeddable":true,"href":"https:\/\/blogdoprosperi.com\/index.php?rest_route=%2Fwp%2Fv2%2Fcomments&post=1162"}],"version-history":[{"count":25,"href":"https:\/\/blogdoprosperi.com\/index.php?rest_route=\/wp\/v2\/posts\/1162\/revisions"}],"predecessor-version":[{"id":1212,"href":"https:\/\/blogdoprosperi.com\/index.php?rest_route=\/wp\/v2\/posts\/1162\/revisions\/1212"}],"wp:attachment":[{"href":"https:\/\/blogdoprosperi.com\/index.php?rest_route=%2Fwp%2Fv2%2Fmedia&parent=1162"}],"wp:term":[{"taxonomy":"category","embeddable":true,"href":"https:\/\/blogdoprosperi.com\/index.php?rest_route=%2Fwp%2Fv2%2Fcategories&post=1162"},{"taxonomy":"post_tag","embeddable":true,"href":"https:\/\/blogdoprosperi.com\/index.php?rest_route=%2Fwp%2Fv2%2Ftags&post=1162"}],"curies":[{"name":"wp","href":"https:\/\/api.w.org\/{rel}","templated":true}]}}