{"id":11911,"date":"2016-06-20T22:16:18","date_gmt":"2016-06-20T22:16:18","guid":{"rendered":"http:\/\/blogdoprosperi.com\/?p=11911"},"modified":"2016-06-20T22:46:02","modified_gmt":"2016-06-20T22:46:02","slug":"tite-leva-beijo-de-del-nero-na-face-e-faz-referencias-as-selecoes-das-copas-de-70-e-82","status":"publish","type":"post","link":"https:\/\/blogdoprosperi.com\/?p=11911","title":{"rendered":"Tite leva beijo de Del Nero na face e faz refer\u00eancias \u00e0s sele\u00e7\u00f5es das Copas de 70 e 82"},"content":{"rendered":"<p>&nbsp;<\/p>\n<p><span class=\"alignnone\"><img data-recalc-dims=\"1\" loading=\"lazy\" decoding=\"async\" data-attachment-id=\"12002\" data-permalink=\"https:\/\/blogdoprosperi.com\/?attachment_id=12002\" data-orig-file=\"https:\/\/i0.wp.com\/blogdoprosperi.com\/wp-content\/uploads\/2016\/06\/6360205713184955181.jpg?fit=690%2C460&amp;ssl=1\" data-orig-size=\"690,460\" data-comments-opened=\"1\" data-image-meta=\"{&quot;aperture&quot;:&quot;0&quot;,&quot;credit&quot;:&quot;&quot;,&quot;camera&quot;:&quot;&quot;,&quot;caption&quot;:&quot;&quot;,&quot;created_timestamp&quot;:&quot;0&quot;,&quot;copyright&quot;:&quot;&quot;,&quot;focal_length&quot;:&quot;0&quot;,&quot;iso&quot;:&quot;0&quot;,&quot;shutter_speed&quot;:&quot;0&quot;,&quot;title&quot;:&quot;&quot;,&quot;orientation&quot;:&quot;0&quot;}\" data-image-title=\"636020571318495518\" data-image-description=\"\" data-image-caption=\"\" data-large-file=\"https:\/\/i0.wp.com\/blogdoprosperi.com\/wp-content\/uploads\/2016\/06\/6360205713184955181.jpg?fit=690%2C460&amp;ssl=1\" class=\"alignnone size-full wp-image-12002\" src=\"https:\/\/i0.wp.com\/blogdoprosperi.com\/wp-content\/uploads\/2016\/06\/6360205713184955181.jpg?resize=690%2C460&#038;ssl=1\" alt=\"636020571318495518\" width=\"690\" height=\"460\" \/><\/span><\/p>\n<p>Tite assumiu o comando da <a href=\"http:\/\/blogdoprosperi.com\/2016\/06\/13\/autopsia-da-crise-na-selecao-e-a-segunda-queda-de-dunga\/\">Sele\u00e7\u00e3o Brasileira <\/a>nesta segunda-feira (20\/6) na sede da CBF. Teve de encarar Marco Polo Del Nero na transmiss\u00e3o ao vivo da sua primeira coletiva. Constrangido ou n\u00e3o, recebeu do presidente a camisa amarelinha grafada com o nome de sua m\u00e3e, Ivone Bacchi, e um beijo do cartola na face.<\/p>\n<p>Por mais que n\u00e3o comungue com essa infeliz ideia de ver sua m\u00e3e exposta no seu primeiro dia de trabalho na Sele\u00e7\u00e3o, <a href=\"http:\/\/blogdoprosperi.com\/2016\/06\/15\/tite-nao-contesta-del-nero-e-exige-autonomia-total-para-ocupar-lugar-de-dunga-na-selecao\/\">Tite <\/a>percebeu que vai ter de se acostumar com essas situa\u00e7\u00f5es dentro da CBF. Beijos na face, idem. \u00c9 assim que operam os cartolas. E ainda foi obrigado a dividir a mesa com Del Nero e Coronel Nunes, oligarcas do poder do futebol brasileiro.<\/p>\n<p>Depois, se cercou de seu filho Matheus, agora auxiliar, e mais Edu Gaspar, diretor de sele\u00e7\u00f5es, e Cleber Xavier.\u00a0De cara, enfrentou dos jornalistas perguntas sobre o manifesto que havia assinado em dezembro de 2015 pedindo a sa\u00edda de <a href=\"http:\/\/blogdoprosperi.com\/2016\/06\/13\/dunga-confirma-o-retrocesso-do-retrocesso-no-comando-da-selecao-brasileira\/\">Del Nero na CBF<\/a>.<\/p>\n<p>Veja a resposta dele:<\/p>\n<blockquote><p>&#8220;Respeito posi\u00e7\u00f5es contr\u00e1rias, j\u00e1 coloquei que me foi dada atribui\u00e7\u00e3o com Sele\u00e7\u00e3o e \u00e9 a melhor maneira de contribuir. Um objetivo pessoal de constru\u00e7\u00e3o de carreira, julguem como quiserem, mas minha contribui\u00e7\u00e3o para o futebol \u00e9 aquilo que sei. Essas ideias de transpar\u00eancia e democratiza\u00e7\u00e3o continuam como princ\u00edpios meus.&#8221;<\/p><\/blockquote>\n<p>A coletiva correu e, no momento mais sublime para este blogueiro, foi quando perguntaram que futebol ele, Tite, queria ver a <a href=\"http:\/\/blogdoprosperi.com\/2016\/06\/14\/o-que-muda-na-selecao-brasileira-com-a-troca-de-dunga-por-tite\/\">Sele\u00e7\u00e3o jogar<\/a> e como a hist\u00f3ria do escrete o inspira neste in\u00edcio da jornada.<\/p>\n<p>Preste aten\u00e7\u00e3o na sua resposta:<\/p>\n<blockquote><p>&#8220;Ela (<em>hist\u00f3ria da Sele\u00e7\u00e3o<\/em>) inspira e faz o joelho da gente balan\u00e7ar tamb\u00e9m. Toda uma hist\u00f3ria extraordin\u00e1ria. Eu me lembro de 1970, ouvindo com 8 anos o r\u00e1dio, o Tost\u00e3o recebe uma bola pelo lado esquerdo, passe e infiltra\u00e7\u00e3o do Clodoaldo, empatamos (<em>contra o Uruguai nas semifinais<\/em>) e eu sa\u00ed vibrando, feliz da vida. Ou a Copa de 82 que me marcou pela beleza, sou fascinado por meio-campistas. Falc\u00e3o, Cerezo, S\u00f3crates, Zico&#8230;quanta qualidade, quanta criatividade, luz&#8230;&#8221;<\/p><\/blockquote>\n<p>Na opini\u00e3o deste blogueiro, a entrevista poderia parar a\u00ed. Enfim, depois de d\u00e9cadas, um treinador da Sele\u00e7\u00e3o reconheceu o quanto \u00e9 inspiradora a equipe do Tri na Copa de 70 e, mais emblem\u00e1tica, a refer\u00eancia ao tima\u00e7o da Copa de 82 constru\u00eddo por <a href=\"http:\/\/blogdoprosperi.com\/2016\/04\/21\/tele-santana-dez-anos-sem-o-mestre\/\">Tel\u00ea Santana.<\/a><\/p>\n<p><span class=\"alignnone\"><img data-recalc-dims=\"1\" loading=\"lazy\" decoding=\"async\" data-attachment-id=\"10425\" data-permalink=\"https:\/\/blogdoprosperi.com\/?attachment_id=10425\" data-orig-file=\"https:\/\/i0.wp.com\/blogdoprosperi.com\/wp-content\/uploads\/2016\/06\/brasil-de-82.jpg?fit=600%2C331&amp;ssl=1\" data-orig-size=\"600,331\" data-comments-opened=\"1\" data-image-meta=\"{&quot;aperture&quot;:&quot;0&quot;,&quot;credit&quot;:&quot;&quot;,&quot;camera&quot;:&quot;&quot;,&quot;caption&quot;:&quot;&quot;,&quot;created_timestamp&quot;:&quot;0&quot;,&quot;copyright&quot;:&quot;&quot;,&quot;focal_length&quot;:&quot;0&quot;,&quot;iso&quot;:&quot;0&quot;,&quot;shutter_speed&quot;:&quot;0&quot;,&quot;title&quot;:&quot;&quot;,&quot;orientation&quot;:&quot;0&quot;}\" data-image-title=\"brasil-de-82\" data-image-description=\"\" data-image-caption=\"\" data-large-file=\"https:\/\/i0.wp.com\/blogdoprosperi.com\/wp-content\/uploads\/2016\/06\/brasil-de-82.jpg?fit=600%2C331&amp;ssl=1\" class=\"alignnone  wp-image-10425 alignleft\" src=\"https:\/\/i0.wp.com\/blogdoprosperi.com\/wp-content\/uploads\/2016\/06\/brasil-de-82.jpg?resize=372%2C205&#038;ssl=1\" alt=\"brasil-de-82\" width=\"372\" height=\"205\" \/><\/span>Esse discurso representa, de uma forma at\u00e9 vision\u00e1ria, uma ruptura do novo treinador da Sele\u00e7\u00e3o com a gera\u00e7\u00e3o da <a href=\"http:\/\/blogdoprosperi.com\/2016\/06\/15\/mazinho-expoe-as-mazelas-da-selecao-brasileira-e-o-legado-da-copa-de-94\/\">Copa de 94<\/a>, at\u00e9 ent\u00e3o dominadora na CBF. Se as sele\u00e7\u00f5es de 70 e 82 servirem como inspira\u00e7\u00e3o a Tite, meio caminho j\u00e1 estar\u00e1 percorrido. Resta saber se o t\u00e9cnico vai ter coragem de revisitar aqueles modelos.<\/p>\n<p>N\u00e3o custa lembrar que a gera\u00e7\u00e3o de 94, tendo <a href=\"http:\/\/blogdoprosperi.com\/2016\/06\/05\/selecao-brasileira-patina-na-estreia-na-copa-america-e-conta-com-maozinha-do-arbitro\/\">Dunga <\/a>como seu expoente, sempre achincalhou a equipe de 82 como uma Sele\u00e7\u00e3o perdedora.<\/p>\n<figure id=\"attachment_12003\" aria-describedby=\"caption-attachment-12003\" style=\"width: 650px\" class=\"wp-caption alignnone\"><img data-recalc-dims=\"1\" loading=\"lazy\" decoding=\"async\" data-attachment-id=\"12003\" data-permalink=\"https:\/\/blogdoprosperi.com\/?attachment_id=12003\" data-orig-file=\"https:\/\/i0.wp.com\/blogdoprosperi.com\/wp-content\/uploads\/2016\/06\/2016-06-20t211827z_10076555_s1aetlbfvvab_rtrmadp_3_soccer-brazil-coach.jpg?fit=650%2C406&amp;ssl=1\" data-orig-size=\"650,406\" data-comments-opened=\"1\" data-image-meta=\"{&quot;aperture&quot;:&quot;0&quot;,&quot;credit&quot;:&quot;REUTERS&quot;,&quot;camera&quot;:&quot;&quot;,&quot;caption&quot;:&quot;Football Soccer - News conference - Brazilian Football Confederation (CBF) headquarters - Rio de Janeiro, Brazil - 20\/6\/16 - New Brazilian national head coach Tite attends a news conference. REUTERS\/Sergio Moraes&quot;,&quot;created_timestamp&quot;:&quot;1466457507&quot;,&quot;copyright&quot;:&quot;&quot;,&quot;focal_length&quot;:&quot;0&quot;,&quot;iso&quot;:&quot;0&quot;,&quot;shutter_speed&quot;:&quot;0&quot;,&quot;title&quot;:&quot;Football Soccer - News conference - Brazilian Football Confederation (CBF) headquarters&quot;,&quot;orientation&quot;:&quot;0&quot;}\" data-image-title=\"Football Soccer &amp;#8211; News conference &amp;#8211; Brazilian Football Confederation (CBF) headquarters\" data-image-description=\"\" data-image-caption=\"&lt;p&gt;Football Soccer &amp;#8211; News conference &amp;#8211; Brazilian Football Confederation (CBF) headquarters &amp;#8211; Rio de Janeiro, Brazil &amp;#8211; 20\/6\/16 &amp;#8211; New Brazilian national head coach Tite attends a news conference. REUTERS\/Sergio Moraes&lt;\/p&gt;\n\" data-large-file=\"https:\/\/i0.wp.com\/blogdoprosperi.com\/wp-content\/uploads\/2016\/06\/2016-06-20t211827z_10076555_s1aetlbfvvab_rtrmadp_3_soccer-brazil-coach.jpg?fit=650%2C406&amp;ssl=1\" class=\"alignnone size-full wp-image-12003\" src=\"https:\/\/i0.wp.com\/blogdoprosperi.com\/wp-content\/uploads\/2016\/06\/2016-06-20t211827z_10076555_s1aetlbfvvab_rtrmadp_3_soccer-brazil-coach.jpg?resize=650%2C406&#038;ssl=1\" alt=\"Football Soccer - News conference - Brazilian Football Confederation (CBF) headquarters\" width=\"650\" height=\"406\" \/><figcaption id=\"caption-attachment-12003\" class=\"wp-caption-text\">Tite na coletiva de apresenta\u00e7\u00e3o na CBF<\/figcaption><\/figure>\n<p>Outra boa not\u00edcia \u00e9 sobre seu m\u00e9todo de trabalho a ser implantado:<\/p>\n<blockquote><p>&#8220;Quero acompanhar trabalho dos t\u00e9cnicos e vou me convidar para assistir, sem intervir, aos treinos dos clubes. Acompanhar treino, conversar com t\u00e9cnico e acompanhar jogo para mensurar. T\u00e9cnico vai me passar o que o atleta tem e pode executar. Treinos eu n\u00e3o vou conseguir fazer, esse \u00e9 meu grande desafio. Outro \u00e9 montagem da equipe, um jogador que possa executar fun\u00e7\u00e3o e se sentir bem.&#8221;<\/p><\/blockquote>\n<p>Tite admite tamb\u00e9m rever a posi\u00e7\u00e3o de <a href=\"http:\/\/blogdoprosperi.com\/2016\/06\/11\/copa-america-estende-tapete-vermelho-a-lionel-messi\/\">Neymar <\/a>como capit\u00e3o, insinuou fazer um rod\u00edzio na capitania. N\u00e3o quis dar detalhes sobre outros jogadores da Sele\u00e7\u00e3o e deixou claro que n\u00e3o vai levar em conta situa\u00e7\u00f5es passadas de outras convoca\u00e7\u00f5es.<\/p>\n<blockquote><p>&#8220;Situa\u00e7\u00f5es passadas, borracha apagada, agora a rela\u00e7\u00e3o \u00e9 comigo e com o que estabele\u00e7o ser importante na rela\u00e7\u00e3o com cada atleta.&#8221;<\/p><\/blockquote>\n<p>A estreia de Tite ser\u00e1 em setembro contra Equador e Col\u00f4mbia, pelas Eliminat\u00f3rias da Copa de 2018 &#8211; o Brasil \u00e9 o sexto colocado. At\u00e9 l\u00e1, poder\u00e1 apenas observar os jogadores em seus clubes. A maioria s\u00f3 volta a jogar no fim de agosto na abertura da temporada europeia.<\/p>\n<p><span class=\"alignnone\"><img data-recalc-dims=\"1\" loading=\"lazy\" decoding=\"async\" data-attachment-id=\"12004\" data-permalink=\"https:\/\/blogdoprosperi.com\/?attachment_id=12004\" data-orig-file=\"https:\/\/i0.wp.com\/blogdoprosperi.com\/wp-content\/uploads\/2016\/06\/20160620180229_576859e55c831.jpg?fit=4689%2C3126&amp;ssl=1\" data-orig-size=\"4689,3126\" data-comments-opened=\"1\" data-image-meta=\"{&quot;aperture&quot;:&quot;0&quot;,&quot;credit&quot;:&quot;&quot;,&quot;camera&quot;:&quot;&quot;,&quot;caption&quot;:&quot;&quot;,&quot;created_timestamp&quot;:&quot;0&quot;,&quot;copyright&quot;:&quot;&quot;,&quot;focal_length&quot;:&quot;0&quot;,&quot;iso&quot;:&quot;0&quot;,&quot;shutter_speed&quot;:&quot;0&quot;,&quot;title&quot;:&quot;&quot;,&quot;orientation&quot;:&quot;0&quot;}\" data-image-title=\"20160620180229_576859e55c831\" data-image-description=\"\" data-image-caption=\"\" data-large-file=\"https:\/\/i0.wp.com\/blogdoprosperi.com\/wp-content\/uploads\/2016\/06\/20160620180229_576859e55c831.jpg?fit=940%2C627&amp;ssl=1\" class=\"alignnone size-full wp-image-12004\" src=\"https:\/\/i0.wp.com\/blogdoprosperi.com\/wp-content\/uploads\/2016\/06\/20160620180229_576859e55c831.jpg?resize=940%2C627&#038;ssl=1\" alt=\"20160620180229_576859e55c831\" width=\"940\" height=\"627\" \/><\/span><\/p>\n<p>Tite sabe que neste in\u00edcio de trabalho n\u00e3o vai ser questionado pela CBF. Ali\u00e1s, ele chega como a boia se salva\u00e7\u00e3o dos <a href=\"http:\/\/blogdoprosperi.com\/2016\/04\/07\/a-solidao-de-romario\/\">cartolas que comandam o futebol brasileiro<\/a>. Se fracassar, vai levar todo mundo para o buraco. Beijos na face, por enquanto, tudo bem.<\/p>\n<blockquote><p>&#8220;Quando houve o convite para a conversa, acertamos depois do desligamento no Corinthians. Eu queria autonomia de direcionar a n\u00f3s todos a busca de excel\u00eancia no melhor do futebol. \u00c9 isso que eu sei fazer, \u00e9 essa contribui\u00e7\u00e3o que eu posso dar. Me reformatar e me reorganizar quanto t\u00e9cnico. E a maneira que eu tenho de contribuir \u00e9 ter minha autonomia para desenvolver o futebol. \u00c9 uma responsabilidade muito grande. Democratiza\u00e7\u00e3o, transpar\u00eancia, moderniza\u00e7\u00e3o&#8221;.<\/p><\/blockquote>\n<p>Por isso exigiu autonomia. Nem se envergonhou de levar seu filho, Matheus Bacchi, de 26 anos, para a comiss\u00e3o t\u00e9cnica da Sele\u00e7\u00e3o. Vai ser coordenador t\u00e9cnico e tecnol\u00f3gico (?).<\/p>\n<p>Este j\u00e1 \u00e9 o seu primeiro erro no comando do escrete. Por mais que Matheus seja um g\u00eanio, o futebol brasileiro precisa urgente de gente de estofo, com bagagem. N\u00e3o \u00e9 o caso do filho de Tite.<\/p>\n","protected":false},"excerpt":{"rendered":"<p>&nbsp; Tite assumiu o comando da Sele\u00e7\u00e3o Brasileira nesta segunda-feira (20\/6) na sede da CBF. Teve de encarar [&hellip;]<\/p>\n","protected":false},"author":102107496,"featured_media":0,"comment_status":"open","ping_status":"open","sticky":false,"template":"","format":"standard","meta":{"_coblocks_attr":"","_coblocks_dimensions":"","_coblocks_responsive_height":"","_coblocks_accordion_ie_support":"","_jetpack_newsletter_access":"","_jetpack_dont_email_post_to_subs":false,"_jetpack_newsletter_tier_id":0,"_jetpack_memberships_contains_paywalled_content":false,"_wpcom_ai_launchpad_first_post":false,"_jetpack_feature_clip_id":0,"_jetpack_memberships_contains_paid_content":false,"footnotes":"","jetpack_publicize_message":"","jetpack_publicize_feature_enabled":true,"jetpack_social_post_already_shared":false,"jetpack_social_options":{"image_generator_settings":{"template":"highway","default_image_id":0,"font":"","enabled":false},"version":2},"jetpack_post_was_ever_published":false},"categories":[53870],"tags":[789560569,36082522,789560560,4029902,4112146,789560562,503813579,1814220],"class_list":["post-11911","post","type-post","status-publish","format-standard","hentry","category-futebol","tag-cbf","tag-copa-do-mundo-de-2018","tag-futebol","tag-marco-polo-del-nero","tag-neymar","tag-selecao-brasileira","tag-tela-santana","tag-tite"],"yoast_head":"<!-- This site is optimized with the Yoast SEO plugin v28.3 - https:\/\/yoast.com\/product\/yoast-seo-wordpress\/ -->\n<title>Tite leva beijo de Del Nero na face e faz refer\u00eancias \u00e0s sele\u00e7\u00f5es das Copas de 70 e 82 - PR\u00d3SPERI NEWS<\/title>\n<meta name=\"robots\" content=\"index, follow, max-snippet:-1, max-image-preview:large, max-video-preview:-1\" \/>\n<link rel=\"canonical\" href=\"https:\/\/blogdoprosperi.com\/?p=11911\" \/>\n<meta property=\"og:locale\" content=\"pt_BR\" \/>\n<meta property=\"og:type\" content=\"article\" \/>\n<meta property=\"og:title\" content=\"Tite leva beijo de Del Nero na face e faz refer\u00eancias \u00e0s sele\u00e7\u00f5es das Copas de 70 e 82 - PR\u00d3SPERI NEWS\" \/>\n<meta property=\"og:description\" content=\"&nbsp; Tite assumiu o comando da Sele\u00e7\u00e3o Brasileira nesta segunda-feira (20\/6) na sede da CBF. Teve de encarar [&hellip;]\" \/>\n<meta property=\"og:url\" content=\"https:\/\/blogdoprosperi.com\/?p=11911\" \/>\n<meta property=\"og:site_name\" content=\"PR\u00d3SPERI NEWS\" \/>\n<meta property=\"article:publisher\" content=\"Luiz Pr\u00f3speri\" \/>\n<meta property=\"article:author\" content=\"Luiz Pr\u00f3speri\" \/>\n<meta property=\"article:published_time\" content=\"2016-06-20T22:16:18+00:00\" \/>\n<meta property=\"article:modified_time\" content=\"2016-06-20T22:46:02+00:00\" \/>\n<meta property=\"og:image\" content=\"https:\/\/blogdoprosperi.com\/wp-content\/uploads\/2016\/06\/6360205713184955181.jpg\" \/>\n<meta name=\"author\" content=\"Luiz Ant\u00f4nio Pr\u00f3speri\" \/>\n<meta name=\"twitter:card\" content=\"summary_large_image\" \/>\n<meta name=\"twitter:creator\" content=\"@Luizprosperi\" \/>\n<meta name=\"twitter:site\" content=\"@Luizprosperi\" \/>\n<meta name=\"twitter:label1\" content=\"Escrito por\" \/>\n\t<meta name=\"twitter:data1\" content=\"Luiz Ant\u00f4nio Pr\u00f3speri\" \/>\n\t<meta name=\"twitter:label2\" content=\"Est. tempo de leitura\" \/>\n\t<meta name=\"twitter:data2\" content=\"5 minutos\" \/>\n<script type=\"application\/ld+json\" class=\"yoast-schema-graph\">{\"@context\":\"https:\\\/\\\/schema.org\",\"@graph\":[{\"@type\":\"Article\",\"@id\":\"https:\\\/\\\/blogdoprosperi.com\\\/?p=11911#article\",\"isPartOf\":{\"@id\":\"https:\\\/\\\/blogdoprosperi.com\\\/?p=11911\"},\"author\":{\"name\":\"Luiz Ant\u00f4nio Pr\u00f3speri\",\"@id\":\"https:\\\/\\\/blogdoprosperi.com\\\/#\\\/schema\\\/person\\\/38100755ce3601861ee4fab9b5aa78e9\"},\"headline\":\"Tite leva beijo de Del Nero na face e faz refer\u00eancias \u00e0s sele\u00e7\u00f5es das Copas de 70 e 82\",\"datePublished\":\"2016-06-20T22:16:18+00:00\",\"dateModified\":\"2016-06-20T22:46:02+00:00\",\"mainEntityOfPage\":{\"@id\":\"https:\\\/\\\/blogdoprosperi.com\\\/?p=11911\"},\"wordCount\":922,\"commentCount\":12,\"publisher\":{\"@id\":\"https:\\\/\\\/blogdoprosperi.com\\\/#\\\/schema\\\/person\\\/38100755ce3601861ee4fab9b5aa78e9\"},\"image\":{\"@id\":\"https:\\\/\\\/blogdoprosperi.com\\\/?p=11911#primaryimage\"},\"thumbnailUrl\":\"https:\\\/\\\/blogdoprosperi.com\\\/wp-content\\\/uploads\\\/2016\\\/06\\\/6360205713184955181.jpg\",\"keywords\":[\"CBF\",\"Copa do Mundo de 2018\",\"futebol\",\"Marco Polo Del Nero\",\"Neymar\",\"Sele\u00e7\u00e3o Brasileira\",\"Tela Santana\",\"Tite\"],\"articleSection\":[\"futebol\"],\"inLanguage\":\"pt-BR\",\"potentialAction\":[{\"@type\":\"CommentAction\",\"name\":\"Comment\",\"target\":[\"https:\\\/\\\/blogdoprosperi.com\\\/?p=11911#respond\"]}]},{\"@type\":\"WebPage\",\"@id\":\"https:\\\/\\\/blogdoprosperi.com\\\/?p=11911\",\"url\":\"https:\\\/\\\/blogdoprosperi.com\\\/?p=11911\",\"name\":\"Tite leva beijo de Del Nero na face e faz refer\u00eancias \u00e0s sele\u00e7\u00f5es das Copas de 70 e 82 - PR\u00d3SPERI NEWS\",\"isPartOf\":{\"@id\":\"https:\\\/\\\/blogdoprosperi.com\\\/#website\"},\"primaryImageOfPage\":{\"@id\":\"https:\\\/\\\/blogdoprosperi.com\\\/?p=11911#primaryimage\"},\"image\":{\"@id\":\"https:\\\/\\\/blogdoprosperi.com\\\/?p=11911#primaryimage\"},\"thumbnailUrl\":\"https:\\\/\\\/blogdoprosperi.com\\\/wp-content\\\/uploads\\\/2016\\\/06\\\/6360205713184955181.jpg\",\"datePublished\":\"2016-06-20T22:16:18+00:00\",\"dateModified\":\"2016-06-20T22:46:02+00:00\",\"breadcrumb\":{\"@id\":\"https:\\\/\\\/blogdoprosperi.com\\\/?p=11911#breadcrumb\"},\"inLanguage\":\"pt-BR\",\"potentialAction\":[{\"@type\":\"ReadAction\",\"target\":[\"https:\\\/\\\/blogdoprosperi.com\\\/?p=11911\"]}]},{\"@type\":\"ImageObject\",\"inLanguage\":\"pt-BR\",\"@id\":\"https:\\\/\\\/blogdoprosperi.com\\\/?p=11911#primaryimage\",\"url\":\"https:\\\/\\\/i0.wp.com\\\/blogdoprosperi.com\\\/wp-content\\\/uploads\\\/2016\\\/06\\\/6360205713184955181.jpg?fit=690%2C460&ssl=1\",\"contentUrl\":\"https:\\\/\\\/i0.wp.com\\\/blogdoprosperi.com\\\/wp-content\\\/uploads\\\/2016\\\/06\\\/6360205713184955181.jpg?fit=690%2C460&ssl=1\",\"width\":690,\"height\":460},{\"@type\":\"BreadcrumbList\",\"@id\":\"https:\\\/\\\/blogdoprosperi.com\\\/?p=11911#breadcrumb\",\"itemListElement\":[{\"@type\":\"ListItem\",\"position\":1,\"name\":\"In\u00edcio\",\"item\":\"https:\\\/\\\/blogdoprosperi.com\\\/\"},{\"@type\":\"ListItem\",\"position\":2,\"name\":\"Tite leva beijo de Del Nero na face e faz refer\u00eancias \u00e0s sele\u00e7\u00f5es das Copas de 70 e 82\"}]},{\"@type\":\"WebSite\",\"@id\":\"https:\\\/\\\/blogdoprosperi.com\\\/#website\",\"url\":\"https:\\\/\\\/blogdoprosperi.com\\\/\",\"name\":\"PR\u00d3SPERI NEWS\",\"description\":\"TUDO \u00c9  FUTEBOL\",\"publisher\":{\"@id\":\"https:\\\/\\\/blogdoprosperi.com\\\/#\\\/schema\\\/person\\\/38100755ce3601861ee4fab9b5aa78e9\"},\"alternateName\":\"blogdoprosperi.com\",\"potentialAction\":[{\"@type\":\"SearchAction\",\"target\":{\"@type\":\"EntryPoint\",\"urlTemplate\":\"https:\\\/\\\/blogdoprosperi.com\\\/?s={search_term_string}\"},\"query-input\":{\"@type\":\"PropertyValueSpecification\",\"valueRequired\":true,\"valueName\":\"search_term_string\"}}],\"inLanguage\":\"pt-BR\"},{\"@type\":[\"Person\",\"Organization\"],\"@id\":\"https:\\\/\\\/blogdoprosperi.com\\\/#\\\/schema\\\/person\\\/38100755ce3601861ee4fab9b5aa78e9\",\"name\":\"Luiz Ant\u00f4nio Pr\u00f3speri\",\"pronouns\":\"ele\",\"image\":{\"@type\":\"ImageObject\",\"inLanguage\":\"pt-BR\",\"@id\":\"https:\\\/\\\/i0.wp.com\\\/blogdoprosperi.com\\\/wp-content\\\/uploads\\\/2026\\\/05\\\/cropped-8059e613-6002-42fa-961e-8e275f575d71-2-5.jpg?fit=1360%2C931&ssl=1\",\"url\":\"https:\\\/\\\/i0.wp.com\\\/blogdoprosperi.com\\\/wp-content\\\/uploads\\\/2026\\\/05\\\/cropped-8059e613-6002-42fa-961e-8e275f575d71-2-5.jpg?fit=1360%2C931&ssl=1\",\"contentUrl\":\"https:\\\/\\\/i0.wp.com\\\/blogdoprosperi.com\\\/wp-content\\\/uploads\\\/2026\\\/05\\\/cropped-8059e613-6002-42fa-961e-8e275f575d71-2-5.jpg?fit=1360%2C931&ssl=1\",\"width\":1360,\"height\":931,\"caption\":\"Luiz Ant\u00f4nio Pr\u00f3speri\"},\"logo\":{\"@id\":\"https:\\\/\\\/i0.wp.com\\\/blogdoprosperi.com\\\/wp-content\\\/uploads\\\/2026\\\/05\\\/cropped-8059e613-6002-42fa-961e-8e275f575d71-2-5.jpg?fit=1360%2C931&ssl=1\"},\"description\":\"Jornalista com carreira dedicada ao esporte. Cobriu 9 Copas do Mundo in loco, 1990 na It\u00e1lia, 1994 nos EUA, 1998 na Fran\u00e7a, 2002 na Coreia do Sul e Jap\u00e3o, 2006 na Alemanha, 2010 na \u00c1frica do Sul, 2014 no Brasil, 2018 na R\u00fassia e 2022 no Qatar. Eurocopas, 1992 na Su\u00e9cia e 1996 na Inglaterra. Copa das Confedera\u00e7\u00f5es de 2005 na Alemanha e 2009 na \u00c1frica do Sul. Rep\u00f3rter e Editor, trabalhou no Jornal da Tarde e Estad\u00e3o, de 1984 a fevereiro de 2016. Colunista, blogueiro. E comentarista de futebol na R\u00e1dio Estad\u00e3o, de 2013 a fevereiro de 2016. Jornalista respons\u00e1vel do \\\"Pr\u00f3speri News\\\" (blogdoprosperi.com).\",\"sameAs\":[\"http:\\\/\\\/blogdoprosperi.com\",\"Luiz Pr\u00f3speri\",\"@luiz_prosperi\",\"https:\\\/\\\/x.com\\\/Luizprosperi\",\"@prosperinacopa\",\"luiz.prosperi@icloud.com\"],\"url\":\"https:\\\/\\\/blogdoprosperi.com\\\/?author=102107496\"}]}<\/script>\n<!-- \/ Yoast SEO plugin. -->","yoast_head_json":{"title":"Tite leva beijo de Del Nero na face e faz refer\u00eancias \u00e0s sele\u00e7\u00f5es das Copas de 70 e 82 - PR\u00d3SPERI NEWS","robots":{"index":"index","follow":"follow","max-snippet":"max-snippet:-1","max-image-preview":"max-image-preview:large","max-video-preview":"max-video-preview:-1"},"canonical":"https:\/\/blogdoprosperi.com\/?p=11911","og_locale":"pt_BR","og_type":"article","og_title":"Tite leva beijo de Del Nero na face e faz refer\u00eancias \u00e0s sele\u00e7\u00f5es das Copas de 70 e 82 - PR\u00d3SPERI NEWS","og_description":"&nbsp; Tite assumiu o comando da Sele\u00e7\u00e3o Brasileira nesta segunda-feira (20\/6) na sede da CBF. Teve de encarar [&hellip;]","og_url":"https:\/\/blogdoprosperi.com\/?p=11911","og_site_name":"PR\u00d3SPERI NEWS","article_publisher":"Luiz Pr\u00f3speri","article_author":"Luiz Pr\u00f3speri","article_published_time":"2016-06-20T22:16:18+00:00","article_modified_time":"2016-06-20T22:46:02+00:00","og_image":[{"url":"https:\/\/blogdoprosperi.com\/wp-content\/uploads\/2016\/06\/6360205713184955181.jpg","type":"","width":"","height":""}],"author":"Luiz Ant\u00f4nio Pr\u00f3speri","twitter_card":"summary_large_image","twitter_creator":"@Luizprosperi","twitter_site":"@Luizprosperi","twitter_misc":{"Escrito por":"Luiz Ant\u00f4nio Pr\u00f3speri","Est. tempo de leitura":"5 minutos"},"schema":{"@context":"https:\/\/schema.org","@graph":[{"@type":"Article","@id":"https:\/\/blogdoprosperi.com\/?p=11911#article","isPartOf":{"@id":"https:\/\/blogdoprosperi.com\/?p=11911"},"author":{"name":"Luiz Ant\u00f4nio Pr\u00f3speri","@id":"https:\/\/blogdoprosperi.com\/#\/schema\/person\/38100755ce3601861ee4fab9b5aa78e9"},"headline":"Tite leva beijo de Del Nero na face e faz refer\u00eancias \u00e0s sele\u00e7\u00f5es das Copas de 70 e 82","datePublished":"2016-06-20T22:16:18+00:00","dateModified":"2016-06-20T22:46:02+00:00","mainEntityOfPage":{"@id":"https:\/\/blogdoprosperi.com\/?p=11911"},"wordCount":922,"commentCount":12,"publisher":{"@id":"https:\/\/blogdoprosperi.com\/#\/schema\/person\/38100755ce3601861ee4fab9b5aa78e9"},"image":{"@id":"https:\/\/blogdoprosperi.com\/?p=11911#primaryimage"},"thumbnailUrl":"https:\/\/blogdoprosperi.com\/wp-content\/uploads\/2016\/06\/6360205713184955181.jpg","keywords":["CBF","Copa do Mundo de 2018","futebol","Marco Polo Del Nero","Neymar","Sele\u00e7\u00e3o Brasileira","Tela Santana","Tite"],"articleSection":["futebol"],"inLanguage":"pt-BR","potentialAction":[{"@type":"CommentAction","name":"Comment","target":["https:\/\/blogdoprosperi.com\/?p=11911#respond"]}]},{"@type":"WebPage","@id":"https:\/\/blogdoprosperi.com\/?p=11911","url":"https:\/\/blogdoprosperi.com\/?p=11911","name":"Tite leva beijo de Del Nero na face e faz refer\u00eancias \u00e0s sele\u00e7\u00f5es das Copas de 70 e 82 - PR\u00d3SPERI NEWS","isPartOf":{"@id":"https:\/\/blogdoprosperi.com\/#website"},"primaryImageOfPage":{"@id":"https:\/\/blogdoprosperi.com\/?p=11911#primaryimage"},"image":{"@id":"https:\/\/blogdoprosperi.com\/?p=11911#primaryimage"},"thumbnailUrl":"https:\/\/blogdoprosperi.com\/wp-content\/uploads\/2016\/06\/6360205713184955181.jpg","datePublished":"2016-06-20T22:16:18+00:00","dateModified":"2016-06-20T22:46:02+00:00","breadcrumb":{"@id":"https:\/\/blogdoprosperi.com\/?p=11911#breadcrumb"},"inLanguage":"pt-BR","potentialAction":[{"@type":"ReadAction","target":["https:\/\/blogdoprosperi.com\/?p=11911"]}]},{"@type":"ImageObject","inLanguage":"pt-BR","@id":"https:\/\/blogdoprosperi.com\/?p=11911#primaryimage","url":"https:\/\/i0.wp.com\/blogdoprosperi.com\/wp-content\/uploads\/2016\/06\/6360205713184955181.jpg?fit=690%2C460&ssl=1","contentUrl":"https:\/\/i0.wp.com\/blogdoprosperi.com\/wp-content\/uploads\/2016\/06\/6360205713184955181.jpg?fit=690%2C460&ssl=1","width":690,"height":460},{"@type":"BreadcrumbList","@id":"https:\/\/blogdoprosperi.com\/?p=11911#breadcrumb","itemListElement":[{"@type":"ListItem","position":1,"name":"In\u00edcio","item":"https:\/\/blogdoprosperi.com\/"},{"@type":"ListItem","position":2,"name":"Tite leva beijo de Del Nero na face e faz refer\u00eancias \u00e0s sele\u00e7\u00f5es das Copas de 70 e 82"}]},{"@type":"WebSite","@id":"https:\/\/blogdoprosperi.com\/#website","url":"https:\/\/blogdoprosperi.com\/","name":"PR\u00d3SPERI NEWS","description":"TUDO \u00c9  FUTEBOL","publisher":{"@id":"https:\/\/blogdoprosperi.com\/#\/schema\/person\/38100755ce3601861ee4fab9b5aa78e9"},"alternateName":"blogdoprosperi.com","potentialAction":[{"@type":"SearchAction","target":{"@type":"EntryPoint","urlTemplate":"https:\/\/blogdoprosperi.com\/?s={search_term_string}"},"query-input":{"@type":"PropertyValueSpecification","valueRequired":true,"valueName":"search_term_string"}}],"inLanguage":"pt-BR"},{"@type":["Person","Organization"],"@id":"https:\/\/blogdoprosperi.com\/#\/schema\/person\/38100755ce3601861ee4fab9b5aa78e9","name":"Luiz Ant\u00f4nio Pr\u00f3speri","pronouns":"ele","image":{"@type":"ImageObject","inLanguage":"pt-BR","@id":"https:\/\/i0.wp.com\/blogdoprosperi.com\/wp-content\/uploads\/2026\/05\/cropped-8059e613-6002-42fa-961e-8e275f575d71-2-5.jpg?fit=1360%2C931&ssl=1","url":"https:\/\/i0.wp.com\/blogdoprosperi.com\/wp-content\/uploads\/2026\/05\/cropped-8059e613-6002-42fa-961e-8e275f575d71-2-5.jpg?fit=1360%2C931&ssl=1","contentUrl":"https:\/\/i0.wp.com\/blogdoprosperi.com\/wp-content\/uploads\/2026\/05\/cropped-8059e613-6002-42fa-961e-8e275f575d71-2-5.jpg?fit=1360%2C931&ssl=1","width":1360,"height":931,"caption":"Luiz Ant\u00f4nio Pr\u00f3speri"},"logo":{"@id":"https:\/\/i0.wp.com\/blogdoprosperi.com\/wp-content\/uploads\/2026\/05\/cropped-8059e613-6002-42fa-961e-8e275f575d71-2-5.jpg?fit=1360%2C931&ssl=1"},"description":"Jornalista com carreira dedicada ao esporte. Cobriu 9 Copas do Mundo in loco, 1990 na It\u00e1lia, 1994 nos EUA, 1998 na Fran\u00e7a, 2002 na Coreia do Sul e Jap\u00e3o, 2006 na Alemanha, 2010 na \u00c1frica do Sul, 2014 no Brasil, 2018 na R\u00fassia e 2022 no Qatar. Eurocopas, 1992 na Su\u00e9cia e 1996 na Inglaterra. Copa das Confedera\u00e7\u00f5es de 2005 na Alemanha e 2009 na \u00c1frica do Sul. Rep\u00f3rter e Editor, trabalhou no Jornal da Tarde e Estad\u00e3o, de 1984 a fevereiro de 2016. Colunista, blogueiro. E comentarista de futebol na R\u00e1dio Estad\u00e3o, de 2013 a fevereiro de 2016. Jornalista respons\u00e1vel do \"Pr\u00f3speri News\" (blogdoprosperi.com).","sameAs":["http:\/\/blogdoprosperi.com","Luiz Pr\u00f3speri","@luiz_prosperi","https:\/\/x.com\/Luizprosperi","@prosperinacopa","luiz.prosperi@icloud.com"],"url":"https:\/\/blogdoprosperi.com\/?author=102107496"}]}},"jetpack_publicize_connections":[],"jetpack_likes_enabled":false,"jetpack_sharing_enabled":true,"jetpack_shortlink":"https:\/\/wp.me\/p7jvdk-367","jetpack-related-posts":[{"id":10867,"url":"https:\/\/blogdoprosperi.com\/?p=10867","url_meta":{"origin":11911,"position":0},"title":"Corinthians se sente tra\u00eddo por Tite e presidente rompe com a CBF","author":"Luiz Ant\u00f4nio Pr\u00f3speri","date":"15 de junho de 2016","format":false,"excerpt":"Roberto Andrade, presidente do \u00a0Corinthians, n\u00e3o explicou na entrevista coletiva desta quarta-feita o motivo de ter ficado surpreso com a decis\u00e3o de Tite assumir a Sele\u00e7\u00e3o Brasileira. \"Fiquei sabendo h\u00e1 duas horas pelo pr\u00f3prio Tite, fui surpreendido\", disse Andrade, muito irritado, por volta das 18h. A pergunta: Tite passou tr\u00eas\u2026","rel":"","context":"Em &quot;futebol&quot;","block_context":{"text":"futebol","link":"https:\/\/blogdoprosperi.com\/?cat=53870"},"img":{"alt_text":"","src":"https:\/\/i0.wp.com\/blogdoprosperi.com\/wp-content\/uploads\/2016\/06\/corinthians-edu-gaspar-tite-fotoarena.jpg?resize=350%2C200&ssl=1","width":350,"height":200,"srcset":"https:\/\/i0.wp.com\/blogdoprosperi.com\/wp-content\/uploads\/2016\/06\/corinthians-edu-gaspar-tite-fotoarena.jpg?resize=350%2C200&ssl=1 1x, https:\/\/i0.wp.com\/blogdoprosperi.com\/wp-content\/uploads\/2016\/06\/corinthians-edu-gaspar-tite-fotoarena.jpg?resize=525%2C300&ssl=1 1.5x, https:\/\/i0.wp.com\/blogdoprosperi.com\/wp-content\/uploads\/2016\/06\/corinthians-edu-gaspar-tite-fotoarena.jpg?resize=700%2C400&ssl=1 2x, https:\/\/i0.wp.com\/blogdoprosperi.com\/wp-content\/uploads\/2016\/06\/corinthians-edu-gaspar-tite-fotoarena.jpg?resize=1050%2C600&ssl=1 3x, https:\/\/i0.wp.com\/blogdoprosperi.com\/wp-content\/uploads\/2016\/06\/corinthians-edu-gaspar-tite-fotoarena.jpg?resize=1400%2C800&ssl=1 4x"},"classes":[]},{"id":10802,"url":"https:\/\/blogdoprosperi.com\/?p=10802","url_meta":{"origin":11911,"position":1},"title":"Tite n\u00e3o contesta Del Nero e exige autonomia total para ocupar lugar de Dunga na Sele\u00e7\u00e3o","author":"Luiz Ant\u00f4nio Pr\u00f3speri","date":"15 de junho de 2016","format":false,"excerpt":"Quem se re\u00fane por tr\u00eas horas com um dirigente de futebol n\u00e3o est\u00e1 preocupado com a idoneidade do interlocutor. Tite esteve com Marco Polo Del Nero, presidente da CBF, nesta noite de ter\u00e7a-feira \u00a0(14\/6) na sede da entidade, tratando das condi\u00e7\u00f5es para assumir a Sele\u00e7\u00e3o Brasileira. O ainda t\u00e9cnico do\u2026","rel":"","context":"Em &quot;futebol&quot;","block_context":{"text":"futebol","link":"https:\/\/blogdoprosperi.com\/?cat=53870"},"img":{"alt_text":"","src":"https:\/\/i0.wp.com\/blogdoprosperi.com\/wp-content\/uploads\/2016\/06\/a3055f102483.jpg?resize=350%2C200","width":350,"height":200},"classes":[]},{"id":10640,"url":"https:\/\/blogdoprosperi.com\/?p=10640","url_meta":{"origin":11911,"position":2},"title":"O que muda na Sele\u00e7\u00e3o Brasileira com a troca de Dunga por Tite","author":"Luiz Ant\u00f4nio Pr\u00f3speri","date":"14 de junho de 2016","format":false,"excerpt":"Marco Polo Del Nero repete com a demiss\u00e3o de Dunga e seus assessores, confirmada na tarde desta ter\u00e7a-feira (14\/6), a mesma pr\u00e1tica de seus antecessores. Diante de fracassos contundentes e desastres da Sele\u00e7\u00e3o Brasileira, manda o treinador embora e o substitui por aquele que \u00e9, no momento, unanimidade nacional. Nada\u2026","rel":"","context":"Em &quot;futebol&quot;","block_context":{"text":"futebol","link":"https:\/\/blogdoprosperi.com\/?cat=53870"},"img":{"alt_text":"","src":"https:\/\/i0.wp.com\/blogdoprosperi.com\/wp-content\/uploads\/2016\/06\/neymar.jpg?resize=350%2C200&ssl=1","width":350,"height":200,"srcset":"https:\/\/i0.wp.com\/blogdoprosperi.com\/wp-content\/uploads\/2016\/06\/neymar.jpg?resize=350%2C200&ssl=1 1x, https:\/\/i0.wp.com\/blogdoprosperi.com\/wp-content\/uploads\/2016\/06\/neymar.jpg?resize=525%2C300&ssl=1 1.5x"},"classes":[]},{"id":40442,"url":"https:\/\/blogdoprosperi.com\/?p=40442","url_meta":{"origin":11911,"position":3},"title":"CBF escolhe sucessor de Tite s\u00f3 em janeiro","author":"Luiz Ant\u00f4nio Pr\u00f3speri","date":"9 de dezembro de 2022","format":false,"excerpt":"Ednaldo Rodrigues, presidente da CBF, aguarda at\u00e9 janeiro para definir sucessor de Tite na Sele\u00e7\u00e3o Brasileira","rel":"","context":"Em &quot;copa do mundo catar 2022&quot;","block_context":{"text":"copa do mundo catar 2022","link":"https:\/\/blogdoprosperi.com\/?cat=301049609"},"img":{"alt_text":"","src":"https:\/\/i0.wp.com\/blogdoprosperi.com\/wp-content\/uploads\/2022\/12\/pbpuyf_e.jpeg?fit=1200%2C800&ssl=1&resize=350%2C200","width":350,"height":200,"srcset":"https:\/\/i0.wp.com\/blogdoprosperi.com\/wp-content\/uploads\/2022\/12\/pbpuyf_e.jpeg?fit=1200%2C800&ssl=1&resize=350%2C200 1x, https:\/\/i0.wp.com\/blogdoprosperi.com\/wp-content\/uploads\/2022\/12\/pbpuyf_e.jpeg?fit=1200%2C800&ssl=1&resize=525%2C300 1.5x, https:\/\/i0.wp.com\/blogdoprosperi.com\/wp-content\/uploads\/2022\/12\/pbpuyf_e.jpeg?fit=1200%2C800&ssl=1&resize=700%2C400 2x, https:\/\/i0.wp.com\/blogdoprosperi.com\/wp-content\/uploads\/2022\/12\/pbpuyf_e.jpeg?fit=1200%2C800&ssl=1&resize=1050%2C600 3x"},"classes":[]},{"id":35329,"url":"https:\/\/blogdoprosperi.com\/?p=35329","url_meta":{"origin":11911,"position":4},"title":"CBF e Globo faturam alto com vit\u00f3rias da Sele\u00e7\u00e3o de Tite","author":"Luiz Ant\u00f4nio Pr\u00f3speri","date":"31 de mar\u00e7o de 2017","format":false,"excerpt":"A CBF \u00e9 a maior beneficiada com a reviravolta da Sele\u00e7\u00e3o Brasileira, a primeira se classificar no campo ao Mundial da R\u00fassia 2018. Sem mover uma palha, apenas com a troca de Dunga por Tite, a entidade conseguiu amenizar a press\u00e3o em cima do presidente Marco Polo Del Nero, renovou\u2026","rel":"","context":"Em &quot;futebol&quot;","block_context":{"text":"futebol","link":"https:\/\/blogdoprosperi.com\/?cat=53870"},"img":{"alt_text":"","src":"https:\/\/i0.wp.com\/blogdoprosperi.com\/wp-content\/uploads\/2017\/03\/20170303122503_0.jpeg?resize=350%2C200&ssl=1","width":350,"height":200,"srcset":"https:\/\/i0.wp.com\/blogdoprosperi.com\/wp-content\/uploads\/2017\/03\/20170303122503_0.jpeg?resize=350%2C200&ssl=1 1x, https:\/\/i0.wp.com\/blogdoprosperi.com\/wp-content\/uploads\/2017\/03\/20170303122503_0.jpeg?resize=525%2C300&ssl=1 1.5x, https:\/\/i0.wp.com\/blogdoprosperi.com\/wp-content\/uploads\/2017\/03\/20170303122503_0.jpeg?resize=700%2C400&ssl=1 2x"},"classes":[]},{"id":167,"url":"https:\/\/blogdoprosperi.com\/?p=167","url_meta":{"origin":11911,"position":5},"title":"Corinthians joga pesado com medo de perder Tite","author":"Luiz Ant\u00f4nio Pr\u00f3speri","date":"1 de abril de 2016","format":false,"excerpt":"\u00a0 \"O Corinthians tem presidente, a CBF, n\u00e3o. O Corinthians tem t\u00e9cnico, a CBF, n\u00e3o.\" Com essas declara\u00e7\u00f5es, Roberto Andrade, presidente do Corinthians, deu um n\u00e3o \u00e0 eventual troca de Dunga por Tite no comando da Sele\u00e7\u00e3o Brasileira. A estrat\u00e9gia de Andrade \u00e9 minar a CBF e tirar a credibilidade\u2026","rel":"","context":"Em &quot;futebol&quot;","block_context":{"text":"futebol","link":"https:\/\/blogdoprosperi.com\/?cat=53870"},"img":{"alt_text":"","src":"https:\/\/i0.wp.com\/blogdoprosperi.com\/wp-content\/uploads\/2016\/04\/59c9d470-e4f4-11e4-86ce-318bab141496_inn201504160161.jpg?resize=350%2C200&ssl=1","width":350,"height":200,"srcset":"https:\/\/i0.wp.com\/blogdoprosperi.com\/wp-content\/uploads\/2016\/04\/59c9d470-e4f4-11e4-86ce-318bab141496_inn201504160161.jpg?resize=350%2C200&ssl=1 1x, https:\/\/i0.wp.com\/blogdoprosperi.com\/wp-content\/uploads\/2016\/04\/59c9d470-e4f4-11e4-86ce-318bab141496_inn201504160161.jpg?resize=525%2C300&ssl=1 1.5x"},"classes":[]}],"jetpack_featured_media_url":"","_links":{"self":[{"href":"https:\/\/blogdoprosperi.com\/index.php?rest_route=\/wp\/v2\/posts\/11911","targetHints":{"allow":["GET"]}}],"collection":[{"href":"https:\/\/blogdoprosperi.com\/index.php?rest_route=\/wp\/v2\/posts"}],"about":[{"href":"https:\/\/blogdoprosperi.com\/index.php?rest_route=\/wp\/v2\/types\/post"}],"author":[{"embeddable":true,"href":"https:\/\/blogdoprosperi.com\/index.php?rest_route=\/wp\/v2\/users\/102107496"}],"replies":[{"embeddable":true,"href":"https:\/\/blogdoprosperi.com\/index.php?rest_route=%2Fwp%2Fv2%2Fcomments&post=11911"}],"version-history":[{"count":25,"href":"https:\/\/blogdoprosperi.com\/index.php?rest_route=\/wp\/v2\/posts\/11911\/revisions"}],"predecessor-version":[{"id":12028,"href":"https:\/\/blogdoprosperi.com\/index.php?rest_route=\/wp\/v2\/posts\/11911\/revisions\/12028"}],"wp:attachment":[{"href":"https:\/\/blogdoprosperi.com\/index.php?rest_route=%2Fwp%2Fv2%2Fmedia&parent=11911"}],"wp:term":[{"taxonomy":"category","embeddable":true,"href":"https:\/\/blogdoprosperi.com\/index.php?rest_route=%2Fwp%2Fv2%2Fcategories&post=11911"},{"taxonomy":"post_tag","embeddable":true,"href":"https:\/\/blogdoprosperi.com\/index.php?rest_route=%2Fwp%2Fv2%2Ftags&post=11911"}],"curies":[{"name":"wp","href":"https:\/\/api.w.org\/{rel}","templated":true}]}}