{"id":12465,"date":"2016-06-23T03:12:21","date_gmt":"2016-06-23T03:12:21","guid":{"rendered":"http:\/\/blogdoprosperi.com\/?p=12465"},"modified":"2016-06-23T05:08:47","modified_gmt":"2016-06-23T05:08:47","slug":"corinthians-nao-pode-culpar-garoto-por-derrota-em-minas","status":"publish","type":"post","link":"https:\/\/blogdoprosperi.com\/?p=12465","title":{"rendered":"Corinthians n\u00e3o pode culpar garoto por derrota em Minas"},"content":{"rendered":"<p><span class=\"alignnone\"><img data-recalc-dims=\"1\" loading=\"lazy\" decoding=\"async\" data-attachment-id=\"12495\" data-permalink=\"https:\/\/blogdoprosperi.com\/?attachment_id=12495\" data-orig-file=\"https:\/\/i0.wp.com\/blogdoprosperi.com\/wp-content\/uploads\/2016\/06\/622_000327d7-09a9-33f5-b047-4fb224f759bb.jpg?fit=622%2C350&amp;ssl=1\" data-orig-size=\"622,350\" data-comments-opened=\"1\" data-image-meta=\"{&quot;aperture&quot;:&quot;0&quot;,&quot;credit&quot;:&quot;&quot;,&quot;camera&quot;:&quot;&quot;,&quot;caption&quot;:&quot;&quot;,&quot;created_timestamp&quot;:&quot;0&quot;,&quot;copyright&quot;:&quot;&quot;,&quot;focal_length&quot;:&quot;0&quot;,&quot;iso&quot;:&quot;0&quot;,&quot;shutter_speed&quot;:&quot;0&quot;,&quot;title&quot;:&quot;&quot;,&quot;orientation&quot;:&quot;0&quot;}\" data-image-title=\"622_000327d7-09a9-33f5-b047-4fb224f759bb\" data-image-description=\"\" data-image-caption=\"\" data-large-file=\"https:\/\/i0.wp.com\/blogdoprosperi.com\/wp-content\/uploads\/2016\/06\/622_000327d7-09a9-33f5-b047-4fb224f759bb.jpg?fit=622%2C350&amp;ssl=1\" class=\"alignnone size-full wp-image-12495\" src=\"https:\/\/i0.wp.com\/blogdoprosperi.com\/wp-content\/uploads\/2016\/06\/622_000327d7-09a9-33f5-b047-4fb224f759bb.jpg?resize=622%2C350&#038;ssl=1\" alt=\"622_000327d7-09a9-33f5-b047-4fb224f759bb\" width=\"622\" height=\"350\" \/><\/span><\/p>\n<p><a href=\"http:\/\/blogdoprosperi.com\/2016\/06\/19\/corinthians-se-despede-de-tite-e-entrega-a-vitoria-a-cristovao-borges\/\">Corinthians <\/a>precisa entender que perder jogadores importantes na defesa \u00e9 t\u00e3o cruel como ficar sem atacantes de ponta. Quando Gil foi embora, disseram tudo bem. Felipe e Yago dariam conta. Felipe saiu. O garoto Pedro Henrique e Balbuena e Vilson seriam suficiente. N\u00e3o \u00e9 bem assim. Pedro Henrique pagou pelo noviciado e deu de bandeja o gol da confirma\u00e7\u00e3o da vit\u00f3ria do Atl\u00e9tico-MG por 2 a 1, nesta quarta-feira (22\/6), na 10.\u00aa rodada do <a href=\"http:\/\/blogdoprosperi.com\/2016\/06\/19\/corinthians-se-despede-de-tite-e-entrega-a-vitoria-a-cristovao-borges\/\">Brasileir\u00e3o.<\/a>\u00a0N\u00e3o era a estreia que Cristov\u00e3o Borges imaginava ao suceder <a href=\"http:\/\/blogdoprosperi.com\/2016\/06\/20\/tite-leva-beijo-de-del-nero-na-face-e-faz-referencias-as-selecoes-das-copas-de-70-e-82\/\">Tite.<\/a><\/p>\n<p>Quando Pedro Henrique errou, o time mineiro vencia por 1 a 0 e a derrota estava encaminhada. Sua falha, ao errar o c\u00e1lculo na bola recuada a C\u00e1ssio, deu a Cazares a oportunidade de espetar o segundo do Galo.<\/p>\n<p>O Corinthians ainda teve um sopro de vida com o gol de Lucca, a tr\u00eas minutos do final. Poderia at\u00e9 reivindicar o empate, mas n\u00e3o suportou a pixotada de Pedro Henrique. O menino, confortado por companheiros do Corinthians e cobras criadas do Atl\u00e9tico, n\u00e3o conseguiu engolir o choro na sa\u00edda do gramado em dire\u00e7\u00e3o aos vesti\u00e1rios.<\/p>\n<figure id=\"attachment_12499\" aria-describedby=\"caption-attachment-12499\" style=\"width: 670px\" class=\"wp-caption alignnone\"><img data-recalc-dims=\"1\" loading=\"lazy\" decoding=\"async\" data-attachment-id=\"12499\" data-permalink=\"https:\/\/blogdoprosperi.com\/?attachment_id=12499\" data-orig-file=\"https:\/\/i0.wp.com\/blogdoprosperi.com\/wp-content\/uploads\/2016\/06\/1c6e20365262060f0d93231ffa126323.jpg?fit=670%2C376&amp;ssl=1\" data-orig-size=\"670,376\" data-comments-opened=\"1\" data-image-meta=\"{&quot;aperture&quot;:&quot;4&quot;,&quot;credit&quot;:&quot;Getty Images&quot;,&quot;camera&quot;:&quot;NIKON D4S&quot;,&quot;caption&quot;:&quot;BELO HORIZONTE, BRAZIL - JUNE 22: Fred #99 of Atletico MG and Pedro Henrique #34 of Corinthians battle for the ball during a match between Atletico MG and Corinthians as part of Brasileirao Series A 2016 at Mineirao stadium on June 22, 2016 in Belo Horizonte, Brazil. (Photo by Pedro Vilela\/Getty Images)&quot;,&quot;created_timestamp&quot;:&quot;1466642880&quot;,&quot;copyright&quot;:&quot;2016 Getty Images&quot;,&quot;focal_length&quot;:&quot;500&quot;,&quot;iso&quot;:&quot;2500&quot;,&quot;shutter_speed&quot;:&quot;0.000625&quot;,&quot;title&quot;:&quot;Atletico MG v Corinthians - Brasileirao Series A 2016&quot;,&quot;orientation&quot;:&quot;1&quot;}\" data-image-title=\"Atletico MG v Corinthians &amp;#8211; Brasileirao Series A 2016\" data-image-description=\"\" data-image-caption=\"&lt;p&gt;BELO HORIZONTE, BRAZIL &amp;#8211; JUNE 22: Fred #99 of Atletico MG and Pedro Henrique #34 of Corinthians battle for the ball during a match between Atletico MG and Corinthians as part of Brasileirao Series A 2016 at Mineirao stadium on June 22, 2016 in Belo Horizonte, Brazil. (Photo by Pedro Vilela\/Getty Images)&lt;\/p&gt;\n\" data-large-file=\"https:\/\/i0.wp.com\/blogdoprosperi.com\/wp-content\/uploads\/2016\/06\/1c6e20365262060f0d93231ffa126323.jpg?fit=670%2C376&amp;ssl=1\" class=\"alignnone size-full wp-image-12499\" src=\"https:\/\/i0.wp.com\/blogdoprosperi.com\/wp-content\/uploads\/2016\/06\/1c6e20365262060f0d93231ffa126323.jpg?resize=670%2C376&#038;ssl=1\" alt=\"Atletico MG v Corinthians - Brasileirao Series A 2016\" width=\"670\" height=\"376\" \/><figcaption id=\"caption-attachment-12499\" class=\"wp-caption-text\">Pedro Henrique disputa bola com Fred<\/figcaption><\/figure>\n<p>L\u00e1grimas de um j\u00fanior s\u00e3o compreens\u00edveis. O que n\u00e3o se pode admitir \u00e9 Crist\u00f3v\u00e3o Borges, os mais experientes jogadores e a torcida darem cr\u00e9dito da derrota \u00e0 falha de Pedro Henrique. Evidente que eles n\u00e3o v\u00e3o apontar o dedo em dire\u00e7\u00e3o ao jovem zagueiro, mas v\u00e3o se socorrer a esse incidente nos bastidores.<\/p>\n<div class=\"jetpack-video-wrapper\"><span class=\"embed-youtube\" style=\"text-align:center; display: block;\"><iframe loading=\"lazy\" class=\"youtube-player\" width=\"560\" height=\"315\" src=\"https:\/\/www.youtube.com\/embed\/_RPTJ-rOw6U?version=3&#038;rel=1&#038;showsearch=0&#038;showinfo=1&#038;iv_load_policy=1&#038;fs=1&#038;hl=pt-BR&#038;autohide=2&#038;wmode=transparent\" allowfullscreen=\"true\" style=\"border:0;\" sandbox=\"allow-scripts allow-same-origin allow-popups allow-presentation allow-popups-to-escape-sandbox\"><\/iframe><\/span><\/div>\n<p>Quem viu o jogo sabe que o gol de Fred nasceu de um impedimento de Marcos Rocha. Apesar do erro grosseiro da arbitragem, o Galo j\u00e1 merecia estar na frente. E s\u00f3 n\u00e3o fez um gol mais f\u00e1cil por encontrar um muro armado por Crist\u00f3v\u00e3o Borges &#8211; depois dizem que ele gosta de times ofensivos.<\/p>\n<p>Se somarmos as falhas da arbitragem, \u00e0 proposta de jogo do Atl\u00e9tico, ao medo do Corinthians em buscar algo maior e \u00e0 falha de Pedro Henrique, o time mineiro merecia mesmo mesmo ter vencido como venceu.<\/p>\n","protected":false},"excerpt":{"rendered":"<p>Corinthians precisa entender que perder jogadores importantes na defesa \u00e9 t\u00e3o cruel como ficar sem atacantes de ponta. [&hellip;]<\/p>\n","protected":false},"author":102107496,"featured_media":0,"comment_status":"open","ping_status":"open","sticky":false,"template":"","format":"standard","meta":{"_coblocks_attr":"","_coblocks_dimensions":"","_coblocks_responsive_height":"","_coblocks_accordion_ie_support":"","_jetpack_newsletter_access":"","_jetpack_dont_email_post_to_subs":false,"_jetpack_newsletter_tier_id":0,"_jetpack_memberships_contains_paywalled_content":false,"_wpcom_ai_launchpad_first_post":false,"_jetpack_feature_clip_id":0,"_jetpack_memberships_contains_paid_content":false,"footnotes":"","jetpack_publicize_message":"","jetpack_publicize_feature_enabled":true,"jetpack_social_post_already_shared":false,"jetpack_social_options":{"image_generator_settings":{"template":"highway","default_image_id":0,"font":"","enabled":false},"version":2},"jetpack_post_was_ever_published":false},"categories":[355071,53870],"tags":[366291,28490403,362595295,177066,63615441,80558,789560560,392669,339546],"class_list":["post-12465","post","type-post","status-publish","format-standard","hentry","category-campeonato-brasileiro","category-futebol","tag-atletico-mg","tag-atletico-mg-x-corinthians","tag-brasileirao-2016","tag-corinthians","tag-cristovao-borges","tag-fred","tag-futebol","tag-lucca","tag-pedro-henrique"],"yoast_head":"<!-- This site is optimized with the Yoast SEO plugin v28.4 - https:\/\/yoast.com\/product\/yoast-seo-wordpress\/ -->\n<title>Corinthians n\u00e3o pode culpar garoto por derrota em Minas - PR\u00d3SPERI NEWS<\/title>\n<meta name=\"robots\" content=\"index, follow, max-snippet:-1, max-image-preview:large, max-video-preview:-1\" \/>\n<link rel=\"canonical\" href=\"https:\/\/blogdoprosperi.com\/?p=12465\" \/>\n<meta property=\"og:locale\" content=\"pt_BR\" \/>\n<meta property=\"og:type\" content=\"article\" \/>\n<meta property=\"og:title\" content=\"Corinthians n\u00e3o pode culpar garoto por derrota em Minas - PR\u00d3SPERI NEWS\" \/>\n<meta property=\"og:description\" content=\"Corinthians precisa entender que perder jogadores importantes na defesa \u00e9 t\u00e3o cruel como ficar sem atacantes de ponta. [&hellip;]\" \/>\n<meta property=\"og:url\" content=\"https:\/\/blogdoprosperi.com\/?p=12465\" \/>\n<meta property=\"og:site_name\" content=\"PR\u00d3SPERI NEWS\" \/>\n<meta property=\"article:publisher\" content=\"Luiz Pr\u00f3speri\" \/>\n<meta property=\"article:author\" content=\"Luiz Pr\u00f3speri\" \/>\n<meta property=\"article:published_time\" content=\"2016-06-23T03:12:21+00:00\" \/>\n<meta property=\"article:modified_time\" content=\"2016-06-23T05:08:47+00:00\" \/>\n<meta property=\"og:image\" content=\"https:\/\/blogdoprosperi.com\/wp-content\/uploads\/2016\/06\/622_000327d7-09a9-33f5-b047-4fb224f759bb.jpg\" \/>\n<meta name=\"author\" content=\"Luiz Ant\u00f4nio Pr\u00f3speri\" \/>\n<meta name=\"twitter:card\" content=\"summary_large_image\" \/>\n<meta name=\"twitter:creator\" content=\"@Luizprosperi\" \/>\n<meta name=\"twitter:site\" content=\"@Luizprosperi\" \/>\n<meta name=\"twitter:label1\" content=\"Escrito por\" \/>\n\t<meta name=\"twitter:data1\" content=\"Luiz Ant\u00f4nio Pr\u00f3speri\" \/>\n\t<meta name=\"twitter:label2\" content=\"Est. tempo de leitura\" \/>\n\t<meta name=\"twitter:data2\" content=\"2 minutos\" \/>\n<script type=\"application\/ld+json\" class=\"yoast-schema-graph\">{\"@context\":\"https:\\\/\\\/schema.org\",\"@graph\":[{\"@type\":\"Article\",\"@id\":\"https:\\\/\\\/blogdoprosperi.com\\\/?p=12465#article\",\"isPartOf\":{\"@id\":\"https:\\\/\\\/blogdoprosperi.com\\\/?p=12465\"},\"author\":{\"name\":\"Luiz Ant\u00f4nio Pr\u00f3speri\",\"@id\":\"https:\\\/\\\/blogdoprosperi.com\\\/#\\\/schema\\\/person\\\/38100755ce3601861ee4fab9b5aa78e9\"},\"headline\":\"Corinthians n\u00e3o pode culpar garoto por derrota em Minas\",\"datePublished\":\"2016-06-23T03:12:21+00:00\",\"dateModified\":\"2016-06-23T05:08:47+00:00\",\"mainEntityOfPage\":{\"@id\":\"https:\\\/\\\/blogdoprosperi.com\\\/?p=12465\"},\"wordCount\":383,\"commentCount\":2,\"publisher\":{\"@id\":\"https:\\\/\\\/blogdoprosperi.com\\\/#\\\/schema\\\/person\\\/38100755ce3601861ee4fab9b5aa78e9\"},\"image\":{\"@id\":\"https:\\\/\\\/blogdoprosperi.com\\\/?p=12465#primaryimage\"},\"thumbnailUrl\":\"https:\\\/\\\/blogdoprosperi.com\\\/wp-content\\\/uploads\\\/2016\\\/06\\\/622_000327d7-09a9-33f5-b047-4fb224f759bb.jpg\",\"keywords\":[\"Atl\u00e9tico-MG\",\"Atl\u00e9tico-MG x Corinthians\",\"Brasileir\u00e3o-2016\",\"Corinthians\",\"Crist\u00f3v\u00e3o Borges\",\"Fred\",\"futebol\",\"Lucca\",\"Pedro Henrique\"],\"articleSection\":[\"Campeonato Brasileiro\",\"futebol\"],\"inLanguage\":\"pt-BR\",\"potentialAction\":[{\"@type\":\"CommentAction\",\"name\":\"Comment\",\"target\":[\"https:\\\/\\\/blogdoprosperi.com\\\/?p=12465#respond\"]}]},{\"@type\":\"WebPage\",\"@id\":\"https:\\\/\\\/blogdoprosperi.com\\\/?p=12465\",\"url\":\"https:\\\/\\\/blogdoprosperi.com\\\/?p=12465\",\"name\":\"Corinthians n\u00e3o pode culpar garoto por derrota em Minas - PR\u00d3SPERI NEWS\",\"isPartOf\":{\"@id\":\"https:\\\/\\\/blogdoprosperi.com\\\/#website\"},\"primaryImageOfPage\":{\"@id\":\"https:\\\/\\\/blogdoprosperi.com\\\/?p=12465#primaryimage\"},\"image\":{\"@id\":\"https:\\\/\\\/blogdoprosperi.com\\\/?p=12465#primaryimage\"},\"thumbnailUrl\":\"https:\\\/\\\/blogdoprosperi.com\\\/wp-content\\\/uploads\\\/2016\\\/06\\\/622_000327d7-09a9-33f5-b047-4fb224f759bb.jpg\",\"datePublished\":\"2016-06-23T03:12:21+00:00\",\"dateModified\":\"2016-06-23T05:08:47+00:00\",\"breadcrumb\":{\"@id\":\"https:\\\/\\\/blogdoprosperi.com\\\/?p=12465#breadcrumb\"},\"inLanguage\":\"pt-BR\",\"potentialAction\":[{\"@type\":\"ReadAction\",\"target\":[\"https:\\\/\\\/blogdoprosperi.com\\\/?p=12465\"]}]},{\"@type\":\"ImageObject\",\"inLanguage\":\"pt-BR\",\"@id\":\"https:\\\/\\\/blogdoprosperi.com\\\/?p=12465#primaryimage\",\"url\":\"https:\\\/\\\/i0.wp.com\\\/blogdoprosperi.com\\\/wp-content\\\/uploads\\\/2016\\\/06\\\/622_000327d7-09a9-33f5-b047-4fb224f759bb.jpg?fit=622%2C350&ssl=1\",\"contentUrl\":\"https:\\\/\\\/i0.wp.com\\\/blogdoprosperi.com\\\/wp-content\\\/uploads\\\/2016\\\/06\\\/622_000327d7-09a9-33f5-b047-4fb224f759bb.jpg?fit=622%2C350&ssl=1\",\"width\":622,\"height\":350},{\"@type\":\"BreadcrumbList\",\"@id\":\"https:\\\/\\\/blogdoprosperi.com\\\/?p=12465#breadcrumb\",\"itemListElement\":[{\"@type\":\"ListItem\",\"position\":1,\"name\":\"In\u00edcio\",\"item\":\"https:\\\/\\\/blogdoprosperi.com\\\/\"},{\"@type\":\"ListItem\",\"position\":2,\"name\":\"Corinthians n\u00e3o pode culpar garoto por derrota em Minas\"}]},{\"@type\":\"WebSite\",\"@id\":\"https:\\\/\\\/blogdoprosperi.com\\\/#website\",\"url\":\"https:\\\/\\\/blogdoprosperi.com\\\/\",\"name\":\"PR\u00d3SPERI NEWS\",\"description\":\"TUDO \u00c9  FUTEBOL\",\"publisher\":{\"@id\":\"https:\\\/\\\/blogdoprosperi.com\\\/#\\\/schema\\\/person\\\/38100755ce3601861ee4fab9b5aa78e9\"},\"alternateName\":\"blogdoprosperi.com\",\"potentialAction\":[{\"@type\":\"SearchAction\",\"target\":{\"@type\":\"EntryPoint\",\"urlTemplate\":\"https:\\\/\\\/blogdoprosperi.com\\\/?s={search_term_string}\"},\"query-input\":{\"@type\":\"PropertyValueSpecification\",\"valueRequired\":true,\"valueName\":\"search_term_string\"}}],\"inLanguage\":\"pt-BR\"},{\"@type\":[\"Person\",\"Organization\"],\"@id\":\"https:\\\/\\\/blogdoprosperi.com\\\/#\\\/schema\\\/person\\\/38100755ce3601861ee4fab9b5aa78e9\",\"name\":\"Luiz Ant\u00f4nio Pr\u00f3speri\",\"pronouns\":\"ele\",\"image\":{\"@type\":\"ImageObject\",\"inLanguage\":\"pt-BR\",\"@id\":\"https:\\\/\\\/i0.wp.com\\\/blogdoprosperi.com\\\/wp-content\\\/uploads\\\/2026\\\/05\\\/cropped-8059e613-6002-42fa-961e-8e275f575d71-2-5.jpg?fit=1360%2C931&ssl=1\",\"url\":\"https:\\\/\\\/i0.wp.com\\\/blogdoprosperi.com\\\/wp-content\\\/uploads\\\/2026\\\/05\\\/cropped-8059e613-6002-42fa-961e-8e275f575d71-2-5.jpg?fit=1360%2C931&ssl=1\",\"contentUrl\":\"https:\\\/\\\/i0.wp.com\\\/blogdoprosperi.com\\\/wp-content\\\/uploads\\\/2026\\\/05\\\/cropped-8059e613-6002-42fa-961e-8e275f575d71-2-5.jpg?fit=1360%2C931&ssl=1\",\"width\":1360,\"height\":931,\"caption\":\"Luiz Ant\u00f4nio Pr\u00f3speri\"},\"logo\":{\"@id\":\"https:\\\/\\\/i0.wp.com\\\/blogdoprosperi.com\\\/wp-content\\\/uploads\\\/2026\\\/05\\\/cropped-8059e613-6002-42fa-961e-8e275f575d71-2-5.jpg?fit=1360%2C931&ssl=1\"},\"description\":\"Jornalista com carreira dedicada ao esporte. Cobriu 9 Copas do Mundo in loco, 1990 na It\u00e1lia, 1994 nos EUA, 1998 na Fran\u00e7a, 2002 na Coreia do Sul e Jap\u00e3o, 2006 na Alemanha, 2010 na \u00c1frica do Sul, 2014 no Brasil, 2018 na R\u00fassia e 2022 no Qatar. Eurocopas, 1992 na Su\u00e9cia e 1996 na Inglaterra. Copa das Confedera\u00e7\u00f5es de 2005 na Alemanha e 2009 na \u00c1frica do Sul. Rep\u00f3rter e Editor, trabalhou no Jornal da Tarde e Estad\u00e3o, de 1984 a fevereiro de 2016. Colunista, blogueiro. E comentarista de futebol na R\u00e1dio Estad\u00e3o, de 2013 a fevereiro de 2016. Jornalista respons\u00e1vel do \\\"Pr\u00f3speri News\\\" (blogdoprosperi.com).\",\"sameAs\":[\"http:\\\/\\\/blogdoprosperi.com\",\"Luiz Pr\u00f3speri\",\"@luiz_prosperi\",\"https:\\\/\\\/x.com\\\/Luizprosperi\",\"@prosperinacopa\",\"luiz.prosperi@icloud.com\"],\"url\":\"https:\\\/\\\/blogdoprosperi.com\\\/?author=102107496\"}]}<\/script>\n<!-- \/ Yoast SEO plugin. -->","yoast_head_json":{"title":"Corinthians n\u00e3o pode culpar garoto por derrota em Minas - PR\u00d3SPERI NEWS","robots":{"index":"index","follow":"follow","max-snippet":"max-snippet:-1","max-image-preview":"max-image-preview:large","max-video-preview":"max-video-preview:-1"},"canonical":"https:\/\/blogdoprosperi.com\/?p=12465","og_locale":"pt_BR","og_type":"article","og_title":"Corinthians n\u00e3o pode culpar garoto por derrota em Minas - PR\u00d3SPERI NEWS","og_description":"Corinthians precisa entender que perder jogadores importantes na defesa \u00e9 t\u00e3o cruel como ficar sem atacantes de ponta. [&hellip;]","og_url":"https:\/\/blogdoprosperi.com\/?p=12465","og_site_name":"PR\u00d3SPERI NEWS","article_publisher":"Luiz Pr\u00f3speri","article_author":"Luiz Pr\u00f3speri","article_published_time":"2016-06-23T03:12:21+00:00","article_modified_time":"2016-06-23T05:08:47+00:00","og_image":[{"url":"https:\/\/blogdoprosperi.com\/wp-content\/uploads\/2016\/06\/622_000327d7-09a9-33f5-b047-4fb224f759bb.jpg","type":"","width":"","height":""}],"author":"Luiz Ant\u00f4nio Pr\u00f3speri","twitter_card":"summary_large_image","twitter_creator":"@Luizprosperi","twitter_site":"@Luizprosperi","twitter_misc":{"Escrito por":"Luiz Ant\u00f4nio Pr\u00f3speri","Est. tempo de leitura":"2 minutos"},"schema":{"@context":"https:\/\/schema.org","@graph":[{"@type":"Article","@id":"https:\/\/blogdoprosperi.com\/?p=12465#article","isPartOf":{"@id":"https:\/\/blogdoprosperi.com\/?p=12465"},"author":{"name":"Luiz Ant\u00f4nio Pr\u00f3speri","@id":"https:\/\/blogdoprosperi.com\/#\/schema\/person\/38100755ce3601861ee4fab9b5aa78e9"},"headline":"Corinthians n\u00e3o pode culpar garoto por derrota em Minas","datePublished":"2016-06-23T03:12:21+00:00","dateModified":"2016-06-23T05:08:47+00:00","mainEntityOfPage":{"@id":"https:\/\/blogdoprosperi.com\/?p=12465"},"wordCount":383,"commentCount":2,"publisher":{"@id":"https:\/\/blogdoprosperi.com\/#\/schema\/person\/38100755ce3601861ee4fab9b5aa78e9"},"image":{"@id":"https:\/\/blogdoprosperi.com\/?p=12465#primaryimage"},"thumbnailUrl":"https:\/\/blogdoprosperi.com\/wp-content\/uploads\/2016\/06\/622_000327d7-09a9-33f5-b047-4fb224f759bb.jpg","keywords":["Atl\u00e9tico-MG","Atl\u00e9tico-MG x Corinthians","Brasileir\u00e3o-2016","Corinthians","Crist\u00f3v\u00e3o Borges","Fred","futebol","Lucca","Pedro Henrique"],"articleSection":["Campeonato Brasileiro","futebol"],"inLanguage":"pt-BR","potentialAction":[{"@type":"CommentAction","name":"Comment","target":["https:\/\/blogdoprosperi.com\/?p=12465#respond"]}]},{"@type":"WebPage","@id":"https:\/\/blogdoprosperi.com\/?p=12465","url":"https:\/\/blogdoprosperi.com\/?p=12465","name":"Corinthians n\u00e3o pode culpar garoto por derrota em Minas - PR\u00d3SPERI NEWS","isPartOf":{"@id":"https:\/\/blogdoprosperi.com\/#website"},"primaryImageOfPage":{"@id":"https:\/\/blogdoprosperi.com\/?p=12465#primaryimage"},"image":{"@id":"https:\/\/blogdoprosperi.com\/?p=12465#primaryimage"},"thumbnailUrl":"https:\/\/blogdoprosperi.com\/wp-content\/uploads\/2016\/06\/622_000327d7-09a9-33f5-b047-4fb224f759bb.jpg","datePublished":"2016-06-23T03:12:21+00:00","dateModified":"2016-06-23T05:08:47+00:00","breadcrumb":{"@id":"https:\/\/blogdoprosperi.com\/?p=12465#breadcrumb"},"inLanguage":"pt-BR","potentialAction":[{"@type":"ReadAction","target":["https:\/\/blogdoprosperi.com\/?p=12465"]}]},{"@type":"ImageObject","inLanguage":"pt-BR","@id":"https:\/\/blogdoprosperi.com\/?p=12465#primaryimage","url":"https:\/\/i0.wp.com\/blogdoprosperi.com\/wp-content\/uploads\/2016\/06\/622_000327d7-09a9-33f5-b047-4fb224f759bb.jpg?fit=622%2C350&ssl=1","contentUrl":"https:\/\/i0.wp.com\/blogdoprosperi.com\/wp-content\/uploads\/2016\/06\/622_000327d7-09a9-33f5-b047-4fb224f759bb.jpg?fit=622%2C350&ssl=1","width":622,"height":350},{"@type":"BreadcrumbList","@id":"https:\/\/blogdoprosperi.com\/?p=12465#breadcrumb","itemListElement":[{"@type":"ListItem","position":1,"name":"In\u00edcio","item":"https:\/\/blogdoprosperi.com\/"},{"@type":"ListItem","position":2,"name":"Corinthians n\u00e3o pode culpar garoto por derrota em Minas"}]},{"@type":"WebSite","@id":"https:\/\/blogdoprosperi.com\/#website","url":"https:\/\/blogdoprosperi.com\/","name":"PR\u00d3SPERI NEWS","description":"TUDO \u00c9  FUTEBOL","publisher":{"@id":"https:\/\/blogdoprosperi.com\/#\/schema\/person\/38100755ce3601861ee4fab9b5aa78e9"},"alternateName":"blogdoprosperi.com","potentialAction":[{"@type":"SearchAction","target":{"@type":"EntryPoint","urlTemplate":"https:\/\/blogdoprosperi.com\/?s={search_term_string}"},"query-input":{"@type":"PropertyValueSpecification","valueRequired":true,"valueName":"search_term_string"}}],"inLanguage":"pt-BR"},{"@type":["Person","Organization"],"@id":"https:\/\/blogdoprosperi.com\/#\/schema\/person\/38100755ce3601861ee4fab9b5aa78e9","name":"Luiz Ant\u00f4nio Pr\u00f3speri","pronouns":"ele","image":{"@type":"ImageObject","inLanguage":"pt-BR","@id":"https:\/\/i0.wp.com\/blogdoprosperi.com\/wp-content\/uploads\/2026\/05\/cropped-8059e613-6002-42fa-961e-8e275f575d71-2-5.jpg?fit=1360%2C931&ssl=1","url":"https:\/\/i0.wp.com\/blogdoprosperi.com\/wp-content\/uploads\/2026\/05\/cropped-8059e613-6002-42fa-961e-8e275f575d71-2-5.jpg?fit=1360%2C931&ssl=1","contentUrl":"https:\/\/i0.wp.com\/blogdoprosperi.com\/wp-content\/uploads\/2026\/05\/cropped-8059e613-6002-42fa-961e-8e275f575d71-2-5.jpg?fit=1360%2C931&ssl=1","width":1360,"height":931,"caption":"Luiz Ant\u00f4nio Pr\u00f3speri"},"logo":{"@id":"https:\/\/i0.wp.com\/blogdoprosperi.com\/wp-content\/uploads\/2026\/05\/cropped-8059e613-6002-42fa-961e-8e275f575d71-2-5.jpg?fit=1360%2C931&ssl=1"},"description":"Jornalista com carreira dedicada ao esporte. Cobriu 9 Copas do Mundo in loco, 1990 na It\u00e1lia, 1994 nos EUA, 1998 na Fran\u00e7a, 2002 na Coreia do Sul e Jap\u00e3o, 2006 na Alemanha, 2010 na \u00c1frica do Sul, 2014 no Brasil, 2018 na R\u00fassia e 2022 no Qatar. Eurocopas, 1992 na Su\u00e9cia e 1996 na Inglaterra. Copa das Confedera\u00e7\u00f5es de 2005 na Alemanha e 2009 na \u00c1frica do Sul. Rep\u00f3rter e Editor, trabalhou no Jornal da Tarde e Estad\u00e3o, de 1984 a fevereiro de 2016. Colunista, blogueiro. E comentarista de futebol na R\u00e1dio Estad\u00e3o, de 2013 a fevereiro de 2016. Jornalista respons\u00e1vel do \"Pr\u00f3speri News\" (blogdoprosperi.com).","sameAs":["http:\/\/blogdoprosperi.com","Luiz Pr\u00f3speri","@luiz_prosperi","https:\/\/x.com\/Luizprosperi","@prosperinacopa","luiz.prosperi@icloud.com"],"url":"https:\/\/blogdoprosperi.com\/?author=102107496"}]}},"jetpack_publicize_connections":[],"jetpack_likes_enabled":false,"jetpack_sharing_enabled":true,"jetpack_shortlink":"https:\/\/wp.me\/p7jvdk-3f3","jetpack-related-posts":[{"id":14051,"url":"https:\/\/blogdoprosperi.com\/?p=14051","url_meta":{"origin":12465,"position":0},"title":"Corinthians vence mais uma com modelo de Crist\u00f3v\u00e3o Borges","author":"Luiz Ant\u00f4nio Pr\u00f3speri","date":"30 de junho de 2016","format":false,"excerpt":"Corinthians de Crist\u00f3v\u00e3o Borges n\u00e3o \u00e9 o Corinthians de Tite. Nem adianta argumentar que ainda \u00e9 cedo para conclus\u00f5es a respeito do comportamento do time com a troca de treinadores. Tr\u00eas jogos j\u00e1 deixam ind\u00edcios fortes das diferen\u00e7as. A vit\u00f3ria por 2 a 0 contra o Am\u00e9rica-MG, nesta quarta-feira (29\/6)\u2026","rel":"","context":"Em &quot;Campeonato Brasileiro&quot;","block_context":{"text":"Campeonato Brasileiro","link":"https:\/\/blogdoprosperi.com\/?cat=355071"},"img":{"alt_text":"","src":"https:\/\/i0.wp.com\/blogdoprosperi.com\/wp-content\/uploads\/2016\/06\/d9c937d355fa4d4adec6a823ac7a130c.jpg?resize=350%2C200&ssl=1","width":350,"height":200,"srcset":"https:\/\/i0.wp.com\/blogdoprosperi.com\/wp-content\/uploads\/2016\/06\/d9c937d355fa4d4adec6a823ac7a130c.jpg?resize=350%2C200&ssl=1 1x, https:\/\/i0.wp.com\/blogdoprosperi.com\/wp-content\/uploads\/2016\/06\/d9c937d355fa4d4adec6a823ac7a130c.jpg?resize=525%2C300&ssl=1 1.5x"},"classes":[]},{"id":21731,"url":"https:\/\/blogdoprosperi.com\/?p=21731","url_meta":{"origin":12465,"position":1},"title":"Corinthians se esfarela com sa\u00edda de jogadores e Crist\u00f3v\u00e3o Borges sob amea\u00e7a","author":"Luiz Ant\u00f4nio Pr\u00f3speri","date":"18 de agosto de 2016","format":false,"excerpt":"Corinthians vai perder dois jogadores nesta janela de transfer\u00eancia no futebol europeu. Luciano, atacante em baixa no time, pediu para jogar no modesto Legan\u00e9s, da Espanha, e Bruno Henrique, volante titular, tem proposta de clubes italianos. Diante da sa\u00edda iminente dos dois e com o treinador Crist\u00f3v\u00e3o Borges sob amea\u00e7a\u2026","rel":"","context":"Em &quot;Campeonato Brasileiro&quot;","block_context":{"text":"Campeonato Brasileiro","link":"https:\/\/blogdoprosperi.com\/?cat=355071"},"img":{"alt_text":"","src":"https:\/\/i0.wp.com\/blogdoprosperi.com\/wp-content\/uploads\/2016\/08\/andrc3a92.jpg?resize=350%2C200&ssl=1","width":350,"height":200,"srcset":"https:\/\/i0.wp.com\/blogdoprosperi.com\/wp-content\/uploads\/2016\/08\/andrc3a92.jpg?resize=350%2C200&ssl=1 1x, https:\/\/i0.wp.com\/blogdoprosperi.com\/wp-content\/uploads\/2016\/08\/andrc3a92.jpg?resize=525%2C300&ssl=1 1.5x, https:\/\/i0.wp.com\/blogdoprosperi.com\/wp-content\/uploads\/2016\/08\/andrc3a92.jpg?resize=700%2C400&ssl=1 2x"},"classes":[]},{"id":13042,"url":"https:\/\/blogdoprosperi.com\/?p=13042","url_meta":{"origin":12465,"position":2},"title":"Corinthians vence na sua fortaleza, apesar de C\u00e1ssio","author":"Luiz Ant\u00f4nio Pr\u00f3speri","date":"26 de junho de 2016","format":false,"excerpt":"Corinthians no Itaquer\u00e3o \u00e9 sin\u00f4nimo de vit\u00f3rias. N\u00e3o foi diferente diante do Santa Cruz neste s\u00e1bado (25\/6). Venceu por 2 a 1, mesmo com um lance infeliz do goleiro C\u00e1ssio no segundo tempo. \u00c9 o primeiro triunfo do t\u00e9cnico Crist\u00f3v\u00e3o Borges, depois de estrear no comando do time com derrota\u2026","rel":"","context":"Em &quot;futebol&quot;","block_context":{"text":"futebol","link":"https:\/\/blogdoprosperi.com\/?cat=53870"},"img":{"alt_text":"","src":"https:\/\/i0.wp.com\/blogdoprosperi.com\/wp-content\/uploads\/2016\/06\/luciano_nao_marcava_pelo_timao_desde_agosto_do_fb.jpg?resize=350%2C200&ssl=1","width":350,"height":200,"srcset":"https:\/\/i0.wp.com\/blogdoprosperi.com\/wp-content\/uploads\/2016\/06\/luciano_nao_marcava_pelo_timao_desde_agosto_do_fb.jpg?resize=350%2C200&ssl=1 1x, https:\/\/i0.wp.com\/blogdoprosperi.com\/wp-content\/uploads\/2016\/06\/luciano_nao_marcava_pelo_timao_desde_agosto_do_fb.jpg?resize=525%2C300&ssl=1 1.5x"},"classes":[]},{"id":44190,"url":"https:\/\/blogdoprosperi.com\/?p=44190","url_meta":{"origin":12465,"position":3},"title":"Brasileir\u00e3o 2024: refor\u00e7os e retornos da Copa Am\u00e9rica mudam rumo do campeonato","author":"Luiz Ant\u00f4nio Pr\u00f3speri","date":"15 de julho de 2024","format":false,"excerpt":"Brasileir\u00e3o 2024 come\u00e7a para valer a partir de ter\u00e7a-feira (16\/7), mesmo j\u00e1 avan\u00e7ando na sua 17.a rodada. Enfim, entram em campo os refor\u00e7os liberados na abertura da janela de transfer\u00eancia, dia 10 \u00faltimo, e os que retornam da Copa Am\u00e9rica. Nos tablets, t\u00e9cnicos rabiscam estrat\u00e9gias diversas diante da proximidade das\u2026","rel":"","context":"Em &quot;futebol&quot;","block_context":{"text":"futebol","link":"https:\/\/blogdoprosperi.com\/?cat=53870"},"img":{"alt_text":"Felipe Anderson refor\u00e7a Palmeiras","src":"https:\/\/i0.wp.com\/blogdoprosperi.com\/wp-content\/uploads\/2024\/07\/53859015863_7ac9fcb0ba_h.jpg?fit=1200%2C675&ssl=1&resize=350%2C200","width":350,"height":200,"srcset":"https:\/\/i0.wp.com\/blogdoprosperi.com\/wp-content\/uploads\/2024\/07\/53859015863_7ac9fcb0ba_h.jpg?fit=1200%2C675&ssl=1&resize=350%2C200 1x, https:\/\/i0.wp.com\/blogdoprosperi.com\/wp-content\/uploads\/2024\/07\/53859015863_7ac9fcb0ba_h.jpg?fit=1200%2C675&ssl=1&resize=525%2C300 1.5x, https:\/\/i0.wp.com\/blogdoprosperi.com\/wp-content\/uploads\/2024\/07\/53859015863_7ac9fcb0ba_h.jpg?fit=1200%2C675&ssl=1&resize=700%2C400 2x, https:\/\/i0.wp.com\/blogdoprosperi.com\/wp-content\/uploads\/2024\/07\/53859015863_7ac9fcb0ba_h.jpg?fit=1200%2C675&ssl=1&resize=1050%2C600 3x"},"classes":[]},{"id":25986,"url":"https:\/\/blogdoprosperi.com\/?p=25986","url_meta":{"origin":12465,"position":4},"title":"An\u00e1lise da 26\u00aa rodada em 5 temas: Palmeiras e Flamengo n\u00e3o se suportam; Santos n\u00e3o desiste da briga; S\u00e3o Paulo e Corinthians se esfarelam","author":"Luiz Ant\u00f4nio Pr\u00f3speri","date":"18 de setembro de 2016","format":false,"excerpt":"Palmeiras e Flamengo se consolidam como postulantes ao t\u00edtulo e se distanciam, com a bola que t\u00eam jogado, de Atl\u00e9tico-MG e Santos, dois times com um pouco de soberba nos momentos decisivos. Corinthians, em queda livre, parece ter abandonado a peleja ao demitir Crist\u00f3v\u00e3o Borges ap\u00f3s derrota no cl\u00e1ssico no\u2026","rel":"","context":"Em &quot;Campeonato Brasileiro&quot;","block_context":{"text":"Campeonato Brasileiro","link":"https:\/\/blogdoprosperi.com\/?cat=355071"},"img":{"alt_text":"","src":"https:\/\/i0.wp.com\/blogdoprosperi.com\/wp-content\/uploads\/2016\/09\/pro7-15.jpg?resize=350%2C200","width":350,"height":200,"srcset":"https:\/\/i0.wp.com\/blogdoprosperi.com\/wp-content\/uploads\/2016\/09\/pro7-15.jpg?resize=350%2C200 1x, https:\/\/i0.wp.com\/blogdoprosperi.com\/wp-content\/uploads\/2016\/09\/pro7-15.jpg?resize=525%2C300 1.5x, https:\/\/i0.wp.com\/blogdoprosperi.com\/wp-content\/uploads\/2016\/09\/pro7-15.jpg?resize=700%2C400 2x, https:\/\/i0.wp.com\/blogdoprosperi.com\/wp-content\/uploads\/2016\/09\/pro7-15.jpg?resize=1050%2C600 3x, https:\/\/i0.wp.com\/blogdoprosperi.com\/wp-content\/uploads\/2016\/09\/pro7-15.jpg?resize=1400%2C800 4x"},"classes":[]},{"id":14520,"url":"https:\/\/blogdoprosperi.com\/?p=14520","url_meta":{"origin":12465,"position":5},"title":"Corinthians n\u00e3o d\u00e1 tr\u00e9gua ao Palmeiras","author":"Luiz Ant\u00f4nio Pr\u00f3speri","date":"3 de julho de 2016","format":false,"excerpt":"Crist\u00f3v\u00e3o Borges e o Corinthians precisavam de uma vit\u00f3ria pesada contra um grande para quebrar a desconfian\u00e7a deste in\u00edcio de casamento entre treinador e time. Por isso vencer o Flamengo, e bem, era necess\u00e1rio. Nesse sentido, a goleada por 4 a 0 foi perfeita, neste domingo (03\/7) no Itaquer\u00e3o. Algumas\u2026","rel":"","context":"Em &quot;Campeonato Brasileiro&quot;","block_context":{"text":"Campeonato Brasileiro","link":"https:\/\/blogdoprosperi.com\/?cat=355071"},"img":{"alt_text":"","src":"https:\/\/i0.wp.com\/blogdoprosperi.com\/wp-content\/uploads\/2016\/07\/pro4-8.jpg?resize=350%2C200","width":350,"height":200,"srcset":"https:\/\/i0.wp.com\/blogdoprosperi.com\/wp-content\/uploads\/2016\/07\/pro4-8.jpg?resize=350%2C200 1x, https:\/\/i0.wp.com\/blogdoprosperi.com\/wp-content\/uploads\/2016\/07\/pro4-8.jpg?resize=525%2C300 1.5x, https:\/\/i0.wp.com\/blogdoprosperi.com\/wp-content\/uploads\/2016\/07\/pro4-8.jpg?resize=700%2C400 2x, https:\/\/i0.wp.com\/blogdoprosperi.com\/wp-content\/uploads\/2016\/07\/pro4-8.jpg?resize=1050%2C600 3x, https:\/\/i0.wp.com\/blogdoprosperi.com\/wp-content\/uploads\/2016\/07\/pro4-8.jpg?resize=1400%2C800 4x"},"classes":[]}],"jetpack_featured_media_url":"","_links":{"self":[{"href":"https:\/\/blogdoprosperi.com\/index.php?rest_route=\/wp\/v2\/posts\/12465","targetHints":{"allow":["GET"]}}],"collection":[{"href":"https:\/\/blogdoprosperi.com\/index.php?rest_route=\/wp\/v2\/posts"}],"about":[{"href":"https:\/\/blogdoprosperi.com\/index.php?rest_route=\/wp\/v2\/types\/post"}],"author":[{"embeddable":true,"href":"https:\/\/blogdoprosperi.com\/index.php?rest_route=\/wp\/v2\/users\/102107496"}],"replies":[{"embeddable":true,"href":"https:\/\/blogdoprosperi.com\/index.php?rest_route=%2Fwp%2Fv2%2Fcomments&post=12465"}],"version-history":[{"count":25,"href":"https:\/\/blogdoprosperi.com\/index.php?rest_route=\/wp\/v2\/posts\/12465\/revisions"}],"predecessor-version":[{"id":12503,"href":"https:\/\/blogdoprosperi.com\/index.php?rest_route=\/wp\/v2\/posts\/12465\/revisions\/12503"}],"wp:attachment":[{"href":"https:\/\/blogdoprosperi.com\/index.php?rest_route=%2Fwp%2Fv2%2Fmedia&parent=12465"}],"wp:term":[{"taxonomy":"category","embeddable":true,"href":"https:\/\/blogdoprosperi.com\/index.php?rest_route=%2Fwp%2Fv2%2Fcategories&post=12465"},{"taxonomy":"post_tag","embeddable":true,"href":"https:\/\/blogdoprosperi.com\/index.php?rest_route=%2Fwp%2Fv2%2Ftags&post=12465"}],"curies":[{"name":"wp","href":"https:\/\/api.w.org\/{rel}","templated":true}]}}