{"id":12504,"date":"2016-06-23T20:33:56","date_gmt":"2016-06-23T20:33:56","guid":{"rendered":"http:\/\/blogdoprosperi.com\/?p=12504"},"modified":"2016-06-23T23:57:10","modified_gmt":"2016-06-23T23:57:10","slug":"entenda-como-barcelona-pode-levar-gabriel-jesus-e-roger-guedes","status":"publish","type":"post","link":"https:\/\/blogdoprosperi.com\/?p=12504","title":{"rendered":"Entenda como Barcelona pode levar Gabriel Jesus e Roger Guedes"},"content":{"rendered":"<p><span class=\"alignnone\"><img data-recalc-dims=\"1\" loading=\"lazy\" decoding=\"async\" data-attachment-id=\"12563\" data-permalink=\"https:\/\/blogdoprosperi.com\/?attachment_id=12563\" data-orig-file=\"https:\/\/i0.wp.com\/blogdoprosperi.com\/wp-content\/uploads\/2016\/06\/622_97b3e45c-5410-3cd9-b47f-396e513243f3.jpg?fit=622%2C350&amp;ssl=1\" data-orig-size=\"622,350\" data-comments-opened=\"1\" data-image-meta=\"{&quot;aperture&quot;:&quot;0&quot;,&quot;credit&quot;:&quot;&quot;,&quot;camera&quot;:&quot;&quot;,&quot;caption&quot;:&quot;&quot;,&quot;created_timestamp&quot;:&quot;0&quot;,&quot;copyright&quot;:&quot;&quot;,&quot;focal_length&quot;:&quot;0&quot;,&quot;iso&quot;:&quot;0&quot;,&quot;shutter_speed&quot;:&quot;0&quot;,&quot;title&quot;:&quot;&quot;,&quot;orientation&quot;:&quot;0&quot;}\" data-image-title=\"622_97b3e45c-5410-3cd9-b47f-396e513243f3\" data-image-description=\"\" data-image-caption=\"\" data-large-file=\"https:\/\/i0.wp.com\/blogdoprosperi.com\/wp-content\/uploads\/2016\/06\/622_97b3e45c-5410-3cd9-b47f-396e513243f3.jpg?fit=622%2C350&amp;ssl=1\" class=\"alignnone size-full wp-image-12563\" src=\"https:\/\/i0.wp.com\/blogdoprosperi.com\/wp-content\/uploads\/2016\/06\/622_97b3e45c-5410-3cd9-b47f-396e513243f3.jpg?resize=622%2C350&#038;ssl=1\" alt=\"622_97b3e45c-5410-3cd9-b47f-396e513243f3\" width=\"622\" height=\"350\" \/><\/span><\/p>\n<p>Raul Sanlleh\u00ed, executivo do alto escal\u00e3o do <a href=\"http:\/\/blogdoprosperi.com\/2016\/04\/13\/atletico-cerra-os-dentes-e-despacha-o-barcelona\/\">Barcelona<\/a>, est\u00e1 no Brasil h\u00e1 mais de uma semana para tratar da renova\u00e7\u00e3o do contrato de Neymar at\u00e9 2022. Nas horas vagas, entre uma reuni\u00e3o e outra com o estafe do craque em Santos, Sanlleh\u00ed acompanha de perto os passos de <a href=\"http:\/\/blogdoprosperi.com\/2016\/06\/22\/gabriel-jesus-leva-palmeiras-a-vencer-o-america-mg-e-encanta-emissario-do-barcelona\/\">Gabriel Jesus<\/a> e, depois do jogo do Palmeiras 2 x 0 Am\u00e9rica-MG, na ter\u00e7a\u2013feira, tamb\u00e9m est\u00e1 de olho em Roger Guedes.<\/p>\n<p>A prioridade do executivo do Bar\u00e7a \u00e9 n\u00e3o deixar <a href=\"http:\/\/blogdoprosperi.com\/2016\/05\/17\/neymar-desiste-de-concorrer-a-melhor-do-mundo-em-2016\/\">Neymar<\/a> escapar. Est\u00e1 na mesa do jogador no escrit\u00f3rio em Santos uma proposta de 15 milh\u00f5es de euros l\u00edquidos por ano. Este \u00e9 o limite do clube espanhol.<\/p>\n<p>De Paris, o PSG oferece 25 milh\u00f5es de euros a Neymar, 10 milh\u00f5es a mais que o Barcelona admite pagar. O craque balan\u00e7ou com essa oferta do clube franc\u00eas e, para n\u00e3o deixar a Espanha, gostaria que seu clube quitasse a pendenga com o Grupo DIS.<\/p>\n<p>Esse investidor exige, em processo na Justi\u00e7a da Espanha, o recebimento de 17 milh\u00f5es de euros como parte da transfer\u00eancia de Neymar do Santos ao Bar\u00e7a. O clube espanhol estaria disposto a acenar com 7 milh\u00f5es de euros ao DIS.<\/p>\n<p><span class=\"alignnone\"><img data-recalc-dims=\"1\" loading=\"lazy\" decoding=\"async\" data-attachment-id=\"12562\" data-permalink=\"https:\/\/blogdoprosperi.com\/?attachment_id=12562\" data-orig-file=\"https:\/\/i0.wp.com\/blogdoprosperi.com\/wp-content\/uploads\/2016\/06\/neymar1.jpg?fit=1920%2C1080&amp;ssl=1\" data-orig-size=\"1920,1080\" data-comments-opened=\"1\" data-image-meta=\"{&quot;aperture&quot;:&quot;0&quot;,&quot;credit&quot;:&quot;&quot;,&quot;camera&quot;:&quot;&quot;,&quot;caption&quot;:&quot;&quot;,&quot;created_timestamp&quot;:&quot;0&quot;,&quot;copyright&quot;:&quot;&quot;,&quot;focal_length&quot;:&quot;0&quot;,&quot;iso&quot;:&quot;0&quot;,&quot;shutter_speed&quot;:&quot;0&quot;,&quot;title&quot;:&quot;&quot;,&quot;orientation&quot;:&quot;0&quot;}\" data-image-title=\"Neymar\" data-image-description=\"\" data-image-caption=\"\" data-large-file=\"https:\/\/i0.wp.com\/blogdoprosperi.com\/wp-content\/uploads\/2016\/06\/neymar1.jpg?fit=940%2C529&amp;ssl=1\" class=\"alignnone size-full wp-image-12562\" src=\"https:\/\/i0.wp.com\/blogdoprosperi.com\/wp-content\/uploads\/2016\/06\/neymar1.jpg?resize=940%2C529&#038;ssl=1\" alt=\"Neymar\" width=\"940\" height=\"529\" \/><\/span><\/p>\n<p>Barcelona n\u00e3o admite perder Neymar, mas n\u00e3o concorda em pagar ao craque brasileiro mais que desembolsa por Messi &#8211; cerca de 22 milh\u00f5es de euros por ano. Messi ainda \u00e9 soberano no clube catal\u00e3o.<\/p>\n<p><strong>JESUS E GUEDES<\/strong><\/p>\n<p>Enquanto trata da renova\u00e7\u00e3o de Neymar, o Bar\u00e7a tamb\u00e9m atua em outra frente em busca de um atacante de envergadura para reserva do tridente de ouro &#8211; Messi, Su\u00e1rez e Neymar. O alvo era Nolito, 29 anos, do Celta de Vigo e titular da Espanha na <a href=\"http:\/\/blogdoprosperi.com\/2016\/06\/21\/espanha-cai-diante-da-croacia-e-vai-enfrentar-a-italia-na-eurocopa\/\">Euro-2016<\/a>, que est\u00e1 muito perto do Manchester City, a pedido de <a href=\"http:\/\/blogdoprosperi.com\/2016\/05\/21\/ate-mais-pep\/\">Pep Guardiola<\/a>.<\/p>\n<p>Sem Nolito, o Bar\u00e7a mira Gabriel Jesus. Raul Sanlleh\u00ed, acompanhado de Alexandre Mattos (diretor de futebol do <a href=\"http:\/\/blogdoprosperi.com\/2016\/06\/18\/palmeiras-assume-a-lideranca-e-apresenta-suas-credenciais\/\">Palmeiras<\/a>), esteve em um camarote do Allianz Parque no jogo Palmeiras 2 x 0 Am\u00e9rica-MG. E gostou do que viu.<\/p>\n<p>Gostou n\u00e3o s\u00f3 de Gabriel Jesus como tamb\u00e9m de Roger Guedes. De imediato, Sanlleh\u00ed quis saber tudo a respeito de Guedes &#8211; idade, de onde veio, detalhes dos direitos econ\u00f4micos . Ficou entusiasmad\u00edssimo com o jovem jogador palmeirense a quem chamou de &#8220;o louro&#8221;.<\/p>\n<p><span class=\"alignnone\"><img data-recalc-dims=\"1\" loading=\"lazy\" decoding=\"async\" data-attachment-id=\"12560\" data-permalink=\"https:\/\/blogdoprosperi.com\/?attachment_id=12560\" data-orig-file=\"https:\/\/i0.wp.com\/blogdoprosperi.com\/wp-content\/uploads\/2016\/06\/amp-palmeiras.jpg?fit=460%2C305&amp;ssl=1\" data-orig-size=\"460,305\" data-comments-opened=\"1\" data-image-meta=\"{&quot;aperture&quot;:&quot;0&quot;,&quot;credit&quot;:&quot;&quot;,&quot;camera&quot;:&quot;&quot;,&quot;caption&quot;:&quot;&quot;,&quot;created_timestamp&quot;:&quot;0&quot;,&quot;copyright&quot;:&quot;&quot;,&quot;focal_length&quot;:&quot;0&quot;,&quot;iso&quot;:&quot;0&quot;,&quot;shutter_speed&quot;:&quot;0&quot;,&quot;title&quot;:&quot;&quot;,&quot;orientation&quot;:&quot;0&quot;}\" data-image-title=\"amp-palmeiras-\" data-image-description=\"\" data-image-caption=\"\" data-large-file=\"https:\/\/i0.wp.com\/blogdoprosperi.com\/wp-content\/uploads\/2016\/06\/amp-palmeiras.jpg?fit=460%2C305&amp;ssl=1\" class=\"alignnone size-full wp-image-12560\" src=\"https:\/\/i0.wp.com\/blogdoprosperi.com\/wp-content\/uploads\/2016\/06\/amp-palmeiras.jpg?resize=460%2C305&#038;ssl=1\" alt=\"amp-palmeiras-\" width=\"460\" height=\"305\" \/><\/span><\/p>\n<p>O Palmeiras garante que n\u00e3o recebeu nenhuma oferta por Jesus e muito menos Roger Guedes, mas n\u00e3o recusa uma negocia\u00e7\u00e3o com o Bar\u00e7a.<\/p>\n<p>Guedes chegou do Crici\u00fama ao Palmeiras por indica\u00e7\u00e3o de Cuquinha, irm\u00e3o e auxiliar de Cuca. Por R$ 2,5 milh\u00f5es, o clube paulista comprou 25% dos direitos de Guedes. E vai desembolsar R$ 5 milh\u00f5es para adquirir mais 25% do jogador. Ficaria com 50%. Os outros 50% continuariam com o Crici\u00fama.\u00a0De Gabriel Jesus, o Palmeiras tem apenas 30%.<\/p>\n<p><span class=\"alignnone\"><img data-recalc-dims=\"1\" loading=\"lazy\" decoding=\"async\" data-attachment-id=\"12561\" data-permalink=\"https:\/\/blogdoprosperi.com\/?attachment_id=12561\" data-orig-file=\"https:\/\/i0.wp.com\/blogdoprosperi.com\/wp-content\/uploads\/2016\/06\/clhtlugwaaa19kq.jpg?fit=1200%2C732&amp;ssl=1\" data-orig-size=\"1200,732\" data-comments-opened=\"1\" data-image-meta=\"{&quot;aperture&quot;:&quot;0&quot;,&quot;credit&quot;:&quot;&quot;,&quot;camera&quot;:&quot;&quot;,&quot;caption&quot;:&quot;&quot;,&quot;created_timestamp&quot;:&quot;0&quot;,&quot;copyright&quot;:&quot;&quot;,&quot;focal_length&quot;:&quot;0&quot;,&quot;iso&quot;:&quot;0&quot;,&quot;shutter_speed&quot;:&quot;0&quot;,&quot;title&quot;:&quot;&quot;,&quot;orientation&quot;:&quot;0&quot;}\" data-image-title=\"ClhTlUgWAAA19kQ\" data-image-description=\"\" data-image-caption=\"\" data-large-file=\"https:\/\/i0.wp.com\/blogdoprosperi.com\/wp-content\/uploads\/2016\/06\/clhtlugwaaa19kq.jpg?fit=940%2C573&amp;ssl=1\" class=\"alignnone  wp-image-12561 alignleft\" src=\"https:\/\/i0.wp.com\/blogdoprosperi.com\/wp-content\/uploads\/2016\/06\/clhtlugwaaa19kq.jpg?resize=421%2C257&#038;ssl=1\" alt=\"ClhTlUgWAAA19kQ\" width=\"421\" height=\"257\" \/><\/span>Sanlleh\u00ed (<em>na foto de jaqueta azul no camarote do Allianz<\/em>) j\u00e1 tem essas informa\u00e7\u00f5es e repassou ao presidente do Barcelona.<\/p>\n<p>No clube espanhol a preocupa\u00e7\u00e3o \u00e9 com a idade dos dois jogadores do Palmeiras. Dirigentes t\u00eam d\u00favida se Jesus, com 19 anos, j\u00e1 est\u00e1 pronto para encarar grandes jogos na Europa.<\/p>\n<p>Quanto a Roger Guedes, o receio \u00e9 n\u00e3o dar o bote agora e deixar a joia parar nas m\u00e3os de concorrentes de peso da Inglaterra e Alemanha.<\/p>\n<p>Por isso, o sinal de alerta est\u00e1 aceso no Palestra It\u00e1lia. Cresce o olho dos espanh\u00f3is em Jesus e Guedes.<\/p>\n","protected":false},"excerpt":{"rendered":"<p>Raul Sanlleh\u00ed, executivo do alto escal\u00e3o do Barcelona, est\u00e1 no Brasil h\u00e1 mais de uma semana para tratar [&hellip;]<\/p>\n","protected":false},"author":102107496,"featured_media":0,"comment_status":"open","ping_status":"open","sticky":false,"template":"","format":"standard","meta":{"_coblocks_attr":"","_coblocks_dimensions":"","_coblocks_responsive_height":"","_coblocks_accordion_ie_support":"","wpai_generated_summary":"","_jetpack_newsletter_access":"","_jetpack_dont_email_post_to_subs":false,"_jetpack_newsletter_tier_id":0,"_jetpack_memberships_contains_paywalled_content":false,"_wpcom_ai_launchpad_first_post":false,"_jetpack_feature_clip_id":0,"_jetpack_memberships_contains_paid_content":false,"footnotes":"","jetpack_publicize_message":"","jetpack_publicize_feature_enabled":true,"jetpack_social_post_already_shared":false,"jetpack_social_options":{"image_generator_settings":{"template":"highway","default_image_id":0,"font":"","enabled":false},"version":2},"jetpack_post_was_ever_published":false},"categories":[53870],"tags":[471113831,35188332,789560560,232826435,4112146,9115325,8328841,1164251,24478803,131440686],"class_list":["post-12504","post","type-post","status-publish","format-standard","hentry","category-futebol","tag-cuca-palmeiras","tag-fcbarcleona","tag-futebol","tag-gabriel-jesus","tag-neymar","tag-nolito","tag-palmeiras-clube","tag-pep-guardiola","tag-raul-sanllehi","tag-roger-guedes"],"yoast_head":"<!-- This site is optimized with the Yoast SEO plugin v28.4 - https:\/\/yoast.com\/product\/yoast-seo-wordpress\/ -->\n<title>Entenda como Barcelona pode levar Gabriel Jesus e Roger Guedes - PR\u00d3SPERI NEWS<\/title>\n<meta name=\"robots\" content=\"index, follow, max-snippet:-1, max-image-preview:large, max-video-preview:-1\" \/>\n<link rel=\"canonical\" href=\"https:\/\/blogdoprosperi.com\/?p=12504\" \/>\n<meta property=\"og:locale\" content=\"pt_BR\" \/>\n<meta property=\"og:type\" content=\"article\" \/>\n<meta property=\"og:title\" content=\"Entenda como Barcelona pode levar Gabriel Jesus e Roger Guedes - PR\u00d3SPERI NEWS\" \/>\n<meta property=\"og:description\" content=\"Raul Sanlleh\u00ed, executivo do alto escal\u00e3o do Barcelona, est\u00e1 no Brasil h\u00e1 mais de uma semana para tratar [&hellip;]\" \/>\n<meta property=\"og:url\" content=\"https:\/\/blogdoprosperi.com\/?p=12504\" \/>\n<meta property=\"og:site_name\" content=\"PR\u00d3SPERI NEWS\" \/>\n<meta property=\"article:publisher\" content=\"Luiz Pr\u00f3speri\" \/>\n<meta property=\"article:author\" content=\"Luiz Pr\u00f3speri\" \/>\n<meta property=\"article:published_time\" content=\"2016-06-23T20:33:56+00:00\" \/>\n<meta property=\"article:modified_time\" content=\"2016-06-23T23:57:10+00:00\" \/>\n<meta property=\"og:image\" content=\"https:\/\/blogdoprosperi.com\/wp-content\/uploads\/2016\/06\/622_97b3e45c-5410-3cd9-b47f-396e513243f3.jpg\" \/>\n<meta name=\"author\" content=\"Luiz Ant\u00f4nio Pr\u00f3speri\" \/>\n<meta name=\"twitter:card\" content=\"summary_large_image\" \/>\n<meta name=\"twitter:creator\" content=\"@Luizprosperi\" \/>\n<meta name=\"twitter:site\" content=\"@Luizprosperi\" \/>\n<meta name=\"twitter:label1\" content=\"Escrito por\" \/>\n\t<meta name=\"twitter:data1\" content=\"Luiz Ant\u00f4nio Pr\u00f3speri\" \/>\n\t<meta name=\"twitter:label2\" content=\"Est. tempo de leitura\" \/>\n\t<meta name=\"twitter:data2\" content=\"3 minutos\" \/>\n<script type=\"application\/ld+json\" class=\"yoast-schema-graph\">{\"@context\":\"https:\\\/\\\/schema.org\",\"@graph\":[{\"@type\":\"Article\",\"@id\":\"https:\\\/\\\/blogdoprosperi.com\\\/?p=12504#article\",\"isPartOf\":{\"@id\":\"https:\\\/\\\/blogdoprosperi.com\\\/?p=12504\"},\"author\":{\"name\":\"Luiz Ant\u00f4nio Pr\u00f3speri\",\"@id\":\"https:\\\/\\\/blogdoprosperi.com\\\/#\\\/schema\\\/person\\\/38100755ce3601861ee4fab9b5aa78e9\"},\"headline\":\"Entenda como Barcelona pode levar Gabriel Jesus e Roger Guedes\",\"datePublished\":\"2016-06-23T20:33:56+00:00\",\"dateModified\":\"2016-06-23T23:57:10+00:00\",\"mainEntityOfPage\":{\"@id\":\"https:\\\/\\\/blogdoprosperi.com\\\/?p=12504\"},\"wordCount\":586,\"commentCount\":5,\"publisher\":{\"@id\":\"https:\\\/\\\/blogdoprosperi.com\\\/#\\\/schema\\\/person\\\/38100755ce3601861ee4fab9b5aa78e9\"},\"image\":{\"@id\":\"https:\\\/\\\/blogdoprosperi.com\\\/?p=12504#primaryimage\"},\"thumbnailUrl\":\"https:\\\/\\\/blogdoprosperi.com\\\/wp-content\\\/uploads\\\/2016\\\/06\\\/622_97b3e45c-5410-3cd9-b47f-396e513243f3.jpg\",\"keywords\":[\"Cuca Palmeiras\",\"FCBarcleona\",\"futebol\",\"Gabriel Jesus\",\"Neymar\",\"Nolito\",\"Palmeiras Clube\",\"Pep Guardiola\",\"Raul Sanlleh\u00ed\",\"Roger Guedes\"],\"articleSection\":[\"futebol\"],\"inLanguage\":\"pt-BR\",\"potentialAction\":[{\"@type\":\"CommentAction\",\"name\":\"Comment\",\"target\":[\"https:\\\/\\\/blogdoprosperi.com\\\/?p=12504#respond\"]}]},{\"@type\":\"WebPage\",\"@id\":\"https:\\\/\\\/blogdoprosperi.com\\\/?p=12504\",\"url\":\"https:\\\/\\\/blogdoprosperi.com\\\/?p=12504\",\"name\":\"Entenda como Barcelona pode levar Gabriel Jesus e Roger Guedes - PR\u00d3SPERI NEWS\",\"isPartOf\":{\"@id\":\"https:\\\/\\\/blogdoprosperi.com\\\/#website\"},\"primaryImageOfPage\":{\"@id\":\"https:\\\/\\\/blogdoprosperi.com\\\/?p=12504#primaryimage\"},\"image\":{\"@id\":\"https:\\\/\\\/blogdoprosperi.com\\\/?p=12504#primaryimage\"},\"thumbnailUrl\":\"https:\\\/\\\/blogdoprosperi.com\\\/wp-content\\\/uploads\\\/2016\\\/06\\\/622_97b3e45c-5410-3cd9-b47f-396e513243f3.jpg\",\"datePublished\":\"2016-06-23T20:33:56+00:00\",\"dateModified\":\"2016-06-23T23:57:10+00:00\",\"breadcrumb\":{\"@id\":\"https:\\\/\\\/blogdoprosperi.com\\\/?p=12504#breadcrumb\"},\"inLanguage\":\"pt-BR\",\"potentialAction\":[{\"@type\":\"ReadAction\",\"target\":[\"https:\\\/\\\/blogdoprosperi.com\\\/?p=12504\"]}]},{\"@type\":\"ImageObject\",\"inLanguage\":\"pt-BR\",\"@id\":\"https:\\\/\\\/blogdoprosperi.com\\\/?p=12504#primaryimage\",\"url\":\"https:\\\/\\\/i0.wp.com\\\/blogdoprosperi.com\\\/wp-content\\\/uploads\\\/2016\\\/06\\\/622_97b3e45c-5410-3cd9-b47f-396e513243f3.jpg?fit=622%2C350&ssl=1\",\"contentUrl\":\"https:\\\/\\\/i0.wp.com\\\/blogdoprosperi.com\\\/wp-content\\\/uploads\\\/2016\\\/06\\\/622_97b3e45c-5410-3cd9-b47f-396e513243f3.jpg?fit=622%2C350&ssl=1\",\"width\":622,\"height\":350},{\"@type\":\"BreadcrumbList\",\"@id\":\"https:\\\/\\\/blogdoprosperi.com\\\/?p=12504#breadcrumb\",\"itemListElement\":[{\"@type\":\"ListItem\",\"position\":1,\"name\":\"In\u00edcio\",\"item\":\"https:\\\/\\\/blogdoprosperi.com\\\/\"},{\"@type\":\"ListItem\",\"position\":2,\"name\":\"Entenda como Barcelona pode levar Gabriel Jesus e Roger Guedes\"}]},{\"@type\":\"WebSite\",\"@id\":\"https:\\\/\\\/blogdoprosperi.com\\\/#website\",\"url\":\"https:\\\/\\\/blogdoprosperi.com\\\/\",\"name\":\"PR\u00d3SPERI NEWS\",\"description\":\"TUDO \u00c9  FUTEBOL\",\"publisher\":{\"@id\":\"https:\\\/\\\/blogdoprosperi.com\\\/#\\\/schema\\\/person\\\/38100755ce3601861ee4fab9b5aa78e9\"},\"alternateName\":\"blogdoprosperi.com\",\"potentialAction\":[{\"@type\":\"SearchAction\",\"target\":{\"@type\":\"EntryPoint\",\"urlTemplate\":\"https:\\\/\\\/blogdoprosperi.com\\\/?s={search_term_string}\"},\"query-input\":{\"@type\":\"PropertyValueSpecification\",\"valueRequired\":true,\"valueName\":\"search_term_string\"}}],\"inLanguage\":\"pt-BR\"},{\"@type\":[\"Person\",\"Organization\"],\"@id\":\"https:\\\/\\\/blogdoprosperi.com\\\/#\\\/schema\\\/person\\\/38100755ce3601861ee4fab9b5aa78e9\",\"name\":\"Luiz Ant\u00f4nio Pr\u00f3speri\",\"pronouns\":\"ele\",\"image\":{\"@type\":\"ImageObject\",\"inLanguage\":\"pt-BR\",\"@id\":\"https:\\\/\\\/i0.wp.com\\\/blogdoprosperi.com\\\/wp-content\\\/uploads\\\/2026\\\/05\\\/cropped-8059e613-6002-42fa-961e-8e275f575d71-2-5.jpg?fit=1360%2C931&ssl=1\",\"url\":\"https:\\\/\\\/i0.wp.com\\\/blogdoprosperi.com\\\/wp-content\\\/uploads\\\/2026\\\/05\\\/cropped-8059e613-6002-42fa-961e-8e275f575d71-2-5.jpg?fit=1360%2C931&ssl=1\",\"contentUrl\":\"https:\\\/\\\/i0.wp.com\\\/blogdoprosperi.com\\\/wp-content\\\/uploads\\\/2026\\\/05\\\/cropped-8059e613-6002-42fa-961e-8e275f575d71-2-5.jpg?fit=1360%2C931&ssl=1\",\"width\":1360,\"height\":931,\"caption\":\"Luiz Ant\u00f4nio Pr\u00f3speri\"},\"logo\":{\"@id\":\"https:\\\/\\\/i0.wp.com\\\/blogdoprosperi.com\\\/wp-content\\\/uploads\\\/2026\\\/05\\\/cropped-8059e613-6002-42fa-961e-8e275f575d71-2-5.jpg?fit=1360%2C931&ssl=1\"},\"description\":\"Jornalista com carreira dedicada ao esporte. Cobriu 9 Copas do Mundo in loco, 1990 na It\u00e1lia, 1994 nos EUA, 1998 na Fran\u00e7a, 2002 na Coreia do Sul e Jap\u00e3o, 2006 na Alemanha, 2010 na \u00c1frica do Sul, 2014 no Brasil, 2018 na R\u00fassia e 2022 no Qatar. Eurocopas, 1992 na Su\u00e9cia e 1996 na Inglaterra. Copa das Confedera\u00e7\u00f5es de 2005 na Alemanha e 2009 na \u00c1frica do Sul. Rep\u00f3rter e Editor, trabalhou no Jornal da Tarde e Estad\u00e3o, de 1984 a fevereiro de 2016. Colunista, blogueiro. E comentarista de futebol na R\u00e1dio Estad\u00e3o, de 2013 a fevereiro de 2016. Jornalista respons\u00e1vel do \\\"Pr\u00f3speri News\\\" (blogdoprosperi.com).\",\"sameAs\":[\"http:\\\/\\\/blogdoprosperi.com\",\"Luiz Pr\u00f3speri\",\"@luiz_prosperi\",\"https:\\\/\\\/x.com\\\/Luizprosperi\",\"@prosperinacopa\",\"luiz.prosperi@icloud.com\"],\"url\":\"https:\\\/\\\/blogdoprosperi.com\\\/?author=102107496\"}]}<\/script>\n<!-- \/ Yoast SEO plugin. -->","yoast_head_json":{"title":"Entenda como Barcelona pode levar Gabriel Jesus e Roger Guedes - PR\u00d3SPERI NEWS","robots":{"index":"index","follow":"follow","max-snippet":"max-snippet:-1","max-image-preview":"max-image-preview:large","max-video-preview":"max-video-preview:-1"},"canonical":"https:\/\/blogdoprosperi.com\/?p=12504","og_locale":"pt_BR","og_type":"article","og_title":"Entenda como Barcelona pode levar Gabriel Jesus e Roger Guedes - PR\u00d3SPERI NEWS","og_description":"Raul Sanlleh\u00ed, executivo do alto escal\u00e3o do Barcelona, est\u00e1 no Brasil h\u00e1 mais de uma semana para tratar [&hellip;]","og_url":"https:\/\/blogdoprosperi.com\/?p=12504","og_site_name":"PR\u00d3SPERI NEWS","article_publisher":"Luiz Pr\u00f3speri","article_author":"Luiz Pr\u00f3speri","article_published_time":"2016-06-23T20:33:56+00:00","article_modified_time":"2016-06-23T23:57:10+00:00","og_image":[{"url":"https:\/\/blogdoprosperi.com\/wp-content\/uploads\/2016\/06\/622_97b3e45c-5410-3cd9-b47f-396e513243f3.jpg","type":"","width":"","height":""}],"author":"Luiz Ant\u00f4nio Pr\u00f3speri","twitter_card":"summary_large_image","twitter_creator":"@Luizprosperi","twitter_site":"@Luizprosperi","twitter_misc":{"Escrito por":"Luiz Ant\u00f4nio Pr\u00f3speri","Est. tempo de leitura":"3 minutos"},"schema":{"@context":"https:\/\/schema.org","@graph":[{"@type":"Article","@id":"https:\/\/blogdoprosperi.com\/?p=12504#article","isPartOf":{"@id":"https:\/\/blogdoprosperi.com\/?p=12504"},"author":{"name":"Luiz Ant\u00f4nio Pr\u00f3speri","@id":"https:\/\/blogdoprosperi.com\/#\/schema\/person\/38100755ce3601861ee4fab9b5aa78e9"},"headline":"Entenda como Barcelona pode levar Gabriel Jesus e Roger Guedes","datePublished":"2016-06-23T20:33:56+00:00","dateModified":"2016-06-23T23:57:10+00:00","mainEntityOfPage":{"@id":"https:\/\/blogdoprosperi.com\/?p=12504"},"wordCount":586,"commentCount":5,"publisher":{"@id":"https:\/\/blogdoprosperi.com\/#\/schema\/person\/38100755ce3601861ee4fab9b5aa78e9"},"image":{"@id":"https:\/\/blogdoprosperi.com\/?p=12504#primaryimage"},"thumbnailUrl":"https:\/\/blogdoprosperi.com\/wp-content\/uploads\/2016\/06\/622_97b3e45c-5410-3cd9-b47f-396e513243f3.jpg","keywords":["Cuca Palmeiras","FCBarcleona","futebol","Gabriel Jesus","Neymar","Nolito","Palmeiras Clube","Pep Guardiola","Raul Sanlleh\u00ed","Roger Guedes"],"articleSection":["futebol"],"inLanguage":"pt-BR","potentialAction":[{"@type":"CommentAction","name":"Comment","target":["https:\/\/blogdoprosperi.com\/?p=12504#respond"]}]},{"@type":"WebPage","@id":"https:\/\/blogdoprosperi.com\/?p=12504","url":"https:\/\/blogdoprosperi.com\/?p=12504","name":"Entenda como Barcelona pode levar Gabriel Jesus e Roger Guedes - PR\u00d3SPERI NEWS","isPartOf":{"@id":"https:\/\/blogdoprosperi.com\/#website"},"primaryImageOfPage":{"@id":"https:\/\/blogdoprosperi.com\/?p=12504#primaryimage"},"image":{"@id":"https:\/\/blogdoprosperi.com\/?p=12504#primaryimage"},"thumbnailUrl":"https:\/\/blogdoprosperi.com\/wp-content\/uploads\/2016\/06\/622_97b3e45c-5410-3cd9-b47f-396e513243f3.jpg","datePublished":"2016-06-23T20:33:56+00:00","dateModified":"2016-06-23T23:57:10+00:00","breadcrumb":{"@id":"https:\/\/blogdoprosperi.com\/?p=12504#breadcrumb"},"inLanguage":"pt-BR","potentialAction":[{"@type":"ReadAction","target":["https:\/\/blogdoprosperi.com\/?p=12504"]}]},{"@type":"ImageObject","inLanguage":"pt-BR","@id":"https:\/\/blogdoprosperi.com\/?p=12504#primaryimage","url":"https:\/\/i0.wp.com\/blogdoprosperi.com\/wp-content\/uploads\/2016\/06\/622_97b3e45c-5410-3cd9-b47f-396e513243f3.jpg?fit=622%2C350&ssl=1","contentUrl":"https:\/\/i0.wp.com\/blogdoprosperi.com\/wp-content\/uploads\/2016\/06\/622_97b3e45c-5410-3cd9-b47f-396e513243f3.jpg?fit=622%2C350&ssl=1","width":622,"height":350},{"@type":"BreadcrumbList","@id":"https:\/\/blogdoprosperi.com\/?p=12504#breadcrumb","itemListElement":[{"@type":"ListItem","position":1,"name":"In\u00edcio","item":"https:\/\/blogdoprosperi.com\/"},{"@type":"ListItem","position":2,"name":"Entenda como Barcelona pode levar Gabriel Jesus e Roger Guedes"}]},{"@type":"WebSite","@id":"https:\/\/blogdoprosperi.com\/#website","url":"https:\/\/blogdoprosperi.com\/","name":"PR\u00d3SPERI NEWS","description":"TUDO \u00c9  FUTEBOL","publisher":{"@id":"https:\/\/blogdoprosperi.com\/#\/schema\/person\/38100755ce3601861ee4fab9b5aa78e9"},"alternateName":"blogdoprosperi.com","potentialAction":[{"@type":"SearchAction","target":{"@type":"EntryPoint","urlTemplate":"https:\/\/blogdoprosperi.com\/?s={search_term_string}"},"query-input":{"@type":"PropertyValueSpecification","valueRequired":true,"valueName":"search_term_string"}}],"inLanguage":"pt-BR"},{"@type":["Person","Organization"],"@id":"https:\/\/blogdoprosperi.com\/#\/schema\/person\/38100755ce3601861ee4fab9b5aa78e9","name":"Luiz Ant\u00f4nio Pr\u00f3speri","pronouns":"ele","image":{"@type":"ImageObject","inLanguage":"pt-BR","@id":"https:\/\/i0.wp.com\/blogdoprosperi.com\/wp-content\/uploads\/2026\/05\/cropped-8059e613-6002-42fa-961e-8e275f575d71-2-5.jpg?fit=1360%2C931&ssl=1","url":"https:\/\/i0.wp.com\/blogdoprosperi.com\/wp-content\/uploads\/2026\/05\/cropped-8059e613-6002-42fa-961e-8e275f575d71-2-5.jpg?fit=1360%2C931&ssl=1","contentUrl":"https:\/\/i0.wp.com\/blogdoprosperi.com\/wp-content\/uploads\/2026\/05\/cropped-8059e613-6002-42fa-961e-8e275f575d71-2-5.jpg?fit=1360%2C931&ssl=1","width":1360,"height":931,"caption":"Luiz Ant\u00f4nio Pr\u00f3speri"},"logo":{"@id":"https:\/\/i0.wp.com\/blogdoprosperi.com\/wp-content\/uploads\/2026\/05\/cropped-8059e613-6002-42fa-961e-8e275f575d71-2-5.jpg?fit=1360%2C931&ssl=1"},"description":"Jornalista com carreira dedicada ao esporte. Cobriu 9 Copas do Mundo in loco, 1990 na It\u00e1lia, 1994 nos EUA, 1998 na Fran\u00e7a, 2002 na Coreia do Sul e Jap\u00e3o, 2006 na Alemanha, 2010 na \u00c1frica do Sul, 2014 no Brasil, 2018 na R\u00fassia e 2022 no Qatar. Eurocopas, 1992 na Su\u00e9cia e 1996 na Inglaterra. Copa das Confedera\u00e7\u00f5es de 2005 na Alemanha e 2009 na \u00c1frica do Sul. Rep\u00f3rter e Editor, trabalhou no Jornal da Tarde e Estad\u00e3o, de 1984 a fevereiro de 2016. Colunista, blogueiro. E comentarista de futebol na R\u00e1dio Estad\u00e3o, de 2013 a fevereiro de 2016. Jornalista respons\u00e1vel do \"Pr\u00f3speri News\" (blogdoprosperi.com).","sameAs":["http:\/\/blogdoprosperi.com","Luiz Pr\u00f3speri","@luiz_prosperi","https:\/\/x.com\/Luizprosperi","@prosperinacopa","luiz.prosperi@icloud.com"],"url":"https:\/\/blogdoprosperi.com\/?author=102107496"}]}},"jetpack_publicize_connections":[],"jetpack_likes_enabled":false,"jetpack_sharing_enabled":true,"jetpack_shortlink":"https:\/\/wp.me\/p7jvdk-3fG","jetpack-related-posts":[{"id":12724,"url":"https:\/\/blogdoprosperi.com\/?p=12724","url_meta":{"origin":12504,"position":0},"title":"Gabriel Jesus \u00e9 o &#8216;novo Neymar&#8217; na briga entre Barcelona e Real Madrid","author":"Luiz Ant\u00f4nio Pr\u00f3speri","date":"24 de junho de 2016","format":false,"excerpt":"Barcelona vai ter de apertar o passo para n\u00e3o perder Gabriel Jesus. Como \u00e9 regra no futebol espanhol, onde vai o Bar\u00e7a, o Real vem atr\u00e1s ou onde vai o Real, o Bar\u00e7a vem atr\u00e1s. Os dois clubes devem travar um duro duelo por Jesus. A hist\u00f3ria \u00e9 bem parecida\u2026","rel":"","context":"Em &quot;futebol&quot;","block_context":{"text":"futebol","link":"https:\/\/blogdoprosperi.com\/?cat=53870"},"img":{"alt_text":"","src":"https:\/\/i0.wp.com\/blogdoprosperi.com\/wp-content\/uploads\/2016\/06\/neymar-barcelona.png?resize=350%2C200&ssl=1","width":350,"height":200,"srcset":"https:\/\/i0.wp.com\/blogdoprosperi.com\/wp-content\/uploads\/2016\/06\/neymar-barcelona.png?resize=350%2C200&ssl=1 1x, https:\/\/i0.wp.com\/blogdoprosperi.com\/wp-content\/uploads\/2016\/06\/neymar-barcelona.png?resize=525%2C300&ssl=1 1.5x, https:\/\/i0.wp.com\/blogdoprosperi.com\/wp-content\/uploads\/2016\/06\/neymar-barcelona.png?resize=700%2C400&ssl=1 2x"},"classes":[]},{"id":12237,"url":"https:\/\/blogdoprosperi.com\/?p=12237","url_meta":{"origin":12504,"position":1},"title":"Gabriel Jesus leva Palmeiras a vencer o Am\u00e9rica-MG e encanta emiss\u00e1rio do Barcelona","author":"Luiz Ant\u00f4nio Pr\u00f3speri","date":"22 de junho de 2016","format":false,"excerpt":"Barcelona e Palmeiras n\u00e3o escondem mais a negocia\u00e7\u00e3o de Gabriel Jesus. O clube espanhol quer o craque do Palmeiras a qualquer pre\u00e7o. N\u00e3o por acaso Raul Sanlleh\u00ed, homem das compras do Bar\u00e7a, se deixou mostrar nos camarotes do Allianz Parque nesta noite de ter\u00e7a-feira (21\/6) durante o jogo em que\u2026","rel":"","context":"Em &quot;Campeonato Brasileiro&quot;","block_context":{"text":"Campeonato Brasileiro","link":"https:\/\/blogdoprosperi.com\/?cat=355071"},"img":{"alt_text":"","src":"https:\/\/i0.wp.com\/blogdoprosperi.com\/wp-content\/uploads\/2016\/06\/roger-guedes-domina-a-bola-durante-a-partida-entre-palmeiras-e-america-mg-1466560880372_615x300-1.jpg?resize=350%2C200&ssl=1","width":350,"height":200,"srcset":"https:\/\/i0.wp.com\/blogdoprosperi.com\/wp-content\/uploads\/2016\/06\/roger-guedes-domina-a-bola-durante-a-partida-entre-palmeiras-e-america-mg-1466560880372_615x300-1.jpg?resize=350%2C200&ssl=1 1x, https:\/\/i0.wp.com\/blogdoprosperi.com\/wp-content\/uploads\/2016\/06\/roger-guedes-domina-a-bola-durante-a-partida-entre-palmeiras-e-america-mg-1466560880372_615x300-1.jpg?resize=525%2C300&ssl=1 1.5x"},"classes":[]},{"id":34723,"url":"https:\/\/blogdoprosperi.com\/?p=34723","url_meta":{"origin":12504,"position":2},"title":"Conhe\u00e7a Vitinho, novo lan\u00e7amento da base do Palmeiras","author":"Luiz Ant\u00f4nio Pr\u00f3speri","date":"24 de janeiro de 2017","format":false,"excerpt":"Alexandre Mattos estava empolgado na noite de 21 de junho de 2016 no Allianz Parque. Ao lado de Ra\u00fal Sanlleh\u00ed, diretor do Barcelona, em um dos camarotes da arena, o executivo do Palmeiras deitava fala\u00e7\u00e3o e elogios aos jogadores do clube paulista. L\u00e1 embaixo, no campo, Gabriel Jesus, com extrema\u2026","rel":"","context":"Em &quot;Campeonato Brasileiro&quot;","block_context":{"text":"Campeonato Brasileiro","link":"https:\/\/blogdoprosperi.com\/?cat=355071"},"img":{"alt_text":"","src":"https:\/\/i0.wp.com\/blogdoprosperi.com\/wp-content\/uploads\/2017\/01\/vitinho-chapecoense-palmeiras-amistoso-21012017_hzv2jt2bgr4s1j4zfk52hid63-1.jpg?resize=350%2C200&ssl=1","width":350,"height":200,"srcset":"https:\/\/i0.wp.com\/blogdoprosperi.com\/wp-content\/uploads\/2017\/01\/vitinho-chapecoense-palmeiras-amistoso-21012017_hzv2jt2bgr4s1j4zfk52hid63-1.jpg?resize=350%2C200&ssl=1 1x, https:\/\/i0.wp.com\/blogdoprosperi.com\/wp-content\/uploads\/2017\/01\/vitinho-chapecoense-palmeiras-amistoso-21012017_hzv2jt2bgr4s1j4zfk52hid63-1.jpg?resize=525%2C300&ssl=1 1.5x"},"classes":[]},{"id":13578,"url":"https:\/\/blogdoprosperi.com\/?p=13578","url_meta":{"origin":12504,"position":3},"title":"Real Madrid, Barcelona e Inter de Mil\u00e3o disputam Gabriel Jesus","author":"Luiz Ant\u00f4nio Pr\u00f3speri","date":"28 de junho de 2016","format":false,"excerpt":"Veja as estrat\u00e9gias dos tr\u00eas gigantes europeus para tirar o garoto do Palmeiras nesta janela de transfer\u00eancias e a rea\u00e7\u00e3o do clube paulista Gabriel Jesus n\u00e3o deve escapar de uma transfer\u00eancia ao futebol europeu nesta janela de transfer\u00eancias. O interesse dos gigantes come\u00e7ou com a Juventus, chegou forte no Barcelona,\u2026","rel":"","context":"Em &quot;futebol&quot;","block_context":{"text":"futebol","link":"https:\/\/blogdoprosperi.com\/?cat=53870"},"img":{"alt_text":"","src":"https:\/\/i0.wp.com\/blogdoprosperi.com\/wp-content\/uploads\/2016\/06\/maxresdefault2.jpg?resize=350%2C200&ssl=1","width":350,"height":200,"srcset":"https:\/\/i0.wp.com\/blogdoprosperi.com\/wp-content\/uploads\/2016\/06\/maxresdefault2.jpg?resize=350%2C200&ssl=1 1x, https:\/\/i0.wp.com\/blogdoprosperi.com\/wp-content\/uploads\/2016\/06\/maxresdefault2.jpg?resize=525%2C300&ssl=1 1.5x, https:\/\/i0.wp.com\/blogdoprosperi.com\/wp-content\/uploads\/2016\/06\/maxresdefault2.jpg?resize=700%2C400&ssl=1 2x, https:\/\/i0.wp.com\/blogdoprosperi.com\/wp-content\/uploads\/2016\/06\/maxresdefault2.jpg?resize=1050%2C600&ssl=1 3x, https:\/\/i0.wp.com\/blogdoprosperi.com\/wp-content\/uploads\/2016\/06\/maxresdefault2.jpg?resize=1400%2C800&ssl=1 4x"},"classes":[]},{"id":14263,"url":"https:\/\/blogdoprosperi.com\/?p=14263","url_meta":{"origin":12504,"position":4},"title":"Gabriel Jesus coloca Brasileir\u00e3o e Palmeiras aos seus p\u00e9s","author":"Luiz Ant\u00f4nio Pr\u00f3speri","date":"1 de julho de 2016","format":false,"excerpt":"Garoto faz dois gols na vit\u00f3ria contra Figueirense, assume artilharia do campeonato com nove e sustenta lideran\u00e7a do time em doze rodadas Gabriel Jesus colocou o Campeonato Brasileiro debaixo do bra\u00e7o e a cada jogo pede passagem. Em 12 rodadas, assumiu a artilharia com nove gols - a maioria deles\u2026","rel":"","context":"Em &quot;Campeonato Brasileiro&quot;","block_context":{"text":"Campeonato Brasileiro","link":"https:\/\/blogdoprosperi.com\/?cat=355071"},"img":{"alt_text":"","src":"https:\/\/i0.wp.com\/blogdoprosperi.com\/wp-content\/uploads\/2016\/07\/622_8a047a65-6545-3e54-8a9b-69bea0b75ca0.jpg?resize=350%2C200&ssl=1","width":350,"height":200,"srcset":"https:\/\/i0.wp.com\/blogdoprosperi.com\/wp-content\/uploads\/2016\/07\/622_8a047a65-6545-3e54-8a9b-69bea0b75ca0.jpg?resize=350%2C200&ssl=1 1x, https:\/\/i0.wp.com\/blogdoprosperi.com\/wp-content\/uploads\/2016\/07\/622_8a047a65-6545-3e54-8a9b-69bea0b75ca0.jpg?resize=525%2C300&ssl=1 1.5x"},"classes":[]},{"id":16980,"url":"https:\/\/blogdoprosperi.com\/?p=16980","url_meta":{"origin":12504,"position":5},"title":"Manchester City atropela Barcelona e Real Madrid e vai levar Gabriel Jesus","author":"Luiz Ant\u00f4nio Pr\u00f3speri","date":"21 de julho de 2016","format":false,"excerpt":"Palmeiras deve receber pouco menos de R$ 35 milh\u00f5es, dos R$ 115 milh\u00f5es que o clube ingl\u00eas vai pagar pelo garoto. Contrata\u00e7\u00e3o atende a pedido de Guardiola Manchester City passa por cima de Barcelona e Real Madrid na contrata\u00e7\u00e3o de Gabriel Jesus. A pedido de Pep Guardiola, o clube ingl\u00eas\u2026","rel":"","context":"Em &quot;futebol&quot;","block_context":{"text":"futebol","link":"https:\/\/blogdoprosperi.com\/?cat=53870"},"img":{"alt_text":"","src":"https:\/\/i0.wp.com\/blogdoprosperi.com\/wp-content\/uploads\/2016\/07\/nintchdbpict000253431418.jpg?resize=350%2C200&ssl=1","width":350,"height":200,"srcset":"https:\/\/i0.wp.com\/blogdoprosperi.com\/wp-content\/uploads\/2016\/07\/nintchdbpict000253431418.jpg?resize=350%2C200&ssl=1 1x, https:\/\/i0.wp.com\/blogdoprosperi.com\/wp-content\/uploads\/2016\/07\/nintchdbpict000253431418.jpg?resize=525%2C300&ssl=1 1.5x, https:\/\/i0.wp.com\/blogdoprosperi.com\/wp-content\/uploads\/2016\/07\/nintchdbpict000253431418.jpg?resize=700%2C400&ssl=1 2x"},"classes":[]}],"jetpack_featured_media_url":"","_links":{"self":[{"href":"https:\/\/blogdoprosperi.com\/index.php?rest_route=\/wp\/v2\/posts\/12504","targetHints":{"allow":["GET"]}}],"collection":[{"href":"https:\/\/blogdoprosperi.com\/index.php?rest_route=\/wp\/v2\/posts"}],"about":[{"href":"https:\/\/blogdoprosperi.com\/index.php?rest_route=\/wp\/v2\/types\/post"}],"author":[{"embeddable":true,"href":"https:\/\/blogdoprosperi.com\/index.php?rest_route=\/wp\/v2\/users\/102107496"}],"replies":[{"embeddable":true,"href":"https:\/\/blogdoprosperi.com\/index.php?rest_route=%2Fwp%2Fv2%2Fcomments&post=12504"}],"version-history":[{"count":25,"href":"https:\/\/blogdoprosperi.com\/index.php?rest_route=\/wp\/v2\/posts\/12504\/revisions"}],"predecessor-version":[{"id":12591,"href":"https:\/\/blogdoprosperi.com\/index.php?rest_route=\/wp\/v2\/posts\/12504\/revisions\/12591"}],"wp:attachment":[{"href":"https:\/\/blogdoprosperi.com\/index.php?rest_route=%2Fwp%2Fv2%2Fmedia&parent=12504"}],"wp:term":[{"taxonomy":"category","embeddable":true,"href":"https:\/\/blogdoprosperi.com\/index.php?rest_route=%2Fwp%2Fv2%2Fcategories&post=12504"},{"taxonomy":"post_tag","embeddable":true,"href":"https:\/\/blogdoprosperi.com\/index.php?rest_route=%2Fwp%2Fv2%2Ftags&post=12504"}],"curies":[{"name":"wp","href":"https:\/\/api.w.org\/{rel}","templated":true}]}}