{"id":12842,"date":"2016-06-25T18:31:03","date_gmt":"2016-06-25T18:31:03","guid":{"rendered":"http:\/\/blogdoprosperi.com\/?p=12842"},"modified":"2016-06-25T22:06:04","modified_gmt":"2016-06-25T22:06:04","slug":"pais-de-gales-diz-sim-a-eurocopa","status":"publish","type":"post","link":"https:\/\/blogdoprosperi.com\/?p=12842","title":{"rendered":"Pa\u00eds de Gales diz sim \u00e0 Eurocopa e Quaresma eleva Portugal"},"content":{"rendered":"<p><span class=\"alignnone\"><img data-recalc-dims=\"1\" loading=\"lazy\" decoding=\"async\" data-attachment-id=\"12941\" data-permalink=\"https:\/\/blogdoprosperi.com\/?attachment_id=12941\" data-orig-file=\"https:\/\/i0.wp.com\/blogdoprosperi.com\/wp-content\/uploads\/2016\/06\/5472-1.jpg?fit=1065%2C639&amp;ssl=1\" data-orig-size=\"1065,639\" data-comments-opened=\"1\" data-image-meta=\"{&quot;aperture&quot;:&quot;0&quot;,&quot;credit&quot;:&quot;&quot;,&quot;camera&quot;:&quot;&quot;,&quot;caption&quot;:&quot;&quot;,&quot;created_timestamp&quot;:&quot;0&quot;,&quot;copyright&quot;:&quot;&quot;,&quot;focal_length&quot;:&quot;0&quot;,&quot;iso&quot;:&quot;0&quot;,&quot;shutter_speed&quot;:&quot;0&quot;,&quot;title&quot;:&quot;&quot;,&quot;orientation&quot;:&quot;0&quot;}\" data-image-title=\"5472-1\" data-image-description=\"\" data-image-caption=\"\" data-large-file=\"https:\/\/i0.wp.com\/blogdoprosperi.com\/wp-content\/uploads\/2016\/06\/5472-1.jpg?fit=940%2C564&amp;ssl=1\" class=\"alignnone size-full wp-image-12941\" src=\"https:\/\/i0.wp.com\/blogdoprosperi.com\/wp-content\/uploads\/2016\/06\/5472-1.jpg?resize=940%2C564&#038;ssl=1\" alt=\"5472-1\" width=\"940\" height=\"564\" \/><\/span><\/p>\n<p><span class=\"alignnone\"><img data-recalc-dims=\"1\" loading=\"lazy\" decoding=\"async\" data-attachment-id=\"9853\" data-permalink=\"https:\/\/blogdoprosperi.com\/?attachment_id=9853\" data-orig-file=\"https:\/\/i0.wp.com\/blogdoprosperi.com\/wp-content\/uploads\/2016\/06\/euro_2016_logo_detail.jpg?fit=800%2C1125&amp;ssl=1\" data-orig-size=\"800,1125\" data-comments-opened=\"1\" data-image-meta=\"{&quot;aperture&quot;:&quot;0&quot;,&quot;credit&quot;:&quot;&quot;,&quot;camera&quot;:&quot;&quot;,&quot;caption&quot;:&quot;&quot;,&quot;created_timestamp&quot;:&quot;0&quot;,&quot;copyright&quot;:&quot;&quot;,&quot;focal_length&quot;:&quot;0&quot;,&quot;iso&quot;:&quot;0&quot;,&quot;shutter_speed&quot;:&quot;0&quot;,&quot;title&quot;:&quot;&quot;,&quot;orientation&quot;:&quot;0&quot;}\" data-image-title=\"euro_2016_logo_detail\" data-image-description=\"\" data-image-caption=\"\" data-large-file=\"https:\/\/i0.wp.com\/blogdoprosperi.com\/wp-content\/uploads\/2016\/06\/euro_2016_logo_detail.jpg?fit=728%2C1024&amp;ssl=1\" class=\"alignnone  wp-image-9853 alignleft\" src=\"https:\/\/i0.wp.com\/blogdoprosperi.com\/wp-content\/uploads\/2016\/06\/euro_2016_logo_detail.jpg?resize=90%2C127&#038;ssl=1\" alt=\"euro_2016_logo_detail\" width=\"90\" height=\"127\" \/><\/span>Pa\u00eds Gales votou para sair da Uni\u00e3o Europ\u00e9ia, 52,5% a favor do &#8220;Brexit&#8221;. Irlanda do Norte votou n\u00e3o, 55,8% para ficar. Duas posi\u00e7\u00f5es bem distintas no mundo da pol\u00edtica. Dois dias depois da hist\u00f3rica decis\u00e3o do Reino Unido, as duas sele\u00e7\u00f5es das Ilhas Brit\u00e2nicas se enfrentaram neste s\u00e1bado de abertura das oitavas de final da <a href=\"http:\/\/blogdoprosperi.com\/2016\/06\/22\/veja-confrontos-das-oitavas-de-final-da-eurocopa-e-a-festa-das-torcidas\/\">Eurocopa.<\/a> O surpreendente Pa\u00eds de Gales derrotou a festiva Irlanda do Norte por 1 a 0 e avan\u00e7ou. E disse sim \u00e0 Euro do futebol.<\/p>\n<p>Uma classifica\u00e7\u00e3o para l\u00e1 de hist\u00f3rica. <a href=\"http:\/\/blogdoprosperi.com\/2016\/06\/21\/alemanha-avanca-as-oitavas-da-eurocopa-em-crise-de-identidade-com-o-gol\/\">Galeses<\/a> n\u00e3o chegavam \u00e0 fase final de uma competi\u00e7\u00e3o de peso desde a Copa do Mundo de 1958 na Su\u00e9cia, quando foram eliminados pelo Brasil com direito ao primeiro gol de Pel\u00e9 em um Mundial. Pois, chegaram na sua primeira Eurocopa, passaram da primeira fase, venceram as oitavas e j\u00e1 est\u00e3o entre as oito mais bem classificadas na Fran\u00e7a.<\/p>\n<p><strong>AN\u00c1LISE DO JOGO<\/strong><\/p>\n<p>Dif\u00edcil imaginar que as quest\u00f5es pol\u00edtica tiveram peso no jogo entre galeses e norte-irlandeses neste s\u00e1bado (25\/6). Talvez, n\u00e3o. Nem mesmo nas arquibancadas do est\u00e1dio Parque dos Pr\u00edncipes, em Paris, se percebeu alguma nuvem de tens\u00e3o entre as torcidas.<\/p>\n<p>Dentro de campo, se n\u00e3o houve interfer\u00eancia do &#8220;Brexit&#8221;, Gales e Irlanda do Norte deveriam dar maiores explica\u00e7\u00f5es para o p\u00e9ssimo futebol que praticaram no primeiro tempo. Foram 45 minutos in\u00fateis, sem chance de gols, nenhuma jogada mais pl\u00e1stica, elaborada.<\/p>\n<p><span class=\"alignnone\"><img data-recalc-dims=\"1\" loading=\"lazy\" decoding=\"async\" data-attachment-id=\"12943\" data-permalink=\"https:\/\/blogdoprosperi.com\/?attachment_id=12943\" data-orig-file=\"https:\/\/i0.wp.com\/blogdoprosperi.com\/wp-content\/uploads\/2016\/06\/1319.jpg?fit=620%2C775&amp;ssl=1\" data-orig-size=\"620,775\" data-comments-opened=\"1\" data-image-meta=\"{&quot;aperture&quot;:&quot;0&quot;,&quot;credit&quot;:&quot;&quot;,&quot;camera&quot;:&quot;&quot;,&quot;caption&quot;:&quot;&quot;,&quot;created_timestamp&quot;:&quot;0&quot;,&quot;copyright&quot;:&quot;&quot;,&quot;focal_length&quot;:&quot;0&quot;,&quot;iso&quot;:&quot;0&quot;,&quot;shutter_speed&quot;:&quot;0&quot;,&quot;title&quot;:&quot;&quot;,&quot;orientation&quot;:&quot;0&quot;}\" data-image-title=\"1319\" data-image-description=\"\" data-image-caption=\"\" data-large-file=\"https:\/\/i0.wp.com\/blogdoprosperi.com\/wp-content\/uploads\/2016\/06\/1319.jpg?fit=620%2C775&amp;ssl=1\" class=\"alignnone size-full wp-image-12943\" src=\"https:\/\/i0.wp.com\/blogdoprosperi.com\/wp-content\/uploads\/2016\/06\/1319.jpg?resize=620%2C775&#038;ssl=1\" alt=\"1319\" width=\"620\" height=\"775\" \/><\/span><\/p>\n<p>De escassos recursos t\u00e9cnicos os dois times se limitaram a marcar. Nem Gareht Bale, a estrela solit\u00e1ria da partida, conseguiu fugir da mesmice. Faltou ao atacante do Real Madrid a intui\u00e7\u00e3o dos grandes jogadores, sobrou suor. Bale foi a tradu\u00e7\u00e3o perfeita de Gales.<\/p>\n<p>Do lado da <a href=\"http:\/\/blogdoprosperi.com\/2016\/06\/22\/veja-confrontos-das-oitavas-de-final-da-eurocopa-e-a-festa-das-torcidas\/\">Irlanda do Norte<\/a>, fora o show costumeiro de sua simp\u00e1tica e criativa torcida, se viu um pouco mais e organiza\u00e7\u00e3o, entrega na marca\u00e7\u00e3o e mais nada. Seria cruel exigir muito mais que isso de uma sele\u00e7\u00e3o limitada.<\/p>\n<p>No segundo tempo, o jogo continuou fraco, de muitas bolas esticadas. Quando os dois times j\u00e1 mostravam sinais de cansa\u00e7o, os galeses imprimiram velocidade na sa\u00edda de bola, mas dessa vez com ela na grama e n\u00e3o no alto.<\/p>\n<p>De uma dessas trocas de passes entre Ramsey e Williams, a bola chegou a Bale na ponta-esquerda. O cruzamento saiu seco e o afobado zagueiro McAuley \u00a0(<em>foto abaixo<\/em>) desviou para dentro do seu pr\u00f3prio gol, aos 30 minutos. O gol contra silenciou a parte verde do est\u00e1dio, um castigo \u00e0 torcida mais esfuziante dessa Euro. E tirou das cadeiras, a parte vermelha, at\u00e9 ent\u00e3o mais tensa no Parque dos Pr\u00edncipes.<\/p>\n<p><span class=\"alignnone\"><img data-recalc-dims=\"1\" loading=\"lazy\" decoding=\"async\" data-attachment-id=\"12942\" data-permalink=\"https:\/\/blogdoprosperi.com\/?attachment_id=12942\" data-orig-file=\"https:\/\/i0.wp.com\/blogdoprosperi.com\/wp-content\/uploads\/2016\/06\/2683.jpg?fit=619%2C416&amp;ssl=1\" data-orig-size=\"619,416\" data-comments-opened=\"1\" data-image-meta=\"{&quot;aperture&quot;:&quot;0&quot;,&quot;credit&quot;:&quot;&quot;,&quot;camera&quot;:&quot;&quot;,&quot;caption&quot;:&quot;&quot;,&quot;created_timestamp&quot;:&quot;0&quot;,&quot;copyright&quot;:&quot;&quot;,&quot;focal_length&quot;:&quot;0&quot;,&quot;iso&quot;:&quot;0&quot;,&quot;shutter_speed&quot;:&quot;0&quot;,&quot;title&quot;:&quot;&quot;,&quot;orientation&quot;:&quot;0&quot;}\" data-image-title=\"2683\" data-image-description=\"\" data-image-caption=\"\" data-large-file=\"https:\/\/i0.wp.com\/blogdoprosperi.com\/wp-content\/uploads\/2016\/06\/2683.jpg?fit=619%2C416&amp;ssl=1\" class=\"alignnone size-full wp-image-12942\" src=\"https:\/\/i0.wp.com\/blogdoprosperi.com\/wp-content\/uploads\/2016\/06\/2683.jpg?resize=619%2C416&#038;ssl=1\" alt=\"2683\" width=\"619\" height=\"416\" \/><\/span><\/p>\n<p>A partir do gol a seu favor, Gales assumiu o controle da partida. Ramsey fez valer a autoridade da camisa 10. Sua miss\u00e3o era gastar o tempo e, se poss\u00edvel, servir Bale.<\/p>\n<p>Os norte-irlandeses, respirando por aparelhos, precisavam de algo mais do que for\u00e7a de vontade. Corriam por um empate salvador para levar a decis\u00e3o \u00e0 prorroga\u00e7\u00e3o. O tempo era curto. E n\u00e3o deu tempo de reverter.<\/p>\n<p>Galeses, por sua vez, sabiam que estavam a poucos minutos de escrever outro cap\u00edtulo importante de sua hist\u00f3ria. Resistiram e retribu\u00edram com a vit\u00f3ria aos cantos de seus torcedores que desde cedo em Paris pediam: &#8220;N\u00e3o nos fa\u00e7a voltar para casa, queremos continuar bebendo na Fran\u00e7a&#8221;.<\/p>\n<p><span class=\"alignnone\"><img data-recalc-dims=\"1\" loading=\"lazy\" decoding=\"async\" data-attachment-id=\"12946\" data-permalink=\"https:\/\/blogdoprosperi.com\/?attachment_id=12946\" data-orig-file=\"https:\/\/i0.wp.com\/blogdoprosperi.com\/wp-content\/uploads\/2016\/06\/5472-2.jpg?fit=620%2C372&amp;ssl=1\" data-orig-size=\"620,372\" data-comments-opened=\"1\" data-image-meta=\"{&quot;aperture&quot;:&quot;0&quot;,&quot;credit&quot;:&quot;&quot;,&quot;camera&quot;:&quot;&quot;,&quot;caption&quot;:&quot;&quot;,&quot;created_timestamp&quot;:&quot;0&quot;,&quot;copyright&quot;:&quot;&quot;,&quot;focal_length&quot;:&quot;0&quot;,&quot;iso&quot;:&quot;0&quot;,&quot;shutter_speed&quot;:&quot;0&quot;,&quot;title&quot;:&quot;&quot;,&quot;orientation&quot;:&quot;0&quot;}\" data-image-title=\"5472-2\" data-image-description=\"\" data-image-caption=\"\" data-large-file=\"https:\/\/i0.wp.com\/blogdoprosperi.com\/wp-content\/uploads\/2016\/06\/5472-2.jpg?fit=620%2C372&amp;ssl=1\" class=\"alignnone size-full wp-image-12946\" src=\"https:\/\/i0.wp.com\/blogdoprosperi.com\/wp-content\/uploads\/2016\/06\/5472-2.jpg?resize=620%2C372&#038;ssl=1\" alt=\"5472-2\" width=\"620\" height=\"372\" \/><\/span><strong>I<\/strong><\/p>\n<p>&nbsp;<\/p>\n<p><strong>PORTUGAL SOBE<\/strong><\/p>\n<p>Quaresma liquidou a Cro\u00e1cia a tr\u00eas minutos do fim do segundo tempo da prorroga\u00e7\u00e3o. Foi dele o gol da classifica\u00e7\u00e3o de Portugal, ao aproveitar um rebote de Subasic em chute de Cristiano Ronaldo. Esse gol e o que Pepe salvou em arremate de Srena levaram a sele\u00e7\u00e3o portuguesa ao c\u00e9u.<\/p>\n<p><span class=\"alignnone\"><img data-recalc-dims=\"1\" loading=\"lazy\" decoding=\"async\" data-attachment-id=\"12966\" data-permalink=\"https:\/\/blogdoprosperi.com\/?attachment_id=12966\" data-orig-file=\"https:\/\/i0.wp.com\/blogdoprosperi.com\/wp-content\/uploads\/2016\/06\/4122.jpg?fit=1065%2C639&amp;ssl=1\" data-orig-size=\"1065,639\" data-comments-opened=\"1\" data-image-meta=\"{&quot;aperture&quot;:&quot;0&quot;,&quot;credit&quot;:&quot;&quot;,&quot;camera&quot;:&quot;&quot;,&quot;caption&quot;:&quot;&quot;,&quot;created_timestamp&quot;:&quot;0&quot;,&quot;copyright&quot;:&quot;&quot;,&quot;focal_length&quot;:&quot;0&quot;,&quot;iso&quot;:&quot;0&quot;,&quot;shutter_speed&quot;:&quot;0&quot;,&quot;title&quot;:&quot;&quot;,&quot;orientation&quot;:&quot;0&quot;}\" data-image-title=\"4122\" data-image-description=\"\" data-image-caption=\"\" data-large-file=\"https:\/\/i0.wp.com\/blogdoprosperi.com\/wp-content\/uploads\/2016\/06\/4122.jpg?fit=940%2C564&amp;ssl=1\" class=\"alignnone size-full wp-image-12966\" src=\"https:\/\/i0.wp.com\/blogdoprosperi.com\/wp-content\/uploads\/2016\/06\/4122.jpg?resize=940%2C564&#038;ssl=1\" alt=\"4122\" width=\"940\" height=\"564\" \/><\/span><\/p>\n<p>O jogo foi mais f\u00edsico do que t\u00e9cnico. Os croatas, mesmo desgastados, controlaram a partida por mais tempo, mas sem muita incid\u00eancia no ataque.<\/p>\n<p>Portugal desde o in\u00edcio teve como proposta se defender bem e contragolpear pesado, com Cristiano Ronaldo no comando. Uma estrat\u00e9gia assumida de que o advers\u00e1rio tinha mais poder de fogo.<\/p>\n<p>Nesse cen\u00e1rio, as duas defesas prevaleceram. Os 90 minutos seriam mesmo de empate sem gols. Na prorroga\u00e7\u00e3o, os portugueses refor\u00e7aram a tese dos contra-ataques e aproveitaram a agonia da Cro\u00e1cia em busca do gol.<\/p>\n<p>Quando a decis\u00e3o se encaminhava aos p\u00eanaltis, surgiu o contra-ataque portugu\u00eas com Renato Chaves e Quaresma. Cristiano Ronaldo, meio escondidinho dos zagueiros, surgiu na grande \u00e1rea. Recebeu de Quaresma e bateu para o gol. Subasic rebateu e Quaresma liquidou a fatura.<\/p>\n<p>Croatas desabaram no campo e nas arquibancadas. Modric caiu no choro. Portugueses explodiram de alegria no est\u00e1dio e nas ruas parisienses. Portugal chegava nas quartas de final e agora vai enfrentar a Pol\u00f4nia.<\/p>\n<div class=\"tiled-gallery type-rectangular tiled-gallery-unresized\" data-original-width=\"940\" data-carousel-extra='{&quot;blog_id&quot;:1,&quot;permalink&quot;:&quot;https:\\\/\\\/blogdoprosperi.com\\\/?p=12842&quot;,&quot;likes_blog_id&quot;:108082574}' itemscope itemtype=\"http:\/\/schema.org\/ImageGallery\" > <div class=\"gallery-row\" style=\"width: 940px; height: 405px;\" data-original-width=\"940\" data-original-height=\"405\" > <div class=\"gallery-group images-1\" style=\"width: 605px; height: 405px;\" data-original-width=\"605\" data-original-height=\"405\" > <div class=\"tiled-gallery-item tiled-gallery-item-large\" itemprop=\"associatedMedia\" itemscope itemtype=\"http:\/\/schema.org\/ImageObject\"> <a href=\"https:\/\/blogdoprosperi.com\/?attachment_id=12968\" border=\"0\" itemprop=\"url\"> <meta itemprop=\"width\" content=\"601\"> <meta itemprop=\"height\" content=\"401\"> <img decoding=\"async\" class=\"\" data-attachment-id=\"12968\" data-orig-file=\"https:\/\/blogdoprosperi.com\/wp-content\/uploads\/2016\/06\/5472-3.jpg\" data-orig-size=\"620,413\" data-comments-opened=\"1\" data-image-meta=\"{&quot;aperture&quot;:&quot;0&quot;,&quot;credit&quot;:&quot;&quot;,&quot;camera&quot;:&quot;&quot;,&quot;caption&quot;:&quot;&quot;,&quot;created_timestamp&quot;:&quot;0&quot;,&quot;copyright&quot;:&quot;&quot;,&quot;focal_length&quot;:&quot;0&quot;,&quot;iso&quot;:&quot;0&quot;,&quot;shutter_speed&quot;:&quot;0&quot;,&quot;title&quot;:&quot;&quot;,&quot;orientation&quot;:&quot;0&quot;}\" data-image-title=\"5472-3\" data-image-description=\"\" data-medium-file=\"https:\/\/i0.wp.com\/blogdoprosperi.com\/wp-content\/uploads\/2016\/06\/5472-3.jpg?fit=567%2C378&#038;ssl=1\" data-large-file=\"https:\/\/i0.wp.com\/blogdoprosperi.com\/wp-content\/uploads\/2016\/06\/5472-3.jpg?fit=620%2C413&#038;ssl=1\" src=\"https:\/\/i0.wp.com\/blogdoprosperi.com\/wp-content\/uploads\/2016\/06\/5472-3.jpg?w=601&#038;h=401&#038;ssl=1\" width=\"601\" height=\"401\" loading=\"lazy\" data-original-width=\"601\" data-original-height=\"401\" itemprop=\"http:\/\/schema.org\/image\" title=\"5472-3\" alt=\"5472-3\" style=\"width: 601px; height: 401px;\" \/> <\/a> <\/div> <\/div> <!-- close group --> <div class=\"gallery-group images-2\" style=\"width: 335px; height: 405px;\" data-original-width=\"335\" data-original-height=\"405\" > <div class=\"tiled-gallery-item tiled-gallery-item-large\" itemprop=\"associatedMedia\" itemscope itemtype=\"http:\/\/schema.org\/ImageObject\"> <a href=\"https:\/\/blogdoprosperi.com\/?attachment_id=12967\" border=\"0\" itemprop=\"url\"> <meta itemprop=\"width\" content=\"331\"> <meta itemprop=\"height\" content=\"199\"> <img decoding=\"async\" class=\"\" data-attachment-id=\"12967\" data-orig-file=\"https:\/\/blogdoprosperi.com\/wp-content\/uploads\/2016\/06\/2767.jpg\" data-orig-size=\"620,372\" data-comments-opened=\"1\" data-image-meta=\"{&quot;aperture&quot;:&quot;0&quot;,&quot;credit&quot;:&quot;&quot;,&quot;camera&quot;:&quot;&quot;,&quot;caption&quot;:&quot;&quot;,&quot;created_timestamp&quot;:&quot;0&quot;,&quot;copyright&quot;:&quot;&quot;,&quot;focal_length&quot;:&quot;0&quot;,&quot;iso&quot;:&quot;0&quot;,&quot;shutter_speed&quot;:&quot;0&quot;,&quot;title&quot;:&quot;&quot;,&quot;orientation&quot;:&quot;0&quot;}\" data-image-title=\"2767\" data-image-description=\"\" data-medium-file=\"https:\/\/i0.wp.com\/blogdoprosperi.com\/wp-content\/uploads\/2016\/06\/2767.jpg?fit=620%2C372&#038;ssl=1\" data-large-file=\"https:\/\/i0.wp.com\/blogdoprosperi.com\/wp-content\/uploads\/2016\/06\/2767.jpg?fit=620%2C372&#038;ssl=1\" src=\"https:\/\/i0.wp.com\/blogdoprosperi.com\/wp-content\/uploads\/2016\/06\/2767.jpg?w=331&#038;h=199&#038;ssl=1\" width=\"331\" height=\"199\" loading=\"lazy\" data-original-width=\"331\" data-original-height=\"199\" itemprop=\"http:\/\/schema.org\/image\" title=\"2767\" alt=\"2767\" style=\"width: 331px; height: 199px;\" \/> <\/a> <\/div> <div class=\"tiled-gallery-item tiled-gallery-item-large\" itemprop=\"associatedMedia\" itemscope itemtype=\"http:\/\/schema.org\/ImageObject\"> <a href=\"https:\/\/blogdoprosperi.com\/?attachment_id=12969\" border=\"0\" itemprop=\"url\"> <meta itemprop=\"width\" content=\"331\"> <meta itemprop=\"height\" content=\"198\"> <img decoding=\"async\" class=\"\" data-attachment-id=\"12969\" data-orig-file=\"https:\/\/blogdoprosperi.com\/wp-content\/uploads\/2016\/06\/3408.jpg\" data-orig-size=\"620,372\" data-comments-opened=\"1\" data-image-meta=\"{&quot;aperture&quot;:&quot;0&quot;,&quot;credit&quot;:&quot;&quot;,&quot;camera&quot;:&quot;&quot;,&quot;caption&quot;:&quot;&quot;,&quot;created_timestamp&quot;:&quot;0&quot;,&quot;copyright&quot;:&quot;&quot;,&quot;focal_length&quot;:&quot;0&quot;,&quot;iso&quot;:&quot;0&quot;,&quot;shutter_speed&quot;:&quot;0&quot;,&quot;title&quot;:&quot;&quot;,&quot;orientation&quot;:&quot;0&quot;}\" data-image-title=\"3408\" data-image-description=\"\" data-medium-file=\"https:\/\/i0.wp.com\/blogdoprosperi.com\/wp-content\/uploads\/2016\/06\/3408.jpg?fit=620%2C372&#038;ssl=1\" data-large-file=\"https:\/\/i0.wp.com\/blogdoprosperi.com\/wp-content\/uploads\/2016\/06\/3408.jpg?fit=620%2C372&#038;ssl=1\" src=\"https:\/\/i0.wp.com\/blogdoprosperi.com\/wp-content\/uploads\/2016\/06\/3408.jpg?w=331&#038;h=198&#038;ssl=1\" width=\"331\" height=\"198\" loading=\"lazy\" data-original-width=\"331\" data-original-height=\"198\" itemprop=\"http:\/\/schema.org\/image\" title=\"3408\" alt=\"3408\" style=\"width: 331px; height: 198px;\" \/> <\/a> <\/div> <\/div> <!-- close group --> <\/div> <!-- close row --> <\/div>\n<p><strong>INJUSTI\u00c7A<br \/>\n<\/strong>Pol\u00f4nia nas quartas de final e a Su\u00ed\u00e7a de volta para casa. \u00c9 a primeira injusti\u00e7a que <a href=\"http:\/\/blogdoprosperi.com\/2016\/06\/17\/italia-e-espanha-avancam-na-eurocopa-e-croacia-sofre-com-imbecis-das-arquibancadas\/\">Eurocopa<\/a> produz neste s\u00e1bado de abertura das oitavas de final.<\/p>\n<p>De futebol pobre, sem um pingo de imagina\u00e7\u00e3o, sem troca de passes e baix\u00edssima posse de bola, poloneses deveriam ter ficado no meio do caminho. Derrotaram os su\u00ed\u00e7os na decis\u00e3o por p\u00eanaltis (5 a 4), ap\u00f3s o empate por 1 a 1 nos 90 minutos.<\/p>\n<p><span class=\"alignnone\"><img data-recalc-dims=\"1\" loading=\"lazy\" decoding=\"async\" data-attachment-id=\"12876\" data-permalink=\"https:\/\/blogdoprosperi.com\/?attachment_id=12876\" data-orig-file=\"https:\/\/i0.wp.com\/blogdoprosperi.com\/wp-content\/uploads\/2016\/06\/607758465_lg_2069_45443b62f1534f2dac2182a680bdcc7c_3453.jpg?fit=987%2C621&amp;ssl=1\" data-orig-size=\"987,621\" data-comments-opened=\"1\" data-image-meta=\"{&quot;aperture&quot;:&quot;0&quot;,&quot;credit&quot;:&quot;&quot;,&quot;camera&quot;:&quot;&quot;,&quot;caption&quot;:&quot;&quot;,&quot;created_timestamp&quot;:&quot;0&quot;,&quot;copyright&quot;:&quot;&quot;,&quot;focal_length&quot;:&quot;0&quot;,&quot;iso&quot;:&quot;0&quot;,&quot;shutter_speed&quot;:&quot;0&quot;,&quot;title&quot;:&quot;&quot;,&quot;orientation&quot;:&quot;0&quot;}\" data-image-title=\"607758465_LG_2069_45443B62F1534F2DAC2182A680BDCC7C_3453\" data-image-description=\"\" data-image-caption=\"\" data-large-file=\"https:\/\/i0.wp.com\/blogdoprosperi.com\/wp-content\/uploads\/2016\/06\/607758465_lg_2069_45443b62f1534f2dac2182a680bdcc7c_3453.jpg?fit=940%2C591&amp;ssl=1\" class=\"alignnone size-full wp-image-12876\" src=\"https:\/\/i0.wp.com\/blogdoprosperi.com\/wp-content\/uploads\/2016\/06\/607758465_lg_2069_45443b62f1534f2dac2182a680bdcc7c_3453.jpg?resize=940%2C591&#038;ssl=1\" alt=\"607758465_LG_2069_45443B62F1534F2DAC2182A680BDCC7C_3453\" width=\"940\" height=\"591\" \/><\/span><\/p>\n<p>Como pr\u00eamio consola\u00e7\u00e3o \u00e0 Su\u00ed\u00e7a, o gol espetacular de Shaqiri, aos 37 do segundo tempo &#8211; a Pol\u00f4nia havia sa\u00eddo na frente, com Blasczzykowski, aos 39 do primeiro. S\u00f3 por esse gol, um voleio acachapante, os su\u00ed\u00e7os mereceriam algo mais na Euro. Incompetentes na cobran\u00e7a dos p\u00eanaltis, se despediram com aplausos \u00e0 sua gente em Saint-Etienne.<\/p>\n<div class=\"jetpack-video-wrapper\"><span class=\"embed-youtube\" style=\"text-align:center; display: block;\"><iframe loading=\"lazy\" class=\"youtube-player\" width=\"560\" height=\"315\" src=\"https:\/\/www.youtube.com\/embed\/WIMRZ6g6mYA?version=3&#038;rel=1&#038;showsearch=0&#038;showinfo=1&#038;iv_load_policy=1&#038;fs=1&#038;hl=pt-BR&#038;autohide=2&#038;wmode=transparent\" allowfullscreen=\"true\" style=\"border:0;\" sandbox=\"allow-scripts allow-same-origin allow-popups allow-presentation allow-popups-to-escape-sandbox\"><\/iframe><\/span><\/div>\n<p>Classificada \u00e0s quartas, a Pol\u00f4nia vai enfrentar Portugal.<\/p>\n<div class=\"tiled-gallery type-rectangular tiled-gallery-unresized\" data-original-width=\"940\" data-carousel-extra='{&quot;blog_id&quot;:1,&quot;permalink&quot;:&quot;https:\\\/\\\/blogdoprosperi.com\\\/?p=12842&quot;,&quot;likes_blog_id&quot;:108082574}' itemscope itemtype=\"http:\/\/schema.org\/ImageGallery\" > <div class=\"gallery-row\" style=\"width: 940px; height: 284px;\" data-original-width=\"940\" data-original-height=\"284\" > <div class=\"gallery-group images-1\" style=\"width: 470px; height: 284px;\" data-original-width=\"470\" data-original-height=\"284\" > <div class=\"tiled-gallery-item tiled-gallery-item-large\" itemprop=\"associatedMedia\" itemscope itemtype=\"http:\/\/schema.org\/ImageObject\"> <a href=\"https:\/\/blogdoprosperi.com\/?attachment_id=12882\" border=\"0\" itemprop=\"url\"> <meta itemprop=\"width\" content=\"466\"> <meta itemprop=\"height\" content=\"280\"> <img decoding=\"async\" class=\"\" data-attachment-id=\"12882\" data-orig-file=\"https:\/\/blogdoprosperi.com\/wp-content\/uploads\/2016\/06\/3452.jpg\" data-orig-size=\"1065,639\" data-comments-opened=\"1\" data-image-meta=\"{&quot;aperture&quot;:&quot;0&quot;,&quot;credit&quot;:&quot;&quot;,&quot;camera&quot;:&quot;&quot;,&quot;caption&quot;:&quot;&quot;,&quot;created_timestamp&quot;:&quot;0&quot;,&quot;copyright&quot;:&quot;&quot;,&quot;focal_length&quot;:&quot;0&quot;,&quot;iso&quot;:&quot;0&quot;,&quot;shutter_speed&quot;:&quot;0&quot;,&quot;title&quot;:&quot;&quot;,&quot;orientation&quot;:&quot;0&quot;}\" data-image-title=\"3452\" data-image-description=\"\" data-medium-file=\"https:\/\/i0.wp.com\/blogdoprosperi.com\/wp-content\/uploads\/2016\/06\/3452.jpg?fit=630%2C378&#038;ssl=1\" data-large-file=\"https:\/\/i0.wp.com\/blogdoprosperi.com\/wp-content\/uploads\/2016\/06\/3452.jpg?fit=940%2C564&#038;ssl=1\" src=\"https:\/\/i0.wp.com\/blogdoprosperi.com\/wp-content\/uploads\/2016\/06\/3452.jpg?w=466&#038;h=280&#038;ssl=1\" width=\"466\" height=\"280\" loading=\"lazy\" data-original-width=\"466\" data-original-height=\"280\" itemprop=\"http:\/\/schema.org\/image\" title=\"3452\" alt=\"3452\" style=\"width: 466px; height: 280px;\" \/> <\/a> <\/div> <\/div> <!-- close group --> <div class=\"gallery-group images-1\" style=\"width: 470px; height: 284px;\" data-original-width=\"470\" data-original-height=\"284\" > <div class=\"tiled-gallery-item tiled-gallery-item-large\" itemprop=\"associatedMedia\" itemscope itemtype=\"http:\/\/schema.org\/ImageObject\"> <a href=\"https:\/\/blogdoprosperi.com\/?attachment_id=12883\" border=\"0\" itemprop=\"url\"> <meta itemprop=\"width\" content=\"466\"> <meta itemprop=\"height\" content=\"280\"> <img decoding=\"async\" class=\"\" data-attachment-id=\"12883\" data-orig-file=\"https:\/\/blogdoprosperi.com\/wp-content\/uploads\/2016\/06\/54726.jpg\" data-orig-size=\"620,372\" data-comments-opened=\"1\" data-image-meta=\"{&quot;aperture&quot;:&quot;0&quot;,&quot;credit&quot;:&quot;&quot;,&quot;camera&quot;:&quot;&quot;,&quot;caption&quot;:&quot;&quot;,&quot;created_timestamp&quot;:&quot;0&quot;,&quot;copyright&quot;:&quot;&quot;,&quot;focal_length&quot;:&quot;0&quot;,&quot;iso&quot;:&quot;0&quot;,&quot;shutter_speed&quot;:&quot;0&quot;,&quot;title&quot;:&quot;&quot;,&quot;orientation&quot;:&quot;0&quot;}\" data-image-title=\"5472\" data-image-description=\"\" data-medium-file=\"https:\/\/i0.wp.com\/blogdoprosperi.com\/wp-content\/uploads\/2016\/06\/54726.jpg?fit=620%2C372&#038;ssl=1\" data-large-file=\"https:\/\/i0.wp.com\/blogdoprosperi.com\/wp-content\/uploads\/2016\/06\/54726.jpg?fit=620%2C372&#038;ssl=1\" src=\"https:\/\/i0.wp.com\/blogdoprosperi.com\/wp-content\/uploads\/2016\/06\/54726.jpg?w=466&#038;h=280&#038;ssl=1\" width=\"466\" height=\"280\" loading=\"lazy\" data-original-width=\"466\" data-original-height=\"280\" itemprop=\"http:\/\/schema.org\/image\" title=\"5472\" alt=\"5472\" style=\"width: 466px; height: 280px;\" \/> <\/a> <\/div> <\/div> <!-- close group --> <\/div> <!-- close row --> <div class=\"gallery-row\" style=\"width: 940px; height: 566px;\" data-original-width=\"940\" data-original-height=\"566\" > <div class=\"gallery-group images-1\" style=\"width: 940px; height: 566px;\" data-original-width=\"940\" data-original-height=\"566\" > <div class=\"tiled-gallery-item tiled-gallery-item-large\" itemprop=\"associatedMedia\" itemscope itemtype=\"http:\/\/schema.org\/ImageObject\"> <a href=\"https:\/\/blogdoprosperi.com\/?attachment_id=12884\" border=\"0\" itemprop=\"url\"> <meta itemprop=\"width\" content=\"936\"> <meta itemprop=\"height\" content=\"562\"> <img decoding=\"async\" class=\"\" data-attachment-id=\"12884\" data-orig-file=\"https:\/\/blogdoprosperi.com\/wp-content\/uploads\/2016\/06\/3474.jpg\" data-orig-size=\"620,372\" data-comments-opened=\"1\" data-image-meta=\"{&quot;aperture&quot;:&quot;0&quot;,&quot;credit&quot;:&quot;&quot;,&quot;camera&quot;:&quot;&quot;,&quot;caption&quot;:&quot;&quot;,&quot;created_timestamp&quot;:&quot;0&quot;,&quot;copyright&quot;:&quot;&quot;,&quot;focal_length&quot;:&quot;0&quot;,&quot;iso&quot;:&quot;0&quot;,&quot;shutter_speed&quot;:&quot;0&quot;,&quot;title&quot;:&quot;&quot;,&quot;orientation&quot;:&quot;0&quot;}\" data-image-title=\"3474\" data-image-description=\"\" data-medium-file=\"https:\/\/i0.wp.com\/blogdoprosperi.com\/wp-content\/uploads\/2016\/06\/3474.jpg?fit=620%2C372&#038;ssl=1\" data-large-file=\"https:\/\/i0.wp.com\/blogdoprosperi.com\/wp-content\/uploads\/2016\/06\/3474.jpg?fit=620%2C372&#038;ssl=1\" src=\"https:\/\/i0.wp.com\/blogdoprosperi.com\/wp-content\/uploads\/2016\/06\/3474.jpg?w=936&#038;h=562&#038;ssl=1\" width=\"936\" height=\"562\" loading=\"lazy\" data-original-width=\"936\" data-original-height=\"562\" itemprop=\"http:\/\/schema.org\/image\" title=\"3474\" alt=\"3474\" style=\"width: 936px; height: 562px;\" \/> <\/a> <\/div> <\/div> <!-- close group --> <\/div> <!-- close row --> <\/div>\n<p>&nbsp;<\/p>\n","protected":false},"excerpt":{"rendered":"<p>Pa\u00eds Gales votou para sair da Uni\u00e3o Europ\u00e9ia, 52,5% a favor do &#8220;Brexit&#8221;. Irlanda do Norte votou n\u00e3o, [&hellip;]<\/p>\n","protected":false},"author":102107496,"featured_media":0,"comment_status":"open","ping_status":"open","sticky":false,"template":"","format":"standard","meta":{"_coblocks_attr":"","_coblocks_dimensions":"","_coblocks_responsive_height":"","_coblocks_accordion_ie_support":"","_jetpack_newsletter_access":"","_jetpack_dont_email_post_to_subs":false,"_jetpack_newsletter_tier_id":0,"_jetpack_memberships_contains_paywalled_content":false,"_wpcom_ai_launchpad_first_post":false,"_jetpack_feature_clip_id":0,"_jetpack_memberships_contains_paid_content":false,"footnotes":"","jetpack_publicize_message":"","jetpack_publicize_feature_enabled":true,"jetpack_social_post_already_shared":false,"jetpack_social_options":{"image_generator_settings":{"template":"highway","default_image_id":0,"font":"","enabled":false},"version":2},"jetpack_post_was_ever_published":false},"categories":[53870],"tags":[43983568,11520306,789560560,673394,137210495,1555592,132324,195659,68924,509773501,224496,221603,8549764],"class_list":["post-12842","post","type-post","status-publish","format-standard","hentry","category-futebol","tag-euro-16","tag-eurocopa-2016","tag-futebol","tag-gareth-bale","tag-irlanda-de-norte","tag-pais-de-gales","tag-polonia","tag-ramsey","tag-reino-unido","tag-shaqri","tag-suica","tag-uniao-europeia","tag-will-grigg"],"yoast_head":"<!-- This site is optimized with the Yoast SEO plugin v28.4 - https:\/\/yoast.com\/product\/yoast-seo-wordpress\/ -->\n<title>Pa\u00eds de Gales diz sim \u00e0 Eurocopa e Quaresma eleva Portugal - PR\u00d3SPERI NEWS<\/title>\n<meta name=\"robots\" content=\"index, follow, max-snippet:-1, max-image-preview:large, max-video-preview:-1\" \/>\n<link rel=\"canonical\" href=\"https:\/\/blogdoprosperi.com\/?p=12842\" \/>\n<meta property=\"og:locale\" content=\"pt_BR\" \/>\n<meta property=\"og:type\" content=\"article\" \/>\n<meta property=\"og:title\" content=\"Pa\u00eds de Gales diz sim \u00e0 Eurocopa e Quaresma eleva Portugal - PR\u00d3SPERI NEWS\" \/>\n<meta property=\"og:description\" content=\"Pa\u00eds Gales votou para sair da Uni\u00e3o Europ\u00e9ia, 52,5% a favor do &#8220;Brexit&#8221;. Irlanda do Norte votou n\u00e3o, [&hellip;]\" \/>\n<meta property=\"og:url\" content=\"https:\/\/blogdoprosperi.com\/?p=12842\" \/>\n<meta property=\"og:site_name\" content=\"PR\u00d3SPERI NEWS\" \/>\n<meta property=\"article:publisher\" content=\"Luiz Pr\u00f3speri\" \/>\n<meta property=\"article:author\" content=\"Luiz Pr\u00f3speri\" \/>\n<meta property=\"article:published_time\" content=\"2016-06-25T18:31:03+00:00\" \/>\n<meta property=\"article:modified_time\" content=\"2016-06-25T22:06:04+00:00\" \/>\n<meta property=\"og:image\" content=\"https:\/\/i0.wp.com\/blogdoprosperi.com\/wp-content\/uploads\/2016\/06\/5472-3.jpg?w=601&#038;h=401&#038;ssl=1\" \/>\n<meta name=\"author\" content=\"Luiz Ant\u00f4nio Pr\u00f3speri\" \/>\n<meta name=\"twitter:card\" content=\"summary_large_image\" \/>\n<meta name=\"twitter:creator\" content=\"@Luizprosperi\" \/>\n<meta name=\"twitter:site\" content=\"@Luizprosperi\" \/>\n<meta name=\"twitter:label1\" content=\"Escrito por\" \/>\n\t<meta name=\"twitter:data1\" content=\"Luiz Ant\u00f4nio Pr\u00f3speri\" \/>\n\t<meta name=\"twitter:label2\" content=\"Est. tempo de leitura\" \/>\n\t<meta name=\"twitter:data2\" content=\"5 minutos\" \/>\n<script type=\"application\/ld+json\" class=\"yoast-schema-graph\">{\"@context\":\"https:\\\/\\\/schema.org\",\"@graph\":[{\"@type\":\"Article\",\"@id\":\"https:\\\/\\\/blogdoprosperi.com\\\/?p=12842#article\",\"isPartOf\":{\"@id\":\"https:\\\/\\\/blogdoprosperi.com\\\/?p=12842\"},\"author\":{\"name\":\"Luiz Ant\u00f4nio Pr\u00f3speri\",\"@id\":\"https:\\\/\\\/blogdoprosperi.com\\\/#\\\/schema\\\/person\\\/38100755ce3601861ee4fab9b5aa78e9\"},\"headline\":\"Pa\u00eds de Gales diz sim \u00e0 Eurocopa e Quaresma eleva Portugal\",\"datePublished\":\"2016-06-25T18:31:03+00:00\",\"dateModified\":\"2016-06-25T22:06:04+00:00\",\"mainEntityOfPage\":{\"@id\":\"https:\\\/\\\/blogdoprosperi.com\\\/?p=12842\"},\"wordCount\":999,\"commentCount\":1,\"publisher\":{\"@id\":\"https:\\\/\\\/blogdoprosperi.com\\\/#\\\/schema\\\/person\\\/38100755ce3601861ee4fab9b5aa78e9\"},\"image\":{\"@id\":\"https:\\\/\\\/blogdoprosperi.com\\\/?p=12842#primaryimage\"},\"thumbnailUrl\":\"https:\\\/\\\/blogdoprosperi.com\\\/wp-content\\\/uploads\\\/2016\\\/06\\\/5472-1.jpg\",\"keywords\":[\"Euro-16\",\"Eurocopa 2016\",\"futebol\",\"Gareth Bale\",\"Irlanda de Norte\",\"Pa\u00eds de Gales\",\"Pol\u00f4nia\",\"Ramsey\",\"Reino Unido\",\"Shaqri\",\"Su\u00ed\u00e7a\",\"Uni\u00e3o Europ\u00e9ia\",\"Will Grigg\"],\"articleSection\":[\"futebol\"],\"inLanguage\":\"pt-BR\",\"potentialAction\":[{\"@type\":\"CommentAction\",\"name\":\"Comment\",\"target\":[\"https:\\\/\\\/blogdoprosperi.com\\\/?p=12842#respond\"]}]},{\"@type\":\"WebPage\",\"@id\":\"https:\\\/\\\/blogdoprosperi.com\\\/?p=12842\",\"url\":\"https:\\\/\\\/blogdoprosperi.com\\\/?p=12842\",\"name\":\"Pa\u00eds de Gales diz sim \u00e0 Eurocopa e Quaresma eleva Portugal - PR\u00d3SPERI NEWS\",\"isPartOf\":{\"@id\":\"https:\\\/\\\/blogdoprosperi.com\\\/#website\"},\"primaryImageOfPage\":{\"@id\":\"https:\\\/\\\/blogdoprosperi.com\\\/?p=12842#primaryimage\"},\"image\":{\"@id\":\"https:\\\/\\\/blogdoprosperi.com\\\/?p=12842#primaryimage\"},\"thumbnailUrl\":\"https:\\\/\\\/blogdoprosperi.com\\\/wp-content\\\/uploads\\\/2016\\\/06\\\/5472-1.jpg\",\"datePublished\":\"2016-06-25T18:31:03+00:00\",\"dateModified\":\"2016-06-25T22:06:04+00:00\",\"breadcrumb\":{\"@id\":\"https:\\\/\\\/blogdoprosperi.com\\\/?p=12842#breadcrumb\"},\"inLanguage\":\"pt-BR\",\"potentialAction\":[{\"@type\":\"ReadAction\",\"target\":[\"https:\\\/\\\/blogdoprosperi.com\\\/?p=12842\"]}]},{\"@type\":\"ImageObject\",\"inLanguage\":\"pt-BR\",\"@id\":\"https:\\\/\\\/blogdoprosperi.com\\\/?p=12842#primaryimage\",\"url\":\"https:\\\/\\\/i0.wp.com\\\/blogdoprosperi.com\\\/wp-content\\\/uploads\\\/2016\\\/06\\\/5472-1.jpg?fit=1065%2C639&ssl=1\",\"contentUrl\":\"https:\\\/\\\/i0.wp.com\\\/blogdoprosperi.com\\\/wp-content\\\/uploads\\\/2016\\\/06\\\/5472-1.jpg?fit=1065%2C639&ssl=1\",\"width\":1065,\"height\":639},{\"@type\":\"BreadcrumbList\",\"@id\":\"https:\\\/\\\/blogdoprosperi.com\\\/?p=12842#breadcrumb\",\"itemListElement\":[{\"@type\":\"ListItem\",\"position\":1,\"name\":\"In\u00edcio\",\"item\":\"https:\\\/\\\/blogdoprosperi.com\\\/\"},{\"@type\":\"ListItem\",\"position\":2,\"name\":\"Pa\u00eds de Gales diz sim \u00e0 Eurocopa e Quaresma eleva Portugal\"}]},{\"@type\":\"WebSite\",\"@id\":\"https:\\\/\\\/blogdoprosperi.com\\\/#website\",\"url\":\"https:\\\/\\\/blogdoprosperi.com\\\/\",\"name\":\"PR\u00d3SPERI NEWS\",\"description\":\"TUDO \u00c9  FUTEBOL\",\"publisher\":{\"@id\":\"https:\\\/\\\/blogdoprosperi.com\\\/#\\\/schema\\\/person\\\/38100755ce3601861ee4fab9b5aa78e9\"},\"alternateName\":\"blogdoprosperi.com\",\"potentialAction\":[{\"@type\":\"SearchAction\",\"target\":{\"@type\":\"EntryPoint\",\"urlTemplate\":\"https:\\\/\\\/blogdoprosperi.com\\\/?s={search_term_string}\"},\"query-input\":{\"@type\":\"PropertyValueSpecification\",\"valueRequired\":true,\"valueName\":\"search_term_string\"}}],\"inLanguage\":\"pt-BR\"},{\"@type\":[\"Person\",\"Organization\"],\"@id\":\"https:\\\/\\\/blogdoprosperi.com\\\/#\\\/schema\\\/person\\\/38100755ce3601861ee4fab9b5aa78e9\",\"name\":\"Luiz Ant\u00f4nio Pr\u00f3speri\",\"pronouns\":\"ele\",\"image\":{\"@type\":\"ImageObject\",\"inLanguage\":\"pt-BR\",\"@id\":\"https:\\\/\\\/i0.wp.com\\\/blogdoprosperi.com\\\/wp-content\\\/uploads\\\/2026\\\/05\\\/cropped-8059e613-6002-42fa-961e-8e275f575d71-2-5.jpg?fit=1360%2C931&ssl=1\",\"url\":\"https:\\\/\\\/i0.wp.com\\\/blogdoprosperi.com\\\/wp-content\\\/uploads\\\/2026\\\/05\\\/cropped-8059e613-6002-42fa-961e-8e275f575d71-2-5.jpg?fit=1360%2C931&ssl=1\",\"contentUrl\":\"https:\\\/\\\/i0.wp.com\\\/blogdoprosperi.com\\\/wp-content\\\/uploads\\\/2026\\\/05\\\/cropped-8059e613-6002-42fa-961e-8e275f575d71-2-5.jpg?fit=1360%2C931&ssl=1\",\"width\":1360,\"height\":931,\"caption\":\"Luiz Ant\u00f4nio Pr\u00f3speri\"},\"logo\":{\"@id\":\"https:\\\/\\\/i0.wp.com\\\/blogdoprosperi.com\\\/wp-content\\\/uploads\\\/2026\\\/05\\\/cropped-8059e613-6002-42fa-961e-8e275f575d71-2-5.jpg?fit=1360%2C931&ssl=1\"},\"description\":\"Jornalista com carreira dedicada ao esporte. Cobriu 9 Copas do Mundo in loco, 1990 na It\u00e1lia, 1994 nos EUA, 1998 na Fran\u00e7a, 2002 na Coreia do Sul e Jap\u00e3o, 2006 na Alemanha, 2010 na \u00c1frica do Sul, 2014 no Brasil, 2018 na R\u00fassia e 2022 no Qatar. Eurocopas, 1992 na Su\u00e9cia e 1996 na Inglaterra. Copa das Confedera\u00e7\u00f5es de 2005 na Alemanha e 2009 na \u00c1frica do Sul. Rep\u00f3rter e Editor, trabalhou no Jornal da Tarde e Estad\u00e3o, de 1984 a fevereiro de 2016. Colunista, blogueiro. E comentarista de futebol na R\u00e1dio Estad\u00e3o, de 2013 a fevereiro de 2016. Jornalista respons\u00e1vel do \\\"Pr\u00f3speri News\\\" (blogdoprosperi.com).\",\"sameAs\":[\"http:\\\/\\\/blogdoprosperi.com\",\"Luiz Pr\u00f3speri\",\"@luiz_prosperi\",\"https:\\\/\\\/x.com\\\/Luizprosperi\",\"@prosperinacopa\",\"luiz.prosperi@icloud.com\"],\"url\":\"https:\\\/\\\/blogdoprosperi.com\\\/?author=102107496\"}]}<\/script>\n<!-- \/ Yoast SEO plugin. -->","yoast_head_json":{"title":"Pa\u00eds de Gales diz sim \u00e0 Eurocopa e Quaresma eleva Portugal - PR\u00d3SPERI NEWS","robots":{"index":"index","follow":"follow","max-snippet":"max-snippet:-1","max-image-preview":"max-image-preview:large","max-video-preview":"max-video-preview:-1"},"canonical":"https:\/\/blogdoprosperi.com\/?p=12842","og_locale":"pt_BR","og_type":"article","og_title":"Pa\u00eds de Gales diz sim \u00e0 Eurocopa e Quaresma eleva Portugal - PR\u00d3SPERI NEWS","og_description":"Pa\u00eds Gales votou para sair da Uni\u00e3o Europ\u00e9ia, 52,5% a favor do &#8220;Brexit&#8221;. Irlanda do Norte votou n\u00e3o, [&hellip;]","og_url":"https:\/\/blogdoprosperi.com\/?p=12842","og_site_name":"PR\u00d3SPERI NEWS","article_publisher":"Luiz Pr\u00f3speri","article_author":"Luiz Pr\u00f3speri","article_published_time":"2016-06-25T18:31:03+00:00","article_modified_time":"2016-06-25T22:06:04+00:00","og_image":[{"url":"https:\/\/i0.wp.com\/blogdoprosperi.com\/wp-content\/uploads\/2016\/06\/5472-3.jpg?w=601&#038;h=401&#038;ssl=1","type":"","width":"","height":""}],"author":"Luiz Ant\u00f4nio Pr\u00f3speri","twitter_card":"summary_large_image","twitter_creator":"@Luizprosperi","twitter_site":"@Luizprosperi","twitter_misc":{"Escrito por":"Luiz Ant\u00f4nio Pr\u00f3speri","Est. tempo de leitura":"5 minutos"},"schema":{"@context":"https:\/\/schema.org","@graph":[{"@type":"Article","@id":"https:\/\/blogdoprosperi.com\/?p=12842#article","isPartOf":{"@id":"https:\/\/blogdoprosperi.com\/?p=12842"},"author":{"name":"Luiz Ant\u00f4nio Pr\u00f3speri","@id":"https:\/\/blogdoprosperi.com\/#\/schema\/person\/38100755ce3601861ee4fab9b5aa78e9"},"headline":"Pa\u00eds de Gales diz sim \u00e0 Eurocopa e Quaresma eleva Portugal","datePublished":"2016-06-25T18:31:03+00:00","dateModified":"2016-06-25T22:06:04+00:00","mainEntityOfPage":{"@id":"https:\/\/blogdoprosperi.com\/?p=12842"},"wordCount":999,"commentCount":1,"publisher":{"@id":"https:\/\/blogdoprosperi.com\/#\/schema\/person\/38100755ce3601861ee4fab9b5aa78e9"},"image":{"@id":"https:\/\/blogdoprosperi.com\/?p=12842#primaryimage"},"thumbnailUrl":"https:\/\/blogdoprosperi.com\/wp-content\/uploads\/2016\/06\/5472-1.jpg","keywords":["Euro-16","Eurocopa 2016","futebol","Gareth Bale","Irlanda de Norte","Pa\u00eds de Gales","Pol\u00f4nia","Ramsey","Reino Unido","Shaqri","Su\u00ed\u00e7a","Uni\u00e3o Europ\u00e9ia","Will Grigg"],"articleSection":["futebol"],"inLanguage":"pt-BR","potentialAction":[{"@type":"CommentAction","name":"Comment","target":["https:\/\/blogdoprosperi.com\/?p=12842#respond"]}]},{"@type":"WebPage","@id":"https:\/\/blogdoprosperi.com\/?p=12842","url":"https:\/\/blogdoprosperi.com\/?p=12842","name":"Pa\u00eds de Gales diz sim \u00e0 Eurocopa e Quaresma eleva Portugal - PR\u00d3SPERI NEWS","isPartOf":{"@id":"https:\/\/blogdoprosperi.com\/#website"},"primaryImageOfPage":{"@id":"https:\/\/blogdoprosperi.com\/?p=12842#primaryimage"},"image":{"@id":"https:\/\/blogdoprosperi.com\/?p=12842#primaryimage"},"thumbnailUrl":"https:\/\/blogdoprosperi.com\/wp-content\/uploads\/2016\/06\/5472-1.jpg","datePublished":"2016-06-25T18:31:03+00:00","dateModified":"2016-06-25T22:06:04+00:00","breadcrumb":{"@id":"https:\/\/blogdoprosperi.com\/?p=12842#breadcrumb"},"inLanguage":"pt-BR","potentialAction":[{"@type":"ReadAction","target":["https:\/\/blogdoprosperi.com\/?p=12842"]}]},{"@type":"ImageObject","inLanguage":"pt-BR","@id":"https:\/\/blogdoprosperi.com\/?p=12842#primaryimage","url":"https:\/\/i0.wp.com\/blogdoprosperi.com\/wp-content\/uploads\/2016\/06\/5472-1.jpg?fit=1065%2C639&ssl=1","contentUrl":"https:\/\/i0.wp.com\/blogdoprosperi.com\/wp-content\/uploads\/2016\/06\/5472-1.jpg?fit=1065%2C639&ssl=1","width":1065,"height":639},{"@type":"BreadcrumbList","@id":"https:\/\/blogdoprosperi.com\/?p=12842#breadcrumb","itemListElement":[{"@type":"ListItem","position":1,"name":"In\u00edcio","item":"https:\/\/blogdoprosperi.com\/"},{"@type":"ListItem","position":2,"name":"Pa\u00eds de Gales diz sim \u00e0 Eurocopa e Quaresma eleva Portugal"}]},{"@type":"WebSite","@id":"https:\/\/blogdoprosperi.com\/#website","url":"https:\/\/blogdoprosperi.com\/","name":"PR\u00d3SPERI NEWS","description":"TUDO \u00c9  FUTEBOL","publisher":{"@id":"https:\/\/blogdoprosperi.com\/#\/schema\/person\/38100755ce3601861ee4fab9b5aa78e9"},"alternateName":"blogdoprosperi.com","potentialAction":[{"@type":"SearchAction","target":{"@type":"EntryPoint","urlTemplate":"https:\/\/blogdoprosperi.com\/?s={search_term_string}"},"query-input":{"@type":"PropertyValueSpecification","valueRequired":true,"valueName":"search_term_string"}}],"inLanguage":"pt-BR"},{"@type":["Person","Organization"],"@id":"https:\/\/blogdoprosperi.com\/#\/schema\/person\/38100755ce3601861ee4fab9b5aa78e9","name":"Luiz Ant\u00f4nio Pr\u00f3speri","pronouns":"ele","image":{"@type":"ImageObject","inLanguage":"pt-BR","@id":"https:\/\/i0.wp.com\/blogdoprosperi.com\/wp-content\/uploads\/2026\/05\/cropped-8059e613-6002-42fa-961e-8e275f575d71-2-5.jpg?fit=1360%2C931&ssl=1","url":"https:\/\/i0.wp.com\/blogdoprosperi.com\/wp-content\/uploads\/2026\/05\/cropped-8059e613-6002-42fa-961e-8e275f575d71-2-5.jpg?fit=1360%2C931&ssl=1","contentUrl":"https:\/\/i0.wp.com\/blogdoprosperi.com\/wp-content\/uploads\/2026\/05\/cropped-8059e613-6002-42fa-961e-8e275f575d71-2-5.jpg?fit=1360%2C931&ssl=1","width":1360,"height":931,"caption":"Luiz Ant\u00f4nio Pr\u00f3speri"},"logo":{"@id":"https:\/\/i0.wp.com\/blogdoprosperi.com\/wp-content\/uploads\/2026\/05\/cropped-8059e613-6002-42fa-961e-8e275f575d71-2-5.jpg?fit=1360%2C931&ssl=1"},"description":"Jornalista com carreira dedicada ao esporte. Cobriu 9 Copas do Mundo in loco, 1990 na It\u00e1lia, 1994 nos EUA, 1998 na Fran\u00e7a, 2002 na Coreia do Sul e Jap\u00e3o, 2006 na Alemanha, 2010 na \u00c1frica do Sul, 2014 no Brasil, 2018 na R\u00fassia e 2022 no Qatar. Eurocopas, 1992 na Su\u00e9cia e 1996 na Inglaterra. Copa das Confedera\u00e7\u00f5es de 2005 na Alemanha e 2009 na \u00c1frica do Sul. Rep\u00f3rter e Editor, trabalhou no Jornal da Tarde e Estad\u00e3o, de 1984 a fevereiro de 2016. Colunista, blogueiro. E comentarista de futebol na R\u00e1dio Estad\u00e3o, de 2013 a fevereiro de 2016. Jornalista respons\u00e1vel do \"Pr\u00f3speri News\" (blogdoprosperi.com).","sameAs":["http:\/\/blogdoprosperi.com","Luiz Pr\u00f3speri","@luiz_prosperi","https:\/\/x.com\/Luizprosperi","@prosperinacopa","luiz.prosperi@icloud.com"],"url":"https:\/\/blogdoprosperi.com\/?author=102107496"}]}},"jetpack_publicize_connections":[],"jetpack_likes_enabled":false,"jetpack_sharing_enabled":true,"jetpack_shortlink":"https:\/\/wp.me\/p7jvdk-3l8","jetpack-related-posts":[{"id":12029,"url":"https:\/\/blogdoprosperi.com\/?p=12029","url_meta":{"origin":12842,"position":0},"title":"Alemanha avan\u00e7a \u00e0s oitavas da Eurocopa em crise de identidade com o gol","author":"Luiz Ant\u00f4nio Pr\u00f3speri","date":"21 de junho de 2016","format":false,"excerpt":"Alem\u00e3es n\u00e3o entendem como um time arrega\u00e7a defesas dos advers\u00e1rios, cria uma oportunidade atr\u00e1s da outra e vence por apenas 1 a 0. A hist\u00f3ria se repetiu nesta ter\u00e7a-feira (21\/6) na vit\u00f3ria por 1 a 0 contra a Irlanda do Norte, resultado que leva aos alem\u00e3es \u00e0s oitavas de final\u2026","rel":"","context":"Em &quot;futebol&quot;","block_context":{"text":"futebol","link":"https:\/\/blogdoprosperi.com\/?cat=53870"},"img":{"alt_text":"","src":"https:\/\/i0.wp.com\/blogdoprosperi.com\/wp-content\/uploads\/2016\/06\/607466503_sb_4148_3ca7f71db31ae1fb91df20cc1816eeaf_3341.jpg?resize=350%2C200","width":350,"height":200,"srcset":"https:\/\/i0.wp.com\/blogdoprosperi.com\/wp-content\/uploads\/2016\/06\/607466503_sb_4148_3ca7f71db31ae1fb91df20cc1816eeaf_3341.jpg?resize=350%2C200 1x, https:\/\/i0.wp.com\/blogdoprosperi.com\/wp-content\/uploads\/2016\/06\/607466503_sb_4148_3ca7f71db31ae1fb91df20cc1816eeaf_3341.jpg?resize=525%2C300 1.5x, https:\/\/i0.wp.com\/blogdoprosperi.com\/wp-content\/uploads\/2016\/06\/607466503_sb_4148_3ca7f71db31ae1fb91df20cc1816eeaf_3341.jpg?resize=700%2C400 2x"},"classes":[]},{"id":9857,"url":"https:\/\/blogdoprosperi.com\/?p=9857","url_meta":{"origin":12842,"position":1},"title":"Inglaterra sofre castigo na estreia e hooligans tingem ruas de Marselha de sangue","author":"Luiz Ant\u00f4nio Pr\u00f3speri","date":"11 de junho de 2016","format":false,"excerpt":"Ingleses n\u00e3o saem do Reino Unido apenas para torcer por sua sele\u00e7\u00e3o. Por onde passam, deixam um rastro de sangue. Tem sido assim desde anos 1980. A prefer\u00eancia \u00e9 por se entupir \u00a0de oceanos de cerveja, desafiar os locais ou torcedores do advers\u00e1rio, sair no muque e quebrar bares e\u2026","rel":"","context":"Em &quot;futebol&quot;","block_context":{"text":"futebol","link":"https:\/\/blogdoprosperi.com\/?cat=53870"},"img":{"alt_text":"","src":"https:\/\/i0.wp.com\/blogdoprosperi.com\/wp-content\/uploads\/2016\/06\/1465668346_130125_1465669042_album_normal.jpg?resize=350%2C200","width":350,"height":200,"srcset":"https:\/\/i0.wp.com\/blogdoprosperi.com\/wp-content\/uploads\/2016\/06\/1465668346_130125_1465669042_album_normal.jpg?resize=350%2C200 1x, https:\/\/i0.wp.com\/blogdoprosperi.com\/wp-content\/uploads\/2016\/06\/1465668346_130125_1465669042_album_normal.jpg?resize=525%2C300 1.5x, https:\/\/i0.wp.com\/blogdoprosperi.com\/wp-content\/uploads\/2016\/06\/1465668346_130125_1465669042_album_normal.jpg?resize=700%2C400 2x"},"classes":[]},{"id":15093,"url":"https:\/\/blogdoprosperi.com\/?p=15093","url_meta":{"origin":12842,"position":2},"title":"Cristiano Ronaldo tem um sonho para contar a todo mundo","author":"Luiz Ant\u00f4nio Pr\u00f3speri","date":"6 de julho de 2016","format":false,"excerpt":"Cristiano Ronaldo \u00e9 uma m\u00e1quina produtora de gols. \u00c9 um obstinado na busca de t\u00edtulos. No Real Madrid j\u00e1 beijou o c\u00e9u campe\u00e3o da Champions League por duas vezes. Suas atua\u00e7\u00f5es nos clubes o levaram a ser eleito melhor do mundo por tr\u00eas vezes. Falta ao craque portugu\u00eas o toque\u2026","rel":"","context":"Em &quot;futebol&quot;","block_context":{"text":"futebol","link":"https:\/\/blogdoprosperi.com\/?cat=53870"},"img":{"alt_text":"","src":"https:\/\/i0.wp.com\/blogdoprosperi.com\/wp-content\/uploads\/2016\/07\/3129.jpg?resize=350%2C200","width":350,"height":200,"srcset":"https:\/\/i0.wp.com\/blogdoprosperi.com\/wp-content\/uploads\/2016\/07\/3129.jpg?resize=350%2C200 1x, https:\/\/i0.wp.com\/blogdoprosperi.com\/wp-content\/uploads\/2016\/07\/3129.jpg?resize=525%2C300 1.5x, https:\/\/i0.wp.com\/blogdoprosperi.com\/wp-content\/uploads\/2016\/07\/3129.jpg?resize=700%2C400 2x, https:\/\/i0.wp.com\/blogdoprosperi.com\/wp-content\/uploads\/2016\/07\/3129.jpg?resize=1050%2C600 3x"},"classes":[]},{"id":12349,"url":"https:\/\/blogdoprosperi.com\/?p=12349","url_meta":{"origin":12842,"position":3},"title":"Veja confrontos das oitavas de final da Eurocopa e a festa das torcidas","author":"Luiz Ant\u00f4nio Pr\u00f3speri","date":"22 de junho de 2016","format":false,"excerpt":"\u00a0 Futebol se rende \u00e0 paix\u00e3o das torcidas na Eurocopa 2016. Em todos os jogos da \u00faltima rodada da primeira fase, encerrada nesta quarta-feira, est\u00e1dios franceses transbordaram de emo\u00e7\u00e3o. Entre l\u00e1grimas e sorrisos e gritos tribais, torcedores festejaram uma simples classifica\u00e7\u00e3o \u00e0s oitavas de final como se fosse a conquista\u2026","rel":"","context":"Em &quot;futebol&quot;","block_context":{"text":"futebol","link":"https:\/\/blogdoprosperi.com\/?cat=53870"},"img":{"alt_text":"","src":"https:\/\/i0.wp.com\/blogdoprosperi.com\/wp-content\/uploads\/2016\/06\/2170.jpg?resize=350%2C200","width":350,"height":200,"srcset":"https:\/\/i0.wp.com\/blogdoprosperi.com\/wp-content\/uploads\/2016\/06\/2170.jpg?resize=350%2C200 1x, https:\/\/i0.wp.com\/blogdoprosperi.com\/wp-content\/uploads\/2016\/06\/2170.jpg?resize=525%2C300 1.5x"},"classes":[]},{"id":14457,"url":"https:\/\/blogdoprosperi.com\/?p=14457","url_meta":{"origin":12842,"position":4},"title":"Quando dois amigos do futebol t\u00eam encontro marcado em Lyon","author":"Luiz Ant\u00f4nio Pr\u00f3speri","date":"1 de julho de 2016","format":false,"excerpt":"Pa\u00eds de Gales, de Gareth Bale, derrota B\u00e9lgica por 3 a 1 e vai enfrentar Portugal, de Cristiano Ronaldo, nas semifinais da Eurocopa Gareth Bale e Cristiano Ronaldo, parceiros no Real Madrid, t\u00eam encontro marcado na quarta-feira (06\/7), em Lyon. N\u00e3o v\u00e3o a passeio, v\u00e3o medir for\u00e7as nas semifinais da\u2026","rel":"","context":"Em &quot;futebol&quot;","block_context":{"text":"futebol","link":"https:\/\/blogdoprosperi.com\/?cat=53870"},"img":{"alt_text":"","src":"https:\/\/i0.wp.com\/blogdoprosperi.com\/wp-content\/uploads\/2016\/07\/3072.jpg?resize=350%2C200","width":350,"height":200,"srcset":"https:\/\/i0.wp.com\/blogdoprosperi.com\/wp-content\/uploads\/2016\/07\/3072.jpg?resize=350%2C200 1x, https:\/\/i0.wp.com\/blogdoprosperi.com\/wp-content\/uploads\/2016\/07\/3072.jpg?resize=525%2C300 1.5x"},"classes":[]},{"id":11143,"url":"https:\/\/blogdoprosperi.com\/?p=11143","url_meta":{"origin":12842,"position":5},"title":"Muito longe do 7 a 1, Alemanha paga por falta de ousadia do ataque na Eurocopa","author":"Luiz Ant\u00f4nio Pr\u00f3speri","date":"16 de junho de 2016","format":false,"excerpt":"\u00a0 Alemanha perdeu o gosto pelos gols. Parece que ficou sem apetite ap\u00f3s o devastador Tsunami em cima do Brasil na Copa de 2014. Essa evid\u00eancia se materializou na segunda rodada da Eurocopa-2016 contra a Pol\u00f4nia nesta quinta-feira (16\/6) em Saint-Denis. O empate por 0 a 0 diante dos poloneses\u00a0\u00e9\u2026","rel":"","context":"Em &quot;futebol&quot;","block_context":{"text":"futebol","link":"https:\/\/blogdoprosperi.com\/?cat=53870"},"img":{"alt_text":"","src":"https:\/\/i0.wp.com\/blogdoprosperi.com\/wp-content\/uploads\/2016\/06\/607466267_mh_4310_ac8ca14cbe525788b28296f79e63cd90_3285.jpg?resize=350%2C200","width":350,"height":200,"srcset":"https:\/\/i0.wp.com\/blogdoprosperi.com\/wp-content\/uploads\/2016\/06\/607466267_mh_4310_ac8ca14cbe525788b28296f79e63cd90_3285.jpg?resize=350%2C200 1x, https:\/\/i0.wp.com\/blogdoprosperi.com\/wp-content\/uploads\/2016\/06\/607466267_mh_4310_ac8ca14cbe525788b28296f79e63cd90_3285.jpg?resize=525%2C300 1.5x, https:\/\/i0.wp.com\/blogdoprosperi.com\/wp-content\/uploads\/2016\/06\/607466267_mh_4310_ac8ca14cbe525788b28296f79e63cd90_3285.jpg?resize=700%2C400 2x"},"classes":[]}],"jetpack_featured_media_url":"","_links":{"self":[{"href":"https:\/\/blogdoprosperi.com\/index.php?rest_route=\/wp\/v2\/posts\/12842","targetHints":{"allow":["GET"]}}],"collection":[{"href":"https:\/\/blogdoprosperi.com\/index.php?rest_route=\/wp\/v2\/posts"}],"about":[{"href":"https:\/\/blogdoprosperi.com\/index.php?rest_route=\/wp\/v2\/types\/post"}],"author":[{"embeddable":true,"href":"https:\/\/blogdoprosperi.com\/index.php?rest_route=\/wp\/v2\/users\/102107496"}],"replies":[{"embeddable":true,"href":"https:\/\/blogdoprosperi.com\/index.php?rest_route=%2Fwp%2Fv2%2Fcomments&post=12842"}],"version-history":[{"count":25,"href":"https:\/\/blogdoprosperi.com\/index.php?rest_route=\/wp\/v2\/posts\/12842\/revisions"}],"predecessor-version":[{"id":12971,"href":"https:\/\/blogdoprosperi.com\/index.php?rest_route=\/wp\/v2\/posts\/12842\/revisions\/12971"}],"wp:attachment":[{"href":"https:\/\/blogdoprosperi.com\/index.php?rest_route=%2Fwp%2Fv2%2Fmedia&parent=12842"}],"wp:term":[{"taxonomy":"category","embeddable":true,"href":"https:\/\/blogdoprosperi.com\/index.php?rest_route=%2Fwp%2Fv2%2Fcategories&post=12842"},{"taxonomy":"post_tag","embeddable":true,"href":"https:\/\/blogdoprosperi.com\/index.php?rest_route=%2Fwp%2Fv2%2Ftags&post=12842"}],"curies":[{"name":"wp","href":"https:\/\/api.w.org\/{rel}","templated":true}]}}