{"id":13709,"date":"2016-06-29T15:23:08","date_gmt":"2016-06-29T15:23:08","guid":{"rendered":"http:\/\/blogdoprosperi.com\/?p=13709"},"modified":"2016-06-29T15:23:08","modified_gmt":"2016-06-29T15:23:08","slug":"fernando-prass-e-convocado-para-liderar-selecao-olimpica","status":"publish","type":"post","link":"https:\/\/blogdoprosperi.com\/?p=13709","title":{"rendered":"Fernando Prass \u00e9 convocado para liderar Sele\u00e7\u00e3o Ol\u00edmpica"},"content":{"rendered":"<h6>Goleiro do Palmeiras deve ser o capit\u00e3o do time na Olimp\u00edada do Rio e deixar a Neymar a responsabilidade de assombrar os advers\u00e1rios<\/h6>\n<h6><span class=\"alignnone\"><img data-recalc-dims=\"1\" loading=\"lazy\" decoding=\"async\" data-attachment-id=\"13774\" data-permalink=\"https:\/\/blogdoprosperi.com\/?attachment_id=13774\" data-orig-file=\"https:\/\/i0.wp.com\/blogdoprosperi.com\/wp-content\/uploads\/2016\/06\/111185_697x437_crop_565fa6120af0e.jpg?fit=697%2C437&amp;ssl=1\" data-orig-size=\"697,437\" data-comments-opened=\"1\" data-image-meta=\"{&quot;aperture&quot;:&quot;0&quot;,&quot;credit&quot;:&quot;&quot;,&quot;camera&quot;:&quot;&quot;,&quot;caption&quot;:&quot;&quot;,&quot;created_timestamp&quot;:&quot;0&quot;,&quot;copyright&quot;:&quot;&quot;,&quot;focal_length&quot;:&quot;0&quot;,&quot;iso&quot;:&quot;0&quot;,&quot;shutter_speed&quot;:&quot;0&quot;,&quot;title&quot;:&quot;&quot;,&quot;orientation&quot;:&quot;0&quot;}\" data-image-title=\"111185_697x437_crop_565fa6120af0e\" data-image-description=\"\" data-image-caption=\"\" data-large-file=\"https:\/\/i0.wp.com\/blogdoprosperi.com\/wp-content\/uploads\/2016\/06\/111185_697x437_crop_565fa6120af0e.jpg?fit=697%2C437&amp;ssl=1\" class=\"alignnone size-full wp-image-13774\" src=\"https:\/\/i0.wp.com\/blogdoprosperi.com\/wp-content\/uploads\/2016\/06\/111185_697x437_crop_565fa6120af0e.jpg?resize=697%2C437&#038;ssl=1\" alt=\"111185_697x437_crop_565fa6120af0e\" width=\"697\" height=\"437\" \/><\/span><\/h6>\n<p>Fernando Prass, aos 38 anos, vai ser o l\u00edder da Sele\u00e7\u00e3o Ol\u00edmpica, na avalia\u00e7\u00e3o da comiss\u00e3o t\u00e9cnica, nos Jogos do Rio. Sem nunca ter sido convocado, seja por sele\u00e7\u00f5es de base ou principal, o goleiro do Palmeiras tamb\u00e9m ter\u00e1 a miss\u00e3o de colocar Neymar nos eixos. N\u00e3o vai ser f\u00e1cil.<\/p>\n<p>Neymar se preservou da Copa Am\u00e9rica Centen\u00e1rio, mesmo assim criou uma pol\u00eamica desnecess\u00e1ria ao chamar cr\u00edticos e imprensa de babacas, pediu desculpas e chega \u00e0 Olimp\u00edada do Rio como uma das grandes estrelas do evento. Na sele\u00e7\u00e3o, por\u00e9m, ter\u00e1 de baixar um pouco a bola nos vesti\u00e1rios com Prass ali ao seu lado.<\/p>\n<p>Micale disse que pesquisou muito sobre o comportamento de Prass no clube. Bom lembrar que Erasmo Damiani, coordenador das sele\u00e7\u00f5es de base da CBF, que estava ao lado Micale na apresenta\u00e7\u00e3o dos convocados, era o coordenador da base do Palmeiras at\u00e9 dezembro. Portanto, conhece, e muito bem, qualidades e defeitos de Prass.<\/p>\n<p>Veja o que Rog\u00e9rio Micale, t\u00e9cnico da Sele\u00e7\u00e3o Ol\u00edmpica, disse sobre a convoca\u00e7\u00e3o do goleiro do Palmeiras.<\/p>\n<blockquote><p>&#8221;\u00a0Ele tem o perfil de lideran\u00e7a. Peguei muitas informa\u00e7\u00f5es sobre o que ele representa ao seu clube, \u00e9 um jogador de lideran\u00e7a. Vem se destacando e se demonstrou ser bom em penalidades. \u00c9 um torneio que pode acontecer essas coisas. Agora o perfil t\u00e9cnico e de lideran\u00e7a. Quer ganhar sempre. \u00c9 isso que queremos hoje para a nossa sele\u00e7\u00e3o: que tenha t\u00e9cnica e saiba da import\u00e2ncia de vestir a camisa da sele\u00e7\u00e3o brasileira. Ter amor por isso&#8221;<\/p><\/blockquote>\n<p><span class=\"alignnone\"><img data-recalc-dims=\"1\" loading=\"lazy\" decoding=\"async\" data-attachment-id=\"13780\" data-permalink=\"https:\/\/blogdoprosperi.com\/?attachment_id=13780\" data-orig-file=\"https:\/\/i0.wp.com\/blogdoprosperi.com\/wp-content\/uploads\/2016\/06\/n_selecao_brasileira_nossos_jogadores-4879000.jpg?fit=400%2C318&amp;ssl=1\" data-orig-size=\"400,318\" data-comments-opened=\"1\" data-image-meta=\"{&quot;aperture&quot;:&quot;0&quot;,&quot;credit&quot;:&quot;&quot;,&quot;camera&quot;:&quot;&quot;,&quot;caption&quot;:&quot;&quot;,&quot;created_timestamp&quot;:&quot;0&quot;,&quot;copyright&quot;:&quot;&quot;,&quot;focal_length&quot;:&quot;0&quot;,&quot;iso&quot;:&quot;0&quot;,&quot;shutter_speed&quot;:&quot;0&quot;,&quot;title&quot;:&quot;&quot;,&quot;orientation&quot;:&quot;0&quot;}\" data-image-title=\"n_selecao_brasileira_nossos_jogadores-4879000\" data-image-description=\"\" data-image-caption=\"\" data-large-file=\"https:\/\/i0.wp.com\/blogdoprosperi.com\/wp-content\/uploads\/2016\/06\/n_selecao_brasileira_nossos_jogadores-4879000.jpg?fit=400%2C318&amp;ssl=1\" class=\"alignnone size-full wp-image-13780 alignleft\" src=\"https:\/\/i0.wp.com\/blogdoprosperi.com\/wp-content\/uploads\/2016\/06\/n_selecao_brasileira_nossos_jogadores-4879000.jpg?resize=400%2C318&#038;ssl=1\" alt=\"n_selecao_brasileira_nossos_jogadores-4879000\" width=\"400\" height=\"318\" \/><\/span>Veja agora o que Micale disse sobre a lideran\u00e7a e a expectativa sobre Neymar<\/p>\n<blockquote><p>&#8220;Neymar \u00e9 diferenciado, um dos melhores do mundo. Qualquer sele\u00e7\u00e3o do mundo queria contar com um jogador com esse perfil. Mas tentamos agregar outros perfis de lideran\u00e7a. A minha expectativa \u00e9 que ele corresponda. Ele vai significar muita coisa \u00e0 nossa equipe. Espero que de fato ele possa conduzir os mais jovens&#8221;.<\/p><\/blockquote>\n<p>Diante dessas duas an\u00e1lises do treinador da Sele\u00e7\u00e3o Ol\u00edmpica, n\u00e3o ser\u00e1 surpresa se Prass sumir a tarja de capit\u00e3o do time e deixar a Neymar a condu\u00e7\u00e3o t\u00e9cnica no jogo em si.<\/p>\n<p>Outra observa\u00e7\u00e3o a respeito de Fernando Prass \u00e9 seu futuro na Sele\u00e7\u00e3o Brasileira principal. Tite certamente sugeriu a convoca\u00e7\u00e3o do goleiro do Palmeiras agora e, se for bem e corresponder \u00e0s expectativas na Olimp\u00edada, ser\u00e1 o capit\u00e3o e um dos l\u00edderes do time nas Eliminat\u00f3rias da Copa de 2018.<\/p>\n<p><span class=\"alignnone\"><img data-recalc-dims=\"1\" loading=\"lazy\" decoding=\"async\" data-attachment-id=\"13784\" data-permalink=\"https:\/\/blogdoprosperi.com\/?attachment_id=13784\" data-orig-file=\"https:\/\/i0.wp.com\/blogdoprosperi.com\/wp-content\/uploads\/2016\/06\/622_19216806-b202-3213-b154-208be60620e7.jpg?fit=622%2C350&amp;ssl=1\" data-orig-size=\"622,350\" data-comments-opened=\"1\" data-image-meta=\"{&quot;aperture&quot;:&quot;0&quot;,&quot;credit&quot;:&quot;&quot;,&quot;camera&quot;:&quot;&quot;,&quot;caption&quot;:&quot;&quot;,&quot;created_timestamp&quot;:&quot;0&quot;,&quot;copyright&quot;:&quot;&quot;,&quot;focal_length&quot;:&quot;0&quot;,&quot;iso&quot;:&quot;0&quot;,&quot;shutter_speed&quot;:&quot;0&quot;,&quot;title&quot;:&quot;&quot;,&quot;orientation&quot;:&quot;0&quot;}\" data-image-title=\"622_19216806-b202-3213-b154-208be60620e7\" data-image-description=\"\" data-image-caption=\"\" data-large-file=\"https:\/\/i0.wp.com\/blogdoprosperi.com\/wp-content\/uploads\/2016\/06\/622_19216806-b202-3213-b154-208be60620e7.jpg?fit=622%2C350&amp;ssl=1\" class=\"alignnone size-full wp-image-13784\" src=\"https:\/\/i0.wp.com\/blogdoprosperi.com\/wp-content\/uploads\/2016\/06\/622_19216806-b202-3213-b154-208be60620e7.jpg?resize=622%2C350&#038;ssl=1\" alt=\"622_19216806-b202-3213-b154-208be60620e7\" width=\"622\" height=\"350\" \/><\/span><\/p>\n<p>Veja o que Micale disse sobre Neymar ser capit\u00e3o ou n\u00e3o da Sele\u00e7\u00e3o nos Jogos do Rio.<\/p>\n<blockquote><p>&#8220;Eu vou conhecer o Neymar, olhar no olho dele, conversar com ele, como homem que n\u00f3s somos&#8230; Seria muito leviano falar sobre uma pessoa que n\u00e3o tenho um m\u00ednimo de conviv\u00eancia. N\u00e3o estivemos juntos. Vamos esperar, conviver, e imagino que o Neymar possa exercer esse papel, como qualquer outro. N\u00e3o posso me deixar levar por qualquer coment\u00e1rio externo sem ter uma conversa com a pessoa&#8221;.<\/p><\/blockquote>\n<p>Dos 18 convocados, Neymar, Prass e Douglas Costa, do Bayern de Munique, foram os tr\u00eas convocados acima de 23 anos.<\/p>\n<p>Veja a lista dos 18 convocados<\/p>\n<p><strong>Goleiros<\/strong><br \/>\nFernando Prass (Palmeiras)<br \/>\nUilson (Atl\u00e9tico-MG)<\/p>\n<p><strong>Lateral-direito<\/strong><br \/>\nWillian (Internacional)<\/p>\n<p><strong>Zagueiros<\/strong><br \/>\nRodrigo Caio (S\u00e3o Paulo)<br \/>\nMarquinhos (PSG)<br \/>\nLuan (Vasco)<\/p>\n<p><strong>Laterais-esquerdos<\/strong><br \/>\nDouglas Santos (Atl\u00e9tico-MG)<br \/>\nZeca (Santos)<\/p>\n<p><strong>Volantes<\/strong><br \/>\nRodrigo Dourado (Internacional)<br \/>\nThiago Maia (Santos)<br \/>\nFred (Shakhtar Donestk)<\/p>\n<p><strong>Meias<\/strong><br \/>\nRafinha (Barcelona)<br \/>\nFelipe Anderson (Lazio)<br \/>\nDouglas Costa (Bayern Munique)<\/p>\n<p><strong>Atacantes<\/strong><br \/>\nNeymar (Barcelona)<br \/>\nGabriel (Santos)<br \/>\nGabriel Jesus (Palmeiras)<br \/>\nLuan (Gr\u00eamio)<\/p>\n","protected":false},"excerpt":{"rendered":"<p>Goleiro do Palmeiras deve ser o capit\u00e3o do time na Olimp\u00edada do Rio e deixar a Neymar a [&hellip;]<\/p>\n","protected":false},"author":102107496,"featured_media":0,"comment_status":"open","ping_status":"open","sticky":false,"template":"","format":"standard","meta":{"_coblocks_attr":"","_coblocks_dimensions":"","_coblocks_responsive_height":"","_coblocks_accordion_ie_support":"","_jetpack_newsletter_access":"","_jetpack_dont_email_post_to_subs":false,"_jetpack_newsletter_tier_id":0,"_jetpack_memberships_contains_paywalled_content":false,"_wpcom_ai_launchpad_first_post":false,"_jetpack_feature_clip_id":0,"_jetpack_memberships_contains_paid_content":false,"footnotes":"","jetpack_publicize_message":"","jetpack_publicize_feature_enabled":true,"jetpack_social_post_already_shared":false,"jetpack_social_options":{"image_generator_settings":{"template":"highway","default_image_id":0,"font":"","enabled":false},"version":2},"jetpack_post_was_ever_published":false},"categories":[53870],"tags":[789560569,8522715,15913269,789560560,70642711,4029902,4112146,10021936,48751943,1814220],"class_list":["post-13709","post","type-post","status-publish","format-standard","hentry","category-futebol","tag-cbf","tag-douglas-costa","tag-fernando-prass","tag-futebol","tag-jogos-do-rio","tag-marco-polo-del-nero","tag-neymar","tag-olimpiada-2016","tag-rogerio-micale","tag-tite"],"yoast_head":"<!-- This site is optimized with the Yoast SEO plugin v28.3 - https:\/\/yoast.com\/product\/yoast-seo-wordpress\/ -->\n<title>Fernando Prass \u00e9 convocado para liderar Sele\u00e7\u00e3o Ol\u00edmpica - PR\u00d3SPERI NEWS<\/title>\n<meta name=\"robots\" content=\"index, follow, max-snippet:-1, max-image-preview:large, max-video-preview:-1\" \/>\n<link rel=\"canonical\" href=\"https:\/\/blogdoprosperi.com\/?p=13709\" \/>\n<meta property=\"og:locale\" content=\"pt_BR\" \/>\n<meta property=\"og:type\" content=\"article\" \/>\n<meta property=\"og:title\" content=\"Fernando Prass \u00e9 convocado para liderar Sele\u00e7\u00e3o Ol\u00edmpica - PR\u00d3SPERI NEWS\" \/>\n<meta property=\"og:description\" content=\"Goleiro do Palmeiras deve ser o capit\u00e3o do time na Olimp\u00edada do Rio e deixar a Neymar a [&hellip;]\" \/>\n<meta property=\"og:url\" content=\"https:\/\/blogdoprosperi.com\/?p=13709\" \/>\n<meta property=\"og:site_name\" content=\"PR\u00d3SPERI NEWS\" \/>\n<meta property=\"article:publisher\" content=\"Luiz Pr\u00f3speri\" \/>\n<meta property=\"article:author\" content=\"Luiz Pr\u00f3speri\" \/>\n<meta property=\"article:published_time\" content=\"2016-06-29T15:23:08+00:00\" \/>\n<meta property=\"og:image\" content=\"https:\/\/blogdoprosperi.com\/wp-content\/uploads\/2016\/06\/111185_697x437_crop_565fa6120af0e.jpg\" \/>\n<meta name=\"author\" content=\"Luiz Ant\u00f4nio Pr\u00f3speri\" \/>\n<meta name=\"twitter:card\" content=\"summary_large_image\" \/>\n<meta name=\"twitter:creator\" content=\"@Luizprosperi\" \/>\n<meta name=\"twitter:site\" content=\"@Luizprosperi\" \/>\n<meta name=\"twitter:label1\" content=\"Escrito por\" \/>\n\t<meta name=\"twitter:data1\" content=\"Luiz Ant\u00f4nio Pr\u00f3speri\" \/>\n\t<meta name=\"twitter:label2\" content=\"Est. tempo de leitura\" \/>\n\t<meta name=\"twitter:data2\" content=\"3 minutos\" \/>\n<script type=\"application\/ld+json\" class=\"yoast-schema-graph\">{\"@context\":\"https:\\\/\\\/schema.org\",\"@graph\":[{\"@type\":\"Article\",\"@id\":\"https:\\\/\\\/blogdoprosperi.com\\\/?p=13709#article\",\"isPartOf\":{\"@id\":\"https:\\\/\\\/blogdoprosperi.com\\\/?p=13709\"},\"author\":{\"name\":\"Luiz Ant\u00f4nio Pr\u00f3speri\",\"@id\":\"https:\\\/\\\/blogdoprosperi.com\\\/#\\\/schema\\\/person\\\/38100755ce3601861ee4fab9b5aa78e9\"},\"headline\":\"Fernando Prass \u00e9 convocado para liderar Sele\u00e7\u00e3o Ol\u00edmpica\",\"datePublished\":\"2016-06-29T15:23:08+00:00\",\"mainEntityOfPage\":{\"@id\":\"https:\\\/\\\/blogdoprosperi.com\\\/?p=13709\"},\"wordCount\":648,\"commentCount\":2,\"publisher\":{\"@id\":\"https:\\\/\\\/blogdoprosperi.com\\\/#\\\/schema\\\/person\\\/38100755ce3601861ee4fab9b5aa78e9\"},\"image\":{\"@id\":\"https:\\\/\\\/blogdoprosperi.com\\\/?p=13709#primaryimage\"},\"thumbnailUrl\":\"https:\\\/\\\/blogdoprosperi.com\\\/wp-content\\\/uploads\\\/2016\\\/06\\\/111185_697x437_crop_565fa6120af0e.jpg\",\"keywords\":[\"CBF\",\"Douglas Costa\",\"Fernando Prass\",\"futebol\",\"Jogos do Rio\",\"Marco Polo Del Nero\",\"Neymar\",\"Olimp\u00edada 2016\",\"Rog\u00e9rio Micale\",\"Tite\"],\"articleSection\":[\"futebol\"],\"inLanguage\":\"pt-BR\",\"potentialAction\":[{\"@type\":\"CommentAction\",\"name\":\"Comment\",\"target\":[\"https:\\\/\\\/blogdoprosperi.com\\\/?p=13709#respond\"]}]},{\"@type\":\"WebPage\",\"@id\":\"https:\\\/\\\/blogdoprosperi.com\\\/?p=13709\",\"url\":\"https:\\\/\\\/blogdoprosperi.com\\\/?p=13709\",\"name\":\"Fernando Prass \u00e9 convocado para liderar Sele\u00e7\u00e3o Ol\u00edmpica - PR\u00d3SPERI NEWS\",\"isPartOf\":{\"@id\":\"https:\\\/\\\/blogdoprosperi.com\\\/#website\"},\"primaryImageOfPage\":{\"@id\":\"https:\\\/\\\/blogdoprosperi.com\\\/?p=13709#primaryimage\"},\"image\":{\"@id\":\"https:\\\/\\\/blogdoprosperi.com\\\/?p=13709#primaryimage\"},\"thumbnailUrl\":\"https:\\\/\\\/blogdoprosperi.com\\\/wp-content\\\/uploads\\\/2016\\\/06\\\/111185_697x437_crop_565fa6120af0e.jpg\",\"datePublished\":\"2016-06-29T15:23:08+00:00\",\"breadcrumb\":{\"@id\":\"https:\\\/\\\/blogdoprosperi.com\\\/?p=13709#breadcrumb\"},\"inLanguage\":\"pt-BR\",\"potentialAction\":[{\"@type\":\"ReadAction\",\"target\":[\"https:\\\/\\\/blogdoprosperi.com\\\/?p=13709\"]}]},{\"@type\":\"ImageObject\",\"inLanguage\":\"pt-BR\",\"@id\":\"https:\\\/\\\/blogdoprosperi.com\\\/?p=13709#primaryimage\",\"url\":\"https:\\\/\\\/i0.wp.com\\\/blogdoprosperi.com\\\/wp-content\\\/uploads\\\/2016\\\/06\\\/111185_697x437_crop_565fa6120af0e.jpg?fit=697%2C437&ssl=1\",\"contentUrl\":\"https:\\\/\\\/i0.wp.com\\\/blogdoprosperi.com\\\/wp-content\\\/uploads\\\/2016\\\/06\\\/111185_697x437_crop_565fa6120af0e.jpg?fit=697%2C437&ssl=1\",\"width\":697,\"height\":437},{\"@type\":\"BreadcrumbList\",\"@id\":\"https:\\\/\\\/blogdoprosperi.com\\\/?p=13709#breadcrumb\",\"itemListElement\":[{\"@type\":\"ListItem\",\"position\":1,\"name\":\"In\u00edcio\",\"item\":\"https:\\\/\\\/blogdoprosperi.com\\\/\"},{\"@type\":\"ListItem\",\"position\":2,\"name\":\"Fernando Prass \u00e9 convocado para liderar Sele\u00e7\u00e3o Ol\u00edmpica\"}]},{\"@type\":\"WebSite\",\"@id\":\"https:\\\/\\\/blogdoprosperi.com\\\/#website\",\"url\":\"https:\\\/\\\/blogdoprosperi.com\\\/\",\"name\":\"PR\u00d3SPERI NEWS\",\"description\":\"TUDO \u00c9  FUTEBOL\",\"publisher\":{\"@id\":\"https:\\\/\\\/blogdoprosperi.com\\\/#\\\/schema\\\/person\\\/38100755ce3601861ee4fab9b5aa78e9\"},\"alternateName\":\"blogdoprosperi.com\",\"potentialAction\":[{\"@type\":\"SearchAction\",\"target\":{\"@type\":\"EntryPoint\",\"urlTemplate\":\"https:\\\/\\\/blogdoprosperi.com\\\/?s={search_term_string}\"},\"query-input\":{\"@type\":\"PropertyValueSpecification\",\"valueRequired\":true,\"valueName\":\"search_term_string\"}}],\"inLanguage\":\"pt-BR\"},{\"@type\":[\"Person\",\"Organization\"],\"@id\":\"https:\\\/\\\/blogdoprosperi.com\\\/#\\\/schema\\\/person\\\/38100755ce3601861ee4fab9b5aa78e9\",\"name\":\"Luiz Ant\u00f4nio Pr\u00f3speri\",\"pronouns\":\"ele\",\"image\":{\"@type\":\"ImageObject\",\"inLanguage\":\"pt-BR\",\"@id\":\"https:\\\/\\\/i0.wp.com\\\/blogdoprosperi.com\\\/wp-content\\\/uploads\\\/2026\\\/05\\\/cropped-8059e613-6002-42fa-961e-8e275f575d71-2-5.jpg?fit=1360%2C931&ssl=1\",\"url\":\"https:\\\/\\\/i0.wp.com\\\/blogdoprosperi.com\\\/wp-content\\\/uploads\\\/2026\\\/05\\\/cropped-8059e613-6002-42fa-961e-8e275f575d71-2-5.jpg?fit=1360%2C931&ssl=1\",\"contentUrl\":\"https:\\\/\\\/i0.wp.com\\\/blogdoprosperi.com\\\/wp-content\\\/uploads\\\/2026\\\/05\\\/cropped-8059e613-6002-42fa-961e-8e275f575d71-2-5.jpg?fit=1360%2C931&ssl=1\",\"width\":1360,\"height\":931,\"caption\":\"Luiz Ant\u00f4nio Pr\u00f3speri\"},\"logo\":{\"@id\":\"https:\\\/\\\/i0.wp.com\\\/blogdoprosperi.com\\\/wp-content\\\/uploads\\\/2026\\\/05\\\/cropped-8059e613-6002-42fa-961e-8e275f575d71-2-5.jpg?fit=1360%2C931&ssl=1\"},\"description\":\"Jornalista com carreira dedicada ao esporte. Cobriu 9 Copas do Mundo in loco, 1990 na It\u00e1lia, 1994 nos EUA, 1998 na Fran\u00e7a, 2002 na Coreia do Sul e Jap\u00e3o, 2006 na Alemanha, 2010 na \u00c1frica do Sul, 2014 no Brasil, 2018 na R\u00fassia e 2022 no Qatar. Eurocopas, 1992 na Su\u00e9cia e 1996 na Inglaterra. Copa das Confedera\u00e7\u00f5es de 2005 na Alemanha e 2009 na \u00c1frica do Sul. Rep\u00f3rter e Editor, trabalhou no Jornal da Tarde e Estad\u00e3o, de 1984 a fevereiro de 2016. Colunista, blogueiro. E comentarista de futebol na R\u00e1dio Estad\u00e3o, de 2013 a fevereiro de 2016. Jornalista respons\u00e1vel do \\\"Pr\u00f3speri News\\\" (blogdoprosperi.com).\",\"sameAs\":[\"http:\\\/\\\/blogdoprosperi.com\",\"Luiz Pr\u00f3speri\",\"@luiz_prosperi\",\"https:\\\/\\\/x.com\\\/Luizprosperi\",\"@prosperinacopa\",\"luiz.prosperi@icloud.com\"],\"url\":\"https:\\\/\\\/blogdoprosperi.com\\\/?author=102107496\"}]}<\/script>\n<!-- \/ Yoast SEO plugin. -->","yoast_head_json":{"title":"Fernando Prass \u00e9 convocado para liderar Sele\u00e7\u00e3o Ol\u00edmpica - PR\u00d3SPERI NEWS","robots":{"index":"index","follow":"follow","max-snippet":"max-snippet:-1","max-image-preview":"max-image-preview:large","max-video-preview":"max-video-preview:-1"},"canonical":"https:\/\/blogdoprosperi.com\/?p=13709","og_locale":"pt_BR","og_type":"article","og_title":"Fernando Prass \u00e9 convocado para liderar Sele\u00e7\u00e3o Ol\u00edmpica - PR\u00d3SPERI NEWS","og_description":"Goleiro do Palmeiras deve ser o capit\u00e3o do time na Olimp\u00edada do Rio e deixar a Neymar a [&hellip;]","og_url":"https:\/\/blogdoprosperi.com\/?p=13709","og_site_name":"PR\u00d3SPERI NEWS","article_publisher":"Luiz Pr\u00f3speri","article_author":"Luiz Pr\u00f3speri","article_published_time":"2016-06-29T15:23:08+00:00","og_image":[{"url":"https:\/\/blogdoprosperi.com\/wp-content\/uploads\/2016\/06\/111185_697x437_crop_565fa6120af0e.jpg","type":"","width":"","height":""}],"author":"Luiz Ant\u00f4nio Pr\u00f3speri","twitter_card":"summary_large_image","twitter_creator":"@Luizprosperi","twitter_site":"@Luizprosperi","twitter_misc":{"Escrito por":"Luiz Ant\u00f4nio Pr\u00f3speri","Est. tempo de leitura":"3 minutos"},"schema":{"@context":"https:\/\/schema.org","@graph":[{"@type":"Article","@id":"https:\/\/blogdoprosperi.com\/?p=13709#article","isPartOf":{"@id":"https:\/\/blogdoprosperi.com\/?p=13709"},"author":{"name":"Luiz Ant\u00f4nio Pr\u00f3speri","@id":"https:\/\/blogdoprosperi.com\/#\/schema\/person\/38100755ce3601861ee4fab9b5aa78e9"},"headline":"Fernando Prass \u00e9 convocado para liderar Sele\u00e7\u00e3o Ol\u00edmpica","datePublished":"2016-06-29T15:23:08+00:00","mainEntityOfPage":{"@id":"https:\/\/blogdoprosperi.com\/?p=13709"},"wordCount":648,"commentCount":2,"publisher":{"@id":"https:\/\/blogdoprosperi.com\/#\/schema\/person\/38100755ce3601861ee4fab9b5aa78e9"},"image":{"@id":"https:\/\/blogdoprosperi.com\/?p=13709#primaryimage"},"thumbnailUrl":"https:\/\/blogdoprosperi.com\/wp-content\/uploads\/2016\/06\/111185_697x437_crop_565fa6120af0e.jpg","keywords":["CBF","Douglas Costa","Fernando Prass","futebol","Jogos do Rio","Marco Polo Del Nero","Neymar","Olimp\u00edada 2016","Rog\u00e9rio Micale","Tite"],"articleSection":["futebol"],"inLanguage":"pt-BR","potentialAction":[{"@type":"CommentAction","name":"Comment","target":["https:\/\/blogdoprosperi.com\/?p=13709#respond"]}]},{"@type":"WebPage","@id":"https:\/\/blogdoprosperi.com\/?p=13709","url":"https:\/\/blogdoprosperi.com\/?p=13709","name":"Fernando Prass \u00e9 convocado para liderar Sele\u00e7\u00e3o Ol\u00edmpica - PR\u00d3SPERI NEWS","isPartOf":{"@id":"https:\/\/blogdoprosperi.com\/#website"},"primaryImageOfPage":{"@id":"https:\/\/blogdoprosperi.com\/?p=13709#primaryimage"},"image":{"@id":"https:\/\/blogdoprosperi.com\/?p=13709#primaryimage"},"thumbnailUrl":"https:\/\/blogdoprosperi.com\/wp-content\/uploads\/2016\/06\/111185_697x437_crop_565fa6120af0e.jpg","datePublished":"2016-06-29T15:23:08+00:00","breadcrumb":{"@id":"https:\/\/blogdoprosperi.com\/?p=13709#breadcrumb"},"inLanguage":"pt-BR","potentialAction":[{"@type":"ReadAction","target":["https:\/\/blogdoprosperi.com\/?p=13709"]}]},{"@type":"ImageObject","inLanguage":"pt-BR","@id":"https:\/\/blogdoprosperi.com\/?p=13709#primaryimage","url":"https:\/\/i0.wp.com\/blogdoprosperi.com\/wp-content\/uploads\/2016\/06\/111185_697x437_crop_565fa6120af0e.jpg?fit=697%2C437&ssl=1","contentUrl":"https:\/\/i0.wp.com\/blogdoprosperi.com\/wp-content\/uploads\/2016\/06\/111185_697x437_crop_565fa6120af0e.jpg?fit=697%2C437&ssl=1","width":697,"height":437},{"@type":"BreadcrumbList","@id":"https:\/\/blogdoprosperi.com\/?p=13709#breadcrumb","itemListElement":[{"@type":"ListItem","position":1,"name":"In\u00edcio","item":"https:\/\/blogdoprosperi.com\/"},{"@type":"ListItem","position":2,"name":"Fernando Prass \u00e9 convocado para liderar Sele\u00e7\u00e3o Ol\u00edmpica"}]},{"@type":"WebSite","@id":"https:\/\/blogdoprosperi.com\/#website","url":"https:\/\/blogdoprosperi.com\/","name":"PR\u00d3SPERI NEWS","description":"TUDO \u00c9  FUTEBOL","publisher":{"@id":"https:\/\/blogdoprosperi.com\/#\/schema\/person\/38100755ce3601861ee4fab9b5aa78e9"},"alternateName":"blogdoprosperi.com","potentialAction":[{"@type":"SearchAction","target":{"@type":"EntryPoint","urlTemplate":"https:\/\/blogdoprosperi.com\/?s={search_term_string}"},"query-input":{"@type":"PropertyValueSpecification","valueRequired":true,"valueName":"search_term_string"}}],"inLanguage":"pt-BR"},{"@type":["Person","Organization"],"@id":"https:\/\/blogdoprosperi.com\/#\/schema\/person\/38100755ce3601861ee4fab9b5aa78e9","name":"Luiz Ant\u00f4nio Pr\u00f3speri","pronouns":"ele","image":{"@type":"ImageObject","inLanguage":"pt-BR","@id":"https:\/\/i0.wp.com\/blogdoprosperi.com\/wp-content\/uploads\/2026\/05\/cropped-8059e613-6002-42fa-961e-8e275f575d71-2-5.jpg?fit=1360%2C931&ssl=1","url":"https:\/\/i0.wp.com\/blogdoprosperi.com\/wp-content\/uploads\/2026\/05\/cropped-8059e613-6002-42fa-961e-8e275f575d71-2-5.jpg?fit=1360%2C931&ssl=1","contentUrl":"https:\/\/i0.wp.com\/blogdoprosperi.com\/wp-content\/uploads\/2026\/05\/cropped-8059e613-6002-42fa-961e-8e275f575d71-2-5.jpg?fit=1360%2C931&ssl=1","width":1360,"height":931,"caption":"Luiz Ant\u00f4nio Pr\u00f3speri"},"logo":{"@id":"https:\/\/i0.wp.com\/blogdoprosperi.com\/wp-content\/uploads\/2026\/05\/cropped-8059e613-6002-42fa-961e-8e275f575d71-2-5.jpg?fit=1360%2C931&ssl=1"},"description":"Jornalista com carreira dedicada ao esporte. Cobriu 9 Copas do Mundo in loco, 1990 na It\u00e1lia, 1994 nos EUA, 1998 na Fran\u00e7a, 2002 na Coreia do Sul e Jap\u00e3o, 2006 na Alemanha, 2010 na \u00c1frica do Sul, 2014 no Brasil, 2018 na R\u00fassia e 2022 no Qatar. Eurocopas, 1992 na Su\u00e9cia e 1996 na Inglaterra. Copa das Confedera\u00e7\u00f5es de 2005 na Alemanha e 2009 na \u00c1frica do Sul. Rep\u00f3rter e Editor, trabalhou no Jornal da Tarde e Estad\u00e3o, de 1984 a fevereiro de 2016. Colunista, blogueiro. E comentarista de futebol na R\u00e1dio Estad\u00e3o, de 2013 a fevereiro de 2016. Jornalista respons\u00e1vel do \"Pr\u00f3speri News\" (blogdoprosperi.com).","sameAs":["http:\/\/blogdoprosperi.com","Luiz Pr\u00f3speri","@luiz_prosperi","https:\/\/x.com\/Luizprosperi","@prosperinacopa","luiz.prosperi@icloud.com"],"url":"https:\/\/blogdoprosperi.com\/?author=102107496"}]}},"jetpack_publicize_connections":[],"jetpack_likes_enabled":false,"jetpack_sharing_enabled":true,"jetpack_shortlink":"https:\/\/wp.me\/p7jvdk-3z7","jetpack-related-posts":[{"id":18008,"url":"https:\/\/blogdoprosperi.com\/?p=18008","url_meta":{"origin":13709,"position":0},"title":"Palmeiras n\u00e3o vai se indispor com CBF por causa do drama de Fernando Prass","author":"Luiz Ant\u00f4nio Pr\u00f3speri","date":"30 de julho de 2016","format":false,"excerpt":"Fernando Prass seria o l\u00edder da Sele\u00e7\u00e3o Ol\u00edmpica a dividir com Neymar a responsabilidade de comandar os meninos na busca do ouro. Seria tamb\u00e9m avaliado por Tite na Olimp\u00edada do Rio, com boas possibilidades de ser o goleiro da sele\u00e7\u00e3o principal nas Eliminat\u00f3rias da Copa do Mundo de 2018. O\u2026","rel":"","context":"Em &quot;Campeonato Brasileiro&quot;","block_context":{"text":"Campeonato Brasileiro","link":"https:\/\/blogdoprosperi.com\/?cat=355071"},"img":{"alt_text":"","src":"https:\/\/i0.wp.com\/blogdoprosperi.com\/wp-content\/uploads\/2016\/07\/2016-925627216-201607251823552191_20160725.jpg?resize=350%2C200","width":350,"height":200,"srcset":"https:\/\/i0.wp.com\/blogdoprosperi.com\/wp-content\/uploads\/2016\/07\/2016-925627216-201607251823552191_20160725.jpg?resize=350%2C200 1x, https:\/\/i0.wp.com\/blogdoprosperi.com\/wp-content\/uploads\/2016\/07\/2016-925627216-201607251823552191_20160725.jpg?resize=525%2C300 1.5x"},"classes":[]},{"id":18425,"url":"https:\/\/blogdoprosperi.com\/?p=18425","url_meta":{"origin":13709,"position":1},"title":"Sele\u00e7\u00e3o Brasileira Ol\u00edmpica vira um balc\u00e3o de neg\u00f3cios de jogadores","author":"Luiz Ant\u00f4nio Pr\u00f3speri","date":"1 de agosto de 2016","format":false,"excerpt":"Sele\u00e7\u00e3o Brasileira Ol\u00edmpica vai estrear na Olimp\u00edada do Rio nesta quinta-feira com muitos de seus jovens jogadores no balc\u00e3o de transfer\u00eancias aos clubes europeus. Neg\u00f3cios ultrapassam a casa dos 100 milh\u00f5es de euros (R$ 361 milh\u00f5es) e n\u00e3o ser\u00e3o conclu\u00eddos ainda nesta semana. O Brasil vai correr atr\u00e1s da medalha\u2026","rel":"","context":"Em &quot;futebol&quot;","block_context":{"text":"futebol","link":"https:\/\/blogdoprosperi.com\/?cat=53870"},"img":{"alt_text":"","src":"https:\/\/i0.wp.com\/blogdoprosperi.com\/wp-content\/uploads\/2016\/08\/rodriocaio.jpg?resize=350%2C200&ssl=1","width":350,"height":200,"srcset":"https:\/\/i0.wp.com\/blogdoprosperi.com\/wp-content\/uploads\/2016\/08\/rodriocaio.jpg?resize=350%2C200&ssl=1 1x, https:\/\/i0.wp.com\/blogdoprosperi.com\/wp-content\/uploads\/2016\/08\/rodriocaio.jpg?resize=525%2C300&ssl=1 1.5x"},"classes":[]},{"id":5986,"url":"https:\/\/blogdoprosperi.com\/?p=5986","url_meta":{"origin":13709,"position":2},"title":"Neymar desiste de concorrer a melhor do mundo em 2016","author":"Luiz Ant\u00f4nio Pr\u00f3speri","date":"17 de maio de 2016","format":false,"excerpt":"\u00a0 Craque sai de cena em junho, ao aceitar pedido da CBF para disputar a Olimp\u00edada do Rio, e v\u00ea distante projeto de ser eleito o Bola de Ouro da Fifa no fim do ano Neymar desistiu de se credenciar a melhor jogador do mundo nesta temporada de 2016, na\u2026","rel":"","context":"Em &quot;futebol&quot;","block_context":{"text":"futebol","link":"https:\/\/blogdoprosperi.com\/?cat=53870"},"img":{"alt_text":"","src":"https:\/\/i0.wp.com\/blogdoprosperi.com\/wp-content\/uploads\/2016\/05\/16085103.jpeg?resize=350%2C200&ssl=1","width":350,"height":200,"srcset":"https:\/\/i0.wp.com\/blogdoprosperi.com\/wp-content\/uploads\/2016\/05\/16085103.jpeg?resize=350%2C200&ssl=1 1x, https:\/\/i0.wp.com\/blogdoprosperi.com\/wp-content\/uploads\/2016\/05\/16085103.jpeg?resize=525%2C300&ssl=1 1.5x"},"classes":[]},{"id":19221,"url":"https:\/\/blogdoprosperi.com\/?p=19221","url_meta":{"origin":13709,"position":3},"title":"Palmeiras esquece Academia de Goleiros e procura sucessor de Fernando Prass","author":"Luiz Ant\u00f4nio Pr\u00f3speri","date":"5 de agosto de 2016","format":false,"excerpt":"Palmeiras tinha uma Academia de Goleiros at\u00e9 Marcos se aposentar em 2012. Revelava como ningu\u00e9m. Quando 'S\u00e3o Marcos' saiu de cena, o clube n\u00e3o conseguiu emplacar mais nenhum goleiro, mesmo com muitos garotos convocados com regularidade pelas sele\u00e7\u00f5es de base da CBF. Sem Fernando Prass e com as primeiras pixotadas\u2026","rel":"","context":"Em &quot;futebol&quot;","block_context":{"text":"futebol","link":"https:\/\/blogdoprosperi.com\/?cat=53870"},"img":{"alt_text":"","src":"https:\/\/i0.wp.com\/blogdoprosperi.com\/wp-content\/uploads\/2016\/08\/zetti-palmeiras.jpg?resize=350%2C200","width":350,"height":200,"srcset":"https:\/\/i0.wp.com\/blogdoprosperi.com\/wp-content\/uploads\/2016\/08\/zetti-palmeiras.jpg?resize=350%2C200 1x, https:\/\/i0.wp.com\/blogdoprosperi.com\/wp-content\/uploads\/2016\/08\/zetti-palmeiras.jpg?resize=525%2C300 1.5x, https:\/\/i0.wp.com\/blogdoprosperi.com\/wp-content\/uploads\/2016\/08\/zetti-palmeiras.jpg?resize=700%2C400 2x"},"classes":[]},{"id":22443,"url":"https:\/\/blogdoprosperi.com\/?p=22443","url_meta":{"origin":13709,"position":4},"title":"Veja an\u00e1lise dos 23 jogadores da primeira convoca\u00e7\u00e3o de Tite","author":"Luiz Ant\u00f4nio Pr\u00f3speri","date":"22 de agosto de 2016","format":false,"excerpt":"Tite surpreendeu em pelo menos tr\u00eas nomes na sua primeira convoca\u00e7\u00e3o da Sele\u00e7\u00e3o Brasileira. Os mais destacados foram Taison, atacante do Shakhtar Donestk (Ucr\u00e2nia), o meia Giuliano, ex-Gr\u00eamio e hoje no Zenit (R\u00fassia), e Paulinho, ex-Corinthians e h\u00e1 oito meses no Guangzhou (China). O treinador recorreu ainda \u00e0 base dos\u2026","rel":"","context":"Em &quot;futebol&quot;","block_context":{"text":"futebol","link":"https:\/\/blogdoprosperi.com\/?cat=53870"},"img":{"alt_text":"","src":"https:\/\/i0.wp.com\/blogdoprosperi.com\/wp-content\/uploads\/2016\/08\/pro-16.jpg?resize=350%2C200","width":350,"height":200,"srcset":"https:\/\/i0.wp.com\/blogdoprosperi.com\/wp-content\/uploads\/2016\/08\/pro-16.jpg?resize=350%2C200 1x, https:\/\/i0.wp.com\/blogdoprosperi.com\/wp-content\/uploads\/2016\/08\/pro-16.jpg?resize=525%2C300 1.5x, https:\/\/i0.wp.com\/blogdoprosperi.com\/wp-content\/uploads\/2016\/08\/pro-16.jpg?resize=700%2C400 2x, https:\/\/i0.wp.com\/blogdoprosperi.com\/wp-content\/uploads\/2016\/08\/pro-16.jpg?resize=1050%2C600 3x, https:\/\/i0.wp.com\/blogdoprosperi.com\/wp-content\/uploads\/2016\/08\/pro-16.jpg?resize=1400%2C800 4x"},"classes":[]},{"id":3587,"url":"https:\/\/blogdoprosperi.com\/?p=3587","url_meta":{"origin":13709,"position":5},"title":"Dunga convoca sele\u00e7\u00e3o brasileira de olho na Olimp\u00edada do Rio","author":"Luiz Ant\u00f4nio Pr\u00f3speri","date":"5 de maio de 2016","format":false,"excerpt":"Criticado pela med\u00edocre campanha do Brasil nas Eliminat\u00f3rias da Copa de 2018, treinador prioriza os Jogos Ol\u00edmpicos na convoca\u00e7\u00e3o da Copa Am\u00e9rica Centen\u00e1rio Dunga, com aval da CBF, deu prioridade \u00e0 Olimp\u00edada do Rio na convoca\u00e7\u00e3o dos 23 nomes para disputar a Copa Am\u00e9rica Centen\u00e1rio, em junho, nos Estados Unidos,\u2026","rel":"","context":"Em &quot;futebol&quot;","block_context":{"text":"futebol","link":"https:\/\/blogdoprosperi.com\/?cat=53870"},"img":{"alt_text":"","src":"https:\/\/i0.wp.com\/blogdoprosperi.com\/wp-content\/uploads\/2016\/05\/casemiro03_afp_15.jpg?resize=350%2C200&ssl=1","width":350,"height":200,"srcset":"https:\/\/i0.wp.com\/blogdoprosperi.com\/wp-content\/uploads\/2016\/05\/casemiro03_afp_15.jpg?resize=350%2C200&ssl=1 1x, https:\/\/i0.wp.com\/blogdoprosperi.com\/wp-content\/uploads\/2016\/05\/casemiro03_afp_15.jpg?resize=525%2C300&ssl=1 1.5x, https:\/\/i0.wp.com\/blogdoprosperi.com\/wp-content\/uploads\/2016\/05\/casemiro03_afp_15.jpg?resize=700%2C400&ssl=1 2x, https:\/\/i0.wp.com\/blogdoprosperi.com\/wp-content\/uploads\/2016\/05\/casemiro03_afp_15.jpg?resize=1050%2C600&ssl=1 3x, https:\/\/i0.wp.com\/blogdoprosperi.com\/wp-content\/uploads\/2016\/05\/casemiro03_afp_15.jpg?resize=1400%2C800&ssl=1 4x"},"classes":[]}],"jetpack_featured_media_url":"","_links":{"self":[{"href":"https:\/\/blogdoprosperi.com\/index.php?rest_route=\/wp\/v2\/posts\/13709","targetHints":{"allow":["GET"]}}],"collection":[{"href":"https:\/\/blogdoprosperi.com\/index.php?rest_route=\/wp\/v2\/posts"}],"about":[{"href":"https:\/\/blogdoprosperi.com\/index.php?rest_route=\/wp\/v2\/types\/post"}],"author":[{"embeddable":true,"href":"https:\/\/blogdoprosperi.com\/index.php?rest_route=\/wp\/v2\/users\/102107496"}],"replies":[{"embeddable":true,"href":"https:\/\/blogdoprosperi.com\/index.php?rest_route=%2Fwp%2Fv2%2Fcomments&post=13709"}],"version-history":[{"count":25,"href":"https:\/\/blogdoprosperi.com\/index.php?rest_route=\/wp\/v2\/posts\/13709\/revisions"}],"predecessor-version":[{"id":13794,"href":"https:\/\/blogdoprosperi.com\/index.php?rest_route=\/wp\/v2\/posts\/13709\/revisions\/13794"}],"wp:attachment":[{"href":"https:\/\/blogdoprosperi.com\/index.php?rest_route=%2Fwp%2Fv2%2Fmedia&parent=13709"}],"wp:term":[{"taxonomy":"category","embeddable":true,"href":"https:\/\/blogdoprosperi.com\/index.php?rest_route=%2Fwp%2Fv2%2Fcategories&post=13709"},{"taxonomy":"post_tag","embeddable":true,"href":"https:\/\/blogdoprosperi.com\/index.php?rest_route=%2Fwp%2Fv2%2Ftags&post=13709"}],"curies":[{"name":"wp","href":"https:\/\/api.w.org\/{rel}","templated":true}]}}