{"id":13912,"date":"2016-06-30T03:22:38","date_gmt":"2016-06-30T03:22:38","guid":{"rendered":"http:\/\/blogdoprosperi.com\/?p=13912"},"modified":"2016-06-30T04:31:25","modified_gmt":"2016-06-30T04:31:25","slug":"sao-paulo-vence-fluminense-e-vive-drama-com-lesao-de-ganso","status":"publish","type":"post","link":"https:\/\/blogdoprosperi.com\/?p=13912","title":{"rendered":"S\u00e3o Paulo vence Fluminense e vive drama com les\u00e3o de Ganso"},"content":{"rendered":"<figure id=\"attachment_13993\" aria-describedby=\"caption-attachment-13993\" style=\"width: 2300px\" class=\"wp-caption alignnone\"><img data-recalc-dims=\"1\" loading=\"lazy\" decoding=\"async\" data-attachment-id=\"13993\" data-permalink=\"https:\/\/blogdoprosperi.com\/?attachment_id=13993\" data-orig-file=\"https:\/\/i0.wp.com\/blogdoprosperi.com\/wp-content\/uploads\/2016\/06\/pro15-2.jpg?fit=2300%2C1675&amp;ssl=1\" data-orig-size=\"2300,1675\" data-comments-opened=\"1\" data-image-meta=\"{&quot;aperture&quot;:&quot;3.5&quot;,&quot;credit&quot;:&quot;ALEX SILVA&quot;,&quot;camera&quot;:&quot;Canon EOS-1D X&quot;,&quot;caption&quot;:&quot;&quot;,&quot;created_timestamp&quot;:&quot;1467243255&quot;,&quot;copyright&quot;:&quot;ALEX SILVA\/ESTADAO&quot;,&quot;focal_length&quot;:&quot;400&quot;,&quot;iso&quot;:&quot;5000&quot;,&quot;shutter_speed&quot;:&quot;0.0015625&quot;,&quot;title&quot;:&quot;&quot;,&quot;orientation&quot;:&quot;1&quot;}\" data-image-title=\"pro15-2\" data-image-description=\"\" data-image-caption=\"\" data-large-file=\"https:\/\/i0.wp.com\/blogdoprosperi.com\/wp-content\/uploads\/2016\/06\/pro15-2.jpg?fit=940%2C685&amp;ssl=1\" class=\"alignnone size-full wp-image-13993\" src=\"https:\/\/i0.wp.com\/blogdoprosperi.com\/wp-content\/uploads\/2016\/06\/pro15-2.jpg?resize=940%2C685&#038;ssl=1\" alt=\"pro15-2\" width=\"940\" height=\"685\" \/><figcaption id=\"caption-attachment-13993\" class=\"wp-caption-text\">Ganso vive drama com les\u00e3o na coxa direita<\/figcaption><\/figure>\n<p>S\u00e3o Paulo teria tudo para fechar a noite desta quarta-feira (29\/6) fortalecido para o jogo da semana que vem contra o Atl\u00e9tico Nacional na <a href=\"http:\/\/blogdoprosperi.com\/2016\/05\/22\/sao-paulo-nao-se-desliga-da-libertadores-e-apaga-no-brasileirao\/\">Copa Libertadores<\/a>. Venceu o Fluminense por 2 a 1, se reconciliou com sua gente no Morumbi, consagrou Maicon, agora jogador do Tricolor por 6 milh\u00f5es de euros, e Kardec desencantou ap\u00f3s 17 jogos sem fazer um gol. Perfeito. Mas <a href=\"http:\/\/blogdoprosperi.com\/2016\/06\/16\/sao-paulo-se-reconcilia-com-sua-gente-mesmo-sem-impressionar-no-morumbi\/\">Paulo Henrique Ganso <\/a>saiu mancando com dores na coxa. E quando Ganso se machuca, o Tricolor estremece.<\/p>\n<p>A situa\u00e7\u00e3o de Ganso deve ser esclarecida nesta quinta-feira, ap\u00f3s exames mais aprofundados. O certo \u00e9 que ele estava protegido do desgaste, sem entrar em todos jogos nas \u00faltimas rodadas. N\u00e3o se sabe os motivos que levaram <a href=\"http:\/\/blogdoprosperi.com\/2016\/06\/24\/sao-paulo-sente-falta-de-calleri-no-empate-com-sport\/\">Edgardo Bauza<\/a> a chamar o meia para entrar antes dos 20 minutos do segundo tempo quando o S\u00e3o Paulo vencia o Flu por 2 a 1, sem raz\u00e3o para jogar Ganso aos le\u00f5es.<\/p>\n<p>Se o craque for alijado do jogo da Libertadores, algu\u00e9m vai pagar a conta no Morumbi.<\/p>\n<p>Na coletiva de imprensa, Bauza soltou fogo pelas ventas, irritado com perguntas sobre a condi\u00e7\u00e3o de Ganso. Na sa\u00edda do campo, o jogador sussurrou: &#8220;T\u00f4 fora.&#8221; Enigma.<\/p>\n<p>Veja o que disse Jos\u00e9 Sanches, \u00a0m\u00e9dico do S\u00e3o Paulo, sobre a les\u00e3o de Ganso:<\/p>\n<blockquote><p>&#8220;A situa\u00e7\u00e3o do Ganso preocupa para quarta-feira. Vamos esperar o exame. Situa\u00e7\u00f5es de estiramento, contratura, provocam dores agudas. Mas sempre digo que \u00e9 melhor esperar os exames. A expectativa que a gente tem \u00e9 de estiramento&#8221;<\/p><\/blockquote>\n<p><span class=\"alignnone\"><img data-recalc-dims=\"1\" loading=\"lazy\" decoding=\"async\" data-attachment-id=\"13998\" data-permalink=\"https:\/\/blogdoprosperi.com\/?attachment_id=13998\" data-orig-file=\"https:\/\/i0.wp.com\/blogdoprosperi.com\/wp-content\/uploads\/2016\/06\/pro17-2.jpg?fit=2300%2C1520&amp;ssl=1\" data-orig-size=\"2300,1520\" data-comments-opened=\"1\" data-image-meta=\"{&quot;aperture&quot;:&quot;3.2&quot;,&quot;credit&quot;:&quot;ALEX SILVA&quot;,&quot;camera&quot;:&quot;Canon EOS-1D X&quot;,&quot;caption&quot;:&quot;&quot;,&quot;created_timestamp&quot;:&quot;1467238136&quot;,&quot;copyright&quot;:&quot;ALEX SILVA\/ESTADAO&quot;,&quot;focal_length&quot;:&quot;400&quot;,&quot;iso&quot;:&quot;5000&quot;,&quot;shutter_speed&quot;:&quot;0.0015625&quot;,&quot;title&quot;:&quot;&quot;,&quot;orientation&quot;:&quot;1&quot;}\" data-image-title=\"pro17-2\" data-image-description=\"\" data-image-caption=\"\" data-large-file=\"https:\/\/i0.wp.com\/blogdoprosperi.com\/wp-content\/uploads\/2016\/06\/pro17-2.jpg?fit=940%2C621&amp;ssl=1\" class=\"alignnone size-full wp-image-13998\" src=\"https:\/\/i0.wp.com\/blogdoprosperi.com\/wp-content\/uploads\/2016\/06\/pro17-2.jpg?resize=940%2C621&#038;ssl=1\" alt=\"pro17-2\" width=\"940\" height=\"621\" \/><\/span><\/p>\n<p><strong>AN\u00c1LISE DO JOGO<\/strong><\/p>\n<p>Um gol no in\u00edcio do jogo muda tudo. Arrebenta quem sofre e fortalece quem marca. O S\u00e3o Paulo se deu bem diante do Fluminense. Se no domingo havia sa\u00eddo em desvantagem, com menos de um minuto no cl\u00e1ssico contra o Santos, nesta quarta-feira (29\/6) a vantagem esteve do seu lado.<\/p>\n<p>Com dois minutos, Jo\u00e3o Schimidt fez o primeiro gol, em uma boa trama na cobran\u00e7a de escanteio. Depois disso, estendeu seu imp\u00e9rio nos 45 minutos. Nem se esfor\u00e7ou para tanto. Seu advers\u00e1rio, talvez atordoado com o golpe que levou logo de cara, n\u00e3o tinha ideias claras nem gente qualificada para absorver a pancada, se levantar e seguir em frente.<\/p>\n<p><span class=\"alignnone\"><img data-recalc-dims=\"1\" loading=\"lazy\" decoding=\"async\" data-attachment-id=\"14015\" data-permalink=\"https:\/\/blogdoprosperi.com\/?attachment_id=14015\" data-orig-file=\"https:\/\/i0.wp.com\/blogdoprosperi.com\/wp-content\/uploads\/2016\/06\/pro1-61.jpg?fit=2300%2C1458&amp;ssl=1\" data-orig-size=\"2300,1458\" data-comments-opened=\"1\" data-image-meta=\"{&quot;aperture&quot;:&quot;2.8&quot;,&quot;credit&quot;:&quot;ALEX SILVA&quot;,&quot;camera&quot;:&quot;Canon EOS-1D X&quot;,&quot;caption&quot;:&quot;&quot;,&quot;created_timestamp&quot;:&quot;1467236974&quot;,&quot;copyright&quot;:&quot;ALEX SILVA\/ESTADAO&quot;,&quot;focal_length&quot;:&quot;400&quot;,&quot;iso&quot;:&quot;5000&quot;,&quot;shutter_speed&quot;:&quot;0.0015625&quot;,&quot;title&quot;:&quot;&quot;,&quot;orientation&quot;:&quot;1&quot;}\" data-image-title=\"pro1-6\" data-image-description=\"\" data-image-caption=\"\" data-large-file=\"https:\/\/i0.wp.com\/blogdoprosperi.com\/wp-content\/uploads\/2016\/06\/pro1-61.jpg?fit=940%2C596&amp;ssl=1\" class=\"alignnone size-full wp-image-14015\" src=\"https:\/\/i0.wp.com\/blogdoprosperi.com\/wp-content\/uploads\/2016\/06\/pro1-61.jpg?resize=940%2C596&#038;ssl=1\" alt=\"pro1-6\" width=\"940\" height=\"596\" \/><\/span><\/p>\n<p>Bom para o S\u00e3o Paulo. Trocou passes do meio para frente, abriu bem as investidas ao ataque com Michel Bastos na esquerda, tendo o estreante Cueva ao seu lado como coadjuvante, e Centuri\u00f3n na direita. Se o argentino tivesse um pouquinho da mal\u00edcia de Bastos, o Tricolor teria conferido mais gols.<\/p>\n<p>Conseguiu mais um, \u00e9 verdade, com Michel Bastos cruzando certeiro at\u00e9 Alan Kardec (<em>fotos abaixo<\/em>), de cabe\u00e7a, marcar aos 40: 2 a 0. H\u00e1 17 jogos Kardec n\u00e3o carimbava um gol. Ele tem sido banco de <a href=\"http:\/\/blogdoprosperi.com\/2016\/06\/19\/sao-paulo-tem-mais-um-prejuizo-com-o-argentino-calleri\/\">Calleri.<\/a><\/p>\n<div class=\"jetpack-video-wrapper\"><span class=\"embed-youtube\" style=\"text-align:center; display: block;\"><iframe loading=\"lazy\" class=\"youtube-player\" width=\"560\" height=\"315\" src=\"https:\/\/www.youtube.com\/embed\/BgPHOYotJ4M?version=3&#038;rel=1&#038;showsearch=0&#038;showinfo=1&#038;iv_load_policy=1&#038;fs=1&#038;hl=pt-BR&#038;autohide=2&#038;wmode=transparent\" allowfullscreen=\"true\" style=\"border:0;\" sandbox=\"allow-scripts allow-same-origin allow-popups allow-presentation allow-popups-to-escape-sandbox\"><\/iframe><\/span><\/div>\n<p>Quer saber? A desvantagem de dois gols ficou de bom tamanho para o Flu, um time que jogava tudo nas costas de Gustavo Scarpa.<\/p>\n<p>No segundo tempo, Levir Culpi voltou com o meia Dudu no lugar do limitado Edson e Osvaldo na vaga do garoto Maranh\u00e3o. As mudan\u00e7as mobilizaram o time carioca, que passou a jogar com mais velocidade na sa\u00edda ao ataque. De uma investida, conseguiu um p\u00eanalti inocente de Schimidt, que interceptou com a m\u00e3o cabe\u00e7ada de Henrique. C\u00edcero bateu e converteu.<\/p>\n<div class=\"tiled-gallery type-rectangular tiled-gallery-unresized\" data-original-width=\"940\" data-carousel-extra='{&quot;blog_id&quot;:1,&quot;permalink&quot;:&quot;https:\\\/\\\/blogdoprosperi.com\\\/?p=13912&quot;,&quot;likes_blog_id&quot;:108082574}' itemscope itemtype=\"http:\/\/schema.org\/ImageGallery\" > <div class=\"gallery-row\" style=\"width: 940px; height: 422px;\" data-original-width=\"940\" data-original-height=\"422\" > <div class=\"gallery-group images-1\" style=\"width: 614px; height: 422px;\" data-original-width=\"614\" data-original-height=\"422\" > <div class=\"tiled-gallery-item tiled-gallery-item-large\" itemprop=\"associatedMedia\" itemscope itemtype=\"http:\/\/schema.org\/ImageObject\"> <a href=\"https:\/\/blogdoprosperi.com\/?attachment_id=14001\" border=\"0\" itemprop=\"url\"> <meta itemprop=\"width\" content=\"610\"> <meta itemprop=\"height\" content=\"418\"> <img decoding=\"async\" class=\"\" data-attachment-id=\"14001\" data-orig-file=\"https:\/\/blogdoprosperi.com\/wp-content\/uploads\/2016\/06\/pro12-3.jpg\" data-orig-size=\"2300,1577\" data-comments-opened=\"1\" data-image-meta=\"{&quot;aperture&quot;:&quot;3.2&quot;,&quot;credit&quot;:&quot;ALEX SILVA&quot;,&quot;camera&quot;:&quot;Canon EOS-1D X&quot;,&quot;caption&quot;:&quot;&quot;,&quot;created_timestamp&quot;:&quot;1467239281&quot;,&quot;copyright&quot;:&quot;ALEX SILVA\\\/ESTADAO&quot;,&quot;focal_length&quot;:&quot;400&quot;,&quot;iso&quot;:&quot;5000&quot;,&quot;shutter_speed&quot;:&quot;0.002&quot;,&quot;title&quot;:&quot;&quot;,&quot;orientation&quot;:&quot;1&quot;}\" data-image-title=\"pro12-3\" data-image-description=\"\" data-medium-file=\"https:\/\/i0.wp.com\/blogdoprosperi.com\/wp-content\/uploads\/2016\/06\/pro12-3.jpg?fit=551%2C378&#038;ssl=1\" data-large-file=\"https:\/\/i0.wp.com\/blogdoprosperi.com\/wp-content\/uploads\/2016\/06\/pro12-3.jpg?fit=940%2C645&#038;ssl=1\" src=\"https:\/\/i0.wp.com\/blogdoprosperi.com\/wp-content\/uploads\/2016\/06\/pro12-3.jpg?w=610&#038;h=418&#038;ssl=1\" width=\"610\" height=\"418\" loading=\"lazy\" data-original-width=\"610\" data-original-height=\"418\" itemprop=\"http:\/\/schema.org\/image\" title=\"pro12-3\" alt=\"pro12-3\" style=\"width: 610px; height: 418px;\" \/> <\/a> <\/div> <\/div> <!-- close group --> <div class=\"gallery-group images-2\" style=\"width: 326px; height: 422px;\" data-original-width=\"326\" data-original-height=\"422\" > <div class=\"tiled-gallery-item tiled-gallery-item-large\" itemprop=\"associatedMedia\" itemscope itemtype=\"http:\/\/schema.org\/ImageObject\"> <a href=\"https:\/\/blogdoprosperi.com\/?attachment_id=14002\" border=\"0\" itemprop=\"url\"> <meta itemprop=\"width\" content=\"322\"> <meta itemprop=\"height\" content=\"199\"> <img decoding=\"async\" class=\"\" data-attachment-id=\"14002\" data-orig-file=\"https:\/\/blogdoprosperi.com\/wp-content\/uploads\/2016\/06\/pro11-2.jpg\" data-orig-size=\"2300,1420\" data-comments-opened=\"1\" data-image-meta=\"{&quot;aperture&quot;:&quot;3.2&quot;,&quot;credit&quot;:&quot;ALEX SILVA&quot;,&quot;camera&quot;:&quot;Canon EOS-1D X&quot;,&quot;caption&quot;:&quot;&quot;,&quot;created_timestamp&quot;:&quot;1467239281&quot;,&quot;copyright&quot;:&quot;ALEX SILVA\\\/ESTADAO&quot;,&quot;focal_length&quot;:&quot;400&quot;,&quot;iso&quot;:&quot;5000&quot;,&quot;shutter_speed&quot;:&quot;0.002&quot;,&quot;title&quot;:&quot;&quot;,&quot;orientation&quot;:&quot;1&quot;}\" data-image-title=\"pro11-2\" data-image-description=\"\" data-medium-file=\"https:\/\/i0.wp.com\/blogdoprosperi.com\/wp-content\/uploads\/2016\/06\/pro11-2.jpg?fit=612%2C378&#038;ssl=1\" data-large-file=\"https:\/\/i0.wp.com\/blogdoprosperi.com\/wp-content\/uploads\/2016\/06\/pro11-2.jpg?fit=940%2C580&#038;ssl=1\" src=\"https:\/\/i0.wp.com\/blogdoprosperi.com\/wp-content\/uploads\/2016\/06\/pro11-2.jpg?w=322&#038;h=199&#038;ssl=1\" width=\"322\" height=\"199\" loading=\"lazy\" data-original-width=\"322\" data-original-height=\"199\" itemprop=\"http:\/\/schema.org\/image\" title=\"pro11-2\" alt=\"pro11-2\" style=\"width: 322px; height: 199px;\" \/> <\/a> <\/div> <div class=\"tiled-gallery-item tiled-gallery-item-large\" itemprop=\"associatedMedia\" itemscope itemtype=\"http:\/\/schema.org\/ImageObject\"> <a href=\"https:\/\/blogdoprosperi.com\/?attachment_id=14003\" border=\"0\" itemprop=\"url\"> <meta itemprop=\"width\" content=\"322\"> <meta itemprop=\"height\" content=\"215\"> <img decoding=\"async\" class=\"\" data-attachment-id=\"14003\" data-orig-file=\"https:\/\/blogdoprosperi.com\/wp-content\/uploads\/2016\/06\/pro10-3.jpg\" data-orig-size=\"2300,1533\" data-comments-opened=\"1\" data-image-meta=\"{&quot;aperture&quot;:&quot;3.2&quot;,&quot;credit&quot;:&quot;ALEX SILVA&quot;,&quot;camera&quot;:&quot;Canon EOS-1D X&quot;,&quot;caption&quot;:&quot;&quot;,&quot;created_timestamp&quot;:&quot;1467239253&quot;,&quot;copyright&quot;:&quot;ALEX SILVA\\\/ESTADAO&quot;,&quot;focal_length&quot;:&quot;400&quot;,&quot;iso&quot;:&quot;5000&quot;,&quot;shutter_speed&quot;:&quot;0.0015625&quot;,&quot;title&quot;:&quot;&quot;,&quot;orientation&quot;:&quot;1&quot;}\" data-image-title=\"pro10-3\" data-image-description=\"\" data-medium-file=\"https:\/\/i0.wp.com\/blogdoprosperi.com\/wp-content\/uploads\/2016\/06\/pro10-3.jpg?fit=567%2C378&#038;ssl=1\" data-large-file=\"https:\/\/i0.wp.com\/blogdoprosperi.com\/wp-content\/uploads\/2016\/06\/pro10-3.jpg?fit=940%2C627&#038;ssl=1\" src=\"https:\/\/i0.wp.com\/blogdoprosperi.com\/wp-content\/uploads\/2016\/06\/pro10-3.jpg?w=322&#038;h=215&#038;ssl=1\" width=\"322\" height=\"215\" loading=\"lazy\" data-original-width=\"322\" data-original-height=\"215\" itemprop=\"http:\/\/schema.org\/image\" title=\"pro10-3\" alt=\"pro10-3\" style=\"width: 322px; height: 215px;\" \/> <\/a> <\/div> <\/div> <!-- close group --> <\/div> <!-- close row --> <\/div>\n<p>O gol do Flu mexeu com Bauza. Era preciso dar mais autoridade ao seu time, sob pena de ceder o empate. Mandou Ganso a campo no lugar de Bastos e deslocou Cueva na ponta-esquerda. N\u00e3o mudou o curso do rio. E ainda corria o risco de desgastar Ganso, poupado nos \u00faltimos jogos por sentir dores na coxa direita.<\/p>\n<p>Mais objetivo, agora sim com ideias mais claras, o time carioca investiu no setor esquerdo com Osvaldo e Scarpa, que deram trabalho a Maicon. Ali\u00e1s o zagueiro, fortalecido ao ser comprado pelo S\u00e3o Paulo do Porto, passou a abusar dos m\u00fasculos. Cometeu um p\u00eanalti em Osvaldo, ignorado por Daronco, aos 30. Em seguida, em outro lance, levou amarelo por excesso de for\u00e7a bruta.<\/p>\n<figure id=\"attachment_14007\" aria-describedby=\"caption-attachment-14007\" style=\"width: 1242px\" class=\"wp-caption alignnone\"><img data-recalc-dims=\"1\" loading=\"lazy\" decoding=\"async\" data-attachment-id=\"14007\" data-permalink=\"https:\/\/blogdoprosperi.com\/?attachment_id=14007\" data-orig-file=\"https:\/\/i0.wp.com\/blogdoprosperi.com\/wp-content\/uploads\/2016\/06\/pro4-7.jpg?fit=1242%2C1818&amp;ssl=1\" data-orig-size=\"1242,1818\" data-comments-opened=\"1\" data-image-meta=\"{&quot;aperture&quot;:&quot;3.2&quot;,&quot;credit&quot;:&quot;ALEX SILVA&quot;,&quot;camera&quot;:&quot;Canon EOS-1D X&quot;,&quot;caption&quot;:&quot;&quot;,&quot;created_timestamp&quot;:&quot;1467237665&quot;,&quot;copyright&quot;:&quot;ALEX SILVA\/ESTADAO&quot;,&quot;focal_length&quot;:&quot;400&quot;,&quot;iso&quot;:&quot;5000&quot;,&quot;shutter_speed&quot;:&quot;0.0015625&quot;,&quot;title&quot;:&quot;&quot;,&quot;orientation&quot;:&quot;1&quot;}\" data-image-title=\"pro4-7\" data-image-description=\"\" data-image-caption=\"\" data-large-file=\"https:\/\/i0.wp.com\/blogdoprosperi.com\/wp-content\/uploads\/2016\/06\/pro4-7.jpg?fit=700%2C1024&amp;ssl=1\" class=\"alignnone size-full wp-image-14007\" src=\"https:\/\/i0.wp.com\/blogdoprosperi.com\/wp-content\/uploads\/2016\/06\/pro4-7.jpg?resize=940%2C1376&#038;ssl=1\" alt=\"pro4-7\" width=\"940\" height=\"1376\" \/><figcaption id=\"caption-attachment-14007\" class=\"wp-caption-text\">Macio, zagueiro de 6 milh\u00f5es de euros, assume condi\u00e7\u00e3o de xerife<\/figcaption><\/figure>\n<p>Quando o jogo se encaminhava para acabar com uma vit\u00f3ria tranquila do S\u00e3o Paulo, o p\u00e2nico tomou conta do Morumbi. Ganso disputou uma bola e colocou a m\u00e3o na coxa direita. De imediato pediu substitui\u00e7\u00e3o sem se lembrar que Bauza havia queimado as tr\u00eas.<\/p>\n<p>Drama. N\u00e3o pelo resultado em si, mas sim para a pr\u00f3xima quarta-feira no jogo das semifinais da Libertadores contra o Atl\u00e9tico Nacional de Medell\u00edn. O jogo correu por mais dez minutos sem risco ao S\u00e3o Paulo. A vit\u00f3ria estava assegurada. Resta saber o tamanho do estrago se Ganso n\u00e3o puder jogar semana que vem.<\/p>\n<p><strong>FICHA DO JOGO<\/strong><\/p>\n<p><strong>S\u00e3o Paulo 2 x 1 Fluminense<\/strong><\/p>\n<p><strong>Gols<\/strong>: Jo\u00e3o Schimidt, aos 2; Alan Kardec, aos 40 minutos do primeiro tempo; C\u00edcero, aos 7 minutos do segundo tempo.<\/p>\n<p><strong>S\u00e3o Paulo:<\/strong> Denis, Bruno, Maicon, Rodrigo Caio e Carlinhos (Mateus Reis); Jo\u00e3o Schimidt, Thiago Mendes, Cueva; Centur\u00edon (Ytalo), Alan Kardec e Michel Bastos (Ganso). <strong>T\u00e9cnico:<\/strong> Edgardo Bauza<\/p>\n<p><strong>Fluminense:<\/strong> Diego Cavalieri, Wellington Silva, Gun, Henrique e Giovanni; Douglas, Edson (Dudu), C\u00edcero e Gustavo Scarpa; Magno Alves (Richarlisson) \u00a0e Maranh\u00e3o (Osvaldo). <strong>T\u00e9cnico<\/strong>: Levir Culpi<\/p>\n<p><strong>Juiz: <\/strong>Anderson Daronco<br \/>\n<strong>Cart\u00f5es amarelos: <\/strong>Ganso, Giovanni, Maicon<br \/>\n<strong>Renda: <\/strong>R$ 204.246,00<br \/>\n<strong>P\u00fablico: <\/strong>10.323<strong>\u00a0<\/strong>pagantes<br \/>\n<strong>Local: <\/strong>Morumbi<\/p>\n","protected":false},"excerpt":{"rendered":"<p>S\u00e3o Paulo teria tudo para fechar a noite desta quarta-feira (29\/6) fortalecido para o jogo da semana que [&hellip;]<\/p>\n","protected":false},"author":102107496,"featured_media":0,"comment_status":"open","ping_status":"open","sticky":false,"template":"","format":"standard","meta":{"_coblocks_attr":"","_coblocks_dimensions":"","_coblocks_responsive_height":"","_coblocks_accordion_ie_support":"","_jetpack_newsletter_access":"","_jetpack_dont_email_post_to_subs":false,"_jetpack_newsletter_tier_id":0,"_jetpack_memberships_contains_paywalled_content":false,"_wpcom_ai_launchpad_first_post":false,"_jetpack_feature_clip_id":0,"_jetpack_memberships_contains_paid_content":false,"footnotes":"","jetpack_publicize_message":"","jetpack_publicize_feature_enabled":true,"jetpack_social_post_already_shared":false,"jetpack_social_options":{"image_generator_settings":{"template":"highway","default_image_id":0,"font":"","enabled":false},"version":2},"jetpack_post_was_ever_published":false},"categories":[355071,53870],"tags":[4625396,362595295,754167,331912715,789560560,18046339,972018,9749241],"class_list":["post-13912","post","type-post","status-publish","format-standard","hentry","category-campeonato-brasileiro","category-futebol","tag-alan-kardec","tag-brasileirao-2016","tag-cueva","tag-fluminensefc","tag-futebol","tag-paulo-henrique-ganso","tag-sao-paulo-fc","tag-sao-paulo-x-fluminense"],"yoast_head":"<!-- This site is optimized with the Yoast SEO plugin v28.4 - https:\/\/yoast.com\/product\/yoast-seo-wordpress\/ -->\n<title>S\u00e3o Paulo vence Fluminense e vive drama com les\u00e3o de Ganso - PR\u00d3SPERI NEWS<\/title>\n<meta name=\"robots\" content=\"index, follow, max-snippet:-1, max-image-preview:large, max-video-preview:-1\" \/>\n<link rel=\"canonical\" href=\"https:\/\/blogdoprosperi.com\/?p=13912\" \/>\n<meta property=\"og:locale\" content=\"pt_BR\" \/>\n<meta property=\"og:type\" content=\"article\" \/>\n<meta property=\"og:title\" content=\"S\u00e3o Paulo vence Fluminense e vive drama com les\u00e3o de Ganso - PR\u00d3SPERI NEWS\" \/>\n<meta property=\"og:description\" content=\"S\u00e3o Paulo teria tudo para fechar a noite desta quarta-feira (29\/6) fortalecido para o jogo da semana que [&hellip;]\" \/>\n<meta property=\"og:url\" content=\"https:\/\/blogdoprosperi.com\/?p=13912\" \/>\n<meta property=\"og:site_name\" content=\"PR\u00d3SPERI NEWS\" \/>\n<meta property=\"article:publisher\" content=\"Luiz Pr\u00f3speri\" \/>\n<meta property=\"article:author\" content=\"Luiz Pr\u00f3speri\" \/>\n<meta property=\"article:published_time\" content=\"2016-06-30T03:22:38+00:00\" \/>\n<meta property=\"article:modified_time\" content=\"2016-06-30T04:31:25+00:00\" \/>\n<meta property=\"og:image\" content=\"https:\/\/i0.wp.com\/blogdoprosperi.com\/wp-content\/uploads\/2016\/06\/pro12-3.jpg?w=610&#038;h=418&#038;ssl=1\" \/>\n<meta name=\"author\" content=\"Luiz Ant\u00f4nio Pr\u00f3speri\" \/>\n<meta name=\"twitter:card\" content=\"summary_large_image\" \/>\n<meta name=\"twitter:creator\" content=\"@Luizprosperi\" \/>\n<meta name=\"twitter:site\" content=\"@Luizprosperi\" \/>\n<meta name=\"twitter:label1\" content=\"Escrito por\" \/>\n\t<meta name=\"twitter:data1\" content=\"Luiz Ant\u00f4nio Pr\u00f3speri\" \/>\n\t<meta name=\"twitter:label2\" content=\"Est. tempo de leitura\" \/>\n\t<meta name=\"twitter:data2\" content=\"5 minutos\" \/>\n<script type=\"application\/ld+json\" class=\"yoast-schema-graph\">{\"@context\":\"https:\\\/\\\/schema.org\",\"@graph\":[{\"@type\":\"Article\",\"@id\":\"https:\\\/\\\/blogdoprosperi.com\\\/?p=13912#article\",\"isPartOf\":{\"@id\":\"https:\\\/\\\/blogdoprosperi.com\\\/?p=13912\"},\"author\":{\"name\":\"Luiz Ant\u00f4nio Pr\u00f3speri\",\"@id\":\"https:\\\/\\\/blogdoprosperi.com\\\/#\\\/schema\\\/person\\\/38100755ce3601861ee4fab9b5aa78e9\"},\"headline\":\"S\u00e3o Paulo vence Fluminense e vive drama com les\u00e3o de Ganso\",\"datePublished\":\"2016-06-30T03:22:38+00:00\",\"dateModified\":\"2016-06-30T04:31:25+00:00\",\"mainEntityOfPage\":{\"@id\":\"https:\\\/\\\/blogdoprosperi.com\\\/?p=13912\"},\"wordCount\":955,\"commentCount\":2,\"publisher\":{\"@id\":\"https:\\\/\\\/blogdoprosperi.com\\\/#\\\/schema\\\/person\\\/38100755ce3601861ee4fab9b5aa78e9\"},\"image\":{\"@id\":\"https:\\\/\\\/blogdoprosperi.com\\\/?p=13912#primaryimage\"},\"thumbnailUrl\":\"https:\\\/\\\/blogdoprosperi.com\\\/wp-content\\\/uploads\\\/2016\\\/06\\\/pro15-2.jpg\",\"keywords\":[\"Alan Kardec\",\"Brasileir\u00e3o-2016\",\"Cueva\",\"FluminenseFC\",\"futebol\",\"paulo Henrique ganso\",\"S\u00e3o Paulo FC\",\"s\u00e3o paulo x fluminense\"],\"articleSection\":[\"Campeonato Brasileiro\",\"futebol\"],\"inLanguage\":\"pt-BR\",\"potentialAction\":[{\"@type\":\"CommentAction\",\"name\":\"Comment\",\"target\":[\"https:\\\/\\\/blogdoprosperi.com\\\/?p=13912#respond\"]}]},{\"@type\":\"WebPage\",\"@id\":\"https:\\\/\\\/blogdoprosperi.com\\\/?p=13912\",\"url\":\"https:\\\/\\\/blogdoprosperi.com\\\/?p=13912\",\"name\":\"S\u00e3o Paulo vence Fluminense e vive drama com les\u00e3o de Ganso - PR\u00d3SPERI NEWS\",\"isPartOf\":{\"@id\":\"https:\\\/\\\/blogdoprosperi.com\\\/#website\"},\"primaryImageOfPage\":{\"@id\":\"https:\\\/\\\/blogdoprosperi.com\\\/?p=13912#primaryimage\"},\"image\":{\"@id\":\"https:\\\/\\\/blogdoprosperi.com\\\/?p=13912#primaryimage\"},\"thumbnailUrl\":\"https:\\\/\\\/blogdoprosperi.com\\\/wp-content\\\/uploads\\\/2016\\\/06\\\/pro15-2.jpg\",\"datePublished\":\"2016-06-30T03:22:38+00:00\",\"dateModified\":\"2016-06-30T04:31:25+00:00\",\"breadcrumb\":{\"@id\":\"https:\\\/\\\/blogdoprosperi.com\\\/?p=13912#breadcrumb\"},\"inLanguage\":\"pt-BR\",\"potentialAction\":[{\"@type\":\"ReadAction\",\"target\":[\"https:\\\/\\\/blogdoprosperi.com\\\/?p=13912\"]}]},{\"@type\":\"ImageObject\",\"inLanguage\":\"pt-BR\",\"@id\":\"https:\\\/\\\/blogdoprosperi.com\\\/?p=13912#primaryimage\",\"url\":\"https:\\\/\\\/i0.wp.com\\\/blogdoprosperi.com\\\/wp-content\\\/uploads\\\/2016\\\/06\\\/pro15-2.jpg?fit=2300%2C1675&ssl=1\",\"contentUrl\":\"https:\\\/\\\/i0.wp.com\\\/blogdoprosperi.com\\\/wp-content\\\/uploads\\\/2016\\\/06\\\/pro15-2.jpg?fit=2300%2C1675&ssl=1\",\"width\":2300,\"height\":1675},{\"@type\":\"BreadcrumbList\",\"@id\":\"https:\\\/\\\/blogdoprosperi.com\\\/?p=13912#breadcrumb\",\"itemListElement\":[{\"@type\":\"ListItem\",\"position\":1,\"name\":\"In\u00edcio\",\"item\":\"https:\\\/\\\/blogdoprosperi.com\\\/\"},{\"@type\":\"ListItem\",\"position\":2,\"name\":\"S\u00e3o Paulo vence Fluminense e vive drama com les\u00e3o de Ganso\"}]},{\"@type\":\"WebSite\",\"@id\":\"https:\\\/\\\/blogdoprosperi.com\\\/#website\",\"url\":\"https:\\\/\\\/blogdoprosperi.com\\\/\",\"name\":\"PR\u00d3SPERI NEWS\",\"description\":\"TUDO \u00c9  FUTEBOL\",\"publisher\":{\"@id\":\"https:\\\/\\\/blogdoprosperi.com\\\/#\\\/schema\\\/person\\\/38100755ce3601861ee4fab9b5aa78e9\"},\"alternateName\":\"blogdoprosperi.com\",\"potentialAction\":[{\"@type\":\"SearchAction\",\"target\":{\"@type\":\"EntryPoint\",\"urlTemplate\":\"https:\\\/\\\/blogdoprosperi.com\\\/?s={search_term_string}\"},\"query-input\":{\"@type\":\"PropertyValueSpecification\",\"valueRequired\":true,\"valueName\":\"search_term_string\"}}],\"inLanguage\":\"pt-BR\"},{\"@type\":[\"Person\",\"Organization\"],\"@id\":\"https:\\\/\\\/blogdoprosperi.com\\\/#\\\/schema\\\/person\\\/38100755ce3601861ee4fab9b5aa78e9\",\"name\":\"Luiz Ant\u00f4nio Pr\u00f3speri\",\"pronouns\":\"ele\",\"image\":{\"@type\":\"ImageObject\",\"inLanguage\":\"pt-BR\",\"@id\":\"https:\\\/\\\/i0.wp.com\\\/blogdoprosperi.com\\\/wp-content\\\/uploads\\\/2026\\\/05\\\/cropped-8059e613-6002-42fa-961e-8e275f575d71-2-5.jpg?fit=1360%2C931&ssl=1\",\"url\":\"https:\\\/\\\/i0.wp.com\\\/blogdoprosperi.com\\\/wp-content\\\/uploads\\\/2026\\\/05\\\/cropped-8059e613-6002-42fa-961e-8e275f575d71-2-5.jpg?fit=1360%2C931&ssl=1\",\"contentUrl\":\"https:\\\/\\\/i0.wp.com\\\/blogdoprosperi.com\\\/wp-content\\\/uploads\\\/2026\\\/05\\\/cropped-8059e613-6002-42fa-961e-8e275f575d71-2-5.jpg?fit=1360%2C931&ssl=1\",\"width\":1360,\"height\":931,\"caption\":\"Luiz Ant\u00f4nio Pr\u00f3speri\"},\"logo\":{\"@id\":\"https:\\\/\\\/i0.wp.com\\\/blogdoprosperi.com\\\/wp-content\\\/uploads\\\/2026\\\/05\\\/cropped-8059e613-6002-42fa-961e-8e275f575d71-2-5.jpg?fit=1360%2C931&ssl=1\"},\"description\":\"Jornalista com carreira dedicada ao esporte. Cobriu 9 Copas do Mundo in loco, 1990 na It\u00e1lia, 1994 nos EUA, 1998 na Fran\u00e7a, 2002 na Coreia do Sul e Jap\u00e3o, 2006 na Alemanha, 2010 na \u00c1frica do Sul, 2014 no Brasil, 2018 na R\u00fassia e 2022 no Qatar. Eurocopas, 1992 na Su\u00e9cia e 1996 na Inglaterra. Copa das Confedera\u00e7\u00f5es de 2005 na Alemanha e 2009 na \u00c1frica do Sul. Rep\u00f3rter e Editor, trabalhou no Jornal da Tarde e Estad\u00e3o, de 1984 a fevereiro de 2016. Colunista, blogueiro. E comentarista de futebol na R\u00e1dio Estad\u00e3o, de 2013 a fevereiro de 2016. Jornalista respons\u00e1vel do \\\"Pr\u00f3speri News\\\" (blogdoprosperi.com).\",\"sameAs\":[\"http:\\\/\\\/blogdoprosperi.com\",\"Luiz Pr\u00f3speri\",\"@luiz_prosperi\",\"https:\\\/\\\/x.com\\\/Luizprosperi\",\"@prosperinacopa\",\"luiz.prosperi@icloud.com\"],\"url\":\"https:\\\/\\\/blogdoprosperi.com\\\/?author=102107496\"}]}<\/script>\n<!-- \/ Yoast SEO plugin. -->","yoast_head_json":{"title":"S\u00e3o Paulo vence Fluminense e vive drama com les\u00e3o de Ganso - PR\u00d3SPERI NEWS","robots":{"index":"index","follow":"follow","max-snippet":"max-snippet:-1","max-image-preview":"max-image-preview:large","max-video-preview":"max-video-preview:-1"},"canonical":"https:\/\/blogdoprosperi.com\/?p=13912","og_locale":"pt_BR","og_type":"article","og_title":"S\u00e3o Paulo vence Fluminense e vive drama com les\u00e3o de Ganso - PR\u00d3SPERI NEWS","og_description":"S\u00e3o Paulo teria tudo para fechar a noite desta quarta-feira (29\/6) fortalecido para o jogo da semana que [&hellip;]","og_url":"https:\/\/blogdoprosperi.com\/?p=13912","og_site_name":"PR\u00d3SPERI NEWS","article_publisher":"Luiz Pr\u00f3speri","article_author":"Luiz Pr\u00f3speri","article_published_time":"2016-06-30T03:22:38+00:00","article_modified_time":"2016-06-30T04:31:25+00:00","og_image":[{"url":"https:\/\/i0.wp.com\/blogdoprosperi.com\/wp-content\/uploads\/2016\/06\/pro12-3.jpg?w=610&#038;h=418&#038;ssl=1","type":"","width":"","height":""}],"author":"Luiz Ant\u00f4nio Pr\u00f3speri","twitter_card":"summary_large_image","twitter_creator":"@Luizprosperi","twitter_site":"@Luizprosperi","twitter_misc":{"Escrito por":"Luiz Ant\u00f4nio Pr\u00f3speri","Est. tempo de leitura":"5 minutos"},"schema":{"@context":"https:\/\/schema.org","@graph":[{"@type":"Article","@id":"https:\/\/blogdoprosperi.com\/?p=13912#article","isPartOf":{"@id":"https:\/\/blogdoprosperi.com\/?p=13912"},"author":{"name":"Luiz Ant\u00f4nio Pr\u00f3speri","@id":"https:\/\/blogdoprosperi.com\/#\/schema\/person\/38100755ce3601861ee4fab9b5aa78e9"},"headline":"S\u00e3o Paulo vence Fluminense e vive drama com les\u00e3o de Ganso","datePublished":"2016-06-30T03:22:38+00:00","dateModified":"2016-06-30T04:31:25+00:00","mainEntityOfPage":{"@id":"https:\/\/blogdoprosperi.com\/?p=13912"},"wordCount":955,"commentCount":2,"publisher":{"@id":"https:\/\/blogdoprosperi.com\/#\/schema\/person\/38100755ce3601861ee4fab9b5aa78e9"},"image":{"@id":"https:\/\/blogdoprosperi.com\/?p=13912#primaryimage"},"thumbnailUrl":"https:\/\/blogdoprosperi.com\/wp-content\/uploads\/2016\/06\/pro15-2.jpg","keywords":["Alan Kardec","Brasileir\u00e3o-2016","Cueva","FluminenseFC","futebol","paulo Henrique ganso","S\u00e3o Paulo FC","s\u00e3o paulo x fluminense"],"articleSection":["Campeonato Brasileiro","futebol"],"inLanguage":"pt-BR","potentialAction":[{"@type":"CommentAction","name":"Comment","target":["https:\/\/blogdoprosperi.com\/?p=13912#respond"]}]},{"@type":"WebPage","@id":"https:\/\/blogdoprosperi.com\/?p=13912","url":"https:\/\/blogdoprosperi.com\/?p=13912","name":"S\u00e3o Paulo vence Fluminense e vive drama com les\u00e3o de Ganso - PR\u00d3SPERI NEWS","isPartOf":{"@id":"https:\/\/blogdoprosperi.com\/#website"},"primaryImageOfPage":{"@id":"https:\/\/blogdoprosperi.com\/?p=13912#primaryimage"},"image":{"@id":"https:\/\/blogdoprosperi.com\/?p=13912#primaryimage"},"thumbnailUrl":"https:\/\/blogdoprosperi.com\/wp-content\/uploads\/2016\/06\/pro15-2.jpg","datePublished":"2016-06-30T03:22:38+00:00","dateModified":"2016-06-30T04:31:25+00:00","breadcrumb":{"@id":"https:\/\/blogdoprosperi.com\/?p=13912#breadcrumb"},"inLanguage":"pt-BR","potentialAction":[{"@type":"ReadAction","target":["https:\/\/blogdoprosperi.com\/?p=13912"]}]},{"@type":"ImageObject","inLanguage":"pt-BR","@id":"https:\/\/blogdoprosperi.com\/?p=13912#primaryimage","url":"https:\/\/i0.wp.com\/blogdoprosperi.com\/wp-content\/uploads\/2016\/06\/pro15-2.jpg?fit=2300%2C1675&ssl=1","contentUrl":"https:\/\/i0.wp.com\/blogdoprosperi.com\/wp-content\/uploads\/2016\/06\/pro15-2.jpg?fit=2300%2C1675&ssl=1","width":2300,"height":1675},{"@type":"BreadcrumbList","@id":"https:\/\/blogdoprosperi.com\/?p=13912#breadcrumb","itemListElement":[{"@type":"ListItem","position":1,"name":"In\u00edcio","item":"https:\/\/blogdoprosperi.com\/"},{"@type":"ListItem","position":2,"name":"S\u00e3o Paulo vence Fluminense e vive drama com les\u00e3o de Ganso"}]},{"@type":"WebSite","@id":"https:\/\/blogdoprosperi.com\/#website","url":"https:\/\/blogdoprosperi.com\/","name":"PR\u00d3SPERI NEWS","description":"TUDO \u00c9  FUTEBOL","publisher":{"@id":"https:\/\/blogdoprosperi.com\/#\/schema\/person\/38100755ce3601861ee4fab9b5aa78e9"},"alternateName":"blogdoprosperi.com","potentialAction":[{"@type":"SearchAction","target":{"@type":"EntryPoint","urlTemplate":"https:\/\/blogdoprosperi.com\/?s={search_term_string}"},"query-input":{"@type":"PropertyValueSpecification","valueRequired":true,"valueName":"search_term_string"}}],"inLanguage":"pt-BR"},{"@type":["Person","Organization"],"@id":"https:\/\/blogdoprosperi.com\/#\/schema\/person\/38100755ce3601861ee4fab9b5aa78e9","name":"Luiz Ant\u00f4nio Pr\u00f3speri","pronouns":"ele","image":{"@type":"ImageObject","inLanguage":"pt-BR","@id":"https:\/\/i0.wp.com\/blogdoprosperi.com\/wp-content\/uploads\/2026\/05\/cropped-8059e613-6002-42fa-961e-8e275f575d71-2-5.jpg?fit=1360%2C931&ssl=1","url":"https:\/\/i0.wp.com\/blogdoprosperi.com\/wp-content\/uploads\/2026\/05\/cropped-8059e613-6002-42fa-961e-8e275f575d71-2-5.jpg?fit=1360%2C931&ssl=1","contentUrl":"https:\/\/i0.wp.com\/blogdoprosperi.com\/wp-content\/uploads\/2026\/05\/cropped-8059e613-6002-42fa-961e-8e275f575d71-2-5.jpg?fit=1360%2C931&ssl=1","width":1360,"height":931,"caption":"Luiz Ant\u00f4nio Pr\u00f3speri"},"logo":{"@id":"https:\/\/i0.wp.com\/blogdoprosperi.com\/wp-content\/uploads\/2026\/05\/cropped-8059e613-6002-42fa-961e-8e275f575d71-2-5.jpg?fit=1360%2C931&ssl=1"},"description":"Jornalista com carreira dedicada ao esporte. Cobriu 9 Copas do Mundo in loco, 1990 na It\u00e1lia, 1994 nos EUA, 1998 na Fran\u00e7a, 2002 na Coreia do Sul e Jap\u00e3o, 2006 na Alemanha, 2010 na \u00c1frica do Sul, 2014 no Brasil, 2018 na R\u00fassia e 2022 no Qatar. Eurocopas, 1992 na Su\u00e9cia e 1996 na Inglaterra. Copa das Confedera\u00e7\u00f5es de 2005 na Alemanha e 2009 na \u00c1frica do Sul. Rep\u00f3rter e Editor, trabalhou no Jornal da Tarde e Estad\u00e3o, de 1984 a fevereiro de 2016. Colunista, blogueiro. E comentarista de futebol na R\u00e1dio Estad\u00e3o, de 2013 a fevereiro de 2016. Jornalista respons\u00e1vel do \"Pr\u00f3speri News\" (blogdoprosperi.com).","sameAs":["http:\/\/blogdoprosperi.com","Luiz Pr\u00f3speri","@luiz_prosperi","https:\/\/x.com\/Luizprosperi","@prosperinacopa","luiz.prosperi@icloud.com"],"url":"https:\/\/blogdoprosperi.com\/?author=102107496"}]}},"jetpack_publicize_connections":[],"jetpack_likes_enabled":false,"jetpack_sharing_enabled":true,"jetpack_shortlink":"https:\/\/wp.me\/p7jvdk-3Co","jetpack-related-posts":[{"id":16263,"url":"https:\/\/blogdoprosperi.com\/?p=16263","url_meta":{"origin":13912,"position":0},"title":"S\u00e3o Paulo perde jogadores, enfraquece time e abate despesas com Maicon e Cueva","author":"Luiz Ant\u00f4nio Pr\u00f3speri","date":"15 de julho de 2016","format":false,"excerpt":"S\u00e3o Paulo tem baixas importantes. Atl\u00e9tico Nacional \u00e9 alvo de suspeitas de corrup\u00e7\u00e3o","rel":"","context":"Em &quot;futebol&quot;","block_context":{"text":"futebol","link":"https:\/\/blogdoprosperi.com\/?cat=53870"},"img":{"alt_text":"","src":"https:\/\/i0.wp.com\/blogdoprosperi.com\/wp-content\/uploads\/2016\/07\/1398.jpg?resize=350%2C200&ssl=1","width":350,"height":200,"srcset":"https:\/\/i0.wp.com\/blogdoprosperi.com\/wp-content\/uploads\/2016\/07\/1398.jpg?resize=350%2C200&ssl=1 1x, https:\/\/i0.wp.com\/blogdoprosperi.com\/wp-content\/uploads\/2016\/07\/1398.jpg?resize=525%2C300&ssl=1 1.5x"},"classes":[]},{"id":15343,"url":"https:\/\/blogdoprosperi.com\/?p=15343","url_meta":{"origin":13912,"position":1},"title":"S\u00e3o Paulo pode perder Ganso, Rodrigo Caio, Calleri e Bauza","author":"Luiz Ant\u00f4nio Pr\u00f3speri","date":"7 de julho de 2016","format":false,"excerpt":"S\u00e3o Paulo vive um momento delicado ap\u00f3s a derrota ao Atl\u00e9tico Nacional nesta quarta-feira (06\/7). A pr\u00f3ximas semana ser\u00e1 decisiva ao futuro do clube paulista na temporada com a quase inevit\u00e1vel queda nas semifinais da Copa Libertadores. Pode ter perdas consider\u00e1veis. Paulo Henrique Ganso e Rodrigo Caio est\u00e3o de sa\u00edda.\u2026","rel":"","context":"Em &quot;futebol&quot;","block_context":{"text":"futebol","link":"https:\/\/blogdoprosperi.com\/?cat=53870"},"img":{"alt_text":"","src":"https:\/\/i0.wp.com\/blogdoprosperi.com\/wp-content\/uploads\/2016\/07\/85adb960-0246-11e6-8a5c-a362efbf840e_20160401111809396_3.jpg?resize=350%2C200&ssl=1","width":350,"height":200,"srcset":"https:\/\/i0.wp.com\/blogdoprosperi.com\/wp-content\/uploads\/2016\/07\/85adb960-0246-11e6-8a5c-a362efbf840e_20160401111809396_3.jpg?resize=350%2C200&ssl=1 1x, https:\/\/i0.wp.com\/blogdoprosperi.com\/wp-content\/uploads\/2016\/07\/85adb960-0246-11e6-8a5c-a362efbf840e_20160401111809396_3.jpg?resize=525%2C300&ssl=1 1.5x"},"classes":[]},{"id":15872,"url":"https:\/\/blogdoprosperi.com\/?p=15872","url_meta":{"origin":13912,"position":2},"title":"Ganso \u00e9 do Sevilla, admite presidente do S\u00e3o Paulo","author":"Luiz Ant\u00f4nio Pr\u00f3speri","date":"12 de julho de 2016","format":false,"excerpt":"Paulo Henrique Ganso \u00e9 jogador do Sevilla por 9,5 milh\u00f5es de euros (R$ 34,6 milh\u00f5es). O S\u00e3o Paulo levar\u00e1 5 milh\u00f5es de euros (R$ 18,4 milh\u00f5es) e o grupo DIS deve ter direito a 4 milh\u00f5es de euros (R$ 14,6%) e 20% de uma eventual venda futura. A divis\u00e3o leva\u2026","rel":"","context":"Em &quot;futebol&quot;","block_context":{"text":"futebol","link":"https:\/\/blogdoprosperi.com\/?cat=53870"},"img":{"alt_text":"","src":"https:\/\/i0.wp.com\/blogdoprosperi.com\/wp-content\/uploads\/2016\/07\/8-20.jpg?resize=350%2C200","width":350,"height":200},"classes":[]},{"id":45924,"url":"https:\/\/blogdoprosperi.com\/?p=45924","url_meta":{"origin":13912,"position":3},"title":"#Cr\u00f4nicaSab\u00e1tica #2 | Nos Calcanhares do Ganso","author":"Luiz Ant\u00f4nio Pr\u00f3speri","date":"19 de outubro de 2024","format":false,"excerpt":"Luiz Ant\u00f4nio Pr\u00f3speri \u2013 19 outubro (11h35) Paulo Henrique Ganso costuma vestir fraque, camisa branca engomada, gravatas borboleta e sapatos de cromo alem\u00e3o quando entra em campo. Seria essa a descri\u00e7\u00e3o no vocabul\u00e1rio mais antigo do futebol a exaltar o talento que um maestro apresenta nos jogos. Ali\u00e1s, maestro tamb\u00e9m\u2026","rel":"","context":"Em &quot;futebol&quot;","block_context":{"text":"futebol","link":"https:\/\/blogdoprosperi.com\/?cat=53870"},"img":{"alt_text":"O calcanhar de Ganso","src":"https:\/\/i0.wp.com\/blogdoprosperi.com\/wp-content\/uploads\/2024\/10\/gaidfzpwyaau91n.jpeg?fit=554%2C554&ssl=1&resize=350%2C200","width":350,"height":200,"srcset":"https:\/\/i0.wp.com\/blogdoprosperi.com\/wp-content\/uploads\/2024\/10\/gaidfzpwyaau91n.jpeg?fit=554%2C554&ssl=1&resize=350%2C200 1x, https:\/\/i0.wp.com\/blogdoprosperi.com\/wp-content\/uploads\/2024\/10\/gaidfzpwyaau91n.jpeg?fit=554%2C554&ssl=1&resize=525%2C300 1.5x"},"classes":[]},{"id":14395,"url":"https:\/\/blogdoprosperi.com\/?p=14395","url_meta":{"origin":13912,"position":4},"title":"Ganso est\u00e1 de sa\u00edda do S\u00e3o Paulo","author":"Luiz Ant\u00f4nio Pr\u00f3speri","date":"1 de julho de 2016","format":false,"excerpt":"Paulo Henrique Ganso n\u00e3o quer renovar seu contrato com o S\u00e3o Paulo. Seu desejo \u00e9 jogar no Sevilla, ponto de partida para um salto maior no futebol europeu. Pesa a favor de sua sa\u00edda, nesta janela de transfer\u00eancia, a les\u00e3o na coxa direita que o afastou das semifinais da Copa\u2026","rel":"","context":"Em &quot;futebol&quot;","block_context":{"text":"futebol","link":"https:\/\/blogdoprosperi.com\/?cat=53870"},"img":{"alt_text":"","src":"https:\/\/i0.wp.com\/blogdoprosperi.com\/wp-content\/uploads\/2016\/07\/3500.jpg?resize=350%2C200&ssl=1","width":350,"height":200,"srcset":"https:\/\/i0.wp.com\/blogdoprosperi.com\/wp-content\/uploads\/2016\/07\/3500.jpg?resize=350%2C200&ssl=1 1x, https:\/\/i0.wp.com\/blogdoprosperi.com\/wp-content\/uploads\/2016\/07\/3500.jpg?resize=525%2C300&ssl=1 1.5x"},"classes":[]},{"id":16339,"url":"https:\/\/blogdoprosperi.com\/?p=16339","url_meta":{"origin":13912,"position":5},"title":"Ganso deixa S\u00e3o Paulo em busca de novo patamar no futebol europeu","author":"Luiz Ant\u00f4nio Pr\u00f3speri","date":"16 de julho de 2016","format":false,"excerpt":"Paulo Henrique Ganso, aos 26 anos, vai jogar no futebol da Espanha","rel":"","context":"Em &quot;futebol&quot;","block_context":{"text":"futebol","link":"https:\/\/blogdoprosperi.com\/?cat=53870"},"img":{"alt_text":"","src":"https:\/\/i0.wp.com\/blogdoprosperi.com\/wp-content\/uploads\/2016\/07\/neymar-and-ganso-490889.jpg?resize=350%2C200","width":350,"height":200,"srcset":"https:\/\/i0.wp.com\/blogdoprosperi.com\/wp-content\/uploads\/2016\/07\/neymar-and-ganso-490889.jpg?resize=350%2C200 1x, https:\/\/i0.wp.com\/blogdoprosperi.com\/wp-content\/uploads\/2016\/07\/neymar-and-ganso-490889.jpg?resize=525%2C300 1.5x"},"classes":[]}],"jetpack_featured_media_url":"","_links":{"self":[{"href":"https:\/\/blogdoprosperi.com\/index.php?rest_route=\/wp\/v2\/posts\/13912","targetHints":{"allow":["GET"]}}],"collection":[{"href":"https:\/\/blogdoprosperi.com\/index.php?rest_route=\/wp\/v2\/posts"}],"about":[{"href":"https:\/\/blogdoprosperi.com\/index.php?rest_route=\/wp\/v2\/types\/post"}],"author":[{"embeddable":true,"href":"https:\/\/blogdoprosperi.com\/index.php?rest_route=\/wp\/v2\/users\/102107496"}],"replies":[{"embeddable":true,"href":"https:\/\/blogdoprosperi.com\/index.php?rest_route=%2Fwp%2Fv2%2Fcomments&post=13912"}],"version-history":[{"count":25,"href":"https:\/\/blogdoprosperi.com\/index.php?rest_route=\/wp\/v2\/posts\/13912\/revisions"}],"predecessor-version":[{"id":14100,"href":"https:\/\/blogdoprosperi.com\/index.php?rest_route=\/wp\/v2\/posts\/13912\/revisions\/14100"}],"wp:attachment":[{"href":"https:\/\/blogdoprosperi.com\/index.php?rest_route=%2Fwp%2Fv2%2Fmedia&parent=13912"}],"wp:term":[{"taxonomy":"category","embeddable":true,"href":"https:\/\/blogdoprosperi.com\/index.php?rest_route=%2Fwp%2Fv2%2Fcategories&post=13912"},{"taxonomy":"post_tag","embeddable":true,"href":"https:\/\/blogdoprosperi.com\/index.php?rest_route=%2Fwp%2Fv2%2Ftags&post=13912"}],"curies":[{"name":"wp","href":"https:\/\/api.w.org\/{rel}","templated":true}]}}