{"id":14102,"date":"2016-06-30T19:21:04","date_gmt":"2016-06-30T19:21:04","guid":{"rendered":"http:\/\/blogdoprosperi.com\/?p=14102"},"modified":"2016-06-30T19:49:46","modified_gmt":"2016-06-30T19:49:46","slug":"ministerio-publico-ameaca-vetar-reduto-de-palmeirenses-ao-arredor-do-allianz-parque","status":"publish","type":"post","link":"https:\/\/blogdoprosperi.com\/?p=14102","title":{"rendered":"Minist\u00e9rio P\u00fablico amea\u00e7a vetar reduto de palmeirenses ao arredor do Allianz Parque"},"content":{"rendered":"<figure id=\"attachment_14176\" aria-describedby=\"caption-attachment-14176\" style=\"width: 578px\" class=\"wp-caption alignnone\"><img data-recalc-dims=\"1\" loading=\"lazy\" decoding=\"async\" data-attachment-id=\"14176\" data-permalink=\"https:\/\/blogdoprosperi.com\/?attachment_id=14176\" data-orig-file=\"https:\/\/i0.wp.com\/blogdoprosperi.com\/wp-content\/uploads\/2016\/06\/process.jpeg?fit=578%2C325&amp;ssl=1\" data-orig-size=\"578,325\" data-comments-opened=\"1\" data-image-meta=\"{&quot;aperture&quot;:&quot;4&quot;,&quot;credit&quot;:&quot;Friedemann Vogel&quot;,&quot;camera&quot;:&quot;Canon EOS-1D X&quot;,&quot;caption&quot;:&quot;xxx of Palmeiras fights for the ball with xxx of Santos during the match between Palmeiras and Santos for the Copa do Brasil 2015 Final at Allianz Parque on December 2, 2015 in Sao Paulo, Brazil.&quot;,&quot;created_timestamp&quot;:&quot;1449081806&quot;,&quot;copyright&quot;:&quot;2015 Getty Images&quot;,&quot;focal_length&quot;:&quot;13&quot;,&quot;iso&quot;:&quot;4000&quot;,&quot;shutter_speed&quot;:&quot;0.0125&quot;,&quot;title&quot;:&quot;&quot;,&quot;orientation&quot;:&quot;0&quot;}\" data-image-title=\"process\" data-image-description=\"\" data-image-caption=\"&lt;p&gt;xxx of Palmeiras fights for the ball with xxx of Santos during the match between Palmeiras and Santos for the Copa do Brasil 2015 Final at Allianz Parque on December 2, 2015 in Sao Paulo, Brazil.&lt;\/p&gt;\n\" data-large-file=\"https:\/\/i0.wp.com\/blogdoprosperi.com\/wp-content\/uploads\/2016\/06\/process.jpeg?fit=578%2C325&amp;ssl=1\" class=\"alignnone size-full wp-image-14176\" src=\"https:\/\/i0.wp.com\/blogdoprosperi.com\/wp-content\/uploads\/2016\/06\/process.jpeg?resize=578%2C325&#038;ssl=1\" alt=\"process\" width=\"578\" height=\"325\" \/><figcaption id=\"caption-attachment-14176\" class=\"wp-caption-text\">Torcida do Palmeiras faz festa ao lado do Allianz Parque<\/figcaption><\/figure>\n<p>Ref\u00e9ns da <a href=\"http:\/\/blogdoprosperi.com\/2016\/06\/14\/seguranca-na-eurocopa-falha-e-guerra-entre-ingleses-e-russos-nao-tem-data-para-acabar\/\">viol\u00eancia no futebol<\/a>, governo, pol\u00edcia, Minist\u00e9rio P\u00fablico, gestores de clubes, federa\u00e7\u00f5es e CBF est\u00e3o perdidos. Desde 1995, quando um torcedor foi morto a pauladas no Pacaembu no confronto entre fac\u00e7\u00f5es de S\u00e3o Paulo e Palmeiras, uma s\u00e9rie de provid\u00eancias, leis e repress\u00e3o n\u00e3o tem evitado batalhas e execu\u00e7\u00f5es a ferro, pau e fogo de torcedores.<\/p>\n<p>Voltando a 1995, ap\u00f3s o sangue derramado e uma morte atestada no conflito entre torcedores na final da Supercopa de Juniores entre Palmeiras e S\u00e3o Paulo, o MP, na \u00e9poca sob a guarda do promotor Fernando Capez, extinguiu torcidas organizadas, vetou bebida alco\u00f3lica e o uso de bandeiras com mastro nos est\u00e1dios. Capez se saiu como o paladino das arquibancadas.<\/p>\n<p>Passado o tempo, as fac\u00e7\u00f5es voltaram a frequentar as arenas, nunca se bebeu tanto em torno dos est\u00e1dios, as batalhas se alastraram e mais mortes foram e vem sendo computadas m\u00eas a m\u00eas. Apenas bandeiras n\u00e3o tremulam mais nas arenas.<\/p>\n<p>Estamos em 2016, 21 anos depois da morte no Pacaembu, Capez virou deputado estadual, presidente da Assembleia Legislativa e acusado de envolvimento no esc\u00e2ndalo da merenda no Estado de S\u00e3o Paulo.<\/p>\n<p>Alexandre Moraes, hoje Ministro da Justi\u00e7a no governo interino e acusado de golpista Michel Temer, no seu \u00faltimo ato como Secret\u00e1rio de Seguran\u00e7a P\u00fablica de S\u00e3o Paulo decretou <a href=\"http:\/\/blogdoprosperi.com\/2016\/04\/15\/governo-paulista-declara-guerra-as-torcidas-organizadas\/\">torcida \u00fanica<\/a> nos cl\u00e1ssicos entre clubes paulistas at\u00e9 dezembro deste ano.<\/p>\n<p>No cl\u00e1ssico <a href=\"http:\/\/blogdoprosperi.com\/2016\/04\/16\/gavioes-da-fiel-nao-se-intimida\/\">Corinthians<\/a> e Santos, com torcida \u00fanica no Itaquer\u00e3o, torcedores corintianos foram alvos de uma emboscada por fac\u00e7\u00f5es de santistas, segundo disse o presidente do clube Roberto Andrade na Fox Sport.<\/p>\n<p>Nesta quarta-feira, em um <a href=\"http:\/\/blogdoprosperi.com\/2016\/04\/19\/palmeiras-vai-enfrentar-torcida-unica-nos-jogos-decisivos-do-paulistao-2016\/\">audi\u00eancia p\u00fablica sobre torcida \u00fanica<\/a> na Assembleia Legislativa de S\u00e3o Paulo, o promotor Paulo Castilho, um dos autores do decreto de torcida \u00fanica nos cl\u00e1ssicos, lan\u00e7ou mais uma a\u00e7\u00e3o. Leia mais sobre o assunto no blogdomenon.blogosfera.uol.com.br.<\/p>\n<p>Veja o que Castilho disse<\/p>\n<blockquote><p>&#8220;A grande maioria dos torcedores organizados\u00a0n\u00e3o sabem (sic) se comportar civilizadamente, e nos obrigam a pensar em solu\u00e7\u00f5es para coibir sua viol\u00eancia. Temos que pensar em solu\u00e7\u00f5es para, por exemplo, fechar as sedes de torcidas no entorno do Allianz Parque. E tamb\u00e9m dar um jeito de n\u00e3o ter bares abertos por ali em dias de jogos. Os torcedores bebem, em garrafas de vidro, se concentram aos milhares ali, dificultando o controle e at\u00e9 a entrada na arena&#8221;.<\/p><\/blockquote>\n<p>&nbsp;<\/p>\n<div class=\"tiled-gallery type-rectangular tiled-gallery-unresized\" data-original-width=\"940\" data-carousel-extra='{&quot;blog_id&quot;:1,&quot;permalink&quot;:&quot;https:\\\/\\\/blogdoprosperi.com\\\/?p=14102&quot;,&quot;likes_blog_id&quot;:108082574}' itemscope itemtype=\"http:\/\/schema.org\/ImageGallery\" > <div class=\"gallery-row\" style=\"width: 940px; height: 407px;\" data-original-width=\"940\" data-original-height=\"407\" > <div class=\"gallery-group images-1\" style=\"width: 612px; height: 407px;\" data-original-width=\"612\" data-original-height=\"407\" > <div class=\"tiled-gallery-item tiled-gallery-item-large\" itemprop=\"associatedMedia\" itemscope itemtype=\"http:\/\/schema.org\/ImageObject\"> <a href=\"https:\/\/blogdoprosperi.com\/?attachment_id=14185\" border=\"0\" itemprop=\"url\"> <meta itemprop=\"width\" content=\"608\"> <meta itemprop=\"height\" content=\"403\"> <img decoding=\"async\" class=\"\" data-attachment-id=\"14185\" data-orig-file=\"https:\/\/blogdoprosperi.com\/wp-content\/uploads\/2016\/06\/2k994wjy69_3gkhkru6mx_file.jpeg\" data-orig-size=\"460,305\" data-comments-opened=\"1\" data-image-meta=\"{&quot;aperture&quot;:&quot;4.5&quot;,&quot;credit&quot;:&quot;ESTAD\\u00c3O CONTE\\u00daDO&quot;,&quot;camera&quot;:&quot;Canon EOS 7D&quot;,&quot;caption&quot;:&quot;SP - BRASILEIR\\u00c3O\\\/PALMEIRAS X ATL\\u00c9TICO-PR - ESPORTES - Torcida chega ao Allianz Parque, na zona oeste de S\\u00e3o Paulo, neste domingo, para a partida entre Palmeiras e Atl\\u00e9tico Paranaense, pela \\u00faltima rodada do Campeonato Brasileiro 2014. O Palmeiras luta para n\\u00e3o cair para a S\\u00e9rie B do Brasileir\\u00e3o e precisa de uma vit\\u00f3ria para se garantir na elite do futebol nacional. 07\\\/12\\\/2014 - Foto: ALE VIANNA\\\/BRAZIL PHOTO PRESS\\\/ESTAD\\u00c3O CONTE\\u00daDO&quot;,&quot;created_timestamp&quot;:&quot;1417968547&quot;,&quot;copyright&quot;:&quot;Copyright \\u00a9 Ag\\u00eancia Estado. Todos os direitos reservados&quot;,&quot;focal_length&quot;:&quot;10&quot;,&quot;iso&quot;:&quot;400&quot;,&quot;shutter_speed&quot;:&quot;0.00125&quot;,&quot;title&quot;:&quot;PALMEIRAS X ATL\\u00c9TICO-PR&quot;,&quot;orientation&quot;:&quot;0&quot;}\" data-image-title=\"PALMEIRAS X ATL\u00c9TICO-PR\" data-image-description=\"\" data-medium-file=\"https:\/\/i0.wp.com\/blogdoprosperi.com\/wp-content\/uploads\/2016\/06\/2k994wjy69_3gkhkru6mx_file.jpeg?fit=460%2C305&#038;ssl=1\" data-large-file=\"https:\/\/i0.wp.com\/blogdoprosperi.com\/wp-content\/uploads\/2016\/06\/2k994wjy69_3gkhkru6mx_file.jpeg?fit=460%2C305&#038;ssl=1\" src=\"https:\/\/i0.wp.com\/blogdoprosperi.com\/wp-content\/uploads\/2016\/06\/2k994wjy69_3gkhkru6mx_file.jpeg?w=608&#038;h=403&#038;ssl=1\" width=\"608\" height=\"403\" loading=\"lazy\" data-original-width=\"608\" data-original-height=\"403\" itemprop=\"http:\/\/schema.org\/image\" title=\"PALMEIRAS X ATL\u00c9TICO-PR\" alt=\"SP - BRASILEIR\u00c3O\/PALMEIRAS X ATL\u00c9TICO-PR - ESPORTES - Torcida chega ao Allianz Parque, na zona oeste de S\u00e3o Paulo, neste domingo, para a partida entre Palmeiras e Atl\u00e9tico Paranaense, pela \u00faltima rodada do Campeonato Brasileiro 2014. O Palmeiras luta para n\u00e3o cair para a S\u00e9rie B do Brasileir\u00e3o e precisa de uma vit\u00f3ria para se garantir na elite do futebol nacional. 07\/12\/2014 - Foto: ALE VIANNA\/BRAZIL PHOTO PRESS\/ESTAD\u00c3O CONTE\u00daDO\" style=\"width: 608px; height: 403px;\" \/> <\/a> <div class=\"tiled-gallery-caption\" itemprop=\"caption description\"> SP &#8211; BRASILEIR\u00c3O\/PALMEIRAS X ATL\u00c9TICO-PR &#8211; ESPORTES &#8211; Torcida chega ao Allianz Parque, na zona oeste de S\u00e3o Paulo, neste domingo, para a partida entre Palmeiras e Atl\u00e9tico Paranaense, pela \u00faltima rodada do Campeonato Brasileiro 2014. O Palmeiras luta para n\u00e3o cair para a S\u00e9rie B do Brasileir\u00e3o e precisa de uma vit\u00f3ria para se garantir na elite do futebol nacional. 07\/12\/2014 &#8211; Foto: ALE VIANNA\/BRAZIL PHOTO PRESS\/ESTAD\u00c3O CONTE\u00daDO <\/div> <\/div> <\/div> <!-- close group --> <div class=\"gallery-group images-2\" style=\"width: 328px; height: 407px;\" data-original-width=\"328\" data-original-height=\"407\" > <div class=\"tiled-gallery-item tiled-gallery-item-large\" itemprop=\"associatedMedia\" itemscope itemtype=\"http:\/\/schema.org\/ImageObject\"> <a href=\"https:\/\/blogdoprosperi.com\/?attachment_id=14186\" border=\"0\" itemprop=\"url\"> <meta itemprop=\"width\" content=\"324\"> <meta itemprop=\"height\" content=\"216\"> <img decoding=\"async\" class=\"\" data-attachment-id=\"14186\" data-orig-file=\"https:\/\/blogdoprosperi.com\/wp-content\/uploads\/2016\/06\/e901d520-afcf-11e4-933b-5f2b68ae80af_age20150208315.jpg\" data-orig-size=\"1047,700\" data-comments-opened=\"1\" data-image-meta=\"{&quot;aperture&quot;:&quot;3.5&quot;,&quot;credit&quot;:&quot;ESTAD\\u00c3O CONTE\\u00daDO&quot;,&quot;camera&quot;:&quot;Canon EOS-1D X&quot;,&quot;caption&quot;:&quot;SP - CAMPEONATO PAULISTA\\\/PALMEIRAS X CORINTHIANS - ESPORTES - Torcedores do Palmeiras entraram em confronto com a Pol\\u00edcia Militar antes do in\\u00edcio da partida contra a equipe do Corinthians, v\\u00e1lida pelo Campeonato Paulista 2015, na Alliaz Parque, zona oeste de S\\u00e3o Paulo, neste domingo. 08\\\/02\\\/2015 - Foto: JOS\\u00c9 PATR\\u00cdCIO\\\/ESTAD\\u00c3O CONTE\\u00daDO&quot;,&quot;created_timestamp&quot;:&quot;1423407953&quot;,&quot;copyright&quot;:&quot;Copyright \\u00a9 Ag\\u00eancia Estado. Todos os direitos reservados&quot;,&quot;focal_length&quot;:&quot;24&quot;,&quot;iso&quot;:&quot;200&quot;,&quot;shutter_speed&quot;:&quot;0.000625&quot;,&quot;title&quot;:&quot;PALMEIRAS X CORINTHIANS&quot;,&quot;orientation&quot;:&quot;1&quot;}\" data-image-title=\"PALMEIRAS X CORINTHIANS\" data-image-description=\"\" data-medium-file=\"https:\/\/i0.wp.com\/blogdoprosperi.com\/wp-content\/uploads\/2016\/06\/e901d520-afcf-11e4-933b-5f2b68ae80af_age20150208315.jpg?fit=565%2C378&#038;ssl=1\" data-large-file=\"https:\/\/i0.wp.com\/blogdoprosperi.com\/wp-content\/uploads\/2016\/06\/e901d520-afcf-11e4-933b-5f2b68ae80af_age20150208315.jpg?fit=940%2C628&#038;ssl=1\" src=\"https:\/\/i0.wp.com\/blogdoprosperi.com\/wp-content\/uploads\/2016\/06\/e901d520-afcf-11e4-933b-5f2b68ae80af_age20150208315.jpg?w=324&#038;h=216&#038;ssl=1\" width=\"324\" height=\"216\" loading=\"lazy\" data-original-width=\"324\" data-original-height=\"216\" itemprop=\"http:\/\/schema.org\/image\" title=\"PALMEIRAS X CORINTHIANS\" alt=\"SP - CAMPEONATO PAULISTA\/PALMEIRAS X CORINTHIANS - ESPORTES - Torcedores do Palmeiras entraram em confronto com a Pol\u00edcia Militar antes do in\u00edcio da partida contra a equipe do Corinthians, v\u00e1lida pelo Campeonato Paulista 2015, na Alliaz Parque, zona oeste de S\u00e3o Paulo, neste domingo. 08\/02\/2015 - Foto: JOS\u00c9 PATR\u00cdCIO\/ESTAD\u00c3O CONTE\u00daDO\" style=\"width: 324px; height: 216px;\" \/> <\/a> <div class=\"tiled-gallery-caption\" itemprop=\"caption description\"> SP &#8211; CAMPEONATO PAULISTA\/PALMEIRAS X CORINTHIANS &#8211; ESPORTES &#8211; Torcedores do Palmeiras entraram em confronto com a Pol\u00edcia Militar antes do in\u00edcio da partida contra a equipe do Corinthians, v\u00e1lida pelo Campeonato Paulista 2015, na Alliaz Parque, zona oeste de S\u00e3o Paulo, neste domingo. 08\/02\/2015 &#8211; Foto: JOS\u00c9 PATR\u00cdCIO\/ESTAD\u00c3O CONTE\u00daDO <\/div> <\/div> <div class=\"tiled-gallery-item tiled-gallery-item-large\" itemprop=\"associatedMedia\" itemscope itemtype=\"http:\/\/schema.org\/ImageObject\"> <a href=\"https:\/\/blogdoprosperi.com\/?attachment_id=14175\" border=\"0\" itemprop=\"url\"> <meta itemprop=\"width\" content=\"324\"> <meta itemprop=\"height\" content=\"183\"> <img decoding=\"async\" class=\"\" data-attachment-id=\"14175\" data-orig-file=\"https:\/\/blogdoprosperi.com\/wp-content\/uploads\/2016\/06\/torcida.jpg\" data-orig-size=\"690,390\" data-comments-opened=\"1\" data-image-meta=\"{&quot;aperture&quot;:&quot;0&quot;,&quot;credit&quot;:&quot;&quot;,&quot;camera&quot;:&quot;&quot;,&quot;caption&quot;:&quot;&quot;,&quot;created_timestamp&quot;:&quot;0&quot;,&quot;copyright&quot;:&quot;&quot;,&quot;focal_length&quot;:&quot;0&quot;,&quot;iso&quot;:&quot;0&quot;,&quot;shutter_speed&quot;:&quot;0&quot;,&quot;title&quot;:&quot;&quot;,&quot;orientation&quot;:&quot;0&quot;}\" data-image-title=\"torcida\" data-image-description=\"\" data-medium-file=\"https:\/\/i0.wp.com\/blogdoprosperi.com\/wp-content\/uploads\/2016\/06\/torcida.jpg?fit=650%2C367&#038;ssl=1\" data-large-file=\"https:\/\/i0.wp.com\/blogdoprosperi.com\/wp-content\/uploads\/2016\/06\/torcida.jpg?fit=690%2C390&#038;ssl=1\" src=\"https:\/\/i0.wp.com\/blogdoprosperi.com\/wp-content\/uploads\/2016\/06\/torcida.jpg?w=324&#038;h=183&#038;ssl=1\" width=\"324\" height=\"183\" loading=\"lazy\" data-original-width=\"324\" data-original-height=\"183\" itemprop=\"http:\/\/schema.org\/image\" title=\"torcida\" alt=\"torcida\" style=\"width: 324px; height: 183px;\" \/> <\/a> <\/div> <\/div> <!-- close group --> <\/div> <!-- close row --> <\/div>\n<p>&nbsp;<\/p>\n<p>No arredor do Allianz Parque, est\u00e1dio do <a href=\"http:\/\/blogdoprosperi.com\/2016\/06\/12\/entenda-a-vitoria-do-palmeiras-contra-o-corinthians-e-o-choro-de-tite\/\">Palmeiras,<\/a> est\u00e3o instaladas pelo menos tr\u00eas sub-sedes de fac\u00e7\u00f5es organizadas palmeirenses.<\/p>\n<p>Neste peda\u00e7o da Pompeia, tradicional reduto de bares, lanchonetes e restaurantes, todos foram erguidos ali atra\u00eddos pelo fluxo de consumidores em dias de jogos e na vida cotidiana de quem defende seu com\u00e9rcio no entorno de um clube social e est\u00e1dio de futebol que est\u00e3o no bairro desde 1914.<\/p>\n<p>N\u00e3o h\u00e1 um lugar no mundo em que <a href=\"http:\/\/blogdoprosperi.com\/2016\/05\/10\/a-paixao-por-um-estadio-de-futebol\/\">est\u00e1dios constru\u00eddos em bairros<\/a> tradicionais das cidades n\u00e3o tenham bares, lanchonetes e restaurantes e at\u00e9 sede de torcedores nos seus arredores.<\/p>\n<p>N\u00e3o constam nos estudos de especialistas que lei seca e fechamento de bares perto dos est\u00e1dios t\u00eam diminu\u00eddo a viol\u00eancia no futebol.<\/p>\n<p>Desde as trag\u00e9dias de torcidas no futebol ingl\u00eas, nos idos de 1980, esse tema de viol\u00eancia no futebol me chama aten\u00e7\u00e3o. Cobri a batalha do Pacaembu. Entrevistei Capez na \u00e9poca, antrop\u00f3logos, chefes de torcidas, advogados, dirigentes de clubes.<\/p>\n<p>Fora o que disseram os estudiosos e especialistas, todas as a\u00e7\u00f5es de repress\u00e3o contra viol\u00eancia no futebol, baixadas por decreto das autoridades, n\u00e3o deram em nada.<\/p>\n<figure id=\"attachment_14191\" aria-describedby=\"caption-attachment-14191\" style=\"width: 960px\" class=\"wp-caption alignnone\"><img data-recalc-dims=\"1\" loading=\"lazy\" decoding=\"async\" data-attachment-id=\"14191\" data-permalink=\"https:\/\/blogdoprosperi.com\/?attachment_id=14191\" data-orig-file=\"https:\/\/i0.wp.com\/blogdoprosperi.com\/wp-content\/uploads\/2016\/06\/nintchdbpict000244751788.jpg?fit=960%2C640&amp;ssl=1\" data-orig-size=\"960,640\" data-comments-opened=\"1\" data-image-meta=\"{&quot;aperture&quot;:&quot;0&quot;,&quot;credit&quot;:&quot;Alamy Stock Photo&quot;,&quot;camera&quot;:&quot;&quot;,&quot;caption&quot;:&quot;B4K4NG England fans riot with police before Holland game 1990 during the World Cup in Italy&quot;,&quot;created_timestamp&quot;:&quot;0&quot;,&quot;copyright&quot;:&quot;Alamy&quot;,&quot;focal_length&quot;:&quot;0&quot;,&quot;iso&quot;:&quot;0&quot;,&quot;shutter_speed&quot;:&quot;0&quot;,&quot;title&quot;:&quot;England fans riot with police before Holland game 1990 during the World Cup in Italy&quot;,&quot;orientation&quot;:&quot;0&quot;}\" data-image-title=\"England fans riot with police before Holland game 1990 during the World Cup in Italy\" data-image-description=\"\" data-image-caption=\"&lt;p&gt;B4K4NG England fans riot with police before Holland game 1990 during the World Cup in Italy&lt;\/p&gt;\n\" data-large-file=\"https:\/\/i0.wp.com\/blogdoprosperi.com\/wp-content\/uploads\/2016\/06\/nintchdbpict000244751788.jpg?fit=940%2C627&amp;ssl=1\" class=\"alignnone size-full wp-image-14191\" src=\"https:\/\/i0.wp.com\/blogdoprosperi.com\/wp-content\/uploads\/2016\/06\/nintchdbpict000244751788.jpg?resize=940%2C627&#038;ssl=1\" alt=\"England fans riot with police before Holland game 1990 during the World Cup in Italy\" width=\"940\" height=\"627\" \/><figcaption id=\"caption-attachment-14191\" class=\"wp-caption-text\">Batalha entre ingleses e holandeses em Cagliari na Copa do Mundo de 90<\/figcaption><\/figure>\n<figure id=\"attachment_14192\" aria-describedby=\"caption-attachment-14192\" style=\"width: 700px\" class=\"wp-caption alignnone\"><img data-recalc-dims=\"1\" loading=\"lazy\" decoding=\"async\" data-attachment-id=\"14192\" data-permalink=\"https:\/\/blogdoprosperi.com\/?attachment_id=14192\" data-orig-file=\"https:\/\/i0.wp.com\/blogdoprosperi.com\/wp-content\/uploads\/2016\/06\/00241035.jpg?fit=700%2C456&amp;ssl=1\" data-orig-size=\"700,456\" data-comments-opened=\"1\" data-image-meta=\"{&quot;aperture&quot;:&quot;0&quot;,&quot;credit&quot;:&quot;Daily Mirror&quot;,&quot;camera&quot;:&quot;&quot;,&quot;caption&quot;:&quot;Football World Cup 1990 English fans are involved in a riot in Cagliari Sardinia after their match against Holland MSI&quot;,&quot;created_timestamp&quot;:&quot;0&quot;,&quot;copyright&quot;:&quot;Mirrorpix&quot;,&quot;focal_length&quot;:&quot;0&quot;,&quot;iso&quot;:&quot;0&quot;,&quot;shutter_speed&quot;:&quot;0&quot;,&quot;title&quot;:&quot;&quot;,&quot;orientation&quot;:&quot;0&quot;}\" data-image-title=\"00241035\" data-image-description=\"\" data-image-caption=\"&lt;p&gt;Football World Cup 1990 English fans are involved in a riot in Cagliari Sardinia after their match against Holland MSI&lt;\/p&gt;\n\" data-large-file=\"https:\/\/i0.wp.com\/blogdoprosperi.com\/wp-content\/uploads\/2016\/06\/00241035.jpg?fit=700%2C456&amp;ssl=1\" class=\"alignnone size-full wp-image-14192\" src=\"https:\/\/i0.wp.com\/blogdoprosperi.com\/wp-content\/uploads\/2016\/06\/00241035.jpg?resize=700%2C456&#038;ssl=1\" alt=\"00241035\" width=\"700\" height=\"456\" \/><figcaption id=\"caption-attachment-14192\" class=\"wp-caption-text\">Ingleses escoltados ao est\u00e1dio de Cagliari antes do confronto contra os holandeses<\/figcaption><\/figure>\n<p>No Copa do Mundo de 1990 na It\u00e1lia cobri para o <em>Jornal da Tarde<\/em> e <em>Estad\u00e3o<\/em> a batalha entre <a href=\"http:\/\/blogdoprosperi.com\/2016\/04\/26\/tragedia-de-hillsborough-e-revista-na-inglaterra-enquanto-isso-no-brasil\/\">hooligans ingleses e holandeses <\/a>em Cagliari na Ilha de Sardenha. Na semana que antecedeu ao jogo, o prefeito de Cagliari, em conjunto com os Carabinieri (pol\u00edcia italiana), decretou lei seca nos bares da cidade e entupiram as ruas com tropas de elite da pol\u00edcia e agentes federais. Mesmo assim, ingleses e holandeses sorveram oceanos de cerveja, compradas em supermercados e de clandestinos. A batalha foi sangrenta.<\/p>\n<p>Antes de pensar em fechar bares e afastar torcedores ao arredor dos est\u00e1dios e decretar torcida \u00fanica \u00e9 preciso recorrer a quem entende do assunto. Vetar, proibir e reprimir, esses verbos n\u00e3o combinam com o futebol.<\/p>\n","protected":false},"excerpt":{"rendered":"<p>Ref\u00e9ns da viol\u00eancia no futebol, governo, pol\u00edcia, Minist\u00e9rio P\u00fablico, gestores de clubes, federa\u00e7\u00f5es e CBF est\u00e3o perdidos. Desde [&hellip;]<\/p>\n","protected":false},"author":102107496,"featured_media":0,"comment_status":"open","ping_status":"open","sticky":false,"template":"","format":"standard","meta":{"_coblocks_attr":"","_coblocks_dimensions":"","_coblocks_responsive_height":"","_coblocks_accordion_ie_support":"","_jetpack_newsletter_access":"","_jetpack_dont_email_post_to_subs":false,"_jetpack_newsletter_tier_id":0,"_jetpack_memberships_contains_paywalled_content":false,"_wpcom_ai_launchpad_first_post":false,"_jetpack_feature_clip_id":0,"_jetpack_memberships_contains_paid_content":false,"footnotes":"","jetpack_publicize_message":"","jetpack_publicize_feature_enabled":true,"jetpack_social_post_already_shared":false,"jetpack_social_options":{"image_generator_settings":{"template":"highway","default_image_id":0,"font":"","enabled":false},"version":2},"jetpack_post_was_ever_published":false},"categories":[53870],"tags":[165442385,789560569,26906511,980664,2567736,789560560,13776,980725,89512554,8328841,16907537,348913506,511756923],"class_list":["post-14102","post","type-post","status-publish","format-standard","hentry","category-futebol","tag-allianz-parque","tag-cbf","tag-copa-do-mundo-da-italia","tag-estadao","tag-fernando-capez","tag-futebol","tag-hooligans","tag-jornal-da-tarde","tag-ministerio-publico-de-sp","tag-palmeiras-clube","tag-paulo-castilho","tag-rua-palestra-italia","tag-supercopa-sp-de-futebol-junior"],"yoast_head":"<!-- This site is optimized with the Yoast SEO plugin v28.3 - https:\/\/yoast.com\/product\/yoast-seo-wordpress\/ -->\n<title>Minist\u00e9rio P\u00fablico amea\u00e7a vetar reduto de palmeirenses ao arredor do Allianz Parque - PR\u00d3SPERI NEWS<\/title>\n<meta name=\"robots\" content=\"index, follow, max-snippet:-1, max-image-preview:large, max-video-preview:-1\" \/>\n<link rel=\"canonical\" href=\"https:\/\/blogdoprosperi.com\/?p=14102\" \/>\n<meta property=\"og:locale\" content=\"pt_BR\" \/>\n<meta property=\"og:type\" content=\"article\" \/>\n<meta property=\"og:title\" content=\"Minist\u00e9rio P\u00fablico amea\u00e7a vetar reduto de palmeirenses ao arredor do Allianz Parque - PR\u00d3SPERI NEWS\" \/>\n<meta property=\"og:description\" content=\"Ref\u00e9ns da viol\u00eancia no futebol, governo, pol\u00edcia, Minist\u00e9rio P\u00fablico, gestores de clubes, federa\u00e7\u00f5es e CBF est\u00e3o perdidos. Desde [&hellip;]\" \/>\n<meta property=\"og:url\" content=\"https:\/\/blogdoprosperi.com\/?p=14102\" \/>\n<meta property=\"og:site_name\" content=\"PR\u00d3SPERI NEWS\" \/>\n<meta property=\"article:publisher\" content=\"Luiz Pr\u00f3speri\" \/>\n<meta property=\"article:author\" content=\"Luiz Pr\u00f3speri\" \/>\n<meta property=\"article:published_time\" content=\"2016-06-30T19:21:04+00:00\" \/>\n<meta property=\"article:modified_time\" content=\"2016-06-30T19:49:46+00:00\" \/>\n<meta property=\"og:image\" content=\"https:\/\/i0.wp.com\/blogdoprosperi.com\/wp-content\/uploads\/2016\/06\/2k994wjy69_3gkhkru6mx_file.jpeg?w=608&#038;h=403&#038;ssl=1\" \/>\n<meta name=\"author\" content=\"Luiz Ant\u00f4nio Pr\u00f3speri\" \/>\n<meta name=\"twitter:card\" content=\"summary_large_image\" \/>\n<meta name=\"twitter:creator\" content=\"@Luizprosperi\" \/>\n<meta name=\"twitter:site\" content=\"@Luizprosperi\" \/>\n<meta name=\"twitter:label1\" content=\"Escrito por\" \/>\n\t<meta name=\"twitter:data1\" content=\"Luiz Ant\u00f4nio Pr\u00f3speri\" \/>\n\t<meta name=\"twitter:label2\" content=\"Est. tempo de leitura\" \/>\n\t<meta name=\"twitter:data2\" content=\"4 minutos\" \/>\n<script type=\"application\/ld+json\" class=\"yoast-schema-graph\">{\"@context\":\"https:\\\/\\\/schema.org\",\"@graph\":[{\"@type\":\"Article\",\"@id\":\"https:\\\/\\\/blogdoprosperi.com\\\/?p=14102#article\",\"isPartOf\":{\"@id\":\"https:\\\/\\\/blogdoprosperi.com\\\/?p=14102\"},\"author\":{\"name\":\"Luiz Ant\u00f4nio Pr\u00f3speri\",\"@id\":\"https:\\\/\\\/blogdoprosperi.com\\\/#\\\/schema\\\/person\\\/38100755ce3601861ee4fab9b5aa78e9\"},\"headline\":\"Minist\u00e9rio P\u00fablico amea\u00e7a vetar reduto de palmeirenses ao arredor do Allianz Parque\",\"datePublished\":\"2016-06-30T19:21:04+00:00\",\"dateModified\":\"2016-06-30T19:49:46+00:00\",\"mainEntityOfPage\":{\"@id\":\"https:\\\/\\\/blogdoprosperi.com\\\/?p=14102\"},\"wordCount\":837,\"commentCount\":2,\"publisher\":{\"@id\":\"https:\\\/\\\/blogdoprosperi.com\\\/#\\\/schema\\\/person\\\/38100755ce3601861ee4fab9b5aa78e9\"},\"image\":{\"@id\":\"https:\\\/\\\/blogdoprosperi.com\\\/?p=14102#primaryimage\"},\"thumbnailUrl\":\"https:\\\/\\\/blogdoprosperi.com\\\/wp-content\\\/uploads\\\/2016\\\/06\\\/process.jpeg\",\"keywords\":[\"Allianz Parque\",\"CBF\",\"Copa do Mundo da It\u00e1lia\",\"Estad\u00e3o\",\"Fernando Capez\",\"futebol\",\"hooligans\",\"Jornal da Tarde\",\"Minist\u00e9rio P\u00fablico de SP\",\"Palmeiras Clube\",\"Paulo Castilho\",\"Rua Palestra It\u00e1lia\",\"Supercopa SP de Futebol Junior\"],\"articleSection\":[\"futebol\"],\"inLanguage\":\"pt-BR\",\"potentialAction\":[{\"@type\":\"CommentAction\",\"name\":\"Comment\",\"target\":[\"https:\\\/\\\/blogdoprosperi.com\\\/?p=14102#respond\"]}]},{\"@type\":\"WebPage\",\"@id\":\"https:\\\/\\\/blogdoprosperi.com\\\/?p=14102\",\"url\":\"https:\\\/\\\/blogdoprosperi.com\\\/?p=14102\",\"name\":\"Minist\u00e9rio P\u00fablico amea\u00e7a vetar reduto de palmeirenses ao arredor do Allianz Parque - PR\u00d3SPERI NEWS\",\"isPartOf\":{\"@id\":\"https:\\\/\\\/blogdoprosperi.com\\\/#website\"},\"primaryImageOfPage\":{\"@id\":\"https:\\\/\\\/blogdoprosperi.com\\\/?p=14102#primaryimage\"},\"image\":{\"@id\":\"https:\\\/\\\/blogdoprosperi.com\\\/?p=14102#primaryimage\"},\"thumbnailUrl\":\"https:\\\/\\\/blogdoprosperi.com\\\/wp-content\\\/uploads\\\/2016\\\/06\\\/process.jpeg\",\"datePublished\":\"2016-06-30T19:21:04+00:00\",\"dateModified\":\"2016-06-30T19:49:46+00:00\",\"breadcrumb\":{\"@id\":\"https:\\\/\\\/blogdoprosperi.com\\\/?p=14102#breadcrumb\"},\"inLanguage\":\"pt-BR\",\"potentialAction\":[{\"@type\":\"ReadAction\",\"target\":[\"https:\\\/\\\/blogdoprosperi.com\\\/?p=14102\"]}]},{\"@type\":\"ImageObject\",\"inLanguage\":\"pt-BR\",\"@id\":\"https:\\\/\\\/blogdoprosperi.com\\\/?p=14102#primaryimage\",\"url\":\"https:\\\/\\\/i0.wp.com\\\/blogdoprosperi.com\\\/wp-content\\\/uploads\\\/2016\\\/06\\\/process.jpeg?fit=578%2C325&ssl=1\",\"contentUrl\":\"https:\\\/\\\/i0.wp.com\\\/blogdoprosperi.com\\\/wp-content\\\/uploads\\\/2016\\\/06\\\/process.jpeg?fit=578%2C325&ssl=1\",\"width\":578,\"height\":325,\"caption\":\"xxx of Palmeiras fights for the ball with xxx of Santos during the match between Palmeiras and Santos for the Copa do Brasil 2015 Final at Allianz Parque on December 2, 2015 in Sao Paulo, Brazil.\"},{\"@type\":\"BreadcrumbList\",\"@id\":\"https:\\\/\\\/blogdoprosperi.com\\\/?p=14102#breadcrumb\",\"itemListElement\":[{\"@type\":\"ListItem\",\"position\":1,\"name\":\"In\u00edcio\",\"item\":\"https:\\\/\\\/blogdoprosperi.com\\\/\"},{\"@type\":\"ListItem\",\"position\":2,\"name\":\"Minist\u00e9rio P\u00fablico amea\u00e7a vetar reduto de palmeirenses ao arredor do Allianz Parque\"}]},{\"@type\":\"WebSite\",\"@id\":\"https:\\\/\\\/blogdoprosperi.com\\\/#website\",\"url\":\"https:\\\/\\\/blogdoprosperi.com\\\/\",\"name\":\"PR\u00d3SPERI NEWS\",\"description\":\"TUDO \u00c9  FUTEBOL\",\"publisher\":{\"@id\":\"https:\\\/\\\/blogdoprosperi.com\\\/#\\\/schema\\\/person\\\/38100755ce3601861ee4fab9b5aa78e9\"},\"alternateName\":\"blogdoprosperi.com\",\"potentialAction\":[{\"@type\":\"SearchAction\",\"target\":{\"@type\":\"EntryPoint\",\"urlTemplate\":\"https:\\\/\\\/blogdoprosperi.com\\\/?s={search_term_string}\"},\"query-input\":{\"@type\":\"PropertyValueSpecification\",\"valueRequired\":true,\"valueName\":\"search_term_string\"}}],\"inLanguage\":\"pt-BR\"},{\"@type\":[\"Person\",\"Organization\"],\"@id\":\"https:\\\/\\\/blogdoprosperi.com\\\/#\\\/schema\\\/person\\\/38100755ce3601861ee4fab9b5aa78e9\",\"name\":\"Luiz Ant\u00f4nio Pr\u00f3speri\",\"pronouns\":\"ele\",\"image\":{\"@type\":\"ImageObject\",\"inLanguage\":\"pt-BR\",\"@id\":\"https:\\\/\\\/i0.wp.com\\\/blogdoprosperi.com\\\/wp-content\\\/uploads\\\/2026\\\/05\\\/cropped-8059e613-6002-42fa-961e-8e275f575d71-2-5.jpg?fit=1360%2C931&ssl=1\",\"url\":\"https:\\\/\\\/i0.wp.com\\\/blogdoprosperi.com\\\/wp-content\\\/uploads\\\/2026\\\/05\\\/cropped-8059e613-6002-42fa-961e-8e275f575d71-2-5.jpg?fit=1360%2C931&ssl=1\",\"contentUrl\":\"https:\\\/\\\/i0.wp.com\\\/blogdoprosperi.com\\\/wp-content\\\/uploads\\\/2026\\\/05\\\/cropped-8059e613-6002-42fa-961e-8e275f575d71-2-5.jpg?fit=1360%2C931&ssl=1\",\"width\":1360,\"height\":931,\"caption\":\"Luiz Ant\u00f4nio Pr\u00f3speri\"},\"logo\":{\"@id\":\"https:\\\/\\\/i0.wp.com\\\/blogdoprosperi.com\\\/wp-content\\\/uploads\\\/2026\\\/05\\\/cropped-8059e613-6002-42fa-961e-8e275f575d71-2-5.jpg?fit=1360%2C931&ssl=1\"},\"description\":\"Jornalista com carreira dedicada ao esporte. Cobriu 9 Copas do Mundo in loco, 1990 na It\u00e1lia, 1994 nos EUA, 1998 na Fran\u00e7a, 2002 na Coreia do Sul e Jap\u00e3o, 2006 na Alemanha, 2010 na \u00c1frica do Sul, 2014 no Brasil, 2018 na R\u00fassia e 2022 no Qatar. Eurocopas, 1992 na Su\u00e9cia e 1996 na Inglaterra. Copa das Confedera\u00e7\u00f5es de 2005 na Alemanha e 2009 na \u00c1frica do Sul. Rep\u00f3rter e Editor, trabalhou no Jornal da Tarde e Estad\u00e3o, de 1984 a fevereiro de 2016. Colunista, blogueiro. E comentarista de futebol na R\u00e1dio Estad\u00e3o, de 2013 a fevereiro de 2016. Jornalista respons\u00e1vel do \\\"Pr\u00f3speri News\\\" (blogdoprosperi.com).\",\"sameAs\":[\"http:\\\/\\\/blogdoprosperi.com\",\"Luiz Pr\u00f3speri\",\"@luiz_prosperi\",\"https:\\\/\\\/x.com\\\/Luizprosperi\",\"@prosperinacopa\",\"luiz.prosperi@icloud.com\"],\"url\":\"https:\\\/\\\/blogdoprosperi.com\\\/?author=102107496\"}]}<\/script>\n<!-- \/ Yoast SEO plugin. -->","yoast_head_json":{"title":"Minist\u00e9rio P\u00fablico amea\u00e7a vetar reduto de palmeirenses ao arredor do Allianz Parque - PR\u00d3SPERI NEWS","robots":{"index":"index","follow":"follow","max-snippet":"max-snippet:-1","max-image-preview":"max-image-preview:large","max-video-preview":"max-video-preview:-1"},"canonical":"https:\/\/blogdoprosperi.com\/?p=14102","og_locale":"pt_BR","og_type":"article","og_title":"Minist\u00e9rio P\u00fablico amea\u00e7a vetar reduto de palmeirenses ao arredor do Allianz Parque - PR\u00d3SPERI NEWS","og_description":"Ref\u00e9ns da viol\u00eancia no futebol, governo, pol\u00edcia, Minist\u00e9rio P\u00fablico, gestores de clubes, federa\u00e7\u00f5es e CBF est\u00e3o perdidos. Desde [&hellip;]","og_url":"https:\/\/blogdoprosperi.com\/?p=14102","og_site_name":"PR\u00d3SPERI NEWS","article_publisher":"Luiz Pr\u00f3speri","article_author":"Luiz Pr\u00f3speri","article_published_time":"2016-06-30T19:21:04+00:00","article_modified_time":"2016-06-30T19:49:46+00:00","og_image":[{"url":"https:\/\/i0.wp.com\/blogdoprosperi.com\/wp-content\/uploads\/2016\/06\/2k994wjy69_3gkhkru6mx_file.jpeg?w=608&#038;h=403&#038;ssl=1","type":"","width":"","height":""}],"author":"Luiz Ant\u00f4nio Pr\u00f3speri","twitter_card":"summary_large_image","twitter_creator":"@Luizprosperi","twitter_site":"@Luizprosperi","twitter_misc":{"Escrito por":"Luiz Ant\u00f4nio Pr\u00f3speri","Est. tempo de leitura":"4 minutos"},"schema":{"@context":"https:\/\/schema.org","@graph":[{"@type":"Article","@id":"https:\/\/blogdoprosperi.com\/?p=14102#article","isPartOf":{"@id":"https:\/\/blogdoprosperi.com\/?p=14102"},"author":{"name":"Luiz Ant\u00f4nio Pr\u00f3speri","@id":"https:\/\/blogdoprosperi.com\/#\/schema\/person\/38100755ce3601861ee4fab9b5aa78e9"},"headline":"Minist\u00e9rio P\u00fablico amea\u00e7a vetar reduto de palmeirenses ao arredor do Allianz Parque","datePublished":"2016-06-30T19:21:04+00:00","dateModified":"2016-06-30T19:49:46+00:00","mainEntityOfPage":{"@id":"https:\/\/blogdoprosperi.com\/?p=14102"},"wordCount":837,"commentCount":2,"publisher":{"@id":"https:\/\/blogdoprosperi.com\/#\/schema\/person\/38100755ce3601861ee4fab9b5aa78e9"},"image":{"@id":"https:\/\/blogdoprosperi.com\/?p=14102#primaryimage"},"thumbnailUrl":"https:\/\/blogdoprosperi.com\/wp-content\/uploads\/2016\/06\/process.jpeg","keywords":["Allianz Parque","CBF","Copa do Mundo da It\u00e1lia","Estad\u00e3o","Fernando Capez","futebol","hooligans","Jornal da Tarde","Minist\u00e9rio P\u00fablico de SP","Palmeiras Clube","Paulo Castilho","Rua Palestra It\u00e1lia","Supercopa SP de Futebol Junior"],"articleSection":["futebol"],"inLanguage":"pt-BR","potentialAction":[{"@type":"CommentAction","name":"Comment","target":["https:\/\/blogdoprosperi.com\/?p=14102#respond"]}]},{"@type":"WebPage","@id":"https:\/\/blogdoprosperi.com\/?p=14102","url":"https:\/\/blogdoprosperi.com\/?p=14102","name":"Minist\u00e9rio P\u00fablico amea\u00e7a vetar reduto de palmeirenses ao arredor do Allianz Parque - PR\u00d3SPERI NEWS","isPartOf":{"@id":"https:\/\/blogdoprosperi.com\/#website"},"primaryImageOfPage":{"@id":"https:\/\/blogdoprosperi.com\/?p=14102#primaryimage"},"image":{"@id":"https:\/\/blogdoprosperi.com\/?p=14102#primaryimage"},"thumbnailUrl":"https:\/\/blogdoprosperi.com\/wp-content\/uploads\/2016\/06\/process.jpeg","datePublished":"2016-06-30T19:21:04+00:00","dateModified":"2016-06-30T19:49:46+00:00","breadcrumb":{"@id":"https:\/\/blogdoprosperi.com\/?p=14102#breadcrumb"},"inLanguage":"pt-BR","potentialAction":[{"@type":"ReadAction","target":["https:\/\/blogdoprosperi.com\/?p=14102"]}]},{"@type":"ImageObject","inLanguage":"pt-BR","@id":"https:\/\/blogdoprosperi.com\/?p=14102#primaryimage","url":"https:\/\/i0.wp.com\/blogdoprosperi.com\/wp-content\/uploads\/2016\/06\/process.jpeg?fit=578%2C325&ssl=1","contentUrl":"https:\/\/i0.wp.com\/blogdoprosperi.com\/wp-content\/uploads\/2016\/06\/process.jpeg?fit=578%2C325&ssl=1","width":578,"height":325,"caption":"xxx of Palmeiras fights for the ball with xxx of Santos during the match between Palmeiras and Santos for the Copa do Brasil 2015 Final at Allianz Parque on December 2, 2015 in Sao Paulo, Brazil."},{"@type":"BreadcrumbList","@id":"https:\/\/blogdoprosperi.com\/?p=14102#breadcrumb","itemListElement":[{"@type":"ListItem","position":1,"name":"In\u00edcio","item":"https:\/\/blogdoprosperi.com\/"},{"@type":"ListItem","position":2,"name":"Minist\u00e9rio P\u00fablico amea\u00e7a vetar reduto de palmeirenses ao arredor do Allianz Parque"}]},{"@type":"WebSite","@id":"https:\/\/blogdoprosperi.com\/#website","url":"https:\/\/blogdoprosperi.com\/","name":"PR\u00d3SPERI NEWS","description":"TUDO \u00c9  FUTEBOL","publisher":{"@id":"https:\/\/blogdoprosperi.com\/#\/schema\/person\/38100755ce3601861ee4fab9b5aa78e9"},"alternateName":"blogdoprosperi.com","potentialAction":[{"@type":"SearchAction","target":{"@type":"EntryPoint","urlTemplate":"https:\/\/blogdoprosperi.com\/?s={search_term_string}"},"query-input":{"@type":"PropertyValueSpecification","valueRequired":true,"valueName":"search_term_string"}}],"inLanguage":"pt-BR"},{"@type":["Person","Organization"],"@id":"https:\/\/blogdoprosperi.com\/#\/schema\/person\/38100755ce3601861ee4fab9b5aa78e9","name":"Luiz Ant\u00f4nio Pr\u00f3speri","pronouns":"ele","image":{"@type":"ImageObject","inLanguage":"pt-BR","@id":"https:\/\/i0.wp.com\/blogdoprosperi.com\/wp-content\/uploads\/2026\/05\/cropped-8059e613-6002-42fa-961e-8e275f575d71-2-5.jpg?fit=1360%2C931&ssl=1","url":"https:\/\/i0.wp.com\/blogdoprosperi.com\/wp-content\/uploads\/2026\/05\/cropped-8059e613-6002-42fa-961e-8e275f575d71-2-5.jpg?fit=1360%2C931&ssl=1","contentUrl":"https:\/\/i0.wp.com\/blogdoprosperi.com\/wp-content\/uploads\/2026\/05\/cropped-8059e613-6002-42fa-961e-8e275f575d71-2-5.jpg?fit=1360%2C931&ssl=1","width":1360,"height":931,"caption":"Luiz Ant\u00f4nio Pr\u00f3speri"},"logo":{"@id":"https:\/\/i0.wp.com\/blogdoprosperi.com\/wp-content\/uploads\/2026\/05\/cropped-8059e613-6002-42fa-961e-8e275f575d71-2-5.jpg?fit=1360%2C931&ssl=1"},"description":"Jornalista com carreira dedicada ao esporte. Cobriu 9 Copas do Mundo in loco, 1990 na It\u00e1lia, 1994 nos EUA, 1998 na Fran\u00e7a, 2002 na Coreia do Sul e Jap\u00e3o, 2006 na Alemanha, 2010 na \u00c1frica do Sul, 2014 no Brasil, 2018 na R\u00fassia e 2022 no Qatar. Eurocopas, 1992 na Su\u00e9cia e 1996 na Inglaterra. Copa das Confedera\u00e7\u00f5es de 2005 na Alemanha e 2009 na \u00c1frica do Sul. Rep\u00f3rter e Editor, trabalhou no Jornal da Tarde e Estad\u00e3o, de 1984 a fevereiro de 2016. Colunista, blogueiro. E comentarista de futebol na R\u00e1dio Estad\u00e3o, de 2013 a fevereiro de 2016. Jornalista respons\u00e1vel do \"Pr\u00f3speri News\" (blogdoprosperi.com).","sameAs":["http:\/\/blogdoprosperi.com","Luiz Pr\u00f3speri","@luiz_prosperi","https:\/\/x.com\/Luizprosperi","@prosperinacopa","luiz.prosperi@icloud.com"],"url":"https:\/\/blogdoprosperi.com\/?author=102107496"}]}},"jetpack_publicize_connections":[],"jetpack_likes_enabled":false,"jetpack_sharing_enabled":true,"jetpack_shortlink":"https:\/\/wp.me\/p7jvdk-3Fs","jetpack-related-posts":[{"id":29720,"url":"https:\/\/blogdoprosperi.com\/?p=29720","url_meta":{"origin":14102,"position":0},"title":"Minist\u00e9rio P\u00fablico de S\u00e3o Paulo confirma amea\u00e7a e fecha rua Turiassu, reduto de palmeirenses, com a\u00e7\u00e3o da Pol\u00edcia Militar","author":"Luiz Ant\u00f4nio Pr\u00f3speri","date":"23 de outubro de 2016","format":false,"excerpt":"A\u00e7\u00e3o da Pol\u00edcia Militar neste in\u00edcio de tarde nos arredores do Allianz Parque n\u00e3o \u00e9 uma surpresa a este Blog do Pr\u00f3speri. Em junho, a informa\u00e7\u00e3o estava em um post deste blog, quando o promotor Paulo Castilho, do Minist\u00e9rio P\u00fablico de SP, amea\u00e7ava uma interven\u00e7\u00e3o nas ruas que circundam o\u2026","rel":"","context":"Em &quot;Campeonato Brasileiro&quot;","block_context":{"text":"Campeonato Brasileiro","link":"https:\/\/blogdoprosperi.com\/?cat=355071"},"img":{"alt_text":"","src":"https:\/\/i0.wp.com\/blogdoprosperi.com\/wp-content\/uploads\/2016\/10\/0000030946_0001.jpg?resize=350%2C200","width":350,"height":200,"srcset":"https:\/\/i0.wp.com\/blogdoprosperi.com\/wp-content\/uploads\/2016\/10\/0000030946_0001.jpg?resize=350%2C200 1x, https:\/\/i0.wp.com\/blogdoprosperi.com\/wp-content\/uploads\/2016\/10\/0000030946_0001.jpg?resize=525%2C300 1.5x"},"classes":[]},{"id":25430,"url":"https:\/\/blogdoprosperi.com\/?p=25430","url_meta":{"origin":14102,"position":1},"title":"STJD e Minist\u00e9rio P\u00fablico de olho no jogo Palmeiras x Flamengo","author":"Luiz Ant\u00f4nio Pr\u00f3speri","date":"14 de setembro de 2016","format":false,"excerpt":"Palmeiras x Flamengo \u00e9 a partida de mais relev\u00e2ncia at\u00e9 aqui no Brasileiro. N\u00e3o por acaso Cuca tenta engabelar Z\u00e9 Ricardo coma escala\u00e7\u00e3o ou n\u00e3o de Gabriel Jesus. N\u00e3o por acaso a massa flamenguista abra\u00e7a e aperta jogadores no embarque rumo a S\u00e3o Paulo. Dentro de campo se espera um\u2026","rel":"","context":"Em &quot;Campeonato Brasileiro&quot;","block_context":{"text":"Campeonato Brasileiro","link":"https:\/\/blogdoprosperi.com\/?cat=355071"},"img":{"alt_text":"","src":"https:\/\/i0.wp.com\/blogdoprosperi.com\/wp-content\/uploads\/2016\/09\/16152430.jpeg?resize=350%2C200&ssl=1","width":350,"height":200,"srcset":"https:\/\/i0.wp.com\/blogdoprosperi.com\/wp-content\/uploads\/2016\/09\/16152430.jpeg?resize=350%2C200&ssl=1 1x, https:\/\/i0.wp.com\/blogdoprosperi.com\/wp-content\/uploads\/2016\/09\/16152430.jpeg?resize=525%2C300&ssl=1 1.5x"},"classes":[]},{"id":29891,"url":"https:\/\/blogdoprosperi.com\/?p=29891","url_meta":{"origin":14102,"position":2},"title":"Futebol brasileiro n\u00e3o aprende nada com futebol ingl\u00eas","author":"Luiz Ant\u00f4nio Pr\u00f3speri","date":"25 de outubro de 2016","format":false,"excerpt":"Detidos no Rio, 31 corintianos foram autuados em flagrante no confronto com a Pol\u00edcia Militar domingo no Maracan\u00e3. Julgamento dos torcedores est\u00e1 previsto para esta ter\u00e7a-feira no Tribunal de Justi\u00e7a-RJ. Na noite desta segunda-feira, o Superior Tribunal de Justi\u00e7a Desportiva (STJD) puniu o Corinthians por causa dos incidentes. O clube\u2026","rel":"","context":"Em &quot;Campeonato Brasileiro&quot;","block_context":{"text":"Campeonato Brasileiro","link":"https:\/\/blogdoprosperi.com\/?cat=355071"},"img":{"alt_text":"","src":"https:\/\/i0.wp.com\/blogdoprosperi.com\/wp-content\/uploads\/2016\/10\/16297166.jpeg?resize=350%2C200&ssl=1","width":350,"height":200,"srcset":"https:\/\/i0.wp.com\/blogdoprosperi.com\/wp-content\/uploads\/2016\/10\/16297166.jpeg?resize=350%2C200&ssl=1 1x, https:\/\/i0.wp.com\/blogdoprosperi.com\/wp-content\/uploads\/2016\/10\/16297166.jpeg?resize=525%2C300&ssl=1 1.5x"},"classes":[]},{"id":23888,"url":"https:\/\/blogdoprosperi.com\/?p=23888","url_meta":{"origin":14102,"position":3},"title":"STJD pune Palmeiras, Flamengo, organizadas e torcedores consumidores de ingressos mais baratos","author":"Luiz Ant\u00f4nio Pr\u00f3speri","date":"1 de setembro de 2016","format":false,"excerpt":"STJD pune torcidas organizadas de Palmeiras e Flamengo com penas in\u00e9ditas e pode prejudicar os dois clubes na corrida do t\u00edtulo do Campeonato Brasileiro. Por decis\u00e3o do tribunal, as medidas come\u00e7am a vigorar no dia 14 deste m\u00eas, data do jogo entre Palmeiras e \u00a0Flamengo no Allianz Parque. Sem poder\u2026","rel":"","context":"Em &quot;Campeonato Brasileiro&quot;","block_context":{"text":"Campeonato Brasileiro","link":"https:\/\/blogdoprosperi.com\/?cat=355071"},"img":{"alt_text":"","src":"https:\/\/i0.wp.com\/blogdoprosperi.com\/wp-content\/uploads\/2016\/09\/protesto-mancha-verde-2014-32.jpg?resize=350%2C200&ssl=1","width":350,"height":200,"srcset":"https:\/\/i0.wp.com\/blogdoprosperi.com\/wp-content\/uploads\/2016\/09\/protesto-mancha-verde-2014-32.jpg?resize=350%2C200&ssl=1 1x, https:\/\/i0.wp.com\/blogdoprosperi.com\/wp-content\/uploads\/2016\/09\/protesto-mancha-verde-2014-32.jpg?resize=525%2C300&ssl=1 1.5x, https:\/\/i0.wp.com\/blogdoprosperi.com\/wp-content\/uploads\/2016\/09\/protesto-mancha-verde-2014-32.jpg?resize=700%2C400&ssl=1 2x, https:\/\/i0.wp.com\/blogdoprosperi.com\/wp-content\/uploads\/2016\/09\/protesto-mancha-verde-2014-32.jpg?resize=1050%2C600&ssl=1 3x, https:\/\/i0.wp.com\/blogdoprosperi.com\/wp-content\/uploads\/2016\/09\/protesto-mancha-verde-2014-32.jpg?resize=1400%2C800&ssl=1 4x"},"classes":[]},{"id":30141,"url":"https:\/\/blogdoprosperi.com\/?p=30141","url_meta":{"origin":14102,"position":4},"title":"Podres poderes do futebol brasileiro","author":"Luiz Ant\u00f4nio Pr\u00f3speri","date":"28 de outubro de 2016","format":false,"excerpt":"Presidentes de clubes cobram a CBF apenas em dois casos. Primeiro, quando v\u00e3o dividir a grana e, segundo, ao se sentirem prejudicados por erros de arbitragem. De resto, alisam as mangas do palet\u00f3 do presidente para tirar um fiapinho de sujeira e, depois, um beijo na face para selar um\u2026","rel":"","context":"Em &quot;Campeonato Brasileiro&quot;","block_context":{"text":"Campeonato Brasileiro","link":"https:\/\/blogdoprosperi.com\/?cat=355071"},"img":{"alt_text":"","src":"https:\/\/i0.wp.com\/blogdoprosperi.com\/wp-content\/uploads\/2016\/10\/e6c161_dd3a09aaf02d4d9aa5a87c53f3f92fb2.jpg?resize=350%2C200&ssl=1","width":350,"height":200,"srcset":"https:\/\/i0.wp.com\/blogdoprosperi.com\/wp-content\/uploads\/2016\/10\/e6c161_dd3a09aaf02d4d9aa5a87c53f3f92fb2.jpg?resize=350%2C200&ssl=1 1x, https:\/\/i0.wp.com\/blogdoprosperi.com\/wp-content\/uploads\/2016\/10\/e6c161_dd3a09aaf02d4d9aa5a87c53f3f92fb2.jpg?resize=525%2C300&ssl=1 1.5x"},"classes":[]},{"id":42120,"url":"https:\/\/blogdoprosperi.com\/?p=42120","url_meta":{"origin":14102,"position":5},"title":"S\u00e3o Paulo soberano no grito","author":"Luiz Ant\u00f4nio Pr\u00f3speri","date":"5 de mar\u00e7o de 2024","format":false,"excerpt":"S\u00e3o Paulo acredita de verdade na volta da soberania. Do resgate dos tempos de fartura at\u00e9 2008. N\u00e3o por acaso, do alto das conquistas da Copa do Brasil 2023 e Supercopa 2024, mais Morumbi sempre lotado nos \u00faltimos dois anos, dirigentes do clube trocam serenidade por soberba. Sem cerim\u00f4nia. Sem\u2026","rel":"","context":"Em &quot;futebol&quot;","block_context":{"text":"futebol","link":"https:\/\/blogdoprosperi.com\/?cat=53870"},"img":{"alt_text":"","src":"https:\/\/i0.wp.com\/blogdoprosperi.com\/wp-content\/uploads\/2024\/03\/download.jpg?fit=225%2C225&ssl=1&resize=350%2C200","width":350,"height":200},"classes":[]}],"jetpack_featured_media_url":"","_links":{"self":[{"href":"https:\/\/blogdoprosperi.com\/index.php?rest_route=\/wp\/v2\/posts\/14102","targetHints":{"allow":["GET"]}}],"collection":[{"href":"https:\/\/blogdoprosperi.com\/index.php?rest_route=\/wp\/v2\/posts"}],"about":[{"href":"https:\/\/blogdoprosperi.com\/index.php?rest_route=\/wp\/v2\/types\/post"}],"author":[{"embeddable":true,"href":"https:\/\/blogdoprosperi.com\/index.php?rest_route=\/wp\/v2\/users\/102107496"}],"replies":[{"embeddable":true,"href":"https:\/\/blogdoprosperi.com\/index.php?rest_route=%2Fwp%2Fv2%2Fcomments&post=14102"}],"version-history":[{"count":25,"href":"https:\/\/blogdoprosperi.com\/index.php?rest_route=\/wp\/v2\/posts\/14102\/revisions"}],"predecessor-version":[{"id":14221,"href":"https:\/\/blogdoprosperi.com\/index.php?rest_route=\/wp\/v2\/posts\/14102\/revisions\/14221"}],"wp:attachment":[{"href":"https:\/\/blogdoprosperi.com\/index.php?rest_route=%2Fwp%2Fv2%2Fmedia&parent=14102"}],"wp:term":[{"taxonomy":"category","embeddable":true,"href":"https:\/\/blogdoprosperi.com\/index.php?rest_route=%2Fwp%2Fv2%2Fcategories&post=14102"},{"taxonomy":"post_tag","embeddable":true,"href":"https:\/\/blogdoprosperi.com\/index.php?rest_route=%2Fwp%2Fv2%2Ftags&post=14102"}],"curies":[{"name":"wp","href":"https:\/\/api.w.org\/{rel}","templated":true}]}}