{"id":14222,"date":"2016-06-30T22:25:31","date_gmt":"2016-06-30T22:25:31","guid":{"rendered":"http:\/\/blogdoprosperi.com\/?p=14222"},"modified":"2016-06-30T22:25:31","modified_gmt":"2016-06-30T22:25:31","slug":"portugal-chega-a-semifinal-da-euro-com-cinco-empates","status":"publish","type":"post","link":"https:\/\/blogdoprosperi.com\/?p=14222","title":{"rendered":"Portugal chega \u00e0 semifinal da Euro com cinco empates"},"content":{"rendered":"<p><span class=\"alignnone\"><img data-recalc-dims=\"1\" loading=\"lazy\" decoding=\"async\" data-attachment-id=\"14245\" data-permalink=\"https:\/\/blogdoprosperi.com\/?attachment_id=14245\" data-orig-file=\"https:\/\/i0.wp.com\/blogdoprosperi.com\/wp-content\/uploads\/2016\/06\/2000.jpg?fit=1065%2C639&amp;ssl=1\" data-orig-size=\"1065,639\" data-comments-opened=\"1\" data-image-meta=\"{&quot;aperture&quot;:&quot;0&quot;,&quot;credit&quot;:&quot;&quot;,&quot;camera&quot;:&quot;&quot;,&quot;caption&quot;:&quot;&quot;,&quot;created_timestamp&quot;:&quot;0&quot;,&quot;copyright&quot;:&quot;&quot;,&quot;focal_length&quot;:&quot;0&quot;,&quot;iso&quot;:&quot;0&quot;,&quot;shutter_speed&quot;:&quot;0&quot;,&quot;title&quot;:&quot;&quot;,&quot;orientation&quot;:&quot;0&quot;}\" data-image-title=\"2000\" data-image-description=\"\" data-image-caption=\"\" data-large-file=\"https:\/\/i0.wp.com\/blogdoprosperi.com\/wp-content\/uploads\/2016\/06\/2000.jpg?fit=940%2C564&amp;ssl=1\" class=\"alignnone size-full wp-image-14245\" src=\"https:\/\/i0.wp.com\/blogdoprosperi.com\/wp-content\/uploads\/2016\/06\/2000.jpg?resize=940%2C564&#038;ssl=1\" alt=\"2000\" width=\"940\" height=\"564\" \/><\/span><\/p>\n<p>Eurocopa tem sido m\u00e3e a Portugal. Em cinco jogos, empatou cinco. Tr\u00eas na primeira fase, um nas oitavas, quando derrotou a Cro\u00e1cia no \u00faltimo minuto da prorroga\u00e7\u00e3o, e mais um nas quartas de final ao ficar no 1 a 1 com a Pol\u00f4nia e vencer na decis\u00e3o por p\u00eanaltis (5 a 3) nesta quinta-feira (30\/6). Cristiano Ronaldo, mesmo sem brilho, est\u00e1 nas semifinais da Euro-2016. Sua sele\u00e7\u00e3o aguarda o vencedor do confronto entre Pa\u00eds de Gales e B\u00e9lgica nesta sexta-feira.<\/p>\n<p>No jogo contra a Pol\u00f4nia, os portugueses levaram um susto logo no in\u00edcio da partida, com o gol de Lewandowski &#8211; o primeiro gol do atacante do Bayern de Munique no torneio &#8211; a um minuto. Esse tento do artilheiro exigiu esfor\u00e7o redobrado dos lusitanos.<\/p>\n<p>Quando todo mundo esperava por Cristiano Ronaldo puxando a sele\u00e7\u00e3o como uma locomotiva, quem apareceu foi o garoto Renato Sanchez, de 18 anos, contratado do Benfica pelo Bayern de Munique para jogar ao lado de Lewandowski. Insistente e atrevido, o menino marcou um gola\u00e7o, aos 32 minutos.<\/p>\n<figure id=\"attachment_14247\" aria-describedby=\"caption-attachment-14247\" style=\"width: 620px\" class=\"wp-caption alignnone\"><img data-recalc-dims=\"1\" loading=\"lazy\" decoding=\"async\" data-attachment-id=\"14247\" data-permalink=\"https:\/\/blogdoprosperi.com\/?attachment_id=14247\" data-orig-file=\"https:\/\/i0.wp.com\/blogdoprosperi.com\/wp-content\/uploads\/2016\/06\/3165.jpg?fit=620%2C413&amp;ssl=1\" data-orig-size=\"620,413\" data-comments-opened=\"1\" data-image-meta=\"{&quot;aperture&quot;:&quot;0&quot;,&quot;credit&quot;:&quot;&quot;,&quot;camera&quot;:&quot;&quot;,&quot;caption&quot;:&quot;&quot;,&quot;created_timestamp&quot;:&quot;0&quot;,&quot;copyright&quot;:&quot;&quot;,&quot;focal_length&quot;:&quot;0&quot;,&quot;iso&quot;:&quot;0&quot;,&quot;shutter_speed&quot;:&quot;0&quot;,&quot;title&quot;:&quot;&quot;,&quot;orientation&quot;:&quot;0&quot;}\" data-image-title=\"3165\" data-image-description=\"\" data-image-caption=\"\" data-large-file=\"https:\/\/i0.wp.com\/blogdoprosperi.com\/wp-content\/uploads\/2016\/06\/3165.jpg?fit=620%2C413&amp;ssl=1\" class=\"alignnone size-full wp-image-14247\" src=\"https:\/\/i0.wp.com\/blogdoprosperi.com\/wp-content\/uploads\/2016\/06\/3165.jpg?resize=620%2C413&#038;ssl=1\" alt=\"3165\" width=\"620\" height=\"413\" \/><figcaption id=\"caption-attachment-14247\" class=\"wp-caption-text\">Renato Sanchez, garoto-prod\u00edgio dos portugueses na Euro<\/figcaption><\/figure>\n<p>O empate acalmou o jogo. Poloneses e portugueses deixaram de se matar em campo. Passaram a jogar como calculistas, sem se lan\u00e7ar de peito aberto em busca do gol.<\/p>\n<p>Acostumado aos empates ao longo desta Euro, Portugal ficou \u00e0 espera de uma tacada mortal de Cristiano. N\u00e3o aconteceu.<\/p>\n<figure id=\"attachment_14244\" aria-describedby=\"caption-attachment-14244\" style=\"width: 1065px\" class=\"wp-caption alignnone\"><img data-recalc-dims=\"1\" loading=\"lazy\" decoding=\"async\" data-attachment-id=\"14244\" data-permalink=\"https:\/\/blogdoprosperi.com\/?attachment_id=14244\" data-orig-file=\"https:\/\/i0.wp.com\/blogdoprosperi.com\/wp-content\/uploads\/2016\/06\/2071.jpg?fit=1065%2C639&amp;ssl=1\" data-orig-size=\"1065,639\" data-comments-opened=\"1\" data-image-meta=\"{&quot;aperture&quot;:&quot;0&quot;,&quot;credit&quot;:&quot;&quot;,&quot;camera&quot;:&quot;&quot;,&quot;caption&quot;:&quot;&quot;,&quot;created_timestamp&quot;:&quot;0&quot;,&quot;copyright&quot;:&quot;&quot;,&quot;focal_length&quot;:&quot;0&quot;,&quot;iso&quot;:&quot;0&quot;,&quot;shutter_speed&quot;:&quot;0&quot;,&quot;title&quot;:&quot;&quot;,&quot;orientation&quot;:&quot;0&quot;}\" data-image-title=\"2071\" data-image-description=\"\" data-image-caption=\"\" data-large-file=\"https:\/\/i0.wp.com\/blogdoprosperi.com\/wp-content\/uploads\/2016\/06\/2071.jpg?fit=940%2C564&amp;ssl=1\" class=\"alignnone size-full wp-image-14244\" src=\"https:\/\/i0.wp.com\/blogdoprosperi.com\/wp-content\/uploads\/2016\/06\/2071.jpg?resize=940%2C564&#038;ssl=1\" alt=\"2071\" width=\"940\" height=\"564\" \/><figcaption id=\"caption-attachment-14244\" class=\"wp-caption-text\">Rui Fabr\u00edcio defende um p\u00eanalti da Pol\u00f4nia<\/figcaption><\/figure>\n<p>A Pol\u00f4nia, percebendo que o advers\u00e1rio estava jogando de uma forma mais conservadora, sempre contando com a genialidade de seu craque, resolveu arriscar um pouco mais. Procurou o gol com determina\u00e7\u00e3o e esbarrou no r\u00edgido sistema defensivo portugu\u00eas comando pelo zagueiro Pepe.<\/p>\n<p>Sem passar pela barreira lusitana, os poloneses se conformaram com o empate ao fim dos 90 minutos. Na prorroga\u00e7\u00e3o, cada um cuidou mais de si levando a decis\u00e3o ao p\u00eanaltis.<\/p>\n<p>E mais uma vez apareceu Quaresma. Her\u00f3i na vit\u00f3ria diante da Cro\u00e1cia nas oitavas, ele bateu o \u00faltimo p\u00eanalti que deu a Portugal a classifica\u00e7\u00e3o \u00e0s semifinais. Uma ben\u00e7\u00e3o a um time que joga para vencer, mas que se acostumou a empatar e avan\u00e7ar na Euro-2016.<\/p>\n<p><span class=\"alignnone\"><img data-recalc-dims=\"1\" loading=\"lazy\" decoding=\"async\" data-attachment-id=\"14246\" data-permalink=\"https:\/\/blogdoprosperi.com\/?attachment_id=14246\" data-orig-file=\"https:\/\/i0.wp.com\/blogdoprosperi.com\/wp-content\/uploads\/2016\/06\/3696.jpg?fit=620%2C372&amp;ssl=1\" data-orig-size=\"620,372\" data-comments-opened=\"1\" data-image-meta=\"{&quot;aperture&quot;:&quot;0&quot;,&quot;credit&quot;:&quot;&quot;,&quot;camera&quot;:&quot;&quot;,&quot;caption&quot;:&quot;&quot;,&quot;created_timestamp&quot;:&quot;0&quot;,&quot;copyright&quot;:&quot;&quot;,&quot;focal_length&quot;:&quot;0&quot;,&quot;iso&quot;:&quot;0&quot;,&quot;shutter_speed&quot;:&quot;0&quot;,&quot;title&quot;:&quot;&quot;,&quot;orientation&quot;:&quot;0&quot;}\" data-image-title=\"3696\" data-image-description=\"\" data-image-caption=\"\" data-large-file=\"https:\/\/i0.wp.com\/blogdoprosperi.com\/wp-content\/uploads\/2016\/06\/3696.jpg?fit=620%2C372&amp;ssl=1\" class=\"alignnone size-full wp-image-14246\" src=\"https:\/\/i0.wp.com\/blogdoprosperi.com\/wp-content\/uploads\/2016\/06\/3696.jpg?resize=620%2C372&#038;ssl=1\" alt=\"3696\" width=\"620\" height=\"372\" \/><\/span><\/p>\n","protected":false},"excerpt":{"rendered":"<p>Eurocopa tem sido m\u00e3e a Portugal. Em cinco jogos, empatou cinco. Tr\u00eas na primeira fase, um nas oitavas, [&hellip;]<\/p>\n","protected":false},"author":102107496,"featured_media":0,"comment_status":"open","ping_status":"open","sticky":false,"template":"","format":"standard","meta":{"_coblocks_attr":"","_coblocks_dimensions":"","_coblocks_responsive_height":"","_coblocks_accordion_ie_support":"","_jetpack_newsletter_access":"","_jetpack_dont_email_post_to_subs":false,"_jetpack_newsletter_tier_id":0,"_jetpack_memberships_contains_paywalled_content":false,"_wpcom_ai_launchpad_first_post":false,"_jetpack_feature_clip_id":0,"_jetpack_memberships_contains_paid_content":false,"footnotes":"","jetpack_publicize_message":"","jetpack_publicize_feature_enabled":true,"jetpack_social_post_already_shared":false,"jetpack_social_options":{"image_generator_settings":{"template":"highway","default_image_id":0,"font":"","enabled":false},"version":2},"jetpack_post_was_ever_published":false},"categories":[53870],"tags":[66172,11520306,789560560,2608756,132324,2620,86662,394432316],"class_list":["post-14222","post","type-post","status-publish","format-standard","hentry","category-futebol","tag-cristiano-ronaldo","tag-eurocopa-2016","tag-futebol","tag-lewandowski","tag-polonia","tag-portugal","tag-quaresma","tag-renato-chavez"],"yoast_head":"<!-- This site is optimized with the Yoast SEO plugin v28.3 - https:\/\/yoast.com\/product\/yoast-seo-wordpress\/ -->\n<title>Portugal chega \u00e0 semifinal da Euro com cinco empates - PR\u00d3SPERI NEWS<\/title>\n<meta name=\"robots\" content=\"index, follow, max-snippet:-1, max-image-preview:large, max-video-preview:-1\" \/>\n<link rel=\"canonical\" href=\"https:\/\/blogdoprosperi.com\/?p=14222\" \/>\n<meta property=\"og:locale\" content=\"pt_BR\" \/>\n<meta property=\"og:type\" content=\"article\" \/>\n<meta property=\"og:title\" content=\"Portugal chega \u00e0 semifinal da Euro com cinco empates - PR\u00d3SPERI NEWS\" \/>\n<meta property=\"og:description\" content=\"Eurocopa tem sido m\u00e3e a Portugal. Em cinco jogos, empatou cinco. Tr\u00eas na primeira fase, um nas oitavas, [&hellip;]\" \/>\n<meta property=\"og:url\" content=\"https:\/\/blogdoprosperi.com\/?p=14222\" \/>\n<meta property=\"og:site_name\" content=\"PR\u00d3SPERI NEWS\" \/>\n<meta property=\"article:publisher\" content=\"Luiz Pr\u00f3speri\" \/>\n<meta property=\"article:author\" content=\"Luiz Pr\u00f3speri\" \/>\n<meta property=\"article:published_time\" content=\"2016-06-30T22:25:31+00:00\" \/>\n<meta property=\"og:image\" content=\"https:\/\/blogdoprosperi.com\/wp-content\/uploads\/2016\/06\/2000.jpg\" \/>\n<meta name=\"author\" content=\"Luiz Ant\u00f4nio Pr\u00f3speri\" \/>\n<meta name=\"twitter:card\" content=\"summary_large_image\" \/>\n<meta name=\"twitter:creator\" content=\"@Luizprosperi\" \/>\n<meta name=\"twitter:site\" content=\"@Luizprosperi\" \/>\n<meta name=\"twitter:label1\" content=\"Escrito por\" \/>\n\t<meta name=\"twitter:data1\" content=\"Luiz Ant\u00f4nio Pr\u00f3speri\" \/>\n\t<meta name=\"twitter:label2\" content=\"Est. tempo de leitura\" \/>\n\t<meta name=\"twitter:data2\" content=\"2 minutos\" \/>\n<script type=\"application\/ld+json\" class=\"yoast-schema-graph\">{\"@context\":\"https:\\\/\\\/schema.org\",\"@graph\":[{\"@type\":\"Article\",\"@id\":\"https:\\\/\\\/blogdoprosperi.com\\\/?p=14222#article\",\"isPartOf\":{\"@id\":\"https:\\\/\\\/blogdoprosperi.com\\\/?p=14222\"},\"author\":{\"name\":\"Luiz Ant\u00f4nio Pr\u00f3speri\",\"@id\":\"https:\\\/\\\/blogdoprosperi.com\\\/#\\\/schema\\\/person\\\/38100755ce3601861ee4fab9b5aa78e9\"},\"headline\":\"Portugal chega \u00e0 semifinal da Euro com cinco empates\",\"datePublished\":\"2016-06-30T22:25:31+00:00\",\"mainEntityOfPage\":{\"@id\":\"https:\\\/\\\/blogdoprosperi.com\\\/?p=14222\"},\"wordCount\":401,\"commentCount\":1,\"publisher\":{\"@id\":\"https:\\\/\\\/blogdoprosperi.com\\\/#\\\/schema\\\/person\\\/38100755ce3601861ee4fab9b5aa78e9\"},\"image\":{\"@id\":\"https:\\\/\\\/blogdoprosperi.com\\\/?p=14222#primaryimage\"},\"thumbnailUrl\":\"https:\\\/\\\/blogdoprosperi.com\\\/wp-content\\\/uploads\\\/2016\\\/06\\\/2000.jpg\",\"keywords\":[\"Cristiano Ronaldo\",\"Eurocopa 2016\",\"futebol\",\"Lewandowski\",\"Pol\u00f4nia\",\"Portugal\",\"Quaresma\",\"Renato Chavez\"],\"articleSection\":[\"futebol\"],\"inLanguage\":\"pt-BR\",\"potentialAction\":[{\"@type\":\"CommentAction\",\"name\":\"Comment\",\"target\":[\"https:\\\/\\\/blogdoprosperi.com\\\/?p=14222#respond\"]}]},{\"@type\":\"WebPage\",\"@id\":\"https:\\\/\\\/blogdoprosperi.com\\\/?p=14222\",\"url\":\"https:\\\/\\\/blogdoprosperi.com\\\/?p=14222\",\"name\":\"Portugal chega \u00e0 semifinal da Euro com cinco empates - PR\u00d3SPERI NEWS\",\"isPartOf\":{\"@id\":\"https:\\\/\\\/blogdoprosperi.com\\\/#website\"},\"primaryImageOfPage\":{\"@id\":\"https:\\\/\\\/blogdoprosperi.com\\\/?p=14222#primaryimage\"},\"image\":{\"@id\":\"https:\\\/\\\/blogdoprosperi.com\\\/?p=14222#primaryimage\"},\"thumbnailUrl\":\"https:\\\/\\\/blogdoprosperi.com\\\/wp-content\\\/uploads\\\/2016\\\/06\\\/2000.jpg\",\"datePublished\":\"2016-06-30T22:25:31+00:00\",\"breadcrumb\":{\"@id\":\"https:\\\/\\\/blogdoprosperi.com\\\/?p=14222#breadcrumb\"},\"inLanguage\":\"pt-BR\",\"potentialAction\":[{\"@type\":\"ReadAction\",\"target\":[\"https:\\\/\\\/blogdoprosperi.com\\\/?p=14222\"]}]},{\"@type\":\"ImageObject\",\"inLanguage\":\"pt-BR\",\"@id\":\"https:\\\/\\\/blogdoprosperi.com\\\/?p=14222#primaryimage\",\"url\":\"https:\\\/\\\/i0.wp.com\\\/blogdoprosperi.com\\\/wp-content\\\/uploads\\\/2016\\\/06\\\/2000.jpg?fit=1065%2C639&ssl=1\",\"contentUrl\":\"https:\\\/\\\/i0.wp.com\\\/blogdoprosperi.com\\\/wp-content\\\/uploads\\\/2016\\\/06\\\/2000.jpg?fit=1065%2C639&ssl=1\",\"width\":1065,\"height\":639},{\"@type\":\"BreadcrumbList\",\"@id\":\"https:\\\/\\\/blogdoprosperi.com\\\/?p=14222#breadcrumb\",\"itemListElement\":[{\"@type\":\"ListItem\",\"position\":1,\"name\":\"In\u00edcio\",\"item\":\"https:\\\/\\\/blogdoprosperi.com\\\/\"},{\"@type\":\"ListItem\",\"position\":2,\"name\":\"Portugal chega \u00e0 semifinal da Euro com cinco empates\"}]},{\"@type\":\"WebSite\",\"@id\":\"https:\\\/\\\/blogdoprosperi.com\\\/#website\",\"url\":\"https:\\\/\\\/blogdoprosperi.com\\\/\",\"name\":\"PR\u00d3SPERI NEWS\",\"description\":\"TUDO \u00c9  FUTEBOL\",\"publisher\":{\"@id\":\"https:\\\/\\\/blogdoprosperi.com\\\/#\\\/schema\\\/person\\\/38100755ce3601861ee4fab9b5aa78e9\"},\"alternateName\":\"blogdoprosperi.com\",\"potentialAction\":[{\"@type\":\"SearchAction\",\"target\":{\"@type\":\"EntryPoint\",\"urlTemplate\":\"https:\\\/\\\/blogdoprosperi.com\\\/?s={search_term_string}\"},\"query-input\":{\"@type\":\"PropertyValueSpecification\",\"valueRequired\":true,\"valueName\":\"search_term_string\"}}],\"inLanguage\":\"pt-BR\"},{\"@type\":[\"Person\",\"Organization\"],\"@id\":\"https:\\\/\\\/blogdoprosperi.com\\\/#\\\/schema\\\/person\\\/38100755ce3601861ee4fab9b5aa78e9\",\"name\":\"Luiz Ant\u00f4nio Pr\u00f3speri\",\"pronouns\":\"ele\",\"image\":{\"@type\":\"ImageObject\",\"inLanguage\":\"pt-BR\",\"@id\":\"https:\\\/\\\/i0.wp.com\\\/blogdoprosperi.com\\\/wp-content\\\/uploads\\\/2026\\\/05\\\/cropped-8059e613-6002-42fa-961e-8e275f575d71-2-5.jpg?fit=1360%2C931&ssl=1\",\"url\":\"https:\\\/\\\/i0.wp.com\\\/blogdoprosperi.com\\\/wp-content\\\/uploads\\\/2026\\\/05\\\/cropped-8059e613-6002-42fa-961e-8e275f575d71-2-5.jpg?fit=1360%2C931&ssl=1\",\"contentUrl\":\"https:\\\/\\\/i0.wp.com\\\/blogdoprosperi.com\\\/wp-content\\\/uploads\\\/2026\\\/05\\\/cropped-8059e613-6002-42fa-961e-8e275f575d71-2-5.jpg?fit=1360%2C931&ssl=1\",\"width\":1360,\"height\":931,\"caption\":\"Luiz Ant\u00f4nio Pr\u00f3speri\"},\"logo\":{\"@id\":\"https:\\\/\\\/i0.wp.com\\\/blogdoprosperi.com\\\/wp-content\\\/uploads\\\/2026\\\/05\\\/cropped-8059e613-6002-42fa-961e-8e275f575d71-2-5.jpg?fit=1360%2C931&ssl=1\"},\"description\":\"Jornalista com carreira dedicada ao esporte. Cobriu 9 Copas do Mundo in loco, 1990 na It\u00e1lia, 1994 nos EUA, 1998 na Fran\u00e7a, 2002 na Coreia do Sul e Jap\u00e3o, 2006 na Alemanha, 2010 na \u00c1frica do Sul, 2014 no Brasil, 2018 na R\u00fassia e 2022 no Qatar. Eurocopas, 1992 na Su\u00e9cia e 1996 na Inglaterra. Copa das Confedera\u00e7\u00f5es de 2005 na Alemanha e 2009 na \u00c1frica do Sul. Rep\u00f3rter e Editor, trabalhou no Jornal da Tarde e Estad\u00e3o, de 1984 a fevereiro de 2016. Colunista, blogueiro. E comentarista de futebol na R\u00e1dio Estad\u00e3o, de 2013 a fevereiro de 2016. Jornalista respons\u00e1vel do \\\"Pr\u00f3speri News\\\" (blogdoprosperi.com).\",\"sameAs\":[\"http:\\\/\\\/blogdoprosperi.com\",\"Luiz Pr\u00f3speri\",\"@luiz_prosperi\",\"https:\\\/\\\/x.com\\\/Luizprosperi\",\"@prosperinacopa\",\"luiz.prosperi@icloud.com\"],\"url\":\"https:\\\/\\\/blogdoprosperi.com\\\/?author=102107496\"}]}<\/script>\n<!-- \/ Yoast SEO plugin. -->","yoast_head_json":{"title":"Portugal chega \u00e0 semifinal da Euro com cinco empates - PR\u00d3SPERI NEWS","robots":{"index":"index","follow":"follow","max-snippet":"max-snippet:-1","max-image-preview":"max-image-preview:large","max-video-preview":"max-video-preview:-1"},"canonical":"https:\/\/blogdoprosperi.com\/?p=14222","og_locale":"pt_BR","og_type":"article","og_title":"Portugal chega \u00e0 semifinal da Euro com cinco empates - PR\u00d3SPERI NEWS","og_description":"Eurocopa tem sido m\u00e3e a Portugal. Em cinco jogos, empatou cinco. Tr\u00eas na primeira fase, um nas oitavas, [&hellip;]","og_url":"https:\/\/blogdoprosperi.com\/?p=14222","og_site_name":"PR\u00d3SPERI NEWS","article_publisher":"Luiz Pr\u00f3speri","article_author":"Luiz Pr\u00f3speri","article_published_time":"2016-06-30T22:25:31+00:00","og_image":[{"url":"https:\/\/blogdoprosperi.com\/wp-content\/uploads\/2016\/06\/2000.jpg","type":"","width":"","height":""}],"author":"Luiz Ant\u00f4nio Pr\u00f3speri","twitter_card":"summary_large_image","twitter_creator":"@Luizprosperi","twitter_site":"@Luizprosperi","twitter_misc":{"Escrito por":"Luiz Ant\u00f4nio Pr\u00f3speri","Est. tempo de leitura":"2 minutos"},"schema":{"@context":"https:\/\/schema.org","@graph":[{"@type":"Article","@id":"https:\/\/blogdoprosperi.com\/?p=14222#article","isPartOf":{"@id":"https:\/\/blogdoprosperi.com\/?p=14222"},"author":{"name":"Luiz Ant\u00f4nio Pr\u00f3speri","@id":"https:\/\/blogdoprosperi.com\/#\/schema\/person\/38100755ce3601861ee4fab9b5aa78e9"},"headline":"Portugal chega \u00e0 semifinal da Euro com cinco empates","datePublished":"2016-06-30T22:25:31+00:00","mainEntityOfPage":{"@id":"https:\/\/blogdoprosperi.com\/?p=14222"},"wordCount":401,"commentCount":1,"publisher":{"@id":"https:\/\/blogdoprosperi.com\/#\/schema\/person\/38100755ce3601861ee4fab9b5aa78e9"},"image":{"@id":"https:\/\/blogdoprosperi.com\/?p=14222#primaryimage"},"thumbnailUrl":"https:\/\/blogdoprosperi.com\/wp-content\/uploads\/2016\/06\/2000.jpg","keywords":["Cristiano Ronaldo","Eurocopa 2016","futebol","Lewandowski","Pol\u00f4nia","Portugal","Quaresma","Renato Chavez"],"articleSection":["futebol"],"inLanguage":"pt-BR","potentialAction":[{"@type":"CommentAction","name":"Comment","target":["https:\/\/blogdoprosperi.com\/?p=14222#respond"]}]},{"@type":"WebPage","@id":"https:\/\/blogdoprosperi.com\/?p=14222","url":"https:\/\/blogdoprosperi.com\/?p=14222","name":"Portugal chega \u00e0 semifinal da Euro com cinco empates - PR\u00d3SPERI NEWS","isPartOf":{"@id":"https:\/\/blogdoprosperi.com\/#website"},"primaryImageOfPage":{"@id":"https:\/\/blogdoprosperi.com\/?p=14222#primaryimage"},"image":{"@id":"https:\/\/blogdoprosperi.com\/?p=14222#primaryimage"},"thumbnailUrl":"https:\/\/blogdoprosperi.com\/wp-content\/uploads\/2016\/06\/2000.jpg","datePublished":"2016-06-30T22:25:31+00:00","breadcrumb":{"@id":"https:\/\/blogdoprosperi.com\/?p=14222#breadcrumb"},"inLanguage":"pt-BR","potentialAction":[{"@type":"ReadAction","target":["https:\/\/blogdoprosperi.com\/?p=14222"]}]},{"@type":"ImageObject","inLanguage":"pt-BR","@id":"https:\/\/blogdoprosperi.com\/?p=14222#primaryimage","url":"https:\/\/i0.wp.com\/blogdoprosperi.com\/wp-content\/uploads\/2016\/06\/2000.jpg?fit=1065%2C639&ssl=1","contentUrl":"https:\/\/i0.wp.com\/blogdoprosperi.com\/wp-content\/uploads\/2016\/06\/2000.jpg?fit=1065%2C639&ssl=1","width":1065,"height":639},{"@type":"BreadcrumbList","@id":"https:\/\/blogdoprosperi.com\/?p=14222#breadcrumb","itemListElement":[{"@type":"ListItem","position":1,"name":"In\u00edcio","item":"https:\/\/blogdoprosperi.com\/"},{"@type":"ListItem","position":2,"name":"Portugal chega \u00e0 semifinal da Euro com cinco empates"}]},{"@type":"WebSite","@id":"https:\/\/blogdoprosperi.com\/#website","url":"https:\/\/blogdoprosperi.com\/","name":"PR\u00d3SPERI NEWS","description":"TUDO \u00c9  FUTEBOL","publisher":{"@id":"https:\/\/blogdoprosperi.com\/#\/schema\/person\/38100755ce3601861ee4fab9b5aa78e9"},"alternateName":"blogdoprosperi.com","potentialAction":[{"@type":"SearchAction","target":{"@type":"EntryPoint","urlTemplate":"https:\/\/blogdoprosperi.com\/?s={search_term_string}"},"query-input":{"@type":"PropertyValueSpecification","valueRequired":true,"valueName":"search_term_string"}}],"inLanguage":"pt-BR"},{"@type":["Person","Organization"],"@id":"https:\/\/blogdoprosperi.com\/#\/schema\/person\/38100755ce3601861ee4fab9b5aa78e9","name":"Luiz Ant\u00f4nio Pr\u00f3speri","pronouns":"ele","image":{"@type":"ImageObject","inLanguage":"pt-BR","@id":"https:\/\/i0.wp.com\/blogdoprosperi.com\/wp-content\/uploads\/2026\/05\/cropped-8059e613-6002-42fa-961e-8e275f575d71-2-5.jpg?fit=1360%2C931&ssl=1","url":"https:\/\/i0.wp.com\/blogdoprosperi.com\/wp-content\/uploads\/2026\/05\/cropped-8059e613-6002-42fa-961e-8e275f575d71-2-5.jpg?fit=1360%2C931&ssl=1","contentUrl":"https:\/\/i0.wp.com\/blogdoprosperi.com\/wp-content\/uploads\/2026\/05\/cropped-8059e613-6002-42fa-961e-8e275f575d71-2-5.jpg?fit=1360%2C931&ssl=1","width":1360,"height":931,"caption":"Luiz Ant\u00f4nio Pr\u00f3speri"},"logo":{"@id":"https:\/\/i0.wp.com\/blogdoprosperi.com\/wp-content\/uploads\/2026\/05\/cropped-8059e613-6002-42fa-961e-8e275f575d71-2-5.jpg?fit=1360%2C931&ssl=1"},"description":"Jornalista com carreira dedicada ao esporte. Cobriu 9 Copas do Mundo in loco, 1990 na It\u00e1lia, 1994 nos EUA, 1998 na Fran\u00e7a, 2002 na Coreia do Sul e Jap\u00e3o, 2006 na Alemanha, 2010 na \u00c1frica do Sul, 2014 no Brasil, 2018 na R\u00fassia e 2022 no Qatar. Eurocopas, 1992 na Su\u00e9cia e 1996 na Inglaterra. Copa das Confedera\u00e7\u00f5es de 2005 na Alemanha e 2009 na \u00c1frica do Sul. Rep\u00f3rter e Editor, trabalhou no Jornal da Tarde e Estad\u00e3o, de 1984 a fevereiro de 2016. Colunista, blogueiro. E comentarista de futebol na R\u00e1dio Estad\u00e3o, de 2013 a fevereiro de 2016. Jornalista respons\u00e1vel do \"Pr\u00f3speri News\" (blogdoprosperi.com).","sameAs":["http:\/\/blogdoprosperi.com","Luiz Pr\u00f3speri","@luiz_prosperi","https:\/\/x.com\/Luizprosperi","@prosperinacopa","luiz.prosperi@icloud.com"],"url":"https:\/\/blogdoprosperi.com\/?author=102107496"}]}},"jetpack_publicize_connections":[],"jetpack_likes_enabled":false,"jetpack_sharing_enabled":true,"jetpack_shortlink":"https:\/\/wp.me\/p7jvdk-3Ho","jetpack-related-posts":[{"id":15093,"url":"https:\/\/blogdoprosperi.com\/?p=15093","url_meta":{"origin":14222,"position":0},"title":"Cristiano Ronaldo tem um sonho para contar a todo mundo","author":"Luiz Ant\u00f4nio Pr\u00f3speri","date":"6 de julho de 2016","format":false,"excerpt":"Cristiano Ronaldo \u00e9 uma m\u00e1quina produtora de gols. \u00c9 um obstinado na busca de t\u00edtulos. No Real Madrid j\u00e1 beijou o c\u00e9u campe\u00e3o da Champions League por duas vezes. Suas atua\u00e7\u00f5es nos clubes o levaram a ser eleito melhor do mundo por tr\u00eas vezes. Falta ao craque portugu\u00eas o toque\u2026","rel":"","context":"Em &quot;futebol&quot;","block_context":{"text":"futebol","link":"https:\/\/blogdoprosperi.com\/?cat=53870"},"img":{"alt_text":"","src":"https:\/\/i0.wp.com\/blogdoprosperi.com\/wp-content\/uploads\/2016\/07\/3129.jpg?resize=350%2C200","width":350,"height":200,"srcset":"https:\/\/i0.wp.com\/blogdoprosperi.com\/wp-content\/uploads\/2016\/07\/3129.jpg?resize=350%2C200 1x, https:\/\/i0.wp.com\/blogdoprosperi.com\/wp-content\/uploads\/2016\/07\/3129.jpg?resize=525%2C300 1.5x, https:\/\/i0.wp.com\/blogdoprosperi.com\/wp-content\/uploads\/2016\/07\/3129.jpg?resize=700%2C400 2x, https:\/\/i0.wp.com\/blogdoprosperi.com\/wp-content\/uploads\/2016\/07\/3129.jpg?resize=1050%2C600 3x"},"classes":[]},{"id":12349,"url":"https:\/\/blogdoprosperi.com\/?p=12349","url_meta":{"origin":14222,"position":1},"title":"Veja confrontos das oitavas de final da Eurocopa e a festa das torcidas","author":"Luiz Ant\u00f4nio Pr\u00f3speri","date":"22 de junho de 2016","format":false,"excerpt":"\u00a0 Futebol se rende \u00e0 paix\u00e3o das torcidas na Eurocopa 2016. Em todos os jogos da \u00faltima rodada da primeira fase, encerrada nesta quarta-feira, est\u00e1dios franceses transbordaram de emo\u00e7\u00e3o. Entre l\u00e1grimas e sorrisos e gritos tribais, torcedores festejaram uma simples classifica\u00e7\u00e3o \u00e0s oitavas de final como se fosse a conquista\u2026","rel":"","context":"Em &quot;futebol&quot;","block_context":{"text":"futebol","link":"https:\/\/blogdoprosperi.com\/?cat=53870"},"img":{"alt_text":"","src":"https:\/\/i0.wp.com\/blogdoprosperi.com\/wp-content\/uploads\/2016\/06\/2170.jpg?resize=350%2C200","width":350,"height":200,"srcset":"https:\/\/i0.wp.com\/blogdoprosperi.com\/wp-content\/uploads\/2016\/06\/2170.jpg?resize=350%2C200 1x, https:\/\/i0.wp.com\/blogdoprosperi.com\/wp-content\/uploads\/2016\/06\/2170.jpg?resize=525%2C300 1.5x"},"classes":[]},{"id":12842,"url":"https:\/\/blogdoprosperi.com\/?p=12842","url_meta":{"origin":14222,"position":2},"title":"Pa\u00eds de Gales diz sim \u00e0 Eurocopa e Quaresma eleva Portugal","author":"Luiz Ant\u00f4nio Pr\u00f3speri","date":"25 de junho de 2016","format":false,"excerpt":"Pa\u00eds Gales votou para sair da Uni\u00e3o Europ\u00e9ia, 52,5% a favor do \"Brexit\". Irlanda do Norte votou n\u00e3o, 55,8% para ficar. Duas posi\u00e7\u00f5es bem distintas no mundo da pol\u00edtica. Dois dias depois da hist\u00f3rica decis\u00e3o do Reino Unido, as duas sele\u00e7\u00f5es das Ilhas Brit\u00e2nicas se enfrentaram neste s\u00e1bado de abertura\u2026","rel":"","context":"Em &quot;futebol&quot;","block_context":{"text":"futebol","link":"https:\/\/blogdoprosperi.com\/?cat=53870"},"img":{"alt_text":"","src":"https:\/\/i0.wp.com\/blogdoprosperi.com\/wp-content\/uploads\/2016\/06\/5472-3.jpg?resize=350%2C200","width":350,"height":200,"srcset":"https:\/\/i0.wp.com\/blogdoprosperi.com\/wp-content\/uploads\/2016\/06\/5472-3.jpg?resize=350%2C200 1x, https:\/\/i0.wp.com\/blogdoprosperi.com\/wp-content\/uploads\/2016\/06\/5472-3.jpg?resize=525%2C300 1.5x"},"classes":[]},{"id":43390,"url":"https:\/\/blogdoprosperi.com\/?p=43390","url_meta":{"origin":14222,"position":3},"title":"Cristiano Ronaldo: Craques Tamb\u00e9m Choram, Portugal avan\u00e7a na Euro 2024","author":"Luiz Ant\u00f4nio Pr\u00f3speri","date":"1 de julho de 2024","format":false,"excerpt":"Cristiano Ronaldo perde p\u00eanalti no \u00faltimo minuto do primeiro tempo da prorroga\u00e7\u00e3o de Portugal vs Eslov\u00eania. Chora como nunca. Dor de craque. Momento raro na longa carreira de um jogador de uma fortaleza mental absurda. CR7 sabia que aquele gol levaria Portugal \u00e0s quartas de final da Euro 2024. A\u2026","rel":"","context":"Em &quot;futebol&quot;","block_context":{"text":"futebol","link":"https:\/\/blogdoprosperi.com\/?cat=53870"},"img":{"alt_text":"","src":"https:\/\/i0.wp.com\/blogdoprosperi.com\/wp-content\/uploads\/2024\/07\/captura-de-tela-2024-07-01-as-19.00.35.png?fit=804%2C552&ssl=1&resize=350%2C200","width":350,"height":200,"srcset":"https:\/\/i0.wp.com\/blogdoprosperi.com\/wp-content\/uploads\/2024\/07\/captura-de-tela-2024-07-01-as-19.00.35.png?fit=804%2C552&ssl=1&resize=350%2C200 1x, https:\/\/i0.wp.com\/blogdoprosperi.com\/wp-content\/uploads\/2024\/07\/captura-de-tela-2024-07-01-as-19.00.35.png?fit=804%2C552&ssl=1&resize=525%2C300 1.5x, https:\/\/i0.wp.com\/blogdoprosperi.com\/wp-content\/uploads\/2024\/07\/captura-de-tela-2024-07-01-as-19.00.35.png?fit=804%2C552&ssl=1&resize=700%2C400 2x"},"classes":[]},{"id":14457,"url":"https:\/\/blogdoprosperi.com\/?p=14457","url_meta":{"origin":14222,"position":4},"title":"Quando dois amigos do futebol t\u00eam encontro marcado em Lyon","author":"Luiz Ant\u00f4nio Pr\u00f3speri","date":"1 de julho de 2016","format":false,"excerpt":"Pa\u00eds de Gales, de Gareth Bale, derrota B\u00e9lgica por 3 a 1 e vai enfrentar Portugal, de Cristiano Ronaldo, nas semifinais da Eurocopa Gareth Bale e Cristiano Ronaldo, parceiros no Real Madrid, t\u00eam encontro marcado na quarta-feira (06\/7), em Lyon. N\u00e3o v\u00e3o a passeio, v\u00e3o medir for\u00e7as nas semifinais da\u2026","rel":"","context":"Em &quot;futebol&quot;","block_context":{"text":"futebol","link":"https:\/\/blogdoprosperi.com\/?cat=53870"},"img":{"alt_text":"","src":"https:\/\/i0.wp.com\/blogdoprosperi.com\/wp-content\/uploads\/2016\/07\/3072.jpg?resize=350%2C200","width":350,"height":200,"srcset":"https:\/\/i0.wp.com\/blogdoprosperi.com\/wp-content\/uploads\/2016\/07\/3072.jpg?resize=350%2C200 1x, https:\/\/i0.wp.com\/blogdoprosperi.com\/wp-content\/uploads\/2016\/07\/3072.jpg?resize=525%2C300 1.5x"},"classes":[]},{"id":42919,"url":"https:\/\/blogdoprosperi.com\/?p=42919","url_meta":{"origin":14222,"position":5},"title":"Cristiano Ronaldo n\u00e3o empolga Portugal e Fran\u00e7a perde Mbapp\u00e9","author":"Luiz Ant\u00f4nio Pr\u00f3speri","date":"18 de junho de 2024","format":false,"excerpt":"Cristiano Ronaldo estreia na Eurocopa sob \u00edcone do craque dos craques. Sua sexta Euro. N\u00e3o \u00e9 para qualquer um. No fim das contas, esmorece. Cinco arremates sem lastro ao gol da Rep\u00fablica Checa. Uma agonia sem fim, compensada apenas nos acr\u00e9scimos do segundo tempo quando o suplente Francisco Concei\u00e7\u00e3o faz\u2026","rel":"","context":"Em &quot;catar 2022&quot;","block_context":{"text":"catar 2022","link":"https:\/\/blogdoprosperi.com\/?cat=47094043"},"img":{"alt_text":"Cristiano Ronaldo sem brilho na estreia de Portugal","src":"https:\/\/i0.wp.com\/blogdoprosperi.com\/wp-content\/uploads\/2024\/06\/captura-de-tela-2024-06-18-as-23.31.42.png?fit=1108%2C820&ssl=1&resize=350%2C200","width":350,"height":200,"srcset":"https:\/\/i0.wp.com\/blogdoprosperi.com\/wp-content\/uploads\/2024\/06\/captura-de-tela-2024-06-18-as-23.31.42.png?fit=1108%2C820&ssl=1&resize=350%2C200 1x, https:\/\/i0.wp.com\/blogdoprosperi.com\/wp-content\/uploads\/2024\/06\/captura-de-tela-2024-06-18-as-23.31.42.png?fit=1108%2C820&ssl=1&resize=525%2C300 1.5x, https:\/\/i0.wp.com\/blogdoprosperi.com\/wp-content\/uploads\/2024\/06\/captura-de-tela-2024-06-18-as-23.31.42.png?fit=1108%2C820&ssl=1&resize=700%2C400 2x, https:\/\/i0.wp.com\/blogdoprosperi.com\/wp-content\/uploads\/2024\/06\/captura-de-tela-2024-06-18-as-23.31.42.png?fit=1108%2C820&ssl=1&resize=1050%2C600 3x"},"classes":[]}],"jetpack_featured_media_url":"","_links":{"self":[{"href":"https:\/\/blogdoprosperi.com\/index.php?rest_route=\/wp\/v2\/posts\/14222","targetHints":{"allow":["GET"]}}],"collection":[{"href":"https:\/\/blogdoprosperi.com\/index.php?rest_route=\/wp\/v2\/posts"}],"about":[{"href":"https:\/\/blogdoprosperi.com\/index.php?rest_route=\/wp\/v2\/types\/post"}],"author":[{"embeddable":true,"href":"https:\/\/blogdoprosperi.com\/index.php?rest_route=\/wp\/v2\/users\/102107496"}],"replies":[{"embeddable":true,"href":"https:\/\/blogdoprosperi.com\/index.php?rest_route=%2Fwp%2Fv2%2Fcomments&post=14222"}],"version-history":[{"count":25,"href":"https:\/\/blogdoprosperi.com\/index.php?rest_route=\/wp\/v2\/posts\/14222\/revisions"}],"predecessor-version":[{"id":14262,"href":"https:\/\/blogdoprosperi.com\/index.php?rest_route=\/wp\/v2\/posts\/14222\/revisions\/14262"}],"wp:attachment":[{"href":"https:\/\/blogdoprosperi.com\/index.php?rest_route=%2Fwp%2Fv2%2Fmedia&parent=14222"}],"wp:term":[{"taxonomy":"category","embeddable":true,"href":"https:\/\/blogdoprosperi.com\/index.php?rest_route=%2Fwp%2Fv2%2Fcategories&post=14222"},{"taxonomy":"post_tag","embeddable":true,"href":"https:\/\/blogdoprosperi.com\/index.php?rest_route=%2Fwp%2Fv2%2Ftags&post=14222"}],"curies":[{"name":"wp","href":"https:\/\/api.w.org\/{rel}","templated":true}]}}