{"id":14263,"date":"2016-07-01T01:06:35","date_gmt":"2016-07-01T01:06:35","guid":{"rendered":"http:\/\/blogdoprosperi.com\/?p=14263"},"modified":"2016-07-01T01:08:25","modified_gmt":"2016-07-01T01:08:25","slug":"gabriel-jesus-coloca-brasileirao-e-palmeiras-aos-seus-pes","status":"publish","type":"post","link":"https:\/\/blogdoprosperi.com\/?p=14263","title":{"rendered":"Gabriel Jesus coloca Brasileir\u00e3o e Palmeiras aos seus p\u00e9s"},"content":{"rendered":"<h6>Garoto faz dois gols na vit\u00f3ria contra Figueirense, assume artilharia do campeonato com nove e sustenta lideran\u00e7a do time em doze rodadas<\/h6>\n<p><span class=\"alignnone\"><img data-recalc-dims=\"1\" loading=\"lazy\" decoding=\"async\" data-attachment-id=\"14364\" data-permalink=\"https:\/\/blogdoprosperi.com\/?attachment_id=14364\" data-orig-file=\"https:\/\/i0.wp.com\/blogdoprosperi.com\/wp-content\/uploads\/2016\/07\/rib_7772.jpg?fit=640%2C360&amp;ssl=1\" data-orig-size=\"640,360\" data-comments-opened=\"1\" data-image-meta=\"{&quot;aperture&quot;:&quot;0&quot;,&quot;credit&quot;:&quot;&quot;,&quot;camera&quot;:&quot;&quot;,&quot;caption&quot;:&quot;&quot;,&quot;created_timestamp&quot;:&quot;0&quot;,&quot;copyright&quot;:&quot;&quot;,&quot;focal_length&quot;:&quot;0&quot;,&quot;iso&quot;:&quot;0&quot;,&quot;shutter_speed&quot;:&quot;0&quot;,&quot;title&quot;:&quot;&quot;,&quot;orientation&quot;:&quot;0&quot;}\" data-image-title=\"rib_7772\" data-image-description=\"\" data-image-caption=\"\" data-large-file=\"https:\/\/i0.wp.com\/blogdoprosperi.com\/wp-content\/uploads\/2016\/07\/rib_7772.jpg?fit=640%2C360&amp;ssl=1\" class=\"alignnone size-full wp-image-14364\" src=\"https:\/\/i0.wp.com\/blogdoprosperi.com\/wp-content\/uploads\/2016\/07\/rib_7772.jpg?resize=640%2C360&#038;ssl=1\" alt=\"rib_7772\" width=\"640\" height=\"360\" \/><\/span><\/p>\n<p>Gabriel Jesus colocou o Campeonato Brasileiro debaixo do bra\u00e7o e a cada jogo pede passagem. Em 12 rodadas, assumiu a artilharia com nove gols &#8211; a maioria deles com feitio de craque &#8211; ao marcar dois na vit\u00f3ria por 4 a 0 do Palmeiras contra o Figueirense, nesta quinta-feira (30\/6) no Allianz Parque. Neste momento, Jesus, parece n\u00e3o ter limites.<\/p>\n<p>Bom para o Palmeiras, l\u00edder com 25 pontos, que destro\u00e7a advers\u00e1rios em casa e patina fora fora de seus dom\u00ednios. Se ajustar esse defeito, vai ser dif\u00edcil chegar em dezembro sem a ta\u00e7a de campe\u00e3o. Tudo isso, \u00e9 claro, se os gigantes europeus n\u00e3o levarem Gabriel Jesus embora depois da Olimp\u00edada do Rio.<\/p>\n<p><strong>AN\u00c1LISE DO JOGO<\/strong><\/p>\n<p>Palmeiras continua avassalador no Allianz Parque, sempre no limite de n\u00e3o deixar o advers\u00e1rio respirar. De prefer\u00eancia com num gol antes dos 10 minutos. Diante do Figueirense n\u00e3o foi diferente.<\/p>\n<p>Partiu em busca do gol e chegou em cabe\u00e7ada de Mois\u00e9s no cruzamento de Roger Guedes, aos 7 minutos. Gol para avisar ao visitante quem manda na casa. Gol tamb\u00e9m para se impor, intimidar e fazer valer o futebol de l\u00edder do Brasileir\u00e3o.<\/p>\n<p>Cumpriu bem o que havia sido combinado nos vesti\u00e1rios, apesar de alguns vacilos na marca\u00e7\u00e3o no setor direito, onde o garoto Jo\u00e3o Pedro cometeu erros costumeiros. Faltou tamb\u00e9m mais aten\u00e7\u00e3o nas investidas do time catarinense quando avan\u00e7a pelos meios aproveitando a desaten\u00e7\u00e3o de Cleiton Xavier e Tch\u00ea Tch\u00ea.<\/p>\n<p><span class=\"alignnone\"><img data-recalc-dims=\"1\" loading=\"lazy\" decoding=\"async\" data-attachment-id=\"14367\" data-permalink=\"https:\/\/blogdoprosperi.com\/?attachment_id=14367\" data-orig-file=\"https:\/\/i0.wp.com\/blogdoprosperi.com\/wp-content\/uploads\/2016\/07\/622_8a047a65-6545-3e54-8a9b-69bea0b75ca0.jpg?fit=622%2C350&amp;ssl=1\" data-orig-size=\"622,350\" data-comments-opened=\"1\" data-image-meta=\"{&quot;aperture&quot;:&quot;0&quot;,&quot;credit&quot;:&quot;&quot;,&quot;camera&quot;:&quot;&quot;,&quot;caption&quot;:&quot;&quot;,&quot;created_timestamp&quot;:&quot;0&quot;,&quot;copyright&quot;:&quot;&quot;,&quot;focal_length&quot;:&quot;0&quot;,&quot;iso&quot;:&quot;0&quot;,&quot;shutter_speed&quot;:&quot;0&quot;,&quot;title&quot;:&quot;&quot;,&quot;orientation&quot;:&quot;0&quot;}\" data-image-title=\"622_8a047a65-6545-3e54-8a9b-69bea0b75ca0\" data-image-description=\"\" data-image-caption=\"\" data-large-file=\"https:\/\/i0.wp.com\/blogdoprosperi.com\/wp-content\/uploads\/2016\/07\/622_8a047a65-6545-3e54-8a9b-69bea0b75ca0.jpg?fit=622%2C350&amp;ssl=1\" class=\"alignnone size-full wp-image-14367\" src=\"https:\/\/i0.wp.com\/blogdoprosperi.com\/wp-content\/uploads\/2016\/07\/622_8a047a65-6545-3e54-8a9b-69bea0b75ca0.jpg?resize=622%2C350&#038;ssl=1\" alt=\"622_8a047a65-6545-3e54-8a9b-69bea0b75ca0\" width=\"622\" height=\"350\" \/><\/span><\/p>\n<p>Sem a\u00e7\u00e3o efetiva dos dois meias na marca\u00e7\u00e3o, Mois\u00e9s se multiplicou. Protegeu a zaga, saiu em socorro dos laterais, auxiliou Xavier e Tch\u00ea Tch\u00ea e ainda arriscou chute de longa dist\u00e2ncia. Mois\u00e9s n\u00e3o \u00e9 refinado, \u00e0s vezes raciocina com os m\u00fasculos, mas, quando o time \u00a0precisa do seu futebol, assume todas as responsabilidades e se imp\u00f5e.<\/p>\n<p>Mois\u00e9s foi o dono do primeiro tempo e colaborou para o Palmeiras fechar os 45 minutos iniciais com a vantagem de dois gols &#8211; o segundo foi marcado por Dudu, aos 43, em jogada de Guedes, que Tch\u00ea Tch\u00ea clareou at\u00e9 o chute final do atacante.<\/p>\n<p>No segundo tempo, Mois\u00e9s pediu \u00e1gua. Deixou o jogo aos 7 minutos sentindo uma les\u00e3o no p\u00e9 esquerdo. Matheus Sales entrou no seu lugar. O Palmeiras voltou com um ritmo menos fren\u00e9tico. Hora de ser mais inteligente se desgatar menos.<\/p>\n<p><strong>JESUS RESOLVE<\/strong><\/p>\n<p>Nessa toada, construiu o terceiro gol. Dudu serviu Z\u00e9 Roberto, 42 anos, que cruzou para Gabriel Jesus, 19 anos, marcar de cabe\u00e7a, aos 1o. Jesus assumia a artilharia do Brasileir\u00e3o ao lado de Grafite, com 8 gols.<\/p>\n<blockquote><p>&#8220;Antes do jogo falei pro Z\u00e9 (<em>Z\u00e9 Roberto<\/em>): &#8216;chega no fundo que eu vou fazer de cabe\u00e7a para retribuir aquele cruzamento que voc\u00ea mandou pra mim contra o Corinthians e eu n\u00e3o fiz&#8217;. O Z\u00e9 falou: &#8216;ent\u00e3o vai l\u00e1 que a bola vai chegar&#8217;. Ele cruzou, e eu fiz&#8221;, disse Jesus, simples, como se n\u00e3o jogasse uma enormidade.<\/p><\/blockquote>\n<p><span class=\"alignnone\"><img data-recalc-dims=\"1\" loading=\"lazy\" decoding=\"async\" data-attachment-id=\"14363\" data-permalink=\"https:\/\/blogdoprosperi.com\/?attachment_id=14363\" data-orig-file=\"https:\/\/i0.wp.com\/blogdoprosperi.com\/wp-content\/uploads\/2016\/07\/rib_7752.jpg?fit=640%2C360&amp;ssl=1\" data-orig-size=\"640,360\" data-comments-opened=\"1\" data-image-meta=\"{&quot;aperture&quot;:&quot;0&quot;,&quot;credit&quot;:&quot;&quot;,&quot;camera&quot;:&quot;&quot;,&quot;caption&quot;:&quot;&quot;,&quot;created_timestamp&quot;:&quot;0&quot;,&quot;copyright&quot;:&quot;&quot;,&quot;focal_length&quot;:&quot;0&quot;,&quot;iso&quot;:&quot;0&quot;,&quot;shutter_speed&quot;:&quot;0&quot;,&quot;title&quot;:&quot;&quot;,&quot;orientation&quot;:&quot;0&quot;}\" data-image-title=\"rib_7752\" data-image-description=\"\" data-image-caption=\"\" data-large-file=\"https:\/\/i0.wp.com\/blogdoprosperi.com\/wp-content\/uploads\/2016\/07\/rib_7752.jpg?fit=640%2C360&amp;ssl=1\" class=\"alignnone size-full wp-image-14363\" src=\"https:\/\/i0.wp.com\/blogdoprosperi.com\/wp-content\/uploads\/2016\/07\/rib_7752.jpg?resize=640%2C360&#038;ssl=1\" alt=\"rib_7752\" width=\"640\" height=\"360\" \/><\/span><\/p>\n<p>Vantagem folgada no placar deu ao Palmeiras a tranquilidade para jogar sem pressa e a Cuca fazer algumas experi\u00eancias. Ent\u00e3o, aos 20, Barrios entrou no lugar de Xavier. Dudu virou armador e Jesus assumiu a ponta-esquerda. E, aos 30, o menino Vitinho, de 18 anos, substituiu Dudu.<\/p>\n<p>Naquela altura da partida, o time de Cuca tinha quatro garotos da base &#8211; Jesus, Jo\u00e3o Pedro, Matheus Sales e Vitinho &#8211; e dois jovens que chegaram nesta temporada &#8211; Roger Guedes e Tch\u00ea Tch\u00ea. E o Figueirense nocauteado.<\/p>\n<p>Nos \u00faltimos dez minutos, o Palmeiras tocou a bola para satisfazer o prazer da torcida. N\u00e3o havia mais necessidade de aumentar a contagem. A vit\u00f3ria estava mais do que consolidada.<\/p>\n<p>Um detalhe importante, Jesus queria mais. Aos 45, em boa jogada de Guedes, ele fez o seu segundo no jogo e nono no campeonato. Agora sim, artilheiro isolado do Brasileir\u00e3o.<\/p>\n<p>Sua ascens\u00e3o tem sido t\u00e3o extraordin\u00e1ria que representantes de grandes clubes europeus est\u00e3o alucinados. Depois de o Barcelona fazer uma proposta e o Real Madrid reagir, a vez agora \u00e9 de agentes da Inter de Mil\u00e3o e Juventus assediarem o garoto e o Palmeiras. Seus representantes t\u00eam visita programada neste fim de semana.<\/p>\n<p>Jesus j\u00e1 adiantou que seu desejo \u00e9 o Barcelona. Se continuar nesse ritmo alucinante logo logo vai estar ao lado de Neymar, Su\u00e1rez e Messi. E o Palmeiras que se vire para n\u00e3o perder o garoto e o passo certo rumo ao t\u00edtulo.<\/p>\n<div class=\"jetpack-video-wrapper\"><span class=\"embed-youtube\" style=\"text-align:center; display: block;\"><iframe loading=\"lazy\" class=\"youtube-player\" width=\"560\" height=\"315\" src=\"https:\/\/www.youtube.com\/embed\/cffb4QxYsc4?version=3&#038;rel=1&#038;showsearch=0&#038;showinfo=1&#038;iv_load_policy=1&#038;fs=1&#038;hl=pt-BR&#038;autohide=2&#038;wmode=transparent\" allowfullscreen=\"true\" style=\"border:0;\" sandbox=\"allow-scripts allow-same-origin allow-popups allow-presentation allow-popups-to-escape-sandbox\"><\/iframe><\/span><\/div>\n<p><strong>FICHA DO JOGO<\/strong><\/p>\n<p><strong>Palmeiras 4 x 0 Figueirense<\/strong><\/p>\n<p><strong>Gols<\/strong>: Mois\u00e9s, aos 7; e Dudu, aos 43 minutos do primeiro tempo; Gabriel Jesus, aos 10e 45 minutos do segundo tempo.<\/p>\n<p><strong>Palmeiras:<\/strong> Fernando Prass, Jo\u00e3o Pedro, Edu Dracena, Vitor Hugo e Z\u00e9 Roberto; Tch\u00ea Tch\u00ea, Mois\u00e9s (Matheus Sales) e Cleiton Xavier (Barrios);\u00a0Roger Guedes, Gabriel Jesus e Dudu (Vitinho). <strong>T\u00e9cnico<\/strong>: Cuca<\/p>\n<p><strong>Figueirense:<\/strong> Gatito Fernandez, Ayrton, Marquinhos, Bruno Alves e Marquinhos Pedroso; Jorge Caucaia, Ferrugem (Jocinei), Bady e Ermel (Yago); \u00a0Rafael Moura e Dudu (Everton Santos).<strong>T\u00e9cnico<\/strong>: Vinicius Ectr\u00f3pio<\/p>\n<p><strong>Juiz:<\/strong> Gilberto Castro J\u00fanior<br \/>\n<strong>Cart\u00f5es amarelos:<\/strong> Rafael Moura e Roger Guedes<br \/>\n<strong>Renda:<\/strong> R$ 1.935.544,72<br \/>\n<strong>P\u00fablico:<\/strong>\u00a032.834 pagantes<br \/>\n<strong>Local:<\/strong> Allianz Parque<\/p>\n","protected":false},"excerpt":{"rendered":"<p>Garoto faz dois gols na vit\u00f3ria contra Figueirense, assume artilharia do campeonato com nove e sustenta lideran\u00e7a do [&hellip;]<\/p>\n","protected":false},"author":102107496,"featured_media":0,"comment_status":"open","ping_status":"open","sticky":false,"template":"","format":"standard","meta":{"_coblocks_attr":"","_coblocks_dimensions":"","_coblocks_responsive_height":"","_coblocks_accordion_ie_support":"","_jetpack_newsletter_access":"","_jetpack_dont_email_post_to_subs":false,"_jetpack_newsletter_tier_id":0,"_jetpack_memberships_contains_paywalled_content":false,"_wpcom_ai_launchpad_first_post":false,"_jetpack_feature_clip_id":0,"_jetpack_memberships_contains_paid_content":false,"footnotes":"","jetpack_publicize_message":"","jetpack_publicize_feature_enabled":true,"jetpack_social_post_already_shared":false,"jetpack_social_options":{"image_generator_settings":{"template":"highway","default_image_id":0,"font":"","enabled":false},"version":2},"jetpack_post_was_ever_published":false},"categories":[355071,53870],"tags":[165442385,362595295,471113831,789560560,232826435,1648245,8328841,8573363],"class_list":["post-14263","post","type-post","status-publish","format-standard","hentry","category-campeonato-brasileiro","category-futebol","tag-allianz-parque","tag-brasileirao-2016","tag-cuca-palmeiras","tag-futebol","tag-gabriel-jesus","tag-moises","tag-palmeiras-clube","tag-palmeiras-x-figueirense"],"yoast_head":"<!-- This site is optimized with the Yoast SEO plugin v28.3 - https:\/\/yoast.com\/product\/yoast-seo-wordpress\/ -->\n<title>Gabriel Jesus coloca Brasileir\u00e3o e Palmeiras aos seus p\u00e9s - PR\u00d3SPERI NEWS<\/title>\n<meta name=\"robots\" content=\"index, follow, max-snippet:-1, max-image-preview:large, max-video-preview:-1\" \/>\n<link rel=\"canonical\" href=\"https:\/\/blogdoprosperi.com\/?p=14263\" \/>\n<meta property=\"og:locale\" content=\"pt_BR\" \/>\n<meta property=\"og:type\" content=\"article\" \/>\n<meta property=\"og:title\" content=\"Gabriel Jesus coloca Brasileir\u00e3o e Palmeiras aos seus p\u00e9s - PR\u00d3SPERI NEWS\" \/>\n<meta property=\"og:description\" content=\"Garoto faz dois gols na vit\u00f3ria contra Figueirense, assume artilharia do campeonato com nove e sustenta lideran\u00e7a do [&hellip;]\" \/>\n<meta property=\"og:url\" content=\"https:\/\/blogdoprosperi.com\/?p=14263\" \/>\n<meta property=\"og:site_name\" content=\"PR\u00d3SPERI NEWS\" \/>\n<meta property=\"article:publisher\" content=\"Luiz Pr\u00f3speri\" \/>\n<meta property=\"article:author\" content=\"Luiz Pr\u00f3speri\" \/>\n<meta property=\"article:published_time\" content=\"2016-07-01T01:06:35+00:00\" \/>\n<meta property=\"article:modified_time\" content=\"2016-07-01T01:08:25+00:00\" \/>\n<meta property=\"og:image\" content=\"https:\/\/blogdoprosperi.com\/wp-content\/uploads\/2016\/07\/rib_7772.jpg\" \/>\n<meta name=\"author\" content=\"Luiz Ant\u00f4nio Pr\u00f3speri\" \/>\n<meta name=\"twitter:card\" content=\"summary_large_image\" \/>\n<meta name=\"twitter:creator\" content=\"@Luizprosperi\" \/>\n<meta name=\"twitter:site\" content=\"@Luizprosperi\" \/>\n<meta name=\"twitter:label1\" content=\"Escrito por\" \/>\n\t<meta name=\"twitter:data1\" content=\"Luiz Ant\u00f4nio Pr\u00f3speri\" \/>\n\t<meta name=\"twitter:label2\" content=\"Est. tempo de leitura\" \/>\n\t<meta name=\"twitter:data2\" content=\"5 minutos\" \/>\n<script type=\"application\/ld+json\" class=\"yoast-schema-graph\">{\"@context\":\"https:\\\/\\\/schema.org\",\"@graph\":[{\"@type\":\"Article\",\"@id\":\"https:\\\/\\\/blogdoprosperi.com\\\/?p=14263#article\",\"isPartOf\":{\"@id\":\"https:\\\/\\\/blogdoprosperi.com\\\/?p=14263\"},\"author\":{\"name\":\"Luiz Ant\u00f4nio Pr\u00f3speri\",\"@id\":\"https:\\\/\\\/blogdoprosperi.com\\\/#\\\/schema\\\/person\\\/38100755ce3601861ee4fab9b5aa78e9\"},\"headline\":\"Gabriel Jesus coloca Brasileir\u00e3o e Palmeiras aos seus p\u00e9s\",\"datePublished\":\"2016-07-01T01:06:35+00:00\",\"dateModified\":\"2016-07-01T01:08:25+00:00\",\"mainEntityOfPage\":{\"@id\":\"https:\\\/\\\/blogdoprosperi.com\\\/?p=14263\"},\"wordCount\":915,\"commentCount\":2,\"publisher\":{\"@id\":\"https:\\\/\\\/blogdoprosperi.com\\\/#\\\/schema\\\/person\\\/38100755ce3601861ee4fab9b5aa78e9\"},\"image\":{\"@id\":\"https:\\\/\\\/blogdoprosperi.com\\\/?p=14263#primaryimage\"},\"thumbnailUrl\":\"https:\\\/\\\/blogdoprosperi.com\\\/wp-content\\\/uploads\\\/2016\\\/07\\\/rib_7772.jpg\",\"keywords\":[\"Allianz Parque\",\"Brasileir\u00e3o-2016\",\"Cuca Palmeiras\",\"futebol\",\"Gabriel Jesus\",\"Mois\u00e9s\",\"Palmeiras Clube\",\"palmeiras x figueirense\"],\"articleSection\":[\"Campeonato Brasileiro\",\"futebol\"],\"inLanguage\":\"pt-BR\",\"potentialAction\":[{\"@type\":\"CommentAction\",\"name\":\"Comment\",\"target\":[\"https:\\\/\\\/blogdoprosperi.com\\\/?p=14263#respond\"]}]},{\"@type\":\"WebPage\",\"@id\":\"https:\\\/\\\/blogdoprosperi.com\\\/?p=14263\",\"url\":\"https:\\\/\\\/blogdoprosperi.com\\\/?p=14263\",\"name\":\"Gabriel Jesus coloca Brasileir\u00e3o e Palmeiras aos seus p\u00e9s - PR\u00d3SPERI NEWS\",\"isPartOf\":{\"@id\":\"https:\\\/\\\/blogdoprosperi.com\\\/#website\"},\"primaryImageOfPage\":{\"@id\":\"https:\\\/\\\/blogdoprosperi.com\\\/?p=14263#primaryimage\"},\"image\":{\"@id\":\"https:\\\/\\\/blogdoprosperi.com\\\/?p=14263#primaryimage\"},\"thumbnailUrl\":\"https:\\\/\\\/blogdoprosperi.com\\\/wp-content\\\/uploads\\\/2016\\\/07\\\/rib_7772.jpg\",\"datePublished\":\"2016-07-01T01:06:35+00:00\",\"dateModified\":\"2016-07-01T01:08:25+00:00\",\"breadcrumb\":{\"@id\":\"https:\\\/\\\/blogdoprosperi.com\\\/?p=14263#breadcrumb\"},\"inLanguage\":\"pt-BR\",\"potentialAction\":[{\"@type\":\"ReadAction\",\"target\":[\"https:\\\/\\\/blogdoprosperi.com\\\/?p=14263\"]}]},{\"@type\":\"ImageObject\",\"inLanguage\":\"pt-BR\",\"@id\":\"https:\\\/\\\/blogdoprosperi.com\\\/?p=14263#primaryimage\",\"url\":\"https:\\\/\\\/i0.wp.com\\\/blogdoprosperi.com\\\/wp-content\\\/uploads\\\/2016\\\/07\\\/rib_7772.jpg?fit=640%2C360&ssl=1\",\"contentUrl\":\"https:\\\/\\\/i0.wp.com\\\/blogdoprosperi.com\\\/wp-content\\\/uploads\\\/2016\\\/07\\\/rib_7772.jpg?fit=640%2C360&ssl=1\",\"width\":640,\"height\":360},{\"@type\":\"BreadcrumbList\",\"@id\":\"https:\\\/\\\/blogdoprosperi.com\\\/?p=14263#breadcrumb\",\"itemListElement\":[{\"@type\":\"ListItem\",\"position\":1,\"name\":\"In\u00edcio\",\"item\":\"https:\\\/\\\/blogdoprosperi.com\\\/\"},{\"@type\":\"ListItem\",\"position\":2,\"name\":\"Gabriel Jesus coloca Brasileir\u00e3o e Palmeiras aos seus p\u00e9s\"}]},{\"@type\":\"WebSite\",\"@id\":\"https:\\\/\\\/blogdoprosperi.com\\\/#website\",\"url\":\"https:\\\/\\\/blogdoprosperi.com\\\/\",\"name\":\"PR\u00d3SPERI NEWS\",\"description\":\"TUDO \u00c9  FUTEBOL\",\"publisher\":{\"@id\":\"https:\\\/\\\/blogdoprosperi.com\\\/#\\\/schema\\\/person\\\/38100755ce3601861ee4fab9b5aa78e9\"},\"alternateName\":\"blogdoprosperi.com\",\"potentialAction\":[{\"@type\":\"SearchAction\",\"target\":{\"@type\":\"EntryPoint\",\"urlTemplate\":\"https:\\\/\\\/blogdoprosperi.com\\\/?s={search_term_string}\"},\"query-input\":{\"@type\":\"PropertyValueSpecification\",\"valueRequired\":true,\"valueName\":\"search_term_string\"}}],\"inLanguage\":\"pt-BR\"},{\"@type\":[\"Person\",\"Organization\"],\"@id\":\"https:\\\/\\\/blogdoprosperi.com\\\/#\\\/schema\\\/person\\\/38100755ce3601861ee4fab9b5aa78e9\",\"name\":\"Luiz Ant\u00f4nio Pr\u00f3speri\",\"pronouns\":\"ele\",\"image\":{\"@type\":\"ImageObject\",\"inLanguage\":\"pt-BR\",\"@id\":\"https:\\\/\\\/i0.wp.com\\\/blogdoprosperi.com\\\/wp-content\\\/uploads\\\/2026\\\/05\\\/cropped-8059e613-6002-42fa-961e-8e275f575d71-2-5.jpg?fit=1360%2C931&ssl=1\",\"url\":\"https:\\\/\\\/i0.wp.com\\\/blogdoprosperi.com\\\/wp-content\\\/uploads\\\/2026\\\/05\\\/cropped-8059e613-6002-42fa-961e-8e275f575d71-2-5.jpg?fit=1360%2C931&ssl=1\",\"contentUrl\":\"https:\\\/\\\/i0.wp.com\\\/blogdoprosperi.com\\\/wp-content\\\/uploads\\\/2026\\\/05\\\/cropped-8059e613-6002-42fa-961e-8e275f575d71-2-5.jpg?fit=1360%2C931&ssl=1\",\"width\":1360,\"height\":931,\"caption\":\"Luiz Ant\u00f4nio Pr\u00f3speri\"},\"logo\":{\"@id\":\"https:\\\/\\\/i0.wp.com\\\/blogdoprosperi.com\\\/wp-content\\\/uploads\\\/2026\\\/05\\\/cropped-8059e613-6002-42fa-961e-8e275f575d71-2-5.jpg?fit=1360%2C931&ssl=1\"},\"description\":\"Jornalista com carreira dedicada ao esporte. Cobriu 9 Copas do Mundo in loco, 1990 na It\u00e1lia, 1994 nos EUA, 1998 na Fran\u00e7a, 2002 na Coreia do Sul e Jap\u00e3o, 2006 na Alemanha, 2010 na \u00c1frica do Sul, 2014 no Brasil, 2018 na R\u00fassia e 2022 no Qatar. Eurocopas, 1992 na Su\u00e9cia e 1996 na Inglaterra. Copa das Confedera\u00e7\u00f5es de 2005 na Alemanha e 2009 na \u00c1frica do Sul. Rep\u00f3rter e Editor, trabalhou no Jornal da Tarde e Estad\u00e3o, de 1984 a fevereiro de 2016. Colunista, blogueiro. E comentarista de futebol na R\u00e1dio Estad\u00e3o, de 2013 a fevereiro de 2016. Jornalista respons\u00e1vel do \\\"Pr\u00f3speri News\\\" (blogdoprosperi.com).\",\"sameAs\":[\"http:\\\/\\\/blogdoprosperi.com\",\"Luiz Pr\u00f3speri\",\"@luiz_prosperi\",\"https:\\\/\\\/x.com\\\/Luizprosperi\",\"@prosperinacopa\",\"luiz.prosperi@icloud.com\"],\"url\":\"https:\\\/\\\/blogdoprosperi.com\\\/?author=102107496\"}]}<\/script>\n<!-- \/ Yoast SEO plugin. -->","yoast_head_json":{"title":"Gabriel Jesus coloca Brasileir\u00e3o e Palmeiras aos seus p\u00e9s - PR\u00d3SPERI NEWS","robots":{"index":"index","follow":"follow","max-snippet":"max-snippet:-1","max-image-preview":"max-image-preview:large","max-video-preview":"max-video-preview:-1"},"canonical":"https:\/\/blogdoprosperi.com\/?p=14263","og_locale":"pt_BR","og_type":"article","og_title":"Gabriel Jesus coloca Brasileir\u00e3o e Palmeiras aos seus p\u00e9s - PR\u00d3SPERI NEWS","og_description":"Garoto faz dois gols na vit\u00f3ria contra Figueirense, assume artilharia do campeonato com nove e sustenta lideran\u00e7a do [&hellip;]","og_url":"https:\/\/blogdoprosperi.com\/?p=14263","og_site_name":"PR\u00d3SPERI NEWS","article_publisher":"Luiz Pr\u00f3speri","article_author":"Luiz Pr\u00f3speri","article_published_time":"2016-07-01T01:06:35+00:00","article_modified_time":"2016-07-01T01:08:25+00:00","og_image":[{"url":"https:\/\/blogdoprosperi.com\/wp-content\/uploads\/2016\/07\/rib_7772.jpg","type":"","width":"","height":""}],"author":"Luiz Ant\u00f4nio Pr\u00f3speri","twitter_card":"summary_large_image","twitter_creator":"@Luizprosperi","twitter_site":"@Luizprosperi","twitter_misc":{"Escrito por":"Luiz Ant\u00f4nio Pr\u00f3speri","Est. tempo de leitura":"5 minutos"},"schema":{"@context":"https:\/\/schema.org","@graph":[{"@type":"Article","@id":"https:\/\/blogdoprosperi.com\/?p=14263#article","isPartOf":{"@id":"https:\/\/blogdoprosperi.com\/?p=14263"},"author":{"name":"Luiz Ant\u00f4nio Pr\u00f3speri","@id":"https:\/\/blogdoprosperi.com\/#\/schema\/person\/38100755ce3601861ee4fab9b5aa78e9"},"headline":"Gabriel Jesus coloca Brasileir\u00e3o e Palmeiras aos seus p\u00e9s","datePublished":"2016-07-01T01:06:35+00:00","dateModified":"2016-07-01T01:08:25+00:00","mainEntityOfPage":{"@id":"https:\/\/blogdoprosperi.com\/?p=14263"},"wordCount":915,"commentCount":2,"publisher":{"@id":"https:\/\/blogdoprosperi.com\/#\/schema\/person\/38100755ce3601861ee4fab9b5aa78e9"},"image":{"@id":"https:\/\/blogdoprosperi.com\/?p=14263#primaryimage"},"thumbnailUrl":"https:\/\/blogdoprosperi.com\/wp-content\/uploads\/2016\/07\/rib_7772.jpg","keywords":["Allianz Parque","Brasileir\u00e3o-2016","Cuca Palmeiras","futebol","Gabriel Jesus","Mois\u00e9s","Palmeiras Clube","palmeiras x figueirense"],"articleSection":["Campeonato Brasileiro","futebol"],"inLanguage":"pt-BR","potentialAction":[{"@type":"CommentAction","name":"Comment","target":["https:\/\/blogdoprosperi.com\/?p=14263#respond"]}]},{"@type":"WebPage","@id":"https:\/\/blogdoprosperi.com\/?p=14263","url":"https:\/\/blogdoprosperi.com\/?p=14263","name":"Gabriel Jesus coloca Brasileir\u00e3o e Palmeiras aos seus p\u00e9s - PR\u00d3SPERI NEWS","isPartOf":{"@id":"https:\/\/blogdoprosperi.com\/#website"},"primaryImageOfPage":{"@id":"https:\/\/blogdoprosperi.com\/?p=14263#primaryimage"},"image":{"@id":"https:\/\/blogdoprosperi.com\/?p=14263#primaryimage"},"thumbnailUrl":"https:\/\/blogdoprosperi.com\/wp-content\/uploads\/2016\/07\/rib_7772.jpg","datePublished":"2016-07-01T01:06:35+00:00","dateModified":"2016-07-01T01:08:25+00:00","breadcrumb":{"@id":"https:\/\/blogdoprosperi.com\/?p=14263#breadcrumb"},"inLanguage":"pt-BR","potentialAction":[{"@type":"ReadAction","target":["https:\/\/blogdoprosperi.com\/?p=14263"]}]},{"@type":"ImageObject","inLanguage":"pt-BR","@id":"https:\/\/blogdoprosperi.com\/?p=14263#primaryimage","url":"https:\/\/i0.wp.com\/blogdoprosperi.com\/wp-content\/uploads\/2016\/07\/rib_7772.jpg?fit=640%2C360&ssl=1","contentUrl":"https:\/\/i0.wp.com\/blogdoprosperi.com\/wp-content\/uploads\/2016\/07\/rib_7772.jpg?fit=640%2C360&ssl=1","width":640,"height":360},{"@type":"BreadcrumbList","@id":"https:\/\/blogdoprosperi.com\/?p=14263#breadcrumb","itemListElement":[{"@type":"ListItem","position":1,"name":"In\u00edcio","item":"https:\/\/blogdoprosperi.com\/"},{"@type":"ListItem","position":2,"name":"Gabriel Jesus coloca Brasileir\u00e3o e Palmeiras aos seus p\u00e9s"}]},{"@type":"WebSite","@id":"https:\/\/blogdoprosperi.com\/#website","url":"https:\/\/blogdoprosperi.com\/","name":"PR\u00d3SPERI NEWS","description":"TUDO \u00c9  FUTEBOL","publisher":{"@id":"https:\/\/blogdoprosperi.com\/#\/schema\/person\/38100755ce3601861ee4fab9b5aa78e9"},"alternateName":"blogdoprosperi.com","potentialAction":[{"@type":"SearchAction","target":{"@type":"EntryPoint","urlTemplate":"https:\/\/blogdoprosperi.com\/?s={search_term_string}"},"query-input":{"@type":"PropertyValueSpecification","valueRequired":true,"valueName":"search_term_string"}}],"inLanguage":"pt-BR"},{"@type":["Person","Organization"],"@id":"https:\/\/blogdoprosperi.com\/#\/schema\/person\/38100755ce3601861ee4fab9b5aa78e9","name":"Luiz Ant\u00f4nio Pr\u00f3speri","pronouns":"ele","image":{"@type":"ImageObject","inLanguage":"pt-BR","@id":"https:\/\/i0.wp.com\/blogdoprosperi.com\/wp-content\/uploads\/2026\/05\/cropped-8059e613-6002-42fa-961e-8e275f575d71-2-5.jpg?fit=1360%2C931&ssl=1","url":"https:\/\/i0.wp.com\/blogdoprosperi.com\/wp-content\/uploads\/2026\/05\/cropped-8059e613-6002-42fa-961e-8e275f575d71-2-5.jpg?fit=1360%2C931&ssl=1","contentUrl":"https:\/\/i0.wp.com\/blogdoprosperi.com\/wp-content\/uploads\/2026\/05\/cropped-8059e613-6002-42fa-961e-8e275f575d71-2-5.jpg?fit=1360%2C931&ssl=1","width":1360,"height":931,"caption":"Luiz Ant\u00f4nio Pr\u00f3speri"},"logo":{"@id":"https:\/\/i0.wp.com\/blogdoprosperi.com\/wp-content\/uploads\/2026\/05\/cropped-8059e613-6002-42fa-961e-8e275f575d71-2-5.jpg?fit=1360%2C931&ssl=1"},"description":"Jornalista com carreira dedicada ao esporte. Cobriu 9 Copas do Mundo in loco, 1990 na It\u00e1lia, 1994 nos EUA, 1998 na Fran\u00e7a, 2002 na Coreia do Sul e Jap\u00e3o, 2006 na Alemanha, 2010 na \u00c1frica do Sul, 2014 no Brasil, 2018 na R\u00fassia e 2022 no Qatar. Eurocopas, 1992 na Su\u00e9cia e 1996 na Inglaterra. Copa das Confedera\u00e7\u00f5es de 2005 na Alemanha e 2009 na \u00c1frica do Sul. Rep\u00f3rter e Editor, trabalhou no Jornal da Tarde e Estad\u00e3o, de 1984 a fevereiro de 2016. Colunista, blogueiro. E comentarista de futebol na R\u00e1dio Estad\u00e3o, de 2013 a fevereiro de 2016. Jornalista respons\u00e1vel do \"Pr\u00f3speri News\" (blogdoprosperi.com).","sameAs":["http:\/\/blogdoprosperi.com","Luiz Pr\u00f3speri","@luiz_prosperi","https:\/\/x.com\/Luizprosperi","@prosperinacopa","luiz.prosperi@icloud.com"],"url":"https:\/\/blogdoprosperi.com\/?author=102107496"}]}},"jetpack_publicize_connections":[],"jetpack_likes_enabled":false,"jetpack_sharing_enabled":true,"jetpack_shortlink":"https:\/\/wp.me\/p7jvdk-3I3","jetpack-related-posts":[{"id":28817,"url":"https:\/\/blogdoprosperi.com\/?p=28817","url_meta":{"origin":14263,"position":0},"title":"Palmeiras abre quatro pontos na lideran\u00e7a e Flamengo reclama de suposto favorecimento da arbitragem ao time paulista","author":"Luiz Ant\u00f4nio Pr\u00f3speri","date":"16 de outubro de 2016","format":false,"excerpt":"Palmeiras estava pressionado ao abrir a rodada deste domingo. Distante apenas um ponto do vice-l\u00edder Flamengo, ainda no epicentro do furac\u00e3o da pol\u00eamica da arbitragem, a ponto de o presidente Paulo Nobre afirmar que \"ningu\u00e9m vai ganhar o Brasileir\u00e3o na m\u00e3o grande\", o time de Cuca venceu o Figueirense por\u2026","rel":"","context":"Em &quot;Campeonato Brasileiro&quot;","block_context":{"text":"Campeonato Brasileiro","link":"https:\/\/blogdoprosperi.com\/?cat=355071"},"img":{"alt_text":"","src":"https:\/\/i0.wp.com\/blogdoprosperi.com\/wp-content\/uploads\/2016\/10\/5380885.jpeg?resize=350%2C200&ssl=1","width":350,"height":200,"srcset":"https:\/\/i0.wp.com\/blogdoprosperi.com\/wp-content\/uploads\/2016\/10\/5380885.jpeg?resize=350%2C200&ssl=1 1x, https:\/\/i0.wp.com\/blogdoprosperi.com\/wp-content\/uploads\/2016\/10\/5380885.jpeg?resize=525%2C300&ssl=1 1.5x"},"classes":[]},{"id":12237,"url":"https:\/\/blogdoprosperi.com\/?p=12237","url_meta":{"origin":14263,"position":1},"title":"Gabriel Jesus leva Palmeiras a vencer o Am\u00e9rica-MG e encanta emiss\u00e1rio do Barcelona","author":"Luiz Ant\u00f4nio Pr\u00f3speri","date":"22 de junho de 2016","format":false,"excerpt":"Barcelona e Palmeiras n\u00e3o escondem mais a negocia\u00e7\u00e3o de Gabriel Jesus. O clube espanhol quer o craque do Palmeiras a qualquer pre\u00e7o. N\u00e3o por acaso Raul Sanlleh\u00ed, homem das compras do Bar\u00e7a, se deixou mostrar nos camarotes do Allianz Parque nesta noite de ter\u00e7a-feira (21\/6) durante o jogo em que\u2026","rel":"","context":"Em &quot;Campeonato Brasileiro&quot;","block_context":{"text":"Campeonato Brasileiro","link":"https:\/\/blogdoprosperi.com\/?cat=355071"},"img":{"alt_text":"","src":"https:\/\/i0.wp.com\/blogdoprosperi.com\/wp-content\/uploads\/2016\/06\/roger-guedes-domina-a-bola-durante-a-partida-entre-palmeiras-e-america-mg-1466560880372_615x300-1.jpg?resize=350%2C200&ssl=1","width":350,"height":200,"srcset":"https:\/\/i0.wp.com\/blogdoprosperi.com\/wp-content\/uploads\/2016\/06\/roger-guedes-domina-a-bola-durante-a-partida-entre-palmeiras-e-america-mg-1466560880372_615x300-1.jpg?resize=350%2C200&ssl=1 1x, https:\/\/i0.wp.com\/blogdoprosperi.com\/wp-content\/uploads\/2016\/06\/roger-guedes-domina-a-bola-durante-a-partida-entre-palmeiras-e-america-mg-1466560880372_615x300-1.jpg?resize=525%2C300&ssl=1 1.5x"},"classes":[]},{"id":7320,"url":"https:\/\/blogdoprosperi.com\/?p=7320","url_meta":{"origin":14263,"position":2},"title":"Palmeiras mostra for\u00e7a do banco e retoma caminho da vit\u00f3ria","author":"Luiz Ant\u00f4nio Pr\u00f3speri","date":"26 de maio de 2016","format":false,"excerpt":"Cuca pensou no Palmeiras com tr\u00eas atacantes r\u00e1pidos contra o Fluminense. Imaginou que o advers\u00e1rio, por ter camisa de peso, sairia mais em busca do ataque. A leitura do treinador se mostrou equivocada. Levir Culpi armou o time carioca na retranca e complicou o trio ofensivo palmeirense. Quando Cuca voltou\u2026","rel":"","context":"Em &quot;Campeonato Brasileiro&quot;","block_context":{"text":"Campeonato Brasileiro","link":"https:\/\/blogdoprosperi.com\/?cat=355071"},"img":{"alt_text":"","src":"https:\/\/i0.wp.com\/blogdoprosperi.com\/wp-content\/uploads\/2016\/05\/palmeiras-2x0-fluminense-brasileiro-2016.jpg?resize=350%2C200&ssl=1","width":350,"height":200,"srcset":"https:\/\/i0.wp.com\/blogdoprosperi.com\/wp-content\/uploads\/2016\/05\/palmeiras-2x0-fluminense-brasileiro-2016.jpg?resize=350%2C200&ssl=1 1x, https:\/\/i0.wp.com\/blogdoprosperi.com\/wp-content\/uploads\/2016\/05\/palmeiras-2x0-fluminense-brasileiro-2016.jpg?resize=525%2C300&ssl=1 1.5x"},"classes":[]},{"id":24502,"url":"https:\/\/blogdoprosperi.com\/?p=24502","url_meta":{"origin":14263,"position":3},"title":"Brasileir\u00e3o-2016: veja 7 an\u00e1lises dos jogos da 24\u00aa rodada","author":"Luiz Ant\u00f4nio Pr\u00f3speri","date":"12 de setembro de 2016","format":false,"excerpt":"12 de setembro de 2016 - 12h50 -\u00a0Veja an\u00e1lises e proje\u00e7\u00f5es de temas da 24.\u00aa rodada do Campeonato Brasileiro que deixa o Palmeiras a um ponto de frente do Flamengo. E ainda um relat\u00f3rio da CBF sobre bola rolando at\u00e9 a 22.\u00aa rodada. 1. Palmeiras entra na semana de decis\u00f5es\u2026","rel":"","context":"Em &quot;Campeonato Brasileiro&quot;","block_context":{"text":"Campeonato Brasileiro","link":"https:\/\/blogdoprosperi.com\/?cat=355071"},"img":{"alt_text":"","src":"https:\/\/i0.wp.com\/blogdoprosperi.com\/wp-content\/uploads\/2016\/09\/rib_7534.jpg?resize=350%2C200","width":350,"height":200},"classes":[]},{"id":14790,"url":"https:\/\/blogdoprosperi.com\/?p=14790","url_meta":{"origin":14263,"position":4},"title":"Palmeiras amplia vantagem na lideran\u00e7a e sofre baixas importantes","author":"Luiz Ant\u00f4nio Pr\u00f3speri","date":"5 de julho de 2016","format":false,"excerpt":"Palmeiras tinha um enorme desafio na Ilha do Retiro neste novo hor\u00e1rio do futebol brasileiro. Havia a obriga\u00e7\u00e3o de vencer fora de casa, mesmo diante de um advers\u00e1rio forte em seus dom\u00ednios, e n\u00e3o sofrer muitas baixas para o cl\u00e1ssico contra o Santos. Volta do Recife com tr\u00eas pontos ao\u2026","rel":"","context":"Em &quot;Campeonato Brasileiro&quot;","block_context":{"text":"Campeonato Brasileiro","link":"https:\/\/blogdoprosperi.com\/?cat=355071"},"img":{"alt_text":"","src":"https:\/\/i0.wp.com\/blogdoprosperi.com\/wp-content\/uploads\/2016\/07\/622_24dee19e-6754-3edd-b3dc-ca2f72639aa5-2.jpg?resize=350%2C200&ssl=1","width":350,"height":200,"srcset":"https:\/\/i0.wp.com\/blogdoprosperi.com\/wp-content\/uploads\/2016\/07\/622_24dee19e-6754-3edd-b3dc-ca2f72639aa5-2.jpg?resize=350%2C200&ssl=1 1x, https:\/\/i0.wp.com\/blogdoprosperi.com\/wp-content\/uploads\/2016\/07\/622_24dee19e-6754-3edd-b3dc-ca2f72639aa5-2.jpg?resize=525%2C300&ssl=1 1.5x"},"classes":[]},{"id":27981,"url":"https:\/\/blogdoprosperi.com\/?p=27981","url_meta":{"origin":14263,"position":5},"title":"Palmeiras n\u00e3o desengata marcha rumo ao t\u00edtulo do Brasileir\u00e3o","author":"Luiz Ant\u00f4nio Pr\u00f3speri","date":"9 de outubro de 2016","format":false,"excerpt":"Palmeiras n\u00e3o desengata a marcha nem desacelera na estrada que o conduz at\u00e9 o t\u00edtulo do Brasileiro. Sem brilho, com excesso de seguran\u00e7a e cauteloso ao extremo, se imp\u00f4s contra o virtualmente rebaixado Am\u00e9rica-MG. Venceu por 2 a 0 em Londrina, mas pode dizer Allianz Parque, com maioria absoluta de\u2026","rel":"","context":"Em &quot;Campeonato Brasileiro&quot;","block_context":{"text":"Campeonato Brasileiro","link":"https:\/\/blogdoprosperi.com\/?cat=355071"},"img":{"alt_text":"","src":"https:\/\/i0.wp.com\/blogdoprosperi.com\/wp-content\/uploads\/2016\/10\/622_a70bacc3-5105-3d6f-826f-694be30b5ff7.jpg?resize=350%2C200&ssl=1","width":350,"height":200,"srcset":"https:\/\/i0.wp.com\/blogdoprosperi.com\/wp-content\/uploads\/2016\/10\/622_a70bacc3-5105-3d6f-826f-694be30b5ff7.jpg?resize=350%2C200&ssl=1 1x, https:\/\/i0.wp.com\/blogdoprosperi.com\/wp-content\/uploads\/2016\/10\/622_a70bacc3-5105-3d6f-826f-694be30b5ff7.jpg?resize=525%2C300&ssl=1 1.5x"},"classes":[]}],"jetpack_featured_media_url":"","_links":{"self":[{"href":"https:\/\/blogdoprosperi.com\/index.php?rest_route=\/wp\/v2\/posts\/14263","targetHints":{"allow":["GET"]}}],"collection":[{"href":"https:\/\/blogdoprosperi.com\/index.php?rest_route=\/wp\/v2\/posts"}],"about":[{"href":"https:\/\/blogdoprosperi.com\/index.php?rest_route=\/wp\/v2\/types\/post"}],"author":[{"embeddable":true,"href":"https:\/\/blogdoprosperi.com\/index.php?rest_route=\/wp\/v2\/users\/102107496"}],"replies":[{"embeddable":true,"href":"https:\/\/blogdoprosperi.com\/index.php?rest_route=%2Fwp%2Fv2%2Fcomments&post=14263"}],"version-history":[{"count":25,"href":"https:\/\/blogdoprosperi.com\/index.php?rest_route=\/wp\/v2\/posts\/14263\/revisions"}],"predecessor-version":[{"id":14394,"href":"https:\/\/blogdoprosperi.com\/index.php?rest_route=\/wp\/v2\/posts\/14263\/revisions\/14394"}],"wp:attachment":[{"href":"https:\/\/blogdoprosperi.com\/index.php?rest_route=%2Fwp%2Fv2%2Fmedia&parent=14263"}],"wp:term":[{"taxonomy":"category","embeddable":true,"href":"https:\/\/blogdoprosperi.com\/index.php?rest_route=%2Fwp%2Fv2%2Fcategories&post=14263"},{"taxonomy":"post_tag","embeddable":true,"href":"https:\/\/blogdoprosperi.com\/index.php?rest_route=%2Fwp%2Fv2%2Ftags&post=14263"}],"curies":[{"name":"wp","href":"https:\/\/api.w.org\/{rel}","templated":true}]}}