{"id":14395,"date":"2016-07-01T16:00:56","date_gmt":"2016-07-01T16:00:56","guid":{"rendered":"http:\/\/blogdoprosperi.com\/?p=14395"},"modified":"2016-07-01T16:00:56","modified_gmt":"2016-07-01T16:00:56","slug":"ganso-esta-de-saida-do-sao-paulo","status":"publish","type":"post","link":"https:\/\/blogdoprosperi.com\/?p=14395","title":{"rendered":"Ganso est\u00e1 de sa\u00edda do S\u00e3o Paulo"},"content":{"rendered":"<p><span class=\"alignnone\"><img data-recalc-dims=\"1\" loading=\"lazy\" decoding=\"async\" data-attachment-id=\"14438\" data-permalink=\"https:\/\/blogdoprosperi.com\/?attachment_id=14438\" data-orig-file=\"https:\/\/i0.wp.com\/blogdoprosperi.com\/wp-content\/uploads\/2016\/07\/paulo-henrique-ganso-sao-paulo_fu37lj8mlk3z1b6a4rpaenc0e.jpg?fit=798%2C449&amp;ssl=1\" data-orig-size=\"798,449\" data-comments-opened=\"1\" data-image-meta=\"{&quot;aperture&quot;:&quot;0&quot;,&quot;credit&quot;:&quot;&quot;,&quot;camera&quot;:&quot;&quot;,&quot;caption&quot;:&quot;&quot;,&quot;created_timestamp&quot;:&quot;0&quot;,&quot;copyright&quot;:&quot;&quot;,&quot;focal_length&quot;:&quot;0&quot;,&quot;iso&quot;:&quot;0&quot;,&quot;shutter_speed&quot;:&quot;0&quot;,&quot;title&quot;:&quot;&quot;,&quot;orientation&quot;:&quot;0&quot;}\" data-image-title=\"paulo-henrique-ganso-sao-paulo_fu37lj8mlk3z1b6a4rpaenc0e\" data-image-description=\"\" data-image-caption=\"\" data-large-file=\"https:\/\/i0.wp.com\/blogdoprosperi.com\/wp-content\/uploads\/2016\/07\/paulo-henrique-ganso-sao-paulo_fu37lj8mlk3z1b6a4rpaenc0e.jpg?fit=798%2C449&amp;ssl=1\" class=\"alignnone size-full wp-image-14438\" src=\"https:\/\/i0.wp.com\/blogdoprosperi.com\/wp-content\/uploads\/2016\/07\/paulo-henrique-ganso-sao-paulo_fu37lj8mlk3z1b6a4rpaenc0e.jpg?resize=798%2C449&#038;ssl=1\" alt=\"paulo-henrique-ganso-sao-paulo_fu37lj8mlk3z1b6a4rpaenc0e\" width=\"798\" height=\"449\" \/><\/span><\/p>\n<p><a href=\"http:\/\/blogdoprosperi.com\/2016\/06\/30\/sao-paulo-vence-fluminense-e-vive-drama-com-lesao-de-ganso\/\">Paulo Henrique Ganso<\/a> n\u00e3o quer renovar seu contrato com o <a href=\"http:\/\/blogdoprosperi.com\/2016\/06\/24\/sao-paulo-sente-falta-de-calleri-no-empate-com-sport\/\">S\u00e3o Paulo<\/a>. Seu desejo \u00e9 jogar no Sevilla, ponto de partida para um salto maior no futebol europeu. Pesa a favor de sua sa\u00edda, nesta janela de transfer\u00eancia, a les\u00e3o na coxa direita que o afastou das semifinais da <a href=\"http:\/\/blogdoprosperi.com\/2016\/06\/19\/sao-paulo-tem-mais-um-prejuizo-com-o-argentino-calleri\/\">Copa Libertadores.<\/a> Sem poder ajudar o time nessa dura empreitada, Ganso avalia que chegou a hora de se mandar do Brasil em busca de mais lustro na sua carreira.<\/p>\n<p>Aos 26 anos, o meia entende que n\u00e3o pode esperar at\u00e9 de setembro de 2017, quando encerra seu contrato com o clube paulista, para jogar no futebol europeu.<\/p>\n<p><img data-recalc-dims=\"1\" loading=\"lazy\" decoding=\"async\" data-attachment-id=\"14437\" data-permalink=\"https:\/\/blogdoprosperi.com\/?attachment_id=14437\" data-orig-file=\"https:\/\/i0.wp.com\/blogdoprosperi.com\/wp-content\/uploads\/2016\/07\/leco-3.jpg?fit=800%2C515&amp;ssl=1\" data-orig-size=\"800,515\" data-comments-opened=\"1\" data-image-meta=\"{&quot;aperture&quot;:&quot;0&quot;,&quot;credit&quot;:&quot;&quot;,&quot;camera&quot;:&quot;&quot;,&quot;caption&quot;:&quot;&quot;,&quot;created_timestamp&quot;:&quot;0&quot;,&quot;copyright&quot;:&quot;&quot;,&quot;focal_length&quot;:&quot;0&quot;,&quot;iso&quot;:&quot;0&quot;,&quot;shutter_speed&quot;:&quot;0&quot;,&quot;title&quot;:&quot;&quot;,&quot;orientation&quot;:&quot;0&quot;}\" data-image-title=\"leco-3\" data-image-description=\"\" data-image-caption=\"\" data-large-file=\"https:\/\/i0.wp.com\/blogdoprosperi.com\/wp-content\/uploads\/2016\/07\/leco-3.jpg?fit=800%2C515&amp;ssl=1\" class=\"  wp-image-14437 alignleft\" src=\"https:\/\/i0.wp.com\/blogdoprosperi.com\/wp-content\/uploads\/2016\/07\/leco-3.jpg?resize=356%2C229&#038;ssl=1\" alt=\"leco-3\" width=\"356\" height=\"229\" \/>O S\u00e3o Paulo n\u00e3o gostaria de liberar seu principal jogador antes de se definir a situa\u00e7\u00e3o do time na Libertadores. Na mesa do presidente Leco (<em>foto ao lado<\/em>) ainda est\u00e1 a proposta de 8 milh\u00f5es de euros (R$ 28,9 milh\u00f5es ) do Sevilla, rejeitada pelo dirigente.<\/p>\n<p>&nbsp;<\/p>\n<p>Mesmo assim, o <a href=\"http:\/\/blogdoprosperi.com\/2016\/05\/18\/sevilla-pulveriza-o-liverpool-e-ingleses-se-derretem-em-lagrimas\/\">Sevilla<\/a> n\u00e3o desistiu. Precisa repor jogadores importantes que j\u00e1 sa\u00edram, como meia argentino Banega negociado com a Inter de Mil\u00e3o, e os que est\u00e3o prontos para ir embora como o volante polon\u00eas Krychowiak &#8211; cobi\u00e7ado pelo PSG, disposto a aumentar a proposta de 25 para 35 milh\u00f5es de euros.<\/p>\n<p>Agentes indicados pelo Sevilla para negociar com o S\u00e3o Paulo avaliam que o clube paulista est\u00e1 numa sinuca. Aceita agora os R$ 28,9 milh\u00f5es ou vai perder o jogador de gra\u00e7a, em mar\u00e7o de 2017, quando vai ficar livre para assinar com qualquer clube que desejar.<\/p>\n<figure id=\"attachment_14439\" aria-describedby=\"caption-attachment-14439\" style=\"width: 620px\" class=\"wp-caption alignnone\"><img data-recalc-dims=\"1\" loading=\"lazy\" decoding=\"async\" data-attachment-id=\"14439\" data-permalink=\"https:\/\/blogdoprosperi.com\/?attachment_id=14439\" data-orig-file=\"https:\/\/i0.wp.com\/blogdoprosperi.com\/wp-content\/uploads\/2016\/07\/3500.jpg?fit=620%2C372&amp;ssl=1\" data-orig-size=\"620,372\" data-comments-opened=\"1\" data-image-meta=\"{&quot;aperture&quot;:&quot;0&quot;,&quot;credit&quot;:&quot;&quot;,&quot;camera&quot;:&quot;&quot;,&quot;caption&quot;:&quot;&quot;,&quot;created_timestamp&quot;:&quot;0&quot;,&quot;copyright&quot;:&quot;&quot;,&quot;focal_length&quot;:&quot;0&quot;,&quot;iso&quot;:&quot;0&quot;,&quot;shutter_speed&quot;:&quot;0&quot;,&quot;title&quot;:&quot;&quot;,&quot;orientation&quot;:&quot;0&quot;}\" data-image-title=\"3500\" data-image-description=\"\" data-image-caption=\"\" data-large-file=\"https:\/\/i0.wp.com\/blogdoprosperi.com\/wp-content\/uploads\/2016\/07\/3500.jpg?fit=620%2C372&amp;ssl=1\" class=\"alignnone size-full wp-image-14439\" src=\"https:\/\/i0.wp.com\/blogdoprosperi.com\/wp-content\/uploads\/2016\/07\/3500.jpg?resize=620%2C372&#038;ssl=1\" alt=\"3500\" width=\"620\" height=\"372\" \/><figcaption id=\"caption-attachment-14439\" class=\"wp-caption-text\">Jogadores do Sevilla celebram conquista da Uefa League de 2016<\/figcaption><\/figure>\n<p>Pesa ainda contra o S\u00e3o Paulo o investimento feito no peruano Cueva e no zagueiro Maicon, deixando a renova\u00e7\u00e3o com Ganso em segundo plano.<\/p>\n<p>O jogador avalia tamb\u00e9m que, se n\u00e3o for agora para a Europa, dificilmente ter\u00e1 outra chance de se colocar na vitrine dos grandes clubes do mundo.<\/p>\n<p>Tricampe\u00e3o da Uefa League, o Sevilla vai disputar a Champions League nesta temporada 2016\/2017. Com a sa\u00edda do t\u00e9cnico Unai Emery &#8211; assinou com o PSG -, o clube espanhol contratou o argentino Jorge Sampaoli, ex-treinador da Sele\u00e7\u00e3o Chilena.<\/p>\n<p>Sampaoli conhece muito bem o futebol de Paulo Henrique Ganso e, segundo a imprensa espanhola, quer o meia do S\u00e3o Paulo no seu time.<\/p>\n<p><span class=\"alignnone\"><img data-recalc-dims=\"1\" loading=\"lazy\" decoding=\"async\" data-attachment-id=\"14436\" data-permalink=\"https:\/\/blogdoprosperi.com\/?attachment_id=14436\" data-orig-file=\"https:\/\/i0.wp.com\/blogdoprosperi.com\/wp-content\/uploads\/2016\/07\/1ae1.jpeg?fit=700%2C421&amp;ssl=1\" data-orig-size=\"700,421\" data-comments-opened=\"1\" data-image-meta=\"{&quot;aperture&quot;:&quot;0&quot;,&quot;credit&quot;:&quot;&quot;,&quot;camera&quot;:&quot;&quot;,&quot;caption&quot;:&quot;&quot;,&quot;created_timestamp&quot;:&quot;0&quot;,&quot;copyright&quot;:&quot;&quot;,&quot;focal_length&quot;:&quot;0&quot;,&quot;iso&quot;:&quot;0&quot;,&quot;shutter_speed&quot;:&quot;0&quot;,&quot;title&quot;:&quot;&quot;,&quot;orientation&quot;:&quot;0&quot;}\" data-image-title=\"1ae1\" data-image-description=\"\" data-image-caption=\"\" data-large-file=\"https:\/\/i0.wp.com\/blogdoprosperi.com\/wp-content\/uploads\/2016\/07\/1ae1.jpeg?fit=700%2C421&amp;ssl=1\" class=\"alignnone size-full wp-image-14436\" src=\"https:\/\/i0.wp.com\/blogdoprosperi.com\/wp-content\/uploads\/2016\/07\/1ae1.jpeg?resize=700%2C421&#038;ssl=1\" alt=\"1ae1\" width=\"700\" height=\"421\" \/><\/span><\/p>\n<p>Todos esses fatores favorecerem a sa\u00edda de Ganso. A quest\u00e3o maior \u00e9 a negoc\u00eda\u00e7\u00e3o com todas as partes envolvidas. O S\u00e3o Paulo tem 32% dos direitos econ\u00f4micos do jogador. O Grupo DIS det\u00e9m 68%. E a multa rescis\u00f3ria \u00e9 de 25 milh\u00f5es de euros (R$ 103 milh\u00f5es).<\/p>\n<p>Da Espanha, o Sevilla garante que n\u00e3o vai pagar a multa de 25 milh\u00f5es de euros, mas banca 8 milh\u00f5es e at\u00e9 um pouco mais para ter Ganso em suas fileiras j\u00e1 em agosto ou n\u00e3o pagar nada e esperar at\u00e9 mar\u00e7o do ano que vem.<\/p>\n","protected":false},"excerpt":{"rendered":"<p>Paulo Henrique Ganso n\u00e3o quer renovar seu contrato com o S\u00e3o Paulo. Seu desejo \u00e9 jogar no Sevilla, [&hellip;]<\/p>\n","protected":false},"author":102107496,"featured_media":0,"comment_status":"open","ping_status":"open","sticky":false,"template":"","format":"standard","meta":{"_coblocks_attr":"","_coblocks_dimensions":"","_coblocks_responsive_height":"","_coblocks_accordion_ie_support":"","_jetpack_newsletter_access":"","_jetpack_dont_email_post_to_subs":false,"_jetpack_newsletter_tier_id":0,"_jetpack_memberships_contains_paywalled_content":false,"_wpcom_ai_launchpad_first_post":false,"_jetpack_feature_clip_id":0,"_jetpack_memberships_contains_paid_content":false,"footnotes":"","jetpack_publicize_message":"","jetpack_publicize_feature_enabled":true,"jetpack_social_post_already_shared":false,"jetpack_social_options":{"image_generator_settings":{"template":"highway","default_image_id":0,"font":"","enabled":false},"version":2},"jetpack_post_was_ever_published":false},"categories":[53870],"tags":[754167,789560560,12290446,363536904,656613,18046339,972018,512090349],"class_list":["post-14395","post","type-post","status-publish","format-standard","hentry","category-futebol","tag-cueva","tag-futebol","tag-jorge-sampaoli","tag-libertadores-2016","tag-maicon","tag-paulo-henrique-ganso","tag-sao-paulo-fc","tag-sevilla-clube"],"yoast_head":"<!-- This site is optimized with the Yoast SEO plugin v28.3 - https:\/\/yoast.com\/product\/yoast-seo-wordpress\/ -->\n<title>Ganso est\u00e1 de sa\u00edda do S\u00e3o Paulo - PR\u00d3SPERI NEWS<\/title>\n<meta name=\"robots\" content=\"index, follow, max-snippet:-1, max-image-preview:large, max-video-preview:-1\" \/>\n<link rel=\"canonical\" href=\"https:\/\/blogdoprosperi.com\/?p=14395\" \/>\n<meta property=\"og:locale\" content=\"pt_BR\" \/>\n<meta property=\"og:type\" content=\"article\" \/>\n<meta property=\"og:title\" content=\"Ganso est\u00e1 de sa\u00edda do S\u00e3o Paulo - PR\u00d3SPERI NEWS\" \/>\n<meta property=\"og:description\" content=\"Paulo Henrique Ganso n\u00e3o quer renovar seu contrato com o S\u00e3o Paulo. Seu desejo \u00e9 jogar no Sevilla, [&hellip;]\" \/>\n<meta property=\"og:url\" content=\"https:\/\/blogdoprosperi.com\/?p=14395\" \/>\n<meta property=\"og:site_name\" content=\"PR\u00d3SPERI NEWS\" \/>\n<meta property=\"article:publisher\" content=\"Luiz Pr\u00f3speri\" \/>\n<meta property=\"article:author\" content=\"Luiz Pr\u00f3speri\" \/>\n<meta property=\"article:published_time\" content=\"2016-07-01T16:00:56+00:00\" \/>\n<meta property=\"og:image\" content=\"https:\/\/blogdoprosperi.com\/wp-content\/uploads\/2016\/07\/paulo-henrique-ganso-sao-paulo_fu37lj8mlk3z1b6a4rpaenc0e.jpg\" \/>\n<meta name=\"author\" content=\"Luiz Ant\u00f4nio Pr\u00f3speri\" \/>\n<meta name=\"twitter:card\" content=\"summary_large_image\" \/>\n<meta name=\"twitter:creator\" content=\"@Luizprosperi\" \/>\n<meta name=\"twitter:site\" content=\"@Luizprosperi\" \/>\n<meta name=\"twitter:label1\" content=\"Escrito por\" \/>\n\t<meta name=\"twitter:data1\" content=\"Luiz Ant\u00f4nio Pr\u00f3speri\" \/>\n\t<meta name=\"twitter:label2\" content=\"Est. tempo de leitura\" \/>\n\t<meta name=\"twitter:data2\" content=\"3 minutos\" \/>\n<script type=\"application\/ld+json\" class=\"yoast-schema-graph\">{\"@context\":\"https:\\\/\\\/schema.org\",\"@graph\":[{\"@type\":\"Article\",\"@id\":\"https:\\\/\\\/blogdoprosperi.com\\\/?p=14395#article\",\"isPartOf\":{\"@id\":\"https:\\\/\\\/blogdoprosperi.com\\\/?p=14395\"},\"author\":{\"name\":\"Luiz Ant\u00f4nio Pr\u00f3speri\",\"@id\":\"https:\\\/\\\/blogdoprosperi.com\\\/#\\\/schema\\\/person\\\/38100755ce3601861ee4fab9b5aa78e9\"},\"headline\":\"Ganso est\u00e1 de sa\u00edda do S\u00e3o Paulo\",\"datePublished\":\"2016-07-01T16:00:56+00:00\",\"mainEntityOfPage\":{\"@id\":\"https:\\\/\\\/blogdoprosperi.com\\\/?p=14395\"},\"wordCount\":509,\"commentCount\":15,\"publisher\":{\"@id\":\"https:\\\/\\\/blogdoprosperi.com\\\/#\\\/schema\\\/person\\\/38100755ce3601861ee4fab9b5aa78e9\"},\"image\":{\"@id\":\"https:\\\/\\\/blogdoprosperi.com\\\/?p=14395#primaryimage\"},\"thumbnailUrl\":\"https:\\\/\\\/blogdoprosperi.com\\\/wp-content\\\/uploads\\\/2016\\\/07\\\/paulo-henrique-ganso-sao-paulo_fu37lj8mlk3z1b6a4rpaenc0e.jpg\",\"keywords\":[\"Cueva\",\"futebol\",\"Jorge Sampaoli\",\"libertadores 2016\",\"Maicon\",\"paulo Henrique ganso\",\"S\u00e3o Paulo FC\",\"Sevilla clube\"],\"articleSection\":[\"futebol\"],\"inLanguage\":\"pt-BR\",\"potentialAction\":[{\"@type\":\"CommentAction\",\"name\":\"Comment\",\"target\":[\"https:\\\/\\\/blogdoprosperi.com\\\/?p=14395#respond\"]}]},{\"@type\":\"WebPage\",\"@id\":\"https:\\\/\\\/blogdoprosperi.com\\\/?p=14395\",\"url\":\"https:\\\/\\\/blogdoprosperi.com\\\/?p=14395\",\"name\":\"Ganso est\u00e1 de sa\u00edda do S\u00e3o Paulo - PR\u00d3SPERI NEWS\",\"isPartOf\":{\"@id\":\"https:\\\/\\\/blogdoprosperi.com\\\/#website\"},\"primaryImageOfPage\":{\"@id\":\"https:\\\/\\\/blogdoprosperi.com\\\/?p=14395#primaryimage\"},\"image\":{\"@id\":\"https:\\\/\\\/blogdoprosperi.com\\\/?p=14395#primaryimage\"},\"thumbnailUrl\":\"https:\\\/\\\/blogdoprosperi.com\\\/wp-content\\\/uploads\\\/2016\\\/07\\\/paulo-henrique-ganso-sao-paulo_fu37lj8mlk3z1b6a4rpaenc0e.jpg\",\"datePublished\":\"2016-07-01T16:00:56+00:00\",\"breadcrumb\":{\"@id\":\"https:\\\/\\\/blogdoprosperi.com\\\/?p=14395#breadcrumb\"},\"inLanguage\":\"pt-BR\",\"potentialAction\":[{\"@type\":\"ReadAction\",\"target\":[\"https:\\\/\\\/blogdoprosperi.com\\\/?p=14395\"]}]},{\"@type\":\"ImageObject\",\"inLanguage\":\"pt-BR\",\"@id\":\"https:\\\/\\\/blogdoprosperi.com\\\/?p=14395#primaryimage\",\"url\":\"https:\\\/\\\/i0.wp.com\\\/blogdoprosperi.com\\\/wp-content\\\/uploads\\\/2016\\\/07\\\/paulo-henrique-ganso-sao-paulo_fu37lj8mlk3z1b6a4rpaenc0e.jpg?fit=798%2C449&ssl=1\",\"contentUrl\":\"https:\\\/\\\/i0.wp.com\\\/blogdoprosperi.com\\\/wp-content\\\/uploads\\\/2016\\\/07\\\/paulo-henrique-ganso-sao-paulo_fu37lj8mlk3z1b6a4rpaenc0e.jpg?fit=798%2C449&ssl=1\",\"width\":798,\"height\":449},{\"@type\":\"BreadcrumbList\",\"@id\":\"https:\\\/\\\/blogdoprosperi.com\\\/?p=14395#breadcrumb\",\"itemListElement\":[{\"@type\":\"ListItem\",\"position\":1,\"name\":\"In\u00edcio\",\"item\":\"https:\\\/\\\/blogdoprosperi.com\\\/\"},{\"@type\":\"ListItem\",\"position\":2,\"name\":\"Ganso est\u00e1 de sa\u00edda do S\u00e3o Paulo\"}]},{\"@type\":\"WebSite\",\"@id\":\"https:\\\/\\\/blogdoprosperi.com\\\/#website\",\"url\":\"https:\\\/\\\/blogdoprosperi.com\\\/\",\"name\":\"PR\u00d3SPERI NEWS\",\"description\":\"TUDO \u00c9  FUTEBOL\",\"publisher\":{\"@id\":\"https:\\\/\\\/blogdoprosperi.com\\\/#\\\/schema\\\/person\\\/38100755ce3601861ee4fab9b5aa78e9\"},\"alternateName\":\"blogdoprosperi.com\",\"potentialAction\":[{\"@type\":\"SearchAction\",\"target\":{\"@type\":\"EntryPoint\",\"urlTemplate\":\"https:\\\/\\\/blogdoprosperi.com\\\/?s={search_term_string}\"},\"query-input\":{\"@type\":\"PropertyValueSpecification\",\"valueRequired\":true,\"valueName\":\"search_term_string\"}}],\"inLanguage\":\"pt-BR\"},{\"@type\":[\"Person\",\"Organization\"],\"@id\":\"https:\\\/\\\/blogdoprosperi.com\\\/#\\\/schema\\\/person\\\/38100755ce3601861ee4fab9b5aa78e9\",\"name\":\"Luiz Ant\u00f4nio Pr\u00f3speri\",\"pronouns\":\"ele\",\"image\":{\"@type\":\"ImageObject\",\"inLanguage\":\"pt-BR\",\"@id\":\"https:\\\/\\\/i0.wp.com\\\/blogdoprosperi.com\\\/wp-content\\\/uploads\\\/2026\\\/05\\\/cropped-8059e613-6002-42fa-961e-8e275f575d71-2-5.jpg?fit=1360%2C931&ssl=1\",\"url\":\"https:\\\/\\\/i0.wp.com\\\/blogdoprosperi.com\\\/wp-content\\\/uploads\\\/2026\\\/05\\\/cropped-8059e613-6002-42fa-961e-8e275f575d71-2-5.jpg?fit=1360%2C931&ssl=1\",\"contentUrl\":\"https:\\\/\\\/i0.wp.com\\\/blogdoprosperi.com\\\/wp-content\\\/uploads\\\/2026\\\/05\\\/cropped-8059e613-6002-42fa-961e-8e275f575d71-2-5.jpg?fit=1360%2C931&ssl=1\",\"width\":1360,\"height\":931,\"caption\":\"Luiz Ant\u00f4nio Pr\u00f3speri\"},\"logo\":{\"@id\":\"https:\\\/\\\/i0.wp.com\\\/blogdoprosperi.com\\\/wp-content\\\/uploads\\\/2026\\\/05\\\/cropped-8059e613-6002-42fa-961e-8e275f575d71-2-5.jpg?fit=1360%2C931&ssl=1\"},\"description\":\"Jornalista com carreira dedicada ao esporte. Cobriu 9 Copas do Mundo in loco, 1990 na It\u00e1lia, 1994 nos EUA, 1998 na Fran\u00e7a, 2002 na Coreia do Sul e Jap\u00e3o, 2006 na Alemanha, 2010 na \u00c1frica do Sul, 2014 no Brasil, 2018 na R\u00fassia e 2022 no Qatar. Eurocopas, 1992 na Su\u00e9cia e 1996 na Inglaterra. Copa das Confedera\u00e7\u00f5es de 2005 na Alemanha e 2009 na \u00c1frica do Sul. Rep\u00f3rter e Editor, trabalhou no Jornal da Tarde e Estad\u00e3o, de 1984 a fevereiro de 2016. Colunista, blogueiro. E comentarista de futebol na R\u00e1dio Estad\u00e3o, de 2013 a fevereiro de 2016. Jornalista respons\u00e1vel do \\\"Pr\u00f3speri News\\\" (blogdoprosperi.com).\",\"sameAs\":[\"http:\\\/\\\/blogdoprosperi.com\",\"Luiz Pr\u00f3speri\",\"@luiz_prosperi\",\"https:\\\/\\\/x.com\\\/Luizprosperi\",\"@prosperinacopa\",\"luiz.prosperi@icloud.com\"],\"url\":\"https:\\\/\\\/blogdoprosperi.com\\\/?author=102107496\"}]}<\/script>\n<!-- \/ Yoast SEO plugin. -->","yoast_head_json":{"title":"Ganso est\u00e1 de sa\u00edda do S\u00e3o Paulo - PR\u00d3SPERI NEWS","robots":{"index":"index","follow":"follow","max-snippet":"max-snippet:-1","max-image-preview":"max-image-preview:large","max-video-preview":"max-video-preview:-1"},"canonical":"https:\/\/blogdoprosperi.com\/?p=14395","og_locale":"pt_BR","og_type":"article","og_title":"Ganso est\u00e1 de sa\u00edda do S\u00e3o Paulo - PR\u00d3SPERI NEWS","og_description":"Paulo Henrique Ganso n\u00e3o quer renovar seu contrato com o S\u00e3o Paulo. Seu desejo \u00e9 jogar no Sevilla, [&hellip;]","og_url":"https:\/\/blogdoprosperi.com\/?p=14395","og_site_name":"PR\u00d3SPERI NEWS","article_publisher":"Luiz Pr\u00f3speri","article_author":"Luiz Pr\u00f3speri","article_published_time":"2016-07-01T16:00:56+00:00","og_image":[{"url":"https:\/\/blogdoprosperi.com\/wp-content\/uploads\/2016\/07\/paulo-henrique-ganso-sao-paulo_fu37lj8mlk3z1b6a4rpaenc0e.jpg","type":"","width":"","height":""}],"author":"Luiz Ant\u00f4nio Pr\u00f3speri","twitter_card":"summary_large_image","twitter_creator":"@Luizprosperi","twitter_site":"@Luizprosperi","twitter_misc":{"Escrito por":"Luiz Ant\u00f4nio Pr\u00f3speri","Est. tempo de leitura":"3 minutos"},"schema":{"@context":"https:\/\/schema.org","@graph":[{"@type":"Article","@id":"https:\/\/blogdoprosperi.com\/?p=14395#article","isPartOf":{"@id":"https:\/\/blogdoprosperi.com\/?p=14395"},"author":{"name":"Luiz Ant\u00f4nio Pr\u00f3speri","@id":"https:\/\/blogdoprosperi.com\/#\/schema\/person\/38100755ce3601861ee4fab9b5aa78e9"},"headline":"Ganso est\u00e1 de sa\u00edda do S\u00e3o Paulo","datePublished":"2016-07-01T16:00:56+00:00","mainEntityOfPage":{"@id":"https:\/\/blogdoprosperi.com\/?p=14395"},"wordCount":509,"commentCount":15,"publisher":{"@id":"https:\/\/blogdoprosperi.com\/#\/schema\/person\/38100755ce3601861ee4fab9b5aa78e9"},"image":{"@id":"https:\/\/blogdoprosperi.com\/?p=14395#primaryimage"},"thumbnailUrl":"https:\/\/blogdoprosperi.com\/wp-content\/uploads\/2016\/07\/paulo-henrique-ganso-sao-paulo_fu37lj8mlk3z1b6a4rpaenc0e.jpg","keywords":["Cueva","futebol","Jorge Sampaoli","libertadores 2016","Maicon","paulo Henrique ganso","S\u00e3o Paulo FC","Sevilla clube"],"articleSection":["futebol"],"inLanguage":"pt-BR","potentialAction":[{"@type":"CommentAction","name":"Comment","target":["https:\/\/blogdoprosperi.com\/?p=14395#respond"]}]},{"@type":"WebPage","@id":"https:\/\/blogdoprosperi.com\/?p=14395","url":"https:\/\/blogdoprosperi.com\/?p=14395","name":"Ganso est\u00e1 de sa\u00edda do S\u00e3o Paulo - PR\u00d3SPERI NEWS","isPartOf":{"@id":"https:\/\/blogdoprosperi.com\/#website"},"primaryImageOfPage":{"@id":"https:\/\/blogdoprosperi.com\/?p=14395#primaryimage"},"image":{"@id":"https:\/\/blogdoprosperi.com\/?p=14395#primaryimage"},"thumbnailUrl":"https:\/\/blogdoprosperi.com\/wp-content\/uploads\/2016\/07\/paulo-henrique-ganso-sao-paulo_fu37lj8mlk3z1b6a4rpaenc0e.jpg","datePublished":"2016-07-01T16:00:56+00:00","breadcrumb":{"@id":"https:\/\/blogdoprosperi.com\/?p=14395#breadcrumb"},"inLanguage":"pt-BR","potentialAction":[{"@type":"ReadAction","target":["https:\/\/blogdoprosperi.com\/?p=14395"]}]},{"@type":"ImageObject","inLanguage":"pt-BR","@id":"https:\/\/blogdoprosperi.com\/?p=14395#primaryimage","url":"https:\/\/i0.wp.com\/blogdoprosperi.com\/wp-content\/uploads\/2016\/07\/paulo-henrique-ganso-sao-paulo_fu37lj8mlk3z1b6a4rpaenc0e.jpg?fit=798%2C449&ssl=1","contentUrl":"https:\/\/i0.wp.com\/blogdoprosperi.com\/wp-content\/uploads\/2016\/07\/paulo-henrique-ganso-sao-paulo_fu37lj8mlk3z1b6a4rpaenc0e.jpg?fit=798%2C449&ssl=1","width":798,"height":449},{"@type":"BreadcrumbList","@id":"https:\/\/blogdoprosperi.com\/?p=14395#breadcrumb","itemListElement":[{"@type":"ListItem","position":1,"name":"In\u00edcio","item":"https:\/\/blogdoprosperi.com\/"},{"@type":"ListItem","position":2,"name":"Ganso est\u00e1 de sa\u00edda do S\u00e3o Paulo"}]},{"@type":"WebSite","@id":"https:\/\/blogdoprosperi.com\/#website","url":"https:\/\/blogdoprosperi.com\/","name":"PR\u00d3SPERI NEWS","description":"TUDO \u00c9  FUTEBOL","publisher":{"@id":"https:\/\/blogdoprosperi.com\/#\/schema\/person\/38100755ce3601861ee4fab9b5aa78e9"},"alternateName":"blogdoprosperi.com","potentialAction":[{"@type":"SearchAction","target":{"@type":"EntryPoint","urlTemplate":"https:\/\/blogdoprosperi.com\/?s={search_term_string}"},"query-input":{"@type":"PropertyValueSpecification","valueRequired":true,"valueName":"search_term_string"}}],"inLanguage":"pt-BR"},{"@type":["Person","Organization"],"@id":"https:\/\/blogdoprosperi.com\/#\/schema\/person\/38100755ce3601861ee4fab9b5aa78e9","name":"Luiz Ant\u00f4nio Pr\u00f3speri","pronouns":"ele","image":{"@type":"ImageObject","inLanguage":"pt-BR","@id":"https:\/\/i0.wp.com\/blogdoprosperi.com\/wp-content\/uploads\/2026\/05\/cropped-8059e613-6002-42fa-961e-8e275f575d71-2-5.jpg?fit=1360%2C931&ssl=1","url":"https:\/\/i0.wp.com\/blogdoprosperi.com\/wp-content\/uploads\/2026\/05\/cropped-8059e613-6002-42fa-961e-8e275f575d71-2-5.jpg?fit=1360%2C931&ssl=1","contentUrl":"https:\/\/i0.wp.com\/blogdoprosperi.com\/wp-content\/uploads\/2026\/05\/cropped-8059e613-6002-42fa-961e-8e275f575d71-2-5.jpg?fit=1360%2C931&ssl=1","width":1360,"height":931,"caption":"Luiz Ant\u00f4nio Pr\u00f3speri"},"logo":{"@id":"https:\/\/i0.wp.com\/blogdoprosperi.com\/wp-content\/uploads\/2026\/05\/cropped-8059e613-6002-42fa-961e-8e275f575d71-2-5.jpg?fit=1360%2C931&ssl=1"},"description":"Jornalista com carreira dedicada ao esporte. Cobriu 9 Copas do Mundo in loco, 1990 na It\u00e1lia, 1994 nos EUA, 1998 na Fran\u00e7a, 2002 na Coreia do Sul e Jap\u00e3o, 2006 na Alemanha, 2010 na \u00c1frica do Sul, 2014 no Brasil, 2018 na R\u00fassia e 2022 no Qatar. Eurocopas, 1992 na Su\u00e9cia e 1996 na Inglaterra. Copa das Confedera\u00e7\u00f5es de 2005 na Alemanha e 2009 na \u00c1frica do Sul. Rep\u00f3rter e Editor, trabalhou no Jornal da Tarde e Estad\u00e3o, de 1984 a fevereiro de 2016. Colunista, blogueiro. E comentarista de futebol na R\u00e1dio Estad\u00e3o, de 2013 a fevereiro de 2016. Jornalista respons\u00e1vel do \"Pr\u00f3speri News\" (blogdoprosperi.com).","sameAs":["http:\/\/blogdoprosperi.com","Luiz Pr\u00f3speri","@luiz_prosperi","https:\/\/x.com\/Luizprosperi","@prosperinacopa","luiz.prosperi@icloud.com"],"url":"https:\/\/blogdoprosperi.com\/?author=102107496"}]}},"jetpack_publicize_connections":[],"jetpack_likes_enabled":false,"jetpack_sharing_enabled":true,"jetpack_shortlink":"https:\/\/wp.me\/p7jvdk-3Kb","jetpack-related-posts":[{"id":15872,"url":"https:\/\/blogdoprosperi.com\/?p=15872","url_meta":{"origin":14395,"position":0},"title":"Ganso \u00e9 do Sevilla, admite presidente do S\u00e3o Paulo","author":"Luiz Ant\u00f4nio Pr\u00f3speri","date":"12 de julho de 2016","format":false,"excerpt":"Paulo Henrique Ganso \u00e9 jogador do Sevilla por 9,5 milh\u00f5es de euros (R$ 34,6 milh\u00f5es). O S\u00e3o Paulo levar\u00e1 5 milh\u00f5es de euros (R$ 18,4 milh\u00f5es) e o grupo DIS deve ter direito a 4 milh\u00f5es de euros (R$ 14,6%) e 20% de uma eventual venda futura. A divis\u00e3o leva\u2026","rel":"","context":"Em &quot;futebol&quot;","block_context":{"text":"futebol","link":"https:\/\/blogdoprosperi.com\/?cat=53870"},"img":{"alt_text":"","src":"https:\/\/i0.wp.com\/blogdoprosperi.com\/wp-content\/uploads\/2016\/07\/8-20.jpg?resize=350%2C200","width":350,"height":200},"classes":[]},{"id":15343,"url":"https:\/\/blogdoprosperi.com\/?p=15343","url_meta":{"origin":14395,"position":1},"title":"S\u00e3o Paulo pode perder Ganso, Rodrigo Caio, Calleri e Bauza","author":"Luiz Ant\u00f4nio Pr\u00f3speri","date":"7 de julho de 2016","format":false,"excerpt":"S\u00e3o Paulo vive um momento delicado ap\u00f3s a derrota ao Atl\u00e9tico Nacional nesta quarta-feira (06\/7). A pr\u00f3ximas semana ser\u00e1 decisiva ao futuro do clube paulista na temporada com a quase inevit\u00e1vel queda nas semifinais da Copa Libertadores. Pode ter perdas consider\u00e1veis. Paulo Henrique Ganso e Rodrigo Caio est\u00e3o de sa\u00edda.\u2026","rel":"","context":"Em &quot;futebol&quot;","block_context":{"text":"futebol","link":"https:\/\/blogdoprosperi.com\/?cat=53870"},"img":{"alt_text":"","src":"https:\/\/i0.wp.com\/blogdoprosperi.com\/wp-content\/uploads\/2016\/07\/85adb960-0246-11e6-8a5c-a362efbf840e_20160401111809396_3.jpg?resize=350%2C200&ssl=1","width":350,"height":200,"srcset":"https:\/\/i0.wp.com\/blogdoprosperi.com\/wp-content\/uploads\/2016\/07\/85adb960-0246-11e6-8a5c-a362efbf840e_20160401111809396_3.jpg?resize=350%2C200&ssl=1 1x, https:\/\/i0.wp.com\/blogdoprosperi.com\/wp-content\/uploads\/2016\/07\/85adb960-0246-11e6-8a5c-a362efbf840e_20160401111809396_3.jpg?resize=525%2C300&ssl=1 1.5x"},"classes":[]},{"id":16339,"url":"https:\/\/blogdoprosperi.com\/?p=16339","url_meta":{"origin":14395,"position":2},"title":"Ganso deixa S\u00e3o Paulo em busca de novo patamar no futebol europeu","author":"Luiz Ant\u00f4nio Pr\u00f3speri","date":"16 de julho de 2016","format":false,"excerpt":"Paulo Henrique Ganso, aos 26 anos, vai jogar no futebol da Espanha","rel":"","context":"Em &quot;futebol&quot;","block_context":{"text":"futebol","link":"https:\/\/blogdoprosperi.com\/?cat=53870"},"img":{"alt_text":"","src":"https:\/\/i0.wp.com\/blogdoprosperi.com\/wp-content\/uploads\/2016\/07\/neymar-and-ganso-490889.jpg?resize=350%2C200","width":350,"height":200,"srcset":"https:\/\/i0.wp.com\/blogdoprosperi.com\/wp-content\/uploads\/2016\/07\/neymar-and-ganso-490889.jpg?resize=350%2C200 1x, https:\/\/i0.wp.com\/blogdoprosperi.com\/wp-content\/uploads\/2016\/07\/neymar-and-ganso-490889.jpg?resize=525%2C300 1.5x"},"classes":[]},{"id":34527,"url":"https:\/\/blogdoprosperi.com\/?p=34527","url_meta":{"origin":14395,"position":3},"title":"PH Ganso sofre no futebol espanhol","author":"Luiz Ant\u00f4nio Pr\u00f3speri","date":"6 de janeiro de 2017","format":false,"excerpt":"Paulo Henrique Ganso deixou o S\u00e3o Paulo negociado ao Sevilla por 10 milh\u00f5es de euros, em junho de 2016. Convenceu dirigentes do clube paulista do seu desejo de jogar no futebol europeu. Carregou com a sua transfer\u00eancia o sonho de se destacar no time de Jorge Sampaoli e dali pular\u2026","rel":"","context":"Em &quot;futebol&quot;","block_context":{"text":"futebol","link":"https:\/\/blogdoprosperi.com\/?cat=53870"},"img":{"alt_text":"","src":"https:\/\/i0.wp.com\/blogdoprosperi.com\/wp-content\/uploads\/2017\/01\/paulo-henrique-ganso-na-partida-do-sevilla-contra-o-alaves-pelo-campeonato-espanhol-1475346191264_956x500.jpg?resize=350%2C200&ssl=1","width":350,"height":200,"srcset":"https:\/\/i0.wp.com\/blogdoprosperi.com\/wp-content\/uploads\/2017\/01\/paulo-henrique-ganso-na-partida-do-sevilla-contra-o-alaves-pelo-campeonato-espanhol-1475346191264_956x500.jpg?resize=350%2C200&ssl=1 1x, https:\/\/i0.wp.com\/blogdoprosperi.com\/wp-content\/uploads\/2017\/01\/paulo-henrique-ganso-na-partida-do-sevilla-contra-o-alaves-pelo-campeonato-espanhol-1475346191264_956x500.jpg?resize=525%2C300&ssl=1 1.5x, https:\/\/i0.wp.com\/blogdoprosperi.com\/wp-content\/uploads\/2017\/01\/paulo-henrique-ganso-na-partida-do-sevilla-contra-o-alaves-pelo-campeonato-espanhol-1475346191264_956x500.jpg?resize=700%2C400&ssl=1 2x"},"classes":[]},{"id":14964,"url":"https:\/\/blogdoprosperi.com\/?p=14964","url_meta":{"origin":14395,"position":4},"title":"Presidente do S\u00e3o Paulo confirma que Ganso quer jogar no Sevilla","author":"Luiz Ant\u00f4nio Pr\u00f3speri","date":"6 de julho de 2016","format":false,"excerpt":"Presidente do S\u00e3o Paulo confirma nesta ter\u00e7a-feira (05\/7) o interesse de Paulo Henrique Ganso em jogar no Sevilla. Carlos Augusto Barros e Silva, o Leco, disse, em entrevista ao site globoesporte, que o jogador quer mesmo trocar o clube paulista pelo espanhol nesta janela de transfer\u00eancia do futebol europeu. Veja\u2026","rel":"","context":"Em &quot;futebol&quot;","block_context":{"text":"futebol","link":"https:\/\/blogdoprosperi.com\/?cat=53870"},"img":{"alt_text":"","src":"https:\/\/i0.wp.com\/blogdoprosperi.com\/wp-content\/uploads\/2016\/07\/00806262.jpg?resize=350%2C200&ssl=1","width":350,"height":200,"srcset":"https:\/\/i0.wp.com\/blogdoprosperi.com\/wp-content\/uploads\/2016\/07\/00806262.jpg?resize=350%2C200&ssl=1 1x, https:\/\/i0.wp.com\/blogdoprosperi.com\/wp-content\/uploads\/2016\/07\/00806262.jpg?resize=525%2C300&ssl=1 1.5x, https:\/\/i0.wp.com\/blogdoprosperi.com\/wp-content\/uploads\/2016\/07\/00806262.jpg?resize=700%2C400&ssl=1 2x, https:\/\/i0.wp.com\/blogdoprosperi.com\/wp-content\/uploads\/2016\/07\/00806262.jpg?resize=1050%2C600&ssl=1 3x, https:\/\/i0.wp.com\/blogdoprosperi.com\/wp-content\/uploads\/2016\/07\/00806262.jpg?resize=1400%2C800&ssl=1 4x"},"classes":[]},{"id":33034,"url":"https:\/\/blogdoprosperi.com\/?p=33034","url_meta":{"origin":14395,"position":5},"title":"Sevilla quer Lucas Pratto e pode envolver Ganso na transa\u00e7\u00e3o","author":"Luiz Ant\u00f4nio Pr\u00f3speri","date":"25 de novembro de 2016","format":false,"excerpt":"Jorge Sampaoli, t\u00e9cnico do Sevilla, pediu ao presidente do clube a contrata\u00e7\u00e3o de Lucas Pratto. Treinador argentino quer o atacante na janela de transfer\u00eancia em janeiro. E deu ind\u00edcios que pode liberar Paulo Henrique Ganso, segundo noticia a imprensa de Madri nesta sexta-feira (25\/11). O meia seria envolvido em uma\u2026","rel":"","context":"Em &quot;futebol&quot;","block_context":{"text":"futebol","link":"https:\/\/blogdoprosperi.com\/?cat=53870"},"img":{"alt_text":"","src":"https:\/\/i0.wp.com\/blogdoprosperi.com\/wp-content\/uploads\/2016\/11\/pratto.jpg?resize=350%2C200&ssl=1","width":350,"height":200,"srcset":"https:\/\/i0.wp.com\/blogdoprosperi.com\/wp-content\/uploads\/2016\/11\/pratto.jpg?resize=350%2C200&ssl=1 1x, https:\/\/i0.wp.com\/blogdoprosperi.com\/wp-content\/uploads\/2016\/11\/pratto.jpg?resize=525%2C300&ssl=1 1.5x, https:\/\/i0.wp.com\/blogdoprosperi.com\/wp-content\/uploads\/2016\/11\/pratto.jpg?resize=700%2C400&ssl=1 2x, https:\/\/i0.wp.com\/blogdoprosperi.com\/wp-content\/uploads\/2016\/11\/pratto.jpg?resize=1050%2C600&ssl=1 3x, https:\/\/i0.wp.com\/blogdoprosperi.com\/wp-content\/uploads\/2016\/11\/pratto.jpg?resize=1400%2C800&ssl=1 4x"},"classes":[]}],"jetpack_featured_media_url":"","_links":{"self":[{"href":"https:\/\/blogdoprosperi.com\/index.php?rest_route=\/wp\/v2\/posts\/14395","targetHints":{"allow":["GET"]}}],"collection":[{"href":"https:\/\/blogdoprosperi.com\/index.php?rest_route=\/wp\/v2\/posts"}],"about":[{"href":"https:\/\/blogdoprosperi.com\/index.php?rest_route=\/wp\/v2\/types\/post"}],"author":[{"embeddable":true,"href":"https:\/\/blogdoprosperi.com\/index.php?rest_route=\/wp\/v2\/users\/102107496"}],"replies":[{"embeddable":true,"href":"https:\/\/blogdoprosperi.com\/index.php?rest_route=%2Fwp%2Fv2%2Fcomments&post=14395"}],"version-history":[{"count":25,"href":"https:\/\/blogdoprosperi.com\/index.php?rest_route=\/wp\/v2\/posts\/14395\/revisions"}],"predecessor-version":[{"id":14456,"href":"https:\/\/blogdoprosperi.com\/index.php?rest_route=\/wp\/v2\/posts\/14395\/revisions\/14456"}],"wp:attachment":[{"href":"https:\/\/blogdoprosperi.com\/index.php?rest_route=%2Fwp%2Fv2%2Fmedia&parent=14395"}],"wp:term":[{"taxonomy":"category","embeddable":true,"href":"https:\/\/blogdoprosperi.com\/index.php?rest_route=%2Fwp%2Fv2%2Fcategories&post=14395"},{"taxonomy":"post_tag","embeddable":true,"href":"https:\/\/blogdoprosperi.com\/index.php?rest_route=%2Fwp%2Fv2%2Ftags&post=14395"}],"curies":[{"name":"wp","href":"https:\/\/api.w.org\/{rel}","templated":true}]}}