{"id":1452,"date":"2016-04-16T15:14:50","date_gmt":"2016-04-16T15:14:50","guid":{"rendered":"https:\/\/blogdoprosperi.com\/?p=1452"},"modified":"2016-04-16T17:23:19","modified_gmt":"2016-04-16T17:23:19","slug":"gavioes-da-fiel-nao-se-intimida","status":"publish","type":"post","link":"https:\/\/blogdoprosperi.com\/?p=1452","title":{"rendered":"Gavi\u00f5es da Fiel n\u00e3o se intimida"},"content":{"rendered":"<figure id=\"attachment_1501\" aria-describedby=\"caption-attachment-1501\" style=\"width: 620px\" class=\"wp-caption alignnone\"><img data-recalc-dims=\"1\" loading=\"lazy\" decoding=\"async\" data-attachment-id=\"1501\" data-permalink=\"https:\/\/blogdoprosperi.com\/?attachment_id=1501\" data-orig-file=\"https:\/\/i0.wp.com\/blogdoprosperi.com\/wp-content\/uploads\/2016\/04\/gavioes-02.jpg?fit=620%2C465&amp;ssl=1\" data-orig-size=\"620,465\" data-comments-opened=\"1\" data-image-meta=\"{&quot;aperture&quot;:&quot;0&quot;,&quot;credit&quot;:&quot;&quot;,&quot;camera&quot;:&quot;&quot;,&quot;caption&quot;:&quot;&quot;,&quot;created_timestamp&quot;:&quot;0&quot;,&quot;copyright&quot;:&quot;&quot;,&quot;focal_length&quot;:&quot;0&quot;,&quot;iso&quot;:&quot;0&quot;,&quot;shutter_speed&quot;:&quot;0&quot;,&quot;title&quot;:&quot;&quot;,&quot;orientation&quot;:&quot;0&quot;}\" data-image-title=\"gavioes-02\" data-image-description=\"\" data-image-caption=\"\" data-large-file=\"https:\/\/i0.wp.com\/blogdoprosperi.com\/wp-content\/uploads\/2016\/04\/gavioes-02.jpg?fit=620%2C465&amp;ssl=1\" class=\"alignnone size-full wp-image-1501\" src=\"https:\/\/i0.wp.com\/blogdoprosperi.com\/wp-content\/uploads\/2016\/04\/gavioes-02.jpg?resize=620%2C465&#038;ssl=1\" alt=\"gavioes-02\" width=\"620\" height=\"465\" \/><figcaption id=\"caption-attachment-1501\" class=\"wp-caption-text\">Protesto da Gavi\u00f5es da Fiel no Anhangaba\u00fa<\/figcaption><\/figure>\n<p>A Gavi\u00f5es da Fiel, torcida organizada do Corinthians, protestou nesta sexta-feira contra a Secretaria de Seguran\u00e7a P\u00fablica de S\u00e3o Paulo (SSPSP), CBF, o deputado Fernando Capez, TV Globo e Federa\u00e7\u00e3o Paulista (FPF). Cerca de 2 mil pessoas participaram da manifesta\u00e7\u00e3o no in\u00edcio da noite no Vale Anhangaba\u00fa. A torcida promete mais protestos neste s\u00e1bado durante o jogo Corinthians x Red Bull Brasil, valendo vaga \u00e0 semifinal do Paulist\u00e3o.<\/p>\n<p>A manifesta\u00e7\u00e3o, que havia sido convocada h\u00e1 uma semana, serviu como uma resposta da fac\u00e7\u00e3o \u00e0 Opera\u00e7\u00e3o Cart\u00e3o Vermelho, deflagrada pela Pol\u00edcia Civil de S\u00e3o Paulo nas primeiras horas desta sexta-feira, 15\/4, com a\u00e7\u00f5es nas sedes das principais torcidas organizadas do Corinthians, Palmeiras e S\u00e3o Paulo na regi\u00e3o metropolitana da capital e ainda em Guarulhos, Campinas e Santos.<\/p>\n<p>Nesta opera\u00e7\u00e3o, foram presas 26 pessoas &#8211; sete em regime tempor\u00e1rio e 19 de car\u00e1ter \u00a0preventivo. O Departamento de Homic\u00eddios e Prote\u00e7\u00e3o \u00e0 Pessoa (DHPP), segundo informa a <em>Folha de S. Paulo<\/em>, realizou a maior opera\u00e7\u00e3o j\u00e1 realizada pela pol\u00edcia contra as fac\u00e7\u00f5es organizadas que militam no estado.<\/p>\n<p>De acordo com publica\u00e7\u00f5es em sites e jornais, a Opera\u00e7\u00e3o Cart\u00e3o Vermelho tem como objetivo acabar com a viol\u00eancia no futebol paulista. Nos bastidores, a expectativa da Secretaria de Seguran\u00e7a \u00e9 extinguir as fac\u00e7\u00f5es se elas n\u00e3o mudarem de comportamento.<\/p>\n<p>N\u00e3o por acaso, o secret\u00e1rio Alexandre de Moraes, chefe da SSPSP, comandou a Cart\u00e3o Vermelho no in\u00edcio da manh\u00e3 desta sexta-feira. Ele esteve na sede da Gavi\u00f5es da Fiel e exibiu algumas facas que foram apreendidas no local.<\/p>\n<p>A resposta dos torcedores da Gavi\u00f5es foi dura na manifesta\u00e7\u00e3o no Vale do Anhangaba\u00fa. Chico Malfitani, um dos fundadores da torcida, subiu ao palanque e bateu forte nos que, segundo ele, perseguem a fac\u00e7\u00e3o.<\/p>\n<p>Veja o que ele disse:<\/p>\n<p>&#8220;Pode mandar a Dilma tomar no c&#8230; no est\u00e1dios, mas n\u00e3o pode xingar o Capez (<em>Fernando Capez, deputado estadual do PSDB e presidente da Assembl\u00e9ia Legistava de SP<\/em>)?&#8221;<\/p>\n<p>&#8220;Aprenderam nossos caix\u00f5es de defunto na nossa sede em que a gente ia enterrar a CBF, a \u00a0Globo, Federa\u00e7\u00e3o Paulista, o Capez, ladr\u00e3o de merendas. N\u00e3o podemos protestar? \u00c9 a volta da ditadura?&#8221;<\/p>\n<p>&#8220;A Gavi\u00f5es foi fundada em 1969 para brigar contra a ditadura que tinha dentro do Corinthians e contra a ditadura que governava o Pa\u00eds. Parece que estamos voltando naqueles tempos&#8221;.<\/p>\n<p>&#8220;O secret\u00e1rio de seguran\u00e7a de S\u00e3o Paulo, Alexandre Moraes, foi l\u00e1 na nossa sede e aprendeu umas quatro facas que as nossas cozinheiras usam para fazer feijoada do s\u00e1bado e que a turma usa para cortar carne do churrasco. E disseram que eram armas. Que armas s\u00e3o essas?&#8221;<\/p>\n<p>A sede da Gaiv\u00f5es da Fiel, que havia sido lacrada por ordem da SSPSP, foi liberada por volta das 22h desta sexta-feira.<\/p>\n<p>De acordo com os discursos dos l\u00edderes da torcida na manifesta\u00e7\u00e3o no Anhangaba\u00fa , os protestos n\u00e3o v\u00e3o parar. Novas manifesta\u00e7\u00f5es estavam previstas no jogo do Corinthians contra o Red Bull neste s\u00e1bado, 16\/4.<\/p>\n<p>Nos \u00faltimos meses, confrontos entre torcedores de fac\u00e7\u00f5es organizadas se repetem antes, durante e depois dos jogos do futebol paulista. O saldo dessa batalha mostra mortes, feridos graves, destrui\u00e7\u00e3o do patrim\u00f4nio p\u00fablico, em especial unidades do metr\u00f4.<\/p>\n","protected":false},"excerpt":{"rendered":"<p>A Gavi\u00f5es da Fiel, torcida organizada do Corinthians, protestou nesta sexta-feira contra a Secretaria de Seguran\u00e7a P\u00fablica de [&hellip;]<\/p>\n","protected":false},"author":102107496,"featured_media":0,"comment_status":"open","ping_status":"open","sticky":false,"template":"","format":"standard","meta":{"_coblocks_attr":"","_coblocks_dimensions":"","_coblocks_responsive_height":"","_coblocks_accordion_ie_support":"","_jetpack_newsletter_access":"","_jetpack_dont_email_post_to_subs":false,"_jetpack_newsletter_tier_id":0,"_jetpack_memberships_contains_paywalled_content":false,"_wpcom_ai_launchpad_first_post":false,"_jetpack_feature_clip_id":0,"_jetpack_memberships_contains_paid_content":false,"footnotes":"","jetpack_publicize_message":"","jetpack_publicize_feature_enabled":true,"jetpack_social_post_already_shared":false,"jetpack_social_options":{"image_generator_settings":{"template":"highway","default_image_id":0,"font":"","enabled":false},"version":2},"jetpack_post_was_ever_published":false},"categories":[53870],"tags":[177066,2567736,789560560,2609006,1192827,4086102],"class_list":["post-1452","post","type-post","status-publish","format-standard","hentry","category-futebol","tag-corinthians","tag-fernando-capez","tag-futebol","tag-gavioes-da-fiel","tag-secretaria-de-seguranca-publica-sp","tag-torcida-organizada"],"yoast_head":"<!-- This site is optimized with the Yoast SEO plugin v28.3 - https:\/\/yoast.com\/product\/yoast-seo-wordpress\/ -->\n<title>Gavi\u00f5es da Fiel n\u00e3o se intimida - PR\u00d3SPERI NEWS<\/title>\n<meta name=\"robots\" content=\"index, follow, max-snippet:-1, max-image-preview:large, max-video-preview:-1\" \/>\n<link rel=\"canonical\" href=\"https:\/\/blogdoprosperi.com\/?p=1452\" \/>\n<meta property=\"og:locale\" content=\"pt_BR\" \/>\n<meta property=\"og:type\" content=\"article\" \/>\n<meta property=\"og:title\" content=\"Gavi\u00f5es da Fiel n\u00e3o se intimida - PR\u00d3SPERI NEWS\" \/>\n<meta property=\"og:description\" content=\"A Gavi\u00f5es da Fiel, torcida organizada do Corinthians, protestou nesta sexta-feira contra a Secretaria de Seguran\u00e7a P\u00fablica de [&hellip;]\" \/>\n<meta property=\"og:url\" content=\"https:\/\/blogdoprosperi.com\/?p=1452\" \/>\n<meta property=\"og:site_name\" content=\"PR\u00d3SPERI NEWS\" \/>\n<meta property=\"article:publisher\" content=\"Luiz Pr\u00f3speri\" \/>\n<meta property=\"article:author\" content=\"Luiz Pr\u00f3speri\" \/>\n<meta property=\"article:published_time\" content=\"2016-04-16T15:14:50+00:00\" \/>\n<meta property=\"article:modified_time\" content=\"2016-04-16T17:23:19+00:00\" \/>\n<meta property=\"og:image\" content=\"https:\/\/blogdoprosperi.com\/wp-content\/uploads\/2016\/04\/gavioes-02.jpg\" \/>\n<meta name=\"author\" content=\"Luiz Ant\u00f4nio Pr\u00f3speri\" \/>\n<meta name=\"twitter:card\" content=\"summary_large_image\" \/>\n<meta name=\"twitter:creator\" content=\"@Luizprosperi\" \/>\n<meta name=\"twitter:site\" content=\"@Luizprosperi\" \/>\n<meta name=\"twitter:label1\" content=\"Escrito por\" \/>\n\t<meta name=\"twitter:data1\" content=\"Luiz Ant\u00f4nio Pr\u00f3speri\" \/>\n\t<meta name=\"twitter:label2\" content=\"Est. tempo de leitura\" \/>\n\t<meta name=\"twitter:data2\" content=\"3 minutos\" \/>\n<script type=\"application\/ld+json\" class=\"yoast-schema-graph\">{\"@context\":\"https:\\\/\\\/schema.org\",\"@graph\":[{\"@type\":\"Article\",\"@id\":\"https:\\\/\\\/blogdoprosperi.com\\\/?p=1452#article\",\"isPartOf\":{\"@id\":\"https:\\\/\\\/blogdoprosperi.com\\\/?p=1452\"},\"author\":{\"name\":\"Luiz Ant\u00f4nio Pr\u00f3speri\",\"@id\":\"https:\\\/\\\/blogdoprosperi.com\\\/#\\\/schema\\\/person\\\/38100755ce3601861ee4fab9b5aa78e9\"},\"headline\":\"Gavi\u00f5es da Fiel n\u00e3o se intimida\",\"datePublished\":\"2016-04-16T15:14:50+00:00\",\"dateModified\":\"2016-04-16T17:23:19+00:00\",\"mainEntityOfPage\":{\"@id\":\"https:\\\/\\\/blogdoprosperi.com\\\/?p=1452\"},\"wordCount\":600,\"commentCount\":1,\"publisher\":{\"@id\":\"https:\\\/\\\/blogdoprosperi.com\\\/#\\\/schema\\\/person\\\/38100755ce3601861ee4fab9b5aa78e9\"},\"image\":{\"@id\":\"https:\\\/\\\/blogdoprosperi.com\\\/?p=1452#primaryimage\"},\"thumbnailUrl\":\"https:\\\/\\\/blogdoprosperi.com\\\/wp-content\\\/uploads\\\/2016\\\/04\\\/gavioes-02.jpg\",\"keywords\":[\"Corinthians\",\"Fernando Capez\",\"futebol\",\"Gavi\u00f5es da Fiel\",\"Secretaria de Seguran\u00e7a P\u00fablica SP\",\"torcida organizada\"],\"articleSection\":[\"futebol\"],\"inLanguage\":\"pt-BR\",\"potentialAction\":[{\"@type\":\"CommentAction\",\"name\":\"Comment\",\"target\":[\"https:\\\/\\\/blogdoprosperi.com\\\/?p=1452#respond\"]}]},{\"@type\":\"WebPage\",\"@id\":\"https:\\\/\\\/blogdoprosperi.com\\\/?p=1452\",\"url\":\"https:\\\/\\\/blogdoprosperi.com\\\/?p=1452\",\"name\":\"Gavi\u00f5es da Fiel n\u00e3o se intimida - PR\u00d3SPERI NEWS\",\"isPartOf\":{\"@id\":\"https:\\\/\\\/blogdoprosperi.com\\\/#website\"},\"primaryImageOfPage\":{\"@id\":\"https:\\\/\\\/blogdoprosperi.com\\\/?p=1452#primaryimage\"},\"image\":{\"@id\":\"https:\\\/\\\/blogdoprosperi.com\\\/?p=1452#primaryimage\"},\"thumbnailUrl\":\"https:\\\/\\\/blogdoprosperi.com\\\/wp-content\\\/uploads\\\/2016\\\/04\\\/gavioes-02.jpg\",\"datePublished\":\"2016-04-16T15:14:50+00:00\",\"dateModified\":\"2016-04-16T17:23:19+00:00\",\"breadcrumb\":{\"@id\":\"https:\\\/\\\/blogdoprosperi.com\\\/?p=1452#breadcrumb\"},\"inLanguage\":\"pt-BR\",\"potentialAction\":[{\"@type\":\"ReadAction\",\"target\":[\"https:\\\/\\\/blogdoprosperi.com\\\/?p=1452\"]}]},{\"@type\":\"ImageObject\",\"inLanguage\":\"pt-BR\",\"@id\":\"https:\\\/\\\/blogdoprosperi.com\\\/?p=1452#primaryimage\",\"url\":\"https:\\\/\\\/i0.wp.com\\\/blogdoprosperi.com\\\/wp-content\\\/uploads\\\/2016\\\/04\\\/gavioes-02.jpg?fit=620%2C465&ssl=1\",\"contentUrl\":\"https:\\\/\\\/i0.wp.com\\\/blogdoprosperi.com\\\/wp-content\\\/uploads\\\/2016\\\/04\\\/gavioes-02.jpg?fit=620%2C465&ssl=1\",\"width\":620,\"height\":465},{\"@type\":\"BreadcrumbList\",\"@id\":\"https:\\\/\\\/blogdoprosperi.com\\\/?p=1452#breadcrumb\",\"itemListElement\":[{\"@type\":\"ListItem\",\"position\":1,\"name\":\"In\u00edcio\",\"item\":\"https:\\\/\\\/blogdoprosperi.com\\\/\"},{\"@type\":\"ListItem\",\"position\":2,\"name\":\"Gavi\u00f5es da Fiel n\u00e3o se intimida\"}]},{\"@type\":\"WebSite\",\"@id\":\"https:\\\/\\\/blogdoprosperi.com\\\/#website\",\"url\":\"https:\\\/\\\/blogdoprosperi.com\\\/\",\"name\":\"PR\u00d3SPERI NEWS\",\"description\":\"TUDO \u00c9  FUTEBOL\",\"publisher\":{\"@id\":\"https:\\\/\\\/blogdoprosperi.com\\\/#\\\/schema\\\/person\\\/38100755ce3601861ee4fab9b5aa78e9\"},\"alternateName\":\"blogdoprosperi.com\",\"potentialAction\":[{\"@type\":\"SearchAction\",\"target\":{\"@type\":\"EntryPoint\",\"urlTemplate\":\"https:\\\/\\\/blogdoprosperi.com\\\/?s={search_term_string}\"},\"query-input\":{\"@type\":\"PropertyValueSpecification\",\"valueRequired\":true,\"valueName\":\"search_term_string\"}}],\"inLanguage\":\"pt-BR\"},{\"@type\":[\"Person\",\"Organization\"],\"@id\":\"https:\\\/\\\/blogdoprosperi.com\\\/#\\\/schema\\\/person\\\/38100755ce3601861ee4fab9b5aa78e9\",\"name\":\"Luiz Ant\u00f4nio Pr\u00f3speri\",\"pronouns\":\"ele\",\"image\":{\"@type\":\"ImageObject\",\"inLanguage\":\"pt-BR\",\"@id\":\"https:\\\/\\\/i0.wp.com\\\/blogdoprosperi.com\\\/wp-content\\\/uploads\\\/2026\\\/05\\\/cropped-8059e613-6002-42fa-961e-8e275f575d71-2-5.jpg?fit=1360%2C931&ssl=1\",\"url\":\"https:\\\/\\\/i0.wp.com\\\/blogdoprosperi.com\\\/wp-content\\\/uploads\\\/2026\\\/05\\\/cropped-8059e613-6002-42fa-961e-8e275f575d71-2-5.jpg?fit=1360%2C931&ssl=1\",\"contentUrl\":\"https:\\\/\\\/i0.wp.com\\\/blogdoprosperi.com\\\/wp-content\\\/uploads\\\/2026\\\/05\\\/cropped-8059e613-6002-42fa-961e-8e275f575d71-2-5.jpg?fit=1360%2C931&ssl=1\",\"width\":1360,\"height\":931,\"caption\":\"Luiz Ant\u00f4nio Pr\u00f3speri\"},\"logo\":{\"@id\":\"https:\\\/\\\/i0.wp.com\\\/blogdoprosperi.com\\\/wp-content\\\/uploads\\\/2026\\\/05\\\/cropped-8059e613-6002-42fa-961e-8e275f575d71-2-5.jpg?fit=1360%2C931&ssl=1\"},\"description\":\"Jornalista com carreira dedicada ao esporte. Cobriu 9 Copas do Mundo in loco, 1990 na It\u00e1lia, 1994 nos EUA, 1998 na Fran\u00e7a, 2002 na Coreia do Sul e Jap\u00e3o, 2006 na Alemanha, 2010 na \u00c1frica do Sul, 2014 no Brasil, 2018 na R\u00fassia e 2022 no Qatar. Eurocopas, 1992 na Su\u00e9cia e 1996 na Inglaterra. Copa das Confedera\u00e7\u00f5es de 2005 na Alemanha e 2009 na \u00c1frica do Sul. Rep\u00f3rter e Editor, trabalhou no Jornal da Tarde e Estad\u00e3o, de 1984 a fevereiro de 2016. Colunista, blogueiro. E comentarista de futebol na R\u00e1dio Estad\u00e3o, de 2013 a fevereiro de 2016. Jornalista respons\u00e1vel do \\\"Pr\u00f3speri News\\\" (blogdoprosperi.com).\",\"sameAs\":[\"http:\\\/\\\/blogdoprosperi.com\",\"Luiz Pr\u00f3speri\",\"@luiz_prosperi\",\"https:\\\/\\\/x.com\\\/Luizprosperi\",\"@prosperinacopa\",\"luiz.prosperi@icloud.com\"],\"url\":\"https:\\\/\\\/blogdoprosperi.com\\\/?author=102107496\"}]}<\/script>\n<!-- \/ Yoast SEO plugin. -->","yoast_head_json":{"title":"Gavi\u00f5es da Fiel n\u00e3o se intimida - PR\u00d3SPERI NEWS","robots":{"index":"index","follow":"follow","max-snippet":"max-snippet:-1","max-image-preview":"max-image-preview:large","max-video-preview":"max-video-preview:-1"},"canonical":"https:\/\/blogdoprosperi.com\/?p=1452","og_locale":"pt_BR","og_type":"article","og_title":"Gavi\u00f5es da Fiel n\u00e3o se intimida - PR\u00d3SPERI NEWS","og_description":"A Gavi\u00f5es da Fiel, torcida organizada do Corinthians, protestou nesta sexta-feira contra a Secretaria de Seguran\u00e7a P\u00fablica de [&hellip;]","og_url":"https:\/\/blogdoprosperi.com\/?p=1452","og_site_name":"PR\u00d3SPERI NEWS","article_publisher":"Luiz Pr\u00f3speri","article_author":"Luiz Pr\u00f3speri","article_published_time":"2016-04-16T15:14:50+00:00","article_modified_time":"2016-04-16T17:23:19+00:00","og_image":[{"url":"https:\/\/blogdoprosperi.com\/wp-content\/uploads\/2016\/04\/gavioes-02.jpg","type":"","width":"","height":""}],"author":"Luiz Ant\u00f4nio Pr\u00f3speri","twitter_card":"summary_large_image","twitter_creator":"@Luizprosperi","twitter_site":"@Luizprosperi","twitter_misc":{"Escrito por":"Luiz Ant\u00f4nio Pr\u00f3speri","Est. tempo de leitura":"3 minutos"},"schema":{"@context":"https:\/\/schema.org","@graph":[{"@type":"Article","@id":"https:\/\/blogdoprosperi.com\/?p=1452#article","isPartOf":{"@id":"https:\/\/blogdoprosperi.com\/?p=1452"},"author":{"name":"Luiz Ant\u00f4nio Pr\u00f3speri","@id":"https:\/\/blogdoprosperi.com\/#\/schema\/person\/38100755ce3601861ee4fab9b5aa78e9"},"headline":"Gavi\u00f5es da Fiel n\u00e3o se intimida","datePublished":"2016-04-16T15:14:50+00:00","dateModified":"2016-04-16T17:23:19+00:00","mainEntityOfPage":{"@id":"https:\/\/blogdoprosperi.com\/?p=1452"},"wordCount":600,"commentCount":1,"publisher":{"@id":"https:\/\/blogdoprosperi.com\/#\/schema\/person\/38100755ce3601861ee4fab9b5aa78e9"},"image":{"@id":"https:\/\/blogdoprosperi.com\/?p=1452#primaryimage"},"thumbnailUrl":"https:\/\/blogdoprosperi.com\/wp-content\/uploads\/2016\/04\/gavioes-02.jpg","keywords":["Corinthians","Fernando Capez","futebol","Gavi\u00f5es da Fiel","Secretaria de Seguran\u00e7a P\u00fablica SP","torcida organizada"],"articleSection":["futebol"],"inLanguage":"pt-BR","potentialAction":[{"@type":"CommentAction","name":"Comment","target":["https:\/\/blogdoprosperi.com\/?p=1452#respond"]}]},{"@type":"WebPage","@id":"https:\/\/blogdoprosperi.com\/?p=1452","url":"https:\/\/blogdoprosperi.com\/?p=1452","name":"Gavi\u00f5es da Fiel n\u00e3o se intimida - PR\u00d3SPERI NEWS","isPartOf":{"@id":"https:\/\/blogdoprosperi.com\/#website"},"primaryImageOfPage":{"@id":"https:\/\/blogdoprosperi.com\/?p=1452#primaryimage"},"image":{"@id":"https:\/\/blogdoprosperi.com\/?p=1452#primaryimage"},"thumbnailUrl":"https:\/\/blogdoprosperi.com\/wp-content\/uploads\/2016\/04\/gavioes-02.jpg","datePublished":"2016-04-16T15:14:50+00:00","dateModified":"2016-04-16T17:23:19+00:00","breadcrumb":{"@id":"https:\/\/blogdoprosperi.com\/?p=1452#breadcrumb"},"inLanguage":"pt-BR","potentialAction":[{"@type":"ReadAction","target":["https:\/\/blogdoprosperi.com\/?p=1452"]}]},{"@type":"ImageObject","inLanguage":"pt-BR","@id":"https:\/\/blogdoprosperi.com\/?p=1452#primaryimage","url":"https:\/\/i0.wp.com\/blogdoprosperi.com\/wp-content\/uploads\/2016\/04\/gavioes-02.jpg?fit=620%2C465&ssl=1","contentUrl":"https:\/\/i0.wp.com\/blogdoprosperi.com\/wp-content\/uploads\/2016\/04\/gavioes-02.jpg?fit=620%2C465&ssl=1","width":620,"height":465},{"@type":"BreadcrumbList","@id":"https:\/\/blogdoprosperi.com\/?p=1452#breadcrumb","itemListElement":[{"@type":"ListItem","position":1,"name":"In\u00edcio","item":"https:\/\/blogdoprosperi.com\/"},{"@type":"ListItem","position":2,"name":"Gavi\u00f5es da Fiel n\u00e3o se intimida"}]},{"@type":"WebSite","@id":"https:\/\/blogdoprosperi.com\/#website","url":"https:\/\/blogdoprosperi.com\/","name":"PR\u00d3SPERI NEWS","description":"TUDO \u00c9  FUTEBOL","publisher":{"@id":"https:\/\/blogdoprosperi.com\/#\/schema\/person\/38100755ce3601861ee4fab9b5aa78e9"},"alternateName":"blogdoprosperi.com","potentialAction":[{"@type":"SearchAction","target":{"@type":"EntryPoint","urlTemplate":"https:\/\/blogdoprosperi.com\/?s={search_term_string}"},"query-input":{"@type":"PropertyValueSpecification","valueRequired":true,"valueName":"search_term_string"}}],"inLanguage":"pt-BR"},{"@type":["Person","Organization"],"@id":"https:\/\/blogdoprosperi.com\/#\/schema\/person\/38100755ce3601861ee4fab9b5aa78e9","name":"Luiz Ant\u00f4nio Pr\u00f3speri","pronouns":"ele","image":{"@type":"ImageObject","inLanguage":"pt-BR","@id":"https:\/\/i0.wp.com\/blogdoprosperi.com\/wp-content\/uploads\/2026\/05\/cropped-8059e613-6002-42fa-961e-8e275f575d71-2-5.jpg?fit=1360%2C931&ssl=1","url":"https:\/\/i0.wp.com\/blogdoprosperi.com\/wp-content\/uploads\/2026\/05\/cropped-8059e613-6002-42fa-961e-8e275f575d71-2-5.jpg?fit=1360%2C931&ssl=1","contentUrl":"https:\/\/i0.wp.com\/blogdoprosperi.com\/wp-content\/uploads\/2026\/05\/cropped-8059e613-6002-42fa-961e-8e275f575d71-2-5.jpg?fit=1360%2C931&ssl=1","width":1360,"height":931,"caption":"Luiz Ant\u00f4nio Pr\u00f3speri"},"logo":{"@id":"https:\/\/i0.wp.com\/blogdoprosperi.com\/wp-content\/uploads\/2026\/05\/cropped-8059e613-6002-42fa-961e-8e275f575d71-2-5.jpg?fit=1360%2C931&ssl=1"},"description":"Jornalista com carreira dedicada ao esporte. Cobriu 9 Copas do Mundo in loco, 1990 na It\u00e1lia, 1994 nos EUA, 1998 na Fran\u00e7a, 2002 na Coreia do Sul e Jap\u00e3o, 2006 na Alemanha, 2010 na \u00c1frica do Sul, 2014 no Brasil, 2018 na R\u00fassia e 2022 no Qatar. Eurocopas, 1992 na Su\u00e9cia e 1996 na Inglaterra. Copa das Confedera\u00e7\u00f5es de 2005 na Alemanha e 2009 na \u00c1frica do Sul. Rep\u00f3rter e Editor, trabalhou no Jornal da Tarde e Estad\u00e3o, de 1984 a fevereiro de 2016. Colunista, blogueiro. E comentarista de futebol na R\u00e1dio Estad\u00e3o, de 2013 a fevereiro de 2016. Jornalista respons\u00e1vel do \"Pr\u00f3speri News\" (blogdoprosperi.com).","sameAs":["http:\/\/blogdoprosperi.com","Luiz Pr\u00f3speri","@luiz_prosperi","https:\/\/x.com\/Luizprosperi","@prosperinacopa","luiz.prosperi@icloud.com"],"url":"https:\/\/blogdoprosperi.com\/?author=102107496"}]}},"jetpack_publicize_connections":[],"jetpack_likes_enabled":false,"jetpack_sharing_enabled":true,"jetpack_shortlink":"https:\/\/wp.me\/p7jvdk-nq","jetpack-related-posts":[{"id":1397,"url":"https:\/\/blogdoprosperi.com\/?p=1397","url_meta":{"origin":1452,"position":0},"title":"Governo paulista declara guerra \u00e0s torcidas organizadas","author":"Luiz Ant\u00f4nio Pr\u00f3speri","date":"15 de abril de 2016","format":false,"excerpt":"\"N\u00f3s precisamos deixar muito claro para as torcidas organizadas que elas t\u00eam uma escolha: ou elas escolhem o lado da lei, da ordem, da seguran\u00e7a p\u00fablica, do Minist\u00e9rio P\u00fablico, da Justi\u00e7a ou dos torcedores bandidos. N\u00e3o vai ficar mais no meio termo. Se escolherem o nosso lado, muito bom, v\u00e3o\u2026","rel":"","context":"Em &quot;futebol&quot;","block_context":{"text":"futebol","link":"https:\/\/blogdoprosperi.com\/?cat=53870"},"img":{"alt_text":"","src":"https:\/\/i0.wp.com\/blogdoprosperi.com\/wp-content\/uploads\/2016\/04\/captura_de_tela_2016-02-14_as_182924_cn.jpg?resize=350%2C200&ssl=1","width":350,"height":200,"srcset":"https:\/\/i0.wp.com\/blogdoprosperi.com\/wp-content\/uploads\/2016\/04\/captura_de_tela_2016-02-14_as_182924_cn.jpg?resize=350%2C200&ssl=1 1x, https:\/\/i0.wp.com\/blogdoprosperi.com\/wp-content\/uploads\/2016\/04\/captura_de_tela_2016-02-14_as_182924_cn.jpg?resize=525%2C300&ssl=1 1.5x"},"classes":[]},{"id":45928,"url":"https:\/\/blogdoprosperi.com\/?p=45928","url_meta":{"origin":1452,"position":1},"title":"Faz Um PiX, Corinthians | Gavi\u00f5es e Caixa Assinam Protocolo de Pagamento da D\u00edvida da Arena","author":"Luiz Ant\u00f4nio Pr\u00f3speri","date":"18 de outubro de 2024","format":false,"excerpt":"Luiz Ant\u00f4nio Pr\u00f3speri \u2013 18 outubro (20h25) Corintiano est\u00e1 convidado a fazer um PIX para quitar d\u00edvida da arena em Itaquera. A iniciativa \u00e9 da Gavi\u00f5es da Fiel, maior torcida organizada do Coritnhians, em parceria com a Caixa Econ\u00f4mica Federal, credora na constru\u00e7\u00e3o do est\u00e1dio em 2014. Gavi\u00f5es, Caixa e\u2026","rel":"","context":"Em &quot;futebol&quot;","block_context":{"text":"futebol","link":"https:\/\/blogdoprosperi.com\/?cat=53870"},"img":{"alt_text":"Gavi\u00f5es e Caixa assinam protocolo de inten\u00e7\u00f5es para pagar Arena no Mix","src":"https:\/\/i0.wp.com\/blogdoprosperi.com\/wp-content\/uploads\/2024\/10\/neo-quimica-arena-_01.jpg?fit=1200%2C856&ssl=1&resize=350%2C200","width":350,"height":200,"srcset":"https:\/\/i0.wp.com\/blogdoprosperi.com\/wp-content\/uploads\/2024\/10\/neo-quimica-arena-_01.jpg?fit=1200%2C856&ssl=1&resize=350%2C200 1x, https:\/\/i0.wp.com\/blogdoprosperi.com\/wp-content\/uploads\/2024\/10\/neo-quimica-arena-_01.jpg?fit=1200%2C856&ssl=1&resize=525%2C300 1.5x, https:\/\/i0.wp.com\/blogdoprosperi.com\/wp-content\/uploads\/2024\/10\/neo-quimica-arena-_01.jpg?fit=1200%2C856&ssl=1&resize=700%2C400 2x, https:\/\/i0.wp.com\/blogdoprosperi.com\/wp-content\/uploads\/2024\/10\/neo-quimica-arena-_01.jpg?fit=1200%2C856&ssl=1&resize=1050%2C600 3x"},"classes":[]},{"id":366,"url":"https:\/\/blogdoprosperi.com\/?p=366","url_meta":{"origin":1452,"position":2},"title":"Torcida \u00fanica nos cl\u00e1ssicos \u00e9 derrota do futebol","author":"Luiz Ant\u00f4nio Pr\u00f3speri","date":"5 de abril de 2016","format":false,"excerpt":"\u00a0 A Secretaria de Seguran\u00e7a P\u00fablica do Estado de S\u00e3o Paulo, sem consultar ningu\u00e9m do futebol, determinou com uma canetada a presen\u00e7a de torcida \u00fanica em cl\u00e1ssicos paulistas em todos os campeonatos at\u00e9 31 de dezembro. A ordem partiu do governo do estado ap\u00f3s a s\u00e9rie de confrontos de fac\u00e7\u00f5es\u2026","rel":"","context":"Em &quot;futebol&quot;","block_context":{"text":"futebol","link":"https:\/\/blogdoprosperi.com\/?cat=53870"},"img":{"alt_text":"","src":"https:\/\/i0.wp.com\/blogdoprosperi.com\/wp-content\/uploads\/2016\/04\/v-php.jpeg?resize=350%2C200&ssl=1","width":350,"height":200,"srcset":"https:\/\/i0.wp.com\/blogdoprosperi.com\/wp-content\/uploads\/2016\/04\/v-php.jpeg?resize=350%2C200&ssl=1 1x, https:\/\/i0.wp.com\/blogdoprosperi.com\/wp-content\/uploads\/2016\/04\/v-php.jpeg?resize=525%2C300&ssl=1 1.5x, https:\/\/i0.wp.com\/blogdoprosperi.com\/wp-content\/uploads\/2016\/04\/v-php.jpeg?resize=700%2C400&ssl=1 2x"},"classes":[]},{"id":43318,"url":"https:\/\/blogdoprosperi.com\/?p=43318","url_meta":{"origin":1452,"position":3},"title":"Gavi\u00f5es da Fiel assume poder e decreta: Corinthians n\u00e3o tem dono","author":"Luiz Ant\u00f4nio Pr\u00f3speri","date":"28 de junho de 2024","format":false,"excerpt":"\"Corinthians n\u00e3o tem dono\". A senten\u00e7a proferida por um dos l\u00edderes da torcida Gavi\u00f5es da Fiel, olho no olho do assustado Marcelo Mariano, diretor administrativo do clube, explica o caos que vive o Corinthians. O l\u00edder da fac\u00e7\u00e3o organizada ao intimar o diretor estava cercado de seus pares da Gavi\u00f5es.\u2026","rel":"","context":"Em &quot;Campeonato Brasileiro&quot;","block_context":{"text":"Campeonato Brasileiro","link":"https:\/\/blogdoprosperi.com\/?cat=355071"},"img":{"alt_text":"Corinthians \u00e9 do povo","src":"https:\/\/i0.wp.com\/blogdoprosperi.com\/wp-content\/uploads\/2024\/06\/captura-de-tela-2024-06-28-as-13.33.01.png?fit=1054%2C740&ssl=1&resize=350%2C200","width":350,"height":200,"srcset":"https:\/\/i0.wp.com\/blogdoprosperi.com\/wp-content\/uploads\/2024\/06\/captura-de-tela-2024-06-28-as-13.33.01.png?fit=1054%2C740&ssl=1&resize=350%2C200 1x, https:\/\/i0.wp.com\/blogdoprosperi.com\/wp-content\/uploads\/2024\/06\/captura-de-tela-2024-06-28-as-13.33.01.png?fit=1054%2C740&ssl=1&resize=525%2C300 1.5x, https:\/\/i0.wp.com\/blogdoprosperi.com\/wp-content\/uploads\/2024\/06\/captura-de-tela-2024-06-28-as-13.33.01.png?fit=1054%2C740&ssl=1&resize=700%2C400 2x, https:\/\/i0.wp.com\/blogdoprosperi.com\/wp-content\/uploads\/2024\/06\/captura-de-tela-2024-06-28-as-13.33.01.png?fit=1054%2C740&ssl=1&resize=1050%2C600 3x"},"classes":[]},{"id":42700,"url":"https:\/\/blogdoprosperi.com\/?p=42700","url_meta":{"origin":1452,"position":4},"title":"Gavi\u00f5es da Fiel Abre Negocia\u00e7\u00f5es com a Caixa para Quitar D\u00edvida do Corinthians","author":"Luiz Ant\u00f4nio Pr\u00f3speri","date":"15 de junho de 2024","format":false,"excerpt":"Gavi\u00f5es da Fiel, maior torcida organizada do Corinthians, abre negocia\u00e7\u00f5es com a Caixa Econ\u00f4mica Federal para quitar a d\u00edvida do clube com a constru\u00e7\u00e3o do est\u00e1dio em Itaquera, a Neo Qu\u00edmica Arena. Primeiro encontro entre dirigentes da Gavi\u00f5es e Caixa se deu nessa sexta-feira (14\/6), informa site oficial da torcida.\u2026","rel":"","context":"Em &quot;futebol&quot;","block_context":{"text":"futebol","link":"https:\/\/blogdoprosperi.com\/?cat=53870"},"img":{"alt_text":"Gavi\u00f5es tem projeto para pagar arena do Corinthians","src":"https:\/\/i0.wp.com\/blogdoprosperi.com\/wp-content\/uploads\/2024\/06\/torcida-gaviocc83es-da-fiel.jpg?fit=711%2C400&ssl=1&resize=350%2C200","width":350,"height":200,"srcset":"https:\/\/i0.wp.com\/blogdoprosperi.com\/wp-content\/uploads\/2024\/06\/torcida-gaviocc83es-da-fiel.jpg?fit=711%2C400&ssl=1&resize=350%2C200 1x, https:\/\/i0.wp.com\/blogdoprosperi.com\/wp-content\/uploads\/2024\/06\/torcida-gaviocc83es-da-fiel.jpg?fit=711%2C400&ssl=1&resize=525%2C300 1.5x, https:\/\/i0.wp.com\/blogdoprosperi.com\/wp-content\/uploads\/2024\/06\/torcida-gaviocc83es-da-fiel.jpg?fit=711%2C400&ssl=1&resize=700%2C400 2x"},"classes":[]},{"id":44886,"url":"https:\/\/blogdoprosperi.com\/?p=44886","url_meta":{"origin":1452,"position":5},"title":"Corinthians 114 Anos: Vit\u00f3ria Emblem\u00e1tica, Crise Pol\u00edtica e Cresce Poder da Gavi\u00f5es","author":"Luiz Ant\u00f4nio Pr\u00f3speri","date":"2 de setembro de 2024","format":false,"excerpt":"Luiz Ant\u00f4nio Pr\u00f3speri \u2013 2 setembro (11h30) Corinthians comemora 114 anos de vida em meio a uma turbul\u00eancia pol\u00edtica e financeira, ultimato de sua maior torcida organizada e vit\u00f3ria emblem\u00e1tica em cima do Flamengo. Um caldeir\u00e3o fumegante. Antes de se impor diante do Flamengo e Tite na Arena Neo Qu\u00edmica,\u2026","rel":"","context":"Em &quot;futebol&quot;","block_context":{"text":"futebol","link":"https:\/\/blogdoprosperi.com\/?cat=53870"},"img":{"alt_text":"Cresce poder da Gavi\u00f5es no Corinthians","src":"https:\/\/i0.wp.com\/blogdoprosperi.com\/wp-content\/uploads\/2024\/09\/captura-de-tela-2024-09-02-as-11.55.12.png?fit=1142%2C1026&ssl=1&resize=350%2C200","width":350,"height":200,"srcset":"https:\/\/i0.wp.com\/blogdoprosperi.com\/wp-content\/uploads\/2024\/09\/captura-de-tela-2024-09-02-as-11.55.12.png?fit=1142%2C1026&ssl=1&resize=350%2C200 1x, https:\/\/i0.wp.com\/blogdoprosperi.com\/wp-content\/uploads\/2024\/09\/captura-de-tela-2024-09-02-as-11.55.12.png?fit=1142%2C1026&ssl=1&resize=525%2C300 1.5x, https:\/\/i0.wp.com\/blogdoprosperi.com\/wp-content\/uploads\/2024\/09\/captura-de-tela-2024-09-02-as-11.55.12.png?fit=1142%2C1026&ssl=1&resize=700%2C400 2x, https:\/\/i0.wp.com\/blogdoprosperi.com\/wp-content\/uploads\/2024\/09\/captura-de-tela-2024-09-02-as-11.55.12.png?fit=1142%2C1026&ssl=1&resize=1050%2C600 3x"},"classes":[]}],"jetpack_featured_media_url":"","_links":{"self":[{"href":"https:\/\/blogdoprosperi.com\/index.php?rest_route=\/wp\/v2\/posts\/1452","targetHints":{"allow":["GET"]}}],"collection":[{"href":"https:\/\/blogdoprosperi.com\/index.php?rest_route=\/wp\/v2\/posts"}],"about":[{"href":"https:\/\/blogdoprosperi.com\/index.php?rest_route=\/wp\/v2\/types\/post"}],"author":[{"embeddable":true,"href":"https:\/\/blogdoprosperi.com\/index.php?rest_route=\/wp\/v2\/users\/102107496"}],"replies":[{"embeddable":true,"href":"https:\/\/blogdoprosperi.com\/index.php?rest_route=%2Fwp%2Fv2%2Fcomments&post=1452"}],"version-history":[{"count":25,"href":"https:\/\/blogdoprosperi.com\/index.php?rest_route=\/wp\/v2\/posts\/1452\/revisions"}],"predecessor-version":[{"id":1507,"href":"https:\/\/blogdoprosperi.com\/index.php?rest_route=\/wp\/v2\/posts\/1452\/revisions\/1507"}],"wp:attachment":[{"href":"https:\/\/blogdoprosperi.com\/index.php?rest_route=%2Fwp%2Fv2%2Fmedia&parent=1452"}],"wp:term":[{"taxonomy":"category","embeddable":true,"href":"https:\/\/blogdoprosperi.com\/index.php?rest_route=%2Fwp%2Fv2%2Fcategories&post=1452"},{"taxonomy":"post_tag","embeddable":true,"href":"https:\/\/blogdoprosperi.com\/index.php?rest_route=%2Fwp%2Fv2%2Ftags&post=1452"}],"curies":[{"name":"wp","href":"https:\/\/api.w.org\/{rel}","templated":true}]}}