{"id":14790,"date":"2016-07-05T01:33:54","date_gmt":"2016-07-05T01:33:54","guid":{"rendered":"http:\/\/blogdoprosperi.com\/?p=14790"},"modified":"2016-07-05T01:33:55","modified_gmt":"2016-07-05T01:33:55","slug":"palmeiras-amplia-vantagem-na-lideranca-e-sofre-baixas-importantes","status":"publish","type":"post","link":"https:\/\/blogdoprosperi.com\/?p=14790","title":{"rendered":"Palmeiras amplia vantagem na lideran\u00e7a e sofre baixas importantes"},"content":{"rendered":"<p><span class=\"alignnone\"><img data-recalc-dims=\"1\" loading=\"lazy\" decoding=\"async\" data-attachment-id=\"14872\" data-permalink=\"https:\/\/blogdoprosperi.com\/?attachment_id=14872\" data-orig-file=\"https:\/\/i0.wp.com\/blogdoprosperi.com\/wp-content\/uploads\/2016\/07\/gabriel-jesus-palmeiras-25062016_jkz8ajq20wsq1vc3qgzr0ptfb.jpg?fit=620%2C430&amp;ssl=1\" data-orig-size=\"620,430\" data-comments-opened=\"1\" data-image-meta=\"{&quot;aperture&quot;:&quot;0&quot;,&quot;credit&quot;:&quot;&quot;,&quot;camera&quot;:&quot;&quot;,&quot;caption&quot;:&quot;&quot;,&quot;created_timestamp&quot;:&quot;0&quot;,&quot;copyright&quot;:&quot;&quot;,&quot;focal_length&quot;:&quot;0&quot;,&quot;iso&quot;:&quot;0&quot;,&quot;shutter_speed&quot;:&quot;0&quot;,&quot;title&quot;:&quot;&quot;,&quot;orientation&quot;:&quot;0&quot;}\" data-image-title=\"gabriel-jesus-palmeiras-25062016_jkz8ajq20wsq1vc3qgzr0ptfb\" data-image-description=\"\" data-image-caption=\"\" data-large-file=\"https:\/\/i0.wp.com\/blogdoprosperi.com\/wp-content\/uploads\/2016\/07\/gabriel-jesus-palmeiras-25062016_jkz8ajq20wsq1vc3qgzr0ptfb.jpg?fit=620%2C430&amp;ssl=1\" class=\"alignnone size-full wp-image-14872\" src=\"https:\/\/i0.wp.com\/blogdoprosperi.com\/wp-content\/uploads\/2016\/07\/gabriel-jesus-palmeiras-25062016_jkz8ajq20wsq1vc3qgzr0ptfb.jpg?resize=620%2C430&#038;ssl=1\" alt=\"gabriel-jesus-palmeiras-25062016_jkz8ajq20wsq1vc3qgzr0ptfb\" width=\"620\" height=\"430\" \/><\/span><\/p>\n<p>Palmeiras tinha um enorme desafio na Ilha do Retiro neste novo hor\u00e1rio do futebol brasileiro. Havia a obriga\u00e7\u00e3o de vencer fora de casa, mesmo diante de um advers\u00e1rio forte em seus dom\u00ednios, e n\u00e3o sofrer muitas baixas para o cl\u00e1ssico contra o Santos.<\/p>\n<p>Volta do Recife com tr\u00eas pontos ao derrotar o time pernambucano por 3 a 1, quebra assim o estigma de que n\u00e3o se imp\u00f5e fora do Allianz Parque, consolida Gabriel Jesus na artilharia isolada do Brasileir\u00e3o, com dez gols, mas volta com uma sacola de problemas para a pr\u00f3xima rodada.<\/p>\n<p>Contra o Santos, um concorrente direto na briga pelo t\u00edtulo, perde meio ataque com a suspens\u00e3o de Jesus e Roger Guedes, fica sem o meia Mois\u00e9s (machucado), o volante Thiago Santos (terceiro amarelo) e Tch\u00ea Tch\u00ea pode ser uma d\u00favida.<\/p>\n<p>A boa not\u00edcia ao t\u00e9cnico Cuca se deu com a atua\u00e7\u00e3o de Erik. O ex-atacante do Goi\u00e1s fez sua segunda partida neste Brasileir\u00e3o e convenceu. Marcou um gol, virou gar\u00e7om em alguns lances importantes e ajudou muito na marca\u00e7\u00e3o.<\/p>\n<p><strong>AN\u00c1LISE DO JOGO<\/strong><\/p>\n<p>Cuca abriu o jogo com um forma\u00e7\u00e3o mais conservadora do que o time estava acostumado. Instalou Thiago Santos de volante, quase um terceiro zagueiro, para colar em Diego Souza. Ali, era um duelo de for\u00e7a, corpo a corpo. Mois\u00e9s mais recuado e Tch\u00ea Tch\u00ea solto. E na frente, velocidade pura com Erik, Gabriel Jesus e Roger Guedes.<\/p>\n<p>Sua aposta era marca\u00e7\u00e3o pesada e contra-ataque puro. Se deu bem com o gol de Erik, logo aos 10 minutos, em um contragolpe cl\u00e1ssico. Depois do gol, seu Palmeiras se virou mais como um oper\u00e1rio a um arquiteto criativo. De um pragmatismo absoluto, nada ousado.<\/p>\n<div class=\"jetpack-video-wrapper\"><span class=\"embed-youtube\" style=\"text-align:center; display: block;\"><iframe loading=\"lazy\" class=\"youtube-player\" width=\"560\" height=\"315\" src=\"https:\/\/www.youtube.com\/embed\/DUyQQynvP7Y?version=3&#038;rel=1&#038;showsearch=0&#038;showinfo=1&#038;iv_load_policy=1&#038;fs=1&#038;hl=pt-BR&#038;autohide=2&#038;wmode=transparent\" allowfullscreen=\"true\" style=\"border:0;\" sandbox=\"allow-scripts allow-same-origin allow-popups allow-presentation allow-popups-to-escape-sandbox\"><\/iframe><\/span><\/div>\n<p>Passava pela cabe\u00e7a do treinador a necessidade de diminuir o d\u00e9ficit nos jogos fora de casa, at\u00e9 ent\u00e3o com uma \u00fanica vit\u00f3ria &#8211; 2 a 1 contra o Flamengo, em Bras\u00edlia. Da\u00ed a cautela, a tentativa de neutralizar os pontos fortes do Sport, ali\u00e1s muito dependente dos movimentos de Diego Souza.<\/p>\n<p>Com essa atitude, o Palmeiras garantiu a vit\u00f3ria parcial no primeiro tempo. O time pernambucano ficou mais com a bola, mas pouco incomodou Fernando Prass, a n\u00e3o ser um bala\u00e7o de Diego Souza em cobran\u00e7a de falta.<\/p>\n<p><span class=\"alignnone\"><img data-recalc-dims=\"1\" loading=\"lazy\" decoding=\"async\" data-attachment-id=\"14873\" data-permalink=\"https:\/\/blogdoprosperi.com\/?attachment_id=14873\" data-orig-file=\"https:\/\/i0.wp.com\/blogdoprosperi.com\/wp-content\/uploads\/2016\/07\/622_24dee19e-6754-3edd-b3dc-ca2f72639aa5-2.jpg?fit=622%2C350&amp;ssl=1\" data-orig-size=\"622,350\" data-comments-opened=\"1\" data-image-meta=\"{&quot;aperture&quot;:&quot;0&quot;,&quot;credit&quot;:&quot;&quot;,&quot;camera&quot;:&quot;&quot;,&quot;caption&quot;:&quot;&quot;,&quot;created_timestamp&quot;:&quot;0&quot;,&quot;copyright&quot;:&quot;&quot;,&quot;focal_length&quot;:&quot;0&quot;,&quot;iso&quot;:&quot;0&quot;,&quot;shutter_speed&quot;:&quot;0&quot;,&quot;title&quot;:&quot;&quot;,&quot;orientation&quot;:&quot;0&quot;}\" data-image-title=\"622_24dee19e-6754-3edd-b3dc-ca2f72639aa5-2\" data-image-description=\"\" data-image-caption=\"\" data-large-file=\"https:\/\/i0.wp.com\/blogdoprosperi.com\/wp-content\/uploads\/2016\/07\/622_24dee19e-6754-3edd-b3dc-ca2f72639aa5-2.jpg?fit=622%2C350&amp;ssl=1\" class=\"alignnone size-full wp-image-14873\" src=\"https:\/\/i0.wp.com\/blogdoprosperi.com\/wp-content\/uploads\/2016\/07\/622_24dee19e-6754-3edd-b3dc-ca2f72639aa5-2.jpg?resize=622%2C350&#038;ssl=1\" alt=\"622_24dee19e-6754-3edd-b3dc-ca2f72639aa5-2\" width=\"622\" height=\"350\" \/><\/span><\/p>\n<p>No segundo tempo, o jogo se transformou. Aos 8 minutos, Mois\u00e9s esgar\u00e7ou o m\u00fasculo da coxa direita e foi substitu\u00eddo por Matheus Sales. O Sport veio como um le\u00e3o faminto, aproveitando a moment\u00e2nea desorganiza\u00e7\u00e3o do Palmeiras com a sa\u00edda de Mois\u00e9s. Chegou ao gol, aos 13, com Gabriel Xavier.<\/p>\n<p>O empate n\u00e3o fez ao bem ao time do Recife. Entusiasmado com a possibilidade de virar a partida, se abriu ainda mais e convidou o time de Cuca a contragolpear com gosto. Um risco desnecess\u00e1rio sabendo que o advers\u00e1rio tem um jogador letal: Gabriel Jesus.<\/p>\n<p>Se bem marcado, o menino provoca um inferno, imagina com espa\u00e7o. Em duas estocadas, Jesus fez o segundo gol (o seu 10.\u00ba no Brasileir\u00e3o), aos 20, e sofreu o p\u00eanalti, aos 26, convertido por Cleiton Xavier.<\/p>\n<div class=\"jetpack-video-wrapper\"><span class=\"embed-youtube\" style=\"text-align:center; display: block;\"><iframe loading=\"lazy\" class=\"youtube-player\" width=\"560\" height=\"315\" src=\"https:\/\/www.youtube.com\/embed\/Nos8SNkiJFQ?version=3&#038;rel=1&#038;showsearch=0&#038;showinfo=1&#038;iv_load_policy=1&#038;fs=1&#038;hl=pt-BR&#038;autohide=2&#038;wmode=transparent\" allowfullscreen=\"true\" style=\"border:0;\" sandbox=\"allow-scripts allow-same-origin allow-popups allow-presentation allow-popups-to-escape-sandbox\"><\/iframe><\/span><\/div>\n<p>O triunfo estava assegurado. Lideran\u00e7a confirmada e uma queda no d\u00e9ficit de vit\u00f3rias fora de casa. Tudo perfeito, como Cuca havia projetado. Faltava apenas contabilizar os preju\u00edzos, j\u00e1 de olho no cl\u00e1ssico contra o Santos. E eles foram muitos.<\/p>\n<p>Mois\u00e9s saiu com les\u00e3o grave na coxa. Tch\u00ea Tch\u00ea sentiu o chamado desconforto muscular. Roger Guedes, Thiago Santos e Gabriel Jesus foram advertidos com o terceiro amarelo. Baixas importantes e tamb\u00e9m um desafio ao Palmeiras para fazer valer a fama de ter um dos mais bem qualificados elencos do Brasileir\u00e3o.<\/p>\n<p><strong>FICHA DO JOGO<\/strong><\/p>\n<p><strong>Sport 1 x 3 Palmeiras<\/strong><\/p>\n<p><strong>Gols<\/strong>: Erik, aos 10 do primeiro tempo; Gabriel Xavier, aos 13; Gabriel Jesus, aos 20; Cleiton Xavier, aos 27 do segundo tempo.<\/p>\n<p><strong>Sport<\/strong>: Agenor, Samuel Xavier, Matheus Ferraz, Durval e Rodney; Serginho (Rodrigo Mancha), Richely e Gabriel Xavier; Rog\u00e9rio (Mark Gonzales), Diego Souza e Edm\u00edlson (Clayton). <strong>T\u00e9cnico<\/strong>: Oswaldo de Oliveira<\/p>\n<p><strong>Palmeiras:<\/strong> Fernando Prass, Jean (Cleiton Xavier), Mina, Vitor Hugo e Z\u00e9 Roberto; Thiago Santos, Mois\u00e9s (Matheus Sales) e Tch\u00ea Tch\u00ea (Thiago Martins); Roger Guedes, Gabriel Jesus e Erik. <strong>T\u00e9cnico:<\/strong> Cuca<\/p>\n<p><strong>Juiz:<\/strong> Anderson Daronco<br \/>\n<strong>Cart\u00f5es amarelos<\/strong>: Eric, Matheus Ferraz, Mina, Thiago Santos, Gabriel Jesus, Roger Guedes, Erik, Rodney, Samuel Xavier e Agenor.<br \/>\n<strong>Renda: <\/strong>R$ 491.860,00<br \/>\n<strong>P\u00fablico: <\/strong>26.419 pagantes<br \/>\n<strong>Local<\/strong>: Ilha do Retiro<\/p>\n","protected":false},"excerpt":{"rendered":"<p>Palmeiras tinha um enorme desafio na Ilha do Retiro neste novo hor\u00e1rio do futebol brasileiro. Havia a obriga\u00e7\u00e3o [&hellip;]<\/p>\n","protected":false},"author":102107496,"featured_media":0,"comment_status":"open","ping_status":"open","sticky":false,"template":"","format":"standard","meta":{"_coblocks_attr":"","_coblocks_dimensions":"","_coblocks_responsive_height":"","_coblocks_accordion_ie_support":"","_jetpack_newsletter_access":"","_jetpack_dont_email_post_to_subs":false,"_jetpack_newsletter_tier_id":0,"_jetpack_memberships_contains_paywalled_content":false,"_wpcom_ai_launchpad_first_post":false,"_jetpack_feature_clip_id":0,"_jetpack_memberships_contains_paid_content":false,"footnotes":"","jetpack_publicize_message":"","jetpack_publicize_feature_enabled":true,"jetpack_social_post_already_shared":false,"jetpack_social_options":{"image_generator_settings":{"template":"highway","default_image_id":0,"font":"","enabled":false},"version":2},"jetpack_post_was_ever_published":false},"categories":[355071,53870],"tags":[362595295,789560566,789560569,35234,789560560,232826435,1820495,8328841,2120563,6589671,7480386],"class_list":["post-14790","post","type-post","status-publish","format-standard","hentry","category-campeonato-brasileiro","category-futebol","tag-brasileirao-2016","tag-campeonato-brasileiro","tag-cbf","tag-eric","tag-futebol","tag-gabriel-jesus","tag-ilha-do-retiro","tag-palmeiras-clube","tag-sport-recife","tag-sport-x-palmeiras","tag-tecnico-cuca"],"yoast_head":"<!-- This site is optimized with the Yoast SEO plugin v28.3 - https:\/\/yoast.com\/product\/yoast-seo-wordpress\/ -->\n<title>Palmeiras amplia vantagem na lideran\u00e7a e sofre baixas importantes - PR\u00d3SPERI NEWS<\/title>\n<meta name=\"robots\" content=\"index, follow, max-snippet:-1, max-image-preview:large, max-video-preview:-1\" \/>\n<link rel=\"canonical\" href=\"https:\/\/blogdoprosperi.com\/?p=14790\" \/>\n<meta property=\"og:locale\" content=\"pt_BR\" \/>\n<meta property=\"og:type\" content=\"article\" \/>\n<meta property=\"og:title\" content=\"Palmeiras amplia vantagem na lideran\u00e7a e sofre baixas importantes - PR\u00d3SPERI NEWS\" \/>\n<meta property=\"og:description\" content=\"Palmeiras tinha um enorme desafio na Ilha do Retiro neste novo hor\u00e1rio do futebol brasileiro. Havia a obriga\u00e7\u00e3o [&hellip;]\" \/>\n<meta property=\"og:url\" content=\"https:\/\/blogdoprosperi.com\/?p=14790\" \/>\n<meta property=\"og:site_name\" content=\"PR\u00d3SPERI NEWS\" \/>\n<meta property=\"article:publisher\" content=\"Luiz Pr\u00f3speri\" \/>\n<meta property=\"article:author\" content=\"Luiz Pr\u00f3speri\" \/>\n<meta property=\"article:published_time\" content=\"2016-07-05T01:33:54+00:00\" \/>\n<meta property=\"article:modified_time\" content=\"2016-07-05T01:33:55+00:00\" \/>\n<meta property=\"og:image\" content=\"https:\/\/blogdoprosperi.com\/wp-content\/uploads\/2016\/07\/gabriel-jesus-palmeiras-25062016_jkz8ajq20wsq1vc3qgzr0ptfb.jpg\" \/>\n<meta name=\"author\" content=\"Luiz Ant\u00f4nio Pr\u00f3speri\" \/>\n<meta name=\"twitter:card\" content=\"summary_large_image\" \/>\n<meta name=\"twitter:creator\" content=\"@Luizprosperi\" \/>\n<meta name=\"twitter:site\" content=\"@Luizprosperi\" \/>\n<meta name=\"twitter:label1\" content=\"Escrito por\" \/>\n\t<meta name=\"twitter:data1\" content=\"Luiz Ant\u00f4nio Pr\u00f3speri\" \/>\n\t<meta name=\"twitter:label2\" content=\"Est. tempo de leitura\" \/>\n\t<meta name=\"twitter:data2\" content=\"4 minutos\" \/>\n<script type=\"application\/ld+json\" class=\"yoast-schema-graph\">{\"@context\":\"https:\\\/\\\/schema.org\",\"@graph\":[{\"@type\":\"Article\",\"@id\":\"https:\\\/\\\/blogdoprosperi.com\\\/?p=14790#article\",\"isPartOf\":{\"@id\":\"https:\\\/\\\/blogdoprosperi.com\\\/?p=14790\"},\"author\":{\"name\":\"Luiz Ant\u00f4nio Pr\u00f3speri\",\"@id\":\"https:\\\/\\\/blogdoprosperi.com\\\/#\\\/schema\\\/person\\\/38100755ce3601861ee4fab9b5aa78e9\"},\"headline\":\"Palmeiras amplia vantagem na lideran\u00e7a e sofre baixas importantes\",\"datePublished\":\"2016-07-05T01:33:54+00:00\",\"dateModified\":\"2016-07-05T01:33:55+00:00\",\"mainEntityOfPage\":{\"@id\":\"https:\\\/\\\/blogdoprosperi.com\\\/?p=14790\"},\"wordCount\":789,\"commentCount\":1,\"publisher\":{\"@id\":\"https:\\\/\\\/blogdoprosperi.com\\\/#\\\/schema\\\/person\\\/38100755ce3601861ee4fab9b5aa78e9\"},\"image\":{\"@id\":\"https:\\\/\\\/blogdoprosperi.com\\\/?p=14790#primaryimage\"},\"thumbnailUrl\":\"https:\\\/\\\/blogdoprosperi.com\\\/wp-content\\\/uploads\\\/2016\\\/07\\\/gabriel-jesus-palmeiras-25062016_jkz8ajq20wsq1vc3qgzr0ptfb.jpg\",\"keywords\":[\"Brasileir\u00e3o-2016\",\"Campeonato Brasileiro\",\"CBF\",\"Eric\",\"futebol\",\"Gabriel Jesus\",\"Ilha do Retiro\",\"Palmeiras Clube\",\"Sport Recife\",\"sport x palmeiras\",\"t\u00e9cnico Cuca\"],\"articleSection\":[\"Campeonato Brasileiro\",\"futebol\"],\"inLanguage\":\"pt-BR\",\"potentialAction\":[{\"@type\":\"CommentAction\",\"name\":\"Comment\",\"target\":[\"https:\\\/\\\/blogdoprosperi.com\\\/?p=14790#respond\"]}]},{\"@type\":\"WebPage\",\"@id\":\"https:\\\/\\\/blogdoprosperi.com\\\/?p=14790\",\"url\":\"https:\\\/\\\/blogdoprosperi.com\\\/?p=14790\",\"name\":\"Palmeiras amplia vantagem na lideran\u00e7a e sofre baixas importantes - PR\u00d3SPERI NEWS\",\"isPartOf\":{\"@id\":\"https:\\\/\\\/blogdoprosperi.com\\\/#website\"},\"primaryImageOfPage\":{\"@id\":\"https:\\\/\\\/blogdoprosperi.com\\\/?p=14790#primaryimage\"},\"image\":{\"@id\":\"https:\\\/\\\/blogdoprosperi.com\\\/?p=14790#primaryimage\"},\"thumbnailUrl\":\"https:\\\/\\\/blogdoprosperi.com\\\/wp-content\\\/uploads\\\/2016\\\/07\\\/gabriel-jesus-palmeiras-25062016_jkz8ajq20wsq1vc3qgzr0ptfb.jpg\",\"datePublished\":\"2016-07-05T01:33:54+00:00\",\"dateModified\":\"2016-07-05T01:33:55+00:00\",\"breadcrumb\":{\"@id\":\"https:\\\/\\\/blogdoprosperi.com\\\/?p=14790#breadcrumb\"},\"inLanguage\":\"pt-BR\",\"potentialAction\":[{\"@type\":\"ReadAction\",\"target\":[\"https:\\\/\\\/blogdoprosperi.com\\\/?p=14790\"]}]},{\"@type\":\"ImageObject\",\"inLanguage\":\"pt-BR\",\"@id\":\"https:\\\/\\\/blogdoprosperi.com\\\/?p=14790#primaryimage\",\"url\":\"https:\\\/\\\/i0.wp.com\\\/blogdoprosperi.com\\\/wp-content\\\/uploads\\\/2016\\\/07\\\/gabriel-jesus-palmeiras-25062016_jkz8ajq20wsq1vc3qgzr0ptfb.jpg?fit=620%2C430&ssl=1\",\"contentUrl\":\"https:\\\/\\\/i0.wp.com\\\/blogdoprosperi.com\\\/wp-content\\\/uploads\\\/2016\\\/07\\\/gabriel-jesus-palmeiras-25062016_jkz8ajq20wsq1vc3qgzr0ptfb.jpg?fit=620%2C430&ssl=1\",\"width\":620,\"height\":430},{\"@type\":\"BreadcrumbList\",\"@id\":\"https:\\\/\\\/blogdoprosperi.com\\\/?p=14790#breadcrumb\",\"itemListElement\":[{\"@type\":\"ListItem\",\"position\":1,\"name\":\"In\u00edcio\",\"item\":\"https:\\\/\\\/blogdoprosperi.com\\\/\"},{\"@type\":\"ListItem\",\"position\":2,\"name\":\"Palmeiras amplia vantagem na lideran\u00e7a e sofre baixas importantes\"}]},{\"@type\":\"WebSite\",\"@id\":\"https:\\\/\\\/blogdoprosperi.com\\\/#website\",\"url\":\"https:\\\/\\\/blogdoprosperi.com\\\/\",\"name\":\"PR\u00d3SPERI NEWS\",\"description\":\"TUDO \u00c9  FUTEBOL\",\"publisher\":{\"@id\":\"https:\\\/\\\/blogdoprosperi.com\\\/#\\\/schema\\\/person\\\/38100755ce3601861ee4fab9b5aa78e9\"},\"alternateName\":\"blogdoprosperi.com\",\"potentialAction\":[{\"@type\":\"SearchAction\",\"target\":{\"@type\":\"EntryPoint\",\"urlTemplate\":\"https:\\\/\\\/blogdoprosperi.com\\\/?s={search_term_string}\"},\"query-input\":{\"@type\":\"PropertyValueSpecification\",\"valueRequired\":true,\"valueName\":\"search_term_string\"}}],\"inLanguage\":\"pt-BR\"},{\"@type\":[\"Person\",\"Organization\"],\"@id\":\"https:\\\/\\\/blogdoprosperi.com\\\/#\\\/schema\\\/person\\\/38100755ce3601861ee4fab9b5aa78e9\",\"name\":\"Luiz Ant\u00f4nio Pr\u00f3speri\",\"pronouns\":\"ele\",\"image\":{\"@type\":\"ImageObject\",\"inLanguage\":\"pt-BR\",\"@id\":\"https:\\\/\\\/i0.wp.com\\\/blogdoprosperi.com\\\/wp-content\\\/uploads\\\/2026\\\/05\\\/cropped-8059e613-6002-42fa-961e-8e275f575d71-2-5.jpg?fit=1360%2C931&ssl=1\",\"url\":\"https:\\\/\\\/i0.wp.com\\\/blogdoprosperi.com\\\/wp-content\\\/uploads\\\/2026\\\/05\\\/cropped-8059e613-6002-42fa-961e-8e275f575d71-2-5.jpg?fit=1360%2C931&ssl=1\",\"contentUrl\":\"https:\\\/\\\/i0.wp.com\\\/blogdoprosperi.com\\\/wp-content\\\/uploads\\\/2026\\\/05\\\/cropped-8059e613-6002-42fa-961e-8e275f575d71-2-5.jpg?fit=1360%2C931&ssl=1\",\"width\":1360,\"height\":931,\"caption\":\"Luiz Ant\u00f4nio Pr\u00f3speri\"},\"logo\":{\"@id\":\"https:\\\/\\\/i0.wp.com\\\/blogdoprosperi.com\\\/wp-content\\\/uploads\\\/2026\\\/05\\\/cropped-8059e613-6002-42fa-961e-8e275f575d71-2-5.jpg?fit=1360%2C931&ssl=1\"},\"description\":\"Jornalista com carreira dedicada ao esporte. Cobriu 9 Copas do Mundo in loco, 1990 na It\u00e1lia, 1994 nos EUA, 1998 na Fran\u00e7a, 2002 na Coreia do Sul e Jap\u00e3o, 2006 na Alemanha, 2010 na \u00c1frica do Sul, 2014 no Brasil, 2018 na R\u00fassia e 2022 no Qatar. Eurocopas, 1992 na Su\u00e9cia e 1996 na Inglaterra. Copa das Confedera\u00e7\u00f5es de 2005 na Alemanha e 2009 na \u00c1frica do Sul. Rep\u00f3rter e Editor, trabalhou no Jornal da Tarde e Estad\u00e3o, de 1984 a fevereiro de 2016. Colunista, blogueiro. E comentarista de futebol na R\u00e1dio Estad\u00e3o, de 2013 a fevereiro de 2016. Jornalista respons\u00e1vel do \\\"Pr\u00f3speri News\\\" (blogdoprosperi.com).\",\"sameAs\":[\"http:\\\/\\\/blogdoprosperi.com\",\"Luiz Pr\u00f3speri\",\"@luiz_prosperi\",\"https:\\\/\\\/x.com\\\/Luizprosperi\",\"@prosperinacopa\",\"luiz.prosperi@icloud.com\"],\"url\":\"https:\\\/\\\/blogdoprosperi.com\\\/?author=102107496\"}]}<\/script>\n<!-- \/ Yoast SEO plugin. -->","yoast_head_json":{"title":"Palmeiras amplia vantagem na lideran\u00e7a e sofre baixas importantes - PR\u00d3SPERI NEWS","robots":{"index":"index","follow":"follow","max-snippet":"max-snippet:-1","max-image-preview":"max-image-preview:large","max-video-preview":"max-video-preview:-1"},"canonical":"https:\/\/blogdoprosperi.com\/?p=14790","og_locale":"pt_BR","og_type":"article","og_title":"Palmeiras amplia vantagem na lideran\u00e7a e sofre baixas importantes - PR\u00d3SPERI NEWS","og_description":"Palmeiras tinha um enorme desafio na Ilha do Retiro neste novo hor\u00e1rio do futebol brasileiro. Havia a obriga\u00e7\u00e3o [&hellip;]","og_url":"https:\/\/blogdoprosperi.com\/?p=14790","og_site_name":"PR\u00d3SPERI NEWS","article_publisher":"Luiz Pr\u00f3speri","article_author":"Luiz Pr\u00f3speri","article_published_time":"2016-07-05T01:33:54+00:00","article_modified_time":"2016-07-05T01:33:55+00:00","og_image":[{"url":"https:\/\/blogdoprosperi.com\/wp-content\/uploads\/2016\/07\/gabriel-jesus-palmeiras-25062016_jkz8ajq20wsq1vc3qgzr0ptfb.jpg","type":"","width":"","height":""}],"author":"Luiz Ant\u00f4nio Pr\u00f3speri","twitter_card":"summary_large_image","twitter_creator":"@Luizprosperi","twitter_site":"@Luizprosperi","twitter_misc":{"Escrito por":"Luiz Ant\u00f4nio Pr\u00f3speri","Est. tempo de leitura":"4 minutos"},"schema":{"@context":"https:\/\/schema.org","@graph":[{"@type":"Article","@id":"https:\/\/blogdoprosperi.com\/?p=14790#article","isPartOf":{"@id":"https:\/\/blogdoprosperi.com\/?p=14790"},"author":{"name":"Luiz Ant\u00f4nio Pr\u00f3speri","@id":"https:\/\/blogdoprosperi.com\/#\/schema\/person\/38100755ce3601861ee4fab9b5aa78e9"},"headline":"Palmeiras amplia vantagem na lideran\u00e7a e sofre baixas importantes","datePublished":"2016-07-05T01:33:54+00:00","dateModified":"2016-07-05T01:33:55+00:00","mainEntityOfPage":{"@id":"https:\/\/blogdoprosperi.com\/?p=14790"},"wordCount":789,"commentCount":1,"publisher":{"@id":"https:\/\/blogdoprosperi.com\/#\/schema\/person\/38100755ce3601861ee4fab9b5aa78e9"},"image":{"@id":"https:\/\/blogdoprosperi.com\/?p=14790#primaryimage"},"thumbnailUrl":"https:\/\/blogdoprosperi.com\/wp-content\/uploads\/2016\/07\/gabriel-jesus-palmeiras-25062016_jkz8ajq20wsq1vc3qgzr0ptfb.jpg","keywords":["Brasileir\u00e3o-2016","Campeonato Brasileiro","CBF","Eric","futebol","Gabriel Jesus","Ilha do Retiro","Palmeiras Clube","Sport Recife","sport x palmeiras","t\u00e9cnico Cuca"],"articleSection":["Campeonato Brasileiro","futebol"],"inLanguage":"pt-BR","potentialAction":[{"@type":"CommentAction","name":"Comment","target":["https:\/\/blogdoprosperi.com\/?p=14790#respond"]}]},{"@type":"WebPage","@id":"https:\/\/blogdoprosperi.com\/?p=14790","url":"https:\/\/blogdoprosperi.com\/?p=14790","name":"Palmeiras amplia vantagem na lideran\u00e7a e sofre baixas importantes - PR\u00d3SPERI NEWS","isPartOf":{"@id":"https:\/\/blogdoprosperi.com\/#website"},"primaryImageOfPage":{"@id":"https:\/\/blogdoprosperi.com\/?p=14790#primaryimage"},"image":{"@id":"https:\/\/blogdoprosperi.com\/?p=14790#primaryimage"},"thumbnailUrl":"https:\/\/blogdoprosperi.com\/wp-content\/uploads\/2016\/07\/gabriel-jesus-palmeiras-25062016_jkz8ajq20wsq1vc3qgzr0ptfb.jpg","datePublished":"2016-07-05T01:33:54+00:00","dateModified":"2016-07-05T01:33:55+00:00","breadcrumb":{"@id":"https:\/\/blogdoprosperi.com\/?p=14790#breadcrumb"},"inLanguage":"pt-BR","potentialAction":[{"@type":"ReadAction","target":["https:\/\/blogdoprosperi.com\/?p=14790"]}]},{"@type":"ImageObject","inLanguage":"pt-BR","@id":"https:\/\/blogdoprosperi.com\/?p=14790#primaryimage","url":"https:\/\/i0.wp.com\/blogdoprosperi.com\/wp-content\/uploads\/2016\/07\/gabriel-jesus-palmeiras-25062016_jkz8ajq20wsq1vc3qgzr0ptfb.jpg?fit=620%2C430&ssl=1","contentUrl":"https:\/\/i0.wp.com\/blogdoprosperi.com\/wp-content\/uploads\/2016\/07\/gabriel-jesus-palmeiras-25062016_jkz8ajq20wsq1vc3qgzr0ptfb.jpg?fit=620%2C430&ssl=1","width":620,"height":430},{"@type":"BreadcrumbList","@id":"https:\/\/blogdoprosperi.com\/?p=14790#breadcrumb","itemListElement":[{"@type":"ListItem","position":1,"name":"In\u00edcio","item":"https:\/\/blogdoprosperi.com\/"},{"@type":"ListItem","position":2,"name":"Palmeiras amplia vantagem na lideran\u00e7a e sofre baixas importantes"}]},{"@type":"WebSite","@id":"https:\/\/blogdoprosperi.com\/#website","url":"https:\/\/blogdoprosperi.com\/","name":"PR\u00d3SPERI NEWS","description":"TUDO \u00c9  FUTEBOL","publisher":{"@id":"https:\/\/blogdoprosperi.com\/#\/schema\/person\/38100755ce3601861ee4fab9b5aa78e9"},"alternateName":"blogdoprosperi.com","potentialAction":[{"@type":"SearchAction","target":{"@type":"EntryPoint","urlTemplate":"https:\/\/blogdoprosperi.com\/?s={search_term_string}"},"query-input":{"@type":"PropertyValueSpecification","valueRequired":true,"valueName":"search_term_string"}}],"inLanguage":"pt-BR"},{"@type":["Person","Organization"],"@id":"https:\/\/blogdoprosperi.com\/#\/schema\/person\/38100755ce3601861ee4fab9b5aa78e9","name":"Luiz Ant\u00f4nio Pr\u00f3speri","pronouns":"ele","image":{"@type":"ImageObject","inLanguage":"pt-BR","@id":"https:\/\/i0.wp.com\/blogdoprosperi.com\/wp-content\/uploads\/2026\/05\/cropped-8059e613-6002-42fa-961e-8e275f575d71-2-5.jpg?fit=1360%2C931&ssl=1","url":"https:\/\/i0.wp.com\/blogdoprosperi.com\/wp-content\/uploads\/2026\/05\/cropped-8059e613-6002-42fa-961e-8e275f575d71-2-5.jpg?fit=1360%2C931&ssl=1","contentUrl":"https:\/\/i0.wp.com\/blogdoprosperi.com\/wp-content\/uploads\/2026\/05\/cropped-8059e613-6002-42fa-961e-8e275f575d71-2-5.jpg?fit=1360%2C931&ssl=1","width":1360,"height":931,"caption":"Luiz Ant\u00f4nio Pr\u00f3speri"},"logo":{"@id":"https:\/\/i0.wp.com\/blogdoprosperi.com\/wp-content\/uploads\/2026\/05\/cropped-8059e613-6002-42fa-961e-8e275f575d71-2-5.jpg?fit=1360%2C931&ssl=1"},"description":"Jornalista com carreira dedicada ao esporte. Cobriu 9 Copas do Mundo in loco, 1990 na It\u00e1lia, 1994 nos EUA, 1998 na Fran\u00e7a, 2002 na Coreia do Sul e Jap\u00e3o, 2006 na Alemanha, 2010 na \u00c1frica do Sul, 2014 no Brasil, 2018 na R\u00fassia e 2022 no Qatar. Eurocopas, 1992 na Su\u00e9cia e 1996 na Inglaterra. Copa das Confedera\u00e7\u00f5es de 2005 na Alemanha e 2009 na \u00c1frica do Sul. Rep\u00f3rter e Editor, trabalhou no Jornal da Tarde e Estad\u00e3o, de 1984 a fevereiro de 2016. Colunista, blogueiro. E comentarista de futebol na R\u00e1dio Estad\u00e3o, de 2013 a fevereiro de 2016. Jornalista respons\u00e1vel do \"Pr\u00f3speri News\" (blogdoprosperi.com).","sameAs":["http:\/\/blogdoprosperi.com","Luiz Pr\u00f3speri","@luiz_prosperi","https:\/\/x.com\/Luizprosperi","@prosperinacopa","luiz.prosperi@icloud.com"],"url":"https:\/\/blogdoprosperi.com\/?author=102107496"}]}},"jetpack_publicize_connections":[],"jetpack_likes_enabled":false,"jetpack_sharing_enabled":true,"jetpack_shortlink":"https:\/\/wp.me\/p7jvdk-3Qy","jetpack-related-posts":[{"id":25120,"url":"https:\/\/blogdoprosperi.com\/?p=25120","url_meta":{"origin":14790,"position":0},"title":"Palmeiras segura Gr\u00eamio e pode perder Gabriel Jesus na &#8216;decis\u00e3o&#8217; contra Flamengo","author":"Luiz Ant\u00f4nio Pr\u00f3speri","date":"11 de setembro de 2016","format":false,"excerpt":"Palmeiras volta do Sul com um empate sem gols de extrema import\u00e2ncia na briga pelo t\u00edtulo do Brasileir\u00e3o. Jogou para o gasto e teve um pouco de sorte ao n\u00e3o ser derrotado pelo Gr\u00eamio. Cuca arriscou na escala\u00e7\u00e3o ao improvisar Gabriel na fun\u00e7\u00e3o de lateral e tomou decis\u00f5es equivocadas nas\u2026","rel":"","context":"Em &quot;Campeonato Brasileiro&quot;","block_context":{"text":"Campeonato Brasileiro","link":"https:\/\/blogdoprosperi.com\/?cat=355071"},"img":{"alt_text":"","src":"https:\/\/i0.wp.com\/blogdoprosperi.com\/wp-content\/uploads\/2016\/09\/douglas-edu-dracena-gremio-palmeiras-brasileirao-11092016_1hmh1mapxqf2x11qqvj6x5krt3.jpg?resize=350%2C200&ssl=1","width":350,"height":200},"classes":[]},{"id":29743,"url":"https:\/\/blogdoprosperi.com\/?p=29743","url_meta":{"origin":14790,"position":1},"title":"Palmeiras faz sua parte e, com ajuda do Corinthians, abre seis pontos do Flamengo","author":"Luiz Ant\u00f4nio Pr\u00f3speri","date":"23 de outubro de 2016","format":false,"excerpt":"Palmeiras superou seu fraco futebol, o p\u00e9ssimo gramado do Allianz Parque, aus\u00eancia de Gabriel Jesus e a gana do Sport neste domingo (23\/10). Sem brilho e lustro, venceu por 2 a 1 e, com ajuda do Corinthians, abriu seis pontos do vice-l\u00edder Flamengo, a seis rodadas do fim do Campeonato\u2026","rel":"","context":"Em &quot;Campeonato Brasileiro&quot;","block_context":{"text":"Campeonato Brasileiro","link":"https:\/\/blogdoprosperi.com\/?cat=355071"},"img":{"alt_text":"","src":"https:\/\/i0.wp.com\/blogdoprosperi.com\/wp-content\/uploads\/2016\/10\/pro5-242.jpg?resize=350%2C200&ssl=1","width":350,"height":200,"srcset":"https:\/\/i0.wp.com\/blogdoprosperi.com\/wp-content\/uploads\/2016\/10\/pro5-242.jpg?resize=350%2C200&ssl=1 1x, https:\/\/i0.wp.com\/blogdoprosperi.com\/wp-content\/uploads\/2016\/10\/pro5-242.jpg?resize=525%2C300&ssl=1 1.5x, https:\/\/i0.wp.com\/blogdoprosperi.com\/wp-content\/uploads\/2016\/10\/pro5-242.jpg?resize=700%2C400&ssl=1 2x, https:\/\/i0.wp.com\/blogdoprosperi.com\/wp-content\/uploads\/2016\/10\/pro5-242.jpg?resize=1050%2C600&ssl=1 3x, https:\/\/i0.wp.com\/blogdoprosperi.com\/wp-content\/uploads\/2016\/10\/pro5-242.jpg?resize=1400%2C800&ssl=1 4x"},"classes":[]},{"id":24502,"url":"https:\/\/blogdoprosperi.com\/?p=24502","url_meta":{"origin":14790,"position":2},"title":"Brasileir\u00e3o-2016: veja 7 an\u00e1lises dos jogos da 24\u00aa rodada","author":"Luiz Ant\u00f4nio Pr\u00f3speri","date":"12 de setembro de 2016","format":false,"excerpt":"12 de setembro de 2016 - 12h50 -\u00a0Veja an\u00e1lises e proje\u00e7\u00f5es de temas da 24.\u00aa rodada do Campeonato Brasileiro que deixa o Palmeiras a um ponto de frente do Flamengo. E ainda um relat\u00f3rio da CBF sobre bola rolando at\u00e9 a 22.\u00aa rodada. 1. Palmeiras entra na semana de decis\u00f5es\u2026","rel":"","context":"Em &quot;Campeonato Brasileiro&quot;","block_context":{"text":"Campeonato Brasileiro","link":"https:\/\/blogdoprosperi.com\/?cat=355071"},"img":{"alt_text":"","src":"https:\/\/i0.wp.com\/blogdoprosperi.com\/wp-content\/uploads\/2016\/09\/rib_7534.jpg?resize=350%2C200","width":350,"height":200},"classes":[]},{"id":46410,"url":"https:\/\/blogdoprosperi.com\/?p=46410","url_meta":{"origin":14790,"position":3},"title":"S\u00e9rie B | Interior Paulista x Nordeste na \u00daltima Rodada","author":"Luiz Ant\u00f4nio Pr\u00f3speri","date":"19 de novembro de 2024","format":false,"excerpt":"Luiz Ant\u00f4nio Pr\u00f3speri \u2013 19 novembro (10h10) \u2013 S\u00e9rie B do Campeonato Brasileiro tem um duelo especial na \u00faltima rodada no pr\u00f3ximo domingo (24\/11). Restam tr\u00eas vagas de acesso \u00e0 S\u00e9rie A. Disputa \u00e9 entre Novorizontino, Mirassol, Cear\u00e1 e Sport. Dois representantes do futebol paulista e dois grandes do Nordeste.\u2026","rel":"","context":"Em &quot;futebol&quot;","block_context":{"text":"futebol","link":"https:\/\/blogdoprosperi.com\/?cat=53870"},"img":{"alt_text":"S\u00e9rie B tem duelo final entre Interior Paulista x Nordeste","src":"https:\/\/i0.wp.com\/blogdoprosperi.com\/wp-content\/uploads\/2024\/11\/img_4254.jpg?fit=1200%2C800&ssl=1&resize=350%2C200","width":350,"height":200,"srcset":"https:\/\/i0.wp.com\/blogdoprosperi.com\/wp-content\/uploads\/2024\/11\/img_4254.jpg?fit=1200%2C800&ssl=1&resize=350%2C200 1x, https:\/\/i0.wp.com\/blogdoprosperi.com\/wp-content\/uploads\/2024\/11\/img_4254.jpg?fit=1200%2C800&ssl=1&resize=525%2C300 1.5x, https:\/\/i0.wp.com\/blogdoprosperi.com\/wp-content\/uploads\/2024\/11\/img_4254.jpg?fit=1200%2C800&ssl=1&resize=700%2C400 2x, https:\/\/i0.wp.com\/blogdoprosperi.com\/wp-content\/uploads\/2024\/11\/img_4254.jpg?fit=1200%2C800&ssl=1&resize=1050%2C600 3x"},"classes":[]},{"id":30292,"url":"https:\/\/blogdoprosperi.com\/?p=30292","url_meta":{"origin":14790,"position":4},"title":"Cuca n\u00e3o tem tempo para recuperar Gabriel Jesus","author":"Luiz Ant\u00f4nio Pr\u00f3speri","date":"30 de outubro de 2016","format":false,"excerpt":"Cuca assumiu o compromisso p\u00fablico de recuperar o futebol de Gabriel Jesus, ap\u00f3s derrota (1 a 0) diante do Santos s\u00e1bado na Vila. Disse que esta \u00e9 uma de suas miss\u00f5es na reta final do Campeonato Brasileiro - restam cinco rodadas. N\u00e3o parece uma tarefa f\u00e1cil. Treinador do Palmeiras n\u00e3o\u2026","rel":"","context":"Em &quot;Campeonato Brasileiro&quot;","block_context":{"text":"Campeonato Brasileiro","link":"https:\/\/blogdoprosperi.com\/?cat=355071"},"img":{"alt_text":"pro3-22","src":"https:\/\/i0.wp.com\/blogdoprosperi.com\/wp-content\/uploads\/2016\/10\/pro3-22.jpg?resize=350%2C200&ssl=1","width":350,"height":200,"srcset":"https:\/\/i0.wp.com\/blogdoprosperi.com\/wp-content\/uploads\/2016\/10\/pro3-22.jpg?resize=350%2C200&ssl=1 1x, https:\/\/i0.wp.com\/blogdoprosperi.com\/wp-content\/uploads\/2016\/10\/pro3-22.jpg?resize=525%2C300&ssl=1 1.5x, https:\/\/i0.wp.com\/blogdoprosperi.com\/wp-content\/uploads\/2016\/10\/pro3-22.jpg?resize=700%2C400&ssl=1 2x, https:\/\/i0.wp.com\/blogdoprosperi.com\/wp-content\/uploads\/2016\/10\/pro3-22.jpg?resize=1050%2C600&ssl=1 3x, https:\/\/i0.wp.com\/blogdoprosperi.com\/wp-content\/uploads\/2016\/10\/pro3-22.jpg?resize=1400%2C800&ssl=1 4x"},"classes":[]},{"id":25288,"url":"https:\/\/blogdoprosperi.com\/?p=25288","url_meta":{"origin":14790,"position":5},"title":"\u00c1rbitro de Palmeiras x Flamengo n\u00e3o \u00e9 maior que Gabriel Jesus e Diego","author":"Luiz Ant\u00f4nio Pr\u00f3speri","date":"12 de setembro de 2016","format":false,"excerpt":"Quando antes de um jogo do quilate de Palmeiras x Flamengo, nesta quarta-feira, se fala muito no \u00e1rbitro eleito pela CBF para apitar a partida \u00e9 porque o futebol perdeu a raz\u00e3o. \u00c9 triste. Um campeonato com 38 rodadas, sempre sob o manto da desconfian\u00e7a, n\u00e3o tem \u00a0sentido. N\u00e3o \u00e9\u2026","rel":"","context":"Em &quot;Campeonato Brasileiro&quot;","block_context":{"text":"Campeonato Brasileiro","link":"https:\/\/blogdoprosperi.com\/?cat=355071"},"img":{"alt_text":"","src":"https:\/\/i0.wp.com\/blogdoprosperi.com\/wp-content\/uploads\/2016\/09\/gabriel-jesus-palmeiras-x-figueirense-3006_1q9xheoznipa1k9aaygnk5bdl.jpg?resize=350%2C200","width":350,"height":200,"srcset":"https:\/\/i0.wp.com\/blogdoprosperi.com\/wp-content\/uploads\/2016\/09\/gabriel-jesus-palmeiras-x-figueirense-3006_1q9xheoznipa1k9aaygnk5bdl.jpg?resize=350%2C200 1x, https:\/\/i0.wp.com\/blogdoprosperi.com\/wp-content\/uploads\/2016\/09\/gabriel-jesus-palmeiras-x-figueirense-3006_1q9xheoznipa1k9aaygnk5bdl.jpg?resize=525%2C300 1.5x"},"classes":[]}],"jetpack_featured_media_url":"","_links":{"self":[{"href":"https:\/\/blogdoprosperi.com\/index.php?rest_route=\/wp\/v2\/posts\/14790","targetHints":{"allow":["GET"]}}],"collection":[{"href":"https:\/\/blogdoprosperi.com\/index.php?rest_route=\/wp\/v2\/posts"}],"about":[{"href":"https:\/\/blogdoprosperi.com\/index.php?rest_route=\/wp\/v2\/types\/post"}],"author":[{"embeddable":true,"href":"https:\/\/blogdoprosperi.com\/index.php?rest_route=\/wp\/v2\/users\/102107496"}],"replies":[{"embeddable":true,"href":"https:\/\/blogdoprosperi.com\/index.php?rest_route=%2Fwp%2Fv2%2Fcomments&post=14790"}],"version-history":[{"count":25,"href":"https:\/\/blogdoprosperi.com\/index.php?rest_route=\/wp\/v2\/posts\/14790\/revisions"}],"predecessor-version":[{"id":14889,"href":"https:\/\/blogdoprosperi.com\/index.php?rest_route=\/wp\/v2\/posts\/14790\/revisions\/14889"}],"wp:attachment":[{"href":"https:\/\/blogdoprosperi.com\/index.php?rest_route=%2Fwp%2Fv2%2Fmedia&parent=14790"}],"wp:term":[{"taxonomy":"category","embeddable":true,"href":"https:\/\/blogdoprosperi.com\/index.php?rest_route=%2Fwp%2Fv2%2Fcategories&post=14790"},{"taxonomy":"post_tag","embeddable":true,"href":"https:\/\/blogdoprosperi.com\/index.php?rest_route=%2Fwp%2Fv2%2Ftags&post=14790"}],"curies":[{"name":"wp","href":"https:\/\/api.w.org\/{rel}","templated":true}]}}