{"id":1523,"date":"2016-04-16T21:29:44","date_gmt":"2016-04-16T21:29:44","guid":{"rendered":"https:\/\/blogdoprosperi.com\/?p=1523"},"modified":"2016-04-16T21:48:12","modified_gmt":"2016-04-16T21:48:12","slug":"corinthians-passeia-no-itaquerao","status":"publish","type":"post","link":"https:\/\/blogdoprosperi.com\/?p=1523","title":{"rendered":"Corinthians passeia no Itaquer\u00e3o"},"content":{"rendered":"<p>&nbsp;<\/p>\n<figure id=\"attachment_1588\" aria-describedby=\"caption-attachment-1588\" style=\"width: 2300px\" class=\"wp-caption alignnone\"><img data-recalc-dims=\"1\" loading=\"lazy\" decoding=\"async\" data-attachment-id=\"1588\" data-permalink=\"https:\/\/blogdoprosperi.com\/?attachment_id=1588\" data-orig-file=\"https:\/\/i0.wp.com\/blogdoprosperi.com\/wp-content\/uploads\/2016\/04\/pro3.jpg?fit=2300%2C1534&amp;ssl=1\" data-orig-size=\"2300,1534\" data-comments-opened=\"1\" data-image-meta=\"{&quot;aperture&quot;:&quot;2.8&quot;,&quot;credit&quot;:&quot;ALEX SILVA&quot;,&quot;camera&quot;:&quot;Canon EOS-1D X&quot;,&quot;caption&quot;:&quot;&quot;,&quot;created_timestamp&quot;:&quot;1460828423&quot;,&quot;copyright&quot;:&quot;ALEX SILVA\/ESTADAO&quot;,&quot;focal_length&quot;:&quot;400&quot;,&quot;iso&quot;:&quot;1000&quot;,&quot;shutter_speed&quot;:&quot;0.001&quot;,&quot;title&quot;:&quot;&quot;,&quot;orientation&quot;:&quot;1&quot;}\" data-image-title=\"PRO3\" data-image-description=\"\" data-image-caption=\"\" data-large-file=\"https:\/\/i0.wp.com\/blogdoprosperi.com\/wp-content\/uploads\/2016\/04\/pro3.jpg?fit=940%2C627&amp;ssl=1\" class=\"alignnone size-full wp-image-1588\" src=\"https:\/\/i0.wp.com\/blogdoprosperi.com\/wp-content\/uploads\/2016\/04\/pro3.jpg?resize=940%2C627&#038;ssl=1\" alt=\"PRO3\" width=\"940\" height=\"627\" \/><figcaption id=\"caption-attachment-1588\" class=\"wp-caption-text\">Alan Mineiro celebra seu gol, o terceiro da vit\u00f3ria do Corinthians<\/figcaption><\/figure>\n<p>O Corinthians vai decidir as semifinais e uma eventual final do Campeonato Paulista no Itaquer\u00e3o. Conseguiu essa vantagem ao atropelar, sem a menor dificuldade, o modesto Red Bull por 4 a 0 nesta tarde de s\u00e1bado na sua casa.\u00a0A vit\u00f3ria levou o time de Tite aos 38 pontos &#8211; seis a mais que o Santos (antes de enfrentar o S\u00e3o Bento), dono da segunda campanha do Paulist\u00e3o.<\/p>\n<p>Apontar o Corinthians como favorito ao t\u00edtulo \u00e9 uma barbada. Os n\u00fameros est\u00e3o a\u00ed para quem tem alguma d\u00favida. Mas, se fosse procurar algo a perturbar a vida do time, o p\u00e9ssimo desempenho nos jogos de mata-mata no Itaquer\u00e3o poderia gerar alguma desconfian\u00e7a.<\/p>\n<p>Sob o comando do Tite, a equipe caiu na Copa Libertadores de 2015 contra o Guaran\u00ed do Paraguai pelas oitavas de final. Saiu das semifinais do Paulist\u00e3o do ano passado eliminado pelo Palmeiras e se despediu da Copa do Brasil, tamb\u00e9m nas oitavas, com a derrota para o Santos.<\/p>\n<figure id=\"attachment_1590\" aria-describedby=\"caption-attachment-1590\" style=\"width: 2300px\" class=\"wp-caption alignnone\"><img data-recalc-dims=\"1\" loading=\"lazy\" decoding=\"async\" data-attachment-id=\"1590\" data-permalink=\"https:\/\/blogdoprosperi.com\/?attachment_id=1590\" data-orig-file=\"https:\/\/i0.wp.com\/blogdoprosperi.com\/wp-content\/uploads\/2016\/04\/pro2.jpg?fit=2300%2C1533&amp;ssl=1\" data-orig-size=\"2300,1533\" data-comments-opened=\"1\" data-image-meta=\"{&quot;aperture&quot;:&quot;4&quot;,&quot;credit&quot;:&quot;ESTADAO CONTEUDO&quot;,&quot;camera&quot;:&quot;Canon EOS-1D X&quot;,&quot;caption&quot;:&quot;S\\u00c3O PAULO 16\/04\/2016 ESPORTE CORINTHIANS X RBB CAMPEONATO PAULISTA 2016  ARENA CORINTHIANS FOTO ALEX SLVAESTADAO&quot;,&quot;created_timestamp&quot;:&quot;1460829140&quot;,&quot;copyright&quot;:&quot;ALEX SILVA\/ESTADAO&quot;,&quot;focal_length&quot;:&quot;400&quot;,&quot;iso&quot;:&quot;1600&quot;,&quot;shutter_speed&quot;:&quot;0.00125&quot;,&quot;title&quot;:&quot;S\\u00c3O PAULO 16\/04\/2016 ESPORTE CORINTHIANS X RBB CAMPEONATO PAULISTA 2016&quot;,&quot;orientation&quot;:&quot;1&quot;}\" data-image-title=\"S\u00c3O PAULO 16\/04\/2016 ESPORTE CORINTHIANS X RBB CAMPEONATO PAULISTA 2016\" data-image-description=\"\" data-image-caption=\"&lt;p&gt;S\u00c3O PAULO 16\/04\/2016 ESPORTE CORINTHIANS X RBB CAMPEONATO PAULISTA 2016  ARENA CORINTHIANS FOTO ALEX SLVAESTADAO&lt;\/p&gt;\n\" data-large-file=\"https:\/\/i0.wp.com\/blogdoprosperi.com\/wp-content\/uploads\/2016\/04\/pro2.jpg?fit=940%2C627&amp;ssl=1\" class=\"alignnone size-full wp-image-1590\" src=\"https:\/\/i0.wp.com\/blogdoprosperi.com\/wp-content\/uploads\/2016\/04\/pro2.jpg?resize=940%2C627&#038;ssl=1\" alt=\"S\u00c3O PAULO 16\/04\/2016 ESPORTE CORINTHIANS X RBB CAMPEONATO PAULISTA 2016\" width=\"940\" height=\"627\" \/><figcaption id=\"caption-attachment-1590\" class=\"wp-caption-text\">Jogadores comemoram \u00a0mais um gol em cima do Red Bull<\/figcaption><\/figure>\n<p>Esses resultados e as circunst\u00e2ncias podem apontar um desequil\u00edbrio do Corinthians nos jogos decisivos na sua nova casa. Cabe a Tite provar que foram coincid\u00eancias e n\u00e3o falta de sintonia do time.<\/p>\n<p>Se o torcedor corintiano mais entusiasmado tomar por base o jogo contra o Red Bull neste s\u00e1bado, pode se iludir. O time de Campinas, aclamado como uma boa novidade e dono de um futebol de respeito, se mostrou fr\u00e1gil, sem repert\u00f3rio. Presa f\u00e1cil<\/p>\n<p>No primeiro tempo, o Corinthians teve pouco trabalho para construir a vantagem de dois gols. Atacou pouco e sobreviveu de investidas de Fagner, combinando com Elias, mesmo sem tanta intensidade. Parecia seguro de que poderia resolver o jogo quando bem entendesse.<\/p>\n<p>Nem havia muita preocupa\u00e7\u00e3o com o Red Bull, at\u00e9 porque o time do interior prop\u00f4s um jogo franco. Buscou a marca\u00e7\u00e3o alta sem muita convic\u00e7\u00e3o. E deixou claro que o sistema defensivo n\u00e3o era assim um primor. Querendo ser grande, se viu preso ao seu limite.<\/p>\n<p>Diante de um advers\u00e1rio ambicioso sem condi\u00e7\u00f5es de ser, o Corinthians achou um gol, aos 16 minutos, na cobran\u00e7a de escanteio muito bem aproveitado por Giovanni Augusto. Fechou a conta do primeiro tempo, com um gol sem querer de Andr\u00e9, ap\u00f3s boa trama de F\u00e1gner e Elias no setor direito \u2013 o mais arejado do time -, aos 39.<\/p>\n<figure id=\"attachment_1591\" aria-describedby=\"caption-attachment-1591\" style=\"width: 2300px\" class=\"wp-caption alignnone\"><img data-recalc-dims=\"1\" loading=\"lazy\" decoding=\"async\" data-attachment-id=\"1591\" data-permalink=\"https:\/\/blogdoprosperi.com\/?attachment_id=1591\" data-orig-file=\"https:\/\/i0.wp.com\/blogdoprosperi.com\/wp-content\/uploads\/2016\/04\/pro1.jpg?fit=2300%2C1533&amp;ssl=1\" data-orig-size=\"2300,1533\" data-comments-opened=\"1\" data-image-meta=\"{&quot;aperture&quot;:&quot;3.5&quot;,&quot;credit&quot;:&quot;ALEX SILVA&quot;,&quot;camera&quot;:&quot;Canon EOS-1D X&quot;,&quot;caption&quot;:&quot;&quot;,&quot;created_timestamp&quot;:&quot;1460829148&quot;,&quot;copyright&quot;:&quot;ALEX SILVA\/ESTADAO&quot;,&quot;focal_length&quot;:&quot;400&quot;,&quot;iso&quot;:&quot;1600&quot;,&quot;shutter_speed&quot;:&quot;0.00125&quot;,&quot;title&quot;:&quot;&quot;,&quot;orientation&quot;:&quot;1&quot;}\" data-image-title=\"PRO1\" data-image-description=\"\" data-image-caption=\"\" data-large-file=\"https:\/\/i0.wp.com\/blogdoprosperi.com\/wp-content\/uploads\/2016\/04\/pro1.jpg?fit=940%2C627&amp;ssl=1\" class=\"alignnone size-full wp-image-1591\" src=\"https:\/\/i0.wp.com\/blogdoprosperi.com\/wp-content\/uploads\/2016\/04\/pro1.jpg?resize=940%2C627&#038;ssl=1\" alt=\"PRO1\" width=\"940\" height=\"627\" \/><figcaption id=\"caption-attachment-1591\" class=\"wp-caption-text\">Lucca tamb\u00e9m deixou sua marcar na goleada no Itaquer\u00e3o<\/figcaption><\/figure>\n<p>No segundo tempo, a responsabilidade de mudar o curso do rio era do Red Bull. Tinha de lutar pelo menos por um empate para decidir a sorte na cobran\u00e7a de p\u00eanaltis. N\u00e3o conseguiu, se rendeu \u00e0 sua mediocridade.<\/p>\n<p>Com 12 minutos, o Corinthians j\u00e1 havia feito 3 a 0 &#8211; Alan Mineiro, em mais uma pixotada do zagueiro Drausio, um dos mais fracos jogadores do Red Bull. Lucca liquidou a fatura, aos 23, estabelecendo os 4 a 0 em uma jogada que parecia de treino, tamanha a facilidade na troca de passes at\u00e9 chegar ao chute fatal.<\/p>\n<p>A goleada \u00e9 uma demonstra\u00e7\u00e3o de for\u00e7a do time de Tite. N\u00e3o se pode, por\u00e9m, dizer que \u00e9 determinante para ser campe\u00e3o.<\/p>\n","protected":false},"excerpt":{"rendered":"<p>&nbsp; O Corinthians vai decidir as semifinais e uma eventual final do Campeonato Paulista no Itaquer\u00e3o. Conseguiu essa [&hellip;]<\/p>\n","protected":false},"author":102107496,"featured_media":0,"comment_status":"open","ping_status":"open","sticky":false,"template":"","format":"standard","meta":{"_coblocks_attr":"","_coblocks_dimensions":"","_coblocks_responsive_height":"","_coblocks_accordion_ie_support":"","_jetpack_newsletter_access":"","_jetpack_dont_email_post_to_subs":false,"_jetpack_newsletter_tier_id":0,"_jetpack_memberships_contains_paywalled_content":false,"_wpcom_ai_launchpad_first_post":false,"_jetpack_feature_clip_id":0,"_jetpack_memberships_contains_paid_content":false,"footnotes":"","jetpack_publicize_message":"","jetpack_publicize_feature_enabled":true,"jetpack_social_post_already_shared":false,"jetpack_social_options":{"image_generator_settings":{"template":"highway","default_image_id":0,"font":"","enabled":false},"version":2},"jetpack_post_was_ever_published":false},"categories":[53870],"tags":[128932141,177066,1297202,789560560,41381665,929357,4892398],"class_list":["post-1523","post","type-post","status-publish","format-standard","hentry","category-futebol","tag-alan-mineiro","tag-corinthians","tag-fagner","tag-futebol","tag-itaquerao","tag-paulistao","tag-red-bull-brasil"],"yoast_head":"<!-- This site is optimized with the Yoast SEO plugin v28.4 - https:\/\/yoast.com\/product\/yoast-seo-wordpress\/ -->\n<title>Corinthians passeia no Itaquer\u00e3o - PR\u00d3SPERI NEWS<\/title>\n<meta name=\"robots\" content=\"index, follow, max-snippet:-1, max-image-preview:large, max-video-preview:-1\" \/>\n<link rel=\"canonical\" href=\"https:\/\/blogdoprosperi.com\/?p=1523\" \/>\n<meta property=\"og:locale\" content=\"pt_BR\" \/>\n<meta property=\"og:type\" content=\"article\" \/>\n<meta property=\"og:title\" content=\"Corinthians passeia no Itaquer\u00e3o - PR\u00d3SPERI NEWS\" \/>\n<meta property=\"og:description\" content=\"&nbsp; O Corinthians vai decidir as semifinais e uma eventual final do Campeonato Paulista no Itaquer\u00e3o. Conseguiu essa [&hellip;]\" \/>\n<meta property=\"og:url\" content=\"https:\/\/blogdoprosperi.com\/?p=1523\" \/>\n<meta property=\"og:site_name\" content=\"PR\u00d3SPERI NEWS\" \/>\n<meta property=\"article:publisher\" content=\"Luiz Pr\u00f3speri\" \/>\n<meta property=\"article:author\" content=\"Luiz Pr\u00f3speri\" \/>\n<meta property=\"article:published_time\" content=\"2016-04-16T21:29:44+00:00\" \/>\n<meta property=\"article:modified_time\" content=\"2016-04-16T21:48:12+00:00\" \/>\n<meta property=\"og:image\" content=\"https:\/\/blogdoprosperi.com\/wp-content\/uploads\/2016\/04\/pro3.jpg\" \/>\n<meta name=\"author\" content=\"Luiz Ant\u00f4nio Pr\u00f3speri\" \/>\n<meta name=\"twitter:card\" content=\"summary_large_image\" \/>\n<meta name=\"twitter:creator\" content=\"@Luizprosperi\" \/>\n<meta name=\"twitter:site\" content=\"@Luizprosperi\" \/>\n<meta name=\"twitter:label1\" content=\"Escrito por\" \/>\n\t<meta name=\"twitter:data1\" content=\"Luiz Ant\u00f4nio Pr\u00f3speri\" \/>\n\t<meta name=\"twitter:label2\" content=\"Est. tempo de leitura\" \/>\n\t<meta name=\"twitter:data2\" content=\"3 minutos\" \/>\n<script type=\"application\/ld+json\" class=\"yoast-schema-graph\">{\"@context\":\"https:\\\/\\\/schema.org\",\"@graph\":[{\"@type\":\"Article\",\"@id\":\"https:\\\/\\\/blogdoprosperi.com\\\/?p=1523#article\",\"isPartOf\":{\"@id\":\"https:\\\/\\\/blogdoprosperi.com\\\/?p=1523\"},\"author\":{\"name\":\"Luiz Ant\u00f4nio Pr\u00f3speri\",\"@id\":\"https:\\\/\\\/blogdoprosperi.com\\\/#\\\/schema\\\/person\\\/38100755ce3601861ee4fab9b5aa78e9\"},\"headline\":\"Corinthians passeia no Itaquer\u00e3o\",\"datePublished\":\"2016-04-16T21:29:44+00:00\",\"dateModified\":\"2016-04-16T21:48:12+00:00\",\"mainEntityOfPage\":{\"@id\":\"https:\\\/\\\/blogdoprosperi.com\\\/?p=1523\"},\"wordCount\":583,\"commentCount\":0,\"publisher\":{\"@id\":\"https:\\\/\\\/blogdoprosperi.com\\\/#\\\/schema\\\/person\\\/38100755ce3601861ee4fab9b5aa78e9\"},\"image\":{\"@id\":\"https:\\\/\\\/blogdoprosperi.com\\\/?p=1523#primaryimage\"},\"thumbnailUrl\":\"https:\\\/\\\/blogdoprosperi.com\\\/wp-content\\\/uploads\\\/2016\\\/04\\\/pro3.jpg\",\"keywords\":[\"Alan Mineiro\",\"Corinthians\",\"fagner\",\"futebol\",\"Itaquer\u00e3o\",\"Paulist\u00e3o\",\"Red Bull Brasil\"],\"articleSection\":[\"futebol\"],\"inLanguage\":\"pt-BR\",\"potentialAction\":[{\"@type\":\"CommentAction\",\"name\":\"Comment\",\"target\":[\"https:\\\/\\\/blogdoprosperi.com\\\/?p=1523#respond\"]}]},{\"@type\":\"WebPage\",\"@id\":\"https:\\\/\\\/blogdoprosperi.com\\\/?p=1523\",\"url\":\"https:\\\/\\\/blogdoprosperi.com\\\/?p=1523\",\"name\":\"Corinthians passeia no Itaquer\u00e3o - PR\u00d3SPERI NEWS\",\"isPartOf\":{\"@id\":\"https:\\\/\\\/blogdoprosperi.com\\\/#website\"},\"primaryImageOfPage\":{\"@id\":\"https:\\\/\\\/blogdoprosperi.com\\\/?p=1523#primaryimage\"},\"image\":{\"@id\":\"https:\\\/\\\/blogdoprosperi.com\\\/?p=1523#primaryimage\"},\"thumbnailUrl\":\"https:\\\/\\\/blogdoprosperi.com\\\/wp-content\\\/uploads\\\/2016\\\/04\\\/pro3.jpg\",\"datePublished\":\"2016-04-16T21:29:44+00:00\",\"dateModified\":\"2016-04-16T21:48:12+00:00\",\"breadcrumb\":{\"@id\":\"https:\\\/\\\/blogdoprosperi.com\\\/?p=1523#breadcrumb\"},\"inLanguage\":\"pt-BR\",\"potentialAction\":[{\"@type\":\"ReadAction\",\"target\":[\"https:\\\/\\\/blogdoprosperi.com\\\/?p=1523\"]}]},{\"@type\":\"ImageObject\",\"inLanguage\":\"pt-BR\",\"@id\":\"https:\\\/\\\/blogdoprosperi.com\\\/?p=1523#primaryimage\",\"url\":\"https:\\\/\\\/i0.wp.com\\\/blogdoprosperi.com\\\/wp-content\\\/uploads\\\/2016\\\/04\\\/pro3.jpg?fit=2300%2C1534&ssl=1\",\"contentUrl\":\"https:\\\/\\\/i0.wp.com\\\/blogdoprosperi.com\\\/wp-content\\\/uploads\\\/2016\\\/04\\\/pro3.jpg?fit=2300%2C1534&ssl=1\",\"width\":2300,\"height\":1534},{\"@type\":\"BreadcrumbList\",\"@id\":\"https:\\\/\\\/blogdoprosperi.com\\\/?p=1523#breadcrumb\",\"itemListElement\":[{\"@type\":\"ListItem\",\"position\":1,\"name\":\"In\u00edcio\",\"item\":\"https:\\\/\\\/blogdoprosperi.com\\\/\"},{\"@type\":\"ListItem\",\"position\":2,\"name\":\"Corinthians passeia no Itaquer\u00e3o\"}]},{\"@type\":\"WebSite\",\"@id\":\"https:\\\/\\\/blogdoprosperi.com\\\/#website\",\"url\":\"https:\\\/\\\/blogdoprosperi.com\\\/\",\"name\":\"PR\u00d3SPERI NEWS\",\"description\":\"TUDO \u00c9  FUTEBOL\",\"publisher\":{\"@id\":\"https:\\\/\\\/blogdoprosperi.com\\\/#\\\/schema\\\/person\\\/38100755ce3601861ee4fab9b5aa78e9\"},\"alternateName\":\"blogdoprosperi.com\",\"potentialAction\":[{\"@type\":\"SearchAction\",\"target\":{\"@type\":\"EntryPoint\",\"urlTemplate\":\"https:\\\/\\\/blogdoprosperi.com\\\/?s={search_term_string}\"},\"query-input\":{\"@type\":\"PropertyValueSpecification\",\"valueRequired\":true,\"valueName\":\"search_term_string\"}}],\"inLanguage\":\"pt-BR\"},{\"@type\":[\"Person\",\"Organization\"],\"@id\":\"https:\\\/\\\/blogdoprosperi.com\\\/#\\\/schema\\\/person\\\/38100755ce3601861ee4fab9b5aa78e9\",\"name\":\"Luiz Ant\u00f4nio Pr\u00f3speri\",\"pronouns\":\"ele\",\"image\":{\"@type\":\"ImageObject\",\"inLanguage\":\"pt-BR\",\"@id\":\"https:\\\/\\\/i0.wp.com\\\/blogdoprosperi.com\\\/wp-content\\\/uploads\\\/2026\\\/05\\\/cropped-8059e613-6002-42fa-961e-8e275f575d71-2-5.jpg?fit=1360%2C931&ssl=1\",\"url\":\"https:\\\/\\\/i0.wp.com\\\/blogdoprosperi.com\\\/wp-content\\\/uploads\\\/2026\\\/05\\\/cropped-8059e613-6002-42fa-961e-8e275f575d71-2-5.jpg?fit=1360%2C931&ssl=1\",\"contentUrl\":\"https:\\\/\\\/i0.wp.com\\\/blogdoprosperi.com\\\/wp-content\\\/uploads\\\/2026\\\/05\\\/cropped-8059e613-6002-42fa-961e-8e275f575d71-2-5.jpg?fit=1360%2C931&ssl=1\",\"width\":1360,\"height\":931,\"caption\":\"Luiz Ant\u00f4nio Pr\u00f3speri\"},\"logo\":{\"@id\":\"https:\\\/\\\/i0.wp.com\\\/blogdoprosperi.com\\\/wp-content\\\/uploads\\\/2026\\\/05\\\/cropped-8059e613-6002-42fa-961e-8e275f575d71-2-5.jpg?fit=1360%2C931&ssl=1\"},\"description\":\"Jornalista com carreira dedicada ao esporte. Cobriu 9 Copas do Mundo in loco, 1990 na It\u00e1lia, 1994 nos EUA, 1998 na Fran\u00e7a, 2002 na Coreia do Sul e Jap\u00e3o, 2006 na Alemanha, 2010 na \u00c1frica do Sul, 2014 no Brasil, 2018 na R\u00fassia e 2022 no Qatar. Eurocopas, 1992 na Su\u00e9cia e 1996 na Inglaterra. Copa das Confedera\u00e7\u00f5es de 2005 na Alemanha e 2009 na \u00c1frica do Sul. Rep\u00f3rter e Editor, trabalhou no Jornal da Tarde e Estad\u00e3o, de 1984 a fevereiro de 2016. Colunista, blogueiro. E comentarista de futebol na R\u00e1dio Estad\u00e3o, de 2013 a fevereiro de 2016. Jornalista respons\u00e1vel do \\\"Pr\u00f3speri News\\\" (blogdoprosperi.com).\",\"sameAs\":[\"http:\\\/\\\/blogdoprosperi.com\",\"Luiz Pr\u00f3speri\",\"@luiz_prosperi\",\"https:\\\/\\\/x.com\\\/Luizprosperi\",\"@prosperinacopa\",\"luiz.prosperi@icloud.com\"],\"url\":\"https:\\\/\\\/blogdoprosperi.com\\\/?author=102107496\"}]}<\/script>\n<!-- \/ Yoast SEO plugin. -->","yoast_head_json":{"title":"Corinthians passeia no Itaquer\u00e3o - PR\u00d3SPERI NEWS","robots":{"index":"index","follow":"follow","max-snippet":"max-snippet:-1","max-image-preview":"max-image-preview:large","max-video-preview":"max-video-preview:-1"},"canonical":"https:\/\/blogdoprosperi.com\/?p=1523","og_locale":"pt_BR","og_type":"article","og_title":"Corinthians passeia no Itaquer\u00e3o - PR\u00d3SPERI NEWS","og_description":"&nbsp; O Corinthians vai decidir as semifinais e uma eventual final do Campeonato Paulista no Itaquer\u00e3o. Conseguiu essa [&hellip;]","og_url":"https:\/\/blogdoprosperi.com\/?p=1523","og_site_name":"PR\u00d3SPERI NEWS","article_publisher":"Luiz Pr\u00f3speri","article_author":"Luiz Pr\u00f3speri","article_published_time":"2016-04-16T21:29:44+00:00","article_modified_time":"2016-04-16T21:48:12+00:00","og_image":[{"url":"https:\/\/blogdoprosperi.com\/wp-content\/uploads\/2016\/04\/pro3.jpg","type":"","width":"","height":""}],"author":"Luiz Ant\u00f4nio Pr\u00f3speri","twitter_card":"summary_large_image","twitter_creator":"@Luizprosperi","twitter_site":"@Luizprosperi","twitter_misc":{"Escrito por":"Luiz Ant\u00f4nio Pr\u00f3speri","Est. tempo de leitura":"3 minutos"},"schema":{"@context":"https:\/\/schema.org","@graph":[{"@type":"Article","@id":"https:\/\/blogdoprosperi.com\/?p=1523#article","isPartOf":{"@id":"https:\/\/blogdoprosperi.com\/?p=1523"},"author":{"name":"Luiz Ant\u00f4nio Pr\u00f3speri","@id":"https:\/\/blogdoprosperi.com\/#\/schema\/person\/38100755ce3601861ee4fab9b5aa78e9"},"headline":"Corinthians passeia no Itaquer\u00e3o","datePublished":"2016-04-16T21:29:44+00:00","dateModified":"2016-04-16T21:48:12+00:00","mainEntityOfPage":{"@id":"https:\/\/blogdoprosperi.com\/?p=1523"},"wordCount":583,"commentCount":0,"publisher":{"@id":"https:\/\/blogdoprosperi.com\/#\/schema\/person\/38100755ce3601861ee4fab9b5aa78e9"},"image":{"@id":"https:\/\/blogdoprosperi.com\/?p=1523#primaryimage"},"thumbnailUrl":"https:\/\/blogdoprosperi.com\/wp-content\/uploads\/2016\/04\/pro3.jpg","keywords":["Alan Mineiro","Corinthians","fagner","futebol","Itaquer\u00e3o","Paulist\u00e3o","Red Bull Brasil"],"articleSection":["futebol"],"inLanguage":"pt-BR","potentialAction":[{"@type":"CommentAction","name":"Comment","target":["https:\/\/blogdoprosperi.com\/?p=1523#respond"]}]},{"@type":"WebPage","@id":"https:\/\/blogdoprosperi.com\/?p=1523","url":"https:\/\/blogdoprosperi.com\/?p=1523","name":"Corinthians passeia no Itaquer\u00e3o - PR\u00d3SPERI NEWS","isPartOf":{"@id":"https:\/\/blogdoprosperi.com\/#website"},"primaryImageOfPage":{"@id":"https:\/\/blogdoprosperi.com\/?p=1523#primaryimage"},"image":{"@id":"https:\/\/blogdoprosperi.com\/?p=1523#primaryimage"},"thumbnailUrl":"https:\/\/blogdoprosperi.com\/wp-content\/uploads\/2016\/04\/pro3.jpg","datePublished":"2016-04-16T21:29:44+00:00","dateModified":"2016-04-16T21:48:12+00:00","breadcrumb":{"@id":"https:\/\/blogdoprosperi.com\/?p=1523#breadcrumb"},"inLanguage":"pt-BR","potentialAction":[{"@type":"ReadAction","target":["https:\/\/blogdoprosperi.com\/?p=1523"]}]},{"@type":"ImageObject","inLanguage":"pt-BR","@id":"https:\/\/blogdoprosperi.com\/?p=1523#primaryimage","url":"https:\/\/i0.wp.com\/blogdoprosperi.com\/wp-content\/uploads\/2016\/04\/pro3.jpg?fit=2300%2C1534&ssl=1","contentUrl":"https:\/\/i0.wp.com\/blogdoprosperi.com\/wp-content\/uploads\/2016\/04\/pro3.jpg?fit=2300%2C1534&ssl=1","width":2300,"height":1534},{"@type":"BreadcrumbList","@id":"https:\/\/blogdoprosperi.com\/?p=1523#breadcrumb","itemListElement":[{"@type":"ListItem","position":1,"name":"In\u00edcio","item":"https:\/\/blogdoprosperi.com\/"},{"@type":"ListItem","position":2,"name":"Corinthians passeia no Itaquer\u00e3o"}]},{"@type":"WebSite","@id":"https:\/\/blogdoprosperi.com\/#website","url":"https:\/\/blogdoprosperi.com\/","name":"PR\u00d3SPERI NEWS","description":"TUDO \u00c9  FUTEBOL","publisher":{"@id":"https:\/\/blogdoprosperi.com\/#\/schema\/person\/38100755ce3601861ee4fab9b5aa78e9"},"alternateName":"blogdoprosperi.com","potentialAction":[{"@type":"SearchAction","target":{"@type":"EntryPoint","urlTemplate":"https:\/\/blogdoprosperi.com\/?s={search_term_string}"},"query-input":{"@type":"PropertyValueSpecification","valueRequired":true,"valueName":"search_term_string"}}],"inLanguage":"pt-BR"},{"@type":["Person","Organization"],"@id":"https:\/\/blogdoprosperi.com\/#\/schema\/person\/38100755ce3601861ee4fab9b5aa78e9","name":"Luiz Ant\u00f4nio Pr\u00f3speri","pronouns":"ele","image":{"@type":"ImageObject","inLanguage":"pt-BR","@id":"https:\/\/i0.wp.com\/blogdoprosperi.com\/wp-content\/uploads\/2026\/05\/cropped-8059e613-6002-42fa-961e-8e275f575d71-2-5.jpg?fit=1360%2C931&ssl=1","url":"https:\/\/i0.wp.com\/blogdoprosperi.com\/wp-content\/uploads\/2026\/05\/cropped-8059e613-6002-42fa-961e-8e275f575d71-2-5.jpg?fit=1360%2C931&ssl=1","contentUrl":"https:\/\/i0.wp.com\/blogdoprosperi.com\/wp-content\/uploads\/2026\/05\/cropped-8059e613-6002-42fa-961e-8e275f575d71-2-5.jpg?fit=1360%2C931&ssl=1","width":1360,"height":931,"caption":"Luiz Ant\u00f4nio Pr\u00f3speri"},"logo":{"@id":"https:\/\/i0.wp.com\/blogdoprosperi.com\/wp-content\/uploads\/2026\/05\/cropped-8059e613-6002-42fa-961e-8e275f575d71-2-5.jpg?fit=1360%2C931&ssl=1"},"description":"Jornalista com carreira dedicada ao esporte. Cobriu 9 Copas do Mundo in loco, 1990 na It\u00e1lia, 1994 nos EUA, 1998 na Fran\u00e7a, 2002 na Coreia do Sul e Jap\u00e3o, 2006 na Alemanha, 2010 na \u00c1frica do Sul, 2014 no Brasil, 2018 na R\u00fassia e 2022 no Qatar. Eurocopas, 1992 na Su\u00e9cia e 1996 na Inglaterra. Copa das Confedera\u00e7\u00f5es de 2005 na Alemanha e 2009 na \u00c1frica do Sul. Rep\u00f3rter e Editor, trabalhou no Jornal da Tarde e Estad\u00e3o, de 1984 a fevereiro de 2016. Colunista, blogueiro. E comentarista de futebol na R\u00e1dio Estad\u00e3o, de 2013 a fevereiro de 2016. Jornalista respons\u00e1vel do \"Pr\u00f3speri News\" (blogdoprosperi.com).","sameAs":["http:\/\/blogdoprosperi.com","Luiz Pr\u00f3speri","@luiz_prosperi","https:\/\/x.com\/Luizprosperi","@prosperinacopa","luiz.prosperi@icloud.com"],"url":"https:\/\/blogdoprosperi.com\/?author=102107496"}]}},"jetpack_publicize_connections":[],"jetpack_likes_enabled":false,"jetpack_sharing_enabled":true,"jetpack_shortlink":"https:\/\/wp.me\/p7jvdk-oz","jetpack-related-posts":[{"id":3485,"url":"https:\/\/blogdoprosperi.com\/?p=3485","url_meta":{"origin":1523,"position":0},"title":"Corinthians cai fora da Libertadores e abala supremacia de Tite","author":"Luiz Ant\u00f4nio Pr\u00f3speri","date":"5 de maio de 2016","format":false,"excerpt":"\u00a0 O empate por 0 a 0 no jogo de ida contra o Nacional em Montevid\u00e9u, quando o time n\u00e3o deu um m\u00edsero chute ao gol, entregou a conta ao Corinthians nesta quarta-feira, 04\/5, no Itaquer\u00e3o. Obrigado a vencer em casa, diante de mais de 43 mil torcedores, o time\u2026","rel":"","context":"Em &quot;futebol&quot;","block_context":{"text":"futebol","link":"https:\/\/blogdoprosperi.com\/?cat=53870"},"img":{"alt_text":"","src":"https:\/\/i0.wp.com\/blogdoprosperi.com\/wp-content\/uploads\/2016\/05\/gazeta-press-foto-andre-corinthians.jpg?resize=350%2C200&ssl=1","width":350,"height":200,"srcset":"https:\/\/i0.wp.com\/blogdoprosperi.com\/wp-content\/uploads\/2016\/05\/gazeta-press-foto-andre-corinthians.jpg?resize=350%2C200&ssl=1 1x, https:\/\/i0.wp.com\/blogdoprosperi.com\/wp-content\/uploads\/2016\/05\/gazeta-press-foto-andre-corinthians.jpg?resize=525%2C300&ssl=1 1.5x"},"classes":[]},{"id":2275,"url":"https:\/\/blogdoprosperi.com\/?p=2275","url_meta":{"origin":1523,"position":1},"title":"Tite cai em mais uma decis\u00e3o importante no Itaquer\u00e3o","author":"Luiz Ant\u00f4nio Pr\u00f3speri","date":"24 de abril de 2016","format":false,"excerpt":"Aclamado melhor treinador do Brasil, t\u00e9cnico do Corinthians sai eliminado em casa mais uma vez e se rende ao esquema do inovador Fernando Diniz, do Audax Tite n\u00e3o consegue superar os jogos importantes de mata-mata no Itaquer\u00e3o. Diante do Osasco Audax, valendo vaga na final do Campeonato Paulista 2016, o\u2026","rel":"","context":"Em &quot;futebol&quot;","block_context":{"text":"futebol","link":"https:\/\/blogdoprosperi.com\/?cat=53870"},"img":{"alt_text":"","src":"https:\/\/i0.wp.com\/blogdoprosperi.com\/wp-content\/uploads\/2016\/04\/dsc_0469.jpg?resize=350%2C200&ssl=1","width":350,"height":200,"srcset":"https:\/\/i0.wp.com\/blogdoprosperi.com\/wp-content\/uploads\/2016\/04\/dsc_0469.jpg?resize=350%2C200&ssl=1 1x, https:\/\/i0.wp.com\/blogdoprosperi.com\/wp-content\/uploads\/2016\/04\/dsc_0469.jpg?resize=525%2C300&ssl=1 1.5x, https:\/\/i0.wp.com\/blogdoprosperi.com\/wp-content\/uploads\/2016\/04\/dsc_0469.jpg?resize=700%2C400&ssl=1 2x, https:\/\/i0.wp.com\/blogdoprosperi.com\/wp-content\/uploads\/2016\/04\/dsc_0469.jpg?resize=1050%2C600&ssl=1 3x, https:\/\/i0.wp.com\/blogdoprosperi.com\/wp-content\/uploads\/2016\/04\/dsc_0469.jpg?resize=1400%2C800&ssl=1 4x"},"classes":[]},{"id":35589,"url":"https:\/\/blogdoprosperi.com\/?p=35589","url_meta":{"origin":1523,"position":2},"title":"Rogerio Ceni se fortalece e Carille se enfraquece na queda de Corinthians e S\u00e3o Paulo","author":"Luiz Ant\u00f4nio Pr\u00f3speri","date":"20 de abril de 2017","format":false,"excerpt":"Corinthians e S\u00e3o Paulo est\u00e3o fora da Copa do Brasil, antes mesmo das oitavas de final. Ca\u00edram de m\u00e3os dadas nos confrontos contra Internacional e Cruzeiro nesta quarta-feira. No domingo, decidem vaga \u00e0 final do Campeonato Paulista no Itaquer\u00e3o. Vai sobreviver quem assimilar com mais naturalidade o desastre que colheram\u2026","rel":"","context":"Em &quot;futebol&quot;","block_context":{"text":"futebol","link":"https:\/\/blogdoprosperi.com\/?cat=53870"},"img":{"alt_text":"Carille sem problemas no Corinthians","src":"https:\/\/i0.wp.com\/blogdoprosperi.com\/wp-content\/uploads\/2017\/04\/a3363f115083_8numj4t.jpg?resize=350%2C200","width":350,"height":200,"srcset":"https:\/\/i0.wp.com\/blogdoprosperi.com\/wp-content\/uploads\/2017\/04\/a3363f115083_8numj4t.jpg?resize=350%2C200 1x, https:\/\/i0.wp.com\/blogdoprosperi.com\/wp-content\/uploads\/2017\/04\/a3363f115083_8numj4t.jpg?resize=525%2C300 1.5x"},"classes":[]},{"id":16602,"url":"https:\/\/blogdoprosperi.com\/?p=16602","url_meta":{"origin":1523,"position":3},"title":"Corinthians precisa urgente de Pato e S\u00e3o Paulo busca atacante gringo","author":"Luiz Ant\u00f4nio Pr\u00f3speri","date":"18 de julho de 2016","format":false,"excerpt":"Empate no cl\u00e1ssico no Itaquer\u00e3o deixa claro a necessidade que o Corinthians tem de um atacante acima da m\u00e9dia. Nome dele \u00e9 Alexandre Pato, em fase final de recondicionamento f\u00edsico. O S\u00e3o Paulo, depois de se espatifar na Libertadores e perder de uma tacada s\u00f3 Ganso, Calleri e Alan Kardec,\u2026","rel":"","context":"Em &quot;Campeonato Brasileiro&quot;","block_context":{"text":"Campeonato Brasileiro","link":"https:\/\/blogdoprosperi.com\/?cat=355071"},"img":{"alt_text":"","src":"https:\/\/i0.wp.com\/blogdoprosperi.com\/wp-content\/uploads\/2016\/07\/corinthians_empatou_com_o_sao_paulo_na_arena_op.jpg?resize=350%2C200","width":350,"height":200,"srcset":"https:\/\/i0.wp.com\/blogdoprosperi.com\/wp-content\/uploads\/2016\/07\/corinthians_empatou_com_o_sao_paulo_na_arena_op.jpg?resize=350%2C200 1x, https:\/\/i0.wp.com\/blogdoprosperi.com\/wp-content\/uploads\/2016\/07\/corinthians_empatou_com_o_sao_paulo_na_arena_op.jpg?resize=525%2C300 1.5x"},"classes":[]},{"id":22570,"url":"https:\/\/blogdoprosperi.com\/?p=22570","url_meta":{"origin":1523,"position":4},"title":"Corinthians e Crist\u00f3v\u00e3o Borges devem a Marlone a virada em cima do Vit\u00f3ria","author":"Luiz Ant\u00f4nio Pr\u00f3speri","date":"22 de agosto de 2016","format":false,"excerpt":"Corinthians volta a vencer no Brasileir\u00e3o ap\u00f3s angustiantes seis rodadas sem um \u00fanico triunfo. De virada, derrotou o desesperado Vit\u00f3ria por 2 a 1 no Itaquer\u00e3o a 9 graus nesta noite de segunda-feira. O resultado, a marcar a reconcilia\u00e7\u00e3o com a torcida, se deve \u00e0 entrada de Marlone no segundo\u2026","rel":"","context":"Em &quot;futebol&quot;","block_context":{"text":"futebol","link":"https:\/\/blogdoprosperi.com\/?cat=53870"},"img":{"alt_text":"","src":"https:\/\/i0.wp.com\/blogdoprosperi.com\/wp-content\/uploads\/2016\/08\/rib_3616.jpg?resize=350%2C200&ssl=1","width":350,"height":200,"srcset":"https:\/\/i0.wp.com\/blogdoprosperi.com\/wp-content\/uploads\/2016\/08\/rib_3616.jpg?resize=350%2C200&ssl=1 1x, https:\/\/i0.wp.com\/blogdoprosperi.com\/wp-content\/uploads\/2016\/08\/rib_3616.jpg?resize=525%2C300&ssl=1 1.5x"},"classes":[]},{"id":26907,"url":"https:\/\/blogdoprosperi.com\/?p=26907","url_meta":{"origin":1523,"position":5},"title":"Corinthians vence Cruzeiro e perde prest\u00edgio da Fiel no Itaquer\u00e3o","author":"Luiz Ant\u00f4nio Pr\u00f3speri","date":"29 de setembro de 2016","format":false,"excerpt":"Corinthians entra naquele per\u00edodo de mais d\u00favidas do que certezas. Patina no Brasileir\u00e3o, continua sob comando de t\u00e9cnico interino, sempre \u00e0 espera da espada a cortar sua cabe\u00e7a, e come\u00e7a a se sentir abandonado por sua torcida. E o futuro na Copa do Brasil, poss\u00edvel salva\u00e7\u00e3o da temporada, tamb\u00e9m provoca\u2026","rel":"","context":"Em &quot;futebol&quot;","block_context":{"text":"futebol","link":"https:\/\/blogdoprosperi.com\/?cat=53870"},"img":{"alt_text":"","src":"https:\/\/i0.wp.com\/blogdoprosperi.com\/wp-content\/uploads\/2016\/09\/ctfxgmpwgaa8f3k.jpg?resize=350%2C200&ssl=1","width":350,"height":200,"srcset":"https:\/\/i0.wp.com\/blogdoprosperi.com\/wp-content\/uploads\/2016\/09\/ctfxgmpwgaa8f3k.jpg?resize=350%2C200&ssl=1 1x, https:\/\/i0.wp.com\/blogdoprosperi.com\/wp-content\/uploads\/2016\/09\/ctfxgmpwgaa8f3k.jpg?resize=525%2C300&ssl=1 1.5x, https:\/\/i0.wp.com\/blogdoprosperi.com\/wp-content\/uploads\/2016\/09\/ctfxgmpwgaa8f3k.jpg?resize=700%2C400&ssl=1 2x, https:\/\/i0.wp.com\/blogdoprosperi.com\/wp-content\/uploads\/2016\/09\/ctfxgmpwgaa8f3k.jpg?resize=1050%2C600&ssl=1 3x"},"classes":[]}],"jetpack_featured_media_url":"","_links":{"self":[{"href":"https:\/\/blogdoprosperi.com\/index.php?rest_route=\/wp\/v2\/posts\/1523","targetHints":{"allow":["GET"]}}],"collection":[{"href":"https:\/\/blogdoprosperi.com\/index.php?rest_route=\/wp\/v2\/posts"}],"about":[{"href":"https:\/\/blogdoprosperi.com\/index.php?rest_route=\/wp\/v2\/types\/post"}],"author":[{"embeddable":true,"href":"https:\/\/blogdoprosperi.com\/index.php?rest_route=\/wp\/v2\/users\/102107496"}],"replies":[{"embeddable":true,"href":"https:\/\/blogdoprosperi.com\/index.php?rest_route=%2Fwp%2Fv2%2Fcomments&post=1523"}],"version-history":[{"count":25,"href":"https:\/\/blogdoprosperi.com\/index.php?rest_route=\/wp\/v2\/posts\/1523\/revisions"}],"predecessor-version":[{"id":1592,"href":"https:\/\/blogdoprosperi.com\/index.php?rest_route=\/wp\/v2\/posts\/1523\/revisions\/1592"}],"wp:attachment":[{"href":"https:\/\/blogdoprosperi.com\/index.php?rest_route=%2Fwp%2Fv2%2Fmedia&parent=1523"}],"wp:term":[{"taxonomy":"category","embeddable":true,"href":"https:\/\/blogdoprosperi.com\/index.php?rest_route=%2Fwp%2Fv2%2Fcategories&post=1523"},{"taxonomy":"post_tag","embeddable":true,"href":"https:\/\/blogdoprosperi.com\/index.php?rest_route=%2Fwp%2Fv2%2Ftags&post=1523"}],"curies":[{"name":"wp","href":"https:\/\/api.w.org\/{rel}","templated":true}]}}