{"id":15538,"date":"2016-07-09T16:11:22","date_gmt":"2016-07-09T16:11:22","guid":{"rendered":"http:\/\/blogdoprosperi.com\/?p=15538"},"modified":"2016-07-09T16:11:23","modified_gmt":"2016-07-09T16:11:23","slug":"pato-diz-nao-a-lazio-e-garante-que-vai-jogar-no-corinthians-ate-dezembro","status":"publish","type":"post","link":"https:\/\/blogdoprosperi.com\/?p=15538","title":{"rendered":"Pato diz n\u00e3o \u00e0 Lazio e garante que vai jogar no Corinthians at\u00e9 dezembro"},"content":{"rendered":"<figure id=\"attachment_15585\" aria-describedby=\"caption-attachment-15585\" style=\"width: 620px\" class=\"wp-caption alignnone\"><img data-recalc-dims=\"1\" loading=\"lazy\" decoding=\"async\" data-attachment-id=\"15585\" data-permalink=\"https:\/\/blogdoprosperi.com\/?attachment_id=15585\" data-orig-file=\"https:\/\/i0.wp.com\/blogdoprosperi.com\/wp-content\/uploads\/2016\/07\/corinthians-pato-treino-sorriso-640x480-agencia-corinthians.jpg?fit=620%2C465&amp;ssl=1\" data-orig-size=\"620,465\" data-comments-opened=\"1\" data-image-meta=\"{&quot;aperture&quot;:&quot;0&quot;,&quot;credit&quot;:&quot;&quot;,&quot;camera&quot;:&quot;&quot;,&quot;caption&quot;:&quot;&quot;,&quot;created_timestamp&quot;:&quot;0&quot;,&quot;copyright&quot;:&quot;&quot;,&quot;focal_length&quot;:&quot;0&quot;,&quot;iso&quot;:&quot;0&quot;,&quot;shutter_speed&quot;:&quot;0&quot;,&quot;title&quot;:&quot;&quot;,&quot;orientation&quot;:&quot;0&quot;}\" data-image-title=\"corinthians-pato-treino-sorriso-640&amp;#215;480-agencia-corinthians\" data-image-description=\"\" data-image-caption=\"\" data-large-file=\"https:\/\/i0.wp.com\/blogdoprosperi.com\/wp-content\/uploads\/2016\/07\/corinthians-pato-treino-sorriso-640x480-agencia-corinthians.jpg?fit=620%2C465&amp;ssl=1\" class=\"alignnone size-full wp-image-15585\" src=\"https:\/\/i0.wp.com\/blogdoprosperi.com\/wp-content\/uploads\/2016\/07\/corinthians-pato-treino-sorriso-640x480-agencia-corinthians.jpg?resize=620%2C465&#038;ssl=1\" alt=\"corinthians-pato-treino-sorriso-640x480-agencia-corinthians\" width=\"620\" height=\"465\" \/><figcaption id=\"caption-attachment-15585\" class=\"wp-caption-text\">Pato treina o CT Joaquim Grava &#8211; Foto: Ag\u00eancia Corinthians<\/figcaption><\/figure>\n<p>Corinthians vai ser obrigado a ficar com Alexandre Pato at\u00e9 dezembro. E bancando R$ 800 mil mensais de sal\u00e1rios. A decis\u00e3o n\u00e3o partiu dos dirigentes do clube paulista e sim do pr\u00f3prio jogador. Pato, segundo o diretor da Lazio, Igle Tare, rejeitou a proposta do time italiano e ainda deixou claro que vai jogar no Brasil at\u00e9 o fim deste ano.<\/p>\n<p>Essa decis\u00e3o do atacante pegou de surpresa dirigentes da Lazio, que davam como certo o acordo mesmo com a sa\u00edda surpreendente de Marcelo Bielsa &#8211; o treinador argentino desistiu de assumir a Lazio depois de fechar contrato com o clube italiano. Bielsa havia pedido a contrata\u00e7\u00e3o de Pato.<\/p>\n<p>Veja o que disse \u00a0diretor da Lazio neste s\u00e1bado (09\/7) em Roma:<\/p>\n<blockquote><p>&#8220;Ele (Marcelo Bielsa) me pediu para contratar Pato. Eu disse que ele \u00e9 um jogador de qualidade, mas com ressalvas. Ele me pediu para fazer de tudo para lev\u00e1-lo para Roma, eu fui falar com seu agente para formular uma proposta para um contrato de quatro anos a partir do ponto de vista econ\u00f4mico nosso. Bielsa sabia do padr\u00e3o de sal\u00e1rios da Lazio. A proposta ao Pato foi t\u00e3o perto dos n\u00fameros do contrato de Klose (atacante alem\u00e3o). O Pato falou para n\u00f3s que ele iria falar com a fam\u00edlia antes de responder. No dia seguinte o jogador \u00a0disse que queria permanecer Corinthians at\u00e9 30 de dezembro e que por motivos pessoais n\u00e3o queria sair do Brasil. &#8220;<\/p><\/blockquote>\n<p>A proposta da Lazio previa sal\u00e1rios de 1,5 milh\u00e3o de euros por ano e mais 500 mil euros de b\u00f4nus por conquista. O Corinthians levaria 2 milh\u00f5es de euros sem \u00f4nus.<\/p>\n<p>Com essa reviravolta no caso, o maior prejudicado \u00e9 o Corinthians. Cabem algumas perguntas:<\/p>\n<ol>\n<li>Como Pato vai reverter a enorme, diria gigantesca, rejei\u00e7\u00e3o da torcida corintiana?<\/li>\n<li>Quando ele vai voltar a jogar, depois dos 40 dias de f\u00e9rias e nos \u00faltimos seis meses ter participado apenas de duas partidas pelo Chelsea?<\/li>\n<li>Dirigentes do Corinthians v\u00e3o deix\u00e1-lo \u00e0 vontade para jogar, mesmo sabendo que no fim do ano ele vai embora quando seu contrato vencer?<\/li>\n<li>Crist\u00f3v\u00e3o Borges ter\u00e1 total autonomia para escalar Pato, um jogador que em \u00a0termos financeiros n\u00e3o vai dar nenhum retorno ao Corinthians?<\/li>\n<li>Ao comunicar a Lazio de que vai ficar no Brasil at\u00e9 dezembro, Pato fechou as portas \u00e0 novas eventuais propostas de clubes europeus?<\/li>\n<\/ol>\n<p>Essas quest\u00f5es devem ser respondidas por Pato, dirigentes do Corinthians e Crist\u00f3v\u00e3o Borges.<\/p>\n","protected":false},"excerpt":{"rendered":"<p>Corinthians vai ser obrigado a ficar com Alexandre Pato at\u00e9 dezembro. E bancando R$ 800 mil mensais de [&hellip;]<\/p>\n","protected":false},"author":102107496,"featured_media":0,"comment_status":"open","ping_status":"open","sticky":false,"template":"","format":"standard","meta":{"_coblocks_attr":"","_coblocks_dimensions":"","_coblocks_responsive_height":"","_coblocks_accordion_ie_support":"","_jetpack_newsletter_access":"","_jetpack_dont_email_post_to_subs":false,"_jetpack_newsletter_tier_id":0,"_jetpack_memberships_contains_paywalled_content":false,"_wpcom_ai_launchpad_first_post":false,"_jetpack_feature_clip_id":0,"_jetpack_memberships_contains_paid_content":false,"footnotes":"","jetpack_publicize_message":"","jetpack_publicize_feature_enabled":true,"jetpack_social_post_already_shared":false,"jetpack_social_options":{"image_generator_settings":{"template":"highway","default_image_id":0,"font":"","enabled":false},"version":2},"jetpack_post_was_ever_published":false},"categories":[53870],"tags":[1538408,177066,63615441,789560560,182315,1812710],"class_list":["post-15538","post","type-post","status-publish","format-standard","hentry","category-futebol","tag-alexandre-pato","tag-corinthians","tag-cristovao-borges","tag-futebol","tag-lazio","tag-marcelo-bielsa"],"yoast_head":"<!-- This site is optimized with the Yoast SEO plugin v28.3 - https:\/\/yoast.com\/product\/yoast-seo-wordpress\/ -->\n<title>Pato diz n\u00e3o \u00e0 Lazio e garante que vai jogar no Corinthians at\u00e9 dezembro - PR\u00d3SPERI NEWS<\/title>\n<meta name=\"robots\" content=\"index, follow, max-snippet:-1, max-image-preview:large, max-video-preview:-1\" \/>\n<link rel=\"canonical\" href=\"https:\/\/blogdoprosperi.com\/?p=15538\" \/>\n<meta property=\"og:locale\" content=\"pt_BR\" \/>\n<meta property=\"og:type\" content=\"article\" \/>\n<meta property=\"og:title\" content=\"Pato diz n\u00e3o \u00e0 Lazio e garante que vai jogar no Corinthians at\u00e9 dezembro - PR\u00d3SPERI NEWS\" \/>\n<meta property=\"og:description\" content=\"Corinthians vai ser obrigado a ficar com Alexandre Pato at\u00e9 dezembro. E bancando R$ 800 mil mensais de [&hellip;]\" \/>\n<meta property=\"og:url\" content=\"https:\/\/blogdoprosperi.com\/?p=15538\" \/>\n<meta property=\"og:site_name\" content=\"PR\u00d3SPERI NEWS\" \/>\n<meta property=\"article:publisher\" content=\"Luiz Pr\u00f3speri\" \/>\n<meta property=\"article:author\" content=\"Luiz Pr\u00f3speri\" \/>\n<meta property=\"article:published_time\" content=\"2016-07-09T16:11:22+00:00\" \/>\n<meta property=\"article:modified_time\" content=\"2016-07-09T16:11:23+00:00\" \/>\n<meta property=\"og:image\" content=\"https:\/\/blogdoprosperi.com\/wp-content\/uploads\/2016\/07\/corinthians-pato-treino-sorriso-640x480-agencia-corinthians.jpg\" \/>\n<meta name=\"author\" content=\"Luiz Ant\u00f4nio Pr\u00f3speri\" \/>\n<meta name=\"twitter:card\" content=\"summary_large_image\" \/>\n<meta name=\"twitter:creator\" content=\"@Luizprosperi\" \/>\n<meta name=\"twitter:site\" content=\"@Luizprosperi\" \/>\n<meta name=\"twitter:label1\" content=\"Escrito por\" \/>\n\t<meta name=\"twitter:data1\" content=\"Luiz Ant\u00f4nio Pr\u00f3speri\" \/>\n\t<meta name=\"twitter:label2\" content=\"Est. tempo de leitura\" \/>\n\t<meta name=\"twitter:data2\" content=\"2 minutos\" \/>\n<script type=\"application\/ld+json\" class=\"yoast-schema-graph\">{\"@context\":\"https:\\\/\\\/schema.org\",\"@graph\":[{\"@type\":\"Article\",\"@id\":\"https:\\\/\\\/blogdoprosperi.com\\\/?p=15538#article\",\"isPartOf\":{\"@id\":\"https:\\\/\\\/blogdoprosperi.com\\\/?p=15538\"},\"author\":{\"name\":\"Luiz Ant\u00f4nio Pr\u00f3speri\",\"@id\":\"https:\\\/\\\/blogdoprosperi.com\\\/#\\\/schema\\\/person\\\/38100755ce3601861ee4fab9b5aa78e9\"},\"headline\":\"Pato diz n\u00e3o \u00e0 Lazio e garante que vai jogar no Corinthians at\u00e9 dezembro\",\"datePublished\":\"2016-07-09T16:11:22+00:00\",\"dateModified\":\"2016-07-09T16:11:23+00:00\",\"mainEntityOfPage\":{\"@id\":\"https:\\\/\\\/blogdoprosperi.com\\\/?p=15538\"},\"wordCount\":453,\"commentCount\":3,\"publisher\":{\"@id\":\"https:\\\/\\\/blogdoprosperi.com\\\/#\\\/schema\\\/person\\\/38100755ce3601861ee4fab9b5aa78e9\"},\"image\":{\"@id\":\"https:\\\/\\\/blogdoprosperi.com\\\/?p=15538#primaryimage\"},\"thumbnailUrl\":\"https:\\\/\\\/blogdoprosperi.com\\\/wp-content\\\/uploads\\\/2016\\\/07\\\/corinthians-pato-treino-sorriso-640x480-agencia-corinthians.jpg\",\"keywords\":[\"Alexandre Pato\",\"Corinthians\",\"Crist\u00f3v\u00e3o Borges\",\"futebol\",\"Lazio\",\"Marcelo Bielsa\"],\"articleSection\":[\"futebol\"],\"inLanguage\":\"pt-BR\",\"potentialAction\":[{\"@type\":\"CommentAction\",\"name\":\"Comment\",\"target\":[\"https:\\\/\\\/blogdoprosperi.com\\\/?p=15538#respond\"]}]},{\"@type\":\"WebPage\",\"@id\":\"https:\\\/\\\/blogdoprosperi.com\\\/?p=15538\",\"url\":\"https:\\\/\\\/blogdoprosperi.com\\\/?p=15538\",\"name\":\"Pato diz n\u00e3o \u00e0 Lazio e garante que vai jogar no Corinthians at\u00e9 dezembro - PR\u00d3SPERI NEWS\",\"isPartOf\":{\"@id\":\"https:\\\/\\\/blogdoprosperi.com\\\/#website\"},\"primaryImageOfPage\":{\"@id\":\"https:\\\/\\\/blogdoprosperi.com\\\/?p=15538#primaryimage\"},\"image\":{\"@id\":\"https:\\\/\\\/blogdoprosperi.com\\\/?p=15538#primaryimage\"},\"thumbnailUrl\":\"https:\\\/\\\/blogdoprosperi.com\\\/wp-content\\\/uploads\\\/2016\\\/07\\\/corinthians-pato-treino-sorriso-640x480-agencia-corinthians.jpg\",\"datePublished\":\"2016-07-09T16:11:22+00:00\",\"dateModified\":\"2016-07-09T16:11:23+00:00\",\"breadcrumb\":{\"@id\":\"https:\\\/\\\/blogdoprosperi.com\\\/?p=15538#breadcrumb\"},\"inLanguage\":\"pt-BR\",\"potentialAction\":[{\"@type\":\"ReadAction\",\"target\":[\"https:\\\/\\\/blogdoprosperi.com\\\/?p=15538\"]}]},{\"@type\":\"ImageObject\",\"inLanguage\":\"pt-BR\",\"@id\":\"https:\\\/\\\/blogdoprosperi.com\\\/?p=15538#primaryimage\",\"url\":\"https:\\\/\\\/i0.wp.com\\\/blogdoprosperi.com\\\/wp-content\\\/uploads\\\/2016\\\/07\\\/corinthians-pato-treino-sorriso-640x480-agencia-corinthians.jpg?fit=620%2C465&ssl=1\",\"contentUrl\":\"https:\\\/\\\/i0.wp.com\\\/blogdoprosperi.com\\\/wp-content\\\/uploads\\\/2016\\\/07\\\/corinthians-pato-treino-sorriso-640x480-agencia-corinthians.jpg?fit=620%2C465&ssl=1\",\"width\":620,\"height\":465},{\"@type\":\"BreadcrumbList\",\"@id\":\"https:\\\/\\\/blogdoprosperi.com\\\/?p=15538#breadcrumb\",\"itemListElement\":[{\"@type\":\"ListItem\",\"position\":1,\"name\":\"In\u00edcio\",\"item\":\"https:\\\/\\\/blogdoprosperi.com\\\/\"},{\"@type\":\"ListItem\",\"position\":2,\"name\":\"Pato diz n\u00e3o \u00e0 Lazio e garante que vai jogar no Corinthians at\u00e9 dezembro\"}]},{\"@type\":\"WebSite\",\"@id\":\"https:\\\/\\\/blogdoprosperi.com\\\/#website\",\"url\":\"https:\\\/\\\/blogdoprosperi.com\\\/\",\"name\":\"PR\u00d3SPERI NEWS\",\"description\":\"TUDO \u00c9  FUTEBOL\",\"publisher\":{\"@id\":\"https:\\\/\\\/blogdoprosperi.com\\\/#\\\/schema\\\/person\\\/38100755ce3601861ee4fab9b5aa78e9\"},\"alternateName\":\"blogdoprosperi.com\",\"potentialAction\":[{\"@type\":\"SearchAction\",\"target\":{\"@type\":\"EntryPoint\",\"urlTemplate\":\"https:\\\/\\\/blogdoprosperi.com\\\/?s={search_term_string}\"},\"query-input\":{\"@type\":\"PropertyValueSpecification\",\"valueRequired\":true,\"valueName\":\"search_term_string\"}}],\"inLanguage\":\"pt-BR\"},{\"@type\":[\"Person\",\"Organization\"],\"@id\":\"https:\\\/\\\/blogdoprosperi.com\\\/#\\\/schema\\\/person\\\/38100755ce3601861ee4fab9b5aa78e9\",\"name\":\"Luiz Ant\u00f4nio Pr\u00f3speri\",\"pronouns\":\"ele\",\"image\":{\"@type\":\"ImageObject\",\"inLanguage\":\"pt-BR\",\"@id\":\"https:\\\/\\\/i0.wp.com\\\/blogdoprosperi.com\\\/wp-content\\\/uploads\\\/2026\\\/05\\\/cropped-8059e613-6002-42fa-961e-8e275f575d71-2-5.jpg?fit=1360%2C931&ssl=1\",\"url\":\"https:\\\/\\\/i0.wp.com\\\/blogdoprosperi.com\\\/wp-content\\\/uploads\\\/2026\\\/05\\\/cropped-8059e613-6002-42fa-961e-8e275f575d71-2-5.jpg?fit=1360%2C931&ssl=1\",\"contentUrl\":\"https:\\\/\\\/i0.wp.com\\\/blogdoprosperi.com\\\/wp-content\\\/uploads\\\/2026\\\/05\\\/cropped-8059e613-6002-42fa-961e-8e275f575d71-2-5.jpg?fit=1360%2C931&ssl=1\",\"width\":1360,\"height\":931,\"caption\":\"Luiz Ant\u00f4nio Pr\u00f3speri\"},\"logo\":{\"@id\":\"https:\\\/\\\/i0.wp.com\\\/blogdoprosperi.com\\\/wp-content\\\/uploads\\\/2026\\\/05\\\/cropped-8059e613-6002-42fa-961e-8e275f575d71-2-5.jpg?fit=1360%2C931&ssl=1\"},\"description\":\"Jornalista com carreira dedicada ao esporte. Cobriu 9 Copas do Mundo in loco, 1990 na It\u00e1lia, 1994 nos EUA, 1998 na Fran\u00e7a, 2002 na Coreia do Sul e Jap\u00e3o, 2006 na Alemanha, 2010 na \u00c1frica do Sul, 2014 no Brasil, 2018 na R\u00fassia e 2022 no Qatar. Eurocopas, 1992 na Su\u00e9cia e 1996 na Inglaterra. Copa das Confedera\u00e7\u00f5es de 2005 na Alemanha e 2009 na \u00c1frica do Sul. Rep\u00f3rter e Editor, trabalhou no Jornal da Tarde e Estad\u00e3o, de 1984 a fevereiro de 2016. Colunista, blogueiro. E comentarista de futebol na R\u00e1dio Estad\u00e3o, de 2013 a fevereiro de 2016. Jornalista respons\u00e1vel do \\\"Pr\u00f3speri News\\\" (blogdoprosperi.com).\",\"sameAs\":[\"http:\\\/\\\/blogdoprosperi.com\",\"Luiz Pr\u00f3speri\",\"@luiz_prosperi\",\"https:\\\/\\\/x.com\\\/Luizprosperi\",\"@prosperinacopa\",\"luiz.prosperi@icloud.com\"],\"url\":\"https:\\\/\\\/blogdoprosperi.com\\\/?author=102107496\"}]}<\/script>\n<!-- \/ Yoast SEO plugin. -->","yoast_head_json":{"title":"Pato diz n\u00e3o \u00e0 Lazio e garante que vai jogar no Corinthians at\u00e9 dezembro - PR\u00d3SPERI NEWS","robots":{"index":"index","follow":"follow","max-snippet":"max-snippet:-1","max-image-preview":"max-image-preview:large","max-video-preview":"max-video-preview:-1"},"canonical":"https:\/\/blogdoprosperi.com\/?p=15538","og_locale":"pt_BR","og_type":"article","og_title":"Pato diz n\u00e3o \u00e0 Lazio e garante que vai jogar no Corinthians at\u00e9 dezembro - PR\u00d3SPERI NEWS","og_description":"Corinthians vai ser obrigado a ficar com Alexandre Pato at\u00e9 dezembro. E bancando R$ 800 mil mensais de [&hellip;]","og_url":"https:\/\/blogdoprosperi.com\/?p=15538","og_site_name":"PR\u00d3SPERI NEWS","article_publisher":"Luiz Pr\u00f3speri","article_author":"Luiz Pr\u00f3speri","article_published_time":"2016-07-09T16:11:22+00:00","article_modified_time":"2016-07-09T16:11:23+00:00","og_image":[{"url":"https:\/\/blogdoprosperi.com\/wp-content\/uploads\/2016\/07\/corinthians-pato-treino-sorriso-640x480-agencia-corinthians.jpg","type":"","width":"","height":""}],"author":"Luiz Ant\u00f4nio Pr\u00f3speri","twitter_card":"summary_large_image","twitter_creator":"@Luizprosperi","twitter_site":"@Luizprosperi","twitter_misc":{"Escrito por":"Luiz Ant\u00f4nio Pr\u00f3speri","Est. tempo de leitura":"2 minutos"},"schema":{"@context":"https:\/\/schema.org","@graph":[{"@type":"Article","@id":"https:\/\/blogdoprosperi.com\/?p=15538#article","isPartOf":{"@id":"https:\/\/blogdoprosperi.com\/?p=15538"},"author":{"name":"Luiz Ant\u00f4nio Pr\u00f3speri","@id":"https:\/\/blogdoprosperi.com\/#\/schema\/person\/38100755ce3601861ee4fab9b5aa78e9"},"headline":"Pato diz n\u00e3o \u00e0 Lazio e garante que vai jogar no Corinthians at\u00e9 dezembro","datePublished":"2016-07-09T16:11:22+00:00","dateModified":"2016-07-09T16:11:23+00:00","mainEntityOfPage":{"@id":"https:\/\/blogdoprosperi.com\/?p=15538"},"wordCount":453,"commentCount":3,"publisher":{"@id":"https:\/\/blogdoprosperi.com\/#\/schema\/person\/38100755ce3601861ee4fab9b5aa78e9"},"image":{"@id":"https:\/\/blogdoprosperi.com\/?p=15538#primaryimage"},"thumbnailUrl":"https:\/\/blogdoprosperi.com\/wp-content\/uploads\/2016\/07\/corinthians-pato-treino-sorriso-640x480-agencia-corinthians.jpg","keywords":["Alexandre Pato","Corinthians","Crist\u00f3v\u00e3o Borges","futebol","Lazio","Marcelo Bielsa"],"articleSection":["futebol"],"inLanguage":"pt-BR","potentialAction":[{"@type":"CommentAction","name":"Comment","target":["https:\/\/blogdoprosperi.com\/?p=15538#respond"]}]},{"@type":"WebPage","@id":"https:\/\/blogdoprosperi.com\/?p=15538","url":"https:\/\/blogdoprosperi.com\/?p=15538","name":"Pato diz n\u00e3o \u00e0 Lazio e garante que vai jogar no Corinthians at\u00e9 dezembro - PR\u00d3SPERI NEWS","isPartOf":{"@id":"https:\/\/blogdoprosperi.com\/#website"},"primaryImageOfPage":{"@id":"https:\/\/blogdoprosperi.com\/?p=15538#primaryimage"},"image":{"@id":"https:\/\/blogdoprosperi.com\/?p=15538#primaryimage"},"thumbnailUrl":"https:\/\/blogdoprosperi.com\/wp-content\/uploads\/2016\/07\/corinthians-pato-treino-sorriso-640x480-agencia-corinthians.jpg","datePublished":"2016-07-09T16:11:22+00:00","dateModified":"2016-07-09T16:11:23+00:00","breadcrumb":{"@id":"https:\/\/blogdoprosperi.com\/?p=15538#breadcrumb"},"inLanguage":"pt-BR","potentialAction":[{"@type":"ReadAction","target":["https:\/\/blogdoprosperi.com\/?p=15538"]}]},{"@type":"ImageObject","inLanguage":"pt-BR","@id":"https:\/\/blogdoprosperi.com\/?p=15538#primaryimage","url":"https:\/\/i0.wp.com\/blogdoprosperi.com\/wp-content\/uploads\/2016\/07\/corinthians-pato-treino-sorriso-640x480-agencia-corinthians.jpg?fit=620%2C465&ssl=1","contentUrl":"https:\/\/i0.wp.com\/blogdoprosperi.com\/wp-content\/uploads\/2016\/07\/corinthians-pato-treino-sorriso-640x480-agencia-corinthians.jpg?fit=620%2C465&ssl=1","width":620,"height":465},{"@type":"BreadcrumbList","@id":"https:\/\/blogdoprosperi.com\/?p=15538#breadcrumb","itemListElement":[{"@type":"ListItem","position":1,"name":"In\u00edcio","item":"https:\/\/blogdoprosperi.com\/"},{"@type":"ListItem","position":2,"name":"Pato diz n\u00e3o \u00e0 Lazio e garante que vai jogar no Corinthians at\u00e9 dezembro"}]},{"@type":"WebSite","@id":"https:\/\/blogdoprosperi.com\/#website","url":"https:\/\/blogdoprosperi.com\/","name":"PR\u00d3SPERI NEWS","description":"TUDO \u00c9  FUTEBOL","publisher":{"@id":"https:\/\/blogdoprosperi.com\/#\/schema\/person\/38100755ce3601861ee4fab9b5aa78e9"},"alternateName":"blogdoprosperi.com","potentialAction":[{"@type":"SearchAction","target":{"@type":"EntryPoint","urlTemplate":"https:\/\/blogdoprosperi.com\/?s={search_term_string}"},"query-input":{"@type":"PropertyValueSpecification","valueRequired":true,"valueName":"search_term_string"}}],"inLanguage":"pt-BR"},{"@type":["Person","Organization"],"@id":"https:\/\/blogdoprosperi.com\/#\/schema\/person\/38100755ce3601861ee4fab9b5aa78e9","name":"Luiz Ant\u00f4nio Pr\u00f3speri","pronouns":"ele","image":{"@type":"ImageObject","inLanguage":"pt-BR","@id":"https:\/\/i0.wp.com\/blogdoprosperi.com\/wp-content\/uploads\/2026\/05\/cropped-8059e613-6002-42fa-961e-8e275f575d71-2-5.jpg?fit=1360%2C931&ssl=1","url":"https:\/\/i0.wp.com\/blogdoprosperi.com\/wp-content\/uploads\/2026\/05\/cropped-8059e613-6002-42fa-961e-8e275f575d71-2-5.jpg?fit=1360%2C931&ssl=1","contentUrl":"https:\/\/i0.wp.com\/blogdoprosperi.com\/wp-content\/uploads\/2026\/05\/cropped-8059e613-6002-42fa-961e-8e275f575d71-2-5.jpg?fit=1360%2C931&ssl=1","width":1360,"height":931,"caption":"Luiz Ant\u00f4nio Pr\u00f3speri"},"logo":{"@id":"https:\/\/i0.wp.com\/blogdoprosperi.com\/wp-content\/uploads\/2026\/05\/cropped-8059e613-6002-42fa-961e-8e275f575d71-2-5.jpg?fit=1360%2C931&ssl=1"},"description":"Jornalista com carreira dedicada ao esporte. Cobriu 9 Copas do Mundo in loco, 1990 na It\u00e1lia, 1994 nos EUA, 1998 na Fran\u00e7a, 2002 na Coreia do Sul e Jap\u00e3o, 2006 na Alemanha, 2010 na \u00c1frica do Sul, 2014 no Brasil, 2018 na R\u00fassia e 2022 no Qatar. Eurocopas, 1992 na Su\u00e9cia e 1996 na Inglaterra. Copa das Confedera\u00e7\u00f5es de 2005 na Alemanha e 2009 na \u00c1frica do Sul. Rep\u00f3rter e Editor, trabalhou no Jornal da Tarde e Estad\u00e3o, de 1984 a fevereiro de 2016. Colunista, blogueiro. E comentarista de futebol na R\u00e1dio Estad\u00e3o, de 2013 a fevereiro de 2016. Jornalista respons\u00e1vel do \"Pr\u00f3speri News\" (blogdoprosperi.com).","sameAs":["http:\/\/blogdoprosperi.com","Luiz Pr\u00f3speri","@luiz_prosperi","https:\/\/x.com\/Luizprosperi","@prosperinacopa","luiz.prosperi@icloud.com"],"url":"https:\/\/blogdoprosperi.com\/?author=102107496"}]}},"jetpack_publicize_connections":[],"jetpack_likes_enabled":false,"jetpack_sharing_enabled":true,"jetpack_shortlink":"https:\/\/wp.me\/p7jvdk-42C","jetpack-related-posts":[{"id":15504,"url":"https:\/\/blogdoprosperi.com\/?p=15504","url_meta":{"origin":15538,"position":0},"title":"Sa\u00edda de Bielsa da Lazio deixa futuro de Pato indefinido","author":"Luiz Ant\u00f4nio Pr\u00f3speri","date":"8 de julho de 2016","format":false,"excerpt":"Alexandre Pato continua nos planos da Lazio, mesmo com a desist\u00eancia de Marcelo Bielsa de dirigir o time - uma bomba que sacudiu o futebol italiano nesta sexta-feira (08\/7) de manh\u00e3 em Roma. A proposta inicial de 5 milh\u00f5es de euros (R$ 18,2 milh\u00f5es) passou para 2 milh\u00f5es (R$ 7\u2026","rel":"","context":"Em &quot;futebol&quot;","block_context":{"text":"futebol","link":"https:\/\/blogdoprosperi.com\/?cat=53870"},"img":{"alt_text":"","src":"https:\/\/i0.wp.com\/blogdoprosperi.com\/wp-content\/uploads\/2016\/07\/alx_esporte-alexandre-pato-corinthians-20160705-001_original.jpeg?resize=350%2C200&ssl=1","width":350,"height":200,"srcset":"https:\/\/i0.wp.com\/blogdoprosperi.com\/wp-content\/uploads\/2016\/07\/alx_esporte-alexandre-pato-corinthians-20160705-001_original.jpeg?resize=350%2C200&ssl=1 1x, https:\/\/i0.wp.com\/blogdoprosperi.com\/wp-content\/uploads\/2016\/07\/alx_esporte-alexandre-pato-corinthians-20160705-001_original.jpeg?resize=525%2C300&ssl=1 1.5x"},"classes":[]},{"id":15026,"url":"https:\/\/blogdoprosperi.com\/?p=15026","url_meta":{"origin":15538,"position":1},"title":"Alexandre Pato e Rodrigo Caio est\u00e3o perto da  Lazio","author":"Luiz Ant\u00f4nio Pr\u00f3speri","date":"6 de julho de 2016","format":false,"excerpt":"Lazio tem como certa a transfer\u00eancia de Alexandre Pato, do Corinthians, por cerca de 5 milh\u00f5es de euros (R$ 18,2 milh\u00f5es) e tamb\u00e9m de Rodrigo Caio, do S\u00e3o Paulo, por 10 milh\u00f5es de euros (R$ 36,4 milh\u00f5es) mais 2 milh\u00f5es de euros (R$ 7,2 milh\u00f5es) de b\u00f4nus. As duas negocia\u00e7\u00f5es\u2026","rel":"","context":"Em &quot;futebol&quot;","block_context":{"text":"futebol","link":"https:\/\/blogdoprosperi.com\/?cat=53870"},"img":{"alt_text":"","src":"https:\/\/i0.wp.com\/blogdoprosperi.com\/wp-content\/uploads\/2016\/07\/2c385ddc00000578-0-image-a-58_1450278648907.jpg?resize=350%2C200&ssl=1","width":350,"height":200,"srcset":"https:\/\/i0.wp.com\/blogdoprosperi.com\/wp-content\/uploads\/2016\/07\/2c385ddc00000578-0-image-a-58_1450278648907.jpg?resize=350%2C200&ssl=1 1x, https:\/\/i0.wp.com\/blogdoprosperi.com\/wp-content\/uploads\/2016\/07\/2c385ddc00000578-0-image-a-58_1450278648907.jpg?resize=525%2C300&ssl=1 1.5x"},"classes":[]},{"id":17618,"url":"https:\/\/blogdoprosperi.com\/?p=17618","url_meta":{"origin":15538,"position":2},"title":"Corinthians, enfim, se livra de Pato","author":"Luiz Ant\u00f4nio Pr\u00f3speri","date":"25 de julho de 2016","format":false,"excerpt":"Corinthians vende Alexandre Pato ao Villarreal por R$ 10,8 milh\u00f5es","rel":"","context":"Em &quot;futebol&quot;","block_context":{"text":"futebol","link":"https:\/\/blogdoprosperi.com\/?cat=53870"},"img":{"alt_text":"","src":"https:\/\/i0.wp.com\/blogdoprosperi.com\/wp-content\/uploads\/2016\/07\/v-php-2.jpeg?resize=350%2C200&ssl=1","width":350,"height":200,"srcset":"https:\/\/i0.wp.com\/blogdoprosperi.com\/wp-content\/uploads\/2016\/07\/v-php-2.jpeg?resize=350%2C200&ssl=1 1x, https:\/\/i0.wp.com\/blogdoprosperi.com\/wp-content\/uploads\/2016\/07\/v-php-2.jpeg?resize=525%2C300&ssl=1 1.5x, https:\/\/i0.wp.com\/blogdoprosperi.com\/wp-content\/uploads\/2016\/07\/v-php-2.jpeg?resize=700%2C400&ssl=1 2x"},"classes":[]},{"id":15343,"url":"https:\/\/blogdoprosperi.com\/?p=15343","url_meta":{"origin":15538,"position":3},"title":"S\u00e3o Paulo pode perder Ganso, Rodrigo Caio, Calleri e Bauza","author":"Luiz Ant\u00f4nio Pr\u00f3speri","date":"7 de julho de 2016","format":false,"excerpt":"S\u00e3o Paulo vive um momento delicado ap\u00f3s a derrota ao Atl\u00e9tico Nacional nesta quarta-feira (06\/7). A pr\u00f3ximas semana ser\u00e1 decisiva ao futuro do clube paulista na temporada com a quase inevit\u00e1vel queda nas semifinais da Copa Libertadores. Pode ter perdas consider\u00e1veis. Paulo Henrique Ganso e Rodrigo Caio est\u00e3o de sa\u00edda.\u2026","rel":"","context":"Em &quot;futebol&quot;","block_context":{"text":"futebol","link":"https:\/\/blogdoprosperi.com\/?cat=53870"},"img":{"alt_text":"","src":"https:\/\/i0.wp.com\/blogdoprosperi.com\/wp-content\/uploads\/2016\/07\/85adb960-0246-11e6-8a5c-a362efbf840e_20160401111809396_3.jpg?resize=350%2C200&ssl=1","width":350,"height":200,"srcset":"https:\/\/i0.wp.com\/blogdoprosperi.com\/wp-content\/uploads\/2016\/07\/85adb960-0246-11e6-8a5c-a362efbf840e_20160401111809396_3.jpg?resize=350%2C200&ssl=1 1x, https:\/\/i0.wp.com\/blogdoprosperi.com\/wp-content\/uploads\/2016\/07\/85adb960-0246-11e6-8a5c-a362efbf840e_20160401111809396_3.jpg?resize=525%2C300&ssl=1 1.5x"},"classes":[]},{"id":23377,"url":"https:\/\/blogdoprosperi.com\/?p=23377","url_meta":{"origin":15538,"position":4},"title":"S\u00e3o Paulo aumenta valor de Rodrigo Caio e zagueiro n\u00e3o deve ser vendido","author":"Luiz Ant\u00f4nio Pr\u00f3speri","date":"29 de agosto de 2016","format":false,"excerpt":"S\u00e3o Paulo corre risco de n\u00e3o vender Rodrigo Caio nesta janela de transfer\u00eancia do futebol europeu que se fecha na quarta-feira (31\/8). Por decis\u00e3o do comando do clube, o valor pedido pelo jogador passou de 10 milh\u00f5es de euros para 15 milh\u00f5es depois da conquista da medalha de ouro nos\u2026","rel":"","context":"Em &quot;futebol&quot;","block_context":{"text":"futebol","link":"https:\/\/blogdoprosperi.com\/?cat=53870"},"img":{"alt_text":"","src":"https:\/\/i0.wp.com\/blogdoprosperi.com\/wp-content\/uploads\/2016\/08\/56ca2ed35ce04.jpeg?resize=350%2C200&ssl=1","width":350,"height":200,"srcset":"https:\/\/i0.wp.com\/blogdoprosperi.com\/wp-content\/uploads\/2016\/08\/56ca2ed35ce04.jpeg?resize=350%2C200&ssl=1 1x, https:\/\/i0.wp.com\/blogdoprosperi.com\/wp-content\/uploads\/2016\/08\/56ca2ed35ce04.jpeg?resize=525%2C300&ssl=1 1.5x"},"classes":[]},{"id":16602,"url":"https:\/\/blogdoprosperi.com\/?p=16602","url_meta":{"origin":15538,"position":5},"title":"Corinthians precisa urgente de Pato e S\u00e3o Paulo busca atacante gringo","author":"Luiz Ant\u00f4nio Pr\u00f3speri","date":"18 de julho de 2016","format":false,"excerpt":"Empate no cl\u00e1ssico no Itaquer\u00e3o deixa claro a necessidade que o Corinthians tem de um atacante acima da m\u00e9dia. Nome dele \u00e9 Alexandre Pato, em fase final de recondicionamento f\u00edsico. O S\u00e3o Paulo, depois de se espatifar na Libertadores e perder de uma tacada s\u00f3 Ganso, Calleri e Alan Kardec,\u2026","rel":"","context":"Em &quot;Campeonato Brasileiro&quot;","block_context":{"text":"Campeonato Brasileiro","link":"https:\/\/blogdoprosperi.com\/?cat=355071"},"img":{"alt_text":"","src":"https:\/\/i0.wp.com\/blogdoprosperi.com\/wp-content\/uploads\/2016\/07\/corinthians_empatou_com_o_sao_paulo_na_arena_op.jpg?resize=350%2C200","width":350,"height":200,"srcset":"https:\/\/i0.wp.com\/blogdoprosperi.com\/wp-content\/uploads\/2016\/07\/corinthians_empatou_com_o_sao_paulo_na_arena_op.jpg?resize=350%2C200 1x, https:\/\/i0.wp.com\/blogdoprosperi.com\/wp-content\/uploads\/2016\/07\/corinthians_empatou_com_o_sao_paulo_na_arena_op.jpg?resize=525%2C300 1.5x"},"classes":[]}],"jetpack_featured_media_url":"","_links":{"self":[{"href":"https:\/\/blogdoprosperi.com\/index.php?rest_route=\/wp\/v2\/posts\/15538","targetHints":{"allow":["GET"]}}],"collection":[{"href":"https:\/\/blogdoprosperi.com\/index.php?rest_route=\/wp\/v2\/posts"}],"about":[{"href":"https:\/\/blogdoprosperi.com\/index.php?rest_route=\/wp\/v2\/types\/post"}],"author":[{"embeddable":true,"href":"https:\/\/blogdoprosperi.com\/index.php?rest_route=\/wp\/v2\/users\/102107496"}],"replies":[{"embeddable":true,"href":"https:\/\/blogdoprosperi.com\/index.php?rest_route=%2Fwp%2Fv2%2Fcomments&post=15538"}],"version-history":[{"count":25,"href":"https:\/\/blogdoprosperi.com\/index.php?rest_route=\/wp\/v2\/posts\/15538\/revisions"}],"predecessor-version":[{"id":15592,"href":"https:\/\/blogdoprosperi.com\/index.php?rest_route=\/wp\/v2\/posts\/15538\/revisions\/15592"}],"wp:attachment":[{"href":"https:\/\/blogdoprosperi.com\/index.php?rest_route=%2Fwp%2Fv2%2Fmedia&parent=15538"}],"wp:term":[{"taxonomy":"category","embeddable":true,"href":"https:\/\/blogdoprosperi.com\/index.php?rest_route=%2Fwp%2Fv2%2Fcategories&post=15538"},{"taxonomy":"post_tag","embeddable":true,"href":"https:\/\/blogdoprosperi.com\/index.php?rest_route=%2Fwp%2Fv2%2Ftags&post=15538"}],"curies":[{"name":"wp","href":"https:\/\/api.w.org\/{rel}","templated":true}]}}