{"id":15688,"date":"2016-07-11T16:45:23","date_gmt":"2016-07-11T16:45:23","guid":{"rendered":"http:\/\/blogdoprosperi.com\/?p=15688"},"modified":"2016-07-11T16:45:24","modified_gmt":"2016-07-11T16:45:24","slug":"selecao-olimpica-perde-douglas-costa-e-pode-ficar-sem-marquinhos","status":"publish","type":"post","link":"https:\/\/blogdoprosperi.com\/?p=15688","title":{"rendered":"Sele\u00e7\u00e3o ol\u00edmpica perde Douglas Costa e pode ficar sem Marquinhos"},"content":{"rendered":"<p><span class=\"alignnone\"><img data-recalc-dims=\"1\" loading=\"lazy\" decoding=\"async\" data-attachment-id=\"15716\" data-permalink=\"https:\/\/blogdoprosperi.com\/?attachment_id=15716\" data-orig-file=\"https:\/\/i0.wp.com\/blogdoprosperi.com\/wp-content\/uploads\/2016\/07\/douglas-costa-brazil-paraguay-27062015_6263x5e6b6l41ju8imt42ihct.jpg?fit=620%2C430&amp;ssl=1\" data-orig-size=\"620,430\" data-comments-opened=\"1\" data-image-meta=\"{&quot;aperture&quot;:&quot;0&quot;,&quot;credit&quot;:&quot;&quot;,&quot;camera&quot;:&quot;&quot;,&quot;caption&quot;:&quot;&quot;,&quot;created_timestamp&quot;:&quot;0&quot;,&quot;copyright&quot;:&quot;&quot;,&quot;focal_length&quot;:&quot;0&quot;,&quot;iso&quot;:&quot;0&quot;,&quot;shutter_speed&quot;:&quot;0&quot;,&quot;title&quot;:&quot;&quot;,&quot;orientation&quot;:&quot;0&quot;}\" data-image-title=\"douglas-costa-brazil-paraguay-27062015_6263x5e6b6l41ju8imt42ihct\" data-image-description=\"\" data-image-caption=\"\" data-large-file=\"https:\/\/i0.wp.com\/blogdoprosperi.com\/wp-content\/uploads\/2016\/07\/douglas-costa-brazil-paraguay-27062015_6263x5e6b6l41ju8imt42ihct.jpg?fit=620%2C430&amp;ssl=1\" class=\"alignnone size-full wp-image-15716\" src=\"https:\/\/i0.wp.com\/blogdoprosperi.com\/wp-content\/uploads\/2016\/07\/douglas-costa-brazil-paraguay-27062015_6263x5e6b6l41ju8imt42ihct.jpg?resize=620%2C430&#038;ssl=1\" alt=\"douglas-costa-brazil-paraguay-27062015_6263x5e6b6l41ju8imt42ihct\" width=\"620\" height=\"430\" \/><\/span><\/p>\n<p>Douglas Costa, machucado, est\u00e1 fora da Sele\u00e7\u00e3o Ol\u00edmpica. O Bayern de Munique comunicou \u00e0 CBF que o atacante n\u00e3o poder\u00e1 disputar a Olimp\u00edada. Da cota dos atletas acima de 23 anos, restam o meia Renato Augusto e o zagueiro Thiago Silva na lista dos 35 pr\u00e9-selecionados para a Olimp\u00edada.<\/p>\n<p>Se optar por Thiago Silva, o t\u00e9cnico Rog\u00e9rio Micale e CBF v\u00e3o comprar briga boa com o Paris Saint-Germain. N\u00e3o vai ser f\u00e1cil convencer o clube franc\u00eas a liberar Marquinhos, com menos de 23 anos, e Thiago Silva ao mesmo tempo.<\/p>\n<p>PSG havia avisado \u00e0 CBF que n\u00e3o ceder\u00e1 nem Marquinhos. O jogador teria uma reuni\u00e3o nesta segunda-feira com o clube para resolver suas situa\u00e7\u00e3o. Ele n\u00e3o abre m\u00e3o de disputar a Olimp\u00edada do Rio e vai at\u00e9 as \u00faltimas consequ\u00eancias para ser liberado.<\/p>\n<p>Marquinhos tem proposta do Barcelona e tem interesse em jogar no time de Messi e Neymar. Seu irm\u00e3o e mais dois agentes trabalham para o que o zagueiro possa se apresentar \u00e0 Sele\u00e7\u00e3o Ol\u00edmpica nesta semana.<\/p>\n<p><span class=\"alignnone\"><img data-recalc-dims=\"1\" loading=\"lazy\" decoding=\"async\" data-attachment-id=\"15715\" data-permalink=\"https:\/\/blogdoprosperi.com\/?attachment_id=15715\" data-orig-file=\"https:\/\/i0.wp.com\/blogdoprosperi.com\/wp-content\/uploads\/2016\/07\/53800.jpg?fit=440%2C280&amp;ssl=1\" data-orig-size=\"440,280\" data-comments-opened=\"1\" data-image-meta=\"{&quot;aperture&quot;:&quot;0&quot;,&quot;credit&quot;:&quot;&quot;,&quot;camera&quot;:&quot;&quot;,&quot;caption&quot;:&quot;&quot;,&quot;created_timestamp&quot;:&quot;0&quot;,&quot;copyright&quot;:&quot;&quot;,&quot;focal_length&quot;:&quot;0&quot;,&quot;iso&quot;:&quot;0&quot;,&quot;shutter_speed&quot;:&quot;0&quot;,&quot;title&quot;:&quot;&quot;,&quot;orientation&quot;:&quot;0&quot;}\" data-image-title=\"53800\" data-image-description=\"\" data-image-caption=\"\" data-large-file=\"https:\/\/i0.wp.com\/blogdoprosperi.com\/wp-content\/uploads\/2016\/07\/53800.jpg?fit=440%2C280&amp;ssl=1\" class=\"alignnone size-full wp-image-15715 alignleft\" src=\"https:\/\/i0.wp.com\/blogdoprosperi.com\/wp-content\/uploads\/2016\/07\/53800.jpg?resize=440%2C280&#038;ssl=1\" alt=\"53800\" width=\"440\" height=\"280\" \/><\/span>Se o PSG insistir no veto, o estafe de Marquinhos vai intensificar as tratativas com o Barcelona. Eles trabalham com o tempo favor\u00e1vel &#8211; a janela de transfer\u00eancias do futebol europeu feca no dia 30 de agosto.\u00a0\u00c9 bem prov\u00e1vel que, ao final da Olimp\u00edada do Rio, Marquinhos j\u00e1 esteja de contrato assinado com o Barcelona.<\/p>\n<p>Rog\u00e9rio Micale, t\u00e9cnico da Sele\u00e7\u00e3o Ol\u00edmpica, e CBF v\u00e3o ter muito trabalho para convencer o PSG a ceder Thiago Silva e Marquinhos. Por isso, o meia Renato Augusto, ex-Corinthians e hoje no futebol chin\u00eas, \u00e9 o favorito para ocupar o lugar de Douglas Costa.<\/p>\n<p>Sem Douglas Costa, a Sele\u00e7\u00e3o n\u00e3o ter\u00e1 muitos problemas na linha de frente. Pode armar o ataque com Gabriel Jesus, Gabigol e Neymar &#8211; e ainda tem Luan, do Gr\u00eamio, como suplente imediato.<\/p>\n","protected":false},"excerpt":{"rendered":"<p>Douglas Costa, machucado, est\u00e1 fora da Sele\u00e7\u00e3o Ol\u00edmpica. O Bayern de Munique comunicou \u00e0 CBF que o atacante [&hellip;]<\/p>\n","protected":false},"author":102107496,"featured_media":0,"comment_status":"open","ping_status":"open","sticky":false,"template":"","format":"standard","meta":{"_coblocks_attr":"","_coblocks_dimensions":"","_coblocks_responsive_height":"","_coblocks_accordion_ie_support":"","_jetpack_newsletter_access":"","_jetpack_dont_email_post_to_subs":false,"_jetpack_newsletter_tier_id":0,"_jetpack_memberships_contains_paywalled_content":false,"_wpcom_ai_launchpad_first_post":false,"_jetpack_feature_clip_id":0,"_jetpack_memberships_contains_paid_content":false,"footnotes":"","jetpack_publicize_message":"","jetpack_publicize_feature_enabled":true,"jetpack_social_post_already_shared":false,"jetpack_social_options":{"image_generator_settings":{"template":"highway","default_image_id":0,"font":"","enabled":false},"version":2},"jetpack_post_was_ever_published":false},"categories":[53870],"tags":[789560569,8522715,224693,789560560,1207995,361092,1118761,48751943,3135268,1176446],"class_list":["post-15688","post","type-post","status-publish","format-standard","hentry","category-futebol","tag-cbf","tag-douglas-costa","tag-fcbarcelona","tag-futebol","tag-marquinhos","tag-psg","tag-renato-augusto","tag-rogerio-micale","tag-selecao-olimpica","tag-thiago-silva"],"yoast_head":"<!-- This site is optimized with the Yoast SEO plugin v28.4 - https:\/\/yoast.com\/product\/yoast-seo-wordpress\/ -->\n<title>Sele\u00e7\u00e3o ol\u00edmpica perde Douglas Costa e pode ficar sem Marquinhos - PR\u00d3SPERI NEWS<\/title>\n<meta name=\"robots\" content=\"index, follow, max-snippet:-1, max-image-preview:large, max-video-preview:-1\" \/>\n<link rel=\"canonical\" href=\"https:\/\/blogdoprosperi.com\/?p=15688\" \/>\n<meta property=\"og:locale\" content=\"pt_BR\" \/>\n<meta property=\"og:type\" content=\"article\" \/>\n<meta property=\"og:title\" content=\"Sele\u00e7\u00e3o ol\u00edmpica perde Douglas Costa e pode ficar sem Marquinhos - PR\u00d3SPERI NEWS\" \/>\n<meta property=\"og:description\" content=\"Douglas Costa, machucado, est\u00e1 fora da Sele\u00e7\u00e3o Ol\u00edmpica. O Bayern de Munique comunicou \u00e0 CBF que o atacante [&hellip;]\" \/>\n<meta property=\"og:url\" content=\"https:\/\/blogdoprosperi.com\/?p=15688\" \/>\n<meta property=\"og:site_name\" content=\"PR\u00d3SPERI NEWS\" \/>\n<meta property=\"article:publisher\" content=\"Luiz Pr\u00f3speri\" \/>\n<meta property=\"article:author\" content=\"Luiz Pr\u00f3speri\" \/>\n<meta property=\"article:published_time\" content=\"2016-07-11T16:45:23+00:00\" \/>\n<meta property=\"article:modified_time\" content=\"2016-07-11T16:45:24+00:00\" \/>\n<meta property=\"og:image\" content=\"https:\/\/blogdoprosperi.com\/wp-content\/uploads\/2016\/07\/douglas-costa-brazil-paraguay-27062015_6263x5e6b6l41ju8imt42ihct.jpg\" \/>\n<meta name=\"author\" content=\"Luiz Ant\u00f4nio Pr\u00f3speri\" \/>\n<meta name=\"twitter:card\" content=\"summary_large_image\" \/>\n<meta name=\"twitter:creator\" content=\"@Luizprosperi\" \/>\n<meta name=\"twitter:site\" content=\"@Luizprosperi\" \/>\n<meta name=\"twitter:label1\" content=\"Escrito por\" \/>\n\t<meta name=\"twitter:data1\" content=\"Luiz Ant\u00f4nio Pr\u00f3speri\" \/>\n\t<meta name=\"twitter:label2\" content=\"Est. tempo de leitura\" \/>\n\t<meta name=\"twitter:data2\" content=\"2 minutos\" \/>\n<script type=\"application\/ld+json\" class=\"yoast-schema-graph\">{\"@context\":\"https:\\\/\\\/schema.org\",\"@graph\":[{\"@type\":\"Article\",\"@id\":\"https:\\\/\\\/blogdoprosperi.com\\\/?p=15688#article\",\"isPartOf\":{\"@id\":\"https:\\\/\\\/blogdoprosperi.com\\\/?p=15688\"},\"author\":{\"name\":\"Luiz Ant\u00f4nio Pr\u00f3speri\",\"@id\":\"https:\\\/\\\/blogdoprosperi.com\\\/#\\\/schema\\\/person\\\/38100755ce3601861ee4fab9b5aa78e9\"},\"headline\":\"Sele\u00e7\u00e3o ol\u00edmpica perde Douglas Costa e pode ficar sem Marquinhos\",\"datePublished\":\"2016-07-11T16:45:23+00:00\",\"dateModified\":\"2016-07-11T16:45:24+00:00\",\"mainEntityOfPage\":{\"@id\":\"https:\\\/\\\/blogdoprosperi.com\\\/?p=15688\"},\"wordCount\":340,\"commentCount\":0,\"publisher\":{\"@id\":\"https:\\\/\\\/blogdoprosperi.com\\\/#\\\/schema\\\/person\\\/38100755ce3601861ee4fab9b5aa78e9\"},\"image\":{\"@id\":\"https:\\\/\\\/blogdoprosperi.com\\\/?p=15688#primaryimage\"},\"thumbnailUrl\":\"https:\\\/\\\/blogdoprosperi.com\\\/wp-content\\\/uploads\\\/2016\\\/07\\\/douglas-costa-brazil-paraguay-27062015_6263x5e6b6l41ju8imt42ihct.jpg\",\"keywords\":[\"CBF\",\"Douglas Costa\",\"FCBarcelona\",\"futebol\",\"Marquinhos\",\"PSG\",\"Renato Augusto\",\"Rog\u00e9rio Micale\",\"Sele\u00e7\u00e3o Ol\u00edmpica\",\"Thiago Silva\"],\"articleSection\":[\"futebol\"],\"inLanguage\":\"pt-BR\",\"potentialAction\":[{\"@type\":\"CommentAction\",\"name\":\"Comment\",\"target\":[\"https:\\\/\\\/blogdoprosperi.com\\\/?p=15688#respond\"]}]},{\"@type\":\"WebPage\",\"@id\":\"https:\\\/\\\/blogdoprosperi.com\\\/?p=15688\",\"url\":\"https:\\\/\\\/blogdoprosperi.com\\\/?p=15688\",\"name\":\"Sele\u00e7\u00e3o ol\u00edmpica perde Douglas Costa e pode ficar sem Marquinhos - PR\u00d3SPERI NEWS\",\"isPartOf\":{\"@id\":\"https:\\\/\\\/blogdoprosperi.com\\\/#website\"},\"primaryImageOfPage\":{\"@id\":\"https:\\\/\\\/blogdoprosperi.com\\\/?p=15688#primaryimage\"},\"image\":{\"@id\":\"https:\\\/\\\/blogdoprosperi.com\\\/?p=15688#primaryimage\"},\"thumbnailUrl\":\"https:\\\/\\\/blogdoprosperi.com\\\/wp-content\\\/uploads\\\/2016\\\/07\\\/douglas-costa-brazil-paraguay-27062015_6263x5e6b6l41ju8imt42ihct.jpg\",\"datePublished\":\"2016-07-11T16:45:23+00:00\",\"dateModified\":\"2016-07-11T16:45:24+00:00\",\"breadcrumb\":{\"@id\":\"https:\\\/\\\/blogdoprosperi.com\\\/?p=15688#breadcrumb\"},\"inLanguage\":\"pt-BR\",\"potentialAction\":[{\"@type\":\"ReadAction\",\"target\":[\"https:\\\/\\\/blogdoprosperi.com\\\/?p=15688\"]}]},{\"@type\":\"ImageObject\",\"inLanguage\":\"pt-BR\",\"@id\":\"https:\\\/\\\/blogdoprosperi.com\\\/?p=15688#primaryimage\",\"url\":\"https:\\\/\\\/i0.wp.com\\\/blogdoprosperi.com\\\/wp-content\\\/uploads\\\/2016\\\/07\\\/douglas-costa-brazil-paraguay-27062015_6263x5e6b6l41ju8imt42ihct.jpg?fit=620%2C430&ssl=1\",\"contentUrl\":\"https:\\\/\\\/i0.wp.com\\\/blogdoprosperi.com\\\/wp-content\\\/uploads\\\/2016\\\/07\\\/douglas-costa-brazil-paraguay-27062015_6263x5e6b6l41ju8imt42ihct.jpg?fit=620%2C430&ssl=1\",\"width\":620,\"height\":430},{\"@type\":\"BreadcrumbList\",\"@id\":\"https:\\\/\\\/blogdoprosperi.com\\\/?p=15688#breadcrumb\",\"itemListElement\":[{\"@type\":\"ListItem\",\"position\":1,\"name\":\"In\u00edcio\",\"item\":\"https:\\\/\\\/blogdoprosperi.com\\\/\"},{\"@type\":\"ListItem\",\"position\":2,\"name\":\"Sele\u00e7\u00e3o ol\u00edmpica perde Douglas Costa e pode ficar sem Marquinhos\"}]},{\"@type\":\"WebSite\",\"@id\":\"https:\\\/\\\/blogdoprosperi.com\\\/#website\",\"url\":\"https:\\\/\\\/blogdoprosperi.com\\\/\",\"name\":\"PR\u00d3SPERI NEWS\",\"description\":\"TUDO \u00c9  FUTEBOL\",\"publisher\":{\"@id\":\"https:\\\/\\\/blogdoprosperi.com\\\/#\\\/schema\\\/person\\\/38100755ce3601861ee4fab9b5aa78e9\"},\"alternateName\":\"blogdoprosperi.com\",\"potentialAction\":[{\"@type\":\"SearchAction\",\"target\":{\"@type\":\"EntryPoint\",\"urlTemplate\":\"https:\\\/\\\/blogdoprosperi.com\\\/?s={search_term_string}\"},\"query-input\":{\"@type\":\"PropertyValueSpecification\",\"valueRequired\":true,\"valueName\":\"search_term_string\"}}],\"inLanguage\":\"pt-BR\"},{\"@type\":[\"Person\",\"Organization\"],\"@id\":\"https:\\\/\\\/blogdoprosperi.com\\\/#\\\/schema\\\/person\\\/38100755ce3601861ee4fab9b5aa78e9\",\"name\":\"Luiz Ant\u00f4nio Pr\u00f3speri\",\"pronouns\":\"ele\",\"image\":{\"@type\":\"ImageObject\",\"inLanguage\":\"pt-BR\",\"@id\":\"https:\\\/\\\/i0.wp.com\\\/blogdoprosperi.com\\\/wp-content\\\/uploads\\\/2026\\\/05\\\/cropped-8059e613-6002-42fa-961e-8e275f575d71-2-5.jpg?fit=1360%2C931&ssl=1\",\"url\":\"https:\\\/\\\/i0.wp.com\\\/blogdoprosperi.com\\\/wp-content\\\/uploads\\\/2026\\\/05\\\/cropped-8059e613-6002-42fa-961e-8e275f575d71-2-5.jpg?fit=1360%2C931&ssl=1\",\"contentUrl\":\"https:\\\/\\\/i0.wp.com\\\/blogdoprosperi.com\\\/wp-content\\\/uploads\\\/2026\\\/05\\\/cropped-8059e613-6002-42fa-961e-8e275f575d71-2-5.jpg?fit=1360%2C931&ssl=1\",\"width\":1360,\"height\":931,\"caption\":\"Luiz Ant\u00f4nio Pr\u00f3speri\"},\"logo\":{\"@id\":\"https:\\\/\\\/i0.wp.com\\\/blogdoprosperi.com\\\/wp-content\\\/uploads\\\/2026\\\/05\\\/cropped-8059e613-6002-42fa-961e-8e275f575d71-2-5.jpg?fit=1360%2C931&ssl=1\"},\"description\":\"Jornalista com carreira dedicada ao esporte. Cobriu 9 Copas do Mundo in loco, 1990 na It\u00e1lia, 1994 nos EUA, 1998 na Fran\u00e7a, 2002 na Coreia do Sul e Jap\u00e3o, 2006 na Alemanha, 2010 na \u00c1frica do Sul, 2014 no Brasil, 2018 na R\u00fassia e 2022 no Qatar. Eurocopas, 1992 na Su\u00e9cia e 1996 na Inglaterra. Copa das Confedera\u00e7\u00f5es de 2005 na Alemanha e 2009 na \u00c1frica do Sul. Rep\u00f3rter e Editor, trabalhou no Jornal da Tarde e Estad\u00e3o, de 1984 a fevereiro de 2016. Colunista, blogueiro. E comentarista de futebol na R\u00e1dio Estad\u00e3o, de 2013 a fevereiro de 2016. Jornalista respons\u00e1vel do \\\"Pr\u00f3speri News\\\" (blogdoprosperi.com).\",\"sameAs\":[\"http:\\\/\\\/blogdoprosperi.com\",\"Luiz Pr\u00f3speri\",\"@luiz_prosperi\",\"https:\\\/\\\/x.com\\\/Luizprosperi\",\"@prosperinacopa\",\"luiz.prosperi@icloud.com\"],\"url\":\"https:\\\/\\\/blogdoprosperi.com\\\/?author=102107496\"}]}<\/script>\n<!-- \/ Yoast SEO plugin. -->","yoast_head_json":{"title":"Sele\u00e7\u00e3o ol\u00edmpica perde Douglas Costa e pode ficar sem Marquinhos - PR\u00d3SPERI NEWS","robots":{"index":"index","follow":"follow","max-snippet":"max-snippet:-1","max-image-preview":"max-image-preview:large","max-video-preview":"max-video-preview:-1"},"canonical":"https:\/\/blogdoprosperi.com\/?p=15688","og_locale":"pt_BR","og_type":"article","og_title":"Sele\u00e7\u00e3o ol\u00edmpica perde Douglas Costa e pode ficar sem Marquinhos - PR\u00d3SPERI NEWS","og_description":"Douglas Costa, machucado, est\u00e1 fora da Sele\u00e7\u00e3o Ol\u00edmpica. O Bayern de Munique comunicou \u00e0 CBF que o atacante [&hellip;]","og_url":"https:\/\/blogdoprosperi.com\/?p=15688","og_site_name":"PR\u00d3SPERI NEWS","article_publisher":"Luiz Pr\u00f3speri","article_author":"Luiz Pr\u00f3speri","article_published_time":"2016-07-11T16:45:23+00:00","article_modified_time":"2016-07-11T16:45:24+00:00","og_image":[{"url":"https:\/\/blogdoprosperi.com\/wp-content\/uploads\/2016\/07\/douglas-costa-brazil-paraguay-27062015_6263x5e6b6l41ju8imt42ihct.jpg","type":"","width":"","height":""}],"author":"Luiz Ant\u00f4nio Pr\u00f3speri","twitter_card":"summary_large_image","twitter_creator":"@Luizprosperi","twitter_site":"@Luizprosperi","twitter_misc":{"Escrito por":"Luiz Ant\u00f4nio Pr\u00f3speri","Est. tempo de leitura":"2 minutos"},"schema":{"@context":"https:\/\/schema.org","@graph":[{"@type":"Article","@id":"https:\/\/blogdoprosperi.com\/?p=15688#article","isPartOf":{"@id":"https:\/\/blogdoprosperi.com\/?p=15688"},"author":{"name":"Luiz Ant\u00f4nio Pr\u00f3speri","@id":"https:\/\/blogdoprosperi.com\/#\/schema\/person\/38100755ce3601861ee4fab9b5aa78e9"},"headline":"Sele\u00e7\u00e3o ol\u00edmpica perde Douglas Costa e pode ficar sem Marquinhos","datePublished":"2016-07-11T16:45:23+00:00","dateModified":"2016-07-11T16:45:24+00:00","mainEntityOfPage":{"@id":"https:\/\/blogdoprosperi.com\/?p=15688"},"wordCount":340,"commentCount":0,"publisher":{"@id":"https:\/\/blogdoprosperi.com\/#\/schema\/person\/38100755ce3601861ee4fab9b5aa78e9"},"image":{"@id":"https:\/\/blogdoprosperi.com\/?p=15688#primaryimage"},"thumbnailUrl":"https:\/\/blogdoprosperi.com\/wp-content\/uploads\/2016\/07\/douglas-costa-brazil-paraguay-27062015_6263x5e6b6l41ju8imt42ihct.jpg","keywords":["CBF","Douglas Costa","FCBarcelona","futebol","Marquinhos","PSG","Renato Augusto","Rog\u00e9rio Micale","Sele\u00e7\u00e3o Ol\u00edmpica","Thiago Silva"],"articleSection":["futebol"],"inLanguage":"pt-BR","potentialAction":[{"@type":"CommentAction","name":"Comment","target":["https:\/\/blogdoprosperi.com\/?p=15688#respond"]}]},{"@type":"WebPage","@id":"https:\/\/blogdoprosperi.com\/?p=15688","url":"https:\/\/blogdoprosperi.com\/?p=15688","name":"Sele\u00e7\u00e3o ol\u00edmpica perde Douglas Costa e pode ficar sem Marquinhos - PR\u00d3SPERI NEWS","isPartOf":{"@id":"https:\/\/blogdoprosperi.com\/#website"},"primaryImageOfPage":{"@id":"https:\/\/blogdoprosperi.com\/?p=15688#primaryimage"},"image":{"@id":"https:\/\/blogdoprosperi.com\/?p=15688#primaryimage"},"thumbnailUrl":"https:\/\/blogdoprosperi.com\/wp-content\/uploads\/2016\/07\/douglas-costa-brazil-paraguay-27062015_6263x5e6b6l41ju8imt42ihct.jpg","datePublished":"2016-07-11T16:45:23+00:00","dateModified":"2016-07-11T16:45:24+00:00","breadcrumb":{"@id":"https:\/\/blogdoprosperi.com\/?p=15688#breadcrumb"},"inLanguage":"pt-BR","potentialAction":[{"@type":"ReadAction","target":["https:\/\/blogdoprosperi.com\/?p=15688"]}]},{"@type":"ImageObject","inLanguage":"pt-BR","@id":"https:\/\/blogdoprosperi.com\/?p=15688#primaryimage","url":"https:\/\/i0.wp.com\/blogdoprosperi.com\/wp-content\/uploads\/2016\/07\/douglas-costa-brazil-paraguay-27062015_6263x5e6b6l41ju8imt42ihct.jpg?fit=620%2C430&ssl=1","contentUrl":"https:\/\/i0.wp.com\/blogdoprosperi.com\/wp-content\/uploads\/2016\/07\/douglas-costa-brazil-paraguay-27062015_6263x5e6b6l41ju8imt42ihct.jpg?fit=620%2C430&ssl=1","width":620,"height":430},{"@type":"BreadcrumbList","@id":"https:\/\/blogdoprosperi.com\/?p=15688#breadcrumb","itemListElement":[{"@type":"ListItem","position":1,"name":"In\u00edcio","item":"https:\/\/blogdoprosperi.com\/"},{"@type":"ListItem","position":2,"name":"Sele\u00e7\u00e3o ol\u00edmpica perde Douglas Costa e pode ficar sem Marquinhos"}]},{"@type":"WebSite","@id":"https:\/\/blogdoprosperi.com\/#website","url":"https:\/\/blogdoprosperi.com\/","name":"PR\u00d3SPERI NEWS","description":"TUDO \u00c9  FUTEBOL","publisher":{"@id":"https:\/\/blogdoprosperi.com\/#\/schema\/person\/38100755ce3601861ee4fab9b5aa78e9"},"alternateName":"blogdoprosperi.com","potentialAction":[{"@type":"SearchAction","target":{"@type":"EntryPoint","urlTemplate":"https:\/\/blogdoprosperi.com\/?s={search_term_string}"},"query-input":{"@type":"PropertyValueSpecification","valueRequired":true,"valueName":"search_term_string"}}],"inLanguage":"pt-BR"},{"@type":["Person","Organization"],"@id":"https:\/\/blogdoprosperi.com\/#\/schema\/person\/38100755ce3601861ee4fab9b5aa78e9","name":"Luiz Ant\u00f4nio Pr\u00f3speri","pronouns":"ele","image":{"@type":"ImageObject","inLanguage":"pt-BR","@id":"https:\/\/i0.wp.com\/blogdoprosperi.com\/wp-content\/uploads\/2026\/05\/cropped-8059e613-6002-42fa-961e-8e275f575d71-2-5.jpg?fit=1360%2C931&ssl=1","url":"https:\/\/i0.wp.com\/blogdoprosperi.com\/wp-content\/uploads\/2026\/05\/cropped-8059e613-6002-42fa-961e-8e275f575d71-2-5.jpg?fit=1360%2C931&ssl=1","contentUrl":"https:\/\/i0.wp.com\/blogdoprosperi.com\/wp-content\/uploads\/2026\/05\/cropped-8059e613-6002-42fa-961e-8e275f575d71-2-5.jpg?fit=1360%2C931&ssl=1","width":1360,"height":931,"caption":"Luiz Ant\u00f4nio Pr\u00f3speri"},"logo":{"@id":"https:\/\/i0.wp.com\/blogdoprosperi.com\/wp-content\/uploads\/2026\/05\/cropped-8059e613-6002-42fa-961e-8e275f575d71-2-5.jpg?fit=1360%2C931&ssl=1"},"description":"Jornalista com carreira dedicada ao esporte. Cobriu 9 Copas do Mundo in loco, 1990 na It\u00e1lia, 1994 nos EUA, 1998 na Fran\u00e7a, 2002 na Coreia do Sul e Jap\u00e3o, 2006 na Alemanha, 2010 na \u00c1frica do Sul, 2014 no Brasil, 2018 na R\u00fassia e 2022 no Qatar. Eurocopas, 1992 na Su\u00e9cia e 1996 na Inglaterra. Copa das Confedera\u00e7\u00f5es de 2005 na Alemanha e 2009 na \u00c1frica do Sul. Rep\u00f3rter e Editor, trabalhou no Jornal da Tarde e Estad\u00e3o, de 1984 a fevereiro de 2016. Colunista, blogueiro. E comentarista de futebol na R\u00e1dio Estad\u00e3o, de 2013 a fevereiro de 2016. Jornalista respons\u00e1vel do \"Pr\u00f3speri News\" (blogdoprosperi.com).","sameAs":["http:\/\/blogdoprosperi.com","Luiz Pr\u00f3speri","@luiz_prosperi","https:\/\/x.com\/Luizprosperi","@prosperinacopa","luiz.prosperi@icloud.com"],"url":"https:\/\/blogdoprosperi.com\/?author=102107496"}]}},"jetpack_publicize_connections":[],"jetpack_likes_enabled":false,"jetpack_sharing_enabled":true,"jetpack_shortlink":"https:\/\/wp.me\/p7jvdk-452","jetpack-related-posts":[{"id":21208,"url":"https:\/\/blogdoprosperi.com\/?p=21208","url_meta":{"origin":15688,"position":0},"title":"Tite convoca a sele\u00e7\u00e3o e esconde lista dos garotos do time ol\u00edmpico","author":"Luiz Ant\u00f4nio Pr\u00f3speri","date":"15 de agosto de 2016","format":false,"excerpt":"\u00a0 Tite n\u00e3o queria provocar euforia e tristeza entre os garotos da Sele\u00e7\u00e3o Ol\u00edmpica, concentrados em Teres\u00f3polis para enfrentar Honduras nas semifinais dos Jogos do Rio. Por isso acertou com a CBF o sigilo absoluto na divulga\u00e7\u00e3o da lista dos 23 jogadores convocados para os jogos contra Equador e Col\u00f4mbia,\u2026","rel":"","context":"Em &quot;futebol&quot;","block_context":{"text":"futebol","link":"https:\/\/blogdoprosperi.com\/?cat=53870"},"img":{"alt_text":"","src":"https:\/\/i0.wp.com\/blogdoprosperi.com\/wp-content\/uploads\/2016\/08\/pro-14.jpg?resize=350%2C200","width":350,"height":200,"srcset":"https:\/\/i0.wp.com\/blogdoprosperi.com\/wp-content\/uploads\/2016\/08\/pro-14.jpg?resize=350%2C200 1x, https:\/\/i0.wp.com\/blogdoprosperi.com\/wp-content\/uploads\/2016\/08\/pro-14.jpg?resize=525%2C300 1.5x, https:\/\/i0.wp.com\/blogdoprosperi.com\/wp-content\/uploads\/2016\/08\/pro-14.jpg?resize=700%2C400 2x, https:\/\/i0.wp.com\/blogdoprosperi.com\/wp-content\/uploads\/2016\/08\/pro-14.jpg?resize=1050%2C600 3x, https:\/\/i0.wp.com\/blogdoprosperi.com\/wp-content\/uploads\/2016\/08\/pro-14.jpg?resize=1400%2C800 4x"},"classes":[]},{"id":13709,"url":"https:\/\/blogdoprosperi.com\/?p=13709","url_meta":{"origin":15688,"position":1},"title":"Fernando Prass \u00e9 convocado para liderar Sele\u00e7\u00e3o Ol\u00edmpica","author":"Luiz Ant\u00f4nio Pr\u00f3speri","date":"29 de junho de 2016","format":false,"excerpt":"Goleiro do Palmeiras deve ser o capit\u00e3o do time na Olimp\u00edada do Rio e deixar a Neymar a responsabilidade de assombrar os advers\u00e1rios Fernando Prass, aos 38 anos, vai ser o l\u00edder da Sele\u00e7\u00e3o Ol\u00edmpica, na avalia\u00e7\u00e3o da comiss\u00e3o t\u00e9cnica, nos Jogos do Rio. Sem nunca ter sido convocado, seja\u2026","rel":"","context":"Em &quot;futebol&quot;","block_context":{"text":"futebol","link":"https:\/\/blogdoprosperi.com\/?cat=53870"},"img":{"alt_text":"","src":"https:\/\/i0.wp.com\/blogdoprosperi.com\/wp-content\/uploads\/2016\/06\/622_19216806-b202-3213-b154-208be60620e7.jpg?resize=350%2C200&ssl=1","width":350,"height":200,"srcset":"https:\/\/i0.wp.com\/blogdoprosperi.com\/wp-content\/uploads\/2016\/06\/622_19216806-b202-3213-b154-208be60620e7.jpg?resize=350%2C200&ssl=1 1x, https:\/\/i0.wp.com\/blogdoprosperi.com\/wp-content\/uploads\/2016\/06\/622_19216806-b202-3213-b154-208be60620e7.jpg?resize=525%2C300&ssl=1 1.5x"},"classes":[]},{"id":3587,"url":"https:\/\/blogdoprosperi.com\/?p=3587","url_meta":{"origin":15688,"position":2},"title":"Dunga convoca sele\u00e7\u00e3o brasileira de olho na Olimp\u00edada do Rio","author":"Luiz Ant\u00f4nio Pr\u00f3speri","date":"5 de maio de 2016","format":false,"excerpt":"Criticado pela med\u00edocre campanha do Brasil nas Eliminat\u00f3rias da Copa de 2018, treinador prioriza os Jogos Ol\u00edmpicos na convoca\u00e7\u00e3o da Copa Am\u00e9rica Centen\u00e1rio Dunga, com aval da CBF, deu prioridade \u00e0 Olimp\u00edada do Rio na convoca\u00e7\u00e3o dos 23 nomes para disputar a Copa Am\u00e9rica Centen\u00e1rio, em junho, nos Estados Unidos,\u2026","rel":"","context":"Em &quot;futebol&quot;","block_context":{"text":"futebol","link":"https:\/\/blogdoprosperi.com\/?cat=53870"},"img":{"alt_text":"","src":"https:\/\/i0.wp.com\/blogdoprosperi.com\/wp-content\/uploads\/2016\/05\/casemiro03_afp_15.jpg?resize=350%2C200&ssl=1","width":350,"height":200,"srcset":"https:\/\/i0.wp.com\/blogdoprosperi.com\/wp-content\/uploads\/2016\/05\/casemiro03_afp_15.jpg?resize=350%2C200&ssl=1 1x, https:\/\/i0.wp.com\/blogdoprosperi.com\/wp-content\/uploads\/2016\/05\/casemiro03_afp_15.jpg?resize=525%2C300&ssl=1 1.5x, https:\/\/i0.wp.com\/blogdoprosperi.com\/wp-content\/uploads\/2016\/05\/casemiro03_afp_15.jpg?resize=700%2C400&ssl=1 2x, https:\/\/i0.wp.com\/blogdoprosperi.com\/wp-content\/uploads\/2016\/05\/casemiro03_afp_15.jpg?resize=1050%2C600&ssl=1 3x, https:\/\/i0.wp.com\/blogdoprosperi.com\/wp-content\/uploads\/2016\/05\/casemiro03_afp_15.jpg?resize=1400%2C800&ssl=1 4x"},"classes":[]},{"id":19748,"url":"https:\/\/blogdoprosperi.com\/?p=19748","url_meta":{"origin":15688,"position":3},"title":"Sele\u00e7\u00e3o Ol\u00edmpica s\u00f3 faz aumentar decep\u00e7\u00e3o da torcida e coloca em xeque futuro de uma gera\u00e7\u00e3o promissora","author":"Luiz Ant\u00f4nio Pr\u00f3speri","date":"8 de agosto de 2016","format":false,"excerpt":"Torcedores se manifestam contra outra exibi\u00e7\u00e3o fraca do time de meninos do Brasil e gostariam de trocar Neymar por Marta da sele\u00e7\u00e3o das meninas Sele\u00e7\u00e3o Ol\u00edmpica sai vaiada pela segunda vez consecutiva nos Jogos do Rio. Mais que n\u00e3o fazer um gol em duas partidas, o Brasil perdeu a identidade\u2026","rel":"","context":"Em &quot;futebol&quot;","block_context":{"text":"futebol","link":"https:\/\/blogdoprosperi.com\/?cat=53870"},"img":{"alt_text":"","src":"https:\/\/i0.wp.com\/blogdoprosperi.com\/wp-content\/uploads\/2016\/08\/marta-selecao-brasileira-1.jpg?resize=350%2C200&ssl=1","width":350,"height":200,"srcset":"https:\/\/i0.wp.com\/blogdoprosperi.com\/wp-content\/uploads\/2016\/08\/marta-selecao-brasileira-1.jpg?resize=350%2C200&ssl=1 1x, https:\/\/i0.wp.com\/blogdoprosperi.com\/wp-content\/uploads\/2016\/08\/marta-selecao-brasileira-1.jpg?resize=525%2C300&ssl=1 1.5x"},"classes":[]},{"id":16000,"url":"https:\/\/blogdoprosperi.com\/?p=16000","url_meta":{"origin":15688,"position":4},"title":"Clubes europeus atrapalham sele\u00e7\u00e3o brasileira ol\u00edmpica","author":"Luiz Ant\u00f4nio Pr\u00f3speri","date":"14 de julho de 2016","format":false,"excerpt":"Gabriel Jesus, Gabigol, Rodrigo Caio e Marquinhos t\u00eam propostas para trocar de clubes e negocia\u00e7\u00f5es podem se arrastar at\u00e9 Olimp\u00edada do Rio","rel":"","context":"Em &quot;futebol&quot;","block_context":{"text":"futebol","link":"https:\/\/blogdoprosperi.com\/?cat=53870"},"img":{"alt_text":"","src":"https:\/\/i0.wp.com\/blogdoprosperi.com\/wp-content\/uploads\/2016\/07\/selecao-brasileira-gabriel-jesus-480-fifa-divulgacao-1.jpg?resize=350%2C200","width":350,"height":200,"srcset":"https:\/\/i0.wp.com\/blogdoprosperi.com\/wp-content\/uploads\/2016\/07\/selecao-brasileira-gabriel-jesus-480-fifa-divulgacao-1.jpg?resize=350%2C200 1x, https:\/\/i0.wp.com\/blogdoprosperi.com\/wp-content\/uploads\/2016\/07\/selecao-brasileira-gabriel-jesus-480-fifa-divulgacao-1.jpg?resize=525%2C300 1.5x"},"classes":[]},{"id":18950,"url":"https:\/\/blogdoprosperi.com\/?p=18950","url_meta":{"origin":15688,"position":5},"title":"Neymar n\u00e3o reage e se afoga junto da Sele\u00e7\u00e3o Ol\u00edmpica na estreia nos Jogos do Rio","author":"Luiz Ant\u00f4nio Pr\u00f3speri","date":"4 de agosto de 2016","format":false,"excerpt":"\u00a0 Sele\u00e7\u00e3o Ol\u00edmpica n\u00e3o encanta, apenas empata sem gols com a \u00c1frica do Sul e sai vaiada por parte da torcida na estreia nos Jogos do Rio 2016 no est\u00e1dio Man\u00e9 Garrincha. Tem raz\u00e3o o torcedor. Em nenhum momento do jogo o Brasil arrancou suspiros. Neymar atuou como um principiante,\u2026","rel":"","context":"Em &quot;futebol&quot;","block_context":{"text":"futebol","link":"https:\/\/blogdoprosperi.com\/?cat=53870"},"img":{"alt_text":"","src":"https:\/\/i0.wp.com\/blogdoprosperi.com\/wp-content\/uploads\/2016\/08\/pro-121.jpg?resize=350%2C200&ssl=1","width":350,"height":200,"srcset":"https:\/\/i0.wp.com\/blogdoprosperi.com\/wp-content\/uploads\/2016\/08\/pro-121.jpg?resize=350%2C200&ssl=1 1x, https:\/\/i0.wp.com\/blogdoprosperi.com\/wp-content\/uploads\/2016\/08\/pro-121.jpg?resize=525%2C300&ssl=1 1.5x, https:\/\/i0.wp.com\/blogdoprosperi.com\/wp-content\/uploads\/2016\/08\/pro-121.jpg?resize=700%2C400&ssl=1 2x, https:\/\/i0.wp.com\/blogdoprosperi.com\/wp-content\/uploads\/2016\/08\/pro-121.jpg?resize=1050%2C600&ssl=1 3x, https:\/\/i0.wp.com\/blogdoprosperi.com\/wp-content\/uploads\/2016\/08\/pro-121.jpg?resize=1400%2C800&ssl=1 4x"},"classes":[]}],"jetpack_featured_media_url":"","_links":{"self":[{"href":"https:\/\/blogdoprosperi.com\/index.php?rest_route=\/wp\/v2\/posts\/15688","targetHints":{"allow":["GET"]}}],"collection":[{"href":"https:\/\/blogdoprosperi.com\/index.php?rest_route=\/wp\/v2\/posts"}],"about":[{"href":"https:\/\/blogdoprosperi.com\/index.php?rest_route=\/wp\/v2\/types\/post"}],"author":[{"embeddable":true,"href":"https:\/\/blogdoprosperi.com\/index.php?rest_route=\/wp\/v2\/users\/102107496"}],"replies":[{"embeddable":true,"href":"https:\/\/blogdoprosperi.com\/index.php?rest_route=%2Fwp%2Fv2%2Fcomments&post=15688"}],"version-history":[{"count":25,"href":"https:\/\/blogdoprosperi.com\/index.php?rest_route=\/wp\/v2\/posts\/15688\/revisions"}],"predecessor-version":[{"id":15725,"href":"https:\/\/blogdoprosperi.com\/index.php?rest_route=\/wp\/v2\/posts\/15688\/revisions\/15725"}],"wp:attachment":[{"href":"https:\/\/blogdoprosperi.com\/index.php?rest_route=%2Fwp%2Fv2%2Fmedia&parent=15688"}],"wp:term":[{"taxonomy":"category","embeddable":true,"href":"https:\/\/blogdoprosperi.com\/index.php?rest_route=%2Fwp%2Fv2%2Fcategories&post=15688"},{"taxonomy":"post_tag","embeddable":true,"href":"https:\/\/blogdoprosperi.com\/index.php?rest_route=%2Fwp%2Fv2%2Ftags&post=15688"}],"curies":[{"name":"wp","href":"https:\/\/api.w.org\/{rel}","templated":true}]}}