{"id":15726,"date":"2016-07-12T21:12:23","date_gmt":"2016-07-12T21:12:23","guid":{"rendered":"http:\/\/blogdoprosperi.com\/?p=15726"},"modified":"2025-07-21T13:38:11","modified_gmt":"2025-07-21T16:38:11","slug":"de-gascoigne-a-cristiano-ronaldo-farrapo-e-vida-no-futebol","status":"publish","type":"post","link":"https:\/\/blogdoprosperi.com\/?p=15726","title":{"rendered":"De Gascoigne a Cristiano Ronaldo, Farrapo e Vida no Futebol"},"content":{"rendered":"<p><em>Luiz Ant\u00f4nio Pr\u00f3speri \u2013 12 julho 2016<\/em><\/p>\n<p>Conheci Paul Gascoigne na <a href=\"http:\/\/blogdoprosperi.com\/2016\/06\/17\/italia-e-espanha-avancam-na-eurocopa-e-croacia-sofre-com-imbecis-das-arquibancadas\/\">Copa do Mundo de 1990 <\/a>na It\u00e1lia. Era um jovem cotado a craque imortal dos ingleses. Jogava na sele\u00e7\u00e3o armada por Bobby Robson, um treinador de fino trato e um dos poucos s\u00e1bios do futebol. Irreverente. Sem nexo. No campo, incans\u00e1vel como um le\u00e3o na ca\u00e7a de carne fresca. Jogava muita bola.<\/p>\n<p>Gascoigne n\u00e3o gostava de aparecer. Evitava rep\u00f3rteres como a noite esconde o dia. Brincalh\u00e3o nos treinos, cara de menino, com 20 e poucos anos, louco por uma fuzarca. Estilo roqueiro dos garotos de Londres. Gostava de cerveja. Era uma pedra preciosa do time de Bobby. Robusto como uma rocha e um d\u00ednamo com a bola nos p\u00e9s, sempre vertical em busca dos gols. Ave rara no futebol que se praticava na Inglaterra nos ano de 1980.<\/p>\n<p>Lembro que arrancar uma entrevista dele era quase imposs\u00edvel como sobreviver a um Tsunami. Rep\u00f3rteres como eu, que cobr\u00edamos a <a href=\"http:\/\/blogdoprosperi.com\/2016\/06\/11\/inglaterra-sofre-castigo-na-estreia-e-hooligans-tingem-ruas-de-marselha-de-sangue\/\">Inglaterra<\/a> em Pula, lugarejo pr\u00f3ximo a Cagliari, na Sardenha, fizemos de tudo para convenc\u00ea-lo a falar com a imprensa. Depois de alguns dias de insucesso, um jornalista da <em>Gazzetta dello Sport<\/em> teve a brilhante ideia de elaborarmos cinco perguntas a Gascoigne por escrito em uma folha de um bloquinho de anota\u00e7\u00f5es.<\/p>\n<p><span class=\"alignnone\"><img data-recalc-dims=\"1\" loading=\"lazy\" decoding=\"async\" data-attachment-id=\"15802\" data-permalink=\"https:\/\/blogdoprosperi.com\/?attachment_id=15802\" data-orig-file=\"https:\/\/i0.wp.com\/blogdoprosperi.com\/wp-content\/uploads\/2016\/07\/gaskonj.jpg?fit=1870%2C2800&amp;ssl=1\" data-orig-size=\"1870,2800\" data-comments-opened=\"1\" data-image-meta=\"{&quot;aperture&quot;:&quot;0&quot;,&quot;credit&quot;:&quot;EMPICS Sport&quot;,&quot;camera&quot;:&quot;&quot;,&quot;caption&quot;:&quot;England&#039;s Paul Gascoigne sticks his tongue out at a group of photographers&quot;,&quot;created_timestamp&quot;:&quot;0&quot;,&quot;copyright&quot;:&quot;EMPICS Sport&quot;,&quot;focal_length&quot;:&quot;0&quot;,&quot;iso&quot;:&quot;0&quot;,&quot;shutter_speed&quot;:&quot;0&quot;,&quot;title&quot;:&quot;Soccer - World Cup Italia 1990 - Quarter Final - England v Cameroon - Stadio San Paolo&quot;,&quot;orientation&quot;:&quot;1&quot;}\" data-image-title=\"Soccer &amp;#8211; World Cup Italia 1990 &amp;#8211; Quarter Final &amp;#8211; England v Cameroon &amp;#8211; Stadio San Paolo\" data-image-description=\"\" data-image-caption=\"&lt;p&gt;England&amp;#8217;s Paul Gascoigne sticks his tongue out at a group of photographers&lt;\/p&gt;\n\" data-large-file=\"https:\/\/i0.wp.com\/blogdoprosperi.com\/wp-content\/uploads\/2016\/07\/gaskonj.jpg?fit=684%2C1024&amp;ssl=1\" class=\"alignnone wp-image-15802 alignright\" src=\"https:\/\/i0.wp.com\/blogdoprosperi.com\/wp-content\/uploads\/2016\/07\/gaskonj.jpg?resize=308%2C461&#038;ssl=1\" alt=\"Soccer - World Cup Italia 1990 - Quarter Final - England v Cameroon - Stadio San Paolo\" width=\"308\" height=\"461\" \/><\/span>Cinco perguntas sobre futebol, sua vida, a Copa e a sele\u00e7\u00e3o inglesa. A folhinha foi entregue ao assessor de imprensa da Inglaterra, que, sob nossos olhos, a entregou a Gascoigne. T\u00ednhamos de esperar pelas respostas do garoto at\u00e9 o dia seguinte. Nomeamos o rep\u00f3rter experiente da <em>Gazzetta<\/em> como nosso porta-voz. Caberia a ele receber a folha com as respostas escritas pelo jogador.<\/p>\n<p>No dia seguinte voltamos a Pula e, antes do treino da Inglaterra, o jornalista da <em>Gazzetta<\/em> se dirigiu at\u00e9 o assessor e recebeu o papel com as respostas. Gascoigne respondeu quatro das cinco quest\u00f5es. Nenhuma delas com algum sentido. Misturou rock com futebol. Apenas em uma delas, se ele se achava o melhor jogador ingl\u00eas da atualidade, respondeu com alguma coer\u00eancia. &#8220;Cabe a voc\u00eas (<em>imprensa<\/em>) julgar&#8221;. Demos por vencidos.<\/p>\n<p>A Inglaterra acabou aquela Copa de 90 derrotada nos p\u00eanaltis pela Alemanha nas semifinais. Gascoigne deixou o Mundial da It\u00e1lia como uma das grandes revela\u00e7\u00f5es do torneio. Forte, habilidoso, perfil de craque e \u00eddolo de gera\u00e7\u00f5es, o garoto n\u00e3o levou o futebol a s\u00e9rio.<\/p>\n<p><span class=\"alignnone\"><img data-recalc-dims=\"1\" loading=\"lazy\" decoding=\"async\" data-attachment-id=\"15772\" data-permalink=\"https:\/\/blogdoprosperi.com\/?attachment_id=15772\" data-orig-file=\"https:\/\/i0.wp.com\/blogdoprosperi.com\/wp-content\/uploads\/2016\/07\/cr7-os-segredos-da-maquina-capa.jpg?fit=300%2C500&amp;ssl=1\" data-orig-size=\"300,500\" data-comments-opened=\"1\" data-image-meta=\"{&quot;aperture&quot;:&quot;0&quot;,&quot;credit&quot;:&quot;&quot;,&quot;camera&quot;:&quot;&quot;,&quot;caption&quot;:&quot;&quot;,&quot;created_timestamp&quot;:&quot;0&quot;,&quot;copyright&quot;:&quot;&quot;,&quot;focal_length&quot;:&quot;0&quot;,&quot;iso&quot;:&quot;0&quot;,&quot;shutter_speed&quot;:&quot;0&quot;,&quot;title&quot;:&quot;&quot;,&quot;orientation&quot;:&quot;0&quot;}\" data-image-title=\"cr7&amp;#8212;os-segredos-da-maquina-capa\" data-image-description=\"\" data-image-caption=\"\" data-large-file=\"https:\/\/i0.wp.com\/blogdoprosperi.com\/wp-content\/uploads\/2016\/07\/cr7-os-segredos-da-maquina-capa.jpg?fit=300%2C500&amp;ssl=1\" class=\"alignnone wp-image-15772 alignleft\" src=\"https:\/\/i0.wp.com\/blogdoprosperi.com\/wp-content\/uploads\/2016\/07\/cr7-os-segredos-da-maquina-capa.jpg?resize=144%2C240&#038;ssl=1\" alt=\"cr7---os-segredos-da-maquina-capa\" width=\"144\" height=\"240\" \/><\/span>Se bem orientado, Gascoigne teria tudo para ser um <a href=\"http:\/\/blogdoprosperi.com\/2016\/07\/06\/cristiano-ronaldo-tem-um-sonho-para-contar-a-todo-mundo\/\">Cristiano Ronaldo<\/a> da sua \u00e9poca. N\u00e3o vingou. O craque portugu\u00eas enfrentou problemas no in\u00edcio da carreira. Aprendeu que s\u00f3 iria em frente se fizesse do seu corpo uma m\u00e1quina. Se submeteu a todos os tipos de treinamentos, do f\u00edsico ao mental, como bem explica o livro &#8220;CR7, segredos da m\u00e1quina&#8221;, lan\u00e7ado em 2014.<\/p>\n<p>Cristiano Ronaldo virou escravo de seu corpo e de sua mente. Acaba de levantar a taca de campe\u00e3o da <a href=\"http:\/\/blogdoprosperi.com\/2016\/07\/10\/portugal-entrega-a-taca-a-cristiano-ronaldo\/\">Eurocopa com Portugal<\/a>.<\/p>\n<p>No mesmo dia em que Cristiano sacudia Paris na coroa\u00e7\u00e3o da Euro, a imprensa inglesa flagrava Paul Gascoigne vagando por ruas de Londres apenas com roup\u00e3o sobre o corpo castigado pelo \u00e1lcool. Na boca, em vez do sorriso f\u00e1cil e cativante dos tempos da Copa do Mundo de 90 na It\u00e1lia, pendia um cigarro torto.<\/p>\n<figure id=\"attachment_15771\" aria-describedby=\"caption-attachment-15771\" style=\"width: 663px\" class=\"wp-caption alignnone\"><img data-recalc-dims=\"1\" loading=\"lazy\" decoding=\"async\" data-attachment-id=\"15771\" data-permalink=\"https:\/\/blogdoprosperi.com\/?attachment_id=15771\" data-orig-file=\"https:\/\/i0.wp.com\/blogdoprosperi.com\/wp-content\/uploads\/2016\/07\/gazza.jpg?fit=663%2C421&amp;ssl=1\" data-orig-size=\"663,421\" data-comments-opened=\"1\" data-image-meta=\"{&quot;aperture&quot;:&quot;0&quot;,&quot;credit&quot;:&quot;&quot;,&quot;camera&quot;:&quot;&quot;,&quot;caption&quot;:&quot;&quot;,&quot;created_timestamp&quot;:&quot;0&quot;,&quot;copyright&quot;:&quot;&quot;,&quot;focal_length&quot;:&quot;0&quot;,&quot;iso&quot;:&quot;0&quot;,&quot;shutter_speed&quot;:&quot;0&quot;,&quot;title&quot;:&quot;&quot;,&quot;orientation&quot;:&quot;0&quot;}\" data-image-title=\"gazza\" data-image-description=\"\" data-image-caption=\"\" data-large-file=\"https:\/\/i0.wp.com\/blogdoprosperi.com\/wp-content\/uploads\/2016\/07\/gazza.jpg?fit=663%2C421&amp;ssl=1\" class=\"alignnone size-full wp-image-15771\" src=\"https:\/\/i0.wp.com\/blogdoprosperi.com\/wp-content\/uploads\/2016\/07\/gazza.jpg?resize=663%2C421&#038;ssl=1\" alt=\"gazza\" width=\"663\" height=\"421\" \/><figcaption id=\"caption-attachment-15771\" class=\"wp-caption-text\">Gascoigne em Londres no mesmo dia que Cristiano Ronaldo era campe\u00e3o da Eurocopa<\/figcaption><\/figure>\n<p>&nbsp;<\/p>\n<p>&nbsp;<\/p>\n<p><strong>BOA LEITURA<\/strong><br \/>\nAproveito a hist\u00f3ria de \u00eddolos do futebol contada no post acima para recomendar o livro do jornalista e escritor Chico Bicudo, um libelo do futebol.<\/p>\n<p><strong>&#8220;Cr\u00f4nicas Boleiras &#8211; de Francisco Bicudo&#8221;<\/strong>\u00a0\u00e9 o prazer da boa leitura. Custa R$ 31 na livraria virtual da Editora Chiado (<em><a href=\"https:\/\/www.chiadoeditora.com\/livraria\" rel=\"nofollow\">https:\/\/www.chiadoeditora.com\/livraria<\/a> cronistas-boleiras<\/em>)<\/p>\n<p><img data-recalc-dims=\"1\" loading=\"lazy\" decoding=\"async\" data-attachment-id=\"14903\" data-permalink=\"https:\/\/blogdoprosperi.com\/?attachment_id=14903\" data-orig-file=\"https:\/\/i0.wp.com\/blogdoprosperi.com\/wp-content\/uploads\/2016\/07\/capaebookcrnicas_boleiras.jpg?fit=258%2C386&amp;ssl=1\" data-orig-size=\"258,386\" data-comments-opened=\"1\" data-image-meta=\"{&quot;aperture&quot;:&quot;0&quot;,&quot;credit&quot;:&quot;&quot;,&quot;camera&quot;:&quot;&quot;,&quot;caption&quot;:&quot;&quot;,&quot;created_timestamp&quot;:&quot;0&quot;,&quot;copyright&quot;:&quot;&quot;,&quot;focal_length&quot;:&quot;0&quot;,&quot;iso&quot;:&quot;0&quot;,&quot;shutter_speed&quot;:&quot;0&quot;,&quot;title&quot;:&quot;&quot;,&quot;orientation&quot;:&quot;0&quot;}\" data-image-title=\"capaebookcrnicas_boleiras\" data-image-description=\"\" data-image-caption=\"\" data-large-file=\"https:\/\/i0.wp.com\/blogdoprosperi.com\/wp-content\/uploads\/2016\/07\/capaebookcrnicas_boleiras.jpg?fit=258%2C386&amp;ssl=1\" class=\" wp-image-14903 alignleft\" src=\"https:\/\/i0.wp.com\/blogdoprosperi.com\/wp-content\/uploads\/2016\/07\/capaebookcrnicas_boleiras.jpg?resize=191%2C286&#038;ssl=1\" alt=\"capaebookcrnicas_boleiras\" width=\"191\" height=\"286\" \/>Apaixonado por futebol, santista roxo e por ler e escrever cr\u00f4nicas, Francisco Bicudo, professor e escritor, lan\u00e7a seu segundo livro sobre hist\u00f3rias futebol\u00edsticas. Herdeiro de \u201cMem\u00f3rias de uma Copa no Brasil\u201d, lan\u00e7ado em 2014, &#8220;Cr\u00f4nicas Boleiras&#8221;, tamb\u00e9m da editora Chiado, relata em 37 cr\u00f4nicas e 186 p\u00e1ginas o amor do torcedor e autor pelo esporte mais popular do pa\u00eds.<\/p>\n<p>Paulistano, 44 anos, \u00e9 formado em Jornalismo pela Escola de Comunica\u00e7\u00f5es e Artes da Universidade de S\u00e3o Paulo (ECA\/USP) e mestre em Ci\u00eancias da Comunica\u00e7\u00e3o pela mesma universidade. \u00c9 apaixonado por futebol.<\/p>\n","protected":false},"excerpt":{"rendered":"<p>Luiz Ant\u00f4nio Pr\u00f3speri \u2013 12 julho 2016 Conheci Paul Gascoigne na Copa do Mundo de 1990 na It\u00e1lia. [&hellip;]<\/p>\n","protected":false},"author":102107496,"featured_media":53752,"comment_status":"open","ping_status":"open","sticky":false,"template":"","format":"standard","meta":{"_coblocks_attr":"","_coblocks_dimensions":"","_coblocks_responsive_height":"","_coblocks_accordion_ie_support":"","_jetpack_newsletter_access":"","_jetpack_dont_email_post_to_subs":false,"_jetpack_newsletter_tier_id":0,"_jetpack_memberships_contains_paywalled_content":false,"_wpcom_ai_launchpad_first_post":false,"_jetpack_feature_clip_id":0,"_jetpack_memberships_contains_paid_content":false,"footnotes":"","jetpack_publicize_message":"","jetpack_publicize_feature_enabled":true,"jetpack_social_post_already_shared":false,"jetpack_social_options":{"image_generator_settings":{"template":"highway","default_image_id":0,"font":"","enabled":false},"version":2},"jetpack_post_was_ever_published":false},"categories":[53870],"tags":[78844532,4925937,66172,11520306,789560560,16333,13472,2620],"class_list":["post-15726","post","type-post","status-publish","format-standard","has-post-thumbnail","hentry","category-futebol","tag-chico-bicudo","tag-copa-do-mundo-de-1990","tag-cristiano-ronaldo","tag-eurocopa-2016","tag-futebol","tag-inglaterra","tag-paul-gascoigne","tag-portugal"],"yoast_head":"<!-- This site is optimized with the Yoast SEO plugin v28.3 - https:\/\/yoast.com\/product\/yoast-seo-wordpress\/ -->\n<title>De Gascoigne a Cristiano Ronaldo, Farrapo e Vida no Futebol - PR\u00d3SPERI NEWS<\/title>\n<meta name=\"robots\" content=\"index, follow, max-snippet:-1, max-image-preview:large, max-video-preview:-1\" \/>\n<link rel=\"canonical\" href=\"https:\/\/blogdoprosperi.com\/?p=15726\" \/>\n<meta property=\"og:locale\" content=\"pt_BR\" \/>\n<meta property=\"og:type\" content=\"article\" \/>\n<meta property=\"og:title\" content=\"De Gascoigne a Cristiano Ronaldo, Farrapo e Vida no Futebol - PR\u00d3SPERI NEWS\" \/>\n<meta property=\"og:description\" content=\"Luiz Ant\u00f4nio Pr\u00f3speri \u2013 12 julho 2016 Conheci Paul Gascoigne na Copa do Mundo de 1990 na It\u00e1lia. [&hellip;]\" \/>\n<meta property=\"og:url\" content=\"https:\/\/blogdoprosperi.com\/?p=15726\" \/>\n<meta property=\"og:site_name\" content=\"PR\u00d3SPERI NEWS\" \/>\n<meta property=\"article:publisher\" content=\"Luiz Pr\u00f3speri\" \/>\n<meta property=\"article:author\" content=\"Luiz Pr\u00f3speri\" \/>\n<meta property=\"article:published_time\" content=\"2016-07-12T21:12:23+00:00\" \/>\n<meta property=\"article:modified_time\" content=\"2025-07-21T16:38:11+00:00\" \/>\n<meta property=\"og:image\" content=\"https:\/\/i0.wp.com\/blogdoprosperi.com\/wp-content\/uploads\/2016\/07\/1274245_0-1.jpg?fit=1978%2C1372&ssl=1\" \/>\n\t<meta property=\"og:image:width\" content=\"1978\" \/>\n\t<meta property=\"og:image:height\" content=\"1372\" \/>\n\t<meta property=\"og:image:type\" content=\"image\/jpeg\" \/>\n<meta name=\"author\" content=\"Luiz Ant\u00f4nio Pr\u00f3speri\" \/>\n<meta name=\"twitter:card\" content=\"summary_large_image\" \/>\n<meta name=\"twitter:creator\" content=\"@Luizprosperi\" \/>\n<meta name=\"twitter:site\" content=\"@Luizprosperi\" \/>\n<meta name=\"twitter:label1\" content=\"Escrito por\" \/>\n\t<meta name=\"twitter:data1\" content=\"Luiz Ant\u00f4nio Pr\u00f3speri\" \/>\n\t<meta name=\"twitter:label2\" content=\"Est. tempo de leitura\" \/>\n\t<meta name=\"twitter:data2\" content=\"4 minutos\" \/>\n<script type=\"application\/ld+json\" class=\"yoast-schema-graph\">{\"@context\":\"https:\\\/\\\/schema.org\",\"@graph\":[{\"@type\":\"Article\",\"@id\":\"https:\\\/\\\/blogdoprosperi.com\\\/?p=15726#article\",\"isPartOf\":{\"@id\":\"https:\\\/\\\/blogdoprosperi.com\\\/?p=15726\"},\"author\":{\"name\":\"Luiz Ant\u00f4nio Pr\u00f3speri\",\"@id\":\"https:\\\/\\\/blogdoprosperi.com\\\/#\\\/schema\\\/person\\\/38100755ce3601861ee4fab9b5aa78e9\"},\"headline\":\"De Gascoigne a Cristiano Ronaldo, Farrapo e Vida no Futebol\",\"datePublished\":\"2016-07-12T21:12:23+00:00\",\"dateModified\":\"2025-07-21T16:38:11+00:00\",\"mainEntityOfPage\":{\"@id\":\"https:\\\/\\\/blogdoprosperi.com\\\/?p=15726\"},\"wordCount\":747,\"commentCount\":0,\"publisher\":{\"@id\":\"https:\\\/\\\/blogdoprosperi.com\\\/#\\\/schema\\\/person\\\/38100755ce3601861ee4fab9b5aa78e9\"},\"image\":{\"@id\":\"https:\\\/\\\/blogdoprosperi.com\\\/?p=15726#primaryimage\"},\"thumbnailUrl\":\"https:\\\/\\\/i0.wp.com\\\/blogdoprosperi.com\\\/wp-content\\\/uploads\\\/2016\\\/07\\\/1274245_0-1.jpg?fit=1978%2C1372&ssl=1\",\"keywords\":[\"Chico Bicudo\",\"Copa do Mundo de 1990\",\"Cristiano Ronaldo\",\"Eurocopa 2016\",\"futebol\",\"Inglaterra\",\"Paul Gascoigne\",\"Portugal\"],\"articleSection\":[\"futebol\"],\"inLanguage\":\"pt-BR\",\"potentialAction\":[{\"@type\":\"CommentAction\",\"name\":\"Comment\",\"target\":[\"https:\\\/\\\/blogdoprosperi.com\\\/?p=15726#respond\"]}]},{\"@type\":\"WebPage\",\"@id\":\"https:\\\/\\\/blogdoprosperi.com\\\/?p=15726\",\"url\":\"https:\\\/\\\/blogdoprosperi.com\\\/?p=15726\",\"name\":\"De Gascoigne a Cristiano Ronaldo, Farrapo e Vida no Futebol - PR\u00d3SPERI NEWS\",\"isPartOf\":{\"@id\":\"https:\\\/\\\/blogdoprosperi.com\\\/#website\"},\"primaryImageOfPage\":{\"@id\":\"https:\\\/\\\/blogdoprosperi.com\\\/?p=15726#primaryimage\"},\"image\":{\"@id\":\"https:\\\/\\\/blogdoprosperi.com\\\/?p=15726#primaryimage\"},\"thumbnailUrl\":\"https:\\\/\\\/i0.wp.com\\\/blogdoprosperi.com\\\/wp-content\\\/uploads\\\/2016\\\/07\\\/1274245_0-1.jpg?fit=1978%2C1372&ssl=1\",\"datePublished\":\"2016-07-12T21:12:23+00:00\",\"dateModified\":\"2025-07-21T16:38:11+00:00\",\"breadcrumb\":{\"@id\":\"https:\\\/\\\/blogdoprosperi.com\\\/?p=15726#breadcrumb\"},\"inLanguage\":\"pt-BR\",\"potentialAction\":[{\"@type\":\"ReadAction\",\"target\":[\"https:\\\/\\\/blogdoprosperi.com\\\/?p=15726\"]}]},{\"@type\":\"ImageObject\",\"inLanguage\":\"pt-BR\",\"@id\":\"https:\\\/\\\/blogdoprosperi.com\\\/?p=15726#primaryimage\",\"url\":\"https:\\\/\\\/i0.wp.com\\\/blogdoprosperi.com\\\/wp-content\\\/uploads\\\/2016\\\/07\\\/1274245_0-1.jpg?fit=1978%2C1372&ssl=1\",\"contentUrl\":\"https:\\\/\\\/i0.wp.com\\\/blogdoprosperi.com\\\/wp-content\\\/uploads\\\/2016\\\/07\\\/1274245_0-1.jpg?fit=1978%2C1372&ssl=1\",\"width\":1978,\"height\":1372},{\"@type\":\"BreadcrumbList\",\"@id\":\"https:\\\/\\\/blogdoprosperi.com\\\/?p=15726#breadcrumb\",\"itemListElement\":[{\"@type\":\"ListItem\",\"position\":1,\"name\":\"In\u00edcio\",\"item\":\"https:\\\/\\\/blogdoprosperi.com\\\/\"},{\"@type\":\"ListItem\",\"position\":2,\"name\":\"De Gascoigne a Cristiano Ronaldo, Farrapo e Vida no Futebol\"}]},{\"@type\":\"WebSite\",\"@id\":\"https:\\\/\\\/blogdoprosperi.com\\\/#website\",\"url\":\"https:\\\/\\\/blogdoprosperi.com\\\/\",\"name\":\"PR\u00d3SPERI NEWS\",\"description\":\"TUDO \u00c9  FUTEBOL\",\"publisher\":{\"@id\":\"https:\\\/\\\/blogdoprosperi.com\\\/#\\\/schema\\\/person\\\/38100755ce3601861ee4fab9b5aa78e9\"},\"alternateName\":\"blogdoprosperi.com\",\"potentialAction\":[{\"@type\":\"SearchAction\",\"target\":{\"@type\":\"EntryPoint\",\"urlTemplate\":\"https:\\\/\\\/blogdoprosperi.com\\\/?s={search_term_string}\"},\"query-input\":{\"@type\":\"PropertyValueSpecification\",\"valueRequired\":true,\"valueName\":\"search_term_string\"}}],\"inLanguage\":\"pt-BR\"},{\"@type\":[\"Person\",\"Organization\"],\"@id\":\"https:\\\/\\\/blogdoprosperi.com\\\/#\\\/schema\\\/person\\\/38100755ce3601861ee4fab9b5aa78e9\",\"name\":\"Luiz Ant\u00f4nio Pr\u00f3speri\",\"pronouns\":\"ele\",\"image\":{\"@type\":\"ImageObject\",\"inLanguage\":\"pt-BR\",\"@id\":\"https:\\\/\\\/i0.wp.com\\\/blogdoprosperi.com\\\/wp-content\\\/uploads\\\/2026\\\/05\\\/cropped-8059e613-6002-42fa-961e-8e275f575d71-2-5.jpg?fit=1360%2C931&ssl=1\",\"url\":\"https:\\\/\\\/i0.wp.com\\\/blogdoprosperi.com\\\/wp-content\\\/uploads\\\/2026\\\/05\\\/cropped-8059e613-6002-42fa-961e-8e275f575d71-2-5.jpg?fit=1360%2C931&ssl=1\",\"contentUrl\":\"https:\\\/\\\/i0.wp.com\\\/blogdoprosperi.com\\\/wp-content\\\/uploads\\\/2026\\\/05\\\/cropped-8059e613-6002-42fa-961e-8e275f575d71-2-5.jpg?fit=1360%2C931&ssl=1\",\"width\":1360,\"height\":931,\"caption\":\"Luiz Ant\u00f4nio Pr\u00f3speri\"},\"logo\":{\"@id\":\"https:\\\/\\\/i0.wp.com\\\/blogdoprosperi.com\\\/wp-content\\\/uploads\\\/2026\\\/05\\\/cropped-8059e613-6002-42fa-961e-8e275f575d71-2-5.jpg?fit=1360%2C931&ssl=1\"},\"description\":\"Jornalista com carreira dedicada ao esporte. Cobriu 9 Copas do Mundo in loco, 1990 na It\u00e1lia, 1994 nos EUA, 1998 na Fran\u00e7a, 2002 na Coreia do Sul e Jap\u00e3o, 2006 na Alemanha, 2010 na \u00c1frica do Sul, 2014 no Brasil, 2018 na R\u00fassia e 2022 no Qatar. Eurocopas, 1992 na Su\u00e9cia e 1996 na Inglaterra. Copa das Confedera\u00e7\u00f5es de 2005 na Alemanha e 2009 na \u00c1frica do Sul. Rep\u00f3rter e Editor, trabalhou no Jornal da Tarde e Estad\u00e3o, de 1984 a fevereiro de 2016. Colunista, blogueiro. E comentarista de futebol na R\u00e1dio Estad\u00e3o, de 2013 a fevereiro de 2016. Jornalista respons\u00e1vel do \\\"Pr\u00f3speri News\\\" (blogdoprosperi.com).\",\"sameAs\":[\"http:\\\/\\\/blogdoprosperi.com\",\"Luiz Pr\u00f3speri\",\"@luiz_prosperi\",\"https:\\\/\\\/x.com\\\/Luizprosperi\",\"@prosperinacopa\",\"luiz.prosperi@icloud.com\"],\"url\":\"https:\\\/\\\/blogdoprosperi.com\\\/?author=102107496\"}]}<\/script>\n<!-- \/ Yoast SEO plugin. -->","yoast_head_json":{"title":"De Gascoigne a Cristiano Ronaldo, Farrapo e Vida no Futebol - PR\u00d3SPERI NEWS","robots":{"index":"index","follow":"follow","max-snippet":"max-snippet:-1","max-image-preview":"max-image-preview:large","max-video-preview":"max-video-preview:-1"},"canonical":"https:\/\/blogdoprosperi.com\/?p=15726","og_locale":"pt_BR","og_type":"article","og_title":"De Gascoigne a Cristiano Ronaldo, Farrapo e Vida no Futebol - PR\u00d3SPERI NEWS","og_description":"Luiz Ant\u00f4nio Pr\u00f3speri \u2013 12 julho 2016 Conheci Paul Gascoigne na Copa do Mundo de 1990 na It\u00e1lia. [&hellip;]","og_url":"https:\/\/blogdoprosperi.com\/?p=15726","og_site_name":"PR\u00d3SPERI NEWS","article_publisher":"Luiz Pr\u00f3speri","article_author":"Luiz Pr\u00f3speri","article_published_time":"2016-07-12T21:12:23+00:00","article_modified_time":"2025-07-21T16:38:11+00:00","og_image":[{"width":1978,"height":1372,"url":"https:\/\/i0.wp.com\/blogdoprosperi.com\/wp-content\/uploads\/2016\/07\/1274245_0-1.jpg?fit=1978%2C1372&ssl=1","type":"image\/jpeg"}],"author":"Luiz Ant\u00f4nio Pr\u00f3speri","twitter_card":"summary_large_image","twitter_creator":"@Luizprosperi","twitter_site":"@Luizprosperi","twitter_misc":{"Escrito por":"Luiz Ant\u00f4nio Pr\u00f3speri","Est. tempo de leitura":"4 minutos"},"schema":{"@context":"https:\/\/schema.org","@graph":[{"@type":"Article","@id":"https:\/\/blogdoprosperi.com\/?p=15726#article","isPartOf":{"@id":"https:\/\/blogdoprosperi.com\/?p=15726"},"author":{"name":"Luiz Ant\u00f4nio Pr\u00f3speri","@id":"https:\/\/blogdoprosperi.com\/#\/schema\/person\/38100755ce3601861ee4fab9b5aa78e9"},"headline":"De Gascoigne a Cristiano Ronaldo, Farrapo e Vida no Futebol","datePublished":"2016-07-12T21:12:23+00:00","dateModified":"2025-07-21T16:38:11+00:00","mainEntityOfPage":{"@id":"https:\/\/blogdoprosperi.com\/?p=15726"},"wordCount":747,"commentCount":0,"publisher":{"@id":"https:\/\/blogdoprosperi.com\/#\/schema\/person\/38100755ce3601861ee4fab9b5aa78e9"},"image":{"@id":"https:\/\/blogdoprosperi.com\/?p=15726#primaryimage"},"thumbnailUrl":"https:\/\/i0.wp.com\/blogdoprosperi.com\/wp-content\/uploads\/2016\/07\/1274245_0-1.jpg?fit=1978%2C1372&ssl=1","keywords":["Chico Bicudo","Copa do Mundo de 1990","Cristiano Ronaldo","Eurocopa 2016","futebol","Inglaterra","Paul Gascoigne","Portugal"],"articleSection":["futebol"],"inLanguage":"pt-BR","potentialAction":[{"@type":"CommentAction","name":"Comment","target":["https:\/\/blogdoprosperi.com\/?p=15726#respond"]}]},{"@type":"WebPage","@id":"https:\/\/blogdoprosperi.com\/?p=15726","url":"https:\/\/blogdoprosperi.com\/?p=15726","name":"De Gascoigne a Cristiano Ronaldo, Farrapo e Vida no Futebol - PR\u00d3SPERI NEWS","isPartOf":{"@id":"https:\/\/blogdoprosperi.com\/#website"},"primaryImageOfPage":{"@id":"https:\/\/blogdoprosperi.com\/?p=15726#primaryimage"},"image":{"@id":"https:\/\/blogdoprosperi.com\/?p=15726#primaryimage"},"thumbnailUrl":"https:\/\/i0.wp.com\/blogdoprosperi.com\/wp-content\/uploads\/2016\/07\/1274245_0-1.jpg?fit=1978%2C1372&ssl=1","datePublished":"2016-07-12T21:12:23+00:00","dateModified":"2025-07-21T16:38:11+00:00","breadcrumb":{"@id":"https:\/\/blogdoprosperi.com\/?p=15726#breadcrumb"},"inLanguage":"pt-BR","potentialAction":[{"@type":"ReadAction","target":["https:\/\/blogdoprosperi.com\/?p=15726"]}]},{"@type":"ImageObject","inLanguage":"pt-BR","@id":"https:\/\/blogdoprosperi.com\/?p=15726#primaryimage","url":"https:\/\/i0.wp.com\/blogdoprosperi.com\/wp-content\/uploads\/2016\/07\/1274245_0-1.jpg?fit=1978%2C1372&ssl=1","contentUrl":"https:\/\/i0.wp.com\/blogdoprosperi.com\/wp-content\/uploads\/2016\/07\/1274245_0-1.jpg?fit=1978%2C1372&ssl=1","width":1978,"height":1372},{"@type":"BreadcrumbList","@id":"https:\/\/blogdoprosperi.com\/?p=15726#breadcrumb","itemListElement":[{"@type":"ListItem","position":1,"name":"In\u00edcio","item":"https:\/\/blogdoprosperi.com\/"},{"@type":"ListItem","position":2,"name":"De Gascoigne a Cristiano Ronaldo, Farrapo e Vida no Futebol"}]},{"@type":"WebSite","@id":"https:\/\/blogdoprosperi.com\/#website","url":"https:\/\/blogdoprosperi.com\/","name":"PR\u00d3SPERI NEWS","description":"TUDO \u00c9  FUTEBOL","publisher":{"@id":"https:\/\/blogdoprosperi.com\/#\/schema\/person\/38100755ce3601861ee4fab9b5aa78e9"},"alternateName":"blogdoprosperi.com","potentialAction":[{"@type":"SearchAction","target":{"@type":"EntryPoint","urlTemplate":"https:\/\/blogdoprosperi.com\/?s={search_term_string}"},"query-input":{"@type":"PropertyValueSpecification","valueRequired":true,"valueName":"search_term_string"}}],"inLanguage":"pt-BR"},{"@type":["Person","Organization"],"@id":"https:\/\/blogdoprosperi.com\/#\/schema\/person\/38100755ce3601861ee4fab9b5aa78e9","name":"Luiz Ant\u00f4nio Pr\u00f3speri","pronouns":"ele","image":{"@type":"ImageObject","inLanguage":"pt-BR","@id":"https:\/\/i0.wp.com\/blogdoprosperi.com\/wp-content\/uploads\/2026\/05\/cropped-8059e613-6002-42fa-961e-8e275f575d71-2-5.jpg?fit=1360%2C931&ssl=1","url":"https:\/\/i0.wp.com\/blogdoprosperi.com\/wp-content\/uploads\/2026\/05\/cropped-8059e613-6002-42fa-961e-8e275f575d71-2-5.jpg?fit=1360%2C931&ssl=1","contentUrl":"https:\/\/i0.wp.com\/blogdoprosperi.com\/wp-content\/uploads\/2026\/05\/cropped-8059e613-6002-42fa-961e-8e275f575d71-2-5.jpg?fit=1360%2C931&ssl=1","width":1360,"height":931,"caption":"Luiz Ant\u00f4nio Pr\u00f3speri"},"logo":{"@id":"https:\/\/i0.wp.com\/blogdoprosperi.com\/wp-content\/uploads\/2026\/05\/cropped-8059e613-6002-42fa-961e-8e275f575d71-2-5.jpg?fit=1360%2C931&ssl=1"},"description":"Jornalista com carreira dedicada ao esporte. Cobriu 9 Copas do Mundo in loco, 1990 na It\u00e1lia, 1994 nos EUA, 1998 na Fran\u00e7a, 2002 na Coreia do Sul e Jap\u00e3o, 2006 na Alemanha, 2010 na \u00c1frica do Sul, 2014 no Brasil, 2018 na R\u00fassia e 2022 no Qatar. Eurocopas, 1992 na Su\u00e9cia e 1996 na Inglaterra. Copa das Confedera\u00e7\u00f5es de 2005 na Alemanha e 2009 na \u00c1frica do Sul. Rep\u00f3rter e Editor, trabalhou no Jornal da Tarde e Estad\u00e3o, de 1984 a fevereiro de 2016. Colunista, blogueiro. E comentarista de futebol na R\u00e1dio Estad\u00e3o, de 2013 a fevereiro de 2016. Jornalista respons\u00e1vel do \"Pr\u00f3speri News\" (blogdoprosperi.com).","sameAs":["http:\/\/blogdoprosperi.com","Luiz Pr\u00f3speri","@luiz_prosperi","https:\/\/x.com\/Luizprosperi","@prosperinacopa","luiz.prosperi@icloud.com"],"url":"https:\/\/blogdoprosperi.com\/?author=102107496"}]}},"jetpack_publicize_connections":[],"jetpack_likes_enabled":false,"jetpack_sharing_enabled":true,"jetpack_shortlink":"https:\/\/wp.me\/p7jvdk-45E","jetpack-related-posts":[{"id":53726,"url":"https:\/\/blogdoprosperi.com\/?p=53726","url_meta":{"origin":15726,"position":0},"title":"Paul Gascoigne Est\u00e1 Hospitalizado | Quando o \u00c1lcool Destr\u00f3i os \u00cddolos do Futebol","author":"Luiz Ant\u00f4nio Pr\u00f3speri","date":"21 de julho de 2025","format":false,"excerpt":"Luiz Ant\u00f4nio Pr\u00f3speri \u2013 21 julho 2025 (13h13) \u2013 Paul Gascoigne est\u00e1 hospitalizado, diz assistente pessoal, ap\u00f3s suposto colapso \u2013informa a imprensa inglesa. Triste. Conheci Gazza, o apelido de Gascoigne, na Copa do Mundo de 1990 na It\u00e1lia. Eu, rep\u00f3rter do Jornal da Tarde na cobertura da minha primeira Copa.\u2026","rel":"","context":"Em &quot;futebol&quot;","block_context":{"text":"futebol","link":"https:\/\/blogdoprosperi.com\/?cat=53870"},"img":{"alt_text":"Paul Gascoigne est\u00e1 hospitalizado","src":"https:\/\/i0.wp.com\/blogdoprosperi.com\/wp-content\/uploads\/2025\/07\/skynews-paul-gascoigne_6480148.jpg?fit=768%2C432&ssl=1&resize=350%2C200","width":350,"height":200,"srcset":"https:\/\/i0.wp.com\/blogdoprosperi.com\/wp-content\/uploads\/2025\/07\/skynews-paul-gascoigne_6480148.jpg?fit=768%2C432&ssl=1&resize=350%2C200 1x, https:\/\/i0.wp.com\/blogdoprosperi.com\/wp-content\/uploads\/2025\/07\/skynews-paul-gascoigne_6480148.jpg?fit=768%2C432&ssl=1&resize=525%2C300 1.5x, https:\/\/i0.wp.com\/blogdoprosperi.com\/wp-content\/uploads\/2025\/07\/skynews-paul-gascoigne_6480148.jpg?fit=768%2C432&ssl=1&resize=700%2C400 2x"},"classes":[]},{"id":46066,"url":"https:\/\/blogdoprosperi.com\/?p=46066","url_meta":{"origin":15726,"position":1},"title":"Bola de Ouro | Sem Vini Jr, Come\u00e7a Nova Era no Cen\u00e1rio p\u00f3s-Messi e Cristiano Ronaldo","author":"Luiz Ant\u00f4nio Pr\u00f3speri","date":"28 de outubro de 2024","format":false,"excerpt":"A vez de Vini Jr? Enfim, ter\u00edamos um jogador brasileiro favorito a melhor do mundo no trof\u00e9u Bola de Ouro 2023\/2024, criado pela revista France Football em 1956. Acontece que Vini Jr desistiu de ir \u00e0 cerim\u00f4nia de entrega do trof\u00e9u em Paris, nessa segunda-feira (28\/10). Sem Vini Jr, o\u2026","rel":"","context":"Em &quot;futebol&quot;","block_context":{"text":"futebol","link":"https:\/\/blogdoprosperi.com\/?cat=53870"},"img":{"alt_text":"Quem leva Bola de Ouro?","src":"https:\/\/i0.wp.com\/blogdoprosperi.com\/wp-content\/uploads\/2024\/10\/captura-de-tela-2024-10-28-as-10.27.05.png?fit=1200%2C714&ssl=1&resize=350%2C200","width":350,"height":200,"srcset":"https:\/\/i0.wp.com\/blogdoprosperi.com\/wp-content\/uploads\/2024\/10\/captura-de-tela-2024-10-28-as-10.27.05.png?fit=1200%2C714&ssl=1&resize=350%2C200 1x, https:\/\/i0.wp.com\/blogdoprosperi.com\/wp-content\/uploads\/2024\/10\/captura-de-tela-2024-10-28-as-10.27.05.png?fit=1200%2C714&ssl=1&resize=525%2C300 1.5x, https:\/\/i0.wp.com\/blogdoprosperi.com\/wp-content\/uploads\/2024\/10\/captura-de-tela-2024-10-28-as-10.27.05.png?fit=1200%2C714&ssl=1&resize=700%2C400 2x, https:\/\/i0.wp.com\/blogdoprosperi.com\/wp-content\/uploads\/2024\/10\/captura-de-tela-2024-10-28-as-10.27.05.png?fit=1200%2C714&ssl=1&resize=1050%2C600 3x"},"classes":[]},{"id":26302,"url":"https:\/\/blogdoprosperi.com\/?p=26302","url_meta":{"origin":15726,"position":2},"title":"Ronaldo 40, homenagem a um encantador de serpentes","author":"Luiz Ant\u00f4nio Pr\u00f3speri","date":"22 de setembro de 2016","format":false,"excerpt":"Ronaldo Fen\u00f4meno completa 40 anos nesta quinta-feira (22\/9) de 2016. Abandonou o futebol no dia 2 de fevereiro de 2011 nos acanhados vesti\u00e1rios do est\u00e1dio\u00a0Manuel Murillo Toro, em Ibagu\u00e9, na Col\u00f4mbia, ap\u00f3s o Corinthians sofrer a derrota por 2 a 0 para o Tolima na Pr\u00e9-Libertadores. Era o ponto final\u2026","rel":"","context":"Em &quot;futebol&quot;","block_context":{"text":"futebol","link":"https:\/\/blogdoprosperi.com\/?cat=53870"},"img":{"alt_text":"","src":"https:\/\/i0.wp.com\/blogdoprosperi.com\/wp-content\/uploads\/2016\/09\/gallery-ronaldo-nazario-brazil-looks-08061994_1t9habt3gni9h15x0a49x0lr11-1.jpg?resize=350%2C200","width":350,"height":200,"srcset":"https:\/\/i0.wp.com\/blogdoprosperi.com\/wp-content\/uploads\/2016\/09\/gallery-ronaldo-nazario-brazil-looks-08061994_1t9habt3gni9h15x0a49x0lr11-1.jpg?resize=350%2C200 1x, https:\/\/i0.wp.com\/blogdoprosperi.com\/wp-content\/uploads\/2016\/09\/gallery-ronaldo-nazario-brazil-looks-08061994_1t9habt3gni9h15x0a49x0lr11-1.jpg?resize=525%2C300 1.5x"},"classes":[]},{"id":38315,"url":"https:\/\/blogdoprosperi.com\/?p=38315","url_meta":{"origin":15726,"position":3},"title":"Messi e Cristiano Ronaldo, mais vivos do que nunca","author":"Luiz Ant\u00f4nio Pr\u00f3speri","date":"11 de mar\u00e7o de 2021","format":false,"excerpt":"Messi e Cristiano Ronaldo fora das quartas de final da Liga dos Campe\u00f5es 2021, ap\u00f3s quedas de Barcelona e Juventus diante de PSG e Porto nesta quarta-feira (10\/3). Fim de uma era, anuncia a m\u00eddia europeia. Voc\u00ea concorda?","rel":"","context":"Em &quot;futebol&quot;","block_context":{"text":"futebol","link":"https:\/\/blogdoprosperi.com\/?cat=53870"},"img":{"alt_text":"","src":"https:\/\/i0.wp.com\/blogdoprosperi.com\/wp-content\/uploads\/2021\/03\/3beec6f394a8cad88517fd1c1e45fc64.png?fit=665%2C400&ssl=1&resize=350%2C200","width":350,"height":200,"srcset":"https:\/\/i0.wp.com\/blogdoprosperi.com\/wp-content\/uploads\/2021\/03\/3beec6f394a8cad88517fd1c1e45fc64.png?fit=665%2C400&ssl=1&resize=350%2C200 1x, https:\/\/i0.wp.com\/blogdoprosperi.com\/wp-content\/uploads\/2021\/03\/3beec6f394a8cad88517fd1c1e45fc64.png?fit=665%2C400&ssl=1&resize=525%2C300 1.5x"},"classes":[]},{"id":38120,"url":"https:\/\/blogdoprosperi.com\/?p=38120","url_meta":{"origin":15726,"position":4},"title":"Comunidade do futebol europeu n\u00e3o gosta de Neymar","author":"Luiz Ant\u00f4nio Pr\u00f3speri","date":"11 de dezembro de 2020","format":false,"excerpt":"Neymar n\u00e3o \u00e9 bem-visto na comunidade do futebol europeu. Apenas uma vez se deram o respeito ao craque brasileiro. Quando jogava no Barcelona ao lado de Messi. E olha l\u00e1. Por isso n\u00e3o \u00e9 um absurdo Neymar ficar fora do pr\u00eamio \"The Best\" da Fifa, melhor jogador do mundo na\u2026","rel":"","context":"Em &quot;Champions League&quot;","block_context":{"text":"Champions League","link":"https:\/\/blogdoprosperi.com\/?cat=9107"},"img":{"alt_text":"Neymar fora do pr\u00eamio Fifa","src":"https:\/\/i0.wp.com\/blogdoprosperi.com\/wp-content\/uploads\/2020\/12\/neymar-psg-x-bayern-champions-2020-23082020181716143.jpeg?fit=660%2C476&ssl=1&resize=350%2C200","width":350,"height":200,"srcset":"https:\/\/i0.wp.com\/blogdoprosperi.com\/wp-content\/uploads\/2020\/12\/neymar-psg-x-bayern-champions-2020-23082020181716143.jpeg?fit=660%2C476&ssl=1&resize=350%2C200 1x, https:\/\/i0.wp.com\/blogdoprosperi.com\/wp-content\/uploads\/2020\/12\/neymar-psg-x-bayern-champions-2020-23082020181716143.jpeg?fit=660%2C476&ssl=1&resize=525%2C300 1.5x"},"classes":[]},{"id":2054,"url":"https:\/\/blogdoprosperi.com\/?p=2054","url_meta":{"origin":15726,"position":5},"title":"Como Tel\u00ea Santana me ensinou a entender o futebol arte","author":"Luiz Ant\u00f4nio Pr\u00f3speri","date":"21 de abril de 2016","format":false,"excerpt":"\u00a0 S\u00e3o muitos os ensinamentos do mestre Tel\u00ea Santana. Um dos mais perp\u00e9tuos \u00e9 o futebol limpo, bem jogado, mesmo \u00e0s custas de derrotas marcantes como a da Sele\u00e7\u00e3o Brasileira diante da It\u00e1lia na Copa do Mundo de 1982, quando saiu aplaudido de p\u00e9 no est\u00e1dio Sarri\u00e1 no dia 5\u2026","rel":"","context":"Em &quot;futebol&quot;","block_context":{"text":"futebol","link":"https:\/\/blogdoprosperi.com\/?cat=53870"},"img":{"alt_text":"","src":"https:\/\/i0.wp.com\/blogdoprosperi.com\/wp-content\/uploads\/2016\/04\/10162013_falcao_italia_400.jpg?resize=350%2C200&ssl=1","width":350,"height":200},"classes":[]}],"jetpack_featured_media_url":"https:\/\/i0.wp.com\/blogdoprosperi.com\/wp-content\/uploads\/2016\/07\/1274245_0-1.jpg?fit=1978%2C1372&ssl=1","_links":{"self":[{"href":"https:\/\/blogdoprosperi.com\/index.php?rest_route=\/wp\/v2\/posts\/15726","targetHints":{"allow":["GET"]}}],"collection":[{"href":"https:\/\/blogdoprosperi.com\/index.php?rest_route=\/wp\/v2\/posts"}],"about":[{"href":"https:\/\/blogdoprosperi.com\/index.php?rest_route=\/wp\/v2\/types\/post"}],"author":[{"embeddable":true,"href":"https:\/\/blogdoprosperi.com\/index.php?rest_route=\/wp\/v2\/users\/102107496"}],"replies":[{"embeddable":true,"href":"https:\/\/blogdoprosperi.com\/index.php?rest_route=%2Fwp%2Fv2%2Fcomments&post=15726"}],"version-history":[{"count":25,"href":"https:\/\/blogdoprosperi.com\/index.php?rest_route=\/wp\/v2\/posts\/15726\/revisions"}],"predecessor-version":[{"id":53753,"href":"https:\/\/blogdoprosperi.com\/index.php?rest_route=\/wp\/v2\/posts\/15726\/revisions\/53753"}],"wp:featuredmedia":[{"embeddable":true,"href":"https:\/\/blogdoprosperi.com\/index.php?rest_route=\/wp\/v2\/media\/53752"}],"wp:attachment":[{"href":"https:\/\/blogdoprosperi.com\/index.php?rest_route=%2Fwp%2Fv2%2Fmedia&parent=15726"}],"wp:term":[{"taxonomy":"category","embeddable":true,"href":"https:\/\/blogdoprosperi.com\/index.php?rest_route=%2Fwp%2Fv2%2Fcategories&post=15726"},{"taxonomy":"post_tag","embeddable":true,"href":"https:\/\/blogdoprosperi.com\/index.php?rest_route=%2Fwp%2Fv2%2Ftags&post=15726"}],"curies":[{"name":"wp","href":"https:\/\/api.w.org\/{rel}","templated":true}]}}