{"id":16339,"date":"2016-07-16T16:46:38","date_gmt":"2016-07-16T16:46:38","guid":{"rendered":"http:\/\/blogdoprosperi.com\/?p=16339"},"modified":"2016-07-16T23:42:26","modified_gmt":"2016-07-16T23:42:26","slug":"ganso-deixa-sao-paulo-em-busca-de-novo-patamar-no-futebol-europeu","status":"publish","type":"post","link":"https:\/\/blogdoprosperi.com\/?p=16339","title":{"rendered":"Ganso deixa S\u00e3o Paulo em busca de novo patamar no futebol europeu"},"content":{"rendered":"<p>Meta \u00e9 subir alguns degraus, convencer torcida do Sevilla e recuperar seu espa\u00e7o na Sele\u00e7\u00e3o Brasileira ao lado do parceiro Neymar<\/p>\n<h6><span class=\"alignnone\"><img data-recalc-dims=\"1\" loading=\"lazy\" decoding=\"async\" data-attachment-id=\"16368\" data-permalink=\"https:\/\/blogdoprosperi.com\/?attachment_id=16368\" data-orig-file=\"https:\/\/i0.wp.com\/blogdoprosperi.com\/wp-content\/uploads\/2016\/07\/paulo-henrique-ganso-durante-o-aquecimento-no-gramado-do-mineirao-antes-de-cruzeiro-e-sao-paulo-1431555931556_615x300.jpg?fit=615%2C300&amp;ssl=1\" data-orig-size=\"615,300\" data-comments-opened=\"1\" data-image-meta=\"{&quot;aperture&quot;:&quot;0&quot;,&quot;credit&quot;:&quot;&quot;,&quot;camera&quot;:&quot;&quot;,&quot;caption&quot;:&quot;&quot;,&quot;created_timestamp&quot;:&quot;0&quot;,&quot;copyright&quot;:&quot;&quot;,&quot;focal_length&quot;:&quot;0&quot;,&quot;iso&quot;:&quot;0&quot;,&quot;shutter_speed&quot;:&quot;0&quot;,&quot;title&quot;:&quot;&quot;,&quot;orientation&quot;:&quot;0&quot;}\" data-image-title=\"paulo-henrique-ganso-durante-o-aquecimento-no-gramado-do-mineirao-antes-de-cruzeiro-e-sao-paulo-1431555931556_615x300\" data-image-description=\"\" data-image-caption=\"\" data-large-file=\"https:\/\/i0.wp.com\/blogdoprosperi.com\/wp-content\/uploads\/2016\/07\/paulo-henrique-ganso-durante-o-aquecimento-no-gramado-do-mineirao-antes-de-cruzeiro-e-sao-paulo-1431555931556_615x300.jpg?fit=615%2C300&amp;ssl=1\" class=\"alignnone size-full wp-image-16368\" src=\"https:\/\/i0.wp.com\/blogdoprosperi.com\/wp-content\/uploads\/2016\/07\/paulo-henrique-ganso-durante-o-aquecimento-no-gramado-do-mineirao-antes-de-cruzeiro-e-sao-paulo-1431555931556_615x300.jpg?resize=615%2C300&#038;ssl=1\" alt=\"paulo-henrique-ganso-durante-o-aquecimento-no-gramado-do-mineirao-antes-de-cruzeiro-e-sao-paulo-1431555931556_615x300\" width=\"615\" height=\"300\" \/><\/span><\/h6>\n<p>S\u00e3o Paulo acertou neste s\u00e1bado (16\/7) a venda de Paulo Henrique Ganso ao Sevilla por 9 milh\u00f5es de euros. O clube vai levar 4,5 milh\u00f5es (R$ 16,3 milh\u00f5es) e o Grupo DIS, 4,5 milh\u00f5es de euros. O jogador deve embarcar nesta segunda-feira (18\/7) para se submeter a exames m\u00e9dicos e assinar o contrato de 5 anos com o clube espanhol.<\/p>\n<p>Detalhes da transa\u00e7\u00e3o indicam que o <a href=\"http:\/\/blogdoprosperi.com\/2016\/07\/15\/sao-paulo-perde-jogadores-enfraquece-time-e-abate-despesas-com-maicon-e-cuevas\/\">S\u00e3o Paulo<\/a> ter\u00e1 alguns benef\u00edcios no acordo entre Ganso e Sevilla. Se o jogador alcan\u00e7ar algumas metas (determinado n\u00famero de jogos e conquistas), o clube paulista ter\u00e1 direito a receber mais 1,5 milh\u00e3o de euros (R$ 5,4 milh\u00f5es), elevando sua parte no neg\u00f3cio a cerca de R$ 21 milh\u00f5es.<\/p>\n<p>O Grupo DIS, detentor de 68% dos direitos econ\u00f4micos de Ganso, aceitou receber a mesma quantia destinada ao S\u00e3o Paulo, dono de apenas 32%. Em contrapartida, ficar\u00e1 com 20% de uma futura venda do jogador pelo Sevilla.<\/p>\n<p>Veja v\u00eddeo de despedida de Ganso do S\u00e3o Paulo<\/p>\n<div class=\"jetpack-video-wrapper\"><span class=\"embed-youtube\" style=\"text-align:center; display: block;\"><iframe loading=\"lazy\" class=\"youtube-player\" width=\"560\" height=\"315\" src=\"https:\/\/www.youtube.com\/embed\/zgHjAY8-kDg?version=3&#038;rel=1&#038;showsearch=0&#038;showinfo=1&#038;iv_load_policy=1&#038;fs=1&#038;hl=pt-BR&#038;autohide=2&#038;wmode=transparent\" allowfullscreen=\"true\" style=\"border:0;\" sandbox=\"allow-scripts allow-same-origin allow-popups allow-presentation allow-popups-to-escape-sandbox\"><\/iframe><\/span><\/div>\n<p>Venda concretizada, <a href=\"http:\/\/blogdoprosperi.com\/2016\/07\/01\/ganso-esta-de-saida-do-sao-paulo\/\">Ganso realiza o sonho de jogar na Europa<\/a>\u00a0&#8211; informa\u00e7\u00e3o antecipada neste blog. Chega \u00e0 Espanha tr\u00eas anos depois de seu parceiro Neymar, contratado pelo Barcelona em 2013.<\/p>\n<div class=\"tiled-gallery type-rectangular tiled-gallery-unresized\" data-original-width=\"940\" data-carousel-extra='{&quot;blog_id&quot;:1,&quot;permalink&quot;:&quot;https:\\\/\\\/blogdoprosperi.com\\\/?p=16339&quot;,&quot;likes_blog_id&quot;:108082574}' itemscope itemtype=\"http:\/\/schema.org\/ImageGallery\" > <div class=\"gallery-row\" style=\"width: 940px; height: 434px;\" data-original-width=\"940\" data-original-height=\"434\" > <div class=\"gallery-group images-1\" style=\"width: 649px; height: 434px;\" data-original-width=\"649\" data-original-height=\"434\" > <div class=\"tiled-gallery-item tiled-gallery-item-large\" itemprop=\"associatedMedia\" itemscope itemtype=\"http:\/\/schema.org\/ImageObject\"> <a href=\"https:\/\/blogdoprosperi.com\/?attachment_id=16371\" border=\"0\" itemprop=\"url\"> <meta itemprop=\"width\" content=\"645\"> <meta itemprop=\"height\" content=\"430\"> <img decoding=\"async\" class=\"\" data-attachment-id=\"16371\" data-orig-file=\"https:\/\/blogdoprosperi.com\/wp-content\/uploads\/2016\/07\/neymar-and-ganso-490889.jpg\" data-orig-size=\"594,396\" data-comments-opened=\"1\" data-image-meta=\"{&quot;aperture&quot;:&quot;0&quot;,&quot;credit&quot;:&quot;AFP\\\/Getty Images&quot;,&quot;camera&quot;:&quot;&quot;,&quot;caption&quot;:&quot;Footballer Neymar (L), of Brazilian team Santos, celebrates with teammate Ganso after scoring against Bolivia\\u0027s Bolivar during a Libertadores Cup match at Vila Belmiro stadium in Santos, Brazil, on May 10, 2012. AFP PHOTO\\\/Yasuyoshi CHIBA (Photo credit should read YASUYOSHI CHIBA\\\/AFP\\\/GettyImages)&quot;,&quot;created_timestamp&quot;:&quot;0&quot;,&quot;copyright&quot;:&quot;2012 AFP&quot;,&quot;focal_length&quot;:&quot;0&quot;,&quot;iso&quot;:&quot;0&quot;,&quot;shutter_speed&quot;:&quot;0&quot;,&quot;title&quot;:&quot;Footballer Neymar (L), of Brazilian team&quot;,&quot;orientation&quot;:&quot;0&quot;}\" data-image-title=\"Footballer Neymar (L), of Brazilian team\" data-image-description=\"\" data-medium-file=\"https:\/\/i0.wp.com\/blogdoprosperi.com\/wp-content\/uploads\/2016\/07\/neymar-and-ganso-490889.jpg?fit=567%2C378&#038;ssl=1\" data-large-file=\"https:\/\/i0.wp.com\/blogdoprosperi.com\/wp-content\/uploads\/2016\/07\/neymar-and-ganso-490889.jpg?fit=594%2C396&#038;ssl=1\" src=\"https:\/\/i0.wp.com\/blogdoprosperi.com\/wp-content\/uploads\/2016\/07\/neymar-and-ganso-490889.jpg?w=645&#038;h=430&#038;ssl=1\" width=\"645\" height=\"430\" loading=\"lazy\" data-original-width=\"645\" data-original-height=\"430\" itemprop=\"http:\/\/schema.org\/image\" title=\"Footballer Neymar (L), of Brazilian team\" alt=\"Footballer Neymar (L), of Brazilian team Santos, celebrates with teammate Ganso after scoring against Bolivia&#039;s Bolivar during a Libertadores Cup match at Vila Belmiro stadium in Santos, Brazil, on May 10, 2012. AFP PHOTO\/Yasuyoshi CHIBA (Photo credit should read YASUYOSHI CHIBA\/AFP\/GettyImages)\" style=\"width: 645px; height: 430px;\" \/> <\/a> <div class=\"tiled-gallery-caption\" itemprop=\"caption description\"> Footballer Neymar (L), of Brazilian team Santos, celebrates with teammate Ganso after scoring against Bolivia&#8217;s Bolivar during a Libertadores Cup match at Vila Belmiro stadium in Santos, Brazil, on May 10, 2012. AFP PHOTO\/Yasuyoshi CHIBA (Photo credit should read YASUYOSHI CHIBA\/AFP\/GettyImages) <\/div> <\/div> <\/div> <!-- close group --> <div class=\"gallery-group images-2\" style=\"width: 291px; height: 434px;\" data-original-width=\"291\" data-original-height=\"434\" > <div class=\"tiled-gallery-item tiled-gallery-item-large\" itemprop=\"associatedMedia\" itemscope itemtype=\"http:\/\/schema.org\/ImageObject\"> <a href=\"https:\/\/blogdoprosperi.com\/?attachment_id=16370\" border=\"0\" itemprop=\"url\"> <meta itemprop=\"width\" content=\"287\"> <meta itemprop=\"height\" content=\"215\"> <img decoding=\"async\" class=\"\" data-attachment-id=\"16370\" data-orig-file=\"https:\/\/blogdoprosperi.com\/wp-content\/uploads\/2016\/07\/axwzlg5z0ts9bv0llkabidi1p.jpg\" data-orig-size=\"316,236\" data-comments-opened=\"1\" data-image-meta=\"{&quot;aperture&quot;:&quot;0&quot;,&quot;credit&quot;:&quot;&quot;,&quot;camera&quot;:&quot;&quot;,&quot;caption&quot;:&quot;&quot;,&quot;created_timestamp&quot;:&quot;0&quot;,&quot;copyright&quot;:&quot;&quot;,&quot;focal_length&quot;:&quot;0&quot;,&quot;iso&quot;:&quot;0&quot;,&quot;shutter_speed&quot;:&quot;0&quot;,&quot;title&quot;:&quot;&quot;,&quot;orientation&quot;:&quot;0&quot;}\" data-image-title=\"axwzlg5z0ts9bv0llkabidi1p\" data-image-description=\"\" data-medium-file=\"https:\/\/i0.wp.com\/blogdoprosperi.com\/wp-content\/uploads\/2016\/07\/axwzlg5z0ts9bv0llkabidi1p.jpg?fit=316%2C236&#038;ssl=1\" data-large-file=\"https:\/\/i0.wp.com\/blogdoprosperi.com\/wp-content\/uploads\/2016\/07\/axwzlg5z0ts9bv0llkabidi1p.jpg?fit=316%2C236&#038;ssl=1\" src=\"https:\/\/i0.wp.com\/blogdoprosperi.com\/wp-content\/uploads\/2016\/07\/axwzlg5z0ts9bv0llkabidi1p.jpg?w=287&#038;h=215&#038;ssl=1\" width=\"287\" height=\"215\" loading=\"lazy\" data-original-width=\"287\" data-original-height=\"215\" itemprop=\"http:\/\/schema.org\/image\" title=\"axwzlg5z0ts9bv0llkabidi1p\" alt=\"axwzlg5z0ts9bv0llkabidi1p\" style=\"width: 287px; height: 215px;\" \/> <\/a> <\/div> <div class=\"tiled-gallery-item tiled-gallery-item-large\" itemprop=\"associatedMedia\" itemscope itemtype=\"http:\/\/schema.org\/ImageObject\"> <a href=\"https:\/\/blogdoprosperi.com\/?attachment_id=16372\" border=\"0\" itemprop=\"url\"> <meta itemprop=\"width\" content=\"287\"> <meta itemprop=\"height\" content=\"211\"> <img decoding=\"async\" class=\"\" data-attachment-id=\"16372\" data-orig-file=\"https:\/\/blogdoprosperi.com\/wp-content\/uploads\/2016\/07\/neymar-e-ganso-ivan.png\" data-orig-size=\"539,396\" data-comments-opened=\"1\" data-image-meta=\"{&quot;aperture&quot;:&quot;0&quot;,&quot;credit&quot;:&quot;&quot;,&quot;camera&quot;:&quot;&quot;,&quot;caption&quot;:&quot;&quot;,&quot;created_timestamp&quot;:&quot;0&quot;,&quot;copyright&quot;:&quot;&quot;,&quot;focal_length&quot;:&quot;0&quot;,&quot;iso&quot;:&quot;0&quot;,&quot;shutter_speed&quot;:&quot;0&quot;,&quot;title&quot;:&quot;&quot;,&quot;orientation&quot;:&quot;0&quot;}\" data-image-title=\"neymar-e-ganso-ivan\" data-image-description=\"\" data-medium-file=\"https:\/\/i0.wp.com\/blogdoprosperi.com\/wp-content\/uploads\/2016\/07\/neymar-e-ganso-ivan.png?fit=515%2C378&#038;ssl=1\" data-large-file=\"https:\/\/i0.wp.com\/blogdoprosperi.com\/wp-content\/uploads\/2016\/07\/neymar-e-ganso-ivan.png?fit=539%2C396&#038;ssl=1\" src=\"https:\/\/i0.wp.com\/blogdoprosperi.com\/wp-content\/uploads\/2016\/07\/neymar-e-ganso-ivan.png?w=287&#038;h=211&#038;ssl=1\" width=\"287\" height=\"211\" loading=\"lazy\" data-original-width=\"287\" data-original-height=\"211\" itemprop=\"http:\/\/schema.org\/image\" title=\"neymar-e-ganso-ivan\" alt=\"neymar-e-ganso-ivan\" style=\"width: 287px; height: 211px;\" \/> <\/a> <\/div> <\/div> <!-- close group --> <\/div> <!-- close row --> <div class=\"gallery-row\" style=\"width: 940px; height: 563px;\" data-original-width=\"940\" data-original-height=\"563\" > <div class=\"gallery-group images-1\" style=\"width: 940px; height: 563px;\" data-original-width=\"940\" data-original-height=\"563\" > <div class=\"tiled-gallery-item tiled-gallery-item-large\" itemprop=\"associatedMedia\" itemscope itemtype=\"http:\/\/schema.org\/ImageObject\"> <a href=\"https:\/\/blogdoprosperi.com\/?attachment_id=16374\" border=\"0\" itemprop=\"url\"> <meta itemprop=\"width\" content=\"936\"> <meta itemprop=\"height\" content=\"559\"> <img decoding=\"async\" class=\"\" data-attachment-id=\"16374\" data-orig-file=\"https:\/\/blogdoprosperi.com\/wp-content\/uploads\/2016\/07\/neymar_ganso.jpg\" data-orig-size=\"670,400\" data-comments-opened=\"1\" data-image-meta=\"{&quot;aperture&quot;:&quot;0&quot;,&quot;credit&quot;:&quot;&quot;,&quot;camera&quot;:&quot;&quot;,&quot;caption&quot;:&quot;&quot;,&quot;created_timestamp&quot;:&quot;0&quot;,&quot;copyright&quot;:&quot;&quot;,&quot;focal_length&quot;:&quot;0&quot;,&quot;iso&quot;:&quot;0&quot;,&quot;shutter_speed&quot;:&quot;0&quot;,&quot;title&quot;:&quot;&quot;,&quot;orientation&quot;:&quot;0&quot;}\" data-image-title=\"neymar_ganso\" data-image-description=\"\" data-medium-file=\"https:\/\/i0.wp.com\/blogdoprosperi.com\/wp-content\/uploads\/2016\/07\/neymar_ganso.jpg?fit=633%2C378&#038;ssl=1\" data-large-file=\"https:\/\/i0.wp.com\/blogdoprosperi.com\/wp-content\/uploads\/2016\/07\/neymar_ganso.jpg?fit=670%2C400&#038;ssl=1\" src=\"https:\/\/i0.wp.com\/blogdoprosperi.com\/wp-content\/uploads\/2016\/07\/neymar_ganso.jpg?w=936&#038;h=559&#038;ssl=1\" width=\"936\" height=\"559\" loading=\"lazy\" data-original-width=\"936\" data-original-height=\"559\" itemprop=\"http:\/\/schema.org\/image\" title=\"neymar_ganso\" alt=\"neymar_ganso\" style=\"width: 936px; height: 559px;\" \/> <\/a> <\/div> <\/div> <!-- close group --> <\/div> <!-- close row --> <\/div>\n<p>Quando surgiram juntos no Santos, na temporada de 2010, a expectativa era de que Ganso seria o camisa 10 da Sele\u00e7\u00e3o Brasileira e muito breve estaria em um gigante do futebol europeu. Les\u00f5es graves nos dois joelhos privaram o meia de ser o astro que muitos analistas e empres\u00e1rios haviam projetado.<\/p>\n<p><strong>ESTILO PIRLO<\/strong><\/p>\n<p>Ganso se viu preterido da Sele\u00e7\u00e3o Brasileira e colocado em segundo plano no Santos. Quando o S\u00e3o Paulo mostrou interesse na sua contrata\u00e7\u00e3o, n\u00e3o pensou duas vezes. Em 2012, trocou a Vila Belmiro pelo Morumbi em busca de um novo patamar na sua carreira. Quatro anos depois, mesmo sem nenhuma conquista expressiva no S\u00e3o Paulo, aterrissa no futebol espanhol.<\/p>\n<figure id=\"attachment_16369\" aria-describedby=\"caption-attachment-16369\" style=\"width: 624px\" class=\"wp-caption alignnone\"><img data-recalc-dims=\"1\" loading=\"lazy\" decoding=\"async\" data-attachment-id=\"16369\" data-permalink=\"https:\/\/blogdoprosperi.com\/?attachment_id=16369\" data-orig-file=\"https:\/\/i0.wp.com\/blogdoprosperi.com\/wp-content\/uploads\/2016\/07\/107942.jpg?fit=624%2C351&amp;ssl=1\" data-orig-size=\"624,351\" data-comments-opened=\"1\" data-image-meta=\"{&quot;aperture&quot;:&quot;0&quot;,&quot;credit&quot;:&quot;REUTERS&quot;,&quot;camera&quot;:&quot;&quot;,&quot;caption&quot;:&quot;Juventus&#039; Andrea Pirlo controls the ball during their Champions League soccer match against FC Copenhagen at Juventus stadium in Turin November 27, 2013. REUTERS\/Giorgio Perottino (ITALY - Tags: SPORT SOCCER)&quot;,&quot;created_timestamp&quot;:&quot;0&quot;,&quot;copyright&quot;:&quot;&quot;,&quot;focal_length&quot;:&quot;0&quot;,&quot;iso&quot;:&quot;0&quot;,&quot;shutter_speed&quot;:&quot;0&quot;,&quot;title&quot;:&quot;0599304085&quot;,&quot;orientation&quot;:&quot;0&quot;}\" data-image-title=\"107942\" data-image-description=\"\" data-image-caption=\"&lt;p&gt;Juventus&amp;#8217; Andrea Pirlo controls the ball during their Champions League soccer match against FC Copenhagen at Juventus stadium in Turin November 27, 2013. REUTERS\/Giorgio Perottino (ITALY &amp;#8211; Tags: SPORT SOCCER)&lt;\/p&gt;\n\" data-large-file=\"https:\/\/i0.wp.com\/blogdoprosperi.com\/wp-content\/uploads\/2016\/07\/107942.jpg?fit=624%2C351&amp;ssl=1\" class=\"alignnone size-full wp-image-16369\" src=\"https:\/\/i0.wp.com\/blogdoprosperi.com\/wp-content\/uploads\/2016\/07\/107942.jpg?resize=624%2C351&#038;ssl=1\" alt=\"107942\" width=\"624\" height=\"351\" \/><figcaption id=\"caption-attachment-16369\" class=\"wp-caption-text\">Pirlo, campe\u00e3o na Juventus da It\u00e1lia, joga nos EUA \u00a0&#8211; Foto: Reuters<\/figcaption><\/figure>\n<p>No Sevilla, a se dar cr\u00e9dito \u00e0 mensagem do t\u00e9cnico Jorge Sampaoli, Ganso vai jogar no estilo de Pirlo. Vai ser o principal articulador do time, como Pirlo era na Juventus e sele\u00e7\u00e3o italiana. O treinador argentino espera dar um novo perfil \u00e0 equipe, com prioridade na posse de bola e menos sangu\u00edneo dos tempos de Unai Emery, que trocou o Sevilla pelo PSG.<\/p>\n<p>Paulo Henrique Ganso espera conquistar n\u00e3o s\u00f3 Sampaoli como tamb\u00e9m Tite na Sele\u00e7\u00e3o Brasileira. E voltar a formar com Neymar a parceria que provocou um terremoto no futebol brasileiro em 2010.<\/p>\n","protected":false},"excerpt":{"rendered":"<p>Paulo Henrique Ganso, aos 26 anos, vai jogar no futebol da Espanha<\/p>\n","protected":false},"author":102107496,"featured_media":0,"comment_status":"open","ping_status":"open","sticky":false,"template":"","format":"standard","meta":{"_coblocks_attr":"","_coblocks_dimensions":"","_coblocks_responsive_height":"","_coblocks_accordion_ie_support":"","_jetpack_newsletter_access":"","_jetpack_dont_email_post_to_subs":false,"_jetpack_newsletter_tier_id":0,"_jetpack_memberships_contains_paywalled_content":false,"_wpcom_ai_launchpad_first_post":false,"_jetpack_feature_clip_id":0,"_jetpack_memberships_contains_paid_content":false,"footnotes":"","jetpack_publicize_message":"","jetpack_publicize_feature_enabled":true,"jetpack_social_post_already_shared":false,"jetpack_social_options":{"image_generator_settings":{"template":"highway","default_image_id":0,"font":"","enabled":false},"version":2},"jetpack_post_was_ever_published":false},"categories":[53870],"tags":[98012038,141424,224693,789560560,4112146,18046339,5226238,972018,26771],"class_list":["post-16339","post","type-post","status-publish","format-standard","hentry","category-futebol","tag-andreas-pirlo","tag-dis","tag-fcbarcelona","tag-futebol","tag-neymar","tag-paulo-henrique-ganso","tag-santosfc","tag-sao-paulo-fc","tag-sevilla"],"yoast_head":"<!-- This site is optimized with the Yoast SEO plugin v28.3 - https:\/\/yoast.com\/product\/yoast-seo-wordpress\/ -->\n<title>Ganso deixa S\u00e3o Paulo em busca de novo patamar no futebol europeu - PR\u00d3SPERI NEWS<\/title>\n<meta name=\"robots\" content=\"index, follow, max-snippet:-1, max-image-preview:large, max-video-preview:-1\" \/>\n<link rel=\"canonical\" href=\"https:\/\/blogdoprosperi.com\/?p=16339\" \/>\n<meta property=\"og:locale\" content=\"pt_BR\" \/>\n<meta property=\"og:type\" content=\"article\" \/>\n<meta property=\"og:title\" content=\"Ganso deixa S\u00e3o Paulo em busca de novo patamar no futebol europeu - PR\u00d3SPERI NEWS\" \/>\n<meta property=\"og:description\" content=\"Paulo Henrique Ganso, aos 26 anos, vai jogar no futebol da Espanha\" \/>\n<meta property=\"og:url\" content=\"https:\/\/blogdoprosperi.com\/?p=16339\" \/>\n<meta property=\"og:site_name\" content=\"PR\u00d3SPERI NEWS\" \/>\n<meta property=\"article:publisher\" content=\"Luiz Pr\u00f3speri\" \/>\n<meta property=\"article:author\" content=\"Luiz Pr\u00f3speri\" \/>\n<meta property=\"article:published_time\" content=\"2016-07-16T16:46:38+00:00\" \/>\n<meta property=\"article:modified_time\" content=\"2016-07-16T23:42:26+00:00\" \/>\n<meta property=\"og:image\" content=\"https:\/\/i0.wp.com\/blogdoprosperi.com\/wp-content\/uploads\/2016\/07\/neymar-and-ganso-490889.jpg?w=645&#038;h=430&#038;ssl=1\" \/>\n<meta name=\"author\" content=\"Luiz Ant\u00f4nio Pr\u00f3speri\" \/>\n<meta name=\"twitter:card\" content=\"summary_large_image\" \/>\n<meta name=\"twitter:creator\" content=\"@Luizprosperi\" \/>\n<meta name=\"twitter:site\" content=\"@Luizprosperi\" \/>\n<meta name=\"twitter:label1\" content=\"Escrito por\" \/>\n\t<meta name=\"twitter:data1\" content=\"Luiz Ant\u00f4nio Pr\u00f3speri\" \/>\n\t<meta name=\"twitter:label2\" content=\"Est. tempo de leitura\" \/>\n\t<meta name=\"twitter:data2\" content=\"2 minutos\" \/>\n<script type=\"application\/ld+json\" class=\"yoast-schema-graph\">{\"@context\":\"https:\\\/\\\/schema.org\",\"@graph\":[{\"@type\":\"Article\",\"@id\":\"https:\\\/\\\/blogdoprosperi.com\\\/?p=16339#article\",\"isPartOf\":{\"@id\":\"https:\\\/\\\/blogdoprosperi.com\\\/?p=16339\"},\"author\":{\"name\":\"Luiz Ant\u00f4nio Pr\u00f3speri\",\"@id\":\"https:\\\/\\\/blogdoprosperi.com\\\/#\\\/schema\\\/person\\\/38100755ce3601861ee4fab9b5aa78e9\"},\"headline\":\"Ganso deixa S\u00e3o Paulo em busca de novo patamar no futebol europeu\",\"datePublished\":\"2016-07-16T16:46:38+00:00\",\"dateModified\":\"2016-07-16T23:42:26+00:00\",\"mainEntityOfPage\":{\"@id\":\"https:\\\/\\\/blogdoprosperi.com\\\/?p=16339\"},\"wordCount\":485,\"commentCount\":3,\"publisher\":{\"@id\":\"https:\\\/\\\/blogdoprosperi.com\\\/#\\\/schema\\\/person\\\/38100755ce3601861ee4fab9b5aa78e9\"},\"image\":{\"@id\":\"https:\\\/\\\/blogdoprosperi.com\\\/?p=16339#primaryimage\"},\"thumbnailUrl\":\"https:\\\/\\\/blogdoprosperi.com\\\/wp-content\\\/uploads\\\/2016\\\/07\\\/paulo-henrique-ganso-durante-o-aquecimento-no-gramado-do-mineirao-antes-de-cruzeiro-e-sao-paulo-1431555931556_615x300.jpg\",\"keywords\":[\"Andreas Pirlo\",\"DIS\",\"FCBarcelona\",\"futebol\",\"Neymar\",\"paulo Henrique ganso\",\"SantosFC\",\"S\u00e3o Paulo FC\",\"Sevilla\"],\"articleSection\":[\"futebol\"],\"inLanguage\":\"pt-BR\",\"potentialAction\":[{\"@type\":\"CommentAction\",\"name\":\"Comment\",\"target\":[\"https:\\\/\\\/blogdoprosperi.com\\\/?p=16339#respond\"]}]},{\"@type\":\"WebPage\",\"@id\":\"https:\\\/\\\/blogdoprosperi.com\\\/?p=16339\",\"url\":\"https:\\\/\\\/blogdoprosperi.com\\\/?p=16339\",\"name\":\"Ganso deixa S\u00e3o Paulo em busca de novo patamar no futebol europeu - PR\u00d3SPERI NEWS\",\"isPartOf\":{\"@id\":\"https:\\\/\\\/blogdoprosperi.com\\\/#website\"},\"primaryImageOfPage\":{\"@id\":\"https:\\\/\\\/blogdoprosperi.com\\\/?p=16339#primaryimage\"},\"image\":{\"@id\":\"https:\\\/\\\/blogdoprosperi.com\\\/?p=16339#primaryimage\"},\"thumbnailUrl\":\"https:\\\/\\\/blogdoprosperi.com\\\/wp-content\\\/uploads\\\/2016\\\/07\\\/paulo-henrique-ganso-durante-o-aquecimento-no-gramado-do-mineirao-antes-de-cruzeiro-e-sao-paulo-1431555931556_615x300.jpg\",\"datePublished\":\"2016-07-16T16:46:38+00:00\",\"dateModified\":\"2016-07-16T23:42:26+00:00\",\"breadcrumb\":{\"@id\":\"https:\\\/\\\/blogdoprosperi.com\\\/?p=16339#breadcrumb\"},\"inLanguage\":\"pt-BR\",\"potentialAction\":[{\"@type\":\"ReadAction\",\"target\":[\"https:\\\/\\\/blogdoprosperi.com\\\/?p=16339\"]}]},{\"@type\":\"ImageObject\",\"inLanguage\":\"pt-BR\",\"@id\":\"https:\\\/\\\/blogdoprosperi.com\\\/?p=16339#primaryimage\",\"url\":\"https:\\\/\\\/i0.wp.com\\\/blogdoprosperi.com\\\/wp-content\\\/uploads\\\/2016\\\/07\\\/paulo-henrique-ganso-durante-o-aquecimento-no-gramado-do-mineirao-antes-de-cruzeiro-e-sao-paulo-1431555931556_615x300.jpg?fit=615%2C300&ssl=1\",\"contentUrl\":\"https:\\\/\\\/i0.wp.com\\\/blogdoprosperi.com\\\/wp-content\\\/uploads\\\/2016\\\/07\\\/paulo-henrique-ganso-durante-o-aquecimento-no-gramado-do-mineirao-antes-de-cruzeiro-e-sao-paulo-1431555931556_615x300.jpg?fit=615%2C300&ssl=1\",\"width\":615,\"height\":300},{\"@type\":\"BreadcrumbList\",\"@id\":\"https:\\\/\\\/blogdoprosperi.com\\\/?p=16339#breadcrumb\",\"itemListElement\":[{\"@type\":\"ListItem\",\"position\":1,\"name\":\"In\u00edcio\",\"item\":\"https:\\\/\\\/blogdoprosperi.com\\\/\"},{\"@type\":\"ListItem\",\"position\":2,\"name\":\"Ganso deixa S\u00e3o Paulo em busca de novo patamar no futebol europeu\"}]},{\"@type\":\"WebSite\",\"@id\":\"https:\\\/\\\/blogdoprosperi.com\\\/#website\",\"url\":\"https:\\\/\\\/blogdoprosperi.com\\\/\",\"name\":\"PR\u00d3SPERI NEWS\",\"description\":\"TUDO \u00c9  FUTEBOL\",\"publisher\":{\"@id\":\"https:\\\/\\\/blogdoprosperi.com\\\/#\\\/schema\\\/person\\\/38100755ce3601861ee4fab9b5aa78e9\"},\"alternateName\":\"blogdoprosperi.com\",\"potentialAction\":[{\"@type\":\"SearchAction\",\"target\":{\"@type\":\"EntryPoint\",\"urlTemplate\":\"https:\\\/\\\/blogdoprosperi.com\\\/?s={search_term_string}\"},\"query-input\":{\"@type\":\"PropertyValueSpecification\",\"valueRequired\":true,\"valueName\":\"search_term_string\"}}],\"inLanguage\":\"pt-BR\"},{\"@type\":[\"Person\",\"Organization\"],\"@id\":\"https:\\\/\\\/blogdoprosperi.com\\\/#\\\/schema\\\/person\\\/38100755ce3601861ee4fab9b5aa78e9\",\"name\":\"Luiz Ant\u00f4nio Pr\u00f3speri\",\"pronouns\":\"ele\",\"image\":{\"@type\":\"ImageObject\",\"inLanguage\":\"pt-BR\",\"@id\":\"https:\\\/\\\/i0.wp.com\\\/blogdoprosperi.com\\\/wp-content\\\/uploads\\\/2026\\\/05\\\/cropped-8059e613-6002-42fa-961e-8e275f575d71-2-5.jpg?fit=1360%2C931&ssl=1\",\"url\":\"https:\\\/\\\/i0.wp.com\\\/blogdoprosperi.com\\\/wp-content\\\/uploads\\\/2026\\\/05\\\/cropped-8059e613-6002-42fa-961e-8e275f575d71-2-5.jpg?fit=1360%2C931&ssl=1\",\"contentUrl\":\"https:\\\/\\\/i0.wp.com\\\/blogdoprosperi.com\\\/wp-content\\\/uploads\\\/2026\\\/05\\\/cropped-8059e613-6002-42fa-961e-8e275f575d71-2-5.jpg?fit=1360%2C931&ssl=1\",\"width\":1360,\"height\":931,\"caption\":\"Luiz Ant\u00f4nio Pr\u00f3speri\"},\"logo\":{\"@id\":\"https:\\\/\\\/i0.wp.com\\\/blogdoprosperi.com\\\/wp-content\\\/uploads\\\/2026\\\/05\\\/cropped-8059e613-6002-42fa-961e-8e275f575d71-2-5.jpg?fit=1360%2C931&ssl=1\"},\"description\":\"Jornalista com carreira dedicada ao esporte. Cobriu 9 Copas do Mundo in loco, 1990 na It\u00e1lia, 1994 nos EUA, 1998 na Fran\u00e7a, 2002 na Coreia do Sul e Jap\u00e3o, 2006 na Alemanha, 2010 na \u00c1frica do Sul, 2014 no Brasil, 2018 na R\u00fassia e 2022 no Qatar. Eurocopas, 1992 na Su\u00e9cia e 1996 na Inglaterra. Copa das Confedera\u00e7\u00f5es de 2005 na Alemanha e 2009 na \u00c1frica do Sul. Rep\u00f3rter e Editor, trabalhou no Jornal da Tarde e Estad\u00e3o, de 1984 a fevereiro de 2016. Colunista, blogueiro. E comentarista de futebol na R\u00e1dio Estad\u00e3o, de 2013 a fevereiro de 2016. Jornalista respons\u00e1vel do \\\"Pr\u00f3speri News\\\" (blogdoprosperi.com).\",\"sameAs\":[\"http:\\\/\\\/blogdoprosperi.com\",\"Luiz Pr\u00f3speri\",\"@luiz_prosperi\",\"https:\\\/\\\/x.com\\\/Luizprosperi\",\"@prosperinacopa\",\"luiz.prosperi@icloud.com\"],\"url\":\"https:\\\/\\\/blogdoprosperi.com\\\/?author=102107496\"}]}<\/script>\n<!-- \/ Yoast SEO plugin. -->","yoast_head_json":{"title":"Ganso deixa S\u00e3o Paulo em busca de novo patamar no futebol europeu - PR\u00d3SPERI NEWS","robots":{"index":"index","follow":"follow","max-snippet":"max-snippet:-1","max-image-preview":"max-image-preview:large","max-video-preview":"max-video-preview:-1"},"canonical":"https:\/\/blogdoprosperi.com\/?p=16339","og_locale":"pt_BR","og_type":"article","og_title":"Ganso deixa S\u00e3o Paulo em busca de novo patamar no futebol europeu - PR\u00d3SPERI NEWS","og_description":"Paulo Henrique Ganso, aos 26 anos, vai jogar no futebol da Espanha","og_url":"https:\/\/blogdoprosperi.com\/?p=16339","og_site_name":"PR\u00d3SPERI NEWS","article_publisher":"Luiz Pr\u00f3speri","article_author":"Luiz Pr\u00f3speri","article_published_time":"2016-07-16T16:46:38+00:00","article_modified_time":"2016-07-16T23:42:26+00:00","og_image":[{"url":"https:\/\/i0.wp.com\/blogdoprosperi.com\/wp-content\/uploads\/2016\/07\/neymar-and-ganso-490889.jpg?w=645&#038;h=430&#038;ssl=1","type":"","width":"","height":""}],"author":"Luiz Ant\u00f4nio Pr\u00f3speri","twitter_card":"summary_large_image","twitter_creator":"@Luizprosperi","twitter_site":"@Luizprosperi","twitter_misc":{"Escrito por":"Luiz Ant\u00f4nio Pr\u00f3speri","Est. tempo de leitura":"2 minutos"},"schema":{"@context":"https:\/\/schema.org","@graph":[{"@type":"Article","@id":"https:\/\/blogdoprosperi.com\/?p=16339#article","isPartOf":{"@id":"https:\/\/blogdoprosperi.com\/?p=16339"},"author":{"name":"Luiz Ant\u00f4nio Pr\u00f3speri","@id":"https:\/\/blogdoprosperi.com\/#\/schema\/person\/38100755ce3601861ee4fab9b5aa78e9"},"headline":"Ganso deixa S\u00e3o Paulo em busca de novo patamar no futebol europeu","datePublished":"2016-07-16T16:46:38+00:00","dateModified":"2016-07-16T23:42:26+00:00","mainEntityOfPage":{"@id":"https:\/\/blogdoprosperi.com\/?p=16339"},"wordCount":485,"commentCount":3,"publisher":{"@id":"https:\/\/blogdoprosperi.com\/#\/schema\/person\/38100755ce3601861ee4fab9b5aa78e9"},"image":{"@id":"https:\/\/blogdoprosperi.com\/?p=16339#primaryimage"},"thumbnailUrl":"https:\/\/blogdoprosperi.com\/wp-content\/uploads\/2016\/07\/paulo-henrique-ganso-durante-o-aquecimento-no-gramado-do-mineirao-antes-de-cruzeiro-e-sao-paulo-1431555931556_615x300.jpg","keywords":["Andreas Pirlo","DIS","FCBarcelona","futebol","Neymar","paulo Henrique ganso","SantosFC","S\u00e3o Paulo FC","Sevilla"],"articleSection":["futebol"],"inLanguage":"pt-BR","potentialAction":[{"@type":"CommentAction","name":"Comment","target":["https:\/\/blogdoprosperi.com\/?p=16339#respond"]}]},{"@type":"WebPage","@id":"https:\/\/blogdoprosperi.com\/?p=16339","url":"https:\/\/blogdoprosperi.com\/?p=16339","name":"Ganso deixa S\u00e3o Paulo em busca de novo patamar no futebol europeu - PR\u00d3SPERI NEWS","isPartOf":{"@id":"https:\/\/blogdoprosperi.com\/#website"},"primaryImageOfPage":{"@id":"https:\/\/blogdoprosperi.com\/?p=16339#primaryimage"},"image":{"@id":"https:\/\/blogdoprosperi.com\/?p=16339#primaryimage"},"thumbnailUrl":"https:\/\/blogdoprosperi.com\/wp-content\/uploads\/2016\/07\/paulo-henrique-ganso-durante-o-aquecimento-no-gramado-do-mineirao-antes-de-cruzeiro-e-sao-paulo-1431555931556_615x300.jpg","datePublished":"2016-07-16T16:46:38+00:00","dateModified":"2016-07-16T23:42:26+00:00","breadcrumb":{"@id":"https:\/\/blogdoprosperi.com\/?p=16339#breadcrumb"},"inLanguage":"pt-BR","potentialAction":[{"@type":"ReadAction","target":["https:\/\/blogdoprosperi.com\/?p=16339"]}]},{"@type":"ImageObject","inLanguage":"pt-BR","@id":"https:\/\/blogdoprosperi.com\/?p=16339#primaryimage","url":"https:\/\/i0.wp.com\/blogdoprosperi.com\/wp-content\/uploads\/2016\/07\/paulo-henrique-ganso-durante-o-aquecimento-no-gramado-do-mineirao-antes-de-cruzeiro-e-sao-paulo-1431555931556_615x300.jpg?fit=615%2C300&ssl=1","contentUrl":"https:\/\/i0.wp.com\/blogdoprosperi.com\/wp-content\/uploads\/2016\/07\/paulo-henrique-ganso-durante-o-aquecimento-no-gramado-do-mineirao-antes-de-cruzeiro-e-sao-paulo-1431555931556_615x300.jpg?fit=615%2C300&ssl=1","width":615,"height":300},{"@type":"BreadcrumbList","@id":"https:\/\/blogdoprosperi.com\/?p=16339#breadcrumb","itemListElement":[{"@type":"ListItem","position":1,"name":"In\u00edcio","item":"https:\/\/blogdoprosperi.com\/"},{"@type":"ListItem","position":2,"name":"Ganso deixa S\u00e3o Paulo em busca de novo patamar no futebol europeu"}]},{"@type":"WebSite","@id":"https:\/\/blogdoprosperi.com\/#website","url":"https:\/\/blogdoprosperi.com\/","name":"PR\u00d3SPERI NEWS","description":"TUDO \u00c9  FUTEBOL","publisher":{"@id":"https:\/\/blogdoprosperi.com\/#\/schema\/person\/38100755ce3601861ee4fab9b5aa78e9"},"alternateName":"blogdoprosperi.com","potentialAction":[{"@type":"SearchAction","target":{"@type":"EntryPoint","urlTemplate":"https:\/\/blogdoprosperi.com\/?s={search_term_string}"},"query-input":{"@type":"PropertyValueSpecification","valueRequired":true,"valueName":"search_term_string"}}],"inLanguage":"pt-BR"},{"@type":["Person","Organization"],"@id":"https:\/\/blogdoprosperi.com\/#\/schema\/person\/38100755ce3601861ee4fab9b5aa78e9","name":"Luiz Ant\u00f4nio Pr\u00f3speri","pronouns":"ele","image":{"@type":"ImageObject","inLanguage":"pt-BR","@id":"https:\/\/i0.wp.com\/blogdoprosperi.com\/wp-content\/uploads\/2026\/05\/cropped-8059e613-6002-42fa-961e-8e275f575d71-2-5.jpg?fit=1360%2C931&ssl=1","url":"https:\/\/i0.wp.com\/blogdoprosperi.com\/wp-content\/uploads\/2026\/05\/cropped-8059e613-6002-42fa-961e-8e275f575d71-2-5.jpg?fit=1360%2C931&ssl=1","contentUrl":"https:\/\/i0.wp.com\/blogdoprosperi.com\/wp-content\/uploads\/2026\/05\/cropped-8059e613-6002-42fa-961e-8e275f575d71-2-5.jpg?fit=1360%2C931&ssl=1","width":1360,"height":931,"caption":"Luiz Ant\u00f4nio Pr\u00f3speri"},"logo":{"@id":"https:\/\/i0.wp.com\/blogdoprosperi.com\/wp-content\/uploads\/2026\/05\/cropped-8059e613-6002-42fa-961e-8e275f575d71-2-5.jpg?fit=1360%2C931&ssl=1"},"description":"Jornalista com carreira dedicada ao esporte. Cobriu 9 Copas do Mundo in loco, 1990 na It\u00e1lia, 1994 nos EUA, 1998 na Fran\u00e7a, 2002 na Coreia do Sul e Jap\u00e3o, 2006 na Alemanha, 2010 na \u00c1frica do Sul, 2014 no Brasil, 2018 na R\u00fassia e 2022 no Qatar. Eurocopas, 1992 na Su\u00e9cia e 1996 na Inglaterra. Copa das Confedera\u00e7\u00f5es de 2005 na Alemanha e 2009 na \u00c1frica do Sul. Rep\u00f3rter e Editor, trabalhou no Jornal da Tarde e Estad\u00e3o, de 1984 a fevereiro de 2016. Colunista, blogueiro. E comentarista de futebol na R\u00e1dio Estad\u00e3o, de 2013 a fevereiro de 2016. Jornalista respons\u00e1vel do \"Pr\u00f3speri News\" (blogdoprosperi.com).","sameAs":["http:\/\/blogdoprosperi.com","Luiz Pr\u00f3speri","@luiz_prosperi","https:\/\/x.com\/Luizprosperi","@prosperinacopa","luiz.prosperi@icloud.com"],"url":"https:\/\/blogdoprosperi.com\/?author=102107496"}]}},"jetpack_publicize_connections":[],"jetpack_likes_enabled":false,"jetpack_sharing_enabled":true,"jetpack_shortlink":"https:\/\/wp.me\/p7jvdk-4fx","jetpack-related-posts":[{"id":14395,"url":"https:\/\/blogdoprosperi.com\/?p=14395","url_meta":{"origin":16339,"position":0},"title":"Ganso est\u00e1 de sa\u00edda do S\u00e3o Paulo","author":"Luiz Ant\u00f4nio Pr\u00f3speri","date":"1 de julho de 2016","format":false,"excerpt":"Paulo Henrique Ganso n\u00e3o quer renovar seu contrato com o S\u00e3o Paulo. Seu desejo \u00e9 jogar no Sevilla, ponto de partida para um salto maior no futebol europeu. Pesa a favor de sua sa\u00edda, nesta janela de transfer\u00eancia, a les\u00e3o na coxa direita que o afastou das semifinais da Copa\u2026","rel":"","context":"Em &quot;futebol&quot;","block_context":{"text":"futebol","link":"https:\/\/blogdoprosperi.com\/?cat=53870"},"img":{"alt_text":"","src":"https:\/\/i0.wp.com\/blogdoprosperi.com\/wp-content\/uploads\/2016\/07\/3500.jpg?resize=350%2C200&ssl=1","width":350,"height":200,"srcset":"https:\/\/i0.wp.com\/blogdoprosperi.com\/wp-content\/uploads\/2016\/07\/3500.jpg?resize=350%2C200&ssl=1 1x, https:\/\/i0.wp.com\/blogdoprosperi.com\/wp-content\/uploads\/2016\/07\/3500.jpg?resize=525%2C300&ssl=1 1.5x"},"classes":[]},{"id":15872,"url":"https:\/\/blogdoprosperi.com\/?p=15872","url_meta":{"origin":16339,"position":1},"title":"Ganso \u00e9 do Sevilla, admite presidente do S\u00e3o Paulo","author":"Luiz Ant\u00f4nio Pr\u00f3speri","date":"12 de julho de 2016","format":false,"excerpt":"Paulo Henrique Ganso \u00e9 jogador do Sevilla por 9,5 milh\u00f5es de euros (R$ 34,6 milh\u00f5es). O S\u00e3o Paulo levar\u00e1 5 milh\u00f5es de euros (R$ 18,4 milh\u00f5es) e o grupo DIS deve ter direito a 4 milh\u00f5es de euros (R$ 14,6%) e 20% de uma eventual venda futura. A divis\u00e3o leva\u2026","rel":"","context":"Em &quot;futebol&quot;","block_context":{"text":"futebol","link":"https:\/\/blogdoprosperi.com\/?cat=53870"},"img":{"alt_text":"","src":"https:\/\/i0.wp.com\/blogdoprosperi.com\/wp-content\/uploads\/2016\/07\/8-20.jpg?resize=350%2C200","width":350,"height":200},"classes":[]},{"id":14964,"url":"https:\/\/blogdoprosperi.com\/?p=14964","url_meta":{"origin":16339,"position":2},"title":"Presidente do S\u00e3o Paulo confirma que Ganso quer jogar no Sevilla","author":"Luiz Ant\u00f4nio Pr\u00f3speri","date":"6 de julho de 2016","format":false,"excerpt":"Presidente do S\u00e3o Paulo confirma nesta ter\u00e7a-feira (05\/7) o interesse de Paulo Henrique Ganso em jogar no Sevilla. Carlos Augusto Barros e Silva, o Leco, disse, em entrevista ao site globoesporte, que o jogador quer mesmo trocar o clube paulista pelo espanhol nesta janela de transfer\u00eancia do futebol europeu. Veja\u2026","rel":"","context":"Em &quot;futebol&quot;","block_context":{"text":"futebol","link":"https:\/\/blogdoprosperi.com\/?cat=53870"},"img":{"alt_text":"","src":"https:\/\/i0.wp.com\/blogdoprosperi.com\/wp-content\/uploads\/2016\/07\/00806262.jpg?resize=350%2C200&ssl=1","width":350,"height":200,"srcset":"https:\/\/i0.wp.com\/blogdoprosperi.com\/wp-content\/uploads\/2016\/07\/00806262.jpg?resize=350%2C200&ssl=1 1x, https:\/\/i0.wp.com\/blogdoprosperi.com\/wp-content\/uploads\/2016\/07\/00806262.jpg?resize=525%2C300&ssl=1 1.5x, https:\/\/i0.wp.com\/blogdoprosperi.com\/wp-content\/uploads\/2016\/07\/00806262.jpg?resize=700%2C400&ssl=1 2x, https:\/\/i0.wp.com\/blogdoprosperi.com\/wp-content\/uploads\/2016\/07\/00806262.jpg?resize=1050%2C600&ssl=1 3x, https:\/\/i0.wp.com\/blogdoprosperi.com\/wp-content\/uploads\/2016\/07\/00806262.jpg?resize=1400%2C800&ssl=1 4x"},"classes":[]},{"id":34527,"url":"https:\/\/blogdoprosperi.com\/?p=34527","url_meta":{"origin":16339,"position":3},"title":"PH Ganso sofre no futebol espanhol","author":"Luiz Ant\u00f4nio Pr\u00f3speri","date":"6 de janeiro de 2017","format":false,"excerpt":"Paulo Henrique Ganso deixou o S\u00e3o Paulo negociado ao Sevilla por 10 milh\u00f5es de euros, em junho de 2016. Convenceu dirigentes do clube paulista do seu desejo de jogar no futebol europeu. Carregou com a sua transfer\u00eancia o sonho de se destacar no time de Jorge Sampaoli e dali pular\u2026","rel":"","context":"Em &quot;futebol&quot;","block_context":{"text":"futebol","link":"https:\/\/blogdoprosperi.com\/?cat=53870"},"img":{"alt_text":"","src":"https:\/\/i0.wp.com\/blogdoprosperi.com\/wp-content\/uploads\/2017\/01\/paulo-henrique-ganso-na-partida-do-sevilla-contra-o-alaves-pelo-campeonato-espanhol-1475346191264_956x500.jpg?resize=350%2C200&ssl=1","width":350,"height":200,"srcset":"https:\/\/i0.wp.com\/blogdoprosperi.com\/wp-content\/uploads\/2017\/01\/paulo-henrique-ganso-na-partida-do-sevilla-contra-o-alaves-pelo-campeonato-espanhol-1475346191264_956x500.jpg?resize=350%2C200&ssl=1 1x, https:\/\/i0.wp.com\/blogdoprosperi.com\/wp-content\/uploads\/2017\/01\/paulo-henrique-ganso-na-partida-do-sevilla-contra-o-alaves-pelo-campeonato-espanhol-1475346191264_956x500.jpg?resize=525%2C300&ssl=1 1.5x, https:\/\/i0.wp.com\/blogdoprosperi.com\/wp-content\/uploads\/2017\/01\/paulo-henrique-ganso-na-partida-do-sevilla-contra-o-alaves-pelo-campeonato-espanhol-1475346191264_956x500.jpg?resize=700%2C400&ssl=1 2x"},"classes":[]},{"id":15343,"url":"https:\/\/blogdoprosperi.com\/?p=15343","url_meta":{"origin":16339,"position":4},"title":"S\u00e3o Paulo pode perder Ganso, Rodrigo Caio, Calleri e Bauza","author":"Luiz Ant\u00f4nio Pr\u00f3speri","date":"7 de julho de 2016","format":false,"excerpt":"S\u00e3o Paulo vive um momento delicado ap\u00f3s a derrota ao Atl\u00e9tico Nacional nesta quarta-feira (06\/7). A pr\u00f3ximas semana ser\u00e1 decisiva ao futuro do clube paulista na temporada com a quase inevit\u00e1vel queda nas semifinais da Copa Libertadores. Pode ter perdas consider\u00e1veis. Paulo Henrique Ganso e Rodrigo Caio est\u00e3o de sa\u00edda.\u2026","rel":"","context":"Em &quot;futebol&quot;","block_context":{"text":"futebol","link":"https:\/\/blogdoprosperi.com\/?cat=53870"},"img":{"alt_text":"","src":"https:\/\/i0.wp.com\/blogdoprosperi.com\/wp-content\/uploads\/2016\/07\/85adb960-0246-11e6-8a5c-a362efbf840e_20160401111809396_3.jpg?resize=350%2C200&ssl=1","width":350,"height":200,"srcset":"https:\/\/i0.wp.com\/blogdoprosperi.com\/wp-content\/uploads\/2016\/07\/85adb960-0246-11e6-8a5c-a362efbf840e_20160401111809396_3.jpg?resize=350%2C200&ssl=1 1x, https:\/\/i0.wp.com\/blogdoprosperi.com\/wp-content\/uploads\/2016\/07\/85adb960-0246-11e6-8a5c-a362efbf840e_20160401111809396_3.jpg?resize=525%2C300&ssl=1 1.5x"},"classes":[]},{"id":16263,"url":"https:\/\/blogdoprosperi.com\/?p=16263","url_meta":{"origin":16339,"position":5},"title":"S\u00e3o Paulo perde jogadores, enfraquece time e abate despesas com Maicon e Cueva","author":"Luiz Ant\u00f4nio Pr\u00f3speri","date":"15 de julho de 2016","format":false,"excerpt":"S\u00e3o Paulo tem baixas importantes. Atl\u00e9tico Nacional \u00e9 alvo de suspeitas de corrup\u00e7\u00e3o","rel":"","context":"Em &quot;futebol&quot;","block_context":{"text":"futebol","link":"https:\/\/blogdoprosperi.com\/?cat=53870"},"img":{"alt_text":"","src":"https:\/\/i0.wp.com\/blogdoprosperi.com\/wp-content\/uploads\/2016\/07\/1398.jpg?resize=350%2C200&ssl=1","width":350,"height":200,"srcset":"https:\/\/i0.wp.com\/blogdoprosperi.com\/wp-content\/uploads\/2016\/07\/1398.jpg?resize=350%2C200&ssl=1 1x, https:\/\/i0.wp.com\/blogdoprosperi.com\/wp-content\/uploads\/2016\/07\/1398.jpg?resize=525%2C300&ssl=1 1.5x"},"classes":[]}],"jetpack_featured_media_url":"","_links":{"self":[{"href":"https:\/\/blogdoprosperi.com\/index.php?rest_route=\/wp\/v2\/posts\/16339","targetHints":{"allow":["GET"]}}],"collection":[{"href":"https:\/\/blogdoprosperi.com\/index.php?rest_route=\/wp\/v2\/posts"}],"about":[{"href":"https:\/\/blogdoprosperi.com\/index.php?rest_route=\/wp\/v2\/types\/post"}],"author":[{"embeddable":true,"href":"https:\/\/blogdoprosperi.com\/index.php?rest_route=\/wp\/v2\/users\/102107496"}],"replies":[{"embeddable":true,"href":"https:\/\/blogdoprosperi.com\/index.php?rest_route=%2Fwp%2Fv2%2Fcomments&post=16339"}],"version-history":[{"count":25,"href":"https:\/\/blogdoprosperi.com\/index.php?rest_route=\/wp\/v2\/posts\/16339\/revisions"}],"predecessor-version":[{"id":16400,"href":"https:\/\/blogdoprosperi.com\/index.php?rest_route=\/wp\/v2\/posts\/16339\/revisions\/16400"}],"wp:attachment":[{"href":"https:\/\/blogdoprosperi.com\/index.php?rest_route=%2Fwp%2Fv2%2Fmedia&parent=16339"}],"wp:term":[{"taxonomy":"category","embeddable":true,"href":"https:\/\/blogdoprosperi.com\/index.php?rest_route=%2Fwp%2Fv2%2Fcategories&post=16339"},{"taxonomy":"post_tag","embeddable":true,"href":"https:\/\/blogdoprosperi.com\/index.php?rest_route=%2Fwp%2Fv2%2Ftags&post=16339"}],"curies":[{"name":"wp","href":"https:\/\/api.w.org\/{rel}","templated":true}]}}