{"id":16458,"date":"2016-07-17T18:36:31","date_gmt":"2016-07-17T18:36:31","guid":{"rendered":"http:\/\/blogdoprosperi.com\/?p=16458"},"modified":"2016-07-31T15:11:05","modified_gmt":"2016-07-31T18:11:05","slug":"barcelona-nao-tem-interesse-em-gabriel-e-lucas-lima-o-alvo-e-gabriel-jesus","status":"publish","type":"post","link":"https:\/\/blogdoprosperi.com\/?p=16458","title":{"rendered":"Barcelona n\u00e3o tem interesse em Gabriel e Lucas Lima, o alvo \u00e9 Gabriel Jesus"},"content":{"rendered":"<h6>Dirigente do clube espanhol, a pedido do pai de Neymar, esteve na Vila no jogo Santos 3 x 1 Ponte Preta e, parece, n\u00e3o se entusiasmou com os dois jogadores<\/h6>\n<h6><span class=\"alignnone\"><img data-recalc-dims=\"1\" loading=\"lazy\" decoding=\"async\" data-attachment-id=\"16499\" data-permalink=\"https:\/\/blogdoprosperi.com\/?attachment_id=16499\" data-orig-file=\"https:\/\/i0.wp.com\/blogdoprosperi.com\/wp-content\/uploads\/2016\/07\/lucas-lima-e-gabigol.jpg?fit=1240%2C827&amp;ssl=1\" data-orig-size=\"1240,827\" data-comments-opened=\"1\" data-image-meta=\"{&quot;aperture&quot;:&quot;4&quot;,&quot;credit&quot;:&quot;&quot;,&quot;camera&quot;:&quot;Canon EOS 5D Mark III&quot;,&quot;caption&quot;:&quot;&quot;,&quot;created_timestamp&quot;:&quot;1443356665&quot;,&quot;copyright&quot;:&quot;&quot;,&quot;focal_length&quot;:&quot;300&quot;,&quot;iso&quot;:&quot;400&quot;,&quot;shutter_speed&quot;:&quot;0.0004&quot;,&quot;title&quot;:&quot;&quot;,&quot;orientation&quot;:&quot;0&quot;}\" data-image-title=\"lucas-lima-e-gabigol\" data-image-description=\"\" data-image-caption=\"\" data-large-file=\"https:\/\/i0.wp.com\/blogdoprosperi.com\/wp-content\/uploads\/2016\/07\/lucas-lima-e-gabigol.jpg?fit=940%2C627&amp;ssl=1\" class=\"alignnone size-full wp-image-16499\" src=\"https:\/\/i0.wp.com\/blogdoprosperi.com\/wp-content\/uploads\/2016\/07\/lucas-lima-e-gabigol.jpg?resize=940%2C627&#038;ssl=1\" alt=\"lucas-lima-e-gabigol.jpg\" width=\"940\" height=\"627\" \/><\/span><\/h6>\n<p>Barcelona n\u00e3o pensa neste momento em tirar Lucas Lima e Gabriel do Santos. Robert Fern\u00e1ndez, secret\u00e1rio-t\u00e9cnico do clube espanhol, esteve na Vila Belmiro neste s\u00e1bado (16\/7), observou os dois jogadores e n\u00e3o se mostrou muito entusiasmado com o que viu. Fern\u00e1ndez est\u00e1 em Porto Alegre para uma avalia\u00e7\u00e3o final de Gabriel Jesus, no jogo Internacional e Palmeiras neste domingo (17\/7), principal alvo do Bar\u00e7a.<!--more--><\/p>\n<p>Na Vila Belmiro, Fern\u00e1ndez cumpriu o protocolo ao observar Lucas Lima a pedido do pai de Neymar, interessado em levar o meia e Gabriel ao futebol europeu. Por gentileza ao estafe de Neymar, o dirigente do Bar\u00e7a apenas acompanhou a vit\u00f3ria do Santos por 3 a 1 contra a Ponte Preta. Saiu do est\u00e1dio sem fazer coment\u00e1rios.<\/p>\n<p>No caso de Gabriel, a situa\u00e7\u00e3o se repetiu. Fern\u00e1ndez observou o atacante e parou por a\u00ed. O dirigente descarta uma poss\u00edvel tentativa de o clube espanhol fazer uma proposta ao garoto. Pesa contra Gabigol no Barcelona seu comportamento arrogante, &#8220;marrento&#8221; na linguagem dos boleiros, e ainda ter de negociar com o empres\u00e1rio Wagner Ribeiro &#8211; persona non grata ao Bar\u00e7a.<\/p>\n<p>Mesmo tendo a prefer\u00eancia de fechar com Gabigol, parte do acordo feito na transa\u00e7\u00e3o com Neymar em 2013, o clube espanhol n\u00e3o vai exercer esse direito. Sentar na mesa com Wagner Ribeiro, nem pensar. Juventus, Borussia Dortmund e Chelsea t\u00eam interesse em Gabriel e tamb\u00e9m enviaram representantes ao jogo contra a Ponte na Vila.<\/p>\n<p><span class=\"alignnone\"><img data-recalc-dims=\"1\" loading=\"lazy\" decoding=\"async\" data-attachment-id=\"16501\" data-permalink=\"https:\/\/blogdoprosperi.com\/?attachment_id=16501\" data-orig-file=\"https:\/\/i0.wp.com\/blogdoprosperi.com\/wp-content\/uploads\/2016\/07\/5z8qu5g6c8_40qqmzinmm_file.jpeg?fit=300%2C490&amp;ssl=1\" data-orig-size=\"300,490\" data-comments-opened=\"1\" data-image-meta=\"{&quot;aperture&quot;:&quot;3.2&quot;,&quot;credit&quot;:&quot;Ale Frata\/Codigo19&quot;,&quot;camera&quot;:&quot;Canon EOS 5D Mark II&quot;,&quot;caption&quot;:&quot;SAO PAULO, SP 14.05.2016: PALMEIRAS-ATLETICO-PR - Gabriel Jesus comemora gol. Partida entre Palmeiras e Atletico-PR, pela primeira rodada do campeonato brasileiro 2016, no Allianz Parque, zona oeste da capital. (Foto: Ale Frata\/Codigo19)&quot;,&quot;created_timestamp&quot;:&quot;1463245648&quot;,&quot;copyright&quot;:&quot;Ale Frata\/Codigo19&quot;,&quot;focal_length&quot;:&quot;105&quot;,&quot;iso&quot;:&quot;1250&quot;,&quot;shutter_speed&quot;:&quot;0.001&quot;,&quot;title&quot;:&quot;&quot;,&quot;orientation&quot;:&quot;0&quot;}\" data-image-title=\"5z8qu5g6c8_40qqmzinmm_file\" data-image-description=\"\" data-image-caption=\"&lt;p&gt;SAO PAULO, SP 14.05.2016: PALMEIRAS-ATLETICO-PR &amp;#8211; Gabriel Jesus comemora gol. Partida entre Palmeiras e Atletico-PR, pela primeira rodada do campeonato brasileiro 2016, no Allianz Parque, zona oeste da capital. (Foto: Ale Frata\/Codigo19)&lt;\/p&gt;\n\" data-large-file=\"https:\/\/i0.wp.com\/blogdoprosperi.com\/wp-content\/uploads\/2016\/07\/5z8qu5g6c8_40qqmzinmm_file.jpeg?fit=300%2C490&amp;ssl=1\" class=\"alignnone size-full wp-image-16501 alignleft\" src=\"https:\/\/i0.wp.com\/blogdoprosperi.com\/wp-content\/uploads\/2016\/07\/5z8qu5g6c8_40qqmzinmm_file.jpeg?resize=300%2C490&#038;ssl=1\" alt=\"5z8qu5g6c8_40qqmzinmm_file\" width=\"300\" height=\"490\" \/><\/span>O esfor\u00e7o do Barcelona \u00e9 por Gabriel Jesus. Robert Fern\u00e1ndez espera dar o bote final nesta segunda-feira (18\/7) antes de o garoto se apresentar \u00e0 Sele\u00e7\u00e3o Ol\u00edmpica. \u00c9 uma corrida contra o tempo e tamb\u00e9m uma batalha diante de Real Madrid e Inter de Mil\u00e3o.<\/p>\n<p>Imprensa madrilenha diz que o Real est\u00e1 na frente nas negocia\u00e7\u00f5es com Jesus. E a imprensa italiana atesta que Alexandre Mattos, diretor de futebol do Palmeiras, passou por Mil\u00e3o e conversou com dirigentes da Internazionale.<\/p>\n<p>Mattos deve retornar da Europa nesta segunda-feira (18\/7). Sua miss\u00e3o foi ouvir dirigentes de clubes interessados em levar Gabriel Jesus. Bom lembrar que o jogador e o presidente do Palmeiras, Paulo Nobre, t\u00eam um pacto: mesmo se for negociado agora, Jesus s\u00f3 deixar\u00e1 o clube no fim deste ano ou julho de 2017.<\/p>\n","protected":false},"excerpt":{"rendered":"<p>Dirigente do clube espanhol, a pedido do pai de Neymar, esteve na Vila no jogo Santos 3 x [&hellip;]<\/p>\n","protected":false},"author":102107496,"featured_media":0,"comment_status":"open","ping_status":"open","sticky":false,"template":"","format":"standard","meta":{"_coblocks_attr":"","_coblocks_dimensions":"","_coblocks_responsive_height":"","_coblocks_accordion_ie_support":"","_jetpack_newsletter_access":"","_jetpack_dont_email_post_to_subs":false,"_jetpack_newsletter_tier_id":0,"_jetpack_memberships_contains_paywalled_content":false,"_wpcom_ai_launchpad_first_post":false,"_jetpack_feature_clip_id":0,"_jetpack_memberships_contains_paid_content":false,"footnotes":"","jetpack_publicize_message":"","jetpack_publicize_feature_enabled":true,"jetpack_social_post_already_shared":false,"jetpack_social_options":{"image_generator_settings":{"template":"highway","default_image_id":0,"font":"","enabled":false},"version":2},"jetpack_post_was_ever_published":false},"categories":[53870],"tags":[27625301,224693,789560560,52406516,232826435,7202411,8328841,78820,7623914,5226238,4728769],"class_list":["post-16458","post","type-post","status-publish","format-standard","hentry","category-futebol","tag-alexandre-mattos","tag-fcbarcelona","tag-futebol","tag-gabigol","tag-gabriel-jesus","tag-lucas-lima","tag-palmeiras-clube","tag-real-madrid","tag-robert-fernandez","tag-santosfc","tag-wagner-ribeiro"],"yoast_head":"<!-- This site is optimized with the Yoast SEO plugin v28.3 - https:\/\/yoast.com\/product\/yoast-seo-wordpress\/ -->\n<title>Barcelona n\u00e3o tem interesse em Gabriel e Lucas Lima, o alvo \u00e9 Gabriel Jesus - PR\u00d3SPERI NEWS<\/title>\n<meta name=\"robots\" content=\"index, follow, max-snippet:-1, max-image-preview:large, max-video-preview:-1\" \/>\n<link rel=\"canonical\" href=\"https:\/\/blogdoprosperi.com\/?p=16458\" \/>\n<meta property=\"og:locale\" content=\"pt_BR\" \/>\n<meta property=\"og:type\" content=\"article\" \/>\n<meta property=\"og:title\" content=\"Barcelona n\u00e3o tem interesse em Gabriel e Lucas Lima, o alvo \u00e9 Gabriel Jesus - PR\u00d3SPERI NEWS\" \/>\n<meta property=\"og:description\" content=\"Dirigente do clube espanhol, a pedido do pai de Neymar, esteve na Vila no jogo Santos 3 x [&hellip;]\" \/>\n<meta property=\"og:url\" content=\"https:\/\/blogdoprosperi.com\/?p=16458\" \/>\n<meta property=\"og:site_name\" content=\"PR\u00d3SPERI NEWS\" \/>\n<meta property=\"article:publisher\" content=\"Luiz Pr\u00f3speri\" \/>\n<meta property=\"article:author\" content=\"Luiz Pr\u00f3speri\" \/>\n<meta property=\"article:published_time\" content=\"2016-07-17T18:36:31+00:00\" \/>\n<meta property=\"article:modified_time\" content=\"2016-07-31T18:11:05+00:00\" \/>\n<meta property=\"og:image\" content=\"https:\/\/blogdoprosperi.com\/wp-content\/uploads\/2016\/07\/lucas-lima-e-gabigol.jpg\" \/>\n<meta name=\"author\" content=\"Luiz Ant\u00f4nio Pr\u00f3speri\" \/>\n<meta name=\"twitter:card\" content=\"summary_large_image\" \/>\n<meta name=\"twitter:creator\" content=\"@Luizprosperi\" \/>\n<meta name=\"twitter:site\" content=\"@Luizprosperi\" \/>\n<meta name=\"twitter:label1\" content=\"Escrito por\" \/>\n\t<meta name=\"twitter:data1\" content=\"Luiz Ant\u00f4nio Pr\u00f3speri\" \/>\n\t<meta name=\"twitter:label2\" content=\"Est. tempo de leitura\" \/>\n\t<meta name=\"twitter:data2\" content=\"2 minutos\" \/>\n<script type=\"application\/ld+json\" class=\"yoast-schema-graph\">{\"@context\":\"https:\\\/\\\/schema.org\",\"@graph\":[{\"@type\":\"Article\",\"@id\":\"https:\\\/\\\/blogdoprosperi.com\\\/?p=16458#article\",\"isPartOf\":{\"@id\":\"https:\\\/\\\/blogdoprosperi.com\\\/?p=16458\"},\"author\":{\"name\":\"Luiz Ant\u00f4nio Pr\u00f3speri\",\"@id\":\"https:\\\/\\\/blogdoprosperi.com\\\/#\\\/schema\\\/person\\\/38100755ce3601861ee4fab9b5aa78e9\"},\"headline\":\"Barcelona n\u00e3o tem interesse em Gabriel e Lucas Lima, o alvo \u00e9 Gabriel Jesus\",\"datePublished\":\"2016-07-17T18:36:31+00:00\",\"dateModified\":\"2016-07-31T18:11:05+00:00\",\"mainEntityOfPage\":{\"@id\":\"https:\\\/\\\/blogdoprosperi.com\\\/?p=16458\"},\"wordCount\":434,\"commentCount\":4,\"publisher\":{\"@id\":\"https:\\\/\\\/blogdoprosperi.com\\\/#\\\/schema\\\/person\\\/38100755ce3601861ee4fab9b5aa78e9\"},\"image\":{\"@id\":\"https:\\\/\\\/blogdoprosperi.com\\\/?p=16458#primaryimage\"},\"thumbnailUrl\":\"https:\\\/\\\/blogdoprosperi.com\\\/wp-content\\\/uploads\\\/2016\\\/07\\\/lucas-lima-e-gabigol.jpg\",\"keywords\":[\"Alexandre Mattos\",\"FCBarcelona\",\"futebol\",\"Gabigol\",\"Gabriel Jesus\",\"Lucas Lima\",\"Palmeiras Clube\",\"Real Madrid\",\"Robert Fern\u00e1ndez\",\"SantosFC\",\"Wagner Ribeiro\"],\"articleSection\":[\"futebol\"],\"inLanguage\":\"pt-BR\",\"potentialAction\":[{\"@type\":\"CommentAction\",\"name\":\"Comment\",\"target\":[\"https:\\\/\\\/blogdoprosperi.com\\\/?p=16458#respond\"]}]},{\"@type\":\"WebPage\",\"@id\":\"https:\\\/\\\/blogdoprosperi.com\\\/?p=16458\",\"url\":\"https:\\\/\\\/blogdoprosperi.com\\\/?p=16458\",\"name\":\"Barcelona n\u00e3o tem interesse em Gabriel e Lucas Lima, o alvo \u00e9 Gabriel Jesus - PR\u00d3SPERI NEWS\",\"isPartOf\":{\"@id\":\"https:\\\/\\\/blogdoprosperi.com\\\/#website\"},\"primaryImageOfPage\":{\"@id\":\"https:\\\/\\\/blogdoprosperi.com\\\/?p=16458#primaryimage\"},\"image\":{\"@id\":\"https:\\\/\\\/blogdoprosperi.com\\\/?p=16458#primaryimage\"},\"thumbnailUrl\":\"https:\\\/\\\/blogdoprosperi.com\\\/wp-content\\\/uploads\\\/2016\\\/07\\\/lucas-lima-e-gabigol.jpg\",\"datePublished\":\"2016-07-17T18:36:31+00:00\",\"dateModified\":\"2016-07-31T18:11:05+00:00\",\"breadcrumb\":{\"@id\":\"https:\\\/\\\/blogdoprosperi.com\\\/?p=16458#breadcrumb\"},\"inLanguage\":\"pt-BR\",\"potentialAction\":[{\"@type\":\"ReadAction\",\"target\":[\"https:\\\/\\\/blogdoprosperi.com\\\/?p=16458\"]}]},{\"@type\":\"ImageObject\",\"inLanguage\":\"pt-BR\",\"@id\":\"https:\\\/\\\/blogdoprosperi.com\\\/?p=16458#primaryimage\",\"url\":\"https:\\\/\\\/i0.wp.com\\\/blogdoprosperi.com\\\/wp-content\\\/uploads\\\/2016\\\/07\\\/lucas-lima-e-gabigol.jpg?fit=1240%2C827&ssl=1\",\"contentUrl\":\"https:\\\/\\\/i0.wp.com\\\/blogdoprosperi.com\\\/wp-content\\\/uploads\\\/2016\\\/07\\\/lucas-lima-e-gabigol.jpg?fit=1240%2C827&ssl=1\",\"width\":1240,\"height\":827},{\"@type\":\"BreadcrumbList\",\"@id\":\"https:\\\/\\\/blogdoprosperi.com\\\/?p=16458#breadcrumb\",\"itemListElement\":[{\"@type\":\"ListItem\",\"position\":1,\"name\":\"In\u00edcio\",\"item\":\"https:\\\/\\\/blogdoprosperi.com\\\/\"},{\"@type\":\"ListItem\",\"position\":2,\"name\":\"Barcelona n\u00e3o tem interesse em Gabriel e Lucas Lima, o alvo \u00e9 Gabriel Jesus\"}]},{\"@type\":\"WebSite\",\"@id\":\"https:\\\/\\\/blogdoprosperi.com\\\/#website\",\"url\":\"https:\\\/\\\/blogdoprosperi.com\\\/\",\"name\":\"PR\u00d3SPERI NEWS\",\"description\":\"TUDO \u00c9  FUTEBOL\",\"publisher\":{\"@id\":\"https:\\\/\\\/blogdoprosperi.com\\\/#\\\/schema\\\/person\\\/38100755ce3601861ee4fab9b5aa78e9\"},\"alternateName\":\"blogdoprosperi.com\",\"potentialAction\":[{\"@type\":\"SearchAction\",\"target\":{\"@type\":\"EntryPoint\",\"urlTemplate\":\"https:\\\/\\\/blogdoprosperi.com\\\/?s={search_term_string}\"},\"query-input\":{\"@type\":\"PropertyValueSpecification\",\"valueRequired\":true,\"valueName\":\"search_term_string\"}}],\"inLanguage\":\"pt-BR\"},{\"@type\":[\"Person\",\"Organization\"],\"@id\":\"https:\\\/\\\/blogdoprosperi.com\\\/#\\\/schema\\\/person\\\/38100755ce3601861ee4fab9b5aa78e9\",\"name\":\"Luiz Ant\u00f4nio Pr\u00f3speri\",\"pronouns\":\"ele\",\"image\":{\"@type\":\"ImageObject\",\"inLanguage\":\"pt-BR\",\"@id\":\"https:\\\/\\\/i0.wp.com\\\/blogdoprosperi.com\\\/wp-content\\\/uploads\\\/2026\\\/05\\\/cropped-8059e613-6002-42fa-961e-8e275f575d71-2-5.jpg?fit=1360%2C931&ssl=1\",\"url\":\"https:\\\/\\\/i0.wp.com\\\/blogdoprosperi.com\\\/wp-content\\\/uploads\\\/2026\\\/05\\\/cropped-8059e613-6002-42fa-961e-8e275f575d71-2-5.jpg?fit=1360%2C931&ssl=1\",\"contentUrl\":\"https:\\\/\\\/i0.wp.com\\\/blogdoprosperi.com\\\/wp-content\\\/uploads\\\/2026\\\/05\\\/cropped-8059e613-6002-42fa-961e-8e275f575d71-2-5.jpg?fit=1360%2C931&ssl=1\",\"width\":1360,\"height\":931,\"caption\":\"Luiz Ant\u00f4nio Pr\u00f3speri\"},\"logo\":{\"@id\":\"https:\\\/\\\/i0.wp.com\\\/blogdoprosperi.com\\\/wp-content\\\/uploads\\\/2026\\\/05\\\/cropped-8059e613-6002-42fa-961e-8e275f575d71-2-5.jpg?fit=1360%2C931&ssl=1\"},\"description\":\"Jornalista com carreira dedicada ao esporte. Cobriu 9 Copas do Mundo in loco, 1990 na It\u00e1lia, 1994 nos EUA, 1998 na Fran\u00e7a, 2002 na Coreia do Sul e Jap\u00e3o, 2006 na Alemanha, 2010 na \u00c1frica do Sul, 2014 no Brasil, 2018 na R\u00fassia e 2022 no Qatar. Eurocopas, 1992 na Su\u00e9cia e 1996 na Inglaterra. Copa das Confedera\u00e7\u00f5es de 2005 na Alemanha e 2009 na \u00c1frica do Sul. Rep\u00f3rter e Editor, trabalhou no Jornal da Tarde e Estad\u00e3o, de 1984 a fevereiro de 2016. Colunista, blogueiro. E comentarista de futebol na R\u00e1dio Estad\u00e3o, de 2013 a fevereiro de 2016. Jornalista respons\u00e1vel do \\\"Pr\u00f3speri News\\\" (blogdoprosperi.com).\",\"sameAs\":[\"http:\\\/\\\/blogdoprosperi.com\",\"Luiz Pr\u00f3speri\",\"@luiz_prosperi\",\"https:\\\/\\\/x.com\\\/Luizprosperi\",\"@prosperinacopa\",\"luiz.prosperi@icloud.com\"],\"url\":\"https:\\\/\\\/blogdoprosperi.com\\\/?author=102107496\"}]}<\/script>\n<!-- \/ Yoast SEO plugin. -->","yoast_head_json":{"title":"Barcelona n\u00e3o tem interesse em Gabriel e Lucas Lima, o alvo \u00e9 Gabriel Jesus - PR\u00d3SPERI NEWS","robots":{"index":"index","follow":"follow","max-snippet":"max-snippet:-1","max-image-preview":"max-image-preview:large","max-video-preview":"max-video-preview:-1"},"canonical":"https:\/\/blogdoprosperi.com\/?p=16458","og_locale":"pt_BR","og_type":"article","og_title":"Barcelona n\u00e3o tem interesse em Gabriel e Lucas Lima, o alvo \u00e9 Gabriel Jesus - PR\u00d3SPERI NEWS","og_description":"Dirigente do clube espanhol, a pedido do pai de Neymar, esteve na Vila no jogo Santos 3 x [&hellip;]","og_url":"https:\/\/blogdoprosperi.com\/?p=16458","og_site_name":"PR\u00d3SPERI NEWS","article_publisher":"Luiz Pr\u00f3speri","article_author":"Luiz Pr\u00f3speri","article_published_time":"2016-07-17T18:36:31+00:00","article_modified_time":"2016-07-31T18:11:05+00:00","og_image":[{"url":"https:\/\/blogdoprosperi.com\/wp-content\/uploads\/2016\/07\/lucas-lima-e-gabigol.jpg","type":"","width":"","height":""}],"author":"Luiz Ant\u00f4nio Pr\u00f3speri","twitter_card":"summary_large_image","twitter_creator":"@Luizprosperi","twitter_site":"@Luizprosperi","twitter_misc":{"Escrito por":"Luiz Ant\u00f4nio Pr\u00f3speri","Est. tempo de leitura":"2 minutos"},"schema":{"@context":"https:\/\/schema.org","@graph":[{"@type":"Article","@id":"https:\/\/blogdoprosperi.com\/?p=16458#article","isPartOf":{"@id":"https:\/\/blogdoprosperi.com\/?p=16458"},"author":{"name":"Luiz Ant\u00f4nio Pr\u00f3speri","@id":"https:\/\/blogdoprosperi.com\/#\/schema\/person\/38100755ce3601861ee4fab9b5aa78e9"},"headline":"Barcelona n\u00e3o tem interesse em Gabriel e Lucas Lima, o alvo \u00e9 Gabriel Jesus","datePublished":"2016-07-17T18:36:31+00:00","dateModified":"2016-07-31T18:11:05+00:00","mainEntityOfPage":{"@id":"https:\/\/blogdoprosperi.com\/?p=16458"},"wordCount":434,"commentCount":4,"publisher":{"@id":"https:\/\/blogdoprosperi.com\/#\/schema\/person\/38100755ce3601861ee4fab9b5aa78e9"},"image":{"@id":"https:\/\/blogdoprosperi.com\/?p=16458#primaryimage"},"thumbnailUrl":"https:\/\/blogdoprosperi.com\/wp-content\/uploads\/2016\/07\/lucas-lima-e-gabigol.jpg","keywords":["Alexandre Mattos","FCBarcelona","futebol","Gabigol","Gabriel Jesus","Lucas Lima","Palmeiras Clube","Real Madrid","Robert Fern\u00e1ndez","SantosFC","Wagner Ribeiro"],"articleSection":["futebol"],"inLanguage":"pt-BR","potentialAction":[{"@type":"CommentAction","name":"Comment","target":["https:\/\/blogdoprosperi.com\/?p=16458#respond"]}]},{"@type":"WebPage","@id":"https:\/\/blogdoprosperi.com\/?p=16458","url":"https:\/\/blogdoprosperi.com\/?p=16458","name":"Barcelona n\u00e3o tem interesse em Gabriel e Lucas Lima, o alvo \u00e9 Gabriel Jesus - PR\u00d3SPERI NEWS","isPartOf":{"@id":"https:\/\/blogdoprosperi.com\/#website"},"primaryImageOfPage":{"@id":"https:\/\/blogdoprosperi.com\/?p=16458#primaryimage"},"image":{"@id":"https:\/\/blogdoprosperi.com\/?p=16458#primaryimage"},"thumbnailUrl":"https:\/\/blogdoprosperi.com\/wp-content\/uploads\/2016\/07\/lucas-lima-e-gabigol.jpg","datePublished":"2016-07-17T18:36:31+00:00","dateModified":"2016-07-31T18:11:05+00:00","breadcrumb":{"@id":"https:\/\/blogdoprosperi.com\/?p=16458#breadcrumb"},"inLanguage":"pt-BR","potentialAction":[{"@type":"ReadAction","target":["https:\/\/blogdoprosperi.com\/?p=16458"]}]},{"@type":"ImageObject","inLanguage":"pt-BR","@id":"https:\/\/blogdoprosperi.com\/?p=16458#primaryimage","url":"https:\/\/i0.wp.com\/blogdoprosperi.com\/wp-content\/uploads\/2016\/07\/lucas-lima-e-gabigol.jpg?fit=1240%2C827&ssl=1","contentUrl":"https:\/\/i0.wp.com\/blogdoprosperi.com\/wp-content\/uploads\/2016\/07\/lucas-lima-e-gabigol.jpg?fit=1240%2C827&ssl=1","width":1240,"height":827},{"@type":"BreadcrumbList","@id":"https:\/\/blogdoprosperi.com\/?p=16458#breadcrumb","itemListElement":[{"@type":"ListItem","position":1,"name":"In\u00edcio","item":"https:\/\/blogdoprosperi.com\/"},{"@type":"ListItem","position":2,"name":"Barcelona n\u00e3o tem interesse em Gabriel e Lucas Lima, o alvo \u00e9 Gabriel Jesus"}]},{"@type":"WebSite","@id":"https:\/\/blogdoprosperi.com\/#website","url":"https:\/\/blogdoprosperi.com\/","name":"PR\u00d3SPERI NEWS","description":"TUDO \u00c9  FUTEBOL","publisher":{"@id":"https:\/\/blogdoprosperi.com\/#\/schema\/person\/38100755ce3601861ee4fab9b5aa78e9"},"alternateName":"blogdoprosperi.com","potentialAction":[{"@type":"SearchAction","target":{"@type":"EntryPoint","urlTemplate":"https:\/\/blogdoprosperi.com\/?s={search_term_string}"},"query-input":{"@type":"PropertyValueSpecification","valueRequired":true,"valueName":"search_term_string"}}],"inLanguage":"pt-BR"},{"@type":["Person","Organization"],"@id":"https:\/\/blogdoprosperi.com\/#\/schema\/person\/38100755ce3601861ee4fab9b5aa78e9","name":"Luiz Ant\u00f4nio Pr\u00f3speri","pronouns":"ele","image":{"@type":"ImageObject","inLanguage":"pt-BR","@id":"https:\/\/i0.wp.com\/blogdoprosperi.com\/wp-content\/uploads\/2026\/05\/cropped-8059e613-6002-42fa-961e-8e275f575d71-2-5.jpg?fit=1360%2C931&ssl=1","url":"https:\/\/i0.wp.com\/blogdoprosperi.com\/wp-content\/uploads\/2026\/05\/cropped-8059e613-6002-42fa-961e-8e275f575d71-2-5.jpg?fit=1360%2C931&ssl=1","contentUrl":"https:\/\/i0.wp.com\/blogdoprosperi.com\/wp-content\/uploads\/2026\/05\/cropped-8059e613-6002-42fa-961e-8e275f575d71-2-5.jpg?fit=1360%2C931&ssl=1","width":1360,"height":931,"caption":"Luiz Ant\u00f4nio Pr\u00f3speri"},"logo":{"@id":"https:\/\/i0.wp.com\/blogdoprosperi.com\/wp-content\/uploads\/2026\/05\/cropped-8059e613-6002-42fa-961e-8e275f575d71-2-5.jpg?fit=1360%2C931&ssl=1"},"description":"Jornalista com carreira dedicada ao esporte. Cobriu 9 Copas do Mundo in loco, 1990 na It\u00e1lia, 1994 nos EUA, 1998 na Fran\u00e7a, 2002 na Coreia do Sul e Jap\u00e3o, 2006 na Alemanha, 2010 na \u00c1frica do Sul, 2014 no Brasil, 2018 na R\u00fassia e 2022 no Qatar. Eurocopas, 1992 na Su\u00e9cia e 1996 na Inglaterra. Copa das Confedera\u00e7\u00f5es de 2005 na Alemanha e 2009 na \u00c1frica do Sul. Rep\u00f3rter e Editor, trabalhou no Jornal da Tarde e Estad\u00e3o, de 1984 a fevereiro de 2016. Colunista, blogueiro. E comentarista de futebol na R\u00e1dio Estad\u00e3o, de 2013 a fevereiro de 2016. Jornalista respons\u00e1vel do \"Pr\u00f3speri News\" (blogdoprosperi.com).","sameAs":["http:\/\/blogdoprosperi.com","Luiz Pr\u00f3speri","@luiz_prosperi","https:\/\/x.com\/Luizprosperi","@prosperinacopa","luiz.prosperi@icloud.com"],"url":"https:\/\/blogdoprosperi.com\/?author=102107496"}]}},"jetpack_publicize_connections":[],"jetpack_likes_enabled":false,"jetpack_sharing_enabled":true,"jetpack_shortlink":"https:\/\/wp.me\/p7jvdk-4hs","jetpack-related-posts":[{"id":16405,"url":"https:\/\/blogdoprosperi.com\/?p=16405","url_meta":{"origin":16458,"position":0},"title":"Barcelona aperta passo e manda diretor ao Brasil para ver Gabriel, Lucas Lima e Gabriel Jesus","author":"Luiz Ant\u00f4nio Pr\u00f3speri","date":"17 de julho de 2016","format":false,"excerpt":"Barcelona est\u00e1 preocupado com o cerco do Real Madrid a Gabriel Jesus e de outros concorrentes da Europa a Gabriel e Lucas Lima. Por isso, o secret\u00e1rio t\u00e9cnico Robert Fern\u00e1ndez, o homem encarregado de fechar as contrata\u00e7\u00f5es do Bar\u00e7a, esteve neste s\u00e1bado (16\/7) na Vila Belmiro acompanhando a vit\u00f3ria do\u2026","rel":"","context":"Em &quot;futebol&quot;","block_context":{"text":"futebol","link":"https:\/\/blogdoprosperi.com\/?cat=53870"},"img":{"alt_text":"","src":"https:\/\/i0.wp.com\/blogdoprosperi.com\/wp-content\/uploads\/2016\/07\/622_014f1c8a-7c1e-3594-994c-a70a8592ef46.jpg?resize=350%2C200","width":350,"height":200,"srcset":"https:\/\/i0.wp.com\/blogdoprosperi.com\/wp-content\/uploads\/2016\/07\/622_014f1c8a-7c1e-3594-994c-a70a8592ef46.jpg?resize=350%2C200 1x, https:\/\/i0.wp.com\/blogdoprosperi.com\/wp-content\/uploads\/2016\/07\/622_014f1c8a-7c1e-3594-994c-a70a8592ef46.jpg?resize=525%2C300 1.5x"},"classes":[]},{"id":30191,"url":"https:\/\/blogdoprosperi.com\/?p=30191","url_meta":{"origin":16458,"position":1},"title":"Palmeiras joga de olho no empate e paga caro com derrota na Vila Belmiro","author":"Luiz Ant\u00f4nio Pr\u00f3speri","date":"29 de outubro de 2016","format":false,"excerpt":"Palmeiras perdeu uma grande chance de abrir oito pontos de frente ao segundo colocado Flamengo. Diante de um Santos pouco inspirado, mas eficiente, o l\u00edder sofreu a derrota por 1 a 0 na Vila Belmiro. A diferen\u00e7a, que era de seis pontos, caiu para cinco, agora a cinco rodadas do\u2026","rel":"","context":"Em &quot;Campeonato Brasileiro&quot;","block_context":{"text":"Campeonato Brasileiro","link":"https:\/\/blogdoprosperi.com\/?cat=355071"},"img":{"alt_text":"","src":"https:\/\/i0.wp.com\/blogdoprosperi.com\/wp-content\/uploads\/2016\/10\/pro3-22.jpg?resize=350%2C200","width":350,"height":200,"srcset":"https:\/\/i0.wp.com\/blogdoprosperi.com\/wp-content\/uploads\/2016\/10\/pro3-22.jpg?resize=350%2C200 1x, https:\/\/i0.wp.com\/blogdoprosperi.com\/wp-content\/uploads\/2016\/10\/pro3-22.jpg?resize=525%2C300 1.5x, https:\/\/i0.wp.com\/blogdoprosperi.com\/wp-content\/uploads\/2016\/10\/pro3-22.jpg?resize=700%2C400 2x, https:\/\/i0.wp.com\/blogdoprosperi.com\/wp-content\/uploads\/2016\/10\/pro3-22.jpg?resize=1050%2C600 3x, https:\/\/i0.wp.com\/blogdoprosperi.com\/wp-content\/uploads\/2016\/10\/pro3-22.jpg?resize=1400%2C800 4x"},"classes":[]},{"id":12504,"url":"https:\/\/blogdoprosperi.com\/?p=12504","url_meta":{"origin":16458,"position":2},"title":"Entenda como Barcelona pode levar Gabriel Jesus e Roger Guedes","author":"Luiz Ant\u00f4nio Pr\u00f3speri","date":"23 de junho de 2016","format":false,"excerpt":"Raul Sanlleh\u00ed, executivo do alto escal\u00e3o do Barcelona, est\u00e1 no Brasil h\u00e1 mais de uma semana para tratar da renova\u00e7\u00e3o do contrato de Neymar at\u00e9 2022. Nas horas vagas, entre uma reuni\u00e3o e outra com o estafe do craque em Santos, Sanlleh\u00ed acompanha de perto os passos de Gabriel Jesus\u2026","rel":"","context":"Em &quot;futebol&quot;","block_context":{"text":"futebol","link":"https:\/\/blogdoprosperi.com\/?cat=53870"},"img":{"alt_text":"","src":"https:\/\/i0.wp.com\/blogdoprosperi.com\/wp-content\/uploads\/2016\/06\/622_97b3e45c-5410-3cd9-b47f-396e513243f3.jpg?resize=350%2C200&ssl=1","width":350,"height":200,"srcset":"https:\/\/i0.wp.com\/blogdoprosperi.com\/wp-content\/uploads\/2016\/06\/622_97b3e45c-5410-3cd9-b47f-396e513243f3.jpg?resize=350%2C200&ssl=1 1x, https:\/\/i0.wp.com\/blogdoprosperi.com\/wp-content\/uploads\/2016\/06\/622_97b3e45c-5410-3cd9-b47f-396e513243f3.jpg?resize=525%2C300&ssl=1 1.5x"},"classes":[]},{"id":2380,"url":"https:\/\/blogdoprosperi.com\/?p=2380","url_meta":{"origin":16458,"position":3},"title":"Santos vai \u00e0 final com Vanderlei em tarde de Fernando Prass","author":"Luiz Ant\u00f4nio Pr\u00f3speri","date":"24 de abril de 2016","format":false,"excerpt":"Dorival J\u00fanior vacila nos minutos finais e quase cai na Vila Belmiro na decis\u00e3o das semifinais contra o Palmeiras. Derrotado, Cuca promete enxugar o elenco no Brasileir\u00e3o-2016 Chegar \u00e0 oitava final seguida de Campeonato Paulista n\u00e3o \u00e9 para qualquer um. O Santos conseguiu essa fa\u00e7anha ao derrotar o Palmeiras na\u2026","rel":"","context":"Em &quot;futebol&quot;","block_context":{"text":"futebol","link":"https:\/\/blogdoprosperi.com\/?cat=53870"},"img":{"alt_text":"","src":"https:\/\/i0.wp.com\/blogdoprosperi.com\/wp-content\/uploads\/2016\/04\/pro-2.jpg?resize=350%2C200&ssl=1","width":350,"height":200,"srcset":"https:\/\/i0.wp.com\/blogdoprosperi.com\/wp-content\/uploads\/2016\/04\/pro-2.jpg?resize=350%2C200&ssl=1 1x, https:\/\/i0.wp.com\/blogdoprosperi.com\/wp-content\/uploads\/2016\/04\/pro-2.jpg?resize=525%2C300&ssl=1 1.5x, https:\/\/i0.wp.com\/blogdoprosperi.com\/wp-content\/uploads\/2016\/04\/pro-2.jpg?resize=700%2C400&ssl=1 2x, https:\/\/i0.wp.com\/blogdoprosperi.com\/wp-content\/uploads\/2016\/04\/pro-2.jpg?resize=1050%2C600&ssl=1 3x, https:\/\/i0.wp.com\/blogdoprosperi.com\/wp-content\/uploads\/2016\/04\/pro-2.jpg?resize=1400%2C800&ssl=1 4x"},"classes":[]},{"id":12724,"url":"https:\/\/blogdoprosperi.com\/?p=12724","url_meta":{"origin":16458,"position":4},"title":"Gabriel Jesus \u00e9 o &#8216;novo Neymar&#8217; na briga entre Barcelona e Real Madrid","author":"Luiz Ant\u00f4nio Pr\u00f3speri","date":"24 de junho de 2016","format":false,"excerpt":"Barcelona vai ter de apertar o passo para n\u00e3o perder Gabriel Jesus. Como \u00e9 regra no futebol espanhol, onde vai o Bar\u00e7a, o Real vem atr\u00e1s ou onde vai o Real, o Bar\u00e7a vem atr\u00e1s. Os dois clubes devem travar um duro duelo por Jesus. A hist\u00f3ria \u00e9 bem parecida\u2026","rel":"","context":"Em &quot;futebol&quot;","block_context":{"text":"futebol","link":"https:\/\/blogdoprosperi.com\/?cat=53870"},"img":{"alt_text":"","src":"https:\/\/i0.wp.com\/blogdoprosperi.com\/wp-content\/uploads\/2016\/06\/neymar-barcelona.png?resize=350%2C200&ssl=1","width":350,"height":200,"srcset":"https:\/\/i0.wp.com\/blogdoprosperi.com\/wp-content\/uploads\/2016\/06\/neymar-barcelona.png?resize=350%2C200&ssl=1 1x, https:\/\/i0.wp.com\/blogdoprosperi.com\/wp-content\/uploads\/2016\/06\/neymar-barcelona.png?resize=525%2C300&ssl=1 1.5x, https:\/\/i0.wp.com\/blogdoprosperi.com\/wp-content\/uploads\/2016\/06\/neymar-barcelona.png?resize=700%2C400&ssl=1 2x"},"classes":[]},{"id":16980,"url":"https:\/\/blogdoprosperi.com\/?p=16980","url_meta":{"origin":16458,"position":5},"title":"Manchester City atropela Barcelona e Real Madrid e vai levar Gabriel Jesus","author":"Luiz Ant\u00f4nio Pr\u00f3speri","date":"21 de julho de 2016","format":false,"excerpt":"Palmeiras deve receber pouco menos de R$ 35 milh\u00f5es, dos R$ 115 milh\u00f5es que o clube ingl\u00eas vai pagar pelo garoto. Contrata\u00e7\u00e3o atende a pedido de Guardiola Manchester City passa por cima de Barcelona e Real Madrid na contrata\u00e7\u00e3o de Gabriel Jesus. A pedido de Pep Guardiola, o clube ingl\u00eas\u2026","rel":"","context":"Em &quot;futebol&quot;","block_context":{"text":"futebol","link":"https:\/\/blogdoprosperi.com\/?cat=53870"},"img":{"alt_text":"","src":"https:\/\/i0.wp.com\/blogdoprosperi.com\/wp-content\/uploads\/2016\/07\/nintchdbpict000253431418.jpg?resize=350%2C200&ssl=1","width":350,"height":200,"srcset":"https:\/\/i0.wp.com\/blogdoprosperi.com\/wp-content\/uploads\/2016\/07\/nintchdbpict000253431418.jpg?resize=350%2C200&ssl=1 1x, https:\/\/i0.wp.com\/blogdoprosperi.com\/wp-content\/uploads\/2016\/07\/nintchdbpict000253431418.jpg?resize=525%2C300&ssl=1 1.5x, https:\/\/i0.wp.com\/blogdoprosperi.com\/wp-content\/uploads\/2016\/07\/nintchdbpict000253431418.jpg?resize=700%2C400&ssl=1 2x"},"classes":[]}],"jetpack_featured_media_url":"","_links":{"self":[{"href":"https:\/\/blogdoprosperi.com\/index.php?rest_route=\/wp\/v2\/posts\/16458","targetHints":{"allow":["GET"]}}],"collection":[{"href":"https:\/\/blogdoprosperi.com\/index.php?rest_route=\/wp\/v2\/posts"}],"about":[{"href":"https:\/\/blogdoprosperi.com\/index.php?rest_route=\/wp\/v2\/types\/post"}],"author":[{"embeddable":true,"href":"https:\/\/blogdoprosperi.com\/index.php?rest_route=\/wp\/v2\/users\/102107496"}],"replies":[{"embeddable":true,"href":"https:\/\/blogdoprosperi.com\/index.php?rest_route=%2Fwp%2Fv2%2Fcomments&post=16458"}],"version-history":[{"count":25,"href":"https:\/\/blogdoprosperi.com\/index.php?rest_route=\/wp\/v2\/posts\/16458\/revisions"}],"predecessor-version":[{"id":18165,"href":"https:\/\/blogdoprosperi.com\/index.php?rest_route=\/wp\/v2\/posts\/16458\/revisions\/18165"}],"wp:attachment":[{"href":"https:\/\/blogdoprosperi.com\/index.php?rest_route=%2Fwp%2Fv2%2Fmedia&parent=16458"}],"wp:term":[{"taxonomy":"category","embeddable":true,"href":"https:\/\/blogdoprosperi.com\/index.php?rest_route=%2Fwp%2Fv2%2Fcategories&post=16458"},{"taxonomy":"post_tag","embeddable":true,"href":"https:\/\/blogdoprosperi.com\/index.php?rest_route=%2Fwp%2Fv2%2Ftags&post=16458"}],"curies":[{"name":"wp","href":"https:\/\/api.w.org\/{rel}","templated":true}]}}