{"id":1646,"date":"2016-04-19T02:14:03","date_gmt":"2016-04-19T02:14:03","guid":{"rendered":"https:\/\/blogdoprosperi.com\/?p=1646"},"modified":"2016-04-19T02:18:41","modified_gmt":"2016-04-19T02:18:41","slug":"palmeiras-avanca-no-paulistao-e-volta-a-desafiar-o-santos-na-vila","status":"publish","type":"post","link":"https:\/\/blogdoprosperi.com\/?p=1646","title":{"rendered":"Palmeiras avan\u00e7a no Paulist\u00e3o e volta a desafiar o Santos na Vila"},"content":{"rendered":"<p>&nbsp;<\/p>\n<figure id=\"attachment_1663\" aria-describedby=\"caption-attachment-1663\" style=\"width: 2300px\" class=\"wp-caption alignnone\"><img data-recalc-dims=\"1\" loading=\"lazy\" decoding=\"async\" data-attachment-id=\"1663\" data-permalink=\"https:\/\/blogdoprosperi.com\/?attachment_id=1663\" data-orig-file=\"https:\/\/i0.wp.com\/blogdoprosperi.com\/wp-content\/uploads\/2016\/04\/pro7.jpg?fit=2300%2C1533&amp;ssl=1\" data-orig-size=\"2300,1533\" data-comments-opened=\"1\" data-image-meta=\"{&quot;aperture&quot;:&quot;3.2&quot;,&quot;credit&quot;:&quot;ALEX SILVA&quot;,&quot;camera&quot;:&quot;Canon EOS-1D X&quot;,&quot;caption&quot;:&quot;&quot;,&quot;created_timestamp&quot;:&quot;1461015595&quot;,&quot;copyright&quot;:&quot;ALEX SILVA\/ESTADAO&quot;,&quot;focal_length&quot;:&quot;400&quot;,&quot;iso&quot;:&quot;1600&quot;,&quot;shutter_speed&quot;:&quot;0.001&quot;,&quot;title&quot;:&quot;&quot;,&quot;orientation&quot;:&quot;1&quot;}\" data-image-title=\"pro7\" data-image-description=\"\" data-image-caption=\"\" data-large-file=\"https:\/\/i0.wp.com\/blogdoprosperi.com\/wp-content\/uploads\/2016\/04\/pro7.jpg?fit=940%2C627&amp;ssl=1\" class=\"alignnone size-full wp-image-1663\" src=\"https:\/\/i0.wp.com\/blogdoprosperi.com\/wp-content\/uploads\/2016\/04\/pro7.jpg?resize=940%2C627&#038;ssl=1\" alt=\"pro7\" width=\"940\" height=\"627\" \/><figcaption id=\"caption-attachment-1663\" class=\"wp-caption-text\">Alecsandro comemora seu gol como seu pai, o Lela, fazia nos anos de 1980<\/figcaption><\/figure>\n<p>O Palmeiras tem um novo encontro marcado com o Santos, advers\u00e1rio derrotado na decis\u00e3o da Copa do Brasil de 2015. Desta vez vale vaga \u00e0 final do Paulist\u00e3o. \u00c9 jogo de sair fa\u00edsca, tamanha rivalidade acentuada nos \u00faltimos cl\u00e1ssicos.<\/p>\n<p>Para encarar o Santos, o time de Cuca teve de vencer o S\u00e3o Bernardo por 2 a 0 nesta segunda-feira, isso mesmo, segunda-feira, 18\/4, no Allianz Parque, diante de um p\u00fablico excelente de 30.731 pagantes. A vit\u00f3ria n\u00e3o veio com uma atua\u00e7\u00e3o exuberante do Palmeiras, mas de muita efici\u00eancia da equipe. \u00c9 um caminho.<\/p>\n<p>Cuca come\u00e7ou o jogo com Arouca no lugar de Gabriel &#8211; n\u00e3o deu muitas explica\u00e7\u00f5es para a troca. A mudan\u00e7a trouxe mais preju\u00edzos do que lucros ao time. Arouca, ainda sem ritmo e ruim nos passes, comprometeu a sa\u00edda r\u00e1pida na transi\u00e7\u00e3o da defesa ao ataque.<\/p>\n<p>Robinho tamb\u00e9m n\u00e3o estava sintonizado com os atacantes. Insistia com lan\u00e7amentos curtos, no estilo cavadinha, a Gabriel Jesus e Alecsandro. A maioria delas equivocada. Na hora de recompor o meio-campo, era lento como uma carreta na ladeira acima.<\/p>\n<p>Alione, o outro meia da companhia, n\u00e3o conseguia conduzir a bola. No mano a mano perdia todas e colecionou um punhado de passes errados. Com os dois \u00a0meias inibidos, Alecsandro e Gabriel Jesus quase n\u00e3o eram acionados.<\/p>\n<p>Outro problema do time era a marca\u00e7\u00e3o muito recuada permitindo aos meias do S\u00e3o Bernardo vida f\u00e1cil para chegar \u00e0 zona de gol. Em duas infiltra\u00e7\u00f5es, o time do ABC s\u00f3 n\u00e3o carimbou a rede porque Fernando Prass, sempre ele, evitou o pior.<\/p>\n<p>A \u00fanica boa alternativa do Palmeiras era chegar ao campo inimigo com os laterais. Eg\u00eddio, de confian\u00e7a renovada, era mais presente do que Jean. Em uma das investidas de Eg\u00eddio saiu a falta que ele mesmo cobrou para Alecsandro marcar o \u00fanico gol do primeiro tempo.<\/p>\n<figure id=\"attachment_1666\" aria-describedby=\"caption-attachment-1666\" style=\"width: 2300px\" class=\"wp-caption alignnone\"><img data-recalc-dims=\"1\" loading=\"lazy\" decoding=\"async\" data-attachment-id=\"1666\" data-permalink=\"https:\/\/blogdoprosperi.com\/?attachment_id=1666\" data-orig-file=\"https:\/\/i0.wp.com\/blogdoprosperi.com\/wp-content\/uploads\/2016\/04\/pro.jpg?fit=2300%2C1533&amp;ssl=1\" data-orig-size=\"2300,1533\" data-comments-opened=\"1\" data-image-meta=\"{&quot;aperture&quot;:&quot;4.5&quot;,&quot;credit&quot;:&quot;ALEX SILVA&quot;,&quot;camera&quot;:&quot;Canon EOS-1D X&quot;,&quot;caption&quot;:&quot;&quot;,&quot;created_timestamp&quot;:&quot;1461014191&quot;,&quot;copyright&quot;:&quot;ALEX SILVA\/ESTADAO&quot;,&quot;focal_length&quot;:&quot;400&quot;,&quot;iso&quot;:&quot;1600&quot;,&quot;shutter_speed&quot;:&quot;0.001&quot;,&quot;title&quot;:&quot;&quot;,&quot;orientation&quot;:&quot;1&quot;}\" data-image-title=\"pro\" data-image-description=\"\" data-image-caption=\"\" data-large-file=\"https:\/\/i0.wp.com\/blogdoprosperi.com\/wp-content\/uploads\/2016\/04\/pro.jpg?fit=940%2C627&amp;ssl=1\" class=\"alignnone size-full wp-image-1666\" src=\"https:\/\/i0.wp.com\/blogdoprosperi.com\/wp-content\/uploads\/2016\/04\/pro.jpg?resize=940%2C627&#038;ssl=1\" alt=\"pro\" width=\"940\" height=\"627\" \/><figcaption id=\"caption-attachment-1666\" class=\"wp-caption-text\">Torcida Mancha Alvi Verde \u00a0com os sinalizadores proibidos nos est\u00e1dios<\/figcaption><\/figure>\n<p>Este ato solit\u00e1rio de Alecsandro resume um pouco do primeiro tempo, tamb\u00e9m marcado pela imbecilidade da torcida Mancha Alvi Verde. Revoltada com as a\u00e7\u00f5es da Pol\u00edcia Civil na \u00faltima semana, a fac\u00e7\u00e3o p\u00f4s fogo em sinalizadores por volta dos 13 minutos. Como essa &#8220;brincadeira&#8221; infeliz est\u00e1 proibida nos est\u00e1dios, o \u00e1rbitro foi obrigado a paralisar a partida por pelo menos quatro minutos.<\/p>\n<p>E o Palmeiras corre risco de ser punido pela Federa\u00e7\u00e3o Paulista de Futebol por este ato da torcida organizada.<\/p>\n<p>No segundo tempo, o time de Cuca passou por algumas mudan\u00e7as. Dudu entrou no lugar de Robinho, na tentativa de dar mais velocidade na sa\u00edda ao ataque. Depois, Gabriel entrou na vaga de Arouca, refor\u00e7o na marca\u00e7\u00e3o e mais qualidade na transi\u00e7\u00e3o do jogo. As trocas pouco mexeram com o Palmeiras.<\/p>\n<figure id=\"attachment_1699\" aria-describedby=\"caption-attachment-1699\" style=\"width: 2300px\" class=\"wp-caption alignnone\"><img data-recalc-dims=\"1\" loading=\"lazy\" decoding=\"async\" data-attachment-id=\"1699\" data-permalink=\"https:\/\/blogdoprosperi.com\/?attachment_id=1699\" data-orig-file=\"https:\/\/i0.wp.com\/blogdoprosperi.com\/wp-content\/uploads\/2016\/04\/pro5.jpg?fit=2300%2C1592&amp;ssl=1\" data-orig-size=\"2300,1592\" data-comments-opened=\"1\" data-image-meta=\"{&quot;aperture&quot;:&quot;3.2&quot;,&quot;credit&quot;:&quot;ALEX SILVA&quot;,&quot;camera&quot;:&quot;Canon EOS-1D X&quot;,&quot;caption&quot;:&quot;&quot;,&quot;created_timestamp&quot;:&quot;1461015379&quot;,&quot;copyright&quot;:&quot;ALEX SILVA\/ESTADAO&quot;,&quot;focal_length&quot;:&quot;400&quot;,&quot;iso&quot;:&quot;1600&quot;,&quot;shutter_speed&quot;:&quot;0.001&quot;,&quot;title&quot;:&quot;&quot;,&quot;orientation&quot;:&quot;1&quot;}\" data-image-title=\"pro5\" data-image-description=\"\" data-image-caption=\"\" data-large-file=\"https:\/\/i0.wp.com\/blogdoprosperi.com\/wp-content\/uploads\/2016\/04\/pro5.jpg?fit=940%2C651&amp;ssl=1\" class=\"alignnone size-full wp-image-1699\" src=\"https:\/\/i0.wp.com\/blogdoprosperi.com\/wp-content\/uploads\/2016\/04\/pro5.jpg?resize=940%2C651&#038;ssl=1\" alt=\"pro5\" width=\"940\" height=\"651\" \/><figcaption id=\"caption-attachment-1699\" class=\"wp-caption-text\">Cuca tem a semana livre para treinar o time at\u00e9 o jogo contra o Santos<\/figcaption><\/figure>\n<p>Do outro lado, o S\u00e3o Bernardo arriscou mais com tr\u00eas atacantes. A partir dos 30 minutos, franqueou seu territ\u00f3rio ao contra-ataque. Ent\u00e3o, Cuca mandou o garoto R\u00f3ger Guedes, garoto contratado ao Crici\u00fama, ao campo no lugar de Alecsandro. Armando assim o tridente com R\u00f3ger Guedes na direita, Dudu no meio e Gabriel Jesus na esquerda. Tr\u00eas jogadores de muita velocidade e intelig\u00eancia.<\/p>\n<p>Na primeira boa trama entre os tr\u00eas, saiu o segundo gol. De Dudu para Guedes e dali o passe cruzado, rasteiro, para Jesus cutucar ao gol. A fatura estava liquidada e Cuca j\u00e1 pensava no Santos, advers\u00e1rio das semifinais do Campeonato Paulista.<\/p>\n<p>No outro jogo da semifinal do campeonato o Corinthians recebe o Osasco Audax<\/p>\n<p>&nbsp;<\/p>\n","protected":false},"excerpt":{"rendered":"<p>&nbsp; O Palmeiras tem um novo encontro marcado com o Santos, advers\u00e1rio derrotado na decis\u00e3o da Copa do [&hellip;]<\/p>\n","protected":false},"author":102107496,"featured_media":0,"comment_status":"open","ping_status":"open","sticky":false,"template":"","format":"standard","meta":{"_coblocks_attr":"","_coblocks_dimensions":"","_coblocks_responsive_height":"","_coblocks_accordion_ie_support":"","_jetpack_newsletter_access":"","_jetpack_dont_email_post_to_subs":false,"_jetpack_newsletter_tier_id":0,"_jetpack_memberships_contains_paywalled_content":false,"_wpcom_ai_launchpad_first_post":false,"_jetpack_feature_clip_id":0,"_jetpack_memberships_contains_paid_content":false,"footnotes":"","jetpack_publicize_message":"","jetpack_publicize_feature_enabled":true,"jetpack_social_post_already_shared":false,"jetpack_social_options":{"image_generator_settings":{"template":"highway","default_image_id":0,"font":"","enabled":false},"version":2},"jetpack_post_was_ever_published":false},"categories":[53870],"tags":[1849503,1058697,85954,789560560,232826435,8328841,19043128],"class_list":["post-1646","post","type-post","status-publish","format-standard","hentry","category-futebol","tag-alecsandro","tag-campeonato-paulista","tag-cuca","tag-futebol","tag-gabriel-jesus","tag-palmeiras-clube","tag-semifinais-do-paulistao"],"yoast_head":"<!-- This site is optimized with the Yoast SEO plugin v28.4 - https:\/\/yoast.com\/product\/yoast-seo-wordpress\/ -->\n<title>Palmeiras avan\u00e7a no Paulist\u00e3o e volta a desafiar o Santos na Vila - PR\u00d3SPERI NEWS<\/title>\n<meta name=\"robots\" content=\"index, follow, max-snippet:-1, max-image-preview:large, max-video-preview:-1\" \/>\n<link rel=\"canonical\" href=\"https:\/\/blogdoprosperi.com\/?p=1646\" \/>\n<meta property=\"og:locale\" content=\"pt_BR\" \/>\n<meta property=\"og:type\" content=\"article\" \/>\n<meta property=\"og:title\" content=\"Palmeiras avan\u00e7a no Paulist\u00e3o e volta a desafiar o Santos na Vila - PR\u00d3SPERI NEWS\" \/>\n<meta property=\"og:description\" content=\"&nbsp; O Palmeiras tem um novo encontro marcado com o Santos, advers\u00e1rio derrotado na decis\u00e3o da Copa do [&hellip;]\" \/>\n<meta property=\"og:url\" content=\"https:\/\/blogdoprosperi.com\/?p=1646\" \/>\n<meta property=\"og:site_name\" content=\"PR\u00d3SPERI NEWS\" \/>\n<meta property=\"article:publisher\" content=\"Luiz Pr\u00f3speri\" \/>\n<meta property=\"article:author\" content=\"Luiz Pr\u00f3speri\" \/>\n<meta property=\"article:published_time\" content=\"2016-04-19T02:14:03+00:00\" \/>\n<meta property=\"article:modified_time\" content=\"2016-04-19T02:18:41+00:00\" \/>\n<meta property=\"og:image\" content=\"https:\/\/blogdoprosperi.com\/wp-content\/uploads\/2016\/04\/pro7.jpg\" \/>\n<meta name=\"author\" content=\"Luiz Ant\u00f4nio Pr\u00f3speri\" \/>\n<meta name=\"twitter:card\" content=\"summary_large_image\" \/>\n<meta name=\"twitter:creator\" content=\"@Luizprosperi\" \/>\n<meta name=\"twitter:site\" content=\"@Luizprosperi\" \/>\n<meta name=\"twitter:label1\" content=\"Escrito por\" \/>\n\t<meta name=\"twitter:data1\" content=\"Luiz Ant\u00f4nio Pr\u00f3speri\" \/>\n\t<meta name=\"twitter:label2\" content=\"Est. tempo de leitura\" \/>\n\t<meta name=\"twitter:data2\" content=\"3 minutos\" \/>\n<script type=\"application\/ld+json\" class=\"yoast-schema-graph\">{\"@context\":\"https:\\\/\\\/schema.org\",\"@graph\":[{\"@type\":\"Article\",\"@id\":\"https:\\\/\\\/blogdoprosperi.com\\\/?p=1646#article\",\"isPartOf\":{\"@id\":\"https:\\\/\\\/blogdoprosperi.com\\\/?p=1646\"},\"author\":{\"name\":\"Luiz Ant\u00f4nio Pr\u00f3speri\",\"@id\":\"https:\\\/\\\/blogdoprosperi.com\\\/#\\\/schema\\\/person\\\/38100755ce3601861ee4fab9b5aa78e9\"},\"headline\":\"Palmeiras avan\u00e7a no Paulist\u00e3o e volta a desafiar o Santos na Vila\",\"datePublished\":\"2016-04-19T02:14:03+00:00\",\"dateModified\":\"2016-04-19T02:18:41+00:00\",\"mainEntityOfPage\":{\"@id\":\"https:\\\/\\\/blogdoprosperi.com\\\/?p=1646\"},\"wordCount\":673,\"commentCount\":0,\"publisher\":{\"@id\":\"https:\\\/\\\/blogdoprosperi.com\\\/#\\\/schema\\\/person\\\/38100755ce3601861ee4fab9b5aa78e9\"},\"image\":{\"@id\":\"https:\\\/\\\/blogdoprosperi.com\\\/?p=1646#primaryimage\"},\"thumbnailUrl\":\"https:\\\/\\\/blogdoprosperi.com\\\/wp-content\\\/uploads\\\/2016\\\/04\\\/pro7.jpg\",\"keywords\":[\"Alecsandro\",\"Campeonato Paulista\",\"Cuca\",\"futebol\",\"Gabriel Jesus\",\"Palmeiras Clube\",\"semifinais do Paulist\u00e3o\"],\"articleSection\":[\"futebol\"],\"inLanguage\":\"pt-BR\",\"potentialAction\":[{\"@type\":\"CommentAction\",\"name\":\"Comment\",\"target\":[\"https:\\\/\\\/blogdoprosperi.com\\\/?p=1646#respond\"]}]},{\"@type\":\"WebPage\",\"@id\":\"https:\\\/\\\/blogdoprosperi.com\\\/?p=1646\",\"url\":\"https:\\\/\\\/blogdoprosperi.com\\\/?p=1646\",\"name\":\"Palmeiras avan\u00e7a no Paulist\u00e3o e volta a desafiar o Santos na Vila - PR\u00d3SPERI NEWS\",\"isPartOf\":{\"@id\":\"https:\\\/\\\/blogdoprosperi.com\\\/#website\"},\"primaryImageOfPage\":{\"@id\":\"https:\\\/\\\/blogdoprosperi.com\\\/?p=1646#primaryimage\"},\"image\":{\"@id\":\"https:\\\/\\\/blogdoprosperi.com\\\/?p=1646#primaryimage\"},\"thumbnailUrl\":\"https:\\\/\\\/blogdoprosperi.com\\\/wp-content\\\/uploads\\\/2016\\\/04\\\/pro7.jpg\",\"datePublished\":\"2016-04-19T02:14:03+00:00\",\"dateModified\":\"2016-04-19T02:18:41+00:00\",\"breadcrumb\":{\"@id\":\"https:\\\/\\\/blogdoprosperi.com\\\/?p=1646#breadcrumb\"},\"inLanguage\":\"pt-BR\",\"potentialAction\":[{\"@type\":\"ReadAction\",\"target\":[\"https:\\\/\\\/blogdoprosperi.com\\\/?p=1646\"]}]},{\"@type\":\"ImageObject\",\"inLanguage\":\"pt-BR\",\"@id\":\"https:\\\/\\\/blogdoprosperi.com\\\/?p=1646#primaryimage\",\"url\":\"https:\\\/\\\/i0.wp.com\\\/blogdoprosperi.com\\\/wp-content\\\/uploads\\\/2016\\\/04\\\/pro7.jpg?fit=2300%2C1533&ssl=1\",\"contentUrl\":\"https:\\\/\\\/i0.wp.com\\\/blogdoprosperi.com\\\/wp-content\\\/uploads\\\/2016\\\/04\\\/pro7.jpg?fit=2300%2C1533&ssl=1\",\"width\":2300,\"height\":1533},{\"@type\":\"BreadcrumbList\",\"@id\":\"https:\\\/\\\/blogdoprosperi.com\\\/?p=1646#breadcrumb\",\"itemListElement\":[{\"@type\":\"ListItem\",\"position\":1,\"name\":\"In\u00edcio\",\"item\":\"https:\\\/\\\/blogdoprosperi.com\\\/\"},{\"@type\":\"ListItem\",\"position\":2,\"name\":\"Palmeiras avan\u00e7a no Paulist\u00e3o e volta a desafiar o Santos na Vila\"}]},{\"@type\":\"WebSite\",\"@id\":\"https:\\\/\\\/blogdoprosperi.com\\\/#website\",\"url\":\"https:\\\/\\\/blogdoprosperi.com\\\/\",\"name\":\"PR\u00d3SPERI NEWS\",\"description\":\"TUDO \u00c9  FUTEBOL\",\"publisher\":{\"@id\":\"https:\\\/\\\/blogdoprosperi.com\\\/#\\\/schema\\\/person\\\/38100755ce3601861ee4fab9b5aa78e9\"},\"alternateName\":\"blogdoprosperi.com\",\"potentialAction\":[{\"@type\":\"SearchAction\",\"target\":{\"@type\":\"EntryPoint\",\"urlTemplate\":\"https:\\\/\\\/blogdoprosperi.com\\\/?s={search_term_string}\"},\"query-input\":{\"@type\":\"PropertyValueSpecification\",\"valueRequired\":true,\"valueName\":\"search_term_string\"}}],\"inLanguage\":\"pt-BR\"},{\"@type\":[\"Person\",\"Organization\"],\"@id\":\"https:\\\/\\\/blogdoprosperi.com\\\/#\\\/schema\\\/person\\\/38100755ce3601861ee4fab9b5aa78e9\",\"name\":\"Luiz Ant\u00f4nio Pr\u00f3speri\",\"pronouns\":\"ele\",\"image\":{\"@type\":\"ImageObject\",\"inLanguage\":\"pt-BR\",\"@id\":\"https:\\\/\\\/i0.wp.com\\\/blogdoprosperi.com\\\/wp-content\\\/uploads\\\/2026\\\/05\\\/cropped-8059e613-6002-42fa-961e-8e275f575d71-2-5.jpg?fit=1360%2C931&ssl=1\",\"url\":\"https:\\\/\\\/i0.wp.com\\\/blogdoprosperi.com\\\/wp-content\\\/uploads\\\/2026\\\/05\\\/cropped-8059e613-6002-42fa-961e-8e275f575d71-2-5.jpg?fit=1360%2C931&ssl=1\",\"contentUrl\":\"https:\\\/\\\/i0.wp.com\\\/blogdoprosperi.com\\\/wp-content\\\/uploads\\\/2026\\\/05\\\/cropped-8059e613-6002-42fa-961e-8e275f575d71-2-5.jpg?fit=1360%2C931&ssl=1\",\"width\":1360,\"height\":931,\"caption\":\"Luiz Ant\u00f4nio Pr\u00f3speri\"},\"logo\":{\"@id\":\"https:\\\/\\\/i0.wp.com\\\/blogdoprosperi.com\\\/wp-content\\\/uploads\\\/2026\\\/05\\\/cropped-8059e613-6002-42fa-961e-8e275f575d71-2-5.jpg?fit=1360%2C931&ssl=1\"},\"description\":\"Jornalista com carreira dedicada ao esporte. Cobriu 9 Copas do Mundo in loco, 1990 na It\u00e1lia, 1994 nos EUA, 1998 na Fran\u00e7a, 2002 na Coreia do Sul e Jap\u00e3o, 2006 na Alemanha, 2010 na \u00c1frica do Sul, 2014 no Brasil, 2018 na R\u00fassia e 2022 no Qatar. Eurocopas, 1992 na Su\u00e9cia e 1996 na Inglaterra. Copa das Confedera\u00e7\u00f5es de 2005 na Alemanha e 2009 na \u00c1frica do Sul. Rep\u00f3rter e Editor, trabalhou no Jornal da Tarde e Estad\u00e3o, de 1984 a fevereiro de 2016. Colunista, blogueiro. E comentarista de futebol na R\u00e1dio Estad\u00e3o, de 2013 a fevereiro de 2016. Jornalista respons\u00e1vel do \\\"Pr\u00f3speri News\\\" (blogdoprosperi.com).\",\"sameAs\":[\"http:\\\/\\\/blogdoprosperi.com\",\"Luiz Pr\u00f3speri\",\"@luiz_prosperi\",\"https:\\\/\\\/x.com\\\/Luizprosperi\",\"@prosperinacopa\",\"luiz.prosperi@icloud.com\"],\"url\":\"https:\\\/\\\/blogdoprosperi.com\\\/?author=102107496\"}]}<\/script>\n<!-- \/ Yoast SEO plugin. -->","yoast_head_json":{"title":"Palmeiras avan\u00e7a no Paulist\u00e3o e volta a desafiar o Santos na Vila - PR\u00d3SPERI NEWS","robots":{"index":"index","follow":"follow","max-snippet":"max-snippet:-1","max-image-preview":"max-image-preview:large","max-video-preview":"max-video-preview:-1"},"canonical":"https:\/\/blogdoprosperi.com\/?p=1646","og_locale":"pt_BR","og_type":"article","og_title":"Palmeiras avan\u00e7a no Paulist\u00e3o e volta a desafiar o Santos na Vila - PR\u00d3SPERI NEWS","og_description":"&nbsp; O Palmeiras tem um novo encontro marcado com o Santos, advers\u00e1rio derrotado na decis\u00e3o da Copa do [&hellip;]","og_url":"https:\/\/blogdoprosperi.com\/?p=1646","og_site_name":"PR\u00d3SPERI NEWS","article_publisher":"Luiz Pr\u00f3speri","article_author":"Luiz Pr\u00f3speri","article_published_time":"2016-04-19T02:14:03+00:00","article_modified_time":"2016-04-19T02:18:41+00:00","og_image":[{"url":"https:\/\/blogdoprosperi.com\/wp-content\/uploads\/2016\/04\/pro7.jpg","type":"","width":"","height":""}],"author":"Luiz Ant\u00f4nio Pr\u00f3speri","twitter_card":"summary_large_image","twitter_creator":"@Luizprosperi","twitter_site":"@Luizprosperi","twitter_misc":{"Escrito por":"Luiz Ant\u00f4nio Pr\u00f3speri","Est. tempo de leitura":"3 minutos"},"schema":{"@context":"https:\/\/schema.org","@graph":[{"@type":"Article","@id":"https:\/\/blogdoprosperi.com\/?p=1646#article","isPartOf":{"@id":"https:\/\/blogdoprosperi.com\/?p=1646"},"author":{"name":"Luiz Ant\u00f4nio Pr\u00f3speri","@id":"https:\/\/blogdoprosperi.com\/#\/schema\/person\/38100755ce3601861ee4fab9b5aa78e9"},"headline":"Palmeiras avan\u00e7a no Paulist\u00e3o e volta a desafiar o Santos na Vila","datePublished":"2016-04-19T02:14:03+00:00","dateModified":"2016-04-19T02:18:41+00:00","mainEntityOfPage":{"@id":"https:\/\/blogdoprosperi.com\/?p=1646"},"wordCount":673,"commentCount":0,"publisher":{"@id":"https:\/\/blogdoprosperi.com\/#\/schema\/person\/38100755ce3601861ee4fab9b5aa78e9"},"image":{"@id":"https:\/\/blogdoprosperi.com\/?p=1646#primaryimage"},"thumbnailUrl":"https:\/\/blogdoprosperi.com\/wp-content\/uploads\/2016\/04\/pro7.jpg","keywords":["Alecsandro","Campeonato Paulista","Cuca","futebol","Gabriel Jesus","Palmeiras Clube","semifinais do Paulist\u00e3o"],"articleSection":["futebol"],"inLanguage":"pt-BR","potentialAction":[{"@type":"CommentAction","name":"Comment","target":["https:\/\/blogdoprosperi.com\/?p=1646#respond"]}]},{"@type":"WebPage","@id":"https:\/\/blogdoprosperi.com\/?p=1646","url":"https:\/\/blogdoprosperi.com\/?p=1646","name":"Palmeiras avan\u00e7a no Paulist\u00e3o e volta a desafiar o Santos na Vila - PR\u00d3SPERI NEWS","isPartOf":{"@id":"https:\/\/blogdoprosperi.com\/#website"},"primaryImageOfPage":{"@id":"https:\/\/blogdoprosperi.com\/?p=1646#primaryimage"},"image":{"@id":"https:\/\/blogdoprosperi.com\/?p=1646#primaryimage"},"thumbnailUrl":"https:\/\/blogdoprosperi.com\/wp-content\/uploads\/2016\/04\/pro7.jpg","datePublished":"2016-04-19T02:14:03+00:00","dateModified":"2016-04-19T02:18:41+00:00","breadcrumb":{"@id":"https:\/\/blogdoprosperi.com\/?p=1646#breadcrumb"},"inLanguage":"pt-BR","potentialAction":[{"@type":"ReadAction","target":["https:\/\/blogdoprosperi.com\/?p=1646"]}]},{"@type":"ImageObject","inLanguage":"pt-BR","@id":"https:\/\/blogdoprosperi.com\/?p=1646#primaryimage","url":"https:\/\/i0.wp.com\/blogdoprosperi.com\/wp-content\/uploads\/2016\/04\/pro7.jpg?fit=2300%2C1533&ssl=1","contentUrl":"https:\/\/i0.wp.com\/blogdoprosperi.com\/wp-content\/uploads\/2016\/04\/pro7.jpg?fit=2300%2C1533&ssl=1","width":2300,"height":1533},{"@type":"BreadcrumbList","@id":"https:\/\/blogdoprosperi.com\/?p=1646#breadcrumb","itemListElement":[{"@type":"ListItem","position":1,"name":"In\u00edcio","item":"https:\/\/blogdoprosperi.com\/"},{"@type":"ListItem","position":2,"name":"Palmeiras avan\u00e7a no Paulist\u00e3o e volta a desafiar o Santos na Vila"}]},{"@type":"WebSite","@id":"https:\/\/blogdoprosperi.com\/#website","url":"https:\/\/blogdoprosperi.com\/","name":"PR\u00d3SPERI NEWS","description":"TUDO \u00c9  FUTEBOL","publisher":{"@id":"https:\/\/blogdoprosperi.com\/#\/schema\/person\/38100755ce3601861ee4fab9b5aa78e9"},"alternateName":"blogdoprosperi.com","potentialAction":[{"@type":"SearchAction","target":{"@type":"EntryPoint","urlTemplate":"https:\/\/blogdoprosperi.com\/?s={search_term_string}"},"query-input":{"@type":"PropertyValueSpecification","valueRequired":true,"valueName":"search_term_string"}}],"inLanguage":"pt-BR"},{"@type":["Person","Organization"],"@id":"https:\/\/blogdoprosperi.com\/#\/schema\/person\/38100755ce3601861ee4fab9b5aa78e9","name":"Luiz Ant\u00f4nio Pr\u00f3speri","pronouns":"ele","image":{"@type":"ImageObject","inLanguage":"pt-BR","@id":"https:\/\/i0.wp.com\/blogdoprosperi.com\/wp-content\/uploads\/2026\/05\/cropped-8059e613-6002-42fa-961e-8e275f575d71-2-5.jpg?fit=1360%2C931&ssl=1","url":"https:\/\/i0.wp.com\/blogdoprosperi.com\/wp-content\/uploads\/2026\/05\/cropped-8059e613-6002-42fa-961e-8e275f575d71-2-5.jpg?fit=1360%2C931&ssl=1","contentUrl":"https:\/\/i0.wp.com\/blogdoprosperi.com\/wp-content\/uploads\/2026\/05\/cropped-8059e613-6002-42fa-961e-8e275f575d71-2-5.jpg?fit=1360%2C931&ssl=1","width":1360,"height":931,"caption":"Luiz Ant\u00f4nio Pr\u00f3speri"},"logo":{"@id":"https:\/\/i0.wp.com\/blogdoprosperi.com\/wp-content\/uploads\/2026\/05\/cropped-8059e613-6002-42fa-961e-8e275f575d71-2-5.jpg?fit=1360%2C931&ssl=1"},"description":"Jornalista com carreira dedicada ao esporte. Cobriu 9 Copas do Mundo in loco, 1990 na It\u00e1lia, 1994 nos EUA, 1998 na Fran\u00e7a, 2002 na Coreia do Sul e Jap\u00e3o, 2006 na Alemanha, 2010 na \u00c1frica do Sul, 2014 no Brasil, 2018 na R\u00fassia e 2022 no Qatar. Eurocopas, 1992 na Su\u00e9cia e 1996 na Inglaterra. Copa das Confedera\u00e7\u00f5es de 2005 na Alemanha e 2009 na \u00c1frica do Sul. Rep\u00f3rter e Editor, trabalhou no Jornal da Tarde e Estad\u00e3o, de 1984 a fevereiro de 2016. Colunista, blogueiro. E comentarista de futebol na R\u00e1dio Estad\u00e3o, de 2013 a fevereiro de 2016. Jornalista respons\u00e1vel do \"Pr\u00f3speri News\" (blogdoprosperi.com).","sameAs":["http:\/\/blogdoprosperi.com","Luiz Pr\u00f3speri","@luiz_prosperi","https:\/\/x.com\/Luizprosperi","@prosperinacopa","luiz.prosperi@icloud.com"],"url":"https:\/\/blogdoprosperi.com\/?author=102107496"}]}},"jetpack_publicize_connections":[],"jetpack_likes_enabled":false,"jetpack_sharing_enabled":true,"jetpack_shortlink":"https:\/\/wp.me\/p7jvdk-qy","jetpack-related-posts":[{"id":1705,"url":"https:\/\/blogdoprosperi.com\/?p=1705","url_meta":{"origin":1646,"position":0},"title":"Jogos decisivos do Paulist\u00e3o 2016 ter\u00e3o torcida \u00fanica","author":"Luiz Ant\u00f4nio Pr\u00f3speri","date":"19 de abril de 2016","format":false,"excerpt":"\u00a0 Paulo Nobre, presidente do Palmeiras, foi um dos primeiros a defender a ordem autorit\u00e1ria da Secretaria de Seguran\u00e7a P\u00fablica de S\u00e3o Paulo (SSPSP) de estabelecer a presen\u00e7a torcida \u00fanica nos cl\u00e1ssicos em S\u00e3o Paulo. Cuca n\u00e3o concorda. O treinador sabe que se o seu time avan\u00e7ar \u00e0 final contra\u2026","rel":"","context":"Em &quot;futebol&quot;","block_context":{"text":"futebol","link":"https:\/\/blogdoprosperi.com\/?cat=53870"},"img":{"alt_text":"","src":"https:\/\/i0.wp.com\/blogdoprosperi.com\/wp-content\/uploads\/2016\/04\/rib3898.jpg?resize=350%2C200&ssl=1","width":350,"height":200,"srcset":"https:\/\/i0.wp.com\/blogdoprosperi.com\/wp-content\/uploads\/2016\/04\/rib3898.jpg?resize=350%2C200&ssl=1 1x, https:\/\/i0.wp.com\/blogdoprosperi.com\/wp-content\/uploads\/2016\/04\/rib3898.jpg?resize=525%2C300&ssl=1 1.5x"},"classes":[]},{"id":37593,"url":"https:\/\/blogdoprosperi.com\/?p=37593","url_meta":{"origin":1646,"position":1},"title":"Corinthians e Palmeiras perto da vaga na final do Paulist\u00e3o","author":"Luiz Ant\u00f4nio Pr\u00f3speri","date":"4 de abril de 2019","format":false,"excerpt":"Corinthians abre vantagem nas semifinais do Paulist\u00e3o ao vencer o confronto diante do Santos por 2 a 1 em casa neste domingo (31\/3). N\u00e3o pela vit\u00f3ria em si, muito econ\u00f4mica por sinal, mas como ela se deu em Itaquera. Time de Carille controlou boa parte do cl\u00e1ssico ao seu estilo\u2026","rel":"","context":"Em &quot;futebol&quot;","block_context":{"text":"futebol","link":"https:\/\/blogdoprosperi.com\/?cat=53870"},"img":{"alt_text":"","src":"https:\/\/i0.wp.com\/blogdoprosperi.com\/wp-content\/uploads\/2019\/04\/pro7-18-1024x755.jpg?fit=1024%2C755&ssl=1&resize=350%2C200","width":350,"height":200,"srcset":"https:\/\/i0.wp.com\/blogdoprosperi.com\/wp-content\/uploads\/2019\/04\/pro7-18-1024x755.jpg?fit=1024%2C755&ssl=1&resize=350%2C200 1x, https:\/\/i0.wp.com\/blogdoprosperi.com\/wp-content\/uploads\/2019\/04\/pro7-18-1024x755.jpg?fit=1024%2C755&ssl=1&resize=525%2C300 1.5x, https:\/\/i0.wp.com\/blogdoprosperi.com\/wp-content\/uploads\/2019\/04\/pro7-18-1024x755.jpg?fit=1024%2C755&ssl=1&resize=700%2C400 2x"},"classes":[]},{"id":2380,"url":"https:\/\/blogdoprosperi.com\/?p=2380","url_meta":{"origin":1646,"position":2},"title":"Santos vai \u00e0 final com Vanderlei em tarde de Fernando Prass","author":"Luiz Ant\u00f4nio Pr\u00f3speri","date":"24 de abril de 2016","format":false,"excerpt":"Dorival J\u00fanior vacila nos minutos finais e quase cai na Vila Belmiro na decis\u00e3o das semifinais contra o Palmeiras. Derrotado, Cuca promete enxugar o elenco no Brasileir\u00e3o-2016 Chegar \u00e0 oitava final seguida de Campeonato Paulista n\u00e3o \u00e9 para qualquer um. O Santos conseguiu essa fa\u00e7anha ao derrotar o Palmeiras na\u2026","rel":"","context":"Em &quot;futebol&quot;","block_context":{"text":"futebol","link":"https:\/\/blogdoprosperi.com\/?cat=53870"},"img":{"alt_text":"","src":"https:\/\/i0.wp.com\/blogdoprosperi.com\/wp-content\/uploads\/2016\/04\/pro-2.jpg?resize=350%2C200&ssl=1","width":350,"height":200,"srcset":"https:\/\/i0.wp.com\/blogdoprosperi.com\/wp-content\/uploads\/2016\/04\/pro-2.jpg?resize=350%2C200&ssl=1 1x, https:\/\/i0.wp.com\/blogdoprosperi.com\/wp-content\/uploads\/2016\/04\/pro-2.jpg?resize=525%2C300&ssl=1 1.5x, https:\/\/i0.wp.com\/blogdoprosperi.com\/wp-content\/uploads\/2016\/04\/pro-2.jpg?resize=700%2C400&ssl=1 2x, https:\/\/i0.wp.com\/blogdoprosperi.com\/wp-content\/uploads\/2016\/04\/pro-2.jpg?resize=1050%2C600&ssl=1 3x, https:\/\/i0.wp.com\/blogdoprosperi.com\/wp-content\/uploads\/2016\/04\/pro-2.jpg?resize=1400%2C800&ssl=1 4x"},"classes":[]},{"id":31142,"url":"https:\/\/blogdoprosperi.com\/?p=31142","url_meta":{"origin":1646,"position":3},"title":"Palmeiras troca futebol bonito por cora\u00e7\u00e3o e mant\u00e9m hierarquia no Brasileir\u00e3o","author":"Luiz Ant\u00f4nio Pr\u00f3speri","date":"6 de novembro de 2016","format":false,"excerpt":"Palmeiras nadou contra correnteza diante de um Internacional aguerrido em busca da salva\u00e7\u00e3o. Desde a vit\u00f3ria do Santos contra a Ponte Preta de manh\u00e3, assumindo o segundo lugar, se esperava um jogo de alta tens\u00e3o no Allianz Parque. O l\u00edder n\u00e3o tinha outra alternativa a n\u00e3o ser vencer a todo\u2026","rel":"","context":"Em &quot;Campeonato Brasileiro&quot;","block_context":{"text":"Campeonato Brasileiro","link":"https:\/\/blogdoprosperi.com\/?cat=355071"},"img":{"alt_text":"","src":"https:\/\/i0.wp.com\/blogdoprosperi.com\/wp-content\/uploads\/2016\/11\/8f3d2f0b424d0e939138a2895c1b449a.jpg?resize=350%2C200&ssl=1","width":350,"height":200,"srcset":"https:\/\/i0.wp.com\/blogdoprosperi.com\/wp-content\/uploads\/2016\/11\/8f3d2f0b424d0e939138a2895c1b449a.jpg?resize=350%2C200&ssl=1 1x, https:\/\/i0.wp.com\/blogdoprosperi.com\/wp-content\/uploads\/2016\/11\/8f3d2f0b424d0e939138a2895c1b449a.jpg?resize=525%2C300&ssl=1 1.5x, https:\/\/i0.wp.com\/blogdoprosperi.com\/wp-content\/uploads\/2016\/11\/8f3d2f0b424d0e939138a2895c1b449a.jpg?resize=700%2C400&ssl=1 2x, https:\/\/i0.wp.com\/blogdoprosperi.com\/wp-content\/uploads\/2016\/11\/8f3d2f0b424d0e939138a2895c1b449a.jpg?resize=1050%2C600&ssl=1 3x, https:\/\/i0.wp.com\/blogdoprosperi.com\/wp-content\/uploads\/2016\/11\/8f3d2f0b424d0e939138a2895c1b449a.jpg?resize=1400%2C800&ssl=1 4x"},"classes":[]},{"id":6838,"url":"https:\/\/blogdoprosperi.com\/?p=6838","url_meta":{"origin":1646,"position":4},"title":"Palmeiras decepciona e Cuca admite recorrer a Dudu","author":"Luiz Ant\u00f4nio Pr\u00f3speri","date":"21 de maio de 2016","format":false,"excerpt":"\u00a0 A derrota diante da Ponte Preta por 2 a 1 neste s\u00e1bado leva Cuca a refletir sobre o tamanho deste Palmeiras\u00a0no\u00a0Campeonato Brasileiro.\u00a0De imediato, o treinador percebeu que o ataque precisa de mais velocidade. Nem Barrios, de boa atua\u00e7\u00e3o na primeira rodada, muito menos Alecsandro, apagado no jogo em Campinas,\u2026","rel":"","context":"Em &quot;Campeonato Brasileiro&quot;","block_context":{"text":"Campeonato Brasileiro","link":"https:\/\/blogdoprosperi.com\/?cat=355071"},"img":{"alt_text":"","src":"https:\/\/i0.wp.com\/blogdoprosperi.com\/wp-content\/uploads\/2016\/05\/622_59cbc892-299c-33ce-95de-18e7a40c8bf7.jpg?resize=350%2C200&ssl=1","width":350,"height":200,"srcset":"https:\/\/i0.wp.com\/blogdoprosperi.com\/wp-content\/uploads\/2016\/05\/622_59cbc892-299c-33ce-95de-18e7a40c8bf7.jpg?resize=350%2C200&ssl=1 1x, https:\/\/i0.wp.com\/blogdoprosperi.com\/wp-content\/uploads\/2016\/05\/622_59cbc892-299c-33ce-95de-18e7a40c8bf7.jpg?resize=525%2C300&ssl=1 1.5x"},"classes":[]},{"id":17544,"url":"https:\/\/blogdoprosperi.com\/?p=17544","url_meta":{"origin":1646,"position":5},"title":"Palmeiras se rende \u00e0 for\u00e7a do Atl\u00e9tico-MG e sente falta de Gabriel Jesus","author":"Luiz Ant\u00f4nio Pr\u00f3speri","date":"24 de julho de 2016","format":false,"excerpt":"Palmeiras conheceu um rival de quilate na sua corrida em busca do t\u00edtulo do Campeonato Brasileiro. Pragm\u00e1tico, o Atl\u00e9tico-MG soube se defender a dar uma \u00fanica e mortal ferroada no at\u00e9 ent\u00e3o imbat\u00edvel time de Cuca em sua casa. Venceu por 1 a 0 neste domingo (24\/7) no Allianz Parque\u2026","rel":"","context":"Em &quot;Campeonato Brasileiro&quot;","block_context":{"text":"Campeonato Brasileiro","link":"https:\/\/blogdoprosperi.com\/?cat=355071"},"img":{"alt_text":"","src":"https:\/\/i0.wp.com\/blogdoprosperi.com\/wp-content\/uploads\/2016\/07\/622_847c1ecc-d8b6-320b-8d2b-25e2fed659df.jpg?resize=350%2C200&ssl=1","width":350,"height":200,"srcset":"https:\/\/i0.wp.com\/blogdoprosperi.com\/wp-content\/uploads\/2016\/07\/622_847c1ecc-d8b6-320b-8d2b-25e2fed659df.jpg?resize=350%2C200&ssl=1 1x, https:\/\/i0.wp.com\/blogdoprosperi.com\/wp-content\/uploads\/2016\/07\/622_847c1ecc-d8b6-320b-8d2b-25e2fed659df.jpg?resize=525%2C300&ssl=1 1.5x"},"classes":[]}],"jetpack_featured_media_url":"","_links":{"self":[{"href":"https:\/\/blogdoprosperi.com\/index.php?rest_route=\/wp\/v2\/posts\/1646","targetHints":{"allow":["GET"]}}],"collection":[{"href":"https:\/\/blogdoprosperi.com\/index.php?rest_route=\/wp\/v2\/posts"}],"about":[{"href":"https:\/\/blogdoprosperi.com\/index.php?rest_route=\/wp\/v2\/types\/post"}],"author":[{"embeddable":true,"href":"https:\/\/blogdoprosperi.com\/index.php?rest_route=\/wp\/v2\/users\/102107496"}],"replies":[{"embeddable":true,"href":"https:\/\/blogdoprosperi.com\/index.php?rest_route=%2Fwp%2Fv2%2Fcomments&post=1646"}],"version-history":[{"count":25,"href":"https:\/\/blogdoprosperi.com\/index.php?rest_route=\/wp\/v2\/posts\/1646\/revisions"}],"predecessor-version":[{"id":1704,"href":"https:\/\/blogdoprosperi.com\/index.php?rest_route=\/wp\/v2\/posts\/1646\/revisions\/1704"}],"wp:attachment":[{"href":"https:\/\/blogdoprosperi.com\/index.php?rest_route=%2Fwp%2Fv2%2Fmedia&parent=1646"}],"wp:term":[{"taxonomy":"category","embeddable":true,"href":"https:\/\/blogdoprosperi.com\/index.php?rest_route=%2Fwp%2Fv2%2Fcategories&post=1646"},{"taxonomy":"post_tag","embeddable":true,"href":"https:\/\/blogdoprosperi.com\/index.php?rest_route=%2Fwp%2Fv2%2Ftags&post=1646"}],"curies":[{"name":"wp","href":"https:\/\/api.w.org\/{rel}","templated":true}]}}