{"id":16524,"date":"2016-07-17T21:57:17","date_gmt":"2016-07-17T21:57:17","guid":{"rendered":"http:\/\/blogdoprosperi.com\/?p=16524"},"modified":"2016-07-31T15:10:23","modified_gmt":"2016-07-31T18:10:23","slug":"palmeiras-se-fortalece-em-busca-da-taca-do-brasileirao","status":"publish","type":"post","link":"https:\/\/blogdoprosperi.com\/?p=16524","title":{"rendered":"Palmeiras se fortalece em busca da ta\u00e7a do Brasileir\u00e3o"},"content":{"rendered":"<p><span class=\"alignnone\"><img data-recalc-dims=\"1\" loading=\"lazy\" decoding=\"async\" data-attachment-id=\"16586\" data-permalink=\"https:\/\/blogdoprosperi.com\/?attachment_id=16586\" data-orig-file=\"https:\/\/i0.wp.com\/blogdoprosperi.com\/wp-content\/uploads\/2016\/07\/erik_jeferson-guarezeagifgazetapress-1024x728.jpg?fit=1024%2C728&amp;ssl=1\" data-orig-size=\"1024,728\" data-comments-opened=\"1\" data-image-meta=\"{&quot;aperture&quot;:&quot;0&quot;,&quot;credit&quot;:&quot;&quot;,&quot;camera&quot;:&quot;&quot;,&quot;caption&quot;:&quot;&quot;,&quot;created_timestamp&quot;:&quot;0&quot;,&quot;copyright&quot;:&quot;&quot;,&quot;focal_length&quot;:&quot;0&quot;,&quot;iso&quot;:&quot;0&quot;,&quot;shutter_speed&quot;:&quot;0&quot;,&quot;title&quot;:&quot;&quot;,&quot;orientation&quot;:&quot;0&quot;}\" data-image-title=\"erik_Jeferson-GuarezeAgifGazetaPress-1024&amp;#215;728\" data-image-description=\"\" data-image-caption=\"\" data-large-file=\"https:\/\/i0.wp.com\/blogdoprosperi.com\/wp-content\/uploads\/2016\/07\/erik_jeferson-guarezeagifgazetapress-1024x728.jpg?fit=940%2C668&amp;ssl=1\" class=\"alignnone size-full wp-image-16586\" src=\"https:\/\/i0.wp.com\/blogdoprosperi.com\/wp-content\/uploads\/2016\/07\/erik_jeferson-guarezeagifgazetapress-1024x728.jpg?resize=940%2C668&#038;ssl=1\" alt=\"erik_Jeferson-GuarezeAgifGazetaPress-1024x728\" width=\"940\" height=\"668\" \/><\/span><\/p>\n<p>Palmeiras n\u00e3o respeita a estreia de Paulo Roberto Falc\u00e3o, derrota o Inter e pulveriza um jejum de 19 anos sem vencer no Beira-Rio. Mais que o simbolismo da vit\u00f3ria, manda um forte recado aos concorrentes de que embicou na trilha certa do t\u00edtulo a quatro rodadas do encerramento do primeiro turno do Brasileir\u00e3o.<!--more--><\/p>\n<p>A expectativa ap\u00f3s esse importante triunfo no Sul \u00e9 como o time vai se comportar sem os pilares Prass e Gabriel Jesus, fora por at\u00e9 seis jogos a servi\u00e7o da Sele\u00e7\u00e3o Ol\u00edmpica nos Jogos do Rio. Se atravessar essa sequ\u00eancia sem muitas turbul\u00eancias ter\u00e1 dado passos gigantescos na corrida pela ta\u00e7a. \u00c9 hora de provar que tem elenco.<\/p>\n<p>E ainda tem a quest\u00e3o Gabriel Jesus a se resolver. O Barcelona j\u00e1 jogou a rede para pescar o garoto. <a href=\"http:\/\/blogdoprosperi.com\/2016\/07\/17\/barcelona-nao-tem-interesse-em-gabriel-e-lucas-lima-o-alvo-e-gabriel-jesus\/\">Robert Fern\u00e1ndez,<\/a> secret\u00e1rio-t\u00e9cnico do clube espanhol, esteve no Beira-Rio neste domingo e teria uma conversa com o jogador e comando do Palmeiras em Porto Alegre. Jesus adiantou que n\u00e3o quer ir embora agora.<\/p>\n<p><strong>AN\u00c1LISE DO JOGO<\/strong><\/p>\n<p>Primeiro tempo do Palmeiras foi exemplar. Desde o in\u00edcio o time aliou efici\u00eancia na marca\u00e7\u00e3o e ataque r\u00e1pido, de no m\u00e1ximo dois toques na bola. Abriu vantagem com 10 minutos, em gol de Erik, e n\u00e3o permitiu ao Internacional encostar na grande \u00e1rea de Fernando Prass.<\/p>\n<p><span class=\"alignnone\"><img data-recalc-dims=\"1\" loading=\"lazy\" decoding=\"async\" data-attachment-id=\"16587\" data-permalink=\"https:\/\/blogdoprosperi.com\/?attachment_id=16587\" data-orig-file=\"https:\/\/i0.wp.com\/blogdoprosperi.com\/wp-content\/uploads\/2016\/07\/palmeiras-cuca-divulgacao-1.jpg?fit=700%2C394&amp;ssl=1\" data-orig-size=\"700,394\" data-comments-opened=\"1\" data-image-meta=\"{&quot;aperture&quot;:&quot;0&quot;,&quot;credit&quot;:&quot;&quot;,&quot;camera&quot;:&quot;&quot;,&quot;caption&quot;:&quot;&quot;,&quot;created_timestamp&quot;:&quot;0&quot;,&quot;copyright&quot;:&quot;&quot;,&quot;focal_length&quot;:&quot;0&quot;,&quot;iso&quot;:&quot;0&quot;,&quot;shutter_speed&quot;:&quot;0&quot;,&quot;title&quot;:&quot;&quot;,&quot;orientation&quot;:&quot;0&quot;}\" data-image-title=\"Palmeiras-Cuca-divulgacao-1\" data-image-description=\"\" data-image-caption=\"\" data-large-file=\"https:\/\/i0.wp.com\/blogdoprosperi.com\/wp-content\/uploads\/2016\/07\/palmeiras-cuca-divulgacao-1.jpg?fit=700%2C394&amp;ssl=1\" class=\"alignnone size-full wp-image-16587\" src=\"https:\/\/i0.wp.com\/blogdoprosperi.com\/wp-content\/uploads\/2016\/07\/palmeiras-cuca-divulgacao-1.jpg?resize=700%2C394&#038;ssl=1\" alt=\"Palmeiras-Cuca-divulgacao-1\" width=\"700\" height=\"394\" \/><\/span><\/p>\n<p>Outra virtude, essa fundamental a quem pensa em ir longe neste campeonato, a paci\u00eancia quando tinha de administrar a posse de bola. Trocou passes, atraiu o advers\u00e1rio, e soube sair com consci\u00eancia ao ataque. Faltou o ponto final em lances de Gabriel Jesus e Roger Guedes, que poderiam ter ampliado a vantagem com dois gols.<\/p>\n<p>Diante desse poderio todo do l\u00edder, o Inter se intimidou. Em nenhum momento empurrou o time paulista para tr\u00e1s. Se limitou a defender com medo de levar mais gols. A boa not\u00edcia \u00e9 que o time ga\u00facho n\u00e3o deu um chut\u00e3o sequer. A pedido de seu novo treinador, Paulo Roberto Falc\u00e3o, a sa\u00edda se deu apenas com troca de passes.<\/p>\n<p>&nbsp;<\/p>\n<p><span class=\"alignnone\"><img data-recalc-dims=\"1\" loading=\"lazy\" decoding=\"async\" data-attachment-id=\"16588\" data-permalink=\"https:\/\/blogdoprosperi.com\/?attachment_id=16588\" data-orig-file=\"https:\/\/i0.wp.com\/blogdoprosperi.com\/wp-content\/uploads\/2016\/07\/20154566.jpg?fit=640%2C426&amp;ssl=1\" data-orig-size=\"640,426\" data-comments-opened=\"1\" data-image-meta=\"{&quot;aperture&quot;:&quot;0&quot;,&quot;credit&quot;:&quot;&quot;,&quot;camera&quot;:&quot;&quot;,&quot;caption&quot;:&quot;&quot;,&quot;created_timestamp&quot;:&quot;0&quot;,&quot;copyright&quot;:&quot;&quot;,&quot;focal_length&quot;:&quot;0&quot;,&quot;iso&quot;:&quot;0&quot;,&quot;shutter_speed&quot;:&quot;0&quot;,&quot;title&quot;:&quot;&quot;,&quot;orientation&quot;:&quot;0&quot;}\" data-image-title=\"20154566\" data-image-description=\"\" data-image-caption=\"\" data-large-file=\"https:\/\/i0.wp.com\/blogdoprosperi.com\/wp-content\/uploads\/2016\/07\/20154566.jpg?fit=640%2C426&amp;ssl=1\" class=\"alignnone size-full wp-image-16588\" src=\"https:\/\/i0.wp.com\/blogdoprosperi.com\/wp-content\/uploads\/2016\/07\/20154566.jpg?resize=640%2C426&#038;ssl=1\" alt=\"20154566\" width=\"640\" height=\"426\" \/><\/span><\/p>\n<p>No segundo tempo, a torcida colorada exigia mudan\u00e7a de comportamento do Inter com a entrada de Valdivia &#8211; ainda sem ritmo ap\u00f3s aus\u00eancia de oito meses se recuperando de cirurgia no joelho. Ele deu novas cores ao time. Com muita movimenta\u00e7\u00e3o e um futebol objetivo tirou o sossego dos volantes do Palmeiras e arrastou sua equipe ao campo de ataque.<\/p>\n<p>Antes mesmo de se preocupar com Valdivia, Cuca se viu obrigado a sacar Cleiton Xavier &#8211; joelho avariado por uma pancada &#8211; com menos de dez minutos. Trocou o meia por Dudu. Seu time perdeu em intelig\u00eancia e ganhou mais velocidade. E conseguiu equilibrar as for\u00e7as ao trocar Erik por Rafael Marques.<\/p>\n<p>O jogo ficou igual. Sem chance de gols e muito truncado de uma intermedi\u00e1ria a outra, zona \u00a0do campo que n\u00e3o se decide nada, a n\u00e3o ser quem mais suaria a camisa para desarmar o advers\u00e1rio. No caso, a equipe de Cuca.<\/p>\n<p>Vit\u00f3ria assegurada e de muito simbolismo. O Palmeiras manda um duro recado aos concorrentes de que descobriu o caminho em busca do t\u00edtulo e n\u00e3o quer se perder em uma encruzilhada.<\/p>\n<div class=\"jetpack-video-wrapper\"><span class=\"embed-youtube\" style=\"text-align:center; display: block;\"><iframe loading=\"lazy\" class=\"youtube-player\" width=\"560\" height=\"315\" src=\"https:\/\/www.youtube.com\/embed\/XmH1Q7-FY80?version=3&#038;rel=1&#038;showsearch=0&#038;showinfo=1&#038;iv_load_policy=1&#038;fs=1&#038;hl=pt-BR&#038;autohide=2&#038;wmode=transparent\" allowfullscreen=\"true\" style=\"border:0;\" sandbox=\"allow-scripts allow-same-origin allow-popups allow-presentation allow-popups-to-escape-sandbox\"><\/iframe><\/span><\/div>\n<p><strong>FICHA DO JOGO<\/strong><\/p>\n<p><strong>Internacional 0 x 1 Palmeiras<\/strong><\/p>\n<p><strong>Gol<\/strong>: Erik, aos 10 do primeiro tempo<\/p>\n<p><strong>Internacional:<\/strong> Marcelo Lomba, William, Paul\u00e3o, Ernando e Raphinha; Rodrigo Dourado, Fernando Bob (Ariel) e Andrigo (Valdivia), Sacha, Vitinho e Ferrarez (Anderson). <strong>T\u00e9cnico<\/strong>: Falc\u00e3o<\/p>\n<p><strong>Palmeiras:<\/strong> Fernando Prass, Jean, Edu Dracena, Vitor Hugo e Z\u00e9 Roberto; Thiago Santos, Tch\u00ea Tch\u00ea e Cleiton Xavier (Dudu); Roger Guedes (Leandro Pereira), Gabriel Jesus e Erik (Rafael Marques). <strong>T\u00e9cnico:<\/strong> Cuca<\/p>\n<p><strong>Juiz:<\/strong> Andr\u00e9 Luiz Castro<br \/>\n<strong>Cart\u00f5es amarelos:<\/strong> Paul\u00e3o, Raphinha, Gabriel Jesus, Ariel, Thiago Santos \u00a0William<br \/>\n<strong>Renda:<\/strong> R$ 774.870,00<br \/>\n<strong>P\u00fablico:<\/strong> 27.293 pagantes<br \/>\n<strong>Local:<\/strong> Beira-Rio<\/p>\n","protected":false},"excerpt":{"rendered":"<p>Palmeiras n\u00e3o respeita a estreia de Paulo Roberto Falc\u00e3o, derrota o Inter e pulveriza um jejum de 19 [&hellip;]<\/p>\n","protected":false},"author":102107496,"featured_media":0,"comment_status":"open","ping_status":"open","sticky":false,"template":"","format":"standard","meta":{"_coblocks_attr":"","_coblocks_dimensions":"","_coblocks_responsive_height":"","_coblocks_accordion_ie_support":"","_jetpack_newsletter_access":"","_jetpack_dont_email_post_to_subs":false,"_jetpack_newsletter_tier_id":0,"_jetpack_memberships_contains_paywalled_content":false,"_wpcom_ai_launchpad_first_post":false,"_jetpack_feature_clip_id":0,"_jetpack_memberships_contains_paid_content":false,"footnotes":"","jetpack_publicize_message":"","jetpack_publicize_feature_enabled":true,"jetpack_social_post_already_shared":false,"jetpack_social_options":{"image_generator_settings":{"template":"highway","default_image_id":0,"font":"","enabled":false},"version":2},"jetpack_post_was_ever_published":false},"categories":[355071,53870],"tags":[362595295,789560566,31,789560560,10171149,8328841],"class_list":["post-16524","post","type-post","status-publish","format-standard","hentry","category-campeonato-brasileiro","category-futebol","tag-brasileirao-2016","tag-campeonato-brasileiro","tag-erik","tag-futebol","tag-internacional-x-palmeiras","tag-palmeiras-clube"],"yoast_head":"<!-- This site is optimized with the Yoast SEO plugin v28.4 - https:\/\/yoast.com\/product\/yoast-seo-wordpress\/ -->\n<title>Palmeiras se fortalece em busca da ta\u00e7a do Brasileir\u00e3o - PR\u00d3SPERI NEWS<\/title>\n<meta name=\"robots\" content=\"index, follow, max-snippet:-1, max-image-preview:large, max-video-preview:-1\" \/>\n<link rel=\"canonical\" href=\"https:\/\/blogdoprosperi.com\/?p=16524\" \/>\n<meta property=\"og:locale\" content=\"pt_BR\" \/>\n<meta property=\"og:type\" content=\"article\" \/>\n<meta property=\"og:title\" content=\"Palmeiras se fortalece em busca da ta\u00e7a do Brasileir\u00e3o - PR\u00d3SPERI NEWS\" \/>\n<meta property=\"og:description\" content=\"Palmeiras n\u00e3o respeita a estreia de Paulo Roberto Falc\u00e3o, derrota o Inter e pulveriza um jejum de 19 [&hellip;]\" \/>\n<meta property=\"og:url\" content=\"https:\/\/blogdoprosperi.com\/?p=16524\" \/>\n<meta property=\"og:site_name\" content=\"PR\u00d3SPERI NEWS\" \/>\n<meta property=\"article:publisher\" content=\"Luiz Pr\u00f3speri\" \/>\n<meta property=\"article:author\" content=\"Luiz Pr\u00f3speri\" \/>\n<meta property=\"article:published_time\" content=\"2016-07-17T21:57:17+00:00\" \/>\n<meta property=\"article:modified_time\" content=\"2016-07-31T18:10:23+00:00\" \/>\n<meta property=\"og:image\" content=\"https:\/\/blogdoprosperi.com\/wp-content\/uploads\/2016\/07\/erik_jeferson-guarezeagifgazetapress-1024x728.jpg\" \/>\n<meta name=\"author\" content=\"Luiz Ant\u00f4nio Pr\u00f3speri\" \/>\n<meta name=\"twitter:card\" content=\"summary_large_image\" \/>\n<meta name=\"twitter:creator\" content=\"@Luizprosperi\" \/>\n<meta name=\"twitter:site\" content=\"@Luizprosperi\" \/>\n<meta name=\"twitter:label1\" content=\"Escrito por\" \/>\n\t<meta name=\"twitter:data1\" content=\"Luiz Ant\u00f4nio Pr\u00f3speri\" \/>\n\t<meta name=\"twitter:label2\" content=\"Est. tempo de leitura\" \/>\n\t<meta name=\"twitter:data2\" content=\"3 minutos\" \/>\n<script type=\"application\/ld+json\" class=\"yoast-schema-graph\">{\"@context\":\"https:\\\/\\\/schema.org\",\"@graph\":[{\"@type\":\"Article\",\"@id\":\"https:\\\/\\\/blogdoprosperi.com\\\/?p=16524#article\",\"isPartOf\":{\"@id\":\"https:\\\/\\\/blogdoprosperi.com\\\/?p=16524\"},\"author\":{\"name\":\"Luiz Ant\u00f4nio Pr\u00f3speri\",\"@id\":\"https:\\\/\\\/blogdoprosperi.com\\\/#\\\/schema\\\/person\\\/38100755ce3601861ee4fab9b5aa78e9\"},\"headline\":\"Palmeiras se fortalece em busca da ta\u00e7a do Brasileir\u00e3o\",\"datePublished\":\"2016-07-17T21:57:17+00:00\",\"dateModified\":\"2016-07-31T18:10:23+00:00\",\"mainEntityOfPage\":{\"@id\":\"https:\\\/\\\/blogdoprosperi.com\\\/?p=16524\"},\"wordCount\":675,\"commentCount\":2,\"publisher\":{\"@id\":\"https:\\\/\\\/blogdoprosperi.com\\\/#\\\/schema\\\/person\\\/38100755ce3601861ee4fab9b5aa78e9\"},\"image\":{\"@id\":\"https:\\\/\\\/blogdoprosperi.com\\\/?p=16524#primaryimage\"},\"thumbnailUrl\":\"https:\\\/\\\/blogdoprosperi.com\\\/wp-content\\\/uploads\\\/2016\\\/07\\\/erik_jeferson-guarezeagifgazetapress-1024x728.jpg\",\"keywords\":[\"Brasileir\u00e3o-2016\",\"Campeonato Brasileiro\",\"Erik\",\"futebol\",\"Internacional x Palmeiras\",\"Palmeiras Clube\"],\"articleSection\":[\"Campeonato Brasileiro\",\"futebol\"],\"inLanguage\":\"pt-BR\",\"potentialAction\":[{\"@type\":\"CommentAction\",\"name\":\"Comment\",\"target\":[\"https:\\\/\\\/blogdoprosperi.com\\\/?p=16524#respond\"]}]},{\"@type\":\"WebPage\",\"@id\":\"https:\\\/\\\/blogdoprosperi.com\\\/?p=16524\",\"url\":\"https:\\\/\\\/blogdoprosperi.com\\\/?p=16524\",\"name\":\"Palmeiras se fortalece em busca da ta\u00e7a do Brasileir\u00e3o - PR\u00d3SPERI NEWS\",\"isPartOf\":{\"@id\":\"https:\\\/\\\/blogdoprosperi.com\\\/#website\"},\"primaryImageOfPage\":{\"@id\":\"https:\\\/\\\/blogdoprosperi.com\\\/?p=16524#primaryimage\"},\"image\":{\"@id\":\"https:\\\/\\\/blogdoprosperi.com\\\/?p=16524#primaryimage\"},\"thumbnailUrl\":\"https:\\\/\\\/blogdoprosperi.com\\\/wp-content\\\/uploads\\\/2016\\\/07\\\/erik_jeferson-guarezeagifgazetapress-1024x728.jpg\",\"datePublished\":\"2016-07-17T21:57:17+00:00\",\"dateModified\":\"2016-07-31T18:10:23+00:00\",\"breadcrumb\":{\"@id\":\"https:\\\/\\\/blogdoprosperi.com\\\/?p=16524#breadcrumb\"},\"inLanguage\":\"pt-BR\",\"potentialAction\":[{\"@type\":\"ReadAction\",\"target\":[\"https:\\\/\\\/blogdoprosperi.com\\\/?p=16524\"]}]},{\"@type\":\"ImageObject\",\"inLanguage\":\"pt-BR\",\"@id\":\"https:\\\/\\\/blogdoprosperi.com\\\/?p=16524#primaryimage\",\"url\":\"https:\\\/\\\/blogdoprosperi.com\\\/wp-content\\\/uploads\\\/2016\\\/07\\\/erik_jeferson-guarezeagifgazetapress-1024x728.jpg\",\"contentUrl\":\"https:\\\/\\\/blogdoprosperi.com\\\/wp-content\\\/uploads\\\/2016\\\/07\\\/erik_jeferson-guarezeagifgazetapress-1024x728.jpg\"},{\"@type\":\"BreadcrumbList\",\"@id\":\"https:\\\/\\\/blogdoprosperi.com\\\/?p=16524#breadcrumb\",\"itemListElement\":[{\"@type\":\"ListItem\",\"position\":1,\"name\":\"In\u00edcio\",\"item\":\"https:\\\/\\\/blogdoprosperi.com\\\/\"},{\"@type\":\"ListItem\",\"position\":2,\"name\":\"Palmeiras se fortalece em busca da ta\u00e7a do Brasileir\u00e3o\"}]},{\"@type\":\"WebSite\",\"@id\":\"https:\\\/\\\/blogdoprosperi.com\\\/#website\",\"url\":\"https:\\\/\\\/blogdoprosperi.com\\\/\",\"name\":\"PR\u00d3SPERI NEWS\",\"description\":\"TUDO \u00c9  FUTEBOL\",\"publisher\":{\"@id\":\"https:\\\/\\\/blogdoprosperi.com\\\/#\\\/schema\\\/person\\\/38100755ce3601861ee4fab9b5aa78e9\"},\"alternateName\":\"blogdoprosperi.com\",\"potentialAction\":[{\"@type\":\"SearchAction\",\"target\":{\"@type\":\"EntryPoint\",\"urlTemplate\":\"https:\\\/\\\/blogdoprosperi.com\\\/?s={search_term_string}\"},\"query-input\":{\"@type\":\"PropertyValueSpecification\",\"valueRequired\":true,\"valueName\":\"search_term_string\"}}],\"inLanguage\":\"pt-BR\"},{\"@type\":[\"Person\",\"Organization\"],\"@id\":\"https:\\\/\\\/blogdoprosperi.com\\\/#\\\/schema\\\/person\\\/38100755ce3601861ee4fab9b5aa78e9\",\"name\":\"Luiz Ant\u00f4nio Pr\u00f3speri\",\"pronouns\":\"ele\",\"image\":{\"@type\":\"ImageObject\",\"inLanguage\":\"pt-BR\",\"@id\":\"https:\\\/\\\/i0.wp.com\\\/blogdoprosperi.com\\\/wp-content\\\/uploads\\\/2026\\\/05\\\/cropped-8059e613-6002-42fa-961e-8e275f575d71-2-5.jpg?fit=1360%2C931&ssl=1\",\"url\":\"https:\\\/\\\/i0.wp.com\\\/blogdoprosperi.com\\\/wp-content\\\/uploads\\\/2026\\\/05\\\/cropped-8059e613-6002-42fa-961e-8e275f575d71-2-5.jpg?fit=1360%2C931&ssl=1\",\"contentUrl\":\"https:\\\/\\\/i0.wp.com\\\/blogdoprosperi.com\\\/wp-content\\\/uploads\\\/2026\\\/05\\\/cropped-8059e613-6002-42fa-961e-8e275f575d71-2-5.jpg?fit=1360%2C931&ssl=1\",\"width\":1360,\"height\":931,\"caption\":\"Luiz Ant\u00f4nio Pr\u00f3speri\"},\"logo\":{\"@id\":\"https:\\\/\\\/i0.wp.com\\\/blogdoprosperi.com\\\/wp-content\\\/uploads\\\/2026\\\/05\\\/cropped-8059e613-6002-42fa-961e-8e275f575d71-2-5.jpg?fit=1360%2C931&ssl=1\"},\"description\":\"Jornalista com carreira dedicada ao esporte. Cobriu 9 Copas do Mundo in loco, 1990 na It\u00e1lia, 1994 nos EUA, 1998 na Fran\u00e7a, 2002 na Coreia do Sul e Jap\u00e3o, 2006 na Alemanha, 2010 na \u00c1frica do Sul, 2014 no Brasil, 2018 na R\u00fassia e 2022 no Qatar. Eurocopas, 1992 na Su\u00e9cia e 1996 na Inglaterra. Copa das Confedera\u00e7\u00f5es de 2005 na Alemanha e 2009 na \u00c1frica do Sul. Rep\u00f3rter e Editor, trabalhou no Jornal da Tarde e Estad\u00e3o, de 1984 a fevereiro de 2016. Colunista, blogueiro. E comentarista de futebol na R\u00e1dio Estad\u00e3o, de 2013 a fevereiro de 2016. Jornalista respons\u00e1vel do \\\"Pr\u00f3speri News\\\" (blogdoprosperi.com).\",\"sameAs\":[\"http:\\\/\\\/blogdoprosperi.com\",\"Luiz Pr\u00f3speri\",\"@luiz_prosperi\",\"https:\\\/\\\/x.com\\\/Luizprosperi\",\"@prosperinacopa\",\"luiz.prosperi@icloud.com\"],\"url\":\"https:\\\/\\\/blogdoprosperi.com\\\/?author=102107496\"}]}<\/script>\n<!-- \/ Yoast SEO plugin. -->","yoast_head_json":{"title":"Palmeiras se fortalece em busca da ta\u00e7a do Brasileir\u00e3o - PR\u00d3SPERI NEWS","robots":{"index":"index","follow":"follow","max-snippet":"max-snippet:-1","max-image-preview":"max-image-preview:large","max-video-preview":"max-video-preview:-1"},"canonical":"https:\/\/blogdoprosperi.com\/?p=16524","og_locale":"pt_BR","og_type":"article","og_title":"Palmeiras se fortalece em busca da ta\u00e7a do Brasileir\u00e3o - PR\u00d3SPERI NEWS","og_description":"Palmeiras n\u00e3o respeita a estreia de Paulo Roberto Falc\u00e3o, derrota o Inter e pulveriza um jejum de 19 [&hellip;]","og_url":"https:\/\/blogdoprosperi.com\/?p=16524","og_site_name":"PR\u00d3SPERI NEWS","article_publisher":"Luiz Pr\u00f3speri","article_author":"Luiz Pr\u00f3speri","article_published_time":"2016-07-17T21:57:17+00:00","article_modified_time":"2016-07-31T18:10:23+00:00","og_image":[{"url":"https:\/\/blogdoprosperi.com\/wp-content\/uploads\/2016\/07\/erik_jeferson-guarezeagifgazetapress-1024x728.jpg","type":"","width":"","height":""}],"author":"Luiz Ant\u00f4nio Pr\u00f3speri","twitter_card":"summary_large_image","twitter_creator":"@Luizprosperi","twitter_site":"@Luizprosperi","twitter_misc":{"Escrito por":"Luiz Ant\u00f4nio Pr\u00f3speri","Est. tempo de leitura":"3 minutos"},"schema":{"@context":"https:\/\/schema.org","@graph":[{"@type":"Article","@id":"https:\/\/blogdoprosperi.com\/?p=16524#article","isPartOf":{"@id":"https:\/\/blogdoprosperi.com\/?p=16524"},"author":{"name":"Luiz Ant\u00f4nio Pr\u00f3speri","@id":"https:\/\/blogdoprosperi.com\/#\/schema\/person\/38100755ce3601861ee4fab9b5aa78e9"},"headline":"Palmeiras se fortalece em busca da ta\u00e7a do Brasileir\u00e3o","datePublished":"2016-07-17T21:57:17+00:00","dateModified":"2016-07-31T18:10:23+00:00","mainEntityOfPage":{"@id":"https:\/\/blogdoprosperi.com\/?p=16524"},"wordCount":675,"commentCount":2,"publisher":{"@id":"https:\/\/blogdoprosperi.com\/#\/schema\/person\/38100755ce3601861ee4fab9b5aa78e9"},"image":{"@id":"https:\/\/blogdoprosperi.com\/?p=16524#primaryimage"},"thumbnailUrl":"https:\/\/blogdoprosperi.com\/wp-content\/uploads\/2016\/07\/erik_jeferson-guarezeagifgazetapress-1024x728.jpg","keywords":["Brasileir\u00e3o-2016","Campeonato Brasileiro","Erik","futebol","Internacional x Palmeiras","Palmeiras Clube"],"articleSection":["Campeonato Brasileiro","futebol"],"inLanguage":"pt-BR","potentialAction":[{"@type":"CommentAction","name":"Comment","target":["https:\/\/blogdoprosperi.com\/?p=16524#respond"]}]},{"@type":"WebPage","@id":"https:\/\/blogdoprosperi.com\/?p=16524","url":"https:\/\/blogdoprosperi.com\/?p=16524","name":"Palmeiras se fortalece em busca da ta\u00e7a do Brasileir\u00e3o - PR\u00d3SPERI NEWS","isPartOf":{"@id":"https:\/\/blogdoprosperi.com\/#website"},"primaryImageOfPage":{"@id":"https:\/\/blogdoprosperi.com\/?p=16524#primaryimage"},"image":{"@id":"https:\/\/blogdoprosperi.com\/?p=16524#primaryimage"},"thumbnailUrl":"https:\/\/blogdoprosperi.com\/wp-content\/uploads\/2016\/07\/erik_jeferson-guarezeagifgazetapress-1024x728.jpg","datePublished":"2016-07-17T21:57:17+00:00","dateModified":"2016-07-31T18:10:23+00:00","breadcrumb":{"@id":"https:\/\/blogdoprosperi.com\/?p=16524#breadcrumb"},"inLanguage":"pt-BR","potentialAction":[{"@type":"ReadAction","target":["https:\/\/blogdoprosperi.com\/?p=16524"]}]},{"@type":"ImageObject","inLanguage":"pt-BR","@id":"https:\/\/blogdoprosperi.com\/?p=16524#primaryimage","url":"https:\/\/blogdoprosperi.com\/wp-content\/uploads\/2016\/07\/erik_jeferson-guarezeagifgazetapress-1024x728.jpg","contentUrl":"https:\/\/blogdoprosperi.com\/wp-content\/uploads\/2016\/07\/erik_jeferson-guarezeagifgazetapress-1024x728.jpg"},{"@type":"BreadcrumbList","@id":"https:\/\/blogdoprosperi.com\/?p=16524#breadcrumb","itemListElement":[{"@type":"ListItem","position":1,"name":"In\u00edcio","item":"https:\/\/blogdoprosperi.com\/"},{"@type":"ListItem","position":2,"name":"Palmeiras se fortalece em busca da ta\u00e7a do Brasileir\u00e3o"}]},{"@type":"WebSite","@id":"https:\/\/blogdoprosperi.com\/#website","url":"https:\/\/blogdoprosperi.com\/","name":"PR\u00d3SPERI NEWS","description":"TUDO \u00c9  FUTEBOL","publisher":{"@id":"https:\/\/blogdoprosperi.com\/#\/schema\/person\/38100755ce3601861ee4fab9b5aa78e9"},"alternateName":"blogdoprosperi.com","potentialAction":[{"@type":"SearchAction","target":{"@type":"EntryPoint","urlTemplate":"https:\/\/blogdoprosperi.com\/?s={search_term_string}"},"query-input":{"@type":"PropertyValueSpecification","valueRequired":true,"valueName":"search_term_string"}}],"inLanguage":"pt-BR"},{"@type":["Person","Organization"],"@id":"https:\/\/blogdoprosperi.com\/#\/schema\/person\/38100755ce3601861ee4fab9b5aa78e9","name":"Luiz Ant\u00f4nio Pr\u00f3speri","pronouns":"ele","image":{"@type":"ImageObject","inLanguage":"pt-BR","@id":"https:\/\/i0.wp.com\/blogdoprosperi.com\/wp-content\/uploads\/2026\/05\/cropped-8059e613-6002-42fa-961e-8e275f575d71-2-5.jpg?fit=1360%2C931&ssl=1","url":"https:\/\/i0.wp.com\/blogdoprosperi.com\/wp-content\/uploads\/2026\/05\/cropped-8059e613-6002-42fa-961e-8e275f575d71-2-5.jpg?fit=1360%2C931&ssl=1","contentUrl":"https:\/\/i0.wp.com\/blogdoprosperi.com\/wp-content\/uploads\/2026\/05\/cropped-8059e613-6002-42fa-961e-8e275f575d71-2-5.jpg?fit=1360%2C931&ssl=1","width":1360,"height":931,"caption":"Luiz Ant\u00f4nio Pr\u00f3speri"},"logo":{"@id":"https:\/\/i0.wp.com\/blogdoprosperi.com\/wp-content\/uploads\/2026\/05\/cropped-8059e613-6002-42fa-961e-8e275f575d71-2-5.jpg?fit=1360%2C931&ssl=1"},"description":"Jornalista com carreira dedicada ao esporte. Cobriu 9 Copas do Mundo in loco, 1990 na It\u00e1lia, 1994 nos EUA, 1998 na Fran\u00e7a, 2002 na Coreia do Sul e Jap\u00e3o, 2006 na Alemanha, 2010 na \u00c1frica do Sul, 2014 no Brasil, 2018 na R\u00fassia e 2022 no Qatar. Eurocopas, 1992 na Su\u00e9cia e 1996 na Inglaterra. Copa das Confedera\u00e7\u00f5es de 2005 na Alemanha e 2009 na \u00c1frica do Sul. Rep\u00f3rter e Editor, trabalhou no Jornal da Tarde e Estad\u00e3o, de 1984 a fevereiro de 2016. Colunista, blogueiro. E comentarista de futebol na R\u00e1dio Estad\u00e3o, de 2013 a fevereiro de 2016. Jornalista respons\u00e1vel do \"Pr\u00f3speri News\" (blogdoprosperi.com).","sameAs":["http:\/\/blogdoprosperi.com","Luiz Pr\u00f3speri","@luiz_prosperi","https:\/\/x.com\/Luizprosperi","@prosperinacopa","luiz.prosperi@icloud.com"],"url":"https:\/\/blogdoprosperi.com\/?author=102107496"}]}},"jetpack_publicize_connections":[],"jetpack_likes_enabled":false,"jetpack_sharing_enabled":true,"jetpack_shortlink":"https:\/\/wp.me\/p7jvdk-4iw","jetpack-related-posts":[{"id":24502,"url":"https:\/\/blogdoprosperi.com\/?p=24502","url_meta":{"origin":16524,"position":0},"title":"Brasileir\u00e3o-2016: veja 7 an\u00e1lises dos jogos da 24\u00aa rodada","author":"Luiz Ant\u00f4nio Pr\u00f3speri","date":"12 de setembro de 2016","format":false,"excerpt":"12 de setembro de 2016 - 12h50 -\u00a0Veja an\u00e1lises e proje\u00e7\u00f5es de temas da 24.\u00aa rodada do Campeonato Brasileiro que deixa o Palmeiras a um ponto de frente do Flamengo. E ainda um relat\u00f3rio da CBF sobre bola rolando at\u00e9 a 22.\u00aa rodada. 1. Palmeiras entra na semana de decis\u00f5es\u2026","rel":"","context":"Em &quot;Campeonato Brasileiro&quot;","block_context":{"text":"Campeonato Brasileiro","link":"https:\/\/blogdoprosperi.com\/?cat=355071"},"img":{"alt_text":"","src":"https:\/\/i0.wp.com\/blogdoprosperi.com\/wp-content\/uploads\/2016\/09\/rib_7534.jpg?resize=350%2C200","width":350,"height":200},"classes":[]},{"id":6838,"url":"https:\/\/blogdoprosperi.com\/?p=6838","url_meta":{"origin":16524,"position":1},"title":"Palmeiras decepciona e Cuca admite recorrer a Dudu","author":"Luiz Ant\u00f4nio Pr\u00f3speri","date":"21 de maio de 2016","format":false,"excerpt":"\u00a0 A derrota diante da Ponte Preta por 2 a 1 neste s\u00e1bado leva Cuca a refletir sobre o tamanho deste Palmeiras\u00a0no\u00a0Campeonato Brasileiro.\u00a0De imediato, o treinador percebeu que o ataque precisa de mais velocidade. Nem Barrios, de boa atua\u00e7\u00e3o na primeira rodada, muito menos Alecsandro, apagado no jogo em Campinas,\u2026","rel":"","context":"Em &quot;Campeonato Brasileiro&quot;","block_context":{"text":"Campeonato Brasileiro","link":"https:\/\/blogdoprosperi.com\/?cat=355071"},"img":{"alt_text":"","src":"https:\/\/i0.wp.com\/blogdoprosperi.com\/wp-content\/uploads\/2016\/05\/622_59cbc892-299c-33ce-95de-18e7a40c8bf7.jpg?resize=350%2C200&ssl=1","width":350,"height":200,"srcset":"https:\/\/i0.wp.com\/blogdoprosperi.com\/wp-content\/uploads\/2016\/05\/622_59cbc892-299c-33ce-95de-18e7a40c8bf7.jpg?resize=350%2C200&ssl=1 1x, https:\/\/i0.wp.com\/blogdoprosperi.com\/wp-content\/uploads\/2016\/05\/622_59cbc892-299c-33ce-95de-18e7a40c8bf7.jpg?resize=525%2C300&ssl=1 1.5x"},"classes":[]},{"id":30292,"url":"https:\/\/blogdoprosperi.com\/?p=30292","url_meta":{"origin":16524,"position":2},"title":"Cuca n\u00e3o tem tempo para recuperar Gabriel Jesus","author":"Luiz Ant\u00f4nio Pr\u00f3speri","date":"30 de outubro de 2016","format":false,"excerpt":"Cuca assumiu o compromisso p\u00fablico de recuperar o futebol de Gabriel Jesus, ap\u00f3s derrota (1 a 0) diante do Santos s\u00e1bado na Vila. Disse que esta \u00e9 uma de suas miss\u00f5es na reta final do Campeonato Brasileiro - restam cinco rodadas. N\u00e3o parece uma tarefa f\u00e1cil. Treinador do Palmeiras n\u00e3o\u2026","rel":"","context":"Em &quot;Campeonato Brasileiro&quot;","block_context":{"text":"Campeonato Brasileiro","link":"https:\/\/blogdoprosperi.com\/?cat=355071"},"img":{"alt_text":"pro3-22","src":"https:\/\/i0.wp.com\/blogdoprosperi.com\/wp-content\/uploads\/2016\/10\/pro3-22.jpg?resize=350%2C200&ssl=1","width":350,"height":200,"srcset":"https:\/\/i0.wp.com\/blogdoprosperi.com\/wp-content\/uploads\/2016\/10\/pro3-22.jpg?resize=350%2C200&ssl=1 1x, https:\/\/i0.wp.com\/blogdoprosperi.com\/wp-content\/uploads\/2016\/10\/pro3-22.jpg?resize=525%2C300&ssl=1 1.5x, https:\/\/i0.wp.com\/blogdoprosperi.com\/wp-content\/uploads\/2016\/10\/pro3-22.jpg?resize=700%2C400&ssl=1 2x, https:\/\/i0.wp.com\/blogdoprosperi.com\/wp-content\/uploads\/2016\/10\/pro3-22.jpg?resize=1050%2C600&ssl=1 3x, https:\/\/i0.wp.com\/blogdoprosperi.com\/wp-content\/uploads\/2016\/10\/pro3-22.jpg?resize=1400%2C800&ssl=1 4x"},"classes":[]},{"id":14263,"url":"https:\/\/blogdoprosperi.com\/?p=14263","url_meta":{"origin":16524,"position":3},"title":"Gabriel Jesus coloca Brasileir\u00e3o e Palmeiras aos seus p\u00e9s","author":"Luiz Ant\u00f4nio Pr\u00f3speri","date":"1 de julho de 2016","format":false,"excerpt":"Garoto faz dois gols na vit\u00f3ria contra Figueirense, assume artilharia do campeonato com nove e sustenta lideran\u00e7a do time em doze rodadas Gabriel Jesus colocou o Campeonato Brasileiro debaixo do bra\u00e7o e a cada jogo pede passagem. Em 12 rodadas, assumiu a artilharia com nove gols - a maioria deles\u2026","rel":"","context":"Em &quot;Campeonato Brasileiro&quot;","block_context":{"text":"Campeonato Brasileiro","link":"https:\/\/blogdoprosperi.com\/?cat=355071"},"img":{"alt_text":"","src":"https:\/\/i0.wp.com\/blogdoprosperi.com\/wp-content\/uploads\/2016\/07\/622_8a047a65-6545-3e54-8a9b-69bea0b75ca0.jpg?resize=350%2C200&ssl=1","width":350,"height":200,"srcset":"https:\/\/i0.wp.com\/blogdoprosperi.com\/wp-content\/uploads\/2016\/07\/622_8a047a65-6545-3e54-8a9b-69bea0b75ca0.jpg?resize=350%2C200&ssl=1 1x, https:\/\/i0.wp.com\/blogdoprosperi.com\/wp-content\/uploads\/2016\/07\/622_8a047a65-6545-3e54-8a9b-69bea0b75ca0.jpg?resize=525%2C300&ssl=1 1.5x"},"classes":[]},{"id":46592,"url":"https:\/\/blogdoprosperi.com\/?p=46592","url_meta":{"origin":16524,"position":4},"title":"Botafogo Vence Palmeiras e Escancara Diferen\u00e7a de Jogadores Decisivos","author":"Luiz Ant\u00f4nio Pr\u00f3speri","date":"27 de novembro de 2024","format":false,"excerpt":"Luiz Ant\u00f4nio Pr\u00f3speri \u2013 27 novembro (12h50) \u2013 Botafogo vence (3 a 1) Palmeiras, abre tr\u00eas pontos do rival na corrida do t\u00edtulo e fica perto de levantar a ta\u00e7a do Brasileir\u00e3o 2024. Desde 1995, o time da famosa Estrela Solit\u00e1ria n\u00e3o \u00e9 campe\u00e3o brasileiro. O que falta fazer? Um\u2026","rel":"","context":"Em &quot;opini\u00e3o&quot;","block_context":{"text":"opini\u00e3o","link":"https:\/\/blogdoprosperi.com\/?cat=3919"},"img":{"alt_text":"Botafogo vence Palmeiras e escancara diferen\u00e7as","src":"https:\/\/i0.wp.com\/blogdoprosperi.com\/wp-content\/uploads\/2024\/11\/54167605640_df18f004f3_h.jpg?fit=1200%2C675&ssl=1&resize=350%2C200","width":350,"height":200,"srcset":"https:\/\/i0.wp.com\/blogdoprosperi.com\/wp-content\/uploads\/2024\/11\/54167605640_df18f004f3_h.jpg?fit=1200%2C675&ssl=1&resize=350%2C200 1x, https:\/\/i0.wp.com\/blogdoprosperi.com\/wp-content\/uploads\/2024\/11\/54167605640_df18f004f3_h.jpg?fit=1200%2C675&ssl=1&resize=525%2C300 1.5x, https:\/\/i0.wp.com\/blogdoprosperi.com\/wp-content\/uploads\/2024\/11\/54167605640_df18f004f3_h.jpg?fit=1200%2C675&ssl=1&resize=700%2C400 2x, https:\/\/i0.wp.com\/blogdoprosperi.com\/wp-content\/uploads\/2024\/11\/54167605640_df18f004f3_h.jpg?fit=1200%2C675&ssl=1&resize=1050%2C600 3x"},"classes":[]},{"id":25120,"url":"https:\/\/blogdoprosperi.com\/?p=25120","url_meta":{"origin":16524,"position":5},"title":"Palmeiras segura Gr\u00eamio e pode perder Gabriel Jesus na &#8216;decis\u00e3o&#8217; contra Flamengo","author":"Luiz Ant\u00f4nio Pr\u00f3speri","date":"11 de setembro de 2016","format":false,"excerpt":"Palmeiras volta do Sul com um empate sem gols de extrema import\u00e2ncia na briga pelo t\u00edtulo do Brasileir\u00e3o. Jogou para o gasto e teve um pouco de sorte ao n\u00e3o ser derrotado pelo Gr\u00eamio. Cuca arriscou na escala\u00e7\u00e3o ao improvisar Gabriel na fun\u00e7\u00e3o de lateral e tomou decis\u00f5es equivocadas nas\u2026","rel":"","context":"Em &quot;Campeonato Brasileiro&quot;","block_context":{"text":"Campeonato Brasileiro","link":"https:\/\/blogdoprosperi.com\/?cat=355071"},"img":{"alt_text":"","src":"https:\/\/i0.wp.com\/blogdoprosperi.com\/wp-content\/uploads\/2016\/09\/douglas-edu-dracena-gremio-palmeiras-brasileirao-11092016_1hmh1mapxqf2x11qqvj6x5krt3.jpg?resize=350%2C200&ssl=1","width":350,"height":200},"classes":[]}],"jetpack_featured_media_url":"","_links":{"self":[{"href":"https:\/\/blogdoprosperi.com\/index.php?rest_route=\/wp\/v2\/posts\/16524","targetHints":{"allow":["GET"]}}],"collection":[{"href":"https:\/\/blogdoprosperi.com\/index.php?rest_route=\/wp\/v2\/posts"}],"about":[{"href":"https:\/\/blogdoprosperi.com\/index.php?rest_route=\/wp\/v2\/types\/post"}],"author":[{"embeddable":true,"href":"https:\/\/blogdoprosperi.com\/index.php?rest_route=\/wp\/v2\/users\/102107496"}],"replies":[{"embeddable":true,"href":"https:\/\/blogdoprosperi.com\/index.php?rest_route=%2Fwp%2Fv2%2Fcomments&post=16524"}],"version-history":[{"count":25,"href":"https:\/\/blogdoprosperi.com\/index.php?rest_route=\/wp\/v2\/posts\/16524\/revisions"}],"predecessor-version":[{"id":18164,"href":"https:\/\/blogdoprosperi.com\/index.php?rest_route=\/wp\/v2\/posts\/16524\/revisions\/18164"}],"wp:attachment":[{"href":"https:\/\/blogdoprosperi.com\/index.php?rest_route=%2Fwp%2Fv2%2Fmedia&parent=16524"}],"wp:term":[{"taxonomy":"category","embeddable":true,"href":"https:\/\/blogdoprosperi.com\/index.php?rest_route=%2Fwp%2Fv2%2Fcategories&post=16524"},{"taxonomy":"post_tag","embeddable":true,"href":"https:\/\/blogdoprosperi.com\/index.php?rest_route=%2Fwp%2Fv2%2Ftags&post=16524"}],"curies":[{"name":"wp","href":"https:\/\/api.w.org\/{rel}","templated":true}]}}