{"id":167,"date":"2016-04-01T20:49:20","date_gmt":"2016-04-01T20:49:20","guid":{"rendered":"https:\/\/blogdoprosperi.com\/?p=167"},"modified":"2016-04-01T20:52:53","modified_gmt":"2016-04-01T20:52:53","slug":"corinthians-joga-pesado-com-medo-de-perder-tite","status":"publish","type":"post","link":"https:\/\/blogdoprosperi.com\/?p=167","title":{"rendered":"Corinthians joga pesado com medo de perder Tite"},"content":{"rendered":"<p>&nbsp;<\/p>\n<p><span class=\"alignnone\"><img data-recalc-dims=\"1\" loading=\"lazy\" decoding=\"async\" data-attachment-id=\"201\" data-permalink=\"https:\/\/blogdoprosperi.com\/?attachment_id=201\" data-orig-file=\"https:\/\/i0.wp.com\/blogdoprosperi.com\/wp-content\/uploads\/2016\/04\/59c9d470-e4f4-11e4-86ce-318bab141496_inn201504160161.jpg?fit=669%2C377&amp;ssl=1\" data-orig-size=\"669,377\" data-comments-opened=\"1\" data-image-meta=\"{&quot;aperture&quot;:&quot;2.8&quot;,&quot;credit&quot;:&quot;ESTAD\\u00c3O CONTE\\u00daDO&quot;,&quot;camera&quot;:&quot;Canon EOS-1D X&quot;,&quot;caption&quot;:&quot;SP - LIBERTADORES\/CORINTHIANS X SAN LORENZO - ESPORTES - O t\\u00e9cnico Tite, do Corinthians, em partida contra o San Lorenzo, v\\u00e1lida pela 5\\u00aa rodada do   Grupo 2 da Libertadores, realizada na Arena Corinthians (Itaquer\\u00e3o), em Itaquera, zona   leste da capital paulista, nesta quinta-feira.   16\/04\/2015 - Foto: WAGNER CARMO\/INOVAFOTO\/ESTAD\\u00c3O CONTE\\u00daDO&quot;,&quot;created_timestamp&quot;:&quot;1429224490&quot;,&quot;copyright&quot;:&quot;Copyright \\u00a9 Ag\\u00eancia Estado. Todos os direitos reservados&quot;,&quot;focal_length&quot;:&quot;400&quot;,&quot;iso&quot;:&quot;2000&quot;,&quot;shutter_speed&quot;:&quot;0.000625&quot;,&quot;title&quot;:&quot;CORINTHIANS X SAN LORENZO&quot;,&quot;orientation&quot;:&quot;1&quot;}\" data-image-title=\"CORINTHIANS X SAN LORENZO\" data-image-description=\"\" data-image-caption=\"&lt;p&gt;SP &amp;#8211; LIBERTADORES\/CORINTHIANS X SAN LORENZO &amp;#8211; ESPORTES &amp;#8211; O t\u00e9cnico Tite, do Corinthians, em partida contra o San Lorenzo, v\u00e1lida pela 5\u00aa rodada do   Grupo 2 da Libertadores, realizada na Arena Corinthians (Itaquer\u00e3o), em Itaquera, zona   leste da capital paulista, nesta quinta-feira.   16\/04\/2015 &amp;#8211; Foto: WAGNER CARMO\/INOVAFOTO\/ESTAD\u00c3O CONTE\u00daDO&lt;\/p&gt;\n\" data-large-file=\"https:\/\/i0.wp.com\/blogdoprosperi.com\/wp-content\/uploads\/2016\/04\/59c9d470-e4f4-11e4-86ce-318bab141496_inn201504160161.jpg?fit=669%2C377&amp;ssl=1\" class=\"alignnone size-full wp-image-201\" src=\"https:\/\/i0.wp.com\/blogdoprosperi.com\/wp-content\/uploads\/2016\/04\/59c9d470-e4f4-11e4-86ce-318bab141496_inn201504160161.jpg?resize=669%2C377&#038;ssl=1\" alt=\"59c9d470-e4f4-11e4-86ce-318bab141496_INN20150416016.jpg\" width=\"669\" height=\"377\" \/><\/span><\/p>\n<p>&#8220;O Corinthians tem presidente, a CBF, n\u00e3o. O Corinthians tem t\u00e9cnico, a CBF, n\u00e3o.&#8221; Com essas declara\u00e7\u00f5es, Roberto Andrade, presidente do Corinthians, deu um n\u00e3o \u00e0 eventual troca de Dunga por Tite no comando da Sele\u00e7\u00e3o Brasileira. A estrat\u00e9gia de Andrade \u00e9 minar a CBF e tirar a credibilidade da entidade nessa fase obscura do futebol brasileiro.<\/p>\n<p>A irrita\u00e7\u00e3o de Roberto Andrade, manifestada em entrevista \u00e0 FOX SPORTS, escancara tamb\u00e9m o medo que o comando do clube e, por tabela, toda a torcida t\u00eam diante da eventual sa\u00edda de Tite. Se o treinador aceitar ao convite, que ainda n\u00e3o partiu da CBF, as consequ\u00eancias ser\u00e3o graves ao Corinthians.<\/p>\n<p>O clube n\u00e3o tem um nome de envergadura para substituir Tite. Ali\u00e1s, desde 2007 apenas Tite e Mano Menezes se revezam no comando do time &#8211; Adilson Batista teve uma passagem rel\u00e2mpago, de agosto a outubro de 2010. E sem uma alternativa no mercado, a tend\u00eancia \u00e9 o Corinthians perder o foco.<\/p>\n<p>A reconstru\u00e7\u00e3o seria um fardo, seja quem for o sucessor de Tite. Bem diferente das outras vezes que o clube salvou a Sele\u00e7\u00e3o Brasileira.<\/p>\n<p>Em 1998, o Corinthians cedeu Vanderlei Luxemburgo \u00e0 CBF, que continuou dirigindo o time e a Sele\u00e7\u00e3o at\u00e9 dezembro daquele ano quando foi campe\u00e3o brasileiro. Luxemburgo nomeou Oswaldo de Oliveira, ent\u00e3o seu auxiliar, como seu sucessor no clube. Osvaldinho foi campe\u00e3o brasileiro e Mundial, em 1999 e 2000.<\/p>\n<p>Em 2002, Carlos Alberto Parreira, campe\u00e3o da Copa do Brasil, deixou o Corinthians para reassumir a Sele\u00e7\u00e3o logo ap\u00f3s a sa\u00edda de Felip\u00e3o, ent\u00e3o campe\u00e3o do mundo na Copa de 2002. Geninho assumiu o posto de Parreira e o time entrou em parafuso com sucessivas trocas de treinadores at\u00e9 2005.<\/p>\n<p>Em 2010, ap\u00f3s recusa de Muricy Ramalho ao convite de Ricardo Teixeira para assumir a Sele\u00e7\u00e3o, a CBF recorreu ao Corinthians, na \u00e9poca sob a dire\u00e7\u00e3o de Andr\u00e9s Sanchez, que acabou cedendo Mano Menezes. Com a sa\u00edda de Mano, o clube apostou em Adilson Batista e em seguida jogou suas fichas em Tite.<\/p>\n<p>A hist\u00f3ria pode se repetir agora com a anunciada queda de Dunga. A favor do Corinthians pesa a inseguran\u00e7a do comando da CBF. O presidente licenciado Marco Polo Del Nero, mesmo nas sombras, continua dando as cartas. Ele \u00e9 o respons\u00e1vel direto pela volta de Dunga \u00e0 Sele\u00e7\u00e3o e Gilmar Rinaldi como diretor de sele\u00e7\u00f5es da CBF.<\/p>\n<p>Na pr\u00f3xima ter\u00e7a-feira, Del Nero e seus asseclas sem nome na CBF v\u00e3o avaliar o trabalho de Dunga e dar in\u00edcio ou n\u00e3o \u00e0s mudan\u00e7as na Sele\u00e7\u00e3o.<\/p>\n<p>Del Nero nem precisaria perder tempo. Basta olhar o desempenho de Dunga e Gilmar na Sele\u00e7\u00e3o. No ano passado, o Brasil ficou na sexta coloca\u00e7\u00e3o na Copa Am\u00e9rica disputada no Chile. E, um ano depois, o Brasil ocupa o sexto lugar nas Eliminat\u00f3rias da Copa de 2018.<\/p>\n<p>Em um ano, de 2015 a 2016, a Sele\u00e7\u00e3o n\u00e3o deu um passo \u00e0 frente. Por isso, Dunga est\u00e1 com os dias contados. E, por isso, o Corinthians est\u00e1 em sinal de alerta.<\/p>\n<p>&#8220;O Corinthians tem muito mais a dar ao Tite do que a CBF pode dar a ele&#8221;, avisa Roberto Andrade. O presidente sabe que Tite, parece, tamb\u00e9m tem medo de assumir a Sele\u00e7\u00e3o neste momento.<\/p>\n<p>&nbsp;<\/p>\n","protected":false},"excerpt":{"rendered":"<p>&nbsp; &#8220;O Corinthians tem presidente, a CBF, n\u00e3o. O Corinthians tem t\u00e9cnico, a CBF, n\u00e3o.&#8221; Com essas declara\u00e7\u00f5es, [&hellip;]<\/p>\n","protected":false},"author":102107496,"featured_media":0,"comment_status":"open","ping_status":"open","sticky":false,"template":"","format":"standard","meta":{"_coblocks_attr":"","_coblocks_dimensions":"","_coblocks_responsive_height":"","_coblocks_accordion_ie_support":"","_jetpack_newsletter_access":"","_jetpack_dont_email_post_to_subs":false,"_jetpack_newsletter_tier_id":0,"_jetpack_memberships_contains_paywalled_content":false,"_wpcom_ai_launchpad_first_post":false,"_jetpack_feature_clip_id":0,"_jetpack_memberships_contains_paid_content":false,"footnotes":"","jetpack_publicize_message":"","jetpack_publicize_feature_enabled":true,"jetpack_social_post_already_shared":false,"jetpack_social_options":{"image_generator_settings":{"template":"highway","default_image_id":0,"font":"","enabled":false},"version":2},"jetpack_post_was_ever_published":false},"categories":[53870],"tags":[789560569,177066,865952,789560560,789560562,1814220],"class_list":["post-167","post","type-post","status-publish","format-standard","hentry","category-futebol","tag-cbf","tag-corinthians","tag-dunga","tag-futebol","tag-selecao-brasileira","tag-tite"],"yoast_head":"<!-- This site is optimized with the Yoast SEO plugin v28.3 - https:\/\/yoast.com\/product\/yoast-seo-wordpress\/ -->\n<title>Corinthians joga pesado com medo de perder Tite - PR\u00d3SPERI NEWS<\/title>\n<meta name=\"robots\" content=\"index, follow, max-snippet:-1, max-image-preview:large, max-video-preview:-1\" \/>\n<link rel=\"canonical\" href=\"https:\/\/blogdoprosperi.com\/?p=167\" \/>\n<meta property=\"og:locale\" content=\"pt_BR\" \/>\n<meta property=\"og:type\" content=\"article\" \/>\n<meta property=\"og:title\" content=\"Corinthians joga pesado com medo de perder Tite - PR\u00d3SPERI NEWS\" \/>\n<meta property=\"og:description\" content=\"&nbsp; &#8220;O Corinthians tem presidente, a CBF, n\u00e3o. O Corinthians tem t\u00e9cnico, a CBF, n\u00e3o.&#8221; Com essas declara\u00e7\u00f5es, [&hellip;]\" \/>\n<meta property=\"og:url\" content=\"https:\/\/blogdoprosperi.com\/?p=167\" \/>\n<meta property=\"og:site_name\" content=\"PR\u00d3SPERI NEWS\" \/>\n<meta property=\"article:publisher\" content=\"Luiz Pr\u00f3speri\" \/>\n<meta property=\"article:author\" content=\"Luiz Pr\u00f3speri\" \/>\n<meta property=\"article:published_time\" content=\"2016-04-01T20:49:20+00:00\" \/>\n<meta property=\"article:modified_time\" content=\"2016-04-01T20:52:53+00:00\" \/>\n<meta property=\"og:image\" content=\"https:\/\/blogdoprosperi.com\/wp-content\/uploads\/2016\/04\/59c9d470-e4f4-11e4-86ce-318bab141496_inn201504160161.jpg\" \/>\n<meta name=\"author\" content=\"Luiz Ant\u00f4nio Pr\u00f3speri\" \/>\n<meta name=\"twitter:card\" content=\"summary_large_image\" \/>\n<meta name=\"twitter:creator\" content=\"@Luizprosperi\" \/>\n<meta name=\"twitter:site\" content=\"@Luizprosperi\" \/>\n<meta name=\"twitter:label1\" content=\"Escrito por\" \/>\n\t<meta name=\"twitter:data1\" content=\"Luiz Ant\u00f4nio Pr\u00f3speri\" \/>\n\t<meta name=\"twitter:label2\" content=\"Est. tempo de leitura\" \/>\n\t<meta name=\"twitter:data2\" content=\"3 minutos\" \/>\n<script type=\"application\/ld+json\" class=\"yoast-schema-graph\">{\"@context\":\"https:\\\/\\\/schema.org\",\"@graph\":[{\"@type\":\"Article\",\"@id\":\"https:\\\/\\\/blogdoprosperi.com\\\/?p=167#article\",\"isPartOf\":{\"@id\":\"https:\\\/\\\/blogdoprosperi.com\\\/?p=167\"},\"author\":{\"name\":\"Luiz Ant\u00f4nio Pr\u00f3speri\",\"@id\":\"https:\\\/\\\/blogdoprosperi.com\\\/#\\\/schema\\\/person\\\/38100755ce3601861ee4fab9b5aa78e9\"},\"headline\":\"Corinthians joga pesado com medo de perder Tite\",\"datePublished\":\"2016-04-01T20:49:20+00:00\",\"dateModified\":\"2016-04-01T20:52:53+00:00\",\"mainEntityOfPage\":{\"@id\":\"https:\\\/\\\/blogdoprosperi.com\\\/?p=167\"},\"wordCount\":580,\"commentCount\":0,\"publisher\":{\"@id\":\"https:\\\/\\\/blogdoprosperi.com\\\/#\\\/schema\\\/person\\\/38100755ce3601861ee4fab9b5aa78e9\"},\"image\":{\"@id\":\"https:\\\/\\\/blogdoprosperi.com\\\/?p=167#primaryimage\"},\"thumbnailUrl\":\"https:\\\/\\\/blogdoprosperi.com\\\/wp-content\\\/uploads\\\/2016\\\/04\\\/59c9d470-e4f4-11e4-86ce-318bab141496_inn201504160161.jpg\",\"keywords\":[\"CBF\",\"Corinthians\",\"Dunga\",\"futebol\",\"Sele\u00e7\u00e3o Brasileira\",\"Tite\"],\"articleSection\":[\"futebol\"],\"inLanguage\":\"pt-BR\",\"potentialAction\":[{\"@type\":\"CommentAction\",\"name\":\"Comment\",\"target\":[\"https:\\\/\\\/blogdoprosperi.com\\\/?p=167#respond\"]}]},{\"@type\":\"WebPage\",\"@id\":\"https:\\\/\\\/blogdoprosperi.com\\\/?p=167\",\"url\":\"https:\\\/\\\/blogdoprosperi.com\\\/?p=167\",\"name\":\"Corinthians joga pesado com medo de perder Tite - PR\u00d3SPERI NEWS\",\"isPartOf\":{\"@id\":\"https:\\\/\\\/blogdoprosperi.com\\\/#website\"},\"primaryImageOfPage\":{\"@id\":\"https:\\\/\\\/blogdoprosperi.com\\\/?p=167#primaryimage\"},\"image\":{\"@id\":\"https:\\\/\\\/blogdoprosperi.com\\\/?p=167#primaryimage\"},\"thumbnailUrl\":\"https:\\\/\\\/blogdoprosperi.com\\\/wp-content\\\/uploads\\\/2016\\\/04\\\/59c9d470-e4f4-11e4-86ce-318bab141496_inn201504160161.jpg\",\"datePublished\":\"2016-04-01T20:49:20+00:00\",\"dateModified\":\"2016-04-01T20:52:53+00:00\",\"breadcrumb\":{\"@id\":\"https:\\\/\\\/blogdoprosperi.com\\\/?p=167#breadcrumb\"},\"inLanguage\":\"pt-BR\",\"potentialAction\":[{\"@type\":\"ReadAction\",\"target\":[\"https:\\\/\\\/blogdoprosperi.com\\\/?p=167\"]}]},{\"@type\":\"ImageObject\",\"inLanguage\":\"pt-BR\",\"@id\":\"https:\\\/\\\/blogdoprosperi.com\\\/?p=167#primaryimage\",\"url\":\"https:\\\/\\\/i0.wp.com\\\/blogdoprosperi.com\\\/wp-content\\\/uploads\\\/2016\\\/04\\\/59c9d470-e4f4-11e4-86ce-318bab141496_inn201504160161.jpg?fit=669%2C377&ssl=1\",\"contentUrl\":\"https:\\\/\\\/i0.wp.com\\\/blogdoprosperi.com\\\/wp-content\\\/uploads\\\/2016\\\/04\\\/59c9d470-e4f4-11e4-86ce-318bab141496_inn201504160161.jpg?fit=669%2C377&ssl=1\",\"width\":669,\"height\":377,\"caption\":\"SP - LIBERTADORES\\\/CORINTHIANS X SAN LORENZO - ESPORTES - O t\u00e9cnico Tite, do Corinthians, em partida contra o San Lorenzo, v\u00e1lida pela 5\u00aa rodada do Grupo 2 da Libertadores, realizada na Arena Corinthians (Itaquer\u00e3o), em Itaquera, zona leste da capital paulista, nesta quinta-feira. 16\\\/04\\\/2015 - Foto: WAGNER CARMO\\\/INOVAFOTO\\\/ESTAD\u00c3O CONTE\u00daDO\"},{\"@type\":\"BreadcrumbList\",\"@id\":\"https:\\\/\\\/blogdoprosperi.com\\\/?p=167#breadcrumb\",\"itemListElement\":[{\"@type\":\"ListItem\",\"position\":1,\"name\":\"In\u00edcio\",\"item\":\"https:\\\/\\\/blogdoprosperi.com\\\/\"},{\"@type\":\"ListItem\",\"position\":2,\"name\":\"Corinthians joga pesado com medo de perder Tite\"}]},{\"@type\":\"WebSite\",\"@id\":\"https:\\\/\\\/blogdoprosperi.com\\\/#website\",\"url\":\"https:\\\/\\\/blogdoprosperi.com\\\/\",\"name\":\"PR\u00d3SPERI NEWS\",\"description\":\"TUDO \u00c9  FUTEBOL\",\"publisher\":{\"@id\":\"https:\\\/\\\/blogdoprosperi.com\\\/#\\\/schema\\\/person\\\/38100755ce3601861ee4fab9b5aa78e9\"},\"alternateName\":\"blogdoprosperi.com\",\"potentialAction\":[{\"@type\":\"SearchAction\",\"target\":{\"@type\":\"EntryPoint\",\"urlTemplate\":\"https:\\\/\\\/blogdoprosperi.com\\\/?s={search_term_string}\"},\"query-input\":{\"@type\":\"PropertyValueSpecification\",\"valueRequired\":true,\"valueName\":\"search_term_string\"}}],\"inLanguage\":\"pt-BR\"},{\"@type\":[\"Person\",\"Organization\"],\"@id\":\"https:\\\/\\\/blogdoprosperi.com\\\/#\\\/schema\\\/person\\\/38100755ce3601861ee4fab9b5aa78e9\",\"name\":\"Luiz Ant\u00f4nio Pr\u00f3speri\",\"pronouns\":\"ele\",\"image\":{\"@type\":\"ImageObject\",\"inLanguage\":\"pt-BR\",\"@id\":\"https:\\\/\\\/i0.wp.com\\\/blogdoprosperi.com\\\/wp-content\\\/uploads\\\/2026\\\/05\\\/cropped-8059e613-6002-42fa-961e-8e275f575d71-2-5.jpg?fit=1360%2C931&ssl=1\",\"url\":\"https:\\\/\\\/i0.wp.com\\\/blogdoprosperi.com\\\/wp-content\\\/uploads\\\/2026\\\/05\\\/cropped-8059e613-6002-42fa-961e-8e275f575d71-2-5.jpg?fit=1360%2C931&ssl=1\",\"contentUrl\":\"https:\\\/\\\/i0.wp.com\\\/blogdoprosperi.com\\\/wp-content\\\/uploads\\\/2026\\\/05\\\/cropped-8059e613-6002-42fa-961e-8e275f575d71-2-5.jpg?fit=1360%2C931&ssl=1\",\"width\":1360,\"height\":931,\"caption\":\"Luiz Ant\u00f4nio Pr\u00f3speri\"},\"logo\":{\"@id\":\"https:\\\/\\\/i0.wp.com\\\/blogdoprosperi.com\\\/wp-content\\\/uploads\\\/2026\\\/05\\\/cropped-8059e613-6002-42fa-961e-8e275f575d71-2-5.jpg?fit=1360%2C931&ssl=1\"},\"description\":\"Jornalista com carreira dedicada ao esporte. Cobriu 9 Copas do Mundo in loco, 1990 na It\u00e1lia, 1994 nos EUA, 1998 na Fran\u00e7a, 2002 na Coreia do Sul e Jap\u00e3o, 2006 na Alemanha, 2010 na \u00c1frica do Sul, 2014 no Brasil, 2018 na R\u00fassia e 2022 no Qatar. Eurocopas, 1992 na Su\u00e9cia e 1996 na Inglaterra. Copa das Confedera\u00e7\u00f5es de 2005 na Alemanha e 2009 na \u00c1frica do Sul. Rep\u00f3rter e Editor, trabalhou no Jornal da Tarde e Estad\u00e3o, de 1984 a fevereiro de 2016. Colunista, blogueiro. E comentarista de futebol na R\u00e1dio Estad\u00e3o, de 2013 a fevereiro de 2016. Jornalista respons\u00e1vel do \\\"Pr\u00f3speri News\\\" (blogdoprosperi.com).\",\"sameAs\":[\"http:\\\/\\\/blogdoprosperi.com\",\"Luiz Pr\u00f3speri\",\"@luiz_prosperi\",\"https:\\\/\\\/x.com\\\/Luizprosperi\",\"@prosperinacopa\",\"luiz.prosperi@icloud.com\"],\"url\":\"https:\\\/\\\/blogdoprosperi.com\\\/?author=102107496\"}]}<\/script>\n<!-- \/ Yoast SEO plugin. -->","yoast_head_json":{"title":"Corinthians joga pesado com medo de perder Tite - PR\u00d3SPERI NEWS","robots":{"index":"index","follow":"follow","max-snippet":"max-snippet:-1","max-image-preview":"max-image-preview:large","max-video-preview":"max-video-preview:-1"},"canonical":"https:\/\/blogdoprosperi.com\/?p=167","og_locale":"pt_BR","og_type":"article","og_title":"Corinthians joga pesado com medo de perder Tite - PR\u00d3SPERI NEWS","og_description":"&nbsp; &#8220;O Corinthians tem presidente, a CBF, n\u00e3o. O Corinthians tem t\u00e9cnico, a CBF, n\u00e3o.&#8221; Com essas declara\u00e7\u00f5es, [&hellip;]","og_url":"https:\/\/blogdoprosperi.com\/?p=167","og_site_name":"PR\u00d3SPERI NEWS","article_publisher":"Luiz Pr\u00f3speri","article_author":"Luiz Pr\u00f3speri","article_published_time":"2016-04-01T20:49:20+00:00","article_modified_time":"2016-04-01T20:52:53+00:00","og_image":[{"url":"https:\/\/blogdoprosperi.com\/wp-content\/uploads\/2016\/04\/59c9d470-e4f4-11e4-86ce-318bab141496_inn201504160161.jpg","type":"","width":"","height":""}],"author":"Luiz Ant\u00f4nio Pr\u00f3speri","twitter_card":"summary_large_image","twitter_creator":"@Luizprosperi","twitter_site":"@Luizprosperi","twitter_misc":{"Escrito por":"Luiz Ant\u00f4nio Pr\u00f3speri","Est. tempo de leitura":"3 minutos"},"schema":{"@context":"https:\/\/schema.org","@graph":[{"@type":"Article","@id":"https:\/\/blogdoprosperi.com\/?p=167#article","isPartOf":{"@id":"https:\/\/blogdoprosperi.com\/?p=167"},"author":{"name":"Luiz Ant\u00f4nio Pr\u00f3speri","@id":"https:\/\/blogdoprosperi.com\/#\/schema\/person\/38100755ce3601861ee4fab9b5aa78e9"},"headline":"Corinthians joga pesado com medo de perder Tite","datePublished":"2016-04-01T20:49:20+00:00","dateModified":"2016-04-01T20:52:53+00:00","mainEntityOfPage":{"@id":"https:\/\/blogdoprosperi.com\/?p=167"},"wordCount":580,"commentCount":0,"publisher":{"@id":"https:\/\/blogdoprosperi.com\/#\/schema\/person\/38100755ce3601861ee4fab9b5aa78e9"},"image":{"@id":"https:\/\/blogdoprosperi.com\/?p=167#primaryimage"},"thumbnailUrl":"https:\/\/blogdoprosperi.com\/wp-content\/uploads\/2016\/04\/59c9d470-e4f4-11e4-86ce-318bab141496_inn201504160161.jpg","keywords":["CBF","Corinthians","Dunga","futebol","Sele\u00e7\u00e3o Brasileira","Tite"],"articleSection":["futebol"],"inLanguage":"pt-BR","potentialAction":[{"@type":"CommentAction","name":"Comment","target":["https:\/\/blogdoprosperi.com\/?p=167#respond"]}]},{"@type":"WebPage","@id":"https:\/\/blogdoprosperi.com\/?p=167","url":"https:\/\/blogdoprosperi.com\/?p=167","name":"Corinthians joga pesado com medo de perder Tite - PR\u00d3SPERI NEWS","isPartOf":{"@id":"https:\/\/blogdoprosperi.com\/#website"},"primaryImageOfPage":{"@id":"https:\/\/blogdoprosperi.com\/?p=167#primaryimage"},"image":{"@id":"https:\/\/blogdoprosperi.com\/?p=167#primaryimage"},"thumbnailUrl":"https:\/\/blogdoprosperi.com\/wp-content\/uploads\/2016\/04\/59c9d470-e4f4-11e4-86ce-318bab141496_inn201504160161.jpg","datePublished":"2016-04-01T20:49:20+00:00","dateModified":"2016-04-01T20:52:53+00:00","breadcrumb":{"@id":"https:\/\/blogdoprosperi.com\/?p=167#breadcrumb"},"inLanguage":"pt-BR","potentialAction":[{"@type":"ReadAction","target":["https:\/\/blogdoprosperi.com\/?p=167"]}]},{"@type":"ImageObject","inLanguage":"pt-BR","@id":"https:\/\/blogdoprosperi.com\/?p=167#primaryimage","url":"https:\/\/i0.wp.com\/blogdoprosperi.com\/wp-content\/uploads\/2016\/04\/59c9d470-e4f4-11e4-86ce-318bab141496_inn201504160161.jpg?fit=669%2C377&ssl=1","contentUrl":"https:\/\/i0.wp.com\/blogdoprosperi.com\/wp-content\/uploads\/2016\/04\/59c9d470-e4f4-11e4-86ce-318bab141496_inn201504160161.jpg?fit=669%2C377&ssl=1","width":669,"height":377,"caption":"SP - LIBERTADORES\/CORINTHIANS X SAN LORENZO - ESPORTES - O t\u00e9cnico Tite, do Corinthians, em partida contra o San Lorenzo, v\u00e1lida pela 5\u00aa rodada do Grupo 2 da Libertadores, realizada na Arena Corinthians (Itaquer\u00e3o), em Itaquera, zona leste da capital paulista, nesta quinta-feira. 16\/04\/2015 - Foto: WAGNER CARMO\/INOVAFOTO\/ESTAD\u00c3O CONTE\u00daDO"},{"@type":"BreadcrumbList","@id":"https:\/\/blogdoprosperi.com\/?p=167#breadcrumb","itemListElement":[{"@type":"ListItem","position":1,"name":"In\u00edcio","item":"https:\/\/blogdoprosperi.com\/"},{"@type":"ListItem","position":2,"name":"Corinthians joga pesado com medo de perder Tite"}]},{"@type":"WebSite","@id":"https:\/\/blogdoprosperi.com\/#website","url":"https:\/\/blogdoprosperi.com\/","name":"PR\u00d3SPERI NEWS","description":"TUDO \u00c9  FUTEBOL","publisher":{"@id":"https:\/\/blogdoprosperi.com\/#\/schema\/person\/38100755ce3601861ee4fab9b5aa78e9"},"alternateName":"blogdoprosperi.com","potentialAction":[{"@type":"SearchAction","target":{"@type":"EntryPoint","urlTemplate":"https:\/\/blogdoprosperi.com\/?s={search_term_string}"},"query-input":{"@type":"PropertyValueSpecification","valueRequired":true,"valueName":"search_term_string"}}],"inLanguage":"pt-BR"},{"@type":["Person","Organization"],"@id":"https:\/\/blogdoprosperi.com\/#\/schema\/person\/38100755ce3601861ee4fab9b5aa78e9","name":"Luiz Ant\u00f4nio Pr\u00f3speri","pronouns":"ele","image":{"@type":"ImageObject","inLanguage":"pt-BR","@id":"https:\/\/i0.wp.com\/blogdoprosperi.com\/wp-content\/uploads\/2026\/05\/cropped-8059e613-6002-42fa-961e-8e275f575d71-2-5.jpg?fit=1360%2C931&ssl=1","url":"https:\/\/i0.wp.com\/blogdoprosperi.com\/wp-content\/uploads\/2026\/05\/cropped-8059e613-6002-42fa-961e-8e275f575d71-2-5.jpg?fit=1360%2C931&ssl=1","contentUrl":"https:\/\/i0.wp.com\/blogdoprosperi.com\/wp-content\/uploads\/2026\/05\/cropped-8059e613-6002-42fa-961e-8e275f575d71-2-5.jpg?fit=1360%2C931&ssl=1","width":1360,"height":931,"caption":"Luiz Ant\u00f4nio Pr\u00f3speri"},"logo":{"@id":"https:\/\/i0.wp.com\/blogdoprosperi.com\/wp-content\/uploads\/2026\/05\/cropped-8059e613-6002-42fa-961e-8e275f575d71-2-5.jpg?fit=1360%2C931&ssl=1"},"description":"Jornalista com carreira dedicada ao esporte. Cobriu 9 Copas do Mundo in loco, 1990 na It\u00e1lia, 1994 nos EUA, 1998 na Fran\u00e7a, 2002 na Coreia do Sul e Jap\u00e3o, 2006 na Alemanha, 2010 na \u00c1frica do Sul, 2014 no Brasil, 2018 na R\u00fassia e 2022 no Qatar. Eurocopas, 1992 na Su\u00e9cia e 1996 na Inglaterra. Copa das Confedera\u00e7\u00f5es de 2005 na Alemanha e 2009 na \u00c1frica do Sul. Rep\u00f3rter e Editor, trabalhou no Jornal da Tarde e Estad\u00e3o, de 1984 a fevereiro de 2016. Colunista, blogueiro. E comentarista de futebol na R\u00e1dio Estad\u00e3o, de 2013 a fevereiro de 2016. Jornalista respons\u00e1vel do \"Pr\u00f3speri News\" (blogdoprosperi.com).","sameAs":["http:\/\/blogdoprosperi.com","Luiz Pr\u00f3speri","@luiz_prosperi","https:\/\/x.com\/Luizprosperi","@prosperinacopa","luiz.prosperi@icloud.com"],"url":"https:\/\/blogdoprosperi.com\/?author=102107496"}]}},"jetpack_publicize_connections":[],"jetpack_likes_enabled":false,"jetpack_sharing_enabled":true,"jetpack_shortlink":"https:\/\/wp.me\/p7jvdk-2H","jetpack-related-posts":[{"id":11401,"url":"https:\/\/blogdoprosperi.com\/?p=11401","url_meta":{"origin":167,"position":0},"title":"Corinthians n\u00e3o encontra sucessor de Tite no mercado. E o Dunga?","author":"Luiz Ant\u00f4nio Pr\u00f3speri","date":"17 de junho de 2016","format":false,"excerpt":"Corinthians sofre com a sa\u00edda repentina de Tite, convocado a servir a Sele\u00e7\u00e3o Brasileira. Como se um furac\u00e3o varresse o clube em menos de uma semana. Sem o seu mentor, a situa\u00e7\u00e3o se agravou com a falta de op\u00e7\u00f5es no mercado de t\u00e9cnicos. Tudo aconteceu muito r\u00e1pido. O Brasil foi\u2026","rel":"","context":"Em &quot;futebol&quot;","block_context":{"text":"futebol","link":"https:\/\/blogdoprosperi.com\/?cat=53870"},"img":{"alt_text":"","src":"https:\/\/i0.wp.com\/blogdoprosperi.com\/wp-content\/uploads\/2016\/06\/paulo-roberto-falcc3a3o-spt-x-ame-chico-peixoto-14.jpg?resize=350%2C200","width":350,"height":200},"classes":[]},{"id":10867,"url":"https:\/\/blogdoprosperi.com\/?p=10867","url_meta":{"origin":167,"position":1},"title":"Corinthians se sente tra\u00eddo por Tite e presidente rompe com a CBF","author":"Luiz Ant\u00f4nio Pr\u00f3speri","date":"15 de junho de 2016","format":false,"excerpt":"Roberto Andrade, presidente do \u00a0Corinthians, n\u00e3o explicou na entrevista coletiva desta quarta-feita o motivo de ter ficado surpreso com a decis\u00e3o de Tite assumir a Sele\u00e7\u00e3o Brasileira. \"Fiquei sabendo h\u00e1 duas horas pelo pr\u00f3prio Tite, fui surpreendido\", disse Andrade, muito irritado, por volta das 18h. A pergunta: Tite passou tr\u00eas\u2026","rel":"","context":"Em &quot;futebol&quot;","block_context":{"text":"futebol","link":"https:\/\/blogdoprosperi.com\/?cat=53870"},"img":{"alt_text":"","src":"https:\/\/i0.wp.com\/blogdoprosperi.com\/wp-content\/uploads\/2016\/06\/corinthians-edu-gaspar-tite-fotoarena.jpg?resize=350%2C200&ssl=1","width":350,"height":200,"srcset":"https:\/\/i0.wp.com\/blogdoprosperi.com\/wp-content\/uploads\/2016\/06\/corinthians-edu-gaspar-tite-fotoarena.jpg?resize=350%2C200&ssl=1 1x, https:\/\/i0.wp.com\/blogdoprosperi.com\/wp-content\/uploads\/2016\/06\/corinthians-edu-gaspar-tite-fotoarena.jpg?resize=525%2C300&ssl=1 1.5x, https:\/\/i0.wp.com\/blogdoprosperi.com\/wp-content\/uploads\/2016\/06\/corinthians-edu-gaspar-tite-fotoarena.jpg?resize=700%2C400&ssl=1 2x, https:\/\/i0.wp.com\/blogdoprosperi.com\/wp-content\/uploads\/2016\/06\/corinthians-edu-gaspar-tite-fotoarena.jpg?resize=1050%2C600&ssl=1 3x, https:\/\/i0.wp.com\/blogdoprosperi.com\/wp-content\/uploads\/2016\/06\/corinthians-edu-gaspar-tite-fotoarena.jpg?resize=1400%2C800&ssl=1 4x"},"classes":[]},{"id":10802,"url":"https:\/\/blogdoprosperi.com\/?p=10802","url_meta":{"origin":167,"position":2},"title":"Tite n\u00e3o contesta Del Nero e exige autonomia total para ocupar lugar de Dunga na Sele\u00e7\u00e3o","author":"Luiz Ant\u00f4nio Pr\u00f3speri","date":"15 de junho de 2016","format":false,"excerpt":"Quem se re\u00fane por tr\u00eas horas com um dirigente de futebol n\u00e3o est\u00e1 preocupado com a idoneidade do interlocutor. Tite esteve com Marco Polo Del Nero, presidente da CBF, nesta noite de ter\u00e7a-feira \u00a0(14\/6) na sede da entidade, tratando das condi\u00e7\u00f5es para assumir a Sele\u00e7\u00e3o Brasileira. O ainda t\u00e9cnico do\u2026","rel":"","context":"Em &quot;futebol&quot;","block_context":{"text":"futebol","link":"https:\/\/blogdoprosperi.com\/?cat=53870"},"img":{"alt_text":"","src":"https:\/\/i0.wp.com\/blogdoprosperi.com\/wp-content\/uploads\/2016\/06\/a3055f102483.jpg?resize=350%2C200","width":350,"height":200},"classes":[]},{"id":23590,"url":"https:\/\/blogdoprosperi.com\/?p=23590","url_meta":{"origin":167,"position":3},"title":"Corinthians abre m\u00e3o do Brasileir\u00e3o e da Copa do Brasil","author":"Luiz Ant\u00f4nio Pr\u00f3speri","date":"30 de agosto de 2016","format":false,"excerpt":"Corinthians desiste da temporada 2016 neste in\u00edcio do segundo turno do Campeonato Brasileiro e na abertura das oitavas de final da Copa do Brasil. O comando do clube, mesmo sem admitir, tomou essa decis\u00e3o ao negociar quatro jogadores importantes do time em menos de um m\u00eas. A mais recente sa\u00edda\u2026","rel":"","context":"Em &quot;Campeonato Brasileiro&quot;","block_context":{"text":"Campeonato Brasileiro","link":"https:\/\/blogdoprosperi.com\/?cat=355071"},"img":{"alt_text":"","src":"https:\/\/i0.wp.com\/blogdoprosperi.com\/wp-content\/uploads\/2016\/08\/622_9fb77997-c794-3778-86b9-59c37343edca.jpg?resize=350%2C200&ssl=1","width":350,"height":200,"srcset":"https:\/\/i0.wp.com\/blogdoprosperi.com\/wp-content\/uploads\/2016\/08\/622_9fb77997-c794-3778-86b9-59c37343edca.jpg?resize=350%2C200&ssl=1 1x, https:\/\/i0.wp.com\/blogdoprosperi.com\/wp-content\/uploads\/2016\/08\/622_9fb77997-c794-3778-86b9-59c37343edca.jpg?resize=525%2C300&ssl=1 1.5x"},"classes":[]},{"id":802,"url":"https:\/\/blogdoprosperi.com\/?p=802","url_meta":{"origin":167,"position":4},"title":"Sele\u00e7\u00e3o Brasileira est\u00e1 sem rumo","author":"Luiz Ant\u00f4nio Pr\u00f3speri","date":"9 de abril de 2016","format":false,"excerpt":"Gilmar Rinaldi e Dunga, felizes da vida no comando da Sele\u00e7\u00e3o \u2013 \u00a0Foto Mowa Press\u00a0 Barcelona n\u00e3o cede Neymar para a Copa Am\u00e9rica Centen\u00e1rio nos Estados Unidos,\u00a0Tite diz n\u00e3o \u00e0 CBF e Dunga e Gilmar Rinaldi desprezam cria\u00e7\u00e3o de academias de futebol que revolucionaram o futebol na Alemanha. Estacionada na\u2026","rel":"","context":"Em &quot;futebol&quot;","block_context":{"text":"futebol","link":"https:\/\/blogdoprosperi.com\/?cat=53870"},"img":{"alt_text":"dunga-gilmarrinaldi-mowa","src":"https:\/\/i0.wp.com\/blogdoprosperi.com\/wp-content\/uploads\/2016\/03\/dunga-gilmarrinaldi-mowa.jpg?resize=350%2C200&ssl=1","width":350,"height":200,"srcset":"https:\/\/i0.wp.com\/blogdoprosperi.com\/wp-content\/uploads\/2016\/03\/dunga-gilmarrinaldi-mowa.jpg?resize=350%2C200&ssl=1 1x, https:\/\/i0.wp.com\/blogdoprosperi.com\/wp-content\/uploads\/2016\/03\/dunga-gilmarrinaldi-mowa.jpg?resize=525%2C300&ssl=1 1.5x"},"classes":[]},{"id":10640,"url":"https:\/\/blogdoprosperi.com\/?p=10640","url_meta":{"origin":167,"position":5},"title":"O que muda na Sele\u00e7\u00e3o Brasileira com a troca de Dunga por Tite","author":"Luiz Ant\u00f4nio Pr\u00f3speri","date":"14 de junho de 2016","format":false,"excerpt":"Marco Polo Del Nero repete com a demiss\u00e3o de Dunga e seus assessores, confirmada na tarde desta ter\u00e7a-feira (14\/6), a mesma pr\u00e1tica de seus antecessores. Diante de fracassos contundentes e desastres da Sele\u00e7\u00e3o Brasileira, manda o treinador embora e o substitui por aquele que \u00e9, no momento, unanimidade nacional. Nada\u2026","rel":"","context":"Em &quot;futebol&quot;","block_context":{"text":"futebol","link":"https:\/\/blogdoprosperi.com\/?cat=53870"},"img":{"alt_text":"","src":"https:\/\/i0.wp.com\/blogdoprosperi.com\/wp-content\/uploads\/2016\/06\/neymar.jpg?resize=350%2C200&ssl=1","width":350,"height":200,"srcset":"https:\/\/i0.wp.com\/blogdoprosperi.com\/wp-content\/uploads\/2016\/06\/neymar.jpg?resize=350%2C200&ssl=1 1x, https:\/\/i0.wp.com\/blogdoprosperi.com\/wp-content\/uploads\/2016\/06\/neymar.jpg?resize=525%2C300&ssl=1 1.5x"},"classes":[]}],"jetpack_featured_media_url":"","_links":{"self":[{"href":"https:\/\/blogdoprosperi.com\/index.php?rest_route=\/wp\/v2\/posts\/167","targetHints":{"allow":["GET"]}}],"collection":[{"href":"https:\/\/blogdoprosperi.com\/index.php?rest_route=\/wp\/v2\/posts"}],"about":[{"href":"https:\/\/blogdoprosperi.com\/index.php?rest_route=\/wp\/v2\/types\/post"}],"author":[{"embeddable":true,"href":"https:\/\/blogdoprosperi.com\/index.php?rest_route=\/wp\/v2\/users\/102107496"}],"replies":[{"embeddable":true,"href":"https:\/\/blogdoprosperi.com\/index.php?rest_route=%2Fwp%2Fv2%2Fcomments&post=167"}],"version-history":[{"count":28,"href":"https:\/\/blogdoprosperi.com\/index.php?rest_route=\/wp\/v2\/posts\/167\/revisions"}],"predecessor-version":[{"id":214,"href":"https:\/\/blogdoprosperi.com\/index.php?rest_route=\/wp\/v2\/posts\/167\/revisions\/214"}],"wp:attachment":[{"href":"https:\/\/blogdoprosperi.com\/index.php?rest_route=%2Fwp%2Fv2%2Fmedia&parent=167"}],"wp:term":[{"taxonomy":"category","embeddable":true,"href":"https:\/\/blogdoprosperi.com\/index.php?rest_route=%2Fwp%2Fv2%2Fcategories&post=167"},{"taxonomy":"post_tag","embeddable":true,"href":"https:\/\/blogdoprosperi.com\/index.php?rest_route=%2Fwp%2Fv2%2Ftags&post=167"}],"curies":[{"name":"wp","href":"https:\/\/api.w.org\/{rel}","templated":true}]}}