{"id":1705,"date":"2016-04-19T16:14:58","date_gmt":"2016-04-19T16:14:58","guid":{"rendered":"https:\/\/blogdoprosperi.com\/?p=1705"},"modified":"2016-04-19T21:07:27","modified_gmt":"2016-04-19T21:07:27","slug":"palmeiras-vai-enfrentar-torcida-unica-nos-jogos-decisivos-do-paulistao-2016","status":"publish","type":"post","link":"https:\/\/blogdoprosperi.com\/?p=1705","title":{"rendered":"Jogos decisivos do Paulist\u00e3o 2016 ter\u00e3o torcida \u00fanica"},"content":{"rendered":"<p>&nbsp;<\/p>\n<figure id=\"attachment_1770\" aria-describedby=\"caption-attachment-1770\" style=\"width: 620px\" class=\"wp-caption alignnone\"><img data-recalc-dims=\"1\" loading=\"lazy\" decoding=\"async\" data-attachment-id=\"1770\" data-permalink=\"https:\/\/blogdoprosperi.com\/?attachment_id=1770\" data-orig-file=\"https:\/\/i0.wp.com\/blogdoprosperi.com\/wp-content\/uploads\/2016\/04\/rib3898.jpg?fit=620%2C390&amp;ssl=1\" data-orig-size=\"620,390\" data-comments-opened=\"1\" data-image-meta=\"{&quot;aperture&quot;:&quot;0&quot;,&quot;credit&quot;:&quot;&quot;,&quot;camera&quot;:&quot;&quot;,&quot;caption&quot;:&quot;&quot;,&quot;created_timestamp&quot;:&quot;0&quot;,&quot;copyright&quot;:&quot;&quot;,&quot;focal_length&quot;:&quot;0&quot;,&quot;iso&quot;:&quot;0&quot;,&quot;shutter_speed&quot;:&quot;0&quot;,&quot;title&quot;:&quot;&quot;,&quot;orientation&quot;:&quot;0&quot;}\" data-image-title=\"rib3898\" data-image-description=\"\" data-image-caption=\"\" data-large-file=\"https:\/\/i0.wp.com\/blogdoprosperi.com\/wp-content\/uploads\/2016\/04\/rib3898.jpg?fit=620%2C390&amp;ssl=1\" class=\"alignnone size-full wp-image-1770\" src=\"https:\/\/i0.wp.com\/blogdoprosperi.com\/wp-content\/uploads\/2016\/04\/rib3898.jpg?resize=620%2C390&#038;ssl=1\" alt=\"rib3898\" width=\"620\" height=\"390\" \/><figcaption id=\"caption-attachment-1770\" class=\"wp-caption-text\">Gesto de Ricardo Oliveira que marcou a rivalidade Palmeiras x Santos em 2015<\/figcaption><\/figure>\n<p>Paulo Nobre, presidente do Palmeiras, foi um dos primeiros a defender a ordem autorit\u00e1ria da Secretaria de Seguran\u00e7a P\u00fablica de S\u00e3o Paulo (SSPSP) de estabelecer a presen\u00e7a torcida \u00fanica nos cl\u00e1ssicos em S\u00e3o Paulo. Cuca n\u00e3o concorda. O treinador sabe que se o seu time avan\u00e7ar \u00e0 final contra o Corinthians vai ter de decidir o Campeonato Paulista no Itaquer\u00e3o sem nenhum torcedor palmeirense.<\/p>\n<p>A primeira experi\u00eancia, digamos miss\u00e3o, de Cuca ser\u00e1 o cl\u00e1ssico contra o Santos, programado para domingo \u00e0s 16h na Vila Belmiro. Em reuni\u00e3o, nesta ter\u00e7a-feira na Federa\u00e7\u00e3o Paulista de Futebol (FPF), se determinou que este jogo da semifinal do Paulist\u00e3o ser\u00e1 com torcida \u00fanica do mandante, portanto, do Santos, atendendo \u00e0 ordem da SSPSP.<\/p>\n<p>&#8220;Nunca joguei com torcida \u00fanica . Acho feio, n\u00e3o \u00e9 legal. O bonito \u00e9 aquele confronto saud\u00e1vel do torcedor&#8221;, lamentou Cuca.<\/p>\n<figure id=\"attachment_1762\" aria-describedby=\"caption-attachment-1762\" style=\"width: 2300px\" class=\"wp-caption alignnone\"><img data-recalc-dims=\"1\" loading=\"lazy\" decoding=\"async\" data-attachment-id=\"1762\" data-permalink=\"https:\/\/blogdoprosperi.com\/?attachment_id=1762\" data-orig-file=\"https:\/\/i0.wp.com\/blogdoprosperi.com\/wp-content\/uploads\/2016\/04\/pro9.jpg?fit=2300%2C1534&amp;ssl=1\" data-orig-size=\"2300,1534\" data-comments-opened=\"1\" data-image-meta=\"{&quot;aperture&quot;:&quot;3.2&quot;,&quot;credit&quot;:&quot;ALEX SILVA&quot;,&quot;camera&quot;:&quot;Canon EOS-1D X&quot;,&quot;caption&quot;:&quot;&quot;,&quot;created_timestamp&quot;:&quot;1461015543&quot;,&quot;copyright&quot;:&quot;ALEX SILVA\/ESTADAO&quot;,&quot;focal_length&quot;:&quot;400&quot;,&quot;iso&quot;:&quot;1600&quot;,&quot;shutter_speed&quot;:&quot;0.001&quot;,&quot;title&quot;:&quot;&quot;,&quot;orientation&quot;:&quot;1&quot;}\" data-image-title=\"pro9\" data-image-description=\"\" data-image-caption=\"\" data-large-file=\"https:\/\/i0.wp.com\/blogdoprosperi.com\/wp-content\/uploads\/2016\/04\/pro9.jpg?fit=940%2C627&amp;ssl=1\" class=\"alignnone size-full wp-image-1762\" src=\"https:\/\/i0.wp.com\/blogdoprosperi.com\/wp-content\/uploads\/2016\/04\/pro9.jpg?resize=940%2C627&#038;ssl=1\" alt=\"pro9\" width=\"940\" height=\"627\" \/><figcaption id=\"caption-attachment-1762\" class=\"wp-caption-text\">Cuca n\u00e3o aprova torcida \u00fanica nos cl\u00e1ssicos paulistas<\/figcaption><\/figure>\n<p>E o caldeir\u00e3o j\u00e1 est\u00e1 fumegando. Santos x Palmeiras aqueceram uma rivalidade que estava hibernada h\u00e1 s\u00e9culos com as decis\u00f5es do Paulist\u00e3o e Copa do Brasil de 2015. Fernando Prass e Ricardo Oliveira trocaram farpas. Lucas Lima tem debochado do rival nas redes sociais e, do outro lado, as respostas t\u00eam sido na canela.<\/p>\n<p>Os presidentes Paulo Nobre, do Palmeiras, e Modesto Roma Jr, do Santos, levantaram o len\u00e7o branco entre dos dois clubes em entrevistas \u00e0 TV BAND na tentativa de acalmar as torcidas. Veja o que eles disseram:<\/p>\n<p>&#8220;Em nenhum momento o Ricardo Oliveira foi desrespeitoso com Sociedade Esportiva Palmeiras. Ele foi inteligente, tentou \u00a0desestabilizar os nossos jogadores. E depois teve a resposta, que n\u00e3o foi desrespeitosa. Em nenhum momento ele desmereceu a entidade Palmeiras. Fez o trabalho dele&#8221;, disse Nobre.<\/p>\n<figure id=\"attachment_1766\" aria-describedby=\"caption-attachment-1766\" style=\"width: 620px\" class=\"wp-caption alignnone\"><img data-recalc-dims=\"1\" loading=\"lazy\" decoding=\"async\" data-attachment-id=\"1766\" data-permalink=\"https:\/\/blogdoprosperi.com\/?attachment_id=1766\" data-orig-file=\"https:\/\/i0.wp.com\/blogdoprosperi.com\/wp-content\/uploads\/2016\/04\/t_148650_o-palmeirense-paulo-nobre-e-o-santista-modesto-roma-junior-chegam-a-final-apos-reformulacoes.jpeg?fit=620%2C412&amp;ssl=1\" data-orig-size=\"620,412\" data-comments-opened=\"1\" data-image-meta=\"{&quot;aperture&quot;:&quot;0&quot;,&quot;credit&quot;:&quot;&quot;,&quot;camera&quot;:&quot;&quot;,&quot;caption&quot;:&quot;&quot;,&quot;created_timestamp&quot;:&quot;0&quot;,&quot;copyright&quot;:&quot;&quot;,&quot;focal_length&quot;:&quot;0&quot;,&quot;iso&quot;:&quot;0&quot;,&quot;shutter_speed&quot;:&quot;0&quot;,&quot;title&quot;:&quot;&quot;,&quot;orientation&quot;:&quot;0&quot;}\" data-image-title=\"t_148650_o-palmeirense-paulo-nobre-e-o-santista-modesto-roma-junior-chegam-a-final-apos-reformulacoes\" data-image-description=\"\" data-image-caption=\"\" data-large-file=\"https:\/\/i0.wp.com\/blogdoprosperi.com\/wp-content\/uploads\/2016\/04\/t_148650_o-palmeirense-paulo-nobre-e-o-santista-modesto-roma-junior-chegam-a-final-apos-reformulacoes.jpeg?fit=620%2C412&amp;ssl=1\" class=\"alignnone size-full wp-image-1766\" src=\"https:\/\/i0.wp.com\/blogdoprosperi.com\/wp-content\/uploads\/2016\/04\/t_148650_o-palmeirense-paulo-nobre-e-o-santista-modesto-roma-junior-chegam-a-final-apos-reformulacoes.jpeg?resize=620%2C412&#038;ssl=1\" alt=\"t_148650_o-palmeirense-paulo-nobre-e-o-santista-modesto-roma-junior-chegam-a-final-apos-reformulacoes\" width=\"620\" height=\"412\" \/><figcaption id=\"caption-attachment-1766\" class=\"wp-caption-text\">Nobre, presidente do Palmeiras, troca aperto de m\u00e3os com Modesto, do Santos<\/figcaption><\/figure>\n<p>&#8220;A rivalidade \u00e9 positiva. Foram brincadeiras. Prass e Ricardo Oliveira t\u00eam boa rela\u00e7\u00e3o fora de campo. Voc\u00eas, da imprensa, \u00e9 que fazem isso tomar outro rumo. Vivemos um momento triste de uma s\u00f3 torcida dentro de campo. Que seria do Santos sem o Palmeiras e que seria o Palmeiras sem o Santos e todos os outros clubes?&#8221;, comentou Modesto.<\/p>\n<p>Bom lembrar que a Secretaria de Seguran\u00e7a baixou essa portaria, sem mais consultas ao comando do futebol, h\u00e1 quase um m\u00eas numa tentativa desesperada de amenizar a viol\u00eancia entre as torcidas organizadas, respons\u00e1veis nas \u00faltimas d\u00e9cadas por batalhas sangrentas e mortes.<\/p>\n<p>Passando pelo Santos na Vila Belmiro, o Palmeiras de Cuca ter\u00e1, provavelmente, o Corinthians (enfrenta o Osasco Audaz, s\u00e1bado, 18h30, no Itaquer\u00e3o) na decis\u00e3o do Paulist\u00e3o 2016. Pelo regulamento, a decis\u00e3o ser\u00e1 em dois jogos de ida e volta, com a segunda partida na casa do time como a melhor campanha geral do campeonato &#8211; no caso, o Corinthians.<\/p>\n<p>Assim, se o Palmeiras avan\u00e7ar \u00e0 final, vai decidir o t\u00edtulo no Itaquer\u00e3o sem nenhum palmeirense nas arquibancadas. Sem nenhum, n\u00e3o. O presidente Paulo Nobre certamente vai estar nas tribunas da arena corintiana.<\/p>\n<p>&nbsp;<\/p>\n<p>&nbsp;<\/p>\n","protected":false},"excerpt":{"rendered":"<p>&nbsp; Paulo Nobre, presidente do Palmeiras, foi um dos primeiros a defender a ordem autorit\u00e1ria da Secretaria de [&hellip;]<\/p>\n","protected":false},"author":102107496,"featured_media":0,"comment_status":"open","ping_status":"open","sticky":false,"template":"","format":"standard","meta":{"_coblocks_attr":"","_coblocks_dimensions":"","_coblocks_responsive_height":"","_coblocks_accordion_ie_support":"","_jetpack_newsletter_access":"","_jetpack_dont_email_post_to_subs":false,"_jetpack_newsletter_tier_id":0,"_jetpack_memberships_contains_paywalled_content":false,"_wpcom_ai_launchpad_first_post":false,"_jetpack_feature_clip_id":0,"_jetpack_memberships_contains_paid_content":false,"footnotes":"","jetpack_publicize_message":"","jetpack_publicize_feature_enabled":true,"jetpack_social_post_already_shared":false,"jetpack_social_options":{"image_generator_settings":{"template":"highway","default_image_id":0,"font":"","enabled":false},"version":2},"jetpack_post_was_ever_published":false},"categories":[53870],"tags":[789560560],"class_list":["post-1705","post","type-post","status-publish","format-standard","hentry","category-futebol","tag-futebol"],"yoast_head":"<!-- This site is optimized with the Yoast SEO plugin v28.4 - https:\/\/yoast.com\/product\/yoast-seo-wordpress\/ -->\n<title>Jogos decisivos do Paulist\u00e3o 2016 ter\u00e3o torcida \u00fanica - PR\u00d3SPERI NEWS<\/title>\n<meta name=\"robots\" content=\"index, follow, max-snippet:-1, max-image-preview:large, max-video-preview:-1\" \/>\n<link rel=\"canonical\" href=\"https:\/\/blogdoprosperi.com\/?p=1705\" \/>\n<meta property=\"og:locale\" content=\"pt_BR\" \/>\n<meta property=\"og:type\" content=\"article\" \/>\n<meta property=\"og:title\" content=\"Jogos decisivos do Paulist\u00e3o 2016 ter\u00e3o torcida \u00fanica - PR\u00d3SPERI NEWS\" \/>\n<meta property=\"og:description\" content=\"&nbsp; Paulo Nobre, presidente do Palmeiras, foi um dos primeiros a defender a ordem autorit\u00e1ria da Secretaria de [&hellip;]\" \/>\n<meta property=\"og:url\" content=\"https:\/\/blogdoprosperi.com\/?p=1705\" \/>\n<meta property=\"og:site_name\" content=\"PR\u00d3SPERI NEWS\" \/>\n<meta property=\"article:publisher\" content=\"Luiz Pr\u00f3speri\" \/>\n<meta property=\"article:author\" content=\"Luiz Pr\u00f3speri\" \/>\n<meta property=\"article:published_time\" content=\"2016-04-19T16:14:58+00:00\" \/>\n<meta property=\"article:modified_time\" content=\"2016-04-19T21:07:27+00:00\" \/>\n<meta property=\"og:image\" content=\"https:\/\/blogdoprosperi.com\/wp-content\/uploads\/2016\/04\/rib3898.jpg\" \/>\n<meta name=\"author\" content=\"Luiz Ant\u00f4nio Pr\u00f3speri\" \/>\n<meta name=\"twitter:card\" content=\"summary_large_image\" \/>\n<meta name=\"twitter:creator\" content=\"@Luizprosperi\" \/>\n<meta name=\"twitter:site\" content=\"@Luizprosperi\" \/>\n<meta name=\"twitter:label1\" content=\"Escrito por\" \/>\n\t<meta name=\"twitter:data1\" content=\"Luiz Ant\u00f4nio Pr\u00f3speri\" \/>\n\t<meta name=\"twitter:label2\" content=\"Est. tempo de leitura\" \/>\n\t<meta name=\"twitter:data2\" content=\"3 minutos\" \/>\n<script type=\"application\/ld+json\" class=\"yoast-schema-graph\">{\"@context\":\"https:\\\/\\\/schema.org\",\"@graph\":[{\"@type\":\"Article\",\"@id\":\"https:\\\/\\\/blogdoprosperi.com\\\/?p=1705#article\",\"isPartOf\":{\"@id\":\"https:\\\/\\\/blogdoprosperi.com\\\/?p=1705\"},\"author\":{\"name\":\"Luiz Ant\u00f4nio Pr\u00f3speri\",\"@id\":\"https:\\\/\\\/blogdoprosperi.com\\\/#\\\/schema\\\/person\\\/38100755ce3601861ee4fab9b5aa78e9\"},\"headline\":\"Jogos decisivos do Paulist\u00e3o 2016 ter\u00e3o torcida \u00fanica\",\"datePublished\":\"2016-04-19T16:14:58+00:00\",\"dateModified\":\"2016-04-19T21:07:27+00:00\",\"mainEntityOfPage\":{\"@id\":\"https:\\\/\\\/blogdoprosperi.com\\\/?p=1705\"},\"wordCount\":564,\"commentCount\":1,\"publisher\":{\"@id\":\"https:\\\/\\\/blogdoprosperi.com\\\/#\\\/schema\\\/person\\\/38100755ce3601861ee4fab9b5aa78e9\"},\"image\":{\"@id\":\"https:\\\/\\\/blogdoprosperi.com\\\/?p=1705#primaryimage\"},\"thumbnailUrl\":\"https:\\\/\\\/blogdoprosperi.com\\\/wp-content\\\/uploads\\\/2016\\\/04\\\/rib3898.jpg\",\"keywords\":[\"futebol\"],\"articleSection\":[\"futebol\"],\"inLanguage\":\"pt-BR\",\"potentialAction\":[{\"@type\":\"CommentAction\",\"name\":\"Comment\",\"target\":[\"https:\\\/\\\/blogdoprosperi.com\\\/?p=1705#respond\"]}]},{\"@type\":\"WebPage\",\"@id\":\"https:\\\/\\\/blogdoprosperi.com\\\/?p=1705\",\"url\":\"https:\\\/\\\/blogdoprosperi.com\\\/?p=1705\",\"name\":\"Jogos decisivos do Paulist\u00e3o 2016 ter\u00e3o torcida \u00fanica - PR\u00d3SPERI NEWS\",\"isPartOf\":{\"@id\":\"https:\\\/\\\/blogdoprosperi.com\\\/#website\"},\"primaryImageOfPage\":{\"@id\":\"https:\\\/\\\/blogdoprosperi.com\\\/?p=1705#primaryimage\"},\"image\":{\"@id\":\"https:\\\/\\\/blogdoprosperi.com\\\/?p=1705#primaryimage\"},\"thumbnailUrl\":\"https:\\\/\\\/blogdoprosperi.com\\\/wp-content\\\/uploads\\\/2016\\\/04\\\/rib3898.jpg\",\"datePublished\":\"2016-04-19T16:14:58+00:00\",\"dateModified\":\"2016-04-19T21:07:27+00:00\",\"breadcrumb\":{\"@id\":\"https:\\\/\\\/blogdoprosperi.com\\\/?p=1705#breadcrumb\"},\"inLanguage\":\"pt-BR\",\"potentialAction\":[{\"@type\":\"ReadAction\",\"target\":[\"https:\\\/\\\/blogdoprosperi.com\\\/?p=1705\"]}]},{\"@type\":\"ImageObject\",\"inLanguage\":\"pt-BR\",\"@id\":\"https:\\\/\\\/blogdoprosperi.com\\\/?p=1705#primaryimage\",\"url\":\"https:\\\/\\\/i0.wp.com\\\/blogdoprosperi.com\\\/wp-content\\\/uploads\\\/2016\\\/04\\\/rib3898.jpg?fit=620%2C390&ssl=1\",\"contentUrl\":\"https:\\\/\\\/i0.wp.com\\\/blogdoprosperi.com\\\/wp-content\\\/uploads\\\/2016\\\/04\\\/rib3898.jpg?fit=620%2C390&ssl=1\",\"width\":620,\"height\":390},{\"@type\":\"BreadcrumbList\",\"@id\":\"https:\\\/\\\/blogdoprosperi.com\\\/?p=1705#breadcrumb\",\"itemListElement\":[{\"@type\":\"ListItem\",\"position\":1,\"name\":\"In\u00edcio\",\"item\":\"https:\\\/\\\/blogdoprosperi.com\\\/\"},{\"@type\":\"ListItem\",\"position\":2,\"name\":\"Jogos decisivos do Paulist\u00e3o 2016 ter\u00e3o torcida \u00fanica\"}]},{\"@type\":\"WebSite\",\"@id\":\"https:\\\/\\\/blogdoprosperi.com\\\/#website\",\"url\":\"https:\\\/\\\/blogdoprosperi.com\\\/\",\"name\":\"PR\u00d3SPERI NEWS\",\"description\":\"TUDO \u00c9  FUTEBOL\",\"publisher\":{\"@id\":\"https:\\\/\\\/blogdoprosperi.com\\\/#\\\/schema\\\/person\\\/38100755ce3601861ee4fab9b5aa78e9\"},\"alternateName\":\"blogdoprosperi.com\",\"potentialAction\":[{\"@type\":\"SearchAction\",\"target\":{\"@type\":\"EntryPoint\",\"urlTemplate\":\"https:\\\/\\\/blogdoprosperi.com\\\/?s={search_term_string}\"},\"query-input\":{\"@type\":\"PropertyValueSpecification\",\"valueRequired\":true,\"valueName\":\"search_term_string\"}}],\"inLanguage\":\"pt-BR\"},{\"@type\":[\"Person\",\"Organization\"],\"@id\":\"https:\\\/\\\/blogdoprosperi.com\\\/#\\\/schema\\\/person\\\/38100755ce3601861ee4fab9b5aa78e9\",\"name\":\"Luiz Ant\u00f4nio Pr\u00f3speri\",\"pronouns\":\"ele\",\"image\":{\"@type\":\"ImageObject\",\"inLanguage\":\"pt-BR\",\"@id\":\"https:\\\/\\\/i0.wp.com\\\/blogdoprosperi.com\\\/wp-content\\\/uploads\\\/2026\\\/05\\\/cropped-8059e613-6002-42fa-961e-8e275f575d71-2-5.jpg?fit=1360%2C931&ssl=1\",\"url\":\"https:\\\/\\\/i0.wp.com\\\/blogdoprosperi.com\\\/wp-content\\\/uploads\\\/2026\\\/05\\\/cropped-8059e613-6002-42fa-961e-8e275f575d71-2-5.jpg?fit=1360%2C931&ssl=1\",\"contentUrl\":\"https:\\\/\\\/i0.wp.com\\\/blogdoprosperi.com\\\/wp-content\\\/uploads\\\/2026\\\/05\\\/cropped-8059e613-6002-42fa-961e-8e275f575d71-2-5.jpg?fit=1360%2C931&ssl=1\",\"width\":1360,\"height\":931,\"caption\":\"Luiz Ant\u00f4nio Pr\u00f3speri\"},\"logo\":{\"@id\":\"https:\\\/\\\/i0.wp.com\\\/blogdoprosperi.com\\\/wp-content\\\/uploads\\\/2026\\\/05\\\/cropped-8059e613-6002-42fa-961e-8e275f575d71-2-5.jpg?fit=1360%2C931&ssl=1\"},\"description\":\"Jornalista com carreira dedicada ao esporte. Cobriu 9 Copas do Mundo in loco, 1990 na It\u00e1lia, 1994 nos EUA, 1998 na Fran\u00e7a, 2002 na Coreia do Sul e Jap\u00e3o, 2006 na Alemanha, 2010 na \u00c1frica do Sul, 2014 no Brasil, 2018 na R\u00fassia e 2022 no Qatar. Eurocopas, 1992 na Su\u00e9cia e 1996 na Inglaterra. Copa das Confedera\u00e7\u00f5es de 2005 na Alemanha e 2009 na \u00c1frica do Sul. Rep\u00f3rter e Editor, trabalhou no Jornal da Tarde e Estad\u00e3o, de 1984 a fevereiro de 2016. Colunista, blogueiro. E comentarista de futebol na R\u00e1dio Estad\u00e3o, de 2013 a fevereiro de 2016. Jornalista respons\u00e1vel do \\\"Pr\u00f3speri News\\\" (blogdoprosperi.com).\",\"sameAs\":[\"http:\\\/\\\/blogdoprosperi.com\",\"Luiz Pr\u00f3speri\",\"@luiz_prosperi\",\"https:\\\/\\\/x.com\\\/Luizprosperi\",\"@prosperinacopa\",\"luiz.prosperi@icloud.com\"],\"url\":\"https:\\\/\\\/blogdoprosperi.com\\\/?author=102107496\"}]}<\/script>\n<!-- \/ Yoast SEO plugin. -->","yoast_head_json":{"title":"Jogos decisivos do Paulist\u00e3o 2016 ter\u00e3o torcida \u00fanica - PR\u00d3SPERI NEWS","robots":{"index":"index","follow":"follow","max-snippet":"max-snippet:-1","max-image-preview":"max-image-preview:large","max-video-preview":"max-video-preview:-1"},"canonical":"https:\/\/blogdoprosperi.com\/?p=1705","og_locale":"pt_BR","og_type":"article","og_title":"Jogos decisivos do Paulist\u00e3o 2016 ter\u00e3o torcida \u00fanica - PR\u00d3SPERI NEWS","og_description":"&nbsp; Paulo Nobre, presidente do Palmeiras, foi um dos primeiros a defender a ordem autorit\u00e1ria da Secretaria de [&hellip;]","og_url":"https:\/\/blogdoprosperi.com\/?p=1705","og_site_name":"PR\u00d3SPERI NEWS","article_publisher":"Luiz Pr\u00f3speri","article_author":"Luiz Pr\u00f3speri","article_published_time":"2016-04-19T16:14:58+00:00","article_modified_time":"2016-04-19T21:07:27+00:00","og_image":[{"url":"https:\/\/blogdoprosperi.com\/wp-content\/uploads\/2016\/04\/rib3898.jpg","type":"","width":"","height":""}],"author":"Luiz Ant\u00f4nio Pr\u00f3speri","twitter_card":"summary_large_image","twitter_creator":"@Luizprosperi","twitter_site":"@Luizprosperi","twitter_misc":{"Escrito por":"Luiz Ant\u00f4nio Pr\u00f3speri","Est. tempo de leitura":"3 minutos"},"schema":{"@context":"https:\/\/schema.org","@graph":[{"@type":"Article","@id":"https:\/\/blogdoprosperi.com\/?p=1705#article","isPartOf":{"@id":"https:\/\/blogdoprosperi.com\/?p=1705"},"author":{"name":"Luiz Ant\u00f4nio Pr\u00f3speri","@id":"https:\/\/blogdoprosperi.com\/#\/schema\/person\/38100755ce3601861ee4fab9b5aa78e9"},"headline":"Jogos decisivos do Paulist\u00e3o 2016 ter\u00e3o torcida \u00fanica","datePublished":"2016-04-19T16:14:58+00:00","dateModified":"2016-04-19T21:07:27+00:00","mainEntityOfPage":{"@id":"https:\/\/blogdoprosperi.com\/?p=1705"},"wordCount":564,"commentCount":1,"publisher":{"@id":"https:\/\/blogdoprosperi.com\/#\/schema\/person\/38100755ce3601861ee4fab9b5aa78e9"},"image":{"@id":"https:\/\/blogdoprosperi.com\/?p=1705#primaryimage"},"thumbnailUrl":"https:\/\/blogdoprosperi.com\/wp-content\/uploads\/2016\/04\/rib3898.jpg","keywords":["futebol"],"articleSection":["futebol"],"inLanguage":"pt-BR","potentialAction":[{"@type":"CommentAction","name":"Comment","target":["https:\/\/blogdoprosperi.com\/?p=1705#respond"]}]},{"@type":"WebPage","@id":"https:\/\/blogdoprosperi.com\/?p=1705","url":"https:\/\/blogdoprosperi.com\/?p=1705","name":"Jogos decisivos do Paulist\u00e3o 2016 ter\u00e3o torcida \u00fanica - PR\u00d3SPERI NEWS","isPartOf":{"@id":"https:\/\/blogdoprosperi.com\/#website"},"primaryImageOfPage":{"@id":"https:\/\/blogdoprosperi.com\/?p=1705#primaryimage"},"image":{"@id":"https:\/\/blogdoprosperi.com\/?p=1705#primaryimage"},"thumbnailUrl":"https:\/\/blogdoprosperi.com\/wp-content\/uploads\/2016\/04\/rib3898.jpg","datePublished":"2016-04-19T16:14:58+00:00","dateModified":"2016-04-19T21:07:27+00:00","breadcrumb":{"@id":"https:\/\/blogdoprosperi.com\/?p=1705#breadcrumb"},"inLanguage":"pt-BR","potentialAction":[{"@type":"ReadAction","target":["https:\/\/blogdoprosperi.com\/?p=1705"]}]},{"@type":"ImageObject","inLanguage":"pt-BR","@id":"https:\/\/blogdoprosperi.com\/?p=1705#primaryimage","url":"https:\/\/i0.wp.com\/blogdoprosperi.com\/wp-content\/uploads\/2016\/04\/rib3898.jpg?fit=620%2C390&ssl=1","contentUrl":"https:\/\/i0.wp.com\/blogdoprosperi.com\/wp-content\/uploads\/2016\/04\/rib3898.jpg?fit=620%2C390&ssl=1","width":620,"height":390},{"@type":"BreadcrumbList","@id":"https:\/\/blogdoprosperi.com\/?p=1705#breadcrumb","itemListElement":[{"@type":"ListItem","position":1,"name":"In\u00edcio","item":"https:\/\/blogdoprosperi.com\/"},{"@type":"ListItem","position":2,"name":"Jogos decisivos do Paulist\u00e3o 2016 ter\u00e3o torcida \u00fanica"}]},{"@type":"WebSite","@id":"https:\/\/blogdoprosperi.com\/#website","url":"https:\/\/blogdoprosperi.com\/","name":"PR\u00d3SPERI NEWS","description":"TUDO \u00c9  FUTEBOL","publisher":{"@id":"https:\/\/blogdoprosperi.com\/#\/schema\/person\/38100755ce3601861ee4fab9b5aa78e9"},"alternateName":"blogdoprosperi.com","potentialAction":[{"@type":"SearchAction","target":{"@type":"EntryPoint","urlTemplate":"https:\/\/blogdoprosperi.com\/?s={search_term_string}"},"query-input":{"@type":"PropertyValueSpecification","valueRequired":true,"valueName":"search_term_string"}}],"inLanguage":"pt-BR"},{"@type":["Person","Organization"],"@id":"https:\/\/blogdoprosperi.com\/#\/schema\/person\/38100755ce3601861ee4fab9b5aa78e9","name":"Luiz Ant\u00f4nio Pr\u00f3speri","pronouns":"ele","image":{"@type":"ImageObject","inLanguage":"pt-BR","@id":"https:\/\/i0.wp.com\/blogdoprosperi.com\/wp-content\/uploads\/2026\/05\/cropped-8059e613-6002-42fa-961e-8e275f575d71-2-5.jpg?fit=1360%2C931&ssl=1","url":"https:\/\/i0.wp.com\/blogdoprosperi.com\/wp-content\/uploads\/2026\/05\/cropped-8059e613-6002-42fa-961e-8e275f575d71-2-5.jpg?fit=1360%2C931&ssl=1","contentUrl":"https:\/\/i0.wp.com\/blogdoprosperi.com\/wp-content\/uploads\/2026\/05\/cropped-8059e613-6002-42fa-961e-8e275f575d71-2-5.jpg?fit=1360%2C931&ssl=1","width":1360,"height":931,"caption":"Luiz Ant\u00f4nio Pr\u00f3speri"},"logo":{"@id":"https:\/\/i0.wp.com\/blogdoprosperi.com\/wp-content\/uploads\/2026\/05\/cropped-8059e613-6002-42fa-961e-8e275f575d71-2-5.jpg?fit=1360%2C931&ssl=1"},"description":"Jornalista com carreira dedicada ao esporte. Cobriu 9 Copas do Mundo in loco, 1990 na It\u00e1lia, 1994 nos EUA, 1998 na Fran\u00e7a, 2002 na Coreia do Sul e Jap\u00e3o, 2006 na Alemanha, 2010 na \u00c1frica do Sul, 2014 no Brasil, 2018 na R\u00fassia e 2022 no Qatar. Eurocopas, 1992 na Su\u00e9cia e 1996 na Inglaterra. Copa das Confedera\u00e7\u00f5es de 2005 na Alemanha e 2009 na \u00c1frica do Sul. Rep\u00f3rter e Editor, trabalhou no Jornal da Tarde e Estad\u00e3o, de 1984 a fevereiro de 2016. Colunista, blogueiro. E comentarista de futebol na R\u00e1dio Estad\u00e3o, de 2013 a fevereiro de 2016. Jornalista respons\u00e1vel do \"Pr\u00f3speri News\" (blogdoprosperi.com).","sameAs":["http:\/\/blogdoprosperi.com","Luiz Pr\u00f3speri","@luiz_prosperi","https:\/\/x.com\/Luizprosperi","@prosperinacopa","luiz.prosperi@icloud.com"],"url":"https:\/\/blogdoprosperi.com\/?author=102107496"}]}},"jetpack_publicize_connections":[],"jetpack_likes_enabled":false,"jetpack_sharing_enabled":true,"jetpack_shortlink":"https:\/\/wp.me\/p7jvdk-rv","jetpack-related-posts":[{"id":1646,"url":"https:\/\/blogdoprosperi.com\/?p=1646","url_meta":{"origin":1705,"position":0},"title":"Palmeiras avan\u00e7a no Paulist\u00e3o e volta a desafiar o Santos na Vila","author":"Luiz Ant\u00f4nio Pr\u00f3speri","date":"19 de abril de 2016","format":false,"excerpt":"\u00a0 O Palmeiras tem um novo encontro marcado com o Santos, advers\u00e1rio derrotado na decis\u00e3o da Copa do Brasil de 2015. Desta vez vale vaga \u00e0 final do Paulist\u00e3o. \u00c9 jogo de sair fa\u00edsca, tamanha rivalidade acentuada nos \u00faltimos cl\u00e1ssicos. Para encarar o Santos, o time de Cuca teve de\u2026","rel":"","context":"Em &quot;futebol&quot;","block_context":{"text":"futebol","link":"https:\/\/blogdoprosperi.com\/?cat=53870"},"img":{"alt_text":"","src":"https:\/\/i0.wp.com\/blogdoprosperi.com\/wp-content\/uploads\/2016\/04\/pro5.jpg?resize=350%2C200&ssl=1","width":350,"height":200,"srcset":"https:\/\/i0.wp.com\/blogdoprosperi.com\/wp-content\/uploads\/2016\/04\/pro5.jpg?resize=350%2C200&ssl=1 1x, https:\/\/i0.wp.com\/blogdoprosperi.com\/wp-content\/uploads\/2016\/04\/pro5.jpg?resize=525%2C300&ssl=1 1.5x, https:\/\/i0.wp.com\/blogdoprosperi.com\/wp-content\/uploads\/2016\/04\/pro5.jpg?resize=700%2C400&ssl=1 2x, https:\/\/i0.wp.com\/blogdoprosperi.com\/wp-content\/uploads\/2016\/04\/pro5.jpg?resize=1050%2C600&ssl=1 3x, https:\/\/i0.wp.com\/blogdoprosperi.com\/wp-content\/uploads\/2016\/04\/pro5.jpg?resize=1400%2C800&ssl=1 4x"},"classes":[]},{"id":893,"url":"https:\/\/blogdoprosperi.com\/?p=893","url_meta":{"origin":1705,"position":1},"title":"Futebol paulista est\u00e1 sitiado","author":"Luiz Ant\u00f4nio Pr\u00f3speri","date":"12 de abril de 2016","format":false,"excerpt":"A Secretaria de Seguran\u00e7a P\u00fablica de S\u00e3o Paulo, na figura do seu secret\u00e1rio Alexandre Moraes, vetou o jogo Corinthians x Red Bull Brasil neste domingo \u00e0s 16h no Itaquer\u00e3o pelas quartas de final do Paulist\u00e3o. Argumenta que o governo n\u00e3o tem condi\u00e7\u00f5es de garantir a seguran\u00e7a da partida por causa\u2026","rel":"","context":"Em &quot;futebol&quot;","block_context":{"text":"futebol","link":"https:\/\/blogdoprosperi.com\/?cat=53870"},"img":{"alt_text":"","src":"https:\/\/i0.wp.com\/blogdoprosperi.com\/wp-content\/uploads\/2016\/04\/27jul2014-membros-da-torcida-organizada-do-palmeiras-mancha-alviverde-sao-escoltados-pela-policia-militar-da-estacao-dom-bosco-da-cptm-ate-a-arena-corinthians-na-zona-leste-de-sao-paul.jpg?resize=350%2C200&ssl=1","width":350,"height":200,"srcset":"https:\/\/i0.wp.com\/blogdoprosperi.com\/wp-content\/uploads\/2016\/04\/27jul2014-membros-da-torcida-organizada-do-palmeiras-mancha-alviverde-sao-escoltados-pela-policia-militar-da-estacao-dom-bosco-da-cptm-ate-a-arena-corinthians-na-zona-leste-de-sao-paul.jpg?resize=350%2C200&ssl=1 1x, https:\/\/i0.wp.com\/blogdoprosperi.com\/wp-content\/uploads\/2016\/04\/27jul2014-membros-da-torcida-organizada-do-palmeiras-mancha-alviverde-sao-escoltados-pela-policia-militar-da-estacao-dom-bosco-da-cptm-ate-a-arena-corinthians-na-zona-leste-de-sao-paul.jpg?resize=525%2C300&ssl=1 1.5x"},"classes":[]},{"id":35503,"url":"https:\/\/blogdoprosperi.com\/?p=35503","url_meta":{"origin":1705,"position":2},"title":"Clubes querem fim da torcida \u00fanica nos cl\u00e1ssicos das semifinais do Paulist\u00e3o","author":"Luiz Ant\u00f4nio Pr\u00f3speri","date":"11 de abril de 2017","format":false,"excerpt":"Campeonato Paulista 2017 chega \u00e0s semifinais com a Federa\u00e7\u00e3o Paulista de Futebol faturando e alto e a maioria dos clubes do interior com baixa arrecada\u00e7\u00e3o. A not\u00edcia mais relevante \u00e9 que os presidentes dos clubes semifinalistas v\u00e3o pedir \u00e0s autoridades ainda nesta ter\u00e7a-feira o fim da torcida \u00fanica nessa fase\u2026","rel":"","context":"Em &quot;futebol&quot;","block_context":{"text":"futebol","link":"https:\/\/blogdoprosperi.com\/?cat=53870"},"img":{"alt_text":"","src":"https:\/\/i0.wp.com\/blogdoprosperi.com\/wp-content\/uploads\/2017\/04\/alex1605.jpg?resize=350%2C200","width":350,"height":200,"srcset":"https:\/\/i0.wp.com\/blogdoprosperi.com\/wp-content\/uploads\/2017\/04\/alex1605.jpg?resize=350%2C200 1x, https:\/\/i0.wp.com\/blogdoprosperi.com\/wp-content\/uploads\/2017\/04\/alex1605.jpg?resize=525%2C300 1.5x, https:\/\/i0.wp.com\/blogdoprosperi.com\/wp-content\/uploads\/2017\/04\/alex1605.jpg?resize=700%2C400 2x, https:\/\/i0.wp.com\/blogdoprosperi.com\/wp-content\/uploads\/2017\/04\/alex1605.jpg?resize=1050%2C600 3x, https:\/\/i0.wp.com\/blogdoprosperi.com\/wp-content\/uploads\/2017\/04\/alex1605.jpg?resize=1400%2C800 4x"},"classes":[]},{"id":2450,"url":"https:\/\/blogdoprosperi.com\/?p=2450","url_meta":{"origin":1705,"position":3},"title":"Estaduais mais atrapalham do que ajudam o futebol","author":"Luiz Ant\u00f4nio Pr\u00f3speri","date":"26 de abril de 2016","format":false,"excerpt":"Clubes brasileiros se matam nos campeonatos regionais em busca da grana da televis\u00e3o Marca registrada do futebol brasileiro, os Estaduais ocupam pelo menos tr\u00eas meses do calend\u00e1rio nacional sem levar a lugar nenhum.Valem mais pelo dinheiro das cotas de transmiss\u00e3o dos jogos do que o aspecto t\u00e9cnico na forma\u00e7\u00e3o dos\u2026","rel":"","context":"Em &quot;futebol&quot;","block_context":{"text":"futebol","link":"https:\/\/blogdoprosperi.com\/?cat=53870"},"img":{"alt_text":"","src":"https:\/\/i0.wp.com\/blogdoprosperi.com\/wp-content\/uploads\/2016\/04\/19182044-1.jpg?resize=350%2C200&ssl=1","width":350,"height":200,"srcset":"https:\/\/i0.wp.com\/blogdoprosperi.com\/wp-content\/uploads\/2016\/04\/19182044-1.jpg?resize=350%2C200&ssl=1 1x, https:\/\/i0.wp.com\/blogdoprosperi.com\/wp-content\/uploads\/2016\/04\/19182044-1.jpg?resize=525%2C300&ssl=1 1.5x"},"classes":[]},{"id":2380,"url":"https:\/\/blogdoprosperi.com\/?p=2380","url_meta":{"origin":1705,"position":4},"title":"Santos vai \u00e0 final com Vanderlei em tarde de Fernando Prass","author":"Luiz Ant\u00f4nio Pr\u00f3speri","date":"24 de abril de 2016","format":false,"excerpt":"Dorival J\u00fanior vacila nos minutos finais e quase cai na Vila Belmiro na decis\u00e3o das semifinais contra o Palmeiras. Derrotado, Cuca promete enxugar o elenco no Brasileir\u00e3o-2016 Chegar \u00e0 oitava final seguida de Campeonato Paulista n\u00e3o \u00e9 para qualquer um. O Santos conseguiu essa fa\u00e7anha ao derrotar o Palmeiras na\u2026","rel":"","context":"Em &quot;futebol&quot;","block_context":{"text":"futebol","link":"https:\/\/blogdoprosperi.com\/?cat=53870"},"img":{"alt_text":"","src":"https:\/\/i0.wp.com\/blogdoprosperi.com\/wp-content\/uploads\/2016\/04\/pro-2.jpg?resize=350%2C200&ssl=1","width":350,"height":200,"srcset":"https:\/\/i0.wp.com\/blogdoprosperi.com\/wp-content\/uploads\/2016\/04\/pro-2.jpg?resize=350%2C200&ssl=1 1x, https:\/\/i0.wp.com\/blogdoprosperi.com\/wp-content\/uploads\/2016\/04\/pro-2.jpg?resize=525%2C300&ssl=1 1.5x, https:\/\/i0.wp.com\/blogdoprosperi.com\/wp-content\/uploads\/2016\/04\/pro-2.jpg?resize=700%2C400&ssl=1 2x, https:\/\/i0.wp.com\/blogdoprosperi.com\/wp-content\/uploads\/2016\/04\/pro-2.jpg?resize=1050%2C600&ssl=1 3x, https:\/\/i0.wp.com\/blogdoprosperi.com\/wp-content\/uploads\/2016\/04\/pro-2.jpg?resize=1400%2C800&ssl=1 4x"},"classes":[]},{"id":41608,"url":"https:\/\/blogdoprosperi.com\/?p=41608","url_meta":{"origin":1705,"position":5},"title":"S\u00e3o Paulo contrata bombeiro, Corinthians fecha com incendi\u00e1rio","author":"Luiz Ant\u00f4nio Pr\u00f3speri","date":"20 de abril de 2023","format":false,"excerpt":"Dorival Junior no S\u00e3o Paulo e Cuca no Corinthians voltam ao futebol paulista com a dura miss\u00e3o de reerguer dois gigantes.","rel":"","context":"Em &quot;futebol&quot;","block_context":{"text":"futebol","link":"https:\/\/blogdoprosperi.com\/?cat=53870"},"img":{"alt_text":"","src":"https:\/\/i0.wp.com\/blogdoprosperi.com\/wp-content\/uploads\/2023\/04\/fulk2oqxsai4x7e.jpeg?fit=1080%2C1080&ssl=1&resize=350%2C200","width":350,"height":200,"srcset":"https:\/\/i0.wp.com\/blogdoprosperi.com\/wp-content\/uploads\/2023\/04\/fulk2oqxsai4x7e.jpeg?fit=1080%2C1080&ssl=1&resize=350%2C200 1x, https:\/\/i0.wp.com\/blogdoprosperi.com\/wp-content\/uploads\/2023\/04\/fulk2oqxsai4x7e.jpeg?fit=1080%2C1080&ssl=1&resize=525%2C300 1.5x, https:\/\/i0.wp.com\/blogdoprosperi.com\/wp-content\/uploads\/2023\/04\/fulk2oqxsai4x7e.jpeg?fit=1080%2C1080&ssl=1&resize=700%2C400 2x, https:\/\/i0.wp.com\/blogdoprosperi.com\/wp-content\/uploads\/2023\/04\/fulk2oqxsai4x7e.jpeg?fit=1080%2C1080&ssl=1&resize=1050%2C600 3x"},"classes":[]}],"jetpack_featured_media_url":"","_links":{"self":[{"href":"https:\/\/blogdoprosperi.com\/index.php?rest_route=\/wp\/v2\/posts\/1705","targetHints":{"allow":["GET"]}}],"collection":[{"href":"https:\/\/blogdoprosperi.com\/index.php?rest_route=\/wp\/v2\/posts"}],"about":[{"href":"https:\/\/blogdoprosperi.com\/index.php?rest_route=\/wp\/v2\/types\/post"}],"author":[{"embeddable":true,"href":"https:\/\/blogdoprosperi.com\/index.php?rest_route=\/wp\/v2\/users\/102107496"}],"replies":[{"embeddable":true,"href":"https:\/\/blogdoprosperi.com\/index.php?rest_route=%2Fwp%2Fv2%2Fcomments&post=1705"}],"version-history":[{"count":25,"href":"https:\/\/blogdoprosperi.com\/index.php?rest_route=\/wp\/v2\/posts\/1705\/revisions"}],"predecessor-version":[{"id":1792,"href":"https:\/\/blogdoprosperi.com\/index.php?rest_route=\/wp\/v2\/posts\/1705\/revisions\/1792"}],"wp:attachment":[{"href":"https:\/\/blogdoprosperi.com\/index.php?rest_route=%2Fwp%2Fv2%2Fmedia&parent=1705"}],"wp:term":[{"taxonomy":"category","embeddable":true,"href":"https:\/\/blogdoprosperi.com\/index.php?rest_route=%2Fwp%2Fv2%2Fcategories&post=1705"},{"taxonomy":"post_tag","embeddable":true,"href":"https:\/\/blogdoprosperi.com\/index.php?rest_route=%2Fwp%2Fv2%2Ftags&post=1705"}],"curies":[{"name":"wp","href":"https:\/\/api.w.org\/{rel}","templated":true}]}}