{"id":17165,"date":"2016-07-21T20:15:01","date_gmt":"2016-07-21T23:15:01","guid":{"rendered":"http:\/\/blogdoprosperi.com\/?p=17165"},"modified":"2016-07-31T15:05:35","modified_gmt":"2016-07-31T18:05:35","slug":"bauza-perto-da-selecao-argentina-e-tite-passa-o-rapa-no-corinthians","status":"publish","type":"post","link":"https:\/\/blogdoprosperi.com\/?p=17165","title":{"rendered":"Bauza perto da Sele\u00e7\u00e3o Argentina e Tite passa o &#8220;rapa&#8221; no Corinthians"},"content":{"rendered":"<p>&nbsp;<\/p>\n<p><span class=\"alignnone\"><img data-recalc-dims=\"1\" loading=\"lazy\" decoding=\"async\" data-attachment-id=\"17206\" data-permalink=\"https:\/\/blogdoprosperi.com\/?attachment_id=17206\" data-orig-file=\"https:\/\/i0.wp.com\/blogdoprosperi.com\/wp-content\/uploads\/2016\/07\/56c0d24245b97.jpeg?fit=746%2C475&amp;ssl=1\" data-orig-size=\"746,475\" data-comments-opened=\"1\" data-image-meta=\"{&quot;aperture&quot;:&quot;0&quot;,&quot;credit&quot;:&quot;&quot;,&quot;camera&quot;:&quot;&quot;,&quot;caption&quot;:&quot;&quot;,&quot;created_timestamp&quot;:&quot;0&quot;,&quot;copyright&quot;:&quot;&quot;,&quot;focal_length&quot;:&quot;0&quot;,&quot;iso&quot;:&quot;0&quot;,&quot;shutter_speed&quot;:&quot;0&quot;,&quot;title&quot;:&quot;&quot;,&quot;orientation&quot;:&quot;0&quot;}\" data-image-title=\"56c0d24245b97\" data-image-description=\"\" data-image-caption=\"\" data-large-file=\"https:\/\/i0.wp.com\/blogdoprosperi.com\/wp-content\/uploads\/2016\/07\/56c0d24245b97.jpeg?fit=746%2C475&amp;ssl=1\" class=\"alignnone size-full wp-image-17206\" src=\"https:\/\/i0.wp.com\/blogdoprosperi.com\/wp-content\/uploads\/2016\/07\/56c0d24245b97.jpeg?resize=746%2C475&#038;ssl=1\" alt=\"56c0d24245b97\" width=\"746\" height=\"475\" \/><\/span><\/p>\n<p>Edgardo Bauza est\u00e1 perto de sair do S\u00e3o Paulo e assumir o comando da Sele\u00e7\u00e3o Argentina. A informa\u00e7\u00e3o partiu da imprensa de Buenos Aires e d\u00e1 conta que o t\u00e9cnico vai ser convocado por Armando P\u00e9rez, presidente da Comiss\u00e3o Normalizadora da AFA (Associa\u00e7\u00e3o de Futebol Argentino). Bauza seria o sucessor de Tata Martino, demitido ap\u00f3s a Copa Am\u00e9rica Centen\u00e1rio nos EUA.<!--more--><\/p>\n<p>No clube paulista, dirigentes argumentam que, a se confirmar o convite, n\u00e3o t\u00eam como vetar a sa\u00edda de Bauza.<\/p>\n<blockquote><p>&#8220;Ele (Bauza) n\u00e3o nos disse nada. \u00c9 absolutamente natural que se vier o convite ele queira sair. Nesse cen\u00e1rio, haver\u00e1 pouco o que possamos fazer&#8221;, disse Leco, presidente do S\u00e3o Paulo, nesta quinta-feira (21\/7).<\/p><\/blockquote>\n<p>Bauza havia dito \u00e0 r\u00e1dio argentina Cadena Uno, na segunda-feira (18\/7), que seria &#8220;complicado permanecer no S\u00e3o Paulo se o clube n\u00e3o contratasse jogadores de hierarquia&#8221;. \u00a0O clube moveu montanhas e fechou acordos com o atacante Chavez, do Boca Juniors, e o lateral Buffarini, lateral do San Lorenzo (ainda \u00e0 espera de um aval da Fifa).<\/p>\n<p>Investimento do S\u00e3o Paulo alcan\u00e7ou a casa dos R$ 40 milh\u00f5es com Maicon, Cueva, Gilberto, Chavez, Buffarini e Douglas (este, sem custo). Tentativa de suprir as baixas de Ganso, Calleri, Alan Kardec e, inevit\u00e1vel, de Rodrigo Caio.<\/p>\n<p>Tudo isso para agradar Edgardo Bauza e reorganizar o time no Campeonato Brasileiro e Copa \u00a0do Brasil. Pode ter sido em v\u00e3o.<\/p>\n<div class=\"tiled-gallery type-rectangular tiled-gallery-unresized\" data-original-width=\"940\" data-carousel-extra='{&quot;blog_id&quot;:1,&quot;permalink&quot;:&quot;https:\\\/\\\/blogdoprosperi.com\\\/?p=17165&quot;,&quot;likes_blog_id&quot;:108082574}' itemscope itemtype=\"http:\/\/schema.org\/ImageGallery\" > <div class=\"gallery-row\" style=\"width: 940px; height: 266px;\" data-original-width=\"940\" data-original-height=\"266\" > <div class=\"gallery-group images-1\" style=\"width: 470px; height: 266px;\" data-original-width=\"470\" data-original-height=\"266\" > <div class=\"tiled-gallery-item tiled-gallery-item-large\" itemprop=\"associatedMedia\" itemscope itemtype=\"http:\/\/schema.org\/ImageObject\"> <a href=\"https:\/\/blogdoprosperi.com\/?attachment_id=11471\" border=\"0\" itemprop=\"url\"> <meta itemprop=\"width\" content=\"466\"> <meta itemprop=\"height\" content=\"262\"> <img decoding=\"async\" class=\"\" data-attachment-id=\"11471\" data-orig-file=\"https:\/\/blogdoprosperi.com\/wp-content\/uploads\/2016\/06\/622_da4240e4-8436-3676-b75f-a9662a019087.jpg\" data-orig-size=\"622,350\" data-comments-opened=\"1\" data-image-meta=\"{&quot;aperture&quot;:&quot;0&quot;,&quot;credit&quot;:&quot;&quot;,&quot;camera&quot;:&quot;&quot;,&quot;caption&quot;:&quot;&quot;,&quot;created_timestamp&quot;:&quot;0&quot;,&quot;copyright&quot;:&quot;&quot;,&quot;focal_length&quot;:&quot;0&quot;,&quot;iso&quot;:&quot;0&quot;,&quot;shutter_speed&quot;:&quot;0&quot;,&quot;title&quot;:&quot;&quot;,&quot;orientation&quot;:&quot;0&quot;}\" data-image-title=\"622_da4240e4-8436-3676-b75f-a9662a019087\" data-image-description=\"\" data-medium-file=\"https:\/\/i0.wp.com\/blogdoprosperi.com\/wp-content\/uploads\/2016\/06\/622_da4240e4-8436-3676-b75f-a9662a019087.jpg?fit=622%2C350&#038;ssl=1\" data-large-file=\"https:\/\/i0.wp.com\/blogdoprosperi.com\/wp-content\/uploads\/2016\/06\/622_da4240e4-8436-3676-b75f-a9662a019087.jpg?fit=622%2C350&#038;ssl=1\" src=\"https:\/\/i0.wp.com\/blogdoprosperi.com\/wp-content\/uploads\/2016\/06\/622_da4240e4-8436-3676-b75f-a9662a019087.jpg?w=466&#038;h=262&#038;ssl=1\" width=\"466\" height=\"262\" loading=\"lazy\" data-original-width=\"466\" data-original-height=\"262\" itemprop=\"http:\/\/schema.org\/image\" title=\"622_da4240e4-8436-3676-b75f-a9662a019087\" alt=\"622_da4240e4-8436-3676-b75f-a9662a019087\" style=\"width: 466px; height: 262px;\" \/> <\/a> <\/div> <\/div> <!-- close group --> <div class=\"gallery-group images-1\" style=\"width: 470px; height: 266px;\" data-original-width=\"470\" data-original-height=\"266\" > <div class=\"tiled-gallery-item tiled-gallery-item-large\" itemprop=\"associatedMedia\" itemscope itemtype=\"http:\/\/schema.org\/ImageObject\"> <a href=\"https:\/\/blogdoprosperi.com\/?attachment_id=11472\" border=\"0\" itemprop=\"url\"> <meta itemprop=\"width\" content=\"466\"> <meta itemprop=\"height\" content=\"262\"> <img decoding=\"async\" class=\"\" data-attachment-id=\"11472\" data-orig-file=\"https:\/\/blogdoprosperi.com\/wp-content\/uploads\/2016\/06\/vanderlei-luxemburgo.jpg\" data-orig-size=\"640,360\" data-comments-opened=\"1\" data-image-meta=\"{&quot;aperture&quot;:&quot;0&quot;,&quot;credit&quot;:&quot;&quot;,&quot;camera&quot;:&quot;&quot;,&quot;caption&quot;:&quot;&quot;,&quot;created_timestamp&quot;:&quot;0&quot;,&quot;copyright&quot;:&quot;&quot;,&quot;focal_length&quot;:&quot;0&quot;,&quot;iso&quot;:&quot;0&quot;,&quot;shutter_speed&quot;:&quot;0&quot;,&quot;title&quot;:&quot;&quot;,&quot;orientation&quot;:&quot;0&quot;}\" data-image-title=\"vanderlei-luxemburgo\" data-image-description=\"\" data-medium-file=\"https:\/\/i0.wp.com\/blogdoprosperi.com\/wp-content\/uploads\/2016\/06\/vanderlei-luxemburgo.jpg?fit=640%2C360&#038;ssl=1\" data-large-file=\"https:\/\/i0.wp.com\/blogdoprosperi.com\/wp-content\/uploads\/2016\/06\/vanderlei-luxemburgo.jpg?fit=640%2C360&#038;ssl=1\" src=\"https:\/\/i0.wp.com\/blogdoprosperi.com\/wp-content\/uploads\/2016\/06\/vanderlei-luxemburgo.jpg?w=466&#038;h=262&#038;ssl=1\" width=\"466\" height=\"262\" loading=\"lazy\" data-original-width=\"466\" data-original-height=\"262\" itemprop=\"http:\/\/schema.org\/image\" title=\"vanderlei-luxemburgo\" alt=\"vanderlei-luxemburgo\" style=\"width: 466px; height: 262px;\" \/> <\/a> <\/div> <\/div> <!-- close group --> <\/div> <!-- close row --> <\/div>\n<p>Se o treinador resolver ir embora, o S\u00e3o Paulo ter\u00e1 mais uma vez de procurar outro t\u00e9cnico. Mesma hist\u00f3ria vivida na temporada passada com o colombiano Juan Carlos Os\u00f3rio, que deixou o clube paulista no meio do caminho e assumiu a Sele\u00e7\u00e3o do M\u00e9xico.<\/p>\n<p>Sem Bauza, Mano Menezes deve ser o favorito a comandar o Tricolor. Na pra\u00e7a ainda est\u00e3o Vanderlei Luxemburgo e Abel Braga, entre t\u00e9cnicos de peso.<\/p>\n<p><strong>&#8220;TRAI\u00c7\u00c3O&#8221; DE TITE<\/strong><br \/>\nEnquanto o S\u00e3o Paulo vive esse drama da sa\u00edda do treinador, no Corinthians a sensa\u00e7\u00e3o \u00e9 de que Tite n\u00e3o foi, digamos, leal com o clube.<\/p>\n<p>A convite da CBF, o treinador assumiu a Sele\u00e7\u00e3o Brasileira e levou junto profissionais importantes do Corinthians: o gerente Edu Gaspar; o preparador f\u00edsico Fabio Mashseredjian, o auxiliar t\u00e9cnico Cleber Xavier, o auxiliar de an\u00e1lise Matheus Zacchi (filho de Tite) e ainda queria levar o preparador de goleiros, mas optou por Taffarel, da comiss\u00e3o t\u00e9cnica de Dunga.<\/p>\n<figure id=\"attachment_11473\" aria-describedby=\"caption-attachment-11473\" style=\"width: 2211px\" class=\"wp-caption alignnone\"><img data-recalc-dims=\"1\" loading=\"lazy\" decoding=\"async\" data-attachment-id=\"11473\" data-permalink=\"https:\/\/blogdoprosperi.com\/?attachment_id=11473\" data-orig-file=\"https:\/\/i0.wp.com\/blogdoprosperi.com\/wp-content\/uploads\/2016\/06\/sylvinho-inter-1.jpg?fit=2211%2C1713&amp;ssl=1\" data-orig-size=\"2211,1713\" data-comments-opened=\"1\" data-image-meta=\"{&quot;aperture&quot;:&quot;2.8&quot;,&quot;credit&quot;:&quot;LaPresse&quot;,&quot;camera&quot;:&quot;Canon EOS-1D Mark IV&quot;,&quot;caption&quot;:&quot;Foto LaPresse - Spada\\n03 Febbraio 2016 Milano  ( Italia)\\nSport Calcio\\nInter - Chievo Verona\\nCampionato di Calcio Serie A TIM 2015 2016 - \\&quot; Stadio San Siro \\&quot;\\nNella foto: Sylvinho\\n \\nPhoto LaPresse - Spada\\nFebruary 03, 2016 Milan ( Italy)\\nSport Soccer\\nInter - Chievo Verona\\nItalian Football Championship League A TIM 2015 2016 - \\&quot; San Siro  Stadium \\&quot;\\nIn the pic:  Sylvinho&quot;,&quot;created_timestamp&quot;:&quot;1454533846&quot;,&quot;copyright&quot;:&quot;LaPresse&quot;,&quot;focal_length&quot;:&quot;400&quot;,&quot;iso&quot;:&quot;2500&quot;,&quot;shutter_speed&quot;:&quot;0.0008&quot;,&quot;title&quot;:&quot;Inter - Chievo Verona&quot;,&quot;orientation&quot;:&quot;1&quot;}\" data-image-title=\"Inter &amp;#8211; Chievo Verona\" data-image-description=\"\" data-image-caption=\"&lt;p&gt;Foto LaPresse &amp;#8211; Spada&lt;br \/&gt;\n03 Febbraio 2016 Milano  ( Italia)&lt;br \/&gt;\nSport Calcio&lt;br \/&gt;\nInter &amp;#8211; Chievo Verona&lt;br \/&gt;\nCampionato di Calcio Serie A TIM 2015 2016 &amp;#8211; &amp;#8221; Stadio San Siro &amp;#8221;&lt;br \/&gt;\nNella foto: Sylvinho&lt;\/p&gt;\n&lt;p&gt;Photo LaPresse &amp;#8211; Spada&lt;br \/&gt;\nFebruary 03, 2016 Milan ( Italy)&lt;br \/&gt;\nSport Soccer&lt;br \/&gt;\nInter &amp;#8211; Chievo Verona&lt;br \/&gt;\nItalian Football Championship League A TIM 2015 2016 &amp;#8211; &amp;#8221; San Siro  Stadium &amp;#8221;&lt;br \/&gt;\nIn the pic:  Sylvinho&lt;\/p&gt;\n\" data-large-file=\"https:\/\/i0.wp.com\/blogdoprosperi.com\/wp-content\/uploads\/2016\/06\/sylvinho-inter-1.jpg?fit=940%2C728&amp;ssl=1\" class=\"alignnone size-full wp-image-11473\" src=\"https:\/\/i0.wp.com\/blogdoprosperi.com\/wp-content\/uploads\/2016\/06\/sylvinho-inter-1.jpg?resize=940%2C728&#038;ssl=1\" alt=\"Inter - Chievo Verona\" width=\"940\" height=\"728\" \/><figcaption id=\"caption-attachment-11473\" class=\"wp-caption-text\">Sylvinho na Inter de Mil\u00e3o e agora auxiliar de Tite na Sele\u00e7\u00e3o Brasileira<\/figcaption><\/figure>\n<p>Mais que &#8220;passar o rapa&#8221; na maioria dos profissionais da comiss\u00e3o t\u00e9cnica do Corinthians, Tite convidou Sylvinho, seu ex-auxiliar no clube paulista, para desempenhar a mesma fun\u00e7\u00e3o na Sele\u00e7\u00e3o Brasileira.<\/p>\n<p>Sylvinho, quando Tite assumiu a Sele\u00e7\u00e3o, foi convidado pelo presidente do Corinthians para ser o treinador do time. Sylvinho negou o convite alegando que n\u00e3o poderia deixar a Europa, onde faz o curso de treinador da Uefa e tamb\u00e9m trabalha como auxiliar t\u00e9cnico na Inter de Mil\u00e3o.<\/p>\n<p>Negou o Corinthians e aceitou o convite de Tite na Sel\u00e7\u00e3o.<\/p>\n<p>Clubes, quando trocam de treinadores, s\u00e3o esculachados por falta de planejamento. \u00a0Treinadores, quando trocam de clubes, s\u00e3o acusados de mercen\u00e1rios.<\/p>\n<p>Esse \u00e9 um eixo que faz o futebol brasileiro girar.<\/p>\n","protected":false},"excerpt":{"rendered":"<p>&nbsp; Edgardo Bauza est\u00e1 perto de sair do S\u00e3o Paulo e assumir o comando da Sele\u00e7\u00e3o Argentina. A [&hellip;]<\/p>\n","protected":false},"author":102107496,"featured_media":0,"comment_status":"open","ping_status":"open","sticky":false,"template":"","format":"standard","meta":{"_coblocks_attr":"","_coblocks_dimensions":"","_coblocks_responsive_height":"","_coblocks_accordion_ie_support":"","_jetpack_newsletter_access":"","_jetpack_dont_email_post_to_subs":false,"_jetpack_newsletter_tier_id":0,"_jetpack_memberships_contains_paywalled_content":false,"_wpcom_ai_launchpad_first_post":false,"_jetpack_feature_clip_id":0,"_jetpack_memberships_contains_paid_content":false,"footnotes":"","jetpack_publicize_message":"","jetpack_publicize_feature_enabled":true,"jetpack_social_post_already_shared":false,"jetpack_social_options":{"image_generator_settings":{"template":"highway","default_image_id":0,"font":"","enabled":false},"version":2},"jetpack_post_was_ever_published":false},"categories":[53870],"tags":[3847764,177066,789560560,972018,4600373,789560562,1432792,1814220],"class_list":["post-17165","post","type-post","status-publish","format-standard","hentry","category-futebol","tag-bauza","tag-corinthians","tag-futebol","tag-sao-paulo-fc","tag-selecao-argentina","tag-selecao-brasileira","tag-sylvinho","tag-tite"],"yoast_head":"<!-- This site is optimized with the Yoast SEO plugin v28.3 - https:\/\/yoast.com\/product\/yoast-seo-wordpress\/ -->\n<title>Bauza perto da Sele\u00e7\u00e3o Argentina e Tite passa o &quot;rapa&quot; no Corinthians - PR\u00d3SPERI NEWS<\/title>\n<meta name=\"robots\" content=\"index, follow, max-snippet:-1, max-image-preview:large, max-video-preview:-1\" \/>\n<link rel=\"canonical\" href=\"https:\/\/blogdoprosperi.com\/?p=17165\" \/>\n<meta property=\"og:locale\" content=\"pt_BR\" \/>\n<meta property=\"og:type\" content=\"article\" \/>\n<meta property=\"og:title\" content=\"Bauza perto da Sele\u00e7\u00e3o Argentina e Tite passa o &quot;rapa&quot; no Corinthians - PR\u00d3SPERI NEWS\" \/>\n<meta property=\"og:description\" content=\"&nbsp; Edgardo Bauza est\u00e1 perto de sair do S\u00e3o Paulo e assumir o comando da Sele\u00e7\u00e3o Argentina. A [&hellip;]\" \/>\n<meta property=\"og:url\" content=\"https:\/\/blogdoprosperi.com\/?p=17165\" \/>\n<meta property=\"og:site_name\" content=\"PR\u00d3SPERI NEWS\" \/>\n<meta property=\"article:publisher\" content=\"Luiz Pr\u00f3speri\" \/>\n<meta property=\"article:author\" content=\"Luiz Pr\u00f3speri\" \/>\n<meta property=\"article:published_time\" content=\"2016-07-21T23:15:01+00:00\" \/>\n<meta property=\"article:modified_time\" content=\"2016-07-31T18:05:35+00:00\" \/>\n<meta property=\"og:image\" content=\"https:\/\/i0.wp.com\/blogdoprosperi.com\/wp-content\/uploads\/2016\/06\/622_da4240e4-8436-3676-b75f-a9662a019087.jpg?w=466&#038;h=262&#038;ssl=1\" \/>\n<meta name=\"author\" content=\"Luiz Ant\u00f4nio Pr\u00f3speri\" \/>\n<meta name=\"twitter:card\" content=\"summary_large_image\" \/>\n<meta name=\"twitter:creator\" content=\"@Luizprosperi\" \/>\n<meta name=\"twitter:site\" content=\"@Luizprosperi\" \/>\n<meta name=\"twitter:label1\" content=\"Escrito por\" \/>\n\t<meta name=\"twitter:data1\" content=\"Luiz Ant\u00f4nio Pr\u00f3speri\" \/>\n\t<meta name=\"twitter:label2\" content=\"Est. tempo de leitura\" \/>\n\t<meta name=\"twitter:data2\" content=\"3 minutos\" \/>\n<script type=\"application\/ld+json\" class=\"yoast-schema-graph\">{\"@context\":\"https:\\\/\\\/schema.org\",\"@graph\":[{\"@type\":\"Article\",\"@id\":\"https:\\\/\\\/blogdoprosperi.com\\\/?p=17165#article\",\"isPartOf\":{\"@id\":\"https:\\\/\\\/blogdoprosperi.com\\\/?p=17165\"},\"author\":{\"name\":\"Luiz Ant\u00f4nio Pr\u00f3speri\",\"@id\":\"https:\\\/\\\/blogdoprosperi.com\\\/#\\\/schema\\\/person\\\/38100755ce3601861ee4fab9b5aa78e9\"},\"headline\":\"Bauza perto da Sele\u00e7\u00e3o Argentina e Tite passa o &#8220;rapa&#8221; no Corinthians\",\"datePublished\":\"2016-07-21T23:15:01+00:00\",\"dateModified\":\"2016-07-31T18:05:35+00:00\",\"mainEntityOfPage\":{\"@id\":\"https:\\\/\\\/blogdoprosperi.com\\\/?p=17165\"},\"wordCount\":591,\"commentCount\":3,\"publisher\":{\"@id\":\"https:\\\/\\\/blogdoprosperi.com\\\/#\\\/schema\\\/person\\\/38100755ce3601861ee4fab9b5aa78e9\"},\"image\":{\"@id\":\"https:\\\/\\\/blogdoprosperi.com\\\/?p=17165#primaryimage\"},\"thumbnailUrl\":\"https:\\\/\\\/blogdoprosperi.com\\\/wp-content\\\/uploads\\\/2016\\\/07\\\/56c0d24245b97.jpeg\",\"keywords\":[\"Bauza\",\"Corinthians\",\"futebol\",\"S\u00e3o Paulo FC\",\"Sele\u00e7\u00e3o Argentina\",\"Sele\u00e7\u00e3o Brasileira\",\"Sylvinho\",\"Tite\"],\"articleSection\":[\"futebol\"],\"inLanguage\":\"pt-BR\",\"potentialAction\":[{\"@type\":\"CommentAction\",\"name\":\"Comment\",\"target\":[\"https:\\\/\\\/blogdoprosperi.com\\\/?p=17165#respond\"]}]},{\"@type\":\"WebPage\",\"@id\":\"https:\\\/\\\/blogdoprosperi.com\\\/?p=17165\",\"url\":\"https:\\\/\\\/blogdoprosperi.com\\\/?p=17165\",\"name\":\"Bauza perto da Sele\u00e7\u00e3o Argentina e Tite passa o \\\"rapa\\\" no Corinthians - PR\u00d3SPERI NEWS\",\"isPartOf\":{\"@id\":\"https:\\\/\\\/blogdoprosperi.com\\\/#website\"},\"primaryImageOfPage\":{\"@id\":\"https:\\\/\\\/blogdoprosperi.com\\\/?p=17165#primaryimage\"},\"image\":{\"@id\":\"https:\\\/\\\/blogdoprosperi.com\\\/?p=17165#primaryimage\"},\"thumbnailUrl\":\"https:\\\/\\\/blogdoprosperi.com\\\/wp-content\\\/uploads\\\/2016\\\/07\\\/56c0d24245b97.jpeg\",\"datePublished\":\"2016-07-21T23:15:01+00:00\",\"dateModified\":\"2016-07-31T18:05:35+00:00\",\"breadcrumb\":{\"@id\":\"https:\\\/\\\/blogdoprosperi.com\\\/?p=17165#breadcrumb\"},\"inLanguage\":\"pt-BR\",\"potentialAction\":[{\"@type\":\"ReadAction\",\"target\":[\"https:\\\/\\\/blogdoprosperi.com\\\/?p=17165\"]}]},{\"@type\":\"ImageObject\",\"inLanguage\":\"pt-BR\",\"@id\":\"https:\\\/\\\/blogdoprosperi.com\\\/?p=17165#primaryimage\",\"url\":\"https:\\\/\\\/i0.wp.com\\\/blogdoprosperi.com\\\/wp-content\\\/uploads\\\/2016\\\/07\\\/56c0d24245b97.jpeg?fit=746%2C475&ssl=1\",\"contentUrl\":\"https:\\\/\\\/i0.wp.com\\\/blogdoprosperi.com\\\/wp-content\\\/uploads\\\/2016\\\/07\\\/56c0d24245b97.jpeg?fit=746%2C475&ssl=1\",\"width\":746,\"height\":475},{\"@type\":\"BreadcrumbList\",\"@id\":\"https:\\\/\\\/blogdoprosperi.com\\\/?p=17165#breadcrumb\",\"itemListElement\":[{\"@type\":\"ListItem\",\"position\":1,\"name\":\"In\u00edcio\",\"item\":\"https:\\\/\\\/blogdoprosperi.com\\\/\"},{\"@type\":\"ListItem\",\"position\":2,\"name\":\"Bauza perto da Sele\u00e7\u00e3o Argentina e Tite passa o &#8220;rapa&#8221; no Corinthians\"}]},{\"@type\":\"WebSite\",\"@id\":\"https:\\\/\\\/blogdoprosperi.com\\\/#website\",\"url\":\"https:\\\/\\\/blogdoprosperi.com\\\/\",\"name\":\"PR\u00d3SPERI NEWS\",\"description\":\"TUDO \u00c9  FUTEBOL\",\"publisher\":{\"@id\":\"https:\\\/\\\/blogdoprosperi.com\\\/#\\\/schema\\\/person\\\/38100755ce3601861ee4fab9b5aa78e9\"},\"alternateName\":\"blogdoprosperi.com\",\"potentialAction\":[{\"@type\":\"SearchAction\",\"target\":{\"@type\":\"EntryPoint\",\"urlTemplate\":\"https:\\\/\\\/blogdoprosperi.com\\\/?s={search_term_string}\"},\"query-input\":{\"@type\":\"PropertyValueSpecification\",\"valueRequired\":true,\"valueName\":\"search_term_string\"}}],\"inLanguage\":\"pt-BR\"},{\"@type\":[\"Person\",\"Organization\"],\"@id\":\"https:\\\/\\\/blogdoprosperi.com\\\/#\\\/schema\\\/person\\\/38100755ce3601861ee4fab9b5aa78e9\",\"name\":\"Luiz Ant\u00f4nio Pr\u00f3speri\",\"pronouns\":\"ele\",\"image\":{\"@type\":\"ImageObject\",\"inLanguage\":\"pt-BR\",\"@id\":\"https:\\\/\\\/i0.wp.com\\\/blogdoprosperi.com\\\/wp-content\\\/uploads\\\/2026\\\/05\\\/cropped-8059e613-6002-42fa-961e-8e275f575d71-2-5.jpg?fit=1360%2C931&ssl=1\",\"url\":\"https:\\\/\\\/i0.wp.com\\\/blogdoprosperi.com\\\/wp-content\\\/uploads\\\/2026\\\/05\\\/cropped-8059e613-6002-42fa-961e-8e275f575d71-2-5.jpg?fit=1360%2C931&ssl=1\",\"contentUrl\":\"https:\\\/\\\/i0.wp.com\\\/blogdoprosperi.com\\\/wp-content\\\/uploads\\\/2026\\\/05\\\/cropped-8059e613-6002-42fa-961e-8e275f575d71-2-5.jpg?fit=1360%2C931&ssl=1\",\"width\":1360,\"height\":931,\"caption\":\"Luiz Ant\u00f4nio Pr\u00f3speri\"},\"logo\":{\"@id\":\"https:\\\/\\\/i0.wp.com\\\/blogdoprosperi.com\\\/wp-content\\\/uploads\\\/2026\\\/05\\\/cropped-8059e613-6002-42fa-961e-8e275f575d71-2-5.jpg?fit=1360%2C931&ssl=1\"},\"description\":\"Jornalista com carreira dedicada ao esporte. Cobriu 9 Copas do Mundo in loco, 1990 na It\u00e1lia, 1994 nos EUA, 1998 na Fran\u00e7a, 2002 na Coreia do Sul e Jap\u00e3o, 2006 na Alemanha, 2010 na \u00c1frica do Sul, 2014 no Brasil, 2018 na R\u00fassia e 2022 no Qatar. Eurocopas, 1992 na Su\u00e9cia e 1996 na Inglaterra. Copa das Confedera\u00e7\u00f5es de 2005 na Alemanha e 2009 na \u00c1frica do Sul. Rep\u00f3rter e Editor, trabalhou no Jornal da Tarde e Estad\u00e3o, de 1984 a fevereiro de 2016. Colunista, blogueiro. E comentarista de futebol na R\u00e1dio Estad\u00e3o, de 2013 a fevereiro de 2016. Jornalista respons\u00e1vel do \\\"Pr\u00f3speri News\\\" (blogdoprosperi.com).\",\"sameAs\":[\"http:\\\/\\\/blogdoprosperi.com\",\"Luiz Pr\u00f3speri\",\"@luiz_prosperi\",\"https:\\\/\\\/x.com\\\/Luizprosperi\",\"@prosperinacopa\",\"luiz.prosperi@icloud.com\"],\"url\":\"https:\\\/\\\/blogdoprosperi.com\\\/?author=102107496\"}]}<\/script>\n<!-- \/ Yoast SEO plugin. -->","yoast_head_json":{"title":"Bauza perto da Sele\u00e7\u00e3o Argentina e Tite passa o \"rapa\" no Corinthians - PR\u00d3SPERI NEWS","robots":{"index":"index","follow":"follow","max-snippet":"max-snippet:-1","max-image-preview":"max-image-preview:large","max-video-preview":"max-video-preview:-1"},"canonical":"https:\/\/blogdoprosperi.com\/?p=17165","og_locale":"pt_BR","og_type":"article","og_title":"Bauza perto da Sele\u00e7\u00e3o Argentina e Tite passa o \"rapa\" no Corinthians - PR\u00d3SPERI NEWS","og_description":"&nbsp; Edgardo Bauza est\u00e1 perto de sair do S\u00e3o Paulo e assumir o comando da Sele\u00e7\u00e3o Argentina. A [&hellip;]","og_url":"https:\/\/blogdoprosperi.com\/?p=17165","og_site_name":"PR\u00d3SPERI NEWS","article_publisher":"Luiz Pr\u00f3speri","article_author":"Luiz Pr\u00f3speri","article_published_time":"2016-07-21T23:15:01+00:00","article_modified_time":"2016-07-31T18:05:35+00:00","og_image":[{"url":"https:\/\/i0.wp.com\/blogdoprosperi.com\/wp-content\/uploads\/2016\/06\/622_da4240e4-8436-3676-b75f-a9662a019087.jpg?w=466&#038;h=262&#038;ssl=1","type":"","width":"","height":""}],"author":"Luiz Ant\u00f4nio Pr\u00f3speri","twitter_card":"summary_large_image","twitter_creator":"@Luizprosperi","twitter_site":"@Luizprosperi","twitter_misc":{"Escrito por":"Luiz Ant\u00f4nio Pr\u00f3speri","Est. tempo de leitura":"3 minutos"},"schema":{"@context":"https:\/\/schema.org","@graph":[{"@type":"Article","@id":"https:\/\/blogdoprosperi.com\/?p=17165#article","isPartOf":{"@id":"https:\/\/blogdoprosperi.com\/?p=17165"},"author":{"name":"Luiz Ant\u00f4nio Pr\u00f3speri","@id":"https:\/\/blogdoprosperi.com\/#\/schema\/person\/38100755ce3601861ee4fab9b5aa78e9"},"headline":"Bauza perto da Sele\u00e7\u00e3o Argentina e Tite passa o &#8220;rapa&#8221; no Corinthians","datePublished":"2016-07-21T23:15:01+00:00","dateModified":"2016-07-31T18:05:35+00:00","mainEntityOfPage":{"@id":"https:\/\/blogdoprosperi.com\/?p=17165"},"wordCount":591,"commentCount":3,"publisher":{"@id":"https:\/\/blogdoprosperi.com\/#\/schema\/person\/38100755ce3601861ee4fab9b5aa78e9"},"image":{"@id":"https:\/\/blogdoprosperi.com\/?p=17165#primaryimage"},"thumbnailUrl":"https:\/\/blogdoprosperi.com\/wp-content\/uploads\/2016\/07\/56c0d24245b97.jpeg","keywords":["Bauza","Corinthians","futebol","S\u00e3o Paulo FC","Sele\u00e7\u00e3o Argentina","Sele\u00e7\u00e3o Brasileira","Sylvinho","Tite"],"articleSection":["futebol"],"inLanguage":"pt-BR","potentialAction":[{"@type":"CommentAction","name":"Comment","target":["https:\/\/blogdoprosperi.com\/?p=17165#respond"]}]},{"@type":"WebPage","@id":"https:\/\/blogdoprosperi.com\/?p=17165","url":"https:\/\/blogdoprosperi.com\/?p=17165","name":"Bauza perto da Sele\u00e7\u00e3o Argentina e Tite passa o \"rapa\" no Corinthians - PR\u00d3SPERI NEWS","isPartOf":{"@id":"https:\/\/blogdoprosperi.com\/#website"},"primaryImageOfPage":{"@id":"https:\/\/blogdoprosperi.com\/?p=17165#primaryimage"},"image":{"@id":"https:\/\/blogdoprosperi.com\/?p=17165#primaryimage"},"thumbnailUrl":"https:\/\/blogdoprosperi.com\/wp-content\/uploads\/2016\/07\/56c0d24245b97.jpeg","datePublished":"2016-07-21T23:15:01+00:00","dateModified":"2016-07-31T18:05:35+00:00","breadcrumb":{"@id":"https:\/\/blogdoprosperi.com\/?p=17165#breadcrumb"},"inLanguage":"pt-BR","potentialAction":[{"@type":"ReadAction","target":["https:\/\/blogdoprosperi.com\/?p=17165"]}]},{"@type":"ImageObject","inLanguage":"pt-BR","@id":"https:\/\/blogdoprosperi.com\/?p=17165#primaryimage","url":"https:\/\/i0.wp.com\/blogdoprosperi.com\/wp-content\/uploads\/2016\/07\/56c0d24245b97.jpeg?fit=746%2C475&ssl=1","contentUrl":"https:\/\/i0.wp.com\/blogdoprosperi.com\/wp-content\/uploads\/2016\/07\/56c0d24245b97.jpeg?fit=746%2C475&ssl=1","width":746,"height":475},{"@type":"BreadcrumbList","@id":"https:\/\/blogdoprosperi.com\/?p=17165#breadcrumb","itemListElement":[{"@type":"ListItem","position":1,"name":"In\u00edcio","item":"https:\/\/blogdoprosperi.com\/"},{"@type":"ListItem","position":2,"name":"Bauza perto da Sele\u00e7\u00e3o Argentina e Tite passa o &#8220;rapa&#8221; no Corinthians"}]},{"@type":"WebSite","@id":"https:\/\/blogdoprosperi.com\/#website","url":"https:\/\/blogdoprosperi.com\/","name":"PR\u00d3SPERI NEWS","description":"TUDO \u00c9  FUTEBOL","publisher":{"@id":"https:\/\/blogdoprosperi.com\/#\/schema\/person\/38100755ce3601861ee4fab9b5aa78e9"},"alternateName":"blogdoprosperi.com","potentialAction":[{"@type":"SearchAction","target":{"@type":"EntryPoint","urlTemplate":"https:\/\/blogdoprosperi.com\/?s={search_term_string}"},"query-input":{"@type":"PropertyValueSpecification","valueRequired":true,"valueName":"search_term_string"}}],"inLanguage":"pt-BR"},{"@type":["Person","Organization"],"@id":"https:\/\/blogdoprosperi.com\/#\/schema\/person\/38100755ce3601861ee4fab9b5aa78e9","name":"Luiz Ant\u00f4nio Pr\u00f3speri","pronouns":"ele","image":{"@type":"ImageObject","inLanguage":"pt-BR","@id":"https:\/\/i0.wp.com\/blogdoprosperi.com\/wp-content\/uploads\/2026\/05\/cropped-8059e613-6002-42fa-961e-8e275f575d71-2-5.jpg?fit=1360%2C931&ssl=1","url":"https:\/\/i0.wp.com\/blogdoprosperi.com\/wp-content\/uploads\/2026\/05\/cropped-8059e613-6002-42fa-961e-8e275f575d71-2-5.jpg?fit=1360%2C931&ssl=1","contentUrl":"https:\/\/i0.wp.com\/blogdoprosperi.com\/wp-content\/uploads\/2026\/05\/cropped-8059e613-6002-42fa-961e-8e275f575d71-2-5.jpg?fit=1360%2C931&ssl=1","width":1360,"height":931,"caption":"Luiz Ant\u00f4nio Pr\u00f3speri"},"logo":{"@id":"https:\/\/i0.wp.com\/blogdoprosperi.com\/wp-content\/uploads\/2026\/05\/cropped-8059e613-6002-42fa-961e-8e275f575d71-2-5.jpg?fit=1360%2C931&ssl=1"},"description":"Jornalista com carreira dedicada ao esporte. Cobriu 9 Copas do Mundo in loco, 1990 na It\u00e1lia, 1994 nos EUA, 1998 na Fran\u00e7a, 2002 na Coreia do Sul e Jap\u00e3o, 2006 na Alemanha, 2010 na \u00c1frica do Sul, 2014 no Brasil, 2018 na R\u00fassia e 2022 no Qatar. Eurocopas, 1992 na Su\u00e9cia e 1996 na Inglaterra. Copa das Confedera\u00e7\u00f5es de 2005 na Alemanha e 2009 na \u00c1frica do Sul. Rep\u00f3rter e Editor, trabalhou no Jornal da Tarde e Estad\u00e3o, de 1984 a fevereiro de 2016. Colunista, blogueiro. E comentarista de futebol na R\u00e1dio Estad\u00e3o, de 2013 a fevereiro de 2016. Jornalista respons\u00e1vel do \"Pr\u00f3speri News\" (blogdoprosperi.com).","sameAs":["http:\/\/blogdoprosperi.com","Luiz Pr\u00f3speri","@luiz_prosperi","https:\/\/x.com\/Luizprosperi","@prosperinacopa","luiz.prosperi@icloud.com"],"url":"https:\/\/blogdoprosperi.com\/?author=102107496"}]}},"jetpack_publicize_connections":[],"jetpack_likes_enabled":false,"jetpack_sharing_enabled":true,"jetpack_shortlink":"https:\/\/wp.me\/p7jvdk-4sR","jetpack-related-posts":[{"id":18356,"url":"https:\/\/blogdoprosperi.com\/?p=18356","url_meta":{"origin":17165,"position":0},"title":"S\u00e3o Paulo corre atr\u00e1s de um novo t\u00e9cnico. Edgardo Bauza assume Argentina","author":"Luiz Ant\u00f4nio Pr\u00f3speri","date":"1 de agosto de 2016","format":false,"excerpt":"Diretor do Tricolor diz que contrata\u00e7\u00e3o de um treinador est\u00e1 bem encaminhada e garante que \u00e9 um profissional com carreira consolidada S\u00e3o Paulo est\u00e1 sem treinador com a sa\u00edda de Edgardo Bauza para assumir a Sele\u00e7\u00e3o da Argentina. Armando P\u00e9rez, presidente interino da AFA, anunciou nesta segunda-feira a escolha de\u2026","rel":"","context":"Em &quot;futebol&quot;","block_context":{"text":"futebol","link":"https:\/\/blogdoprosperi.com\/?cat=53870"},"img":{"alt_text":"","src":"https:\/\/i0.wp.com\/blogdoprosperi.com\/wp-content\/uploads\/2016\/08\/abel_braga_jazira.jpg?resize=350%2C200","width":350,"height":200,"srcset":"https:\/\/i0.wp.com\/blogdoprosperi.com\/wp-content\/uploads\/2016\/08\/abel_braga_jazira.jpg?resize=350%2C200 1x, https:\/\/i0.wp.com\/blogdoprosperi.com\/wp-content\/uploads\/2016\/08\/abel_braga_jazira.jpg?resize=525%2C300 1.5x, https:\/\/i0.wp.com\/blogdoprosperi.com\/wp-content\/uploads\/2016\/08\/abel_braga_jazira.jpg?resize=700%2C400 2x"},"classes":[]},{"id":17337,"url":"https:\/\/blogdoprosperi.com\/?p=17337","url_meta":{"origin":17165,"position":1},"title":"Bauza disse sim \u00e0 Sele\u00e7\u00e3o Argentina e aguarda decis\u00e3o dos dirigentes","author":"Luiz Ant\u00f4nio Pr\u00f3speri","date":"22 de julho de 2016","format":false,"excerpt":"S\u00e3o Paulo se meteu em uma enrascada ao apostar no t\u00e9cnico argentino Edgardo Bauza. Situa\u00e7\u00e3o bem parecida com a que o clube viveu com o colombiano Juan Carlos Osorio na temporada passada. Bauza \u00e9 candidato a assumir a Sele\u00e7\u00e3o da Argentina e saiu fortalecido ap\u00f3s reuni\u00e3o com Armando P\u00e9rez, presidente\u2026","rel":"","context":"Em &quot;futebol&quot;","block_context":{"text":"futebol","link":"https:\/\/blogdoprosperi.com\/?cat=53870"},"img":{"alt_text":"","src":"https:\/\/i0.wp.com\/blogdoprosperi.com\/wp-content\/uploads\/2016\/07\/dsc_0482_crop_galeria.jpg?resize=350%2C200&ssl=1","width":350,"height":200,"srcset":"https:\/\/i0.wp.com\/blogdoprosperi.com\/wp-content\/uploads\/2016\/07\/dsc_0482_crop_galeria.jpg?resize=350%2C200&ssl=1 1x, https:\/\/i0.wp.com\/blogdoprosperi.com\/wp-content\/uploads\/2016\/07\/dsc_0482_crop_galeria.jpg?resize=525%2C300&ssl=1 1.5x, https:\/\/i0.wp.com\/blogdoprosperi.com\/wp-content\/uploads\/2016\/07\/dsc_0482_crop_galeria.jpg?resize=700%2C400&ssl=1 2x"},"classes":[]},{"id":20431,"url":"https:\/\/blogdoprosperi.com\/?p=20431","url_meta":{"origin":17165,"position":2},"title":"Argentina e Brasil, fora da ordem mundial do futebol","author":"Luiz Ant\u00f4nio Pr\u00f3speri","date":"10 de agosto de 2016","format":false,"excerpt":"Argentina est\u00e1 fora do torneio de futebol dos Jogos do Rio. Caiu eliminada na primeira fase ao empatar (1 a 1) com Honduras nesta quarta-feira (10\/8). A queda recebeu duras cr\u00edticas da imprensa de Buenos Aires. \"Papel\u00e3o\" estamparam sites do respeitado La Nacion e do bem-humorado Ol\u00e9. Jogadores da sele\u00e7\u00e3o\u2026","rel":"","context":"Em &quot;futebol&quot;","block_context":{"text":"futebol","link":"https:\/\/blogdoprosperi.com\/?cat=53870"},"img":{"alt_text":"","src":"https:\/\/i0.wp.com\/blogdoprosperi.com\/wp-content\/uploads\/2016\/08\/588188076.jpg?resize=350%2C200&ssl=1","width":350,"height":200,"srcset":"https:\/\/i0.wp.com\/blogdoprosperi.com\/wp-content\/uploads\/2016\/08\/588188076.jpg?resize=350%2C200&ssl=1 1x, https:\/\/i0.wp.com\/blogdoprosperi.com\/wp-content\/uploads\/2016\/08\/588188076.jpg?resize=525%2C300&ssl=1 1.5x"},"classes":[]},{"id":15343,"url":"https:\/\/blogdoprosperi.com\/?p=15343","url_meta":{"origin":17165,"position":3},"title":"S\u00e3o Paulo pode perder Ganso, Rodrigo Caio, Calleri e Bauza","author":"Luiz Ant\u00f4nio Pr\u00f3speri","date":"7 de julho de 2016","format":false,"excerpt":"S\u00e3o Paulo vive um momento delicado ap\u00f3s a derrota ao Atl\u00e9tico Nacional nesta quarta-feira (06\/7). A pr\u00f3ximas semana ser\u00e1 decisiva ao futuro do clube paulista na temporada com a quase inevit\u00e1vel queda nas semifinais da Copa Libertadores. Pode ter perdas consider\u00e1veis. Paulo Henrique Ganso e Rodrigo Caio est\u00e3o de sa\u00edda.\u2026","rel":"","context":"Em &quot;futebol&quot;","block_context":{"text":"futebol","link":"https:\/\/blogdoprosperi.com\/?cat=53870"},"img":{"alt_text":"","src":"https:\/\/i0.wp.com\/blogdoprosperi.com\/wp-content\/uploads\/2016\/07\/85adb960-0246-11e6-8a5c-a362efbf840e_20160401111809396_3.jpg?resize=350%2C200&ssl=1","width":350,"height":200,"srcset":"https:\/\/i0.wp.com\/blogdoprosperi.com\/wp-content\/uploads\/2016\/07\/85adb960-0246-11e6-8a5c-a362efbf840e_20160401111809396_3.jpg?resize=350%2C200&ssl=1 1x, https:\/\/i0.wp.com\/blogdoprosperi.com\/wp-content\/uploads\/2016\/07\/85adb960-0246-11e6-8a5c-a362efbf840e_20160401111809396_3.jpg?resize=525%2C300&ssl=1 1.5x"},"classes":[]},{"id":16677,"url":"https:\/\/blogdoprosperi.com\/?p=16677","url_meta":{"origin":17165,"position":4},"title":"S\u00e3o Paulo acerta com Douglas para vaga de Rodrigo Caio e pode perder t\u00e9cnico Bauza","author":"Luiz Ant\u00f4nio Pr\u00f3speri","date":"19 de julho de 2016","format":false,"excerpt":"S\u00e3o Paulo em reconstru\u00e7\u00e3o, ap\u00f3s queda na Libertadores, sofre no mercado","rel":"","context":"Em &quot;futebol&quot;","block_context":{"text":"futebol","link":"https:\/\/blogdoprosperi.com\/?cat=53870"},"img":{"alt_text":"","src":"https:\/\/i0.wp.com\/blogdoprosperi.com\/wp-content\/uploads\/2016\/07\/20151218831327g.jpg?resize=350%2C200&ssl=1","width":350,"height":200,"srcset":"https:\/\/i0.wp.com\/blogdoprosperi.com\/wp-content\/uploads\/2016\/07\/20151218831327g.jpg?resize=350%2C200&ssl=1 1x, https:\/\/i0.wp.com\/blogdoprosperi.com\/wp-content\/uploads\/2016\/07\/20151218831327g.jpg?resize=525%2C300&ssl=1 1.5x"},"classes":[]},{"id":30784,"url":"https:\/\/blogdoprosperi.com\/?p=30784","url_meta":{"origin":17165,"position":5},"title":"S\u00e3o Paulo e Corinthians jogam cl\u00e1ssico de fim de feira neste s\u00e1bado","author":"Luiz Ant\u00f4nio Pr\u00f3speri","date":"3 de novembro de 2016","format":false,"excerpt":"S\u00e3o Paulo e Corinthians se enfrentam neste s\u00e1bado no Morumbi no pior momento dos dois times na temporada. O primeiro briga para n\u00e3o ser rebaixado \u00e0 S\u00e9rie B. O segundo finca unhas na rocha em busca da salvadora vaga na Copa Libertadores. Desespero resume bem a situa\u00e7\u00e3o desses gigantes no\u2026","rel":"","context":"Em &quot;Campeonato Brasileiro&quot;","block_context":{"text":"Campeonato Brasileiro","link":"https:\/\/blogdoprosperi.com\/?cat=355071"},"img":{"alt_text":"","src":"https:\/\/i0.wp.com\/blogdoprosperi.com\/wp-content\/uploads\/2016\/11\/luis-fabiano.jpg?resize=350%2C200&ssl=1","width":350,"height":200,"srcset":"https:\/\/i0.wp.com\/blogdoprosperi.com\/wp-content\/uploads\/2016\/11\/luis-fabiano.jpg?resize=350%2C200&ssl=1 1x, https:\/\/i0.wp.com\/blogdoprosperi.com\/wp-content\/uploads\/2016\/11\/luis-fabiano.jpg?resize=525%2C300&ssl=1 1.5x, https:\/\/i0.wp.com\/blogdoprosperi.com\/wp-content\/uploads\/2016\/11\/luis-fabiano.jpg?resize=700%2C400&ssl=1 2x"},"classes":[]}],"jetpack_featured_media_url":"","_links":{"self":[{"href":"https:\/\/blogdoprosperi.com\/index.php?rest_route=\/wp\/v2\/posts\/17165","targetHints":{"allow":["GET"]}}],"collection":[{"href":"https:\/\/blogdoprosperi.com\/index.php?rest_route=\/wp\/v2\/posts"}],"about":[{"href":"https:\/\/blogdoprosperi.com\/index.php?rest_route=\/wp\/v2\/types\/post"}],"author":[{"embeddable":true,"href":"https:\/\/blogdoprosperi.com\/index.php?rest_route=\/wp\/v2\/users\/102107496"}],"replies":[{"embeddable":true,"href":"https:\/\/blogdoprosperi.com\/index.php?rest_route=%2Fwp%2Fv2%2Fcomments&post=17165"}],"version-history":[{"count":25,"href":"https:\/\/blogdoprosperi.com\/index.php?rest_route=\/wp\/v2\/posts\/17165\/revisions"}],"predecessor-version":[{"id":18157,"href":"https:\/\/blogdoprosperi.com\/index.php?rest_route=\/wp\/v2\/posts\/17165\/revisions\/18157"}],"wp:attachment":[{"href":"https:\/\/blogdoprosperi.com\/index.php?rest_route=%2Fwp%2Fv2%2Fmedia&parent=17165"}],"wp:term":[{"taxonomy":"category","embeddable":true,"href":"https:\/\/blogdoprosperi.com\/index.php?rest_route=%2Fwp%2Fv2%2Fcategories&post=17165"},{"taxonomy":"post_tag","embeddable":true,"href":"https:\/\/blogdoprosperi.com\/index.php?rest_route=%2Fwp%2Fv2%2Ftags&post=17165"}],"curies":[{"name":"wp","href":"https:\/\/api.w.org\/{rel}","templated":true}]}}