{"id":17337,"date":"2016-07-22T20:05:35","date_gmt":"2016-07-22T23:05:35","guid":{"rendered":"http:\/\/blogdoprosperi.com\/?p=17337"},"modified":"2016-07-31T15:02:51","modified_gmt":"2016-07-31T18:02:51","slug":"bauza-disse-sim-a-selecao-argentina-e-aguarda-decisao-dos-dirigentes","status":"publish","type":"post","link":"https:\/\/blogdoprosperi.com\/?p=17337","title":{"rendered":"Bauza disse sim \u00e0 Sele\u00e7\u00e3o Argentina e aguarda decis\u00e3o dos dirigentes"},"content":{"rendered":"<figure id=\"attachment_17431\" aria-describedby=\"caption-attachment-17431\" style=\"width: 620px\" class=\"wp-caption alignnone\"><img data-recalc-dims=\"1\" loading=\"lazy\" decoding=\"async\" data-attachment-id=\"17431\" data-permalink=\"https:\/\/blogdoprosperi.com\/?attachment_id=17431\" data-orig-file=\"https:\/\/i0.wp.com\/blogdoprosperi.com\/wp-content\/uploads\/2016\/07\/la-seleccion-busca-dt-2240066w620.jpg?fit=620%2C348&amp;ssl=1\" data-orig-size=\"620,348\" data-comments-opened=\"1\" data-image-meta=\"{&quot;aperture&quot;:&quot;0&quot;,&quot;credit&quot;:&quot;&quot;,&quot;camera&quot;:&quot;&quot;,&quot;caption&quot;:&quot;&quot;,&quot;created_timestamp&quot;:&quot;0&quot;,&quot;copyright&quot;:&quot;&quot;,&quot;focal_length&quot;:&quot;0&quot;,&quot;iso&quot;:&quot;0&quot;,&quot;shutter_speed&quot;:&quot;0&quot;,&quot;title&quot;:&quot;&quot;,&quot;orientation&quot;:&quot;0&quot;}\" data-image-title=\"la-seleccion-busca-dt-2240066w620\" data-image-description=\"\" data-image-caption=\"\" data-large-file=\"https:\/\/i0.wp.com\/blogdoprosperi.com\/wp-content\/uploads\/2016\/07\/la-seleccion-busca-dt-2240066w620.jpg?fit=620%2C348&amp;ssl=1\" class=\"alignnone size-full wp-image-17431\" src=\"https:\/\/i0.wp.com\/blogdoprosperi.com\/wp-content\/uploads\/2016\/07\/la-seleccion-busca-dt-2240066w620.jpg?resize=620%2C348&#038;ssl=1\" alt=\"la-seleccion-busca-dt-2240066w620\" width=\"620\" height=\"348\" \/><figcaption id=\"caption-attachment-17431\" class=\"wp-caption-text\">Bauza em Buenos Aires, onde se reuni\u00e3o com dirigentes da AFA nesta sexta-feira<\/figcaption><\/figure>\n<p>S\u00e3o Paulo se meteu em uma enrascada ao apostar no t\u00e9cnico argentino Edgardo Bauza. Situa\u00e7\u00e3o bem parecida com a que o clube viveu com o colombiano Juan Carlos Osorio na temporada passada.<\/p>\n<p><a href=\"http:\/\/blogdoprosperi.com\/2016\/07\/21\/bauza-perto-da-selecao-argentina-e-tite-passa-o-rapa-no-corinthians\/\">Bauza <\/a>\u00e9 candidato a assumir a Sele\u00e7\u00e3o da Argentina e saiu fortalecido ap\u00f3s reuni\u00e3o com Armando P\u00e9rez, presidente interino da Associa\u00e7\u00e3o Argentina de Futebol (AFA), das 17h \u00e0s 18h30, desta sexta-feira (22\/7) em Buenos Aires. Pat\u00f3n, como \u00e9 conhecido no futebol, disse &#8220;sim&#8221; aos<a href=\"http:\/\/blogdoprosperi.com\/2016\/07\/07\/sao-paulo-pode-perder-ganso-rodrigo-caio-calleri-e-bauza\/\"> dirigentes da AFA.<\/a><!--more--><\/p>\n<p>\u00c9 a\u00ed que est\u00e1 o problema do S\u00e3o Paulo. Segundo disse P\u00e9rez \u00e0 imprensa argentina, a escolha do pr\u00f3ximo treinador ser\u00e1 concretizada apenas na segunda semana de agosto. At\u00e9 l\u00e1, o dirigente vai ouvir outros candidatos. O Tricolor vai esperar?<\/p>\n<blockquote><p>&#8220;Vou me a reunir com v\u00e1rios (treinadores). Hoje ser\u00e1 o dia de Bauza e Russo (Miguel Angel Russo). Ainda vou jantar com Bilardo, Menotti e Basile (ex-treinadores da Sele\u00e7\u00e3o Argentina) para pedir-lhes suas opini\u00f5es&#8221;, disse Armando P\u00e9rez, na sede da AFA, pouco antes da reuni\u00e3o com Bauza.<\/p><\/blockquote>\n<p>De acordo com o jornal <em>La Naci\u00f3n<\/em>, Marcelo Gallardo (t\u00e9cnico do River Plate)\u00a0e Eduardo Coudet (t\u00e9cnico do Ros\u00e1rio Central) tamb\u00e9m est\u00e3o na lista do interino da AFA. No dia\u00a01.\u00ba de agosto P\u00e9rez deve viajar para a Espanha e se reunir com Diego Simeone\u00a0(Atl\u00e9tico de Madrid) e Jorge Sampaoli\u00a0(Sevilla). N\u00e3o est\u00e1 descartada uma conversa por telefone com Mauricio Pochettino, t\u00e9cnico do\u00a0Tottenham Hotspur.<\/p>\n<p>Enquanto isso, Bauza continuar\u00e1 no <a href=\"http:\/\/blogdoprosperi.com\/2016\/07\/20\/sao-paulo-investe-r-40-milhoes-em-reforcos-e-segura-tecnico-bauza\/\">comando do S\u00e3o Paulo<\/a>, que neste momento n\u00e3o est\u00e1 em uma posi\u00e7\u00e3o confort\u00e1vel no Campeonato Brasileiro e ainda tem a estreia nas oitavas de final da Copa do Brasil.<\/p>\n<figure id=\"attachment_17437\" aria-describedby=\"caption-attachment-17437\" style=\"width: 800px\" class=\"wp-caption alignnone\"><img data-recalc-dims=\"1\" loading=\"lazy\" decoding=\"async\" data-attachment-id=\"17437\" data-permalink=\"https:\/\/blogdoprosperi.com\/?attachment_id=17437\" data-orig-file=\"https:\/\/i0.wp.com\/blogdoprosperi.com\/wp-content\/uploads\/2016\/07\/dsc_0482_crop_galeria.jpg?fit=800%2C515&amp;ssl=1\" data-orig-size=\"800,515\" data-comments-opened=\"1\" data-image-meta=\"{&quot;aperture&quot;:&quot;0&quot;,&quot;credit&quot;:&quot;&quot;,&quot;camera&quot;:&quot;&quot;,&quot;caption&quot;:&quot;&quot;,&quot;created_timestamp&quot;:&quot;0&quot;,&quot;copyright&quot;:&quot;&quot;,&quot;focal_length&quot;:&quot;0&quot;,&quot;iso&quot;:&quot;0&quot;,&quot;shutter_speed&quot;:&quot;0&quot;,&quot;title&quot;:&quot;&quot;,&quot;orientation&quot;:&quot;0&quot;}\" data-image-title=\"DSC_0482_crop_galeria\" data-image-description=\"\" data-image-caption=\"\" data-large-file=\"https:\/\/i0.wp.com\/blogdoprosperi.com\/wp-content\/uploads\/2016\/07\/dsc_0482_crop_galeria.jpg?fit=800%2C515&amp;ssl=1\" class=\"alignnone size-full wp-image-17437\" src=\"https:\/\/i0.wp.com\/blogdoprosperi.com\/wp-content\/uploads\/2016\/07\/dsc_0482_crop_galeria.jpg?resize=800%2C515&#038;ssl=1\" alt=\"DSC_0482_crop_galeria\" width=\"800\" height=\"515\" \/><figcaption id=\"caption-attachment-17437\" class=\"wp-caption-text\">Cueva no treino do S\u00e3o Paulo nesta sexta-feira<\/figcaption><\/figure>\n<p>As quest\u00f5es do momento:<\/p>\n<p><strong>Se a AFA se decidir por Bauza na segunda semana de agosto, como o S\u00e3o Paulo vai reagir?<\/strong><\/p>\n<p><strong>Vai ter de sair correndo atr\u00e1s de um novo treinador na reta decisiva do Brasileir\u00e3o e no mata-mata importante da Copa do Brasil?<\/strong><\/p>\n<p>Na temporada passada, quando Osorio pegou o bon\u00e9 e se mandou para assumir a Sele\u00e7\u00e3o do \u00a0M\u00e9xico, o clube paulista recorreu a Doriva e, em seguida, se socorreu com Milton Cruz.<\/p>\n<p>Bauza j\u00e1 n\u00e3o est\u00e1 com a cabe\u00e7a no S\u00e3o Paulo. Antes de pensar na melhor forma\u00e7\u00e3o ao time paulista, a escala\u00e7\u00e3o da Argentina e a volta de Lionel Messi mexem com seus neur\u00f4nios.<\/p>\n<p>Veja o que o treinador disse ao sair da reuni\u00e3o desta tarde de sexta-feira (22\/7) com o dirigente da AFA:<\/p>\n<blockquote><p>&#8220;Falamos sobre futebol. Ficamos muito satisfeitos com os dirigentes, porque eles confiam em mim, conversarmos em eu ser uma das possibilidades&#8221;.<\/p>\n<p>&#8220;Agora a decis\u00e3o est\u00e1 com os dirigentes e os nomes que est\u00e3o sendo mencionados t\u00eam hierarquia.&#8221;<\/p>\n<p>&#8220;Foi uma boa conversa, distendida de\u00a0futebol, sele\u00e7\u00e3o e o que pode acontecer. Eu mostrei a eles que eu realmente quero e que \u00e9 uma miss\u00e3o muito agrad\u00e1vel e um grande desafio, o maior da minha carreira. Quem n\u00e3o quer comandar a equipe (sele\u00e7\u00e3o)?<\/p>\n<p>&#8220;Para os dirigentes do S\u00e3o Paulo disse-lhes que estava por vir, mas ainda nada est\u00e1 definido. Eu volto agora porque no domingo temos um jogo dif\u00edcil com o Gr\u00eamio.&#8221;<\/p><\/blockquote>\n<p><span class=\"alignnone\"><img data-recalc-dims=\"1\" loading=\"lazy\" decoding=\"async\" data-attachment-id=\"17441\" data-permalink=\"https:\/\/blogdoprosperi.com\/?attachment_id=17441\" data-orig-file=\"https:\/\/i0.wp.com\/blogdoprosperi.com\/wp-content\/uploads\/2016\/07\/messi.jpg?fit=338%2C345&amp;ssl=1\" data-orig-size=\"338,345\" data-comments-opened=\"1\" data-image-meta=\"{&quot;aperture&quot;:&quot;0&quot;,&quot;credit&quot;:&quot;&quot;,&quot;camera&quot;:&quot;&quot;,&quot;caption&quot;:&quot;&quot;,&quot;created_timestamp&quot;:&quot;0&quot;,&quot;copyright&quot;:&quot;&quot;,&quot;focal_length&quot;:&quot;0&quot;,&quot;iso&quot;:&quot;0&quot;,&quot;shutter_speed&quot;:&quot;0&quot;,&quot;title&quot;:&quot;&quot;,&quot;orientation&quot;:&quot;0&quot;}\" data-image-title=\"messi\" data-image-description=\"\" data-image-caption=\"\" data-large-file=\"https:\/\/i0.wp.com\/blogdoprosperi.com\/wp-content\/uploads\/2016\/07\/messi.jpg?fit=338%2C345&amp;ssl=1\" class=\"alignnone wp-image-17441 alignleft\" src=\"https:\/\/i0.wp.com\/blogdoprosperi.com\/wp-content\/uploads\/2016\/07\/messi.jpg?resize=248%2C253&#038;ssl=1\" alt=\"messi\" width=\"248\" height=\"253\" \/><\/span>Sobre <a href=\"http:\/\/blogdoprosperi.com\/2016\/06\/27\/a-terceira-morte-de-lionel-messi\/\">Lionel Messi<\/a> voltar a vestir a camisa da Argentina, ap\u00f3s dar adeus \u00e0 sele\u00e7\u00e3o com a derrota para o Chile na final da Copa Am\u00e9rica Centen\u00e1rio nos Estados Unidos, Bauza disse:<\/p>\n<blockquote><p>&#8220;Voc\u00ea tem que tentar convenc\u00ea-lo a estar na sele\u00e7\u00e3o, mas ele precisa de tempo, n\u00e3o deve ser apressado.&#8221;<\/p><\/blockquote>\n<p>Essas palavras de Edgardo Bauza mais que refor\u00e7am seu desejo de deixar o S\u00e3o Paulo e assumir logo a Argentina.<\/p>\n<p>Dirigentes do Tricolor est\u00e3o no pared\u00e3o. Tocam o barco com o treinador at\u00e9 onde for poss\u00edvel ou se debru\u00e7am no mercado em busca de um sucessor.<\/p>\n","protected":false},"excerpt":{"rendered":"<p>S\u00e3o Paulo se meteu em uma enrascada ao apostar no t\u00e9cnico argentino Edgardo Bauza. Situa\u00e7\u00e3o bem parecida com [&hellip;]<\/p>\n","protected":false},"author":102107496,"featured_media":0,"comment_status":"open","ping_status":"open","sticky":false,"template":"","format":"standard","meta":{"_coblocks_attr":"","_coblocks_dimensions":"","_coblocks_responsive_height":"","_coblocks_accordion_ie_support":"","_jetpack_newsletter_access":"","_jetpack_dont_email_post_to_subs":false,"_jetpack_newsletter_tier_id":0,"_jetpack_memberships_contains_paywalled_content":false,"_wpcom_ai_launchpad_first_post":false,"_jetpack_feature_clip_id":0,"_jetpack_memberships_contains_paid_content":false,"footnotes":"","jetpack_publicize_message":"","jetpack_publicize_feature_enabled":true,"jetpack_social_post_already_shared":false,"jetpack_social_options":{"image_generator_settings":{"template":"highway","default_image_id":0,"font":"","enabled":false},"version":2},"jetpack_post_was_ever_published":false},"categories":[53870],"tags":[88202,299023,8454169,789560560,1725539,81750,972018],"class_list":["post-17337","post","type-post","status-publish","format-standard","hentry","category-futebol","tag-afa","tag-brasileirao","tag-edgardo-bauza","tag-futebol","tag-juan-carlos-osorio","tag-messi","tag-sao-paulo-fc"],"yoast_head":"<!-- This site is optimized with the Yoast SEO plugin v28.3 - https:\/\/yoast.com\/product\/yoast-seo-wordpress\/ -->\n<title>Bauza disse sim \u00e0 Sele\u00e7\u00e3o Argentina e aguarda decis\u00e3o dos dirigentes - PR\u00d3SPERI NEWS<\/title>\n<meta name=\"robots\" content=\"index, follow, max-snippet:-1, max-image-preview:large, max-video-preview:-1\" \/>\n<link rel=\"canonical\" href=\"https:\/\/blogdoprosperi.com\/?p=17337\" \/>\n<meta property=\"og:locale\" content=\"pt_BR\" \/>\n<meta property=\"og:type\" content=\"article\" \/>\n<meta property=\"og:title\" content=\"Bauza disse sim \u00e0 Sele\u00e7\u00e3o Argentina e aguarda decis\u00e3o dos dirigentes - PR\u00d3SPERI NEWS\" \/>\n<meta property=\"og:description\" content=\"S\u00e3o Paulo se meteu em uma enrascada ao apostar no t\u00e9cnico argentino Edgardo Bauza. Situa\u00e7\u00e3o bem parecida com [&hellip;]\" \/>\n<meta property=\"og:url\" content=\"https:\/\/blogdoprosperi.com\/?p=17337\" \/>\n<meta property=\"og:site_name\" content=\"PR\u00d3SPERI NEWS\" \/>\n<meta property=\"article:publisher\" content=\"Luiz Pr\u00f3speri\" \/>\n<meta property=\"article:author\" content=\"Luiz Pr\u00f3speri\" \/>\n<meta property=\"article:published_time\" content=\"2016-07-22T23:05:35+00:00\" \/>\n<meta property=\"article:modified_time\" content=\"2016-07-31T18:02:51+00:00\" \/>\n<meta property=\"og:image\" content=\"https:\/\/blogdoprosperi.com\/wp-content\/uploads\/2016\/07\/la-seleccion-busca-dt-2240066w620.jpg\" \/>\n<meta name=\"author\" content=\"Luiz Ant\u00f4nio Pr\u00f3speri\" \/>\n<meta name=\"twitter:card\" content=\"summary_large_image\" \/>\n<meta name=\"twitter:creator\" content=\"@Luizprosperi\" \/>\n<meta name=\"twitter:site\" content=\"@Luizprosperi\" \/>\n<meta name=\"twitter:label1\" content=\"Escrito por\" \/>\n\t<meta name=\"twitter:data1\" content=\"Luiz Ant\u00f4nio Pr\u00f3speri\" \/>\n\t<meta name=\"twitter:label2\" content=\"Est. tempo de leitura\" \/>\n\t<meta name=\"twitter:data2\" content=\"3 minutos\" \/>\n<script type=\"application\/ld+json\" class=\"yoast-schema-graph\">{\"@context\":\"https:\\\/\\\/schema.org\",\"@graph\":[{\"@type\":\"Article\",\"@id\":\"https:\\\/\\\/blogdoprosperi.com\\\/?p=17337#article\",\"isPartOf\":{\"@id\":\"https:\\\/\\\/blogdoprosperi.com\\\/?p=17337\"},\"author\":{\"name\":\"Luiz Ant\u00f4nio Pr\u00f3speri\",\"@id\":\"https:\\\/\\\/blogdoprosperi.com\\\/#\\\/schema\\\/person\\\/38100755ce3601861ee4fab9b5aa78e9\"},\"headline\":\"Bauza disse sim \u00e0 Sele\u00e7\u00e3o Argentina e aguarda decis\u00e3o dos dirigentes\",\"datePublished\":\"2016-07-22T23:05:35+00:00\",\"dateModified\":\"2016-07-31T18:02:51+00:00\",\"mainEntityOfPage\":{\"@id\":\"https:\\\/\\\/blogdoprosperi.com\\\/?p=17337\"},\"wordCount\":709,\"commentCount\":2,\"publisher\":{\"@id\":\"https:\\\/\\\/blogdoprosperi.com\\\/#\\\/schema\\\/person\\\/38100755ce3601861ee4fab9b5aa78e9\"},\"image\":{\"@id\":\"https:\\\/\\\/blogdoprosperi.com\\\/?p=17337#primaryimage\"},\"thumbnailUrl\":\"https:\\\/\\\/blogdoprosperi.com\\\/wp-content\\\/uploads\\\/2016\\\/07\\\/la-seleccion-busca-dt-2240066w620.jpg\",\"keywords\":[\"AFA\",\"Brasileir\u00e3o\",\"Edgardo Bauza\",\"futebol\",\"Juan Carlos Osorio\",\"Messi\",\"S\u00e3o Paulo FC\"],\"articleSection\":[\"futebol\"],\"inLanguage\":\"pt-BR\",\"potentialAction\":[{\"@type\":\"CommentAction\",\"name\":\"Comment\",\"target\":[\"https:\\\/\\\/blogdoprosperi.com\\\/?p=17337#respond\"]}]},{\"@type\":\"WebPage\",\"@id\":\"https:\\\/\\\/blogdoprosperi.com\\\/?p=17337\",\"url\":\"https:\\\/\\\/blogdoprosperi.com\\\/?p=17337\",\"name\":\"Bauza disse sim \u00e0 Sele\u00e7\u00e3o Argentina e aguarda decis\u00e3o dos dirigentes - PR\u00d3SPERI NEWS\",\"isPartOf\":{\"@id\":\"https:\\\/\\\/blogdoprosperi.com\\\/#website\"},\"primaryImageOfPage\":{\"@id\":\"https:\\\/\\\/blogdoprosperi.com\\\/?p=17337#primaryimage\"},\"image\":{\"@id\":\"https:\\\/\\\/blogdoprosperi.com\\\/?p=17337#primaryimage\"},\"thumbnailUrl\":\"https:\\\/\\\/blogdoprosperi.com\\\/wp-content\\\/uploads\\\/2016\\\/07\\\/la-seleccion-busca-dt-2240066w620.jpg\",\"datePublished\":\"2016-07-22T23:05:35+00:00\",\"dateModified\":\"2016-07-31T18:02:51+00:00\",\"breadcrumb\":{\"@id\":\"https:\\\/\\\/blogdoprosperi.com\\\/?p=17337#breadcrumb\"},\"inLanguage\":\"pt-BR\",\"potentialAction\":[{\"@type\":\"ReadAction\",\"target\":[\"https:\\\/\\\/blogdoprosperi.com\\\/?p=17337\"]}]},{\"@type\":\"ImageObject\",\"inLanguage\":\"pt-BR\",\"@id\":\"https:\\\/\\\/blogdoprosperi.com\\\/?p=17337#primaryimage\",\"url\":\"https:\\\/\\\/i0.wp.com\\\/blogdoprosperi.com\\\/wp-content\\\/uploads\\\/2016\\\/07\\\/la-seleccion-busca-dt-2240066w620.jpg?fit=620%2C348&ssl=1\",\"contentUrl\":\"https:\\\/\\\/i0.wp.com\\\/blogdoprosperi.com\\\/wp-content\\\/uploads\\\/2016\\\/07\\\/la-seleccion-busca-dt-2240066w620.jpg?fit=620%2C348&ssl=1\",\"width\":620,\"height\":348},{\"@type\":\"BreadcrumbList\",\"@id\":\"https:\\\/\\\/blogdoprosperi.com\\\/?p=17337#breadcrumb\",\"itemListElement\":[{\"@type\":\"ListItem\",\"position\":1,\"name\":\"In\u00edcio\",\"item\":\"https:\\\/\\\/blogdoprosperi.com\\\/\"},{\"@type\":\"ListItem\",\"position\":2,\"name\":\"Bauza disse sim \u00e0 Sele\u00e7\u00e3o Argentina e aguarda decis\u00e3o dos dirigentes\"}]},{\"@type\":\"WebSite\",\"@id\":\"https:\\\/\\\/blogdoprosperi.com\\\/#website\",\"url\":\"https:\\\/\\\/blogdoprosperi.com\\\/\",\"name\":\"PR\u00d3SPERI NEWS\",\"description\":\"TUDO \u00c9  FUTEBOL\",\"publisher\":{\"@id\":\"https:\\\/\\\/blogdoprosperi.com\\\/#\\\/schema\\\/person\\\/38100755ce3601861ee4fab9b5aa78e9\"},\"alternateName\":\"blogdoprosperi.com\",\"potentialAction\":[{\"@type\":\"SearchAction\",\"target\":{\"@type\":\"EntryPoint\",\"urlTemplate\":\"https:\\\/\\\/blogdoprosperi.com\\\/?s={search_term_string}\"},\"query-input\":{\"@type\":\"PropertyValueSpecification\",\"valueRequired\":true,\"valueName\":\"search_term_string\"}}],\"inLanguage\":\"pt-BR\"},{\"@type\":[\"Person\",\"Organization\"],\"@id\":\"https:\\\/\\\/blogdoprosperi.com\\\/#\\\/schema\\\/person\\\/38100755ce3601861ee4fab9b5aa78e9\",\"name\":\"Luiz Ant\u00f4nio Pr\u00f3speri\",\"pronouns\":\"ele\",\"image\":{\"@type\":\"ImageObject\",\"inLanguage\":\"pt-BR\",\"@id\":\"https:\\\/\\\/i0.wp.com\\\/blogdoprosperi.com\\\/wp-content\\\/uploads\\\/2026\\\/05\\\/cropped-8059e613-6002-42fa-961e-8e275f575d71-2-5.jpg?fit=1360%2C931&ssl=1\",\"url\":\"https:\\\/\\\/i0.wp.com\\\/blogdoprosperi.com\\\/wp-content\\\/uploads\\\/2026\\\/05\\\/cropped-8059e613-6002-42fa-961e-8e275f575d71-2-5.jpg?fit=1360%2C931&ssl=1\",\"contentUrl\":\"https:\\\/\\\/i0.wp.com\\\/blogdoprosperi.com\\\/wp-content\\\/uploads\\\/2026\\\/05\\\/cropped-8059e613-6002-42fa-961e-8e275f575d71-2-5.jpg?fit=1360%2C931&ssl=1\",\"width\":1360,\"height\":931,\"caption\":\"Luiz Ant\u00f4nio Pr\u00f3speri\"},\"logo\":{\"@id\":\"https:\\\/\\\/i0.wp.com\\\/blogdoprosperi.com\\\/wp-content\\\/uploads\\\/2026\\\/05\\\/cropped-8059e613-6002-42fa-961e-8e275f575d71-2-5.jpg?fit=1360%2C931&ssl=1\"},\"description\":\"Jornalista com carreira dedicada ao esporte. Cobriu 9 Copas do Mundo in loco, 1990 na It\u00e1lia, 1994 nos EUA, 1998 na Fran\u00e7a, 2002 na Coreia do Sul e Jap\u00e3o, 2006 na Alemanha, 2010 na \u00c1frica do Sul, 2014 no Brasil, 2018 na R\u00fassia e 2022 no Qatar. Eurocopas, 1992 na Su\u00e9cia e 1996 na Inglaterra. Copa das Confedera\u00e7\u00f5es de 2005 na Alemanha e 2009 na \u00c1frica do Sul. Rep\u00f3rter e Editor, trabalhou no Jornal da Tarde e Estad\u00e3o, de 1984 a fevereiro de 2016. Colunista, blogueiro. E comentarista de futebol na R\u00e1dio Estad\u00e3o, de 2013 a fevereiro de 2016. Jornalista respons\u00e1vel do \\\"Pr\u00f3speri News\\\" (blogdoprosperi.com).\",\"sameAs\":[\"http:\\\/\\\/blogdoprosperi.com\",\"Luiz Pr\u00f3speri\",\"@luiz_prosperi\",\"https:\\\/\\\/x.com\\\/Luizprosperi\",\"@prosperinacopa\",\"luiz.prosperi@icloud.com\"],\"url\":\"https:\\\/\\\/blogdoprosperi.com\\\/?author=102107496\"}]}<\/script>\n<!-- \/ Yoast SEO plugin. -->","yoast_head_json":{"title":"Bauza disse sim \u00e0 Sele\u00e7\u00e3o Argentina e aguarda decis\u00e3o dos dirigentes - PR\u00d3SPERI NEWS","robots":{"index":"index","follow":"follow","max-snippet":"max-snippet:-1","max-image-preview":"max-image-preview:large","max-video-preview":"max-video-preview:-1"},"canonical":"https:\/\/blogdoprosperi.com\/?p=17337","og_locale":"pt_BR","og_type":"article","og_title":"Bauza disse sim \u00e0 Sele\u00e7\u00e3o Argentina e aguarda decis\u00e3o dos dirigentes - PR\u00d3SPERI NEWS","og_description":"S\u00e3o Paulo se meteu em uma enrascada ao apostar no t\u00e9cnico argentino Edgardo Bauza. Situa\u00e7\u00e3o bem parecida com [&hellip;]","og_url":"https:\/\/blogdoprosperi.com\/?p=17337","og_site_name":"PR\u00d3SPERI NEWS","article_publisher":"Luiz Pr\u00f3speri","article_author":"Luiz Pr\u00f3speri","article_published_time":"2016-07-22T23:05:35+00:00","article_modified_time":"2016-07-31T18:02:51+00:00","og_image":[{"url":"https:\/\/blogdoprosperi.com\/wp-content\/uploads\/2016\/07\/la-seleccion-busca-dt-2240066w620.jpg","type":"","width":"","height":""}],"author":"Luiz Ant\u00f4nio Pr\u00f3speri","twitter_card":"summary_large_image","twitter_creator":"@Luizprosperi","twitter_site":"@Luizprosperi","twitter_misc":{"Escrito por":"Luiz Ant\u00f4nio Pr\u00f3speri","Est. tempo de leitura":"3 minutos"},"schema":{"@context":"https:\/\/schema.org","@graph":[{"@type":"Article","@id":"https:\/\/blogdoprosperi.com\/?p=17337#article","isPartOf":{"@id":"https:\/\/blogdoprosperi.com\/?p=17337"},"author":{"name":"Luiz Ant\u00f4nio Pr\u00f3speri","@id":"https:\/\/blogdoprosperi.com\/#\/schema\/person\/38100755ce3601861ee4fab9b5aa78e9"},"headline":"Bauza disse sim \u00e0 Sele\u00e7\u00e3o Argentina e aguarda decis\u00e3o dos dirigentes","datePublished":"2016-07-22T23:05:35+00:00","dateModified":"2016-07-31T18:02:51+00:00","mainEntityOfPage":{"@id":"https:\/\/blogdoprosperi.com\/?p=17337"},"wordCount":709,"commentCount":2,"publisher":{"@id":"https:\/\/blogdoprosperi.com\/#\/schema\/person\/38100755ce3601861ee4fab9b5aa78e9"},"image":{"@id":"https:\/\/blogdoprosperi.com\/?p=17337#primaryimage"},"thumbnailUrl":"https:\/\/blogdoprosperi.com\/wp-content\/uploads\/2016\/07\/la-seleccion-busca-dt-2240066w620.jpg","keywords":["AFA","Brasileir\u00e3o","Edgardo Bauza","futebol","Juan Carlos Osorio","Messi","S\u00e3o Paulo FC"],"articleSection":["futebol"],"inLanguage":"pt-BR","potentialAction":[{"@type":"CommentAction","name":"Comment","target":["https:\/\/blogdoprosperi.com\/?p=17337#respond"]}]},{"@type":"WebPage","@id":"https:\/\/blogdoprosperi.com\/?p=17337","url":"https:\/\/blogdoprosperi.com\/?p=17337","name":"Bauza disse sim \u00e0 Sele\u00e7\u00e3o Argentina e aguarda decis\u00e3o dos dirigentes - PR\u00d3SPERI NEWS","isPartOf":{"@id":"https:\/\/blogdoprosperi.com\/#website"},"primaryImageOfPage":{"@id":"https:\/\/blogdoprosperi.com\/?p=17337#primaryimage"},"image":{"@id":"https:\/\/blogdoprosperi.com\/?p=17337#primaryimage"},"thumbnailUrl":"https:\/\/blogdoprosperi.com\/wp-content\/uploads\/2016\/07\/la-seleccion-busca-dt-2240066w620.jpg","datePublished":"2016-07-22T23:05:35+00:00","dateModified":"2016-07-31T18:02:51+00:00","breadcrumb":{"@id":"https:\/\/blogdoprosperi.com\/?p=17337#breadcrumb"},"inLanguage":"pt-BR","potentialAction":[{"@type":"ReadAction","target":["https:\/\/blogdoprosperi.com\/?p=17337"]}]},{"@type":"ImageObject","inLanguage":"pt-BR","@id":"https:\/\/blogdoprosperi.com\/?p=17337#primaryimage","url":"https:\/\/i0.wp.com\/blogdoprosperi.com\/wp-content\/uploads\/2016\/07\/la-seleccion-busca-dt-2240066w620.jpg?fit=620%2C348&ssl=1","contentUrl":"https:\/\/i0.wp.com\/blogdoprosperi.com\/wp-content\/uploads\/2016\/07\/la-seleccion-busca-dt-2240066w620.jpg?fit=620%2C348&ssl=1","width":620,"height":348},{"@type":"BreadcrumbList","@id":"https:\/\/blogdoprosperi.com\/?p=17337#breadcrumb","itemListElement":[{"@type":"ListItem","position":1,"name":"In\u00edcio","item":"https:\/\/blogdoprosperi.com\/"},{"@type":"ListItem","position":2,"name":"Bauza disse sim \u00e0 Sele\u00e7\u00e3o Argentina e aguarda decis\u00e3o dos dirigentes"}]},{"@type":"WebSite","@id":"https:\/\/blogdoprosperi.com\/#website","url":"https:\/\/blogdoprosperi.com\/","name":"PR\u00d3SPERI NEWS","description":"TUDO \u00c9  FUTEBOL","publisher":{"@id":"https:\/\/blogdoprosperi.com\/#\/schema\/person\/38100755ce3601861ee4fab9b5aa78e9"},"alternateName":"blogdoprosperi.com","potentialAction":[{"@type":"SearchAction","target":{"@type":"EntryPoint","urlTemplate":"https:\/\/blogdoprosperi.com\/?s={search_term_string}"},"query-input":{"@type":"PropertyValueSpecification","valueRequired":true,"valueName":"search_term_string"}}],"inLanguage":"pt-BR"},{"@type":["Person","Organization"],"@id":"https:\/\/blogdoprosperi.com\/#\/schema\/person\/38100755ce3601861ee4fab9b5aa78e9","name":"Luiz Ant\u00f4nio Pr\u00f3speri","pronouns":"ele","image":{"@type":"ImageObject","inLanguage":"pt-BR","@id":"https:\/\/i0.wp.com\/blogdoprosperi.com\/wp-content\/uploads\/2026\/05\/cropped-8059e613-6002-42fa-961e-8e275f575d71-2-5.jpg?fit=1360%2C931&ssl=1","url":"https:\/\/i0.wp.com\/blogdoprosperi.com\/wp-content\/uploads\/2026\/05\/cropped-8059e613-6002-42fa-961e-8e275f575d71-2-5.jpg?fit=1360%2C931&ssl=1","contentUrl":"https:\/\/i0.wp.com\/blogdoprosperi.com\/wp-content\/uploads\/2026\/05\/cropped-8059e613-6002-42fa-961e-8e275f575d71-2-5.jpg?fit=1360%2C931&ssl=1","width":1360,"height":931,"caption":"Luiz Ant\u00f4nio Pr\u00f3speri"},"logo":{"@id":"https:\/\/i0.wp.com\/blogdoprosperi.com\/wp-content\/uploads\/2026\/05\/cropped-8059e613-6002-42fa-961e-8e275f575d71-2-5.jpg?fit=1360%2C931&ssl=1"},"description":"Jornalista com carreira dedicada ao esporte. Cobriu 9 Copas do Mundo in loco, 1990 na It\u00e1lia, 1994 nos EUA, 1998 na Fran\u00e7a, 2002 na Coreia do Sul e Jap\u00e3o, 2006 na Alemanha, 2010 na \u00c1frica do Sul, 2014 no Brasil, 2018 na R\u00fassia e 2022 no Qatar. Eurocopas, 1992 na Su\u00e9cia e 1996 na Inglaterra. Copa das Confedera\u00e7\u00f5es de 2005 na Alemanha e 2009 na \u00c1frica do Sul. Rep\u00f3rter e Editor, trabalhou no Jornal da Tarde e Estad\u00e3o, de 1984 a fevereiro de 2016. Colunista, blogueiro. E comentarista de futebol na R\u00e1dio Estad\u00e3o, de 2013 a fevereiro de 2016. Jornalista respons\u00e1vel do \"Pr\u00f3speri News\" (blogdoprosperi.com).","sameAs":["http:\/\/blogdoprosperi.com","Luiz Pr\u00f3speri","@luiz_prosperi","https:\/\/x.com\/Luizprosperi","@prosperinacopa","luiz.prosperi@icloud.com"],"url":"https:\/\/blogdoprosperi.com\/?author=102107496"}]}},"jetpack_publicize_connections":[],"jetpack_likes_enabled":false,"jetpack_sharing_enabled":true,"jetpack_shortlink":"https:\/\/wp.me\/p7jvdk-4vD","jetpack-related-posts":[{"id":18356,"url":"https:\/\/blogdoprosperi.com\/?p=18356","url_meta":{"origin":17337,"position":0},"title":"S\u00e3o Paulo corre atr\u00e1s de um novo t\u00e9cnico. Edgardo Bauza assume Argentina","author":"Luiz Ant\u00f4nio Pr\u00f3speri","date":"1 de agosto de 2016","format":false,"excerpt":"Diretor do Tricolor diz que contrata\u00e7\u00e3o de um treinador est\u00e1 bem encaminhada e garante que \u00e9 um profissional com carreira consolidada S\u00e3o Paulo est\u00e1 sem treinador com a sa\u00edda de Edgardo Bauza para assumir a Sele\u00e7\u00e3o da Argentina. Armando P\u00e9rez, presidente interino da AFA, anunciou nesta segunda-feira a escolha de\u2026","rel":"","context":"Em &quot;futebol&quot;","block_context":{"text":"futebol","link":"https:\/\/blogdoprosperi.com\/?cat=53870"},"img":{"alt_text":"","src":"https:\/\/i0.wp.com\/blogdoprosperi.com\/wp-content\/uploads\/2016\/08\/abel_braga_jazira.jpg?resize=350%2C200","width":350,"height":200,"srcset":"https:\/\/i0.wp.com\/blogdoprosperi.com\/wp-content\/uploads\/2016\/08\/abel_braga_jazira.jpg?resize=350%2C200 1x, https:\/\/i0.wp.com\/blogdoprosperi.com\/wp-content\/uploads\/2016\/08\/abel_braga_jazira.jpg?resize=525%2C300 1.5x, https:\/\/i0.wp.com\/blogdoprosperi.com\/wp-content\/uploads\/2016\/08\/abel_braga_jazira.jpg?resize=700%2C400 2x"},"classes":[]},{"id":20431,"url":"https:\/\/blogdoprosperi.com\/?p=20431","url_meta":{"origin":17337,"position":1},"title":"Argentina e Brasil, fora da ordem mundial do futebol","author":"Luiz Ant\u00f4nio Pr\u00f3speri","date":"10 de agosto de 2016","format":false,"excerpt":"Argentina est\u00e1 fora do torneio de futebol dos Jogos do Rio. Caiu eliminada na primeira fase ao empatar (1 a 1) com Honduras nesta quarta-feira (10\/8). A queda recebeu duras cr\u00edticas da imprensa de Buenos Aires. \"Papel\u00e3o\" estamparam sites do respeitado La Nacion e do bem-humorado Ol\u00e9. Jogadores da sele\u00e7\u00e3o\u2026","rel":"","context":"Em &quot;futebol&quot;","block_context":{"text":"futebol","link":"https:\/\/blogdoprosperi.com\/?cat=53870"},"img":{"alt_text":"","src":"https:\/\/i0.wp.com\/blogdoprosperi.com\/wp-content\/uploads\/2016\/08\/588188076.jpg?resize=350%2C200&ssl=1","width":350,"height":200,"srcset":"https:\/\/i0.wp.com\/blogdoprosperi.com\/wp-content\/uploads\/2016\/08\/588188076.jpg?resize=350%2C200&ssl=1 1x, https:\/\/i0.wp.com\/blogdoprosperi.com\/wp-content\/uploads\/2016\/08\/588188076.jpg?resize=525%2C300&ssl=1 1.5x"},"classes":[]},{"id":17165,"url":"https:\/\/blogdoprosperi.com\/?p=17165","url_meta":{"origin":17337,"position":2},"title":"Bauza perto da Sele\u00e7\u00e3o Argentina e Tite passa o &#8220;rapa&#8221; no Corinthians","author":"Luiz Ant\u00f4nio Pr\u00f3speri","date":"21 de julho de 2016","format":false,"excerpt":"\u00a0 Edgardo Bauza est\u00e1 perto de sair do S\u00e3o Paulo e assumir o comando da Sele\u00e7\u00e3o Argentina. A informa\u00e7\u00e3o partiu da imprensa de Buenos Aires e d\u00e1 conta que o t\u00e9cnico vai ser convocado por Armando P\u00e9rez, presidente da Comiss\u00e3o Normalizadora da AFA (Associa\u00e7\u00e3o de Futebol Argentino). Bauza seria o\u2026","rel":"","context":"Em &quot;futebol&quot;","block_context":{"text":"futebol","link":"https:\/\/blogdoprosperi.com\/?cat=53870"},"img":{"alt_text":"","src":"https:\/\/i0.wp.com\/blogdoprosperi.com\/wp-content\/uploads\/2016\/06\/622_da4240e4-8436-3676-b75f-a9662a019087.jpg?resize=350%2C200","width":350,"height":200,"srcset":"https:\/\/i0.wp.com\/blogdoprosperi.com\/wp-content\/uploads\/2016\/06\/622_da4240e4-8436-3676-b75f-a9662a019087.jpg?resize=350%2C200 1x, https:\/\/i0.wp.com\/blogdoprosperi.com\/wp-content\/uploads\/2016\/06\/622_da4240e4-8436-3676-b75f-a9662a019087.jpg?resize=525%2C300 1.5x"},"classes":[]},{"id":15343,"url":"https:\/\/blogdoprosperi.com\/?p=15343","url_meta":{"origin":17337,"position":3},"title":"S\u00e3o Paulo pode perder Ganso, Rodrigo Caio, Calleri e Bauza","author":"Luiz Ant\u00f4nio Pr\u00f3speri","date":"7 de julho de 2016","format":false,"excerpt":"S\u00e3o Paulo vive um momento delicado ap\u00f3s a derrota ao Atl\u00e9tico Nacional nesta quarta-feira (06\/7). A pr\u00f3ximas semana ser\u00e1 decisiva ao futuro do clube paulista na temporada com a quase inevit\u00e1vel queda nas semifinais da Copa Libertadores. Pode ter perdas consider\u00e1veis. Paulo Henrique Ganso e Rodrigo Caio est\u00e3o de sa\u00edda.\u2026","rel":"","context":"Em &quot;futebol&quot;","block_context":{"text":"futebol","link":"https:\/\/blogdoprosperi.com\/?cat=53870"},"img":{"alt_text":"","src":"https:\/\/i0.wp.com\/blogdoprosperi.com\/wp-content\/uploads\/2016\/07\/85adb960-0246-11e6-8a5c-a362efbf840e_20160401111809396_3.jpg?resize=350%2C200&ssl=1","width":350,"height":200,"srcset":"https:\/\/i0.wp.com\/blogdoprosperi.com\/wp-content\/uploads\/2016\/07\/85adb960-0246-11e6-8a5c-a362efbf840e_20160401111809396_3.jpg?resize=350%2C200&ssl=1 1x, https:\/\/i0.wp.com\/blogdoprosperi.com\/wp-content\/uploads\/2016\/07\/85adb960-0246-11e6-8a5c-a362efbf840e_20160401111809396_3.jpg?resize=525%2C300&ssl=1 1.5x"},"classes":[]},{"id":20609,"url":"https:\/\/blogdoprosperi.com\/?p=20609","url_meta":{"origin":17337,"position":4},"title":"S\u00e3o Paulo, sem projeto, joga suas fichas em Ricardo Gomes","author":"Luiz Ant\u00f4nio Pr\u00f3speri","date":"12 de agosto de 2016","format":false,"excerpt":"S\u00e3o Paulo anunciou a contrata\u00e7\u00e3o de Ricardo Gomes, t\u00e9cnico do Botafogo, neste in\u00edcio de noite desta sexta-feira (12\/8). Ao investir em um treinador empregado, o clube paulista deixou de lado a possibilidade de efetivar Andr\u00e9 Jardine, interino que veio da base em socorro do time de cima. E, mais uma\u2026","rel":"","context":"Em &quot;Campeonato Brasileiro&quot;","block_context":{"text":"Campeonato Brasileiro","link":"https:\/\/blogdoprosperi.com\/?cat=355071"},"img":{"alt_text":"","src":"https:\/\/i0.wp.com\/blogdoprosperi.com\/wp-content\/uploads\/2016\/08\/2593_crop_galeria.jpg?resize=350%2C200","width":350,"height":200,"srcset":"https:\/\/i0.wp.com\/blogdoprosperi.com\/wp-content\/uploads\/2016\/08\/2593_crop_galeria.jpg?resize=350%2C200 1x, https:\/\/i0.wp.com\/blogdoprosperi.com\/wp-content\/uploads\/2016\/08\/2593_crop_galeria.jpg?resize=525%2C300 1.5x, https:\/\/i0.wp.com\/blogdoprosperi.com\/wp-content\/uploads\/2016\/08\/2593_crop_galeria.jpg?resize=700%2C400 2x"},"classes":[]},{"id":16677,"url":"https:\/\/blogdoprosperi.com\/?p=16677","url_meta":{"origin":17337,"position":5},"title":"S\u00e3o Paulo acerta com Douglas para vaga de Rodrigo Caio e pode perder t\u00e9cnico Bauza","author":"Luiz Ant\u00f4nio Pr\u00f3speri","date":"19 de julho de 2016","format":false,"excerpt":"S\u00e3o Paulo em reconstru\u00e7\u00e3o, ap\u00f3s queda na Libertadores, sofre no mercado","rel":"","context":"Em &quot;futebol&quot;","block_context":{"text":"futebol","link":"https:\/\/blogdoprosperi.com\/?cat=53870"},"img":{"alt_text":"","src":"https:\/\/i0.wp.com\/blogdoprosperi.com\/wp-content\/uploads\/2016\/07\/20151218831327g.jpg?resize=350%2C200&ssl=1","width":350,"height":200,"srcset":"https:\/\/i0.wp.com\/blogdoprosperi.com\/wp-content\/uploads\/2016\/07\/20151218831327g.jpg?resize=350%2C200&ssl=1 1x, https:\/\/i0.wp.com\/blogdoprosperi.com\/wp-content\/uploads\/2016\/07\/20151218831327g.jpg?resize=525%2C300&ssl=1 1.5x"},"classes":[]}],"jetpack_featured_media_url":"","_links":{"self":[{"href":"https:\/\/blogdoprosperi.com\/index.php?rest_route=\/wp\/v2\/posts\/17337","targetHints":{"allow":["GET"]}}],"collection":[{"href":"https:\/\/blogdoprosperi.com\/index.php?rest_route=\/wp\/v2\/posts"}],"about":[{"href":"https:\/\/blogdoprosperi.com\/index.php?rest_route=\/wp\/v2\/types\/post"}],"author":[{"embeddable":true,"href":"https:\/\/blogdoprosperi.com\/index.php?rest_route=\/wp\/v2\/users\/102107496"}],"replies":[{"embeddable":true,"href":"https:\/\/blogdoprosperi.com\/index.php?rest_route=%2Fwp%2Fv2%2Fcomments&post=17337"}],"version-history":[{"count":25,"href":"https:\/\/blogdoprosperi.com\/index.php?rest_route=\/wp\/v2\/posts\/17337\/revisions"}],"predecessor-version":[{"id":18155,"href":"https:\/\/blogdoprosperi.com\/index.php?rest_route=\/wp\/v2\/posts\/17337\/revisions\/18155"}],"wp:attachment":[{"href":"https:\/\/blogdoprosperi.com\/index.php?rest_route=%2Fwp%2Fv2%2Fmedia&parent=17337"}],"wp:term":[{"taxonomy":"category","embeddable":true,"href":"https:\/\/blogdoprosperi.com\/index.php?rest_route=%2Fwp%2Fv2%2Fcategories&post=17337"},{"taxonomy":"post_tag","embeddable":true,"href":"https:\/\/blogdoprosperi.com\/index.php?rest_route=%2Fwp%2Fv2%2Ftags&post=17337"}],"curies":[{"name":"wp","href":"https:\/\/api.w.org\/{rel}","templated":true}]}}