{"id":17618,"date":"2016-07-25T20:02:32","date_gmt":"2016-07-25T23:02:32","guid":{"rendered":"http:\/\/blogdoprosperi.com\/?p=17618"},"modified":"2016-07-31T15:00:37","modified_gmt":"2016-07-31T18:00:37","slug":"corinthians-enfim-se-livra-de-pato","status":"publish","type":"post","link":"https:\/\/blogdoprosperi.com\/?p=17618","title":{"rendered":"Corinthians, enfim, se livra de Pato"},"content":{"rendered":"<p><span class=\"alignnone\"><img data-recalc-dims=\"1\" loading=\"lazy\" decoding=\"async\" data-attachment-id=\"17691\" data-permalink=\"https:\/\/blogdoprosperi.com\/?attachment_id=17691\" data-orig-file=\"https:\/\/i0.wp.com\/blogdoprosperi.com\/wp-content\/uploads\/2016\/07\/pato_chapeu_sporting_chelsea.jpg?fit=956%2C500&amp;ssl=1\" data-orig-size=\"956,500\" data-comments-opened=\"1\" data-image-meta=\"{&quot;aperture&quot;:&quot;0&quot;,&quot;credit&quot;:&quot;&quot;,&quot;camera&quot;:&quot;&quot;,&quot;caption&quot;:&quot;&quot;,&quot;created_timestamp&quot;:&quot;0&quot;,&quot;copyright&quot;:&quot;&quot;,&quot;focal_length&quot;:&quot;0&quot;,&quot;iso&quot;:&quot;0&quot;,&quot;shutter_speed&quot;:&quot;0&quot;,&quot;title&quot;:&quot;&quot;,&quot;orientation&quot;:&quot;0&quot;}\" data-image-title=\"pato_chapeu_sporting_chelsea\" data-image-description=\"\" data-image-caption=\"\" data-large-file=\"https:\/\/i0.wp.com\/blogdoprosperi.com\/wp-content\/uploads\/2016\/07\/pato_chapeu_sporting_chelsea.jpg?fit=940%2C492&amp;ssl=1\" class=\"alignnone size-full wp-image-17691\" src=\"https:\/\/i0.wp.com\/blogdoprosperi.com\/wp-content\/uploads\/2016\/07\/pato_chapeu_sporting_chelsea.jpg?resize=940%2C492&#038;ssl=1\" alt=\"pato_chapeu_sporting_chelsea\" width=\"940\" height=\"492\" \/><\/span><\/p>\n<p>Corinthians acerta a venda de Alexandre Pato por 3 milh\u00f5es de euros (R$ 10,8 milh\u00f5es) ao Villarreal, da Espanha. Consumada a transfer\u00eancia, o clube paulista economiza ainda cerca de R$ 5 milh\u00f5es de sal\u00e1rios a que o jogador tinha direito at\u00e9 dezembro, quando se encerraria seu contrato e ele ficaria livre para negociar seu futuro sem dar um centavo ao Alvinegro.<!--more--><\/p>\n<p>Conta feita, a negocia\u00e7\u00e3o n\u00e3o cobre o custo que o <a href=\"http:\/\/blogdoprosperi.com\/2016\/07\/18\/corinthians-precisa-urgente-de-pato-e-sao-paulo-busca-atacante-gringo\/\">Corinthians<\/a> teve com Pato, contratado do Milan por R$ 40 milh\u00f5es em 2013. Ao gastar essa f\u00e1bula h\u00e1 tr\u00eas anos, o clube tinha projeto de fazer do atacante um novo <a href=\"http:\/\/blogdoprosperi.com\/2016\/07\/22\/entenda-como-gabriel-jesus-escolheu-manchester-city-para-jogar-na-europa\/\">Ronaldo Fen\u00f4meno<\/a>, se n\u00e3o na bola, pelo menos nas receitas.<\/p>\n<p>Quando Ronaldo desembarcou no Parque S\u00e3o Jorge, em dezembro de 2008, era quase um ex-jogador em atividade. Em pouco menos de tr\u00eas anos, o Fen\u00f4meno alavancou ainda mais o Corinthians nas a\u00e7\u00f5es de marketing, a infra-estrutura com a constru\u00e7\u00e3o do CT Joaquim Grava no Parque Ecol\u00f3gico e deu mais proje\u00e7\u00e3o internacional ao clube paulista.<\/p>\n<figure id=\"attachment_17696\" aria-describedby=\"caption-attachment-17696\" style=\"width: 955px\" class=\"wp-caption alignnone\"><img data-recalc-dims=\"1\" loading=\"lazy\" decoding=\"async\" data-attachment-id=\"17696\" data-permalink=\"https:\/\/blogdoprosperi.com\/?attachment_id=17696\" data-orig-file=\"https:\/\/i0.wp.com\/blogdoprosperi.com\/wp-content\/uploads\/2016\/07\/v-php-2.jpeg?fit=955%2C662&amp;ssl=1\" data-orig-size=\"955,662\" data-comments-opened=\"1\" data-image-meta=\"{&quot;aperture&quot;:&quot;2.8&quot;,&quot;credit&quot;:&quot;FOTOARENA&quot;,&quot;camera&quot;:&quot;Canon EOS-1D Mark II&quot;,&quot;caption&quot;:&quot;O jogador Ronaldo do S. C. Corinthians comemora seu gol contra a equipe da S. E. Palmeiras, durante partida valida pela decima segunda rodada do Campeonato Paulista Serie A1, no estadio Dr. Eduardo Jose Farah (Prudentao), em Presidente Prudente, SP, dia 08 de marco de 2009. Foto: Cesar Greco\/FOTOARENA&quot;,&quot;created_timestamp&quot;:&quot;1236540150&quot;,&quot;copyright&quot;:&quot;Essas imagens tem os direitos reservados a Foto Arena Servicos Fotograficos LTDA.&quot;,&quot;focal_length&quot;:&quot;300&quot;,&quot;iso&quot;:&quot;500&quot;,&quot;shutter_speed&quot;:&quot;0.00125&quot;,&quot;title&quot;:&quot;Palmeiras vs Corinthians&quot;,&quot;orientation&quot;:&quot;1&quot;}\" data-image-title=\"Palmeiras vs Corinthians\" data-image-description=\"\" data-image-caption=\"&lt;p&gt;O jogador Ronaldo do S. C. Corinthians comemora seu gol contra a equipe da S. E. Palmeiras, durante partida valida pela decima segunda rodada do Campeonato Paulista Serie A1, no estadio Dr. Eduardo Jose Farah (Prudentao), em Presidente Prudente, SP, dia 08 de marco de 2009. Foto: Cesar Greco\/FOTOARENA&lt;\/p&gt;\n\" data-large-file=\"https:\/\/i0.wp.com\/blogdoprosperi.com\/wp-content\/uploads\/2016\/07\/v-php-2.jpeg?fit=940%2C652&amp;ssl=1\" class=\"alignnone size-full wp-image-17696\" src=\"https:\/\/i0.wp.com\/blogdoprosperi.com\/wp-content\/uploads\/2016\/07\/v-php-2.jpeg?resize=940%2C652&#038;ssl=1\" alt=\"Palmeiras vs Corinthians\" width=\"940\" height=\"652\" \/><figcaption id=\"caption-attachment-17696\" class=\"wp-caption-text\">Ronaldo comemora gol contra Palmeiras em 2009 &#8211; Foto: Cesar Greco<\/figcaption><\/figure>\n<p>Dentro de campo n\u00e3o decepcionou com as conquistas do Paulist\u00e3o e Copa do Brasil em 2009. Se despediu do clube paulista quando o corpo j\u00e1 pedia arrego. O ponto final se deu com a queda do Corinthians na pr\u00e9-Libertadores diante do Tolima em 2011.<\/p>\n<p>Pato n\u00e3o chegaria aos p\u00e9s de Ronaldo nem mesmo no imagin\u00e1rio do torcedor da Fiel. Mas era uma tentativa de se forjar um novo \u00eddolo e faturar um punhado de milh\u00f5es de reais.<\/p>\n<p>Sem o perfil de jogador com alma alvinegra, o atacante caiu em desgra\u00e7a ao bater um p\u00eanalti com cavadinha contra o Gr\u00eamio. Dida pegou e o Corinthians foi desclassificado nas quartas de final da Copa do Brasil. Ali estava decretada sua &#8220;morte&#8221; entre os torcedores e comiss\u00e3o t\u00e9cnica, na \u00e9poca capitaneada por Tite.<\/p>\n<div class=\"jetpack-video-wrapper\"><span class=\"embed-youtube\" style=\"text-align:center; display: block;\"><iframe loading=\"lazy\" class=\"youtube-player\" width=\"560\" height=\"315\" src=\"https:\/\/www.youtube.com\/embed\/y5aTRb9wOSA?version=3&#038;rel=1&#038;showsearch=0&#038;showinfo=1&#038;iv_load_policy=1&#038;fs=1&#038;hl=pt-BR&#038;autohide=2&#038;wmode=transparent\" allowfullscreen=\"true\" style=\"border:0;\" sandbox=\"allow-scripts allow-same-origin allow-popups allow-presentation allow-popups-to-escape-sandbox\"><\/iframe><\/span><\/div>\n<p>Indolente, cabe\u00e7a nas nuvens e, aparentemente, descompromissado, Alexandre Pato teve de trocar de clube. Jamais seria perdoado pela Fiel<\/p>\n<p>A encrenca estava nas m\u00e3os dos dirigentes, que haviam investido R$ 40 milh\u00f5es na contrata\u00e7\u00e3o e mais R$ 800 mil mensais de sal\u00e1rios. O que fazer para amenizar o preju\u00edzo?<\/p>\n<p>Aparece o S\u00e3o Paulo e oferece Jadson por uma troca e acena com pagamento de metade dos sal\u00e1rios de Pato. O Corinthians aceita na hora. Se livraria de um estorvo e diminuiria os gastos por um ano, pelo menos.<\/p>\n<p><span class=\"alignnone\"><img data-recalc-dims=\"1\" loading=\"lazy\" decoding=\"async\" data-attachment-id=\"17692\" data-permalink=\"https:\/\/blogdoprosperi.com\/?attachment_id=17692\" data-orig-file=\"https:\/\/i0.wp.com\/blogdoprosperi.com\/wp-content\/uploads\/2016\/07\/alx_agi20150204046_original.jpeg?fit=690%2C460&amp;ssl=1\" data-orig-size=\"690,460\" data-comments-opened=\"1\" data-image-meta=\"{&quot;aperture&quot;:&quot;0&quot;,&quot;credit&quot;:&quot;&quot;,&quot;camera&quot;:&quot;&quot;,&quot;caption&quot;:&quot;&quot;,&quot;created_timestamp&quot;:&quot;0&quot;,&quot;copyright&quot;:&quot;&quot;,&quot;focal_length&quot;:&quot;0&quot;,&quot;iso&quot;:&quot;0&quot;,&quot;shutter_speed&quot;:&quot;0&quot;,&quot;title&quot;:&quot;&quot;,&quot;orientation&quot;:&quot;0&quot;}\" data-image-title=\"alx_agi20150204046_original\" data-image-description=\"\" data-image-caption=\"\" data-large-file=\"https:\/\/i0.wp.com\/blogdoprosperi.com\/wp-content\/uploads\/2016\/07\/alx_agi20150204046_original.jpeg?fit=690%2C460&amp;ssl=1\" class=\"alignnone size-full wp-image-17692\" src=\"https:\/\/i0.wp.com\/blogdoprosperi.com\/wp-content\/uploads\/2016\/07\/alx_agi20150204046_original.jpeg?resize=690%2C460&#038;ssl=1\" alt=\"alx_agi20150204046_original\" width=\"690\" height=\"460\" \/><\/span><\/p>\n<p>Ao vencer o empr\u00e9stimo com o S\u00e3o Paulo em 2015, surgiu o Chelsea. Uma d\u00e1diva aos dirigentes corintianos. Pato passaria o primeiro semestre de 2016 no clube ingl\u00eas, que assumia ainda o compromisso de pagar na \u00edntegra os sal\u00e1rios do jogador.<\/p>\n<p>Na Inglaterra, o atacante participou apenas de dois jogos e voltou mais desvalorizado do que saiu. Ningu\u00e9m no Corinthians tinha mais d\u00favida: estavam com o mico nas m\u00e3os.<\/p>\n<p><span class=\"alignnone\"><img data-recalc-dims=\"1\" loading=\"lazy\" decoding=\"async\" data-attachment-id=\"17693\" data-permalink=\"https:\/\/blogdoprosperi.com\/?attachment_id=17693\" data-orig-file=\"https:\/\/i0.wp.com\/blogdoprosperi.com\/wp-content\/uploads\/2016\/07\/gettyimages-520732164-950.jpg?fit=620%2C465&amp;ssl=1\" data-orig-size=\"620,465\" data-comments-opened=\"1\" data-image-meta=\"{&quot;aperture&quot;:&quot;0&quot;,&quot;credit&quot;:&quot;&quot;,&quot;camera&quot;:&quot;&quot;,&quot;caption&quot;:&quot;&quot;,&quot;created_timestamp&quot;:&quot;0&quot;,&quot;copyright&quot;:&quot;&quot;,&quot;focal_length&quot;:&quot;0&quot;,&quot;iso&quot;:&quot;0&quot;,&quot;shutter_speed&quot;:&quot;0&quot;,&quot;title&quot;:&quot;&quot;,&quot;orientation&quot;:&quot;0&quot;}\" data-image-title=\"GettyImages-520732164-950\" data-image-description=\"\" data-image-caption=\"\" data-large-file=\"https:\/\/i0.wp.com\/blogdoprosperi.com\/wp-content\/uploads\/2016\/07\/gettyimages-520732164-950.jpg?fit=620%2C465&amp;ssl=1\" class=\"alignnone wp-image-17693 alignleft\" src=\"https:\/\/i0.wp.com\/blogdoprosperi.com\/wp-content\/uploads\/2016\/07\/gettyimages-520732164-950.jpg?resize=198%2C149&#038;ssl=1\" alt=\"GettyImages-520732164-950\" width=\"198\" height=\"149\" \/><\/span>Pato voltaria ao Brasil sem propostas da Europa e teria de se reapresentar ao clube paulista e receber seus R$ 800 mil mensais de sal\u00e1rios.<\/p>\n<p>Eis que surge a <a href=\"http:\/\/blogdoprosperi.com\/2016\/07\/09\/pato-diz-nao-a-lazio-e-garante-que-vai-jogar-no-corinthians-ate-dezembro\/\">Lazio da It\u00e1lia<\/a> no in\u00edcio de julho acenando com 2 milh\u00f5es de euros ao Corinthians e sal\u00e1rios de 1,5 milh\u00e3o de euros por ano ao jogador. Pato n\u00e3o aceitou. Exigia rendimento mensal no mesmo patamar que recebia no Brasil. Os italianos n\u00e3o concordaram.<\/p>\n<p>Quando parecia irrevers\u00edvel a transfer\u00eancia ao futebol europeu, o Villarreal despencou do c\u00e9u no Parque S\u00e3o Jorge. Ofereceu R$ 10,8 milh\u00f5es por 60% dos direitos econ\u00f4micos que o Corinthians tem do atacante e fechou neg\u00f3cio.<\/p>\n<p>Pato deve receber 3 milh\u00f5es de euros por ano do Villarreal, conhecido como Submarino Amarelo pelas cores do seu uniforme.<\/p>\n<p><a href=\"http:\/\/blogdoprosperi.com\/2016\/07\/23\/corinthians-patina-contra-figueirense-e-deixa-sua-torcida-preocupada-com-futuro-no-brasileirao\/\">Corinthians<\/a> se desfaz de seu &#8220;mico&#8221;, ameniza um pouco o preju\u00edzo e agora, mais do que nunca, precisa ir ao mercado em busca de um atacante para refor\u00e7ar o time. Por enquanto a Fiel solta roj\u00f5es ao se livrar de Pato, mas, ao mesmo tempo, vai cobrar resultado no Brasileir\u00e3o 2016.<\/p>\n<p><span class=\"alignnone\"><img data-recalc-dims=\"1\" loading=\"lazy\" decoding=\"async\" data-attachment-id=\"17694\" data-permalink=\"https:\/\/blogdoprosperi.com\/?attachment_id=17694\" data-orig-file=\"https:\/\/i0.wp.com\/blogdoprosperi.com\/wp-content\/uploads\/2016\/07\/c5k6zb770v58ahvic0b2ugm46.jpg?fit=652%2C408&amp;ssl=1\" data-orig-size=\"652,408\" data-comments-opened=\"1\" data-image-meta=\"{&quot;aperture&quot;:&quot;0&quot;,&quot;credit&quot;:&quot;&quot;,&quot;camera&quot;:&quot;&quot;,&quot;caption&quot;:&quot;&quot;,&quot;created_timestamp&quot;:&quot;0&quot;,&quot;copyright&quot;:&quot;&quot;,&quot;focal_length&quot;:&quot;0&quot;,&quot;iso&quot;:&quot;0&quot;,&quot;shutter_speed&quot;:&quot;0&quot;,&quot;title&quot;:&quot;&quot;,&quot;orientation&quot;:&quot;0&quot;}\" data-image-title=\"c5k6zb770v58ahvic0b2ugm46\" data-image-description=\"\" data-image-caption=\"\" data-large-file=\"https:\/\/i0.wp.com\/blogdoprosperi.com\/wp-content\/uploads\/2016\/07\/c5k6zb770v58ahvic0b2ugm46.jpg?fit=652%2C408&amp;ssl=1\" class=\"alignnone size-full wp-image-17694\" src=\"https:\/\/i0.wp.com\/blogdoprosperi.com\/wp-content\/uploads\/2016\/07\/c5k6zb770v58ahvic0b2ugm46.jpg?resize=652%2C408&#038;ssl=1\" alt=\"c5k6zb770v58ahvic0b2ugm46\" width=\"652\" height=\"408\" \/><\/span><\/p>\n<p>Alexandre Pato \u00e9 o segundo jogador de nome a deixar o futebol brasileiro para jogar na Espanha nesta janela de transfer\u00eancia de 2016. \u00a0O primeiro a sair foi <a href=\"http:\/\/blogdoprosperi.com\/2016\/07\/01\/ganso-esta-de-saida-do-sao-paulo\/\">Paulo Henrique Ganso,<\/a> contratado pelo Sevilla na semana passada &#8211; informa\u00e7\u00e3o antecipada por este <strong>Blog do Pr\u00f3speri<\/strong> em junho.<\/p>\n","protected":false},"excerpt":{"rendered":"<p>Corinthians vende Alexandre Pato ao Villarreal por R$ 10,8 milh\u00f5es <\/p>\n","protected":false},"author":102107496,"featured_media":0,"comment_status":"open","ping_status":"open","sticky":false,"template":"","format":"standard","meta":{"_coblocks_attr":"","_coblocks_dimensions":"","_coblocks_responsive_height":"","_coblocks_accordion_ie_support":"","_jetpack_newsletter_access":"","_jetpack_dont_email_post_to_subs":false,"_jetpack_newsletter_tier_id":0,"_jetpack_memberships_contains_paywalled_content":false,"_wpcom_ai_launchpad_first_post":false,"_jetpack_feature_clip_id":0,"_jetpack_memberships_contains_paid_content":false,"footnotes":"","jetpack_publicize_message":"Pato \u00e9 vendido por R$ 10,8 milh\u00f5es ao Villarreal","jetpack_publicize_feature_enabled":true,"jetpack_social_post_already_shared":false,"jetpack_social_options":{"image_generator_settings":{"template":"highway","default_image_id":0,"font":"","enabled":false},"version":2},"jetpack_post_was_ever_published":false},"categories":[53870],"tags":[1538408,362595295,177066,789560560,1868521,232826435,182315,1805387,139348],"class_list":["post-17618","post","type-post","status-publish","format-standard","hentry","category-futebol","tag-alexandre-pato","tag-brasileirao-2016","tag-corinthians","tag-futebol","tag-futebol-espanhol","tag-gabriel-jesus","tag-lazio","tag-ronaldo-fenomeno","tag-villarreal"],"yoast_head":"<!-- This site is optimized with the Yoast SEO plugin v28.4 - https:\/\/yoast.com\/product\/yoast-seo-wordpress\/ -->\n<title>Corinthians, enfim, se livra de Pato - PR\u00d3SPERI NEWS<\/title>\n<meta name=\"robots\" content=\"index, follow, max-snippet:-1, max-image-preview:large, max-video-preview:-1\" \/>\n<link rel=\"canonical\" href=\"https:\/\/blogdoprosperi.com\/?p=17618\" \/>\n<meta property=\"og:locale\" content=\"pt_BR\" \/>\n<meta property=\"og:type\" content=\"article\" \/>\n<meta property=\"og:title\" content=\"Corinthians, enfim, se livra de Pato - PR\u00d3SPERI NEWS\" \/>\n<meta property=\"og:description\" content=\"Corinthians vende Alexandre Pato ao Villarreal por R$ 10,8 milh\u00f5es\" \/>\n<meta property=\"og:url\" content=\"https:\/\/blogdoprosperi.com\/?p=17618\" \/>\n<meta property=\"og:site_name\" content=\"PR\u00d3SPERI NEWS\" \/>\n<meta property=\"article:publisher\" content=\"Luiz Pr\u00f3speri\" \/>\n<meta property=\"article:author\" content=\"Luiz Pr\u00f3speri\" \/>\n<meta property=\"article:published_time\" content=\"2016-07-25T23:02:32+00:00\" \/>\n<meta property=\"article:modified_time\" content=\"2016-07-31T18:00:37+00:00\" \/>\n<meta property=\"og:image\" content=\"https:\/\/blogdoprosperi.com\/wp-content\/uploads\/2016\/07\/pato_chapeu_sporting_chelsea.jpg\" \/>\n<meta name=\"author\" content=\"Luiz Ant\u00f4nio Pr\u00f3speri\" \/>\n<meta name=\"twitter:card\" content=\"summary_large_image\" \/>\n<meta name=\"twitter:creator\" content=\"@Luizprosperi\" \/>\n<meta name=\"twitter:site\" content=\"@Luizprosperi\" \/>\n<meta name=\"twitter:label1\" content=\"Escrito por\" \/>\n\t<meta name=\"twitter:data1\" content=\"Luiz Ant\u00f4nio Pr\u00f3speri\" \/>\n\t<meta name=\"twitter:label2\" content=\"Est. tempo de leitura\" \/>\n\t<meta name=\"twitter:data2\" content=\"4 minutos\" \/>\n<script type=\"application\/ld+json\" class=\"yoast-schema-graph\">{\"@context\":\"https:\\\/\\\/schema.org\",\"@graph\":[{\"@type\":\"Article\",\"@id\":\"https:\\\/\\\/blogdoprosperi.com\\\/?p=17618#article\",\"isPartOf\":{\"@id\":\"https:\\\/\\\/blogdoprosperi.com\\\/?p=17618\"},\"author\":{\"name\":\"Luiz Ant\u00f4nio Pr\u00f3speri\",\"@id\":\"https:\\\/\\\/blogdoprosperi.com\\\/#\\\/schema\\\/person\\\/38100755ce3601861ee4fab9b5aa78e9\"},\"headline\":\"Corinthians, enfim, se livra de Pato\",\"datePublished\":\"2016-07-25T23:02:32+00:00\",\"dateModified\":\"2016-07-31T18:00:37+00:00\",\"mainEntityOfPage\":{\"@id\":\"https:\\\/\\\/blogdoprosperi.com\\\/?p=17618\"},\"wordCount\":763,\"commentCount\":0,\"publisher\":{\"@id\":\"https:\\\/\\\/blogdoprosperi.com\\\/#\\\/schema\\\/person\\\/38100755ce3601861ee4fab9b5aa78e9\"},\"image\":{\"@id\":\"https:\\\/\\\/blogdoprosperi.com\\\/?p=17618#primaryimage\"},\"thumbnailUrl\":\"https:\\\/\\\/blogdoprosperi.com\\\/wp-content\\\/uploads\\\/2016\\\/07\\\/pato_chapeu_sporting_chelsea.jpg\",\"keywords\":[\"Alexandre Pato\",\"Brasileir\u00e3o-2016\",\"Corinthians\",\"futebol\",\"futebol espanhol\",\"Gabriel Jesus\",\"Lazio\",\"Ronaldo Fen\u00f4meno\",\"Villarreal\"],\"articleSection\":[\"futebol\"],\"inLanguage\":\"pt-BR\",\"potentialAction\":[{\"@type\":\"CommentAction\",\"name\":\"Comment\",\"target\":[\"https:\\\/\\\/blogdoprosperi.com\\\/?p=17618#respond\"]}]},{\"@type\":\"WebPage\",\"@id\":\"https:\\\/\\\/blogdoprosperi.com\\\/?p=17618\",\"url\":\"https:\\\/\\\/blogdoprosperi.com\\\/?p=17618\",\"name\":\"Corinthians, enfim, se livra de Pato - PR\u00d3SPERI NEWS\",\"isPartOf\":{\"@id\":\"https:\\\/\\\/blogdoprosperi.com\\\/#website\"},\"primaryImageOfPage\":{\"@id\":\"https:\\\/\\\/blogdoprosperi.com\\\/?p=17618#primaryimage\"},\"image\":{\"@id\":\"https:\\\/\\\/blogdoprosperi.com\\\/?p=17618#primaryimage\"},\"thumbnailUrl\":\"https:\\\/\\\/blogdoprosperi.com\\\/wp-content\\\/uploads\\\/2016\\\/07\\\/pato_chapeu_sporting_chelsea.jpg\",\"datePublished\":\"2016-07-25T23:02:32+00:00\",\"dateModified\":\"2016-07-31T18:00:37+00:00\",\"breadcrumb\":{\"@id\":\"https:\\\/\\\/blogdoprosperi.com\\\/?p=17618#breadcrumb\"},\"inLanguage\":\"pt-BR\",\"potentialAction\":[{\"@type\":\"ReadAction\",\"target\":[\"https:\\\/\\\/blogdoprosperi.com\\\/?p=17618\"]}]},{\"@type\":\"ImageObject\",\"inLanguage\":\"pt-BR\",\"@id\":\"https:\\\/\\\/blogdoprosperi.com\\\/?p=17618#primaryimage\",\"url\":\"https:\\\/\\\/i0.wp.com\\\/blogdoprosperi.com\\\/wp-content\\\/uploads\\\/2016\\\/07\\\/pato_chapeu_sporting_chelsea.jpg?fit=956%2C500&ssl=1\",\"contentUrl\":\"https:\\\/\\\/i0.wp.com\\\/blogdoprosperi.com\\\/wp-content\\\/uploads\\\/2016\\\/07\\\/pato_chapeu_sporting_chelsea.jpg?fit=956%2C500&ssl=1\",\"width\":956,\"height\":500},{\"@type\":\"BreadcrumbList\",\"@id\":\"https:\\\/\\\/blogdoprosperi.com\\\/?p=17618#breadcrumb\",\"itemListElement\":[{\"@type\":\"ListItem\",\"position\":1,\"name\":\"In\u00edcio\",\"item\":\"https:\\\/\\\/blogdoprosperi.com\\\/\"},{\"@type\":\"ListItem\",\"position\":2,\"name\":\"Corinthians, enfim, se livra de Pato\"}]},{\"@type\":\"WebSite\",\"@id\":\"https:\\\/\\\/blogdoprosperi.com\\\/#website\",\"url\":\"https:\\\/\\\/blogdoprosperi.com\\\/\",\"name\":\"PR\u00d3SPERI NEWS\",\"description\":\"TUDO \u00c9  FUTEBOL\",\"publisher\":{\"@id\":\"https:\\\/\\\/blogdoprosperi.com\\\/#\\\/schema\\\/person\\\/38100755ce3601861ee4fab9b5aa78e9\"},\"alternateName\":\"blogdoprosperi.com\",\"potentialAction\":[{\"@type\":\"SearchAction\",\"target\":{\"@type\":\"EntryPoint\",\"urlTemplate\":\"https:\\\/\\\/blogdoprosperi.com\\\/?s={search_term_string}\"},\"query-input\":{\"@type\":\"PropertyValueSpecification\",\"valueRequired\":true,\"valueName\":\"search_term_string\"}}],\"inLanguage\":\"pt-BR\"},{\"@type\":[\"Person\",\"Organization\"],\"@id\":\"https:\\\/\\\/blogdoprosperi.com\\\/#\\\/schema\\\/person\\\/38100755ce3601861ee4fab9b5aa78e9\",\"name\":\"Luiz Ant\u00f4nio Pr\u00f3speri\",\"pronouns\":\"ele\",\"image\":{\"@type\":\"ImageObject\",\"inLanguage\":\"pt-BR\",\"@id\":\"https:\\\/\\\/i0.wp.com\\\/blogdoprosperi.com\\\/wp-content\\\/uploads\\\/2026\\\/05\\\/cropped-8059e613-6002-42fa-961e-8e275f575d71-2-5.jpg?fit=1360%2C931&ssl=1\",\"url\":\"https:\\\/\\\/i0.wp.com\\\/blogdoprosperi.com\\\/wp-content\\\/uploads\\\/2026\\\/05\\\/cropped-8059e613-6002-42fa-961e-8e275f575d71-2-5.jpg?fit=1360%2C931&ssl=1\",\"contentUrl\":\"https:\\\/\\\/i0.wp.com\\\/blogdoprosperi.com\\\/wp-content\\\/uploads\\\/2026\\\/05\\\/cropped-8059e613-6002-42fa-961e-8e275f575d71-2-5.jpg?fit=1360%2C931&ssl=1\",\"width\":1360,\"height\":931,\"caption\":\"Luiz Ant\u00f4nio Pr\u00f3speri\"},\"logo\":{\"@id\":\"https:\\\/\\\/i0.wp.com\\\/blogdoprosperi.com\\\/wp-content\\\/uploads\\\/2026\\\/05\\\/cropped-8059e613-6002-42fa-961e-8e275f575d71-2-5.jpg?fit=1360%2C931&ssl=1\"},\"description\":\"Jornalista com carreira dedicada ao esporte. Cobriu 9 Copas do Mundo in loco, 1990 na It\u00e1lia, 1994 nos EUA, 1998 na Fran\u00e7a, 2002 na Coreia do Sul e Jap\u00e3o, 2006 na Alemanha, 2010 na \u00c1frica do Sul, 2014 no Brasil, 2018 na R\u00fassia e 2022 no Qatar. Eurocopas, 1992 na Su\u00e9cia e 1996 na Inglaterra. Copa das Confedera\u00e7\u00f5es de 2005 na Alemanha e 2009 na \u00c1frica do Sul. Rep\u00f3rter e Editor, trabalhou no Jornal da Tarde e Estad\u00e3o, de 1984 a fevereiro de 2016. Colunista, blogueiro. E comentarista de futebol na R\u00e1dio Estad\u00e3o, de 2013 a fevereiro de 2016. Jornalista respons\u00e1vel do \\\"Pr\u00f3speri News\\\" (blogdoprosperi.com).\",\"sameAs\":[\"http:\\\/\\\/blogdoprosperi.com\",\"Luiz Pr\u00f3speri\",\"@luiz_prosperi\",\"https:\\\/\\\/x.com\\\/Luizprosperi\",\"@prosperinacopa\",\"luiz.prosperi@icloud.com\"],\"url\":\"https:\\\/\\\/blogdoprosperi.com\\\/?author=102107496\"}]}<\/script>\n<!-- \/ Yoast SEO plugin. -->","yoast_head_json":{"title":"Corinthians, enfim, se livra de Pato - PR\u00d3SPERI NEWS","robots":{"index":"index","follow":"follow","max-snippet":"max-snippet:-1","max-image-preview":"max-image-preview:large","max-video-preview":"max-video-preview:-1"},"canonical":"https:\/\/blogdoprosperi.com\/?p=17618","og_locale":"pt_BR","og_type":"article","og_title":"Corinthians, enfim, se livra de Pato - PR\u00d3SPERI NEWS","og_description":"Corinthians vende Alexandre Pato ao Villarreal por R$ 10,8 milh\u00f5es","og_url":"https:\/\/blogdoprosperi.com\/?p=17618","og_site_name":"PR\u00d3SPERI NEWS","article_publisher":"Luiz Pr\u00f3speri","article_author":"Luiz Pr\u00f3speri","article_published_time":"2016-07-25T23:02:32+00:00","article_modified_time":"2016-07-31T18:00:37+00:00","og_image":[{"url":"https:\/\/blogdoprosperi.com\/wp-content\/uploads\/2016\/07\/pato_chapeu_sporting_chelsea.jpg","type":"","width":"","height":""}],"author":"Luiz Ant\u00f4nio Pr\u00f3speri","twitter_card":"summary_large_image","twitter_creator":"@Luizprosperi","twitter_site":"@Luizprosperi","twitter_misc":{"Escrito por":"Luiz Ant\u00f4nio Pr\u00f3speri","Est. tempo de leitura":"4 minutos"},"schema":{"@context":"https:\/\/schema.org","@graph":[{"@type":"Article","@id":"https:\/\/blogdoprosperi.com\/?p=17618#article","isPartOf":{"@id":"https:\/\/blogdoprosperi.com\/?p=17618"},"author":{"name":"Luiz Ant\u00f4nio Pr\u00f3speri","@id":"https:\/\/blogdoprosperi.com\/#\/schema\/person\/38100755ce3601861ee4fab9b5aa78e9"},"headline":"Corinthians, enfim, se livra de Pato","datePublished":"2016-07-25T23:02:32+00:00","dateModified":"2016-07-31T18:00:37+00:00","mainEntityOfPage":{"@id":"https:\/\/blogdoprosperi.com\/?p=17618"},"wordCount":763,"commentCount":0,"publisher":{"@id":"https:\/\/blogdoprosperi.com\/#\/schema\/person\/38100755ce3601861ee4fab9b5aa78e9"},"image":{"@id":"https:\/\/blogdoprosperi.com\/?p=17618#primaryimage"},"thumbnailUrl":"https:\/\/blogdoprosperi.com\/wp-content\/uploads\/2016\/07\/pato_chapeu_sporting_chelsea.jpg","keywords":["Alexandre Pato","Brasileir\u00e3o-2016","Corinthians","futebol","futebol espanhol","Gabriel Jesus","Lazio","Ronaldo Fen\u00f4meno","Villarreal"],"articleSection":["futebol"],"inLanguage":"pt-BR","potentialAction":[{"@type":"CommentAction","name":"Comment","target":["https:\/\/blogdoprosperi.com\/?p=17618#respond"]}]},{"@type":"WebPage","@id":"https:\/\/blogdoprosperi.com\/?p=17618","url":"https:\/\/blogdoprosperi.com\/?p=17618","name":"Corinthians, enfim, se livra de Pato - PR\u00d3SPERI NEWS","isPartOf":{"@id":"https:\/\/blogdoprosperi.com\/#website"},"primaryImageOfPage":{"@id":"https:\/\/blogdoprosperi.com\/?p=17618#primaryimage"},"image":{"@id":"https:\/\/blogdoprosperi.com\/?p=17618#primaryimage"},"thumbnailUrl":"https:\/\/blogdoprosperi.com\/wp-content\/uploads\/2016\/07\/pato_chapeu_sporting_chelsea.jpg","datePublished":"2016-07-25T23:02:32+00:00","dateModified":"2016-07-31T18:00:37+00:00","breadcrumb":{"@id":"https:\/\/blogdoprosperi.com\/?p=17618#breadcrumb"},"inLanguage":"pt-BR","potentialAction":[{"@type":"ReadAction","target":["https:\/\/blogdoprosperi.com\/?p=17618"]}]},{"@type":"ImageObject","inLanguage":"pt-BR","@id":"https:\/\/blogdoprosperi.com\/?p=17618#primaryimage","url":"https:\/\/i0.wp.com\/blogdoprosperi.com\/wp-content\/uploads\/2016\/07\/pato_chapeu_sporting_chelsea.jpg?fit=956%2C500&ssl=1","contentUrl":"https:\/\/i0.wp.com\/blogdoprosperi.com\/wp-content\/uploads\/2016\/07\/pato_chapeu_sporting_chelsea.jpg?fit=956%2C500&ssl=1","width":956,"height":500},{"@type":"BreadcrumbList","@id":"https:\/\/blogdoprosperi.com\/?p=17618#breadcrumb","itemListElement":[{"@type":"ListItem","position":1,"name":"In\u00edcio","item":"https:\/\/blogdoprosperi.com\/"},{"@type":"ListItem","position":2,"name":"Corinthians, enfim, se livra de Pato"}]},{"@type":"WebSite","@id":"https:\/\/blogdoprosperi.com\/#website","url":"https:\/\/blogdoprosperi.com\/","name":"PR\u00d3SPERI NEWS","description":"TUDO \u00c9  FUTEBOL","publisher":{"@id":"https:\/\/blogdoprosperi.com\/#\/schema\/person\/38100755ce3601861ee4fab9b5aa78e9"},"alternateName":"blogdoprosperi.com","potentialAction":[{"@type":"SearchAction","target":{"@type":"EntryPoint","urlTemplate":"https:\/\/blogdoprosperi.com\/?s={search_term_string}"},"query-input":{"@type":"PropertyValueSpecification","valueRequired":true,"valueName":"search_term_string"}}],"inLanguage":"pt-BR"},{"@type":["Person","Organization"],"@id":"https:\/\/blogdoprosperi.com\/#\/schema\/person\/38100755ce3601861ee4fab9b5aa78e9","name":"Luiz Ant\u00f4nio Pr\u00f3speri","pronouns":"ele","image":{"@type":"ImageObject","inLanguage":"pt-BR","@id":"https:\/\/i0.wp.com\/blogdoprosperi.com\/wp-content\/uploads\/2026\/05\/cropped-8059e613-6002-42fa-961e-8e275f575d71-2-5.jpg?fit=1360%2C931&ssl=1","url":"https:\/\/i0.wp.com\/blogdoprosperi.com\/wp-content\/uploads\/2026\/05\/cropped-8059e613-6002-42fa-961e-8e275f575d71-2-5.jpg?fit=1360%2C931&ssl=1","contentUrl":"https:\/\/i0.wp.com\/blogdoprosperi.com\/wp-content\/uploads\/2026\/05\/cropped-8059e613-6002-42fa-961e-8e275f575d71-2-5.jpg?fit=1360%2C931&ssl=1","width":1360,"height":931,"caption":"Luiz Ant\u00f4nio Pr\u00f3speri"},"logo":{"@id":"https:\/\/i0.wp.com\/blogdoprosperi.com\/wp-content\/uploads\/2026\/05\/cropped-8059e613-6002-42fa-961e-8e275f575d71-2-5.jpg?fit=1360%2C931&ssl=1"},"description":"Jornalista com carreira dedicada ao esporte. Cobriu 9 Copas do Mundo in loco, 1990 na It\u00e1lia, 1994 nos EUA, 1998 na Fran\u00e7a, 2002 na Coreia do Sul e Jap\u00e3o, 2006 na Alemanha, 2010 na \u00c1frica do Sul, 2014 no Brasil, 2018 na R\u00fassia e 2022 no Qatar. Eurocopas, 1992 na Su\u00e9cia e 1996 na Inglaterra. Copa das Confedera\u00e7\u00f5es de 2005 na Alemanha e 2009 na \u00c1frica do Sul. Rep\u00f3rter e Editor, trabalhou no Jornal da Tarde e Estad\u00e3o, de 1984 a fevereiro de 2016. Colunista, blogueiro. E comentarista de futebol na R\u00e1dio Estad\u00e3o, de 2013 a fevereiro de 2016. Jornalista respons\u00e1vel do \"Pr\u00f3speri News\" (blogdoprosperi.com).","sameAs":["http:\/\/blogdoprosperi.com","Luiz Pr\u00f3speri","@luiz_prosperi","https:\/\/x.com\/Luizprosperi","@prosperinacopa","luiz.prosperi@icloud.com"],"url":"https:\/\/blogdoprosperi.com\/?author=102107496"}]}},"jetpack_publicize_connections":[],"jetpack_likes_enabled":false,"jetpack_sharing_enabled":true,"jetpack_shortlink":"https:\/\/wp.me\/p7jvdk-4Aa","jetpack-related-posts":[{"id":15026,"url":"https:\/\/blogdoprosperi.com\/?p=15026","url_meta":{"origin":17618,"position":0},"title":"Alexandre Pato e Rodrigo Caio est\u00e3o perto da  Lazio","author":"Luiz Ant\u00f4nio Pr\u00f3speri","date":"6 de julho de 2016","format":false,"excerpt":"Lazio tem como certa a transfer\u00eancia de Alexandre Pato, do Corinthians, por cerca de 5 milh\u00f5es de euros (R$ 18,2 milh\u00f5es) e tamb\u00e9m de Rodrigo Caio, do S\u00e3o Paulo, por 10 milh\u00f5es de euros (R$ 36,4 milh\u00f5es) mais 2 milh\u00f5es de euros (R$ 7,2 milh\u00f5es) de b\u00f4nus. As duas negocia\u00e7\u00f5es\u2026","rel":"","context":"Em &quot;futebol&quot;","block_context":{"text":"futebol","link":"https:\/\/blogdoprosperi.com\/?cat=53870"},"img":{"alt_text":"","src":"https:\/\/i0.wp.com\/blogdoprosperi.com\/wp-content\/uploads\/2016\/07\/2c385ddc00000578-0-image-a-58_1450278648907.jpg?resize=350%2C200&ssl=1","width":350,"height":200,"srcset":"https:\/\/i0.wp.com\/blogdoprosperi.com\/wp-content\/uploads\/2016\/07\/2c385ddc00000578-0-image-a-58_1450278648907.jpg?resize=350%2C200&ssl=1 1x, https:\/\/i0.wp.com\/blogdoprosperi.com\/wp-content\/uploads\/2016\/07\/2c385ddc00000578-0-image-a-58_1450278648907.jpg?resize=525%2C300&ssl=1 1.5x"},"classes":[]},{"id":15504,"url":"https:\/\/blogdoprosperi.com\/?p=15504","url_meta":{"origin":17618,"position":1},"title":"Sa\u00edda de Bielsa da Lazio deixa futuro de Pato indefinido","author":"Luiz Ant\u00f4nio Pr\u00f3speri","date":"8 de julho de 2016","format":false,"excerpt":"Alexandre Pato continua nos planos da Lazio, mesmo com a desist\u00eancia de Marcelo Bielsa de dirigir o time - uma bomba que sacudiu o futebol italiano nesta sexta-feira (08\/7) de manh\u00e3 em Roma. A proposta inicial de 5 milh\u00f5es de euros (R$ 18,2 milh\u00f5es) passou para 2 milh\u00f5es (R$ 7\u2026","rel":"","context":"Em &quot;futebol&quot;","block_context":{"text":"futebol","link":"https:\/\/blogdoprosperi.com\/?cat=53870"},"img":{"alt_text":"","src":"https:\/\/i0.wp.com\/blogdoprosperi.com\/wp-content\/uploads\/2016\/07\/alx_esporte-alexandre-pato-corinthians-20160705-001_original.jpeg?resize=350%2C200&ssl=1","width":350,"height":200,"srcset":"https:\/\/i0.wp.com\/blogdoprosperi.com\/wp-content\/uploads\/2016\/07\/alx_esporte-alexandre-pato-corinthians-20160705-001_original.jpeg?resize=350%2C200&ssl=1 1x, https:\/\/i0.wp.com\/blogdoprosperi.com\/wp-content\/uploads\/2016\/07\/alx_esporte-alexandre-pato-corinthians-20160705-001_original.jpeg?resize=525%2C300&ssl=1 1.5x"},"classes":[]},{"id":15538,"url":"https:\/\/blogdoprosperi.com\/?p=15538","url_meta":{"origin":17618,"position":2},"title":"Pato diz n\u00e3o \u00e0 Lazio e garante que vai jogar no Corinthians at\u00e9 dezembro","author":"Luiz Ant\u00f4nio Pr\u00f3speri","date":"9 de julho de 2016","format":false,"excerpt":"Corinthians vai ser obrigado a ficar com Alexandre Pato at\u00e9 dezembro. E bancando R$ 800 mil mensais de sal\u00e1rios. A decis\u00e3o n\u00e3o partiu dos dirigentes do clube paulista e sim do pr\u00f3prio jogador. Pato, segundo o diretor da Lazio, Igle Tare, rejeitou a proposta do time italiano e ainda deixou\u2026","rel":"","context":"Em &quot;futebol&quot;","block_context":{"text":"futebol","link":"https:\/\/blogdoprosperi.com\/?cat=53870"},"img":{"alt_text":"","src":"https:\/\/i0.wp.com\/blogdoprosperi.com\/wp-content\/uploads\/2016\/07\/corinthians-pato-treino-sorriso-640x480-agencia-corinthians.jpg?resize=350%2C200&ssl=1","width":350,"height":200,"srcset":"https:\/\/i0.wp.com\/blogdoprosperi.com\/wp-content\/uploads\/2016\/07\/corinthians-pato-treino-sorriso-640x480-agencia-corinthians.jpg?resize=350%2C200&ssl=1 1x, https:\/\/i0.wp.com\/blogdoprosperi.com\/wp-content\/uploads\/2016\/07\/corinthians-pato-treino-sorriso-640x480-agencia-corinthians.jpg?resize=525%2C300&ssl=1 1.5x"},"classes":[]},{"id":3836,"url":"https:\/\/blogdoprosperi.com\/?p=3836","url_meta":{"origin":17618,"position":3},"title":"Cinco an\u00e1lises de futebol para voc\u00ea ler nesta sexta-feira (06\/5) antes de dormir","author":"Luiz Ant\u00f4nio Pr\u00f3speri","date":"7 de maio de 2016","format":false,"excerpt":"Amigo leitor desse Blog do Pr\u00f3speri apresento aqui uma novidade aos que gostam de futebol. A partir desta sexta-feira, 06\/5, vou destacar r\u00e1pidas an\u00e1lises de cinco not\u00edcias importantes do dia que dominaram os sites, jornais, emissoras de TV e r\u00e1dios. Ser\u00e3o coment\u00e1rios de fatos que considero relevantes para fechar a\u2026","rel":"","context":"Em &quot;futebol&quot;","block_context":{"text":"futebol","link":"https:\/\/blogdoprosperi.com\/?cat=53870"},"img":{"alt_text":"","src":"https:\/\/i0.wp.com\/blogdoprosperi.com\/wp-content\/uploads\/2016\/05\/nc3a3o-vamos-e1447535304836.jpeg?resize=350%2C200&ssl=1","width":350,"height":200,"srcset":"https:\/\/i0.wp.com\/blogdoprosperi.com\/wp-content\/uploads\/2016\/05\/nc3a3o-vamos-e1447535304836.jpeg?resize=350%2C200&ssl=1 1x, https:\/\/i0.wp.com\/blogdoprosperi.com\/wp-content\/uploads\/2016\/05\/nc3a3o-vamos-e1447535304836.jpeg?resize=525%2C300&ssl=1 1.5x"},"classes":[]},{"id":41019,"url":"https:\/\/blogdoprosperi.com\/?p=41019","url_meta":{"origin":17618,"position":4},"title":"Futebol brasileiro em estado lis\u00e9rgico no mercado da bola","author":"Luiz Ant\u00f4nio Pr\u00f3speri","date":"6 de janeiro de 2023","format":false,"excerpt":"Corinthians faz proposta por Cristiano Ronaldo, antes do neg\u00f3cio das Ar\u00e1bias. Flamengo resgata Coringa. E garotos, cada vez mais, trocam Brasil pela Europa","rel":"","context":"Em &quot;futebol&quot;","block_context":{"text":"futebol","link":"https:\/\/blogdoprosperi.com\/?cat=53870"},"img":{"alt_text":"","src":"https:\/\/i0.wp.com\/blogdoprosperi.com\/wp-content\/uploads\/2023\/01\/materiasrepositorio-1570017750.png?fit=1200%2C675&ssl=1&resize=350%2C200","width":350,"height":200,"srcset":"https:\/\/i0.wp.com\/blogdoprosperi.com\/wp-content\/uploads\/2023\/01\/materiasrepositorio-1570017750.png?fit=1200%2C675&ssl=1&resize=350%2C200 1x, https:\/\/i0.wp.com\/blogdoprosperi.com\/wp-content\/uploads\/2023\/01\/materiasrepositorio-1570017750.png?fit=1200%2C675&ssl=1&resize=525%2C300 1.5x, https:\/\/i0.wp.com\/blogdoprosperi.com\/wp-content\/uploads\/2023\/01\/materiasrepositorio-1570017750.png?fit=1200%2C675&ssl=1&resize=700%2C400 2x, https:\/\/i0.wp.com\/blogdoprosperi.com\/wp-content\/uploads\/2023\/01\/materiasrepositorio-1570017750.png?fit=1200%2C675&ssl=1&resize=1050%2C600 3x"},"classes":[]},{"id":16602,"url":"https:\/\/blogdoprosperi.com\/?p=16602","url_meta":{"origin":17618,"position":5},"title":"Corinthians precisa urgente de Pato e S\u00e3o Paulo busca atacante gringo","author":"Luiz Ant\u00f4nio Pr\u00f3speri","date":"18 de julho de 2016","format":false,"excerpt":"Empate no cl\u00e1ssico no Itaquer\u00e3o deixa claro a necessidade que o Corinthians tem de um atacante acima da m\u00e9dia. Nome dele \u00e9 Alexandre Pato, em fase final de recondicionamento f\u00edsico. O S\u00e3o Paulo, depois de se espatifar na Libertadores e perder de uma tacada s\u00f3 Ganso, Calleri e Alan Kardec,\u2026","rel":"","context":"Em &quot;Campeonato Brasileiro&quot;","block_context":{"text":"Campeonato Brasileiro","link":"https:\/\/blogdoprosperi.com\/?cat=355071"},"img":{"alt_text":"","src":"https:\/\/i0.wp.com\/blogdoprosperi.com\/wp-content\/uploads\/2016\/07\/corinthians_empatou_com_o_sao_paulo_na_arena_op.jpg?resize=350%2C200","width":350,"height":200,"srcset":"https:\/\/i0.wp.com\/blogdoprosperi.com\/wp-content\/uploads\/2016\/07\/corinthians_empatou_com_o_sao_paulo_na_arena_op.jpg?resize=350%2C200 1x, https:\/\/i0.wp.com\/blogdoprosperi.com\/wp-content\/uploads\/2016\/07\/corinthians_empatou_com_o_sao_paulo_na_arena_op.jpg?resize=525%2C300 1.5x"},"classes":[]}],"jetpack_featured_media_url":"","_links":{"self":[{"href":"https:\/\/blogdoprosperi.com\/index.php?rest_route=\/wp\/v2\/posts\/17618","targetHints":{"allow":["GET"]}}],"collection":[{"href":"https:\/\/blogdoprosperi.com\/index.php?rest_route=\/wp\/v2\/posts"}],"about":[{"href":"https:\/\/blogdoprosperi.com\/index.php?rest_route=\/wp\/v2\/types\/post"}],"author":[{"embeddable":true,"href":"https:\/\/blogdoprosperi.com\/index.php?rest_route=\/wp\/v2\/users\/102107496"}],"replies":[{"embeddable":true,"href":"https:\/\/blogdoprosperi.com\/index.php?rest_route=%2Fwp%2Fv2%2Fcomments&post=17618"}],"version-history":[{"count":25,"href":"https:\/\/blogdoprosperi.com\/index.php?rest_route=\/wp\/v2\/posts\/17618\/revisions"}],"predecessor-version":[{"id":18152,"href":"https:\/\/blogdoprosperi.com\/index.php?rest_route=\/wp\/v2\/posts\/17618\/revisions\/18152"}],"wp:attachment":[{"href":"https:\/\/blogdoprosperi.com\/index.php?rest_route=%2Fwp%2Fv2%2Fmedia&parent=17618"}],"wp:term":[{"taxonomy":"category","embeddable":true,"href":"https:\/\/blogdoprosperi.com\/index.php?rest_route=%2Fwp%2Fv2%2Fcategories&post=17618"},{"taxonomy":"post_tag","embeddable":true,"href":"https:\/\/blogdoprosperi.com\/index.php?rest_route=%2Fwp%2Fv2%2Ftags&post=17618"}],"curies":[{"name":"wp","href":"https:\/\/api.w.org\/{rel}","templated":true}]}}