{"id":17962,"date":"2016-07-30T19:05:22","date_gmt":"2016-07-30T22:05:22","guid":{"rendered":"http:\/\/blogdoprosperi.com\/?p=17962"},"modified":"2016-07-31T14:57:58","modified_gmt":"2016-07-31T17:57:58","slug":"selecao-olimpica-encanta-no-primeiro-tempo-e-sai-da-orbita-de-neymar","status":"publish","type":"post","link":"https:\/\/blogdoprosperi.com\/?p=17962","title":{"rendered":"Sele\u00e7\u00e3o Ol\u00edmpica encanta no primeiro tempo e sai da \u00f3rbita de Neymar"},"content":{"rendered":"<p><span class=\"alignnone\"><img data-recalc-dims=\"1\" loading=\"lazy\" decoding=\"async\" data-attachment-id=\"18002\" data-permalink=\"https:\/\/blogdoprosperi.com\/?attachment_id=18002\" data-orig-file=\"https:\/\/i0.wp.com\/blogdoprosperi.com\/wp-content\/uploads\/2016\/07\/agi20160730008.jpg?fit=640%2C360&amp;ssl=1\" data-orig-size=\"640,360\" data-comments-opened=\"1\" data-image-meta=\"{&quot;aperture&quot;:&quot;0&quot;,&quot;credit&quot;:&quot;&quot;,&quot;camera&quot;:&quot;&quot;,&quot;caption&quot;:&quot;&quot;,&quot;created_timestamp&quot;:&quot;0&quot;,&quot;copyright&quot;:&quot;&quot;,&quot;focal_length&quot;:&quot;0&quot;,&quot;iso&quot;:&quot;0&quot;,&quot;shutter_speed&quot;:&quot;0&quot;,&quot;title&quot;:&quot;&quot;,&quot;orientation&quot;:&quot;0&quot;}\" data-image-title=\"agi20160730008\" data-image-description=\"\" data-image-caption=\"\" data-large-file=\"https:\/\/i0.wp.com\/blogdoprosperi.com\/wp-content\/uploads\/2016\/07\/agi20160730008.jpg?fit=640%2C360&amp;ssl=1\" class=\"alignnone size-full wp-image-18002\" src=\"https:\/\/i0.wp.com\/blogdoprosperi.com\/wp-content\/uploads\/2016\/07\/agi20160730008.jpg?resize=640%2C360&#038;ssl=1\" alt=\"agi20160730008\" width=\"640\" height=\"360\" \/><\/span><\/p>\n<p>Sele\u00e7\u00e3o Ol\u00edmpica criou ilus\u00e3o apenas no primeiro tempo do amistoso contra o Jap\u00e3o neste s\u00e1bado. Em alguns momentos emitiu sinais de que a alegria do futebol brasileiro havia voltado. Muito ofensiva, encaixou dois gols, carimbou o travess\u00e3o por duas vezes e encantoou os japoneses. Obra de um jogo coletivo imbu\u00eddo de atacar e sem a necessidade de procurar Neymar a todo instante. Venceu por 2 a 0 em Goi\u00e2nia no \u00faltimo teste antes da estreia na Olimp\u00edada do Rio.<!--more--><\/p>\n<p>Nessa busca obstinada do gol, com boas variantes, atacou at\u00e9 com oito jogadores. Tr\u00eas meias &#8211; Thiago Maia, Rafinha e Felipe Anderson &#8211; se juntaram a Gabriel, Gabriel Jesus e Neymar. Laterais Zeca e Douglas Costa tamb\u00e9m se lan\u00e7aram ao campo inimigo. Quase uma avalanche. Se insistir com essa estrat\u00e9gia e dar mais velocidade no \u00faltimo ter\u00e7o do time, essa sele\u00e7\u00e3o pode marcar \u00e9poca.<\/p>\n<p>Tudo isso foi muito bonito no primeiro tempo. No segundo, Rog\u00e9rio Micale revolveu a terra. Come\u00e7ou com quatro atacantes ao voltar com Luan, do Gr\u00eamio, no lugar de Felipe Anderson. Era a teoria do caos na pr\u00e1tica, como h\u00e1 muito tempo n\u00e3o se via no futebol brasileiro. N\u00e3o teve um efeito espetacular, mas mostrou que o Brasil pode sim jogar com quatro atacantes &#8211; Luan, Gabriel, Jesus e Neymar.<\/p>\n<p>Diante de um time mais agressivo, o Jap\u00e3o saiu mais de seu campo. Micale, ent\u00e3o, resolveu adotar uma postura mais conservadora ao mandar a campo os volantes ga\u00fachos Wallace e Rodrigo Dourado. Os dois e mais Renato Augusto obrigaram a sele\u00e7\u00e3o a tirar o p\u00e9 do acelerador.<\/p>\n<p>Neste momento, se esperava mais protagonismo de Neymar, o sol da companhia. N\u00e3o foi o que aconteceu. O craque, sem jogar uma partida oficial desde o fim do m\u00eas de maio, estava fora de compasso. Penteou muito bola, abusou de lances individuais e n\u00e3o procurou mais seus parceiros de ataque. N\u00e3o serviu Gabriel Jesus nenhuma vez.<\/p>\n<p>Neymar opaco, Brasil mais lento e t\u00e9dio nas arquibancadas com pouco mais de 35 mil torcedores no Serra Dourada. A expectativa de um time arrebatador n\u00e3o se consumou. Na mem\u00f3ria, apenas o futebol de excel\u00eancia no primeiro tempo. Era um amistoso. E isso pode ser a melhor desculpa. A verdade ser contada na Olimp\u00edada.<\/p>\n","protected":false},"excerpt":{"rendered":"<p>Sele\u00e7\u00e3o Ol\u00edmpica criou ilus\u00e3o apenas no primeiro tempo do amistoso contra o Jap\u00e3o neste s\u00e1bado. Em alguns momentos [&hellip;]<\/p>\n","protected":false},"author":102107496,"featured_media":0,"comment_status":"open","ping_status":"open","sticky":false,"template":"","format":"standard","meta":{"_coblocks_attr":"","_coblocks_dimensions":"","_coblocks_responsive_height":"","_coblocks_accordion_ie_support":"","_jetpack_newsletter_access":"","_jetpack_dont_email_post_to_subs":false,"_jetpack_newsletter_tier_id":0,"_jetpack_memberships_contains_paywalled_content":false,"_wpcom_ai_launchpad_first_post":false,"_jetpack_feature_clip_id":0,"_jetpack_memberships_contains_paid_content":false,"footnotes":"","jetpack_publicize_message":"","jetpack_publicize_feature_enabled":true,"jetpack_social_post_already_shared":false,"jetpack_social_options":{"image_generator_settings":{"template":"highway","default_image_id":0,"font":"","enabled":false},"version":2},"jetpack_post_was_ever_published":false},"categories":[53870,77187843],"tags":[11720085,789560560,52406516,232826435,4112146,48751943,3135268],"class_list":["post-17962","post","type-post","status-publish","format-standard","hentry","category-futebol","category-olimpiada-do-rio","tag-brasil-x-japao","tag-futebol","tag-gabigol","tag-gabriel-jesus","tag-neymar","tag-rogerio-micale","tag-selecao-olimpica"],"yoast_head":"<!-- This site is optimized with the Yoast SEO plugin v28.3 - https:\/\/yoast.com\/product\/yoast-seo-wordpress\/ -->\n<title>Sele\u00e7\u00e3o Ol\u00edmpica encanta no primeiro tempo e sai da \u00f3rbita de Neymar - PR\u00d3SPERI NEWS<\/title>\n<meta name=\"robots\" content=\"index, follow, max-snippet:-1, max-image-preview:large, max-video-preview:-1\" \/>\n<link rel=\"canonical\" href=\"https:\/\/blogdoprosperi.com\/?p=17962\" \/>\n<meta property=\"og:locale\" content=\"pt_BR\" \/>\n<meta property=\"og:type\" content=\"article\" \/>\n<meta property=\"og:title\" content=\"Sele\u00e7\u00e3o Ol\u00edmpica encanta no primeiro tempo e sai da \u00f3rbita de Neymar - PR\u00d3SPERI NEWS\" \/>\n<meta property=\"og:description\" content=\"Sele\u00e7\u00e3o Ol\u00edmpica criou ilus\u00e3o apenas no primeiro tempo do amistoso contra o Jap\u00e3o neste s\u00e1bado. Em alguns momentos [&hellip;]\" \/>\n<meta property=\"og:url\" content=\"https:\/\/blogdoprosperi.com\/?p=17962\" \/>\n<meta property=\"og:site_name\" content=\"PR\u00d3SPERI NEWS\" \/>\n<meta property=\"article:publisher\" content=\"Luiz Pr\u00f3speri\" \/>\n<meta property=\"article:author\" content=\"Luiz Pr\u00f3speri\" \/>\n<meta property=\"article:published_time\" content=\"2016-07-30T22:05:22+00:00\" \/>\n<meta property=\"article:modified_time\" content=\"2016-07-31T17:57:58+00:00\" \/>\n<meta property=\"og:image\" content=\"https:\/\/blogdoprosperi.com\/wp-content\/uploads\/2016\/07\/agi20160730008.jpg\" \/>\n<meta name=\"author\" content=\"Luiz Ant\u00f4nio Pr\u00f3speri\" \/>\n<meta name=\"twitter:card\" content=\"summary_large_image\" \/>\n<meta name=\"twitter:creator\" content=\"@Luizprosperi\" \/>\n<meta name=\"twitter:site\" content=\"@Luizprosperi\" \/>\n<meta name=\"twitter:label1\" content=\"Escrito por\" \/>\n\t<meta name=\"twitter:data1\" content=\"Luiz Ant\u00f4nio Pr\u00f3speri\" \/>\n\t<meta name=\"twitter:label2\" content=\"Est. tempo de leitura\" \/>\n\t<meta name=\"twitter:data2\" content=\"2 minutos\" \/>\n<script type=\"application\/ld+json\" class=\"yoast-schema-graph\">{\"@context\":\"https:\\\/\\\/schema.org\",\"@graph\":[{\"@type\":\"Article\",\"@id\":\"https:\\\/\\\/blogdoprosperi.com\\\/?p=17962#article\",\"isPartOf\":{\"@id\":\"https:\\\/\\\/blogdoprosperi.com\\\/?p=17962\"},\"author\":{\"name\":\"Luiz Ant\u00f4nio Pr\u00f3speri\",\"@id\":\"https:\\\/\\\/blogdoprosperi.com\\\/#\\\/schema\\\/person\\\/38100755ce3601861ee4fab9b5aa78e9\"},\"headline\":\"Sele\u00e7\u00e3o Ol\u00edmpica encanta no primeiro tempo e sai da \u00f3rbita de Neymar\",\"datePublished\":\"2016-07-30T22:05:22+00:00\",\"dateModified\":\"2016-07-31T17:57:58+00:00\",\"mainEntityOfPage\":{\"@id\":\"https:\\\/\\\/blogdoprosperi.com\\\/?p=17962\"},\"wordCount\":414,\"commentCount\":4,\"publisher\":{\"@id\":\"https:\\\/\\\/blogdoprosperi.com\\\/#\\\/schema\\\/person\\\/38100755ce3601861ee4fab9b5aa78e9\"},\"image\":{\"@id\":\"https:\\\/\\\/blogdoprosperi.com\\\/?p=17962#primaryimage\"},\"thumbnailUrl\":\"https:\\\/\\\/blogdoprosperi.com\\\/wp-content\\\/uploads\\\/2016\\\/07\\\/agi20160730008.jpg\",\"keywords\":[\"Brasil x Jap\u00e3o\",\"futebol\",\"Gabigol\",\"Gabriel Jesus\",\"Neymar\",\"Rog\u00e9rio Micale\",\"Sele\u00e7\u00e3o Ol\u00edmpica\"],\"articleSection\":[\"futebol\",\"Olimp\u00edada do Rio\"],\"inLanguage\":\"pt-BR\",\"potentialAction\":[{\"@type\":\"CommentAction\",\"name\":\"Comment\",\"target\":[\"https:\\\/\\\/blogdoprosperi.com\\\/?p=17962#respond\"]}]},{\"@type\":\"WebPage\",\"@id\":\"https:\\\/\\\/blogdoprosperi.com\\\/?p=17962\",\"url\":\"https:\\\/\\\/blogdoprosperi.com\\\/?p=17962\",\"name\":\"Sele\u00e7\u00e3o Ol\u00edmpica encanta no primeiro tempo e sai da \u00f3rbita de Neymar - PR\u00d3SPERI NEWS\",\"isPartOf\":{\"@id\":\"https:\\\/\\\/blogdoprosperi.com\\\/#website\"},\"primaryImageOfPage\":{\"@id\":\"https:\\\/\\\/blogdoprosperi.com\\\/?p=17962#primaryimage\"},\"image\":{\"@id\":\"https:\\\/\\\/blogdoprosperi.com\\\/?p=17962#primaryimage\"},\"thumbnailUrl\":\"https:\\\/\\\/blogdoprosperi.com\\\/wp-content\\\/uploads\\\/2016\\\/07\\\/agi20160730008.jpg\",\"datePublished\":\"2016-07-30T22:05:22+00:00\",\"dateModified\":\"2016-07-31T17:57:58+00:00\",\"breadcrumb\":{\"@id\":\"https:\\\/\\\/blogdoprosperi.com\\\/?p=17962#breadcrumb\"},\"inLanguage\":\"pt-BR\",\"potentialAction\":[{\"@type\":\"ReadAction\",\"target\":[\"https:\\\/\\\/blogdoprosperi.com\\\/?p=17962\"]}]},{\"@type\":\"ImageObject\",\"inLanguage\":\"pt-BR\",\"@id\":\"https:\\\/\\\/blogdoprosperi.com\\\/?p=17962#primaryimage\",\"url\":\"https:\\\/\\\/i0.wp.com\\\/blogdoprosperi.com\\\/wp-content\\\/uploads\\\/2016\\\/07\\\/agi20160730008.jpg?fit=640%2C360&ssl=1\",\"contentUrl\":\"https:\\\/\\\/i0.wp.com\\\/blogdoprosperi.com\\\/wp-content\\\/uploads\\\/2016\\\/07\\\/agi20160730008.jpg?fit=640%2C360&ssl=1\",\"width\":640,\"height\":360},{\"@type\":\"BreadcrumbList\",\"@id\":\"https:\\\/\\\/blogdoprosperi.com\\\/?p=17962#breadcrumb\",\"itemListElement\":[{\"@type\":\"ListItem\",\"position\":1,\"name\":\"In\u00edcio\",\"item\":\"https:\\\/\\\/blogdoprosperi.com\\\/\"},{\"@type\":\"ListItem\",\"position\":2,\"name\":\"Sele\u00e7\u00e3o Ol\u00edmpica encanta no primeiro tempo e sai da \u00f3rbita de Neymar\"}]},{\"@type\":\"WebSite\",\"@id\":\"https:\\\/\\\/blogdoprosperi.com\\\/#website\",\"url\":\"https:\\\/\\\/blogdoprosperi.com\\\/\",\"name\":\"PR\u00d3SPERI NEWS\",\"description\":\"TUDO \u00c9  FUTEBOL\",\"publisher\":{\"@id\":\"https:\\\/\\\/blogdoprosperi.com\\\/#\\\/schema\\\/person\\\/38100755ce3601861ee4fab9b5aa78e9\"},\"alternateName\":\"blogdoprosperi.com\",\"potentialAction\":[{\"@type\":\"SearchAction\",\"target\":{\"@type\":\"EntryPoint\",\"urlTemplate\":\"https:\\\/\\\/blogdoprosperi.com\\\/?s={search_term_string}\"},\"query-input\":{\"@type\":\"PropertyValueSpecification\",\"valueRequired\":true,\"valueName\":\"search_term_string\"}}],\"inLanguage\":\"pt-BR\"},{\"@type\":[\"Person\",\"Organization\"],\"@id\":\"https:\\\/\\\/blogdoprosperi.com\\\/#\\\/schema\\\/person\\\/38100755ce3601861ee4fab9b5aa78e9\",\"name\":\"Luiz Ant\u00f4nio Pr\u00f3speri\",\"pronouns\":\"ele\",\"image\":{\"@type\":\"ImageObject\",\"inLanguage\":\"pt-BR\",\"@id\":\"https:\\\/\\\/i0.wp.com\\\/blogdoprosperi.com\\\/wp-content\\\/uploads\\\/2026\\\/05\\\/cropped-8059e613-6002-42fa-961e-8e275f575d71-2-5.jpg?fit=1360%2C931&ssl=1\",\"url\":\"https:\\\/\\\/i0.wp.com\\\/blogdoprosperi.com\\\/wp-content\\\/uploads\\\/2026\\\/05\\\/cropped-8059e613-6002-42fa-961e-8e275f575d71-2-5.jpg?fit=1360%2C931&ssl=1\",\"contentUrl\":\"https:\\\/\\\/i0.wp.com\\\/blogdoprosperi.com\\\/wp-content\\\/uploads\\\/2026\\\/05\\\/cropped-8059e613-6002-42fa-961e-8e275f575d71-2-5.jpg?fit=1360%2C931&ssl=1\",\"width\":1360,\"height\":931,\"caption\":\"Luiz Ant\u00f4nio Pr\u00f3speri\"},\"logo\":{\"@id\":\"https:\\\/\\\/i0.wp.com\\\/blogdoprosperi.com\\\/wp-content\\\/uploads\\\/2026\\\/05\\\/cropped-8059e613-6002-42fa-961e-8e275f575d71-2-5.jpg?fit=1360%2C931&ssl=1\"},\"description\":\"Jornalista com carreira dedicada ao esporte. Cobriu 9 Copas do Mundo in loco, 1990 na It\u00e1lia, 1994 nos EUA, 1998 na Fran\u00e7a, 2002 na Coreia do Sul e Jap\u00e3o, 2006 na Alemanha, 2010 na \u00c1frica do Sul, 2014 no Brasil, 2018 na R\u00fassia e 2022 no Qatar. Eurocopas, 1992 na Su\u00e9cia e 1996 na Inglaterra. Copa das Confedera\u00e7\u00f5es de 2005 na Alemanha e 2009 na \u00c1frica do Sul. Rep\u00f3rter e Editor, trabalhou no Jornal da Tarde e Estad\u00e3o, de 1984 a fevereiro de 2016. Colunista, blogueiro. E comentarista de futebol na R\u00e1dio Estad\u00e3o, de 2013 a fevereiro de 2016. Jornalista respons\u00e1vel do \\\"Pr\u00f3speri News\\\" (blogdoprosperi.com).\",\"sameAs\":[\"http:\\\/\\\/blogdoprosperi.com\",\"Luiz Pr\u00f3speri\",\"@luiz_prosperi\",\"https:\\\/\\\/x.com\\\/Luizprosperi\",\"@prosperinacopa\",\"luiz.prosperi@icloud.com\"],\"url\":\"https:\\\/\\\/blogdoprosperi.com\\\/?author=102107496\"}]}<\/script>\n<!-- \/ Yoast SEO plugin. -->","yoast_head_json":{"title":"Sele\u00e7\u00e3o Ol\u00edmpica encanta no primeiro tempo e sai da \u00f3rbita de Neymar - PR\u00d3SPERI NEWS","robots":{"index":"index","follow":"follow","max-snippet":"max-snippet:-1","max-image-preview":"max-image-preview:large","max-video-preview":"max-video-preview:-1"},"canonical":"https:\/\/blogdoprosperi.com\/?p=17962","og_locale":"pt_BR","og_type":"article","og_title":"Sele\u00e7\u00e3o Ol\u00edmpica encanta no primeiro tempo e sai da \u00f3rbita de Neymar - PR\u00d3SPERI NEWS","og_description":"Sele\u00e7\u00e3o Ol\u00edmpica criou ilus\u00e3o apenas no primeiro tempo do amistoso contra o Jap\u00e3o neste s\u00e1bado. Em alguns momentos [&hellip;]","og_url":"https:\/\/blogdoprosperi.com\/?p=17962","og_site_name":"PR\u00d3SPERI NEWS","article_publisher":"Luiz Pr\u00f3speri","article_author":"Luiz Pr\u00f3speri","article_published_time":"2016-07-30T22:05:22+00:00","article_modified_time":"2016-07-31T17:57:58+00:00","og_image":[{"url":"https:\/\/blogdoprosperi.com\/wp-content\/uploads\/2016\/07\/agi20160730008.jpg","type":"","width":"","height":""}],"author":"Luiz Ant\u00f4nio Pr\u00f3speri","twitter_card":"summary_large_image","twitter_creator":"@Luizprosperi","twitter_site":"@Luizprosperi","twitter_misc":{"Escrito por":"Luiz Ant\u00f4nio Pr\u00f3speri","Est. tempo de leitura":"2 minutos"},"schema":{"@context":"https:\/\/schema.org","@graph":[{"@type":"Article","@id":"https:\/\/blogdoprosperi.com\/?p=17962#article","isPartOf":{"@id":"https:\/\/blogdoprosperi.com\/?p=17962"},"author":{"name":"Luiz Ant\u00f4nio Pr\u00f3speri","@id":"https:\/\/blogdoprosperi.com\/#\/schema\/person\/38100755ce3601861ee4fab9b5aa78e9"},"headline":"Sele\u00e7\u00e3o Ol\u00edmpica encanta no primeiro tempo e sai da \u00f3rbita de Neymar","datePublished":"2016-07-30T22:05:22+00:00","dateModified":"2016-07-31T17:57:58+00:00","mainEntityOfPage":{"@id":"https:\/\/blogdoprosperi.com\/?p=17962"},"wordCount":414,"commentCount":4,"publisher":{"@id":"https:\/\/blogdoprosperi.com\/#\/schema\/person\/38100755ce3601861ee4fab9b5aa78e9"},"image":{"@id":"https:\/\/blogdoprosperi.com\/?p=17962#primaryimage"},"thumbnailUrl":"https:\/\/blogdoprosperi.com\/wp-content\/uploads\/2016\/07\/agi20160730008.jpg","keywords":["Brasil x Jap\u00e3o","futebol","Gabigol","Gabriel Jesus","Neymar","Rog\u00e9rio Micale","Sele\u00e7\u00e3o Ol\u00edmpica"],"articleSection":["futebol","Olimp\u00edada do Rio"],"inLanguage":"pt-BR","potentialAction":[{"@type":"CommentAction","name":"Comment","target":["https:\/\/blogdoprosperi.com\/?p=17962#respond"]}]},{"@type":"WebPage","@id":"https:\/\/blogdoprosperi.com\/?p=17962","url":"https:\/\/blogdoprosperi.com\/?p=17962","name":"Sele\u00e7\u00e3o Ol\u00edmpica encanta no primeiro tempo e sai da \u00f3rbita de Neymar - PR\u00d3SPERI NEWS","isPartOf":{"@id":"https:\/\/blogdoprosperi.com\/#website"},"primaryImageOfPage":{"@id":"https:\/\/blogdoprosperi.com\/?p=17962#primaryimage"},"image":{"@id":"https:\/\/blogdoprosperi.com\/?p=17962#primaryimage"},"thumbnailUrl":"https:\/\/blogdoprosperi.com\/wp-content\/uploads\/2016\/07\/agi20160730008.jpg","datePublished":"2016-07-30T22:05:22+00:00","dateModified":"2016-07-31T17:57:58+00:00","breadcrumb":{"@id":"https:\/\/blogdoprosperi.com\/?p=17962#breadcrumb"},"inLanguage":"pt-BR","potentialAction":[{"@type":"ReadAction","target":["https:\/\/blogdoprosperi.com\/?p=17962"]}]},{"@type":"ImageObject","inLanguage":"pt-BR","@id":"https:\/\/blogdoprosperi.com\/?p=17962#primaryimage","url":"https:\/\/i0.wp.com\/blogdoprosperi.com\/wp-content\/uploads\/2016\/07\/agi20160730008.jpg?fit=640%2C360&ssl=1","contentUrl":"https:\/\/i0.wp.com\/blogdoprosperi.com\/wp-content\/uploads\/2016\/07\/agi20160730008.jpg?fit=640%2C360&ssl=1","width":640,"height":360},{"@type":"BreadcrumbList","@id":"https:\/\/blogdoprosperi.com\/?p=17962#breadcrumb","itemListElement":[{"@type":"ListItem","position":1,"name":"In\u00edcio","item":"https:\/\/blogdoprosperi.com\/"},{"@type":"ListItem","position":2,"name":"Sele\u00e7\u00e3o Ol\u00edmpica encanta no primeiro tempo e sai da \u00f3rbita de Neymar"}]},{"@type":"WebSite","@id":"https:\/\/blogdoprosperi.com\/#website","url":"https:\/\/blogdoprosperi.com\/","name":"PR\u00d3SPERI NEWS","description":"TUDO \u00c9  FUTEBOL","publisher":{"@id":"https:\/\/blogdoprosperi.com\/#\/schema\/person\/38100755ce3601861ee4fab9b5aa78e9"},"alternateName":"blogdoprosperi.com","potentialAction":[{"@type":"SearchAction","target":{"@type":"EntryPoint","urlTemplate":"https:\/\/blogdoprosperi.com\/?s={search_term_string}"},"query-input":{"@type":"PropertyValueSpecification","valueRequired":true,"valueName":"search_term_string"}}],"inLanguage":"pt-BR"},{"@type":["Person","Organization"],"@id":"https:\/\/blogdoprosperi.com\/#\/schema\/person\/38100755ce3601861ee4fab9b5aa78e9","name":"Luiz Ant\u00f4nio Pr\u00f3speri","pronouns":"ele","image":{"@type":"ImageObject","inLanguage":"pt-BR","@id":"https:\/\/i0.wp.com\/blogdoprosperi.com\/wp-content\/uploads\/2026\/05\/cropped-8059e613-6002-42fa-961e-8e275f575d71-2-5.jpg?fit=1360%2C931&ssl=1","url":"https:\/\/i0.wp.com\/blogdoprosperi.com\/wp-content\/uploads\/2026\/05\/cropped-8059e613-6002-42fa-961e-8e275f575d71-2-5.jpg?fit=1360%2C931&ssl=1","contentUrl":"https:\/\/i0.wp.com\/blogdoprosperi.com\/wp-content\/uploads\/2026\/05\/cropped-8059e613-6002-42fa-961e-8e275f575d71-2-5.jpg?fit=1360%2C931&ssl=1","width":1360,"height":931,"caption":"Luiz Ant\u00f4nio Pr\u00f3speri"},"logo":{"@id":"https:\/\/i0.wp.com\/blogdoprosperi.com\/wp-content\/uploads\/2026\/05\/cropped-8059e613-6002-42fa-961e-8e275f575d71-2-5.jpg?fit=1360%2C931&ssl=1"},"description":"Jornalista com carreira dedicada ao esporte. Cobriu 9 Copas do Mundo in loco, 1990 na It\u00e1lia, 1994 nos EUA, 1998 na Fran\u00e7a, 2002 na Coreia do Sul e Jap\u00e3o, 2006 na Alemanha, 2010 na \u00c1frica do Sul, 2014 no Brasil, 2018 na R\u00fassia e 2022 no Qatar. Eurocopas, 1992 na Su\u00e9cia e 1996 na Inglaterra. Copa das Confedera\u00e7\u00f5es de 2005 na Alemanha e 2009 na \u00c1frica do Sul. Rep\u00f3rter e Editor, trabalhou no Jornal da Tarde e Estad\u00e3o, de 1984 a fevereiro de 2016. Colunista, blogueiro. E comentarista de futebol na R\u00e1dio Estad\u00e3o, de 2013 a fevereiro de 2016. Jornalista respons\u00e1vel do \"Pr\u00f3speri News\" (blogdoprosperi.com).","sameAs":["http:\/\/blogdoprosperi.com","Luiz Pr\u00f3speri","@luiz_prosperi","https:\/\/x.com\/Luizprosperi","@prosperinacopa","luiz.prosperi@icloud.com"],"url":"https:\/\/blogdoprosperi.com\/?author=102107496"}]}},"jetpack_publicize_connections":[],"jetpack_likes_enabled":false,"jetpack_sharing_enabled":true,"jetpack_shortlink":"https:\/\/wp.me\/p7jvdk-4FI","jetpack-related-posts":[{"id":18950,"url":"https:\/\/blogdoprosperi.com\/?p=18950","url_meta":{"origin":17962,"position":0},"title":"Neymar n\u00e3o reage e se afoga junto da Sele\u00e7\u00e3o Ol\u00edmpica na estreia nos Jogos do Rio","author":"Luiz Ant\u00f4nio Pr\u00f3speri","date":"4 de agosto de 2016","format":false,"excerpt":"\u00a0 Sele\u00e7\u00e3o Ol\u00edmpica n\u00e3o encanta, apenas empata sem gols com a \u00c1frica do Sul e sai vaiada por parte da torcida na estreia nos Jogos do Rio 2016 no est\u00e1dio Man\u00e9 Garrincha. Tem raz\u00e3o o torcedor. Em nenhum momento do jogo o Brasil arrancou suspiros. Neymar atuou como um principiante,\u2026","rel":"","context":"Em &quot;futebol&quot;","block_context":{"text":"futebol","link":"https:\/\/blogdoprosperi.com\/?cat=53870"},"img":{"alt_text":"","src":"https:\/\/i0.wp.com\/blogdoprosperi.com\/wp-content\/uploads\/2016\/08\/pro-121.jpg?resize=350%2C200&ssl=1","width":350,"height":200,"srcset":"https:\/\/i0.wp.com\/blogdoprosperi.com\/wp-content\/uploads\/2016\/08\/pro-121.jpg?resize=350%2C200&ssl=1 1x, https:\/\/i0.wp.com\/blogdoprosperi.com\/wp-content\/uploads\/2016\/08\/pro-121.jpg?resize=525%2C300&ssl=1 1.5x, https:\/\/i0.wp.com\/blogdoprosperi.com\/wp-content\/uploads\/2016\/08\/pro-121.jpg?resize=700%2C400&ssl=1 2x, https:\/\/i0.wp.com\/blogdoprosperi.com\/wp-content\/uploads\/2016\/08\/pro-121.jpg?resize=1050%2C600&ssl=1 3x, https:\/\/i0.wp.com\/blogdoprosperi.com\/wp-content\/uploads\/2016\/08\/pro-121.jpg?resize=1400%2C800&ssl=1 4x"},"classes":[]},{"id":19748,"url":"https:\/\/blogdoprosperi.com\/?p=19748","url_meta":{"origin":17962,"position":1},"title":"Sele\u00e7\u00e3o Ol\u00edmpica s\u00f3 faz aumentar decep\u00e7\u00e3o da torcida e coloca em xeque futuro de uma gera\u00e7\u00e3o promissora","author":"Luiz Ant\u00f4nio Pr\u00f3speri","date":"8 de agosto de 2016","format":false,"excerpt":"Torcedores se manifestam contra outra exibi\u00e7\u00e3o fraca do time de meninos do Brasil e gostariam de trocar Neymar por Marta da sele\u00e7\u00e3o das meninas Sele\u00e7\u00e3o Ol\u00edmpica sai vaiada pela segunda vez consecutiva nos Jogos do Rio. Mais que n\u00e3o fazer um gol em duas partidas, o Brasil perdeu a identidade\u2026","rel":"","context":"Em &quot;futebol&quot;","block_context":{"text":"futebol","link":"https:\/\/blogdoprosperi.com\/?cat=53870"},"img":{"alt_text":"","src":"https:\/\/i0.wp.com\/blogdoprosperi.com\/wp-content\/uploads\/2016\/08\/marta-selecao-brasileira-1.jpg?resize=350%2C200&ssl=1","width":350,"height":200,"srcset":"https:\/\/i0.wp.com\/blogdoprosperi.com\/wp-content\/uploads\/2016\/08\/marta-selecao-brasileira-1.jpg?resize=350%2C200&ssl=1 1x, https:\/\/i0.wp.com\/blogdoprosperi.com\/wp-content\/uploads\/2016\/08\/marta-selecao-brasileira-1.jpg?resize=525%2C300&ssl=1 1.5x"},"classes":[]},{"id":21517,"url":"https:\/\/blogdoprosperi.com\/?p=21517","url_meta":{"origin":17962,"position":2},"title":"Sele\u00e7\u00e3o Ol\u00edmpica consagra Neymar e Gabriel Jesus e vai encarar Alemanha na disputa do ouro","author":"Luiz Ant\u00f4nio Pr\u00f3speri","date":"17 de agosto de 2016","format":false,"excerpt":"Duro \u00e9 convencer a torcida brasileira de que os alem\u00e3es n\u00e3o merecem levar uma sova na final dos Jogos do Rio 2016 Brasil se reconciliou com seu futebol, t\u00e3o maltratado nos \u00faltimos tempos, ao despachar Honduras por 6 a 0 na semifinal dos Jogos do Rio. H\u00e1 quem possa argumentar\u2026","rel":"","context":"Em &quot;futebol&quot;","block_context":{"text":"futebol","link":"https:\/\/blogdoprosperi.com\/?cat=53870"},"img":{"alt_text":"","src":"https:\/\/i0.wp.com\/blogdoprosperi.com\/wp-content\/uploads\/2016\/08\/u9kmit0v.jpg?resize=350%2C200&ssl=1","width":350,"height":200,"srcset":"https:\/\/i0.wp.com\/blogdoprosperi.com\/wp-content\/uploads\/2016\/08\/u9kmit0v.jpg?resize=350%2C200&ssl=1 1x, https:\/\/i0.wp.com\/blogdoprosperi.com\/wp-content\/uploads\/2016\/08\/u9kmit0v.jpg?resize=525%2C300&ssl=1 1.5x"},"classes":[]},{"id":18862,"url":"https:\/\/blogdoprosperi.com\/?p=18862","url_meta":{"origin":17962,"position":3},"title":"Sele\u00e7\u00e3o estreia nos Jogos do Rio com a miss\u00e3o de resgatar futebol brasileiro","author":"Luiz Ant\u00f4nio Pr\u00f3speri","date":"4 de agosto de 2016","format":false,"excerpt":"Futebol brasileiro est\u00e1 muito perto de um renascimento, a partir deste 4 de agosto de 2016. No est\u00e1dio batizado com o nome da lenda Man\u00e9 Garrincha, em Bras\u00edlia, a Sele\u00e7\u00e3o Ol\u00edmpica entra em campo contra \u00c1frica do Sul, \u00e0s 16h, com a enorme responsabilidade de dar in\u00edcio ao resgate da\u2026","rel":"","context":"Em &quot;futebol&quot;","block_context":{"text":"futebol","link":"https:\/\/blogdoprosperi.com\/?cat=53870"},"img":{"alt_text":"","src":"https:\/\/i0.wp.com\/blogdoprosperi.com\/wp-content\/uploads\/2016\/08\/36cca79200000578-3719494-image-a-14_1470128847963.jpg?resize=350%2C200","width":350,"height":200,"srcset":"https:\/\/i0.wp.com\/blogdoprosperi.com\/wp-content\/uploads\/2016\/08\/36cca79200000578-3719494-image-a-14_1470128847963.jpg?resize=350%2C200 1x, https:\/\/i0.wp.com\/blogdoprosperi.com\/wp-content\/uploads\/2016\/08\/36cca79200000578-3719494-image-a-14_1470128847963.jpg?resize=525%2C300 1.5x"},"classes":[]},{"id":20503,"url":"https:\/\/blogdoprosperi.com\/?p=20503","url_meta":{"origin":17962,"position":4},"title":"Sem dar respostas a ningu\u00e9m e com Neymar aprumado, Sele\u00e7\u00e3o Ol\u00edmpica reencontra bom futebol e retoma rota do ouro","author":"Luiz Ant\u00f4nio Pr\u00f3speri","date":"11 de agosto de 2016","format":false,"excerpt":"Meninos da Sele\u00e7\u00e3o Ol\u00edmpica n\u00e3o deram respostas a ningu\u00e9m. Nem aos cr\u00edticos, nem aos torcedores, que optaram por exaltar Marta a Neymar, muito menos \u00e0 TV Globo. A resposta foi para eles mesmos. A vit\u00f3ria por 4 a 0 teve muito da mudan\u00e7a t\u00e1tica feita por Rogerio Micale ao usar\u2026","rel":"","context":"Em &quot;futebol&quot;","block_context":{"text":"futebol","link":"https:\/\/blogdoprosperi.com\/?cat=53870"},"img":{"alt_text":"","src":"https:\/\/i0.wp.com\/blogdoprosperi.com\/wp-content\/uploads\/2016\/08\/renato-augusto-denmark-brazil-rio-2016-olympics-10082016_ebcwvrli5p1f1mtzif47fgp9i.jpg?resize=350%2C200&ssl=1","width":350,"height":200,"srcset":"https:\/\/i0.wp.com\/blogdoprosperi.com\/wp-content\/uploads\/2016\/08\/renato-augusto-denmark-brazil-rio-2016-olympics-10082016_ebcwvrli5p1f1mtzif47fgp9i.jpg?resize=350%2C200&ssl=1 1x, https:\/\/i0.wp.com\/blogdoprosperi.com\/wp-content\/uploads\/2016\/08\/renato-augusto-denmark-brazil-rio-2016-olympics-10082016_ebcwvrli5p1f1mtzif47fgp9i.jpg?resize=525%2C300&ssl=1 1.5x, https:\/\/i0.wp.com\/blogdoprosperi.com\/wp-content\/uploads\/2016\/08\/renato-augusto-denmark-brazil-rio-2016-olympics-10082016_ebcwvrli5p1f1mtzif47fgp9i.jpg?resize=700%2C400&ssl=1 2x, https:\/\/i0.wp.com\/blogdoprosperi.com\/wp-content\/uploads\/2016\/08\/renato-augusto-denmark-brazil-rio-2016-olympics-10082016_ebcwvrli5p1f1mtzif47fgp9i.jpg?resize=1050%2C600&ssl=1 3x, https:\/\/i0.wp.com\/blogdoprosperi.com\/wp-content\/uploads\/2016\/08\/renato-augusto-denmark-brazil-rio-2016-olympics-10082016_ebcwvrli5p1f1mtzif47fgp9i.jpg?resize=1400%2C800&ssl=1 4x"},"classes":[]},{"id":15688,"url":"https:\/\/blogdoprosperi.com\/?p=15688","url_meta":{"origin":17962,"position":5},"title":"Sele\u00e7\u00e3o ol\u00edmpica perde Douglas Costa e pode ficar sem Marquinhos","author":"Luiz Ant\u00f4nio Pr\u00f3speri","date":"11 de julho de 2016","format":false,"excerpt":"Douglas Costa, machucado, est\u00e1 fora da Sele\u00e7\u00e3o Ol\u00edmpica. O Bayern de Munique comunicou \u00e0 CBF que o atacante n\u00e3o poder\u00e1 disputar a Olimp\u00edada. Da cota dos atletas acima de 23 anos, restam o meia Renato Augusto e o zagueiro Thiago Silva na lista dos 35 pr\u00e9-selecionados para a Olimp\u00edada. Se\u2026","rel":"","context":"Em &quot;futebol&quot;","block_context":{"text":"futebol","link":"https:\/\/blogdoprosperi.com\/?cat=53870"},"img":{"alt_text":"","src":"https:\/\/i0.wp.com\/blogdoprosperi.com\/wp-content\/uploads\/2016\/07\/douglas-costa-brazil-paraguay-27062015_6263x5e6b6l41ju8imt42ihct.jpg?resize=350%2C200&ssl=1","width":350,"height":200,"srcset":"https:\/\/i0.wp.com\/blogdoprosperi.com\/wp-content\/uploads\/2016\/07\/douglas-costa-brazil-paraguay-27062015_6263x5e6b6l41ju8imt42ihct.jpg?resize=350%2C200&ssl=1 1x, https:\/\/i0.wp.com\/blogdoprosperi.com\/wp-content\/uploads\/2016\/07\/douglas-costa-brazil-paraguay-27062015_6263x5e6b6l41ju8imt42ihct.jpg?resize=525%2C300&ssl=1 1.5x"},"classes":[]}],"jetpack_featured_media_url":"","_links":{"self":[{"href":"https:\/\/blogdoprosperi.com\/index.php?rest_route=\/wp\/v2\/posts\/17962","targetHints":{"allow":["GET"]}}],"collection":[{"href":"https:\/\/blogdoprosperi.com\/index.php?rest_route=\/wp\/v2\/posts"}],"about":[{"href":"https:\/\/blogdoprosperi.com\/index.php?rest_route=\/wp\/v2\/types\/post"}],"author":[{"embeddable":true,"href":"https:\/\/blogdoprosperi.com\/index.php?rest_route=\/wp\/v2\/users\/102107496"}],"replies":[{"embeddable":true,"href":"https:\/\/blogdoprosperi.com\/index.php?rest_route=%2Fwp%2Fv2%2Fcomments&post=17962"}],"version-history":[{"count":25,"href":"https:\/\/blogdoprosperi.com\/index.php?rest_route=\/wp\/v2\/posts\/17962\/revisions"}],"predecessor-version":[{"id":18149,"href":"https:\/\/blogdoprosperi.com\/index.php?rest_route=\/wp\/v2\/posts\/17962\/revisions\/18149"}],"wp:attachment":[{"href":"https:\/\/blogdoprosperi.com\/index.php?rest_route=%2Fwp%2Fv2%2Fmedia&parent=17962"}],"wp:term":[{"taxonomy":"category","embeddable":true,"href":"https:\/\/blogdoprosperi.com\/index.php?rest_route=%2Fwp%2Fv2%2Fcategories&post=17962"},{"taxonomy":"post_tag","embeddable":true,"href":"https:\/\/blogdoprosperi.com\/index.php?rest_route=%2Fwp%2Fv2%2Ftags&post=17962"}],"curies":[{"name":"wp","href":"https:\/\/api.w.org\/{rel}","templated":true}]}}