{"id":18008,"date":"2016-07-30T21:55:26","date_gmt":"2016-07-31T00:55:26","guid":{"rendered":"http:\/\/blogdoprosperi.com\/?p=18008"},"modified":"2016-07-31T14:56:39","modified_gmt":"2016-07-31T17:56:39","slug":"palmeiras-nao-vai-se-indispor-com-cbf-por-causa-do-drama-de-fernando-prass","status":"publish","type":"post","link":"https:\/\/blogdoprosperi.com\/?p=18008","title":{"rendered":"Palmeiras n\u00e3o vai se indispor com CBF por causa do drama de Fernando Prass"},"content":{"rendered":"<p><span class=\"alignnone\"><img data-recalc-dims=\"1\" loading=\"lazy\" decoding=\"async\" data-attachment-id=\"18035\" data-permalink=\"https:\/\/blogdoprosperi.com\/?attachment_id=18035\" data-orig-file=\"https:\/\/i0.wp.com\/blogdoprosperi.com\/wp-content\/uploads\/2016\/07\/prass.jpg?fit=690%2C400&amp;ssl=1\" data-orig-size=\"690,400\" data-comments-opened=\"1\" data-image-meta=\"{&quot;aperture&quot;:&quot;0&quot;,&quot;credit&quot;:&quot;&quot;,&quot;camera&quot;:&quot;&quot;,&quot;caption&quot;:&quot;&quot;,&quot;created_timestamp&quot;:&quot;0&quot;,&quot;copyright&quot;:&quot;&quot;,&quot;focal_length&quot;:&quot;0&quot;,&quot;iso&quot;:&quot;0&quot;,&quot;shutter_speed&quot;:&quot;0&quot;,&quot;title&quot;:&quot;&quot;,&quot;orientation&quot;:&quot;0&quot;}\" data-image-title=\"prass\" data-image-description=\"\" data-image-caption=\"\" data-large-file=\"https:\/\/i0.wp.com\/blogdoprosperi.com\/wp-content\/uploads\/2016\/07\/prass.jpg?fit=690%2C400&amp;ssl=1\" class=\"alignnone size-full wp-image-18035\" src=\"https:\/\/i0.wp.com\/blogdoprosperi.com\/wp-content\/uploads\/2016\/07\/prass.jpg?resize=690%2C400&#038;ssl=1\" alt=\"prass\" width=\"690\" height=\"400\" \/><\/span><\/p>\n<p>Fernando Prass seria o l\u00edder da <a href=\"http:\/\/blogdoprosperi.com\/2016\/07\/30\/selecao-olimpica-encanta-no-primeiro-tempo-e-sai-da-orbita-de-neymar\/\">Sele\u00e7\u00e3o Ol\u00edmpica <\/a>a dividir com Neymar a responsabilidade de comandar os meninos na busca do ouro. Seria tamb\u00e9m avaliado por <a href=\"http:\/\/blogdoprosperi.com\/2016\/07\/29\/tite-aprova-e-neymar-assume-bracadeira-de-capitao-da-selecao-olimpica\/\">Tite <\/a>na Olimp\u00edada do Rio, com boas possibilidades de ser o goleiro da sele\u00e7\u00e3o principal nas Eliminat\u00f3rias da Copa do Mundo de 2018. O cotovelo direito fraturado acaba com esse sonho.<!--more--><\/p>\n<p>O goleiro do <a href=\"http:\/\/blogdoprosperi.com\/2016\/07\/24\/palmeiras-se-rende-a-forca-do-atletico-mg-e-sente-falta-de-gabriel-jesus\/\">Palmeiras<\/a> corre risco, segundo informa\u00e7\u00f5es nesta noite de s\u00e1bado (29\/7), de passar por nova cirurgia e s\u00f3 voltar a jogar em 2017.<\/p>\n<p>Aos 38 anos, Prass nunca havia sido chamado para servir a Sele\u00e7\u00e3o Brasileira. Ganhou a chance agora como um dos tr\u00eas jogadores acima dos 23 anos no grupo montado por Rogerio Micale. E, a depender da gravidade dessa nova fratura no cotovelo operado em 2014, dificilmente voltar\u00e1 vestir a camisa da sele\u00e7\u00e3o.<\/p>\n<p>Fica sem a<a href=\"http:\/\/blogdoprosperi.com\/2016\/06\/29\/fernando-prass-e-convocado-para-liderar-selecao-olimpica\/\"> Olimp\u00edada<\/a>, se exclui do projeto de Tite e, por tabela, perde uma grande oportunidade de ser campe\u00e3o brasileiro com o Palmeiras.<\/p>\n<p>Melhor goleiro do Pa\u00eds nas temporadas de 2015 e 2016, Fernando Prass vai ter de conviver com essa dor. Entra para a hist\u00f3ria daqueles jogadores que teriam lugar na Sele\u00e7\u00e3o, mas, por algum capricho ou falta de sorte, jamais vai ter esse privil\u00e9gio.<\/p>\n<div class=\"tiled-gallery type-rectangular tiled-gallery-unresized\" data-original-width=\"940\" data-carousel-extra='{&quot;blog_id&quot;:1,&quot;permalink&quot;:&quot;https:\\\/\\\/blogdoprosperi.com\\\/?p=18008&quot;,&quot;likes_blog_id&quot;:108082574}' itemscope itemtype=\"http:\/\/schema.org\/ImageGallery\" > <div class=\"gallery-row\" style=\"width: 940px; height: 288px;\" data-original-width=\"940\" data-original-height=\"288\" > <div class=\"gallery-group images-1\" style=\"width: 508px; height: 288px;\" data-original-width=\"508\" data-original-height=\"288\" > <div class=\"tiled-gallery-item tiled-gallery-item-large\" itemprop=\"associatedMedia\" itemscope itemtype=\"http:\/\/schema.org\/ImageObject\"> <a href=\"https:\/\/blogdoprosperi.com\/?attachment_id=18036\" border=\"0\" itemprop=\"url\"> <meta itemprop=\"width\" content=\"504\"> <meta itemprop=\"height\" content=\"284\"> <img decoding=\"async\" class=\"\" data-attachment-id=\"18036\" data-orig-file=\"https:\/\/blogdoprosperi.com\/wp-content\/uploads\/2016\/07\/2016-925627216-201607251823552191_20160725.jpg\" data-orig-size=\"640,360\" data-comments-opened=\"1\" data-image-meta=\"{&quot;aperture&quot;:&quot;0&quot;,&quot;credit&quot;:&quot;&quot;,&quot;camera&quot;:&quot;&quot;,&quot;caption&quot;:&quot;&quot;,&quot;created_timestamp&quot;:&quot;0&quot;,&quot;copyright&quot;:&quot;&quot;,&quot;focal_length&quot;:&quot;0&quot;,&quot;iso&quot;:&quot;0&quot;,&quot;shutter_speed&quot;:&quot;0&quot;,&quot;title&quot;:&quot;&quot;,&quot;orientation&quot;:&quot;0&quot;}\" data-image-title=\"2016-925627216-201607251823552191_20160725\" data-image-description=\"\" data-medium-file=\"https:\/\/i0.wp.com\/blogdoprosperi.com\/wp-content\/uploads\/2016\/07\/2016-925627216-201607251823552191_20160725.jpg?fit=640%2C360&#038;ssl=1\" data-large-file=\"https:\/\/i0.wp.com\/blogdoprosperi.com\/wp-content\/uploads\/2016\/07\/2016-925627216-201607251823552191_20160725.jpg?fit=640%2C360&#038;ssl=1\" src=\"https:\/\/i0.wp.com\/blogdoprosperi.com\/wp-content\/uploads\/2016\/07\/2016-925627216-201607251823552191_20160725.jpg?w=504&#038;h=284&#038;ssl=1\" width=\"504\" height=\"284\" loading=\"lazy\" data-original-width=\"504\" data-original-height=\"284\" itemprop=\"http:\/\/schema.org\/image\" title=\"2016-925627216-201607251823552191_20160725\" alt=\"2016-925627216-201607251823552191_20160725\" style=\"width: 504px; height: 284px;\" \/> <\/a> <\/div> <\/div> <!-- close group --> <div class=\"gallery-group images-1\" style=\"width: 432px; height: 288px;\" data-original-width=\"432\" data-original-height=\"288\" > <div class=\"tiled-gallery-item tiled-gallery-item-large\" itemprop=\"associatedMedia\" itemscope itemtype=\"http:\/\/schema.org\/ImageObject\"> <a href=\"https:\/\/blogdoprosperi.com\/?attachment_id=18037\" border=\"0\" itemprop=\"url\"> <meta itemprop=\"width\" content=\"428\"> <meta itemprop=\"height\" content=\"284\"> <img decoding=\"async\" class=\"\" data-attachment-id=\"18037\" data-orig-file=\"https:\/\/blogdoprosperi.com\/wp-content\/uploads\/2016\/07\/1ldbtzt011_6b9z0euswu_file.jpg\" data-orig-size=\"460,305\" data-comments-opened=\"1\" data-image-meta=\"{&quot;aperture&quot;:&quot;0&quot;,&quot;credit&quot;:&quot;&quot;,&quot;camera&quot;:&quot;&quot;,&quot;caption&quot;:&quot;&quot;,&quot;created_timestamp&quot;:&quot;0&quot;,&quot;copyright&quot;:&quot;&quot;,&quot;focal_length&quot;:&quot;0&quot;,&quot;iso&quot;:&quot;0&quot;,&quot;shutter_speed&quot;:&quot;0&quot;,&quot;title&quot;:&quot;&quot;,&quot;orientation&quot;:&quot;0&quot;}\" data-image-title=\"1ldbtzt011_6b9z0euswu_file\" data-image-description=\"\" data-medium-file=\"https:\/\/i0.wp.com\/blogdoprosperi.com\/wp-content\/uploads\/2016\/07\/1ldbtzt011_6b9z0euswu_file.jpg?fit=460%2C305&#038;ssl=1\" data-large-file=\"https:\/\/i0.wp.com\/blogdoprosperi.com\/wp-content\/uploads\/2016\/07\/1ldbtzt011_6b9z0euswu_file.jpg?fit=460%2C305&#038;ssl=1\" src=\"https:\/\/i0.wp.com\/blogdoprosperi.com\/wp-content\/uploads\/2016\/07\/1ldbtzt011_6b9z0euswu_file.jpg?w=428&#038;h=284&#038;ssl=1\" width=\"428\" height=\"284\" loading=\"lazy\" data-original-width=\"428\" data-original-height=\"284\" itemprop=\"http:\/\/schema.org\/image\" title=\"1ldbtzt011_6b9z0euswu_file\" alt=\"1ldbtzt011_6b9z0euswu_file\" style=\"width: 428px; height: 284px;\" \/> <\/a> <\/div> <\/div> <!-- close group --> <\/div> <!-- close row --> <div class=\"gallery-row\" style=\"width: 940px; height: 535px;\" data-original-width=\"940\" data-original-height=\"535\" > <div class=\"gallery-group images-1\" style=\"width: 940px; height: 535px;\" data-original-width=\"940\" data-original-height=\"535\" > <div class=\"tiled-gallery-item tiled-gallery-item-large\" itemprop=\"associatedMedia\" itemscope itemtype=\"http:\/\/schema.org\/ImageObject\"> <a href=\"https:\/\/blogdoprosperi.com\/?attachment_id=18041\" border=\"0\" itemprop=\"url\"> <meta itemprop=\"width\" content=\"936\"> <meta itemprop=\"height\" content=\"531\"> <img decoding=\"async\" class=\"\" data-attachment-id=\"18041\" data-orig-file=\"https:\/\/blogdoprosperi.com\/wp-content\/uploads\/2016\/07\/resize.jpeg\" data-orig-size=\"643,365\" data-comments-opened=\"1\" data-image-meta=\"{&quot;aperture&quot;:&quot;1.2&quot;,&quot;credit&quot;:&quot;Getty Images&quot;,&quot;camera&quot;:&quot;Canon EOS 5D Mark III&quot;,&quot;caption&quot;:&quot;CURITIBA, BRAZIL - NOVEMBER 23: Fernando Prass of Palmeiras during the match between Coritiba and Palmeiras for the Brazilian Series A 2014 at Couto Pereira stadium on November 23, 2014 in Curitiba, Brazil. (Photo by Heuler Andrey\\\/Getty Images)&quot;,&quot;created_timestamp&quot;:&quot;1416774382&quot;,&quot;copyright&quot;:&quot;2014 Getty Images&quot;,&quot;focal_length&quot;:&quot;50&quot;,&quot;iso&quot;:&quot;2000&quot;,&quot;shutter_speed&quot;:&quot;0.0005&quot;,&quot;title&quot;:&quot;Coritiba v Palmeiras - Brasileirao Series A 2014&quot;,&quot;orientation&quot;:&quot;0&quot;}\" data-image-title=\"Coritiba v Palmeiras &amp;#8211; Brasileirao Series A 2014\" data-image-description=\"\" data-medium-file=\"https:\/\/i0.wp.com\/blogdoprosperi.com\/wp-content\/uploads\/2016\/07\/resize.jpeg?fit=643%2C365&#038;ssl=1\" data-large-file=\"https:\/\/i0.wp.com\/blogdoprosperi.com\/wp-content\/uploads\/2016\/07\/resize.jpeg?fit=643%2C365&#038;ssl=1\" src=\"https:\/\/i0.wp.com\/blogdoprosperi.com\/wp-content\/uploads\/2016\/07\/resize.jpeg?w=936&#038;h=531&#038;ssl=1\" width=\"936\" height=\"531\" loading=\"lazy\" data-original-width=\"936\" data-original-height=\"531\" itemprop=\"http:\/\/schema.org\/image\" title=\"Coritiba v Palmeiras - Brasileirao Series A 2014\" alt=\"CURITIBA, BRAZIL - NOVEMBER 23: Fernando Prass of Palmeiras during the match between Coritiba and Palmeiras for the Brazilian Series A 2014 at Couto Pereira stadium on November 23, 2014 in Curitiba, Brazil. (Photo by Heuler Andrey\/Getty Images)\" style=\"width: 936px; height: 531px;\" \/> <\/a> <div class=\"tiled-gallery-caption\" itemprop=\"caption description\"> CURITIBA, BRAZIL &#8211; NOVEMBER 23: Fernando Prass of Palmeiras during the match between Coritiba and Palmeiras for the Brazilian Series A 2014 at Couto Pereira stadium on November 23, 2014 in Curitiba, Brazil. (Photo by Heuler Andrey\/Getty Images) <\/div> <\/div> <\/div> <!-- close group --> <\/div> <!-- close row --> <\/div>\n<p>Palmeiras e CBF devem informar neste domingo o destino do goleiro. No clube j\u00e1 se admite a necessidade de uma cirurgia, provavelmente nesta ter\u00e7a-feira. A depender do diagn\u00f3stico dos m\u00e9dicos, ser\u00e1 o fim da linha do goleiro neste segundo semestre de 2016.<\/p>\n<p>Comando do Palmeiras ainda n\u00e3o trabalha com a possibilidade de contratar um goleiro. Wagner, o reserva imediato de Prass, vira titular &#8211; jogou na derrota para o Atl\u00e9tico-MG. O segundo goleiro \u00e9 Jo\u00edlson, que pouco atuou neste ano.<\/p>\n<p>Por bom entendimento entre Palmeiras e CBF, dificilmente o clube vai pedir uma indeniza\u00e7\u00e3o que seja pela les\u00e3o e drama de Fernando Prass. Clubes n\u00e3o costumam comprar briga com a CBF quando cedem jogadores \u00e0 Sele\u00e7\u00e3o e eles voltam machucados.<\/p>\n<p>A preocupa\u00e7\u00e3o da comiss\u00e3o t\u00e9cnica da Sele\u00e7\u00e3o Ol\u00edmpica \u00e9 convocar um novo goleiro. De acordo com o regulamento da Olimp\u00edada, a CBF tem at\u00e9 dia 03\/8 para providenciar a troca. Est\u00e3o no p\u00e1reo Jordi (Vasco), Jean (Bahia) e Alisson (Roma).<\/p>\n","protected":false},"excerpt":{"rendered":"<p>Fernando Prass seria o l\u00edder da Sele\u00e7\u00e3o Ol\u00edmpica a dividir com Neymar a responsabilidade de comandar os meninos [&hellip;]<\/p>\n","protected":false},"author":102107496,"featured_media":0,"comment_status":"open","ping_status":"open","sticky":false,"template":"","format":"standard","meta":{"_coblocks_attr":"","_coblocks_dimensions":"","_coblocks_responsive_height":"","_coblocks_accordion_ie_support":"","_jetpack_newsletter_access":"","_jetpack_dont_email_post_to_subs":false,"_jetpack_newsletter_tier_id":0,"_jetpack_memberships_contains_paywalled_content":false,"_wpcom_ai_launchpad_first_post":false,"_jetpack_feature_clip_id":0,"_jetpack_memberships_contains_paid_content":false,"footnotes":"","jetpack_publicize_message":"","jetpack_publicize_feature_enabled":true,"jetpack_social_post_already_shared":false,"jetpack_social_options":{"image_generator_settings":{"template":"highway","default_image_id":0,"font":"","enabled":false},"version":2},"jetpack_post_was_ever_published":false},"categories":[355071,53870,77187843],"tags":[789560569,15913269,789560560,192540322,8328841,789560562,3135268,1814220],"class_list":["post-18008","post","type-post","status-publish","format-standard","hentry","category-campeonato-brasileiro","category-futebol","category-olimpiada-do-rio","tag-cbf","tag-fernando-prass","tag-futebol","tag-olimpiada-do-rio-2016","tag-palmeiras-clube","tag-selecao-brasileira","tag-selecao-olimpica","tag-tite"],"yoast_head":"<!-- This site is optimized with the Yoast SEO plugin v28.3 - https:\/\/yoast.com\/product\/yoast-seo-wordpress\/ -->\n<title>Palmeiras n\u00e3o vai se indispor com CBF por causa do drama de Fernando Prass - PR\u00d3SPERI NEWS<\/title>\n<meta name=\"robots\" content=\"index, follow, max-snippet:-1, max-image-preview:large, max-video-preview:-1\" \/>\n<link rel=\"canonical\" href=\"https:\/\/blogdoprosperi.com\/?p=18008\" \/>\n<meta property=\"og:locale\" content=\"pt_BR\" \/>\n<meta property=\"og:type\" content=\"article\" \/>\n<meta property=\"og:title\" content=\"Palmeiras n\u00e3o vai se indispor com CBF por causa do drama de Fernando Prass - PR\u00d3SPERI NEWS\" \/>\n<meta property=\"og:description\" content=\"Fernando Prass seria o l\u00edder da Sele\u00e7\u00e3o Ol\u00edmpica a dividir com Neymar a responsabilidade de comandar os meninos [&hellip;]\" \/>\n<meta property=\"og:url\" content=\"https:\/\/blogdoprosperi.com\/?p=18008\" \/>\n<meta property=\"og:site_name\" content=\"PR\u00d3SPERI NEWS\" \/>\n<meta property=\"article:publisher\" content=\"Luiz Pr\u00f3speri\" \/>\n<meta property=\"article:author\" content=\"Luiz Pr\u00f3speri\" \/>\n<meta property=\"article:published_time\" content=\"2016-07-31T00:55:26+00:00\" \/>\n<meta property=\"article:modified_time\" content=\"2016-07-31T17:56:39+00:00\" \/>\n<meta property=\"og:image\" content=\"https:\/\/i0.wp.com\/blogdoprosperi.com\/wp-content\/uploads\/2016\/07\/2016-925627216-201607251823552191_20160725.jpg?w=504&#038;h=284&#038;ssl=1\" \/>\n<meta name=\"author\" content=\"Luiz Ant\u00f4nio Pr\u00f3speri\" \/>\n<meta name=\"twitter:card\" content=\"summary_large_image\" \/>\n<meta name=\"twitter:creator\" content=\"@Luizprosperi\" \/>\n<meta name=\"twitter:site\" content=\"@Luizprosperi\" \/>\n<meta name=\"twitter:label1\" content=\"Escrito por\" \/>\n\t<meta name=\"twitter:data1\" content=\"Luiz Ant\u00f4nio Pr\u00f3speri\" \/>\n\t<meta name=\"twitter:label2\" content=\"Est. tempo de leitura\" \/>\n\t<meta name=\"twitter:data2\" content=\"2 minutos\" \/>\n<script type=\"application\/ld+json\" class=\"yoast-schema-graph\">{\"@context\":\"https:\\\/\\\/schema.org\",\"@graph\":[{\"@type\":\"Article\",\"@id\":\"https:\\\/\\\/blogdoprosperi.com\\\/?p=18008#article\",\"isPartOf\":{\"@id\":\"https:\\\/\\\/blogdoprosperi.com\\\/?p=18008\"},\"author\":{\"name\":\"Luiz Ant\u00f4nio Pr\u00f3speri\",\"@id\":\"https:\\\/\\\/blogdoprosperi.com\\\/#\\\/schema\\\/person\\\/38100755ce3601861ee4fab9b5aa78e9\"},\"headline\":\"Palmeiras n\u00e3o vai se indispor com CBF por causa do drama de Fernando Prass\",\"datePublished\":\"2016-07-31T00:55:26+00:00\",\"dateModified\":\"2016-07-31T17:56:39+00:00\",\"mainEntityOfPage\":{\"@id\":\"https:\\\/\\\/blogdoprosperi.com\\\/?p=18008\"},\"wordCount\":403,\"commentCount\":2,\"publisher\":{\"@id\":\"https:\\\/\\\/blogdoprosperi.com\\\/#\\\/schema\\\/person\\\/38100755ce3601861ee4fab9b5aa78e9\"},\"image\":{\"@id\":\"https:\\\/\\\/blogdoprosperi.com\\\/?p=18008#primaryimage\"},\"thumbnailUrl\":\"https:\\\/\\\/blogdoprosperi.com\\\/wp-content\\\/uploads\\\/2016\\\/07\\\/prass.jpg\",\"keywords\":[\"CBF\",\"Fernando Prass\",\"futebol\",\"Olimp\u00edada do Rio-2016\",\"Palmeiras Clube\",\"Sele\u00e7\u00e3o Brasileira\",\"Sele\u00e7\u00e3o Ol\u00edmpica\",\"Tite\"],\"articleSection\":[\"Campeonato Brasileiro\",\"futebol\",\"Olimp\u00edada do Rio\"],\"inLanguage\":\"pt-BR\",\"potentialAction\":[{\"@type\":\"CommentAction\",\"name\":\"Comment\",\"target\":[\"https:\\\/\\\/blogdoprosperi.com\\\/?p=18008#respond\"]}]},{\"@type\":\"WebPage\",\"@id\":\"https:\\\/\\\/blogdoprosperi.com\\\/?p=18008\",\"url\":\"https:\\\/\\\/blogdoprosperi.com\\\/?p=18008\",\"name\":\"Palmeiras n\u00e3o vai se indispor com CBF por causa do drama de Fernando Prass - PR\u00d3SPERI NEWS\",\"isPartOf\":{\"@id\":\"https:\\\/\\\/blogdoprosperi.com\\\/#website\"},\"primaryImageOfPage\":{\"@id\":\"https:\\\/\\\/blogdoprosperi.com\\\/?p=18008#primaryimage\"},\"image\":{\"@id\":\"https:\\\/\\\/blogdoprosperi.com\\\/?p=18008#primaryimage\"},\"thumbnailUrl\":\"https:\\\/\\\/blogdoprosperi.com\\\/wp-content\\\/uploads\\\/2016\\\/07\\\/prass.jpg\",\"datePublished\":\"2016-07-31T00:55:26+00:00\",\"dateModified\":\"2016-07-31T17:56:39+00:00\",\"breadcrumb\":{\"@id\":\"https:\\\/\\\/blogdoprosperi.com\\\/?p=18008#breadcrumb\"},\"inLanguage\":\"pt-BR\",\"potentialAction\":[{\"@type\":\"ReadAction\",\"target\":[\"https:\\\/\\\/blogdoprosperi.com\\\/?p=18008\"]}]},{\"@type\":\"ImageObject\",\"inLanguage\":\"pt-BR\",\"@id\":\"https:\\\/\\\/blogdoprosperi.com\\\/?p=18008#primaryimage\",\"url\":\"https:\\\/\\\/i0.wp.com\\\/blogdoprosperi.com\\\/wp-content\\\/uploads\\\/2016\\\/07\\\/prass.jpg?fit=690%2C400&ssl=1\",\"contentUrl\":\"https:\\\/\\\/i0.wp.com\\\/blogdoprosperi.com\\\/wp-content\\\/uploads\\\/2016\\\/07\\\/prass.jpg?fit=690%2C400&ssl=1\",\"width\":690,\"height\":400},{\"@type\":\"BreadcrumbList\",\"@id\":\"https:\\\/\\\/blogdoprosperi.com\\\/?p=18008#breadcrumb\",\"itemListElement\":[{\"@type\":\"ListItem\",\"position\":1,\"name\":\"In\u00edcio\",\"item\":\"https:\\\/\\\/blogdoprosperi.com\\\/\"},{\"@type\":\"ListItem\",\"position\":2,\"name\":\"Palmeiras n\u00e3o vai se indispor com CBF por causa do drama de Fernando Prass\"}]},{\"@type\":\"WebSite\",\"@id\":\"https:\\\/\\\/blogdoprosperi.com\\\/#website\",\"url\":\"https:\\\/\\\/blogdoprosperi.com\\\/\",\"name\":\"PR\u00d3SPERI NEWS\",\"description\":\"TUDO \u00c9  FUTEBOL\",\"publisher\":{\"@id\":\"https:\\\/\\\/blogdoprosperi.com\\\/#\\\/schema\\\/person\\\/38100755ce3601861ee4fab9b5aa78e9\"},\"alternateName\":\"blogdoprosperi.com\",\"potentialAction\":[{\"@type\":\"SearchAction\",\"target\":{\"@type\":\"EntryPoint\",\"urlTemplate\":\"https:\\\/\\\/blogdoprosperi.com\\\/?s={search_term_string}\"},\"query-input\":{\"@type\":\"PropertyValueSpecification\",\"valueRequired\":true,\"valueName\":\"search_term_string\"}}],\"inLanguage\":\"pt-BR\"},{\"@type\":[\"Person\",\"Organization\"],\"@id\":\"https:\\\/\\\/blogdoprosperi.com\\\/#\\\/schema\\\/person\\\/38100755ce3601861ee4fab9b5aa78e9\",\"name\":\"Luiz Ant\u00f4nio Pr\u00f3speri\",\"pronouns\":\"ele\",\"image\":{\"@type\":\"ImageObject\",\"inLanguage\":\"pt-BR\",\"@id\":\"https:\\\/\\\/i0.wp.com\\\/blogdoprosperi.com\\\/wp-content\\\/uploads\\\/2026\\\/05\\\/cropped-8059e613-6002-42fa-961e-8e275f575d71-2-5.jpg?fit=1360%2C931&ssl=1\",\"url\":\"https:\\\/\\\/i0.wp.com\\\/blogdoprosperi.com\\\/wp-content\\\/uploads\\\/2026\\\/05\\\/cropped-8059e613-6002-42fa-961e-8e275f575d71-2-5.jpg?fit=1360%2C931&ssl=1\",\"contentUrl\":\"https:\\\/\\\/i0.wp.com\\\/blogdoprosperi.com\\\/wp-content\\\/uploads\\\/2026\\\/05\\\/cropped-8059e613-6002-42fa-961e-8e275f575d71-2-5.jpg?fit=1360%2C931&ssl=1\",\"width\":1360,\"height\":931,\"caption\":\"Luiz Ant\u00f4nio Pr\u00f3speri\"},\"logo\":{\"@id\":\"https:\\\/\\\/i0.wp.com\\\/blogdoprosperi.com\\\/wp-content\\\/uploads\\\/2026\\\/05\\\/cropped-8059e613-6002-42fa-961e-8e275f575d71-2-5.jpg?fit=1360%2C931&ssl=1\"},\"description\":\"Jornalista com carreira dedicada ao esporte. Cobriu 9 Copas do Mundo in loco, 1990 na It\u00e1lia, 1994 nos EUA, 1998 na Fran\u00e7a, 2002 na Coreia do Sul e Jap\u00e3o, 2006 na Alemanha, 2010 na \u00c1frica do Sul, 2014 no Brasil, 2018 na R\u00fassia e 2022 no Qatar. Eurocopas, 1992 na Su\u00e9cia e 1996 na Inglaterra. Copa das Confedera\u00e7\u00f5es de 2005 na Alemanha e 2009 na \u00c1frica do Sul. Rep\u00f3rter e Editor, trabalhou no Jornal da Tarde e Estad\u00e3o, de 1984 a fevereiro de 2016. Colunista, blogueiro. E comentarista de futebol na R\u00e1dio Estad\u00e3o, de 2013 a fevereiro de 2016. Jornalista respons\u00e1vel do \\\"Pr\u00f3speri News\\\" (blogdoprosperi.com).\",\"sameAs\":[\"http:\\\/\\\/blogdoprosperi.com\",\"Luiz Pr\u00f3speri\",\"@luiz_prosperi\",\"https:\\\/\\\/x.com\\\/Luizprosperi\",\"@prosperinacopa\",\"luiz.prosperi@icloud.com\"],\"url\":\"https:\\\/\\\/blogdoprosperi.com\\\/?author=102107496\"}]}<\/script>\n<!-- \/ Yoast SEO plugin. -->","yoast_head_json":{"title":"Palmeiras n\u00e3o vai se indispor com CBF por causa do drama de Fernando Prass - PR\u00d3SPERI NEWS","robots":{"index":"index","follow":"follow","max-snippet":"max-snippet:-1","max-image-preview":"max-image-preview:large","max-video-preview":"max-video-preview:-1"},"canonical":"https:\/\/blogdoprosperi.com\/?p=18008","og_locale":"pt_BR","og_type":"article","og_title":"Palmeiras n\u00e3o vai se indispor com CBF por causa do drama de Fernando Prass - PR\u00d3SPERI NEWS","og_description":"Fernando Prass seria o l\u00edder da Sele\u00e7\u00e3o Ol\u00edmpica a dividir com Neymar a responsabilidade de comandar os meninos [&hellip;]","og_url":"https:\/\/blogdoprosperi.com\/?p=18008","og_site_name":"PR\u00d3SPERI NEWS","article_publisher":"Luiz Pr\u00f3speri","article_author":"Luiz Pr\u00f3speri","article_published_time":"2016-07-31T00:55:26+00:00","article_modified_time":"2016-07-31T17:56:39+00:00","og_image":[{"url":"https:\/\/i0.wp.com\/blogdoprosperi.com\/wp-content\/uploads\/2016\/07\/2016-925627216-201607251823552191_20160725.jpg?w=504&#038;h=284&#038;ssl=1","type":"","width":"","height":""}],"author":"Luiz Ant\u00f4nio Pr\u00f3speri","twitter_card":"summary_large_image","twitter_creator":"@Luizprosperi","twitter_site":"@Luizprosperi","twitter_misc":{"Escrito por":"Luiz Ant\u00f4nio Pr\u00f3speri","Est. tempo de leitura":"2 minutos"},"schema":{"@context":"https:\/\/schema.org","@graph":[{"@type":"Article","@id":"https:\/\/blogdoprosperi.com\/?p=18008#article","isPartOf":{"@id":"https:\/\/blogdoprosperi.com\/?p=18008"},"author":{"name":"Luiz Ant\u00f4nio Pr\u00f3speri","@id":"https:\/\/blogdoprosperi.com\/#\/schema\/person\/38100755ce3601861ee4fab9b5aa78e9"},"headline":"Palmeiras n\u00e3o vai se indispor com CBF por causa do drama de Fernando Prass","datePublished":"2016-07-31T00:55:26+00:00","dateModified":"2016-07-31T17:56:39+00:00","mainEntityOfPage":{"@id":"https:\/\/blogdoprosperi.com\/?p=18008"},"wordCount":403,"commentCount":2,"publisher":{"@id":"https:\/\/blogdoprosperi.com\/#\/schema\/person\/38100755ce3601861ee4fab9b5aa78e9"},"image":{"@id":"https:\/\/blogdoprosperi.com\/?p=18008#primaryimage"},"thumbnailUrl":"https:\/\/blogdoprosperi.com\/wp-content\/uploads\/2016\/07\/prass.jpg","keywords":["CBF","Fernando Prass","futebol","Olimp\u00edada do Rio-2016","Palmeiras Clube","Sele\u00e7\u00e3o Brasileira","Sele\u00e7\u00e3o Ol\u00edmpica","Tite"],"articleSection":["Campeonato Brasileiro","futebol","Olimp\u00edada do Rio"],"inLanguage":"pt-BR","potentialAction":[{"@type":"CommentAction","name":"Comment","target":["https:\/\/blogdoprosperi.com\/?p=18008#respond"]}]},{"@type":"WebPage","@id":"https:\/\/blogdoprosperi.com\/?p=18008","url":"https:\/\/blogdoprosperi.com\/?p=18008","name":"Palmeiras n\u00e3o vai se indispor com CBF por causa do drama de Fernando Prass - PR\u00d3SPERI NEWS","isPartOf":{"@id":"https:\/\/blogdoprosperi.com\/#website"},"primaryImageOfPage":{"@id":"https:\/\/blogdoprosperi.com\/?p=18008#primaryimage"},"image":{"@id":"https:\/\/blogdoprosperi.com\/?p=18008#primaryimage"},"thumbnailUrl":"https:\/\/blogdoprosperi.com\/wp-content\/uploads\/2016\/07\/prass.jpg","datePublished":"2016-07-31T00:55:26+00:00","dateModified":"2016-07-31T17:56:39+00:00","breadcrumb":{"@id":"https:\/\/blogdoprosperi.com\/?p=18008#breadcrumb"},"inLanguage":"pt-BR","potentialAction":[{"@type":"ReadAction","target":["https:\/\/blogdoprosperi.com\/?p=18008"]}]},{"@type":"ImageObject","inLanguage":"pt-BR","@id":"https:\/\/blogdoprosperi.com\/?p=18008#primaryimage","url":"https:\/\/i0.wp.com\/blogdoprosperi.com\/wp-content\/uploads\/2016\/07\/prass.jpg?fit=690%2C400&ssl=1","contentUrl":"https:\/\/i0.wp.com\/blogdoprosperi.com\/wp-content\/uploads\/2016\/07\/prass.jpg?fit=690%2C400&ssl=1","width":690,"height":400},{"@type":"BreadcrumbList","@id":"https:\/\/blogdoprosperi.com\/?p=18008#breadcrumb","itemListElement":[{"@type":"ListItem","position":1,"name":"In\u00edcio","item":"https:\/\/blogdoprosperi.com\/"},{"@type":"ListItem","position":2,"name":"Palmeiras n\u00e3o vai se indispor com CBF por causa do drama de Fernando Prass"}]},{"@type":"WebSite","@id":"https:\/\/blogdoprosperi.com\/#website","url":"https:\/\/blogdoprosperi.com\/","name":"PR\u00d3SPERI NEWS","description":"TUDO \u00c9  FUTEBOL","publisher":{"@id":"https:\/\/blogdoprosperi.com\/#\/schema\/person\/38100755ce3601861ee4fab9b5aa78e9"},"alternateName":"blogdoprosperi.com","potentialAction":[{"@type":"SearchAction","target":{"@type":"EntryPoint","urlTemplate":"https:\/\/blogdoprosperi.com\/?s={search_term_string}"},"query-input":{"@type":"PropertyValueSpecification","valueRequired":true,"valueName":"search_term_string"}}],"inLanguage":"pt-BR"},{"@type":["Person","Organization"],"@id":"https:\/\/blogdoprosperi.com\/#\/schema\/person\/38100755ce3601861ee4fab9b5aa78e9","name":"Luiz Ant\u00f4nio Pr\u00f3speri","pronouns":"ele","image":{"@type":"ImageObject","inLanguage":"pt-BR","@id":"https:\/\/i0.wp.com\/blogdoprosperi.com\/wp-content\/uploads\/2026\/05\/cropped-8059e613-6002-42fa-961e-8e275f575d71-2-5.jpg?fit=1360%2C931&ssl=1","url":"https:\/\/i0.wp.com\/blogdoprosperi.com\/wp-content\/uploads\/2026\/05\/cropped-8059e613-6002-42fa-961e-8e275f575d71-2-5.jpg?fit=1360%2C931&ssl=1","contentUrl":"https:\/\/i0.wp.com\/blogdoprosperi.com\/wp-content\/uploads\/2026\/05\/cropped-8059e613-6002-42fa-961e-8e275f575d71-2-5.jpg?fit=1360%2C931&ssl=1","width":1360,"height":931,"caption":"Luiz Ant\u00f4nio Pr\u00f3speri"},"logo":{"@id":"https:\/\/i0.wp.com\/blogdoprosperi.com\/wp-content\/uploads\/2026\/05\/cropped-8059e613-6002-42fa-961e-8e275f575d71-2-5.jpg?fit=1360%2C931&ssl=1"},"description":"Jornalista com carreira dedicada ao esporte. Cobriu 9 Copas do Mundo in loco, 1990 na It\u00e1lia, 1994 nos EUA, 1998 na Fran\u00e7a, 2002 na Coreia do Sul e Jap\u00e3o, 2006 na Alemanha, 2010 na \u00c1frica do Sul, 2014 no Brasil, 2018 na R\u00fassia e 2022 no Qatar. Eurocopas, 1992 na Su\u00e9cia e 1996 na Inglaterra. Copa das Confedera\u00e7\u00f5es de 2005 na Alemanha e 2009 na \u00c1frica do Sul. Rep\u00f3rter e Editor, trabalhou no Jornal da Tarde e Estad\u00e3o, de 1984 a fevereiro de 2016. Colunista, blogueiro. E comentarista de futebol na R\u00e1dio Estad\u00e3o, de 2013 a fevereiro de 2016. Jornalista respons\u00e1vel do \"Pr\u00f3speri News\" (blogdoprosperi.com).","sameAs":["http:\/\/blogdoprosperi.com","Luiz Pr\u00f3speri","@luiz_prosperi","https:\/\/x.com\/Luizprosperi","@prosperinacopa","luiz.prosperi@icloud.com"],"url":"https:\/\/blogdoprosperi.com\/?author=102107496"}]}},"jetpack_publicize_connections":[],"jetpack_likes_enabled":false,"jetpack_sharing_enabled":true,"jetpack_shortlink":"https:\/\/wp.me\/p7jvdk-4Gs","jetpack-related-posts":[{"id":13709,"url":"https:\/\/blogdoprosperi.com\/?p=13709","url_meta":{"origin":18008,"position":0},"title":"Fernando Prass \u00e9 convocado para liderar Sele\u00e7\u00e3o Ol\u00edmpica","author":"Luiz Ant\u00f4nio Pr\u00f3speri","date":"29 de junho de 2016","format":false,"excerpt":"Goleiro do Palmeiras deve ser o capit\u00e3o do time na Olimp\u00edada do Rio e deixar a Neymar a responsabilidade de assombrar os advers\u00e1rios Fernando Prass, aos 38 anos, vai ser o l\u00edder da Sele\u00e7\u00e3o Ol\u00edmpica, na avalia\u00e7\u00e3o da comiss\u00e3o t\u00e9cnica, nos Jogos do Rio. Sem nunca ter sido convocado, seja\u2026","rel":"","context":"Em &quot;futebol&quot;","block_context":{"text":"futebol","link":"https:\/\/blogdoprosperi.com\/?cat=53870"},"img":{"alt_text":"","src":"https:\/\/i0.wp.com\/blogdoprosperi.com\/wp-content\/uploads\/2016\/06\/622_19216806-b202-3213-b154-208be60620e7.jpg?resize=350%2C200&ssl=1","width":350,"height":200,"srcset":"https:\/\/i0.wp.com\/blogdoprosperi.com\/wp-content\/uploads\/2016\/06\/622_19216806-b202-3213-b154-208be60620e7.jpg?resize=350%2C200&ssl=1 1x, https:\/\/i0.wp.com\/blogdoprosperi.com\/wp-content\/uploads\/2016\/06\/622_19216806-b202-3213-b154-208be60620e7.jpg?resize=525%2C300&ssl=1 1.5x"},"classes":[]},{"id":18425,"url":"https:\/\/blogdoprosperi.com\/?p=18425","url_meta":{"origin":18008,"position":1},"title":"Sele\u00e7\u00e3o Brasileira Ol\u00edmpica vira um balc\u00e3o de neg\u00f3cios de jogadores","author":"Luiz Ant\u00f4nio Pr\u00f3speri","date":"1 de agosto de 2016","format":false,"excerpt":"Sele\u00e7\u00e3o Brasileira Ol\u00edmpica vai estrear na Olimp\u00edada do Rio nesta quinta-feira com muitos de seus jovens jogadores no balc\u00e3o de transfer\u00eancias aos clubes europeus. Neg\u00f3cios ultrapassam a casa dos 100 milh\u00f5es de euros (R$ 361 milh\u00f5es) e n\u00e3o ser\u00e3o conclu\u00eddos ainda nesta semana. O Brasil vai correr atr\u00e1s da medalha\u2026","rel":"","context":"Em &quot;futebol&quot;","block_context":{"text":"futebol","link":"https:\/\/blogdoprosperi.com\/?cat=53870"},"img":{"alt_text":"","src":"https:\/\/i0.wp.com\/blogdoprosperi.com\/wp-content\/uploads\/2016\/08\/rodriocaio.jpg?resize=350%2C200&ssl=1","width":350,"height":200,"srcset":"https:\/\/i0.wp.com\/blogdoprosperi.com\/wp-content\/uploads\/2016\/08\/rodriocaio.jpg?resize=350%2C200&ssl=1 1x, https:\/\/i0.wp.com\/blogdoprosperi.com\/wp-content\/uploads\/2016\/08\/rodriocaio.jpg?resize=525%2C300&ssl=1 1.5x"},"classes":[]},{"id":21208,"url":"https:\/\/blogdoprosperi.com\/?p=21208","url_meta":{"origin":18008,"position":2},"title":"Tite convoca a sele\u00e7\u00e3o e esconde lista dos garotos do time ol\u00edmpico","author":"Luiz Ant\u00f4nio Pr\u00f3speri","date":"15 de agosto de 2016","format":false,"excerpt":"\u00a0 Tite n\u00e3o queria provocar euforia e tristeza entre os garotos da Sele\u00e7\u00e3o Ol\u00edmpica, concentrados em Teres\u00f3polis para enfrentar Honduras nas semifinais dos Jogos do Rio. Por isso acertou com a CBF o sigilo absoluto na divulga\u00e7\u00e3o da lista dos 23 jogadores convocados para os jogos contra Equador e Col\u00f4mbia,\u2026","rel":"","context":"Em &quot;futebol&quot;","block_context":{"text":"futebol","link":"https:\/\/blogdoprosperi.com\/?cat=53870"},"img":{"alt_text":"","src":"https:\/\/i0.wp.com\/blogdoprosperi.com\/wp-content\/uploads\/2016\/08\/pro-14.jpg?resize=350%2C200","width":350,"height":200,"srcset":"https:\/\/i0.wp.com\/blogdoprosperi.com\/wp-content\/uploads\/2016\/08\/pro-14.jpg?resize=350%2C200 1x, https:\/\/i0.wp.com\/blogdoprosperi.com\/wp-content\/uploads\/2016\/08\/pro-14.jpg?resize=525%2C300 1.5x, https:\/\/i0.wp.com\/blogdoprosperi.com\/wp-content\/uploads\/2016\/08\/pro-14.jpg?resize=700%2C400 2x, https:\/\/i0.wp.com\/blogdoprosperi.com\/wp-content\/uploads\/2016\/08\/pro-14.jpg?resize=1050%2C600 3x, https:\/\/i0.wp.com\/blogdoprosperi.com\/wp-content\/uploads\/2016\/08\/pro-14.jpg?resize=1400%2C800 4x"},"classes":[]},{"id":37356,"url":"https:\/\/blogdoprosperi.com\/?p=37356","url_meta":{"origin":18008,"position":3},"title":"Deixem minha m\u00e3e em paz","author":"Luiz Ant\u00f4nio Pr\u00f3speri","date":"27 de fevereiro de 2018","format":false,"excerpt":"Jailson \u00e9 palmeirense desde menino. Sua m\u00e3e \u00e9 corintiana. Av\u00f3, santista. Em comum, o universo do futebol. Tudo t\u00e3o simples e importante como um copo d'\u00e1gua. Deveria ser assim por gera\u00e7\u00f5es e gera\u00e7\u00f5es da fam\u00edlia do goleiro. Sem ningu\u00e9m se intrometer, nem fazer valer a intoler\u00e2ncia. N\u00e3o h\u00e1 maldade em\u2026","rel":"","context":"Em &quot;futebol&quot;","block_context":{"text":"futebol","link":"https:\/\/blogdoprosperi.com\/?cat=53870"},"img":{"alt_text":"","src":"https:\/\/i0.wp.com\/blogdoprosperi.com\/wp-content\/uploads\/2018\/02\/26594671318_e55e1071f2_b.jpg?fit=698%2C1024&ssl=1&resize=350%2C200","width":350,"height":200,"srcset":"https:\/\/i0.wp.com\/blogdoprosperi.com\/wp-content\/uploads\/2018\/02\/26594671318_e55e1071f2_b.jpg?fit=698%2C1024&ssl=1&resize=350%2C200 1x, https:\/\/i0.wp.com\/blogdoprosperi.com\/wp-content\/uploads\/2018\/02\/26594671318_e55e1071f2_b.jpg?fit=698%2C1024&ssl=1&resize=525%2C300 1.5x"},"classes":[]},{"id":19221,"url":"https:\/\/blogdoprosperi.com\/?p=19221","url_meta":{"origin":18008,"position":4},"title":"Palmeiras esquece Academia de Goleiros e procura sucessor de Fernando Prass","author":"Luiz Ant\u00f4nio Pr\u00f3speri","date":"5 de agosto de 2016","format":false,"excerpt":"Palmeiras tinha uma Academia de Goleiros at\u00e9 Marcos se aposentar em 2012. Revelava como ningu\u00e9m. Quando 'S\u00e3o Marcos' saiu de cena, o clube n\u00e3o conseguiu emplacar mais nenhum goleiro, mesmo com muitos garotos convocados com regularidade pelas sele\u00e7\u00f5es de base da CBF. Sem Fernando Prass e com as primeiras pixotadas\u2026","rel":"","context":"Em &quot;futebol&quot;","block_context":{"text":"futebol","link":"https:\/\/blogdoprosperi.com\/?cat=53870"},"img":{"alt_text":"","src":"https:\/\/i0.wp.com\/blogdoprosperi.com\/wp-content\/uploads\/2016\/08\/zetti-palmeiras.jpg?resize=350%2C200","width":350,"height":200,"srcset":"https:\/\/i0.wp.com\/blogdoprosperi.com\/wp-content\/uploads\/2016\/08\/zetti-palmeiras.jpg?resize=350%2C200 1x, https:\/\/i0.wp.com\/blogdoprosperi.com\/wp-content\/uploads\/2016\/08\/zetti-palmeiras.jpg?resize=525%2C300 1.5x, https:\/\/i0.wp.com\/blogdoprosperi.com\/wp-content\/uploads\/2016\/08\/zetti-palmeiras.jpg?resize=700%2C400 2x"},"classes":[]},{"id":31254,"url":"https:\/\/blogdoprosperi.com\/?p=31254","url_meta":{"origin":18008,"position":5},"title":"Entenda como Palmeiras supera concorr\u00eancia na briga pela ta\u00e7a","author":"Luiz Ant\u00f4nio Pr\u00f3speri","date":"7 de novembro de 2016","format":false,"excerpt":"Palmeiras est\u00e1 no centro da discuss\u00e3o nesta reta final do Brasileir\u00e3o. Alvo preferido da pol\u00eamica de que vai ser campe\u00e3o, apesar de n\u00e3o jogar um futebol empolgante, bonito de se ver. Ou n\u00e3o tem sido t\u00e3o brilhante como o Corinthians, dono inconteste da ta\u00e7a em 2015. Alguns colegas jornalistas t\u00eam\u2026","rel":"","context":"Em &quot;Campeonato Brasileiro&quot;","block_context":{"text":"Campeonato Brasileiro","link":"https:\/\/blogdoprosperi.com\/?cat=355071"},"img":{"alt_text":"","src":"https:\/\/i0.wp.com\/blogdoprosperi.com\/wp-content\/uploads\/2016\/11\/26411418633_7a2551a277_o.jpg?resize=350%2C200&ssl=1","width":350,"height":200,"srcset":"https:\/\/i0.wp.com\/blogdoprosperi.com\/wp-content\/uploads\/2016\/11\/26411418633_7a2551a277_o.jpg?resize=350%2C200&ssl=1 1x, https:\/\/i0.wp.com\/blogdoprosperi.com\/wp-content\/uploads\/2016\/11\/26411418633_7a2551a277_o.jpg?resize=525%2C300&ssl=1 1.5x, https:\/\/i0.wp.com\/blogdoprosperi.com\/wp-content\/uploads\/2016\/11\/26411418633_7a2551a277_o.jpg?resize=700%2C400&ssl=1 2x"},"classes":[]}],"jetpack_featured_media_url":"","_links":{"self":[{"href":"https:\/\/blogdoprosperi.com\/index.php?rest_route=\/wp\/v2\/posts\/18008","targetHints":{"allow":["GET"]}}],"collection":[{"href":"https:\/\/blogdoprosperi.com\/index.php?rest_route=\/wp\/v2\/posts"}],"about":[{"href":"https:\/\/blogdoprosperi.com\/index.php?rest_route=\/wp\/v2\/types\/post"}],"author":[{"embeddable":true,"href":"https:\/\/blogdoprosperi.com\/index.php?rest_route=\/wp\/v2\/users\/102107496"}],"replies":[{"embeddable":true,"href":"https:\/\/blogdoprosperi.com\/index.php?rest_route=%2Fwp%2Fv2%2Fcomments&post=18008"}],"version-history":[{"count":25,"href":"https:\/\/blogdoprosperi.com\/index.php?rest_route=\/wp\/v2\/posts\/18008\/revisions"}],"predecessor-version":[{"id":18148,"href":"https:\/\/blogdoprosperi.com\/index.php?rest_route=\/wp\/v2\/posts\/18008\/revisions\/18148"}],"wp:attachment":[{"href":"https:\/\/blogdoprosperi.com\/index.php?rest_route=%2Fwp%2Fv2%2Fmedia&parent=18008"}],"wp:term":[{"taxonomy":"category","embeddable":true,"href":"https:\/\/blogdoprosperi.com\/index.php?rest_route=%2Fwp%2Fv2%2Fcategories&post=18008"},{"taxonomy":"post_tag","embeddable":true,"href":"https:\/\/blogdoprosperi.com\/index.php?rest_route=%2Fwp%2Fv2%2Ftags&post=18008"}],"curies":[{"name":"wp","href":"https:\/\/api.w.org\/{rel}","templated":true}]}}