{"id":18356,"date":"2016-08-01T19:19:23","date_gmt":"2016-08-01T22:19:23","guid":{"rendered":"http:\/\/blogdoprosperi.com\/?p=18356"},"modified":"2016-08-02T12:01:40","modified_gmt":"2016-08-02T15:01:40","slug":"sao-paulo-corre-atras-de-um-novo-tecnico-edgardo-bauza-assume-argentina","status":"publish","type":"post","link":"https:\/\/blogdoprosperi.com\/?p=18356","title":{"rendered":"S\u00e3o Paulo corre atr\u00e1s de um novo t\u00e9cnico. Edgardo Bauza assume Argentina"},"content":{"rendered":"<h6>Diretor do Tricolor diz que contrata\u00e7\u00e3o de um treinador est\u00e1 bem encaminhada e garante que \u00e9 um profissional com carreira consolidada<\/h6>\n<h6><span class=\"alignnone\"><img data-recalc-dims=\"1\" loading=\"lazy\" decoding=\"async\" data-attachment-id=\"18383\" data-permalink=\"https:\/\/blogdoprosperi.com\/?attachment_id=18383\" data-orig-file=\"https:\/\/i0.wp.com\/blogdoprosperi.com\/wp-content\/uploads\/2016\/08\/bauza.jpg?fit=650%2C349&amp;ssl=1\" data-orig-size=\"650,349\" data-comments-opened=\"1\" data-image-meta=\"{&quot;aperture&quot;:&quot;0&quot;,&quot;credit&quot;:&quot;&quot;,&quot;camera&quot;:&quot;&quot;,&quot;caption&quot;:&quot;&quot;,&quot;created_timestamp&quot;:&quot;0&quot;,&quot;copyright&quot;:&quot;&quot;,&quot;focal_length&quot;:&quot;0&quot;,&quot;iso&quot;:&quot;0&quot;,&quot;shutter_speed&quot;:&quot;0&quot;,&quot;title&quot;:&quot;&quot;,&quot;orientation&quot;:&quot;0&quot;}\" data-image-title=\"bauza\" data-image-description=\"\" data-image-caption=\"\" data-large-file=\"https:\/\/i0.wp.com\/blogdoprosperi.com\/wp-content\/uploads\/2016\/08\/bauza.jpg?fit=650%2C349&amp;ssl=1\" class=\"alignnone size-full wp-image-18383\" src=\"https:\/\/i0.wp.com\/blogdoprosperi.com\/wp-content\/uploads\/2016\/08\/bauza.jpg?resize=650%2C349&#038;ssl=1\" alt=\"bauza\" width=\"650\" height=\"349\" \/><\/span><\/h6>\n<p>S\u00e3o Paulo est\u00e1 sem treinador com a sa\u00edda de <a href=\"http:\/\/blogdoprosperi.com\/2016\/07\/22\/bauza-disse-sim-a-selecao-argentina-e-aguarda-decisao-dos-dirigentes\/\">Edgardo Bauza<\/a> para assumir a Sele\u00e7\u00e3o da Argentina. Armando P\u00e9rez, presidente interino da AFA, anunciou nesta segunda-feira a escolha de Bauza, ap\u00f3s uma sabatina com pelo menos cinco candidatos.<\/p>\n<p>O treinador do <a href=\"http:\/\/blogdoprosperi.com\/2016\/07\/31\/sao-paulo-ainda-paga-por-seus-pecados-no-campeonato-brasileiro\/\">S\u00e3o Paulo <\/a>teve aprova\u00e7\u00e3o un\u00e2nime de todos presidentes de clubes argentinos. Pesou a seu favor o fato de n\u00e3o ter uma multa rescis\u00f3ria contratual para ser liberado pelo clube paulista.<!--more--><\/p>\n<p>De acordo com P\u00e9rez, o novo t\u00e9cnico deve assumir a Sele\u00e7\u00e3o Argentina neste m\u00eas de agosto na vaga de Tata Martino, demitido ap\u00f3s a derrota para o Chile na final da Copa Am\u00e9rica Centen\u00e1rio nos EUA. Desde que Bauza foi anunciado, a repercuss\u00e3o entre os argentinos nas redes sociais tem sido a pior poss\u00edvel.<\/p>\n<p>Bauza vai comandar o S\u00e3o Paulo contra o Atl\u00e9tico-MG, nesta quinta-feira, no jogo que marca sua despedida do clube paulista. At\u00e9 aqui foram 48 partidas &#8211; 18 vit\u00f3rias, 17 derrotas e 13 empates.<\/p>\n<p>Deixa o Morumbi ao mesmo tempo em que chegam os argentinos Buffarini (lateral-direito) e Chavez (atacante). <a href=\"http:\/\/blogdoprosperi.com\/2016\/07\/20\/sao-paulo-investe-r-40-milhoes-em-reforcos-e-segura-tecnico-bauza\/\">Centuri\u00f3n, tamb\u00e9m da Argentina, est\u00e1 de sa\u00edda <\/a>por empr\u00e9stimo ao Boca Juniors.<\/p>\n<p>Sem Bauza, o S\u00e3o Paulo volta ao mercado em busca de um novo t\u00e9cnico. Pintado, contratado recentemente na fun\u00e7\u00e3o de gerente de campo, n\u00e3o vai ser um treinador tamp\u00e3o como Milton Cruz costumava fazer.<\/p>\n<p>Jos\u00e9 M\u00e9dicis, vice-presidente de futebol do S\u00e3o Paulo, disse \u00e0 <strong>R\u00e1dio Globo<\/strong> nesta noite de segunda-feira que o clube est\u00e1 perto de anunciar o sucessor de Bauza. Gustavo Vieira, diretor de futebol, disse nesta ter\u00e7a-feira que um novo t\u00e9cnico deve ser contratado at\u00e9 domingo.<\/p>\n<blockquote><p>&#8220;N\u00e3o vou dar dicas, n\u00e3o. Neg\u00f3cio \u00e9 neg\u00f3cio, mas h\u00e1 um nome que est\u00e1 bem cotado. \u00c9 um treinador com carreira consolidada. Tem que vir algu\u00e9m com experi\u00eancia&#8221;, disse M\u00e9dicis.<\/p><\/blockquote>\n<p>N\u00e3o h\u00e1 muitas op\u00e7\u00f5es de t\u00e9cnicos desempregados no futebol brasileiro. Daqueles com nome de peso, temos apenas tr\u00eas com experi\u00eancia:<\/p>\n<div class=\"tiled-gallery type-rectangular tiled-gallery-unresized\" data-original-width=\"940\" data-carousel-extra='{&quot;blog_id&quot;:1,&quot;permalink&quot;:&quot;https:\\\/\\\/blogdoprosperi.com\\\/?p=18356&quot;,&quot;likes_blog_id&quot;:108082574}' itemscope itemtype=\"http:\/\/schema.org\/ImageGallery\" > <div class=\"gallery-row\" style=\"width: 940px; height: 287px;\" data-original-width=\"940\" data-original-height=\"287\" > <div class=\"gallery-group images-1\" style=\"width: 507px; height: 287px;\" data-original-width=\"507\" data-original-height=\"287\" > <div class=\"tiled-gallery-item tiled-gallery-item-large\" itemprop=\"associatedMedia\" itemscope itemtype=\"http:\/\/schema.org\/ImageObject\"> <a href=\"https:\/\/blogdoprosperi.com\/?attachment_id=18422\" border=\"0\" itemprop=\"url\"> <meta itemprop=\"width\" content=\"503\"> <meta itemprop=\"height\" content=\"283\"> <img decoding=\"async\" class=\"\" data-attachment-id=\"18422\" data-orig-file=\"https:\/\/blogdoprosperi.com\/wp-content\/uploads\/2016\/08\/abel_braga_jazira.jpg\" data-orig-size=\"976,550\" data-comments-opened=\"1\" data-image-meta=\"{&quot;aperture&quot;:&quot;0&quot;,&quot;credit&quot;:&quot;&quot;,&quot;camera&quot;:&quot;&quot;,&quot;caption&quot;:&quot;&quot;,&quot;created_timestamp&quot;:&quot;0&quot;,&quot;copyright&quot;:&quot;&quot;,&quot;focal_length&quot;:&quot;0&quot;,&quot;iso&quot;:&quot;0&quot;,&quot;shutter_speed&quot;:&quot;0&quot;,&quot;title&quot;:&quot;&quot;,&quot;orientation&quot;:&quot;0&quot;}\" data-image-title=\"abel_braga_jazira\" data-image-description=\"\" data-medium-file=\"https:\/\/i0.wp.com\/blogdoprosperi.com\/wp-content\/uploads\/2016\/08\/abel_braga_jazira.jpg?fit=650%2C366&#038;ssl=1\" data-large-file=\"https:\/\/i0.wp.com\/blogdoprosperi.com\/wp-content\/uploads\/2016\/08\/abel_braga_jazira.jpg?fit=940%2C530&#038;ssl=1\" src=\"https:\/\/i0.wp.com\/blogdoprosperi.com\/wp-content\/uploads\/2016\/08\/abel_braga_jazira.jpg?w=503&#038;h=283&#038;ssl=1\" width=\"503\" height=\"283\" loading=\"lazy\" data-original-width=\"503\" data-original-height=\"283\" itemprop=\"http:\/\/schema.org\/image\" title=\"abel_braga_jazira\" alt=\"abel_braga_jazira\" style=\"width: 503px; height: 283px;\" \/> <\/a> <\/div> <\/div> <!-- close group --> <div class=\"gallery-group images-1\" style=\"width: 433px; height: 287px;\" data-original-width=\"433\" data-original-height=\"287\" > <div class=\"tiled-gallery-item tiled-gallery-item-large\" itemprop=\"associatedMedia\" itemscope itemtype=\"http:\/\/schema.org\/ImageObject\"> <a href=\"https:\/\/blogdoprosperi.com\/?attachment_id=18421\" border=\"0\" itemprop=\"url\"> <meta itemprop=\"width\" content=\"429\"> <meta itemprop=\"height\" content=\"283\"> <img decoding=\"async\" class=\"\" data-attachment-id=\"18421\" data-orig-file=\"https:\/\/blogdoprosperi.com\/wp-content\/uploads\/2016\/08\/2015-09-17t151426z_1194447334_gf10000209610_rtrmadp_3_soccer-brazil.jpg\" data-orig-size=\"690,456\" data-comments-opened=\"1\" data-image-meta=\"{&quot;aperture&quot;:&quot;0&quot;,&quot;credit&quot;:&quot;&quot;,&quot;camera&quot;:&quot;&quot;,&quot;caption&quot;:&quot;&quot;,&quot;created_timestamp&quot;:&quot;0&quot;,&quot;copyright&quot;:&quot;&quot;,&quot;focal_length&quot;:&quot;0&quot;,&quot;iso&quot;:&quot;0&quot;,&quot;shutter_speed&quot;:&quot;0&quot;,&quot;title&quot;:&quot;&quot;,&quot;orientation&quot;:&quot;0&quot;}\" data-image-title=\"2015-09-17t151426z_1194447334_gf10000209610_rtrmadp_3_soccer-brazil\" data-image-description=\"\" data-medium-file=\"https:\/\/i0.wp.com\/blogdoprosperi.com\/wp-content\/uploads\/2016\/08\/2015-09-17t151426z_1194447334_gf10000209610_rtrmadp_3_soccer-brazil.jpg?fit=572%2C378&#038;ssl=1\" data-large-file=\"https:\/\/i0.wp.com\/blogdoprosperi.com\/wp-content\/uploads\/2016\/08\/2015-09-17t151426z_1194447334_gf10000209610_rtrmadp_3_soccer-brazil.jpg?fit=690%2C456&#038;ssl=1\" src=\"https:\/\/i0.wp.com\/blogdoprosperi.com\/wp-content\/uploads\/2016\/08\/2015-09-17t151426z_1194447334_gf10000209610_rtrmadp_3_soccer-brazil.jpg?w=429&#038;h=283&#038;ssl=1\" width=\"429\" height=\"283\" loading=\"lazy\" data-original-width=\"429\" data-original-height=\"283\" itemprop=\"http:\/\/schema.org\/image\" title=\"2015-09-17t151426z_1194447334_gf10000209610_rtrmadp_3_soccer-brazil\" alt=\"2015-09-17t151426z_1194447334_gf10000209610_rtrmadp_3_soccer-brazil\" style=\"width: 429px; height: 283px;\" \/> <\/a> <\/div> <\/div> <!-- close group --> <\/div> <!-- close row --> <div class=\"gallery-row\" style=\"width: 940px; height: 579px;\" data-original-width=\"940\" data-original-height=\"579\" > <div class=\"gallery-group images-1\" style=\"width: 940px; height: 579px;\" data-original-width=\"940\" data-original-height=\"579\" > <div class=\"tiled-gallery-item tiled-gallery-item-large\" itemprop=\"associatedMedia\" itemscope itemtype=\"http:\/\/schema.org\/ImageObject\"> <a href=\"https:\/\/blogdoprosperi.com\/?attachment_id=18420\" border=\"0\" itemprop=\"url\"> <meta itemprop=\"width\" content=\"936\"> <meta itemprop=\"height\" content=\"575\"> <img decoding=\"async\" class=\"\" data-attachment-id=\"18420\" data-orig-file=\"https:\/\/blogdoprosperi.com\/wp-content\/uploads\/2016\/08\/cruzeiro_vanderlei_luxemburgo-4036521.jpg\" data-orig-size=\"702,431\" data-comments-opened=\"1\" data-image-meta=\"{&quot;aperture&quot;:&quot;0&quot;,&quot;credit&quot;:&quot;&quot;,&quot;camera&quot;:&quot;&quot;,&quot;caption&quot;:&quot;&quot;,&quot;created_timestamp&quot;:&quot;0&quot;,&quot;copyright&quot;:&quot;&quot;,&quot;focal_length&quot;:&quot;0&quot;,&quot;iso&quot;:&quot;0&quot;,&quot;shutter_speed&quot;:&quot;0&quot;,&quot;title&quot;:&quot;&quot;,&quot;orientation&quot;:&quot;1&quot;}\" data-image-title=\"Luxemburgo no Real Madrid\" data-image-description=\"\" data-medium-file=\"https:\/\/i0.wp.com\/blogdoprosperi.com\/wp-content\/uploads\/2016\/08\/cruzeiro_vanderlei_luxemburgo-4036521.jpg?fit=616%2C378&#038;ssl=1\" data-large-file=\"https:\/\/i0.wp.com\/blogdoprosperi.com\/wp-content\/uploads\/2016\/08\/cruzeiro_vanderlei_luxemburgo-4036521.jpg?fit=702%2C431&#038;ssl=1\" src=\"https:\/\/i0.wp.com\/blogdoprosperi.com\/wp-content\/uploads\/2016\/08\/cruzeiro_vanderlei_luxemburgo-4036521.jpg?w=936&#038;h=575&#038;ssl=1\" width=\"936\" height=\"575\" loading=\"lazy\" data-original-width=\"936\" data-original-height=\"575\" itemprop=\"http:\/\/schema.org\/image\" title=\"Luxemburgo no Real Madrid\" alt=\"A incr\u00edvel passagem de Vanderlei Luxemburgo no Real Madrid\" style=\"width: 936px; height: 575px;\" \/> <\/a> <div class=\"tiled-gallery-caption\" itemprop=\"caption description\"> Luxa injusti\u00e7ado no Real Madrid \u2013 foto: reprodu\u00e7\u00e3o Twitter <\/div> <\/div> <\/div> <!-- close group --> <\/div> <!-- close row --> <\/div>\n<p><strong>Vanderlei Luxemburgo<\/strong>, de volta da China h\u00e1 um m\u00eas. Tem forte rejei\u00e7\u00e3o dentro do S\u00e3o Paulo.<\/p>\n<p><strong>Dunga<\/strong>, demitido da Sele\u00e7\u00e3o Brasileira em junho. N\u00e3o agrada \u00e0 maioria dos torcedores.<\/p>\n<p><strong>Abel Braga<\/strong>, ainda enroscado no mundo \u00e1rabe, n\u00e3o definiu sua situa\u00e7\u00e3o para ficar livre no mercado.<\/p>\n<p>Em menos de um ano, o S\u00e3o Paulo fez duas apostas em treinadores estrangeiros e se deu mal. Na temporada passada, contratou o colombiano Juan Carlos Osorio, que trocou o clube paulista pela Sele\u00e7\u00e3o do M\u00e9xico em menos de sete meses. A hist\u00f3ria se repete com Bauza, novo treinador da Argentina.<\/p>\n<p>Veja o comunicado oficial do S\u00e3o Paulo publicado \u00e0s 19h40:<\/p>\n<blockquote><p>&#8220;O S\u00e3o Paulo Futebol Clube anuncia que Edgardo Bauza informou ter recebido e aceitado na noite desta segunda-feira (1.\u00ba) o convite feito pela Associa\u00e7\u00e3o de Futebol da Argentina (AFA) para assumir o comando da sele\u00e7\u00e3o nacional, e assim deixar\u00e1 o cargo de t\u00e9cnico do Tricolor. Contratado no in\u00edcio da temporada, Pat\u00f3n se despede do clube ap\u00f3s oito meses de um importante trabalho de reconstru\u00e7\u00e3o do time.&#8221;<\/p>\n<p>&#8220;Assim como o colombiano Juan Carlos Osorio, hoje t\u00e9cnico do M\u00e9xico, Bauza passou a ser cotado para assumir uma importante sele\u00e7\u00e3o nacional a partir do trabalho no S\u00e3o Paulo.&#8221;<\/p>\n<p>&#8220;A diretoria agradece ao treinador e deseja sorte em seu novo desafio.&#8221;<\/p><\/blockquote>\n","protected":false},"excerpt":{"rendered":"<p>Diretor do Tricolor diz que contrata\u00e7\u00e3o de um treinador est\u00e1 bem encaminhada e garante que \u00e9 um profissional [&hellip;]<\/p>\n","protected":false},"author":102107496,"featured_media":0,"comment_status":"open","ping_status":"open","sticky":false,"template":"","format":"standard","meta":{"_coblocks_attr":"","_coblocks_dimensions":"","_coblocks_responsive_height":"","_coblocks_accordion_ie_support":"","_jetpack_newsletter_access":"","_jetpack_dont_email_post_to_subs":false,"_jetpack_newsletter_tier_id":0,"_jetpack_memberships_contains_paywalled_content":false,"_wpcom_ai_launchpad_first_post":false,"_jetpack_feature_clip_id":0,"_jetpack_memberships_contains_paid_content":false,"footnotes":"","jetpack_publicize_message":"","jetpack_publicize_feature_enabled":true,"jetpack_social_post_already_shared":false,"jetpack_social_options":{"image_generator_settings":{"template":"highway","default_image_id":0,"font":"","enabled":false},"version":2},"jetpack_post_was_ever_published":false},"categories":[53870],"tags":[88202,8454169,789560560,972018,4600373],"class_list":["post-18356","post","type-post","status-publish","format-standard","hentry","category-futebol","tag-afa","tag-edgardo-bauza","tag-futebol","tag-sao-paulo-fc","tag-selecao-argentina"],"yoast_head":"<!-- This site is optimized with the Yoast SEO plugin v28.3 - https:\/\/yoast.com\/product\/yoast-seo-wordpress\/ -->\n<title>S\u00e3o Paulo corre atr\u00e1s de um novo t\u00e9cnico. Edgardo Bauza assume Argentina - PR\u00d3SPERI NEWS<\/title>\n<meta name=\"robots\" content=\"index, follow, max-snippet:-1, max-image-preview:large, max-video-preview:-1\" \/>\n<link rel=\"canonical\" href=\"https:\/\/blogdoprosperi.com\/?p=18356\" \/>\n<meta property=\"og:locale\" content=\"pt_BR\" \/>\n<meta property=\"og:type\" content=\"article\" \/>\n<meta property=\"og:title\" content=\"S\u00e3o Paulo corre atr\u00e1s de um novo t\u00e9cnico. Edgardo Bauza assume Argentina - PR\u00d3SPERI NEWS\" \/>\n<meta property=\"og:description\" content=\"Diretor do Tricolor diz que contrata\u00e7\u00e3o de um treinador est\u00e1 bem encaminhada e garante que \u00e9 um profissional [&hellip;]\" \/>\n<meta property=\"og:url\" content=\"https:\/\/blogdoprosperi.com\/?p=18356\" \/>\n<meta property=\"og:site_name\" content=\"PR\u00d3SPERI NEWS\" \/>\n<meta property=\"article:publisher\" content=\"Luiz Pr\u00f3speri\" \/>\n<meta property=\"article:author\" content=\"Luiz Pr\u00f3speri\" \/>\n<meta property=\"article:published_time\" content=\"2016-08-01T22:19:23+00:00\" \/>\n<meta property=\"article:modified_time\" content=\"2016-08-02T15:01:40+00:00\" \/>\n<meta property=\"og:image\" content=\"https:\/\/i0.wp.com\/blogdoprosperi.com\/wp-content\/uploads\/2016\/08\/abel_braga_jazira.jpg?w=503&#038;h=283&#038;ssl=1\" \/>\n<meta name=\"author\" content=\"Luiz Ant\u00f4nio Pr\u00f3speri\" \/>\n<meta name=\"twitter:card\" content=\"summary_large_image\" \/>\n<meta name=\"twitter:creator\" content=\"@Luizprosperi\" \/>\n<meta name=\"twitter:site\" content=\"@Luizprosperi\" \/>\n<meta name=\"twitter:label1\" content=\"Escrito por\" \/>\n\t<meta name=\"twitter:data1\" content=\"Luiz Ant\u00f4nio Pr\u00f3speri\" \/>\n\t<meta name=\"twitter:label2\" content=\"Est. tempo de leitura\" \/>\n\t<meta name=\"twitter:data2\" content=\"3 minutos\" \/>\n<script type=\"application\/ld+json\" class=\"yoast-schema-graph\">{\"@context\":\"https:\\\/\\\/schema.org\",\"@graph\":[{\"@type\":\"Article\",\"@id\":\"https:\\\/\\\/blogdoprosperi.com\\\/?p=18356#article\",\"isPartOf\":{\"@id\":\"https:\\\/\\\/blogdoprosperi.com\\\/?p=18356\"},\"author\":{\"name\":\"Luiz Ant\u00f4nio Pr\u00f3speri\",\"@id\":\"https:\\\/\\\/blogdoprosperi.com\\\/#\\\/schema\\\/person\\\/38100755ce3601861ee4fab9b5aa78e9\"},\"headline\":\"S\u00e3o Paulo corre atr\u00e1s de um novo t\u00e9cnico. Edgardo Bauza assume Argentina\",\"datePublished\":\"2016-08-01T22:19:23+00:00\",\"dateModified\":\"2016-08-02T15:01:40+00:00\",\"mainEntityOfPage\":{\"@id\":\"https:\\\/\\\/blogdoprosperi.com\\\/?p=18356\"},\"wordCount\":630,\"commentCount\":4,\"publisher\":{\"@id\":\"https:\\\/\\\/blogdoprosperi.com\\\/#\\\/schema\\\/person\\\/38100755ce3601861ee4fab9b5aa78e9\"},\"image\":{\"@id\":\"https:\\\/\\\/blogdoprosperi.com\\\/?p=18356#primaryimage\"},\"thumbnailUrl\":\"https:\\\/\\\/blogdoprosperi.com\\\/wp-content\\\/uploads\\\/2016\\\/08\\\/bauza.jpg\",\"keywords\":[\"AFA\",\"Edgardo Bauza\",\"futebol\",\"S\u00e3o Paulo FC\",\"Sele\u00e7\u00e3o Argentina\"],\"articleSection\":[\"futebol\"],\"inLanguage\":\"pt-BR\",\"potentialAction\":[{\"@type\":\"CommentAction\",\"name\":\"Comment\",\"target\":[\"https:\\\/\\\/blogdoprosperi.com\\\/?p=18356#respond\"]}]},{\"@type\":\"WebPage\",\"@id\":\"https:\\\/\\\/blogdoprosperi.com\\\/?p=18356\",\"url\":\"https:\\\/\\\/blogdoprosperi.com\\\/?p=18356\",\"name\":\"S\u00e3o Paulo corre atr\u00e1s de um novo t\u00e9cnico. Edgardo Bauza assume Argentina - PR\u00d3SPERI NEWS\",\"isPartOf\":{\"@id\":\"https:\\\/\\\/blogdoprosperi.com\\\/#website\"},\"primaryImageOfPage\":{\"@id\":\"https:\\\/\\\/blogdoprosperi.com\\\/?p=18356#primaryimage\"},\"image\":{\"@id\":\"https:\\\/\\\/blogdoprosperi.com\\\/?p=18356#primaryimage\"},\"thumbnailUrl\":\"https:\\\/\\\/blogdoprosperi.com\\\/wp-content\\\/uploads\\\/2016\\\/08\\\/bauza.jpg\",\"datePublished\":\"2016-08-01T22:19:23+00:00\",\"dateModified\":\"2016-08-02T15:01:40+00:00\",\"breadcrumb\":{\"@id\":\"https:\\\/\\\/blogdoprosperi.com\\\/?p=18356#breadcrumb\"},\"inLanguage\":\"pt-BR\",\"potentialAction\":[{\"@type\":\"ReadAction\",\"target\":[\"https:\\\/\\\/blogdoprosperi.com\\\/?p=18356\"]}]},{\"@type\":\"ImageObject\",\"inLanguage\":\"pt-BR\",\"@id\":\"https:\\\/\\\/blogdoprosperi.com\\\/?p=18356#primaryimage\",\"url\":\"https:\\\/\\\/i0.wp.com\\\/blogdoprosperi.com\\\/wp-content\\\/uploads\\\/2016\\\/08\\\/bauza.jpg?fit=650%2C349&ssl=1\",\"contentUrl\":\"https:\\\/\\\/i0.wp.com\\\/blogdoprosperi.com\\\/wp-content\\\/uploads\\\/2016\\\/08\\\/bauza.jpg?fit=650%2C349&ssl=1\",\"width\":650,\"height\":349},{\"@type\":\"BreadcrumbList\",\"@id\":\"https:\\\/\\\/blogdoprosperi.com\\\/?p=18356#breadcrumb\",\"itemListElement\":[{\"@type\":\"ListItem\",\"position\":1,\"name\":\"In\u00edcio\",\"item\":\"https:\\\/\\\/blogdoprosperi.com\\\/\"},{\"@type\":\"ListItem\",\"position\":2,\"name\":\"S\u00e3o Paulo corre atr\u00e1s de um novo t\u00e9cnico. Edgardo Bauza assume Argentina\"}]},{\"@type\":\"WebSite\",\"@id\":\"https:\\\/\\\/blogdoprosperi.com\\\/#website\",\"url\":\"https:\\\/\\\/blogdoprosperi.com\\\/\",\"name\":\"PR\u00d3SPERI NEWS\",\"description\":\"TUDO \u00c9  FUTEBOL\",\"publisher\":{\"@id\":\"https:\\\/\\\/blogdoprosperi.com\\\/#\\\/schema\\\/person\\\/38100755ce3601861ee4fab9b5aa78e9\"},\"alternateName\":\"blogdoprosperi.com\",\"potentialAction\":[{\"@type\":\"SearchAction\",\"target\":{\"@type\":\"EntryPoint\",\"urlTemplate\":\"https:\\\/\\\/blogdoprosperi.com\\\/?s={search_term_string}\"},\"query-input\":{\"@type\":\"PropertyValueSpecification\",\"valueRequired\":true,\"valueName\":\"search_term_string\"}}],\"inLanguage\":\"pt-BR\"},{\"@type\":[\"Person\",\"Organization\"],\"@id\":\"https:\\\/\\\/blogdoprosperi.com\\\/#\\\/schema\\\/person\\\/38100755ce3601861ee4fab9b5aa78e9\",\"name\":\"Luiz Ant\u00f4nio Pr\u00f3speri\",\"pronouns\":\"ele\",\"image\":{\"@type\":\"ImageObject\",\"inLanguage\":\"pt-BR\",\"@id\":\"https:\\\/\\\/i0.wp.com\\\/blogdoprosperi.com\\\/wp-content\\\/uploads\\\/2026\\\/05\\\/cropped-8059e613-6002-42fa-961e-8e275f575d71-2-5.jpg?fit=1360%2C931&ssl=1\",\"url\":\"https:\\\/\\\/i0.wp.com\\\/blogdoprosperi.com\\\/wp-content\\\/uploads\\\/2026\\\/05\\\/cropped-8059e613-6002-42fa-961e-8e275f575d71-2-5.jpg?fit=1360%2C931&ssl=1\",\"contentUrl\":\"https:\\\/\\\/i0.wp.com\\\/blogdoprosperi.com\\\/wp-content\\\/uploads\\\/2026\\\/05\\\/cropped-8059e613-6002-42fa-961e-8e275f575d71-2-5.jpg?fit=1360%2C931&ssl=1\",\"width\":1360,\"height\":931,\"caption\":\"Luiz Ant\u00f4nio Pr\u00f3speri\"},\"logo\":{\"@id\":\"https:\\\/\\\/i0.wp.com\\\/blogdoprosperi.com\\\/wp-content\\\/uploads\\\/2026\\\/05\\\/cropped-8059e613-6002-42fa-961e-8e275f575d71-2-5.jpg?fit=1360%2C931&ssl=1\"},\"description\":\"Jornalista com carreira dedicada ao esporte. Cobriu 9 Copas do Mundo in loco, 1990 na It\u00e1lia, 1994 nos EUA, 1998 na Fran\u00e7a, 2002 na Coreia do Sul e Jap\u00e3o, 2006 na Alemanha, 2010 na \u00c1frica do Sul, 2014 no Brasil, 2018 na R\u00fassia e 2022 no Qatar. Eurocopas, 1992 na Su\u00e9cia e 1996 na Inglaterra. Copa das Confedera\u00e7\u00f5es de 2005 na Alemanha e 2009 na \u00c1frica do Sul. Rep\u00f3rter e Editor, trabalhou no Jornal da Tarde e Estad\u00e3o, de 1984 a fevereiro de 2016. Colunista, blogueiro. E comentarista de futebol na R\u00e1dio Estad\u00e3o, de 2013 a fevereiro de 2016. Jornalista respons\u00e1vel do \\\"Pr\u00f3speri News\\\" (blogdoprosperi.com).\",\"sameAs\":[\"http:\\\/\\\/blogdoprosperi.com\",\"Luiz Pr\u00f3speri\",\"@luiz_prosperi\",\"https:\\\/\\\/x.com\\\/Luizprosperi\",\"@prosperinacopa\",\"luiz.prosperi@icloud.com\"],\"url\":\"https:\\\/\\\/blogdoprosperi.com\\\/?author=102107496\"}]}<\/script>\n<!-- \/ Yoast SEO plugin. -->","yoast_head_json":{"title":"S\u00e3o Paulo corre atr\u00e1s de um novo t\u00e9cnico. Edgardo Bauza assume Argentina - PR\u00d3SPERI NEWS","robots":{"index":"index","follow":"follow","max-snippet":"max-snippet:-1","max-image-preview":"max-image-preview:large","max-video-preview":"max-video-preview:-1"},"canonical":"https:\/\/blogdoprosperi.com\/?p=18356","og_locale":"pt_BR","og_type":"article","og_title":"S\u00e3o Paulo corre atr\u00e1s de um novo t\u00e9cnico. Edgardo Bauza assume Argentina - PR\u00d3SPERI NEWS","og_description":"Diretor do Tricolor diz que contrata\u00e7\u00e3o de um treinador est\u00e1 bem encaminhada e garante que \u00e9 um profissional [&hellip;]","og_url":"https:\/\/blogdoprosperi.com\/?p=18356","og_site_name":"PR\u00d3SPERI NEWS","article_publisher":"Luiz Pr\u00f3speri","article_author":"Luiz Pr\u00f3speri","article_published_time":"2016-08-01T22:19:23+00:00","article_modified_time":"2016-08-02T15:01:40+00:00","og_image":[{"url":"https:\/\/i0.wp.com\/blogdoprosperi.com\/wp-content\/uploads\/2016\/08\/abel_braga_jazira.jpg?w=503&#038;h=283&#038;ssl=1","type":"","width":"","height":""}],"author":"Luiz Ant\u00f4nio Pr\u00f3speri","twitter_card":"summary_large_image","twitter_creator":"@Luizprosperi","twitter_site":"@Luizprosperi","twitter_misc":{"Escrito por":"Luiz Ant\u00f4nio Pr\u00f3speri","Est. tempo de leitura":"3 minutos"},"schema":{"@context":"https:\/\/schema.org","@graph":[{"@type":"Article","@id":"https:\/\/blogdoprosperi.com\/?p=18356#article","isPartOf":{"@id":"https:\/\/blogdoprosperi.com\/?p=18356"},"author":{"name":"Luiz Ant\u00f4nio Pr\u00f3speri","@id":"https:\/\/blogdoprosperi.com\/#\/schema\/person\/38100755ce3601861ee4fab9b5aa78e9"},"headline":"S\u00e3o Paulo corre atr\u00e1s de um novo t\u00e9cnico. Edgardo Bauza assume Argentina","datePublished":"2016-08-01T22:19:23+00:00","dateModified":"2016-08-02T15:01:40+00:00","mainEntityOfPage":{"@id":"https:\/\/blogdoprosperi.com\/?p=18356"},"wordCount":630,"commentCount":4,"publisher":{"@id":"https:\/\/blogdoprosperi.com\/#\/schema\/person\/38100755ce3601861ee4fab9b5aa78e9"},"image":{"@id":"https:\/\/blogdoprosperi.com\/?p=18356#primaryimage"},"thumbnailUrl":"https:\/\/blogdoprosperi.com\/wp-content\/uploads\/2016\/08\/bauza.jpg","keywords":["AFA","Edgardo Bauza","futebol","S\u00e3o Paulo FC","Sele\u00e7\u00e3o Argentina"],"articleSection":["futebol"],"inLanguage":"pt-BR","potentialAction":[{"@type":"CommentAction","name":"Comment","target":["https:\/\/blogdoprosperi.com\/?p=18356#respond"]}]},{"@type":"WebPage","@id":"https:\/\/blogdoprosperi.com\/?p=18356","url":"https:\/\/blogdoprosperi.com\/?p=18356","name":"S\u00e3o Paulo corre atr\u00e1s de um novo t\u00e9cnico. Edgardo Bauza assume Argentina - PR\u00d3SPERI NEWS","isPartOf":{"@id":"https:\/\/blogdoprosperi.com\/#website"},"primaryImageOfPage":{"@id":"https:\/\/blogdoprosperi.com\/?p=18356#primaryimage"},"image":{"@id":"https:\/\/blogdoprosperi.com\/?p=18356#primaryimage"},"thumbnailUrl":"https:\/\/blogdoprosperi.com\/wp-content\/uploads\/2016\/08\/bauza.jpg","datePublished":"2016-08-01T22:19:23+00:00","dateModified":"2016-08-02T15:01:40+00:00","breadcrumb":{"@id":"https:\/\/blogdoprosperi.com\/?p=18356#breadcrumb"},"inLanguage":"pt-BR","potentialAction":[{"@type":"ReadAction","target":["https:\/\/blogdoprosperi.com\/?p=18356"]}]},{"@type":"ImageObject","inLanguage":"pt-BR","@id":"https:\/\/blogdoprosperi.com\/?p=18356#primaryimage","url":"https:\/\/i0.wp.com\/blogdoprosperi.com\/wp-content\/uploads\/2016\/08\/bauza.jpg?fit=650%2C349&ssl=1","contentUrl":"https:\/\/i0.wp.com\/blogdoprosperi.com\/wp-content\/uploads\/2016\/08\/bauza.jpg?fit=650%2C349&ssl=1","width":650,"height":349},{"@type":"BreadcrumbList","@id":"https:\/\/blogdoprosperi.com\/?p=18356#breadcrumb","itemListElement":[{"@type":"ListItem","position":1,"name":"In\u00edcio","item":"https:\/\/blogdoprosperi.com\/"},{"@type":"ListItem","position":2,"name":"S\u00e3o Paulo corre atr\u00e1s de um novo t\u00e9cnico. Edgardo Bauza assume Argentina"}]},{"@type":"WebSite","@id":"https:\/\/blogdoprosperi.com\/#website","url":"https:\/\/blogdoprosperi.com\/","name":"PR\u00d3SPERI NEWS","description":"TUDO \u00c9  FUTEBOL","publisher":{"@id":"https:\/\/blogdoprosperi.com\/#\/schema\/person\/38100755ce3601861ee4fab9b5aa78e9"},"alternateName":"blogdoprosperi.com","potentialAction":[{"@type":"SearchAction","target":{"@type":"EntryPoint","urlTemplate":"https:\/\/blogdoprosperi.com\/?s={search_term_string}"},"query-input":{"@type":"PropertyValueSpecification","valueRequired":true,"valueName":"search_term_string"}}],"inLanguage":"pt-BR"},{"@type":["Person","Organization"],"@id":"https:\/\/blogdoprosperi.com\/#\/schema\/person\/38100755ce3601861ee4fab9b5aa78e9","name":"Luiz Ant\u00f4nio Pr\u00f3speri","pronouns":"ele","image":{"@type":"ImageObject","inLanguage":"pt-BR","@id":"https:\/\/i0.wp.com\/blogdoprosperi.com\/wp-content\/uploads\/2026\/05\/cropped-8059e613-6002-42fa-961e-8e275f575d71-2-5.jpg?fit=1360%2C931&ssl=1","url":"https:\/\/i0.wp.com\/blogdoprosperi.com\/wp-content\/uploads\/2026\/05\/cropped-8059e613-6002-42fa-961e-8e275f575d71-2-5.jpg?fit=1360%2C931&ssl=1","contentUrl":"https:\/\/i0.wp.com\/blogdoprosperi.com\/wp-content\/uploads\/2026\/05\/cropped-8059e613-6002-42fa-961e-8e275f575d71-2-5.jpg?fit=1360%2C931&ssl=1","width":1360,"height":931,"caption":"Luiz Ant\u00f4nio Pr\u00f3speri"},"logo":{"@id":"https:\/\/i0.wp.com\/blogdoprosperi.com\/wp-content\/uploads\/2026\/05\/cropped-8059e613-6002-42fa-961e-8e275f575d71-2-5.jpg?fit=1360%2C931&ssl=1"},"description":"Jornalista com carreira dedicada ao esporte. Cobriu 9 Copas do Mundo in loco, 1990 na It\u00e1lia, 1994 nos EUA, 1998 na Fran\u00e7a, 2002 na Coreia do Sul e Jap\u00e3o, 2006 na Alemanha, 2010 na \u00c1frica do Sul, 2014 no Brasil, 2018 na R\u00fassia e 2022 no Qatar. Eurocopas, 1992 na Su\u00e9cia e 1996 na Inglaterra. Copa das Confedera\u00e7\u00f5es de 2005 na Alemanha e 2009 na \u00c1frica do Sul. Rep\u00f3rter e Editor, trabalhou no Jornal da Tarde e Estad\u00e3o, de 1984 a fevereiro de 2016. Colunista, blogueiro. E comentarista de futebol na R\u00e1dio Estad\u00e3o, de 2013 a fevereiro de 2016. Jornalista respons\u00e1vel do \"Pr\u00f3speri News\" (blogdoprosperi.com).","sameAs":["http:\/\/blogdoprosperi.com","Luiz Pr\u00f3speri","@luiz_prosperi","https:\/\/x.com\/Luizprosperi","@prosperinacopa","luiz.prosperi@icloud.com"],"url":"https:\/\/blogdoprosperi.com\/?author=102107496"}]}},"jetpack_publicize_connections":[],"jetpack_likes_enabled":false,"jetpack_sharing_enabled":true,"jetpack_shortlink":"https:\/\/wp.me\/p7jvdk-4M4","jetpack-related-posts":[{"id":17337,"url":"https:\/\/blogdoprosperi.com\/?p=17337","url_meta":{"origin":18356,"position":0},"title":"Bauza disse sim \u00e0 Sele\u00e7\u00e3o Argentina e aguarda decis\u00e3o dos dirigentes","author":"Luiz Ant\u00f4nio Pr\u00f3speri","date":"22 de julho de 2016","format":false,"excerpt":"S\u00e3o Paulo se meteu em uma enrascada ao apostar no t\u00e9cnico argentino Edgardo Bauza. Situa\u00e7\u00e3o bem parecida com a que o clube viveu com o colombiano Juan Carlos Osorio na temporada passada. Bauza \u00e9 candidato a assumir a Sele\u00e7\u00e3o da Argentina e saiu fortalecido ap\u00f3s reuni\u00e3o com Armando P\u00e9rez, presidente\u2026","rel":"","context":"Em &quot;futebol&quot;","block_context":{"text":"futebol","link":"https:\/\/blogdoprosperi.com\/?cat=53870"},"img":{"alt_text":"","src":"https:\/\/i0.wp.com\/blogdoprosperi.com\/wp-content\/uploads\/2016\/07\/dsc_0482_crop_galeria.jpg?resize=350%2C200&ssl=1","width":350,"height":200,"srcset":"https:\/\/i0.wp.com\/blogdoprosperi.com\/wp-content\/uploads\/2016\/07\/dsc_0482_crop_galeria.jpg?resize=350%2C200&ssl=1 1x, https:\/\/i0.wp.com\/blogdoprosperi.com\/wp-content\/uploads\/2016\/07\/dsc_0482_crop_galeria.jpg?resize=525%2C300&ssl=1 1.5x, https:\/\/i0.wp.com\/blogdoprosperi.com\/wp-content\/uploads\/2016\/07\/dsc_0482_crop_galeria.jpg?resize=700%2C400&ssl=1 2x"},"classes":[]},{"id":17165,"url":"https:\/\/blogdoprosperi.com\/?p=17165","url_meta":{"origin":18356,"position":1},"title":"Bauza perto da Sele\u00e7\u00e3o Argentina e Tite passa o &#8220;rapa&#8221; no Corinthians","author":"Luiz Ant\u00f4nio Pr\u00f3speri","date":"21 de julho de 2016","format":false,"excerpt":"\u00a0 Edgardo Bauza est\u00e1 perto de sair do S\u00e3o Paulo e assumir o comando da Sele\u00e7\u00e3o Argentina. A informa\u00e7\u00e3o partiu da imprensa de Buenos Aires e d\u00e1 conta que o t\u00e9cnico vai ser convocado por Armando P\u00e9rez, presidente da Comiss\u00e3o Normalizadora da AFA (Associa\u00e7\u00e3o de Futebol Argentino). Bauza seria o\u2026","rel":"","context":"Em &quot;futebol&quot;","block_context":{"text":"futebol","link":"https:\/\/blogdoprosperi.com\/?cat=53870"},"img":{"alt_text":"","src":"https:\/\/i0.wp.com\/blogdoprosperi.com\/wp-content\/uploads\/2016\/06\/622_da4240e4-8436-3676-b75f-a9662a019087.jpg?resize=350%2C200","width":350,"height":200,"srcset":"https:\/\/i0.wp.com\/blogdoprosperi.com\/wp-content\/uploads\/2016\/06\/622_da4240e4-8436-3676-b75f-a9662a019087.jpg?resize=350%2C200 1x, https:\/\/i0.wp.com\/blogdoprosperi.com\/wp-content\/uploads\/2016\/06\/622_da4240e4-8436-3676-b75f-a9662a019087.jpg?resize=525%2C300 1.5x"},"classes":[]},{"id":20431,"url":"https:\/\/blogdoprosperi.com\/?p=20431","url_meta":{"origin":18356,"position":2},"title":"Argentina e Brasil, fora da ordem mundial do futebol","author":"Luiz Ant\u00f4nio Pr\u00f3speri","date":"10 de agosto de 2016","format":false,"excerpt":"Argentina est\u00e1 fora do torneio de futebol dos Jogos do Rio. Caiu eliminada na primeira fase ao empatar (1 a 1) com Honduras nesta quarta-feira (10\/8). A queda recebeu duras cr\u00edticas da imprensa de Buenos Aires. \"Papel\u00e3o\" estamparam sites do respeitado La Nacion e do bem-humorado Ol\u00e9. Jogadores da sele\u00e7\u00e3o\u2026","rel":"","context":"Em &quot;futebol&quot;","block_context":{"text":"futebol","link":"https:\/\/blogdoprosperi.com\/?cat=53870"},"img":{"alt_text":"","src":"https:\/\/i0.wp.com\/blogdoprosperi.com\/wp-content\/uploads\/2016\/08\/588188076.jpg?resize=350%2C200&ssl=1","width":350,"height":200,"srcset":"https:\/\/i0.wp.com\/blogdoprosperi.com\/wp-content\/uploads\/2016\/08\/588188076.jpg?resize=350%2C200&ssl=1 1x, https:\/\/i0.wp.com\/blogdoprosperi.com\/wp-content\/uploads\/2016\/08\/588188076.jpg?resize=525%2C300&ssl=1 1.5x"},"classes":[]},{"id":15343,"url":"https:\/\/blogdoprosperi.com\/?p=15343","url_meta":{"origin":18356,"position":3},"title":"S\u00e3o Paulo pode perder Ganso, Rodrigo Caio, Calleri e Bauza","author":"Luiz Ant\u00f4nio Pr\u00f3speri","date":"7 de julho de 2016","format":false,"excerpt":"S\u00e3o Paulo vive um momento delicado ap\u00f3s a derrota ao Atl\u00e9tico Nacional nesta quarta-feira (06\/7). A pr\u00f3ximas semana ser\u00e1 decisiva ao futuro do clube paulista na temporada com a quase inevit\u00e1vel queda nas semifinais da Copa Libertadores. Pode ter perdas consider\u00e1veis. Paulo Henrique Ganso e Rodrigo Caio est\u00e3o de sa\u00edda.\u2026","rel":"","context":"Em &quot;futebol&quot;","block_context":{"text":"futebol","link":"https:\/\/blogdoprosperi.com\/?cat=53870"},"img":{"alt_text":"","src":"https:\/\/i0.wp.com\/blogdoprosperi.com\/wp-content\/uploads\/2016\/07\/85adb960-0246-11e6-8a5c-a362efbf840e_20160401111809396_3.jpg?resize=350%2C200&ssl=1","width":350,"height":200,"srcset":"https:\/\/i0.wp.com\/blogdoprosperi.com\/wp-content\/uploads\/2016\/07\/85adb960-0246-11e6-8a5c-a362efbf840e_20160401111809396_3.jpg?resize=350%2C200&ssl=1 1x, https:\/\/i0.wp.com\/blogdoprosperi.com\/wp-content\/uploads\/2016\/07\/85adb960-0246-11e6-8a5c-a362efbf840e_20160401111809396_3.jpg?resize=525%2C300&ssl=1 1.5x"},"classes":[]},{"id":20609,"url":"https:\/\/blogdoprosperi.com\/?p=20609","url_meta":{"origin":18356,"position":4},"title":"S\u00e3o Paulo, sem projeto, joga suas fichas em Ricardo Gomes","author":"Luiz Ant\u00f4nio Pr\u00f3speri","date":"12 de agosto de 2016","format":false,"excerpt":"S\u00e3o Paulo anunciou a contrata\u00e7\u00e3o de Ricardo Gomes, t\u00e9cnico do Botafogo, neste in\u00edcio de noite desta sexta-feira (12\/8). Ao investir em um treinador empregado, o clube paulista deixou de lado a possibilidade de efetivar Andr\u00e9 Jardine, interino que veio da base em socorro do time de cima. E, mais uma\u2026","rel":"","context":"Em &quot;Campeonato Brasileiro&quot;","block_context":{"text":"Campeonato Brasileiro","link":"https:\/\/blogdoprosperi.com\/?cat=355071"},"img":{"alt_text":"","src":"https:\/\/i0.wp.com\/blogdoprosperi.com\/wp-content\/uploads\/2016\/08\/2593_crop_galeria.jpg?resize=350%2C200","width":350,"height":200,"srcset":"https:\/\/i0.wp.com\/blogdoprosperi.com\/wp-content\/uploads\/2016\/08\/2593_crop_galeria.jpg?resize=350%2C200 1x, https:\/\/i0.wp.com\/blogdoprosperi.com\/wp-content\/uploads\/2016\/08\/2593_crop_galeria.jpg?resize=525%2C300 1.5x, https:\/\/i0.wp.com\/blogdoprosperi.com\/wp-content\/uploads\/2016\/08\/2593_crop_galeria.jpg?resize=700%2C400 2x"},"classes":[]},{"id":19019,"url":"https:\/\/blogdoprosperi.com\/?p=19019","url_meta":{"origin":18356,"position":5},"title":"S\u00e3o Paulo sofre derrota no adeus a Bauza e torcida n\u00e3o vai sentir saudade do argentino","author":"Luiz Ant\u00f4nio Pr\u00f3speri","date":"4 de agosto de 2016","format":false,"excerpt":"S\u00e3o Paulo perder no Morumbi nesta temporada n\u00e3o \u00e9 um absurdo. A diferen\u00e7a \u00e9 que esta derrota marcou a despedida de Edgardo Bauza, novo treinador da Argentina. Isso mesmo, t\u00e9cnico da sele\u00e7\u00e3o de Lionel Messi. O treinador argentino vai embora e, segundo a torcida s\u00e3o-paulina, n\u00e3o vai deixar saudade. Nesta\u2026","rel":"","context":"Em &quot;Campeonato Brasileiro&quot;","block_context":{"text":"Campeonato Brasileiro","link":"https:\/\/blogdoprosperi.com\/?cat=355071"},"img":{"alt_text":"","src":"https:\/\/i0.wp.com\/blogdoprosperi.com\/wp-content\/uploads\/2016\/08\/rib_5600_sp9e0ge.jpg?resize=350%2C200&ssl=1","width":350,"height":200,"srcset":"https:\/\/i0.wp.com\/blogdoprosperi.com\/wp-content\/uploads\/2016\/08\/rib_5600_sp9e0ge.jpg?resize=350%2C200&ssl=1 1x, https:\/\/i0.wp.com\/blogdoprosperi.com\/wp-content\/uploads\/2016\/08\/rib_5600_sp9e0ge.jpg?resize=525%2C300&ssl=1 1.5x"},"classes":[]}],"jetpack_featured_media_url":"","_links":{"self":[{"href":"https:\/\/blogdoprosperi.com\/index.php?rest_route=\/wp\/v2\/posts\/18356","targetHints":{"allow":["GET"]}}],"collection":[{"href":"https:\/\/blogdoprosperi.com\/index.php?rest_route=\/wp\/v2\/posts"}],"about":[{"href":"https:\/\/blogdoprosperi.com\/index.php?rest_route=\/wp\/v2\/types\/post"}],"author":[{"embeddable":true,"href":"https:\/\/blogdoprosperi.com\/index.php?rest_route=\/wp\/v2\/users\/102107496"}],"replies":[{"embeddable":true,"href":"https:\/\/blogdoprosperi.com\/index.php?rest_route=%2Fwp%2Fv2%2Fcomments&post=18356"}],"version-history":[{"count":25,"href":"https:\/\/blogdoprosperi.com\/index.php?rest_route=\/wp\/v2\/posts\/18356\/revisions"}],"predecessor-version":[{"id":18550,"href":"https:\/\/blogdoprosperi.com\/index.php?rest_route=\/wp\/v2\/posts\/18356\/revisions\/18550"}],"wp:attachment":[{"href":"https:\/\/blogdoprosperi.com\/index.php?rest_route=%2Fwp%2Fv2%2Fmedia&parent=18356"}],"wp:term":[{"taxonomy":"category","embeddable":true,"href":"https:\/\/blogdoprosperi.com\/index.php?rest_route=%2Fwp%2Fv2%2Fcategories&post=18356"},{"taxonomy":"post_tag","embeddable":true,"href":"https:\/\/blogdoprosperi.com\/index.php?rest_route=%2Fwp%2Fv2%2Ftags&post=18356"}],"curies":[{"name":"wp","href":"https:\/\/api.w.org\/{rel}","templated":true}]}}