{"id":18551,"date":"2016-08-02T13:35:56","date_gmt":"2016-08-02T16:35:56","guid":{"rendered":"http:\/\/blogdoprosperi.com\/?p=18551"},"modified":"2016-08-02T13:38:44","modified_gmt":"2016-08-02T16:38:44","slug":"santos-em-ebulicao-pode-perder-gabigol-thiago-maia-e-zeca-ate-o-fim-da-olimpiada-do-rio","status":"publish","type":"post","link":"https:\/\/blogdoprosperi.com\/?p=18551","title":{"rendered":"Santos em ebuli\u00e7\u00e3o pode perder Gabigol, Thiago Maia e Zeca at\u00e9 o fim da Olimp\u00edada do Rio"},"content":{"rendered":"<p><span class=\"alignnone\"><img data-recalc-dims=\"1\" loading=\"lazy\" decoding=\"async\" data-attachment-id=\"18585\" data-permalink=\"https:\/\/blogdoprosperi.com\/?attachment_id=18585\" data-orig-file=\"https:\/\/i0.wp.com\/blogdoprosperi.com\/wp-content\/uploads\/2016\/08\/ricardo-saibun-santos-fc.jpg?fit=800%2C445&amp;ssl=1\" data-orig-size=\"800,445\" data-comments-opened=\"1\" data-image-meta=\"{&quot;aperture&quot;:&quot;0&quot;,&quot;credit&quot;:&quot;&quot;,&quot;camera&quot;:&quot;&quot;,&quot;caption&quot;:&quot;&quot;,&quot;created_timestamp&quot;:&quot;0&quot;,&quot;copyright&quot;:&quot;&quot;,&quot;focal_length&quot;:&quot;0&quot;,&quot;iso&quot;:&quot;0&quot;,&quot;shutter_speed&quot;:&quot;0&quot;,&quot;title&quot;:&quot;&quot;,&quot;orientation&quot;:&quot;0&quot;}\" data-image-title=\"Ricardo-Saibun-Santos-FC\" data-image-description=\"\" data-image-caption=\"\" data-large-file=\"https:\/\/i0.wp.com\/blogdoprosperi.com\/wp-content\/uploads\/2016\/08\/ricardo-saibun-santos-fc.jpg?fit=800%2C445&amp;ssl=1\" class=\"alignnone size-full wp-image-18585\" src=\"https:\/\/i0.wp.com\/blogdoprosperi.com\/wp-content\/uploads\/2016\/08\/ricardo-saibun-santos-fc.jpg?resize=800%2C445&#038;ssl=1\" alt=\"Ricardo-Saibun-Santos-FC\" width=\"800\" height=\"445\" \/><\/span><\/p>\n<p>Santos sofre ass\u00e9dio de grandes clubes europeus e pode sofrer baixas consider\u00e1veis at\u00e9 o fim da Olimp\u00edada do Rio. Inter de Mil\u00e3o j\u00e1 trata diretamente com o estafe de Gabriel, o Gabigol, e pode levar o atacante em breve. Chelsea, em negocia\u00e7\u00f5es avan\u00e7adas, corre atr\u00e1s do volante Thiago Maia. Paris Saint-Germain quer o lateral Zeca e tamb\u00e9m ajusta a contrata\u00e7\u00e3o com representantes do jogador. As tr\u00eas negocia\u00e7\u00f5es devem render cerca de R$ 168 milh\u00f5es ao Santos. <a href=\"http:\/\/blogdoprosperi.com\/2016\/08\/01\/selecao-brasileira-olimpica-vira-um-balcao-de-negocios-de-jogadores\/\">Gabigol, Thiago Maia e Zeca<\/a> est\u00e3o a servi\u00e7o da Sele\u00e7\u00e3o Ol\u00edmpica.<!--more--><\/p>\n<p>Modesto Roma, presidente do clube santista, disse nesta ter\u00e7a-feira (02\/8) que n\u00e3o pensa em vender nenhum jogador nesta janela de transfer\u00eancia do futebol europeu &#8211; fecha dia 30 de agosto. O problema \u00e9 como evitar as negocia\u00e7\u00f5es diante do apetite de empres\u00e1rios e agentes dos garotos.<\/p>\n<p>Dos tr\u00eas cobi\u00e7ados na Europa, Gabigol, 19 anos, \u00e9 o que est\u00e1 mais perto de sair. A Inter de Mil\u00e3o confirma uma proposta de 25 milh\u00f5es de euros (R$ 91 milh\u00f5es). Santos levaria 18 milh\u00f5es (R$ 64,8 milh\u00f5es) e Gabriel e seus representantes teriam direito a R$ 25,5 milh\u00f5es.<\/p>\n<p>Gabigol foi tema de uma p\u00e1gina na edi\u00e7\u00e3o desta ter\u00e7a-feira da <em>Gazzetta dello Sport<\/em>, maior jornal de esportes da Europa, escrita pelo jornalista brasileiro Luis Augusto Monaco, um dos maiores especialistas em mercado de transfer\u00eancias de jogadores na m\u00eddia do Brasil.<\/p>\n<p>Veja como a <em>Gazzetta<\/em> apresentou Gabriel aos seus leitores na It\u00e1lia:<\/p>\n<p><a title=\"Gabigol\" href=\"https:\/\/blogdoprosperi.com\/wp-content\/uploads\/2016\/08\/gabigol.pdf\">Gabigol<\/a><\/p>\n<p>Thiago Maia, 20 anos, tem negocia\u00e7\u00f5es avan\u00e7adas com o Chelsea. Quem trata da transa\u00e7\u00e3o \u00e9 o empres\u00e1rio iraniano Kia Joorabchian. O clube ingl\u00eas, que j\u00e1 conta com os brasileiros Oscar e Willian, espera fechar com o volante do Santos por R$ 66 milh\u00f5es. O clube paulista tem direito a 100% dos direitos de Thiago Maia.<\/p>\n<p>Zeca, 22 anos, tamb\u00e9m est\u00e1 no radar dos europeus. Depois da investida do Atl\u00e9tico de Madrid, com oferta de R$ 29 milh\u00f5es, o PSG pode desembolsar R$ 40 milh\u00f5es. O Santos exige R$ 36,5 milh\u00f5es pelos 70% dos direitos econ\u00f4micos que tem do lateral.<\/p>\n<figure id=\"attachment_18512\" aria-describedby=\"caption-attachment-18512\" style=\"width: 2313px\" class=\"wp-caption alignnone\"><img data-recalc-dims=\"1\" loading=\"lazy\" decoding=\"async\" data-attachment-id=\"18512\" data-permalink=\"https:\/\/blogdoprosperi.com\/?attachment_id=18512\" data-orig-file=\"https:\/\/i0.wp.com\/blogdoprosperi.com\/wp-content\/uploads\/2016\/08\/pro8-8.jpg?fit=2313%2C1542&amp;ssl=1\" data-orig-size=\"2313,1542\" data-comments-opened=\"1\" data-image-meta=\"{&quot;aperture&quot;:&quot;5&quot;,&quot;credit&quot;:&quot;&quot;,&quot;camera&quot;:&quot;Canon EOS-1D X&quot;,&quot;caption&quot;:&quot;&quot;,&quot;created_timestamp&quot;:&quot;1470068913&quot;,&quot;copyright&quot;:&quot;ALEX SILVA\/ESTADAO&quot;,&quot;focal_length&quot;:&quot;600&quot;,&quot;iso&quot;:&quot;250&quot;,&quot;shutter_speed&quot;:&quot;0.0008&quot;,&quot;title&quot;:&quot;&quot;,&quot;orientation&quot;:&quot;1&quot;}\" data-image-title=\"pro8-8\" data-image-description=\"\" data-image-caption=\"\" data-large-file=\"https:\/\/i0.wp.com\/blogdoprosperi.com\/wp-content\/uploads\/2016\/08\/pro8-8.jpg?fit=940%2C627&amp;ssl=1\" class=\"alignnone size-full wp-image-18512\" src=\"https:\/\/i0.wp.com\/blogdoprosperi.com\/wp-content\/uploads\/2016\/08\/pro8-8.jpg?resize=940%2C627&#038;ssl=1\" alt=\"pro8-8\" width=\"940\" height=\"627\" \/><figcaption id=\"caption-attachment-18512\" class=\"wp-caption-text\">Felipe Anderson, ex-Santos, e Gabriel na Sele\u00e7\u00e3o Ol\u00edmpica<\/figcaption><\/figure>\n<p>Se fechar as tr\u00eas negocia\u00e7\u00f5es, o Santos pode faturar cerca de R$ 168 milh\u00f5es. No come\u00e7o desta temporada, o clube havia vendido o meia Geuv\u00e2nio, de 23 anos, e levou algo em torno de R$ 37 milh\u00f5es.<\/p>\n<p>Em contrapartida perderia jogadores importantes na briga pelo t\u00edtulo do Campeonato Brasileiro. No \u00faltimo domingo (31\/7), ap\u00f3s a vit\u00f3ria em cima do Cruzeiro por 2 a 0, o t\u00e9cnico Dorival J\u00fanior disse que o <a href=\"http:\/\/blogdoprosperi.com\/2016\/07\/31\/santos-supera-cruzeiro-e-seu-treinador-credencia-time-na-corrida-pelo-titulo\/\">Santos tem grandes chances de ser campe\u00e3o <\/a>se n\u00e3o perder jogadores de peso na janela de transfer\u00eancia.<\/p>\n<p>Sem Gabigol, Zeca e Thiago Maia n\u00e3o vai ser nada f\u00e1cil a caminhada do time no Brasileir\u00e3o.<\/p>\n","protected":false},"excerpt":{"rendered":"<p>Santos sofre ass\u00e9dio de grandes clubes europeus e pode sofrer baixas consider\u00e1veis at\u00e9 o fim da Olimp\u00edada do [&hellip;]<\/p>\n","protected":false},"author":102107496,"featured_media":0,"comment_status":"open","ping_status":"open","sticky":false,"template":"","format":"standard","meta":{"_coblocks_attr":"","_coblocks_dimensions":"","_coblocks_responsive_height":"","_coblocks_accordion_ie_support":"","_jetpack_newsletter_access":"","_jetpack_dont_email_post_to_subs":false,"_jetpack_newsletter_tier_id":0,"_jetpack_memberships_contains_paywalled_content":false,"_wpcom_ai_launchpad_first_post":false,"_jetpack_feature_clip_id":0,"_jetpack_memberships_contains_paid_content":false,"footnotes":"","jetpack_publicize_message":"","jetpack_publicize_feature_enabled":true,"jetpack_social_post_already_shared":false,"jetpack_social_options":{"image_generator_settings":{"template":"highway","default_image_id":0,"font":"","enabled":false},"version":2},"jetpack_post_was_ever_published":false},"categories":[355071,53870,77187843],"tags":[12734,3066303,789560560,52406516,1530985,22254400,789560576,361092,5226238,3135268,36305007,1530033],"class_list":["post-18551","post","type-post","status-publish","format-standard","hentry","category-campeonato-brasileiro","category-futebol","category-olimpiada-do-rio","tag-chelsea","tag-dorival-junior","tag-futebol","tag-gabigol","tag-inter-de-milao","tag-kia-joorabichian","tag-olimpiada-do-rio","tag-psg","tag-santosfc","tag-selecao-olimpica","tag-thiago-maia","tag-zeca"],"yoast_head":"<!-- This site is optimized with the Yoast SEO plugin v28.3 - https:\/\/yoast.com\/product\/yoast-seo-wordpress\/ -->\n<title>Santos em ebuli\u00e7\u00e3o pode perder Gabigol, Thiago Maia e Zeca at\u00e9 o fim da Olimp\u00edada do Rio - PR\u00d3SPERI NEWS<\/title>\n<meta name=\"robots\" content=\"index, follow, max-snippet:-1, max-image-preview:large, max-video-preview:-1\" \/>\n<link rel=\"canonical\" href=\"https:\/\/blogdoprosperi.com\/?p=18551\" \/>\n<meta property=\"og:locale\" content=\"pt_BR\" \/>\n<meta property=\"og:type\" content=\"article\" \/>\n<meta property=\"og:title\" content=\"Santos em ebuli\u00e7\u00e3o pode perder Gabigol, Thiago Maia e Zeca at\u00e9 o fim da Olimp\u00edada do Rio - PR\u00d3SPERI NEWS\" \/>\n<meta property=\"og:description\" content=\"Santos sofre ass\u00e9dio de grandes clubes europeus e pode sofrer baixas consider\u00e1veis at\u00e9 o fim da Olimp\u00edada do [&hellip;]\" \/>\n<meta property=\"og:url\" content=\"https:\/\/blogdoprosperi.com\/?p=18551\" \/>\n<meta property=\"og:site_name\" content=\"PR\u00d3SPERI NEWS\" \/>\n<meta property=\"article:publisher\" content=\"Luiz Pr\u00f3speri\" \/>\n<meta property=\"article:author\" content=\"Luiz Pr\u00f3speri\" \/>\n<meta property=\"article:published_time\" content=\"2016-08-02T16:35:56+00:00\" \/>\n<meta property=\"article:modified_time\" content=\"2016-08-02T16:38:44+00:00\" \/>\n<meta property=\"og:image\" content=\"https:\/\/blogdoprosperi.com\/wp-content\/uploads\/2016\/08\/ricardo-saibun-santos-fc.jpg\" \/>\n<meta name=\"author\" content=\"Luiz Ant\u00f4nio Pr\u00f3speri\" \/>\n<meta name=\"twitter:card\" content=\"summary_large_image\" \/>\n<meta name=\"twitter:creator\" content=\"@Luizprosperi\" \/>\n<meta name=\"twitter:site\" content=\"@Luizprosperi\" \/>\n<meta name=\"twitter:label1\" content=\"Escrito por\" \/>\n\t<meta name=\"twitter:data1\" content=\"Luiz Ant\u00f4nio Pr\u00f3speri\" \/>\n\t<meta name=\"twitter:label2\" content=\"Est. tempo de leitura\" \/>\n\t<meta name=\"twitter:data2\" content=\"2 minutos\" \/>\n<script type=\"application\/ld+json\" class=\"yoast-schema-graph\">{\"@context\":\"https:\\\/\\\/schema.org\",\"@graph\":[{\"@type\":\"Article\",\"@id\":\"https:\\\/\\\/blogdoprosperi.com\\\/?p=18551#article\",\"isPartOf\":{\"@id\":\"https:\\\/\\\/blogdoprosperi.com\\\/?p=18551\"},\"author\":{\"name\":\"Luiz Ant\u00f4nio Pr\u00f3speri\",\"@id\":\"https:\\\/\\\/blogdoprosperi.com\\\/#\\\/schema\\\/person\\\/38100755ce3601861ee4fab9b5aa78e9\"},\"headline\":\"Santos em ebuli\u00e7\u00e3o pode perder Gabigol, Thiago Maia e Zeca at\u00e9 o fim da Olimp\u00edada do Rio\",\"datePublished\":\"2016-08-02T16:35:56+00:00\",\"dateModified\":\"2016-08-02T16:38:44+00:00\",\"mainEntityOfPage\":{\"@id\":\"https:\\\/\\\/blogdoprosperi.com\\\/?p=18551\"},\"wordCount\":513,\"commentCount\":2,\"publisher\":{\"@id\":\"https:\\\/\\\/blogdoprosperi.com\\\/#\\\/schema\\\/person\\\/38100755ce3601861ee4fab9b5aa78e9\"},\"image\":{\"@id\":\"https:\\\/\\\/blogdoprosperi.com\\\/?p=18551#primaryimage\"},\"thumbnailUrl\":\"https:\\\/\\\/blogdoprosperi.com\\\/wp-content\\\/uploads\\\/2016\\\/08\\\/ricardo-saibun-santos-fc.jpg\",\"keywords\":[\"Chelsea\",\"Dorival J\u00fanior\",\"futebol\",\"Gabigol\",\"Inter de Mil\u00e3o\",\"Kia Joorabichian\",\"Olimp\u00edada do Rio\",\"PSG\",\"SantosFC\",\"Sele\u00e7\u00e3o Ol\u00edmpica\",\"Thiago Maia\",\"Zeca\"],\"articleSection\":[\"Campeonato Brasileiro\",\"futebol\",\"Olimp\u00edada do Rio\"],\"inLanguage\":\"pt-BR\",\"potentialAction\":[{\"@type\":\"CommentAction\",\"name\":\"Comment\",\"target\":[\"https:\\\/\\\/blogdoprosperi.com\\\/?p=18551#respond\"]}]},{\"@type\":\"WebPage\",\"@id\":\"https:\\\/\\\/blogdoprosperi.com\\\/?p=18551\",\"url\":\"https:\\\/\\\/blogdoprosperi.com\\\/?p=18551\",\"name\":\"Santos em ebuli\u00e7\u00e3o pode perder Gabigol, Thiago Maia e Zeca at\u00e9 o fim da Olimp\u00edada do Rio - PR\u00d3SPERI NEWS\",\"isPartOf\":{\"@id\":\"https:\\\/\\\/blogdoprosperi.com\\\/#website\"},\"primaryImageOfPage\":{\"@id\":\"https:\\\/\\\/blogdoprosperi.com\\\/?p=18551#primaryimage\"},\"image\":{\"@id\":\"https:\\\/\\\/blogdoprosperi.com\\\/?p=18551#primaryimage\"},\"thumbnailUrl\":\"https:\\\/\\\/blogdoprosperi.com\\\/wp-content\\\/uploads\\\/2016\\\/08\\\/ricardo-saibun-santos-fc.jpg\",\"datePublished\":\"2016-08-02T16:35:56+00:00\",\"dateModified\":\"2016-08-02T16:38:44+00:00\",\"breadcrumb\":{\"@id\":\"https:\\\/\\\/blogdoprosperi.com\\\/?p=18551#breadcrumb\"},\"inLanguage\":\"pt-BR\",\"potentialAction\":[{\"@type\":\"ReadAction\",\"target\":[\"https:\\\/\\\/blogdoprosperi.com\\\/?p=18551\"]}]},{\"@type\":\"ImageObject\",\"inLanguage\":\"pt-BR\",\"@id\":\"https:\\\/\\\/blogdoprosperi.com\\\/?p=18551#primaryimage\",\"url\":\"https:\\\/\\\/i0.wp.com\\\/blogdoprosperi.com\\\/wp-content\\\/uploads\\\/2016\\\/08\\\/ricardo-saibun-santos-fc.jpg?fit=800%2C445&ssl=1\",\"contentUrl\":\"https:\\\/\\\/i0.wp.com\\\/blogdoprosperi.com\\\/wp-content\\\/uploads\\\/2016\\\/08\\\/ricardo-saibun-santos-fc.jpg?fit=800%2C445&ssl=1\",\"width\":800,\"height\":445},{\"@type\":\"BreadcrumbList\",\"@id\":\"https:\\\/\\\/blogdoprosperi.com\\\/?p=18551#breadcrumb\",\"itemListElement\":[{\"@type\":\"ListItem\",\"position\":1,\"name\":\"In\u00edcio\",\"item\":\"https:\\\/\\\/blogdoprosperi.com\\\/\"},{\"@type\":\"ListItem\",\"position\":2,\"name\":\"Santos em ebuli\u00e7\u00e3o pode perder Gabigol, Thiago Maia e Zeca at\u00e9 o fim da Olimp\u00edada do Rio\"}]},{\"@type\":\"WebSite\",\"@id\":\"https:\\\/\\\/blogdoprosperi.com\\\/#website\",\"url\":\"https:\\\/\\\/blogdoprosperi.com\\\/\",\"name\":\"PR\u00d3SPERI NEWS\",\"description\":\"TUDO \u00c9  FUTEBOL\",\"publisher\":{\"@id\":\"https:\\\/\\\/blogdoprosperi.com\\\/#\\\/schema\\\/person\\\/38100755ce3601861ee4fab9b5aa78e9\"},\"alternateName\":\"blogdoprosperi.com\",\"potentialAction\":[{\"@type\":\"SearchAction\",\"target\":{\"@type\":\"EntryPoint\",\"urlTemplate\":\"https:\\\/\\\/blogdoprosperi.com\\\/?s={search_term_string}\"},\"query-input\":{\"@type\":\"PropertyValueSpecification\",\"valueRequired\":true,\"valueName\":\"search_term_string\"}}],\"inLanguage\":\"pt-BR\"},{\"@type\":[\"Person\",\"Organization\"],\"@id\":\"https:\\\/\\\/blogdoprosperi.com\\\/#\\\/schema\\\/person\\\/38100755ce3601861ee4fab9b5aa78e9\",\"name\":\"Luiz Ant\u00f4nio Pr\u00f3speri\",\"pronouns\":\"ele\",\"image\":{\"@type\":\"ImageObject\",\"inLanguage\":\"pt-BR\",\"@id\":\"https:\\\/\\\/i0.wp.com\\\/blogdoprosperi.com\\\/wp-content\\\/uploads\\\/2026\\\/05\\\/cropped-8059e613-6002-42fa-961e-8e275f575d71-2-5.jpg?fit=1360%2C931&ssl=1\",\"url\":\"https:\\\/\\\/i0.wp.com\\\/blogdoprosperi.com\\\/wp-content\\\/uploads\\\/2026\\\/05\\\/cropped-8059e613-6002-42fa-961e-8e275f575d71-2-5.jpg?fit=1360%2C931&ssl=1\",\"contentUrl\":\"https:\\\/\\\/i0.wp.com\\\/blogdoprosperi.com\\\/wp-content\\\/uploads\\\/2026\\\/05\\\/cropped-8059e613-6002-42fa-961e-8e275f575d71-2-5.jpg?fit=1360%2C931&ssl=1\",\"width\":1360,\"height\":931,\"caption\":\"Luiz Ant\u00f4nio Pr\u00f3speri\"},\"logo\":{\"@id\":\"https:\\\/\\\/i0.wp.com\\\/blogdoprosperi.com\\\/wp-content\\\/uploads\\\/2026\\\/05\\\/cropped-8059e613-6002-42fa-961e-8e275f575d71-2-5.jpg?fit=1360%2C931&ssl=1\"},\"description\":\"Jornalista com carreira dedicada ao esporte. Cobriu 9 Copas do Mundo in loco, 1990 na It\u00e1lia, 1994 nos EUA, 1998 na Fran\u00e7a, 2002 na Coreia do Sul e Jap\u00e3o, 2006 na Alemanha, 2010 na \u00c1frica do Sul, 2014 no Brasil, 2018 na R\u00fassia e 2022 no Qatar. Eurocopas, 1992 na Su\u00e9cia e 1996 na Inglaterra. Copa das Confedera\u00e7\u00f5es de 2005 na Alemanha e 2009 na \u00c1frica do Sul. Rep\u00f3rter e Editor, trabalhou no Jornal da Tarde e Estad\u00e3o, de 1984 a fevereiro de 2016. Colunista, blogueiro. E comentarista de futebol na R\u00e1dio Estad\u00e3o, de 2013 a fevereiro de 2016. Jornalista respons\u00e1vel do \\\"Pr\u00f3speri News\\\" (blogdoprosperi.com).\",\"sameAs\":[\"http:\\\/\\\/blogdoprosperi.com\",\"Luiz Pr\u00f3speri\",\"@luiz_prosperi\",\"https:\\\/\\\/x.com\\\/Luizprosperi\",\"@prosperinacopa\",\"luiz.prosperi@icloud.com\"],\"url\":\"https:\\\/\\\/blogdoprosperi.com\\\/?author=102107496\"}]}<\/script>\n<!-- \/ Yoast SEO plugin. -->","yoast_head_json":{"title":"Santos em ebuli\u00e7\u00e3o pode perder Gabigol, Thiago Maia e Zeca at\u00e9 o fim da Olimp\u00edada do Rio - PR\u00d3SPERI NEWS","robots":{"index":"index","follow":"follow","max-snippet":"max-snippet:-1","max-image-preview":"max-image-preview:large","max-video-preview":"max-video-preview:-1"},"canonical":"https:\/\/blogdoprosperi.com\/?p=18551","og_locale":"pt_BR","og_type":"article","og_title":"Santos em ebuli\u00e7\u00e3o pode perder Gabigol, Thiago Maia e Zeca at\u00e9 o fim da Olimp\u00edada do Rio - PR\u00d3SPERI NEWS","og_description":"Santos sofre ass\u00e9dio de grandes clubes europeus e pode sofrer baixas consider\u00e1veis at\u00e9 o fim da Olimp\u00edada do [&hellip;]","og_url":"https:\/\/blogdoprosperi.com\/?p=18551","og_site_name":"PR\u00d3SPERI NEWS","article_publisher":"Luiz Pr\u00f3speri","article_author":"Luiz Pr\u00f3speri","article_published_time":"2016-08-02T16:35:56+00:00","article_modified_time":"2016-08-02T16:38:44+00:00","og_image":[{"url":"https:\/\/blogdoprosperi.com\/wp-content\/uploads\/2016\/08\/ricardo-saibun-santos-fc.jpg","type":"","width":"","height":""}],"author":"Luiz Ant\u00f4nio Pr\u00f3speri","twitter_card":"summary_large_image","twitter_creator":"@Luizprosperi","twitter_site":"@Luizprosperi","twitter_misc":{"Escrito por":"Luiz Ant\u00f4nio Pr\u00f3speri","Est. tempo de leitura":"2 minutos"},"schema":{"@context":"https:\/\/schema.org","@graph":[{"@type":"Article","@id":"https:\/\/blogdoprosperi.com\/?p=18551#article","isPartOf":{"@id":"https:\/\/blogdoprosperi.com\/?p=18551"},"author":{"name":"Luiz Ant\u00f4nio Pr\u00f3speri","@id":"https:\/\/blogdoprosperi.com\/#\/schema\/person\/38100755ce3601861ee4fab9b5aa78e9"},"headline":"Santos em ebuli\u00e7\u00e3o pode perder Gabigol, Thiago Maia e Zeca at\u00e9 o fim da Olimp\u00edada do Rio","datePublished":"2016-08-02T16:35:56+00:00","dateModified":"2016-08-02T16:38:44+00:00","mainEntityOfPage":{"@id":"https:\/\/blogdoprosperi.com\/?p=18551"},"wordCount":513,"commentCount":2,"publisher":{"@id":"https:\/\/blogdoprosperi.com\/#\/schema\/person\/38100755ce3601861ee4fab9b5aa78e9"},"image":{"@id":"https:\/\/blogdoprosperi.com\/?p=18551#primaryimage"},"thumbnailUrl":"https:\/\/blogdoprosperi.com\/wp-content\/uploads\/2016\/08\/ricardo-saibun-santos-fc.jpg","keywords":["Chelsea","Dorival J\u00fanior","futebol","Gabigol","Inter de Mil\u00e3o","Kia Joorabichian","Olimp\u00edada do Rio","PSG","SantosFC","Sele\u00e7\u00e3o Ol\u00edmpica","Thiago Maia","Zeca"],"articleSection":["Campeonato Brasileiro","futebol","Olimp\u00edada do Rio"],"inLanguage":"pt-BR","potentialAction":[{"@type":"CommentAction","name":"Comment","target":["https:\/\/blogdoprosperi.com\/?p=18551#respond"]}]},{"@type":"WebPage","@id":"https:\/\/blogdoprosperi.com\/?p=18551","url":"https:\/\/blogdoprosperi.com\/?p=18551","name":"Santos em ebuli\u00e7\u00e3o pode perder Gabigol, Thiago Maia e Zeca at\u00e9 o fim da Olimp\u00edada do Rio - PR\u00d3SPERI NEWS","isPartOf":{"@id":"https:\/\/blogdoprosperi.com\/#website"},"primaryImageOfPage":{"@id":"https:\/\/blogdoprosperi.com\/?p=18551#primaryimage"},"image":{"@id":"https:\/\/blogdoprosperi.com\/?p=18551#primaryimage"},"thumbnailUrl":"https:\/\/blogdoprosperi.com\/wp-content\/uploads\/2016\/08\/ricardo-saibun-santos-fc.jpg","datePublished":"2016-08-02T16:35:56+00:00","dateModified":"2016-08-02T16:38:44+00:00","breadcrumb":{"@id":"https:\/\/blogdoprosperi.com\/?p=18551#breadcrumb"},"inLanguage":"pt-BR","potentialAction":[{"@type":"ReadAction","target":["https:\/\/blogdoprosperi.com\/?p=18551"]}]},{"@type":"ImageObject","inLanguage":"pt-BR","@id":"https:\/\/blogdoprosperi.com\/?p=18551#primaryimage","url":"https:\/\/i0.wp.com\/blogdoprosperi.com\/wp-content\/uploads\/2016\/08\/ricardo-saibun-santos-fc.jpg?fit=800%2C445&ssl=1","contentUrl":"https:\/\/i0.wp.com\/blogdoprosperi.com\/wp-content\/uploads\/2016\/08\/ricardo-saibun-santos-fc.jpg?fit=800%2C445&ssl=1","width":800,"height":445},{"@type":"BreadcrumbList","@id":"https:\/\/blogdoprosperi.com\/?p=18551#breadcrumb","itemListElement":[{"@type":"ListItem","position":1,"name":"In\u00edcio","item":"https:\/\/blogdoprosperi.com\/"},{"@type":"ListItem","position":2,"name":"Santos em ebuli\u00e7\u00e3o pode perder Gabigol, Thiago Maia e Zeca at\u00e9 o fim da Olimp\u00edada do Rio"}]},{"@type":"WebSite","@id":"https:\/\/blogdoprosperi.com\/#website","url":"https:\/\/blogdoprosperi.com\/","name":"PR\u00d3SPERI NEWS","description":"TUDO \u00c9  FUTEBOL","publisher":{"@id":"https:\/\/blogdoprosperi.com\/#\/schema\/person\/38100755ce3601861ee4fab9b5aa78e9"},"alternateName":"blogdoprosperi.com","potentialAction":[{"@type":"SearchAction","target":{"@type":"EntryPoint","urlTemplate":"https:\/\/blogdoprosperi.com\/?s={search_term_string}"},"query-input":{"@type":"PropertyValueSpecification","valueRequired":true,"valueName":"search_term_string"}}],"inLanguage":"pt-BR"},{"@type":["Person","Organization"],"@id":"https:\/\/blogdoprosperi.com\/#\/schema\/person\/38100755ce3601861ee4fab9b5aa78e9","name":"Luiz Ant\u00f4nio Pr\u00f3speri","pronouns":"ele","image":{"@type":"ImageObject","inLanguage":"pt-BR","@id":"https:\/\/i0.wp.com\/blogdoprosperi.com\/wp-content\/uploads\/2026\/05\/cropped-8059e613-6002-42fa-961e-8e275f575d71-2-5.jpg?fit=1360%2C931&ssl=1","url":"https:\/\/i0.wp.com\/blogdoprosperi.com\/wp-content\/uploads\/2026\/05\/cropped-8059e613-6002-42fa-961e-8e275f575d71-2-5.jpg?fit=1360%2C931&ssl=1","contentUrl":"https:\/\/i0.wp.com\/blogdoprosperi.com\/wp-content\/uploads\/2026\/05\/cropped-8059e613-6002-42fa-961e-8e275f575d71-2-5.jpg?fit=1360%2C931&ssl=1","width":1360,"height":931,"caption":"Luiz Ant\u00f4nio Pr\u00f3speri"},"logo":{"@id":"https:\/\/i0.wp.com\/blogdoprosperi.com\/wp-content\/uploads\/2026\/05\/cropped-8059e613-6002-42fa-961e-8e275f575d71-2-5.jpg?fit=1360%2C931&ssl=1"},"description":"Jornalista com carreira dedicada ao esporte. Cobriu 9 Copas do Mundo in loco, 1990 na It\u00e1lia, 1994 nos EUA, 1998 na Fran\u00e7a, 2002 na Coreia do Sul e Jap\u00e3o, 2006 na Alemanha, 2010 na \u00c1frica do Sul, 2014 no Brasil, 2018 na R\u00fassia e 2022 no Qatar. Eurocopas, 1992 na Su\u00e9cia e 1996 na Inglaterra. Copa das Confedera\u00e7\u00f5es de 2005 na Alemanha e 2009 na \u00c1frica do Sul. Rep\u00f3rter e Editor, trabalhou no Jornal da Tarde e Estad\u00e3o, de 1984 a fevereiro de 2016. Colunista, blogueiro. E comentarista de futebol na R\u00e1dio Estad\u00e3o, de 2013 a fevereiro de 2016. Jornalista respons\u00e1vel do \"Pr\u00f3speri News\" (blogdoprosperi.com).","sameAs":["http:\/\/blogdoprosperi.com","Luiz Pr\u00f3speri","@luiz_prosperi","https:\/\/x.com\/Luizprosperi","@prosperinacopa","luiz.prosperi@icloud.com"],"url":"https:\/\/blogdoprosperi.com\/?author=102107496"}]}},"jetpack_publicize_connections":[],"jetpack_likes_enabled":false,"jetpack_sharing_enabled":true,"jetpack_shortlink":"https:\/\/wp.me\/p7jvdk-4Pd","jetpack-related-posts":[{"id":18425,"url":"https:\/\/blogdoprosperi.com\/?p=18425","url_meta":{"origin":18551,"position":0},"title":"Sele\u00e7\u00e3o Brasileira Ol\u00edmpica vira um balc\u00e3o de neg\u00f3cios de jogadores","author":"Luiz Ant\u00f4nio Pr\u00f3speri","date":"1 de agosto de 2016","format":false,"excerpt":"Sele\u00e7\u00e3o Brasileira Ol\u00edmpica vai estrear na Olimp\u00edada do Rio nesta quinta-feira com muitos de seus jovens jogadores no balc\u00e3o de transfer\u00eancias aos clubes europeus. Neg\u00f3cios ultrapassam a casa dos 100 milh\u00f5es de euros (R$ 361 milh\u00f5es) e n\u00e3o ser\u00e3o conclu\u00eddos ainda nesta semana. O Brasil vai correr atr\u00e1s da medalha\u2026","rel":"","context":"Em &quot;futebol&quot;","block_context":{"text":"futebol","link":"https:\/\/blogdoprosperi.com\/?cat=53870"},"img":{"alt_text":"","src":"https:\/\/i0.wp.com\/blogdoprosperi.com\/wp-content\/uploads\/2016\/08\/rodriocaio.jpg?resize=350%2C200&ssl=1","width":350,"height":200,"srcset":"https:\/\/i0.wp.com\/blogdoprosperi.com\/wp-content\/uploads\/2016\/08\/rodriocaio.jpg?resize=350%2C200&ssl=1 1x, https:\/\/i0.wp.com\/blogdoprosperi.com\/wp-content\/uploads\/2016\/08\/rodriocaio.jpg?resize=525%2C300&ssl=1 1.5x"},"classes":[]},{"id":23173,"url":"https:\/\/blogdoprosperi.com\/?p=23173","url_meta":{"origin":18551,"position":1},"title":"Santos perde f\u00f4lego no Brasileir\u00e3o na despedida de Gabigol","author":"Luiz Ant\u00f4nio Pr\u00f3speri","date":"28 de agosto de 2016","format":false,"excerpt":"\u00a0 Santos come\u00e7a a colher suas tempestades no Campeonato Brasileiro. No momento de mostrar for\u00e7a, como no longo per\u00edodo em que ficou sem seus tr\u00eas jogadores a servi\u00e7o da Sele\u00e7\u00e3o Ol\u00edmpica, padece. Ao perder do Figueirense por 1 a 0 neste domingo (28\/8), emendou derrotas a times que brigam contra\u2026","rel":"","context":"Em &quot;Campeonato Brasileiro&quot;","block_context":{"text":"Campeonato Brasileiro","link":"https:\/\/blogdoprosperi.com\/?cat=355071"},"img":{"alt_text":"","src":"https:\/\/i0.wp.com\/blogdoprosperi.com\/wp-content\/uploads\/2016\/08\/0sj951qqo3tha5i9hcvt0xzcu.jpg?resize=350%2C200&ssl=1","width":350,"height":200,"srcset":"https:\/\/i0.wp.com\/blogdoprosperi.com\/wp-content\/uploads\/2016\/08\/0sj951qqo3tha5i9hcvt0xzcu.jpg?resize=350%2C200&ssl=1 1x, https:\/\/i0.wp.com\/blogdoprosperi.com\/wp-content\/uploads\/2016\/08\/0sj951qqo3tha5i9hcvt0xzcu.jpg?resize=525%2C300&ssl=1 1.5x, https:\/\/i0.wp.com\/blogdoprosperi.com\/wp-content\/uploads\/2016\/08\/0sj951qqo3tha5i9hcvt0xzcu.jpg?resize=700%2C400&ssl=1 2x"},"classes":[]},{"id":17962,"url":"https:\/\/blogdoprosperi.com\/?p=17962","url_meta":{"origin":18551,"position":2},"title":"Sele\u00e7\u00e3o Ol\u00edmpica encanta no primeiro tempo e sai da \u00f3rbita de Neymar","author":"Luiz Ant\u00f4nio Pr\u00f3speri","date":"30 de julho de 2016","format":false,"excerpt":"Sele\u00e7\u00e3o Ol\u00edmpica criou ilus\u00e3o apenas no primeiro tempo do amistoso contra o Jap\u00e3o neste s\u00e1bado. Em alguns momentos emitiu sinais de que a alegria do futebol brasileiro havia voltado. Muito ofensiva, encaixou dois gols, carimbou o travess\u00e3o por duas vezes e encantoou os japoneses. Obra de um jogo coletivo imbu\u00eddo\u2026","rel":"","context":"Em &quot;futebol&quot;","block_context":{"text":"futebol","link":"https:\/\/blogdoprosperi.com\/?cat=53870"},"img":{"alt_text":"","src":"https:\/\/i0.wp.com\/blogdoprosperi.com\/wp-content\/uploads\/2016\/07\/agi20160730008.jpg?resize=350%2C200&ssl=1","width":350,"height":200,"srcset":"https:\/\/i0.wp.com\/blogdoprosperi.com\/wp-content\/uploads\/2016\/07\/agi20160730008.jpg?resize=350%2C200&ssl=1 1x, https:\/\/i0.wp.com\/blogdoprosperi.com\/wp-content\/uploads\/2016\/07\/agi20160730008.jpg?resize=525%2C300&ssl=1 1.5x"},"classes":[]},{"id":16000,"url":"https:\/\/blogdoprosperi.com\/?p=16000","url_meta":{"origin":18551,"position":3},"title":"Clubes europeus atrapalham sele\u00e7\u00e3o brasileira ol\u00edmpica","author":"Luiz Ant\u00f4nio Pr\u00f3speri","date":"14 de julho de 2016","format":false,"excerpt":"Gabriel Jesus, Gabigol, Rodrigo Caio e Marquinhos t\u00eam propostas para trocar de clubes e negocia\u00e7\u00f5es podem se arrastar at\u00e9 Olimp\u00edada do Rio","rel":"","context":"Em &quot;futebol&quot;","block_context":{"text":"futebol","link":"https:\/\/blogdoprosperi.com\/?cat=53870"},"img":{"alt_text":"","src":"https:\/\/i0.wp.com\/blogdoprosperi.com\/wp-content\/uploads\/2016\/07\/selecao-brasileira-gabriel-jesus-480-fifa-divulgacao-1.jpg?resize=350%2C200","width":350,"height":200,"srcset":"https:\/\/i0.wp.com\/blogdoprosperi.com\/wp-content\/uploads\/2016\/07\/selecao-brasileira-gabriel-jesus-480-fifa-divulgacao-1.jpg?resize=350%2C200 1x, https:\/\/i0.wp.com\/blogdoprosperi.com\/wp-content\/uploads\/2016\/07\/selecao-brasileira-gabriel-jesus-480-fifa-divulgacao-1.jpg?resize=525%2C300 1.5x"},"classes":[]},{"id":19748,"url":"https:\/\/blogdoprosperi.com\/?p=19748","url_meta":{"origin":18551,"position":4},"title":"Sele\u00e7\u00e3o Ol\u00edmpica s\u00f3 faz aumentar decep\u00e7\u00e3o da torcida e coloca em xeque futuro de uma gera\u00e7\u00e3o promissora","author":"Luiz Ant\u00f4nio Pr\u00f3speri","date":"8 de agosto de 2016","format":false,"excerpt":"Torcedores se manifestam contra outra exibi\u00e7\u00e3o fraca do time de meninos do Brasil e gostariam de trocar Neymar por Marta da sele\u00e7\u00e3o das meninas Sele\u00e7\u00e3o Ol\u00edmpica sai vaiada pela segunda vez consecutiva nos Jogos do Rio. Mais que n\u00e3o fazer um gol em duas partidas, o Brasil perdeu a identidade\u2026","rel":"","context":"Em &quot;futebol&quot;","block_context":{"text":"futebol","link":"https:\/\/blogdoprosperi.com\/?cat=53870"},"img":{"alt_text":"","src":"https:\/\/i0.wp.com\/blogdoprosperi.com\/wp-content\/uploads\/2016\/08\/marta-selecao-brasileira-1.jpg?resize=350%2C200&ssl=1","width":350,"height":200,"srcset":"https:\/\/i0.wp.com\/blogdoprosperi.com\/wp-content\/uploads\/2016\/08\/marta-selecao-brasileira-1.jpg?resize=350%2C200&ssl=1 1x, https:\/\/i0.wp.com\/blogdoprosperi.com\/wp-content\/uploads\/2016\/08\/marta-selecao-brasileira-1.jpg?resize=525%2C300&ssl=1 1.5x"},"classes":[]},{"id":20749,"url":"https:\/\/blogdoprosperi.com\/?p=20749","url_meta":{"origin":18551,"position":5},"title":"Neymar apanha, provoca e leva Brasil \u00e0 semifinal da Olimp\u00edada do Rio","author":"Luiz Ant\u00f4nio Pr\u00f3speri","date":"14 de agosto de 2016","format":false,"excerpt":"Brasil exorcizou seus dem\u00f4nios contra a irrequieta Col\u00f4mbia e carimbou sua passagem \u00e0s semifinais do torneio de futebol masculino nos Jogos do Rio. Muito da vit\u00f3ria por 2 a 0, neste s\u00e1bado (13\/8), passou pelos p\u00e9s e cabe\u00e7a de Neymar, v\u00edtima preferida dos colombianos com um hist\u00f3rico ruim ao craque\u2026","rel":"","context":"Em &quot;futebol&quot;","block_context":{"text":"futebol","link":"https:\/\/blogdoprosperi.com\/?cat=53870"},"img":{"alt_text":"","src":"https:\/\/i0.wp.com\/blogdoprosperi.com\/wp-content\/uploads\/2016\/08\/pro4-13.jpg?resize=350%2C200","width":350,"height":200,"srcset":"https:\/\/i0.wp.com\/blogdoprosperi.com\/wp-content\/uploads\/2016\/08\/pro4-13.jpg?resize=350%2C200 1x, https:\/\/i0.wp.com\/blogdoprosperi.com\/wp-content\/uploads\/2016\/08\/pro4-13.jpg?resize=525%2C300 1.5x, https:\/\/i0.wp.com\/blogdoprosperi.com\/wp-content\/uploads\/2016\/08\/pro4-13.jpg?resize=700%2C400 2x, https:\/\/i0.wp.com\/blogdoprosperi.com\/wp-content\/uploads\/2016\/08\/pro4-13.jpg?resize=1050%2C600 3x, https:\/\/i0.wp.com\/blogdoprosperi.com\/wp-content\/uploads\/2016\/08\/pro4-13.jpg?resize=1400%2C800 4x"},"classes":[]}],"jetpack_featured_media_url":"","_links":{"self":[{"href":"https:\/\/blogdoprosperi.com\/index.php?rest_route=\/wp\/v2\/posts\/18551","targetHints":{"allow":["GET"]}}],"collection":[{"href":"https:\/\/blogdoprosperi.com\/index.php?rest_route=\/wp\/v2\/posts"}],"about":[{"href":"https:\/\/blogdoprosperi.com\/index.php?rest_route=\/wp\/v2\/types\/post"}],"author":[{"embeddable":true,"href":"https:\/\/blogdoprosperi.com\/index.php?rest_route=\/wp\/v2\/users\/102107496"}],"replies":[{"embeddable":true,"href":"https:\/\/blogdoprosperi.com\/index.php?rest_route=%2Fwp%2Fv2%2Fcomments&post=18551"}],"version-history":[{"count":25,"href":"https:\/\/blogdoprosperi.com\/index.php?rest_route=\/wp\/v2\/posts\/18551\/revisions"}],"predecessor-version":[{"id":18610,"href":"https:\/\/blogdoprosperi.com\/index.php?rest_route=\/wp\/v2\/posts\/18551\/revisions\/18610"}],"wp:attachment":[{"href":"https:\/\/blogdoprosperi.com\/index.php?rest_route=%2Fwp%2Fv2%2Fmedia&parent=18551"}],"wp:term":[{"taxonomy":"category","embeddable":true,"href":"https:\/\/blogdoprosperi.com\/index.php?rest_route=%2Fwp%2Fv2%2Fcategories&post=18551"},{"taxonomy":"post_tag","embeddable":true,"href":"https:\/\/blogdoprosperi.com\/index.php?rest_route=%2Fwp%2Fv2%2Ftags&post=18551"}],"curies":[{"name":"wp","href":"https:\/\/api.w.org\/{rel}","templated":true}]}}