{"id":1857,"date":"2016-04-20T21:55:58","date_gmt":"2016-04-20T21:55:58","guid":{"rendered":"https:\/\/blogdoprosperi.com\/?p=1857"},"modified":"2016-04-21T00:31:04","modified_gmt":"2016-04-21T00:31:04","slug":"cesar-cielo-esta-fora-da-olimpiada-do-rio-e-pede-desculpas","status":"publish","type":"post","link":"https:\/\/blogdoprosperi.com\/?p=1857","title":{"rendered":"Cesar Cielo est\u00e1 fora da Olimp\u00edada do Rio e pede desculpas"},"content":{"rendered":"<p>&nbsp;<\/p>\n<figure id=\"attachment_1901\" aria-describedby=\"caption-attachment-1901\" style=\"width: 620px\" class=\"wp-caption alignnone\"><img data-recalc-dims=\"1\" loading=\"lazy\" decoding=\"async\" data-attachment-id=\"1901\" data-permalink=\"https:\/\/blogdoprosperi.com\/?attachment_id=1901\" data-orig-file=\"https:\/\/i0.wp.com\/blogdoprosperi.com\/wp-content\/uploads\/2016\/04\/cesarcielo_brunofratus_satirosodre_sspress.jpg?fit=620%2C349&amp;ssl=1\" data-orig-size=\"620,349\" data-comments-opened=\"1\" data-image-meta=\"{&quot;aperture&quot;:&quot;0&quot;,&quot;credit&quot;:&quot;&quot;,&quot;camera&quot;:&quot;&quot;,&quot;caption&quot;:&quot;&quot;,&quot;created_timestamp&quot;:&quot;0&quot;,&quot;copyright&quot;:&quot;&quot;,&quot;focal_length&quot;:&quot;0&quot;,&quot;iso&quot;:&quot;0&quot;,&quot;shutter_speed&quot;:&quot;0&quot;,&quot;title&quot;:&quot;&quot;,&quot;orientation&quot;:&quot;0&quot;}\" data-image-title=\"cesarcielo_brunofratus_satirosodre_sspress\" data-image-description=\"\" data-image-caption=\"\" data-large-file=\"https:\/\/i0.wp.com\/blogdoprosperi.com\/wp-content\/uploads\/2016\/04\/cesarcielo_brunofratus_satirosodre_sspress.jpg?fit=620%2C349&amp;ssl=1\" class=\"alignnone size-full wp-image-1901\" src=\"https:\/\/i0.wp.com\/blogdoprosperi.com\/wp-content\/uploads\/2016\/04\/cesarcielo_brunofratus_satirosodre_sspress.jpg?resize=620%2C349&#038;ssl=1\" alt=\"cesarcielo_brunofratus_satirosodre_sspress\" width=\"620\" height=\"349\" \/><figcaption id=\"caption-attachment-1901\" class=\"wp-caption-text\">Bruno Fratus consola Cielo ao final da prova dos 50 m<\/figcaption><\/figure>\n<p>Com perd\u00e3o dos leitores deste blog exclusivo de futebol, registro aqui a bomba desta quarta-feira, 20\/4, nos esportes ol\u00edmpicos. A not\u00edcia n\u00e3o \u00e9 boa. O campe\u00e3o Cesar Cielo n\u00e3o conseguiu \u00edndice para nadar na Olimp\u00edada do Rio, de 5 a 21 de agosto. O Brasil perde uma de suas maiores esperan\u00e7as de medalha de ouro na nata\u00e7\u00e3o. Cielo pode at\u00e9 abandonar a nata\u00e7\u00e3o.<\/p>\n<p>&#8220;Dei toda a minha vida (<em>para garantir a vaga<\/em>), levei minha fam\u00edlia para os Estados Unidos. Todo o processo da luz (<em>queda de energia antes da prova<\/em>), n\u00e3o \u00e9 desculpa&#8230; O Brasil est\u00e1 bem. Eu, da minha parte, vou pedir desculpas para voc\u00eas, realmente fiquei muito aqu\u00e9m do que sei fazer. Tive um ano dif\u00edcil no ano passado, n\u00e3o nadei bem hoje. Bola para frente. O Brasil vai bem.\u00a0Desculpa pai, desculpa m\u00e3e, mas hoje n\u00e3o deu&#8221;, disse Cielo, com l\u00e1grimas derramadas, ao sair da piscina no complexo aqu\u00e1tico dos Jogos Ol\u00edmpicos no Rio, em prova do Torneio Maria Lenk seletiva \u00e0 Olimp\u00edada.<\/p>\n<p>Cielo nadava por uma vaga nos 50 m livre &#8211; ele havia desistido de disputar nos 100 m livre &#8211; e foi superado por Bruno Fratus e \u00cdtalo Manzini. Cielo cravou o tempo de 21s91, Fratus fez 21s74 e \u00cdtalo, 21s82.<\/p>\n<p>Medalha de ouro nos 50 m e bronze nos 100 m na Olimp\u00edada de 2008 em Pequim, Cesar Cielo foi bronze nos 50 m nos Jogos de Londres de 2012 e det\u00e9m os recordes mundiais dos 50 m e 100 m, marcas de 2009. \u00c9 tricampe\u00e3o mundial com as conquistas em Roma 2009, Xangai 2011 e Barcelona 2013.<\/p>\n<p>Em 2011, caiu no exame anti-doping por uso de furosemida, diur\u00e9tico vetado pela Ag\u00eancia Mundial Anti-Doping e recebe apenas uma advert\u00eancia da Confedera\u00e7\u00e3o Brasileira de Desportos Aqu\u00e1ticos (CBDA).<\/p>\n<p>Na temporada passada, em 2015, desistiu de disputar o Pan-Americano de Toronto para se recuperar de uma les\u00e3o no ombro que o tirou do Mundial de Kazan, em agosto, na R\u00fassia. Voltou a morar nos Estados Unidos e a se preparar com o treinador que o levou a conquistar o ouro em Pequim 2008. N\u00e3o deu certo.<\/p>\n<figure id=\"attachment_1911\" aria-describedby=\"caption-attachment-1911\" style=\"width: 700px\" class=\"wp-caption alignnone\"><img data-recalc-dims=\"1\" loading=\"lazy\" decoding=\"async\" data-attachment-id=\"1911\" data-permalink=\"https:\/\/blogdoprosperi.com\/?attachment_id=1911\" data-orig-file=\"https:\/\/i0.wp.com\/blogdoprosperi.com\/wp-content\/uploads\/2016\/04\/cielo-trofeu-maria-lenk-rio-2016.jpg?fit=700%2C465&amp;ssl=1\" data-orig-size=\"700,465\" data-comments-opened=\"1\" data-image-meta=\"{&quot;aperture&quot;:&quot;4&quot;,&quot;credit&quot;:&quot;WWW.ALEXFERRO.COM.BR&quot;,&quot;camera&quot;:&quot;NIKON D4&quot;,&quot;caption&quot;:&quot;18\/04\/2016.Evento-Teste.Nata\\u00e7\\u00e3o.Parque Ol\\u00edmpico. Barra da Tijeuca. BRASIL.&quot;,&quot;created_timestamp&quot;:&quot;1460972539&quot;,&quot;copyright&quot;:&quot;Rio 2016 \/ Alex Ferro.&quot;,&quot;focal_length&quot;:&quot;600&quot;,&quot;iso&quot;:&quot;1000&quot;,&quot;shutter_speed&quot;:&quot;0.001&quot;,&quot;title&quot;:&quot;18\/04\/2016.Evento-Teste.Nata\\u00e7\\u00e3o.PO&quot;,&quot;orientation&quot;:&quot;0&quot;}\" data-image-title=\"18\/04\/2016.Evento-Teste.Nata\u00e7\u00e3o.PO\" data-image-description=\"\" data-image-caption=\"&lt;p&gt;18\/04\/2016.Evento-Teste.Nata\u00e7\u00e3o.Parque Ol\u00edmpico. Barra da Tijeuca. BRASIL.&lt;\/p&gt;\n\" data-large-file=\"https:\/\/i0.wp.com\/blogdoprosperi.com\/wp-content\/uploads\/2016\/04\/cielo-trofeu-maria-lenk-rio-2016.jpg?fit=700%2C465&amp;ssl=1\" class=\"alignnone size-full wp-image-1911\" src=\"https:\/\/i0.wp.com\/blogdoprosperi.com\/wp-content\/uploads\/2016\/04\/cielo-trofeu-maria-lenk-rio-2016.jpg?resize=700%2C465&#038;ssl=1\" alt=\"18\/04\/2016.Evento-Teste.Nata\u00e7\u00e3o.PO\" width=\"700\" height=\"465\" \/><figcaption id=\"caption-attachment-1911\" class=\"wp-caption-text\">Frustrado, Cielo confere seu tempo nos 50 m que o deixa fora da Olimp\u00edada<\/figcaption><\/figure>\n<p>Dif\u00edcil apontar onde Cielo errou, se \u00e9 que cometeu algum erro. O fato \u00e9 que um campe\u00e3o da sua envergadura deveria ter recebido mais aten\u00e7\u00e3o da CBDA. N\u00e3o se joga no fundo da piscina medalhas de um campe\u00e3o.<\/p>\n<p>&#8220;Eu perdi pra mim mesmo. Sei que dava para nadar bem abaixo dessa marca (21s91). N\u00e3o foi uma surpresa pra mim, ano passado nadei muito mal. \u00c9 isso a\u00ed, vem a nova gera\u00e7\u00e3o e vamos torcer por eles, o \u00cdtalo, o nosso ligeirinho&#8221;, disse Cielo, ap\u00f3s a cerim\u00f4nia do p\u00f3dio no Maria Lenk &#8211; ele ficou em terceiro na prova dos 50 m, ao SporTV.<\/p>\n<p>N\u00e3o ser\u00e1 surpresa se Cesar Cielo abandonar a carreira com a frustra\u00e7\u00e3o de n\u00e3o poder disputar a Olimp\u00edada do Rio-2016.<\/p>\n<p>&nbsp;<\/p>\n<p>&nbsp;<\/p>\n<p>&nbsp;<\/p>\n<p>&nbsp;<\/p>\n<p>&nbsp;<\/p>\n<p>&nbsp;<\/p>\n","protected":false},"excerpt":{"rendered":"<p>&nbsp; Com perd\u00e3o dos leitores deste blog exclusivo de futebol, registro aqui a bomba desta quarta-feira, 20\/4, nos [&hellip;]<\/p>\n","protected":false},"author":102107496,"featured_media":0,"comment_status":"open","ping_status":"open","sticky":false,"template":"","format":"standard","meta":{"_coblocks_attr":"","_coblocks_dimensions":"","_coblocks_responsive_height":"","_coblocks_accordion_ie_support":"","_jetpack_newsletter_access":"","_jetpack_dont_email_post_to_subs":false,"_jetpack_newsletter_tier_id":0,"_jetpack_memberships_contains_paywalled_content":false,"_wpcom_ai_launchpad_first_post":false,"_jetpack_feature_clip_id":0,"_jetpack_memberships_contains_paid_content":false,"footnotes":"","jetpack_publicize_message":"","jetpack_publicize_feature_enabled":true,"jetpack_social_post_already_shared":false,"jetpack_social_options":{"image_generator_settings":{"template":"highway","default_image_id":0,"font":"","enabled":false},"version":2},"jetpack_post_was_ever_published":false},"categories":[5078],"tags":[55903159,9652134,65496,57720,192540322,35007256],"class_list":["post-1857","post","type-post","status-publish","format-standard","hentry","category-sem-categoria","tag-bruno-fratus","tag-cesar-cielo","tag-jogos-olimpicos","tag-natacao","tag-olimpiada-do-rio-2016","tag-trofeu-maria-lenk"],"yoast_head":"<!-- This site is optimized with the Yoast SEO plugin v28.3 - https:\/\/yoast.com\/product\/yoast-seo-wordpress\/ -->\n<title>Cesar Cielo est\u00e1 fora da Olimp\u00edada do Rio e pede desculpas - PR\u00d3SPERI NEWS<\/title>\n<meta name=\"robots\" content=\"index, follow, max-snippet:-1, max-image-preview:large, max-video-preview:-1\" \/>\n<link rel=\"canonical\" href=\"https:\/\/blogdoprosperi.com\/?p=1857\" \/>\n<meta property=\"og:locale\" content=\"pt_BR\" \/>\n<meta property=\"og:type\" content=\"article\" \/>\n<meta property=\"og:title\" content=\"Cesar Cielo est\u00e1 fora da Olimp\u00edada do Rio e pede desculpas - PR\u00d3SPERI NEWS\" \/>\n<meta property=\"og:description\" content=\"&nbsp; Com perd\u00e3o dos leitores deste blog exclusivo de futebol, registro aqui a bomba desta quarta-feira, 20\/4, nos [&hellip;]\" \/>\n<meta property=\"og:url\" content=\"https:\/\/blogdoprosperi.com\/?p=1857\" \/>\n<meta property=\"og:site_name\" content=\"PR\u00d3SPERI NEWS\" \/>\n<meta property=\"article:publisher\" content=\"Luiz Pr\u00f3speri\" \/>\n<meta property=\"article:author\" content=\"Luiz Pr\u00f3speri\" \/>\n<meta property=\"article:published_time\" content=\"2016-04-20T21:55:58+00:00\" \/>\n<meta property=\"article:modified_time\" content=\"2016-04-21T00:31:04+00:00\" \/>\n<meta property=\"og:image\" content=\"https:\/\/blogdoprosperi.com\/wp-content\/uploads\/2016\/04\/cesarcielo_brunofratus_satirosodre_sspress.jpg\" \/>\n<meta name=\"author\" content=\"Luiz Ant\u00f4nio Pr\u00f3speri\" \/>\n<meta name=\"twitter:card\" content=\"summary_large_image\" \/>\n<meta name=\"twitter:creator\" content=\"@Luizprosperi\" \/>\n<meta name=\"twitter:site\" content=\"@Luizprosperi\" \/>\n<meta name=\"twitter:label1\" content=\"Escrito por\" \/>\n\t<meta name=\"twitter:data1\" content=\"Luiz Ant\u00f4nio Pr\u00f3speri\" \/>\n\t<meta name=\"twitter:label2\" content=\"Est. tempo de leitura\" \/>\n\t<meta name=\"twitter:data2\" content=\"3 minutos\" \/>\n<script type=\"application\/ld+json\" class=\"yoast-schema-graph\">{\"@context\":\"https:\\\/\\\/schema.org\",\"@graph\":[{\"@type\":\"Article\",\"@id\":\"https:\\\/\\\/blogdoprosperi.com\\\/?p=1857#article\",\"isPartOf\":{\"@id\":\"https:\\\/\\\/blogdoprosperi.com\\\/?p=1857\"},\"author\":{\"name\":\"Luiz Ant\u00f4nio Pr\u00f3speri\",\"@id\":\"https:\\\/\\\/blogdoprosperi.com\\\/#\\\/schema\\\/person\\\/38100755ce3601861ee4fab9b5aa78e9\"},\"headline\":\"Cesar Cielo est\u00e1 fora da Olimp\u00edada do Rio e pede desculpas\",\"datePublished\":\"2016-04-20T21:55:58+00:00\",\"dateModified\":\"2016-04-21T00:31:04+00:00\",\"mainEntityOfPage\":{\"@id\":\"https:\\\/\\\/blogdoprosperi.com\\\/?p=1857\"},\"wordCount\":550,\"commentCount\":3,\"publisher\":{\"@id\":\"https:\\\/\\\/blogdoprosperi.com\\\/#\\\/schema\\\/person\\\/38100755ce3601861ee4fab9b5aa78e9\"},\"image\":{\"@id\":\"https:\\\/\\\/blogdoprosperi.com\\\/?p=1857#primaryimage\"},\"thumbnailUrl\":\"https:\\\/\\\/blogdoprosperi.com\\\/wp-content\\\/uploads\\\/2016\\\/04\\\/cesarcielo_brunofratus_satirosodre_sspress.jpg\",\"keywords\":[\"Bruno Fratus\",\"Cesar Cielo\",\"Jogos Ol\u00edmpicos\",\"Nata\u00e7\u00e3o\",\"Olimp\u00edada do Rio-2016\",\"Trof\u00e9u Maria Lenk\"],\"inLanguage\":\"pt-BR\",\"potentialAction\":[{\"@type\":\"CommentAction\",\"name\":\"Comment\",\"target\":[\"https:\\\/\\\/blogdoprosperi.com\\\/?p=1857#respond\"]}]},{\"@type\":\"WebPage\",\"@id\":\"https:\\\/\\\/blogdoprosperi.com\\\/?p=1857\",\"url\":\"https:\\\/\\\/blogdoprosperi.com\\\/?p=1857\",\"name\":\"Cesar Cielo est\u00e1 fora da Olimp\u00edada do Rio e pede desculpas - PR\u00d3SPERI NEWS\",\"isPartOf\":{\"@id\":\"https:\\\/\\\/blogdoprosperi.com\\\/#website\"},\"primaryImageOfPage\":{\"@id\":\"https:\\\/\\\/blogdoprosperi.com\\\/?p=1857#primaryimage\"},\"image\":{\"@id\":\"https:\\\/\\\/blogdoprosperi.com\\\/?p=1857#primaryimage\"},\"thumbnailUrl\":\"https:\\\/\\\/blogdoprosperi.com\\\/wp-content\\\/uploads\\\/2016\\\/04\\\/cesarcielo_brunofratus_satirosodre_sspress.jpg\",\"datePublished\":\"2016-04-20T21:55:58+00:00\",\"dateModified\":\"2016-04-21T00:31:04+00:00\",\"breadcrumb\":{\"@id\":\"https:\\\/\\\/blogdoprosperi.com\\\/?p=1857#breadcrumb\"},\"inLanguage\":\"pt-BR\",\"potentialAction\":[{\"@type\":\"ReadAction\",\"target\":[\"https:\\\/\\\/blogdoprosperi.com\\\/?p=1857\"]}]},{\"@type\":\"ImageObject\",\"inLanguage\":\"pt-BR\",\"@id\":\"https:\\\/\\\/blogdoprosperi.com\\\/?p=1857#primaryimage\",\"url\":\"https:\\\/\\\/i0.wp.com\\\/blogdoprosperi.com\\\/wp-content\\\/uploads\\\/2016\\\/04\\\/cesarcielo_brunofratus_satirosodre_sspress.jpg?fit=620%2C349&ssl=1\",\"contentUrl\":\"https:\\\/\\\/i0.wp.com\\\/blogdoprosperi.com\\\/wp-content\\\/uploads\\\/2016\\\/04\\\/cesarcielo_brunofratus_satirosodre_sspress.jpg?fit=620%2C349&ssl=1\",\"width\":620,\"height\":349},{\"@type\":\"BreadcrumbList\",\"@id\":\"https:\\\/\\\/blogdoprosperi.com\\\/?p=1857#breadcrumb\",\"itemListElement\":[{\"@type\":\"ListItem\",\"position\":1,\"name\":\"In\u00edcio\",\"item\":\"https:\\\/\\\/blogdoprosperi.com\\\/\"},{\"@type\":\"ListItem\",\"position\":2,\"name\":\"Cesar Cielo est\u00e1 fora da Olimp\u00edada do Rio e pede desculpas\"}]},{\"@type\":\"WebSite\",\"@id\":\"https:\\\/\\\/blogdoprosperi.com\\\/#website\",\"url\":\"https:\\\/\\\/blogdoprosperi.com\\\/\",\"name\":\"PR\u00d3SPERI NEWS\",\"description\":\"TUDO \u00c9  FUTEBOL\",\"publisher\":{\"@id\":\"https:\\\/\\\/blogdoprosperi.com\\\/#\\\/schema\\\/person\\\/38100755ce3601861ee4fab9b5aa78e9\"},\"alternateName\":\"blogdoprosperi.com\",\"potentialAction\":[{\"@type\":\"SearchAction\",\"target\":{\"@type\":\"EntryPoint\",\"urlTemplate\":\"https:\\\/\\\/blogdoprosperi.com\\\/?s={search_term_string}\"},\"query-input\":{\"@type\":\"PropertyValueSpecification\",\"valueRequired\":true,\"valueName\":\"search_term_string\"}}],\"inLanguage\":\"pt-BR\"},{\"@type\":[\"Person\",\"Organization\"],\"@id\":\"https:\\\/\\\/blogdoprosperi.com\\\/#\\\/schema\\\/person\\\/38100755ce3601861ee4fab9b5aa78e9\",\"name\":\"Luiz Ant\u00f4nio Pr\u00f3speri\",\"pronouns\":\"ele\",\"image\":{\"@type\":\"ImageObject\",\"inLanguage\":\"pt-BR\",\"@id\":\"https:\\\/\\\/i0.wp.com\\\/blogdoprosperi.com\\\/wp-content\\\/uploads\\\/2026\\\/05\\\/cropped-8059e613-6002-42fa-961e-8e275f575d71-2-5.jpg?fit=1360%2C931&ssl=1\",\"url\":\"https:\\\/\\\/i0.wp.com\\\/blogdoprosperi.com\\\/wp-content\\\/uploads\\\/2026\\\/05\\\/cropped-8059e613-6002-42fa-961e-8e275f575d71-2-5.jpg?fit=1360%2C931&ssl=1\",\"contentUrl\":\"https:\\\/\\\/i0.wp.com\\\/blogdoprosperi.com\\\/wp-content\\\/uploads\\\/2026\\\/05\\\/cropped-8059e613-6002-42fa-961e-8e275f575d71-2-5.jpg?fit=1360%2C931&ssl=1\",\"width\":1360,\"height\":931,\"caption\":\"Luiz Ant\u00f4nio Pr\u00f3speri\"},\"logo\":{\"@id\":\"https:\\\/\\\/i0.wp.com\\\/blogdoprosperi.com\\\/wp-content\\\/uploads\\\/2026\\\/05\\\/cropped-8059e613-6002-42fa-961e-8e275f575d71-2-5.jpg?fit=1360%2C931&ssl=1\"},\"description\":\"Jornalista com carreira dedicada ao esporte. Cobriu 9 Copas do Mundo in loco, 1990 na It\u00e1lia, 1994 nos EUA, 1998 na Fran\u00e7a, 2002 na Coreia do Sul e Jap\u00e3o, 2006 na Alemanha, 2010 na \u00c1frica do Sul, 2014 no Brasil, 2018 na R\u00fassia e 2022 no Qatar. Eurocopas, 1992 na Su\u00e9cia e 1996 na Inglaterra. Copa das Confedera\u00e7\u00f5es de 2005 na Alemanha e 2009 na \u00c1frica do Sul. Rep\u00f3rter e Editor, trabalhou no Jornal da Tarde e Estad\u00e3o, de 1984 a fevereiro de 2016. Colunista, blogueiro. E comentarista de futebol na R\u00e1dio Estad\u00e3o, de 2013 a fevereiro de 2016. Jornalista respons\u00e1vel do \\\"Pr\u00f3speri News\\\" (blogdoprosperi.com).\",\"sameAs\":[\"http:\\\/\\\/blogdoprosperi.com\",\"Luiz Pr\u00f3speri\",\"@luiz_prosperi\",\"https:\\\/\\\/x.com\\\/Luizprosperi\",\"@prosperinacopa\",\"luiz.prosperi@icloud.com\"],\"url\":\"https:\\\/\\\/blogdoprosperi.com\\\/?author=102107496\"}]}<\/script>\n<!-- \/ Yoast SEO plugin. -->","yoast_head_json":{"title":"Cesar Cielo est\u00e1 fora da Olimp\u00edada do Rio e pede desculpas - PR\u00d3SPERI NEWS","robots":{"index":"index","follow":"follow","max-snippet":"max-snippet:-1","max-image-preview":"max-image-preview:large","max-video-preview":"max-video-preview:-1"},"canonical":"https:\/\/blogdoprosperi.com\/?p=1857","og_locale":"pt_BR","og_type":"article","og_title":"Cesar Cielo est\u00e1 fora da Olimp\u00edada do Rio e pede desculpas - PR\u00d3SPERI NEWS","og_description":"&nbsp; Com perd\u00e3o dos leitores deste blog exclusivo de futebol, registro aqui a bomba desta quarta-feira, 20\/4, nos [&hellip;]","og_url":"https:\/\/blogdoprosperi.com\/?p=1857","og_site_name":"PR\u00d3SPERI NEWS","article_publisher":"Luiz Pr\u00f3speri","article_author":"Luiz Pr\u00f3speri","article_published_time":"2016-04-20T21:55:58+00:00","article_modified_time":"2016-04-21T00:31:04+00:00","og_image":[{"url":"https:\/\/blogdoprosperi.com\/wp-content\/uploads\/2016\/04\/cesarcielo_brunofratus_satirosodre_sspress.jpg","type":"","width":"","height":""}],"author":"Luiz Ant\u00f4nio Pr\u00f3speri","twitter_card":"summary_large_image","twitter_creator":"@Luizprosperi","twitter_site":"@Luizprosperi","twitter_misc":{"Escrito por":"Luiz Ant\u00f4nio Pr\u00f3speri","Est. tempo de leitura":"3 minutos"},"schema":{"@context":"https:\/\/schema.org","@graph":[{"@type":"Article","@id":"https:\/\/blogdoprosperi.com\/?p=1857#article","isPartOf":{"@id":"https:\/\/blogdoprosperi.com\/?p=1857"},"author":{"name":"Luiz Ant\u00f4nio Pr\u00f3speri","@id":"https:\/\/blogdoprosperi.com\/#\/schema\/person\/38100755ce3601861ee4fab9b5aa78e9"},"headline":"Cesar Cielo est\u00e1 fora da Olimp\u00edada do Rio e pede desculpas","datePublished":"2016-04-20T21:55:58+00:00","dateModified":"2016-04-21T00:31:04+00:00","mainEntityOfPage":{"@id":"https:\/\/blogdoprosperi.com\/?p=1857"},"wordCount":550,"commentCount":3,"publisher":{"@id":"https:\/\/blogdoprosperi.com\/#\/schema\/person\/38100755ce3601861ee4fab9b5aa78e9"},"image":{"@id":"https:\/\/blogdoprosperi.com\/?p=1857#primaryimage"},"thumbnailUrl":"https:\/\/blogdoprosperi.com\/wp-content\/uploads\/2016\/04\/cesarcielo_brunofratus_satirosodre_sspress.jpg","keywords":["Bruno Fratus","Cesar Cielo","Jogos Ol\u00edmpicos","Nata\u00e7\u00e3o","Olimp\u00edada do Rio-2016","Trof\u00e9u Maria Lenk"],"inLanguage":"pt-BR","potentialAction":[{"@type":"CommentAction","name":"Comment","target":["https:\/\/blogdoprosperi.com\/?p=1857#respond"]}]},{"@type":"WebPage","@id":"https:\/\/blogdoprosperi.com\/?p=1857","url":"https:\/\/blogdoprosperi.com\/?p=1857","name":"Cesar Cielo est\u00e1 fora da Olimp\u00edada do Rio e pede desculpas - PR\u00d3SPERI NEWS","isPartOf":{"@id":"https:\/\/blogdoprosperi.com\/#website"},"primaryImageOfPage":{"@id":"https:\/\/blogdoprosperi.com\/?p=1857#primaryimage"},"image":{"@id":"https:\/\/blogdoprosperi.com\/?p=1857#primaryimage"},"thumbnailUrl":"https:\/\/blogdoprosperi.com\/wp-content\/uploads\/2016\/04\/cesarcielo_brunofratus_satirosodre_sspress.jpg","datePublished":"2016-04-20T21:55:58+00:00","dateModified":"2016-04-21T00:31:04+00:00","breadcrumb":{"@id":"https:\/\/blogdoprosperi.com\/?p=1857#breadcrumb"},"inLanguage":"pt-BR","potentialAction":[{"@type":"ReadAction","target":["https:\/\/blogdoprosperi.com\/?p=1857"]}]},{"@type":"ImageObject","inLanguage":"pt-BR","@id":"https:\/\/blogdoprosperi.com\/?p=1857#primaryimage","url":"https:\/\/i0.wp.com\/blogdoprosperi.com\/wp-content\/uploads\/2016\/04\/cesarcielo_brunofratus_satirosodre_sspress.jpg?fit=620%2C349&ssl=1","contentUrl":"https:\/\/i0.wp.com\/blogdoprosperi.com\/wp-content\/uploads\/2016\/04\/cesarcielo_brunofratus_satirosodre_sspress.jpg?fit=620%2C349&ssl=1","width":620,"height":349},{"@type":"BreadcrumbList","@id":"https:\/\/blogdoprosperi.com\/?p=1857#breadcrumb","itemListElement":[{"@type":"ListItem","position":1,"name":"In\u00edcio","item":"https:\/\/blogdoprosperi.com\/"},{"@type":"ListItem","position":2,"name":"Cesar Cielo est\u00e1 fora da Olimp\u00edada do Rio e pede desculpas"}]},{"@type":"WebSite","@id":"https:\/\/blogdoprosperi.com\/#website","url":"https:\/\/blogdoprosperi.com\/","name":"PR\u00d3SPERI NEWS","description":"TUDO \u00c9  FUTEBOL","publisher":{"@id":"https:\/\/blogdoprosperi.com\/#\/schema\/person\/38100755ce3601861ee4fab9b5aa78e9"},"alternateName":"blogdoprosperi.com","potentialAction":[{"@type":"SearchAction","target":{"@type":"EntryPoint","urlTemplate":"https:\/\/blogdoprosperi.com\/?s={search_term_string}"},"query-input":{"@type":"PropertyValueSpecification","valueRequired":true,"valueName":"search_term_string"}}],"inLanguage":"pt-BR"},{"@type":["Person","Organization"],"@id":"https:\/\/blogdoprosperi.com\/#\/schema\/person\/38100755ce3601861ee4fab9b5aa78e9","name":"Luiz Ant\u00f4nio Pr\u00f3speri","pronouns":"ele","image":{"@type":"ImageObject","inLanguage":"pt-BR","@id":"https:\/\/i0.wp.com\/blogdoprosperi.com\/wp-content\/uploads\/2026\/05\/cropped-8059e613-6002-42fa-961e-8e275f575d71-2-5.jpg?fit=1360%2C931&ssl=1","url":"https:\/\/i0.wp.com\/blogdoprosperi.com\/wp-content\/uploads\/2026\/05\/cropped-8059e613-6002-42fa-961e-8e275f575d71-2-5.jpg?fit=1360%2C931&ssl=1","contentUrl":"https:\/\/i0.wp.com\/blogdoprosperi.com\/wp-content\/uploads\/2026\/05\/cropped-8059e613-6002-42fa-961e-8e275f575d71-2-5.jpg?fit=1360%2C931&ssl=1","width":1360,"height":931,"caption":"Luiz Ant\u00f4nio Pr\u00f3speri"},"logo":{"@id":"https:\/\/i0.wp.com\/blogdoprosperi.com\/wp-content\/uploads\/2026\/05\/cropped-8059e613-6002-42fa-961e-8e275f575d71-2-5.jpg?fit=1360%2C931&ssl=1"},"description":"Jornalista com carreira dedicada ao esporte. Cobriu 9 Copas do Mundo in loco, 1990 na It\u00e1lia, 1994 nos EUA, 1998 na Fran\u00e7a, 2002 na Coreia do Sul e Jap\u00e3o, 2006 na Alemanha, 2010 na \u00c1frica do Sul, 2014 no Brasil, 2018 na R\u00fassia e 2022 no Qatar. Eurocopas, 1992 na Su\u00e9cia e 1996 na Inglaterra. Copa das Confedera\u00e7\u00f5es de 2005 na Alemanha e 2009 na \u00c1frica do Sul. Rep\u00f3rter e Editor, trabalhou no Jornal da Tarde e Estad\u00e3o, de 1984 a fevereiro de 2016. Colunista, blogueiro. E comentarista de futebol na R\u00e1dio Estad\u00e3o, de 2013 a fevereiro de 2016. Jornalista respons\u00e1vel do \"Pr\u00f3speri News\" (blogdoprosperi.com).","sameAs":["http:\/\/blogdoprosperi.com","Luiz Pr\u00f3speri","@luiz_prosperi","https:\/\/x.com\/Luizprosperi","@prosperinacopa","luiz.prosperi@icloud.com"],"url":"https:\/\/blogdoprosperi.com\/?author=102107496"}]}},"jetpack_publicize_connections":[],"jetpack_likes_enabled":false,"jetpack_sharing_enabled":true,"jetpack_shortlink":"https:\/\/wp.me\/p7jvdk-tX","jetpack-related-posts":[{"id":20329,"url":"https:\/\/blogdoprosperi.com\/?p=20329","url_meta":{"origin":1857,"position":0},"title":"Michael Phelps n\u00e3o existe","author":"Luiz Ant\u00f4nio Pr\u00f3speri","date":"10 de agosto de 2016","format":false,"excerpt":"Michael Phelps, 31 anos, 1,93 m, conquistou sua 21.\u00aa medalha de ouro ol\u00edmpica, a terceira nos Jogos do Rio, ao fechar a prova dos 4 x 200 livre nesta ter\u00e7a-feira (09\/8). N\u00e3o h\u00e1 limites ao mito. O nadador nasceu nos Estados Unidos, comprovam seus documentos, mas \u00e9 de outro planeta.\u2026","rel":"","context":"Em &quot;futebol&quot;","block_context":{"text":"futebol","link":"https:\/\/blogdoprosperi.com\/?cat=53870"},"img":{"alt_text":"","src":"https:\/\/i0.wp.com\/blogdoprosperi.com\/wp-content\/uploads\/2016\/08\/587855686.jpg?resize=350%2C200&ssl=1","width":350,"height":200,"srcset":"https:\/\/i0.wp.com\/blogdoprosperi.com\/wp-content\/uploads\/2016\/08\/587855686.jpg?resize=350%2C200&ssl=1 1x, https:\/\/i0.wp.com\/blogdoprosperi.com\/wp-content\/uploads\/2016\/08\/587855686.jpg?resize=525%2C300&ssl=1 1.5x, https:\/\/i0.wp.com\/blogdoprosperi.com\/wp-content\/uploads\/2016\/08\/587855686.jpg?resize=700%2C400&ssl=1 2x"},"classes":[]},{"id":22216,"url":"https:\/\/blogdoprosperi.com\/?p=22216","url_meta":{"origin":1857,"position":1},"title":"Uma Olimp\u00edada nunca acaba","author":"Luiz Ant\u00f4nio Pr\u00f3speri","date":"22 de agosto de 2016","format":false,"excerpt":"Passei as \u00faltimas sete Olimp\u00edadas dentro da reda\u00e7\u00e3o de um jornal. Da primeira, em 1988 no Jornal da Tarde, at\u00e9 2012 no Estad\u00e3o. Compartilhei o trabalho de reportagens, edi\u00e7\u00e3o e organiza\u00e7\u00e3o de grandes coberturas desses Jogos ao lado de companheiros valorosos, jornalistas de primeira grandeza. N\u00e3o raro me emocionei com\u2026","rel":"","context":"Em &quot;futebol&quot;","block_context":{"text":"futebol","link":"https:\/\/blogdoprosperi.com\/?cat=53870"},"img":{"alt_text":"","src":"https:\/\/i0.wp.com\/blogdoprosperi.com\/wp-content\/uploads\/2016\/08\/pro3-16.jpg?resize=350%2C200&ssl=1","width":350,"height":200,"srcset":"https:\/\/i0.wp.com\/blogdoprosperi.com\/wp-content\/uploads\/2016\/08\/pro3-16.jpg?resize=350%2C200&ssl=1 1x, https:\/\/i0.wp.com\/blogdoprosperi.com\/wp-content\/uploads\/2016\/08\/pro3-16.jpg?resize=525%2C300&ssl=1 1.5x, https:\/\/i0.wp.com\/blogdoprosperi.com\/wp-content\/uploads\/2016\/08\/pro3-16.jpg?resize=700%2C400&ssl=1 2x, https:\/\/i0.wp.com\/blogdoprosperi.com\/wp-content\/uploads\/2016\/08\/pro3-16.jpg?resize=1050%2C600&ssl=1 3x, https:\/\/i0.wp.com\/blogdoprosperi.com\/wp-content\/uploads\/2016\/08\/pro3-16.jpg?resize=1400%2C800&ssl=1 4x"},"classes":[]},{"id":21421,"url":"https:\/\/blogdoprosperi.com\/?p=21421","url_meta":{"origin":1857,"position":2},"title":"Sele\u00e7\u00e3o Ol\u00edmpica pressionada a salvar a honra dos esportes coletivos do Brasil nos Jogos do Rio","author":"Luiz Ant\u00f4nio Pr\u00f3speri","date":"17 de agosto de 2016","format":false,"excerpt":"Brasil favorito nos esportes coletivos esfarela na reta final dos Jogos do Rio. Uma das \u00faltimas apostas \u00e9 a sele\u00e7\u00e3o do futebol masculino, ap\u00f3s a queda do time de Marta, a derrocada do v\u00f4lei feminino, do handebol, do basquete e das incertezas com o v\u00f4lei de quadra dos rapazes. At\u00e9\u2026","rel":"","context":"Em &quot;futebol&quot;","block_context":{"text":"futebol","link":"https:\/\/blogdoprosperi.com\/?cat=53870"},"img":{"alt_text":"","src":"https:\/\/i0.wp.com\/blogdoprosperi.com\/wp-content\/uploads\/2016\/08\/joao-havelange-esq-e-ricardo-teixeira-olham-para-copa-do-mundo-1319639845195_615x300.jpg?resize=350%2C200&ssl=1","width":350,"height":200,"srcset":"https:\/\/i0.wp.com\/blogdoprosperi.com\/wp-content\/uploads\/2016\/08\/joao-havelange-esq-e-ricardo-teixeira-olham-para-copa-do-mundo-1319639845195_615x300.jpg?resize=350%2C200&ssl=1 1x, https:\/\/i0.wp.com\/blogdoprosperi.com\/wp-content\/uploads\/2016\/08\/joao-havelange-esq-e-ricardo-teixeira-olham-para-copa-do-mundo-1319639845195_615x300.jpg?resize=525%2C300&ssl=1 1.5x"},"classes":[]},{"id":20007,"url":"https:\/\/blogdoprosperi.com\/?p=20007","url_meta":{"origin":1857,"position":3},"title":"Discriminada por racismo, Rafaela Silva coloca o Brasil aos seus p\u00e9s","author":"Luiz Ant\u00f4nio Pr\u00f3speri","date":"8 de agosto de 2016","format":false,"excerpt":"Rafaela Silva \u00e9 a tradu\u00e7\u00e3o perfeita da supera\u00e7\u00e3o que o esporte ensina. De vil\u00e3 e discriminada com insultos racistas na Olimp\u00edada de Londres em 2012, a judoca coloca o Pa\u00eds aos seus p\u00e9s ao conquistar a primeira medalha de ouro do Brasil nos Jogos do Rio. Este \u00e9 o momento\u2026","rel":"","context":"Em &quot;futebol&quot;","block_context":{"text":"futebol","link":"https:\/\/blogdoprosperi.com\/?cat=53870"},"img":{"alt_text":"","src":"https:\/\/i0.wp.com\/blogdoprosperi.com\/wp-content\/uploads\/2016\/08\/n7oo1qwv.jpg?resize=350%2C200","width":350,"height":200,"srcset":"https:\/\/i0.wp.com\/blogdoprosperi.com\/wp-content\/uploads\/2016\/08\/n7oo1qwv.jpg?resize=350%2C200 1x, https:\/\/i0.wp.com\/blogdoprosperi.com\/wp-content\/uploads\/2016\/08\/n7oo1qwv.jpg?resize=525%2C300 1.5x"},"classes":[]},{"id":16000,"url":"https:\/\/blogdoprosperi.com\/?p=16000","url_meta":{"origin":1857,"position":4},"title":"Clubes europeus atrapalham sele\u00e7\u00e3o brasileira ol\u00edmpica","author":"Luiz Ant\u00f4nio Pr\u00f3speri","date":"14 de julho de 2016","format":false,"excerpt":"Gabriel Jesus, Gabigol, Rodrigo Caio e Marquinhos t\u00eam propostas para trocar de clubes e negocia\u00e7\u00f5es podem se arrastar at\u00e9 Olimp\u00edada do Rio","rel":"","context":"Em &quot;futebol&quot;","block_context":{"text":"futebol","link":"https:\/\/blogdoprosperi.com\/?cat=53870"},"img":{"alt_text":"","src":"https:\/\/i0.wp.com\/blogdoprosperi.com\/wp-content\/uploads\/2016\/07\/selecao-brasileira-gabriel-jesus-480-fifa-divulgacao-1.jpg?resize=350%2C200","width":350,"height":200,"srcset":"https:\/\/i0.wp.com\/blogdoprosperi.com\/wp-content\/uploads\/2016\/07\/selecao-brasileira-gabriel-jesus-480-fifa-divulgacao-1.jpg?resize=350%2C200 1x, https:\/\/i0.wp.com\/blogdoprosperi.com\/wp-content\/uploads\/2016\/07\/selecao-brasileira-gabriel-jesus-480-fifa-divulgacao-1.jpg?resize=525%2C300 1.5x"},"classes":[]},{"id":22670,"url":"https:\/\/blogdoprosperi.com\/?p=22670","url_meta":{"origin":1857,"position":5},"title":"A culpa que o futebol n\u00e3o tem","author":"Luiz Ant\u00f4nio Pr\u00f3speri","date":"23 de agosto de 2016","format":false,"excerpt":"Gabriel Jesus voltou a treinar no Palmeiras nesta ter\u00e7a-feira, tr\u00eas dias ap\u00f3s a conquista da medalha de ouro no Maracan\u00e3. Levaram o menino de 19 anos, nascido no pobre Jardim Peri, na capital, a dar entrevista coletiva no clube. Inevit\u00e1vel a necessidade de extrair das entranhas do garoto a enorme\u2026","rel":"","context":"Em &quot;futebol&quot;","block_context":{"text":"futebol","link":"https:\/\/blogdoprosperi.com\/?cat=53870"},"img":{"alt_text":"","src":"https:\/\/i0.wp.com\/blogdoprosperi.com\/wp-content\/uploads\/2016\/08\/00914167.jpg?resize=350%2C200&ssl=1","width":350,"height":200,"srcset":"https:\/\/i0.wp.com\/blogdoprosperi.com\/wp-content\/uploads\/2016\/08\/00914167.jpg?resize=350%2C200&ssl=1 1x, https:\/\/i0.wp.com\/blogdoprosperi.com\/wp-content\/uploads\/2016\/08\/00914167.jpg?resize=525%2C300&ssl=1 1.5x, https:\/\/i0.wp.com\/blogdoprosperi.com\/wp-content\/uploads\/2016\/08\/00914167.jpg?resize=700%2C400&ssl=1 2x, https:\/\/i0.wp.com\/blogdoprosperi.com\/wp-content\/uploads\/2016\/08\/00914167.jpg?resize=1050%2C600&ssl=1 3x, https:\/\/i0.wp.com\/blogdoprosperi.com\/wp-content\/uploads\/2016\/08\/00914167.jpg?resize=1400%2C800&ssl=1 4x"},"classes":[]}],"jetpack_featured_media_url":"","_links":{"self":[{"href":"https:\/\/blogdoprosperi.com\/index.php?rest_route=\/wp\/v2\/posts\/1857","targetHints":{"allow":["GET"]}}],"collection":[{"href":"https:\/\/blogdoprosperi.com\/index.php?rest_route=\/wp\/v2\/posts"}],"about":[{"href":"https:\/\/blogdoprosperi.com\/index.php?rest_route=\/wp\/v2\/types\/post"}],"author":[{"embeddable":true,"href":"https:\/\/blogdoprosperi.com\/index.php?rest_route=\/wp\/v2\/users\/102107496"}],"replies":[{"embeddable":true,"href":"https:\/\/blogdoprosperi.com\/index.php?rest_route=%2Fwp%2Fv2%2Fcomments&post=1857"}],"version-history":[{"count":25,"href":"https:\/\/blogdoprosperi.com\/index.php?rest_route=\/wp\/v2\/posts\/1857\/revisions"}],"predecessor-version":[{"id":1914,"href":"https:\/\/blogdoprosperi.com\/index.php?rest_route=\/wp\/v2\/posts\/1857\/revisions\/1914"}],"wp:attachment":[{"href":"https:\/\/blogdoprosperi.com\/index.php?rest_route=%2Fwp%2Fv2%2Fmedia&parent=1857"}],"wp:term":[{"taxonomy":"category","embeddable":true,"href":"https:\/\/blogdoprosperi.com\/index.php?rest_route=%2Fwp%2Fv2%2Fcategories&post=1857"},{"taxonomy":"post_tag","embeddable":true,"href":"https:\/\/blogdoprosperi.com\/index.php?rest_route=%2Fwp%2Fv2%2Ftags&post=1857"}],"curies":[{"name":"wp","href":"https:\/\/api.w.org\/{rel}","templated":true}]}}