{"id":18799,"date":"2016-08-04T01:17:56","date_gmt":"2016-08-04T04:17:56","guid":{"rendered":"http:\/\/blogdoprosperi.com\/?p=18799"},"modified":"2016-08-04T01:17:57","modified_gmt":"2016-08-04T04:17:57","slug":"santos-se-vira-sem-meio-time-diante-do-flamengo-e-saboreia-lideranca-do-brasileiro","status":"publish","type":"post","link":"https:\/\/blogdoprosperi.com\/?p=18799","title":{"rendered":"Santos se vira sem meio time diante do Flamengo e saboreia lideran\u00e7a do Brasileiro"},"content":{"rendered":"<div><span class=\"alignnone\"><img data-recalc-dims=\"1\" loading=\"lazy\" decoding=\"async\" data-attachment-id=\"18836\" data-permalink=\"https:\/\/blogdoprosperi.com\/?attachment_id=18836\" data-orig-file=\"https:\/\/i0.wp.com\/blogdoprosperi.com\/wp-content\/uploads\/2016\/08\/20160803232909580_3.jpg?fit=640%2C360&amp;ssl=1\" data-orig-size=\"640,360\" data-comments-opened=\"1\" data-image-meta=\"{&quot;aperture&quot;:&quot;0&quot;,&quot;credit&quot;:&quot;&quot;,&quot;camera&quot;:&quot;&quot;,&quot;caption&quot;:&quot;&quot;,&quot;created_timestamp&quot;:&quot;0&quot;,&quot;copyright&quot;:&quot;&quot;,&quot;focal_length&quot;:&quot;0&quot;,&quot;iso&quot;:&quot;0&quot;,&quot;shutter_speed&quot;:&quot;0&quot;,&quot;title&quot;:&quot;&quot;,&quot;orientation&quot;:&quot;0&quot;}\" data-image-title=\"20160803232909580_3\" data-image-description=\"\" data-image-caption=\"\" data-large-file=\"https:\/\/i0.wp.com\/blogdoprosperi.com\/wp-content\/uploads\/2016\/08\/20160803232909580_3.jpg?fit=640%2C360&amp;ssl=1\" class=\"alignnone size-full wp-image-18836\" src=\"https:\/\/i0.wp.com\/blogdoprosperi.com\/wp-content\/uploads\/2016\/08\/20160803232909580_3.jpg?resize=640%2C360&#038;ssl=1\" alt=\"20160803232909580_3\" width=\"640\" height=\"360\" \/><\/span><\/div>\n<div><\/div>\n<div>\n<p>Santos se vira sem meio time e assume a lideran\u00e7a do Campeonato Brasileiro, mesmo que por um dia, ap\u00f3s dez anos longe do topo da tabela. Alcan\u00e7ou essa proeza ao empatar por 0 x 0 com o Flamengo, na Arena Pantanal, em Cuiab\u00e1. Se Palmeiras ou Gr\u00eamio vencerem seus jogos nesta quinta-feira, o time santista descer\u00e1 do primeiro lugar do p\u00f3dio.<\/p>\n<p>Dif\u00edcil entender como o <a href=\"http:\/\/blogdoprosperi.com\/2016\/07\/31\/santos-supera-cruzeiro-e-seu-treinador-credencia-time-na-corrida-pelo-titulo\/\">Santos <\/a>sustenta essa boa posi\u00e7\u00e3o na tabela com tantos desfalques no seu time. A<a href=\"http:\/\/blogdoprosperi.com\/2016\/08\/02\/santos-em-ebulicao-pode-perder-gabigol-thiago-maia-e-zeca-ate-o-fim-da-olimpiada-do-rio\/\"> Sele\u00e7\u00e3o Ol\u00edmpica <\/a>\u00e9 respons\u00e1vel por tr\u00eas aus\u00eancias &#8211; Zeca, Thiago Maia e Gabigol. Mais dois est\u00e3o machucados &#8211; Lucas Lima e Ricardo Oliveira. Sem esses alicerces, a casa continua de p\u00e9.<\/p>\n<\/div>\n<p><!--more--><\/p>\n<div>\n<p>Contra o Flamengo, esse remendado time santista se segurou na base da disposi\u00e7\u00e3o. Em boa parte do jogo sofreu press\u00e3o da equipe carioca. Goleiro Vanderlei evitou o pior em pelo menos duas interven\u00e7\u00f5es<\/p>\n<div>Bem diferente do que havia mostrado na vit\u00f3ria na Vila contra o Cruzeiro, no \u00faltimo domingo, a troca de posi\u00e7\u00f5es entre meias e laterais n\u00e3o deu resultado na Arena Pantanal. E facilitaram as investidas do Flamengo, que teve boas chances de chegar ao gol, mas esbarrou na inefici\u00eancia de seus atacantes.<\/p>\n<p>Nos acr\u00e9scimos do segundo tempo, o time carioca reclamou com raz\u00e3o de um p\u00eanalti cometido por Caju, ao interceptar com o bra\u00e7o chute a gol de Ar\u00e3o, ignorado pelo \u00e1rbitro. Lance capital do jogo.<\/p>\n<p>Sorte do Santos que o juiz n\u00e3o pensou assim. Com o p\u00eanalti n\u00e3o dado, garantiu o empate e a lideran\u00e7a do Brasileir\u00e3o. Mesmo que ef\u00eamero, o primeiro lugar tem peso. Ainda mais quando n\u00e3o se chegava ao topo h\u00e1 dez anos.<\/p><\/div>\n<div><strong><br \/>\nFICHA DO JOGO<\/strong><\/div>\n<div><strong><br \/>\nSantos 0 x 0 Flamengo<\/strong><\/div>\n<div><strong><br \/>\nSantos:<\/strong>\u00a0Vanderlei; Victor Ferraz, Luiz Felipe, Gustavo Henrique e Caju; Renato, L\u00e9o Cittadini, Jean Mota (Joel), Vitor Bueno (Yuri) e Copete; Rodrig\u00e3o (Elano).\u00a0<strong>T\u00e9cnico:<\/strong> Dorival J\u00fanior<\/div>\n<div><strong><br \/>\nFlamengo<\/strong>: Alex Muralha; Par\u00e1, R\u00e9ver (Dlonatti), Rafael Vaz e Chiquinho; M\u00e1rcio Ara\u00fajo, Willian Ar\u00e3o, Marcelo Cirino (Fernandinho) e Alan Patrick (Mancuello); Everton (Adryan) e Guerrero.\u00a0<strong>T\u00e9cnico:<\/strong> Z\u00e9 Ricardo<\/div>\n<div><strong><br \/>\nJuiz:<\/strong> Dewson Freitas<\/div>\n<div><strong>Cart\u00f5es amarelos: <\/strong>Caju, Luiz Henrique, Everton e Rafael Vaz<br \/>\n<strong>Renda: <\/strong>R$ 1.748.455,00<br \/>\n<strong>P\u00fablico: <\/strong>21.799 pagantes<br \/>\n<strong>Local:<\/strong> Arena Pantanal<\/div>\n<\/div>\n","protected":false},"excerpt":{"rendered":"<p>Santos se vira sem meio time e assume a lideran\u00e7a do Campeonato Brasileiro, mesmo que por um dia, [&hellip;]<\/p>\n","protected":false},"author":102107496,"featured_media":0,"comment_status":"open","ping_status":"open","sticky":false,"template":"","format":"standard","meta":{"_coblocks_attr":"","_coblocks_dimensions":"","_coblocks_responsive_height":"","_coblocks_accordion_ie_support":"","_jetpack_newsletter_access":"","_jetpack_dont_email_post_to_subs":false,"_jetpack_newsletter_tier_id":0,"_jetpack_memberships_contains_paywalled_content":false,"_wpcom_ai_launchpad_first_post":false,"_jetpack_feature_clip_id":0,"_jetpack_memberships_contains_paid_content":false,"footnotes":"","jetpack_publicize_message":"","jetpack_publicize_feature_enabled":true,"jetpack_social_post_already_shared":false,"jetpack_social_options":{"image_generator_settings":{"template":"highway","default_image_id":0,"font":"","enabled":false},"version":2},"jetpack_post_was_ever_published":false},"categories":[53870],"tags":[789560560],"class_list":["post-18799","post","type-post","status-publish","format-standard","hentry","category-futebol","tag-futebol"],"yoast_head":"<!-- This site is optimized with the Yoast SEO plugin v28.4 - https:\/\/yoast.com\/product\/yoast-seo-wordpress\/ -->\n<title>Santos se vira sem meio time diante do Flamengo e saboreia lideran\u00e7a do Brasileiro - PR\u00d3SPERI NEWS<\/title>\n<meta name=\"robots\" content=\"index, follow, max-snippet:-1, max-image-preview:large, max-video-preview:-1\" \/>\n<link rel=\"canonical\" href=\"https:\/\/blogdoprosperi.com\/?p=18799\" \/>\n<meta property=\"og:locale\" content=\"pt_BR\" \/>\n<meta property=\"og:type\" content=\"article\" \/>\n<meta property=\"og:title\" content=\"Santos se vira sem meio time diante do Flamengo e saboreia lideran\u00e7a do Brasileiro - PR\u00d3SPERI NEWS\" \/>\n<meta property=\"og:description\" content=\"Santos se vira sem meio time e assume a lideran\u00e7a do Campeonato Brasileiro, mesmo que por um dia, [&hellip;]\" \/>\n<meta property=\"og:url\" content=\"https:\/\/blogdoprosperi.com\/?p=18799\" \/>\n<meta property=\"og:site_name\" content=\"PR\u00d3SPERI NEWS\" \/>\n<meta property=\"article:publisher\" content=\"Luiz Pr\u00f3speri\" \/>\n<meta property=\"article:author\" content=\"Luiz Pr\u00f3speri\" \/>\n<meta property=\"article:published_time\" content=\"2016-08-04T04:17:56+00:00\" \/>\n<meta property=\"article:modified_time\" content=\"2016-08-04T04:17:57+00:00\" \/>\n<meta property=\"og:image\" content=\"https:\/\/blogdoprosperi.com\/wp-content\/uploads\/2016\/08\/20160803232909580_3.jpg\" \/>\n<meta name=\"author\" content=\"Luiz Ant\u00f4nio Pr\u00f3speri\" \/>\n<meta name=\"twitter:card\" content=\"summary_large_image\" \/>\n<meta name=\"twitter:creator\" content=\"@Luizprosperi\" \/>\n<meta name=\"twitter:site\" content=\"@Luizprosperi\" \/>\n<meta name=\"twitter:label1\" content=\"Escrito por\" \/>\n\t<meta name=\"twitter:data1\" content=\"Luiz Ant\u00f4nio Pr\u00f3speri\" \/>\n\t<meta name=\"twitter:label2\" content=\"Est. tempo de leitura\" \/>\n\t<meta name=\"twitter:data2\" content=\"2 minutos\" \/>\n<script type=\"application\/ld+json\" class=\"yoast-schema-graph\">{\"@context\":\"https:\\\/\\\/schema.org\",\"@graph\":[{\"@type\":\"Article\",\"@id\":\"https:\\\/\\\/blogdoprosperi.com\\\/?p=18799#article\",\"isPartOf\":{\"@id\":\"https:\\\/\\\/blogdoprosperi.com\\\/?p=18799\"},\"author\":{\"name\":\"Luiz Ant\u00f4nio Pr\u00f3speri\",\"@id\":\"https:\\\/\\\/blogdoprosperi.com\\\/#\\\/schema\\\/person\\\/38100755ce3601861ee4fab9b5aa78e9\"},\"headline\":\"Santos se vira sem meio time diante do Flamengo e saboreia lideran\u00e7a do Brasileiro\",\"datePublished\":\"2016-08-04T04:17:56+00:00\",\"dateModified\":\"2016-08-04T04:17:57+00:00\",\"mainEntityOfPage\":{\"@id\":\"https:\\\/\\\/blogdoprosperi.com\\\/?p=18799\"},\"wordCount\":403,\"commentCount\":2,\"publisher\":{\"@id\":\"https:\\\/\\\/blogdoprosperi.com\\\/#\\\/schema\\\/person\\\/38100755ce3601861ee4fab9b5aa78e9\"},\"image\":{\"@id\":\"https:\\\/\\\/blogdoprosperi.com\\\/?p=18799#primaryimage\"},\"thumbnailUrl\":\"https:\\\/\\\/blogdoprosperi.com\\\/wp-content\\\/uploads\\\/2016\\\/08\\\/20160803232909580_3.jpg\",\"keywords\":[\"futebol\"],\"articleSection\":[\"futebol\"],\"inLanguage\":\"pt-BR\",\"potentialAction\":[{\"@type\":\"CommentAction\",\"name\":\"Comment\",\"target\":[\"https:\\\/\\\/blogdoprosperi.com\\\/?p=18799#respond\"]}]},{\"@type\":\"WebPage\",\"@id\":\"https:\\\/\\\/blogdoprosperi.com\\\/?p=18799\",\"url\":\"https:\\\/\\\/blogdoprosperi.com\\\/?p=18799\",\"name\":\"Santos se vira sem meio time diante do Flamengo e saboreia lideran\u00e7a do Brasileiro - PR\u00d3SPERI NEWS\",\"isPartOf\":{\"@id\":\"https:\\\/\\\/blogdoprosperi.com\\\/#website\"},\"primaryImageOfPage\":{\"@id\":\"https:\\\/\\\/blogdoprosperi.com\\\/?p=18799#primaryimage\"},\"image\":{\"@id\":\"https:\\\/\\\/blogdoprosperi.com\\\/?p=18799#primaryimage\"},\"thumbnailUrl\":\"https:\\\/\\\/blogdoprosperi.com\\\/wp-content\\\/uploads\\\/2016\\\/08\\\/20160803232909580_3.jpg\",\"datePublished\":\"2016-08-04T04:17:56+00:00\",\"dateModified\":\"2016-08-04T04:17:57+00:00\",\"breadcrumb\":{\"@id\":\"https:\\\/\\\/blogdoprosperi.com\\\/?p=18799#breadcrumb\"},\"inLanguage\":\"pt-BR\",\"potentialAction\":[{\"@type\":\"ReadAction\",\"target\":[\"https:\\\/\\\/blogdoprosperi.com\\\/?p=18799\"]}]},{\"@type\":\"ImageObject\",\"inLanguage\":\"pt-BR\",\"@id\":\"https:\\\/\\\/blogdoprosperi.com\\\/?p=18799#primaryimage\",\"url\":\"https:\\\/\\\/i0.wp.com\\\/blogdoprosperi.com\\\/wp-content\\\/uploads\\\/2016\\\/08\\\/20160803232909580_3.jpg?fit=640%2C360&ssl=1\",\"contentUrl\":\"https:\\\/\\\/i0.wp.com\\\/blogdoprosperi.com\\\/wp-content\\\/uploads\\\/2016\\\/08\\\/20160803232909580_3.jpg?fit=640%2C360&ssl=1\",\"width\":640,\"height\":360},{\"@type\":\"BreadcrumbList\",\"@id\":\"https:\\\/\\\/blogdoprosperi.com\\\/?p=18799#breadcrumb\",\"itemListElement\":[{\"@type\":\"ListItem\",\"position\":1,\"name\":\"In\u00edcio\",\"item\":\"https:\\\/\\\/blogdoprosperi.com\\\/\"},{\"@type\":\"ListItem\",\"position\":2,\"name\":\"Santos se vira sem meio time diante do Flamengo e saboreia lideran\u00e7a do Brasileiro\"}]},{\"@type\":\"WebSite\",\"@id\":\"https:\\\/\\\/blogdoprosperi.com\\\/#website\",\"url\":\"https:\\\/\\\/blogdoprosperi.com\\\/\",\"name\":\"PR\u00d3SPERI NEWS\",\"description\":\"TUDO \u00c9  FUTEBOL\",\"publisher\":{\"@id\":\"https:\\\/\\\/blogdoprosperi.com\\\/#\\\/schema\\\/person\\\/38100755ce3601861ee4fab9b5aa78e9\"},\"alternateName\":\"blogdoprosperi.com\",\"potentialAction\":[{\"@type\":\"SearchAction\",\"target\":{\"@type\":\"EntryPoint\",\"urlTemplate\":\"https:\\\/\\\/blogdoprosperi.com\\\/?s={search_term_string}\"},\"query-input\":{\"@type\":\"PropertyValueSpecification\",\"valueRequired\":true,\"valueName\":\"search_term_string\"}}],\"inLanguage\":\"pt-BR\"},{\"@type\":[\"Person\",\"Organization\"],\"@id\":\"https:\\\/\\\/blogdoprosperi.com\\\/#\\\/schema\\\/person\\\/38100755ce3601861ee4fab9b5aa78e9\",\"name\":\"Luiz Ant\u00f4nio Pr\u00f3speri\",\"pronouns\":\"ele\",\"image\":{\"@type\":\"ImageObject\",\"inLanguage\":\"pt-BR\",\"@id\":\"https:\\\/\\\/i0.wp.com\\\/blogdoprosperi.com\\\/wp-content\\\/uploads\\\/2026\\\/05\\\/cropped-8059e613-6002-42fa-961e-8e275f575d71-2-5.jpg?fit=1360%2C931&ssl=1\",\"url\":\"https:\\\/\\\/i0.wp.com\\\/blogdoprosperi.com\\\/wp-content\\\/uploads\\\/2026\\\/05\\\/cropped-8059e613-6002-42fa-961e-8e275f575d71-2-5.jpg?fit=1360%2C931&ssl=1\",\"contentUrl\":\"https:\\\/\\\/i0.wp.com\\\/blogdoprosperi.com\\\/wp-content\\\/uploads\\\/2026\\\/05\\\/cropped-8059e613-6002-42fa-961e-8e275f575d71-2-5.jpg?fit=1360%2C931&ssl=1\",\"width\":1360,\"height\":931,\"caption\":\"Luiz Ant\u00f4nio Pr\u00f3speri\"},\"logo\":{\"@id\":\"https:\\\/\\\/i0.wp.com\\\/blogdoprosperi.com\\\/wp-content\\\/uploads\\\/2026\\\/05\\\/cropped-8059e613-6002-42fa-961e-8e275f575d71-2-5.jpg?fit=1360%2C931&ssl=1\"},\"description\":\"Jornalista com carreira dedicada ao esporte. Cobriu 9 Copas do Mundo in loco, 1990 na It\u00e1lia, 1994 nos EUA, 1998 na Fran\u00e7a, 2002 na Coreia do Sul e Jap\u00e3o, 2006 na Alemanha, 2010 na \u00c1frica do Sul, 2014 no Brasil, 2018 na R\u00fassia e 2022 no Qatar. Eurocopas, 1992 na Su\u00e9cia e 1996 na Inglaterra. Copa das Confedera\u00e7\u00f5es de 2005 na Alemanha e 2009 na \u00c1frica do Sul. Rep\u00f3rter e Editor, trabalhou no Jornal da Tarde e Estad\u00e3o, de 1984 a fevereiro de 2016. Colunista, blogueiro. E comentarista de futebol na R\u00e1dio Estad\u00e3o, de 2013 a fevereiro de 2016. Jornalista respons\u00e1vel do \\\"Pr\u00f3speri News\\\" (blogdoprosperi.com).\",\"sameAs\":[\"http:\\\/\\\/blogdoprosperi.com\",\"Luiz Pr\u00f3speri\",\"@luiz_prosperi\",\"https:\\\/\\\/x.com\\\/Luizprosperi\",\"@prosperinacopa\",\"luiz.prosperi@icloud.com\"],\"url\":\"https:\\\/\\\/blogdoprosperi.com\\\/?author=102107496\"}]}<\/script>\n<!-- \/ Yoast SEO plugin. -->","yoast_head_json":{"title":"Santos se vira sem meio time diante do Flamengo e saboreia lideran\u00e7a do Brasileiro - PR\u00d3SPERI NEWS","robots":{"index":"index","follow":"follow","max-snippet":"max-snippet:-1","max-image-preview":"max-image-preview:large","max-video-preview":"max-video-preview:-1"},"canonical":"https:\/\/blogdoprosperi.com\/?p=18799","og_locale":"pt_BR","og_type":"article","og_title":"Santos se vira sem meio time diante do Flamengo e saboreia lideran\u00e7a do Brasileiro - PR\u00d3SPERI NEWS","og_description":"Santos se vira sem meio time e assume a lideran\u00e7a do Campeonato Brasileiro, mesmo que por um dia, [&hellip;]","og_url":"https:\/\/blogdoprosperi.com\/?p=18799","og_site_name":"PR\u00d3SPERI NEWS","article_publisher":"Luiz Pr\u00f3speri","article_author":"Luiz Pr\u00f3speri","article_published_time":"2016-08-04T04:17:56+00:00","article_modified_time":"2016-08-04T04:17:57+00:00","og_image":[{"url":"https:\/\/blogdoprosperi.com\/wp-content\/uploads\/2016\/08\/20160803232909580_3.jpg","type":"","width":"","height":""}],"author":"Luiz Ant\u00f4nio Pr\u00f3speri","twitter_card":"summary_large_image","twitter_creator":"@Luizprosperi","twitter_site":"@Luizprosperi","twitter_misc":{"Escrito por":"Luiz Ant\u00f4nio Pr\u00f3speri","Est. tempo de leitura":"2 minutos"},"schema":{"@context":"https:\/\/schema.org","@graph":[{"@type":"Article","@id":"https:\/\/blogdoprosperi.com\/?p=18799#article","isPartOf":{"@id":"https:\/\/blogdoprosperi.com\/?p=18799"},"author":{"name":"Luiz Ant\u00f4nio Pr\u00f3speri","@id":"https:\/\/blogdoprosperi.com\/#\/schema\/person\/38100755ce3601861ee4fab9b5aa78e9"},"headline":"Santos se vira sem meio time diante do Flamengo e saboreia lideran\u00e7a do Brasileiro","datePublished":"2016-08-04T04:17:56+00:00","dateModified":"2016-08-04T04:17:57+00:00","mainEntityOfPage":{"@id":"https:\/\/blogdoprosperi.com\/?p=18799"},"wordCount":403,"commentCount":2,"publisher":{"@id":"https:\/\/blogdoprosperi.com\/#\/schema\/person\/38100755ce3601861ee4fab9b5aa78e9"},"image":{"@id":"https:\/\/blogdoprosperi.com\/?p=18799#primaryimage"},"thumbnailUrl":"https:\/\/blogdoprosperi.com\/wp-content\/uploads\/2016\/08\/20160803232909580_3.jpg","keywords":["futebol"],"articleSection":["futebol"],"inLanguage":"pt-BR","potentialAction":[{"@type":"CommentAction","name":"Comment","target":["https:\/\/blogdoprosperi.com\/?p=18799#respond"]}]},{"@type":"WebPage","@id":"https:\/\/blogdoprosperi.com\/?p=18799","url":"https:\/\/blogdoprosperi.com\/?p=18799","name":"Santos se vira sem meio time diante do Flamengo e saboreia lideran\u00e7a do Brasileiro - PR\u00d3SPERI NEWS","isPartOf":{"@id":"https:\/\/blogdoprosperi.com\/#website"},"primaryImageOfPage":{"@id":"https:\/\/blogdoprosperi.com\/?p=18799#primaryimage"},"image":{"@id":"https:\/\/blogdoprosperi.com\/?p=18799#primaryimage"},"thumbnailUrl":"https:\/\/blogdoprosperi.com\/wp-content\/uploads\/2016\/08\/20160803232909580_3.jpg","datePublished":"2016-08-04T04:17:56+00:00","dateModified":"2016-08-04T04:17:57+00:00","breadcrumb":{"@id":"https:\/\/blogdoprosperi.com\/?p=18799#breadcrumb"},"inLanguage":"pt-BR","potentialAction":[{"@type":"ReadAction","target":["https:\/\/blogdoprosperi.com\/?p=18799"]}]},{"@type":"ImageObject","inLanguage":"pt-BR","@id":"https:\/\/blogdoprosperi.com\/?p=18799#primaryimage","url":"https:\/\/i0.wp.com\/blogdoprosperi.com\/wp-content\/uploads\/2016\/08\/20160803232909580_3.jpg?fit=640%2C360&ssl=1","contentUrl":"https:\/\/i0.wp.com\/blogdoprosperi.com\/wp-content\/uploads\/2016\/08\/20160803232909580_3.jpg?fit=640%2C360&ssl=1","width":640,"height":360},{"@type":"BreadcrumbList","@id":"https:\/\/blogdoprosperi.com\/?p=18799#breadcrumb","itemListElement":[{"@type":"ListItem","position":1,"name":"In\u00edcio","item":"https:\/\/blogdoprosperi.com\/"},{"@type":"ListItem","position":2,"name":"Santos se vira sem meio time diante do Flamengo e saboreia lideran\u00e7a do Brasileiro"}]},{"@type":"WebSite","@id":"https:\/\/blogdoprosperi.com\/#website","url":"https:\/\/blogdoprosperi.com\/","name":"PR\u00d3SPERI NEWS","description":"TUDO \u00c9  FUTEBOL","publisher":{"@id":"https:\/\/blogdoprosperi.com\/#\/schema\/person\/38100755ce3601861ee4fab9b5aa78e9"},"alternateName":"blogdoprosperi.com","potentialAction":[{"@type":"SearchAction","target":{"@type":"EntryPoint","urlTemplate":"https:\/\/blogdoprosperi.com\/?s={search_term_string}"},"query-input":{"@type":"PropertyValueSpecification","valueRequired":true,"valueName":"search_term_string"}}],"inLanguage":"pt-BR"},{"@type":["Person","Organization"],"@id":"https:\/\/blogdoprosperi.com\/#\/schema\/person\/38100755ce3601861ee4fab9b5aa78e9","name":"Luiz Ant\u00f4nio Pr\u00f3speri","pronouns":"ele","image":{"@type":"ImageObject","inLanguage":"pt-BR","@id":"https:\/\/i0.wp.com\/blogdoprosperi.com\/wp-content\/uploads\/2026\/05\/cropped-8059e613-6002-42fa-961e-8e275f575d71-2-5.jpg?fit=1360%2C931&ssl=1","url":"https:\/\/i0.wp.com\/blogdoprosperi.com\/wp-content\/uploads\/2026\/05\/cropped-8059e613-6002-42fa-961e-8e275f575d71-2-5.jpg?fit=1360%2C931&ssl=1","contentUrl":"https:\/\/i0.wp.com\/blogdoprosperi.com\/wp-content\/uploads\/2026\/05\/cropped-8059e613-6002-42fa-961e-8e275f575d71-2-5.jpg?fit=1360%2C931&ssl=1","width":1360,"height":931,"caption":"Luiz Ant\u00f4nio Pr\u00f3speri"},"logo":{"@id":"https:\/\/i0.wp.com\/blogdoprosperi.com\/wp-content\/uploads\/2026\/05\/cropped-8059e613-6002-42fa-961e-8e275f575d71-2-5.jpg?fit=1360%2C931&ssl=1"},"description":"Jornalista com carreira dedicada ao esporte. Cobriu 9 Copas do Mundo in loco, 1990 na It\u00e1lia, 1994 nos EUA, 1998 na Fran\u00e7a, 2002 na Coreia do Sul e Jap\u00e3o, 2006 na Alemanha, 2010 na \u00c1frica do Sul, 2014 no Brasil, 2018 na R\u00fassia e 2022 no Qatar. Eurocopas, 1992 na Su\u00e9cia e 1996 na Inglaterra. Copa das Confedera\u00e7\u00f5es de 2005 na Alemanha e 2009 na \u00c1frica do Sul. Rep\u00f3rter e Editor, trabalhou no Jornal da Tarde e Estad\u00e3o, de 1984 a fevereiro de 2016. Colunista, blogueiro. E comentarista de futebol na R\u00e1dio Estad\u00e3o, de 2013 a fevereiro de 2016. Jornalista respons\u00e1vel do \"Pr\u00f3speri News\" (blogdoprosperi.com).","sameAs":["http:\/\/blogdoprosperi.com","Luiz Pr\u00f3speri","@luiz_prosperi","https:\/\/x.com\/Luizprosperi","@prosperinacopa","luiz.prosperi@icloud.com"],"url":"https:\/\/blogdoprosperi.com\/?author=102107496"}]}},"jetpack_publicize_connections":[],"jetpack_likes_enabled":false,"jetpack_sharing_enabled":true,"jetpack_shortlink":"https:\/\/wp.me\/p7jvdk-4Td","jetpack-related-posts":[{"id":41385,"url":"https:\/\/blogdoprosperi.com\/?p=41385","url_meta":{"origin":18799,"position":0},"title":"Cr\u00f4nica de ver\u00e3o: Futebol brasileiro sofre sem Pel\u00e9","author":"Luiz Ant\u00f4nio Pr\u00f3speri","date":"3 de fevereiro de 2023","format":false,"excerpt":"Passados 35 dias da partida do Rei, a radiografia do futebol nacional e de seus expoentes pouco tem da heran\u00e7a deixada por Pel\u00e9","rel":"","context":"Em &quot;catar 2022&quot;","block_context":{"text":"catar 2022","link":"https:\/\/blogdoprosperi.com\/?cat=47094043"},"img":{"alt_text":"","src":"https:\/\/i0.wp.com\/blogdoprosperi.com\/wp-content\/uploads\/2023\/01\/alegria_vinicius_he26429.jpg_nd.jpg?fit=1200%2C675&ssl=1&resize=350%2C200","width":350,"height":200,"srcset":"https:\/\/i0.wp.com\/blogdoprosperi.com\/wp-content\/uploads\/2023\/01\/alegria_vinicius_he26429.jpg_nd.jpg?fit=1200%2C675&ssl=1&resize=350%2C200 1x, https:\/\/i0.wp.com\/blogdoprosperi.com\/wp-content\/uploads\/2023\/01\/alegria_vinicius_he26429.jpg_nd.jpg?fit=1200%2C675&ssl=1&resize=525%2C300 1.5x, https:\/\/i0.wp.com\/blogdoprosperi.com\/wp-content\/uploads\/2023\/01\/alegria_vinicius_he26429.jpg_nd.jpg?fit=1200%2C675&ssl=1&resize=700%2C400 2x, https:\/\/i0.wp.com\/blogdoprosperi.com\/wp-content\/uploads\/2023\/01\/alegria_vinicius_he26429.jpg_nd.jpg?fit=1200%2C675&ssl=1&resize=1050%2C600 3x"},"classes":[]},{"id":24502,"url":"https:\/\/blogdoprosperi.com\/?p=24502","url_meta":{"origin":18799,"position":1},"title":"Brasileir\u00e3o-2016: veja 7 an\u00e1lises dos jogos da 24\u00aa rodada","author":"Luiz Ant\u00f4nio Pr\u00f3speri","date":"12 de setembro de 2016","format":false,"excerpt":"12 de setembro de 2016 - 12h50 -\u00a0Veja an\u00e1lises e proje\u00e7\u00f5es de temas da 24.\u00aa rodada do Campeonato Brasileiro que deixa o Palmeiras a um ponto de frente do Flamengo. E ainda um relat\u00f3rio da CBF sobre bola rolando at\u00e9 a 22.\u00aa rodada. 1. Palmeiras entra na semana de decis\u00f5es\u2026","rel":"","context":"Em &quot;Campeonato Brasileiro&quot;","block_context":{"text":"Campeonato Brasileiro","link":"https:\/\/blogdoprosperi.com\/?cat=355071"},"img":{"alt_text":"","src":"https:\/\/i0.wp.com\/blogdoprosperi.com\/wp-content\/uploads\/2016\/09\/rib_7534.jpg?resize=350%2C200","width":350,"height":200},"classes":[]},{"id":27229,"url":"https:\/\/blogdoprosperi.com\/?p=27229","url_meta":{"origin":18799,"position":2},"title":"Copa Libertadores muda e vira Brasileir\u00e3o do avesso","author":"Luiz Ant\u00f4nio Pr\u00f3speri","date":"3 de outubro de 2016","format":false,"excerpt":"Decis\u00e3o da Confedera\u00e7\u00e3o Sul-Americana de Futebol (Conmebol) de aumentar o n\u00fameros de clubes brasileiros na\u00a0Copa Libertadores de 2017,\u00a0de 5 para 7, interfere diretamente no atual Brasileir\u00e3o. O G-4 passa a ser G-6 e vira do avesso o campeonato nacional. Clubes que lutavam para n\u00e3o cair t\u00eam agora chance de conquistar\u2026","rel":"","context":"Em &quot;Campeonato Brasileiro&quot;","block_context":{"text":"Campeonato Brasileiro","link":"https:\/\/blogdoprosperi.com\/?cat=355071"},"img":{"alt_text":"","src":"https:\/\/i0.wp.com\/blogdoprosperi.com\/wp-content\/uploads\/2016\/10\/medellin1.jpg?resize=350%2C200&ssl=1","width":350,"height":200,"srcset":"https:\/\/i0.wp.com\/blogdoprosperi.com\/wp-content\/uploads\/2016\/10\/medellin1.jpg?resize=350%2C200&ssl=1 1x, https:\/\/i0.wp.com\/blogdoprosperi.com\/wp-content\/uploads\/2016\/10\/medellin1.jpg?resize=525%2C300&ssl=1 1.5x, https:\/\/i0.wp.com\/blogdoprosperi.com\/wp-content\/uploads\/2016\/10\/medellin1.jpg?resize=700%2C400&ssl=1 2x"},"classes":[]},{"id":31069,"url":"https:\/\/blogdoprosperi.com\/?p=31069","url_meta":{"origin":18799,"position":3},"title":"Santos se reinventa com Dorival J\u00fanior, vira em cima da Ponte e se candidata ao t\u00edtulo do Brasileir\u00e3o","author":"Luiz Ant\u00f4nio Pr\u00f3speri","date":"6 de novembro de 2016","format":false,"excerpt":"Santos pede passagem e manda um duro recado ao l\u00edder Palmeiras. N\u00e3o \u00e9 para menos. Em situa\u00e7\u00e3o desfavor\u00e1vel, quando se viu prejudicado pela CBF ao mudar o jogo com a Ponte Preta, de s\u00e1bado \u00e0 noite para domingo \u00e0s 11h, encarou o time de Campinas e venceu de virada por\u2026","rel":"","context":"Em &quot;futebol&quot;","block_context":{"text":"futebol","link":"https:\/\/blogdoprosperi.com\/?cat=53870"},"img":{"alt_text":"","src":"https:\/\/i0.wp.com\/blogdoprosperi.com\/wp-content\/uploads\/2016\/11\/30515241620_a55780980f_b.jpg?resize=350%2C200&ssl=1","width":350,"height":200,"srcset":"https:\/\/i0.wp.com\/blogdoprosperi.com\/wp-content\/uploads\/2016\/11\/30515241620_a55780980f_b.jpg?resize=350%2C200&ssl=1 1x, https:\/\/i0.wp.com\/blogdoprosperi.com\/wp-content\/uploads\/2016\/11\/30515241620_a55780980f_b.jpg?resize=525%2C300&ssl=1 1.5x, https:\/\/i0.wp.com\/blogdoprosperi.com\/wp-content\/uploads\/2016\/11\/30515241620_a55780980f_b.jpg?resize=700%2C400&ssl=1 2x"},"classes":[]},{"id":28992,"url":"https:\/\/blogdoprosperi.com\/?p=28992","url_meta":{"origin":18799,"position":4},"title":"Brasileir\u00e3o 2016 da &#8216;m\u00e3o grande&#8217; e vergonha","author":"Luiz Ant\u00f4nio Pr\u00f3speri","date":"17 de outubro de 2016","format":false,"excerpt":"An\u00e1lise da 32.\u00aa rodada em cinco temas n\u00e3o pode fugir da pol\u00eamica da arbitragem. Cr\u00edticas de todos os lados e o que mais se ouviu neste domingo foi \"juiz ladr\u00e3o\" Palmeiras teve a rodada perfeita. Venceu o Figueirense e viu seus concorrentes ca\u00edrem um a um com as derrotas do\u2026","rel":"","context":"Em &quot;Campeonato Brasileiro&quot;","block_context":{"text":"Campeonato Brasileiro","link":"https:\/\/blogdoprosperi.com\/?cat=355071"},"img":{"alt_text":"","src":"https:\/\/i0.wp.com\/blogdoprosperi.com\/wp-content\/uploads\/2016\/10\/g_p17r7het2i100g1iv717mo1o9qnfl4.jpg?resize=350%2C200","width":350,"height":200,"srcset":"https:\/\/i0.wp.com\/blogdoprosperi.com\/wp-content\/uploads\/2016\/10\/g_p17r7het2i100g1iv717mo1o9qnfl4.jpg?resize=350%2C200 1x, https:\/\/i0.wp.com\/blogdoprosperi.com\/wp-content\/uploads\/2016\/10\/g_p17r7het2i100g1iv717mo1o9qnfl4.jpg?resize=525%2C300 1.5x, https:\/\/i0.wp.com\/blogdoprosperi.com\/wp-content\/uploads\/2016\/10\/g_p17r7het2i100g1iv717mo1o9qnfl4.jpg?resize=700%2C400 2x, https:\/\/i0.wp.com\/blogdoprosperi.com\/wp-content\/uploads\/2016\/10\/g_p17r7het2i100g1iv717mo1o9qnfl4.jpg?resize=1050%2C600 3x, https:\/\/i0.wp.com\/blogdoprosperi.com\/wp-content\/uploads\/2016\/10\/g_p17r7het2i100g1iv717mo1o9qnfl4.jpg?resize=1400%2C800 4x"},"classes":[]},{"id":43041,"url":"https:\/\/blogdoprosperi.com\/?p=43041","url_meta":{"origin":18799,"position":5},"title":"Tite e Abel cobram CBF por calend\u00e1rio mais justo no Brasileir\u00e3o 2024","author":"Luiz Ant\u00f4nio Pr\u00f3speri","date":"21 de junho de 2024","format":false,"excerpt":"Flamengo volta a liderar o Brasileir\u00e3o 2024 ao vencer o Bahia por 2 a 1 \u2013 gol de David Luiz, repetindo feito contra Athletico-PR no domingo. Palmeiras sobe, \u00e9 o terceiro colocado a um ponto do time carioca, com a vit\u00f3ria por 2 a 1 em cima do Bragantino. Tite\u2026","rel":"","context":"Em &quot;futebol&quot;","block_context":{"text":"futebol","link":"https:\/\/blogdoprosperi.com\/?cat=53870"},"img":{"alt_text":"Flamengo reassume a lideran\u00e7a do Brasileir\u00e3o 24","src":"https:\/\/i0.wp.com\/blogdoprosperi.com\/wp-content\/uploads\/2024\/06\/download.jpg?fit=1200%2C799&ssl=1&resize=350%2C200","width":350,"height":200,"srcset":"https:\/\/i0.wp.com\/blogdoprosperi.com\/wp-content\/uploads\/2024\/06\/download.jpg?fit=1200%2C799&ssl=1&resize=350%2C200 1x, https:\/\/i0.wp.com\/blogdoprosperi.com\/wp-content\/uploads\/2024\/06\/download.jpg?fit=1200%2C799&ssl=1&resize=525%2C300 1.5x, https:\/\/i0.wp.com\/blogdoprosperi.com\/wp-content\/uploads\/2024\/06\/download.jpg?fit=1200%2C799&ssl=1&resize=700%2C400 2x, https:\/\/i0.wp.com\/blogdoprosperi.com\/wp-content\/uploads\/2024\/06\/download.jpg?fit=1200%2C799&ssl=1&resize=1050%2C600 3x"},"classes":[]}],"jetpack_featured_media_url":"","_links":{"self":[{"href":"https:\/\/blogdoprosperi.com\/index.php?rest_route=\/wp\/v2\/posts\/18799","targetHints":{"allow":["GET"]}}],"collection":[{"href":"https:\/\/blogdoprosperi.com\/index.php?rest_route=\/wp\/v2\/posts"}],"about":[{"href":"https:\/\/blogdoprosperi.com\/index.php?rest_route=\/wp\/v2\/types\/post"}],"author":[{"embeddable":true,"href":"https:\/\/blogdoprosperi.com\/index.php?rest_route=\/wp\/v2\/users\/102107496"}],"replies":[{"embeddable":true,"href":"https:\/\/blogdoprosperi.com\/index.php?rest_route=%2Fwp%2Fv2%2Fcomments&post=18799"}],"version-history":[{"count":25,"href":"https:\/\/blogdoprosperi.com\/index.php?rest_route=\/wp\/v2\/posts\/18799\/revisions"}],"predecessor-version":[{"id":18860,"href":"https:\/\/blogdoprosperi.com\/index.php?rest_route=\/wp\/v2\/posts\/18799\/revisions\/18860"}],"wp:attachment":[{"href":"https:\/\/blogdoprosperi.com\/index.php?rest_route=%2Fwp%2Fv2%2Fmedia&parent=18799"}],"wp:term":[{"taxonomy":"category","embeddable":true,"href":"https:\/\/blogdoprosperi.com\/index.php?rest_route=%2Fwp%2Fv2%2Fcategories&post=18799"},{"taxonomy":"post_tag","embeddable":true,"href":"https:\/\/blogdoprosperi.com\/index.php?rest_route=%2Fwp%2Fv2%2Ftags&post=18799"}],"curies":[{"name":"wp","href":"https:\/\/api.w.org\/{rel}","templated":true}]}}