{"id":19121,"date":"2016-08-05T00:16:01","date_gmt":"2016-08-05T03:16:01","guid":{"rendered":"http:\/\/blogdoprosperi.com\/?p=19121"},"modified":"2016-08-05T00:21:22","modified_gmt":"2016-08-05T03:21:22","slug":"palmeiras-ainda-nao-sabe-vencer-sem-fernando-prass-e-gabriel-jesus","status":"publish","type":"post","link":"https:\/\/blogdoprosperi.com\/?p=19121","title":{"rendered":"Palmeiras ainda n\u00e3o sabe vencer sem Fernando Prass e Gabriel Jesus"},"content":{"rendered":"<p><span class=\"alignnone\"><img data-recalc-dims=\"1\" loading=\"lazy\" decoding=\"async\" data-attachment-id=\"19194\" data-permalink=\"https:\/\/blogdoprosperi.com\/?attachment_id=19194\" data-orig-file=\"https:\/\/i0.wp.com\/blogdoprosperi.com\/wp-content\/uploads\/2016\/08\/20654100.jpg?fit=730%2C502&amp;ssl=1\" data-orig-size=\"730,502\" data-comments-opened=\"1\" data-image-meta=\"{&quot;aperture&quot;:&quot;0&quot;,&quot;credit&quot;:&quot;&quot;,&quot;camera&quot;:&quot;&quot;,&quot;caption&quot;:&quot;&quot;,&quot;created_timestamp&quot;:&quot;0&quot;,&quot;copyright&quot;:&quot;&quot;,&quot;focal_length&quot;:&quot;0&quot;,&quot;iso&quot;:&quot;0&quot;,&quot;shutter_speed&quot;:&quot;0&quot;,&quot;title&quot;:&quot;&quot;,&quot;orientation&quot;:&quot;0&quot;}\" data-image-title=\"20654100\" data-image-description=\"\" data-image-caption=\"\" data-large-file=\"https:\/\/i0.wp.com\/blogdoprosperi.com\/wp-content\/uploads\/2016\/08\/20654100.jpg?fit=730%2C502&amp;ssl=1\" class=\"alignnone size-full wp-image-19194\" src=\"https:\/\/i0.wp.com\/blogdoprosperi.com\/wp-content\/uploads\/2016\/08\/20654100.jpg?resize=730%2C502&#038;ssl=1\" alt=\"20654100\" width=\"730\" height=\"502\" \/><\/span><\/p>\n<p>Palmeiras quebra sequ\u00eancia de duas derrotas consecutivas ao empatar por 1 a 1 com a Chapecoense e acende a esperan\u00e7a de ser campe\u00e3o do primeiro turno do Brasileir\u00e3o. Chegou ao segundo lugar com 33 pontos, mesmo n\u00famero do <a href=\"http:\/\/blogdoprosperi.com\/2016\/08\/04\/santos-se-vira-sem-meio-time-diante-do-flamengo-e-saboreia-lideranca-do-brasileiro\/\">l\u00edder Santos <\/a>e do terceiro colocado Corinthians. Tem time e uma boa chance para buscar o t\u00edtulo simb\u00f3lico, desde que faca a diferen\u00e7a em casa contra o Vit\u00f3ria no domingo.<!--more--><\/p>\n<p>Para pleitear a volta da lideran\u00e7a, <a href=\"http:\/\/blogdoprosperi.com\/2016\/07\/31\/palmeiras-desanda-no-brasileirao-e-cede-lideranca-ao-corinthians\/\">Cuca vai ter de reorganizar a casa. <\/a>Passa por uma revis\u00e3o do sistema defensivo, inseguro desde a aus\u00eancia de Fernando Prass, e um rearranjo no ataque, sem norte quando <a href=\"http:\/\/blogdoprosperi.com\/2016\/08\/03\/manchester-city-confirma-contratacao-de-gabriel-jesus\/\">Gabriel Jesus<\/a> foi servir a Sele\u00e7\u00e3o Ol\u00edmpica.<\/p>\n<p>\u00c9 preciso provid\u00eancias urgentes, sob pena de iniciar o segundo turno acossado pela concorr\u00eancia. Precisa vencer, e bem, o Vit\u00f3ria e com boa margem de gols.<\/p>\n<p>Veja como est\u00e1 a pontua\u00e7\u00e3o e saldo de gols dos cinco concorrentes a campe\u00e3o do primeiro turno.<\/p>\n<blockquote><p>1) Santos 33, saldo 16, 10 vit\u00f3rias &#8211; pr\u00f3ximo jogo: Am\u00e9rica-MG (20.\u00ba) fora de casa.<\/p>\n<p>2) Palmeiras, 33, saldo 14; 10 vit\u00f3rias &#8211; pr\u00f3ximo jogo: Vit\u00f3ria (13.\u00ba) em casa.<\/p>\n<p>3) Corinthians, 33, saldo 13; 10 vit\u00f3rias &#8211; pr\u00f3ximo jogo: Cruzeiro (18.\u00ba) em casa.<\/p>\n<p>4) Gr\u00eamio, 32, saldo 7; 9 vit\u00f3rias &#8211; pr\u00f3ximo jogo: Botafogo (15.\u00ba) fora de casa<\/p>\n<p>5) Atl\u00e9tico-MG, 32, saldo 6; 9 vit\u00f3rias &#8211; pr\u00f3ximo jogo: Chapecoense (10.\u00ba) em casa<\/p><\/blockquote>\n<p><strong>AN\u00c1LISE DO JOGO<\/strong><\/p>\n<p>Palmeiras estava seguro no primeiro tempo. Chegava com alguma press\u00e3o no campo da Chapecoense, arriscava chutes de m\u00e9dia dist\u00e2ncia e n\u00e3o deixava o advers\u00e1rio encostar na \u00e1rea de gol.<\/p>\n<p>N\u00e3o era uma atua\u00e7\u00e3o de quem buscava retomar a lideran\u00e7a, mas tinha algum fundamento. Poderia ter sido mais impactante se Leandro Pereira e Erik estivessem ligados. Sem se movimentar, eram bem vigiados pelos donos da casa.<\/p>\n<p><span class=\"alignnone\"><img data-recalc-dims=\"1\" loading=\"lazy\" decoding=\"async\" data-attachment-id=\"19195\" data-permalink=\"https:\/\/blogdoprosperi.com\/?attachment_id=19195\" data-orig-file=\"https:\/\/i0.wp.com\/blogdoprosperi.com\/wp-content\/uploads\/2016\/08\/20655101.jpg?fit=730%2C502&amp;ssl=1\" data-orig-size=\"730,502\" data-comments-opened=\"1\" data-image-meta=\"{&quot;aperture&quot;:&quot;0&quot;,&quot;credit&quot;:&quot;&quot;,&quot;camera&quot;:&quot;&quot;,&quot;caption&quot;:&quot;&quot;,&quot;created_timestamp&quot;:&quot;0&quot;,&quot;copyright&quot;:&quot;&quot;,&quot;focal_length&quot;:&quot;0&quot;,&quot;iso&quot;:&quot;0&quot;,&quot;shutter_speed&quot;:&quot;0&quot;,&quot;title&quot;:&quot;&quot;,&quot;orientation&quot;:&quot;0&quot;}\" data-image-title=\"20655101\" data-image-description=\"\" data-image-caption=\"\" data-large-file=\"https:\/\/i0.wp.com\/blogdoprosperi.com\/wp-content\/uploads\/2016\/08\/20655101.jpg?fit=730%2C502&amp;ssl=1\" class=\"alignnone size-full wp-image-19195\" src=\"https:\/\/i0.wp.com\/blogdoprosperi.com\/wp-content\/uploads\/2016\/08\/20655101.jpg?resize=730%2C502&#038;ssl=1\" alt=\"20655101\" width=\"730\" height=\"502\" \/><\/span><\/p>\n<p>O Palmeiras n\u00e3o contava era com uma falha incr\u00edvel do assustado goleiro Wagner, eleito por Cuca para substituir o lesionado Fernando Prass. Em uma falta batida da lateral por Hoyran, Wagner saiu mal ao tentar socar a bola e deu a Kempes, em posi\u00e7\u00e3o de impedimento, a chance de fazer o gol.<\/p>\n<p>Ao ver a falha de seu goleiro e a desvantagem no placar, o Palmeiras desandou. Deixou de ser seguro e n\u00e3o conseguiu mais se sintonizar. E, pior, correu riscos de levar o segundo gol. O time se desorganizou de forma assustadora.<\/p>\n<p>No segundo tempo, Cuca voltou com Cleiton Xavier no lugar do volante Thiago Santos. Queria um criador e ainda atacar mais, se impor como um visitante indesejado. Deu resultado nos primeiros dez minutos. A Chapecoense suportou a press\u00e3o e passou a fazer valer o contra-ataque. E por pouco n\u00e3o beliscou o segundo gol.<\/p>\n<p>Cuca trocou Erik por Barrios e mais tarde Dudu por Allione. Ganhou for\u00e7a ofensiva, mas sem lucidez. Criou chance de gols e viu no goleiro Danilo um obst\u00e1culo instranspon\u00edvel.<\/p>\n<div class=\"jetpack-video-wrapper\"><span class=\"embed-youtube\" style=\"text-align:center; display: block;\"><iframe loading=\"lazy\" class=\"youtube-player\" width=\"560\" height=\"315\" src=\"https:\/\/www.youtube.com\/embed\/JKVZlcFsta0?version=3&#038;rel=1&#038;showsearch=0&#038;showinfo=1&#038;iv_load_policy=1&#038;fs=1&#038;hl=pt-BR&#038;autohide=2&#038;wmode=transparent\" allowfullscreen=\"true\" style=\"border:0;\" sandbox=\"allow-scripts allow-same-origin allow-popups allow-presentation allow-popups-to-escape-sandbox\"><\/iframe><\/span><\/div>\n<p>Na busca a todo custo por um empate, aconteceu o lance mais pol\u00eamico do jogo quando o \u00e1rbitro deu p\u00eanalti de Gil em Cleiton Xavier. Gil disse que foi &#8220;duvidoso&#8221;. &#8220;Preciso ver se toquei nele mesmo&#8221;, disse Gil ao final da partida.<\/p>\n<p>Jean bateu e converteu. O empate deu ao Palmeiras a mesma pontua\u00e7\u00e3o do l\u00edder Santos, 33, e um al\u00edvio ao time de Cuca, que acumulava duas derrotas consecutivas. Pode ser um recome\u00e7o de um time, ainda carente de Fernando Prass e de Gabriel jesus.<\/p>\n<p>&nbsp;<\/p>\n<p><strong>FICHA JOGO<\/strong><\/p>\n<p><strong>Chapecoense 1 x 1 Palmeiras<\/strong><\/p>\n<p><strong>Gols<\/strong>: Kempes, aos 29 do primeiro tempo; Jean, aos 40 do segundo tempo.<\/p>\n<p><b>Chapecoense:<\/b>\u00a0Danilo; Gimenez, William Thiego, Filipe Machado e Dener; Gil, Josimar, Cleber Santana e Hyoran (Ailton Canela, aos 30&#8217;\/2\u00baT); Kempes (Bruno Rangel, aos 26&#8217;\/2\u00baT) e Tiaguinho (Lourency, aos 26&#8217;\/2\u00baT). T\u00e9cnico: Caio J\u00fanior.<\/p>\n<p><strong>Palmeiras<\/strong>: Wagner, Jean, Thiago Martins, Vitor Hugo e Z\u00e9 Roberto; Thiago Santos (Cleiton Xavier), Tch\u00ea Tch\u00ea e Mois\u00e9s; Erik (Lucas Barrios), Leandro Pereira e Dudu (Allison).\u00a0<strong>T\u00e9cnico:<\/strong> Cuca<\/p>\n<p><strong>Juiz:<\/strong> Hilton Sampaio<br \/>\n<strong>Cart\u00e3o amarelo<\/strong>: Josimar,<br \/>\n<strong>Renda e p\u00fablico:<\/strong> n\u00e3o divulgados<br \/>\n<strong>Local:<\/strong> Arena Cond\u00e1<\/p>\n","protected":false},"excerpt":{"rendered":"<p>Palmeiras quebra sequ\u00eancia de duas derrotas consecutivas ao empatar por 1 a 1 com a Chapecoense e acende [&hellip;]<\/p>\n","protected":false},"author":102107496,"featured_media":0,"comment_status":"open","ping_status":"open","sticky":false,"template":"","format":"standard","meta":{"_coblocks_attr":"","_coblocks_dimensions":"","_coblocks_responsive_height":"","_coblocks_accordion_ie_support":"","_jetpack_newsletter_access":"","_jetpack_dont_email_post_to_subs":false,"_jetpack_newsletter_tier_id":0,"_jetpack_memberships_contains_paywalled_content":false,"_wpcom_ai_launchpad_first_post":false,"_jetpack_feature_clip_id":0,"_jetpack_memberships_contains_paid_content":false,"footnotes":"","jetpack_publicize_message":"","jetpack_publicize_feature_enabled":true,"jetpack_social_post_already_shared":false,"jetpack_social_options":{"image_generator_settings":{"template":"highway","default_image_id":0,"font":"","enabled":false},"version":2},"jetpack_post_was_ever_published":false},"categories":[355071,53870],"tags":[362595295,4227092,193000223,85954,789560560,232826435,447945594,8328841,7579916],"class_list":["post-19121","post","type-post","status-publish","format-standard","hentry","category-campeonato-brasileiro","category-futebol","tag-brasileirao-2016","tag-chapecoense","tag-chapecoense-x-palmeiras","tag-cuca","tag-futebol","tag-gabriel-jesus","tag-goleiro-wagner","tag-palmeiras-clube","tag-prass"],"yoast_head":"<!-- This site is optimized with the Yoast SEO plugin v28.3 - https:\/\/yoast.com\/product\/yoast-seo-wordpress\/ -->\n<title>Palmeiras ainda n\u00e3o sabe vencer sem Fernando Prass e Gabriel Jesus - PR\u00d3SPERI NEWS<\/title>\n<meta name=\"robots\" content=\"index, follow, max-snippet:-1, max-image-preview:large, max-video-preview:-1\" \/>\n<link rel=\"canonical\" href=\"https:\/\/blogdoprosperi.com\/?p=19121\" \/>\n<meta property=\"og:locale\" content=\"pt_BR\" \/>\n<meta property=\"og:type\" content=\"article\" \/>\n<meta property=\"og:title\" content=\"Palmeiras ainda n\u00e3o sabe vencer sem Fernando Prass e Gabriel Jesus - PR\u00d3SPERI NEWS\" \/>\n<meta property=\"og:description\" content=\"Palmeiras quebra sequ\u00eancia de duas derrotas consecutivas ao empatar por 1 a 1 com a Chapecoense e acende [&hellip;]\" \/>\n<meta property=\"og:url\" content=\"https:\/\/blogdoprosperi.com\/?p=19121\" \/>\n<meta property=\"og:site_name\" content=\"PR\u00d3SPERI NEWS\" \/>\n<meta property=\"article:publisher\" content=\"Luiz Pr\u00f3speri\" \/>\n<meta property=\"article:author\" content=\"Luiz Pr\u00f3speri\" \/>\n<meta property=\"article:published_time\" content=\"2016-08-05T03:16:01+00:00\" \/>\n<meta property=\"article:modified_time\" content=\"2016-08-05T03:21:22+00:00\" \/>\n<meta property=\"og:image\" content=\"https:\/\/blogdoprosperi.com\/wp-content\/uploads\/2016\/08\/20654100.jpg\" \/>\n<meta name=\"author\" content=\"Luiz Ant\u00f4nio Pr\u00f3speri\" \/>\n<meta name=\"twitter:card\" content=\"summary_large_image\" \/>\n<meta name=\"twitter:creator\" content=\"@Luizprosperi\" \/>\n<meta name=\"twitter:site\" content=\"@Luizprosperi\" \/>\n<meta name=\"twitter:label1\" content=\"Escrito por\" \/>\n\t<meta name=\"twitter:data1\" content=\"Luiz Ant\u00f4nio Pr\u00f3speri\" \/>\n\t<meta name=\"twitter:label2\" content=\"Est. tempo de leitura\" \/>\n\t<meta name=\"twitter:data2\" content=\"3 minutos\" \/>\n<script type=\"application\/ld+json\" class=\"yoast-schema-graph\">{\"@context\":\"https:\\\/\\\/schema.org\",\"@graph\":[{\"@type\":\"Article\",\"@id\":\"https:\\\/\\\/blogdoprosperi.com\\\/?p=19121#article\",\"isPartOf\":{\"@id\":\"https:\\\/\\\/blogdoprosperi.com\\\/?p=19121\"},\"author\":{\"name\":\"Luiz Ant\u00f4nio Pr\u00f3speri\",\"@id\":\"https:\\\/\\\/blogdoprosperi.com\\\/#\\\/schema\\\/person\\\/38100755ce3601861ee4fab9b5aa78e9\"},\"headline\":\"Palmeiras ainda n\u00e3o sabe vencer sem Fernando Prass e Gabriel Jesus\",\"datePublished\":\"2016-08-05T03:16:01+00:00\",\"dateModified\":\"2016-08-05T03:21:22+00:00\",\"mainEntityOfPage\":{\"@id\":\"https:\\\/\\\/blogdoprosperi.com\\\/?p=19121\"},\"wordCount\":704,\"commentCount\":2,\"publisher\":{\"@id\":\"https:\\\/\\\/blogdoprosperi.com\\\/#\\\/schema\\\/person\\\/38100755ce3601861ee4fab9b5aa78e9\"},\"image\":{\"@id\":\"https:\\\/\\\/blogdoprosperi.com\\\/?p=19121#primaryimage\"},\"thumbnailUrl\":\"https:\\\/\\\/blogdoprosperi.com\\\/wp-content\\\/uploads\\\/2016\\\/08\\\/20654100.jpg\",\"keywords\":[\"Brasileir\u00e3o-2016\",\"Chapecoense\",\"Chapecoense x Palmeiras\",\"Cuca\",\"futebol\",\"Gabriel Jesus\",\"goleiro Wagner\",\"Palmeiras Clube\",\"Prass\"],\"articleSection\":[\"Campeonato Brasileiro\",\"futebol\"],\"inLanguage\":\"pt-BR\",\"potentialAction\":[{\"@type\":\"CommentAction\",\"name\":\"Comment\",\"target\":[\"https:\\\/\\\/blogdoprosperi.com\\\/?p=19121#respond\"]}]},{\"@type\":\"WebPage\",\"@id\":\"https:\\\/\\\/blogdoprosperi.com\\\/?p=19121\",\"url\":\"https:\\\/\\\/blogdoprosperi.com\\\/?p=19121\",\"name\":\"Palmeiras ainda n\u00e3o sabe vencer sem Fernando Prass e Gabriel Jesus - PR\u00d3SPERI NEWS\",\"isPartOf\":{\"@id\":\"https:\\\/\\\/blogdoprosperi.com\\\/#website\"},\"primaryImageOfPage\":{\"@id\":\"https:\\\/\\\/blogdoprosperi.com\\\/?p=19121#primaryimage\"},\"image\":{\"@id\":\"https:\\\/\\\/blogdoprosperi.com\\\/?p=19121#primaryimage\"},\"thumbnailUrl\":\"https:\\\/\\\/blogdoprosperi.com\\\/wp-content\\\/uploads\\\/2016\\\/08\\\/20654100.jpg\",\"datePublished\":\"2016-08-05T03:16:01+00:00\",\"dateModified\":\"2016-08-05T03:21:22+00:00\",\"breadcrumb\":{\"@id\":\"https:\\\/\\\/blogdoprosperi.com\\\/?p=19121#breadcrumb\"},\"inLanguage\":\"pt-BR\",\"potentialAction\":[{\"@type\":\"ReadAction\",\"target\":[\"https:\\\/\\\/blogdoprosperi.com\\\/?p=19121\"]}]},{\"@type\":\"ImageObject\",\"inLanguage\":\"pt-BR\",\"@id\":\"https:\\\/\\\/blogdoprosperi.com\\\/?p=19121#primaryimage\",\"url\":\"https:\\\/\\\/i0.wp.com\\\/blogdoprosperi.com\\\/wp-content\\\/uploads\\\/2016\\\/08\\\/20654100.jpg?fit=730%2C502&ssl=1\",\"contentUrl\":\"https:\\\/\\\/i0.wp.com\\\/blogdoprosperi.com\\\/wp-content\\\/uploads\\\/2016\\\/08\\\/20654100.jpg?fit=730%2C502&ssl=1\",\"width\":730,\"height\":502},{\"@type\":\"BreadcrumbList\",\"@id\":\"https:\\\/\\\/blogdoprosperi.com\\\/?p=19121#breadcrumb\",\"itemListElement\":[{\"@type\":\"ListItem\",\"position\":1,\"name\":\"In\u00edcio\",\"item\":\"https:\\\/\\\/blogdoprosperi.com\\\/\"},{\"@type\":\"ListItem\",\"position\":2,\"name\":\"Palmeiras ainda n\u00e3o sabe vencer sem Fernando Prass e Gabriel Jesus\"}]},{\"@type\":\"WebSite\",\"@id\":\"https:\\\/\\\/blogdoprosperi.com\\\/#website\",\"url\":\"https:\\\/\\\/blogdoprosperi.com\\\/\",\"name\":\"PR\u00d3SPERI NEWS\",\"description\":\"TUDO \u00c9  FUTEBOL\",\"publisher\":{\"@id\":\"https:\\\/\\\/blogdoprosperi.com\\\/#\\\/schema\\\/person\\\/38100755ce3601861ee4fab9b5aa78e9\"},\"alternateName\":\"blogdoprosperi.com\",\"potentialAction\":[{\"@type\":\"SearchAction\",\"target\":{\"@type\":\"EntryPoint\",\"urlTemplate\":\"https:\\\/\\\/blogdoprosperi.com\\\/?s={search_term_string}\"},\"query-input\":{\"@type\":\"PropertyValueSpecification\",\"valueRequired\":true,\"valueName\":\"search_term_string\"}}],\"inLanguage\":\"pt-BR\"},{\"@type\":[\"Person\",\"Organization\"],\"@id\":\"https:\\\/\\\/blogdoprosperi.com\\\/#\\\/schema\\\/person\\\/38100755ce3601861ee4fab9b5aa78e9\",\"name\":\"Luiz Ant\u00f4nio Pr\u00f3speri\",\"pronouns\":\"ele\",\"image\":{\"@type\":\"ImageObject\",\"inLanguage\":\"pt-BR\",\"@id\":\"https:\\\/\\\/i0.wp.com\\\/blogdoprosperi.com\\\/wp-content\\\/uploads\\\/2026\\\/05\\\/cropped-8059e613-6002-42fa-961e-8e275f575d71-2-5.jpg?fit=1360%2C931&ssl=1\",\"url\":\"https:\\\/\\\/i0.wp.com\\\/blogdoprosperi.com\\\/wp-content\\\/uploads\\\/2026\\\/05\\\/cropped-8059e613-6002-42fa-961e-8e275f575d71-2-5.jpg?fit=1360%2C931&ssl=1\",\"contentUrl\":\"https:\\\/\\\/i0.wp.com\\\/blogdoprosperi.com\\\/wp-content\\\/uploads\\\/2026\\\/05\\\/cropped-8059e613-6002-42fa-961e-8e275f575d71-2-5.jpg?fit=1360%2C931&ssl=1\",\"width\":1360,\"height\":931,\"caption\":\"Luiz Ant\u00f4nio Pr\u00f3speri\"},\"logo\":{\"@id\":\"https:\\\/\\\/i0.wp.com\\\/blogdoprosperi.com\\\/wp-content\\\/uploads\\\/2026\\\/05\\\/cropped-8059e613-6002-42fa-961e-8e275f575d71-2-5.jpg?fit=1360%2C931&ssl=1\"},\"description\":\"Jornalista com carreira dedicada ao esporte. Cobriu 9 Copas do Mundo in loco, 1990 na It\u00e1lia, 1994 nos EUA, 1998 na Fran\u00e7a, 2002 na Coreia do Sul e Jap\u00e3o, 2006 na Alemanha, 2010 na \u00c1frica do Sul, 2014 no Brasil, 2018 na R\u00fassia e 2022 no Qatar. Eurocopas, 1992 na Su\u00e9cia e 1996 na Inglaterra. Copa das Confedera\u00e7\u00f5es de 2005 na Alemanha e 2009 na \u00c1frica do Sul. Rep\u00f3rter e Editor, trabalhou no Jornal da Tarde e Estad\u00e3o, de 1984 a fevereiro de 2016. Colunista, blogueiro. E comentarista de futebol na R\u00e1dio Estad\u00e3o, de 2013 a fevereiro de 2016. Jornalista respons\u00e1vel do \\\"Pr\u00f3speri News\\\" (blogdoprosperi.com).\",\"sameAs\":[\"http:\\\/\\\/blogdoprosperi.com\",\"Luiz Pr\u00f3speri\",\"@luiz_prosperi\",\"https:\\\/\\\/x.com\\\/Luizprosperi\",\"@prosperinacopa\",\"luiz.prosperi@icloud.com\"],\"url\":\"https:\\\/\\\/blogdoprosperi.com\\\/?author=102107496\"}]}<\/script>\n<!-- \/ Yoast SEO plugin. -->","yoast_head_json":{"title":"Palmeiras ainda n\u00e3o sabe vencer sem Fernando Prass e Gabriel Jesus - PR\u00d3SPERI NEWS","robots":{"index":"index","follow":"follow","max-snippet":"max-snippet:-1","max-image-preview":"max-image-preview:large","max-video-preview":"max-video-preview:-1"},"canonical":"https:\/\/blogdoprosperi.com\/?p=19121","og_locale":"pt_BR","og_type":"article","og_title":"Palmeiras ainda n\u00e3o sabe vencer sem Fernando Prass e Gabriel Jesus - PR\u00d3SPERI NEWS","og_description":"Palmeiras quebra sequ\u00eancia de duas derrotas consecutivas ao empatar por 1 a 1 com a Chapecoense e acende [&hellip;]","og_url":"https:\/\/blogdoprosperi.com\/?p=19121","og_site_name":"PR\u00d3SPERI NEWS","article_publisher":"Luiz Pr\u00f3speri","article_author":"Luiz Pr\u00f3speri","article_published_time":"2016-08-05T03:16:01+00:00","article_modified_time":"2016-08-05T03:21:22+00:00","og_image":[{"url":"https:\/\/blogdoprosperi.com\/wp-content\/uploads\/2016\/08\/20654100.jpg","type":"","width":"","height":""}],"author":"Luiz Ant\u00f4nio Pr\u00f3speri","twitter_card":"summary_large_image","twitter_creator":"@Luizprosperi","twitter_site":"@Luizprosperi","twitter_misc":{"Escrito por":"Luiz Ant\u00f4nio Pr\u00f3speri","Est. tempo de leitura":"3 minutos"},"schema":{"@context":"https:\/\/schema.org","@graph":[{"@type":"Article","@id":"https:\/\/blogdoprosperi.com\/?p=19121#article","isPartOf":{"@id":"https:\/\/blogdoprosperi.com\/?p=19121"},"author":{"name":"Luiz Ant\u00f4nio Pr\u00f3speri","@id":"https:\/\/blogdoprosperi.com\/#\/schema\/person\/38100755ce3601861ee4fab9b5aa78e9"},"headline":"Palmeiras ainda n\u00e3o sabe vencer sem Fernando Prass e Gabriel Jesus","datePublished":"2016-08-05T03:16:01+00:00","dateModified":"2016-08-05T03:21:22+00:00","mainEntityOfPage":{"@id":"https:\/\/blogdoprosperi.com\/?p=19121"},"wordCount":704,"commentCount":2,"publisher":{"@id":"https:\/\/blogdoprosperi.com\/#\/schema\/person\/38100755ce3601861ee4fab9b5aa78e9"},"image":{"@id":"https:\/\/blogdoprosperi.com\/?p=19121#primaryimage"},"thumbnailUrl":"https:\/\/blogdoprosperi.com\/wp-content\/uploads\/2016\/08\/20654100.jpg","keywords":["Brasileir\u00e3o-2016","Chapecoense","Chapecoense x Palmeiras","Cuca","futebol","Gabriel Jesus","goleiro Wagner","Palmeiras Clube","Prass"],"articleSection":["Campeonato Brasileiro","futebol"],"inLanguage":"pt-BR","potentialAction":[{"@type":"CommentAction","name":"Comment","target":["https:\/\/blogdoprosperi.com\/?p=19121#respond"]}]},{"@type":"WebPage","@id":"https:\/\/blogdoprosperi.com\/?p=19121","url":"https:\/\/blogdoprosperi.com\/?p=19121","name":"Palmeiras ainda n\u00e3o sabe vencer sem Fernando Prass e Gabriel Jesus - PR\u00d3SPERI NEWS","isPartOf":{"@id":"https:\/\/blogdoprosperi.com\/#website"},"primaryImageOfPage":{"@id":"https:\/\/blogdoprosperi.com\/?p=19121#primaryimage"},"image":{"@id":"https:\/\/blogdoprosperi.com\/?p=19121#primaryimage"},"thumbnailUrl":"https:\/\/blogdoprosperi.com\/wp-content\/uploads\/2016\/08\/20654100.jpg","datePublished":"2016-08-05T03:16:01+00:00","dateModified":"2016-08-05T03:21:22+00:00","breadcrumb":{"@id":"https:\/\/blogdoprosperi.com\/?p=19121#breadcrumb"},"inLanguage":"pt-BR","potentialAction":[{"@type":"ReadAction","target":["https:\/\/blogdoprosperi.com\/?p=19121"]}]},{"@type":"ImageObject","inLanguage":"pt-BR","@id":"https:\/\/blogdoprosperi.com\/?p=19121#primaryimage","url":"https:\/\/i0.wp.com\/blogdoprosperi.com\/wp-content\/uploads\/2016\/08\/20654100.jpg?fit=730%2C502&ssl=1","contentUrl":"https:\/\/i0.wp.com\/blogdoprosperi.com\/wp-content\/uploads\/2016\/08\/20654100.jpg?fit=730%2C502&ssl=1","width":730,"height":502},{"@type":"BreadcrumbList","@id":"https:\/\/blogdoprosperi.com\/?p=19121#breadcrumb","itemListElement":[{"@type":"ListItem","position":1,"name":"In\u00edcio","item":"https:\/\/blogdoprosperi.com\/"},{"@type":"ListItem","position":2,"name":"Palmeiras ainda n\u00e3o sabe vencer sem Fernando Prass e Gabriel Jesus"}]},{"@type":"WebSite","@id":"https:\/\/blogdoprosperi.com\/#website","url":"https:\/\/blogdoprosperi.com\/","name":"PR\u00d3SPERI NEWS","description":"TUDO \u00c9  FUTEBOL","publisher":{"@id":"https:\/\/blogdoprosperi.com\/#\/schema\/person\/38100755ce3601861ee4fab9b5aa78e9"},"alternateName":"blogdoprosperi.com","potentialAction":[{"@type":"SearchAction","target":{"@type":"EntryPoint","urlTemplate":"https:\/\/blogdoprosperi.com\/?s={search_term_string}"},"query-input":{"@type":"PropertyValueSpecification","valueRequired":true,"valueName":"search_term_string"}}],"inLanguage":"pt-BR"},{"@type":["Person","Organization"],"@id":"https:\/\/blogdoprosperi.com\/#\/schema\/person\/38100755ce3601861ee4fab9b5aa78e9","name":"Luiz Ant\u00f4nio Pr\u00f3speri","pronouns":"ele","image":{"@type":"ImageObject","inLanguage":"pt-BR","@id":"https:\/\/i0.wp.com\/blogdoprosperi.com\/wp-content\/uploads\/2026\/05\/cropped-8059e613-6002-42fa-961e-8e275f575d71-2-5.jpg?fit=1360%2C931&ssl=1","url":"https:\/\/i0.wp.com\/blogdoprosperi.com\/wp-content\/uploads\/2026\/05\/cropped-8059e613-6002-42fa-961e-8e275f575d71-2-5.jpg?fit=1360%2C931&ssl=1","contentUrl":"https:\/\/i0.wp.com\/blogdoprosperi.com\/wp-content\/uploads\/2026\/05\/cropped-8059e613-6002-42fa-961e-8e275f575d71-2-5.jpg?fit=1360%2C931&ssl=1","width":1360,"height":931,"caption":"Luiz Ant\u00f4nio Pr\u00f3speri"},"logo":{"@id":"https:\/\/i0.wp.com\/blogdoprosperi.com\/wp-content\/uploads\/2026\/05\/cropped-8059e613-6002-42fa-961e-8e275f575d71-2-5.jpg?fit=1360%2C931&ssl=1"},"description":"Jornalista com carreira dedicada ao esporte. Cobriu 9 Copas do Mundo in loco, 1990 na It\u00e1lia, 1994 nos EUA, 1998 na Fran\u00e7a, 2002 na Coreia do Sul e Jap\u00e3o, 2006 na Alemanha, 2010 na \u00c1frica do Sul, 2014 no Brasil, 2018 na R\u00fassia e 2022 no Qatar. Eurocopas, 1992 na Su\u00e9cia e 1996 na Inglaterra. Copa das Confedera\u00e7\u00f5es de 2005 na Alemanha e 2009 na \u00c1frica do Sul. Rep\u00f3rter e Editor, trabalhou no Jornal da Tarde e Estad\u00e3o, de 1984 a fevereiro de 2016. Colunista, blogueiro. E comentarista de futebol na R\u00e1dio Estad\u00e3o, de 2013 a fevereiro de 2016. Jornalista respons\u00e1vel do \"Pr\u00f3speri News\" (blogdoprosperi.com).","sameAs":["http:\/\/blogdoprosperi.com","Luiz Pr\u00f3speri","@luiz_prosperi","https:\/\/x.com\/Luizprosperi","@prosperinacopa","luiz.prosperi@icloud.com"],"url":"https:\/\/blogdoprosperi.com\/?author=102107496"}]}},"jetpack_publicize_connections":[],"jetpack_likes_enabled":false,"jetpack_sharing_enabled":true,"jetpack_shortlink":"https:\/\/wp.me\/p7jvdk-4Yp","jetpack-related-posts":[{"id":33179,"url":"https:\/\/blogdoprosperi.com\/?p=33179","url_meta":{"origin":19121,"position":0},"title":"Palmeiras maior campe\u00e3o","author":"Luiz Ant\u00f4nio Pr\u00f3speri","date":"27 de novembro de 2016","format":false,"excerpt":"\u00a0 Palmeiras nove vezes campe\u00e3o do Brasil. A consagra\u00e7\u00e3o come\u00e7ou em maio, quando venceu o Atl\u00e9tico-PR por 4 a 0 na estreia, e acabou neste domingo (27\/11) ao derrotar a Chapecoense por 1 a 0 no Allianz Parque. Uma conquista irrepar\u00e1vel, repleta de her\u00f3is improv\u00e1veis como Jailson, uma comunh\u00e3o inesquec\u00edvel\u2026","rel":"","context":"Em &quot;Campeonato Brasileiro&quot;","block_context":{"text":"Campeonato Brasileiro","link":"https:\/\/blogdoprosperi.com\/?cat=355071"},"img":{"alt_text":"","src":"https:\/\/i0.wp.com\/blogdoprosperi.com\/wp-content\/uploads\/2016\/11\/imagem_2609_original.jpg?resize=350%2C200&ssl=1","width":350,"height":200,"srcset":"https:\/\/i0.wp.com\/blogdoprosperi.com\/wp-content\/uploads\/2016\/11\/imagem_2609_original.jpg?resize=350%2C200&ssl=1 1x, https:\/\/i0.wp.com\/blogdoprosperi.com\/wp-content\/uploads\/2016\/11\/imagem_2609_original.jpg?resize=525%2C300&ssl=1 1.5x, https:\/\/i0.wp.com\/blogdoprosperi.com\/wp-content\/uploads\/2016\/11\/imagem_2609_original.jpg?resize=700%2C400&ssl=1 2x"},"classes":[]},{"id":19221,"url":"https:\/\/blogdoprosperi.com\/?p=19221","url_meta":{"origin":19121,"position":1},"title":"Palmeiras esquece Academia de Goleiros e procura sucessor de Fernando Prass","author":"Luiz Ant\u00f4nio Pr\u00f3speri","date":"5 de agosto de 2016","format":false,"excerpt":"Palmeiras tinha uma Academia de Goleiros at\u00e9 Marcos se aposentar em 2012. Revelava como ningu\u00e9m. Quando 'S\u00e3o Marcos' saiu de cena, o clube n\u00e3o conseguiu emplacar mais nenhum goleiro, mesmo com muitos garotos convocados com regularidade pelas sele\u00e7\u00f5es de base da CBF. Sem Fernando Prass e com as primeiras pixotadas\u2026","rel":"","context":"Em &quot;futebol&quot;","block_context":{"text":"futebol","link":"https:\/\/blogdoprosperi.com\/?cat=53870"},"img":{"alt_text":"","src":"https:\/\/i0.wp.com\/blogdoprosperi.com\/wp-content\/uploads\/2016\/08\/zetti-palmeiras.jpg?resize=350%2C200","width":350,"height":200,"srcset":"https:\/\/i0.wp.com\/blogdoprosperi.com\/wp-content\/uploads\/2016\/08\/zetti-palmeiras.jpg?resize=350%2C200 1x, https:\/\/i0.wp.com\/blogdoprosperi.com\/wp-content\/uploads\/2016\/08\/zetti-palmeiras.jpg?resize=525%2C300 1.5x, https:\/\/i0.wp.com\/blogdoprosperi.com\/wp-content\/uploads\/2016\/08\/zetti-palmeiras.jpg?resize=700%2C400 2x"},"classes":[]},{"id":35947,"url":"https:\/\/blogdoprosperi.com\/?p=35947","url_meta":{"origin":19121,"position":2},"title":"Ceni muda de postura e Cuca tem reca\u00edda","author":"Luiz Ant\u00f4nio Pr\u00f3speri","date":"28 de maio de 2017","format":false,"excerpt":"S\u00e3o Paulo sustentou um tabu de n\u00e3o perder para o Palmeiras no Morumbi desde 2002 ao vencer o cl\u00e1ssico por 2 a 0 neste s\u00e1bado (27\/5). Muito da vit\u00f3ria do Tricolor passa pelo acerto na estrat\u00e9gia de Rogerio Ceni e nos equ\u00edvocos de Cuca. E, claro, na precis\u00e3o de Lucas\u2026","rel":"","context":"Em &quot;Campeonato Brasileiro&quot;","block_context":{"text":"Campeonato Brasileiro","link":"https:\/\/blogdoprosperi.com\/?cat=355071"},"img":{"alt_text":"","src":"https:\/\/i0.wp.com\/blogdoprosperi.com\/wp-content\/uploads\/2017\/05\/622_124c1a7c-b4dd-3e4e-85e0-c328eaa5546c.jpg?fit=622%2C350&ssl=1&resize=350%2C200","width":350,"height":200,"srcset":"https:\/\/i0.wp.com\/blogdoprosperi.com\/wp-content\/uploads\/2017\/05\/622_124c1a7c-b4dd-3e4e-85e0-c328eaa5546c.jpg?fit=622%2C350&ssl=1&resize=350%2C200 1x, https:\/\/i0.wp.com\/blogdoprosperi.com\/wp-content\/uploads\/2017\/05\/622_124c1a7c-b4dd-3e4e-85e0-c328eaa5546c.jpg?fit=622%2C350&ssl=1&resize=525%2C300 1.5x"},"classes":[]},{"id":18236,"url":"https:\/\/blogdoprosperi.com\/?p=18236","url_meta":{"origin":19121,"position":3},"title":"Palmeiras desanda no Brasileir\u00e3o e cede lideran\u00e7a ao Corinthians","author":"Luiz Ant\u00f4nio Pr\u00f3speri","date":"31 de julho de 2016","format":false,"excerpt":"Palmeiras, sem Fernando Prass e Gabriel Jesus, conhece sua segunda derrota consecutiva e desanda no Campeonato Brasileiro. De l\u00edder, desde a nona rodada, cai para o terceiro lugar ultrapassado por Corinthians, que assumiu a ponta, e Santos, ao perder por 3 a 1 para o Botafogo neste domingo (30\/7) no\u2026","rel":"","context":"Em &quot;Campeonato Brasileiro&quot;","block_context":{"text":"Campeonato Brasileiro","link":"https:\/\/blogdoprosperi.com\/?cat=355071"},"img":{"alt_text":"","src":"https:\/\/i0.wp.com\/blogdoprosperi.com\/wp-content\/uploads\/2016\/07\/gol_neilton_botafogo.jpg?resize=350%2C200&ssl=1","width":350,"height":200,"srcset":"https:\/\/i0.wp.com\/blogdoprosperi.com\/wp-content\/uploads\/2016\/07\/gol_neilton_botafogo.jpg?resize=350%2C200&ssl=1 1x, https:\/\/i0.wp.com\/blogdoprosperi.com\/wp-content\/uploads\/2016\/07\/gol_neilton_botafogo.jpg?resize=525%2C300&ssl=1 1.5x"},"classes":[]},{"id":16524,"url":"https:\/\/blogdoprosperi.com\/?p=16524","url_meta":{"origin":19121,"position":4},"title":"Palmeiras se fortalece em busca da ta\u00e7a do Brasileir\u00e3o","author":"Luiz Ant\u00f4nio Pr\u00f3speri","date":"17 de julho de 2016","format":false,"excerpt":"Palmeiras n\u00e3o respeita a estreia de Paulo Roberto Falc\u00e3o, derrota o Inter e pulveriza um jejum de 19 anos sem vencer no Beira-Rio. Mais que o simbolismo da vit\u00f3ria, manda um forte recado aos concorrentes de que embicou na trilha certa do t\u00edtulo a quatro rodadas do encerramento do primeiro\u2026","rel":"","context":"Em &quot;Campeonato Brasileiro&quot;","block_context":{"text":"Campeonato Brasileiro","link":"https:\/\/blogdoprosperi.com\/?cat=355071"},"img":{"alt_text":"","src":"https:\/\/i0.wp.com\/blogdoprosperi.com\/wp-content\/uploads\/2016\/07\/20154566.jpg?resize=350%2C200&ssl=1","width":350,"height":200,"srcset":"https:\/\/i0.wp.com\/blogdoprosperi.com\/wp-content\/uploads\/2016\/07\/20154566.jpg?resize=350%2C200&ssl=1 1x, https:\/\/i0.wp.com\/blogdoprosperi.com\/wp-content\/uploads\/2016\/07\/20154566.jpg?resize=525%2C300&ssl=1 1.5x"},"classes":[]},{"id":19599,"url":"https:\/\/blogdoprosperi.com\/?p=19599","url_meta":{"origin":19121,"position":5},"title":"Palmeiras reassume lideran\u00e7a e descobre goleiro Ja\u00edlson","author":"Luiz Ant\u00f4nio Pr\u00f3speri","date":"7 de agosto de 2016","format":false,"excerpt":"Palmeiras reassume a ponta do Campeonato Brasileiro ao derrotar o Vit\u00f3ria por 2 a 1 no Allianz Parque. Mais que devolver o time ao primeiro posto, o jogo apresentou Ja\u00edlson, novo sucessor de Fernando Prass. Esquecido como terceiro goleiro, ap\u00f3s quase um ano sem jogar por causa de uma grave\u2026","rel":"","context":"Em &quot;Campeonato Brasileiro&quot;","block_context":{"text":"Campeonato Brasileiro","link":"https:\/\/blogdoprosperi.com\/?cat=355071"},"img":{"alt_text":"","src":"https:\/\/i0.wp.com\/blogdoprosperi.com\/wp-content\/uploads\/2016\/08\/622_b19712f7-d62d-38a0-bb16-237abc262000.jpg?resize=350%2C200&ssl=1","width":350,"height":200,"srcset":"https:\/\/i0.wp.com\/blogdoprosperi.com\/wp-content\/uploads\/2016\/08\/622_b19712f7-d62d-38a0-bb16-237abc262000.jpg?resize=350%2C200&ssl=1 1x, https:\/\/i0.wp.com\/blogdoprosperi.com\/wp-content\/uploads\/2016\/08\/622_b19712f7-d62d-38a0-bb16-237abc262000.jpg?resize=525%2C300&ssl=1 1.5x"},"classes":[]}],"jetpack_featured_media_url":"","_links":{"self":[{"href":"https:\/\/blogdoprosperi.com\/index.php?rest_route=\/wp\/v2\/posts\/19121","targetHints":{"allow":["GET"]}}],"collection":[{"href":"https:\/\/blogdoprosperi.com\/index.php?rest_route=\/wp\/v2\/posts"}],"about":[{"href":"https:\/\/blogdoprosperi.com\/index.php?rest_route=\/wp\/v2\/types\/post"}],"author":[{"embeddable":true,"href":"https:\/\/blogdoprosperi.com\/index.php?rest_route=\/wp\/v2\/users\/102107496"}],"replies":[{"embeddable":true,"href":"https:\/\/blogdoprosperi.com\/index.php?rest_route=%2Fwp%2Fv2%2Fcomments&post=19121"}],"version-history":[{"count":25,"href":"https:\/\/blogdoprosperi.com\/index.php?rest_route=\/wp\/v2\/posts\/19121\/revisions"}],"predecessor-version":[{"id":19217,"href":"https:\/\/blogdoprosperi.com\/index.php?rest_route=\/wp\/v2\/posts\/19121\/revisions\/19217"}],"wp:attachment":[{"href":"https:\/\/blogdoprosperi.com\/index.php?rest_route=%2Fwp%2Fv2%2Fmedia&parent=19121"}],"wp:term":[{"taxonomy":"category","embeddable":true,"href":"https:\/\/blogdoprosperi.com\/index.php?rest_route=%2Fwp%2Fv2%2Fcategories&post=19121"},{"taxonomy":"post_tag","embeddable":true,"href":"https:\/\/blogdoprosperi.com\/index.php?rest_route=%2Fwp%2Fv2%2Ftags&post=19121"}],"curies":[{"name":"wp","href":"https:\/\/api.w.org\/{rel}","templated":true}]}}