{"id":1915,"date":"2016-04-21T03:08:35","date_gmt":"2016-04-21T03:08:35","guid":{"rendered":"https:\/\/blogdoprosperi.com\/?p=1915"},"modified":"2016-04-21T03:32:44","modified_gmt":"2016-04-21T03:32:44","slug":"corinthians-arrasa-cobresal-e-pode-vingar-palmeiras-na-libertadores","status":"publish","type":"post","link":"https:\/\/blogdoprosperi.com\/?p=1915","title":{"rendered":"Corinthians arrasa Cobresal e pode vingar Palmeiras na Libertadores"},"content":{"rendered":"<p>&nbsp;<\/p>\n<figure id=\"attachment_2031\" aria-describedby=\"caption-attachment-2031\" style=\"width: 688px\" class=\"wp-caption alignnone\"><img data-recalc-dims=\"1\" loading=\"lazy\" decoding=\"async\" data-attachment-id=\"2031\" data-permalink=\"https:\/\/blogdoprosperi.com\/?attachment_id=2031\" data-orig-file=\"https:\/\/i0.wp.com\/blogdoprosperi.com\/wp-content\/uploads\/2016\/04\/marlone-edilson-corinthians-cobresal-copa-libertadores-20042016_1d9r6m2vbnobg1uoofkwfb1b9a.jpg?fit=620%2C430&amp;ssl=1\" data-orig-size=\"620,430\" data-comments-opened=\"1\" data-image-meta=\"{&quot;aperture&quot;:&quot;0&quot;,&quot;credit&quot;:&quot;&quot;,&quot;camera&quot;:&quot;&quot;,&quot;caption&quot;:&quot;&quot;,&quot;created_timestamp&quot;:&quot;0&quot;,&quot;copyright&quot;:&quot;&quot;,&quot;focal_length&quot;:&quot;0&quot;,&quot;iso&quot;:&quot;0&quot;,&quot;shutter_speed&quot;:&quot;0&quot;,&quot;title&quot;:&quot;&quot;,&quot;orientation&quot;:&quot;0&quot;}\" data-image-title=\"marlone-edilson-corinthians-cobresal-copa-libertadores-20042016_1d9r6m2vbnobg1uoofkwfb1b9a\" data-image-description=\"\" data-image-caption=\"\" data-large-file=\"https:\/\/i0.wp.com\/blogdoprosperi.com\/wp-content\/uploads\/2016\/04\/marlone-edilson-corinthians-cobresal-copa-libertadores-20042016_1d9r6m2vbnobg1uoofkwfb1b9a.jpg?fit=620%2C430&amp;ssl=1\" class=\"alignnone  wp-image-2031\" src=\"https:\/\/i0.wp.com\/blogdoprosperi.com\/wp-content\/uploads\/2016\/04\/marlone-edilson-corinthians-cobresal-copa-libertadores-20042016_1d9r6m2vbnobg1uoofkwfb1b9a.jpg?resize=688%2C477&#038;ssl=1\" alt=\"marlone-edilson-corinthians-cobresal-copa-libertadores-20042016_1d9r6m2vbnobg1uoofkwfb1b9a\" width=\"688\" height=\"477\" \/><figcaption id=\"caption-attachment-2031\" class=\"wp-caption-text\">Marlone recebe um abra\u00e7o por sua obra-prima contra o Cobresal<\/figcaption><\/figure>\n<p>Um come\u00e7o arrasador, com dois gols em menos de 15 minutos, levou o Corinthians a atropelar o Cobresal, do Chile, por 6 a 0, nesta quarta-feira, 20\/4. Com este resultado, fechou a primeira fase da Copa Libertadores na lideran\u00e7a do Grupo B. O time de Tite, dependendo dos resultados dessa quinta-feira, pode enfrentar o Nacional, do Uruguai, nas oitavas de final, algoz do Palmeiras.<\/p>\n<p>Entre os 16 que v\u00e3o disputar a segunda fase, o Corinthians se garantiu com a terceira campanha na classifica\u00e7\u00e3o geral &#8211; atr\u00e1s apenas do Atl\u00e9tico Nacional, da Col\u00f4mbia, e Pumas, do M\u00e9xico.<\/p>\n<p>De acordo com o regulamento da Libertadores, o primeiro colocado enfrenta 16.\u00ba, o segundo pega o 15.\u00ba, o terceiro, o 14.\u00ba, e assim por diante. Por isso, o Corinthians tem 99,9% de chances de jogar as oitavas de final, em ida e volta, contra o Nacional, respons\u00e1vel pela desclassifica\u00e7\u00e3o do Palmeiras no Grupo B.<\/p>\n<p>&#8220;N\u00e3o queria enfrentar uma equipe brasileira na pr\u00f3xima fase. Deve ser mesmo o Nacional, mas eu preciso ver mais esse time para formar uma opini\u00e3o&#8221;, disse Tite, que, em avalia\u00e7\u00e3o anterior quando o Palmeiras foi eliminado, comentou sobre a falta de competitividade de Nacional 0 x 2 Ros\u00e1rio Central.<\/p>\n<p>Na partida desta quarta-feira no Itaquer\u00e3o lotado (40.090 pagantes), o time de Tite jogou o primeiro tempo com dez reservas e mais C\u00e1ssio. O t\u00e9cnico preservou os titulares para o jogo da semifinal do Paulist\u00e3o contra o Osasco Audax neste s\u00e1bado.<\/p>\n<p>Mesmo assim, obrigou seu time a uma press\u00e3o avassaladora nos 20 minutos iniciais. Deu certo. At\u00e9 porque, o Cobresal n\u00e3o tem o requinte de uma equipe de primeira linha do futebol sul-americano. Nem uniforme. Por sinal, um dos mais horrorosos entre os 32 clubes desta Copa Libertadores 2016.<\/p>\n<p>Ent\u00e3o, em 15 minutos, Marlone abriu a contagem, Romero fez o segundo e o time se acalmou um pouco. Deu campo aos chilenos, que, na base do entusiasmo, arriscaram chutes de fora da \u00e1rea dando trabalho a C\u00e1ssio.<\/p>\n<p>Quando o jogo parecia embicar para o segundo tempo sem mais emo\u00e7\u00f5es, Marlone, de voleio, fez um gola\u00e7o em cruzamento certeiro de Ed\u00edlson. O gol cobriu o Itaquer\u00e3o de \u00eaxtase. Um pr\u00eamio \u00e0 dedica\u00e7\u00e3o da torcida. E tinha mais. Arana fez o quarto, em chute com efeito de fora da \u00e1rea. Ainda havia mais 45 minutos para a goleada se ampliar.<\/p>\n<figure id=\"attachment_2039\" aria-describedby=\"caption-attachment-2039\" style=\"width: 2300px\" class=\"wp-caption alignnone\"><img data-recalc-dims=\"1\" loading=\"lazy\" decoding=\"async\" data-attachment-id=\"2039\" data-permalink=\"https:\/\/blogdoprosperi.com\/?attachment_id=2039\" data-orig-file=\"https:\/\/i0.wp.com\/blogdoprosperi.com\/wp-content\/uploads\/2016\/04\/pro5-2.jpg?fit=2300%2C1533&amp;ssl=1\" data-orig-size=\"2300,1533\" data-comments-opened=\"1\" data-image-meta=\"{&quot;aperture&quot;:&quot;3.2&quot;,&quot;credit&quot;:&quot;ALEX SILVA&quot;,&quot;camera&quot;:&quot;Canon EOS-1D X&quot;,&quot;caption&quot;:&quot;&quot;,&quot;created_timestamp&quot;:&quot;1460829985&quot;,&quot;copyright&quot;:&quot;ALEX SILVA\/ESTADAO&quot;,&quot;focal_length&quot;:&quot;400&quot;,&quot;iso&quot;:&quot;1600&quot;,&quot;shutter_speed&quot;:&quot;0.00125&quot;,&quot;title&quot;:&quot;&quot;,&quot;orientation&quot;:&quot;1&quot;}\" data-image-title=\"PRO5-2\" data-image-description=\"\" data-image-caption=\"\" data-large-file=\"https:\/\/i0.wp.com\/blogdoprosperi.com\/wp-content\/uploads\/2016\/04\/pro5-2.jpg?fit=940%2C627&amp;ssl=1\" class=\"alignnone size-full wp-image-2039\" src=\"https:\/\/i0.wp.com\/blogdoprosperi.com\/wp-content\/uploads\/2016\/04\/pro5-2.jpg?resize=940%2C627&#038;ssl=1\" alt=\"PRO5-2\" width=\"940\" height=\"627\" \/><figcaption id=\"caption-attachment-2039\" class=\"wp-caption-text\">Tive aprova time e diz que n\u00e3o tem titulares e reservas<\/figcaption><\/figure>\n<p>No segundo tempo, o Corinthians dormiu um pouco e s\u00f3 se despertou a partir da entrada de Elias, depois dos 30 minutos. Ele mesmo, Elias, fez o quinto gol em uma boa triangula\u00e7\u00e3o pelo setor esquerdo. Depois, Romero marcou mais um &#8211; o seu segundo no jogo e o nono na temporada &#8211; em triangula\u00e7\u00e3o agora pelo setor direito.<\/p>\n<p>Mais que subir degraus importantes na classifica\u00e7\u00e3o geral, a goleada com os reservas em cima do Cobresal deu novas op\u00e7\u00f5es a Tite para a sequ\u00eancia da Copa Libertadores e a temporada brasileira.<\/p>\n<p>Veja a avalia\u00e7\u00e3o de jogadores que ganharam pontos com o treinador, apesar da enorme fragilidade dos advers\u00e1rios chilenos do Cobresal:<\/p>\n<p><strong>Arana (lateral-esquerdo)<\/strong> &#8211; Mostrou que pode ser \u00fatil nas investidas ao ataque. Marca duro, \u00a0sai em velocidade no apoio ao ataque e n\u00e3o tem medo de arriscar chutes de fora da \u00e1rea. Fez um gola\u00e7o.<\/p>\n<p><strong>Balbuena (zagueiro) <\/strong>&#8211; Pouco exigido, foi bem no alto e pode ser uma op\u00e7\u00e3o a Yago ao lado de Felipe. Mostrou seguran\u00e7a.<\/p>\n<p><strong>Marlone (meia)<\/strong> &#8211; Fez bem a recomposi\u00e7\u00e3o na marca\u00e7\u00e3o pelo setor esquerdo, chegou f\u00e1cil e com autoridade na grande \u00e1rea e ainda fez o gol mais bonito do jogo. \u00c9 uma boa alternativa para ocupar o espa\u00e7o de Giovanni Augusto, afastado por les\u00e3o.<\/p>\n<p><strong>Rodriguinho (meia)<\/strong> &#8211; Atuando mais pelo setor direito, tamb\u00e9m n\u00e3o vacilou na hora de fechar os espa\u00e7os quando o Corinthians era atacado. E, com muita movimenta\u00e7\u00e3o, chegou forte, consciente, na zona de gol.<\/p>\n<figure id=\"attachment_2036\" aria-describedby=\"caption-attachment-2036\" style=\"width: 259px\" class=\"wp-caption alignleft\"><img data-recalc-dims=\"1\" loading=\"lazy\" decoding=\"async\" data-attachment-id=\"2036\" data-permalink=\"https:\/\/blogdoprosperi.com\/?attachment_id=2036\" data-orig-file=\"https:\/\/i0.wp.com\/blogdoprosperi.com\/wp-content\/uploads\/2016\/04\/unknown2.jpeg?fit=259%2C195&amp;ssl=1\" data-orig-size=\"259,195\" data-comments-opened=\"1\" data-image-meta=\"{&quot;aperture&quot;:&quot;0&quot;,&quot;credit&quot;:&quot;&quot;,&quot;camera&quot;:&quot;&quot;,&quot;caption&quot;:&quot;&quot;,&quot;created_timestamp&quot;:&quot;0&quot;,&quot;copyright&quot;:&quot;&quot;,&quot;focal_length&quot;:&quot;0&quot;,&quot;iso&quot;:&quot;0&quot;,&quot;shutter_speed&quot;:&quot;0&quot;,&quot;title&quot;:&quot;&quot;,&quot;orientation&quot;:&quot;0&quot;}\" data-image-title=\"Unknown\" data-image-description=\"\" data-image-caption=\"\" data-large-file=\"https:\/\/i0.wp.com\/blogdoprosperi.com\/wp-content\/uploads\/2016\/04\/unknown2.jpeg?fit=259%2C195&amp;ssl=1\" class=\"alignnone size-full wp-image-2036\" src=\"https:\/\/i0.wp.com\/blogdoprosperi.com\/wp-content\/uploads\/2016\/04\/unknown2.jpeg?resize=259%2C195&#038;ssl=1\" alt=\"Unknown\" width=\"259\" height=\"195\" \/><figcaption id=\"caption-attachment-2036\" class=\"wp-caption-text\">Romero pede passagem<\/figcaption><\/figure>\n<p><strong>Romero (atacante de lado)<\/strong> &#8211; Atrevido, n\u00e3o teve medo de usar o artif\u00edcio do drible. Arriscou chutes e fez tamb\u00e9m dois bons gols. Pode ser uma boa op\u00e7\u00e3o para o indolente Andr\u00e9, por enquanto titular de Tite.<\/p>\n<p><strong>C\u00e1ssio (goleiro)<\/strong> &#8211; Algu\u00e9m precisa, urgente, treinar o grand\u00e3o a sair jogando com os p\u00e9s. No jogo com o Cobresal, ele deu calafrios na torcida sempre que exigido a tirar a bola com os p\u00e9s.<\/p>\n<p>&nbsp;<\/p>\n<p>&nbsp;<\/p>\n","protected":false},"excerpt":{"rendered":"<p>&nbsp; Um come\u00e7o arrasador, com dois gols em menos de 15 minutos, levou o Corinthians a atropelar o [&hellip;]<\/p>\n","protected":false},"author":102107496,"featured_media":0,"comment_status":"open","ping_status":"open","sticky":false,"template":"","format":"standard","meta":{"_coblocks_attr":"","_coblocks_dimensions":"","_coblocks_responsive_height":"","_coblocks_accordion_ie_support":"","_jetpack_newsletter_access":"","_jetpack_dont_email_post_to_subs":false,"_jetpack_newsletter_tier_id":0,"_jetpack_memberships_contains_paywalled_content":false,"_wpcom_ai_launchpad_first_post":false,"_jetpack_feature_clip_id":0,"_jetpack_memberships_contains_paid_content":false,"footnotes":"","jetpack_publicize_message":"","jetpack_publicize_feature_enabled":true,"jetpack_social_post_already_shared":false,"jetpack_social_options":{"image_generator_settings":{"template":"highway","default_image_id":0,"font":"","enabled":false},"version":2},"jetpack_post_was_ever_published":false},"categories":[53870],"tags":[2729847,789560565,16644911,789560560,25607934,8328841,1814220],"class_list":["post-1915","post","type-post","status-publish","format-standard","hentry","category-futebol","tag-cobresal","tag-copa-libertadores","tag-crinthians","tag-futebol","tag-marlone","tag-palmeiras-clube","tag-tite"],"yoast_head":"<!-- This site is optimized with the Yoast SEO plugin v28.3 - https:\/\/yoast.com\/product\/yoast-seo-wordpress\/ -->\n<title>Corinthians arrasa Cobresal e pode vingar Palmeiras na Libertadores - PR\u00d3SPERI NEWS<\/title>\n<meta name=\"robots\" content=\"index, follow, max-snippet:-1, max-image-preview:large, max-video-preview:-1\" \/>\n<link rel=\"canonical\" href=\"https:\/\/blogdoprosperi.com\/?p=1915\" \/>\n<meta property=\"og:locale\" content=\"pt_BR\" \/>\n<meta property=\"og:type\" content=\"article\" \/>\n<meta property=\"og:title\" content=\"Corinthians arrasa Cobresal e pode vingar Palmeiras na Libertadores - PR\u00d3SPERI NEWS\" \/>\n<meta property=\"og:description\" content=\"&nbsp; Um come\u00e7o arrasador, com dois gols em menos de 15 minutos, levou o Corinthians a atropelar o [&hellip;]\" \/>\n<meta property=\"og:url\" content=\"https:\/\/blogdoprosperi.com\/?p=1915\" \/>\n<meta property=\"og:site_name\" content=\"PR\u00d3SPERI NEWS\" \/>\n<meta property=\"article:publisher\" content=\"Luiz Pr\u00f3speri\" \/>\n<meta property=\"article:author\" content=\"Luiz Pr\u00f3speri\" \/>\n<meta property=\"article:published_time\" content=\"2016-04-21T03:08:35+00:00\" \/>\n<meta property=\"article:modified_time\" content=\"2016-04-21T03:32:44+00:00\" \/>\n<meta property=\"og:image\" content=\"https:\/\/blogdoprosperi.com\/wp-content\/uploads\/2016\/04\/marlone-edilson-corinthians-cobresal-copa-libertadores-20042016_1d9r6m2vbnobg1uoofkwfb1b9a.jpg\" \/>\n<meta name=\"author\" content=\"Luiz Ant\u00f4nio Pr\u00f3speri\" \/>\n<meta name=\"twitter:card\" content=\"summary_large_image\" \/>\n<meta name=\"twitter:creator\" content=\"@Luizprosperi\" \/>\n<meta name=\"twitter:site\" content=\"@Luizprosperi\" \/>\n<meta name=\"twitter:label1\" content=\"Escrito por\" \/>\n\t<meta name=\"twitter:data1\" content=\"Luiz Ant\u00f4nio Pr\u00f3speri\" \/>\n\t<meta name=\"twitter:label2\" content=\"Est. tempo de leitura\" \/>\n\t<meta name=\"twitter:data2\" content=\"4 minutos\" \/>\n<script type=\"application\/ld+json\" class=\"yoast-schema-graph\">{\"@context\":\"https:\\\/\\\/schema.org\",\"@graph\":[{\"@type\":\"Article\",\"@id\":\"https:\\\/\\\/blogdoprosperi.com\\\/?p=1915#article\",\"isPartOf\":{\"@id\":\"https:\\\/\\\/blogdoprosperi.com\\\/?p=1915\"},\"author\":{\"name\":\"Luiz Ant\u00f4nio Pr\u00f3speri\",\"@id\":\"https:\\\/\\\/blogdoprosperi.com\\\/#\\\/schema\\\/person\\\/38100755ce3601861ee4fab9b5aa78e9\"},\"headline\":\"Corinthians arrasa Cobresal e pode vingar Palmeiras na Libertadores\",\"datePublished\":\"2016-04-21T03:08:35+00:00\",\"dateModified\":\"2016-04-21T03:32:44+00:00\",\"mainEntityOfPage\":{\"@id\":\"https:\\\/\\\/blogdoprosperi.com\\\/?p=1915\"},\"wordCount\":801,\"commentCount\":0,\"publisher\":{\"@id\":\"https:\\\/\\\/blogdoprosperi.com\\\/#\\\/schema\\\/person\\\/38100755ce3601861ee4fab9b5aa78e9\"},\"image\":{\"@id\":\"https:\\\/\\\/blogdoprosperi.com\\\/?p=1915#primaryimage\"},\"thumbnailUrl\":\"https:\\\/\\\/blogdoprosperi.com\\\/wp-content\\\/uploads\\\/2016\\\/04\\\/marlone-edilson-corinthians-cobresal-copa-libertadores-20042016_1d9r6m2vbnobg1uoofkwfb1b9a.jpg\",\"keywords\":[\"Cobresal\",\"Copa Libertadores\",\"Crinthians\",\"futebol\",\"marlone\",\"Palmeiras Clube\",\"Tite\"],\"articleSection\":[\"futebol\"],\"inLanguage\":\"pt-BR\",\"potentialAction\":[{\"@type\":\"CommentAction\",\"name\":\"Comment\",\"target\":[\"https:\\\/\\\/blogdoprosperi.com\\\/?p=1915#respond\"]}]},{\"@type\":\"WebPage\",\"@id\":\"https:\\\/\\\/blogdoprosperi.com\\\/?p=1915\",\"url\":\"https:\\\/\\\/blogdoprosperi.com\\\/?p=1915\",\"name\":\"Corinthians arrasa Cobresal e pode vingar Palmeiras na Libertadores - PR\u00d3SPERI NEWS\",\"isPartOf\":{\"@id\":\"https:\\\/\\\/blogdoprosperi.com\\\/#website\"},\"primaryImageOfPage\":{\"@id\":\"https:\\\/\\\/blogdoprosperi.com\\\/?p=1915#primaryimage\"},\"image\":{\"@id\":\"https:\\\/\\\/blogdoprosperi.com\\\/?p=1915#primaryimage\"},\"thumbnailUrl\":\"https:\\\/\\\/blogdoprosperi.com\\\/wp-content\\\/uploads\\\/2016\\\/04\\\/marlone-edilson-corinthians-cobresal-copa-libertadores-20042016_1d9r6m2vbnobg1uoofkwfb1b9a.jpg\",\"datePublished\":\"2016-04-21T03:08:35+00:00\",\"dateModified\":\"2016-04-21T03:32:44+00:00\",\"breadcrumb\":{\"@id\":\"https:\\\/\\\/blogdoprosperi.com\\\/?p=1915#breadcrumb\"},\"inLanguage\":\"pt-BR\",\"potentialAction\":[{\"@type\":\"ReadAction\",\"target\":[\"https:\\\/\\\/blogdoprosperi.com\\\/?p=1915\"]}]},{\"@type\":\"ImageObject\",\"inLanguage\":\"pt-BR\",\"@id\":\"https:\\\/\\\/blogdoprosperi.com\\\/?p=1915#primaryimage\",\"url\":\"https:\\\/\\\/i0.wp.com\\\/blogdoprosperi.com\\\/wp-content\\\/uploads\\\/2016\\\/04\\\/marlone-edilson-corinthians-cobresal-copa-libertadores-20042016_1d9r6m2vbnobg1uoofkwfb1b9a.jpg?fit=620%2C430&ssl=1\",\"contentUrl\":\"https:\\\/\\\/i0.wp.com\\\/blogdoprosperi.com\\\/wp-content\\\/uploads\\\/2016\\\/04\\\/marlone-edilson-corinthians-cobresal-copa-libertadores-20042016_1d9r6m2vbnobg1uoofkwfb1b9a.jpg?fit=620%2C430&ssl=1\",\"width\":620,\"height\":430},{\"@type\":\"BreadcrumbList\",\"@id\":\"https:\\\/\\\/blogdoprosperi.com\\\/?p=1915#breadcrumb\",\"itemListElement\":[{\"@type\":\"ListItem\",\"position\":1,\"name\":\"In\u00edcio\",\"item\":\"https:\\\/\\\/blogdoprosperi.com\\\/\"},{\"@type\":\"ListItem\",\"position\":2,\"name\":\"Corinthians arrasa Cobresal e pode vingar Palmeiras na Libertadores\"}]},{\"@type\":\"WebSite\",\"@id\":\"https:\\\/\\\/blogdoprosperi.com\\\/#website\",\"url\":\"https:\\\/\\\/blogdoprosperi.com\\\/\",\"name\":\"PR\u00d3SPERI NEWS\",\"description\":\"TUDO \u00c9  FUTEBOL\",\"publisher\":{\"@id\":\"https:\\\/\\\/blogdoprosperi.com\\\/#\\\/schema\\\/person\\\/38100755ce3601861ee4fab9b5aa78e9\"},\"alternateName\":\"blogdoprosperi.com\",\"potentialAction\":[{\"@type\":\"SearchAction\",\"target\":{\"@type\":\"EntryPoint\",\"urlTemplate\":\"https:\\\/\\\/blogdoprosperi.com\\\/?s={search_term_string}\"},\"query-input\":{\"@type\":\"PropertyValueSpecification\",\"valueRequired\":true,\"valueName\":\"search_term_string\"}}],\"inLanguage\":\"pt-BR\"},{\"@type\":[\"Person\",\"Organization\"],\"@id\":\"https:\\\/\\\/blogdoprosperi.com\\\/#\\\/schema\\\/person\\\/38100755ce3601861ee4fab9b5aa78e9\",\"name\":\"Luiz Ant\u00f4nio Pr\u00f3speri\",\"pronouns\":\"ele\",\"image\":{\"@type\":\"ImageObject\",\"inLanguage\":\"pt-BR\",\"@id\":\"https:\\\/\\\/i0.wp.com\\\/blogdoprosperi.com\\\/wp-content\\\/uploads\\\/2026\\\/05\\\/cropped-8059e613-6002-42fa-961e-8e275f575d71-2-5.jpg?fit=1360%2C931&ssl=1\",\"url\":\"https:\\\/\\\/i0.wp.com\\\/blogdoprosperi.com\\\/wp-content\\\/uploads\\\/2026\\\/05\\\/cropped-8059e613-6002-42fa-961e-8e275f575d71-2-5.jpg?fit=1360%2C931&ssl=1\",\"contentUrl\":\"https:\\\/\\\/i0.wp.com\\\/blogdoprosperi.com\\\/wp-content\\\/uploads\\\/2026\\\/05\\\/cropped-8059e613-6002-42fa-961e-8e275f575d71-2-5.jpg?fit=1360%2C931&ssl=1\",\"width\":1360,\"height\":931,\"caption\":\"Luiz Ant\u00f4nio Pr\u00f3speri\"},\"logo\":{\"@id\":\"https:\\\/\\\/i0.wp.com\\\/blogdoprosperi.com\\\/wp-content\\\/uploads\\\/2026\\\/05\\\/cropped-8059e613-6002-42fa-961e-8e275f575d71-2-5.jpg?fit=1360%2C931&ssl=1\"},\"description\":\"Jornalista com carreira dedicada ao esporte. Cobriu 9 Copas do Mundo in loco, 1990 na It\u00e1lia, 1994 nos EUA, 1998 na Fran\u00e7a, 2002 na Coreia do Sul e Jap\u00e3o, 2006 na Alemanha, 2010 na \u00c1frica do Sul, 2014 no Brasil, 2018 na R\u00fassia e 2022 no Qatar. Eurocopas, 1992 na Su\u00e9cia e 1996 na Inglaterra. Copa das Confedera\u00e7\u00f5es de 2005 na Alemanha e 2009 na \u00c1frica do Sul. Rep\u00f3rter e Editor, trabalhou no Jornal da Tarde e Estad\u00e3o, de 1984 a fevereiro de 2016. Colunista, blogueiro. E comentarista de futebol na R\u00e1dio Estad\u00e3o, de 2013 a fevereiro de 2016. Jornalista respons\u00e1vel do \\\"Pr\u00f3speri News\\\" (blogdoprosperi.com).\",\"sameAs\":[\"http:\\\/\\\/blogdoprosperi.com\",\"Luiz Pr\u00f3speri\",\"@luiz_prosperi\",\"https:\\\/\\\/x.com\\\/Luizprosperi\",\"@prosperinacopa\",\"luiz.prosperi@icloud.com\"],\"url\":\"https:\\\/\\\/blogdoprosperi.com\\\/?author=102107496\"}]}<\/script>\n<!-- \/ Yoast SEO plugin. -->","yoast_head_json":{"title":"Corinthians arrasa Cobresal e pode vingar Palmeiras na Libertadores - PR\u00d3SPERI NEWS","robots":{"index":"index","follow":"follow","max-snippet":"max-snippet:-1","max-image-preview":"max-image-preview:large","max-video-preview":"max-video-preview:-1"},"canonical":"https:\/\/blogdoprosperi.com\/?p=1915","og_locale":"pt_BR","og_type":"article","og_title":"Corinthians arrasa Cobresal e pode vingar Palmeiras na Libertadores - PR\u00d3SPERI NEWS","og_description":"&nbsp; Um come\u00e7o arrasador, com dois gols em menos de 15 minutos, levou o Corinthians a atropelar o [&hellip;]","og_url":"https:\/\/blogdoprosperi.com\/?p=1915","og_site_name":"PR\u00d3SPERI NEWS","article_publisher":"Luiz Pr\u00f3speri","article_author":"Luiz Pr\u00f3speri","article_published_time":"2016-04-21T03:08:35+00:00","article_modified_time":"2016-04-21T03:32:44+00:00","og_image":[{"url":"https:\/\/blogdoprosperi.com\/wp-content\/uploads\/2016\/04\/marlone-edilson-corinthians-cobresal-copa-libertadores-20042016_1d9r6m2vbnobg1uoofkwfb1b9a.jpg","type":"","width":"","height":""}],"author":"Luiz Ant\u00f4nio Pr\u00f3speri","twitter_card":"summary_large_image","twitter_creator":"@Luizprosperi","twitter_site":"@Luizprosperi","twitter_misc":{"Escrito por":"Luiz Ant\u00f4nio Pr\u00f3speri","Est. tempo de leitura":"4 minutos"},"schema":{"@context":"https:\/\/schema.org","@graph":[{"@type":"Article","@id":"https:\/\/blogdoprosperi.com\/?p=1915#article","isPartOf":{"@id":"https:\/\/blogdoprosperi.com\/?p=1915"},"author":{"name":"Luiz Ant\u00f4nio Pr\u00f3speri","@id":"https:\/\/blogdoprosperi.com\/#\/schema\/person\/38100755ce3601861ee4fab9b5aa78e9"},"headline":"Corinthians arrasa Cobresal e pode vingar Palmeiras na Libertadores","datePublished":"2016-04-21T03:08:35+00:00","dateModified":"2016-04-21T03:32:44+00:00","mainEntityOfPage":{"@id":"https:\/\/blogdoprosperi.com\/?p=1915"},"wordCount":801,"commentCount":0,"publisher":{"@id":"https:\/\/blogdoprosperi.com\/#\/schema\/person\/38100755ce3601861ee4fab9b5aa78e9"},"image":{"@id":"https:\/\/blogdoprosperi.com\/?p=1915#primaryimage"},"thumbnailUrl":"https:\/\/blogdoprosperi.com\/wp-content\/uploads\/2016\/04\/marlone-edilson-corinthians-cobresal-copa-libertadores-20042016_1d9r6m2vbnobg1uoofkwfb1b9a.jpg","keywords":["Cobresal","Copa Libertadores","Crinthians","futebol","marlone","Palmeiras Clube","Tite"],"articleSection":["futebol"],"inLanguage":"pt-BR","potentialAction":[{"@type":"CommentAction","name":"Comment","target":["https:\/\/blogdoprosperi.com\/?p=1915#respond"]}]},{"@type":"WebPage","@id":"https:\/\/blogdoprosperi.com\/?p=1915","url":"https:\/\/blogdoprosperi.com\/?p=1915","name":"Corinthians arrasa Cobresal e pode vingar Palmeiras na Libertadores - PR\u00d3SPERI NEWS","isPartOf":{"@id":"https:\/\/blogdoprosperi.com\/#website"},"primaryImageOfPage":{"@id":"https:\/\/blogdoprosperi.com\/?p=1915#primaryimage"},"image":{"@id":"https:\/\/blogdoprosperi.com\/?p=1915#primaryimage"},"thumbnailUrl":"https:\/\/blogdoprosperi.com\/wp-content\/uploads\/2016\/04\/marlone-edilson-corinthians-cobresal-copa-libertadores-20042016_1d9r6m2vbnobg1uoofkwfb1b9a.jpg","datePublished":"2016-04-21T03:08:35+00:00","dateModified":"2016-04-21T03:32:44+00:00","breadcrumb":{"@id":"https:\/\/blogdoprosperi.com\/?p=1915#breadcrumb"},"inLanguage":"pt-BR","potentialAction":[{"@type":"ReadAction","target":["https:\/\/blogdoprosperi.com\/?p=1915"]}]},{"@type":"ImageObject","inLanguage":"pt-BR","@id":"https:\/\/blogdoprosperi.com\/?p=1915#primaryimage","url":"https:\/\/i0.wp.com\/blogdoprosperi.com\/wp-content\/uploads\/2016\/04\/marlone-edilson-corinthians-cobresal-copa-libertadores-20042016_1d9r6m2vbnobg1uoofkwfb1b9a.jpg?fit=620%2C430&ssl=1","contentUrl":"https:\/\/i0.wp.com\/blogdoprosperi.com\/wp-content\/uploads\/2016\/04\/marlone-edilson-corinthians-cobresal-copa-libertadores-20042016_1d9r6m2vbnobg1uoofkwfb1b9a.jpg?fit=620%2C430&ssl=1","width":620,"height":430},{"@type":"BreadcrumbList","@id":"https:\/\/blogdoprosperi.com\/?p=1915#breadcrumb","itemListElement":[{"@type":"ListItem","position":1,"name":"In\u00edcio","item":"https:\/\/blogdoprosperi.com\/"},{"@type":"ListItem","position":2,"name":"Corinthians arrasa Cobresal e pode vingar Palmeiras na Libertadores"}]},{"@type":"WebSite","@id":"https:\/\/blogdoprosperi.com\/#website","url":"https:\/\/blogdoprosperi.com\/","name":"PR\u00d3SPERI NEWS","description":"TUDO \u00c9  FUTEBOL","publisher":{"@id":"https:\/\/blogdoprosperi.com\/#\/schema\/person\/38100755ce3601861ee4fab9b5aa78e9"},"alternateName":"blogdoprosperi.com","potentialAction":[{"@type":"SearchAction","target":{"@type":"EntryPoint","urlTemplate":"https:\/\/blogdoprosperi.com\/?s={search_term_string}"},"query-input":{"@type":"PropertyValueSpecification","valueRequired":true,"valueName":"search_term_string"}}],"inLanguage":"pt-BR"},{"@type":["Person","Organization"],"@id":"https:\/\/blogdoprosperi.com\/#\/schema\/person\/38100755ce3601861ee4fab9b5aa78e9","name":"Luiz Ant\u00f4nio Pr\u00f3speri","pronouns":"ele","image":{"@type":"ImageObject","inLanguage":"pt-BR","@id":"https:\/\/i0.wp.com\/blogdoprosperi.com\/wp-content\/uploads\/2026\/05\/cropped-8059e613-6002-42fa-961e-8e275f575d71-2-5.jpg?fit=1360%2C931&ssl=1","url":"https:\/\/i0.wp.com\/blogdoprosperi.com\/wp-content\/uploads\/2026\/05\/cropped-8059e613-6002-42fa-961e-8e275f575d71-2-5.jpg?fit=1360%2C931&ssl=1","contentUrl":"https:\/\/i0.wp.com\/blogdoprosperi.com\/wp-content\/uploads\/2026\/05\/cropped-8059e613-6002-42fa-961e-8e275f575d71-2-5.jpg?fit=1360%2C931&ssl=1","width":1360,"height":931,"caption":"Luiz Ant\u00f4nio Pr\u00f3speri"},"logo":{"@id":"https:\/\/i0.wp.com\/blogdoprosperi.com\/wp-content\/uploads\/2026\/05\/cropped-8059e613-6002-42fa-961e-8e275f575d71-2-5.jpg?fit=1360%2C931&ssl=1"},"description":"Jornalista com carreira dedicada ao esporte. Cobriu 9 Copas do Mundo in loco, 1990 na It\u00e1lia, 1994 nos EUA, 1998 na Fran\u00e7a, 2002 na Coreia do Sul e Jap\u00e3o, 2006 na Alemanha, 2010 na \u00c1frica do Sul, 2014 no Brasil, 2018 na R\u00fassia e 2022 no Qatar. Eurocopas, 1992 na Su\u00e9cia e 1996 na Inglaterra. Copa das Confedera\u00e7\u00f5es de 2005 na Alemanha e 2009 na \u00c1frica do Sul. Rep\u00f3rter e Editor, trabalhou no Jornal da Tarde e Estad\u00e3o, de 1984 a fevereiro de 2016. Colunista, blogueiro. E comentarista de futebol na R\u00e1dio Estad\u00e3o, de 2013 a fevereiro de 2016. Jornalista respons\u00e1vel do \"Pr\u00f3speri News\" (blogdoprosperi.com).","sameAs":["http:\/\/blogdoprosperi.com","Luiz Pr\u00f3speri","@luiz_prosperi","https:\/\/x.com\/Luizprosperi","@prosperinacopa","luiz.prosperi@icloud.com"],"url":"https:\/\/blogdoprosperi.com\/?author=102107496"}]}},"jetpack_publicize_connections":[],"jetpack_likes_enabled":false,"jetpack_sharing_enabled":true,"jetpack_shortlink":"https:\/\/wp.me\/p7jvdk-uT","jetpack-related-posts":[{"id":48779,"url":"https:\/\/blogdoprosperi.com\/?p=48779","url_meta":{"origin":1915,"position":0},"title":"Libertadores e Copa do Brasil | Confira Potes dos Sorteios dos Grupos","author":"Luiz Ant\u00f4nio Pr\u00f3speri","date":"14 de mar\u00e7o de 2025","format":false,"excerpt":"Luiz Ant\u00f4nio Pr\u00f3speri \u2013 14 mar\u00e7o (13h50) \u2013 Conmebol faz sorteio da fase de grupos da Libertadores na segunda-feira (17\/3). Brasil ter\u00e1 sete clubes: Palmeiras, Flamengo, Botafogo, S\u00e3o Paulo, Internacional, Fortaleza e Bahia. Corinthians estaria nos potes, mas caiu eliminado nas seletivas contra o Barcelona do Equador. De acordo com\u2026","rel":"","context":"Em &quot;futebol&quot;","block_context":{"text":"futebol","link":"https:\/\/blogdoprosperi.com\/?cat=53870"},"img":{"alt_text":"Libertadores 2026","src":"https:\/\/i0.wp.com\/blogdoprosperi.com\/wp-content\/uploads\/2023\/03\/fsrk8i2waaabn_f.jpeg?fit=678%2C452&ssl=1&resize=350%2C200","width":350,"height":200,"srcset":"https:\/\/i0.wp.com\/blogdoprosperi.com\/wp-content\/uploads\/2023\/03\/fsrk8i2waaabn_f.jpeg?fit=678%2C452&ssl=1&resize=350%2C200 1x, https:\/\/i0.wp.com\/blogdoprosperi.com\/wp-content\/uploads\/2023\/03\/fsrk8i2waaabn_f.jpeg?fit=678%2C452&ssl=1&resize=525%2C300 1.5x"},"classes":[]},{"id":48857,"url":"https:\/\/blogdoprosperi.com\/?p=48857","url_meta":{"origin":1915,"position":1},"title":"Futuro do Corinthians: Sobreviv\u00eancia Depende do Palmeiras","author":"Luiz Ant\u00f4nio Pr\u00f3speri","date":"13 de mar\u00e7o de 2025","format":false,"excerpt":"Se Ramon Diaz cair, Tite pode vir a\u00ed. Memphis vira interroga\u00e7\u00e3o e at\u00e9 o impeachment do presidente Augusto Melo pode voltar Agora a encrenca \u00e9 superar o Palmeiras em dois jogos das finais do Paulist\u00e3o Luiz Ant\u00f4nio Pr\u00f3speri \u2013 13 mar\u00e7o (12h35) \u2013 Corinthians sai aplaudido por sua gente ao\u2026","rel":"","context":"Em &quot;futebol&quot;","block_context":{"text":"futebol","link":"https:\/\/blogdoprosperi.com\/?cat=53870"},"img":{"alt_text":"Fiel aplaude time eliminado na Libertadores","src":"https:\/\/i0.wp.com\/blogdoprosperi.com\/wp-content\/uploads\/2025\/03\/captura-de-tela-2025-03-13-as-12.35.26.png?fit=1200%2C771&ssl=1&resize=350%2C200","width":350,"height":200,"srcset":"https:\/\/i0.wp.com\/blogdoprosperi.com\/wp-content\/uploads\/2025\/03\/captura-de-tela-2025-03-13-as-12.35.26.png?fit=1200%2C771&ssl=1&resize=350%2C200 1x, https:\/\/i0.wp.com\/blogdoprosperi.com\/wp-content\/uploads\/2025\/03\/captura-de-tela-2025-03-13-as-12.35.26.png?fit=1200%2C771&ssl=1&resize=525%2C300 1.5x, https:\/\/i0.wp.com\/blogdoprosperi.com\/wp-content\/uploads\/2025\/03\/captura-de-tela-2025-03-13-as-12.35.26.png?fit=1200%2C771&ssl=1&resize=700%2C400 2x, https:\/\/i0.wp.com\/blogdoprosperi.com\/wp-content\/uploads\/2025\/03\/captura-de-tela-2025-03-13-as-12.35.26.png?fit=1200%2C771&ssl=1&resize=1050%2C600 3x"},"classes":[]},{"id":2585,"url":"https:\/\/blogdoprosperi.com\/?p=2585","url_meta":{"origin":1915,"position":2},"title":"Corinthians n\u00e3o chuta ao gol e comemora empate contra o Nacional","author":"Luiz Ant\u00f4nio Pr\u00f3speri","date":"28 de abril de 2016","format":false,"excerpt":"O Corinthians fez uma de suas piores partidas na temporada no empate sem gols com o Nacional do Uruguai. Se pensa em ir longe nesta Libertadores 2016, precisa dar sinais de vitalidade. Nesta quarta-feira ficou claro que no jogo da volta, na pr\u00f3xima semana, vai ter de se reinventar e\u2026","rel":"","context":"Em &quot;futebol&quot;","block_context":{"text":"futebol","link":"https:\/\/blogdoprosperi.com\/?cat=53870"},"img":{"alt_text":"Tite fica","src":"https:\/\/i0.wp.com\/blogdoprosperi.com\/wp-content\/uploads\/2016\/03\/tite-fica.jpg?resize=350%2C200&ssl=1","width":350,"height":200,"srcset":"https:\/\/i0.wp.com\/blogdoprosperi.com\/wp-content\/uploads\/2016\/03\/tite-fica.jpg?resize=350%2C200&ssl=1 1x, https:\/\/i0.wp.com\/blogdoprosperi.com\/wp-content\/uploads\/2016\/03\/tite-fica.jpg?resize=525%2C300&ssl=1 1.5x"},"classes":[]},{"id":3836,"url":"https:\/\/blogdoprosperi.com\/?p=3836","url_meta":{"origin":1915,"position":3},"title":"Cinco an\u00e1lises de futebol para voc\u00ea ler nesta sexta-feira (06\/5) antes de dormir","author":"Luiz Ant\u00f4nio Pr\u00f3speri","date":"7 de maio de 2016","format":false,"excerpt":"Amigo leitor desse Blog do Pr\u00f3speri apresento aqui uma novidade aos que gostam de futebol. A partir desta sexta-feira, 06\/5, vou destacar r\u00e1pidas an\u00e1lises de cinco not\u00edcias importantes do dia que dominaram os sites, jornais, emissoras de TV e r\u00e1dios. Ser\u00e3o coment\u00e1rios de fatos que considero relevantes para fechar a\u2026","rel":"","context":"Em &quot;futebol&quot;","block_context":{"text":"futebol","link":"https:\/\/blogdoprosperi.com\/?cat=53870"},"img":{"alt_text":"","src":"https:\/\/i0.wp.com\/blogdoprosperi.com\/wp-content\/uploads\/2016\/05\/nc3a3o-vamos-e1447535304836.jpeg?resize=350%2C200&ssl=1","width":350,"height":200,"srcset":"https:\/\/i0.wp.com\/blogdoprosperi.com\/wp-content\/uploads\/2016\/05\/nc3a3o-vamos-e1447535304836.jpeg?resize=350%2C200&ssl=1 1x, https:\/\/i0.wp.com\/blogdoprosperi.com\/wp-content\/uploads\/2016\/05\/nc3a3o-vamos-e1447535304836.jpeg?resize=525%2C300&ssl=1 1.5x"},"classes":[]},{"id":59008,"url":"https:\/\/blogdoprosperi.com\/?p=59008","url_meta":{"origin":1915,"position":4},"title":"Onde Assistir Ao Vivo sorteio dos confrontos das oitavas de final da Libertadores","author":"Luiz Ant\u00f4nio Pr\u00f3speri","date":"29 de maio de 2026","format":false,"excerpt":"A Copa Libertadores 2026 conhece hoje (29\/5) os confrontos das oitavas de final em sorteio na sede da Confedera\u00e7\u00e3o Sul-Americana de Futebol (Conmebol), em Luque, Paraguai. Flamengo e Corinthians est\u00e3o no Pote 1 por ter melhor campanha na fase de grupos. Palmeiras, Cruzeiro, Fluminense e Mirassol entram no Pote 2\u2026","rel":"","context":"Em &quot;futebol&quot;","block_context":{"text":"futebol","link":"https:\/\/blogdoprosperi.com\/?cat=53870"},"img":{"alt_text":"Libertadores 2026","src":"https:\/\/i0.wp.com\/blogdoprosperi.com\/wp-content\/uploads\/2023\/03\/fsrk8i2waaabn_f.jpeg?fit=678%2C452&ssl=1&resize=350%2C200","width":350,"height":200,"srcset":"https:\/\/i0.wp.com\/blogdoprosperi.com\/wp-content\/uploads\/2023\/03\/fsrk8i2waaabn_f.jpeg?fit=678%2C452&ssl=1&resize=350%2C200 1x, https:\/\/i0.wp.com\/blogdoprosperi.com\/wp-content\/uploads\/2023\/03\/fsrk8i2waaabn_f.jpeg?fit=678%2C452&ssl=1&resize=525%2C300 1.5x"},"classes":[]},{"id":45547,"url":"https:\/\/blogdoprosperi.com\/?p=45547","url_meta":{"origin":1915,"position":5},"title":"Libertadores | Semifinais: Pe\u00f1arol Elimina Flamengo, Manda Tite ao Pared\u00e3o e Encara o Botafogo","author":"Luiz Ant\u00f4nio Pr\u00f3speri","date":"26 de setembro de 2024","format":false,"excerpt":"Luiz Ant\u00f4nio Pr\u00f3speri - 26 setembro (21h30) Libertadores conhece os semifinalistas. Atl\u00e9tico-MG enfrenta River Plate, da Argentina, e Botafogo encara Pe\u00f1arol. Time uruguaio elimina Flamengo no empate sem gols. Fora da Libertadores, Tite vai passar dias apertados no clube carioca, tamanha insatisfa\u00e7\u00e3o da torcida. A final ser\u00e1 em Buenos Aires,\u2026","rel":"","context":"Em &quot;futebol&quot;","block_context":{"text":"futebol","link":"https:\/\/blogdoprosperi.com\/?cat=53870"},"img":{"alt_text":"Pe\u00f1arol vence Flamengo e complica Tite","src":"https:\/\/i0.wp.com\/blogdoprosperi.com\/wp-content\/uploads\/2024\/09\/tite-flamengo-libertadores-1.webp?fit=640%2C400&ssl=1&resize=350%2C200","width":350,"height":200,"srcset":"https:\/\/i0.wp.com\/blogdoprosperi.com\/wp-content\/uploads\/2024\/09\/tite-flamengo-libertadores-1.webp?fit=640%2C400&ssl=1&resize=350%2C200 1x, https:\/\/i0.wp.com\/blogdoprosperi.com\/wp-content\/uploads\/2024\/09\/tite-flamengo-libertadores-1.webp?fit=640%2C400&ssl=1&resize=525%2C300 1.5x"},"classes":[]}],"jetpack_featured_media_url":"","_links":{"self":[{"href":"https:\/\/blogdoprosperi.com\/index.php?rest_route=\/wp\/v2\/posts\/1915","targetHints":{"allow":["GET"]}}],"collection":[{"href":"https:\/\/blogdoprosperi.com\/index.php?rest_route=\/wp\/v2\/posts"}],"about":[{"href":"https:\/\/blogdoprosperi.com\/index.php?rest_route=\/wp\/v2\/types\/post"}],"author":[{"embeddable":true,"href":"https:\/\/blogdoprosperi.com\/index.php?rest_route=\/wp\/v2\/users\/102107496"}],"replies":[{"embeddable":true,"href":"https:\/\/blogdoprosperi.com\/index.php?rest_route=%2Fwp%2Fv2%2Fcomments&post=1915"}],"version-history":[{"count":25,"href":"https:\/\/blogdoprosperi.com\/index.php?rest_route=\/wp\/v2\/posts\/1915\/revisions"}],"predecessor-version":[{"id":2053,"href":"https:\/\/blogdoprosperi.com\/index.php?rest_route=\/wp\/v2\/posts\/1915\/revisions\/2053"}],"wp:attachment":[{"href":"https:\/\/blogdoprosperi.com\/index.php?rest_route=%2Fwp%2Fv2%2Fmedia&parent=1915"}],"wp:term":[{"taxonomy":"category","embeddable":true,"href":"https:\/\/blogdoprosperi.com\/index.php?rest_route=%2Fwp%2Fv2%2Fcategories&post=1915"},{"taxonomy":"post_tag","embeddable":true,"href":"https:\/\/blogdoprosperi.com\/index.php?rest_route=%2Fwp%2Fv2%2Ftags&post=1915"}],"curies":[{"name":"wp","href":"https:\/\/api.w.org\/{rel}","templated":true}]}}