{"id":19221,"date":"2016-08-05T14:58:30","date_gmt":"2016-08-05T17:58:30","guid":{"rendered":"http:\/\/blogdoprosperi.com\/?p=19221"},"modified":"2016-08-05T15:22:32","modified_gmt":"2016-08-05T18:22:32","slug":"palmeiras-esquece-academia-de-goleiros-e-procura-sucessor-de-fernando-prass","status":"publish","type":"post","link":"https:\/\/blogdoprosperi.com\/?p=19221","title":{"rendered":"Palmeiras esquece Academia de Goleiros e procura sucessor de Fernando Prass"},"content":{"rendered":"<p><span class=\"alignnone\"><img data-recalc-dims=\"1\" loading=\"lazy\" decoding=\"async\" data-attachment-id=\"19260\" data-permalink=\"https:\/\/blogdoprosperi.com\/?attachment_id=19260\" data-orig-file=\"https:\/\/i0.wp.com\/blogdoprosperi.com\/wp-content\/uploads\/2016\/08\/marcos.jpg?fit=619%2C464&amp;ssl=1\" data-orig-size=\"619,464\" data-comments-opened=\"1\" data-image-meta=\"{&quot;aperture&quot;:&quot;0&quot;,&quot;credit&quot;:&quot;&quot;,&quot;camera&quot;:&quot;&quot;,&quot;caption&quot;:&quot;&quot;,&quot;created_timestamp&quot;:&quot;0&quot;,&quot;copyright&quot;:&quot;&quot;,&quot;focal_length&quot;:&quot;0&quot;,&quot;iso&quot;:&quot;0&quot;,&quot;shutter_speed&quot;:&quot;0&quot;,&quot;title&quot;:&quot;&quot;,&quot;orientation&quot;:&quot;0&quot;}\" data-image-title=\"marcos\" data-image-description=\"\" data-image-caption=\"\" data-large-file=\"https:\/\/i0.wp.com\/blogdoprosperi.com\/wp-content\/uploads\/2016\/08\/marcos.jpg?fit=619%2C464&amp;ssl=1\" class=\"alignnone size-full wp-image-19260\" src=\"https:\/\/i0.wp.com\/blogdoprosperi.com\/wp-content\/uploads\/2016\/08\/marcos.jpg?resize=619%2C464&#038;ssl=1\" alt=\"marcos\" width=\"619\" height=\"464\" \/><\/span><\/p>\n<p>Palmeiras tinha uma Academia de Goleiros at\u00e9 Marcos se aposentar em 2012. Revelava como ningu\u00e9m. Quando &#8216;S\u00e3o Marcos&#8217; saiu de cena, o clube n\u00e3o conseguiu emplacar mais nenhum goleiro, mesmo com muitos garotos convocados com regularidade pelas sele\u00e7\u00f5es de base da CBF. Sem Fernando Prass e com as primeiras <a href=\"http:\/\/blogdoprosperi.com\/2016\/08\/05\/palmeiras-ainda-nao-sabe-vencer-sem-fernando-prass-e-gabriel-jesus\/\">pixotadas de Vagner<\/a>, o Palmeiras n\u00e3o tem a quem recorrer na Academia e vai ao mercado em busca de um goleiro.<!--more--><\/p>\n<p>Cuca adiantou, logo ap\u00f3s o empate com a Chapecoense nesta quinta-feira (04\/8), que n\u00e3o tem confian\u00e7a plena em Wagner. Admitiu que vai conversar com Vagner e pode at\u00e9 trocar e dar uma chance ao reserva Ja\u00edlson no jogo contra o Vit\u00f3ria, neste domingo, no Allianz Parque.<\/p>\n<p><span class=\"alignnone\"><img data-recalc-dims=\"1\" loading=\"lazy\" decoding=\"async\" data-attachment-id=\"19266\" data-permalink=\"https:\/\/blogdoprosperi.com\/?attachment_id=19266\" data-orig-file=\"https:\/\/i0.wp.com\/blogdoprosperi.com\/wp-content\/uploads\/2016\/08\/cuca.jpg?fit=3200%2C2128&amp;ssl=1\" data-orig-size=\"3200,2128\" data-comments-opened=\"1\" data-image-meta=\"{&quot;aperture&quot;:&quot;0&quot;,&quot;credit&quot;:&quot;&quot;,&quot;camera&quot;:&quot;&quot;,&quot;caption&quot;:&quot;&quot;,&quot;created_timestamp&quot;:&quot;0&quot;,&quot;copyright&quot;:&quot;&quot;,&quot;focal_length&quot;:&quot;0&quot;,&quot;iso&quot;:&quot;0&quot;,&quot;shutter_speed&quot;:&quot;0&quot;,&quot;title&quot;:&quot;&quot;,&quot;orientation&quot;:&quot;0&quot;}\" data-image-title=\"Cuca\" data-image-description=\"\" data-image-caption=\"\" data-large-file=\"https:\/\/i0.wp.com\/blogdoprosperi.com\/wp-content\/uploads\/2016\/08\/cuca.jpg?fit=940%2C625&amp;ssl=1\" class=\"alignnone  wp-image-19266 alignright\" src=\"https:\/\/i0.wp.com\/blogdoprosperi.com\/wp-content\/uploads\/2016\/08\/cuca.jpg?resize=248%2C165&#038;ssl=1\" alt=\"Cuca\" width=\"248\" height=\"165\" \/><\/span>O treinador n\u00e3o tem muito tempo para refletir. Ou vai com Vagner, mesmo diante da inseguran\u00e7a que o goleiro tem transmitido, ou radicaliza. Est\u00e1 em jogo a <a href=\"http:\/\/blogdoprosperi.com\/2016\/08\/04\/santos-se-vira-sem-meio-time-diante-do-flamengo-e-saboreia-lideranca-do-brasileiro\/\">lideran\u00e7a do Campeonato Brasileiro<\/a>, o t\u00edtulo simb\u00f3lico do primeiro turno e o futuro do time no Brasileir\u00e3o.<\/p>\n<p>&nbsp;<\/p>\n<p>Vagner &#8216;estreou&#8217; contra o <a href=\"http:\/\/blogdoprosperi.com\/2016\/07\/31\/palmeiras-desanda-no-brasileirao-e-cede-lideranca-ao-corinthians\/\">Atl\u00e9tico-MG na derrota por 1 a 0<\/a> &#8211; n\u00e3o teve culpa no gol. Na segunda partida, falhou ao cometer p\u00eanalti em Vinicius quando o Palmeiras estava perto de empatar o jogo contra o Botafogo no Rio. E, diante da Chapecoense, saiu mal no gol de Kempes e por pouco n\u00e3o fez p\u00eanalti em Hyoran quando o Palmeiras j\u00e1 perdia por 1 a 0.<\/p>\n<figure id=\"attachment_19267\" aria-describedby=\"caption-attachment-19267\" style=\"width: 700px\" class=\"wp-caption alignnone\"><img data-recalc-dims=\"1\" loading=\"lazy\" decoding=\"async\" data-attachment-id=\"19267\" data-permalink=\"https:\/\/blogdoprosperi.com\/?attachment_id=19267\" data-orig-file=\"https:\/\/i0.wp.com\/blogdoprosperi.com\/wp-content\/uploads\/2016\/08\/5794fd1f6544f.jpeg?fit=700%2C475&amp;ssl=1\" data-orig-size=\"700,475\" data-comments-opened=\"1\" data-image-meta=\"{&quot;aperture&quot;:&quot;0&quot;,&quot;credit&quot;:&quot;&quot;,&quot;camera&quot;:&quot;&quot;,&quot;caption&quot;:&quot;&quot;,&quot;created_timestamp&quot;:&quot;0&quot;,&quot;copyright&quot;:&quot;&quot;,&quot;focal_length&quot;:&quot;0&quot;,&quot;iso&quot;:&quot;0&quot;,&quot;shutter_speed&quot;:&quot;0&quot;,&quot;title&quot;:&quot;&quot;,&quot;orientation&quot;:&quot;0&quot;}\" data-image-title=\"5794fd1f6544f\" data-image-description=\"\" data-image-caption=\"\" data-large-file=\"https:\/\/i0.wp.com\/blogdoprosperi.com\/wp-content\/uploads\/2016\/08\/5794fd1f6544f.jpeg?fit=700%2C475&amp;ssl=1\" class=\"alignnone size-full wp-image-19267\" src=\"https:\/\/i0.wp.com\/blogdoprosperi.com\/wp-content\/uploads\/2016\/08\/5794fd1f6544f.jpeg?resize=700%2C475&#038;ssl=1\" alt=\"5794fd1f6544f\" width=\"700\" height=\"475\" \/><figcaption id=\"caption-attachment-19267\" class=\"wp-caption-text\">Vagner n\u00e3o inspira confian\u00e7a no gol do Palmeiras<\/figcaption><\/figure>\n<p>Ja\u00edlson, 35 anos, 1,86 m, tem no curr\u00edculo apenas tr\u00eas participa\u00e7\u00f5es em jogos do Palmeiras nesta temporada. Em 2016, era o terceiro reserva se revezando com Aranha no banco de <a href=\"http:\/\/blogdoprosperi.com\/2016\/07\/30\/palmeiras-nao-vai-se-indispor-com-cbf-por-causa-do-drama-de-fernando-prass\/\">Fernando Prass.<\/a><\/p>\n<p>Vinicius Silvestre, 22 anos, 1,95 m, \u00e9 o terceiro goleiro do elenco de Cuca. Revelado na base do Palmeiras, n\u00e3o disputou nenhuma partida nesta temporada. Daniel Fuzato, 19 anos, do time Sub-20, tem sido convocado para a Sele\u00e7\u00e3o Brasileira Sub-20, mas n\u00e3o aparece ainda no grupo de Cuca.<\/p>\n<p>Sem muitas op\u00e7\u00f5es no seu elenco e com receio de apostar nos garotos, <a href=\"http:\/\/blogdoprosperi.com\/2016\/07\/24\/palmeiras-se-rende-a-forca-do-atletico-mg-e-sente-falta-de-gabriel-jesus\/\">Cuca <\/a>avalia a possibilidade de contratar um goleiro.<\/p>\n<p>\u00c9verton, 26 anos, 1,92 m, titular do Cear\u00e1 na S\u00e9rie B do Brasileiro, foi sondado pelo Palmeiras &#8211; o clube nega. Sua experi\u00eancia se resume a times das S\u00e9ries B e C.<\/p>\n<p>Cuca, neste momento, tenta evitar o que aconteceu com outros treinadores que apostaram na famosa Academia de Goleiros do Palmeiras quando Marcos pendurou as luvas.<\/p>\n<div class=\"tiled-gallery type-rectangular tiled-gallery-unresized\" data-original-width=\"940\" data-carousel-extra='{&quot;blog_id&quot;:1,&quot;permalink&quot;:&quot;https:\\\/\\\/blogdoprosperi.com\\\/?p=19221&quot;,&quot;likes_blog_id&quot;:108082574}' itemscope itemtype=\"http:\/\/schema.org\/ImageGallery\" > <div class=\"gallery-row\" style=\"width: 940px; height: 579px;\" data-original-width=\"940\" data-original-height=\"579\" > <div class=\"gallery-group images-2\" style=\"width: 480px; height: 579px;\" data-original-width=\"480\" data-original-height=\"579\" > <div class=\"tiled-gallery-item tiled-gallery-item-large\" itemprop=\"associatedMedia\" itemscope itemtype=\"http:\/\/schema.org\/ImageObject\"> <a href=\"https:\/\/blogdoprosperi.com\/?attachment_id=19263\" border=\"0\" itemprop=\"url\"> <meta itemprop=\"width\" content=\"476\"> <meta itemprop=\"height\" content=\"322\"> <img decoding=\"async\" class=\"\" data-attachment-id=\"19263\" data-orig-file=\"https:\/\/blogdoprosperi.com\/wp-content\/uploads\/2016\/08\/zetti-palmeiras.jpg\" data-orig-size=\"1000,676\" data-comments-opened=\"1\" data-image-meta=\"{&quot;aperture&quot;:&quot;0&quot;,&quot;credit&quot;:&quot;&quot;,&quot;camera&quot;:&quot;&quot;,&quot;caption&quot;:&quot;&quot;,&quot;created_timestamp&quot;:&quot;0&quot;,&quot;copyright&quot;:&quot;&quot;,&quot;focal_length&quot;:&quot;0&quot;,&quot;iso&quot;:&quot;0&quot;,&quot;shutter_speed&quot;:&quot;0&quot;,&quot;title&quot;:&quot;&quot;,&quot;orientation&quot;:&quot;0&quot;}\" data-image-title=\"Zetti-Palmeiras\" data-image-description=\"\" data-medium-file=\"https:\/\/i0.wp.com\/blogdoprosperi.com\/wp-content\/uploads\/2016\/08\/zetti-palmeiras.jpg?fit=559%2C378&#038;ssl=1\" data-large-file=\"https:\/\/i0.wp.com\/blogdoprosperi.com\/wp-content\/uploads\/2016\/08\/zetti-palmeiras.jpg?fit=940%2C635&#038;ssl=1\" src=\"https:\/\/i0.wp.com\/blogdoprosperi.com\/wp-content\/uploads\/2016\/08\/zetti-palmeiras.jpg?w=476&#038;h=322&#038;ssl=1\" width=\"476\" height=\"322\" loading=\"lazy\" data-original-width=\"476\" data-original-height=\"322\" itemprop=\"http:\/\/schema.org\/image\" title=\"Zetti-Palmeiras\" alt=\"Zetti-Palmeiras\" style=\"width: 476px; height: 322px;\" \/> <\/a> <\/div> <div class=\"tiled-gallery-item tiled-gallery-item-large\" itemprop=\"associatedMedia\" itemscope itemtype=\"http:\/\/schema.org\/ImageObject\"> <a href=\"https:\/\/blogdoprosperi.com\/?attachment_id=19264\" border=\"0\" itemprop=\"url\"> <meta itemprop=\"width\" content=\"476\"> <meta itemprop=\"height\" content=\"249\"> <img decoding=\"async\" class=\"\" data-attachment-id=\"19264\" data-orig-file=\"https:\/\/blogdoprosperi.com\/wp-content\/uploads\/2016\/08\/goleiro-velloso-durante-treino-do-palmeiras-em-atibaia-em-1996-1341937344268_956x500.jpg\" data-orig-size=\"956,500\" data-comments-opened=\"1\" data-image-meta=\"{&quot;aperture&quot;:&quot;0&quot;,&quot;credit&quot;:&quot;&quot;,&quot;camera&quot;:&quot;&quot;,&quot;caption&quot;:&quot;&quot;,&quot;created_timestamp&quot;:&quot;0&quot;,&quot;copyright&quot;:&quot;&quot;,&quot;focal_length&quot;:&quot;0&quot;,&quot;iso&quot;:&quot;0&quot;,&quot;shutter_speed&quot;:&quot;0&quot;,&quot;title&quot;:&quot;&quot;,&quot;orientation&quot;:&quot;0&quot;}\" data-image-title=\"goleiro-velloso-durante-treino-do-palmeiras-em-atibaia-em-1996-1341937344268_956x500\" data-image-description=\"\" data-medium-file=\"https:\/\/i0.wp.com\/blogdoprosperi.com\/wp-content\/uploads\/2016\/08\/goleiro-velloso-durante-treino-do-palmeiras-em-atibaia-em-1996-1341937344268_956x500.jpg?fit=650%2C340&#038;ssl=1\" data-large-file=\"https:\/\/i0.wp.com\/blogdoprosperi.com\/wp-content\/uploads\/2016\/08\/goleiro-velloso-durante-treino-do-palmeiras-em-atibaia-em-1996-1341937344268_956x500.jpg?fit=940%2C492&#038;ssl=1\" src=\"https:\/\/i0.wp.com\/blogdoprosperi.com\/wp-content\/uploads\/2016\/08\/goleiro-velloso-durante-treino-do-palmeiras-em-atibaia-em-1996-1341937344268_956x500.jpg?w=476&#038;h=249&#038;ssl=1\" width=\"476\" height=\"249\" loading=\"lazy\" data-original-width=\"476\" data-original-height=\"249\" itemprop=\"http:\/\/schema.org\/image\" title=\"goleiro-velloso-durante-treino-do-palmeiras-em-atibaia-em-1996-1341937344268_956x500\" alt=\"goleiro-velloso-durante-treino-do-palmeiras-em-atibaia-em-1996-1341937344268_956x500\" style=\"width: 476px; height: 249px;\" \/> <\/a> <\/div> <\/div> <!-- close group --> <div class=\"gallery-group images-1\" style=\"width: 460px; height: 579px;\" data-original-width=\"460\" data-original-height=\"579\" > <div class=\"tiled-gallery-item tiled-gallery-item-large\" itemprop=\"associatedMedia\" itemscope itemtype=\"http:\/\/schema.org\/ImageObject\"> <a href=\"https:\/\/blogdoprosperi.com\/?attachment_id=19261\" border=\"0\" itemprop=\"url\"> <meta itemprop=\"width\" content=\"456\"> <meta itemprop=\"height\" content=\"575\"> <img decoding=\"async\" class=\"\" data-attachment-id=\"19261\" data-orig-file=\"https:\/\/blogdoprosperi.com\/wp-content\/uploads\/2016\/08\/diego-cavalieri.jpg\" data-orig-size=\"200,252\" data-comments-opened=\"1\" data-image-meta=\"{&quot;aperture&quot;:&quot;2.8&quot;,&quot;credit&quot;:&quot;&quot;,&quot;camera&quot;:&quot;Canon EOS-1D Mark II&quot;,&quot;caption&quot;:&quot;&quot;,&quot;created_timestamp&quot;:&quot;&quot;,&quot;copyright&quot;:&quot;&quot;,&quot;focal_length&quot;:&quot;300&quot;,&quot;iso&quot;:&quot;400&quot;,&quot;shutter_speed&quot;:&quot;0.001&quot;,&quot;title&quot;:&quot;&quot;,&quot;orientation&quot;:&quot;1&quot;}\" data-image-title=\"diego-cavalieri\" data-image-description=\"\" data-medium-file=\"https:\/\/i0.wp.com\/blogdoprosperi.com\/wp-content\/uploads\/2016\/08\/diego-cavalieri.jpg?fit=200%2C252&#038;ssl=1\" data-large-file=\"https:\/\/i0.wp.com\/blogdoprosperi.com\/wp-content\/uploads\/2016\/08\/diego-cavalieri.jpg?fit=200%2C252&#038;ssl=1\" src=\"https:\/\/i0.wp.com\/blogdoprosperi.com\/wp-content\/uploads\/2016\/08\/diego-cavalieri.jpg?w=456&#038;h=575&#038;ssl=1\" width=\"456\" height=\"575\" loading=\"lazy\" data-original-width=\"456\" data-original-height=\"575\" itemprop=\"http:\/\/schema.org\/image\" title=\"diego-cavalieri\" alt=\"diego-cavalieri\" style=\"width: 456px; height: 575px;\" \/> <\/a> <\/div> <\/div> <!-- close group --> <\/div> <!-- close row --> <\/div>\n<p>Marcos, revelado no clube, virou reserva de Velloso, tamb\u00e9m forjado nas categorias de base \u00a0do Palestra, em 1996. Assumiu a condi\u00e7\u00e3o de titular em 1999 e n\u00e3o mais saiu, conquistando a Libertadores e Copa do Mundo de 2002. Velloso surgiu depois de Zetti, outro goleiro que o Palmeiras revelou e virou um dos melhores do Brasil<\/p>\n<p>Depois de Marcos, o clube contratou Fernando Prass em dezembro de 2012. Prass jogou na campanha da S\u00e9rie B de 2013. Em 2014 sofreu fratura no cotovelo e ficou cinco meses sem jogar. Neste per\u00edodo, treinadores do <a href=\"http:\/\/blogdoprosperi.com\/2016\/08\/03\/manchester-city-confirma-contratacao-de-gabriel-jesus\/\">Palmeiras<\/a> apostaram em Bruno, Deola e F\u00e1bio, todos forjados na base do clube. Nenhum deles vingou. Diego Cavallieri, revelado no Palmeiras e sucessor natural de Marcos, havia sido negociado com o futebol europeu.<\/p>\n<p>Cuca n\u00e3o quer correr este risco. Prass s\u00f3 volta em 2017. Vagner e Jailson n\u00e3o t\u00eam a sua confian\u00e7a. Vinicius Silvestre \u00e9 novo. A solu\u00e7\u00e3o, entende o treinador, \u00e9 contra um goleiro bom e experiente. A decis\u00e3o est\u00e1 nas m\u00e3os da diretoria.<\/p>\n","protected":false},"excerpt":{"rendered":"<p>Palmeiras tinha uma Academia de Goleiros at\u00e9 Marcos se aposentar em 2012. Revelava como ningu\u00e9m. Quando &#8216;S\u00e3o Marcos&#8217; [&hellip;]<\/p>\n","protected":false},"author":102107496,"featured_media":0,"comment_status":"open","ping_status":"open","sticky":false,"template":"","format":"standard","meta":{"_coblocks_attr":"","_coblocks_dimensions":"","_coblocks_responsive_height":"","_coblocks_accordion_ie_support":"","_jetpack_newsletter_access":"","_jetpack_dont_email_post_to_subs":false,"_jetpack_newsletter_tier_id":0,"_jetpack_memberships_contains_paywalled_content":false,"_wpcom_ai_launchpad_first_post":false,"_jetpack_feature_clip_id":0,"_jetpack_memberships_contains_paid_content":false,"footnotes":"","jetpack_publicize_message":"","jetpack_publicize_feature_enabled":true,"jetpack_social_post_already_shared":false,"jetpack_social_options":{"image_generator_settings":{"template":"highway","default_image_id":0,"font":"","enabled":false},"version":2},"jetpack_post_was_ever_published":false},"categories":[53870],"tags":[211854850,362595295,471113831,789560560,2777948,522899,8328841,2636888,17760677,1153285],"class_list":["post-19221","post","type-post","status-publish","format-standard","hentry","category-futebol","tag-academia-de-goleiros","tag-brasileirao-2016","tag-cuca-palmeiras","tag-futebol","tag-jailson","tag-marcos","tag-palmeiras-clube","tag-vagner","tag-velloso","tag-zetti"],"yoast_head":"<!-- This site is optimized with the Yoast SEO plugin v28.4 - https:\/\/yoast.com\/product\/yoast-seo-wordpress\/ -->\n<title>Palmeiras esquece Academia de Goleiros e procura sucessor de Fernando Prass - PR\u00d3SPERI NEWS<\/title>\n<meta name=\"robots\" content=\"index, follow, max-snippet:-1, max-image-preview:large, max-video-preview:-1\" \/>\n<link rel=\"canonical\" href=\"https:\/\/blogdoprosperi.com\/?p=19221\" \/>\n<meta property=\"og:locale\" content=\"pt_BR\" \/>\n<meta property=\"og:type\" content=\"article\" \/>\n<meta property=\"og:title\" content=\"Palmeiras esquece Academia de Goleiros e procura sucessor de Fernando Prass - PR\u00d3SPERI NEWS\" \/>\n<meta property=\"og:description\" content=\"Palmeiras tinha uma Academia de Goleiros at\u00e9 Marcos se aposentar em 2012. Revelava como ningu\u00e9m. Quando &#8216;S\u00e3o Marcos&#8217; [&hellip;]\" \/>\n<meta property=\"og:url\" content=\"https:\/\/blogdoprosperi.com\/?p=19221\" \/>\n<meta property=\"og:site_name\" content=\"PR\u00d3SPERI NEWS\" \/>\n<meta property=\"article:publisher\" content=\"Luiz Pr\u00f3speri\" \/>\n<meta property=\"article:author\" content=\"Luiz Pr\u00f3speri\" \/>\n<meta property=\"article:published_time\" content=\"2016-08-05T17:58:30+00:00\" \/>\n<meta property=\"article:modified_time\" content=\"2016-08-05T18:22:32+00:00\" \/>\n<meta property=\"og:image\" content=\"https:\/\/i0.wp.com\/blogdoprosperi.com\/wp-content\/uploads\/2016\/08\/zetti-palmeiras.jpg?w=476&#038;h=322&#038;ssl=1\" \/>\n<meta name=\"author\" content=\"Luiz Ant\u00f4nio Pr\u00f3speri\" \/>\n<meta name=\"twitter:card\" content=\"summary_large_image\" \/>\n<meta name=\"twitter:creator\" content=\"@Luizprosperi\" \/>\n<meta name=\"twitter:site\" content=\"@Luizprosperi\" \/>\n<meta name=\"twitter:label1\" content=\"Escrito por\" \/>\n\t<meta name=\"twitter:data1\" content=\"Luiz Ant\u00f4nio Pr\u00f3speri\" \/>\n\t<meta name=\"twitter:label2\" content=\"Est. tempo de leitura\" \/>\n\t<meta name=\"twitter:data2\" content=\"3 minutos\" \/>\n<script type=\"application\/ld+json\" class=\"yoast-schema-graph\">{\"@context\":\"https:\\\/\\\/schema.org\",\"@graph\":[{\"@type\":\"Article\",\"@id\":\"https:\\\/\\\/blogdoprosperi.com\\\/?p=19221#article\",\"isPartOf\":{\"@id\":\"https:\\\/\\\/blogdoprosperi.com\\\/?p=19221\"},\"author\":{\"name\":\"Luiz Ant\u00f4nio Pr\u00f3speri\",\"@id\":\"https:\\\/\\\/blogdoprosperi.com\\\/#\\\/schema\\\/person\\\/38100755ce3601861ee4fab9b5aa78e9\"},\"headline\":\"Palmeiras esquece Academia de Goleiros e procura sucessor de Fernando Prass\",\"datePublished\":\"2016-08-05T17:58:30+00:00\",\"dateModified\":\"2016-08-05T18:22:32+00:00\",\"mainEntityOfPage\":{\"@id\":\"https:\\\/\\\/blogdoprosperi.com\\\/?p=19221\"},\"wordCount\":607,\"commentCount\":2,\"publisher\":{\"@id\":\"https:\\\/\\\/blogdoprosperi.com\\\/#\\\/schema\\\/person\\\/38100755ce3601861ee4fab9b5aa78e9\"},\"image\":{\"@id\":\"https:\\\/\\\/blogdoprosperi.com\\\/?p=19221#primaryimage\"},\"thumbnailUrl\":\"https:\\\/\\\/blogdoprosperi.com\\\/wp-content\\\/uploads\\\/2016\\\/08\\\/marcos.jpg\",\"keywords\":[\"Academia de Goleiros\",\"Brasileir\u00e3o-2016\",\"Cuca Palmeiras\",\"futebol\",\"Ja\u00edlson\",\"Marcos\",\"Palmeiras Clube\",\"Vagner\",\"Velloso\",\"Zetti\"],\"articleSection\":[\"futebol\"],\"inLanguage\":\"pt-BR\",\"potentialAction\":[{\"@type\":\"CommentAction\",\"name\":\"Comment\",\"target\":[\"https:\\\/\\\/blogdoprosperi.com\\\/?p=19221#respond\"]}]},{\"@type\":\"WebPage\",\"@id\":\"https:\\\/\\\/blogdoprosperi.com\\\/?p=19221\",\"url\":\"https:\\\/\\\/blogdoprosperi.com\\\/?p=19221\",\"name\":\"Palmeiras esquece Academia de Goleiros e procura sucessor de Fernando Prass - PR\u00d3SPERI NEWS\",\"isPartOf\":{\"@id\":\"https:\\\/\\\/blogdoprosperi.com\\\/#website\"},\"primaryImageOfPage\":{\"@id\":\"https:\\\/\\\/blogdoprosperi.com\\\/?p=19221#primaryimage\"},\"image\":{\"@id\":\"https:\\\/\\\/blogdoprosperi.com\\\/?p=19221#primaryimage\"},\"thumbnailUrl\":\"https:\\\/\\\/blogdoprosperi.com\\\/wp-content\\\/uploads\\\/2016\\\/08\\\/marcos.jpg\",\"datePublished\":\"2016-08-05T17:58:30+00:00\",\"dateModified\":\"2016-08-05T18:22:32+00:00\",\"breadcrumb\":{\"@id\":\"https:\\\/\\\/blogdoprosperi.com\\\/?p=19221#breadcrumb\"},\"inLanguage\":\"pt-BR\",\"potentialAction\":[{\"@type\":\"ReadAction\",\"target\":[\"https:\\\/\\\/blogdoprosperi.com\\\/?p=19221\"]}]},{\"@type\":\"ImageObject\",\"inLanguage\":\"pt-BR\",\"@id\":\"https:\\\/\\\/blogdoprosperi.com\\\/?p=19221#primaryimage\",\"url\":\"https:\\\/\\\/i0.wp.com\\\/blogdoprosperi.com\\\/wp-content\\\/uploads\\\/2016\\\/08\\\/marcos.jpg?fit=619%2C464&ssl=1\",\"contentUrl\":\"https:\\\/\\\/i0.wp.com\\\/blogdoprosperi.com\\\/wp-content\\\/uploads\\\/2016\\\/08\\\/marcos.jpg?fit=619%2C464&ssl=1\",\"width\":619,\"height\":464},{\"@type\":\"BreadcrumbList\",\"@id\":\"https:\\\/\\\/blogdoprosperi.com\\\/?p=19221#breadcrumb\",\"itemListElement\":[{\"@type\":\"ListItem\",\"position\":1,\"name\":\"In\u00edcio\",\"item\":\"https:\\\/\\\/blogdoprosperi.com\\\/\"},{\"@type\":\"ListItem\",\"position\":2,\"name\":\"Palmeiras esquece Academia de Goleiros e procura sucessor de Fernando Prass\"}]},{\"@type\":\"WebSite\",\"@id\":\"https:\\\/\\\/blogdoprosperi.com\\\/#website\",\"url\":\"https:\\\/\\\/blogdoprosperi.com\\\/\",\"name\":\"PR\u00d3SPERI NEWS\",\"description\":\"TUDO \u00c9  FUTEBOL\",\"publisher\":{\"@id\":\"https:\\\/\\\/blogdoprosperi.com\\\/#\\\/schema\\\/person\\\/38100755ce3601861ee4fab9b5aa78e9\"},\"alternateName\":\"blogdoprosperi.com\",\"potentialAction\":[{\"@type\":\"SearchAction\",\"target\":{\"@type\":\"EntryPoint\",\"urlTemplate\":\"https:\\\/\\\/blogdoprosperi.com\\\/?s={search_term_string}\"},\"query-input\":{\"@type\":\"PropertyValueSpecification\",\"valueRequired\":true,\"valueName\":\"search_term_string\"}}],\"inLanguage\":\"pt-BR\"},{\"@type\":[\"Person\",\"Organization\"],\"@id\":\"https:\\\/\\\/blogdoprosperi.com\\\/#\\\/schema\\\/person\\\/38100755ce3601861ee4fab9b5aa78e9\",\"name\":\"Luiz Ant\u00f4nio Pr\u00f3speri\",\"pronouns\":\"ele\",\"image\":{\"@type\":\"ImageObject\",\"inLanguage\":\"pt-BR\",\"@id\":\"https:\\\/\\\/i0.wp.com\\\/blogdoprosperi.com\\\/wp-content\\\/uploads\\\/2026\\\/05\\\/cropped-8059e613-6002-42fa-961e-8e275f575d71-2-5.jpg?fit=1360%2C931&ssl=1\",\"url\":\"https:\\\/\\\/i0.wp.com\\\/blogdoprosperi.com\\\/wp-content\\\/uploads\\\/2026\\\/05\\\/cropped-8059e613-6002-42fa-961e-8e275f575d71-2-5.jpg?fit=1360%2C931&ssl=1\",\"contentUrl\":\"https:\\\/\\\/i0.wp.com\\\/blogdoprosperi.com\\\/wp-content\\\/uploads\\\/2026\\\/05\\\/cropped-8059e613-6002-42fa-961e-8e275f575d71-2-5.jpg?fit=1360%2C931&ssl=1\",\"width\":1360,\"height\":931,\"caption\":\"Luiz Ant\u00f4nio Pr\u00f3speri\"},\"logo\":{\"@id\":\"https:\\\/\\\/i0.wp.com\\\/blogdoprosperi.com\\\/wp-content\\\/uploads\\\/2026\\\/05\\\/cropped-8059e613-6002-42fa-961e-8e275f575d71-2-5.jpg?fit=1360%2C931&ssl=1\"},\"description\":\"Jornalista com carreira dedicada ao esporte. Cobriu 9 Copas do Mundo in loco, 1990 na It\u00e1lia, 1994 nos EUA, 1998 na Fran\u00e7a, 2002 na Coreia do Sul e Jap\u00e3o, 2006 na Alemanha, 2010 na \u00c1frica do Sul, 2014 no Brasil, 2018 na R\u00fassia e 2022 no Qatar. Eurocopas, 1992 na Su\u00e9cia e 1996 na Inglaterra. Copa das Confedera\u00e7\u00f5es de 2005 na Alemanha e 2009 na \u00c1frica do Sul. Rep\u00f3rter e Editor, trabalhou no Jornal da Tarde e Estad\u00e3o, de 1984 a fevereiro de 2016. Colunista, blogueiro. E comentarista de futebol na R\u00e1dio Estad\u00e3o, de 2013 a fevereiro de 2016. Jornalista respons\u00e1vel do \\\"Pr\u00f3speri News\\\" (blogdoprosperi.com).\",\"sameAs\":[\"http:\\\/\\\/blogdoprosperi.com\",\"Luiz Pr\u00f3speri\",\"@luiz_prosperi\",\"https:\\\/\\\/x.com\\\/Luizprosperi\",\"@prosperinacopa\",\"luiz.prosperi@icloud.com\"],\"url\":\"https:\\\/\\\/blogdoprosperi.com\\\/?author=102107496\"}]}<\/script>\n<!-- \/ Yoast SEO plugin. -->","yoast_head_json":{"title":"Palmeiras esquece Academia de Goleiros e procura sucessor de Fernando Prass - PR\u00d3SPERI NEWS","robots":{"index":"index","follow":"follow","max-snippet":"max-snippet:-1","max-image-preview":"max-image-preview:large","max-video-preview":"max-video-preview:-1"},"canonical":"https:\/\/blogdoprosperi.com\/?p=19221","og_locale":"pt_BR","og_type":"article","og_title":"Palmeiras esquece Academia de Goleiros e procura sucessor de Fernando Prass - PR\u00d3SPERI NEWS","og_description":"Palmeiras tinha uma Academia de Goleiros at\u00e9 Marcos se aposentar em 2012. Revelava como ningu\u00e9m. Quando &#8216;S\u00e3o Marcos&#8217; [&hellip;]","og_url":"https:\/\/blogdoprosperi.com\/?p=19221","og_site_name":"PR\u00d3SPERI NEWS","article_publisher":"Luiz Pr\u00f3speri","article_author":"Luiz Pr\u00f3speri","article_published_time":"2016-08-05T17:58:30+00:00","article_modified_time":"2016-08-05T18:22:32+00:00","og_image":[{"url":"https:\/\/i0.wp.com\/blogdoprosperi.com\/wp-content\/uploads\/2016\/08\/zetti-palmeiras.jpg?w=476&#038;h=322&#038;ssl=1","type":"","width":"","height":""}],"author":"Luiz Ant\u00f4nio Pr\u00f3speri","twitter_card":"summary_large_image","twitter_creator":"@Luizprosperi","twitter_site":"@Luizprosperi","twitter_misc":{"Escrito por":"Luiz Ant\u00f4nio Pr\u00f3speri","Est. tempo de leitura":"3 minutos"},"schema":{"@context":"https:\/\/schema.org","@graph":[{"@type":"Article","@id":"https:\/\/blogdoprosperi.com\/?p=19221#article","isPartOf":{"@id":"https:\/\/blogdoprosperi.com\/?p=19221"},"author":{"name":"Luiz Ant\u00f4nio Pr\u00f3speri","@id":"https:\/\/blogdoprosperi.com\/#\/schema\/person\/38100755ce3601861ee4fab9b5aa78e9"},"headline":"Palmeiras esquece Academia de Goleiros e procura sucessor de Fernando Prass","datePublished":"2016-08-05T17:58:30+00:00","dateModified":"2016-08-05T18:22:32+00:00","mainEntityOfPage":{"@id":"https:\/\/blogdoprosperi.com\/?p=19221"},"wordCount":607,"commentCount":2,"publisher":{"@id":"https:\/\/blogdoprosperi.com\/#\/schema\/person\/38100755ce3601861ee4fab9b5aa78e9"},"image":{"@id":"https:\/\/blogdoprosperi.com\/?p=19221#primaryimage"},"thumbnailUrl":"https:\/\/blogdoprosperi.com\/wp-content\/uploads\/2016\/08\/marcos.jpg","keywords":["Academia de Goleiros","Brasileir\u00e3o-2016","Cuca Palmeiras","futebol","Ja\u00edlson","Marcos","Palmeiras Clube","Vagner","Velloso","Zetti"],"articleSection":["futebol"],"inLanguage":"pt-BR","potentialAction":[{"@type":"CommentAction","name":"Comment","target":["https:\/\/blogdoprosperi.com\/?p=19221#respond"]}]},{"@type":"WebPage","@id":"https:\/\/blogdoprosperi.com\/?p=19221","url":"https:\/\/blogdoprosperi.com\/?p=19221","name":"Palmeiras esquece Academia de Goleiros e procura sucessor de Fernando Prass - PR\u00d3SPERI NEWS","isPartOf":{"@id":"https:\/\/blogdoprosperi.com\/#website"},"primaryImageOfPage":{"@id":"https:\/\/blogdoprosperi.com\/?p=19221#primaryimage"},"image":{"@id":"https:\/\/blogdoprosperi.com\/?p=19221#primaryimage"},"thumbnailUrl":"https:\/\/blogdoprosperi.com\/wp-content\/uploads\/2016\/08\/marcos.jpg","datePublished":"2016-08-05T17:58:30+00:00","dateModified":"2016-08-05T18:22:32+00:00","breadcrumb":{"@id":"https:\/\/blogdoprosperi.com\/?p=19221#breadcrumb"},"inLanguage":"pt-BR","potentialAction":[{"@type":"ReadAction","target":["https:\/\/blogdoprosperi.com\/?p=19221"]}]},{"@type":"ImageObject","inLanguage":"pt-BR","@id":"https:\/\/blogdoprosperi.com\/?p=19221#primaryimage","url":"https:\/\/i0.wp.com\/blogdoprosperi.com\/wp-content\/uploads\/2016\/08\/marcos.jpg?fit=619%2C464&ssl=1","contentUrl":"https:\/\/i0.wp.com\/blogdoprosperi.com\/wp-content\/uploads\/2016\/08\/marcos.jpg?fit=619%2C464&ssl=1","width":619,"height":464},{"@type":"BreadcrumbList","@id":"https:\/\/blogdoprosperi.com\/?p=19221#breadcrumb","itemListElement":[{"@type":"ListItem","position":1,"name":"In\u00edcio","item":"https:\/\/blogdoprosperi.com\/"},{"@type":"ListItem","position":2,"name":"Palmeiras esquece Academia de Goleiros e procura sucessor de Fernando Prass"}]},{"@type":"WebSite","@id":"https:\/\/blogdoprosperi.com\/#website","url":"https:\/\/blogdoprosperi.com\/","name":"PR\u00d3SPERI NEWS","description":"TUDO \u00c9  FUTEBOL","publisher":{"@id":"https:\/\/blogdoprosperi.com\/#\/schema\/person\/38100755ce3601861ee4fab9b5aa78e9"},"alternateName":"blogdoprosperi.com","potentialAction":[{"@type":"SearchAction","target":{"@type":"EntryPoint","urlTemplate":"https:\/\/blogdoprosperi.com\/?s={search_term_string}"},"query-input":{"@type":"PropertyValueSpecification","valueRequired":true,"valueName":"search_term_string"}}],"inLanguage":"pt-BR"},{"@type":["Person","Organization"],"@id":"https:\/\/blogdoprosperi.com\/#\/schema\/person\/38100755ce3601861ee4fab9b5aa78e9","name":"Luiz Ant\u00f4nio Pr\u00f3speri","pronouns":"ele","image":{"@type":"ImageObject","inLanguage":"pt-BR","@id":"https:\/\/i0.wp.com\/blogdoprosperi.com\/wp-content\/uploads\/2026\/05\/cropped-8059e613-6002-42fa-961e-8e275f575d71-2-5.jpg?fit=1360%2C931&ssl=1","url":"https:\/\/i0.wp.com\/blogdoprosperi.com\/wp-content\/uploads\/2026\/05\/cropped-8059e613-6002-42fa-961e-8e275f575d71-2-5.jpg?fit=1360%2C931&ssl=1","contentUrl":"https:\/\/i0.wp.com\/blogdoprosperi.com\/wp-content\/uploads\/2026\/05\/cropped-8059e613-6002-42fa-961e-8e275f575d71-2-5.jpg?fit=1360%2C931&ssl=1","width":1360,"height":931,"caption":"Luiz Ant\u00f4nio Pr\u00f3speri"},"logo":{"@id":"https:\/\/i0.wp.com\/blogdoprosperi.com\/wp-content\/uploads\/2026\/05\/cropped-8059e613-6002-42fa-961e-8e275f575d71-2-5.jpg?fit=1360%2C931&ssl=1"},"description":"Jornalista com carreira dedicada ao esporte. Cobriu 9 Copas do Mundo in loco, 1990 na It\u00e1lia, 1994 nos EUA, 1998 na Fran\u00e7a, 2002 na Coreia do Sul e Jap\u00e3o, 2006 na Alemanha, 2010 na \u00c1frica do Sul, 2014 no Brasil, 2018 na R\u00fassia e 2022 no Qatar. Eurocopas, 1992 na Su\u00e9cia e 1996 na Inglaterra. Copa das Confedera\u00e7\u00f5es de 2005 na Alemanha e 2009 na \u00c1frica do Sul. Rep\u00f3rter e Editor, trabalhou no Jornal da Tarde e Estad\u00e3o, de 1984 a fevereiro de 2016. Colunista, blogueiro. E comentarista de futebol na R\u00e1dio Estad\u00e3o, de 2013 a fevereiro de 2016. Jornalista respons\u00e1vel do \"Pr\u00f3speri News\" (blogdoprosperi.com).","sameAs":["http:\/\/blogdoprosperi.com","Luiz Pr\u00f3speri","@luiz_prosperi","https:\/\/x.com\/Luizprosperi","@prosperinacopa","luiz.prosperi@icloud.com"],"url":"https:\/\/blogdoprosperi.com\/?author=102107496"}]}},"jetpack_publicize_connections":[],"jetpack_likes_enabled":false,"jetpack_sharing_enabled":true,"jetpack_shortlink":"https:\/\/wp.me\/p7jvdk-501","jetpack-related-posts":[{"id":37356,"url":"https:\/\/blogdoprosperi.com\/?p=37356","url_meta":{"origin":19221,"position":0},"title":"Deixem minha m\u00e3e em paz","author":"Luiz Ant\u00f4nio Pr\u00f3speri","date":"27 de fevereiro de 2018","format":false,"excerpt":"Jailson \u00e9 palmeirense desde menino. Sua m\u00e3e \u00e9 corintiana. Av\u00f3, santista. Em comum, o universo do futebol. Tudo t\u00e3o simples e importante como um copo d'\u00e1gua. Deveria ser assim por gera\u00e7\u00f5es e gera\u00e7\u00f5es da fam\u00edlia do goleiro. Sem ningu\u00e9m se intrometer, nem fazer valer a intoler\u00e2ncia. N\u00e3o h\u00e1 maldade em\u2026","rel":"","context":"Em &quot;futebol&quot;","block_context":{"text":"futebol","link":"https:\/\/blogdoprosperi.com\/?cat=53870"},"img":{"alt_text":"","src":"https:\/\/i0.wp.com\/blogdoprosperi.com\/wp-content\/uploads\/2018\/02\/26594671318_e55e1071f2_b.jpg?fit=698%2C1024&ssl=1&resize=350%2C200","width":350,"height":200,"srcset":"https:\/\/i0.wp.com\/blogdoprosperi.com\/wp-content\/uploads\/2018\/02\/26594671318_e55e1071f2_b.jpg?fit=698%2C1024&ssl=1&resize=350%2C200 1x, https:\/\/i0.wp.com\/blogdoprosperi.com\/wp-content\/uploads\/2018\/02\/26594671318_e55e1071f2_b.jpg?fit=698%2C1024&ssl=1&resize=525%2C300 1.5x"},"classes":[]},{"id":19599,"url":"https:\/\/blogdoprosperi.com\/?p=19599","url_meta":{"origin":19221,"position":1},"title":"Palmeiras reassume lideran\u00e7a e descobre goleiro Ja\u00edlson","author":"Luiz Ant\u00f4nio Pr\u00f3speri","date":"7 de agosto de 2016","format":false,"excerpt":"Palmeiras reassume a ponta do Campeonato Brasileiro ao derrotar o Vit\u00f3ria por 2 a 1 no Allianz Parque. Mais que devolver o time ao primeiro posto, o jogo apresentou Ja\u00edlson, novo sucessor de Fernando Prass. Esquecido como terceiro goleiro, ap\u00f3s quase um ano sem jogar por causa de uma grave\u2026","rel":"","context":"Em &quot;Campeonato Brasileiro&quot;","block_context":{"text":"Campeonato Brasileiro","link":"https:\/\/blogdoprosperi.com\/?cat=355071"},"img":{"alt_text":"","src":"https:\/\/i0.wp.com\/blogdoprosperi.com\/wp-content\/uploads\/2016\/08\/622_b19712f7-d62d-38a0-bb16-237abc262000.jpg?resize=350%2C200&ssl=1","width":350,"height":200,"srcset":"https:\/\/i0.wp.com\/blogdoprosperi.com\/wp-content\/uploads\/2016\/08\/622_b19712f7-d62d-38a0-bb16-237abc262000.jpg?resize=350%2C200&ssl=1 1x, https:\/\/i0.wp.com\/blogdoprosperi.com\/wp-content\/uploads\/2016\/08\/622_b19712f7-d62d-38a0-bb16-237abc262000.jpg?resize=525%2C300&ssl=1 1.5x"},"classes":[]},{"id":34371,"url":"https:\/\/blogdoprosperi.com\/?p=34371","url_meta":{"origin":19221,"position":2},"title":"Palmeiras muda de perfil em busca da Libertadores 2017","author":"Luiz Ant\u00f4nio Pr\u00f3speri","date":"27 de dezembro de 2016","format":false,"excerpt":"Palmeiras vai mudar seu perfil na pr\u00f3xima temporada. Aquele time campe\u00e3o brasileiro, moldado a trocar passes e fazer do ataque uma avalanche, deve ser mais conservador. Vai perder leveza. A mudan\u00e7a \u00e9 em fun\u00e7\u00e3o da Copa Libertadores, principal meta do clube em 2017. Contrata\u00e7\u00f5es do porte de Felipe Melo, Guerra\u2026","rel":"","context":"Em &quot;futebol&quot;","block_context":{"text":"futebol","link":"https:\/\/blogdoprosperi.com\/?cat=53870"},"img":{"alt_text":"","src":"https:\/\/i0.wp.com\/blogdoprosperi.com\/wp-content\/uploads\/2016\/12\/qw28opg.jpg?resize=350%2C200","width":350,"height":200,"srcset":"https:\/\/i0.wp.com\/blogdoprosperi.com\/wp-content\/uploads\/2016\/12\/qw28opg.jpg?resize=350%2C200 1x, https:\/\/i0.wp.com\/blogdoprosperi.com\/wp-content\/uploads\/2016\/12\/qw28opg.jpg?resize=525%2C300 1.5x"},"classes":[]},{"id":33179,"url":"https:\/\/blogdoprosperi.com\/?p=33179","url_meta":{"origin":19221,"position":3},"title":"Palmeiras maior campe\u00e3o","author":"Luiz Ant\u00f4nio Pr\u00f3speri","date":"27 de novembro de 2016","format":false,"excerpt":"\u00a0 Palmeiras nove vezes campe\u00e3o do Brasil. A consagra\u00e7\u00e3o come\u00e7ou em maio, quando venceu o Atl\u00e9tico-PR por 4 a 0 na estreia, e acabou neste domingo (27\/11) ao derrotar a Chapecoense por 1 a 0 no Allianz Parque. Uma conquista irrepar\u00e1vel, repleta de her\u00f3is improv\u00e1veis como Jailson, uma comunh\u00e3o inesquec\u00edvel\u2026","rel":"","context":"Em &quot;Campeonato Brasileiro&quot;","block_context":{"text":"Campeonato Brasileiro","link":"https:\/\/blogdoprosperi.com\/?cat=355071"},"img":{"alt_text":"","src":"https:\/\/i0.wp.com\/blogdoprosperi.com\/wp-content\/uploads\/2016\/11\/imagem_2609_original.jpg?resize=350%2C200&ssl=1","width":350,"height":200,"srcset":"https:\/\/i0.wp.com\/blogdoprosperi.com\/wp-content\/uploads\/2016\/11\/imagem_2609_original.jpg?resize=350%2C200&ssl=1 1x, https:\/\/i0.wp.com\/blogdoprosperi.com\/wp-content\/uploads\/2016\/11\/imagem_2609_original.jpg?resize=525%2C300&ssl=1 1.5x, https:\/\/i0.wp.com\/blogdoprosperi.com\/wp-content\/uploads\/2016\/11\/imagem_2609_original.jpg?resize=700%2C400&ssl=1 2x"},"classes":[]},{"id":35967,"url":"https:\/\/blogdoprosperi.com\/?p=35967","url_meta":{"origin":19221,"position":4},"title":"Brasileir\u00e3o 2017: Corinthians e Cruzeiro, irm\u00e3os g\u00eameos na lideran\u00e7a","author":"Luiz Ant\u00f4nio Pr\u00f3speri","date":"29 de maio de 2017","format":false,"excerpt":"Corinthians e Cruzeiro fecham a terceira rodada do Brasileir\u00e3o 2017 na ponta da tabela, com sete pontos cada um. S\u00e3o portadores do futebol pragm\u00e1tico. Em um campeonato longo de pontos corridos essa f\u00f3rmula de vencer na conta do ch\u00e1 tem l\u00e1 sua valia, mas \u00e9 cedo para indicar que os\u2026","rel":"","context":"Em &quot;Campeonato Brasileiro&quot;","block_context":{"text":"Campeonato Brasileiro","link":"https:\/\/blogdoprosperi.com\/?cat=355071"},"img":{"alt_text":"","src":"https:\/\/i0.wp.com\/blogdoprosperi.com\/wp-content\/uploads\/2017\/05\/rodriguinho-comemorando-o-gol-contra-o-atletico-mg_s7.jpg?fit=614%2C409&ssl=1&resize=350%2C200","width":350,"height":200,"srcset":"https:\/\/i0.wp.com\/blogdoprosperi.com\/wp-content\/uploads\/2017\/05\/rodriguinho-comemorando-o-gol-contra-o-atletico-mg_s7.jpg?fit=614%2C409&ssl=1&resize=350%2C200 1x, https:\/\/i0.wp.com\/blogdoprosperi.com\/wp-content\/uploads\/2017\/05\/rodriguinho-comemorando-o-gol-contra-o-atletico-mg_s7.jpg?fit=614%2C409&ssl=1&resize=525%2C300 1.5x"},"classes":[]},{"id":13709,"url":"https:\/\/blogdoprosperi.com\/?p=13709","url_meta":{"origin":19221,"position":5},"title":"Fernando Prass \u00e9 convocado para liderar Sele\u00e7\u00e3o Ol\u00edmpica","author":"Luiz Ant\u00f4nio Pr\u00f3speri","date":"29 de junho de 2016","format":false,"excerpt":"Goleiro do Palmeiras deve ser o capit\u00e3o do time na Olimp\u00edada do Rio e deixar a Neymar a responsabilidade de assombrar os advers\u00e1rios Fernando Prass, aos 38 anos, vai ser o l\u00edder da Sele\u00e7\u00e3o Ol\u00edmpica, na avalia\u00e7\u00e3o da comiss\u00e3o t\u00e9cnica, nos Jogos do Rio. Sem nunca ter sido convocado, seja\u2026","rel":"","context":"Em &quot;futebol&quot;","block_context":{"text":"futebol","link":"https:\/\/blogdoprosperi.com\/?cat=53870"},"img":{"alt_text":"","src":"https:\/\/i0.wp.com\/blogdoprosperi.com\/wp-content\/uploads\/2016\/06\/622_19216806-b202-3213-b154-208be60620e7.jpg?resize=350%2C200&ssl=1","width":350,"height":200,"srcset":"https:\/\/i0.wp.com\/blogdoprosperi.com\/wp-content\/uploads\/2016\/06\/622_19216806-b202-3213-b154-208be60620e7.jpg?resize=350%2C200&ssl=1 1x, https:\/\/i0.wp.com\/blogdoprosperi.com\/wp-content\/uploads\/2016\/06\/622_19216806-b202-3213-b154-208be60620e7.jpg?resize=525%2C300&ssl=1 1.5x"},"classes":[]}],"jetpack_featured_media_url":"","_links":{"self":[{"href":"https:\/\/blogdoprosperi.com\/index.php?rest_route=\/wp\/v2\/posts\/19221","targetHints":{"allow":["GET"]}}],"collection":[{"href":"https:\/\/blogdoprosperi.com\/index.php?rest_route=\/wp\/v2\/posts"}],"about":[{"href":"https:\/\/blogdoprosperi.com\/index.php?rest_route=\/wp\/v2\/types\/post"}],"author":[{"embeddable":true,"href":"https:\/\/blogdoprosperi.com\/index.php?rest_route=\/wp\/v2\/users\/102107496"}],"replies":[{"embeddable":true,"href":"https:\/\/blogdoprosperi.com\/index.php?rest_route=%2Fwp%2Fv2%2Fcomments&post=19221"}],"version-history":[{"count":25,"href":"https:\/\/blogdoprosperi.com\/index.php?rest_route=\/wp\/v2\/posts\/19221\/revisions"}],"predecessor-version":[{"id":19292,"href":"https:\/\/blogdoprosperi.com\/index.php?rest_route=\/wp\/v2\/posts\/19221\/revisions\/19292"}],"wp:attachment":[{"href":"https:\/\/blogdoprosperi.com\/index.php?rest_route=%2Fwp%2Fv2%2Fmedia&parent=19221"}],"wp:term":[{"taxonomy":"category","embeddable":true,"href":"https:\/\/blogdoprosperi.com\/index.php?rest_route=%2Fwp%2Fv2%2Fcategories&post=19221"},{"taxonomy":"post_tag","embeddable":true,"href":"https:\/\/blogdoprosperi.com\/index.php?rest_route=%2Fwp%2Fv2%2Ftags&post=19221"}],"curies":[{"name":"wp","href":"https:\/\/api.w.org\/{rel}","templated":true}]}}