{"id":19379,"date":"2016-08-06T01:41:22","date_gmt":"2016-08-06T04:41:22","guid":{"rendered":"http:\/\/blogdoprosperi.com\/?p=19379"},"modified":"2016-08-06T02:14:43","modified_gmt":"2016-08-06T05:14:43","slug":"rio-2016-celebra-diferencas-do-brasil-na-cerimonia-de-abertura","status":"publish","type":"post","link":"https:\/\/blogdoprosperi.com\/?p=19379","title":{"rendered":"Rio 2016 manda um recado do Brasil ao mundo na cerim\u00f4nia de abertura dos Jogos"},"content":{"rendered":"<p><span class=\"alignnone\"><img data-recalc-dims=\"1\" loading=\"lazy\" decoding=\"async\" data-attachment-id=\"19378\" data-permalink=\"https:\/\/blogdoprosperi.com\/?attachment_id=19378\" data-orig-file=\"https:\/\/i0.wp.com\/blogdoprosperi.com\/wp-content\/uploads\/2016\/08\/5070.jpg?fit=620%2C372&amp;ssl=1\" data-orig-size=\"620,372\" data-comments-opened=\"1\" data-image-meta=\"{&quot;aperture&quot;:&quot;0&quot;,&quot;credit&quot;:&quot;&quot;,&quot;camera&quot;:&quot;&quot;,&quot;caption&quot;:&quot;&quot;,&quot;created_timestamp&quot;:&quot;0&quot;,&quot;copyright&quot;:&quot;&quot;,&quot;focal_length&quot;:&quot;0&quot;,&quot;iso&quot;:&quot;0&quot;,&quot;shutter_speed&quot;:&quot;0&quot;,&quot;title&quot;:&quot;&quot;,&quot;orientation&quot;:&quot;0&quot;}\" data-image-title=\"5070\" data-image-description=\"\" data-image-caption=\"\" data-large-file=\"https:\/\/i0.wp.com\/blogdoprosperi.com\/wp-content\/uploads\/2016\/08\/5070.jpg?fit=620%2C372&amp;ssl=1\" class=\"alignnone  wp-image-19378\" src=\"https:\/\/i0.wp.com\/blogdoprosperi.com\/wp-content\/uploads\/2016\/08\/5070.jpg?resize=657%2C394&#038;ssl=1\" alt=\"5070\" width=\"657\" height=\"394\" \/><\/span><\/p>\n<p>Dedicado ao futebol, este <strong>Blog do Pr\u00f3speri<\/strong> celebra a abertura dos Jogos do Rio com imagens da cerim\u00f4nia no Maracan\u00e3 nesta hist\u00f3rica noite de 5 de agosto de 2016. Festa elogiada pela imprensa internacional com as mensagens enviadas ao mundo, apontando o dedo na cara contra os intolerantes e aos que arrega\u00e7am o planeta, ao longo da celebra\u00e7\u00e3o. Destaque tamb\u00e9m para a estrondosa vaia ao presidente interino Michel Temer.<\/p>\n<p>Veja momentos marcantes do show no Maracan\u00e3<\/p>\n<p><span class=\"alignnone\"><img data-recalc-dims=\"1\" loading=\"lazy\" decoding=\"async\" data-attachment-id=\"19376\" data-permalink=\"https:\/\/blogdoprosperi.com\/?attachment_id=19376\" data-orig-file=\"https:\/\/i0.wp.com\/blogdoprosperi.com\/wp-content\/uploads\/2016\/08\/1470444920_291492_1470445513_noticia_normal_recorte1.jpg?fit=1960%2C1313&amp;ssl=1\" data-orig-size=\"1960,1313\" data-comments-opened=\"1\" data-image-meta=\"{&quot;aperture&quot;:&quot;0&quot;,&quot;credit&quot;:&quot;&quot;,&quot;camera&quot;:&quot;&quot;,&quot;caption&quot;:&quot;&quot;,&quot;created_timestamp&quot;:&quot;0&quot;,&quot;copyright&quot;:&quot;&quot;,&quot;focal_length&quot;:&quot;0&quot;,&quot;iso&quot;:&quot;0&quot;,&quot;shutter_speed&quot;:&quot;0&quot;,&quot;title&quot;:&quot;&quot;,&quot;orientation&quot;:&quot;0&quot;}\" data-image-title=\"1470444920_291492_1470445513_noticia_normal_recorte1\" data-image-description=\"\" data-image-caption=\"\" data-large-file=\"https:\/\/i0.wp.com\/blogdoprosperi.com\/wp-content\/uploads\/2016\/08\/1470444920_291492_1470445513_noticia_normal_recorte1.jpg?fit=940%2C630&amp;ssl=1\" class=\"alignnone size-full wp-image-19376\" src=\"https:\/\/i0.wp.com\/blogdoprosperi.com\/wp-content\/uploads\/2016\/08\/1470444920_291492_1470445513_noticia_normal_recorte1.jpg?resize=940%2C630&#038;ssl=1\" alt=\"1470444920_291492_1470445513_noticia_normal_recorte1\" width=\"940\" height=\"630\" \/><\/span><\/p>\n<p><strong>PAULINHO DA VIOLA CANTA HINO NACIONAL<\/strong><\/p>\n<p><span class=\"alignnone\"><img data-recalc-dims=\"1\" loading=\"lazy\" decoding=\"async\" data-attachment-id=\"19385\" data-permalink=\"https:\/\/blogdoprosperi.com\/?attachment_id=19385\" data-orig-file=\"https:\/\/i0.wp.com\/blogdoprosperi.com\/wp-content\/uploads\/2016\/08\/1729651743-paulinho-da-viola-foi-o-responsavel-por-cantar-o-hino-nacional-brasileiro-na-abertura-dos-jogos-do-r-2.jpg?fit=619%2C380&amp;ssl=1\" data-orig-size=\"619,380\" data-comments-opened=\"1\" data-image-meta=\"{&quot;aperture&quot;:&quot;0&quot;,&quot;credit&quot;:&quot;&quot;,&quot;camera&quot;:&quot;&quot;,&quot;caption&quot;:&quot;&quot;,&quot;created_timestamp&quot;:&quot;0&quot;,&quot;copyright&quot;:&quot;&quot;,&quot;focal_length&quot;:&quot;0&quot;,&quot;iso&quot;:&quot;0&quot;,&quot;shutter_speed&quot;:&quot;0&quot;,&quot;title&quot;:&quot;&quot;,&quot;orientation&quot;:&quot;0&quot;}\" data-image-title=\"1729651743-paulinho-da-viola-foi-o-responsavel-por-cantar-o-hino-nacional-brasileiro-na-abertura-dos-jogos-do-r-2\" data-image-description=\"\" data-image-caption=\"\" data-large-file=\"https:\/\/i0.wp.com\/blogdoprosperi.com\/wp-content\/uploads\/2016\/08\/1729651743-paulinho-da-viola-foi-o-responsavel-por-cantar-o-hino-nacional-brasileiro-na-abertura-dos-jogos-do-r-2.jpg?fit=619%2C380&amp;ssl=1\" class=\"alignnone  wp-image-19385\" src=\"https:\/\/i0.wp.com\/blogdoprosperi.com\/wp-content\/uploads\/2016\/08\/1729651743-paulinho-da-viola-foi-o-responsavel-por-cantar-o-hino-nacional-brasileiro-na-abertura-dos-jogos-do-r-2.jpg?resize=678%2C416&#038;ssl=1\" alt=\"1729651743-paulinho-da-viola-foi-o-responsavel-por-cantar-o-hino-nacional-brasileiro-na-abertura-dos-jogos-do-r-2\" width=\"678\" height=\"416\" \/><\/span><\/p>\n<p><strong>BRASIL DOS \u00cdNDIOS<\/strong><\/p>\n<p><span class=\"alignnone\"><img data-recalc-dims=\"1\" loading=\"lazy\" decoding=\"async\" data-attachment-id=\"19416\" data-permalink=\"https:\/\/blogdoprosperi.com\/?attachment_id=19416\" data-orig-file=\"https:\/\/i0.wp.com\/blogdoprosperi.com\/wp-content\/uploads\/2016\/08\/1470439270_809312_1470440388_album_normal.jpg?fit=980%2C592&amp;ssl=1\" data-orig-size=\"980,592\" data-comments-opened=\"1\" data-image-meta=\"{&quot;aperture&quot;:&quot;0&quot;,&quot;credit&quot;:&quot;&quot;,&quot;camera&quot;:&quot;&quot;,&quot;caption&quot;:&quot;&quot;,&quot;created_timestamp&quot;:&quot;0&quot;,&quot;copyright&quot;:&quot;&quot;,&quot;focal_length&quot;:&quot;0&quot;,&quot;iso&quot;:&quot;0&quot;,&quot;shutter_speed&quot;:&quot;0&quot;,&quot;title&quot;:&quot;&quot;,&quot;orientation&quot;:&quot;0&quot;}\" data-image-title=\"1470439270_809312_1470440388_album_normal\" data-image-description=\"\" data-image-caption=\"\" data-large-file=\"https:\/\/i0.wp.com\/blogdoprosperi.com\/wp-content\/uploads\/2016\/08\/1470439270_809312_1470440388_album_normal.jpg?fit=940%2C568&amp;ssl=1\" class=\"alignnone size-full wp-image-19416\" src=\"https:\/\/i0.wp.com\/blogdoprosperi.com\/wp-content\/uploads\/2016\/08\/1470439270_809312_1470440388_album_normal.jpg?resize=940%2C568&#038;ssl=1\" alt=\"1470439270_809312_1470440388_album_normal\" width=\"940\" height=\"568\" \/><\/span><\/p>\n<p><strong>HOMENAGEM A TOM JOBIM<\/strong><\/p>\n<p><span class=\"alignnone\"><img data-recalc-dims=\"1\" loading=\"lazy\" decoding=\"async\" data-attachment-id=\"19373\" data-permalink=\"https:\/\/blogdoprosperi.com\/?attachment_id=19373\" data-orig-file=\"https:\/\/i0.wp.com\/blogdoprosperi.com\/wp-content\/uploads\/2016\/08\/1470439270_809312_1470446916_album_normal-1.jpg?fit=980%2C655&amp;ssl=1\" data-orig-size=\"980,655\" data-comments-opened=\"1\" data-image-meta=\"{&quot;aperture&quot;:&quot;0&quot;,&quot;credit&quot;:&quot;&quot;,&quot;camera&quot;:&quot;&quot;,&quot;caption&quot;:&quot;&quot;,&quot;created_timestamp&quot;:&quot;0&quot;,&quot;copyright&quot;:&quot;&quot;,&quot;focal_length&quot;:&quot;0&quot;,&quot;iso&quot;:&quot;0&quot;,&quot;shutter_speed&quot;:&quot;0&quot;,&quot;title&quot;:&quot;&quot;,&quot;orientation&quot;:&quot;0&quot;}\" data-image-title=\"1470439270_809312_1470446916_album_normal-1\" data-image-description=\"\" data-image-caption=\"\" data-large-file=\"https:\/\/i0.wp.com\/blogdoprosperi.com\/wp-content\/uploads\/2016\/08\/1470439270_809312_1470446916_album_normal-1.jpg?fit=940%2C628&amp;ssl=1\" class=\"alignnone size-full wp-image-19373\" src=\"https:\/\/i0.wp.com\/blogdoprosperi.com\/wp-content\/uploads\/2016\/08\/1470439270_809312_1470446916_album_normal-1.jpg?resize=940%2C628&#038;ssl=1\" alt=\"1470439270_809312_1470446916_album_normal-1\" width=\"940\" height=\"628\" \/><\/span><\/p>\n<p><strong>GISELE BUNDCHEN<\/strong><\/p>\n<p><span class=\"alignnone\"><img data-recalc-dims=\"1\" loading=\"lazy\" decoding=\"async\" data-attachment-id=\"19372\" data-permalink=\"https:\/\/blogdoprosperi.com\/?attachment_id=19372\" data-orig-file=\"https:\/\/i0.wp.com\/blogdoprosperi.com\/wp-content\/uploads\/2016\/08\/1470419213_018824_1470441078_album_normal.jpg?fit=980%2C637&amp;ssl=1\" data-orig-size=\"980,637\" data-comments-opened=\"1\" data-image-meta=\"{&quot;aperture&quot;:&quot;0&quot;,&quot;credit&quot;:&quot;&quot;,&quot;camera&quot;:&quot;&quot;,&quot;caption&quot;:&quot;&quot;,&quot;created_timestamp&quot;:&quot;0&quot;,&quot;copyright&quot;:&quot;&quot;,&quot;focal_length&quot;:&quot;0&quot;,&quot;iso&quot;:&quot;0&quot;,&quot;shutter_speed&quot;:&quot;0&quot;,&quot;title&quot;:&quot;&quot;,&quot;orientation&quot;:&quot;0&quot;}\" data-image-title=\"1470419213_018824_1470441078_album_normal\" data-image-description=\"\" data-image-caption=\"\" data-large-file=\"https:\/\/i0.wp.com\/blogdoprosperi.com\/wp-content\/uploads\/2016\/08\/1470419213_018824_1470441078_album_normal.jpg?fit=940%2C611&amp;ssl=1\" class=\"alignnone size-full wp-image-19372\" src=\"https:\/\/i0.wp.com\/blogdoprosperi.com\/wp-content\/uploads\/2016\/08\/1470419213_018824_1470441078_album_normal.jpg?resize=940%2C611&#038;ssl=1\" alt=\"1470419213_018824_1470441078_album_normal\" width=\"940\" height=\"611\" \/><\/span><\/p>\n<p><strong>DELEGA\u00c7\u00c3O DE REFUGIADOS<\/strong><\/p>\n<p><span class=\"alignnone\"><img data-recalc-dims=\"1\" loading=\"lazy\" decoding=\"async\" data-attachment-id=\"19415\" data-permalink=\"https:\/\/blogdoprosperi.com\/?attachment_id=19415\" data-orig-file=\"https:\/\/i0.wp.com\/blogdoprosperi.com\/wp-content\/uploads\/2016\/08\/rioec8607jojq_768x432.jpg?fit=768%2C432&amp;ssl=1\" data-orig-size=\"768,432\" data-comments-opened=\"1\" data-image-meta=\"{&quot;aperture&quot;:&quot;0&quot;,&quot;credit&quot;:&quot;&quot;,&quot;camera&quot;:&quot;&quot;,&quot;caption&quot;:&quot;&quot;,&quot;created_timestamp&quot;:&quot;0&quot;,&quot;copyright&quot;:&quot;&quot;,&quot;focal_length&quot;:&quot;0&quot;,&quot;iso&quot;:&quot;0&quot;,&quot;shutter_speed&quot;:&quot;0&quot;,&quot;title&quot;:&quot;&quot;,&quot;orientation&quot;:&quot;0&quot;}\" data-image-title=\"RIOEC8607JOJQ_768x432\" data-image-description=\"\" data-image-caption=\"\" data-large-file=\"https:\/\/i0.wp.com\/blogdoprosperi.com\/wp-content\/uploads\/2016\/08\/rioec8607jojq_768x432.jpg?fit=768%2C432&amp;ssl=1\" class=\"alignnone size-full wp-image-19415\" src=\"https:\/\/i0.wp.com\/blogdoprosperi.com\/wp-content\/uploads\/2016\/08\/rioec8607jojq_768x432.jpg?resize=768%2C432&#038;ssl=1\" alt=\"RIOEC8607JOJQ_768x432\" width=\"768\" height=\"432\" \/><\/span><\/p>\n<p><span class=\"alignnone\"><img data-recalc-dims=\"1\" loading=\"lazy\" decoding=\"async\" data-attachment-id=\"19414\" data-permalink=\"https:\/\/blogdoprosperi.com\/?attachment_id=19414\" data-orig-file=\"https:\/\/i0.wp.com\/blogdoprosperi.com\/wp-content\/uploads\/2016\/08\/eyu6e9l8.jpg?fit=1000%2C630&amp;ssl=1\" data-orig-size=\"1000,630\" data-comments-opened=\"1\" data-image-meta=\"{&quot;aperture&quot;:&quot;0&quot;,&quot;credit&quot;:&quot;&quot;,&quot;camera&quot;:&quot;&quot;,&quot;caption&quot;:&quot;&quot;,&quot;created_timestamp&quot;:&quot;0&quot;,&quot;copyright&quot;:&quot;&quot;,&quot;focal_length&quot;:&quot;0&quot;,&quot;iso&quot;:&quot;0&quot;,&quot;shutter_speed&quot;:&quot;0&quot;,&quot;title&quot;:&quot;&quot;,&quot;orientation&quot;:&quot;0&quot;}\" data-image-title=\"eyU6e9l8\" data-image-description=\"\" data-image-caption=\"\" data-large-file=\"https:\/\/i0.wp.com\/blogdoprosperi.com\/wp-content\/uploads\/2016\/08\/eyu6e9l8.jpg?fit=940%2C592&amp;ssl=1\" class=\"alignnone size-full wp-image-19414\" src=\"https:\/\/i0.wp.com\/blogdoprosperi.com\/wp-content\/uploads\/2016\/08\/eyu6e9l8.jpg?resize=940%2C592&#038;ssl=1\" alt=\"eyU6e9l8\" width=\"940\" height=\"592\" \/><\/span><\/p>\n<p><strong>DESFILE DO TIME BRASIL<\/strong><\/p>\n<p><span class=\"alignnone\"><img data-recalc-dims=\"1\" loading=\"lazy\" decoding=\"async\" data-attachment-id=\"19377\" data-permalink=\"https:\/\/blogdoprosperi.com\/?attachment_id=19377\" data-orig-file=\"https:\/\/i0.wp.com\/blogdoprosperi.com\/wp-content\/uploads\/2016\/08\/1470422635_070871_1470449052_portada_normal.jpg?fit=1200%2C600&amp;ssl=1\" data-orig-size=\"1200,600\" data-comments-opened=\"1\" data-image-meta=\"{&quot;aperture&quot;:&quot;0&quot;,&quot;credit&quot;:&quot;&quot;,&quot;camera&quot;:&quot;&quot;,&quot;caption&quot;:&quot;&quot;,&quot;created_timestamp&quot;:&quot;0&quot;,&quot;copyright&quot;:&quot;&quot;,&quot;focal_length&quot;:&quot;0&quot;,&quot;iso&quot;:&quot;0&quot;,&quot;shutter_speed&quot;:&quot;0&quot;,&quot;title&quot;:&quot;&quot;,&quot;orientation&quot;:&quot;0&quot;}\" data-image-title=\"1470422635_070871_1470449052_portada_normal\" data-image-description=\"\" data-image-caption=\"\" data-large-file=\"https:\/\/i0.wp.com\/blogdoprosperi.com\/wp-content\/uploads\/2016\/08\/1470422635_070871_1470449052_portada_normal.jpg?fit=940%2C470&amp;ssl=1\" class=\"alignnone size-full wp-image-19377\" src=\"https:\/\/i0.wp.com\/blogdoprosperi.com\/wp-content\/uploads\/2016\/08\/1470422635_070871_1470449052_portada_normal.jpg?resize=940%2C470&#038;ssl=1\" alt=\"1470422635_070871_1470449052_portada_normal\" width=\"940\" height=\"470\" \/><\/span><\/p>\n<p><strong>GUGA<\/strong><\/p>\n<p><span class=\"alignnone\"><img data-recalc-dims=\"1\" loading=\"lazy\" decoding=\"async\" data-attachment-id=\"19371\" data-permalink=\"https:\/\/blogdoprosperi.com\/?attachment_id=19371\" data-orig-file=\"https:\/\/i0.wp.com\/blogdoprosperi.com\/wp-content\/uploads\/2016\/08\/5472.jpg?fit=1064%2C639&amp;ssl=1\" data-orig-size=\"1064,639\" data-comments-opened=\"1\" data-image-meta=\"{&quot;aperture&quot;:&quot;0&quot;,&quot;credit&quot;:&quot;&quot;,&quot;camera&quot;:&quot;&quot;,&quot;caption&quot;:&quot;&quot;,&quot;created_timestamp&quot;:&quot;0&quot;,&quot;copyright&quot;:&quot;&quot;,&quot;focal_length&quot;:&quot;0&quot;,&quot;iso&quot;:&quot;0&quot;,&quot;shutter_speed&quot;:&quot;0&quot;,&quot;title&quot;:&quot;&quot;,&quot;orientation&quot;:&quot;0&quot;}\" data-image-title=\"5472\" data-image-description=\"\" data-image-caption=\"\" data-large-file=\"https:\/\/i0.wp.com\/blogdoprosperi.com\/wp-content\/uploads\/2016\/08\/5472.jpg?fit=940%2C565&amp;ssl=1\" class=\"alignnone size-full wp-image-19371\" src=\"https:\/\/i0.wp.com\/blogdoprosperi.com\/wp-content\/uploads\/2016\/08\/5472.jpg?resize=940%2C565&#038;ssl=1\" alt=\"5472\" width=\"940\" height=\"565\" \/><\/span><\/p>\n<p><strong>VANDERLEI CORDEIRO DE LIMA<\/strong><\/p>\n<p><span class=\"alignnone\"><img data-recalc-dims=\"1\" loading=\"lazy\" decoding=\"async\" data-attachment-id=\"19396\" data-permalink=\"https:\/\/blogdoprosperi.com\/?attachment_id=19396\" data-orig-file=\"https:\/\/i0.wp.com\/blogdoprosperi.com\/wp-content\/uploads\/2016\/08\/vanderlei-1024x679.jpg?fit=1024%2C679&amp;ssl=1\" data-orig-size=\"1024,679\" data-comments-opened=\"1\" data-image-meta=\"{&quot;aperture&quot;:&quot;0&quot;,&quot;credit&quot;:&quot;&quot;,&quot;camera&quot;:&quot;&quot;,&quot;caption&quot;:&quot;&quot;,&quot;created_timestamp&quot;:&quot;0&quot;,&quot;copyright&quot;:&quot;&quot;,&quot;focal_length&quot;:&quot;0&quot;,&quot;iso&quot;:&quot;0&quot;,&quot;shutter_speed&quot;:&quot;0&quot;,&quot;title&quot;:&quot;&quot;,&quot;orientation&quot;:&quot;0&quot;}\" data-image-title=\"vanderlei-1024&amp;#215;679\" data-image-description=\"\" data-image-caption=\"\" data-large-file=\"https:\/\/i0.wp.com\/blogdoprosperi.com\/wp-content\/uploads\/2016\/08\/vanderlei-1024x679.jpg?fit=940%2C623&amp;ssl=1\" class=\"alignnone size-full wp-image-19396\" src=\"https:\/\/i0.wp.com\/blogdoprosperi.com\/wp-content\/uploads\/2016\/08\/vanderlei-1024x679.jpg?resize=940%2C623&#038;ssl=1\" alt=\"vanderlei-1024x679\" width=\"940\" height=\"623\" \/><\/span><\/p>\n<p><strong>CHAMA DO POVO NA CANDEL\u00c1RIA<\/strong><\/p>\n<p><span class=\"alignnone\"><img data-recalc-dims=\"1\" loading=\"lazy\" decoding=\"async\" data-attachment-id=\"19369\" data-permalink=\"https:\/\/blogdoprosperi.com\/?attachment_id=19369\" data-orig-file=\"https:\/\/i0.wp.com\/blogdoprosperi.com\/wp-content\/uploads\/2016\/08\/2016-08-06t033103z_1127347695_rioec8609ra2q_rtrmadp_3_olympics-rio-opening_hiloj1f.jpg?fit=690%2C453&amp;ssl=1\" data-orig-size=\"690,453\" data-comments-opened=\"1\" data-image-meta=\"{&quot;aperture&quot;:&quot;0&quot;,&quot;credit&quot;:&quot;&quot;,&quot;camera&quot;:&quot;&quot;,&quot;caption&quot;:&quot;&quot;,&quot;created_timestamp&quot;:&quot;0&quot;,&quot;copyright&quot;:&quot;&quot;,&quot;focal_length&quot;:&quot;0&quot;,&quot;iso&quot;:&quot;0&quot;,&quot;shutter_speed&quot;:&quot;0&quot;,&quot;title&quot;:&quot;&quot;,&quot;orientation&quot;:&quot;0&quot;}\" data-image-title=\"2016-08-06t033103z_1127347695_rioec8609ra2q_rtrmadp_3_olympics-rio-opening_hILoj1F\" data-image-description=\"\" data-image-caption=\"\" data-large-file=\"https:\/\/i0.wp.com\/blogdoprosperi.com\/wp-content\/uploads\/2016\/08\/2016-08-06t033103z_1127347695_rioec8609ra2q_rtrmadp_3_olympics-rio-opening_hiloj1f.jpg?fit=690%2C453&amp;ssl=1\" class=\"alignnone size-full wp-image-19369\" src=\"https:\/\/i0.wp.com\/blogdoprosperi.com\/wp-content\/uploads\/2016\/08\/2016-08-06t033103z_1127347695_rioec8609ra2q_rtrmadp_3_olympics-rio-opening_hiloj1f.jpg?resize=690%2C453&#038;ssl=1\" alt=\"2016-08-06t033103z_1127347695_rioec8609ra2q_rtrmadp_3_olympics-rio-opening_hILoj1F\" width=\"690\" height=\"453\" \/><\/span><\/p>\n<p><strong>TORCEDORES NO MARACAN\u00c3\u00a0<\/strong><\/p>\n<p><span class=\"alignnone\"><img data-recalc-dims=\"1\" loading=\"lazy\" decoding=\"async\" data-attachment-id=\"19375\" data-permalink=\"https:\/\/blogdoprosperi.com\/?attachment_id=19375\" data-orig-file=\"https:\/\/i0.wp.com\/blogdoprosperi.com\/wp-content\/uploads\/2016\/08\/1470419213_018824_1470436540_album_normal-1.jpg?fit=980%2C625&amp;ssl=1\" data-orig-size=\"980,625\" data-comments-opened=\"1\" data-image-meta=\"{&quot;aperture&quot;:&quot;0&quot;,&quot;credit&quot;:&quot;&quot;,&quot;camera&quot;:&quot;&quot;,&quot;caption&quot;:&quot;&quot;,&quot;created_timestamp&quot;:&quot;0&quot;,&quot;copyright&quot;:&quot;&quot;,&quot;focal_length&quot;:&quot;0&quot;,&quot;iso&quot;:&quot;0&quot;,&quot;shutter_speed&quot;:&quot;0&quot;,&quot;title&quot;:&quot;&quot;,&quot;orientation&quot;:&quot;0&quot;}\" data-image-title=\"1470419213_018824_1470436540_album_normal-1\" data-image-description=\"\" data-image-caption=\"\" data-large-file=\"https:\/\/i0.wp.com\/blogdoprosperi.com\/wp-content\/uploads\/2016\/08\/1470419213_018824_1470436540_album_normal-1.jpg?fit=940%2C599&amp;ssl=1\" class=\"alignnone size-full wp-image-19375\" src=\"https:\/\/i0.wp.com\/blogdoprosperi.com\/wp-content\/uploads\/2016\/08\/1470419213_018824_1470436540_album_normal-1.jpg?resize=940%2C599&#038;ssl=1\" alt=\"1470419213_018824_1470436540_album_normal-1\" width=\"940\" height=\"599\" \/><\/span><\/p>\n<p><strong>PRESIDENTE INTERINO VAIADO<\/strong><\/p>\n<p><span class=\"alignnone\"><img data-recalc-dims=\"1\" loading=\"lazy\" decoding=\"async\" data-attachment-id=\"19417\" data-permalink=\"https:\/\/blogdoprosperi.com\/?attachment_id=19417\" data-orig-file=\"https:\/\/i0.wp.com\/blogdoprosperi.com\/wp-content\/uploads\/2016\/08\/1470419213_018824_1470443023_album_normal.jpg?fit=980%2C576&amp;ssl=1\" data-orig-size=\"980,576\" data-comments-opened=\"1\" data-image-meta=\"{&quot;aperture&quot;:&quot;0&quot;,&quot;credit&quot;:&quot;&quot;,&quot;camera&quot;:&quot;&quot;,&quot;caption&quot;:&quot;&quot;,&quot;created_timestamp&quot;:&quot;0&quot;,&quot;copyright&quot;:&quot;&quot;,&quot;focal_length&quot;:&quot;0&quot;,&quot;iso&quot;:&quot;0&quot;,&quot;shutter_speed&quot;:&quot;0&quot;,&quot;title&quot;:&quot;&quot;,&quot;orientation&quot;:&quot;0&quot;}\" data-image-title=\"1470419213_018824_1470443023_album_normal\" data-image-description=\"\" data-image-caption=\"\" data-large-file=\"https:\/\/i0.wp.com\/blogdoprosperi.com\/wp-content\/uploads\/2016\/08\/1470419213_018824_1470443023_album_normal.jpg?fit=940%2C552&amp;ssl=1\" class=\"alignnone size-full wp-image-19417\" src=\"https:\/\/i0.wp.com\/blogdoprosperi.com\/wp-content\/uploads\/2016\/08\/1470419213_018824_1470443023_album_normal.jpg?resize=940%2C552&#038;ssl=1\" alt=\"1470419213_018824_1470443023_album_normal\" width=\"940\" height=\"552\" \/><\/span><\/p>\n<p><strong>CORCOVADO<\/strong><\/p>\n<p><span class=\"alignnone\"><img data-recalc-dims=\"1\" loading=\"lazy\" decoding=\"async\" data-attachment-id=\"19374\" data-permalink=\"https:\/\/blogdoprosperi.com\/?attachment_id=19374\" data-orig-file=\"https:\/\/i0.wp.com\/blogdoprosperi.com\/wp-content\/uploads\/2016\/08\/gettyimages-545077012.jpg?fit=615%2C410&amp;ssl=1\" data-orig-size=\"615,410\" data-comments-opened=\"1\" data-image-meta=\"{&quot;aperture&quot;:&quot;0&quot;,&quot;credit&quot;:&quot;&quot;,&quot;camera&quot;:&quot;&quot;,&quot;caption&quot;:&quot;&quot;,&quot;created_timestamp&quot;:&quot;0&quot;,&quot;copyright&quot;:&quot;&quot;,&quot;focal_length&quot;:&quot;0&quot;,&quot;iso&quot;:&quot;0&quot;,&quot;shutter_speed&quot;:&quot;0&quot;,&quot;title&quot;:&quot;&quot;,&quot;orientation&quot;:&quot;0&quot;}\" data-image-title=\"GettyImages-545077012\" data-image-description=\"\" data-image-caption=\"\" data-large-file=\"https:\/\/i0.wp.com\/blogdoprosperi.com\/wp-content\/uploads\/2016\/08\/gettyimages-545077012.jpg?fit=615%2C410&amp;ssl=1\" class=\"alignnone  wp-image-19374\" src=\"https:\/\/i0.wp.com\/blogdoprosperi.com\/wp-content\/uploads\/2016\/08\/gettyimages-545077012.jpg?resize=689%2C459&#038;ssl=1\" alt=\"GettyImages-545077012\" width=\"689\" height=\"459\" \/><\/span><\/p>\n<p>Boa Olimp\u00edada a todos e acompanhe aqui no blogdoprosperi.com o torneio de futebol masculino e os fatos mais marcantes dos Jogos do Rio.<\/p>\n","protected":false},"excerpt":{"rendered":"<p>Dedicado ao futebol, este Blog do Pr\u00f3speri celebra a abertura dos Jogos do Rio com imagens da cerim\u00f4nia [&hellip;]<\/p>\n","protected":false},"author":102107496,"featured_media":0,"comment_status":"open","ping_status":"open","sticky":false,"template":"","format":"standard","meta":{"_coblocks_attr":"","_coblocks_dimensions":"","_coblocks_responsive_height":"","_coblocks_accordion_ie_support":"","_jetpack_newsletter_access":"","_jetpack_dont_email_post_to_subs":false,"_jetpack_newsletter_tier_id":0,"_jetpack_memberships_contains_paywalled_content":false,"_wpcom_ai_launchpad_first_post":false,"_jetpack_feature_clip_id":0,"_jetpack_memberships_contains_paid_content":false,"footnotes":"","jetpack_publicize_message":"","jetpack_publicize_feature_enabled":true,"jetpack_social_post_already_shared":false,"jetpack_social_options":{"image_generator_settings":{"template":"highway","default_image_id":0,"font":"","enabled":false},"version":2},"jetpack_post_was_ever_published":false},"categories":[53870,77187843],"tags":[516926773,5969206,789560560,1724339,70642711,408967,980591,192540322,527631328,35438008],"class_list":["post-19379","post","type-post","status-publish","format-standard","hentry","category-futebol","category-olimpiada-do-rio","tag-cerimonia-de-abertura-rio-2016","tag-chama-olimpica","tag-futebol","tag-guga","tag-jogos-do-rio","tag-maracana","tag-michel-temer","tag-olimpiada-do-rio-2016","tag-paulinho-da-viloa","tag-vanderlei-cordeiro"],"yoast_head":"<!-- This site is optimized with the Yoast SEO plugin v28.3 - https:\/\/yoast.com\/product\/yoast-seo-wordpress\/ -->\n<title>Rio 2016 manda um recado do Brasil ao mundo na cerim\u00f4nia de abertura dos Jogos - PR\u00d3SPERI NEWS<\/title>\n<meta name=\"robots\" content=\"index, follow, max-snippet:-1, max-image-preview:large, max-video-preview:-1\" \/>\n<link rel=\"canonical\" href=\"https:\/\/blogdoprosperi.com\/?p=19379\" \/>\n<meta property=\"og:locale\" content=\"pt_BR\" \/>\n<meta property=\"og:type\" content=\"article\" \/>\n<meta property=\"og:title\" content=\"Rio 2016 manda um recado do Brasil ao mundo na cerim\u00f4nia de abertura dos Jogos - PR\u00d3SPERI NEWS\" \/>\n<meta property=\"og:description\" content=\"Dedicado ao futebol, este Blog do Pr\u00f3speri celebra a abertura dos Jogos do Rio com imagens da cerim\u00f4nia [&hellip;]\" \/>\n<meta property=\"og:url\" content=\"https:\/\/blogdoprosperi.com\/?p=19379\" \/>\n<meta property=\"og:site_name\" content=\"PR\u00d3SPERI NEWS\" \/>\n<meta property=\"article:publisher\" content=\"Luiz Pr\u00f3speri\" \/>\n<meta property=\"article:author\" content=\"Luiz Pr\u00f3speri\" \/>\n<meta property=\"article:published_time\" content=\"2016-08-06T04:41:22+00:00\" \/>\n<meta property=\"article:modified_time\" content=\"2016-08-06T05:14:43+00:00\" \/>\n<meta property=\"og:image\" content=\"https:\/\/blogdoprosperi.com\/wp-content\/uploads\/2016\/08\/5070.jpg\" \/>\n<meta name=\"author\" content=\"Luiz Ant\u00f4nio Pr\u00f3speri\" \/>\n<meta name=\"twitter:card\" content=\"summary_large_image\" \/>\n<meta name=\"twitter:creator\" content=\"@Luizprosperi\" \/>\n<meta name=\"twitter:site\" content=\"@Luizprosperi\" \/>\n<meta name=\"twitter:label1\" content=\"Escrito por\" \/>\n\t<meta name=\"twitter:data1\" content=\"Luiz Ant\u00f4nio Pr\u00f3speri\" \/>\n\t<meta name=\"twitter:label2\" content=\"Est. tempo de leitura\" \/>\n\t<meta name=\"twitter:data2\" content=\"1 minuto\" \/>\n<script type=\"application\/ld+json\" class=\"yoast-schema-graph\">{\"@context\":\"https:\\\/\\\/schema.org\",\"@graph\":[{\"@type\":\"Article\",\"@id\":\"https:\\\/\\\/blogdoprosperi.com\\\/?p=19379#article\",\"isPartOf\":{\"@id\":\"https:\\\/\\\/blogdoprosperi.com\\\/?p=19379\"},\"author\":{\"name\":\"Luiz Ant\u00f4nio Pr\u00f3speri\",\"@id\":\"https:\\\/\\\/blogdoprosperi.com\\\/#\\\/schema\\\/person\\\/38100755ce3601861ee4fab9b5aa78e9\"},\"headline\":\"Rio 2016 manda um recado do Brasil ao mundo na cerim\u00f4nia de abertura dos Jogos\",\"datePublished\":\"2016-08-06T04:41:22+00:00\",\"dateModified\":\"2016-08-06T05:14:43+00:00\",\"mainEntityOfPage\":{\"@id\":\"https:\\\/\\\/blogdoprosperi.com\\\/?p=19379\"},\"wordCount\":161,\"commentCount\":1,\"publisher\":{\"@id\":\"https:\\\/\\\/blogdoprosperi.com\\\/#\\\/schema\\\/person\\\/38100755ce3601861ee4fab9b5aa78e9\"},\"image\":{\"@id\":\"https:\\\/\\\/blogdoprosperi.com\\\/?p=19379#primaryimage\"},\"thumbnailUrl\":\"https:\\\/\\\/blogdoprosperi.com\\\/wp-content\\\/uploads\\\/2016\\\/08\\\/5070.jpg\",\"keywords\":[\"Cerim\u00f4nia de Abertura Rio 2016\",\"Chama Ol\u00edmpica\",\"futebol\",\"Guga\",\"Jogos do Rio\",\"Maracan\u00e3\",\"Michel Temer\",\"Olimp\u00edada do Rio-2016\",\"Paulinho da Viloa\",\"Vanderlei Cordeiro\"],\"articleSection\":[\"futebol\",\"Olimp\u00edada do Rio\"],\"inLanguage\":\"pt-BR\",\"potentialAction\":[{\"@type\":\"CommentAction\",\"name\":\"Comment\",\"target\":[\"https:\\\/\\\/blogdoprosperi.com\\\/?p=19379#respond\"]}]},{\"@type\":\"WebPage\",\"@id\":\"https:\\\/\\\/blogdoprosperi.com\\\/?p=19379\",\"url\":\"https:\\\/\\\/blogdoprosperi.com\\\/?p=19379\",\"name\":\"Rio 2016 manda um recado do Brasil ao mundo na cerim\u00f4nia de abertura dos Jogos - PR\u00d3SPERI NEWS\",\"isPartOf\":{\"@id\":\"https:\\\/\\\/blogdoprosperi.com\\\/#website\"},\"primaryImageOfPage\":{\"@id\":\"https:\\\/\\\/blogdoprosperi.com\\\/?p=19379#primaryimage\"},\"image\":{\"@id\":\"https:\\\/\\\/blogdoprosperi.com\\\/?p=19379#primaryimage\"},\"thumbnailUrl\":\"https:\\\/\\\/blogdoprosperi.com\\\/wp-content\\\/uploads\\\/2016\\\/08\\\/5070.jpg\",\"datePublished\":\"2016-08-06T04:41:22+00:00\",\"dateModified\":\"2016-08-06T05:14:43+00:00\",\"breadcrumb\":{\"@id\":\"https:\\\/\\\/blogdoprosperi.com\\\/?p=19379#breadcrumb\"},\"inLanguage\":\"pt-BR\",\"potentialAction\":[{\"@type\":\"ReadAction\",\"target\":[\"https:\\\/\\\/blogdoprosperi.com\\\/?p=19379\"]}]},{\"@type\":\"ImageObject\",\"inLanguage\":\"pt-BR\",\"@id\":\"https:\\\/\\\/blogdoprosperi.com\\\/?p=19379#primaryimage\",\"url\":\"https:\\\/\\\/i0.wp.com\\\/blogdoprosperi.com\\\/wp-content\\\/uploads\\\/2016\\\/08\\\/5070.jpg?fit=620%2C372&ssl=1\",\"contentUrl\":\"https:\\\/\\\/i0.wp.com\\\/blogdoprosperi.com\\\/wp-content\\\/uploads\\\/2016\\\/08\\\/5070.jpg?fit=620%2C372&ssl=1\",\"width\":620,\"height\":372},{\"@type\":\"BreadcrumbList\",\"@id\":\"https:\\\/\\\/blogdoprosperi.com\\\/?p=19379#breadcrumb\",\"itemListElement\":[{\"@type\":\"ListItem\",\"position\":1,\"name\":\"In\u00edcio\",\"item\":\"https:\\\/\\\/blogdoprosperi.com\\\/\"},{\"@type\":\"ListItem\",\"position\":2,\"name\":\"Rio 2016 manda um recado do Brasil ao mundo na cerim\u00f4nia de abertura dos Jogos\"}]},{\"@type\":\"WebSite\",\"@id\":\"https:\\\/\\\/blogdoprosperi.com\\\/#website\",\"url\":\"https:\\\/\\\/blogdoprosperi.com\\\/\",\"name\":\"PR\u00d3SPERI NEWS\",\"description\":\"TUDO \u00c9  FUTEBOL\",\"publisher\":{\"@id\":\"https:\\\/\\\/blogdoprosperi.com\\\/#\\\/schema\\\/person\\\/38100755ce3601861ee4fab9b5aa78e9\"},\"alternateName\":\"blogdoprosperi.com\",\"potentialAction\":[{\"@type\":\"SearchAction\",\"target\":{\"@type\":\"EntryPoint\",\"urlTemplate\":\"https:\\\/\\\/blogdoprosperi.com\\\/?s={search_term_string}\"},\"query-input\":{\"@type\":\"PropertyValueSpecification\",\"valueRequired\":true,\"valueName\":\"search_term_string\"}}],\"inLanguage\":\"pt-BR\"},{\"@type\":[\"Person\",\"Organization\"],\"@id\":\"https:\\\/\\\/blogdoprosperi.com\\\/#\\\/schema\\\/person\\\/38100755ce3601861ee4fab9b5aa78e9\",\"name\":\"Luiz Ant\u00f4nio Pr\u00f3speri\",\"pronouns\":\"ele\",\"image\":{\"@type\":\"ImageObject\",\"inLanguage\":\"pt-BR\",\"@id\":\"https:\\\/\\\/i0.wp.com\\\/blogdoprosperi.com\\\/wp-content\\\/uploads\\\/2026\\\/05\\\/cropped-8059e613-6002-42fa-961e-8e275f575d71-2-5.jpg?fit=1360%2C931&ssl=1\",\"url\":\"https:\\\/\\\/i0.wp.com\\\/blogdoprosperi.com\\\/wp-content\\\/uploads\\\/2026\\\/05\\\/cropped-8059e613-6002-42fa-961e-8e275f575d71-2-5.jpg?fit=1360%2C931&ssl=1\",\"contentUrl\":\"https:\\\/\\\/i0.wp.com\\\/blogdoprosperi.com\\\/wp-content\\\/uploads\\\/2026\\\/05\\\/cropped-8059e613-6002-42fa-961e-8e275f575d71-2-5.jpg?fit=1360%2C931&ssl=1\",\"width\":1360,\"height\":931,\"caption\":\"Luiz Ant\u00f4nio Pr\u00f3speri\"},\"logo\":{\"@id\":\"https:\\\/\\\/i0.wp.com\\\/blogdoprosperi.com\\\/wp-content\\\/uploads\\\/2026\\\/05\\\/cropped-8059e613-6002-42fa-961e-8e275f575d71-2-5.jpg?fit=1360%2C931&ssl=1\"},\"description\":\"Jornalista com carreira dedicada ao esporte. Cobriu 9 Copas do Mundo in loco, 1990 na It\u00e1lia, 1994 nos EUA, 1998 na Fran\u00e7a, 2002 na Coreia do Sul e Jap\u00e3o, 2006 na Alemanha, 2010 na \u00c1frica do Sul, 2014 no Brasil, 2018 na R\u00fassia e 2022 no Qatar. Eurocopas, 1992 na Su\u00e9cia e 1996 na Inglaterra. Copa das Confedera\u00e7\u00f5es de 2005 na Alemanha e 2009 na \u00c1frica do Sul. Rep\u00f3rter e Editor, trabalhou no Jornal da Tarde e Estad\u00e3o, de 1984 a fevereiro de 2016. Colunista, blogueiro. E comentarista de futebol na R\u00e1dio Estad\u00e3o, de 2013 a fevereiro de 2016. Jornalista respons\u00e1vel do \\\"Pr\u00f3speri News\\\" (blogdoprosperi.com).\",\"sameAs\":[\"http:\\\/\\\/blogdoprosperi.com\",\"Luiz Pr\u00f3speri\",\"@luiz_prosperi\",\"https:\\\/\\\/x.com\\\/Luizprosperi\",\"@prosperinacopa\",\"luiz.prosperi@icloud.com\"],\"url\":\"https:\\\/\\\/blogdoprosperi.com\\\/?author=102107496\"}]}<\/script>\n<!-- \/ Yoast SEO plugin. -->","yoast_head_json":{"title":"Rio 2016 manda um recado do Brasil ao mundo na cerim\u00f4nia de abertura dos Jogos - PR\u00d3SPERI NEWS","robots":{"index":"index","follow":"follow","max-snippet":"max-snippet:-1","max-image-preview":"max-image-preview:large","max-video-preview":"max-video-preview:-1"},"canonical":"https:\/\/blogdoprosperi.com\/?p=19379","og_locale":"pt_BR","og_type":"article","og_title":"Rio 2016 manda um recado do Brasil ao mundo na cerim\u00f4nia de abertura dos Jogos - PR\u00d3SPERI NEWS","og_description":"Dedicado ao futebol, este Blog do Pr\u00f3speri celebra a abertura dos Jogos do Rio com imagens da cerim\u00f4nia [&hellip;]","og_url":"https:\/\/blogdoprosperi.com\/?p=19379","og_site_name":"PR\u00d3SPERI NEWS","article_publisher":"Luiz Pr\u00f3speri","article_author":"Luiz Pr\u00f3speri","article_published_time":"2016-08-06T04:41:22+00:00","article_modified_time":"2016-08-06T05:14:43+00:00","og_image":[{"url":"https:\/\/blogdoprosperi.com\/wp-content\/uploads\/2016\/08\/5070.jpg","type":"","width":"","height":""}],"author":"Luiz Ant\u00f4nio Pr\u00f3speri","twitter_card":"summary_large_image","twitter_creator":"@Luizprosperi","twitter_site":"@Luizprosperi","twitter_misc":{"Escrito por":"Luiz Ant\u00f4nio Pr\u00f3speri","Est. tempo de leitura":"1 minuto"},"schema":{"@context":"https:\/\/schema.org","@graph":[{"@type":"Article","@id":"https:\/\/blogdoprosperi.com\/?p=19379#article","isPartOf":{"@id":"https:\/\/blogdoprosperi.com\/?p=19379"},"author":{"name":"Luiz Ant\u00f4nio Pr\u00f3speri","@id":"https:\/\/blogdoprosperi.com\/#\/schema\/person\/38100755ce3601861ee4fab9b5aa78e9"},"headline":"Rio 2016 manda um recado do Brasil ao mundo na cerim\u00f4nia de abertura dos Jogos","datePublished":"2016-08-06T04:41:22+00:00","dateModified":"2016-08-06T05:14:43+00:00","mainEntityOfPage":{"@id":"https:\/\/blogdoprosperi.com\/?p=19379"},"wordCount":161,"commentCount":1,"publisher":{"@id":"https:\/\/blogdoprosperi.com\/#\/schema\/person\/38100755ce3601861ee4fab9b5aa78e9"},"image":{"@id":"https:\/\/blogdoprosperi.com\/?p=19379#primaryimage"},"thumbnailUrl":"https:\/\/blogdoprosperi.com\/wp-content\/uploads\/2016\/08\/5070.jpg","keywords":["Cerim\u00f4nia de Abertura Rio 2016","Chama Ol\u00edmpica","futebol","Guga","Jogos do Rio","Maracan\u00e3","Michel Temer","Olimp\u00edada do Rio-2016","Paulinho da Viloa","Vanderlei Cordeiro"],"articleSection":["futebol","Olimp\u00edada do Rio"],"inLanguage":"pt-BR","potentialAction":[{"@type":"CommentAction","name":"Comment","target":["https:\/\/blogdoprosperi.com\/?p=19379#respond"]}]},{"@type":"WebPage","@id":"https:\/\/blogdoprosperi.com\/?p=19379","url":"https:\/\/blogdoprosperi.com\/?p=19379","name":"Rio 2016 manda um recado do Brasil ao mundo na cerim\u00f4nia de abertura dos Jogos - PR\u00d3SPERI NEWS","isPartOf":{"@id":"https:\/\/blogdoprosperi.com\/#website"},"primaryImageOfPage":{"@id":"https:\/\/blogdoprosperi.com\/?p=19379#primaryimage"},"image":{"@id":"https:\/\/blogdoprosperi.com\/?p=19379#primaryimage"},"thumbnailUrl":"https:\/\/blogdoprosperi.com\/wp-content\/uploads\/2016\/08\/5070.jpg","datePublished":"2016-08-06T04:41:22+00:00","dateModified":"2016-08-06T05:14:43+00:00","breadcrumb":{"@id":"https:\/\/blogdoprosperi.com\/?p=19379#breadcrumb"},"inLanguage":"pt-BR","potentialAction":[{"@type":"ReadAction","target":["https:\/\/blogdoprosperi.com\/?p=19379"]}]},{"@type":"ImageObject","inLanguage":"pt-BR","@id":"https:\/\/blogdoprosperi.com\/?p=19379#primaryimage","url":"https:\/\/i0.wp.com\/blogdoprosperi.com\/wp-content\/uploads\/2016\/08\/5070.jpg?fit=620%2C372&ssl=1","contentUrl":"https:\/\/i0.wp.com\/blogdoprosperi.com\/wp-content\/uploads\/2016\/08\/5070.jpg?fit=620%2C372&ssl=1","width":620,"height":372},{"@type":"BreadcrumbList","@id":"https:\/\/blogdoprosperi.com\/?p=19379#breadcrumb","itemListElement":[{"@type":"ListItem","position":1,"name":"In\u00edcio","item":"https:\/\/blogdoprosperi.com\/"},{"@type":"ListItem","position":2,"name":"Rio 2016 manda um recado do Brasil ao mundo na cerim\u00f4nia de abertura dos Jogos"}]},{"@type":"WebSite","@id":"https:\/\/blogdoprosperi.com\/#website","url":"https:\/\/blogdoprosperi.com\/","name":"PR\u00d3SPERI NEWS","description":"TUDO \u00c9  FUTEBOL","publisher":{"@id":"https:\/\/blogdoprosperi.com\/#\/schema\/person\/38100755ce3601861ee4fab9b5aa78e9"},"alternateName":"blogdoprosperi.com","potentialAction":[{"@type":"SearchAction","target":{"@type":"EntryPoint","urlTemplate":"https:\/\/blogdoprosperi.com\/?s={search_term_string}"},"query-input":{"@type":"PropertyValueSpecification","valueRequired":true,"valueName":"search_term_string"}}],"inLanguage":"pt-BR"},{"@type":["Person","Organization"],"@id":"https:\/\/blogdoprosperi.com\/#\/schema\/person\/38100755ce3601861ee4fab9b5aa78e9","name":"Luiz Ant\u00f4nio Pr\u00f3speri","pronouns":"ele","image":{"@type":"ImageObject","inLanguage":"pt-BR","@id":"https:\/\/i0.wp.com\/blogdoprosperi.com\/wp-content\/uploads\/2026\/05\/cropped-8059e613-6002-42fa-961e-8e275f575d71-2-5.jpg?fit=1360%2C931&ssl=1","url":"https:\/\/i0.wp.com\/blogdoprosperi.com\/wp-content\/uploads\/2026\/05\/cropped-8059e613-6002-42fa-961e-8e275f575d71-2-5.jpg?fit=1360%2C931&ssl=1","contentUrl":"https:\/\/i0.wp.com\/blogdoprosperi.com\/wp-content\/uploads\/2026\/05\/cropped-8059e613-6002-42fa-961e-8e275f575d71-2-5.jpg?fit=1360%2C931&ssl=1","width":1360,"height":931,"caption":"Luiz Ant\u00f4nio Pr\u00f3speri"},"logo":{"@id":"https:\/\/i0.wp.com\/blogdoprosperi.com\/wp-content\/uploads\/2026\/05\/cropped-8059e613-6002-42fa-961e-8e275f575d71-2-5.jpg?fit=1360%2C931&ssl=1"},"description":"Jornalista com carreira dedicada ao esporte. Cobriu 9 Copas do Mundo in loco, 1990 na It\u00e1lia, 1994 nos EUA, 1998 na Fran\u00e7a, 2002 na Coreia do Sul e Jap\u00e3o, 2006 na Alemanha, 2010 na \u00c1frica do Sul, 2014 no Brasil, 2018 na R\u00fassia e 2022 no Qatar. Eurocopas, 1992 na Su\u00e9cia e 1996 na Inglaterra. Copa das Confedera\u00e7\u00f5es de 2005 na Alemanha e 2009 na \u00c1frica do Sul. Rep\u00f3rter e Editor, trabalhou no Jornal da Tarde e Estad\u00e3o, de 1984 a fevereiro de 2016. Colunista, blogueiro. E comentarista de futebol na R\u00e1dio Estad\u00e3o, de 2013 a fevereiro de 2016. Jornalista respons\u00e1vel do \"Pr\u00f3speri News\" (blogdoprosperi.com).","sameAs":["http:\/\/blogdoprosperi.com","Luiz Pr\u00f3speri","@luiz_prosperi","https:\/\/x.com\/Luizprosperi","@prosperinacopa","luiz.prosperi@icloud.com"],"url":"https:\/\/blogdoprosperi.com\/?author=102107496"}]}},"jetpack_publicize_connections":[],"jetpack_likes_enabled":false,"jetpack_sharing_enabled":true,"jetpack_shortlink":"https:\/\/wp.me\/p7jvdk-52z","jetpack-related-posts":[{"id":19293,"url":"https:\/\/blogdoprosperi.com\/?p=19293","url_meta":{"origin":19379,"position":0},"title":"Quando Rei Pel\u00e9 precisa de carinho dos s\u00faditos","author":"Luiz Ant\u00f4nio Pr\u00f3speri","date":"5 de agosto de 2016","format":false,"excerpt":"Pel\u00e9 desistiu de participar da cerim\u00f4nia de abertura da Olimp\u00edada do Rio. Em comunicado oficial, divulgado no in\u00edcio da tarde desta sexta-feira (05\/8), o Rei lamentou n\u00e3o poder atender ao convite do Comit\u00ea Organizador dos Jogos. Alegou limita\u00e7\u00f5es f\u00edsicas que o impediriam de acender a pira ol\u00edmpica no Maracan\u00e3 nesta\u2026","rel":"","context":"Em &quot;futebol&quot;","block_context":{"text":"futebol","link":"https:\/\/blogdoprosperi.com\/?cat=53870"},"img":{"alt_text":"","src":"https:\/\/i0.wp.com\/blogdoprosperi.com\/wp-content\/uploads\/2016\/08\/ckl7wgcwuaa8dra-jpg-medium.jpeg?resize=350%2C200","width":350,"height":200,"srcset":"https:\/\/i0.wp.com\/blogdoprosperi.com\/wp-content\/uploads\/2016\/08\/ckl7wgcwuaa8dra-jpg-medium.jpeg?resize=350%2C200 1x, https:\/\/i0.wp.com\/blogdoprosperi.com\/wp-content\/uploads\/2016\/08\/ckl7wgcwuaa8dra-jpg-medium.jpeg?resize=525%2C300 1.5x, https:\/\/i0.wp.com\/blogdoprosperi.com\/wp-content\/uploads\/2016\/08\/ckl7wgcwuaa8dra-jpg-medium.jpeg?resize=700%2C400 2x"},"classes":[]},{"id":21421,"url":"https:\/\/blogdoprosperi.com\/?p=21421","url_meta":{"origin":19379,"position":1},"title":"Sele\u00e7\u00e3o Ol\u00edmpica pressionada a salvar a honra dos esportes coletivos do Brasil nos Jogos do Rio","author":"Luiz Ant\u00f4nio Pr\u00f3speri","date":"17 de agosto de 2016","format":false,"excerpt":"Brasil favorito nos esportes coletivos esfarela na reta final dos Jogos do Rio. Uma das \u00faltimas apostas \u00e9 a sele\u00e7\u00e3o do futebol masculino, ap\u00f3s a queda do time de Marta, a derrocada do v\u00f4lei feminino, do handebol, do basquete e das incertezas com o v\u00f4lei de quadra dos rapazes. At\u00e9\u2026","rel":"","context":"Em &quot;futebol&quot;","block_context":{"text":"futebol","link":"https:\/\/blogdoprosperi.com\/?cat=53870"},"img":{"alt_text":"","src":"https:\/\/i0.wp.com\/blogdoprosperi.com\/wp-content\/uploads\/2016\/08\/joao-havelange-esq-e-ricardo-teixeira-olham-para-copa-do-mundo-1319639845195_615x300.jpg?resize=350%2C200&ssl=1","width":350,"height":200,"srcset":"https:\/\/i0.wp.com\/blogdoprosperi.com\/wp-content\/uploads\/2016\/08\/joao-havelange-esq-e-ricardo-teixeira-olham-para-copa-do-mundo-1319639845195_615x300.jpg?resize=350%2C200&ssl=1 1x, https:\/\/i0.wp.com\/blogdoprosperi.com\/wp-content\/uploads\/2016\/08\/joao-havelange-esq-e-ricardo-teixeira-olham-para-copa-do-mundo-1319639845195_615x300.jpg?resize=525%2C300&ssl=1 1.5x"},"classes":[]},{"id":20824,"url":"https:\/\/blogdoprosperi.com\/?p=20824","url_meta":{"origin":19379,"position":2},"title":"Phelps volta para casa. Em que planeta?","author":"Luiz Ant\u00f4nio Pr\u00f3speri","date":"14 de agosto de 2016","format":false,"excerpt":"Michael Phelps volta para casa com quatro medalhas de ouro e uma de prata conquistadas na piscina dos Jogos do Rio. Pe\u00e7as preciosas a se juntar \u00e0s outras 23 da sua cole\u00e7\u00e3o forjada a partir de Atenas (2004), depois Pequim (2008) e Londres (2012). Um acervo que ningu\u00e9m tem neste\u2026","rel":"","context":"Em &quot;futebol&quot;","block_context":{"text":"futebol","link":"https:\/\/blogdoprosperi.com\/?cat=53870"},"img":{"alt_text":"","src":"https:\/\/i0.wp.com\/blogdoprosperi.com\/wp-content\/uploads\/2016\/08\/589402290.jpg?resize=350%2C200","width":350,"height":200},"classes":[]},{"id":21517,"url":"https:\/\/blogdoprosperi.com\/?p=21517","url_meta":{"origin":19379,"position":3},"title":"Sele\u00e7\u00e3o Ol\u00edmpica consagra Neymar e Gabriel Jesus e vai encarar Alemanha na disputa do ouro","author":"Luiz Ant\u00f4nio Pr\u00f3speri","date":"17 de agosto de 2016","format":false,"excerpt":"Duro \u00e9 convencer a torcida brasileira de que os alem\u00e3es n\u00e3o merecem levar uma sova na final dos Jogos do Rio 2016 Brasil se reconciliou com seu futebol, t\u00e3o maltratado nos \u00faltimos tempos, ao despachar Honduras por 6 a 0 na semifinal dos Jogos do Rio. H\u00e1 quem possa argumentar\u2026","rel":"","context":"Em &quot;futebol&quot;","block_context":{"text":"futebol","link":"https:\/\/blogdoprosperi.com\/?cat=53870"},"img":{"alt_text":"","src":"https:\/\/i0.wp.com\/blogdoprosperi.com\/wp-content\/uploads\/2016\/08\/u9kmit0v.jpg?resize=350%2C200&ssl=1","width":350,"height":200,"srcset":"https:\/\/i0.wp.com\/blogdoprosperi.com\/wp-content\/uploads\/2016\/08\/u9kmit0v.jpg?resize=350%2C200&ssl=1 1x, https:\/\/i0.wp.com\/blogdoprosperi.com\/wp-content\/uploads\/2016\/08\/u9kmit0v.jpg?resize=525%2C300&ssl=1 1.5x"},"classes":[]},{"id":21372,"url":"https:\/\/blogdoprosperi.com\/?p=21372","url_meta":{"origin":19379,"position":4},"title":"&#8220;Terror&#8221; de Salvador morde ouro nos Jogos do Rio e faz hist\u00f3ria","author":"Luiz Ant\u00f4nio Pr\u00f3speri","date":"16 de agosto de 2016","format":false,"excerpt":"A vontade de lutar est\u00e1 em seu sangue. Depois arrumar algumas brigas nas ruas de Salvador, Robson decidiu treinar Boxe para melhorar suas habilidades para brigar. Mas o efeito foi inverso. Aprendeu que brigar na rua n\u00e3o faz sentido e utilizou o seu dom dentro dos ringues, desde os 13\u2026","rel":"","context":"Em &quot;futebol&quot;","block_context":{"text":"futebol","link":"https:\/\/blogdoprosperi.com\/?cat=53870"},"img":{"alt_text":"","src":"https:\/\/i0.wp.com\/blogdoprosperi.com\/wp-content\/uploads\/2016\/08\/x4b2gkm7.jpg?resize=350%2C200","width":350,"height":200,"srcset":"https:\/\/i0.wp.com\/blogdoprosperi.com\/wp-content\/uploads\/2016\/08\/x4b2gkm7.jpg?resize=350%2C200 1x, https:\/\/i0.wp.com\/blogdoprosperi.com\/wp-content\/uploads\/2016\/08\/x4b2gkm7.jpg?resize=525%2C300 1.5x, https:\/\/i0.wp.com\/blogdoprosperi.com\/wp-content\/uploads\/2016\/08\/x4b2gkm7.jpg?resize=700%2C400 2x"},"classes":[]},{"id":22670,"url":"https:\/\/blogdoprosperi.com\/?p=22670","url_meta":{"origin":19379,"position":5},"title":"A culpa que o futebol n\u00e3o tem","author":"Luiz Ant\u00f4nio Pr\u00f3speri","date":"23 de agosto de 2016","format":false,"excerpt":"Gabriel Jesus voltou a treinar no Palmeiras nesta ter\u00e7a-feira, tr\u00eas dias ap\u00f3s a conquista da medalha de ouro no Maracan\u00e3. Levaram o menino de 19 anos, nascido no pobre Jardim Peri, na capital, a dar entrevista coletiva no clube. Inevit\u00e1vel a necessidade de extrair das entranhas do garoto a enorme\u2026","rel":"","context":"Em &quot;futebol&quot;","block_context":{"text":"futebol","link":"https:\/\/blogdoprosperi.com\/?cat=53870"},"img":{"alt_text":"","src":"https:\/\/i0.wp.com\/blogdoprosperi.com\/wp-content\/uploads\/2016\/08\/00914167.jpg?resize=350%2C200&ssl=1","width":350,"height":200,"srcset":"https:\/\/i0.wp.com\/blogdoprosperi.com\/wp-content\/uploads\/2016\/08\/00914167.jpg?resize=350%2C200&ssl=1 1x, https:\/\/i0.wp.com\/blogdoprosperi.com\/wp-content\/uploads\/2016\/08\/00914167.jpg?resize=525%2C300&ssl=1 1.5x, https:\/\/i0.wp.com\/blogdoprosperi.com\/wp-content\/uploads\/2016\/08\/00914167.jpg?resize=700%2C400&ssl=1 2x, https:\/\/i0.wp.com\/blogdoprosperi.com\/wp-content\/uploads\/2016\/08\/00914167.jpg?resize=1050%2C600&ssl=1 3x, https:\/\/i0.wp.com\/blogdoprosperi.com\/wp-content\/uploads\/2016\/08\/00914167.jpg?resize=1400%2C800&ssl=1 4x"},"classes":[]}],"jetpack_featured_media_url":"","_links":{"self":[{"href":"https:\/\/blogdoprosperi.com\/index.php?rest_route=\/wp\/v2\/posts\/19379","targetHints":{"allow":["GET"]}}],"collection":[{"href":"https:\/\/blogdoprosperi.com\/index.php?rest_route=\/wp\/v2\/posts"}],"about":[{"href":"https:\/\/blogdoprosperi.com\/index.php?rest_route=\/wp\/v2\/types\/post"}],"author":[{"embeddable":true,"href":"https:\/\/blogdoprosperi.com\/index.php?rest_route=\/wp\/v2\/users\/102107496"}],"replies":[{"embeddable":true,"href":"https:\/\/blogdoprosperi.com\/index.php?rest_route=%2Fwp%2Fv2%2Fcomments&post=19379"}],"version-history":[{"count":25,"href":"https:\/\/blogdoprosperi.com\/index.php?rest_route=\/wp\/v2\/posts\/19379\/revisions"}],"predecessor-version":[{"id":19419,"href":"https:\/\/blogdoprosperi.com\/index.php?rest_route=\/wp\/v2\/posts\/19379\/revisions\/19419"}],"wp:attachment":[{"href":"https:\/\/blogdoprosperi.com\/index.php?rest_route=%2Fwp%2Fv2%2Fmedia&parent=19379"}],"wp:term":[{"taxonomy":"category","embeddable":true,"href":"https:\/\/blogdoprosperi.com\/index.php?rest_route=%2Fwp%2Fv2%2Fcategories&post=19379"},{"taxonomy":"post_tag","embeddable":true,"href":"https:\/\/blogdoprosperi.com\/index.php?rest_route=%2Fwp%2Fv2%2Ftags&post=19379"}],"curies":[{"name":"wp","href":"https:\/\/api.w.org\/{rel}","templated":true}]}}