{"id":19421,"date":"2016-08-06T18:41:38","date_gmt":"2016-08-06T21:41:38","guid":{"rendered":"http:\/\/blogdoprosperi.com\/?p=19421"},"modified":"2016-08-06T18:47:24","modified_gmt":"2016-08-06T21:47:24","slug":"lagrimas-de-dor-e-alegria-no-primeiro-dia-dos-jogos-do-rio-2016","status":"publish","type":"post","link":"https:\/\/blogdoprosperi.com\/?p=19421","title":{"rendered":"L\u00e1grimas de dor e alegria no primeiro dia dos Jogos do Rio 2016"},"content":{"rendered":"<p><span class=\"alignnone\"><img data-recalc-dims=\"1\" loading=\"lazy\" decoding=\"async\" data-attachment-id=\"19534\" data-permalink=\"https:\/\/blogdoprosperi.com\/?attachment_id=19534\" data-orig-file=\"https:\/\/i0.wp.com\/blogdoprosperi.com\/wp-content\/uploads\/2016\/08\/628450-970x600-1.jpeg?fit=970%2C600&amp;ssl=1\" data-orig-size=\"970,600\" data-comments-opened=\"1\" data-image-meta=\"{&quot;aperture&quot;:&quot;0&quot;,&quot;credit&quot;:&quot;&quot;,&quot;camera&quot;:&quot;&quot;,&quot;caption&quot;:&quot;&quot;,&quot;created_timestamp&quot;:&quot;0&quot;,&quot;copyright&quot;:&quot;&quot;,&quot;focal_length&quot;:&quot;0&quot;,&quot;iso&quot;:&quot;0&quot;,&quot;shutter_speed&quot;:&quot;0&quot;,&quot;title&quot;:&quot;&quot;,&quot;orientation&quot;:&quot;0&quot;}\" data-image-title=\"628450-970&amp;#215;600-1\" data-image-description=\"\" data-image-caption=\"\" data-large-file=\"https:\/\/i0.wp.com\/blogdoprosperi.com\/wp-content\/uploads\/2016\/08\/628450-970x600-1.jpeg?fit=940%2C581&amp;ssl=1\" class=\"alignnone size-full wp-image-19534\" src=\"https:\/\/i0.wp.com\/blogdoprosperi.com\/wp-content\/uploads\/2016\/08\/628450-970x600-1.jpeg?resize=940%2C581&#038;ssl=1\" alt=\"628450-970x600-1\" width=\"940\" height=\"581\" \/><\/span><\/p>\n<p>Esporte \u00e9 feito de dor e prazer. Se chora por vit\u00f3rias e derrotas. Um segundo pode ser uma eternidade. Um passo em falso acaba com um sonho de quatro anos, \u00e0s vezes de uma vida. N\u00e3o h\u00e1 espa\u00e7o para fingimento. Nem hipocrisia. Cada disputa \u00e9 a foto da realidade mais crua, de felicidade ou de crueldade.<\/p>\n<p>Neste primeiro dia de <a href=\"http:\/\/blogdoprosperi.com\/2016\/08\/06\/rio-2016-celebra-diferencas-do-brasil-na-cerimonia-de-abertura\/\">Jogos do Rio<\/a>, l\u00e1grimas foram derramadas sobre a Guanabara.<\/p>\n<p>Veja algumas imagens de cenas marcantes deste s\u00e1bado (06\/8):<\/p>\n<p><strong>TIRO &#8211; FELIPE WU leva medalha de prata, a primeira do Brasil na <a href=\"http:\/\/blogdoprosperi.com\/2016\/08\/05\/quando-rei-pele-precisa-de-atencao-dos-suditos\/\">Olimp\u00edada do Rio<\/a><\/strong><\/p>\n<div class=\"tiled-gallery type-rectangular tiled-gallery-unresized\" data-original-width=\"940\" data-carousel-extra='{&quot;blog_id&quot;:1,&quot;permalink&quot;:&quot;https:\\\/\\\/blogdoprosperi.com\\\/?p=19421&quot;,&quot;likes_blog_id&quot;:108082574}' itemscope itemtype=\"http:\/\/schema.org\/ImageGallery\" > <div class=\"gallery-row\" style=\"width: 940px; height: 415px;\" data-original-width=\"940\" data-original-height=\"415\" > <div class=\"gallery-group images-1\" style=\"width: 656px; height: 415px;\" data-original-width=\"656\" data-original-height=\"415\" > <div class=\"tiled-gallery-item tiled-gallery-item-large\" itemprop=\"associatedMedia\" itemscope itemtype=\"http:\/\/schema.org\/ImageObject\"> <a href=\"https:\/\/blogdoprosperi.com\/?attachment_id=19436\" border=\"0\" itemprop=\"url\"> <meta itemprop=\"width\" content=\"652\"> <meta itemprop=\"height\" content=\"411\"> <img decoding=\"async\" class=\"\" data-attachment-id=\"19436\" data-orig-file=\"https:\/\/blogdoprosperi.com\/wp-content\/uploads\/2016\/08\/xxyohlkd.jpg\" data-orig-size=\"1000,630\" data-comments-opened=\"1\" data-image-meta=\"{&quot;aperture&quot;:&quot;0&quot;,&quot;credit&quot;:&quot;&quot;,&quot;camera&quot;:&quot;&quot;,&quot;caption&quot;:&quot;&quot;,&quot;created_timestamp&quot;:&quot;0&quot;,&quot;copyright&quot;:&quot;&quot;,&quot;focal_length&quot;:&quot;0&quot;,&quot;iso&quot;:&quot;0&quot;,&quot;shutter_speed&quot;:&quot;0&quot;,&quot;title&quot;:&quot;&quot;,&quot;orientation&quot;:&quot;0&quot;}\" data-image-title=\"xXyOHLKd\" data-image-description=\"\" data-medium-file=\"https:\/\/i0.wp.com\/blogdoprosperi.com\/wp-content\/uploads\/2016\/08\/xxyohlkd.jpg?fit=600%2C378&#038;ssl=1\" data-large-file=\"https:\/\/i0.wp.com\/blogdoprosperi.com\/wp-content\/uploads\/2016\/08\/xxyohlkd.jpg?fit=940%2C592&#038;ssl=1\" src=\"https:\/\/i0.wp.com\/blogdoprosperi.com\/wp-content\/uploads\/2016\/08\/xxyohlkd.jpg?w=652&#038;h=411&#038;ssl=1\" width=\"652\" height=\"411\" loading=\"lazy\" data-original-width=\"652\" data-original-height=\"411\" itemprop=\"http:\/\/schema.org\/image\" title=\"xXyOHLKd\" alt=\"xXyOHLKd\" style=\"width: 652px; height: 411px;\" \/> <\/a> <\/div> <\/div> <!-- close group --> <div class=\"gallery-group images-1\" style=\"width: 284px; height: 415px;\" data-original-width=\"284\" data-original-height=\"415\" > <div class=\"tiled-gallery-item tiled-gallery-item-large\" itemprop=\"associatedMedia\" itemscope itemtype=\"http:\/\/schema.org\/ImageObject\"> <a href=\"https:\/\/blogdoprosperi.com\/?attachment_id=19516\" border=\"0\" itemprop=\"url\"> <meta itemprop=\"width\" content=\"280\"> <meta itemprop=\"height\" content=\"411\"> <img decoding=\"async\" class=\"\" data-attachment-id=\"19516\" data-orig-file=\"https:\/\/blogdoprosperi.com\/wp-content\/uploads\/2016\/08\/586437278-1.jpg\" data-orig-size=\"405,594\" data-comments-opened=\"1\" data-image-meta=\"{&quot;aperture&quot;:&quot;4&quot;,&quot;credit&quot;:&quot;Sam Greenwood&quot;,&quot;camera&quot;:&quot;Canon EOS-1D X Mark II&quot;,&quot;caption&quot;:&quot;on Day 1 of the Rio 2016 Olympic Games at the Olympic Shooting Centre on August 6, 2016 in Rio de Janeiro, Brazil.&quot;,&quot;created_timestamp&quot;:&quot;1470499014&quot;,&quot;copyright&quot;:&quot;2016 Getty Images&quot;,&quot;focal_length&quot;:&quot;200&quot;,&quot;iso&quot;:&quot;6400&quot;,&quot;shutter_speed&quot;:&quot;0.001&quot;,&quot;title&quot;:&quot;&quot;,&quot;orientation&quot;:&quot;1&quot;}\" data-image-title=\"586437278-1\" data-image-description=\"\" data-medium-file=\"https:\/\/i0.wp.com\/blogdoprosperi.com\/wp-content\/uploads\/2016\/08\/586437278-1.jpg?fit=258%2C378&#038;ssl=1\" data-large-file=\"https:\/\/i0.wp.com\/blogdoprosperi.com\/wp-content\/uploads\/2016\/08\/586437278-1.jpg?fit=405%2C594&#038;ssl=1\" src=\"https:\/\/i0.wp.com\/blogdoprosperi.com\/wp-content\/uploads\/2016\/08\/586437278-1.jpg?w=280&#038;h=411&#038;ssl=1\" width=\"280\" height=\"411\" loading=\"lazy\" data-original-width=\"280\" data-original-height=\"411\" itemprop=\"http:\/\/schema.org\/image\" title=\"586437278-1\" alt=\"on Day 1 of the Rio 2016 Olympic Games at the Olympic Shooting Centre on August 6, 2016 in Rio de Janeiro, Brazil.\" style=\"width: 280px; height: 411px;\" \/> <\/a> <div class=\"tiled-gallery-caption\" itemprop=\"caption description\"> on Day 1 of the Rio 2016 Olympic Games at the Olympic Shooting Centre on August 6, 2016 in Rio de Janeiro, Brazil. <\/div> <\/div> <\/div> <!-- close group --> <\/div> <!-- close row --> <div class=\"gallery-row\" style=\"width: 940px; height: 628px;\" data-original-width=\"940\" data-original-height=\"628\" > <div class=\"gallery-group images-1\" style=\"width: 940px; height: 628px;\" data-original-width=\"940\" data-original-height=\"628\" > <div class=\"tiled-gallery-item tiled-gallery-item-large\" itemprop=\"associatedMedia\" itemscope itemtype=\"http:\/\/schema.org\/ImageObject\"> <a href=\"https:\/\/blogdoprosperi.com\/?attachment_id=19517\" border=\"0\" itemprop=\"url\"> <meta itemprop=\"width\" content=\"936\"> <meta itemprop=\"height\" content=\"624\"> <img decoding=\"async\" class=\"\" data-attachment-id=\"19517\" data-orig-file=\"https:\/\/blogdoprosperi.com\/wp-content\/uploads\/2016\/08\/000_dy3qz-1.jpg\" data-orig-size=\"3318,2212\" data-comments-opened=\"1\" data-image-meta=\"{&quot;aperture&quot;:&quot;0&quot;,&quot;credit&quot;:&quot;&quot;,&quot;camera&quot;:&quot;&quot;,&quot;caption&quot;:&quot;&quot;,&quot;created_timestamp&quot;:&quot;0&quot;,&quot;copyright&quot;:&quot;&quot;,&quot;focal_length&quot;:&quot;0&quot;,&quot;iso&quot;:&quot;0&quot;,&quot;shutter_speed&quot;:&quot;0&quot;,&quot;title&quot;:&quot;&quot;,&quot;orientation&quot;:&quot;0&quot;}\" data-image-title=\"000_DY3QZ-1\" data-image-description=\"\" data-medium-file=\"https:\/\/i0.wp.com\/blogdoprosperi.com\/wp-content\/uploads\/2016\/08\/000_dy3qz-1.jpg?fit=567%2C378&#038;ssl=1\" data-large-file=\"https:\/\/i0.wp.com\/blogdoprosperi.com\/wp-content\/uploads\/2016\/08\/000_dy3qz-1.jpg?fit=940%2C627&#038;ssl=1\" src=\"https:\/\/i0.wp.com\/blogdoprosperi.com\/wp-content\/uploads\/2016\/08\/000_dy3qz-1.jpg?w=936&#038;h=624&#038;ssl=1\" width=\"936\" height=\"624\" loading=\"lazy\" data-original-width=\"936\" data-original-height=\"624\" itemprop=\"http:\/\/schema.org\/image\" title=\"000_DY3QZ-1\" alt=\"000_DY3QZ-1\" style=\"width: 936px; height: 624px;\" \/> <\/a> <\/div> <\/div> <!-- close group --> <\/div> <!-- close row --> <\/div>\n<p>&nbsp;<\/p>\n<p><strong>GIN\u00c1STICA &#8211; DIEGO HYPOLITO alcan\u00e7a segunda maior nota no\u00a0<\/strong><b>individual<\/b><\/p>\n<p><span class=\"alignnone\"><img data-recalc-dims=\"1\" loading=\"lazy\" decoding=\"async\" data-attachment-id=\"19433\" data-permalink=\"https:\/\/blogdoprosperi.com\/?attachment_id=19433\" data-orig-file=\"https:\/\/i0.wp.com\/blogdoprosperi.com\/wp-content\/uploads\/2016\/08\/586415960.jpg?fit=594%2C396&amp;ssl=1\" data-orig-size=\"594,396\" data-comments-opened=\"1\" data-image-meta=\"{&quot;aperture&quot;:&quot;3.2&quot;,&quot;credit&quot;:&quot;Alex Livesey&quot;,&quot;camera&quot;:&quot;Canon EOS-1D X&quot;,&quot;caption&quot;:&quot;on Day 1 of the Rio 2016 Olympic Games at Rio Olympic Arena on August 6, 2016 in Rio de Janeiro, Brazil.&quot;,&quot;created_timestamp&quot;:&quot;1470486184&quot;,&quot;copyright&quot;:&quot;2016 Getty Images&quot;,&quot;focal_length&quot;:&quot;155&quot;,&quot;iso&quot;:&quot;3200&quot;,&quot;shutter_speed&quot;:&quot;0.000625&quot;,&quot;title&quot;:&quot;&quot;,&quot;orientation&quot;:&quot;1&quot;}\" data-image-title=\"586415960\" data-image-description=\"\" data-image-caption=\"&lt;p&gt;on Day 1 of the Rio 2016 Olympic Games at Rio Olympic Arena on August 6, 2016 in Rio de Janeiro, Brazil.&lt;\/p&gt;\n\" data-large-file=\"https:\/\/i0.wp.com\/blogdoprosperi.com\/wp-content\/uploads\/2016\/08\/586415960.jpg?fit=594%2C396&amp;ssl=1\" class=\"alignnone size-full wp-image-19433\" src=\"https:\/\/i0.wp.com\/blogdoprosperi.com\/wp-content\/uploads\/2016\/08\/586415960.jpg?resize=594%2C396&#038;ssl=1\" alt=\"586415960\" width=\"594\" height=\"396\" \/><\/span><\/p>\n<p><strong>JUD\u00d4 &#8211; SARAH MENEZES, campe\u00e3 em 2012, \u00e9 derrotada e fica sem medalha<\/strong><\/p>\n<p><span class=\"alignnone\"><img data-recalc-dims=\"1\" loading=\"lazy\" decoding=\"async\" data-attachment-id=\"19461\" data-permalink=\"https:\/\/blogdoprosperi.com\/?attachment_id=19461\" data-orig-file=\"https:\/\/i0.wp.com\/blogdoprosperi.com\/wp-content\/uploads\/2016\/08\/5864328181.jpg?fit=594%2C396&amp;ssl=1\" data-orig-size=\"594,396\" data-comments-opened=\"1\" data-image-meta=\"{&quot;aperture&quot;:&quot;3.2&quot;,&quot;credit&quot;:&quot;David Ramos&quot;,&quot;camera&quot;:&quot;NIKON D5&quot;,&quot;caption&quot;:&quot;Judo on Day 1 of the Rio 2016 Olympic Games at Carioca Arena 2 on August 6, 2016 in Rio de Janeiro, Brazil.&quot;,&quot;created_timestamp&quot;:&quot;1470497688&quot;,&quot;copyright&quot;:&quot;2016 Getty Images&quot;,&quot;focal_length&quot;:&quot;300&quot;,&quot;iso&quot;:&quot;1600&quot;,&quot;shutter_speed&quot;:&quot;0.000625&quot;,&quot;title&quot;:&quot;&quot;,&quot;orientation&quot;:&quot;1&quot;}\" data-image-title=\"586432818\" data-image-description=\"\" data-image-caption=\"&lt;p&gt;Judo on Day 1 of the Rio 2016 Olympic Games at Carioca Arena 2 on August 6, 2016 in Rio de Janeiro, Brazil.&lt;\/p&gt;\n\" data-large-file=\"https:\/\/i0.wp.com\/blogdoprosperi.com\/wp-content\/uploads\/2016\/08\/5864328181.jpg?fit=594%2C396&amp;ssl=1\" class=\"alignnone size-full wp-image-19461\" src=\"https:\/\/i0.wp.com\/blogdoprosperi.com\/wp-content\/uploads\/2016\/08\/5864328181.jpg?resize=594%2C396&#038;ssl=1\" alt=\"586432818\" width=\"594\" height=\"396\" \/><\/span><\/p>\n<p><span class=\"alignnone\"><img data-recalc-dims=\"1\" loading=\"lazy\" decoding=\"async\" data-attachment-id=\"19445\" data-permalink=\"https:\/\/blogdoprosperi.com\/?attachment_id=19445\" data-orig-file=\"https:\/\/i0.wp.com\/blogdoprosperi.com\/wp-content\/uploads\/2016\/08\/586432826.jpg?fit=594%2C396&amp;ssl=1\" data-orig-size=\"594,396\" data-comments-opened=\"1\" data-image-meta=\"{&quot;aperture&quot;:&quot;2.8&quot;,&quot;credit&quot;:&quot;Laurence Griffiths&quot;,&quot;camera&quot;:&quot;NIKON D5&quot;,&quot;caption&quot;:&quot;Judo on Day 1 of the Rio 2016 Olympic Games at Carioca Arena 2 on August 6, 2016 in Rio de Janeiro, Brazil.&quot;,&quot;created_timestamp&quot;:&quot;1470497872&quot;,&quot;copyright&quot;:&quot;2016 Getty Images&quot;,&quot;focal_length&quot;:&quot;400&quot;,&quot;iso&quot;:&quot;2000&quot;,&quot;shutter_speed&quot;:&quot;0.0008&quot;,&quot;title&quot;:&quot;&quot;,&quot;orientation&quot;:&quot;1&quot;}\" data-image-title=\"586432826\" data-image-description=\"\" data-image-caption=\"&lt;p&gt;Judo on Day 1 of the Rio 2016 Olympic Games at Carioca Arena 2 on August 6, 2016 in Rio de Janeiro, Brazil.&lt;\/p&gt;\n\" data-large-file=\"https:\/\/i0.wp.com\/blogdoprosperi.com\/wp-content\/uploads\/2016\/08\/586432826.jpg?fit=594%2C396&amp;ssl=1\" class=\"alignnone size-full wp-image-19445\" src=\"https:\/\/i0.wp.com\/blogdoprosperi.com\/wp-content\/uploads\/2016\/08\/586432826.jpg?resize=594%2C396&#038;ssl=1\" alt=\"586432826\" width=\"594\" height=\"396\" \/><\/span><\/p>\n<p><strong>JUD\u00d4 &#8211; Felipe Kitadai, bronze em Londres 2012, \u00e9 eliminado no Rio<\/strong><\/p>\n<p><span class=\"alignnone\"><img data-recalc-dims=\"1\" loading=\"lazy\" decoding=\"async\" data-attachment-id=\"19528\" data-permalink=\"https:\/\/blogdoprosperi.com\/?attachment_id=19528\" data-orig-file=\"https:\/\/i0.wp.com\/blogdoprosperi.com\/wp-content\/uploads\/2016\/08\/586434446.jpg?fit=594%2C376&amp;ssl=1\" data-orig-size=\"594,376\" data-comments-opened=\"1\" data-image-meta=\"{&quot;aperture&quot;:&quot;2.8&quot;,&quot;credit&quot;:&quot;David Ramos&quot;,&quot;camera&quot;:&quot;NIKON D5&quot;,&quot;caption&quot;:&quot;Judo on Day 1 of the Rio 2016 Olympic Games at Carioca Arena 2 on August 6, 2016 in Rio de Janeiro, Brazil.&quot;,&quot;created_timestamp&quot;:&quot;1470499475&quot;,&quot;copyright&quot;:&quot;2016 Getty Images&quot;,&quot;focal_length&quot;:&quot;200&quot;,&quot;iso&quot;:&quot;1250&quot;,&quot;shutter_speed&quot;:&quot;0.0008&quot;,&quot;title&quot;:&quot;&quot;,&quot;orientation&quot;:&quot;1&quot;}\" data-image-title=\"586434446\" data-image-description=\"\" data-image-caption=\"&lt;p&gt;Judo on Day 1 of the Rio 2016 Olympic Games at Carioca Arena 2 on August 6, 2016 in Rio de Janeiro, Brazil.&lt;\/p&gt;\n\" data-large-file=\"https:\/\/i0.wp.com\/blogdoprosperi.com\/wp-content\/uploads\/2016\/08\/586434446.jpg?fit=594%2C376&amp;ssl=1\" class=\"alignnone size-full wp-image-19528\" src=\"https:\/\/i0.wp.com\/blogdoprosperi.com\/wp-content\/uploads\/2016\/08\/586434446.jpg?resize=594%2C376&#038;ssl=1\" alt=\"586434446\" width=\"594\" height=\"376\" \/><img data-recalc-dims=\"1\" loading=\"lazy\" decoding=\"async\" data-attachment-id=\"19529\" data-permalink=\"https:\/\/blogdoprosperi.com\/?attachment_id=19529\" data-orig-file=\"https:\/\/i0.wp.com\/blogdoprosperi.com\/wp-content\/uploads\/2016\/08\/586434550.jpg?fit=594%2C396&amp;ssl=1\" data-orig-size=\"594,396\" data-comments-opened=\"1\" data-image-meta=\"{&quot;aperture&quot;:&quot;2.8&quot;,&quot;credit&quot;:&quot;Laurence Griffiths&quot;,&quot;camera&quot;:&quot;NIKON D5&quot;,&quot;caption&quot;:&quot;Judo on Day 1 of the Rio 2016 Olympic Games at Carioca Arena 2 on August 6, 2016 in Rio de Janeiro, Brazil.&quot;,&quot;created_timestamp&quot;:&quot;1470499400&quot;,&quot;copyright&quot;:&quot;2016 Getty Images&quot;,&quot;focal_length&quot;:&quot;400&quot;,&quot;iso&quot;:&quot;2000&quot;,&quot;shutter_speed&quot;:&quot;0.0005&quot;,&quot;title&quot;:&quot;&quot;,&quot;orientation&quot;:&quot;1&quot;}\" data-image-title=\"586434550\" data-image-description=\"\" data-image-caption=\"&lt;p&gt;Judo on Day 1 of the Rio 2016 Olympic Games at Carioca Arena 2 on August 6, 2016 in Rio de Janeiro, Brazil.&lt;\/p&gt;\n\" data-large-file=\"https:\/\/i0.wp.com\/blogdoprosperi.com\/wp-content\/uploads\/2016\/08\/586434550.jpg?fit=594%2C396&amp;ssl=1\" class=\"alignnone size-full wp-image-19529\" src=\"https:\/\/i0.wp.com\/blogdoprosperi.com\/wp-content\/uploads\/2016\/08\/586434550.jpg?resize=594%2C396&#038;ssl=1\" alt=\"586434550\" width=\"594\" height=\"396\" \/><\/span><\/p>\n<p><strong>HANDEBOL FEMININO<\/strong> <strong>&#8211; Brasil vence Noruega por 31 a 28 \u00a0na estreia<\/strong><\/p>\n<p><span class=\"alignnone\"><img data-recalc-dims=\"1\" loading=\"lazy\" decoding=\"async\" data-attachment-id=\"19439\" data-permalink=\"https:\/\/blogdoprosperi.com\/?attachment_id=19439\" data-orig-file=\"https:\/\/i0.wp.com\/blogdoprosperi.com\/wp-content\/uploads\/2016\/08\/5864036121.jpg?fit=594%2C396&amp;ssl=1\" data-orig-size=\"594,396\" data-comments-opened=\"1\" data-image-meta=\"{&quot;aperture&quot;:&quot;0&quot;,&quot;credit&quot;:&quot;&quot;,&quot;camera&quot;:&quot;&quot;,&quot;caption&quot;:&quot;&quot;,&quot;created_timestamp&quot;:&quot;0&quot;,&quot;copyright&quot;:&quot;&quot;,&quot;focal_length&quot;:&quot;0&quot;,&quot;iso&quot;:&quot;0&quot;,&quot;shutter_speed&quot;:&quot;0&quot;,&quot;title&quot;:&quot;&quot;,&quot;orientation&quot;:&quot;0&quot;}\" data-image-title=\"586403612\" data-image-description=\"\" data-image-caption=\"\" data-large-file=\"https:\/\/i0.wp.com\/blogdoprosperi.com\/wp-content\/uploads\/2016\/08\/5864036121.jpg?fit=594%2C396&amp;ssl=1\" class=\"alignnone size-full wp-image-19439\" src=\"https:\/\/i0.wp.com\/blogdoprosperi.com\/wp-content\/uploads\/2016\/08\/5864036121.jpg?resize=594%2C396&#038;ssl=1\" alt=\"586403612\" width=\"594\" height=\"396\" \/><\/span><\/p>\n<p><span class=\"alignnone\"><img data-recalc-dims=\"1\" loading=\"lazy\" decoding=\"async\" data-attachment-id=\"19440\" data-permalink=\"https:\/\/blogdoprosperi.com\/?attachment_id=19440\" data-orig-file=\"https:\/\/i0.wp.com\/blogdoprosperi.com\/wp-content\/uploads\/2016\/08\/5864098341.jpg?fit=594%2C396&amp;ssl=1\" data-orig-size=\"594,396\" data-comments-opened=\"1\" data-image-meta=\"{&quot;aperture&quot;:&quot;3.5&quot;,&quot;credit&quot;:&quot;Pascal Le Segretain&quot;,&quot;camera&quot;:&quot;NIKON D5&quot;,&quot;caption&quot;:&quot;Generated by  IJG JPEG Library&quot;,&quot;created_timestamp&quot;:&quot;1470481237&quot;,&quot;copyright&quot;:&quot;2016 Getty Images&quot;,&quot;focal_length&quot;:&quot;130&quot;,&quot;iso&quot;:&quot;1000&quot;,&quot;shutter_speed&quot;:&quot;0.001&quot;,&quot;title&quot;:&quot;&quot;,&quot;orientation&quot;:&quot;0&quot;}\" data-image-title=\"586409834\" data-image-description=\"\" data-image-caption=\"&lt;p&gt;Generated by  IJG JPEG Library&lt;\/p&gt;\n\" data-large-file=\"https:\/\/i0.wp.com\/blogdoprosperi.com\/wp-content\/uploads\/2016\/08\/5864098341.jpg?fit=594%2C396&amp;ssl=1\" class=\"alignnone size-full wp-image-19440\" src=\"https:\/\/i0.wp.com\/blogdoprosperi.com\/wp-content\/uploads\/2016\/08\/5864098341.jpg?resize=594%2C396&#038;ssl=1\" alt=\"586409834\" width=\"594\" height=\"396\" \/><\/span><\/p>\n<p><strong>ESGRIMA &#8211; NATHALIE MOELHAUSEN, italiana com cidadania brasileira, fica entre as oito melhores, mas sem medalha<\/strong><\/p>\n<div class=\"tiled-gallery type-rectangular tiled-gallery-unresized\" data-original-width=\"940\" data-carousel-extra='{&quot;blog_id&quot;:1,&quot;permalink&quot;:&quot;https:\\\/\\\/blogdoprosperi.com\\\/?p=19421&quot;,&quot;likes_blog_id&quot;:108082574}' itemscope itemtype=\"http:\/\/schema.org\/ImageGallery\" > <div class=\"gallery-row\" style=\"width: 940px; height: 417px;\" data-original-width=\"940\" data-original-height=\"417\" > <div class=\"gallery-group images-1\" style=\"width: 629px; height: 417px;\" data-original-width=\"629\" data-original-height=\"417\" > <div class=\"tiled-gallery-item tiled-gallery-item-large\" itemprop=\"associatedMedia\" itemscope itemtype=\"http:\/\/schema.org\/ImageObject\"> <a href=\"https:\/\/blogdoprosperi.com\/?attachment_id=19438\" border=\"0\" itemprop=\"url\"> <meta itemprop=\"width\" content=\"625\"> <meta itemprop=\"height\" content=\"413\"> <img decoding=\"async\" class=\"\" data-attachment-id=\"19438\" data-orig-file=\"https:\/\/blogdoprosperi.com\/wp-content\/uploads\/2016\/08\/586426456.jpg\" data-orig-size=\"594,392\" data-comments-opened=\"1\" data-image-meta=\"{&quot;aperture&quot;:&quot;0&quot;,&quot;credit&quot;:&quot;&quot;,&quot;camera&quot;:&quot;&quot;,&quot;caption&quot;:&quot;&quot;,&quot;created_timestamp&quot;:&quot;0&quot;,&quot;copyright&quot;:&quot;&quot;,&quot;focal_length&quot;:&quot;0&quot;,&quot;iso&quot;:&quot;0&quot;,&quot;shutter_speed&quot;:&quot;0&quot;,&quot;title&quot;:&quot;&quot;,&quot;orientation&quot;:&quot;0&quot;}\" data-image-title=\"586426456\" data-image-description=\"\" data-medium-file=\"https:\/\/i0.wp.com\/blogdoprosperi.com\/wp-content\/uploads\/2016\/08\/586426456.jpg?fit=573%2C378&#038;ssl=1\" data-large-file=\"https:\/\/i0.wp.com\/blogdoprosperi.com\/wp-content\/uploads\/2016\/08\/586426456.jpg?fit=594%2C392&#038;ssl=1\" src=\"https:\/\/i0.wp.com\/blogdoprosperi.com\/wp-content\/uploads\/2016\/08\/586426456.jpg?w=625&#038;h=413&#038;ssl=1\" width=\"625\" height=\"413\" loading=\"lazy\" data-original-width=\"625\" data-original-height=\"413\" itemprop=\"http:\/\/schema.org\/image\" title=\"586426456\" alt=\"586426456\" style=\"width: 625px; height: 413px;\" \/> <\/a> <\/div> <\/div> <!-- close group --> <div class=\"gallery-group images-2\" style=\"width: 311px; height: 417px;\" data-original-width=\"311\" data-original-height=\"417\" > <div class=\"tiled-gallery-item tiled-gallery-item-large\" itemprop=\"associatedMedia\" itemscope itemtype=\"http:\/\/schema.org\/ImageObject\"> <a href=\"https:\/\/blogdoprosperi.com\/?attachment_id=19441\" border=\"0\" itemprop=\"url\"> <meta itemprop=\"width\" content=\"307\"> <meta itemprop=\"height\" content=\"205\"> <img decoding=\"async\" class=\"\" data-attachment-id=\"19441\" data-orig-file=\"https:\/\/blogdoprosperi.com\/wp-content\/uploads\/2016\/08\/5864147921.jpg\" data-orig-size=\"594,396\" data-comments-opened=\"1\" data-image-meta=\"{&quot;aperture&quot;:&quot;0&quot;,&quot;credit&quot;:&quot;&quot;,&quot;camera&quot;:&quot;&quot;,&quot;caption&quot;:&quot;&quot;,&quot;created_timestamp&quot;:&quot;0&quot;,&quot;copyright&quot;:&quot;&quot;,&quot;focal_length&quot;:&quot;0&quot;,&quot;iso&quot;:&quot;0&quot;,&quot;shutter_speed&quot;:&quot;0&quot;,&quot;title&quot;:&quot;&quot;,&quot;orientation&quot;:&quot;0&quot;}\" data-image-title=\"586414792\" data-image-description=\"\" data-medium-file=\"https:\/\/i0.wp.com\/blogdoprosperi.com\/wp-content\/uploads\/2016\/08\/5864147921.jpg?fit=567%2C378&#038;ssl=1\" data-large-file=\"https:\/\/i0.wp.com\/blogdoprosperi.com\/wp-content\/uploads\/2016\/08\/5864147921.jpg?fit=594%2C396&#038;ssl=1\" src=\"https:\/\/i0.wp.com\/blogdoprosperi.com\/wp-content\/uploads\/2016\/08\/5864147921.jpg?w=307&#038;h=205&#038;ssl=1\" width=\"307\" height=\"205\" loading=\"lazy\" data-original-width=\"307\" data-original-height=\"205\" itemprop=\"http:\/\/schema.org\/image\" title=\"586414792\" alt=\"586414792\" style=\"width: 307px; height: 205px;\" \/> <\/a> <\/div> <div class=\"tiled-gallery-item tiled-gallery-item-large\" itemprop=\"associatedMedia\" itemscope itemtype=\"http:\/\/schema.org\/ImageObject\"> <a href=\"https:\/\/blogdoprosperi.com\/?attachment_id=19435\" border=\"0\" itemprop=\"url\"> <meta itemprop=\"width\" content=\"307\"> <meta itemprop=\"height\" content=\"204\"> <img decoding=\"async\" class=\"\" data-attachment-id=\"19435\" data-orig-file=\"https:\/\/blogdoprosperi.com\/wp-content\/uploads\/2016\/08\/586414966.jpg\" data-orig-size=\"594,396\" data-comments-opened=\"1\" data-image-meta=\"{&quot;aperture&quot;:&quot;0&quot;,&quot;credit&quot;:&quot;&quot;,&quot;camera&quot;:&quot;&quot;,&quot;caption&quot;:&quot;&quot;,&quot;created_timestamp&quot;:&quot;0&quot;,&quot;copyright&quot;:&quot;&quot;,&quot;focal_length&quot;:&quot;0&quot;,&quot;iso&quot;:&quot;0&quot;,&quot;shutter_speed&quot;:&quot;0&quot;,&quot;title&quot;:&quot;&quot;,&quot;orientation&quot;:&quot;0&quot;}\" data-image-title=\"586414966\" data-image-description=\"\" data-medium-file=\"https:\/\/i0.wp.com\/blogdoprosperi.com\/wp-content\/uploads\/2016\/08\/586414966.jpg?fit=567%2C378&#038;ssl=1\" data-large-file=\"https:\/\/i0.wp.com\/blogdoprosperi.com\/wp-content\/uploads\/2016\/08\/586414966.jpg?fit=594%2C396&#038;ssl=1\" src=\"https:\/\/i0.wp.com\/blogdoprosperi.com\/wp-content\/uploads\/2016\/08\/586414966.jpg?w=307&#038;h=204&#038;ssl=1\" width=\"307\" height=\"204\" loading=\"lazy\" data-original-width=\"307\" data-original-height=\"204\" itemprop=\"http:\/\/schema.org\/image\" title=\"586414966\" alt=\"586414966\" style=\"width: 307px; height: 204px;\" \/> <\/a> <\/div> <\/div> <!-- close group --> <\/div> <!-- close row --> <div class=\"gallery-row\" style=\"width: 940px; height: 628px;\" data-original-width=\"940\" data-original-height=\"628\" > <div class=\"gallery-group images-1\" style=\"width: 940px; height: 628px;\" data-original-width=\"940\" data-original-height=\"628\" > <div class=\"tiled-gallery-item tiled-gallery-item-large\" itemprop=\"associatedMedia\" itemscope itemtype=\"http:\/\/schema.org\/ImageObject\"> <a href=\"https:\/\/blogdoprosperi.com\/?attachment_id=19442\" border=\"0\" itemprop=\"url\"> <meta itemprop=\"width\" content=\"936\"> <meta itemprop=\"height\" content=\"624\"> <img decoding=\"async\" class=\"\" data-attachment-id=\"19442\" data-orig-file=\"https:\/\/blogdoprosperi.com\/wp-content\/uploads\/2016\/08\/586409122.jpg\" data-orig-size=\"594,396\" data-comments-opened=\"1\" data-image-meta=\"{&quot;aperture&quot;:&quot;0&quot;,&quot;credit&quot;:&quot;&quot;,&quot;camera&quot;:&quot;&quot;,&quot;caption&quot;:&quot;&quot;,&quot;created_timestamp&quot;:&quot;0&quot;,&quot;copyright&quot;:&quot;&quot;,&quot;focal_length&quot;:&quot;0&quot;,&quot;iso&quot;:&quot;0&quot;,&quot;shutter_speed&quot;:&quot;0&quot;,&quot;title&quot;:&quot;&quot;,&quot;orientation&quot;:&quot;0&quot;}\" data-image-title=\"586409122\" data-image-description=\"\" data-medium-file=\"https:\/\/i0.wp.com\/blogdoprosperi.com\/wp-content\/uploads\/2016\/08\/586409122.jpg?fit=567%2C378&#038;ssl=1\" data-large-file=\"https:\/\/i0.wp.com\/blogdoprosperi.com\/wp-content\/uploads\/2016\/08\/586409122.jpg?fit=594%2C396&#038;ssl=1\" src=\"https:\/\/i0.wp.com\/blogdoprosperi.com\/wp-content\/uploads\/2016\/08\/586409122.jpg?w=936&#038;h=624&#038;ssl=1\" width=\"936\" height=\"624\" loading=\"lazy\" data-original-width=\"936\" data-original-height=\"624\" itemprop=\"http:\/\/schema.org\/image\" title=\"586409122\" alt=\"586409122\" style=\"width: 936px; height: 624px;\" \/> <\/a> <\/div> <\/div> <!-- close group --> <\/div> <!-- close row --> <\/div>\n<p>&nbsp;<\/p>\n<p><strong>GIN\u00c1STICA &#8211; franc\u00eas SAMIR AIT SAID fratura a perna no salto no cavalo<\/strong><\/p>\n<p><span class=\"alignnone\"><img data-recalc-dims=\"1\" loading=\"lazy\" decoding=\"async\" data-attachment-id=\"19443\" data-permalink=\"https:\/\/blogdoprosperi.com\/?attachment_id=19443\" data-orig-file=\"https:\/\/i0.wp.com\/blogdoprosperi.com\/wp-content\/uploads\/2016\/08\/586432686.jpg?fit=594%2C396&amp;ssl=1\" data-orig-size=\"594,396\" data-comments-opened=\"1\" data-image-meta=\"{&quot;aperture&quot;:&quot;3.2&quot;,&quot;credit&quot;:&quot;Alex Livesey&quot;,&quot;camera&quot;:&quot;Canon EOS-1D X&quot;,&quot;caption&quot;:&quot;on Day 1 of the Rio 2016 Olympic Games at Rio Olympic Arena on August 6, 2016 in Rio de Janeiro, Brazil.&quot;,&quot;created_timestamp&quot;:&quot;1470496831&quot;,&quot;copyright&quot;:&quot;2016 Getty Images&quot;,&quot;focal_length&quot;:&quot;200&quot;,&quot;iso&quot;:&quot;3200&quot;,&quot;shutter_speed&quot;:&quot;0.000625&quot;,&quot;title&quot;:&quot;&quot;,&quot;orientation&quot;:&quot;1&quot;}\" data-image-title=\"586432686\" data-image-description=\"\" data-image-caption=\"&lt;p&gt;on Day 1 of the Rio 2016 Olympic Games at Rio Olympic Arena on August 6, 2016 in Rio de Janeiro, Brazil.&lt;\/p&gt;\n\" data-large-file=\"https:\/\/i0.wp.com\/blogdoprosperi.com\/wp-content\/uploads\/2016\/08\/586432686.jpg?fit=594%2C396&amp;ssl=1\" class=\"alignnone size-full wp-image-19443\" src=\"https:\/\/i0.wp.com\/blogdoprosperi.com\/wp-content\/uploads\/2016\/08\/586432686.jpg?resize=594%2C396&#038;ssl=1\" alt=\"586432686\" width=\"594\" height=\"396\" \/><\/span><\/p>\n<p><span class=\"alignnone\"><img data-recalc-dims=\"1\" loading=\"lazy\" decoding=\"async\" data-attachment-id=\"19444\" data-permalink=\"https:\/\/blogdoprosperi.com\/?attachment_id=19444\" data-orig-file=\"https:\/\/i0.wp.com\/blogdoprosperi.com\/wp-content\/uploads\/2016\/08\/586432638.jpg?fit=594%2C377&amp;ssl=1\" data-orig-size=\"594,377\" data-comments-opened=\"1\" data-image-meta=\"{&quot;aperture&quot;:&quot;4&quot;,&quot;credit&quot;:&quot;Scott Halleran&quot;,&quot;camera&quot;:&quot;Canon EOS-1D X Mark II&quot;,&quot;caption&quot;:&quot;on Day 1 of the Rio 2016 Olympic Games at Rio Olympic Arena on August 6, 2016 in Rio de Janeiro, Brazil.&quot;,&quot;created_timestamp&quot;:&quot;1470496818&quot;,&quot;copyright&quot;:&quot;2016 Getty Images&quot;,&quot;focal_length&quot;:&quot;200&quot;,&quot;iso&quot;:&quot;2000&quot;,&quot;shutter_speed&quot;:&quot;0.0008&quot;,&quot;title&quot;:&quot;&quot;,&quot;orientation&quot;:&quot;1&quot;}\" data-image-title=\"586432638\" data-image-description=\"\" data-image-caption=\"&lt;p&gt;on Day 1 of the Rio 2016 Olympic Games at Rio Olympic Arena on August 6, 2016 in Rio de Janeiro, Brazil.&lt;\/p&gt;\n\" data-large-file=\"https:\/\/i0.wp.com\/blogdoprosperi.com\/wp-content\/uploads\/2016\/08\/586432638.jpg?fit=594%2C377&amp;ssl=1\" class=\"alignnone size-full wp-image-19444\" src=\"https:\/\/i0.wp.com\/blogdoprosperi.com\/wp-content\/uploads\/2016\/08\/586432638.jpg?resize=594%2C377&#038;ssl=1\" alt=\"586432638\" width=\"594\" height=\"377\" \/><\/span><\/p>\n","protected":false},"excerpt":{"rendered":"<p>Esporte \u00e9 feito de dor e prazer. Se chora por vit\u00f3rias e derrotas. Um segundo pode ser uma [&hellip;]<\/p>\n","protected":false},"author":102107496,"featured_media":0,"comment_status":"open","ping_status":"open","sticky":false,"template":"","format":"standard","meta":{"_coblocks_attr":"","_coblocks_dimensions":"","_coblocks_responsive_height":"","_coblocks_accordion_ie_support":"","_jetpack_newsletter_access":"","_jetpack_dont_email_post_to_subs":false,"_jetpack_newsletter_tier_id":0,"_jetpack_memberships_contains_paywalled_content":false,"_wpcom_ai_launchpad_first_post":false,"_jetpack_feature_clip_id":0,"_jetpack_memberships_contains_paid_content":false,"footnotes":"","jetpack_publicize_message":"","jetpack_publicize_feature_enabled":true,"jetpack_social_post_already_shared":false,"jetpack_social_options":{"image_generator_settings":{"template":"highway","default_image_id":0,"font":"","enabled":false},"version":2},"jetpack_post_was_ever_published":false},"categories":[77187843],"tags":[1446777,28999373,168709419,401143,70642711,36097,192540322,163499278,26786107,527863694],"class_list":["post-19421","post","type-post","status-publish","format-standard","hentry","category-olimpiada-do-rio","tag-diego-hypolito","tag-felipe-kitadai","tag-felipe-wu","tag-ginastica","tag-jogos-do-rio","tag-judo","tag-olimpiada-do-rio-2016","tag-samir-ait-said","tag-sarah-menezes","tag-tiro-rio-2016"],"yoast_head":"<!-- This site is optimized with the Yoast SEO plugin v28.3 - https:\/\/yoast.com\/product\/yoast-seo-wordpress\/ -->\n<title>L\u00e1grimas de dor e alegria no primeiro dia dos Jogos do Rio 2016 - PR\u00d3SPERI NEWS<\/title>\n<meta name=\"robots\" content=\"index, follow, max-snippet:-1, max-image-preview:large, max-video-preview:-1\" \/>\n<link rel=\"canonical\" href=\"https:\/\/blogdoprosperi.com\/?p=19421\" \/>\n<meta property=\"og:locale\" content=\"pt_BR\" \/>\n<meta property=\"og:type\" content=\"article\" \/>\n<meta property=\"og:title\" content=\"L\u00e1grimas de dor e alegria no primeiro dia dos Jogos do Rio 2016 - PR\u00d3SPERI NEWS\" \/>\n<meta property=\"og:description\" content=\"Esporte \u00e9 feito de dor e prazer. Se chora por vit\u00f3rias e derrotas. Um segundo pode ser uma [&hellip;]\" \/>\n<meta property=\"og:url\" content=\"https:\/\/blogdoprosperi.com\/?p=19421\" \/>\n<meta property=\"og:site_name\" content=\"PR\u00d3SPERI NEWS\" \/>\n<meta property=\"article:publisher\" content=\"Luiz Pr\u00f3speri\" \/>\n<meta property=\"article:author\" content=\"Luiz Pr\u00f3speri\" \/>\n<meta property=\"article:published_time\" content=\"2016-08-06T21:41:38+00:00\" \/>\n<meta property=\"article:modified_time\" content=\"2016-08-06T21:47:24+00:00\" \/>\n<meta property=\"og:image\" content=\"https:\/\/i0.wp.com\/blogdoprosperi.com\/wp-content\/uploads\/2016\/08\/xxyohlkd.jpg?w=652&#038;h=411&#038;ssl=1\" \/>\n<meta name=\"author\" content=\"Luiz Ant\u00f4nio Pr\u00f3speri\" \/>\n<meta name=\"twitter:card\" content=\"summary_large_image\" \/>\n<meta name=\"twitter:creator\" content=\"@Luizprosperi\" \/>\n<meta name=\"twitter:site\" content=\"@Luizprosperi\" \/>\n<meta name=\"twitter:label1\" content=\"Escrito por\" \/>\n\t<meta name=\"twitter:data1\" content=\"Luiz Ant\u00f4nio Pr\u00f3speri\" \/>\n\t<meta name=\"twitter:label2\" content=\"Est. tempo de leitura\" \/>\n\t<meta name=\"twitter:data2\" content=\"1 minuto\" \/>\n<script type=\"application\/ld+json\" class=\"yoast-schema-graph\">{\"@context\":\"https:\\\/\\\/schema.org\",\"@graph\":[{\"@type\":\"Article\",\"@id\":\"https:\\\/\\\/blogdoprosperi.com\\\/?p=19421#article\",\"isPartOf\":{\"@id\":\"https:\\\/\\\/blogdoprosperi.com\\\/?p=19421\"},\"author\":{\"name\":\"Luiz Ant\u00f4nio Pr\u00f3speri\",\"@id\":\"https:\\\/\\\/blogdoprosperi.com\\\/#\\\/schema\\\/person\\\/38100755ce3601861ee4fab9b5aa78e9\"},\"headline\":\"L\u00e1grimas de dor e alegria no primeiro dia dos Jogos do Rio 2016\",\"datePublished\":\"2016-08-06T21:41:38+00:00\",\"dateModified\":\"2016-08-06T21:47:24+00:00\",\"mainEntityOfPage\":{\"@id\":\"https:\\\/\\\/blogdoprosperi.com\\\/?p=19421\"},\"wordCount\":194,\"commentCount\":2,\"publisher\":{\"@id\":\"https:\\\/\\\/blogdoprosperi.com\\\/#\\\/schema\\\/person\\\/38100755ce3601861ee4fab9b5aa78e9\"},\"image\":{\"@id\":\"https:\\\/\\\/blogdoprosperi.com\\\/?p=19421#primaryimage\"},\"thumbnailUrl\":\"https:\\\/\\\/blogdoprosperi.com\\\/wp-content\\\/uploads\\\/2016\\\/08\\\/628450-970x600-1.jpeg\",\"keywords\":[\"Diego Hypolito\",\"Felipe Kitadai\",\"Felipe Wu\",\"Gin\u00e1stica\",\"Jogos do Rio\",\"Jud\u00f4\",\"Olimp\u00edada do Rio-2016\",\"Samir Ait Said\",\"Sarah Menezes\",\"Tiro Rio 2016\"],\"articleSection\":[\"Olimp\u00edada do Rio\"],\"inLanguage\":\"pt-BR\",\"potentialAction\":[{\"@type\":\"CommentAction\",\"name\":\"Comment\",\"target\":[\"https:\\\/\\\/blogdoprosperi.com\\\/?p=19421#respond\"]}]},{\"@type\":\"WebPage\",\"@id\":\"https:\\\/\\\/blogdoprosperi.com\\\/?p=19421\",\"url\":\"https:\\\/\\\/blogdoprosperi.com\\\/?p=19421\",\"name\":\"L\u00e1grimas de dor e alegria no primeiro dia dos Jogos do Rio 2016 - PR\u00d3SPERI NEWS\",\"isPartOf\":{\"@id\":\"https:\\\/\\\/blogdoprosperi.com\\\/#website\"},\"primaryImageOfPage\":{\"@id\":\"https:\\\/\\\/blogdoprosperi.com\\\/?p=19421#primaryimage\"},\"image\":{\"@id\":\"https:\\\/\\\/blogdoprosperi.com\\\/?p=19421#primaryimage\"},\"thumbnailUrl\":\"https:\\\/\\\/blogdoprosperi.com\\\/wp-content\\\/uploads\\\/2016\\\/08\\\/628450-970x600-1.jpeg\",\"datePublished\":\"2016-08-06T21:41:38+00:00\",\"dateModified\":\"2016-08-06T21:47:24+00:00\",\"breadcrumb\":{\"@id\":\"https:\\\/\\\/blogdoprosperi.com\\\/?p=19421#breadcrumb\"},\"inLanguage\":\"pt-BR\",\"potentialAction\":[{\"@type\":\"ReadAction\",\"target\":[\"https:\\\/\\\/blogdoprosperi.com\\\/?p=19421\"]}]},{\"@type\":\"ImageObject\",\"inLanguage\":\"pt-BR\",\"@id\":\"https:\\\/\\\/blogdoprosperi.com\\\/?p=19421#primaryimage\",\"url\":\"https:\\\/\\\/i0.wp.com\\\/blogdoprosperi.com\\\/wp-content\\\/uploads\\\/2016\\\/08\\\/628450-970x600-1.jpeg?fit=970%2C600&ssl=1\",\"contentUrl\":\"https:\\\/\\\/i0.wp.com\\\/blogdoprosperi.com\\\/wp-content\\\/uploads\\\/2016\\\/08\\\/628450-970x600-1.jpeg?fit=970%2C600&ssl=1\",\"width\":970,\"height\":600},{\"@type\":\"BreadcrumbList\",\"@id\":\"https:\\\/\\\/blogdoprosperi.com\\\/?p=19421#breadcrumb\",\"itemListElement\":[{\"@type\":\"ListItem\",\"position\":1,\"name\":\"In\u00edcio\",\"item\":\"https:\\\/\\\/blogdoprosperi.com\\\/\"},{\"@type\":\"ListItem\",\"position\":2,\"name\":\"L\u00e1grimas de dor e alegria no primeiro dia dos Jogos do Rio 2016\"}]},{\"@type\":\"WebSite\",\"@id\":\"https:\\\/\\\/blogdoprosperi.com\\\/#website\",\"url\":\"https:\\\/\\\/blogdoprosperi.com\\\/\",\"name\":\"PR\u00d3SPERI NEWS\",\"description\":\"TUDO \u00c9  FUTEBOL\",\"publisher\":{\"@id\":\"https:\\\/\\\/blogdoprosperi.com\\\/#\\\/schema\\\/person\\\/38100755ce3601861ee4fab9b5aa78e9\"},\"alternateName\":\"blogdoprosperi.com\",\"potentialAction\":[{\"@type\":\"SearchAction\",\"target\":{\"@type\":\"EntryPoint\",\"urlTemplate\":\"https:\\\/\\\/blogdoprosperi.com\\\/?s={search_term_string}\"},\"query-input\":{\"@type\":\"PropertyValueSpecification\",\"valueRequired\":true,\"valueName\":\"search_term_string\"}}],\"inLanguage\":\"pt-BR\"},{\"@type\":[\"Person\",\"Organization\"],\"@id\":\"https:\\\/\\\/blogdoprosperi.com\\\/#\\\/schema\\\/person\\\/38100755ce3601861ee4fab9b5aa78e9\",\"name\":\"Luiz Ant\u00f4nio Pr\u00f3speri\",\"pronouns\":\"ele\",\"image\":{\"@type\":\"ImageObject\",\"inLanguage\":\"pt-BR\",\"@id\":\"https:\\\/\\\/i0.wp.com\\\/blogdoprosperi.com\\\/wp-content\\\/uploads\\\/2026\\\/05\\\/cropped-8059e613-6002-42fa-961e-8e275f575d71-2-5.jpg?fit=1360%2C931&ssl=1\",\"url\":\"https:\\\/\\\/i0.wp.com\\\/blogdoprosperi.com\\\/wp-content\\\/uploads\\\/2026\\\/05\\\/cropped-8059e613-6002-42fa-961e-8e275f575d71-2-5.jpg?fit=1360%2C931&ssl=1\",\"contentUrl\":\"https:\\\/\\\/i0.wp.com\\\/blogdoprosperi.com\\\/wp-content\\\/uploads\\\/2026\\\/05\\\/cropped-8059e613-6002-42fa-961e-8e275f575d71-2-5.jpg?fit=1360%2C931&ssl=1\",\"width\":1360,\"height\":931,\"caption\":\"Luiz Ant\u00f4nio Pr\u00f3speri\"},\"logo\":{\"@id\":\"https:\\\/\\\/i0.wp.com\\\/blogdoprosperi.com\\\/wp-content\\\/uploads\\\/2026\\\/05\\\/cropped-8059e613-6002-42fa-961e-8e275f575d71-2-5.jpg?fit=1360%2C931&ssl=1\"},\"description\":\"Jornalista com carreira dedicada ao esporte. Cobriu 9 Copas do Mundo in loco, 1990 na It\u00e1lia, 1994 nos EUA, 1998 na Fran\u00e7a, 2002 na Coreia do Sul e Jap\u00e3o, 2006 na Alemanha, 2010 na \u00c1frica do Sul, 2014 no Brasil, 2018 na R\u00fassia e 2022 no Qatar. Eurocopas, 1992 na Su\u00e9cia e 1996 na Inglaterra. Copa das Confedera\u00e7\u00f5es de 2005 na Alemanha e 2009 na \u00c1frica do Sul. Rep\u00f3rter e Editor, trabalhou no Jornal da Tarde e Estad\u00e3o, de 1984 a fevereiro de 2016. Colunista, blogueiro. E comentarista de futebol na R\u00e1dio Estad\u00e3o, de 2013 a fevereiro de 2016. Jornalista respons\u00e1vel do \\\"Pr\u00f3speri News\\\" (blogdoprosperi.com).\",\"sameAs\":[\"http:\\\/\\\/blogdoprosperi.com\",\"Luiz Pr\u00f3speri\",\"@luiz_prosperi\",\"https:\\\/\\\/x.com\\\/Luizprosperi\",\"@prosperinacopa\",\"luiz.prosperi@icloud.com\"],\"url\":\"https:\\\/\\\/blogdoprosperi.com\\\/?author=102107496\"}]}<\/script>\n<!-- \/ Yoast SEO plugin. -->","yoast_head_json":{"title":"L\u00e1grimas de dor e alegria no primeiro dia dos Jogos do Rio 2016 - PR\u00d3SPERI NEWS","robots":{"index":"index","follow":"follow","max-snippet":"max-snippet:-1","max-image-preview":"max-image-preview:large","max-video-preview":"max-video-preview:-1"},"canonical":"https:\/\/blogdoprosperi.com\/?p=19421","og_locale":"pt_BR","og_type":"article","og_title":"L\u00e1grimas de dor e alegria no primeiro dia dos Jogos do Rio 2016 - PR\u00d3SPERI NEWS","og_description":"Esporte \u00e9 feito de dor e prazer. Se chora por vit\u00f3rias e derrotas. Um segundo pode ser uma [&hellip;]","og_url":"https:\/\/blogdoprosperi.com\/?p=19421","og_site_name":"PR\u00d3SPERI NEWS","article_publisher":"Luiz Pr\u00f3speri","article_author":"Luiz Pr\u00f3speri","article_published_time":"2016-08-06T21:41:38+00:00","article_modified_time":"2016-08-06T21:47:24+00:00","og_image":[{"url":"https:\/\/i0.wp.com\/blogdoprosperi.com\/wp-content\/uploads\/2016\/08\/xxyohlkd.jpg?w=652&#038;h=411&#038;ssl=1","type":"","width":"","height":""}],"author":"Luiz Ant\u00f4nio Pr\u00f3speri","twitter_card":"summary_large_image","twitter_creator":"@Luizprosperi","twitter_site":"@Luizprosperi","twitter_misc":{"Escrito por":"Luiz Ant\u00f4nio Pr\u00f3speri","Est. tempo de leitura":"1 minuto"},"schema":{"@context":"https:\/\/schema.org","@graph":[{"@type":"Article","@id":"https:\/\/blogdoprosperi.com\/?p=19421#article","isPartOf":{"@id":"https:\/\/blogdoprosperi.com\/?p=19421"},"author":{"name":"Luiz Ant\u00f4nio Pr\u00f3speri","@id":"https:\/\/blogdoprosperi.com\/#\/schema\/person\/38100755ce3601861ee4fab9b5aa78e9"},"headline":"L\u00e1grimas de dor e alegria no primeiro dia dos Jogos do Rio 2016","datePublished":"2016-08-06T21:41:38+00:00","dateModified":"2016-08-06T21:47:24+00:00","mainEntityOfPage":{"@id":"https:\/\/blogdoprosperi.com\/?p=19421"},"wordCount":194,"commentCount":2,"publisher":{"@id":"https:\/\/blogdoprosperi.com\/#\/schema\/person\/38100755ce3601861ee4fab9b5aa78e9"},"image":{"@id":"https:\/\/blogdoprosperi.com\/?p=19421#primaryimage"},"thumbnailUrl":"https:\/\/blogdoprosperi.com\/wp-content\/uploads\/2016\/08\/628450-970x600-1.jpeg","keywords":["Diego Hypolito","Felipe Kitadai","Felipe Wu","Gin\u00e1stica","Jogos do Rio","Jud\u00f4","Olimp\u00edada do Rio-2016","Samir Ait Said","Sarah Menezes","Tiro Rio 2016"],"articleSection":["Olimp\u00edada do Rio"],"inLanguage":"pt-BR","potentialAction":[{"@type":"CommentAction","name":"Comment","target":["https:\/\/blogdoprosperi.com\/?p=19421#respond"]}]},{"@type":"WebPage","@id":"https:\/\/blogdoprosperi.com\/?p=19421","url":"https:\/\/blogdoprosperi.com\/?p=19421","name":"L\u00e1grimas de dor e alegria no primeiro dia dos Jogos do Rio 2016 - PR\u00d3SPERI NEWS","isPartOf":{"@id":"https:\/\/blogdoprosperi.com\/#website"},"primaryImageOfPage":{"@id":"https:\/\/blogdoprosperi.com\/?p=19421#primaryimage"},"image":{"@id":"https:\/\/blogdoprosperi.com\/?p=19421#primaryimage"},"thumbnailUrl":"https:\/\/blogdoprosperi.com\/wp-content\/uploads\/2016\/08\/628450-970x600-1.jpeg","datePublished":"2016-08-06T21:41:38+00:00","dateModified":"2016-08-06T21:47:24+00:00","breadcrumb":{"@id":"https:\/\/blogdoprosperi.com\/?p=19421#breadcrumb"},"inLanguage":"pt-BR","potentialAction":[{"@type":"ReadAction","target":["https:\/\/blogdoprosperi.com\/?p=19421"]}]},{"@type":"ImageObject","inLanguage":"pt-BR","@id":"https:\/\/blogdoprosperi.com\/?p=19421#primaryimage","url":"https:\/\/i0.wp.com\/blogdoprosperi.com\/wp-content\/uploads\/2016\/08\/628450-970x600-1.jpeg?fit=970%2C600&ssl=1","contentUrl":"https:\/\/i0.wp.com\/blogdoprosperi.com\/wp-content\/uploads\/2016\/08\/628450-970x600-1.jpeg?fit=970%2C600&ssl=1","width":970,"height":600},{"@type":"BreadcrumbList","@id":"https:\/\/blogdoprosperi.com\/?p=19421#breadcrumb","itemListElement":[{"@type":"ListItem","position":1,"name":"In\u00edcio","item":"https:\/\/blogdoprosperi.com\/"},{"@type":"ListItem","position":2,"name":"L\u00e1grimas de dor e alegria no primeiro dia dos Jogos do Rio 2016"}]},{"@type":"WebSite","@id":"https:\/\/blogdoprosperi.com\/#website","url":"https:\/\/blogdoprosperi.com\/","name":"PR\u00d3SPERI NEWS","description":"TUDO \u00c9  FUTEBOL","publisher":{"@id":"https:\/\/blogdoprosperi.com\/#\/schema\/person\/38100755ce3601861ee4fab9b5aa78e9"},"alternateName":"blogdoprosperi.com","potentialAction":[{"@type":"SearchAction","target":{"@type":"EntryPoint","urlTemplate":"https:\/\/blogdoprosperi.com\/?s={search_term_string}"},"query-input":{"@type":"PropertyValueSpecification","valueRequired":true,"valueName":"search_term_string"}}],"inLanguage":"pt-BR"},{"@type":["Person","Organization"],"@id":"https:\/\/blogdoprosperi.com\/#\/schema\/person\/38100755ce3601861ee4fab9b5aa78e9","name":"Luiz Ant\u00f4nio Pr\u00f3speri","pronouns":"ele","image":{"@type":"ImageObject","inLanguage":"pt-BR","@id":"https:\/\/i0.wp.com\/blogdoprosperi.com\/wp-content\/uploads\/2026\/05\/cropped-8059e613-6002-42fa-961e-8e275f575d71-2-5.jpg?fit=1360%2C931&ssl=1","url":"https:\/\/i0.wp.com\/blogdoprosperi.com\/wp-content\/uploads\/2026\/05\/cropped-8059e613-6002-42fa-961e-8e275f575d71-2-5.jpg?fit=1360%2C931&ssl=1","contentUrl":"https:\/\/i0.wp.com\/blogdoprosperi.com\/wp-content\/uploads\/2026\/05\/cropped-8059e613-6002-42fa-961e-8e275f575d71-2-5.jpg?fit=1360%2C931&ssl=1","width":1360,"height":931,"caption":"Luiz Ant\u00f4nio Pr\u00f3speri"},"logo":{"@id":"https:\/\/i0.wp.com\/blogdoprosperi.com\/wp-content\/uploads\/2026\/05\/cropped-8059e613-6002-42fa-961e-8e275f575d71-2-5.jpg?fit=1360%2C931&ssl=1"},"description":"Jornalista com carreira dedicada ao esporte. Cobriu 9 Copas do Mundo in loco, 1990 na It\u00e1lia, 1994 nos EUA, 1998 na Fran\u00e7a, 2002 na Coreia do Sul e Jap\u00e3o, 2006 na Alemanha, 2010 na \u00c1frica do Sul, 2014 no Brasil, 2018 na R\u00fassia e 2022 no Qatar. Eurocopas, 1992 na Su\u00e9cia e 1996 na Inglaterra. Copa das Confedera\u00e7\u00f5es de 2005 na Alemanha e 2009 na \u00c1frica do Sul. Rep\u00f3rter e Editor, trabalhou no Jornal da Tarde e Estad\u00e3o, de 1984 a fevereiro de 2016. Colunista, blogueiro. E comentarista de futebol na R\u00e1dio Estad\u00e3o, de 2013 a fevereiro de 2016. Jornalista respons\u00e1vel do \"Pr\u00f3speri News\" (blogdoprosperi.com).","sameAs":["http:\/\/blogdoprosperi.com","Luiz Pr\u00f3speri","@luiz_prosperi","https:\/\/x.com\/Luizprosperi","@prosperinacopa","luiz.prosperi@icloud.com"],"url":"https:\/\/blogdoprosperi.com\/?author=102107496"}]}},"jetpack_publicize_connections":[],"jetpack_likes_enabled":false,"jetpack_sharing_enabled":true,"jetpack_shortlink":"https:\/\/wp.me\/p7jvdk-53f","jetpack-related-posts":[{"id":19850,"url":"https:\/\/blogdoprosperi.com\/?p=19850","url_meta":{"origin":19421,"position":0},"title":"Dor de Djokovic e beijo de Phelps no ouro marcam segundo dia dos Jogos do Rio 2016","author":"Luiz Ant\u00f4nio Pr\u00f3speri","date":"8 de agosto de 2016","format":false,"excerpt":"\u00a0 Segundo dia de competi\u00e7\u00f5es dos Jogos do Rio marcou alegrias e tristezas de campe\u00f5es, a consagra\u00e7\u00e3o de um mito e um fato hist\u00f3rico de uma jovem na\u00e7\u00e3o. Imagens do s\u00e9rvio Novak Djokovic chorando ao ser eliminado no torneio de t\u00eanis pelo argentino Del Potro comoveram o mundo. O tenista\u2026","rel":"","context":"Em &quot;futebol&quot;","block_context":{"text":"futebol","link":"https:\/\/blogdoprosperi.com\/?cat=53870"},"img":{"alt_text":"","src":"https:\/\/i0.wp.com\/blogdoprosperi.com\/wp-content\/uploads\/2016\/08\/16220936.jpeg?resize=350%2C200","width":350,"height":200,"srcset":"https:\/\/i0.wp.com\/blogdoprosperi.com\/wp-content\/uploads\/2016\/08\/16220936.jpeg?resize=350%2C200 1x, https:\/\/i0.wp.com\/blogdoprosperi.com\/wp-content\/uploads\/2016\/08\/16220936.jpeg?resize=525%2C300 1.5x"},"classes":[]},{"id":18950,"url":"https:\/\/blogdoprosperi.com\/?p=18950","url_meta":{"origin":19421,"position":1},"title":"Neymar n\u00e3o reage e se afoga junto da Sele\u00e7\u00e3o Ol\u00edmpica na estreia nos Jogos do Rio","author":"Luiz Ant\u00f4nio Pr\u00f3speri","date":"4 de agosto de 2016","format":false,"excerpt":"\u00a0 Sele\u00e7\u00e3o Ol\u00edmpica n\u00e3o encanta, apenas empata sem gols com a \u00c1frica do Sul e sai vaiada por parte da torcida na estreia nos Jogos do Rio 2016 no est\u00e1dio Man\u00e9 Garrincha. Tem raz\u00e3o o torcedor. Em nenhum momento do jogo o Brasil arrancou suspiros. Neymar atuou como um principiante,\u2026","rel":"","context":"Em &quot;futebol&quot;","block_context":{"text":"futebol","link":"https:\/\/blogdoprosperi.com\/?cat=53870"},"img":{"alt_text":"","src":"https:\/\/i0.wp.com\/blogdoprosperi.com\/wp-content\/uploads\/2016\/08\/pro-121.jpg?resize=350%2C200&ssl=1","width":350,"height":200,"srcset":"https:\/\/i0.wp.com\/blogdoprosperi.com\/wp-content\/uploads\/2016\/08\/pro-121.jpg?resize=350%2C200&ssl=1 1x, https:\/\/i0.wp.com\/blogdoprosperi.com\/wp-content\/uploads\/2016\/08\/pro-121.jpg?resize=525%2C300&ssl=1 1.5x, https:\/\/i0.wp.com\/blogdoprosperi.com\/wp-content\/uploads\/2016\/08\/pro-121.jpg?resize=700%2C400&ssl=1 2x, https:\/\/i0.wp.com\/blogdoprosperi.com\/wp-content\/uploads\/2016\/08\/pro-121.jpg?resize=1050%2C600&ssl=1 3x, https:\/\/i0.wp.com\/blogdoprosperi.com\/wp-content\/uploads\/2016\/08\/pro-121.jpg?resize=1400%2C800&ssl=1 4x"},"classes":[]},{"id":22216,"url":"https:\/\/blogdoprosperi.com\/?p=22216","url_meta":{"origin":19421,"position":2},"title":"Uma Olimp\u00edada nunca acaba","author":"Luiz Ant\u00f4nio Pr\u00f3speri","date":"22 de agosto de 2016","format":false,"excerpt":"Passei as \u00faltimas sete Olimp\u00edadas dentro da reda\u00e7\u00e3o de um jornal. Da primeira, em 1988 no Jornal da Tarde, at\u00e9 2012 no Estad\u00e3o. Compartilhei o trabalho de reportagens, edi\u00e7\u00e3o e organiza\u00e7\u00e3o de grandes coberturas desses Jogos ao lado de companheiros valorosos, jornalistas de primeira grandeza. N\u00e3o raro me emocionei com\u2026","rel":"","context":"Em &quot;futebol&quot;","block_context":{"text":"futebol","link":"https:\/\/blogdoprosperi.com\/?cat=53870"},"img":{"alt_text":"","src":"https:\/\/i0.wp.com\/blogdoprosperi.com\/wp-content\/uploads\/2016\/08\/pro3-16.jpg?resize=350%2C200&ssl=1","width":350,"height":200,"srcset":"https:\/\/i0.wp.com\/blogdoprosperi.com\/wp-content\/uploads\/2016\/08\/pro3-16.jpg?resize=350%2C200&ssl=1 1x, https:\/\/i0.wp.com\/blogdoprosperi.com\/wp-content\/uploads\/2016\/08\/pro3-16.jpg?resize=525%2C300&ssl=1 1.5x, https:\/\/i0.wp.com\/blogdoprosperi.com\/wp-content\/uploads\/2016\/08\/pro3-16.jpg?resize=700%2C400&ssl=1 2x, https:\/\/i0.wp.com\/blogdoprosperi.com\/wp-content\/uploads\/2016\/08\/pro3-16.jpg?resize=1050%2C600&ssl=1 3x, https:\/\/i0.wp.com\/blogdoprosperi.com\/wp-content\/uploads\/2016\/08\/pro3-16.jpg?resize=1400%2C800&ssl=1 4x"},"classes":[]},{"id":21372,"url":"https:\/\/blogdoprosperi.com\/?p=21372","url_meta":{"origin":19421,"position":3},"title":"&#8220;Terror&#8221; de Salvador morde ouro nos Jogos do Rio e faz hist\u00f3ria","author":"Luiz Ant\u00f4nio Pr\u00f3speri","date":"16 de agosto de 2016","format":false,"excerpt":"A vontade de lutar est\u00e1 em seu sangue. Depois arrumar algumas brigas nas ruas de Salvador, Robson decidiu treinar Boxe para melhorar suas habilidades para brigar. Mas o efeito foi inverso. Aprendeu que brigar na rua n\u00e3o faz sentido e utilizou o seu dom dentro dos ringues, desde os 13\u2026","rel":"","context":"Em &quot;futebol&quot;","block_context":{"text":"futebol","link":"https:\/\/blogdoprosperi.com\/?cat=53870"},"img":{"alt_text":"","src":"https:\/\/i0.wp.com\/blogdoprosperi.com\/wp-content\/uploads\/2016\/08\/x4b2gkm7.jpg?resize=350%2C200","width":350,"height":200,"srcset":"https:\/\/i0.wp.com\/blogdoprosperi.com\/wp-content\/uploads\/2016\/08\/x4b2gkm7.jpg?resize=350%2C200 1x, https:\/\/i0.wp.com\/blogdoprosperi.com\/wp-content\/uploads\/2016\/08\/x4b2gkm7.jpg?resize=525%2C300 1.5x, https:\/\/i0.wp.com\/blogdoprosperi.com\/wp-content\/uploads\/2016\/08\/x4b2gkm7.jpg?resize=700%2C400 2x"},"classes":[]},{"id":21517,"url":"https:\/\/blogdoprosperi.com\/?p=21517","url_meta":{"origin":19421,"position":4},"title":"Sele\u00e7\u00e3o Ol\u00edmpica consagra Neymar e Gabriel Jesus e vai encarar Alemanha na disputa do ouro","author":"Luiz Ant\u00f4nio Pr\u00f3speri","date":"17 de agosto de 2016","format":false,"excerpt":"Duro \u00e9 convencer a torcida brasileira de que os alem\u00e3es n\u00e3o merecem levar uma sova na final dos Jogos do Rio 2016 Brasil se reconciliou com seu futebol, t\u00e3o maltratado nos \u00faltimos tempos, ao despachar Honduras por 6 a 0 na semifinal dos Jogos do Rio. H\u00e1 quem possa argumentar\u2026","rel":"","context":"Em &quot;futebol&quot;","block_context":{"text":"futebol","link":"https:\/\/blogdoprosperi.com\/?cat=53870"},"img":{"alt_text":"","src":"https:\/\/i0.wp.com\/blogdoprosperi.com\/wp-content\/uploads\/2016\/08\/u9kmit0v.jpg?resize=350%2C200&ssl=1","width":350,"height":200,"srcset":"https:\/\/i0.wp.com\/blogdoprosperi.com\/wp-content\/uploads\/2016\/08\/u9kmit0v.jpg?resize=350%2C200&ssl=1 1x, https:\/\/i0.wp.com\/blogdoprosperi.com\/wp-content\/uploads\/2016\/08\/u9kmit0v.jpg?resize=525%2C300&ssl=1 1.5x"},"classes":[]},{"id":1857,"url":"https:\/\/blogdoprosperi.com\/?p=1857","url_meta":{"origin":19421,"position":5},"title":"Cesar Cielo est\u00e1 fora da Olimp\u00edada do Rio e pede desculpas","author":"Luiz Ant\u00f4nio Pr\u00f3speri","date":"20 de abril de 2016","format":false,"excerpt":"\u00a0 Com perd\u00e3o dos leitores deste blog exclusivo de futebol, registro aqui a bomba desta quarta-feira, 20\/4, nos esportes ol\u00edmpicos. A not\u00edcia n\u00e3o \u00e9 boa. O campe\u00e3o Cesar Cielo n\u00e3o conseguiu \u00edndice para nadar na Olimp\u00edada do Rio, de 5 a 21 de agosto. O Brasil perde uma de suas\u2026","rel":"","context":"Em &quot;Sem categoria&quot;","block_context":{"text":"Sem categoria","link":"https:\/\/blogdoprosperi.com\/?cat=5078"},"img":{"alt_text":"","src":"https:\/\/i0.wp.com\/blogdoprosperi.com\/wp-content\/uploads\/2016\/04\/cielo-trofeu-maria-lenk-rio-2016.jpg?resize=350%2C200&ssl=1","width":350,"height":200,"srcset":"https:\/\/i0.wp.com\/blogdoprosperi.com\/wp-content\/uploads\/2016\/04\/cielo-trofeu-maria-lenk-rio-2016.jpg?resize=350%2C200&ssl=1 1x, https:\/\/i0.wp.com\/blogdoprosperi.com\/wp-content\/uploads\/2016\/04\/cielo-trofeu-maria-lenk-rio-2016.jpg?resize=525%2C300&ssl=1 1.5x, https:\/\/i0.wp.com\/blogdoprosperi.com\/wp-content\/uploads\/2016\/04\/cielo-trofeu-maria-lenk-rio-2016.jpg?resize=700%2C400&ssl=1 2x"},"classes":[]}],"jetpack_featured_media_url":"","_links":{"self":[{"href":"https:\/\/blogdoprosperi.com\/index.php?rest_route=\/wp\/v2\/posts\/19421","targetHints":{"allow":["GET"]}}],"collection":[{"href":"https:\/\/blogdoprosperi.com\/index.php?rest_route=\/wp\/v2\/posts"}],"about":[{"href":"https:\/\/blogdoprosperi.com\/index.php?rest_route=\/wp\/v2\/types\/post"}],"author":[{"embeddable":true,"href":"https:\/\/blogdoprosperi.com\/index.php?rest_route=\/wp\/v2\/users\/102107496"}],"replies":[{"embeddable":true,"href":"https:\/\/blogdoprosperi.com\/index.php?rest_route=%2Fwp%2Fv2%2Fcomments&post=19421"}],"version-history":[{"count":25,"href":"https:\/\/blogdoprosperi.com\/index.php?rest_route=\/wp\/v2\/posts\/19421\/revisions"}],"predecessor-version":[{"id":19546,"href":"https:\/\/blogdoprosperi.com\/index.php?rest_route=\/wp\/v2\/posts\/19421\/revisions\/19546"}],"wp:attachment":[{"href":"https:\/\/blogdoprosperi.com\/index.php?rest_route=%2Fwp%2Fv2%2Fmedia&parent=19421"}],"wp:term":[{"taxonomy":"category","embeddable":true,"href":"https:\/\/blogdoprosperi.com\/index.php?rest_route=%2Fwp%2Fv2%2Fcategories&post=19421"},{"taxonomy":"post_tag","embeddable":true,"href":"https:\/\/blogdoprosperi.com\/index.php?rest_route=%2Fwp%2Fv2%2Ftags&post=19421"}],"curies":[{"name":"wp","href":"https:\/\/api.w.org\/{rel}","templated":true}]}}