{"id":19599,"date":"2016-08-07T18:42:34","date_gmt":"2016-08-07T21:42:34","guid":{"rendered":"http:\/\/blogdoprosperi.com\/?p=19599"},"modified":"2016-08-07T19:14:17","modified_gmt":"2016-08-07T22:14:17","slug":"palmeiras-reassume-lideranca-e-descobre-goleiro-jailson","status":"publish","type":"post","link":"https:\/\/blogdoprosperi.com\/?p=19599","title":{"rendered":"Palmeiras reassume lideran\u00e7a e descobre goleiro Ja\u00edlson"},"content":{"rendered":"<p><span class=\"alignnone\"><img data-recalc-dims=\"1\" loading=\"lazy\" decoding=\"async\" data-attachment-id=\"19678\" data-permalink=\"https:\/\/blogdoprosperi.com\/?attachment_id=19678\" data-orig-file=\"https:\/\/i0.wp.com\/blogdoprosperi.com\/wp-content\/uploads\/2016\/08\/728x409.jpeg?fit=728%2C409&amp;ssl=1\" data-orig-size=\"728,409\" data-comments-opened=\"1\" data-image-meta=\"{&quot;aperture&quot;:&quot;0&quot;,&quot;credit&quot;:&quot;&quot;,&quot;camera&quot;:&quot;&quot;,&quot;caption&quot;:&quot;&quot;,&quot;created_timestamp&quot;:&quot;0&quot;,&quot;copyright&quot;:&quot;&quot;,&quot;focal_length&quot;:&quot;0&quot;,&quot;iso&quot;:&quot;0&quot;,&quot;shutter_speed&quot;:&quot;0&quot;,&quot;title&quot;:&quot;&quot;,&quot;orientation&quot;:&quot;0&quot;}\" data-image-title=\"728&amp;#215;409\" data-image-description=\"\" data-image-caption=\"\" data-large-file=\"https:\/\/i0.wp.com\/blogdoprosperi.com\/wp-content\/uploads\/2016\/08\/728x409.jpeg?fit=728%2C409&amp;ssl=1\" class=\"alignnone size-full wp-image-19678\" src=\"https:\/\/i0.wp.com\/blogdoprosperi.com\/wp-content\/uploads\/2016\/08\/728x409.jpeg?resize=728%2C409&#038;ssl=1\" alt=\"728x409\" width=\"728\" height=\"409\" \/><\/span><\/p>\n<p>Palmeiras reassume a ponta do Campeonato Brasileiro ao derrotar o Vit\u00f3ria por 2 a 1 no Allianz Parque. Mais que devolver o time ao primeiro posto, o jogo apresentou Ja\u00edlson, novo sucessor de <a href=\"http:\/\/blogdoprosperi.com\/2016\/08\/05\/palmeiras-ainda-nao-sabe-vencer-sem-fernando-prass-e-gabriel-jesus\/\">Fernando Prass.<\/a> Esquecido como terceiro goleiro, ap\u00f3s quase um ano sem jogar por causa de uma grave les\u00e3o, <a href=\"http:\/\/blogdoprosperi.com\/2016\/08\/05\/palmeiras-esquece-academia-de-goleiros-e-procura-sucessor-de-fernando-prass\/\">Ja\u00edlson <\/a>fez pelo menos tr\u00eas defesas de impacto, uma delas evitando o empate nos minutos finais, e saiu condecorado por seus companheiros e torcida. Inevit\u00e1veis as l\u00e1grimas derramadas.<!--more--><\/p>\n<p>A jornada de Ja\u00edlson pode ser um novo marco nessa retomada do Palmeiras \u00e0 lideran\u00e7a. Nas \u00faltimas tr\u00eas partidas &#8211; derrotas para <a href=\"http:\/\/blogdoprosperi.com\/2016\/08\/04\/sao-paulo-sofre-derrota-no-adeus-a-bauza-e-torcida-nao-vai-sentir-saudade-do-argentino\/\">Atl\u00e9tico-MG<\/a> e Botafogo e empate com a Chapecoense -, Cuca havia apostado em Vagner. Inseguro, com uma falha atr\u00e1s da outra, o goleiro se mostrou incapaz de substituir Prass, que passou por cirurgia no cotovelo direito.<\/p>\n<p><span class=\"alignnone\"><img data-recalc-dims=\"1\" loading=\"lazy\" decoding=\"async\" data-attachment-id=\"19688\" data-permalink=\"https:\/\/blogdoprosperi.com\/?attachment_id=19688\" data-orig-file=\"https:\/\/i0.wp.com\/blogdoprosperi.com\/wp-content\/uploads\/2016\/08\/622_b19712f7-d62d-38a0-bb16-237abc262000.jpg?fit=622%2C350&amp;ssl=1\" data-orig-size=\"622,350\" data-comments-opened=\"1\" data-image-meta=\"{&quot;aperture&quot;:&quot;0&quot;,&quot;credit&quot;:&quot;&quot;,&quot;camera&quot;:&quot;&quot;,&quot;caption&quot;:&quot;&quot;,&quot;created_timestamp&quot;:&quot;0&quot;,&quot;copyright&quot;:&quot;&quot;,&quot;focal_length&quot;:&quot;0&quot;,&quot;iso&quot;:&quot;0&quot;,&quot;shutter_speed&quot;:&quot;0&quot;,&quot;title&quot;:&quot;&quot;,&quot;orientation&quot;:&quot;0&quot;}\" data-image-title=\"622_b19712f7-d62d-38a0-bb16-237abc262000\" data-image-description=\"\" data-image-caption=\"\" data-large-file=\"https:\/\/i0.wp.com\/blogdoprosperi.com\/wp-content\/uploads\/2016\/08\/622_b19712f7-d62d-38a0-bb16-237abc262000.jpg?fit=622%2C350&amp;ssl=1\" class=\"alignnone size-full wp-image-19688\" src=\"https:\/\/i0.wp.com\/blogdoprosperi.com\/wp-content\/uploads\/2016\/08\/622_b19712f7-d62d-38a0-bb16-237abc262000.jpg?resize=622%2C350&#038;ssl=1\" alt=\"622_b19712f7-d62d-38a0-bb16-237abc262000\" width=\"622\" height=\"350\" \/><\/span><\/p>\n<p>Prass, al\u00e9m da boa performance no campo, \u00e9 o l\u00edder deste time. Seu sucessor n\u00e3o pode se limitar a praticar boas defesas. Tem de se impor. Ja\u00edlson 35 anos, 1,86m, parece, tem esse esp\u00edrito. Em momentos cr\u00edticos contra o Vit\u00f3ria, mostrou autoridade ao cobrar seus companheiros. A continuar com essa vontade, tem tudo para se legitimar como sucessor de Fernando Prass.<\/p>\n<p><strong>AN\u00c1LISE DO JOGO<\/strong><\/p>\n<p>Palmeiras levou apenas um susto no primeiro tempo, em chute de Kieza defendido por Ja\u00edlson com os p\u00e9s. De resto, esteve absoluto. Tirou proveito da atitude covarde do Vit\u00f3ria, chegou f\u00e1cil com servi\u00e7os prestados por Mois\u00e9s, Cleiton Xavier e Dudu aos atacantes Erik e Leandro Pereira. E s\u00f3 n\u00e3o fez gols por falta de pontaria dos avantes.<\/p>\n<p>Esteve t\u00e3o superior a ponto de desperdi\u00e7ar um p\u00eanalti com Jean, que Cleiton Xavier havia sofrido. Diminuiu esse preju\u00edzo com o gol de Barrios, aos 36 &#8211; o atacante entrou no lugar de Leandro Pereira, machucado.<\/p>\n<p>No segundo tempo, ampliou com Xavier em jogada de Dudu, aos 5. Pouco depois perdeu Barrios, machucado. Rafael Marques entrou no seu lugar. Erik ainda sofreu um p\u00eanalti de Kanu, ignorado pelo \u00e1rbitro.<\/p>\n<div class=\"jetpack-video-wrapper\"><span class=\"embed-youtube\" style=\"text-align:center; display: block;\"><iframe loading=\"lazy\" class=\"youtube-player\" width=\"560\" height=\"315\" src=\"https:\/\/www.youtube.com\/embed\/1TF5VrxvmFQ?version=3&#038;rel=1&#038;showsearch=0&#038;showinfo=1&#038;iv_load_policy=1&#038;fs=1&#038;hl=pt-BR&#038;autohide=2&#038;wmode=transparent\" allowfullscreen=\"true\" style=\"border:0;\" sandbox=\"allow-scripts allow-same-origin allow-popups allow-presentation allow-popups-to-escape-sandbox\"><\/iframe><\/span><\/div>\n<p>Com 2 a 0, estava com o jogo encaminhado. A\u00ed Cuca resolveu a dar um descanso a Cleiton Xavier. Allione entrou e o time baixou a guarda, andou disperso. Deu margem \u00e0 rea\u00e7\u00e3o ao Vit\u00f3ria, que trocou aquela atitude medrosa por uma mais agressiva. Conseguiu um gol &#8211; contra de Thiago Martins &#8211; e, quando criou coragem em busca do empate, parou em Ja\u00edlson.<\/p>\n<p>A \u00faltima grande defesa do jogo foi dele. Ao espalmar de m\u00e3o trocada uma bomba desferida por Euller, Ja\u00edlson caiu estatelado com a cara na grama. Ficou ali alguns segundos saboreando, de olhos fechados, seu nome gritado pela multid\u00e3o. \u00c9 o seu recome\u00e7o no Palmeiras e, provavelmente, do time na corrida pela ta\u00e7a.<\/p>\n<blockquote><p>&#8220;Fizemos a nossa parte, em uma partida que \u00e9 complicada de se jogar. Voc\u00ea busca a autoconfian\u00e7a novamente. Nosso time \u00e9 jovem, n\u00e3o vai ver grandes lideran\u00e7as dentro do elenco. O Fernando (Prass) saiu, tem o Z\u00e9 Roberto. O que eu fiz hoje? Busquei mais uma lideran\u00e7a, o Dudu (de capit\u00e3o). Eu preciso. Foi um jogo bem jogado, voltou a ser o velho Palmeiras do come\u00e7o do campeonato, com posse de bola grande, cria\u00e7\u00e3o de jogadas&#8221;, disse Cuca.<\/p><\/blockquote>\n<p><strong>FICHA DO JOGO<\/strong><\/p>\n<p><strong>Palmeiras 2 x 1 Vit\u00f3ria<\/strong><\/p>\n<p><strong>Gols:<\/strong> Barrios, aos 36 minutos do primeiro tempo; Cleiton Xavier, aos 5; e Thiago Martins (contra), aos 30 minutos do segundo tempo.<\/p>\n<p><strong>Palmeiras:<\/strong> Ja\u00edlson, Jean, Thiago Martins, Vitor Hugo e Z\u00e9 Roberto; Tch\u00ea Tch\u00ea, Mois\u00e9s e Cleiton Xavier (Allione); Erik, Leandro Pereira (Barrios\/Rafael Marques) e Dudu. <strong>T\u00e9cnico<\/strong>: Cuca<\/p>\n<p><strong>Vit\u00f3ria<\/strong>: Fernando Miguel, Diego Renan, Kanu, Victor Ramos e Euller; Willian Farias, Welison (Serginho), Flavio (Wander) e Cadernas (Deivid); Marinho e Kieza. <strong>T\u00e9cnico<\/strong>: Vagner Mancini<\/p>\n<p><strong>Juiz:<\/strong> Braulio Machado<br \/>\n<strong>Cart\u00f5es amarelos<\/strong>: Kanu, Euller, Victor Ramos, Marinho, Tch\u00ea Tch\u00ea, Z\u00e9 Roberto<br \/>\n<strong>Renda:<\/strong> R$ 1.975.055,20<br \/>\n<strong>P\u00fablico:<\/strong> 30.330 pagantes<br \/>\n<strong>Local:<\/strong> Allianz Parque<\/p>\n<p>&nbsp;<\/p>\n","protected":false},"excerpt":{"rendered":"<p>Palmeiras reassume a ponta do Campeonato Brasileiro ao derrotar o Vit\u00f3ria por 2 a 1 no Allianz Parque. [&hellip;]<\/p>\n","protected":false},"author":102107496,"featured_media":0,"comment_status":"open","ping_status":"open","sticky":false,"template":"","format":"standard","meta":{"_coblocks_attr":"","_coblocks_dimensions":"","_coblocks_responsive_height":"","_coblocks_accordion_ie_support":"","_jetpack_newsletter_access":"","_jetpack_dont_email_post_to_subs":false,"_jetpack_newsletter_tier_id":0,"_jetpack_memberships_contains_paywalled_content":false,"_wpcom_ai_launchpad_first_post":false,"_jetpack_feature_clip_id":0,"_jetpack_memberships_contains_paid_content":false,"footnotes":"","jetpack_publicize_message":"","jetpack_publicize_feature_enabled":true,"jetpack_social_post_already_shared":false,"jetpack_social_options":{"image_generator_settings":{"template":"highway","default_image_id":0,"font":"","enabled":false},"version":2},"jetpack_post_was_ever_published":false},"categories":[355071,53870],"tags":[362595295,471113831,789560560,2777948,8328841,21293579,269877],"class_list":["post-19599","post","type-post","status-publish","format-standard","hentry","category-campeonato-brasileiro","category-futebol","tag-brasileirao-2016","tag-cuca-palmeiras","tag-futebol","tag-jailson","tag-palmeiras-clube","tag-palmeiras-x-vitoria","tag-vitoria"],"yoast_head":"<!-- This site is optimized with the Yoast SEO plugin v28.3 - https:\/\/yoast.com\/product\/yoast-seo-wordpress\/ -->\n<title>Palmeiras reassume lideran\u00e7a e descobre goleiro Ja\u00edlson - PR\u00d3SPERI NEWS<\/title>\n<meta name=\"robots\" content=\"index, follow, max-snippet:-1, max-image-preview:large, max-video-preview:-1\" \/>\n<link rel=\"canonical\" href=\"https:\/\/blogdoprosperi.com\/?p=19599\" \/>\n<meta property=\"og:locale\" content=\"pt_BR\" \/>\n<meta property=\"og:type\" content=\"article\" \/>\n<meta property=\"og:title\" content=\"Palmeiras reassume lideran\u00e7a e descobre goleiro Ja\u00edlson - PR\u00d3SPERI NEWS\" \/>\n<meta property=\"og:description\" content=\"Palmeiras reassume a ponta do Campeonato Brasileiro ao derrotar o Vit\u00f3ria por 2 a 1 no Allianz Parque. [&hellip;]\" \/>\n<meta property=\"og:url\" content=\"https:\/\/blogdoprosperi.com\/?p=19599\" \/>\n<meta property=\"og:site_name\" content=\"PR\u00d3SPERI NEWS\" \/>\n<meta property=\"article:publisher\" content=\"Luiz Pr\u00f3speri\" \/>\n<meta property=\"article:author\" content=\"Luiz Pr\u00f3speri\" \/>\n<meta property=\"article:published_time\" content=\"2016-08-07T21:42:34+00:00\" \/>\n<meta property=\"article:modified_time\" content=\"2016-08-07T22:14:17+00:00\" \/>\n<meta property=\"og:image\" content=\"https:\/\/blogdoprosperi.com\/wp-content\/uploads\/2016\/08\/728x409.jpeg\" \/>\n<meta name=\"author\" content=\"Luiz Ant\u00f4nio Pr\u00f3speri\" \/>\n<meta name=\"twitter:card\" content=\"summary_large_image\" \/>\n<meta name=\"twitter:creator\" content=\"@Luizprosperi\" \/>\n<meta name=\"twitter:site\" content=\"@Luizprosperi\" \/>\n<meta name=\"twitter:label1\" content=\"Escrito por\" \/>\n\t<meta name=\"twitter:data1\" content=\"Luiz Ant\u00f4nio Pr\u00f3speri\" \/>\n\t<meta name=\"twitter:label2\" content=\"Est. tempo de leitura\" \/>\n\t<meta name=\"twitter:data2\" content=\"3 minutos\" \/>\n<script type=\"application\/ld+json\" class=\"yoast-schema-graph\">{\"@context\":\"https:\\\/\\\/schema.org\",\"@graph\":[{\"@type\":\"Article\",\"@id\":\"https:\\\/\\\/blogdoprosperi.com\\\/?p=19599#article\",\"isPartOf\":{\"@id\":\"https:\\\/\\\/blogdoprosperi.com\\\/?p=19599\"},\"author\":{\"name\":\"Luiz Ant\u00f4nio Pr\u00f3speri\",\"@id\":\"https:\\\/\\\/blogdoprosperi.com\\\/#\\\/schema\\\/person\\\/38100755ce3601861ee4fab9b5aa78e9\"},\"headline\":\"Palmeiras reassume lideran\u00e7a e descobre goleiro Ja\u00edlson\",\"datePublished\":\"2016-08-07T21:42:34+00:00\",\"dateModified\":\"2016-08-07T22:14:17+00:00\",\"mainEntityOfPage\":{\"@id\":\"https:\\\/\\\/blogdoprosperi.com\\\/?p=19599\"},\"wordCount\":686,\"commentCount\":3,\"publisher\":{\"@id\":\"https:\\\/\\\/blogdoprosperi.com\\\/#\\\/schema\\\/person\\\/38100755ce3601861ee4fab9b5aa78e9\"},\"image\":{\"@id\":\"https:\\\/\\\/blogdoprosperi.com\\\/?p=19599#primaryimage\"},\"thumbnailUrl\":\"https:\\\/\\\/blogdoprosperi.com\\\/wp-content\\\/uploads\\\/2016\\\/08\\\/728x409.jpeg\",\"keywords\":[\"Brasileir\u00e3o-2016\",\"Cuca Palmeiras\",\"futebol\",\"Ja\u00edlson\",\"Palmeiras Clube\",\"Palmeiras x Vit\u00f3ria\",\"Vit\u00f3ria\"],\"articleSection\":[\"Campeonato Brasileiro\",\"futebol\"],\"inLanguage\":\"pt-BR\",\"potentialAction\":[{\"@type\":\"CommentAction\",\"name\":\"Comment\",\"target\":[\"https:\\\/\\\/blogdoprosperi.com\\\/?p=19599#respond\"]}]},{\"@type\":\"WebPage\",\"@id\":\"https:\\\/\\\/blogdoprosperi.com\\\/?p=19599\",\"url\":\"https:\\\/\\\/blogdoprosperi.com\\\/?p=19599\",\"name\":\"Palmeiras reassume lideran\u00e7a e descobre goleiro Ja\u00edlson - PR\u00d3SPERI NEWS\",\"isPartOf\":{\"@id\":\"https:\\\/\\\/blogdoprosperi.com\\\/#website\"},\"primaryImageOfPage\":{\"@id\":\"https:\\\/\\\/blogdoprosperi.com\\\/?p=19599#primaryimage\"},\"image\":{\"@id\":\"https:\\\/\\\/blogdoprosperi.com\\\/?p=19599#primaryimage\"},\"thumbnailUrl\":\"https:\\\/\\\/blogdoprosperi.com\\\/wp-content\\\/uploads\\\/2016\\\/08\\\/728x409.jpeg\",\"datePublished\":\"2016-08-07T21:42:34+00:00\",\"dateModified\":\"2016-08-07T22:14:17+00:00\",\"breadcrumb\":{\"@id\":\"https:\\\/\\\/blogdoprosperi.com\\\/?p=19599#breadcrumb\"},\"inLanguage\":\"pt-BR\",\"potentialAction\":[{\"@type\":\"ReadAction\",\"target\":[\"https:\\\/\\\/blogdoprosperi.com\\\/?p=19599\"]}]},{\"@type\":\"ImageObject\",\"inLanguage\":\"pt-BR\",\"@id\":\"https:\\\/\\\/blogdoprosperi.com\\\/?p=19599#primaryimage\",\"url\":\"https:\\\/\\\/i0.wp.com\\\/blogdoprosperi.com\\\/wp-content\\\/uploads\\\/2016\\\/08\\\/728x409.jpeg?fit=728%2C409&ssl=1\",\"contentUrl\":\"https:\\\/\\\/i0.wp.com\\\/blogdoprosperi.com\\\/wp-content\\\/uploads\\\/2016\\\/08\\\/728x409.jpeg?fit=728%2C409&ssl=1\",\"width\":728,\"height\":409},{\"@type\":\"BreadcrumbList\",\"@id\":\"https:\\\/\\\/blogdoprosperi.com\\\/?p=19599#breadcrumb\",\"itemListElement\":[{\"@type\":\"ListItem\",\"position\":1,\"name\":\"In\u00edcio\",\"item\":\"https:\\\/\\\/blogdoprosperi.com\\\/\"},{\"@type\":\"ListItem\",\"position\":2,\"name\":\"Palmeiras reassume lideran\u00e7a e descobre goleiro Ja\u00edlson\"}]},{\"@type\":\"WebSite\",\"@id\":\"https:\\\/\\\/blogdoprosperi.com\\\/#website\",\"url\":\"https:\\\/\\\/blogdoprosperi.com\\\/\",\"name\":\"PR\u00d3SPERI NEWS\",\"description\":\"TUDO \u00c9  FUTEBOL\",\"publisher\":{\"@id\":\"https:\\\/\\\/blogdoprosperi.com\\\/#\\\/schema\\\/person\\\/38100755ce3601861ee4fab9b5aa78e9\"},\"alternateName\":\"blogdoprosperi.com\",\"potentialAction\":[{\"@type\":\"SearchAction\",\"target\":{\"@type\":\"EntryPoint\",\"urlTemplate\":\"https:\\\/\\\/blogdoprosperi.com\\\/?s={search_term_string}\"},\"query-input\":{\"@type\":\"PropertyValueSpecification\",\"valueRequired\":true,\"valueName\":\"search_term_string\"}}],\"inLanguage\":\"pt-BR\"},{\"@type\":[\"Person\",\"Organization\"],\"@id\":\"https:\\\/\\\/blogdoprosperi.com\\\/#\\\/schema\\\/person\\\/38100755ce3601861ee4fab9b5aa78e9\",\"name\":\"Luiz Ant\u00f4nio Pr\u00f3speri\",\"pronouns\":\"ele\",\"image\":{\"@type\":\"ImageObject\",\"inLanguage\":\"pt-BR\",\"@id\":\"https:\\\/\\\/i0.wp.com\\\/blogdoprosperi.com\\\/wp-content\\\/uploads\\\/2026\\\/05\\\/cropped-8059e613-6002-42fa-961e-8e275f575d71-2-5.jpg?fit=1360%2C931&ssl=1\",\"url\":\"https:\\\/\\\/i0.wp.com\\\/blogdoprosperi.com\\\/wp-content\\\/uploads\\\/2026\\\/05\\\/cropped-8059e613-6002-42fa-961e-8e275f575d71-2-5.jpg?fit=1360%2C931&ssl=1\",\"contentUrl\":\"https:\\\/\\\/i0.wp.com\\\/blogdoprosperi.com\\\/wp-content\\\/uploads\\\/2026\\\/05\\\/cropped-8059e613-6002-42fa-961e-8e275f575d71-2-5.jpg?fit=1360%2C931&ssl=1\",\"width\":1360,\"height\":931,\"caption\":\"Luiz Ant\u00f4nio Pr\u00f3speri\"},\"logo\":{\"@id\":\"https:\\\/\\\/i0.wp.com\\\/blogdoprosperi.com\\\/wp-content\\\/uploads\\\/2026\\\/05\\\/cropped-8059e613-6002-42fa-961e-8e275f575d71-2-5.jpg?fit=1360%2C931&ssl=1\"},\"description\":\"Jornalista com carreira dedicada ao esporte. Cobriu 9 Copas do Mundo in loco, 1990 na It\u00e1lia, 1994 nos EUA, 1998 na Fran\u00e7a, 2002 na Coreia do Sul e Jap\u00e3o, 2006 na Alemanha, 2010 na \u00c1frica do Sul, 2014 no Brasil, 2018 na R\u00fassia e 2022 no Qatar. Eurocopas, 1992 na Su\u00e9cia e 1996 na Inglaterra. Copa das Confedera\u00e7\u00f5es de 2005 na Alemanha e 2009 na \u00c1frica do Sul. Rep\u00f3rter e Editor, trabalhou no Jornal da Tarde e Estad\u00e3o, de 1984 a fevereiro de 2016. Colunista, blogueiro. E comentarista de futebol na R\u00e1dio Estad\u00e3o, de 2013 a fevereiro de 2016. Jornalista respons\u00e1vel do \\\"Pr\u00f3speri News\\\" (blogdoprosperi.com).\",\"sameAs\":[\"http:\\\/\\\/blogdoprosperi.com\",\"Luiz Pr\u00f3speri\",\"@luiz_prosperi\",\"https:\\\/\\\/x.com\\\/Luizprosperi\",\"@prosperinacopa\",\"luiz.prosperi@icloud.com\"],\"url\":\"https:\\\/\\\/blogdoprosperi.com\\\/?author=102107496\"}]}<\/script>\n<!-- \/ Yoast SEO plugin. -->","yoast_head_json":{"title":"Palmeiras reassume lideran\u00e7a e descobre goleiro Ja\u00edlson - PR\u00d3SPERI NEWS","robots":{"index":"index","follow":"follow","max-snippet":"max-snippet:-1","max-image-preview":"max-image-preview:large","max-video-preview":"max-video-preview:-1"},"canonical":"https:\/\/blogdoprosperi.com\/?p=19599","og_locale":"pt_BR","og_type":"article","og_title":"Palmeiras reassume lideran\u00e7a e descobre goleiro Ja\u00edlson - PR\u00d3SPERI NEWS","og_description":"Palmeiras reassume a ponta do Campeonato Brasileiro ao derrotar o Vit\u00f3ria por 2 a 1 no Allianz Parque. [&hellip;]","og_url":"https:\/\/blogdoprosperi.com\/?p=19599","og_site_name":"PR\u00d3SPERI NEWS","article_publisher":"Luiz Pr\u00f3speri","article_author":"Luiz Pr\u00f3speri","article_published_time":"2016-08-07T21:42:34+00:00","article_modified_time":"2016-08-07T22:14:17+00:00","og_image":[{"url":"https:\/\/blogdoprosperi.com\/wp-content\/uploads\/2016\/08\/728x409.jpeg","type":"","width":"","height":""}],"author":"Luiz Ant\u00f4nio Pr\u00f3speri","twitter_card":"summary_large_image","twitter_creator":"@Luizprosperi","twitter_site":"@Luizprosperi","twitter_misc":{"Escrito por":"Luiz Ant\u00f4nio Pr\u00f3speri","Est. tempo de leitura":"3 minutos"},"schema":{"@context":"https:\/\/schema.org","@graph":[{"@type":"Article","@id":"https:\/\/blogdoprosperi.com\/?p=19599#article","isPartOf":{"@id":"https:\/\/blogdoprosperi.com\/?p=19599"},"author":{"name":"Luiz Ant\u00f4nio Pr\u00f3speri","@id":"https:\/\/blogdoprosperi.com\/#\/schema\/person\/38100755ce3601861ee4fab9b5aa78e9"},"headline":"Palmeiras reassume lideran\u00e7a e descobre goleiro Ja\u00edlson","datePublished":"2016-08-07T21:42:34+00:00","dateModified":"2016-08-07T22:14:17+00:00","mainEntityOfPage":{"@id":"https:\/\/blogdoprosperi.com\/?p=19599"},"wordCount":686,"commentCount":3,"publisher":{"@id":"https:\/\/blogdoprosperi.com\/#\/schema\/person\/38100755ce3601861ee4fab9b5aa78e9"},"image":{"@id":"https:\/\/blogdoprosperi.com\/?p=19599#primaryimage"},"thumbnailUrl":"https:\/\/blogdoprosperi.com\/wp-content\/uploads\/2016\/08\/728x409.jpeg","keywords":["Brasileir\u00e3o-2016","Cuca Palmeiras","futebol","Ja\u00edlson","Palmeiras Clube","Palmeiras x Vit\u00f3ria","Vit\u00f3ria"],"articleSection":["Campeonato Brasileiro","futebol"],"inLanguage":"pt-BR","potentialAction":[{"@type":"CommentAction","name":"Comment","target":["https:\/\/blogdoprosperi.com\/?p=19599#respond"]}]},{"@type":"WebPage","@id":"https:\/\/blogdoprosperi.com\/?p=19599","url":"https:\/\/blogdoprosperi.com\/?p=19599","name":"Palmeiras reassume lideran\u00e7a e descobre goleiro Ja\u00edlson - PR\u00d3SPERI NEWS","isPartOf":{"@id":"https:\/\/blogdoprosperi.com\/#website"},"primaryImageOfPage":{"@id":"https:\/\/blogdoprosperi.com\/?p=19599#primaryimage"},"image":{"@id":"https:\/\/blogdoprosperi.com\/?p=19599#primaryimage"},"thumbnailUrl":"https:\/\/blogdoprosperi.com\/wp-content\/uploads\/2016\/08\/728x409.jpeg","datePublished":"2016-08-07T21:42:34+00:00","dateModified":"2016-08-07T22:14:17+00:00","breadcrumb":{"@id":"https:\/\/blogdoprosperi.com\/?p=19599#breadcrumb"},"inLanguage":"pt-BR","potentialAction":[{"@type":"ReadAction","target":["https:\/\/blogdoprosperi.com\/?p=19599"]}]},{"@type":"ImageObject","inLanguage":"pt-BR","@id":"https:\/\/blogdoprosperi.com\/?p=19599#primaryimage","url":"https:\/\/i0.wp.com\/blogdoprosperi.com\/wp-content\/uploads\/2016\/08\/728x409.jpeg?fit=728%2C409&ssl=1","contentUrl":"https:\/\/i0.wp.com\/blogdoprosperi.com\/wp-content\/uploads\/2016\/08\/728x409.jpeg?fit=728%2C409&ssl=1","width":728,"height":409},{"@type":"BreadcrumbList","@id":"https:\/\/blogdoprosperi.com\/?p=19599#breadcrumb","itemListElement":[{"@type":"ListItem","position":1,"name":"In\u00edcio","item":"https:\/\/blogdoprosperi.com\/"},{"@type":"ListItem","position":2,"name":"Palmeiras reassume lideran\u00e7a e descobre goleiro Ja\u00edlson"}]},{"@type":"WebSite","@id":"https:\/\/blogdoprosperi.com\/#website","url":"https:\/\/blogdoprosperi.com\/","name":"PR\u00d3SPERI NEWS","description":"TUDO \u00c9  FUTEBOL","publisher":{"@id":"https:\/\/blogdoprosperi.com\/#\/schema\/person\/38100755ce3601861ee4fab9b5aa78e9"},"alternateName":"blogdoprosperi.com","potentialAction":[{"@type":"SearchAction","target":{"@type":"EntryPoint","urlTemplate":"https:\/\/blogdoprosperi.com\/?s={search_term_string}"},"query-input":{"@type":"PropertyValueSpecification","valueRequired":true,"valueName":"search_term_string"}}],"inLanguage":"pt-BR"},{"@type":["Person","Organization"],"@id":"https:\/\/blogdoprosperi.com\/#\/schema\/person\/38100755ce3601861ee4fab9b5aa78e9","name":"Luiz Ant\u00f4nio Pr\u00f3speri","pronouns":"ele","image":{"@type":"ImageObject","inLanguage":"pt-BR","@id":"https:\/\/i0.wp.com\/blogdoprosperi.com\/wp-content\/uploads\/2026\/05\/cropped-8059e613-6002-42fa-961e-8e275f575d71-2-5.jpg?fit=1360%2C931&ssl=1","url":"https:\/\/i0.wp.com\/blogdoprosperi.com\/wp-content\/uploads\/2026\/05\/cropped-8059e613-6002-42fa-961e-8e275f575d71-2-5.jpg?fit=1360%2C931&ssl=1","contentUrl":"https:\/\/i0.wp.com\/blogdoprosperi.com\/wp-content\/uploads\/2026\/05\/cropped-8059e613-6002-42fa-961e-8e275f575d71-2-5.jpg?fit=1360%2C931&ssl=1","width":1360,"height":931,"caption":"Luiz Ant\u00f4nio Pr\u00f3speri"},"logo":{"@id":"https:\/\/i0.wp.com\/blogdoprosperi.com\/wp-content\/uploads\/2026\/05\/cropped-8059e613-6002-42fa-961e-8e275f575d71-2-5.jpg?fit=1360%2C931&ssl=1"},"description":"Jornalista com carreira dedicada ao esporte. Cobriu 9 Copas do Mundo in loco, 1990 na It\u00e1lia, 1994 nos EUA, 1998 na Fran\u00e7a, 2002 na Coreia do Sul e Jap\u00e3o, 2006 na Alemanha, 2010 na \u00c1frica do Sul, 2014 no Brasil, 2018 na R\u00fassia e 2022 no Qatar. Eurocopas, 1992 na Su\u00e9cia e 1996 na Inglaterra. Copa das Confedera\u00e7\u00f5es de 2005 na Alemanha e 2009 na \u00c1frica do Sul. Rep\u00f3rter e Editor, trabalhou no Jornal da Tarde e Estad\u00e3o, de 1984 a fevereiro de 2016. Colunista, blogueiro. E comentarista de futebol na R\u00e1dio Estad\u00e3o, de 2013 a fevereiro de 2016. Jornalista respons\u00e1vel do \"Pr\u00f3speri News\" (blogdoprosperi.com).","sameAs":["http:\/\/blogdoprosperi.com","Luiz Pr\u00f3speri","@luiz_prosperi","https:\/\/x.com\/Luizprosperi","@prosperinacopa","luiz.prosperi@icloud.com"],"url":"https:\/\/blogdoprosperi.com\/?author=102107496"}]}},"jetpack_publicize_connections":[],"jetpack_likes_enabled":false,"jetpack_sharing_enabled":true,"jetpack_shortlink":"https:\/\/wp.me\/p7jvdk-567","jetpack-related-posts":[{"id":37356,"url":"https:\/\/blogdoprosperi.com\/?p=37356","url_meta":{"origin":19599,"position":0},"title":"Deixem minha m\u00e3e em paz","author":"Luiz Ant\u00f4nio Pr\u00f3speri","date":"27 de fevereiro de 2018","format":false,"excerpt":"Jailson \u00e9 palmeirense desde menino. Sua m\u00e3e \u00e9 corintiana. Av\u00f3, santista. Em comum, o universo do futebol. Tudo t\u00e3o simples e importante como um copo d'\u00e1gua. Deveria ser assim por gera\u00e7\u00f5es e gera\u00e7\u00f5es da fam\u00edlia do goleiro. Sem ningu\u00e9m se intrometer, nem fazer valer a intoler\u00e2ncia. N\u00e3o h\u00e1 maldade em\u2026","rel":"","context":"Em &quot;futebol&quot;","block_context":{"text":"futebol","link":"https:\/\/blogdoprosperi.com\/?cat=53870"},"img":{"alt_text":"","src":"https:\/\/i0.wp.com\/blogdoprosperi.com\/wp-content\/uploads\/2018\/02\/26594671318_e55e1071f2_b.jpg?fit=698%2C1024&ssl=1&resize=350%2C200","width":350,"height":200,"srcset":"https:\/\/i0.wp.com\/blogdoprosperi.com\/wp-content\/uploads\/2018\/02\/26594671318_e55e1071f2_b.jpg?fit=698%2C1024&ssl=1&resize=350%2C200 1x, https:\/\/i0.wp.com\/blogdoprosperi.com\/wp-content\/uploads\/2018\/02\/26594671318_e55e1071f2_b.jpg?fit=698%2C1024&ssl=1&resize=525%2C300 1.5x"},"classes":[]},{"id":19221,"url":"https:\/\/blogdoprosperi.com\/?p=19221","url_meta":{"origin":19599,"position":1},"title":"Palmeiras esquece Academia de Goleiros e procura sucessor de Fernando Prass","author":"Luiz Ant\u00f4nio Pr\u00f3speri","date":"5 de agosto de 2016","format":false,"excerpt":"Palmeiras tinha uma Academia de Goleiros at\u00e9 Marcos se aposentar em 2012. Revelava como ningu\u00e9m. Quando 'S\u00e3o Marcos' saiu de cena, o clube n\u00e3o conseguiu emplacar mais nenhum goleiro, mesmo com muitos garotos convocados com regularidade pelas sele\u00e7\u00f5es de base da CBF. Sem Fernando Prass e com as primeiras pixotadas\u2026","rel":"","context":"Em &quot;futebol&quot;","block_context":{"text":"futebol","link":"https:\/\/blogdoprosperi.com\/?cat=53870"},"img":{"alt_text":"","src":"https:\/\/i0.wp.com\/blogdoprosperi.com\/wp-content\/uploads\/2016\/08\/zetti-palmeiras.jpg?resize=350%2C200","width":350,"height":200,"srcset":"https:\/\/i0.wp.com\/blogdoprosperi.com\/wp-content\/uploads\/2016\/08\/zetti-palmeiras.jpg?resize=350%2C200 1x, https:\/\/i0.wp.com\/blogdoprosperi.com\/wp-content\/uploads\/2016\/08\/zetti-palmeiras.jpg?resize=525%2C300 1.5x, https:\/\/i0.wp.com\/blogdoprosperi.com\/wp-content\/uploads\/2016\/08\/zetti-palmeiras.jpg?resize=700%2C400 2x"},"classes":[]},{"id":21069,"url":"https:\/\/blogdoprosperi.com\/?p=21069","url_meta":{"origin":19599,"position":2},"title":"Palmeiras mostra autoridade de l\u00edder do Campeonato Brasileiro","author":"Luiz Ant\u00f4nio Pr\u00f3speri","date":"14 de agosto de 2016","format":false,"excerpt":"Palmeiras precisava de uma boa vit\u00f3ria, daquelas com autoridade, fora de casa para alertar aos concorrentes quem, de fato, manda no Brasileir\u00e3o neste in\u00edcio de segundo turno. Os tr\u00eas pontos conquistados diante do Atl\u00e9tico-PR, at\u00e9 ent\u00e3o invicto na sua fortaleza, t\u00eam esse peso. O time de Cuca venceu por 1\u2026","rel":"","context":"Em &quot;Campeonato Brasileiro&quot;","block_context":{"text":"Campeonato Brasileiro","link":"https:\/\/blogdoprosperi.com\/?cat=355071"},"img":{"alt_text":"","src":"https:\/\/i0.wp.com\/blogdoprosperi.com\/wp-content\/uploads\/2016\/08\/ae34225f105e3080ab4e51758e8ae99e.jpg?resize=350%2C200&ssl=1","width":350,"height":200,"srcset":"https:\/\/i0.wp.com\/blogdoprosperi.com\/wp-content\/uploads\/2016\/08\/ae34225f105e3080ab4e51758e8ae99e.jpg?resize=350%2C200&ssl=1 1x, https:\/\/i0.wp.com\/blogdoprosperi.com\/wp-content\/uploads\/2016\/08\/ae34225f105e3080ab4e51758e8ae99e.jpg?resize=525%2C300&ssl=1 1.5x, https:\/\/i0.wp.com\/blogdoprosperi.com\/wp-content\/uploads\/2016\/08\/ae34225f105e3080ab4e51758e8ae99e.jpg?resize=700%2C400&ssl=1 2x, https:\/\/i0.wp.com\/blogdoprosperi.com\/wp-content\/uploads\/2016\/08\/ae34225f105e3080ab4e51758e8ae99e.jpg?resize=1050%2C600&ssl=1 3x, https:\/\/i0.wp.com\/blogdoprosperi.com\/wp-content\/uploads\/2016\/08\/ae34225f105e3080ab4e51758e8ae99e.jpg?resize=1400%2C800&ssl=1 4x"},"classes":[]},{"id":29743,"url":"https:\/\/blogdoprosperi.com\/?p=29743","url_meta":{"origin":19599,"position":3},"title":"Palmeiras faz sua parte e, com ajuda do Corinthians, abre seis pontos do Flamengo","author":"Luiz Ant\u00f4nio Pr\u00f3speri","date":"23 de outubro de 2016","format":false,"excerpt":"Palmeiras superou seu fraco futebol, o p\u00e9ssimo gramado do Allianz Parque, aus\u00eancia de Gabriel Jesus e a gana do Sport neste domingo (23\/10). Sem brilho e lustro, venceu por 2 a 1 e, com ajuda do Corinthians, abriu seis pontos do vice-l\u00edder Flamengo, a seis rodadas do fim do Campeonato\u2026","rel":"","context":"Em &quot;Campeonato Brasileiro&quot;","block_context":{"text":"Campeonato Brasileiro","link":"https:\/\/blogdoprosperi.com\/?cat=355071"},"img":{"alt_text":"","src":"https:\/\/i0.wp.com\/blogdoprosperi.com\/wp-content\/uploads\/2016\/10\/pro5-242.jpg?resize=350%2C200&ssl=1","width":350,"height":200,"srcset":"https:\/\/i0.wp.com\/blogdoprosperi.com\/wp-content\/uploads\/2016\/10\/pro5-242.jpg?resize=350%2C200&ssl=1 1x, https:\/\/i0.wp.com\/blogdoprosperi.com\/wp-content\/uploads\/2016\/10\/pro5-242.jpg?resize=525%2C300&ssl=1 1.5x, https:\/\/i0.wp.com\/blogdoprosperi.com\/wp-content\/uploads\/2016\/10\/pro5-242.jpg?resize=700%2C400&ssl=1 2x, https:\/\/i0.wp.com\/blogdoprosperi.com\/wp-content\/uploads\/2016\/10\/pro5-242.jpg?resize=1050%2C600&ssl=1 3x, https:\/\/i0.wp.com\/blogdoprosperi.com\/wp-content\/uploads\/2016\/10\/pro5-242.jpg?resize=1400%2C800&ssl=1 4x"},"classes":[]},{"id":27314,"url":"https:\/\/blogdoprosperi.com\/?p=27314","url_meta":{"origin":19599,"position":4},"title":"Palmeiras avan\u00e7a com a sabedoria de Z\u00e9 Roberto e entra na contagem regressiva do t\u00edtulo do Brasileir\u00e3o","author":"Luiz Ant\u00f4nio Pr\u00f3speri","date":"3 de outubro de 2016","format":false,"excerpt":"Palmeiras entra na contagem regressiva do t\u00edtulo do Brasileir\u00e3o ao derrotar o Santa Cruz por 3 a 2 no Recife. Com o resultado, abre tr\u00eas pontos do vice-l\u00edder Flamengo, a dez rodadas do fim, e consolida a campanha de mais forte candidato a levantar a ta\u00e7a. No jogo, Cuca iniciou\u2026","rel":"","context":"Em &quot;Campeonato Brasileiro&quot;","block_context":{"text":"Campeonato Brasileiro","link":"https:\/\/blogdoprosperi.com\/?cat=355071"},"img":{"alt_text":"","src":"https:\/\/i0.wp.com\/blogdoprosperi.com\/wp-content\/uploads\/2016\/10\/cuca-palmeiras-river-plate-montevideo-copa-libertadores-14042016_vl43jh2e2j1a1a55gtssnp3la.jpg?resize=350%2C200&ssl=1","width":350,"height":200,"srcset":"https:\/\/i0.wp.com\/blogdoprosperi.com\/wp-content\/uploads\/2016\/10\/cuca-palmeiras-river-plate-montevideo-copa-libertadores-14042016_vl43jh2e2j1a1a55gtssnp3la.jpg?resize=350%2C200&ssl=1 1x, https:\/\/i0.wp.com\/blogdoprosperi.com\/wp-content\/uploads\/2016\/10\/cuca-palmeiras-river-plate-montevideo-copa-libertadores-14042016_vl43jh2e2j1a1a55gtssnp3la.jpg?resize=525%2C300&ssl=1 1.5x"},"classes":[]},{"id":22024,"url":"https:\/\/blogdoprosperi.com\/?p=22024","url_meta":{"origin":19599,"position":5},"title":"Palmeiras precisa rever urgente sua estrat\u00e9gia nos jogos no Allianz","author":"Luiz Ant\u00f4nio Pr\u00f3speri","date":"21 de agosto de 2016","format":false,"excerpt":"Palmeiras patina mais uma vez diante da Ponte Preta. Em dois jogos, fez apenas um ponto no Brasileir\u00e3o.\u00a0Ruim a um time que briga para ser campe\u00e3o. Empatar em casa contra advers\u00e1rios do escal\u00e3o intermedi\u00e1rio \u00e9 preju\u00edzo dif\u00edcil de ser recuperado. E obriga Cuca a repensar algumas estrat\u00e9gias quando voltar a\u2026","rel":"","context":"Em &quot;Campeonato Brasileiro&quot;","block_context":{"text":"Campeonato Brasileiro","link":"https:\/\/blogdoprosperi.com\/?cat=355071"},"img":{"alt_text":"","src":"https:\/\/i0.wp.com\/blogdoprosperi.com\/wp-content\/uploads\/2016\/08\/gabriel_jesus_medalha_ouro.jpg?resize=350%2C200&ssl=1","width":350,"height":200,"srcset":"https:\/\/i0.wp.com\/blogdoprosperi.com\/wp-content\/uploads\/2016\/08\/gabriel_jesus_medalha_ouro.jpg?resize=350%2C200&ssl=1 1x, https:\/\/i0.wp.com\/blogdoprosperi.com\/wp-content\/uploads\/2016\/08\/gabriel_jesus_medalha_ouro.jpg?resize=525%2C300&ssl=1 1.5x"},"classes":[]}],"jetpack_featured_media_url":"","_links":{"self":[{"href":"https:\/\/blogdoprosperi.com\/index.php?rest_route=\/wp\/v2\/posts\/19599","targetHints":{"allow":["GET"]}}],"collection":[{"href":"https:\/\/blogdoprosperi.com\/index.php?rest_route=\/wp\/v2\/posts"}],"about":[{"href":"https:\/\/blogdoprosperi.com\/index.php?rest_route=\/wp\/v2\/types\/post"}],"author":[{"embeddable":true,"href":"https:\/\/blogdoprosperi.com\/index.php?rest_route=\/wp\/v2\/users\/102107496"}],"replies":[{"embeddable":true,"href":"https:\/\/blogdoprosperi.com\/index.php?rest_route=%2Fwp%2Fv2%2Fcomments&post=19599"}],"version-history":[{"count":25,"href":"https:\/\/blogdoprosperi.com\/index.php?rest_route=\/wp\/v2\/posts\/19599\/revisions"}],"predecessor-version":[{"id":19694,"href":"https:\/\/blogdoprosperi.com\/index.php?rest_route=\/wp\/v2\/posts\/19599\/revisions\/19694"}],"wp:attachment":[{"href":"https:\/\/blogdoprosperi.com\/index.php?rest_route=%2Fwp%2Fv2%2Fmedia&parent=19599"}],"wp:term":[{"taxonomy":"category","embeddable":true,"href":"https:\/\/blogdoprosperi.com\/index.php?rest_route=%2Fwp%2Fv2%2Fcategories&post=19599"},{"taxonomy":"post_tag","embeddable":true,"href":"https:\/\/blogdoprosperi.com\/index.php?rest_route=%2Fwp%2Fv2%2Ftags&post=19599"}],"curies":[{"name":"wp","href":"https:\/\/api.w.org\/{rel}","templated":true}]}}