{"id":19909,"date":"2016-08-08T16:36:08","date_gmt":"2016-08-08T19:36:08","guid":{"rendered":"http:\/\/blogdoprosperi.com\/?p=19909"},"modified":"2016-08-08T20:02:51","modified_gmt":"2016-08-08T23:02:51","slug":"contra-fracasso-na-olimpiada-gabriel-jesus-precisa-da-solidariedade-de-neymar-e-gabigol","status":"publish","type":"post","link":"https:\/\/blogdoprosperi.com\/?p=19909","title":{"rendered":"Contra fracasso na Olimp\u00edada, Gabriel Jesus precisa da solidariedade de Neymar e Gabigol"},"content":{"rendered":"<p><span class=\"alignnone\"><img data-recalc-dims=\"1\" loading=\"lazy\" decoding=\"async\" data-attachment-id=\"19986\" data-permalink=\"https:\/\/blogdoprosperi.com\/?attachment_id=19986\" data-orig-file=\"https:\/\/i0.wp.com\/blogdoprosperi.com\/wp-content\/uploads\/2016\/08\/960.jpg?fit=960%2C620&amp;ssl=1\" data-orig-size=\"960,620\" data-comments-opened=\"1\" data-image-meta=\"{&quot;aperture&quot;:&quot;0&quot;,&quot;credit&quot;:&quot;&quot;,&quot;camera&quot;:&quot;&quot;,&quot;caption&quot;:&quot;&quot;,&quot;created_timestamp&quot;:&quot;0&quot;,&quot;copyright&quot;:&quot;&quot;,&quot;focal_length&quot;:&quot;0&quot;,&quot;iso&quot;:&quot;0&quot;,&quot;shutter_speed&quot;:&quot;0&quot;,&quot;title&quot;:&quot;&quot;,&quot;orientation&quot;:&quot;0&quot;}\" data-image-title=\"960\" data-image-description=\"\" data-image-caption=\"\" data-large-file=\"https:\/\/i0.wp.com\/blogdoprosperi.com\/wp-content\/uploads\/2016\/08\/960.jpg?fit=940%2C607&amp;ssl=1\" class=\"alignnone size-full wp-image-19986\" src=\"https:\/\/i0.wp.com\/blogdoprosperi.com\/wp-content\/uploads\/2016\/08\/960.jpg?resize=940%2C607&#038;ssl=1\" alt=\"960\" width=\"940\" height=\"607\" \/><\/span><\/p>\n<p>Dois jogos na Olimp\u00edada, nenhum gol. Gabriel Jesus, de 19 anos, vive maior desafio de sua ainda curta carreira de jogador profissional. No Palmeiras, \u00e9 o artilheiro do Campeonato Brasileiro com dez gols. Na <a href=\"http:\/\/blogdoprosperi.com\/2016\/08\/08\/selecao-olimpica-so-faz-aumentar-decepcao-da-torcida-e-coloca-em-xeque-futuro-de-uma-geracao-promissora\/\">Sele\u00e7\u00e3o Ol\u00edmpica<\/a> deixa de ser unanimidade, recebe vaias e, a exemplo dos parceiros de ataque, n\u00e3o se encaixa no time. E corre risco de perder lugar na sele\u00e7\u00e3o no jogo decisivo contra a Dinamarca. O que se passa com Jesus?<!--more--><\/p>\n<p>Veja a resposta do garoto ap\u00f3s o empate por 0 a 0 contra o Iraque neste domingo quando questionado se a <a href=\"http:\/\/blogdoprosperi.com\/2016\/08\/03\/manchester-city-confirma-contratacao-de-gabriel-jesus\/\">transfer\u00eancia ao Manchester City,<\/a> por R$ 120 milh\u00f5es, \u00e9 a principal causa da baixa de rendimento nos Jogos do Rio:<\/p>\n<blockquote>\n<p id=\"p341428-m1590-1589-1591\" class=\"paragraph\">&#8220;N\u00e3o tem isso comigo n\u00e3o. J\u00e1 joguei na v\u00e1rzea, n\u00e3o me atrapalha em nada. N\u00e3o \u00e9 agora, que uma coisa boa (venda ao City) veio pra mim, que vai atrapalhar. Quando eu estava no Palmeiras fazendo gols voc\u00ea (jornalista) n\u00e3o me perguntava isso. N\u00e3o estou fazendo gol porque n\u00e3o estou fazendo gol&#8230; \u00c9 como em outra profiss\u00e3o, tem dia que voc\u00ea n\u00e3o est\u00e1 bem e n\u00e3o faz o seu melhor&#8221; disse Jesus na zona mista do est\u00e1dio Man\u00e9 Garrincha.<\/p>\n<\/blockquote>\n<div id=\"p341428-m1835-1-1836\" class=\"related-articles\">\n<div class=\"related-title\">\n<p>O garoto do Palmeiras n\u00e3o blefa quando fala que jogou na v\u00e1rzea e enfrentou muitas dificuldades. Veja o v\u00eddeo produzido pelo jornal <em>Di\u00e1rio de S. Paulo<\/em> com Gabriel Jesus aos nove anos de idade.<\/p>\n<div class=\"jetpack-video-wrapper\"><span class=\"embed-youtube\" style=\"text-align:center; display: block;\"><iframe loading=\"lazy\" class=\"youtube-player\" width=\"560\" height=\"315\" src=\"https:\/\/www.youtube.com\/embed\/HDSYi8mD1Uk?version=3&#038;rel=1&#038;showsearch=0&#038;showinfo=1&#038;iv_load_policy=1&#038;fs=1&#038;hl=pt-BR&#038;autohide=2&#038;wmode=transparent\" allowfullscreen=\"true\" style=\"border:0;\" sandbox=\"allow-scripts allow-same-origin allow-popups allow-presentation allow-popups-to-escape-sandbox\"><\/iframe><\/span><\/div>\n<p>Criado no Jardim Peri, na Zona Norte de S\u00e3o Paulo, Jesus tinha um time de meninos na faixa de 9 anos. Era o terror do bairro. Ganhava todas. Quando jogavam contra os mais velhos, ele e seus companheiros apostavam uma garrafa de refrigerante Dolly e venciam a maioria das apostas. Na v\u00e1rzea, de verdade, defendeu o Anhanguera at\u00e9 chegar \u00e0s categorias de base do <a href=\"http:\/\/blogdoprosperi.com\/2016\/08\/07\/palmeiras-reassume-lideranca-e-descobre-goleiro-jailson\/\">Palmeiras.<\/a><\/p>\n<p>Essa hist\u00f3ria n\u00e3o \u00e9 um privil\u00e9gio de Jesus. Ronaldo Fen\u00f4meno e Ronaldinho Ga\u00facho, para ficar nos exemplos mais emblem\u00e1ticos, tamb\u00e9m vieram de lugares pobres at\u00e9 alcan\u00e7arem o mundo da fama e celebridade do futebol. O problema \u00e9 arrebentar no time do Brasil.<\/p>\n<p>Na Sele\u00e7\u00e3o Ol\u00edmpica, Jesus tem a &#8220;concorr\u00eancia&#8221; de <a href=\"http:\/\/blogdoprosperi.com\/2016\/08\/04\/neymar-nao-reage-e-se-afoga-junto-da-selecao-olimpica-na-estreia-nos-jogos-do-rio\/\">Neymar <\/a>e Gabigol. Por enquanto, os dois ainda n\u00e3o jogam em fun\u00e7\u00e3o do atacante do Palmeiras. Cada um quer ser protagonista a seu jeito. N\u00e3o existe o jogo coletivo.<\/p>\n<p>Ca\u00e7ula da sele\u00e7\u00e3o, ao lado de Thiago Maia, Jesus imaginou que tendo Neymar \u00e0 sua esquerda e <a href=\"http:\/\/blogdoprosperi.com\/2016\/08\/02\/santos-em-ebulicao-pode-perder-gabigol-thiago-maia-e-zeca-ate-o-fim-da-olimpiada-do-rio\/\">Gabigol<\/a> \u00e0 direita, marcaria um gol atr\u00e1s do outro como est\u00e1 acostumado a fazer no Palmeiras.<\/p>\n<div class=\"tiled-gallery type-rectangular tiled-gallery-unresized\" data-original-width=\"940\" data-carousel-extra='{&quot;blog_id&quot;:1,&quot;permalink&quot;:&quot;https:\\\/\\\/blogdoprosperi.com\\\/?p=19909&quot;,&quot;likes_blog_id&quot;:108082574}' itemscope itemtype=\"http:\/\/schema.org\/ImageGallery\" > <div class=\"gallery-row\" style=\"width: 940px; height: 396px;\" data-original-width=\"940\" data-original-height=\"396\" > <div class=\"gallery-group images-1\" style=\"width: 591px; height: 396px;\" data-original-width=\"591\" data-original-height=\"396\" > <div class=\"tiled-gallery-item tiled-gallery-item-large\" itemprop=\"associatedMedia\" itemscope itemtype=\"http:\/\/schema.org\/ImageObject\"> <a href=\"https:\/\/blogdoprosperi.com\/?attachment_id=19987\" border=\"0\" itemprop=\"url\"> <meta itemprop=\"width\" content=\"587\"> <meta itemprop=\"height\" content=\"392\"> <img decoding=\"async\" class=\"\" data-attachment-id=\"19987\" data-orig-file=\"https:\/\/blogdoprosperi.com\/wp-content\/uploads\/2016\/08\/pro7-11.jpg\" data-orig-size=\"2500,1667\" data-comments-opened=\"1\" data-image-meta=\"{&quot;aperture&quot;:&quot;3.2&quot;,&quot;credit&quot;:&quot;&quot;,&quot;camera&quot;:&quot;Canon EOS-1D X&quot;,&quot;caption&quot;:&quot;&quot;,&quot;created_timestamp&quot;:&quot;1470328873&quot;,&quot;copyright&quot;:&quot;ALEX SILVA\\\/ESTADAO&quot;,&quot;focal_length&quot;:&quot;400&quot;,&quot;iso&quot;:&quot;640&quot;,&quot;shutter_speed&quot;:&quot;0.0008&quot;,&quot;title&quot;:&quot;&quot;,&quot;orientation&quot;:&quot;1&quot;}\" data-image-title=\"pro7-11\" data-image-description=\"\" data-medium-file=\"https:\/\/i0.wp.com\/blogdoprosperi.com\/wp-content\/uploads\/2016\/08\/pro7-11.jpg?fit=567%2C378&#038;ssl=1\" data-large-file=\"https:\/\/i0.wp.com\/blogdoprosperi.com\/wp-content\/uploads\/2016\/08\/pro7-11.jpg?fit=940%2C627&#038;ssl=1\" src=\"https:\/\/i0.wp.com\/blogdoprosperi.com\/wp-content\/uploads\/2016\/08\/pro7-11.jpg?w=587&#038;h=392&#038;ssl=1\" width=\"587\" height=\"392\" loading=\"lazy\" data-original-width=\"587\" data-original-height=\"392\" itemprop=\"http:\/\/schema.org\/image\" title=\"pro7-11\" alt=\"pro7-11\" style=\"width: 587px; height: 392px;\" \/> <\/a> <\/div> <\/div> <!-- close group --> <div class=\"gallery-group images-2\" style=\"width: 349px; height: 396px;\" data-original-width=\"349\" data-original-height=\"396\" > <div class=\"tiled-gallery-item tiled-gallery-item-large\" itemprop=\"associatedMedia\" itemscope itemtype=\"http:\/\/schema.org\/ImageObject\"> <a href=\"https:\/\/blogdoprosperi.com\/?attachment_id=19844\" border=\"0\" itemprop=\"url\"> <meta itemprop=\"width\" content=\"345\"> <meta itemprop=\"height\" content=\"194\"> <img decoding=\"async\" class=\"\" data-attachment-id=\"19844\" data-orig-file=\"https:\/\/blogdoprosperi.com\/wp-content\/uploads\/2016\/08\/b43c85405ede59aee1aa2b26bae7823c.jpg\" data-orig-size=\"1920,1080\" data-comments-opened=\"1\" data-image-meta=\"{&quot;aperture&quot;:&quot;0&quot;,&quot;credit&quot;:&quot;&quot;,&quot;camera&quot;:&quot;&quot;,&quot;caption&quot;:&quot;&quot;,&quot;created_timestamp&quot;:&quot;0&quot;,&quot;copyright&quot;:&quot;&quot;,&quot;focal_length&quot;:&quot;0&quot;,&quot;iso&quot;:&quot;0&quot;,&quot;shutter_speed&quot;:&quot;0&quot;,&quot;title&quot;:&quot;&quot;,&quot;orientation&quot;:&quot;0&quot;}\" data-image-title=\"b43c85405ede59aee1aa2b26bae7823c\" data-image-description=\"\" data-medium-file=\"https:\/\/i0.wp.com\/blogdoprosperi.com\/wp-content\/uploads\/2016\/08\/b43c85405ede59aee1aa2b26bae7823c.jpg?fit=650%2C366&#038;ssl=1\" data-large-file=\"https:\/\/i0.wp.com\/blogdoprosperi.com\/wp-content\/uploads\/2016\/08\/b43c85405ede59aee1aa2b26bae7823c.jpg?fit=940%2C529&#038;ssl=1\" src=\"https:\/\/i0.wp.com\/blogdoprosperi.com\/wp-content\/uploads\/2016\/08\/b43c85405ede59aee1aa2b26bae7823c.jpg?w=345&#038;h=194&#038;ssl=1\" width=\"345\" height=\"194\" loading=\"lazy\" data-original-width=\"345\" data-original-height=\"194\" itemprop=\"http:\/\/schema.org\/image\" title=\"b43c85405ede59aee1aa2b26bae7823c\" alt=\"b43c85405ede59aee1aa2b26bae7823c\" style=\"width: 345px; height: 194px;\" \/> <\/a> <\/div> <div class=\"tiled-gallery-item tiled-gallery-item-large\" itemprop=\"associatedMedia\" itemscope itemtype=\"http:\/\/schema.org\/ImageObject\"> <a href=\"https:\/\/blogdoprosperi.com\/?attachment_id=20004\" border=\"0\" itemprop=\"url\"> <meta itemprop=\"width\" content=\"345\"> <meta itemprop=\"height\" content=\"194\"> <img decoding=\"async\" class=\"\" data-attachment-id=\"20004\" data-orig-file=\"https:\/\/blogdoprosperi.com\/wp-content\/uploads\/2016\/08\/i.jpeg\" data-orig-size=\"738,415\" data-comments-opened=\"1\" data-image-meta=\"{&quot;aperture&quot;:&quot;0&quot;,&quot;credit&quot;:&quot;&quot;,&quot;camera&quot;:&quot;&quot;,&quot;caption&quot;:&quot;&quot;,&quot;created_timestamp&quot;:&quot;0&quot;,&quot;copyright&quot;:&quot;&quot;,&quot;focal_length&quot;:&quot;0&quot;,&quot;iso&quot;:&quot;0&quot;,&quot;shutter_speed&quot;:&quot;0&quot;,&quot;title&quot;:&quot;&quot;,&quot;orientation&quot;:&quot;0&quot;}\" data-image-title=\"i\" data-image-description=\"\" data-medium-file=\"https:\/\/i0.wp.com\/blogdoprosperi.com\/wp-content\/uploads\/2016\/08\/i.jpeg?fit=650%2C366&#038;ssl=1\" data-large-file=\"https:\/\/i0.wp.com\/blogdoprosperi.com\/wp-content\/uploads\/2016\/08\/i.jpeg?fit=738%2C415&#038;ssl=1\" src=\"https:\/\/i0.wp.com\/blogdoprosperi.com\/wp-content\/uploads\/2016\/08\/i.jpeg?w=345&#038;h=194&#038;ssl=1\" width=\"345\" height=\"194\" loading=\"lazy\" data-original-width=\"345\" data-original-height=\"194\" itemprop=\"http:\/\/schema.org\/image\" title=\"i\" alt=\"i\" style=\"width: 345px; height: 194px;\" \/> <\/a> <\/div> <\/div> <!-- close group --> <\/div> <!-- close row --> <\/div>\n<p>Em apenas dois jogos, percebeu ou deveria perceber que n\u00e3o \u00e9 bem assim. Antes de pensar no time, muitos jogadores na sele\u00e7\u00e3o se olham no espelho e deixam de jogar em fun\u00e7\u00e3o do bem comum.<\/p>\n<p>N\u00e3o \u00e9 quest\u00e3o de sal\u00e1rios altos, falta de comprometimento, falta de ra\u00e7a. \u00c9 falta de treinamento, conjunto, de comunh\u00e3o de ideias. Isso n\u00e3o se constr\u00f3i da noite para o dia. \u00c9 preciso tempo. Quando n\u00e3o se tem tempo, \u00e9 preciso reconhecer que cada um, seja Neymar ou n\u00e3o, tem o mesmo tamanho de todos.<\/p>\n<p>Gabriel Jesus n\u00e3o \u00e9 uma ilha nesta Sele\u00e7\u00e3o Ol\u00edmpica. Mais que acabar com a ansiedade e tirar o peso das costas, o garoto precisa tomar a iniciativa de ter uma conversa s\u00e9ria com Neymar e Gabigol. Solidariedade entre eles, a palavra-chave.<\/p>\n<p>Nesta quarta-feira, contra a Dinamarca, ou os garotos do Brasil e Neymar entendem a necessidade de serem solid\u00e1rios os 90 minutos ou v\u00e3o ouvir gritos das arquibancadas pedindo a presen\u00e7a de <a href=\"http:\/\/blogdoprosperi.com\/2016\/08\/08\/selecao-olimpica-so-faz-aumentar-decepcao-da-torcida-e-coloca-em-xeque-futuro-de-uma-geracao-promissora\/\">Marta<\/a>.<\/p>\n<blockquote><p>&#8220;\u00c9 dif\u00edcil explicar isso (dois jogos se fazer gol), n\u00e3o tem um porqu\u00ea, estamos tentando. N\u00e3o podemos esquecer que do outro lado tem um advers\u00e1rio, temos que focar e entrar focados, temos uma batalha muito grande na quarta-feira, temos que ganhar de qualquer forma, mesmo com um gol de barriga ou de bunda, temos que ganhar &#8220;, disse Gabriel Jesus.<\/p><\/blockquote>\n<\/div>\n<\/div>\n","protected":false},"excerpt":{"rendered":"<p>Dois jogos na Olimp\u00edada, nenhum gol. Gabriel Jesus, de 19 anos, vive maior desafio de sua ainda curta [&hellip;]<\/p>\n","protected":false},"author":102107496,"featured_media":0,"comment_status":"open","ping_status":"open","sticky":false,"template":"","format":"standard","meta":{"_coblocks_attr":"","_coblocks_dimensions":"","_coblocks_responsive_height":"","_coblocks_accordion_ie_support":"","_jetpack_newsletter_access":"","_jetpack_dont_email_post_to_subs":false,"_jetpack_newsletter_tier_id":0,"_jetpack_memberships_contains_paywalled_content":false,"_wpcom_ai_launchpad_first_post":false,"_jetpack_feature_clip_id":0,"_jetpack_memberships_contains_paid_content":false,"footnotes":"","jetpack_publicize_message":"","jetpack_publicize_feature_enabled":true,"jetpack_social_post_already_shared":false,"jetpack_social_options":{"image_generator_settings":{"template":"highway","default_image_id":0,"font":"","enabled":false},"version":2},"jetpack_post_was_ever_published":false},"categories":[53870],"tags":[789560560],"class_list":["post-19909","post","type-post","status-publish","format-standard","hentry","category-futebol","tag-futebol"],"yoast_head":"<!-- This site is optimized with the Yoast SEO plugin v28.4 - https:\/\/yoast.com\/product\/yoast-seo-wordpress\/ -->\n<title>Contra fracasso na Olimp\u00edada, Gabriel Jesus precisa da solidariedade de Neymar e Gabigol - PR\u00d3SPERI NEWS<\/title>\n<meta name=\"robots\" content=\"index, follow, max-snippet:-1, max-image-preview:large, max-video-preview:-1\" \/>\n<link rel=\"canonical\" href=\"https:\/\/blogdoprosperi.com\/?p=19909\" \/>\n<meta property=\"og:locale\" content=\"pt_BR\" \/>\n<meta property=\"og:type\" content=\"article\" \/>\n<meta property=\"og:title\" content=\"Contra fracasso na Olimp\u00edada, Gabriel Jesus precisa da solidariedade de Neymar e Gabigol - PR\u00d3SPERI NEWS\" \/>\n<meta property=\"og:description\" content=\"Dois jogos na Olimp\u00edada, nenhum gol. Gabriel Jesus, de 19 anos, vive maior desafio de sua ainda curta [&hellip;]\" \/>\n<meta property=\"og:url\" content=\"https:\/\/blogdoprosperi.com\/?p=19909\" \/>\n<meta property=\"og:site_name\" content=\"PR\u00d3SPERI NEWS\" \/>\n<meta property=\"article:publisher\" content=\"Luiz Pr\u00f3speri\" \/>\n<meta property=\"article:author\" content=\"Luiz Pr\u00f3speri\" \/>\n<meta property=\"article:published_time\" content=\"2016-08-08T19:36:08+00:00\" \/>\n<meta property=\"article:modified_time\" content=\"2016-08-08T23:02:51+00:00\" \/>\n<meta property=\"og:image\" content=\"https:\/\/i0.wp.com\/blogdoprosperi.com\/wp-content\/uploads\/2016\/08\/pro7-11.jpg?w=587&#038;h=392&#038;ssl=1\" \/>\n<meta name=\"author\" content=\"Luiz Ant\u00f4nio Pr\u00f3speri\" \/>\n<meta name=\"twitter:card\" content=\"summary_large_image\" \/>\n<meta name=\"twitter:creator\" content=\"@Luizprosperi\" \/>\n<meta name=\"twitter:site\" content=\"@Luizprosperi\" \/>\n<meta name=\"twitter:label1\" content=\"Escrito por\" \/>\n\t<meta name=\"twitter:data1\" content=\"Luiz Ant\u00f4nio Pr\u00f3speri\" \/>\n\t<meta name=\"twitter:label2\" content=\"Est. tempo de leitura\" \/>\n\t<meta name=\"twitter:data2\" content=\"3 minutos\" \/>\n<script type=\"application\/ld+json\" class=\"yoast-schema-graph\">{\"@context\":\"https:\\\/\\\/schema.org\",\"@graph\":[{\"@type\":\"Article\",\"@id\":\"https:\\\/\\\/blogdoprosperi.com\\\/?p=19909#article\",\"isPartOf\":{\"@id\":\"https:\\\/\\\/blogdoprosperi.com\\\/?p=19909\"},\"author\":{\"name\":\"Luiz Ant\u00f4nio Pr\u00f3speri\",\"@id\":\"https:\\\/\\\/blogdoprosperi.com\\\/#\\\/schema\\\/person\\\/38100755ce3601861ee4fab9b5aa78e9\"},\"headline\":\"Contra fracasso na Olimp\u00edada, Gabriel Jesus precisa da solidariedade de Neymar e Gabigol\",\"datePublished\":\"2016-08-08T19:36:08+00:00\",\"dateModified\":\"2016-08-08T23:02:51+00:00\",\"mainEntityOfPage\":{\"@id\":\"https:\\\/\\\/blogdoprosperi.com\\\/?p=19909\"},\"wordCount\":703,\"commentCount\":1,\"publisher\":{\"@id\":\"https:\\\/\\\/blogdoprosperi.com\\\/#\\\/schema\\\/person\\\/38100755ce3601861ee4fab9b5aa78e9\"},\"image\":{\"@id\":\"https:\\\/\\\/blogdoprosperi.com\\\/?p=19909#primaryimage\"},\"thumbnailUrl\":\"https:\\\/\\\/blogdoprosperi.com\\\/wp-content\\\/uploads\\\/2016\\\/08\\\/960.jpg\",\"keywords\":[\"futebol\"],\"articleSection\":[\"futebol\"],\"inLanguage\":\"pt-BR\",\"potentialAction\":[{\"@type\":\"CommentAction\",\"name\":\"Comment\",\"target\":[\"https:\\\/\\\/blogdoprosperi.com\\\/?p=19909#respond\"]}]},{\"@type\":\"WebPage\",\"@id\":\"https:\\\/\\\/blogdoprosperi.com\\\/?p=19909\",\"url\":\"https:\\\/\\\/blogdoprosperi.com\\\/?p=19909\",\"name\":\"Contra fracasso na Olimp\u00edada, Gabriel Jesus precisa da solidariedade de Neymar e Gabigol - PR\u00d3SPERI NEWS\",\"isPartOf\":{\"@id\":\"https:\\\/\\\/blogdoprosperi.com\\\/#website\"},\"primaryImageOfPage\":{\"@id\":\"https:\\\/\\\/blogdoprosperi.com\\\/?p=19909#primaryimage\"},\"image\":{\"@id\":\"https:\\\/\\\/blogdoprosperi.com\\\/?p=19909#primaryimage\"},\"thumbnailUrl\":\"https:\\\/\\\/blogdoprosperi.com\\\/wp-content\\\/uploads\\\/2016\\\/08\\\/960.jpg\",\"datePublished\":\"2016-08-08T19:36:08+00:00\",\"dateModified\":\"2016-08-08T23:02:51+00:00\",\"breadcrumb\":{\"@id\":\"https:\\\/\\\/blogdoprosperi.com\\\/?p=19909#breadcrumb\"},\"inLanguage\":\"pt-BR\",\"potentialAction\":[{\"@type\":\"ReadAction\",\"target\":[\"https:\\\/\\\/blogdoprosperi.com\\\/?p=19909\"]}]},{\"@type\":\"ImageObject\",\"inLanguage\":\"pt-BR\",\"@id\":\"https:\\\/\\\/blogdoprosperi.com\\\/?p=19909#primaryimage\",\"url\":\"https:\\\/\\\/i0.wp.com\\\/blogdoprosperi.com\\\/wp-content\\\/uploads\\\/2016\\\/08\\\/960.jpg?fit=960%2C620&ssl=1\",\"contentUrl\":\"https:\\\/\\\/i0.wp.com\\\/blogdoprosperi.com\\\/wp-content\\\/uploads\\\/2016\\\/08\\\/960.jpg?fit=960%2C620&ssl=1\",\"width\":960,\"height\":620},{\"@type\":\"BreadcrumbList\",\"@id\":\"https:\\\/\\\/blogdoprosperi.com\\\/?p=19909#breadcrumb\",\"itemListElement\":[{\"@type\":\"ListItem\",\"position\":1,\"name\":\"In\u00edcio\",\"item\":\"https:\\\/\\\/blogdoprosperi.com\\\/\"},{\"@type\":\"ListItem\",\"position\":2,\"name\":\"Contra fracasso na Olimp\u00edada, Gabriel Jesus precisa da solidariedade de Neymar e Gabigol\"}]},{\"@type\":\"WebSite\",\"@id\":\"https:\\\/\\\/blogdoprosperi.com\\\/#website\",\"url\":\"https:\\\/\\\/blogdoprosperi.com\\\/\",\"name\":\"PR\u00d3SPERI NEWS\",\"description\":\"TUDO \u00c9  FUTEBOL\",\"publisher\":{\"@id\":\"https:\\\/\\\/blogdoprosperi.com\\\/#\\\/schema\\\/person\\\/38100755ce3601861ee4fab9b5aa78e9\"},\"alternateName\":\"blogdoprosperi.com\",\"potentialAction\":[{\"@type\":\"SearchAction\",\"target\":{\"@type\":\"EntryPoint\",\"urlTemplate\":\"https:\\\/\\\/blogdoprosperi.com\\\/?s={search_term_string}\"},\"query-input\":{\"@type\":\"PropertyValueSpecification\",\"valueRequired\":true,\"valueName\":\"search_term_string\"}}],\"inLanguage\":\"pt-BR\"},{\"@type\":[\"Person\",\"Organization\"],\"@id\":\"https:\\\/\\\/blogdoprosperi.com\\\/#\\\/schema\\\/person\\\/38100755ce3601861ee4fab9b5aa78e9\",\"name\":\"Luiz Ant\u00f4nio Pr\u00f3speri\",\"pronouns\":\"ele\",\"image\":{\"@type\":\"ImageObject\",\"inLanguage\":\"pt-BR\",\"@id\":\"https:\\\/\\\/i0.wp.com\\\/blogdoprosperi.com\\\/wp-content\\\/uploads\\\/2026\\\/05\\\/cropped-8059e613-6002-42fa-961e-8e275f575d71-2-5.jpg?fit=1360%2C931&ssl=1\",\"url\":\"https:\\\/\\\/i0.wp.com\\\/blogdoprosperi.com\\\/wp-content\\\/uploads\\\/2026\\\/05\\\/cropped-8059e613-6002-42fa-961e-8e275f575d71-2-5.jpg?fit=1360%2C931&ssl=1\",\"contentUrl\":\"https:\\\/\\\/i0.wp.com\\\/blogdoprosperi.com\\\/wp-content\\\/uploads\\\/2026\\\/05\\\/cropped-8059e613-6002-42fa-961e-8e275f575d71-2-5.jpg?fit=1360%2C931&ssl=1\",\"width\":1360,\"height\":931,\"caption\":\"Luiz Ant\u00f4nio Pr\u00f3speri\"},\"logo\":{\"@id\":\"https:\\\/\\\/i0.wp.com\\\/blogdoprosperi.com\\\/wp-content\\\/uploads\\\/2026\\\/05\\\/cropped-8059e613-6002-42fa-961e-8e275f575d71-2-5.jpg?fit=1360%2C931&ssl=1\"},\"description\":\"Jornalista com carreira dedicada ao esporte. Cobriu 9 Copas do Mundo in loco, 1990 na It\u00e1lia, 1994 nos EUA, 1998 na Fran\u00e7a, 2002 na Coreia do Sul e Jap\u00e3o, 2006 na Alemanha, 2010 na \u00c1frica do Sul, 2014 no Brasil, 2018 na R\u00fassia e 2022 no Qatar. Eurocopas, 1992 na Su\u00e9cia e 1996 na Inglaterra. Copa das Confedera\u00e7\u00f5es de 2005 na Alemanha e 2009 na \u00c1frica do Sul. Rep\u00f3rter e Editor, trabalhou no Jornal da Tarde e Estad\u00e3o, de 1984 a fevereiro de 2016. Colunista, blogueiro. E comentarista de futebol na R\u00e1dio Estad\u00e3o, de 2013 a fevereiro de 2016. Jornalista respons\u00e1vel do \\\"Pr\u00f3speri News\\\" (blogdoprosperi.com).\",\"sameAs\":[\"http:\\\/\\\/blogdoprosperi.com\",\"Luiz Pr\u00f3speri\",\"@luiz_prosperi\",\"https:\\\/\\\/x.com\\\/Luizprosperi\",\"@prosperinacopa\",\"luiz.prosperi@icloud.com\"],\"url\":\"https:\\\/\\\/blogdoprosperi.com\\\/?author=102107496\"}]}<\/script>\n<!-- \/ Yoast SEO plugin. -->","yoast_head_json":{"title":"Contra fracasso na Olimp\u00edada, Gabriel Jesus precisa da solidariedade de Neymar e Gabigol - PR\u00d3SPERI NEWS","robots":{"index":"index","follow":"follow","max-snippet":"max-snippet:-1","max-image-preview":"max-image-preview:large","max-video-preview":"max-video-preview:-1"},"canonical":"https:\/\/blogdoprosperi.com\/?p=19909","og_locale":"pt_BR","og_type":"article","og_title":"Contra fracasso na Olimp\u00edada, Gabriel Jesus precisa da solidariedade de Neymar e Gabigol - PR\u00d3SPERI NEWS","og_description":"Dois jogos na Olimp\u00edada, nenhum gol. Gabriel Jesus, de 19 anos, vive maior desafio de sua ainda curta [&hellip;]","og_url":"https:\/\/blogdoprosperi.com\/?p=19909","og_site_name":"PR\u00d3SPERI NEWS","article_publisher":"Luiz Pr\u00f3speri","article_author":"Luiz Pr\u00f3speri","article_published_time":"2016-08-08T19:36:08+00:00","article_modified_time":"2016-08-08T23:02:51+00:00","og_image":[{"url":"https:\/\/i0.wp.com\/blogdoprosperi.com\/wp-content\/uploads\/2016\/08\/pro7-11.jpg?w=587&#038;h=392&#038;ssl=1","type":"","width":"","height":""}],"author":"Luiz Ant\u00f4nio Pr\u00f3speri","twitter_card":"summary_large_image","twitter_creator":"@Luizprosperi","twitter_site":"@Luizprosperi","twitter_misc":{"Escrito por":"Luiz Ant\u00f4nio Pr\u00f3speri","Est. tempo de leitura":"3 minutos"},"schema":{"@context":"https:\/\/schema.org","@graph":[{"@type":"Article","@id":"https:\/\/blogdoprosperi.com\/?p=19909#article","isPartOf":{"@id":"https:\/\/blogdoprosperi.com\/?p=19909"},"author":{"name":"Luiz Ant\u00f4nio Pr\u00f3speri","@id":"https:\/\/blogdoprosperi.com\/#\/schema\/person\/38100755ce3601861ee4fab9b5aa78e9"},"headline":"Contra fracasso na Olimp\u00edada, Gabriel Jesus precisa da solidariedade de Neymar e Gabigol","datePublished":"2016-08-08T19:36:08+00:00","dateModified":"2016-08-08T23:02:51+00:00","mainEntityOfPage":{"@id":"https:\/\/blogdoprosperi.com\/?p=19909"},"wordCount":703,"commentCount":1,"publisher":{"@id":"https:\/\/blogdoprosperi.com\/#\/schema\/person\/38100755ce3601861ee4fab9b5aa78e9"},"image":{"@id":"https:\/\/blogdoprosperi.com\/?p=19909#primaryimage"},"thumbnailUrl":"https:\/\/blogdoprosperi.com\/wp-content\/uploads\/2016\/08\/960.jpg","keywords":["futebol"],"articleSection":["futebol"],"inLanguage":"pt-BR","potentialAction":[{"@type":"CommentAction","name":"Comment","target":["https:\/\/blogdoprosperi.com\/?p=19909#respond"]}]},{"@type":"WebPage","@id":"https:\/\/blogdoprosperi.com\/?p=19909","url":"https:\/\/blogdoprosperi.com\/?p=19909","name":"Contra fracasso na Olimp\u00edada, Gabriel Jesus precisa da solidariedade de Neymar e Gabigol - PR\u00d3SPERI NEWS","isPartOf":{"@id":"https:\/\/blogdoprosperi.com\/#website"},"primaryImageOfPage":{"@id":"https:\/\/blogdoprosperi.com\/?p=19909#primaryimage"},"image":{"@id":"https:\/\/blogdoprosperi.com\/?p=19909#primaryimage"},"thumbnailUrl":"https:\/\/blogdoprosperi.com\/wp-content\/uploads\/2016\/08\/960.jpg","datePublished":"2016-08-08T19:36:08+00:00","dateModified":"2016-08-08T23:02:51+00:00","breadcrumb":{"@id":"https:\/\/blogdoprosperi.com\/?p=19909#breadcrumb"},"inLanguage":"pt-BR","potentialAction":[{"@type":"ReadAction","target":["https:\/\/blogdoprosperi.com\/?p=19909"]}]},{"@type":"ImageObject","inLanguage":"pt-BR","@id":"https:\/\/blogdoprosperi.com\/?p=19909#primaryimage","url":"https:\/\/i0.wp.com\/blogdoprosperi.com\/wp-content\/uploads\/2016\/08\/960.jpg?fit=960%2C620&ssl=1","contentUrl":"https:\/\/i0.wp.com\/blogdoprosperi.com\/wp-content\/uploads\/2016\/08\/960.jpg?fit=960%2C620&ssl=1","width":960,"height":620},{"@type":"BreadcrumbList","@id":"https:\/\/blogdoprosperi.com\/?p=19909#breadcrumb","itemListElement":[{"@type":"ListItem","position":1,"name":"In\u00edcio","item":"https:\/\/blogdoprosperi.com\/"},{"@type":"ListItem","position":2,"name":"Contra fracasso na Olimp\u00edada, Gabriel Jesus precisa da solidariedade de Neymar e Gabigol"}]},{"@type":"WebSite","@id":"https:\/\/blogdoprosperi.com\/#website","url":"https:\/\/blogdoprosperi.com\/","name":"PR\u00d3SPERI NEWS","description":"TUDO \u00c9  FUTEBOL","publisher":{"@id":"https:\/\/blogdoprosperi.com\/#\/schema\/person\/38100755ce3601861ee4fab9b5aa78e9"},"alternateName":"blogdoprosperi.com","potentialAction":[{"@type":"SearchAction","target":{"@type":"EntryPoint","urlTemplate":"https:\/\/blogdoprosperi.com\/?s={search_term_string}"},"query-input":{"@type":"PropertyValueSpecification","valueRequired":true,"valueName":"search_term_string"}}],"inLanguage":"pt-BR"},{"@type":["Person","Organization"],"@id":"https:\/\/blogdoprosperi.com\/#\/schema\/person\/38100755ce3601861ee4fab9b5aa78e9","name":"Luiz Ant\u00f4nio Pr\u00f3speri","pronouns":"ele","image":{"@type":"ImageObject","inLanguage":"pt-BR","@id":"https:\/\/i0.wp.com\/blogdoprosperi.com\/wp-content\/uploads\/2026\/05\/cropped-8059e613-6002-42fa-961e-8e275f575d71-2-5.jpg?fit=1360%2C931&ssl=1","url":"https:\/\/i0.wp.com\/blogdoprosperi.com\/wp-content\/uploads\/2026\/05\/cropped-8059e613-6002-42fa-961e-8e275f575d71-2-5.jpg?fit=1360%2C931&ssl=1","contentUrl":"https:\/\/i0.wp.com\/blogdoprosperi.com\/wp-content\/uploads\/2026\/05\/cropped-8059e613-6002-42fa-961e-8e275f575d71-2-5.jpg?fit=1360%2C931&ssl=1","width":1360,"height":931,"caption":"Luiz Ant\u00f4nio Pr\u00f3speri"},"logo":{"@id":"https:\/\/i0.wp.com\/blogdoprosperi.com\/wp-content\/uploads\/2026\/05\/cropped-8059e613-6002-42fa-961e-8e275f575d71-2-5.jpg?fit=1360%2C931&ssl=1"},"description":"Jornalista com carreira dedicada ao esporte. Cobriu 9 Copas do Mundo in loco, 1990 na It\u00e1lia, 1994 nos EUA, 1998 na Fran\u00e7a, 2002 na Coreia do Sul e Jap\u00e3o, 2006 na Alemanha, 2010 na \u00c1frica do Sul, 2014 no Brasil, 2018 na R\u00fassia e 2022 no Qatar. Eurocopas, 1992 na Su\u00e9cia e 1996 na Inglaterra. Copa das Confedera\u00e7\u00f5es de 2005 na Alemanha e 2009 na \u00c1frica do Sul. Rep\u00f3rter e Editor, trabalhou no Jornal da Tarde e Estad\u00e3o, de 1984 a fevereiro de 2016. Colunista, blogueiro. E comentarista de futebol na R\u00e1dio Estad\u00e3o, de 2013 a fevereiro de 2016. Jornalista respons\u00e1vel do \"Pr\u00f3speri News\" (blogdoprosperi.com).","sameAs":["http:\/\/blogdoprosperi.com","Luiz Pr\u00f3speri","@luiz_prosperi","https:\/\/x.com\/Luizprosperi","@prosperinacopa","luiz.prosperi@icloud.com"],"url":"https:\/\/blogdoprosperi.com\/?author=102107496"}]}},"jetpack_publicize_connections":[],"jetpack_likes_enabled":false,"jetpack_sharing_enabled":true,"jetpack_shortlink":"https:\/\/wp.me\/p7jvdk-5b7","jetpack-related-posts":[{"id":16000,"url":"https:\/\/blogdoprosperi.com\/?p=16000","url_meta":{"origin":19909,"position":0},"title":"Clubes europeus atrapalham sele\u00e7\u00e3o brasileira ol\u00edmpica","author":"Luiz Ant\u00f4nio Pr\u00f3speri","date":"14 de julho de 2016","format":false,"excerpt":"Gabriel Jesus, Gabigol, Rodrigo Caio e Marquinhos t\u00eam propostas para trocar de clubes e negocia\u00e7\u00f5es podem se arrastar at\u00e9 Olimp\u00edada do Rio","rel":"","context":"Em &quot;futebol&quot;","block_context":{"text":"futebol","link":"https:\/\/blogdoprosperi.com\/?cat=53870"},"img":{"alt_text":"","src":"https:\/\/i0.wp.com\/blogdoprosperi.com\/wp-content\/uploads\/2016\/07\/selecao-brasileira-gabriel-jesus-480-fifa-divulgacao-1.jpg?resize=350%2C200","width":350,"height":200,"srcset":"https:\/\/i0.wp.com\/blogdoprosperi.com\/wp-content\/uploads\/2016\/07\/selecao-brasileira-gabriel-jesus-480-fifa-divulgacao-1.jpg?resize=350%2C200 1x, https:\/\/i0.wp.com\/blogdoprosperi.com\/wp-content\/uploads\/2016\/07\/selecao-brasileira-gabriel-jesus-480-fifa-divulgacao-1.jpg?resize=525%2C300 1.5x"},"classes":[]},{"id":18950,"url":"https:\/\/blogdoprosperi.com\/?p=18950","url_meta":{"origin":19909,"position":1},"title":"Neymar n\u00e3o reage e se afoga junto da Sele\u00e7\u00e3o Ol\u00edmpica na estreia nos Jogos do Rio","author":"Luiz Ant\u00f4nio Pr\u00f3speri","date":"4 de agosto de 2016","format":false,"excerpt":"\u00a0 Sele\u00e7\u00e3o Ol\u00edmpica n\u00e3o encanta, apenas empata sem gols com a \u00c1frica do Sul e sai vaiada por parte da torcida na estreia nos Jogos do Rio 2016 no est\u00e1dio Man\u00e9 Garrincha. Tem raz\u00e3o o torcedor. Em nenhum momento do jogo o Brasil arrancou suspiros. Neymar atuou como um principiante,\u2026","rel":"","context":"Em &quot;futebol&quot;","block_context":{"text":"futebol","link":"https:\/\/blogdoprosperi.com\/?cat=53870"},"img":{"alt_text":"","src":"https:\/\/i0.wp.com\/blogdoprosperi.com\/wp-content\/uploads\/2016\/08\/pro-121.jpg?resize=350%2C200&ssl=1","width":350,"height":200,"srcset":"https:\/\/i0.wp.com\/blogdoprosperi.com\/wp-content\/uploads\/2016\/08\/pro-121.jpg?resize=350%2C200&ssl=1 1x, https:\/\/i0.wp.com\/blogdoprosperi.com\/wp-content\/uploads\/2016\/08\/pro-121.jpg?resize=525%2C300&ssl=1 1.5x, https:\/\/i0.wp.com\/blogdoprosperi.com\/wp-content\/uploads\/2016\/08\/pro-121.jpg?resize=700%2C400&ssl=1 2x, https:\/\/i0.wp.com\/blogdoprosperi.com\/wp-content\/uploads\/2016\/08\/pro-121.jpg?resize=1050%2C600&ssl=1 3x, https:\/\/i0.wp.com\/blogdoprosperi.com\/wp-content\/uploads\/2016\/08\/pro-121.jpg?resize=1400%2C800&ssl=1 4x"},"classes":[]},{"id":18862,"url":"https:\/\/blogdoprosperi.com\/?p=18862","url_meta":{"origin":19909,"position":2},"title":"Sele\u00e7\u00e3o estreia nos Jogos do Rio com a miss\u00e3o de resgatar futebol brasileiro","author":"Luiz Ant\u00f4nio Pr\u00f3speri","date":"4 de agosto de 2016","format":false,"excerpt":"Futebol brasileiro est\u00e1 muito perto de um renascimento, a partir deste 4 de agosto de 2016. No est\u00e1dio batizado com o nome da lenda Man\u00e9 Garrincha, em Bras\u00edlia, a Sele\u00e7\u00e3o Ol\u00edmpica entra em campo contra \u00c1frica do Sul, \u00e0s 16h, com a enorme responsabilidade de dar in\u00edcio ao resgate da\u2026","rel":"","context":"Em &quot;futebol&quot;","block_context":{"text":"futebol","link":"https:\/\/blogdoprosperi.com\/?cat=53870"},"img":{"alt_text":"","src":"https:\/\/i0.wp.com\/blogdoprosperi.com\/wp-content\/uploads\/2016\/08\/36cca79200000578-3719494-image-a-14_1470128847963.jpg?resize=350%2C200","width":350,"height":200,"srcset":"https:\/\/i0.wp.com\/blogdoprosperi.com\/wp-content\/uploads\/2016\/08\/36cca79200000578-3719494-image-a-14_1470128847963.jpg?resize=350%2C200 1x, https:\/\/i0.wp.com\/blogdoprosperi.com\/wp-content\/uploads\/2016\/08\/36cca79200000578-3719494-image-a-14_1470128847963.jpg?resize=525%2C300 1.5x"},"classes":[]},{"id":19748,"url":"https:\/\/blogdoprosperi.com\/?p=19748","url_meta":{"origin":19909,"position":3},"title":"Sele\u00e7\u00e3o Ol\u00edmpica s\u00f3 faz aumentar decep\u00e7\u00e3o da torcida e coloca em xeque futuro de uma gera\u00e7\u00e3o promissora","author":"Luiz Ant\u00f4nio Pr\u00f3speri","date":"8 de agosto de 2016","format":false,"excerpt":"Torcedores se manifestam contra outra exibi\u00e7\u00e3o fraca do time de meninos do Brasil e gostariam de trocar Neymar por Marta da sele\u00e7\u00e3o das meninas Sele\u00e7\u00e3o Ol\u00edmpica sai vaiada pela segunda vez consecutiva nos Jogos do Rio. Mais que n\u00e3o fazer um gol em duas partidas, o Brasil perdeu a identidade\u2026","rel":"","context":"Em &quot;futebol&quot;","block_context":{"text":"futebol","link":"https:\/\/blogdoprosperi.com\/?cat=53870"},"img":{"alt_text":"","src":"https:\/\/i0.wp.com\/blogdoprosperi.com\/wp-content\/uploads\/2016\/08\/marta-selecao-brasileira-1.jpg?resize=350%2C200&ssl=1","width":350,"height":200,"srcset":"https:\/\/i0.wp.com\/blogdoprosperi.com\/wp-content\/uploads\/2016\/08\/marta-selecao-brasileira-1.jpg?resize=350%2C200&ssl=1 1x, https:\/\/i0.wp.com\/blogdoprosperi.com\/wp-content\/uploads\/2016\/08\/marta-selecao-brasileira-1.jpg?resize=525%2C300&ssl=1 1.5x"},"classes":[]},{"id":18425,"url":"https:\/\/blogdoprosperi.com\/?p=18425","url_meta":{"origin":19909,"position":4},"title":"Sele\u00e7\u00e3o Brasileira Ol\u00edmpica vira um balc\u00e3o de neg\u00f3cios de jogadores","author":"Luiz Ant\u00f4nio Pr\u00f3speri","date":"1 de agosto de 2016","format":false,"excerpt":"Sele\u00e7\u00e3o Brasileira Ol\u00edmpica vai estrear na Olimp\u00edada do Rio nesta quinta-feira com muitos de seus jovens jogadores no balc\u00e3o de transfer\u00eancias aos clubes europeus. Neg\u00f3cios ultrapassam a casa dos 100 milh\u00f5es de euros (R$ 361 milh\u00f5es) e n\u00e3o ser\u00e3o conclu\u00eddos ainda nesta semana. O Brasil vai correr atr\u00e1s da medalha\u2026","rel":"","context":"Em &quot;futebol&quot;","block_context":{"text":"futebol","link":"https:\/\/blogdoprosperi.com\/?cat=53870"},"img":{"alt_text":"","src":"https:\/\/i0.wp.com\/blogdoprosperi.com\/wp-content\/uploads\/2016\/08\/rodriocaio.jpg?resize=350%2C200&ssl=1","width":350,"height":200,"srcset":"https:\/\/i0.wp.com\/blogdoprosperi.com\/wp-content\/uploads\/2016\/08\/rodriocaio.jpg?resize=350%2C200&ssl=1 1x, https:\/\/i0.wp.com\/blogdoprosperi.com\/wp-content\/uploads\/2016\/08\/rodriocaio.jpg?resize=525%2C300&ssl=1 1.5x"},"classes":[]},{"id":21517,"url":"https:\/\/blogdoprosperi.com\/?p=21517","url_meta":{"origin":19909,"position":5},"title":"Sele\u00e7\u00e3o Ol\u00edmpica consagra Neymar e Gabriel Jesus e vai encarar Alemanha na disputa do ouro","author":"Luiz Ant\u00f4nio Pr\u00f3speri","date":"17 de agosto de 2016","format":false,"excerpt":"Duro \u00e9 convencer a torcida brasileira de que os alem\u00e3es n\u00e3o merecem levar uma sova na final dos Jogos do Rio 2016 Brasil se reconciliou com seu futebol, t\u00e3o maltratado nos \u00faltimos tempos, ao despachar Honduras por 6 a 0 na semifinal dos Jogos do Rio. H\u00e1 quem possa argumentar\u2026","rel":"","context":"Em &quot;futebol&quot;","block_context":{"text":"futebol","link":"https:\/\/blogdoprosperi.com\/?cat=53870"},"img":{"alt_text":"","src":"https:\/\/i0.wp.com\/blogdoprosperi.com\/wp-content\/uploads\/2016\/08\/u9kmit0v.jpg?resize=350%2C200&ssl=1","width":350,"height":200,"srcset":"https:\/\/i0.wp.com\/blogdoprosperi.com\/wp-content\/uploads\/2016\/08\/u9kmit0v.jpg?resize=350%2C200&ssl=1 1x, https:\/\/i0.wp.com\/blogdoprosperi.com\/wp-content\/uploads\/2016\/08\/u9kmit0v.jpg?resize=525%2C300&ssl=1 1.5x"},"classes":[]}],"jetpack_featured_media_url":"","_links":{"self":[{"href":"https:\/\/blogdoprosperi.com\/index.php?rest_route=\/wp\/v2\/posts\/19909","targetHints":{"allow":["GET"]}}],"collection":[{"href":"https:\/\/blogdoprosperi.com\/index.php?rest_route=\/wp\/v2\/posts"}],"about":[{"href":"https:\/\/blogdoprosperi.com\/index.php?rest_route=\/wp\/v2\/types\/post"}],"author":[{"embeddable":true,"href":"https:\/\/blogdoprosperi.com\/index.php?rest_route=\/wp\/v2\/users\/102107496"}],"replies":[{"embeddable":true,"href":"https:\/\/blogdoprosperi.com\/index.php?rest_route=%2Fwp%2Fv2%2Fcomments&post=19909"}],"version-history":[{"count":25,"href":"https:\/\/blogdoprosperi.com\/index.php?rest_route=\/wp\/v2\/posts\/19909\/revisions"}],"predecessor-version":[{"id":20063,"href":"https:\/\/blogdoprosperi.com\/index.php?rest_route=\/wp\/v2\/posts\/19909\/revisions\/20063"}],"wp:attachment":[{"href":"https:\/\/blogdoprosperi.com\/index.php?rest_route=%2Fwp%2Fv2%2Fmedia&parent=19909"}],"wp:term":[{"taxonomy":"category","embeddable":true,"href":"https:\/\/blogdoprosperi.com\/index.php?rest_route=%2Fwp%2Fv2%2Fcategories&post=19909"},{"taxonomy":"post_tag","embeddable":true,"href":"https:\/\/blogdoprosperi.com\/index.php?rest_route=%2Fwp%2Fv2%2Ftags&post=19909"}],"curies":[{"name":"wp","href":"https:\/\/api.w.org\/{rel}","templated":true}]}}