{"id":20184,"date":"2016-08-09T14:37:48","date_gmt":"2016-08-09T17:37:48","guid":{"rendered":"http:\/\/blogdoprosperi.com\/?p=20184"},"modified":"2016-08-09T17:56:18","modified_gmt":"2016-08-09T20:56:18","slug":"neymar-nao-e-o-culpado","status":"publish","type":"post","link":"https:\/\/blogdoprosperi.com\/?p=20184","title":{"rendered":"Neymar n\u00e3o \u00e9 o culpado"},"content":{"rendered":"<figure id=\"attachment_20288\" aria-describedby=\"caption-attachment-20288\" style=\"width: 1319px\" class=\"wp-caption alignnone\"><img data-recalc-dims=\"1\" loading=\"lazy\" decoding=\"async\" data-attachment-id=\"20288\" data-permalink=\"https:\/\/blogdoprosperi.com\/?attachment_id=20288\" data-orig-file=\"https:\/\/i0.wp.com\/blogdoprosperi.com\/wp-content\/uploads\/2016\/08\/neymar_olympics_august_2016.jpg?fit=1319%2C1776&amp;ssl=1\" data-orig-size=\"1319,1776\" data-comments-opened=\"1\" data-image-meta=\"{&quot;aperture&quot;:&quot;4&quot;,&quot;credit&quot;:&quot;nome do fotografo\/Ag\\u00eancia Brasi&quot;,&quot;camera&quot;:&quot;NIKON D4&quot;,&quot;caption&quot;:&quot;Bras\\u00edlia - Futebol masculino da sele\\u00e7\\u00e3o brasileira, deu o seu pontap\\u00e9 inicial na Olimp\\u00edada Rio 2016, em uma partida contra a \\u00c1frica do Sul, no Est\\u00e1dio Man\\u00e9 Garrincha (Marcelo Camargo\/Ag\\u00eancia Brasil)&quot;,&quot;created_timestamp&quot;:&quot;1470327072&quot;,&quot;copyright&quot;:&quot;Agencia Brasil&quot;,&quot;focal_length&quot;:&quot;600&quot;,&quot;iso&quot;:&quot;640&quot;,&quot;shutter_speed&quot;:&quot;0.001&quot;,&quot;title&quot;:&quot;Brasil estreia contra a \\u00c1frica do Sul no Man\\u00e9 Garrincha&quot;,&quot;orientation&quot;:&quot;1&quot;}\" data-image-title=\"Brasil estreia contra a \u00c1frica do Sul no Man\u00e9 Garrincha\" data-image-description=\"\" data-image-caption=\"&lt;p&gt;Bras\u00edlia &amp;#8211; Futebol masculino da sele\u00e7\u00e3o brasileira, deu o seu pontap\u00e9 inicial na Olimp\u00edada Rio 2016, em uma partida contra a \u00c1frica do Sul, no Est\u00e1dio Man\u00e9 Garrincha (Marcelo Camargo\/Ag\u00eancia Brasil)&lt;\/p&gt;\n\" data-large-file=\"https:\/\/i0.wp.com\/blogdoprosperi.com\/wp-content\/uploads\/2016\/08\/neymar_olympics_august_2016.jpg?fit=761%2C1024&amp;ssl=1\" class=\"alignnone size-full wp-image-20288\" src=\"https:\/\/i0.wp.com\/blogdoprosperi.com\/wp-content\/uploads\/2016\/08\/neymar_olympics_august_2016.jpg?resize=940%2C1266&#038;ssl=1\" alt=\"Brasil estreia contra a \u00c1frica do Sul no Man\u00e9 Garrincha\" width=\"940\" height=\"1266\" \/><figcaption id=\"caption-attachment-20288\" class=\"wp-caption-text\">Neymar no jogo contra \u00c1frica do Sul &#8211; Foto: Marcelo Camargo &#8211; Ag\u00eancia Brasil<\/figcaption><\/figure>\n<p>Futebol brasileiro corre risco enorme de cair na primeira fase da Olimp\u00edada nesta quarta-feira no jogo contra a Dinamarca. Seria um desastre do tamanho do 7 a 1. Devastador. Um tiro no cora\u00e7\u00e3o da institui\u00e7\u00e3o <a href=\"http:\/\/blogdoprosperi.com\/2016\/08\/08\/selecao-olimpica-so-faz-aumentar-decepcao-da-torcida-e-coloca-em-xeque-futuro-de-uma-geracao-promissora\/\">Sele\u00e7\u00e3o Brasileira<\/a>, sem credibilidade e em crise permanente desde o fracasso na Copa do Mundo de 2006. Buscar culpados neste momento \u00e9 de um oportunismo sem prop\u00f3sito. De nada adianta cortar a cabe\u00e7a de Neymar e servi-la na bandeja.<!--more--><\/p>\n<p>Diagn\u00f3stico do abismo em que se meteu o futebol brasileiro remonta d\u00e9cadas, passa pela gest\u00e3o de <a href=\"http:\/\/blogdoprosperi.com\/2016\/06\/13\/autopsia-da-crise-na-selecao-e-a-segunda-queda-de-dunga\/\">Jo\u00e3o Havelange na CBF, Ricardo Teixeira, Jos\u00e9 Maria Marin, o breve, at\u00e9 desembocar em Marco Polo Del Nero<\/a>, em situa\u00e7\u00e3o delicada com a Justi\u00e7a dos Estados Unidos e Fifa.<\/p>\n<p>Dirigentes, todos eles, de clubes e da <a href=\"http:\/\/blogdoprosperi.com\/2016\/04\/07\/a-solidao-de-romario\/\">CBF, <\/a>contribu\u00edram e muito por esse temporal que assola o futebol brasileiro sem sinais de bonan\u00e7a.<\/p>\n<p>Jogadores tamb\u00e9m t\u00eam boa parcela de responsabilidade por essa hecatombe. Uma gera\u00e7\u00e3o em especial deve ser examinada com uma lupa. Falamos da turma de 2006, jovens na \u00e9poca, com Robinho, Adriano, Ronaldinho Ga\u00facho e Kak\u00e1, quando Ronaldo Fen\u00f4meno j\u00e1 vivia ocaso de sua carreira.<\/p>\n<p>E n\u00e3o podemos nos esquecer de treinadores obtusos, <a href=\"http:\/\/blogdoprosperi.com\/2016\/06\/13\/dunga-confirma-o-retrocesso-do-retrocesso-no-comando-da-selecao-brasileira\/\">Dunga <\/a>o mais representativo dessa vertente de t\u00e9cnicos a jogar apenas em fun\u00e7\u00e3o do resultado sem pensar na gema do futebol brasileiro.<\/p>\n<p>Acompanhe alguns dados e conceitos e fa\u00e7a a sua reflex\u00e3o, caro leitor:<\/p>\n<p><strong>Jo\u00e3o Havelange &#8211; presidente da CBF, entre 1957 a 1974.<\/strong><br \/>\nNo seu reinado, a Sele\u00e7\u00e3o Brasileira conquistou tr\u00eas Copas do Mundo embalada na gera\u00e7\u00e3o de Pel\u00e9 e Garrincha, e no \u00faltimo ato com Tost\u00e3o, Rivellino, Gerson e outros craques. N\u00e3o levou ouro em nenhuma Olimp\u00edada neste per\u00edodo. Havelange comandou a Fifa por 24 anos e depois se descobriu o quanto estava metido em esc\u00e2ndalos de corrup\u00e7\u00e3o.<\/p>\n<p><span class=\"alignnone\"><img data-recalc-dims=\"1\" loading=\"lazy\" decoding=\"async\" data-attachment-id=\"20290\" data-permalink=\"https:\/\/blogdoprosperi.com\/?attachment_id=20290\" data-orig-file=\"https:\/\/i0.wp.com\/blogdoprosperi.com\/wp-content\/uploads\/2016\/08\/105569-970x600-1.jpeg?fit=970%2C600&amp;ssl=1\" data-orig-size=\"970,600\" data-comments-opened=\"1\" data-image-meta=\"{&quot;aperture&quot;:&quot;0&quot;,&quot;credit&quot;:&quot;&quot;,&quot;camera&quot;:&quot;&quot;,&quot;caption&quot;:&quot;&quot;,&quot;created_timestamp&quot;:&quot;0&quot;,&quot;copyright&quot;:&quot;&quot;,&quot;focal_length&quot;:&quot;0&quot;,&quot;iso&quot;:&quot;0&quot;,&quot;shutter_speed&quot;:&quot;0&quot;,&quot;title&quot;:&quot;&quot;,&quot;orientation&quot;:&quot;0&quot;}\" data-image-title=\"105569-970&amp;#215;600-1\" data-image-description=\"\" data-image-caption=\"\" data-large-file=\"https:\/\/i0.wp.com\/blogdoprosperi.com\/wp-content\/uploads\/2016\/08\/105569-970x600-1.jpeg?fit=940%2C581&amp;ssl=1\" class=\"alignnone size-full wp-image-20290\" src=\"https:\/\/i0.wp.com\/blogdoprosperi.com\/wp-content\/uploads\/2016\/08\/105569-970x600-1.jpeg?resize=940%2C581&#038;ssl=1\" alt=\"105569-970x600-1\" width=\"940\" height=\"581\" \/><\/span><\/p>\n<p><strong>Ricardo Teixeira &#8211; presidente da CBF, de 1989 a 2012.<\/strong><br \/>\nNa sua gest\u00e3o, o Brasil conquistou duas Copas do Mundo (1994 e 2002), tamb\u00e9m com jogadores extraordin\u00e1rios do porte de Rom\u00e1rio, Rivaldo e Ronaldo Fen\u00f4meno. No seu comando, colecionou fracassos em todas as Olimp\u00edadas. Ao deixar a CBF, Teixeira acabou denunciado por corrup\u00e7\u00e3o e est\u00e1 sob investiga\u00e7\u00e3o.<\/p>\n<p><strong>Jos\u00e9 Maria Marin &#8211; presidente da CBF, de 2012 a 2015.<\/strong><br \/>\nCarrega um dos maiores vexames da hist\u00f3ria do futebol brasileiro traduzido no 7 a 1. Est\u00e1 preso, em c\u00e1rcere domiciliar, nos Estados Unidos h\u00e1 quase um ano. Na sua gest\u00e3o, \u00a0Brasil fracassou com Mano Menezes e Neymar, medalha de prata na Olimp\u00edada de Londres em 2012.<\/p>\n<p><strong>Marco Polo Del Nero &#8211; presidente da CBF desde abril de 2015.<\/strong><br \/>\nAcumula dois desastres com quedas na Copa Am\u00e9rica no Chile e Centen\u00e1rio nos Estados Unidos e a sexta coloca\u00e7\u00e3o nas Eliminat\u00f3rias da Copa de 2018 &#8211; portanto fora do Mundial da R\u00fassia neste momento. Afogado, se socorre na corda esticada a <a href=\"http:\/\/blogdoprosperi.com\/2016\/06\/20\/tite-leva-beijo-de-del-nero-na-face-e-faz-referencias-as-selecoes-das-copas-de-70-e-82\/\">Tite, herdeiro dos \u00faltimos dois anos melanc\u00f3licos da gest\u00e3o de Dunga na Sele\u00e7\u00e3o<\/a>. Del Nero \u00e9 o respons\u00e1vel por dar a Sele\u00e7\u00e3o Ol\u00edmpica a Rogerio Micale.<\/p>\n<p><span class=\"alignnone\"><img data-recalc-dims=\"1\" loading=\"lazy\" decoding=\"async\" data-attachment-id=\"20291\" data-permalink=\"https:\/\/blogdoprosperi.com\/?attachment_id=20291\" data-orig-file=\"https:\/\/i0.wp.com\/blogdoprosperi.com\/wp-content\/uploads\/2016\/08\/josemariamarin_delnero_baltar25.jpg?fit=1024%2C647&amp;ssl=1\" data-orig-size=\"1024,647\" data-comments-opened=\"1\" data-image-meta=\"{&quot;aperture&quot;:&quot;0&quot;,&quot;credit&quot;:&quot;&quot;,&quot;camera&quot;:&quot;&quot;,&quot;caption&quot;:&quot;&quot;,&quot;created_timestamp&quot;:&quot;0&quot;,&quot;copyright&quot;:&quot;&quot;,&quot;focal_length&quot;:&quot;0&quot;,&quot;iso&quot;:&quot;0&quot;,&quot;shutter_speed&quot;:&quot;0&quot;,&quot;title&quot;:&quot;&quot;,&quot;orientation&quot;:&quot;0&quot;}\" data-image-title=\"josemariamarin_delnero_baltar25\" data-image-description=\"\" data-image-caption=\"\" data-large-file=\"https:\/\/i0.wp.com\/blogdoprosperi.com\/wp-content\/uploads\/2016\/08\/josemariamarin_delnero_baltar25.jpg?fit=940%2C594&amp;ssl=1\" class=\"alignnone size-full wp-image-20291\" src=\"https:\/\/i0.wp.com\/blogdoprosperi.com\/wp-content\/uploads\/2016\/08\/josemariamarin_delnero_baltar25.jpg?resize=940%2C594&#038;ssl=1\" alt=\"josemariamarin_delnero_baltar25\" width=\"940\" height=\"594\" \/><\/span><\/p>\n<p><strong>Gera\u00e7\u00e3o da Copa de 2006<\/strong><br \/>\nRobinho, Ronaldinho Ga\u00facho, Kak\u00e1 e Adriano tinham tudo para dar sequ\u00eancia \u00e0s conquistas de turma de <a href=\"http:\/\/blogdoprosperi.com\/2016\/06\/15\/mazinho-expoe-as-mazelas-da-selecao-brasileira-e-o-legado-da-copa-de-94\/\">Rom\u00e1rio e Rivaldo e Ronaldo Fen\u00f4meno<\/a>. Desistiram no meio do caminho. Ronaldinho minguou com uma vela ap\u00f3s a Copa de 2006. Adriano desistiu do futebol. Kak\u00e1, apesar do t\u00edtulo de melhor do mundo em 2007, nunca foi protagonista na Sele\u00e7\u00e3o. E Robinho nunca confirmou o que dele se esperava.<\/p>\n<p>Fracasso dessa gera\u00e7\u00e3o deixou sem lastro a pr\u00f3xima, tendo em <a href=\"http:\/\/blogdoprosperi.com\/2016\/04\/14\/o-enigma-neymar\/\">Neymar<\/a> o seu maior expoente. Os ditos craques de 2006 n\u00e3o tiveram capacidade para fazer a transi\u00e7\u00e3o at\u00e9 2010, e nunca assumiram essa responsabilidade natural.<\/p>\n<p><span class=\"alignnone\"><img data-recalc-dims=\"1\" loading=\"lazy\" decoding=\"async\" data-attachment-id=\"20289\" data-permalink=\"https:\/\/blogdoprosperi.com\/?attachment_id=20289\" data-orig-file=\"https:\/\/i0.wp.com\/blogdoprosperi.com\/wp-content\/uploads\/2016\/08\/robinho-adriano-kaka-e-ronaldinho-gaucho-em-2006-1399383717065_956x500.jpg?fit=956%2C500&amp;ssl=1\" data-orig-size=\"956,500\" data-comments-opened=\"1\" data-image-meta=\"{&quot;aperture&quot;:&quot;0&quot;,&quot;credit&quot;:&quot;&quot;,&quot;camera&quot;:&quot;&quot;,&quot;caption&quot;:&quot;&quot;,&quot;created_timestamp&quot;:&quot;0&quot;,&quot;copyright&quot;:&quot;&quot;,&quot;focal_length&quot;:&quot;0&quot;,&quot;iso&quot;:&quot;0&quot;,&quot;shutter_speed&quot;:&quot;0&quot;,&quot;title&quot;:&quot;&quot;,&quot;orientation&quot;:&quot;0&quot;}\" data-image-title=\"robinho-adriano-kaka-e-ronaldinho-gaucho-em-2006-1399383717065_956x500\" data-image-description=\"\" data-image-caption=\"\" data-large-file=\"https:\/\/i0.wp.com\/blogdoprosperi.com\/wp-content\/uploads\/2016\/08\/robinho-adriano-kaka-e-ronaldinho-gaucho-em-2006-1399383717065_956x500.jpg?fit=940%2C492&amp;ssl=1\" class=\"alignnone size-full wp-image-20289\" src=\"https:\/\/i0.wp.com\/blogdoprosperi.com\/wp-content\/uploads\/2016\/08\/robinho-adriano-kaka-e-ronaldinho-gaucho-em-2006-1399383717065_956x500.jpg?resize=940%2C492&#038;ssl=1\" alt=\"robinho-adriano-kaka-e-ronaldinho-gaucho-em-2006-1399383717065_956x500\" width=\"940\" height=\"492\" \/><\/span><\/p>\n<p><strong>Dirigentes de clubes brasileiros<\/strong><br \/>\nNenhum deles pensa em um trabalho profundo nas categorias de base. Investem pesado na infra-estrutura e entregam a gest\u00e3o dos garotos \u00e0 gente incompetente e despreparada. A pol\u00edtica dominante \u00e9 encontrar uma pepita de ouro e vender o mais r\u00e1pido poss\u00edvel aos milion\u00e1rios clubes europeus. E depois contar montanhas de c\u00e9dulas verdinhas.<\/p>\n<p><strong>Olimp\u00edada do Rio<br \/>\n<\/strong>E chegamos ao caos de agora. O mais palp\u00e1vel \u00e9 a encrenca em que est\u00e1 a <a href=\"http:\/\/blogdoprosperi.com\/2016\/08\/08\/contra-fracasso-na-olimpiada-gabriel-jesus-precisa-da-solidariedade-de-neymar-e-gabigol\/\">Sele\u00e7\u00e3o Ol\u00edmpica <\/a>nos Jogos do Rio. Em dois jogos, dois empates e nenhum gol contra bons advers\u00e1rios, apesar da pouca tradi\u00e7\u00e3o no futebol. O Brasil tem de vencer a Dinamarca para n\u00e3o ser eliminado na primeira fase do torneio dos Jogos do Rio.<\/p>\n<p>Neste momento o <a href=\"http:\/\/blogdoprosperi.com\/2016\/07\/29\/tite-aprova-e-neymar-assume-bracadeira-de-capitao-da-selecao-olimpica\/\">Cristo da vez \u00e9 Neymar<\/a>. Acusado por inquisidores sobre seu comportamento dentro e fora de campo. Alvo da ira da TV Globo, boa parte da m\u00eddia e de torcedores abonados que pagam por ingressos car\u00edssimos nos jogos da Sele\u00e7\u00e3o.<\/p>\n<figure id=\"attachment_20323\" aria-describedby=\"caption-attachment-20323\" style=\"width: 2500px\" class=\"wp-caption alignnone\"><img data-recalc-dims=\"1\" loading=\"lazy\" decoding=\"async\" data-attachment-id=\"20323\" data-permalink=\"https:\/\/blogdoprosperi.com\/?attachment_id=20323\" data-orig-file=\"https:\/\/i0.wp.com\/blogdoprosperi.com\/wp-content\/uploads\/2016\/08\/pro2-9.jpg?fit=2500%2C1667&amp;ssl=1\" data-orig-size=\"2500,1667\" data-comments-opened=\"1\" data-image-meta=\"{&quot;aperture&quot;:&quot;2.8&quot;,&quot;credit&quot;:&quot;&quot;,&quot;camera&quot;:&quot;Canon EOS-1D X&quot;,&quot;caption&quot;:&quot;&quot;,&quot;created_timestamp&quot;:&quot;1470745684&quot;,&quot;copyright&quot;:&quot;ALEX SILVA\/ESTADAO&quot;,&quot;focal_length&quot;:&quot;200&quot;,&quot;iso&quot;:&quot;2000&quot;,&quot;shutter_speed&quot;:&quot;0.001&quot;,&quot;title&quot;:&quot;&quot;,&quot;orientation&quot;:&quot;1&quot;}\" data-image-title=\"PRO2-9\" data-image-description=\"\" data-image-caption=\"\" data-large-file=\"https:\/\/i0.wp.com\/blogdoprosperi.com\/wp-content\/uploads\/2016\/08\/pro2-9.jpg?fit=940%2C627&amp;ssl=1\" class=\"alignnone size-full wp-image-20323\" src=\"https:\/\/i0.wp.com\/blogdoprosperi.com\/wp-content\/uploads\/2016\/08\/pro2-9.jpg?resize=940%2C627&#038;ssl=1\" alt=\"PRO2-9\" width=\"940\" height=\"627\" \/><figcaption id=\"caption-attachment-20323\" class=\"wp-caption-text\">Micale desabafa na coletiva em Salvador\u00a0<\/figcaption><\/figure>\n<p>&nbsp;<\/p>\n<p>Diante da saraivada de flechas contra o craque do Barcelona, <a href=\"http:\/\/blogdoprosperi.com\/2016\/08\/04\/selecao-estreia-nos-jogos-do-rio-com-a-missao-de-resgatar-futebol-brasileiro\/\">Rogerio Micale <\/a>deu um diagn\u00f3stico perfeito na coletiva de imprensa nesta ter\u00e7a-feira (09\/8) em Salvador.<\/p>\n<blockquote><p>&#8220;Enquanto ficarmos preocupados com tarjas de capit\u00e3o, comportamentos pessoais, situa\u00e7\u00f5es internas de relacionamento, e n\u00e3o abrirmos discuss\u00e3o para realmente entender o que est\u00e1 acontecendo no futebol brasileiro, no setor t\u00e1tico, comportamental, vamos continuar na mesmice. Queremos achar culpados, isso \u00e9 um grande mal. Para avan\u00e7armos em algo melhor para o nosso futebol, a discuss\u00e3o deveria ser mais aprofundada, e n\u00e3o t\u00e3o superficial em pontos que n\u00e3o agregam nada em situa\u00e7\u00f5es de jogo.&#8221;<\/p>\n<p>&#8220;Temos que parar de achar vil\u00f5es. Fizemos isso com Bernard na Copa do Mundo, o Rafael (lateral-direito que deu um gol ao M\u00e9xico na final) na \u00faltima Olimp\u00edada. Sempre buscamos vil\u00f5es e muitas vezes estancamos um potencial de avan\u00e7o num futuro pr\u00f3ximo. A Alemanha levou 12 anos para chegar onde chegou, mas n\u00f3s queremos chegar l\u00e1 com seis meses, n\u00e3o queremos passar por 11 anos e meio de prepara\u00e7\u00e3o. Estamos lidando com jovens, se continuarmos matando, vamos colher a mesma coisa que estamos colhendo h\u00e1 anos&#8221;.<\/p>\n<p><span class=\"alignnone\"><img data-recalc-dims=\"1\" loading=\"lazy\" decoding=\"async\" data-attachment-id=\"19843\" data-permalink=\"https:\/\/blogdoprosperi.com\/?attachment_id=19843\" data-orig-file=\"https:\/\/i0.wp.com\/blogdoprosperi.com\/wp-content\/uploads\/2016\/08\/622_eb705625-b74a-3a95-a48f-a4bcb5683f0b.jpg?fit=622%2C350&amp;ssl=1\" data-orig-size=\"622,350\" data-comments-opened=\"1\" data-image-meta=\"{&quot;aperture&quot;:&quot;0&quot;,&quot;credit&quot;:&quot;&quot;,&quot;camera&quot;:&quot;&quot;,&quot;caption&quot;:&quot;&quot;,&quot;created_timestamp&quot;:&quot;0&quot;,&quot;copyright&quot;:&quot;&quot;,&quot;focal_length&quot;:&quot;0&quot;,&quot;iso&quot;:&quot;0&quot;,&quot;shutter_speed&quot;:&quot;0&quot;,&quot;title&quot;:&quot;&quot;,&quot;orientation&quot;:&quot;0&quot;}\" data-image-title=\"622_eb705625-b74a-3a95-a48f-a4bcb5683f0b\" data-image-description=\"\" data-image-caption=\"\" data-large-file=\"https:\/\/i0.wp.com\/blogdoprosperi.com\/wp-content\/uploads\/2016\/08\/622_eb705625-b74a-3a95-a48f-a4bcb5683f0b.jpg?fit=622%2C350&amp;ssl=1\" class=\"alignnone  wp-image-19843\" src=\"https:\/\/i0.wp.com\/blogdoprosperi.com\/wp-content\/uploads\/2016\/08\/622_eb705625-b74a-3a95-a48f-a4bcb5683f0b.jpg?resize=520%2C292&#038;ssl=1\" alt=\"622_eb705625-b74a-3a95-a48f-a4bcb5683f0b\" width=\"520\" height=\"292\" \/><\/span><\/p>\n<p>&#8220;Neymar \u00e9 um jovem de 24 anos que n\u00e3o atingiu ainda maturidade total, vai atingir. De uma forma geral, aos 28 anos o jogador chega ao \u00e1pice como atleta, homem, f\u00edsica e mentalmente. Ele j\u00e1 tem de lidar com a press\u00e3o de ser um l\u00edder, um expoente, desde 17, 18 anos de idade. A gera\u00e7\u00e3o que lhe daria suporte (de 2006) n\u00e3o se firmou.&#8221;<\/p>\n<p><span class=\"alignnone\"><img data-recalc-dims=\"1\" loading=\"lazy\" decoding=\"async\" data-attachment-id=\"20287\" data-permalink=\"https:\/\/blogdoprosperi.com\/?attachment_id=20287\" data-orig-file=\"https:\/\/i0.wp.com\/blogdoprosperi.com\/wp-content\/uploads\/2016\/08\/201608081933_941cebd283.jpg?fit=300%2C225&amp;ssl=1\" data-orig-size=\"300,225\" data-comments-opened=\"1\" data-image-meta=\"{&quot;aperture&quot;:&quot;0&quot;,&quot;credit&quot;:&quot;&quot;,&quot;camera&quot;:&quot;&quot;,&quot;caption&quot;:&quot;&quot;,&quot;created_timestamp&quot;:&quot;0&quot;,&quot;copyright&quot;:&quot;&quot;,&quot;focal_length&quot;:&quot;0&quot;,&quot;iso&quot;:&quot;0&quot;,&quot;shutter_speed&quot;:&quot;0&quot;,&quot;title&quot;:&quot;&quot;,&quot;orientation&quot;:&quot;0&quot;}\" data-image-title=\"201608081933_941cebd283\" data-image-description=\"\" data-image-caption=\"\" data-large-file=\"https:\/\/i0.wp.com\/blogdoprosperi.com\/wp-content\/uploads\/2016\/08\/201608081933_941cebd283.jpg?fit=300%2C225&amp;ssl=1\" class=\"alignnone size-full wp-image-20287 alignright\" src=\"https:\/\/i0.wp.com\/blogdoprosperi.com\/wp-content\/uploads\/2016\/08\/201608081933_941cebd283.jpg?resize=300%2C225&#038;ssl=1\" alt=\"201608081933_941cebd283\" width=\"300\" height=\"225\" \/><\/span>&#8220;A Marta est\u00e1 com quantos anos? 31 anos&#8230; Podemos dizer que a Marta \u00e9 uma jogadora sensacional, tem todo nosso reconhecimento, mas o Neymar tem o meu reconhecimento como futuro melhor do mundo, ele vai ser, e n\u00f3s precisamos respeitar o Neymar. Ele \u00e9 jovem. Sei que em alguns momentos age de uma forma que n\u00e3o queremos, mas na idade dele, n\u00e3o far\u00edamos as mesmas coisas, tendo o que ele tem?<\/p>\n<p>&#8220;N\u00e3o est\u00e1 f\u00e1cil a situa\u00e7\u00e3o que envolve o imediatismo com nossos jovens jogadores, isso me preocupa como formador, como algu\u00e9m que trabalha com jovens h\u00e1 alguns anos. Estamos sendo implac\u00e1veis, essa conta vai cobrar um pre\u00e7o. Se n\u00e3o respeitarmos nossos craques, eles n\u00e3o v\u00e3o querer estar com a gente.&#8221;<\/p><\/blockquote>\n<p>Ainda sobre o diagn\u00f3stico de crise, faltou falar dos treinadores da Sele\u00e7\u00e3o Brasileira. Basta dizer um nome: Dunga.<\/p>\n<p>Quanto a Neymar, ele n\u00e3o \u00e9 o culpado por tudo de ruim que vivemos no futebol brasileiro. Tem de assumir a sua responsabilidade e jogar bola, nada mais.<\/p>\n<p><span class=\"alignnone\"><img data-recalc-dims=\"1\" loading=\"lazy\" decoding=\"async\" data-attachment-id=\"20313\" data-permalink=\"https:\/\/blogdoprosperi.com\/?attachment_id=20313\" data-orig-file=\"https:\/\/i0.wp.com\/blogdoprosperi.com\/wp-content\/uploads\/2016\/08\/brazil-olympic-selecao-brasileira-olimpica-neymar-david-lucca_1qyc7qoiawx6z1eyxslafryxj9.jpg?fit=1920%2C1080&amp;ssl=1\" data-orig-size=\"1920,1080\" data-comments-opened=\"1\" data-image-meta=\"{&quot;aperture&quot;:&quot;2.8&quot;,&quot;credit&quot;:&quot;&quot;,&quot;camera&quot;:&quot;Canon EOS-1D X&quot;,&quot;caption&quot;:&quot;&quot;,&quot;created_timestamp&quot;:&quot;1469362678&quot;,&quot;copyright&quot;:&quot;&quot;,&quot;focal_length&quot;:&quot;400&quot;,&quot;iso&quot;:&quot;160&quot;,&quot;shutter_speed&quot;:&quot;0.0002&quot;,&quot;title&quot;:&quot;&quot;,&quot;orientation&quot;:&quot;0&quot;}\" data-image-title=\"brazil-olympic-selecao-brasileira-olimpica-neymar-david-lucca_1qyc7qoiawx6z1eyxslafryxj9\" data-image-description=\"\" data-image-caption=\"\" data-large-file=\"https:\/\/i0.wp.com\/blogdoprosperi.com\/wp-content\/uploads\/2016\/08\/brazil-olympic-selecao-brasileira-olimpica-neymar-david-lucca_1qyc7qoiawx6z1eyxslafryxj9.jpg?fit=940%2C529&amp;ssl=1\" class=\"alignnone size-full wp-image-20313\" src=\"https:\/\/i0.wp.com\/blogdoprosperi.com\/wp-content\/uploads\/2016\/08\/brazil-olympic-selecao-brasileira-olimpica-neymar-david-lucca_1qyc7qoiawx6z1eyxslafryxj9.jpg?resize=940%2C529&#038;ssl=1\" alt=\"brazil-olympic-selecao-brasileira-olimpica-neymar-david-lucca_1qyc7qoiawx6z1eyxslafryxj9\" width=\"940\" height=\"529\" \/><\/span><\/p>\n","protected":false},"excerpt":{"rendered":"<p>Futebol brasileiro corre risco enorme de cair na primeira fase da Olimp\u00edada nesta quarta-feira no jogo contra a [&hellip;]<\/p>\n","protected":false},"author":102107496,"featured_media":0,"comment_status":"open","ping_status":"open","sticky":false,"template":"","format":"standard","meta":{"_coblocks_attr":"","_coblocks_dimensions":"","_coblocks_responsive_height":"","_coblocks_accordion_ie_support":"","_jetpack_newsletter_access":"","_jetpack_dont_email_post_to_subs":false,"_jetpack_newsletter_tier_id":0,"_jetpack_memberships_contains_paywalled_content":false,"_wpcom_ai_launchpad_first_post":false,"_jetpack_feature_clip_id":0,"_jetpack_memberships_contains_paid_content":false,"footnotes":"","jetpack_publicize_message":"","jetpack_publicize_feature_enabled":true,"jetpack_social_post_already_shared":false,"jetpack_social_options":{"image_generator_settings":{"template":"highway","default_image_id":0,"font":"","enabled":false},"version":2},"jetpack_post_was_ever_published":false},"categories":[53870,77187843],"tags":[789560569,789560563,789560560,70642711,4029902,83249,4112146,192540322,2436675,48751943,3135268],"class_list":["post-20184","post","type-post","status-publish","format-standard","hentry","category-futebol","category-olimpiada-do-rio","tag-cbf","tag-fifa","tag-futebol","tag-jogos-do-rio","tag-marco-polo-del-nero","tag-marta","tag-neymar","tag-olimpiada-do-rio-2016","tag-ricardo-teixeira","tag-rogerio-micale","tag-selecao-olimpica"],"yoast_head":"<!-- This site is optimized with the Yoast SEO plugin v28.3 - https:\/\/yoast.com\/product\/yoast-seo-wordpress\/ -->\n<title>Neymar n\u00e3o \u00e9 o culpado - PR\u00d3SPERI NEWS<\/title>\n<meta name=\"robots\" content=\"index, follow, max-snippet:-1, max-image-preview:large, max-video-preview:-1\" \/>\n<link rel=\"canonical\" href=\"https:\/\/blogdoprosperi.com\/?p=20184\" \/>\n<meta property=\"og:locale\" content=\"pt_BR\" \/>\n<meta property=\"og:type\" content=\"article\" \/>\n<meta property=\"og:title\" content=\"Neymar n\u00e3o \u00e9 o culpado - PR\u00d3SPERI NEWS\" \/>\n<meta property=\"og:description\" content=\"Futebol brasileiro corre risco enorme de cair na primeira fase da Olimp\u00edada nesta quarta-feira no jogo contra a [&hellip;]\" \/>\n<meta property=\"og:url\" content=\"https:\/\/blogdoprosperi.com\/?p=20184\" \/>\n<meta property=\"og:site_name\" content=\"PR\u00d3SPERI NEWS\" \/>\n<meta property=\"article:publisher\" content=\"Luiz Pr\u00f3speri\" \/>\n<meta property=\"article:author\" content=\"Luiz Pr\u00f3speri\" \/>\n<meta property=\"article:published_time\" content=\"2016-08-09T17:37:48+00:00\" \/>\n<meta property=\"article:modified_time\" content=\"2016-08-09T20:56:18+00:00\" \/>\n<meta property=\"og:image\" content=\"https:\/\/blogdoprosperi.com\/wp-content\/uploads\/2016\/08\/neymar_olympics_august_2016.jpg\" \/>\n<meta name=\"author\" content=\"Luiz Ant\u00f4nio Pr\u00f3speri\" \/>\n<meta name=\"twitter:card\" content=\"summary_large_image\" \/>\n<meta name=\"twitter:creator\" content=\"@Luizprosperi\" \/>\n<meta name=\"twitter:site\" content=\"@Luizprosperi\" \/>\n<meta name=\"twitter:label1\" content=\"Escrito por\" \/>\n\t<meta name=\"twitter:data1\" content=\"Luiz Ant\u00f4nio Pr\u00f3speri\" \/>\n\t<meta name=\"twitter:label2\" content=\"Est. tempo de leitura\" \/>\n\t<meta name=\"twitter:data2\" content=\"6 minutos\" \/>\n<script type=\"application\/ld+json\" class=\"yoast-schema-graph\">{\"@context\":\"https:\\\/\\\/schema.org\",\"@graph\":[{\"@type\":\"Article\",\"@id\":\"https:\\\/\\\/blogdoprosperi.com\\\/?p=20184#article\",\"isPartOf\":{\"@id\":\"https:\\\/\\\/blogdoprosperi.com\\\/?p=20184\"},\"author\":{\"name\":\"Luiz Ant\u00f4nio Pr\u00f3speri\",\"@id\":\"https:\\\/\\\/blogdoprosperi.com\\\/#\\\/schema\\\/person\\\/38100755ce3601861ee4fab9b5aa78e9\"},\"headline\":\"Neymar n\u00e3o \u00e9 o culpado\",\"datePublished\":\"2016-08-09T17:37:48+00:00\",\"dateModified\":\"2016-08-09T20:56:18+00:00\",\"mainEntityOfPage\":{\"@id\":\"https:\\\/\\\/blogdoprosperi.com\\\/?p=20184\"},\"wordCount\":1292,\"commentCount\":6,\"publisher\":{\"@id\":\"https:\\\/\\\/blogdoprosperi.com\\\/#\\\/schema\\\/person\\\/38100755ce3601861ee4fab9b5aa78e9\"},\"image\":{\"@id\":\"https:\\\/\\\/blogdoprosperi.com\\\/?p=20184#primaryimage\"},\"thumbnailUrl\":\"https:\\\/\\\/blogdoprosperi.com\\\/wp-content\\\/uploads\\\/2016\\\/08\\\/neymar_olympics_august_2016.jpg\",\"keywords\":[\"CBF\",\"Fifa\",\"futebol\",\"Jogos do Rio\",\"Marco Polo Del Nero\",\"Marta\",\"Neymar\",\"Olimp\u00edada do Rio-2016\",\"Ricardo Teixeira\",\"Rog\u00e9rio Micale\",\"Sele\u00e7\u00e3o Ol\u00edmpica\"],\"articleSection\":[\"futebol\",\"Olimp\u00edada do Rio\"],\"inLanguage\":\"pt-BR\",\"potentialAction\":[{\"@type\":\"CommentAction\",\"name\":\"Comment\",\"target\":[\"https:\\\/\\\/blogdoprosperi.com\\\/?p=20184#respond\"]}]},{\"@type\":\"WebPage\",\"@id\":\"https:\\\/\\\/blogdoprosperi.com\\\/?p=20184\",\"url\":\"https:\\\/\\\/blogdoprosperi.com\\\/?p=20184\",\"name\":\"Neymar n\u00e3o \u00e9 o culpado - PR\u00d3SPERI NEWS\",\"isPartOf\":{\"@id\":\"https:\\\/\\\/blogdoprosperi.com\\\/#website\"},\"primaryImageOfPage\":{\"@id\":\"https:\\\/\\\/blogdoprosperi.com\\\/?p=20184#primaryimage\"},\"image\":{\"@id\":\"https:\\\/\\\/blogdoprosperi.com\\\/?p=20184#primaryimage\"},\"thumbnailUrl\":\"https:\\\/\\\/blogdoprosperi.com\\\/wp-content\\\/uploads\\\/2016\\\/08\\\/neymar_olympics_august_2016.jpg\",\"datePublished\":\"2016-08-09T17:37:48+00:00\",\"dateModified\":\"2016-08-09T20:56:18+00:00\",\"breadcrumb\":{\"@id\":\"https:\\\/\\\/blogdoprosperi.com\\\/?p=20184#breadcrumb\"},\"inLanguage\":\"pt-BR\",\"potentialAction\":[{\"@type\":\"ReadAction\",\"target\":[\"https:\\\/\\\/blogdoprosperi.com\\\/?p=20184\"]}]},{\"@type\":\"ImageObject\",\"inLanguage\":\"pt-BR\",\"@id\":\"https:\\\/\\\/blogdoprosperi.com\\\/?p=20184#primaryimage\",\"url\":\"https:\\\/\\\/i0.wp.com\\\/blogdoprosperi.com\\\/wp-content\\\/uploads\\\/2016\\\/08\\\/neymar_olympics_august_2016.jpg?fit=1319%2C1776&ssl=1\",\"contentUrl\":\"https:\\\/\\\/i0.wp.com\\\/blogdoprosperi.com\\\/wp-content\\\/uploads\\\/2016\\\/08\\\/neymar_olympics_august_2016.jpg?fit=1319%2C1776&ssl=1\",\"width\":1319,\"height\":1776,\"caption\":\"Bras\u00edlia - Futebol masculino da sele\u00e7\u00e3o brasileira, deu o seu pontap\u00e9 inicial na Olimp\u00edada Rio 2016, em uma partida contra a \u00c1frica do Sul, no Est\u00e1dio Man\u00e9 Garrincha (Marcelo Camargo\\\/Ag\u00eancia Brasil)\"},{\"@type\":\"BreadcrumbList\",\"@id\":\"https:\\\/\\\/blogdoprosperi.com\\\/?p=20184#breadcrumb\",\"itemListElement\":[{\"@type\":\"ListItem\",\"position\":1,\"name\":\"In\u00edcio\",\"item\":\"https:\\\/\\\/blogdoprosperi.com\\\/\"},{\"@type\":\"ListItem\",\"position\":2,\"name\":\"Neymar n\u00e3o \u00e9 o culpado\"}]},{\"@type\":\"WebSite\",\"@id\":\"https:\\\/\\\/blogdoprosperi.com\\\/#website\",\"url\":\"https:\\\/\\\/blogdoprosperi.com\\\/\",\"name\":\"PR\u00d3SPERI NEWS\",\"description\":\"TUDO \u00c9  FUTEBOL\",\"publisher\":{\"@id\":\"https:\\\/\\\/blogdoprosperi.com\\\/#\\\/schema\\\/person\\\/38100755ce3601861ee4fab9b5aa78e9\"},\"alternateName\":\"blogdoprosperi.com\",\"potentialAction\":[{\"@type\":\"SearchAction\",\"target\":{\"@type\":\"EntryPoint\",\"urlTemplate\":\"https:\\\/\\\/blogdoprosperi.com\\\/?s={search_term_string}\"},\"query-input\":{\"@type\":\"PropertyValueSpecification\",\"valueRequired\":true,\"valueName\":\"search_term_string\"}}],\"inLanguage\":\"pt-BR\"},{\"@type\":[\"Person\",\"Organization\"],\"@id\":\"https:\\\/\\\/blogdoprosperi.com\\\/#\\\/schema\\\/person\\\/38100755ce3601861ee4fab9b5aa78e9\",\"name\":\"Luiz Ant\u00f4nio Pr\u00f3speri\",\"pronouns\":\"ele\",\"image\":{\"@type\":\"ImageObject\",\"inLanguage\":\"pt-BR\",\"@id\":\"https:\\\/\\\/i0.wp.com\\\/blogdoprosperi.com\\\/wp-content\\\/uploads\\\/2026\\\/05\\\/cropped-8059e613-6002-42fa-961e-8e275f575d71-2-5.jpg?fit=1360%2C931&ssl=1\",\"url\":\"https:\\\/\\\/i0.wp.com\\\/blogdoprosperi.com\\\/wp-content\\\/uploads\\\/2026\\\/05\\\/cropped-8059e613-6002-42fa-961e-8e275f575d71-2-5.jpg?fit=1360%2C931&ssl=1\",\"contentUrl\":\"https:\\\/\\\/i0.wp.com\\\/blogdoprosperi.com\\\/wp-content\\\/uploads\\\/2026\\\/05\\\/cropped-8059e613-6002-42fa-961e-8e275f575d71-2-5.jpg?fit=1360%2C931&ssl=1\",\"width\":1360,\"height\":931,\"caption\":\"Luiz Ant\u00f4nio Pr\u00f3speri\"},\"logo\":{\"@id\":\"https:\\\/\\\/i0.wp.com\\\/blogdoprosperi.com\\\/wp-content\\\/uploads\\\/2026\\\/05\\\/cropped-8059e613-6002-42fa-961e-8e275f575d71-2-5.jpg?fit=1360%2C931&ssl=1\"},\"description\":\"Jornalista com carreira dedicada ao esporte. Cobriu 9 Copas do Mundo in loco, 1990 na It\u00e1lia, 1994 nos EUA, 1998 na Fran\u00e7a, 2002 na Coreia do Sul e Jap\u00e3o, 2006 na Alemanha, 2010 na \u00c1frica do Sul, 2014 no Brasil, 2018 na R\u00fassia e 2022 no Qatar. Eurocopas, 1992 na Su\u00e9cia e 1996 na Inglaterra. Copa das Confedera\u00e7\u00f5es de 2005 na Alemanha e 2009 na \u00c1frica do Sul. Rep\u00f3rter e Editor, trabalhou no Jornal da Tarde e Estad\u00e3o, de 1984 a fevereiro de 2016. Colunista, blogueiro. E comentarista de futebol na R\u00e1dio Estad\u00e3o, de 2013 a fevereiro de 2016. Jornalista respons\u00e1vel do \\\"Pr\u00f3speri News\\\" (blogdoprosperi.com).\",\"sameAs\":[\"http:\\\/\\\/blogdoprosperi.com\",\"Luiz Pr\u00f3speri\",\"@luiz_prosperi\",\"https:\\\/\\\/x.com\\\/Luizprosperi\",\"@prosperinacopa\",\"luiz.prosperi@icloud.com\"],\"url\":\"https:\\\/\\\/blogdoprosperi.com\\\/?author=102107496\"}]}<\/script>\n<!-- \/ Yoast SEO plugin. -->","yoast_head_json":{"title":"Neymar n\u00e3o \u00e9 o culpado - PR\u00d3SPERI NEWS","robots":{"index":"index","follow":"follow","max-snippet":"max-snippet:-1","max-image-preview":"max-image-preview:large","max-video-preview":"max-video-preview:-1"},"canonical":"https:\/\/blogdoprosperi.com\/?p=20184","og_locale":"pt_BR","og_type":"article","og_title":"Neymar n\u00e3o \u00e9 o culpado - PR\u00d3SPERI NEWS","og_description":"Futebol brasileiro corre risco enorme de cair na primeira fase da Olimp\u00edada nesta quarta-feira no jogo contra a [&hellip;]","og_url":"https:\/\/blogdoprosperi.com\/?p=20184","og_site_name":"PR\u00d3SPERI NEWS","article_publisher":"Luiz Pr\u00f3speri","article_author":"Luiz Pr\u00f3speri","article_published_time":"2016-08-09T17:37:48+00:00","article_modified_time":"2016-08-09T20:56:18+00:00","og_image":[{"url":"https:\/\/blogdoprosperi.com\/wp-content\/uploads\/2016\/08\/neymar_olympics_august_2016.jpg","type":"","width":"","height":""}],"author":"Luiz Ant\u00f4nio Pr\u00f3speri","twitter_card":"summary_large_image","twitter_creator":"@Luizprosperi","twitter_site":"@Luizprosperi","twitter_misc":{"Escrito por":"Luiz Ant\u00f4nio Pr\u00f3speri","Est. tempo de leitura":"6 minutos"},"schema":{"@context":"https:\/\/schema.org","@graph":[{"@type":"Article","@id":"https:\/\/blogdoprosperi.com\/?p=20184#article","isPartOf":{"@id":"https:\/\/blogdoprosperi.com\/?p=20184"},"author":{"name":"Luiz Ant\u00f4nio Pr\u00f3speri","@id":"https:\/\/blogdoprosperi.com\/#\/schema\/person\/38100755ce3601861ee4fab9b5aa78e9"},"headline":"Neymar n\u00e3o \u00e9 o culpado","datePublished":"2016-08-09T17:37:48+00:00","dateModified":"2016-08-09T20:56:18+00:00","mainEntityOfPage":{"@id":"https:\/\/blogdoprosperi.com\/?p=20184"},"wordCount":1292,"commentCount":6,"publisher":{"@id":"https:\/\/blogdoprosperi.com\/#\/schema\/person\/38100755ce3601861ee4fab9b5aa78e9"},"image":{"@id":"https:\/\/blogdoprosperi.com\/?p=20184#primaryimage"},"thumbnailUrl":"https:\/\/blogdoprosperi.com\/wp-content\/uploads\/2016\/08\/neymar_olympics_august_2016.jpg","keywords":["CBF","Fifa","futebol","Jogos do Rio","Marco Polo Del Nero","Marta","Neymar","Olimp\u00edada do Rio-2016","Ricardo Teixeira","Rog\u00e9rio Micale","Sele\u00e7\u00e3o Ol\u00edmpica"],"articleSection":["futebol","Olimp\u00edada do Rio"],"inLanguage":"pt-BR","potentialAction":[{"@type":"CommentAction","name":"Comment","target":["https:\/\/blogdoprosperi.com\/?p=20184#respond"]}]},{"@type":"WebPage","@id":"https:\/\/blogdoprosperi.com\/?p=20184","url":"https:\/\/blogdoprosperi.com\/?p=20184","name":"Neymar n\u00e3o \u00e9 o culpado - PR\u00d3SPERI NEWS","isPartOf":{"@id":"https:\/\/blogdoprosperi.com\/#website"},"primaryImageOfPage":{"@id":"https:\/\/blogdoprosperi.com\/?p=20184#primaryimage"},"image":{"@id":"https:\/\/blogdoprosperi.com\/?p=20184#primaryimage"},"thumbnailUrl":"https:\/\/blogdoprosperi.com\/wp-content\/uploads\/2016\/08\/neymar_olympics_august_2016.jpg","datePublished":"2016-08-09T17:37:48+00:00","dateModified":"2016-08-09T20:56:18+00:00","breadcrumb":{"@id":"https:\/\/blogdoprosperi.com\/?p=20184#breadcrumb"},"inLanguage":"pt-BR","potentialAction":[{"@type":"ReadAction","target":["https:\/\/blogdoprosperi.com\/?p=20184"]}]},{"@type":"ImageObject","inLanguage":"pt-BR","@id":"https:\/\/blogdoprosperi.com\/?p=20184#primaryimage","url":"https:\/\/i0.wp.com\/blogdoprosperi.com\/wp-content\/uploads\/2016\/08\/neymar_olympics_august_2016.jpg?fit=1319%2C1776&ssl=1","contentUrl":"https:\/\/i0.wp.com\/blogdoprosperi.com\/wp-content\/uploads\/2016\/08\/neymar_olympics_august_2016.jpg?fit=1319%2C1776&ssl=1","width":1319,"height":1776,"caption":"Bras\u00edlia - Futebol masculino da sele\u00e7\u00e3o brasileira, deu o seu pontap\u00e9 inicial na Olimp\u00edada Rio 2016, em uma partida contra a \u00c1frica do Sul, no Est\u00e1dio Man\u00e9 Garrincha (Marcelo Camargo\/Ag\u00eancia Brasil)"},{"@type":"BreadcrumbList","@id":"https:\/\/blogdoprosperi.com\/?p=20184#breadcrumb","itemListElement":[{"@type":"ListItem","position":1,"name":"In\u00edcio","item":"https:\/\/blogdoprosperi.com\/"},{"@type":"ListItem","position":2,"name":"Neymar n\u00e3o \u00e9 o culpado"}]},{"@type":"WebSite","@id":"https:\/\/blogdoprosperi.com\/#website","url":"https:\/\/blogdoprosperi.com\/","name":"PR\u00d3SPERI NEWS","description":"TUDO \u00c9  FUTEBOL","publisher":{"@id":"https:\/\/blogdoprosperi.com\/#\/schema\/person\/38100755ce3601861ee4fab9b5aa78e9"},"alternateName":"blogdoprosperi.com","potentialAction":[{"@type":"SearchAction","target":{"@type":"EntryPoint","urlTemplate":"https:\/\/blogdoprosperi.com\/?s={search_term_string}"},"query-input":{"@type":"PropertyValueSpecification","valueRequired":true,"valueName":"search_term_string"}}],"inLanguage":"pt-BR"},{"@type":["Person","Organization"],"@id":"https:\/\/blogdoprosperi.com\/#\/schema\/person\/38100755ce3601861ee4fab9b5aa78e9","name":"Luiz Ant\u00f4nio Pr\u00f3speri","pronouns":"ele","image":{"@type":"ImageObject","inLanguage":"pt-BR","@id":"https:\/\/i0.wp.com\/blogdoprosperi.com\/wp-content\/uploads\/2026\/05\/cropped-8059e613-6002-42fa-961e-8e275f575d71-2-5.jpg?fit=1360%2C931&ssl=1","url":"https:\/\/i0.wp.com\/blogdoprosperi.com\/wp-content\/uploads\/2026\/05\/cropped-8059e613-6002-42fa-961e-8e275f575d71-2-5.jpg?fit=1360%2C931&ssl=1","contentUrl":"https:\/\/i0.wp.com\/blogdoprosperi.com\/wp-content\/uploads\/2026\/05\/cropped-8059e613-6002-42fa-961e-8e275f575d71-2-5.jpg?fit=1360%2C931&ssl=1","width":1360,"height":931,"caption":"Luiz Ant\u00f4nio Pr\u00f3speri"},"logo":{"@id":"https:\/\/i0.wp.com\/blogdoprosperi.com\/wp-content\/uploads\/2026\/05\/cropped-8059e613-6002-42fa-961e-8e275f575d71-2-5.jpg?fit=1360%2C931&ssl=1"},"description":"Jornalista com carreira dedicada ao esporte. Cobriu 9 Copas do Mundo in loco, 1990 na It\u00e1lia, 1994 nos EUA, 1998 na Fran\u00e7a, 2002 na Coreia do Sul e Jap\u00e3o, 2006 na Alemanha, 2010 na \u00c1frica do Sul, 2014 no Brasil, 2018 na R\u00fassia e 2022 no Qatar. Eurocopas, 1992 na Su\u00e9cia e 1996 na Inglaterra. Copa das Confedera\u00e7\u00f5es de 2005 na Alemanha e 2009 na \u00c1frica do Sul. Rep\u00f3rter e Editor, trabalhou no Jornal da Tarde e Estad\u00e3o, de 1984 a fevereiro de 2016. Colunista, blogueiro. E comentarista de futebol na R\u00e1dio Estad\u00e3o, de 2013 a fevereiro de 2016. Jornalista respons\u00e1vel do \"Pr\u00f3speri News\" (blogdoprosperi.com).","sameAs":["http:\/\/blogdoprosperi.com","Luiz Pr\u00f3speri","@luiz_prosperi","https:\/\/x.com\/Luizprosperi","@prosperinacopa","luiz.prosperi@icloud.com"],"url":"https:\/\/blogdoprosperi.com\/?author=102107496"}]}},"jetpack_publicize_connections":[],"jetpack_likes_enabled":false,"jetpack_sharing_enabled":true,"jetpack_shortlink":"https:\/\/wp.me\/p7jvdk-5fy","jetpack-related-posts":[{"id":18862,"url":"https:\/\/blogdoprosperi.com\/?p=18862","url_meta":{"origin":20184,"position":0},"title":"Sele\u00e7\u00e3o estreia nos Jogos do Rio com a miss\u00e3o de resgatar futebol brasileiro","author":"Luiz Ant\u00f4nio Pr\u00f3speri","date":"4 de agosto de 2016","format":false,"excerpt":"Futebol brasileiro est\u00e1 muito perto de um renascimento, a partir deste 4 de agosto de 2016. No est\u00e1dio batizado com o nome da lenda Man\u00e9 Garrincha, em Bras\u00edlia, a Sele\u00e7\u00e3o Ol\u00edmpica entra em campo contra \u00c1frica do Sul, \u00e0s 16h, com a enorme responsabilidade de dar in\u00edcio ao resgate da\u2026","rel":"","context":"Em &quot;futebol&quot;","block_context":{"text":"futebol","link":"https:\/\/blogdoprosperi.com\/?cat=53870"},"img":{"alt_text":"","src":"https:\/\/i0.wp.com\/blogdoprosperi.com\/wp-content\/uploads\/2016\/08\/36cca79200000578-3719494-image-a-14_1470128847963.jpg?resize=350%2C200","width":350,"height":200,"srcset":"https:\/\/i0.wp.com\/blogdoprosperi.com\/wp-content\/uploads\/2016\/08\/36cca79200000578-3719494-image-a-14_1470128847963.jpg?resize=350%2C200 1x, https:\/\/i0.wp.com\/blogdoprosperi.com\/wp-content\/uploads\/2016\/08\/36cca79200000578-3719494-image-a-14_1470128847963.jpg?resize=525%2C300 1.5x"},"classes":[]},{"id":17962,"url":"https:\/\/blogdoprosperi.com\/?p=17962","url_meta":{"origin":20184,"position":1},"title":"Sele\u00e7\u00e3o Ol\u00edmpica encanta no primeiro tempo e sai da \u00f3rbita de Neymar","author":"Luiz Ant\u00f4nio Pr\u00f3speri","date":"30 de julho de 2016","format":false,"excerpt":"Sele\u00e7\u00e3o Ol\u00edmpica criou ilus\u00e3o apenas no primeiro tempo do amistoso contra o Jap\u00e3o neste s\u00e1bado. Em alguns momentos emitiu sinais de que a alegria do futebol brasileiro havia voltado. Muito ofensiva, encaixou dois gols, carimbou o travess\u00e3o por duas vezes e encantoou os japoneses. Obra de um jogo coletivo imbu\u00eddo\u2026","rel":"","context":"Em &quot;futebol&quot;","block_context":{"text":"futebol","link":"https:\/\/blogdoprosperi.com\/?cat=53870"},"img":{"alt_text":"","src":"https:\/\/i0.wp.com\/blogdoprosperi.com\/wp-content\/uploads\/2016\/07\/agi20160730008.jpg?resize=350%2C200&ssl=1","width":350,"height":200,"srcset":"https:\/\/i0.wp.com\/blogdoprosperi.com\/wp-content\/uploads\/2016\/07\/agi20160730008.jpg?resize=350%2C200&ssl=1 1x, https:\/\/i0.wp.com\/blogdoprosperi.com\/wp-content\/uploads\/2016\/07\/agi20160730008.jpg?resize=525%2C300&ssl=1 1.5x"},"classes":[]},{"id":21421,"url":"https:\/\/blogdoprosperi.com\/?p=21421","url_meta":{"origin":20184,"position":2},"title":"Sele\u00e7\u00e3o Ol\u00edmpica pressionada a salvar a honra dos esportes coletivos do Brasil nos Jogos do Rio","author":"Luiz Ant\u00f4nio Pr\u00f3speri","date":"17 de agosto de 2016","format":false,"excerpt":"Brasil favorito nos esportes coletivos esfarela na reta final dos Jogos do Rio. Uma das \u00faltimas apostas \u00e9 a sele\u00e7\u00e3o do futebol masculino, ap\u00f3s a queda do time de Marta, a derrocada do v\u00f4lei feminino, do handebol, do basquete e das incertezas com o v\u00f4lei de quadra dos rapazes. At\u00e9\u2026","rel":"","context":"Em &quot;futebol&quot;","block_context":{"text":"futebol","link":"https:\/\/blogdoprosperi.com\/?cat=53870"},"img":{"alt_text":"","src":"https:\/\/i0.wp.com\/blogdoprosperi.com\/wp-content\/uploads\/2016\/08\/joao-havelange-esq-e-ricardo-teixeira-olham-para-copa-do-mundo-1319639845195_615x300.jpg?resize=350%2C200&ssl=1","width":350,"height":200,"srcset":"https:\/\/i0.wp.com\/blogdoprosperi.com\/wp-content\/uploads\/2016\/08\/joao-havelange-esq-e-ricardo-teixeira-olham-para-copa-do-mundo-1319639845195_615x300.jpg?resize=350%2C200&ssl=1 1x, https:\/\/i0.wp.com\/blogdoprosperi.com\/wp-content\/uploads\/2016\/08\/joao-havelange-esq-e-ricardo-teixeira-olham-para-copa-do-mundo-1319639845195_615x300.jpg?resize=525%2C300&ssl=1 1.5x"},"classes":[]},{"id":21517,"url":"https:\/\/blogdoprosperi.com\/?p=21517","url_meta":{"origin":20184,"position":3},"title":"Sele\u00e7\u00e3o Ol\u00edmpica consagra Neymar e Gabriel Jesus e vai encarar Alemanha na disputa do ouro","author":"Luiz Ant\u00f4nio Pr\u00f3speri","date":"17 de agosto de 2016","format":false,"excerpt":"Duro \u00e9 convencer a torcida brasileira de que os alem\u00e3es n\u00e3o merecem levar uma sova na final dos Jogos do Rio 2016 Brasil se reconciliou com seu futebol, t\u00e3o maltratado nos \u00faltimos tempos, ao despachar Honduras por 6 a 0 na semifinal dos Jogos do Rio. H\u00e1 quem possa argumentar\u2026","rel":"","context":"Em &quot;futebol&quot;","block_context":{"text":"futebol","link":"https:\/\/blogdoprosperi.com\/?cat=53870"},"img":{"alt_text":"","src":"https:\/\/i0.wp.com\/blogdoprosperi.com\/wp-content\/uploads\/2016\/08\/u9kmit0v.jpg?resize=350%2C200&ssl=1","width":350,"height":200,"srcset":"https:\/\/i0.wp.com\/blogdoprosperi.com\/wp-content\/uploads\/2016\/08\/u9kmit0v.jpg?resize=350%2C200&ssl=1 1x, https:\/\/i0.wp.com\/blogdoprosperi.com\/wp-content\/uploads\/2016\/08\/u9kmit0v.jpg?resize=525%2C300&ssl=1 1.5x"},"classes":[]},{"id":19748,"url":"https:\/\/blogdoprosperi.com\/?p=19748","url_meta":{"origin":20184,"position":4},"title":"Sele\u00e7\u00e3o Ol\u00edmpica s\u00f3 faz aumentar decep\u00e7\u00e3o da torcida e coloca em xeque futuro de uma gera\u00e7\u00e3o promissora","author":"Luiz Ant\u00f4nio Pr\u00f3speri","date":"8 de agosto de 2016","format":false,"excerpt":"Torcedores se manifestam contra outra exibi\u00e7\u00e3o fraca do time de meninos do Brasil e gostariam de trocar Neymar por Marta da sele\u00e7\u00e3o das meninas Sele\u00e7\u00e3o Ol\u00edmpica sai vaiada pela segunda vez consecutiva nos Jogos do Rio. Mais que n\u00e3o fazer um gol em duas partidas, o Brasil perdeu a identidade\u2026","rel":"","context":"Em &quot;futebol&quot;","block_context":{"text":"futebol","link":"https:\/\/blogdoprosperi.com\/?cat=53870"},"img":{"alt_text":"","src":"https:\/\/i0.wp.com\/blogdoprosperi.com\/wp-content\/uploads\/2016\/08\/marta-selecao-brasileira-1.jpg?resize=350%2C200&ssl=1","width":350,"height":200,"srcset":"https:\/\/i0.wp.com\/blogdoprosperi.com\/wp-content\/uploads\/2016\/08\/marta-selecao-brasileira-1.jpg?resize=350%2C200&ssl=1 1x, https:\/\/i0.wp.com\/blogdoprosperi.com\/wp-content\/uploads\/2016\/08\/marta-selecao-brasileira-1.jpg?resize=525%2C300&ssl=1 1.5x"},"classes":[]},{"id":18950,"url":"https:\/\/blogdoprosperi.com\/?p=18950","url_meta":{"origin":20184,"position":5},"title":"Neymar n\u00e3o reage e se afoga junto da Sele\u00e7\u00e3o Ol\u00edmpica na estreia nos Jogos do Rio","author":"Luiz Ant\u00f4nio Pr\u00f3speri","date":"4 de agosto de 2016","format":false,"excerpt":"\u00a0 Sele\u00e7\u00e3o Ol\u00edmpica n\u00e3o encanta, apenas empata sem gols com a \u00c1frica do Sul e sai vaiada por parte da torcida na estreia nos Jogos do Rio 2016 no est\u00e1dio Man\u00e9 Garrincha. Tem raz\u00e3o o torcedor. Em nenhum momento do jogo o Brasil arrancou suspiros. Neymar atuou como um principiante,\u2026","rel":"","context":"Em &quot;futebol&quot;","block_context":{"text":"futebol","link":"https:\/\/blogdoprosperi.com\/?cat=53870"},"img":{"alt_text":"","src":"https:\/\/i0.wp.com\/blogdoprosperi.com\/wp-content\/uploads\/2016\/08\/pro-121.jpg?resize=350%2C200&ssl=1","width":350,"height":200,"srcset":"https:\/\/i0.wp.com\/blogdoprosperi.com\/wp-content\/uploads\/2016\/08\/pro-121.jpg?resize=350%2C200&ssl=1 1x, https:\/\/i0.wp.com\/blogdoprosperi.com\/wp-content\/uploads\/2016\/08\/pro-121.jpg?resize=525%2C300&ssl=1 1.5x, https:\/\/i0.wp.com\/blogdoprosperi.com\/wp-content\/uploads\/2016\/08\/pro-121.jpg?resize=700%2C400&ssl=1 2x, https:\/\/i0.wp.com\/blogdoprosperi.com\/wp-content\/uploads\/2016\/08\/pro-121.jpg?resize=1050%2C600&ssl=1 3x, https:\/\/i0.wp.com\/blogdoprosperi.com\/wp-content\/uploads\/2016\/08\/pro-121.jpg?resize=1400%2C800&ssl=1 4x"},"classes":[]}],"jetpack_featured_media_url":"","_links":{"self":[{"href":"https:\/\/blogdoprosperi.com\/index.php?rest_route=\/wp\/v2\/posts\/20184","targetHints":{"allow":["GET"]}}],"collection":[{"href":"https:\/\/blogdoprosperi.com\/index.php?rest_route=\/wp\/v2\/posts"}],"about":[{"href":"https:\/\/blogdoprosperi.com\/index.php?rest_route=\/wp\/v2\/types\/post"}],"author":[{"embeddable":true,"href":"https:\/\/blogdoprosperi.com\/index.php?rest_route=\/wp\/v2\/users\/102107496"}],"replies":[{"embeddable":true,"href":"https:\/\/blogdoprosperi.com\/index.php?rest_route=%2Fwp%2Fv2%2Fcomments&post=20184"}],"version-history":[{"count":25,"href":"https:\/\/blogdoprosperi.com\/index.php?rest_route=\/wp\/v2\/posts\/20184\/revisions"}],"predecessor-version":[{"id":20324,"href":"https:\/\/blogdoprosperi.com\/index.php?rest_route=\/wp\/v2\/posts\/20184\/revisions\/20324"}],"wp:attachment":[{"href":"https:\/\/blogdoprosperi.com\/index.php?rest_route=%2Fwp%2Fv2%2Fmedia&parent=20184"}],"wp:term":[{"taxonomy":"category","embeddable":true,"href":"https:\/\/blogdoprosperi.com\/index.php?rest_route=%2Fwp%2Fv2%2Fcategories&post=20184"},{"taxonomy":"post_tag","embeddable":true,"href":"https:\/\/blogdoprosperi.com\/index.php?rest_route=%2Fwp%2Fv2%2Ftags&post=20184"}],"curies":[{"name":"wp","href":"https:\/\/api.w.org\/{rel}","templated":true}]}}