{"id":20749,"date":"2016-08-14T00:30:43","date_gmt":"2016-08-14T03:30:43","guid":{"rendered":"http:\/\/blogdoprosperi.com\/?p=20749"},"modified":"2016-08-14T02:21:12","modified_gmt":"2016-08-14T05:21:12","slug":"neymar-apanha-provoca-e-leva-brasil-a-semifinal-da-olimpiada-do-rio","status":"publish","type":"post","link":"https:\/\/blogdoprosperi.com\/?p=20749","title":{"rendered":"Neymar apanha, provoca e leva Brasil \u00e0 semifinal da Olimp\u00edada do Rio"},"content":{"rendered":"<p><span class=\"alignnone\"><img data-recalc-dims=\"1\" loading=\"lazy\" decoding=\"async\" data-attachment-id=\"20803\" data-permalink=\"https:\/\/blogdoprosperi.com\/?attachment_id=20803\" data-orig-file=\"https:\/\/i0.wp.com\/blogdoprosperi.com\/wp-content\/uploads\/2016\/08\/pro-14.jpg?fit=3898%2C2598&amp;ssl=1\" data-orig-size=\"3898,2598\" data-comments-opened=\"1\" data-image-meta=\"{&quot;aperture&quot;:&quot;4&quot;,&quot;credit&quot;:&quot;&quot;,&quot;camera&quot;:&quot;Canon EOS-1D X&quot;,&quot;caption&quot;:&quot;&quot;,&quot;created_timestamp&quot;:&quot;1471126522&quot;,&quot;copyright&quot;:&quot;ALEX SILVA\/ESTADAO&quot;,&quot;focal_length&quot;:&quot;400&quot;,&quot;iso&quot;:&quot;2500&quot;,&quot;shutter_speed&quot;:&quot;0.000625&quot;,&quot;title&quot;:&quot;&quot;,&quot;orientation&quot;:&quot;1&quot;}\" data-image-title=\"PRO-14\" data-image-description=\"\" data-image-caption=\"\" data-large-file=\"https:\/\/i0.wp.com\/blogdoprosperi.com\/wp-content\/uploads\/2016\/08\/pro-14.jpg?fit=940%2C627&amp;ssl=1\" class=\"alignnone size-full wp-image-20803\" src=\"https:\/\/i0.wp.com\/blogdoprosperi.com\/wp-content\/uploads\/2016\/08\/pro-14.jpg?resize=940%2C627&#038;ssl=1\" alt=\"PRO-14\" width=\"940\" height=\"627\" \/><\/span><\/p>\n<p>Brasil exorcizou seus dem\u00f4nios contra a irrequieta Col\u00f4mbia e carimbou sua passagem \u00e0s semifinais do torneio de futebol masculino nos Jogos do Rio. Muito da vit\u00f3ria por 2 a 0, neste s\u00e1bado (13\/8), passou pelos p\u00e9s e cabe\u00e7a de Neymar, v\u00edtima preferida dos colombianos com um hist\u00f3rico ruim ao craque brasileiro na Copa de 2014 e na Copa Am\u00e9rica de 2015. Dessa vez, Neymar sobreviveu. A pr\u00f3xima parada \u00e9 contra Honduras e, bem prov\u00e1vel, Alemanha na final. A se confirmar esse encontro, fantasmas do 7 a 1 v\u00e3o sobrevoar o Maracan\u00e3.<!--more--><\/p>\n<p>A sobrevida de Neymar foi triunfal. Desde o in\u00edcio do jogo, ele correu risco de ser golpeado. Por pouco n\u00e3o se deixou levar pelas manhas dos colombianos e tamb\u00e9m por sua \u00edndole. Mesmo alvo das botinas do advers\u00e1rio e da sua pr\u00f3pria prepot\u00eancia, desatou os n\u00f3s e acendeu a luz da Sele\u00e7\u00e3o Ol\u00edmpica antes mesmo de a escurid\u00e3o estender seu manto.<\/p>\n<p><strong>AN\u00c1LISE DO JOGO<\/strong><\/p>\n<p>Brasil sofreu \u00e0 be\u00e7a no primeiro tempo. Saiu em vantagem, aos 12 minutos, no gol de falta de Neymar, e depois s\u00f3 apanhou. E apanhou para valer. Havia um revezamento entre os colombianos na sequ\u00eancia absurda de faltas. Nos \u00faltimos dez minutos o \u00e1rbitro turco se viu obrigado a distribuir cinco cart\u00f5es ao jogadores da Col\u00f4mbia.<\/p>\n<p>Evidente que a estrat\u00e9gia do advers\u00e1rio tinha como prioridade destruir a for\u00e7a mental do Brasil e, moto continuo, se impor com a eficiente troca de passes. Essa estrat\u00e9gia colombiana tem sido comum nos \u00faltimos embates entre as duas sele\u00e7\u00f5es.<\/p>\n<p>No bate e assopra, eles\u00a0t\u00eam\u00a0desestabilizado Neymar. Na Copa do Mundo de 2014, Zu\u00f1iga fez o servi\u00e7o sujo. Na Copa Am\u00e9rica no Chile, em 2015, tiraram o craque do jogo com provoca\u00e7\u00f5es. Neste s\u00e1bado no Itaquer\u00e3o, conseguiram um cart\u00e3o amarelo ao atacante do Barcelona.<\/p>\n<div class=\"tiled-gallery type-rectangular tiled-gallery-unresized\" data-original-width=\"940\" data-carousel-extra='{&quot;blog_id&quot;:1,&quot;permalink&quot;:&quot;https:\\\/\\\/blogdoprosperi.com\\\/?p=20749&quot;,&quot;likes_blog_id&quot;:108082574}' itemscope itemtype=\"http:\/\/schema.org\/ImageGallery\" > <div class=\"gallery-row\" style=\"width: 940px; height: 422px;\" data-original-width=\"940\" data-original-height=\"422\" > <div class=\"gallery-group images-1\" style=\"width: 631px; height: 422px;\" data-original-width=\"631\" data-original-height=\"422\" > <div class=\"tiled-gallery-item tiled-gallery-item-large\" itemprop=\"associatedMedia\" itemscope itemtype=\"http:\/\/schema.org\/ImageObject\"> <a href=\"https:\/\/blogdoprosperi.com\/?attachment_id=20805\" border=\"0\" itemprop=\"url\"> <meta itemprop=\"width\" content=\"627\"> <meta itemprop=\"height\" content=\"418\"> <img decoding=\"async\" class=\"\" data-attachment-id=\"20805\" data-orig-file=\"https:\/\/blogdoprosperi.com\/wp-content\/uploads\/2016\/08\/pro4-13.jpg\" data-orig-size=\"2500,1667\" data-comments-opened=\"1\" data-image-meta=\"{&quot;aperture&quot;:&quot;4&quot;,&quot;credit&quot;:&quot;&quot;,&quot;camera&quot;:&quot;Canon EOS-1D X&quot;,&quot;caption&quot;:&quot;&quot;,&quot;created_timestamp&quot;:&quot;1471126984&quot;,&quot;copyright&quot;:&quot;ALEX SILVA\\\/ESTADAO&quot;,&quot;focal_length&quot;:&quot;400&quot;,&quot;iso&quot;:&quot;2500&quot;,&quot;shutter_speed&quot;:&quot;0.000625&quot;,&quot;title&quot;:&quot;&quot;,&quot;orientation&quot;:&quot;1&quot;}\" data-image-title=\"pro4-13\" data-image-description=\"\" data-medium-file=\"https:\/\/i0.wp.com\/blogdoprosperi.com\/wp-content\/uploads\/2016\/08\/pro4-13.jpg?fit=567%2C378&#038;ssl=1\" data-large-file=\"https:\/\/i0.wp.com\/blogdoprosperi.com\/wp-content\/uploads\/2016\/08\/pro4-13.jpg?fit=940%2C627&#038;ssl=1\" src=\"https:\/\/i0.wp.com\/blogdoprosperi.com\/wp-content\/uploads\/2016\/08\/pro4-13.jpg?w=627&#038;h=418&#038;ssl=1\" width=\"627\" height=\"418\" loading=\"lazy\" data-original-width=\"627\" data-original-height=\"418\" itemprop=\"http:\/\/schema.org\/image\" title=\"pro4-13\" alt=\"pro4-13\" style=\"width: 627px; height: 418px;\" \/> <\/a> <\/div> <\/div> <!-- close group --> <div class=\"gallery-group images-2\" style=\"width: 309px; height: 422px;\" data-original-width=\"309\" data-original-height=\"422\" > <div class=\"tiled-gallery-item tiled-gallery-item-large\" itemprop=\"associatedMedia\" itemscope itemtype=\"http:\/\/schema.org\/ImageObject\"> <a href=\"https:\/\/blogdoprosperi.com\/?attachment_id=20806\" border=\"0\" itemprop=\"url\"> <meta itemprop=\"width\" content=\"305\"> <meta itemprop=\"height\" content=\"201\"> <img decoding=\"async\" class=\"\" data-attachment-id=\"20806\" data-orig-file=\"https:\/\/blogdoprosperi.com\/wp-content\/uploads\/2016\/08\/pro5-18.jpg\" data-orig-size=\"2500,1652\" data-comments-opened=\"1\" data-image-meta=\"{&quot;aperture&quot;:&quot;4&quot;,&quot;credit&quot;:&quot;&quot;,&quot;camera&quot;:&quot;Canon EOS-1D X&quot;,&quot;caption&quot;:&quot;&quot;,&quot;created_timestamp&quot;:&quot;1471128504&quot;,&quot;copyright&quot;:&quot;ALEX SILVA\\\/ESTADAO&quot;,&quot;focal_length&quot;:&quot;400&quot;,&quot;iso&quot;:&quot;2500&quot;,&quot;shutter_speed&quot;:&quot;0.000625&quot;,&quot;title&quot;:&quot;&quot;,&quot;orientation&quot;:&quot;1&quot;}\" data-image-title=\"pro5-18\" data-image-description=\"\" data-medium-file=\"https:\/\/i0.wp.com\/blogdoprosperi.com\/wp-content\/uploads\/2016\/08\/pro5-18.jpg?fit=572%2C378&#038;ssl=1\" data-large-file=\"https:\/\/i0.wp.com\/blogdoprosperi.com\/wp-content\/uploads\/2016\/08\/pro5-18.jpg?fit=940%2C621&#038;ssl=1\" src=\"https:\/\/i0.wp.com\/blogdoprosperi.com\/wp-content\/uploads\/2016\/08\/pro5-18.jpg?w=305&#038;h=201&#038;ssl=1\" width=\"305\" height=\"201\" loading=\"lazy\" data-original-width=\"305\" data-original-height=\"201\" itemprop=\"http:\/\/schema.org\/image\" title=\"pro5-18\" alt=\"pro5-18\" style=\"width: 305px; height: 201px;\" \/> <\/a> <\/div> <div class=\"tiled-gallery-item tiled-gallery-item-large\" itemprop=\"associatedMedia\" itemscope itemtype=\"http:\/\/schema.org\/ImageObject\"> <a href=\"https:\/\/blogdoprosperi.com\/?attachment_id=20807\" border=\"0\" itemprop=\"url\"> <meta itemprop=\"width\" content=\"305\"> <meta itemprop=\"height\" content=\"213\"> <img decoding=\"async\" class=\"\" data-attachment-id=\"20807\" data-orig-file=\"https:\/\/blogdoprosperi.com\/wp-content\/uploads\/2016\/08\/pro8-11.jpg\" data-orig-size=\"2500,1747\" data-comments-opened=\"1\" data-image-meta=\"{&quot;aperture&quot;:&quot;4&quot;,&quot;credit&quot;:&quot;&quot;,&quot;camera&quot;:&quot;Canon EOS-1D X&quot;,&quot;caption&quot;:&quot;&quot;,&quot;created_timestamp&quot;:&quot;1471130007&quot;,&quot;copyright&quot;:&quot;ALEX SILVA\\\/ESTADAO&quot;,&quot;focal_length&quot;:&quot;400&quot;,&quot;iso&quot;:&quot;2500&quot;,&quot;shutter_speed&quot;:&quot;0.000625&quot;,&quot;title&quot;:&quot;&quot;,&quot;orientation&quot;:&quot;1&quot;}\" data-image-title=\"pro8-11\" data-image-description=\"\" data-medium-file=\"https:\/\/i0.wp.com\/blogdoprosperi.com\/wp-content\/uploads\/2016\/08\/pro8-11.jpg?fit=541%2C378&#038;ssl=1\" data-large-file=\"https:\/\/i0.wp.com\/blogdoprosperi.com\/wp-content\/uploads\/2016\/08\/pro8-11.jpg?fit=940%2C657&#038;ssl=1\" src=\"https:\/\/i0.wp.com\/blogdoprosperi.com\/wp-content\/uploads\/2016\/08\/pro8-11.jpg?w=305&#038;h=213&#038;ssl=1\" width=\"305\" height=\"213\" loading=\"lazy\" data-original-width=\"305\" data-original-height=\"213\" itemprop=\"http:\/\/schema.org\/image\" title=\"pro8-11\" alt=\"pro8-11\" style=\"width: 305px; height: 213px;\" \/> <\/a> <\/div> <\/div> <!-- close group --> <\/div> <!-- close row --> <\/div>\n<p>Diante desse melanc\u00f3lico e empobrecedor jeito de jogar do inimigo, o Brasil pouco apareceu. N\u00e3o teve espa\u00e7o para criar, n\u00e3o chegou forte na zona de gol e teve de se virar com um jogo brusco, sem leveza e muito menos velocidade. Se deu por satisfeito com a vit\u00f3ria parcial por 1 a 0.<\/p>\n<p>No segundo tempo, a Col\u00f4mbia recolheu seus artefatos de guerra, acalmou a bola na grama e saiu em busca do empate. Criou alguns embara\u00e7os \u00e0 defesa brasileira, assustou em um ou dois chutes longos e morreu.<\/p>\n<p>O Brasil fez o jogo seguro, sem arriscar. Passou a jogar em fun\u00e7\u00e3o do resultado quando Micale trocou Gabigol, apagado, por Thiago Maia. O jogo ficou mais sereno. A Sele\u00e7\u00e3o Ol\u00edmpica se encorpava ainda mais, agora \u00e0 espera de um golpe fatal no advers\u00e1rio. Renato Augusto deixou a zona de marca\u00e7\u00e3o e foi combinar com Neymar o momento de selar o segundo gol.<\/p>\n<p><span class=\"alignnone\"><img data-recalc-dims=\"1\" loading=\"lazy\" decoding=\"async\" data-attachment-id=\"20802\" data-permalink=\"https:\/\/blogdoprosperi.com\/?attachment_id=20802\" data-orig-file=\"https:\/\/i0.wp.com\/blogdoprosperi.com\/wp-content\/uploads\/2016\/08\/pro6-13.jpg?fit=2500%2C1667&amp;ssl=1\" data-orig-size=\"2500,1667\" data-comments-opened=\"1\" data-image-meta=\"{&quot;aperture&quot;:&quot;4&quot;,&quot;credit&quot;:&quot;ALEX SILVA&quot;,&quot;camera&quot;:&quot;Canon EOS-1D X&quot;,&quot;caption&quot;:&quot;&quot;,&quot;created_timestamp&quot;:&quot;1471131970&quot;,&quot;copyright&quot;:&quot;ALEX SILVA\/ESTADAO&quot;,&quot;focal_length&quot;:&quot;400&quot;,&quot;iso&quot;:&quot;2500&quot;,&quot;shutter_speed&quot;:&quot;0.0008&quot;,&quot;title&quot;:&quot;&quot;,&quot;orientation&quot;:&quot;1&quot;}\" data-image-title=\"pro6-13\" data-image-description=\"\" data-image-caption=\"\" data-large-file=\"https:\/\/i0.wp.com\/blogdoprosperi.com\/wp-content\/uploads\/2016\/08\/pro6-13.jpg?fit=940%2C627&amp;ssl=1\" class=\"alignnone size-full wp-image-20802\" src=\"https:\/\/i0.wp.com\/blogdoprosperi.com\/wp-content\/uploads\/2016\/08\/pro6-13.jpg?resize=940%2C627&#038;ssl=1\" alt=\"pro6-13\" width=\"940\" height=\"627\" \/><\/span>Na arma\u00e7\u00e3o do ataque, Neymar tirou os colombianos para dan\u00e7ar, distraiu os rivais e serviu Luan. O atacante do Gr\u00eamio bateu com efeito e fez Brasil 2 a 0. Gol com carimbo de vit\u00f3ria. Dali para frente, era administrar o resultado e minguar o advers\u00e1rio no toque de bola. Perfeito.<\/p>\n<p>Vit\u00f3ria garantida. Classificado \u00e0s semifinais, Brasil enfrenta Honduras. Do outro lado da tabela, Alemanha mede for\u00e7as com a Nig\u00e9ria. Se o curso do rio n\u00e3o for alterado, a final caminha para Brasil x Alemanha. Inevit\u00e1vel lembrar do 7 a 1.<\/p>\n<p><span class=\"alignnone\"><img data-recalc-dims=\"1\" loading=\"lazy\" decoding=\"async\" data-attachment-id=\"20804\" data-permalink=\"https:\/\/blogdoprosperi.com\/?attachment_id=20804\" data-orig-file=\"https:\/\/i0.wp.com\/blogdoprosperi.com\/wp-content\/uploads\/2016\/08\/pro2-10.jpg?fit=2500%2C1666&amp;ssl=1\" data-orig-size=\"2500,1666\" data-comments-opened=\"1\" data-image-meta=\"{&quot;aperture&quot;:&quot;3.5&quot;,&quot;credit&quot;:&quot;&quot;,&quot;camera&quot;:&quot;Canon EOS-1D X&quot;,&quot;caption&quot;:&quot;&quot;,&quot;created_timestamp&quot;:&quot;1471127371&quot;,&quot;copyright&quot;:&quot;ALEX SILVA\/ESTADAO&quot;,&quot;focal_length&quot;:&quot;400&quot;,&quot;iso&quot;:&quot;2500&quot;,&quot;shutter_speed&quot;:&quot;0.000625&quot;,&quot;title&quot;:&quot;&quot;,&quot;orientation&quot;:&quot;1&quot;}\" data-image-title=\"pro2-10\" data-image-description=\"\" data-image-caption=\"\" data-large-file=\"https:\/\/i0.wp.com\/blogdoprosperi.com\/wp-content\/uploads\/2016\/08\/pro2-10.jpg?fit=940%2C626&amp;ssl=1\" class=\"alignnone size-full wp-image-20804\" src=\"https:\/\/i0.wp.com\/blogdoprosperi.com\/wp-content\/uploads\/2016\/08\/pro2-10.jpg?resize=940%2C626&#038;ssl=1\" alt=\"pro2-10\" width=\"940\" height=\"626\" \/><\/span><\/p>\n<p><strong>FICHA DO JOGO<\/strong><\/p>\n<p><strong>Brasil 2 x o Col\u00f4mbia<\/strong><\/p>\n<p><strong>Gols<\/strong>: Neymar, 12 aos do primeiro tempo; Luan, aos 38 do segundo tempo.<\/p>\n<p><strong>Brasil<\/strong>: Weverton, Zeca, Marquinhos, Rodrigo Caio e Douglas Santos; Renato Augusto, Wallace e Luan; Gabriel (Thiago Maia), Neymar e Gabriel Jesus (Rafinha). T\u00e9cnico: Rogerio Micale.<\/p>\n<p><strong>Col\u00f4mbia:<\/strong>\u00a0Bonilla; Palacios, Balanta, Tesillo e Cristian Borja; Barrios (P\u00e9rez),\u00a0Lerma, Roa (Rodr\u00edguez) e Pab\u00f3n; Teo Guti\u00e9rrez e\u00a0Preciado (Miguel Borja).\u00a0<strong>T\u00e9cnico:\u00a0<\/strong>Carlos Restrepo<\/p>\n<p><strong>Juiz:\u00a0<\/strong>Chutney Cakir (TUR)<br \/>\n<strong>Cart\u00f5es amarelos:\u00a0<\/strong>Neymar, \u00a0Pal\u00e1cios\u00a0 Lerma, Barrios,\u00a0Preciado, Miguel Borja e Teo Guti\u00e9rrez<br \/>\n<strong>Local<\/strong>: Itaquer\u00e3o<\/p>\n","protected":false},"excerpt":{"rendered":"<p>Brasil exorcizou seus dem\u00f4nios contra a irrequieta Col\u00f4mbia e carimbou sua passagem \u00e0s semifinais do torneio de futebol [&hellip;]<\/p>\n","protected":false},"author":102107496,"featured_media":0,"comment_status":"open","ping_status":"open","sticky":false,"template":"","format":"standard","meta":{"_coblocks_attr":"","_coblocks_dimensions":"","_coblocks_responsive_height":"","_coblocks_accordion_ie_support":"","_jetpack_newsletter_access":"","_jetpack_dont_email_post_to_subs":false,"_jetpack_newsletter_tier_id":0,"_jetpack_memberships_contains_paywalled_content":false,"_wpcom_ai_launchpad_first_post":false,"_jetpack_feature_clip_id":0,"_jetpack_memberships_contains_paid_content":false,"footnotes":"","jetpack_publicize_message":"","jetpack_publicize_feature_enabled":true,"jetpack_social_post_already_shared":false,"jetpack_social_options":{"image_generator_settings":{"template":"highway","default_image_id":0,"font":"","enabled":false},"version":2},"jetpack_post_was_ever_published":false},"categories":[53870,77187843],"tags":[12316018,789560560,52406516,530314432,70642711,4112146,192540322,713425],"class_list":["post-20749","post","type-post","status-publish","format-standard","hentry","category-futebol","category-olimpiada-do-rio","tag-brasil-x-colombia","tag-futebol","tag-gabigol","tag-gabriel-jeus","tag-jogos-do-rio","tag-neymar","tag-olimpiada-do-rio-2016","tag-rio-2016"],"yoast_head":"<!-- This site is optimized with the Yoast SEO plugin v28.3 - https:\/\/yoast.com\/product\/yoast-seo-wordpress\/ -->\n<title>Neymar apanha, provoca e leva Brasil \u00e0 semifinal da Olimp\u00edada do Rio - PR\u00d3SPERI NEWS<\/title>\n<meta name=\"robots\" content=\"index, follow, max-snippet:-1, max-image-preview:large, max-video-preview:-1\" \/>\n<link rel=\"canonical\" href=\"https:\/\/blogdoprosperi.com\/?p=20749\" \/>\n<meta property=\"og:locale\" content=\"pt_BR\" \/>\n<meta property=\"og:type\" content=\"article\" \/>\n<meta property=\"og:title\" content=\"Neymar apanha, provoca e leva Brasil \u00e0 semifinal da Olimp\u00edada do Rio - PR\u00d3SPERI NEWS\" \/>\n<meta property=\"og:description\" content=\"Brasil exorcizou seus dem\u00f4nios contra a irrequieta Col\u00f4mbia e carimbou sua passagem \u00e0s semifinais do torneio de futebol [&hellip;]\" \/>\n<meta property=\"og:url\" content=\"https:\/\/blogdoprosperi.com\/?p=20749\" \/>\n<meta property=\"og:site_name\" content=\"PR\u00d3SPERI NEWS\" \/>\n<meta property=\"article:publisher\" content=\"Luiz Pr\u00f3speri\" \/>\n<meta property=\"article:author\" content=\"Luiz Pr\u00f3speri\" \/>\n<meta property=\"article:published_time\" content=\"2016-08-14T03:30:43+00:00\" \/>\n<meta property=\"article:modified_time\" content=\"2016-08-14T05:21:12+00:00\" \/>\n<meta property=\"og:image\" content=\"https:\/\/i0.wp.com\/blogdoprosperi.com\/wp-content\/uploads\/2016\/08\/pro4-13.jpg?w=627&#038;h=418&#038;ssl=1\" \/>\n<meta name=\"author\" content=\"Luiz Ant\u00f4nio Pr\u00f3speri\" \/>\n<meta name=\"twitter:card\" content=\"summary_large_image\" \/>\n<meta name=\"twitter:creator\" content=\"@Luizprosperi\" \/>\n<meta name=\"twitter:site\" content=\"@Luizprosperi\" \/>\n<meta name=\"twitter:label1\" content=\"Escrito por\" \/>\n\t<meta name=\"twitter:data1\" content=\"Luiz Ant\u00f4nio Pr\u00f3speri\" \/>\n\t<meta name=\"twitter:label2\" content=\"Est. tempo de leitura\" \/>\n\t<meta name=\"twitter:data2\" content=\"3 minutos\" \/>\n<script type=\"application\/ld+json\" class=\"yoast-schema-graph\">{\"@context\":\"https:\\\/\\\/schema.org\",\"@graph\":[{\"@type\":\"Article\",\"@id\":\"https:\\\/\\\/blogdoprosperi.com\\\/?p=20749#article\",\"isPartOf\":{\"@id\":\"https:\\\/\\\/blogdoprosperi.com\\\/?p=20749\"},\"author\":{\"name\":\"Luiz Ant\u00f4nio Pr\u00f3speri\",\"@id\":\"https:\\\/\\\/blogdoprosperi.com\\\/#\\\/schema\\\/person\\\/38100755ce3601861ee4fab9b5aa78e9\"},\"headline\":\"Neymar apanha, provoca e leva Brasil \u00e0 semifinal da Olimp\u00edada do Rio\",\"datePublished\":\"2016-08-14T03:30:43+00:00\",\"dateModified\":\"2016-08-14T05:21:12+00:00\",\"mainEntityOfPage\":{\"@id\":\"https:\\\/\\\/blogdoprosperi.com\\\/?p=20749\"},\"wordCount\":692,\"commentCount\":2,\"publisher\":{\"@id\":\"https:\\\/\\\/blogdoprosperi.com\\\/#\\\/schema\\\/person\\\/38100755ce3601861ee4fab9b5aa78e9\"},\"image\":{\"@id\":\"https:\\\/\\\/blogdoprosperi.com\\\/?p=20749#primaryimage\"},\"thumbnailUrl\":\"https:\\\/\\\/blogdoprosperi.com\\\/wp-content\\\/uploads\\\/2016\\\/08\\\/pro-14.jpg\",\"keywords\":[\"Brasil x Col\u00f4mbia\",\"futebol\",\"Gabigol\",\"Gabriel Jeus\",\"Jogos do Rio\",\"Neymar\",\"Olimp\u00edada do Rio-2016\",\"Rio-2016\"],\"articleSection\":[\"futebol\",\"Olimp\u00edada do Rio\"],\"inLanguage\":\"pt-BR\",\"potentialAction\":[{\"@type\":\"CommentAction\",\"name\":\"Comment\",\"target\":[\"https:\\\/\\\/blogdoprosperi.com\\\/?p=20749#respond\"]}]},{\"@type\":\"WebPage\",\"@id\":\"https:\\\/\\\/blogdoprosperi.com\\\/?p=20749\",\"url\":\"https:\\\/\\\/blogdoprosperi.com\\\/?p=20749\",\"name\":\"Neymar apanha, provoca e leva Brasil \u00e0 semifinal da Olimp\u00edada do Rio - PR\u00d3SPERI NEWS\",\"isPartOf\":{\"@id\":\"https:\\\/\\\/blogdoprosperi.com\\\/#website\"},\"primaryImageOfPage\":{\"@id\":\"https:\\\/\\\/blogdoprosperi.com\\\/?p=20749#primaryimage\"},\"image\":{\"@id\":\"https:\\\/\\\/blogdoprosperi.com\\\/?p=20749#primaryimage\"},\"thumbnailUrl\":\"https:\\\/\\\/blogdoprosperi.com\\\/wp-content\\\/uploads\\\/2016\\\/08\\\/pro-14.jpg\",\"datePublished\":\"2016-08-14T03:30:43+00:00\",\"dateModified\":\"2016-08-14T05:21:12+00:00\",\"breadcrumb\":{\"@id\":\"https:\\\/\\\/blogdoprosperi.com\\\/?p=20749#breadcrumb\"},\"inLanguage\":\"pt-BR\",\"potentialAction\":[{\"@type\":\"ReadAction\",\"target\":[\"https:\\\/\\\/blogdoprosperi.com\\\/?p=20749\"]}]},{\"@type\":\"ImageObject\",\"inLanguage\":\"pt-BR\",\"@id\":\"https:\\\/\\\/blogdoprosperi.com\\\/?p=20749#primaryimage\",\"url\":\"https:\\\/\\\/i0.wp.com\\\/blogdoprosperi.com\\\/wp-content\\\/uploads\\\/2016\\\/08\\\/pro-14.jpg?fit=3898%2C2598&ssl=1\",\"contentUrl\":\"https:\\\/\\\/i0.wp.com\\\/blogdoprosperi.com\\\/wp-content\\\/uploads\\\/2016\\\/08\\\/pro-14.jpg?fit=3898%2C2598&ssl=1\",\"width\":3898,\"height\":2598},{\"@type\":\"BreadcrumbList\",\"@id\":\"https:\\\/\\\/blogdoprosperi.com\\\/?p=20749#breadcrumb\",\"itemListElement\":[{\"@type\":\"ListItem\",\"position\":1,\"name\":\"In\u00edcio\",\"item\":\"https:\\\/\\\/blogdoprosperi.com\\\/\"},{\"@type\":\"ListItem\",\"position\":2,\"name\":\"Neymar apanha, provoca e leva Brasil \u00e0 semifinal da Olimp\u00edada do Rio\"}]},{\"@type\":\"WebSite\",\"@id\":\"https:\\\/\\\/blogdoprosperi.com\\\/#website\",\"url\":\"https:\\\/\\\/blogdoprosperi.com\\\/\",\"name\":\"PR\u00d3SPERI NEWS\",\"description\":\"TUDO \u00c9  FUTEBOL\",\"publisher\":{\"@id\":\"https:\\\/\\\/blogdoprosperi.com\\\/#\\\/schema\\\/person\\\/38100755ce3601861ee4fab9b5aa78e9\"},\"alternateName\":\"blogdoprosperi.com\",\"potentialAction\":[{\"@type\":\"SearchAction\",\"target\":{\"@type\":\"EntryPoint\",\"urlTemplate\":\"https:\\\/\\\/blogdoprosperi.com\\\/?s={search_term_string}\"},\"query-input\":{\"@type\":\"PropertyValueSpecification\",\"valueRequired\":true,\"valueName\":\"search_term_string\"}}],\"inLanguage\":\"pt-BR\"},{\"@type\":[\"Person\",\"Organization\"],\"@id\":\"https:\\\/\\\/blogdoprosperi.com\\\/#\\\/schema\\\/person\\\/38100755ce3601861ee4fab9b5aa78e9\",\"name\":\"Luiz Ant\u00f4nio Pr\u00f3speri\",\"pronouns\":\"ele\",\"image\":{\"@type\":\"ImageObject\",\"inLanguage\":\"pt-BR\",\"@id\":\"https:\\\/\\\/i0.wp.com\\\/blogdoprosperi.com\\\/wp-content\\\/uploads\\\/2026\\\/05\\\/cropped-8059e613-6002-42fa-961e-8e275f575d71-2-5.jpg?fit=1360%2C931&ssl=1\",\"url\":\"https:\\\/\\\/i0.wp.com\\\/blogdoprosperi.com\\\/wp-content\\\/uploads\\\/2026\\\/05\\\/cropped-8059e613-6002-42fa-961e-8e275f575d71-2-5.jpg?fit=1360%2C931&ssl=1\",\"contentUrl\":\"https:\\\/\\\/i0.wp.com\\\/blogdoprosperi.com\\\/wp-content\\\/uploads\\\/2026\\\/05\\\/cropped-8059e613-6002-42fa-961e-8e275f575d71-2-5.jpg?fit=1360%2C931&ssl=1\",\"width\":1360,\"height\":931,\"caption\":\"Luiz Ant\u00f4nio Pr\u00f3speri\"},\"logo\":{\"@id\":\"https:\\\/\\\/i0.wp.com\\\/blogdoprosperi.com\\\/wp-content\\\/uploads\\\/2026\\\/05\\\/cropped-8059e613-6002-42fa-961e-8e275f575d71-2-5.jpg?fit=1360%2C931&ssl=1\"},\"description\":\"Jornalista com carreira dedicada ao esporte. Cobriu 9 Copas do Mundo in loco, 1990 na It\u00e1lia, 1994 nos EUA, 1998 na Fran\u00e7a, 2002 na Coreia do Sul e Jap\u00e3o, 2006 na Alemanha, 2010 na \u00c1frica do Sul, 2014 no Brasil, 2018 na R\u00fassia e 2022 no Qatar. Eurocopas, 1992 na Su\u00e9cia e 1996 na Inglaterra. Copa das Confedera\u00e7\u00f5es de 2005 na Alemanha e 2009 na \u00c1frica do Sul. Rep\u00f3rter e Editor, trabalhou no Jornal da Tarde e Estad\u00e3o, de 1984 a fevereiro de 2016. Colunista, blogueiro. E comentarista de futebol na R\u00e1dio Estad\u00e3o, de 2013 a fevereiro de 2016. Jornalista respons\u00e1vel do \\\"Pr\u00f3speri News\\\" (blogdoprosperi.com).\",\"sameAs\":[\"http:\\\/\\\/blogdoprosperi.com\",\"Luiz Pr\u00f3speri\",\"@luiz_prosperi\",\"https:\\\/\\\/x.com\\\/Luizprosperi\",\"@prosperinacopa\",\"luiz.prosperi@icloud.com\"],\"url\":\"https:\\\/\\\/blogdoprosperi.com\\\/?author=102107496\"}]}<\/script>\n<!-- \/ Yoast SEO plugin. -->","yoast_head_json":{"title":"Neymar apanha, provoca e leva Brasil \u00e0 semifinal da Olimp\u00edada do Rio - PR\u00d3SPERI NEWS","robots":{"index":"index","follow":"follow","max-snippet":"max-snippet:-1","max-image-preview":"max-image-preview:large","max-video-preview":"max-video-preview:-1"},"canonical":"https:\/\/blogdoprosperi.com\/?p=20749","og_locale":"pt_BR","og_type":"article","og_title":"Neymar apanha, provoca e leva Brasil \u00e0 semifinal da Olimp\u00edada do Rio - PR\u00d3SPERI NEWS","og_description":"Brasil exorcizou seus dem\u00f4nios contra a irrequieta Col\u00f4mbia e carimbou sua passagem \u00e0s semifinais do torneio de futebol [&hellip;]","og_url":"https:\/\/blogdoprosperi.com\/?p=20749","og_site_name":"PR\u00d3SPERI NEWS","article_publisher":"Luiz Pr\u00f3speri","article_author":"Luiz Pr\u00f3speri","article_published_time":"2016-08-14T03:30:43+00:00","article_modified_time":"2016-08-14T05:21:12+00:00","og_image":[{"url":"https:\/\/i0.wp.com\/blogdoprosperi.com\/wp-content\/uploads\/2016\/08\/pro4-13.jpg?w=627&#038;h=418&#038;ssl=1","type":"","width":"","height":""}],"author":"Luiz Ant\u00f4nio Pr\u00f3speri","twitter_card":"summary_large_image","twitter_creator":"@Luizprosperi","twitter_site":"@Luizprosperi","twitter_misc":{"Escrito por":"Luiz Ant\u00f4nio Pr\u00f3speri","Est. tempo de leitura":"3 minutos"},"schema":{"@context":"https:\/\/schema.org","@graph":[{"@type":"Article","@id":"https:\/\/blogdoprosperi.com\/?p=20749#article","isPartOf":{"@id":"https:\/\/blogdoprosperi.com\/?p=20749"},"author":{"name":"Luiz Ant\u00f4nio Pr\u00f3speri","@id":"https:\/\/blogdoprosperi.com\/#\/schema\/person\/38100755ce3601861ee4fab9b5aa78e9"},"headline":"Neymar apanha, provoca e leva Brasil \u00e0 semifinal da Olimp\u00edada do Rio","datePublished":"2016-08-14T03:30:43+00:00","dateModified":"2016-08-14T05:21:12+00:00","mainEntityOfPage":{"@id":"https:\/\/blogdoprosperi.com\/?p=20749"},"wordCount":692,"commentCount":2,"publisher":{"@id":"https:\/\/blogdoprosperi.com\/#\/schema\/person\/38100755ce3601861ee4fab9b5aa78e9"},"image":{"@id":"https:\/\/blogdoprosperi.com\/?p=20749#primaryimage"},"thumbnailUrl":"https:\/\/blogdoprosperi.com\/wp-content\/uploads\/2016\/08\/pro-14.jpg","keywords":["Brasil x Col\u00f4mbia","futebol","Gabigol","Gabriel Jeus","Jogos do Rio","Neymar","Olimp\u00edada do Rio-2016","Rio-2016"],"articleSection":["futebol","Olimp\u00edada do Rio"],"inLanguage":"pt-BR","potentialAction":[{"@type":"CommentAction","name":"Comment","target":["https:\/\/blogdoprosperi.com\/?p=20749#respond"]}]},{"@type":"WebPage","@id":"https:\/\/blogdoprosperi.com\/?p=20749","url":"https:\/\/blogdoprosperi.com\/?p=20749","name":"Neymar apanha, provoca e leva Brasil \u00e0 semifinal da Olimp\u00edada do Rio - PR\u00d3SPERI NEWS","isPartOf":{"@id":"https:\/\/blogdoprosperi.com\/#website"},"primaryImageOfPage":{"@id":"https:\/\/blogdoprosperi.com\/?p=20749#primaryimage"},"image":{"@id":"https:\/\/blogdoprosperi.com\/?p=20749#primaryimage"},"thumbnailUrl":"https:\/\/blogdoprosperi.com\/wp-content\/uploads\/2016\/08\/pro-14.jpg","datePublished":"2016-08-14T03:30:43+00:00","dateModified":"2016-08-14T05:21:12+00:00","breadcrumb":{"@id":"https:\/\/blogdoprosperi.com\/?p=20749#breadcrumb"},"inLanguage":"pt-BR","potentialAction":[{"@type":"ReadAction","target":["https:\/\/blogdoprosperi.com\/?p=20749"]}]},{"@type":"ImageObject","inLanguage":"pt-BR","@id":"https:\/\/blogdoprosperi.com\/?p=20749#primaryimage","url":"https:\/\/i0.wp.com\/blogdoprosperi.com\/wp-content\/uploads\/2016\/08\/pro-14.jpg?fit=3898%2C2598&ssl=1","contentUrl":"https:\/\/i0.wp.com\/blogdoprosperi.com\/wp-content\/uploads\/2016\/08\/pro-14.jpg?fit=3898%2C2598&ssl=1","width":3898,"height":2598},{"@type":"BreadcrumbList","@id":"https:\/\/blogdoprosperi.com\/?p=20749#breadcrumb","itemListElement":[{"@type":"ListItem","position":1,"name":"In\u00edcio","item":"https:\/\/blogdoprosperi.com\/"},{"@type":"ListItem","position":2,"name":"Neymar apanha, provoca e leva Brasil \u00e0 semifinal da Olimp\u00edada do Rio"}]},{"@type":"WebSite","@id":"https:\/\/blogdoprosperi.com\/#website","url":"https:\/\/blogdoprosperi.com\/","name":"PR\u00d3SPERI NEWS","description":"TUDO \u00c9  FUTEBOL","publisher":{"@id":"https:\/\/blogdoprosperi.com\/#\/schema\/person\/38100755ce3601861ee4fab9b5aa78e9"},"alternateName":"blogdoprosperi.com","potentialAction":[{"@type":"SearchAction","target":{"@type":"EntryPoint","urlTemplate":"https:\/\/blogdoprosperi.com\/?s={search_term_string}"},"query-input":{"@type":"PropertyValueSpecification","valueRequired":true,"valueName":"search_term_string"}}],"inLanguage":"pt-BR"},{"@type":["Person","Organization"],"@id":"https:\/\/blogdoprosperi.com\/#\/schema\/person\/38100755ce3601861ee4fab9b5aa78e9","name":"Luiz Ant\u00f4nio Pr\u00f3speri","pronouns":"ele","image":{"@type":"ImageObject","inLanguage":"pt-BR","@id":"https:\/\/i0.wp.com\/blogdoprosperi.com\/wp-content\/uploads\/2026\/05\/cropped-8059e613-6002-42fa-961e-8e275f575d71-2-5.jpg?fit=1360%2C931&ssl=1","url":"https:\/\/i0.wp.com\/blogdoprosperi.com\/wp-content\/uploads\/2026\/05\/cropped-8059e613-6002-42fa-961e-8e275f575d71-2-5.jpg?fit=1360%2C931&ssl=1","contentUrl":"https:\/\/i0.wp.com\/blogdoprosperi.com\/wp-content\/uploads\/2026\/05\/cropped-8059e613-6002-42fa-961e-8e275f575d71-2-5.jpg?fit=1360%2C931&ssl=1","width":1360,"height":931,"caption":"Luiz Ant\u00f4nio Pr\u00f3speri"},"logo":{"@id":"https:\/\/i0.wp.com\/blogdoprosperi.com\/wp-content\/uploads\/2026\/05\/cropped-8059e613-6002-42fa-961e-8e275f575d71-2-5.jpg?fit=1360%2C931&ssl=1"},"description":"Jornalista com carreira dedicada ao esporte. Cobriu 9 Copas do Mundo in loco, 1990 na It\u00e1lia, 1994 nos EUA, 1998 na Fran\u00e7a, 2002 na Coreia do Sul e Jap\u00e3o, 2006 na Alemanha, 2010 na \u00c1frica do Sul, 2014 no Brasil, 2018 na R\u00fassia e 2022 no Qatar. Eurocopas, 1992 na Su\u00e9cia e 1996 na Inglaterra. Copa das Confedera\u00e7\u00f5es de 2005 na Alemanha e 2009 na \u00c1frica do Sul. Rep\u00f3rter e Editor, trabalhou no Jornal da Tarde e Estad\u00e3o, de 1984 a fevereiro de 2016. Colunista, blogueiro. E comentarista de futebol na R\u00e1dio Estad\u00e3o, de 2013 a fevereiro de 2016. Jornalista respons\u00e1vel do \"Pr\u00f3speri News\" (blogdoprosperi.com).","sameAs":["http:\/\/blogdoprosperi.com","Luiz Pr\u00f3speri","@luiz_prosperi","https:\/\/x.com\/Luizprosperi","@prosperinacopa","luiz.prosperi@icloud.com"],"url":"https:\/\/blogdoprosperi.com\/?author=102107496"}]}},"jetpack_publicize_connections":[],"jetpack_likes_enabled":false,"jetpack_sharing_enabled":true,"jetpack_shortlink":"https:\/\/wp.me\/p7jvdk-5oF","jetpack-related-posts":[{"id":21421,"url":"https:\/\/blogdoprosperi.com\/?p=21421","url_meta":{"origin":20749,"position":0},"title":"Sele\u00e7\u00e3o Ol\u00edmpica pressionada a salvar a honra dos esportes coletivos do Brasil nos Jogos do Rio","author":"Luiz Ant\u00f4nio Pr\u00f3speri","date":"17 de agosto de 2016","format":false,"excerpt":"Brasil favorito nos esportes coletivos esfarela na reta final dos Jogos do Rio. Uma das \u00faltimas apostas \u00e9 a sele\u00e7\u00e3o do futebol masculino, ap\u00f3s a queda do time de Marta, a derrocada do v\u00f4lei feminino, do handebol, do basquete e das incertezas com o v\u00f4lei de quadra dos rapazes. At\u00e9\u2026","rel":"","context":"Em &quot;futebol&quot;","block_context":{"text":"futebol","link":"https:\/\/blogdoprosperi.com\/?cat=53870"},"img":{"alt_text":"","src":"https:\/\/i0.wp.com\/blogdoprosperi.com\/wp-content\/uploads\/2016\/08\/joao-havelange-esq-e-ricardo-teixeira-olham-para-copa-do-mundo-1319639845195_615x300.jpg?resize=350%2C200&ssl=1","width":350,"height":200,"srcset":"https:\/\/i0.wp.com\/blogdoprosperi.com\/wp-content\/uploads\/2016\/08\/joao-havelange-esq-e-ricardo-teixeira-olham-para-copa-do-mundo-1319639845195_615x300.jpg?resize=350%2C200&ssl=1 1x, https:\/\/i0.wp.com\/blogdoprosperi.com\/wp-content\/uploads\/2016\/08\/joao-havelange-esq-e-ricardo-teixeira-olham-para-copa-do-mundo-1319639845195_615x300.jpg?resize=525%2C300&ssl=1 1.5x"},"classes":[]},{"id":21654,"url":"https:\/\/blogdoprosperi.com\/?p=21654","url_meta":{"origin":20749,"position":1},"title":"Brasil n\u00e3o pode pensar em devolver 7 a 1 na decis\u00e3o do ouro contra Alemanha","author":"Luiz Ant\u00f4nio Pr\u00f3speri","date":"17 de agosto de 2016","format":false,"excerpt":"Inebriado com os 6 a 0 em cima da modesta Honduras nas semifinais, Brasil dos meninos tem direito a pensar em devolver o 7 a 1 da Alemanha, de tr\u00e1gica lembran\u00e7a da Copa de 2014, na decis\u00e3o da medalha de ouro no s\u00e1bado (20\/8), 17h, no Maracan\u00e3, na Olimp\u00edada do\u2026","rel":"","context":"Em &quot;futebol&quot;","block_context":{"text":"futebol","link":"https:\/\/blogdoprosperi.com\/?cat=53870"},"img":{"alt_text":"","src":"https:\/\/i0.wp.com\/blogdoprosperi.com\/wp-content\/uploads\/2016\/08\/pro3-13.jpg?resize=350%2C200","width":350,"height":200,"srcset":"https:\/\/i0.wp.com\/blogdoprosperi.com\/wp-content\/uploads\/2016\/08\/pro3-13.jpg?resize=350%2C200 1x, https:\/\/i0.wp.com\/blogdoprosperi.com\/wp-content\/uploads\/2016\/08\/pro3-13.jpg?resize=525%2C300 1.5x, https:\/\/i0.wp.com\/blogdoprosperi.com\/wp-content\/uploads\/2016\/08\/pro3-13.jpg?resize=700%2C400 2x, https:\/\/i0.wp.com\/blogdoprosperi.com\/wp-content\/uploads\/2016\/08\/pro3-13.jpg?resize=1050%2C600 3x, https:\/\/i0.wp.com\/blogdoprosperi.com\/wp-content\/uploads\/2016\/08\/pro3-13.jpg?resize=1400%2C800 4x"},"classes":[]},{"id":21295,"url":"https:\/\/blogdoprosperi.com\/?p=21295","url_meta":{"origin":20749,"position":2},"title":"Marta \u00e9 melhor que Neymar?","author":"Luiz Ant\u00f4nio Pr\u00f3speri","date":"16 de agosto de 2016","format":false,"excerpt":"Sele\u00e7\u00e3o Brasileira cai diante da Su\u00e9cia na disputa dos p\u00eanaltis e coloca um ponto final no conto de fadas do futebol feminino do Brasil nos Jogos do Rio. Resta a disputa da medalha de bronze contra o vencedor do confronto entre Canad\u00e1 e Alemanha. Deve tamb\u00e9m frear o entusiasmo de\u2026","rel":"","context":"Em &quot;futebol&quot;","block_context":{"text":"futebol","link":"https:\/\/blogdoprosperi.com\/?cat=53870"},"img":{"alt_text":"","src":"https:\/\/i0.wp.com\/blogdoprosperi.com\/wp-content\/uploads\/2016\/08\/marta.jpg?resize=350%2C200","width":350,"height":200,"srcset":"https:\/\/i0.wp.com\/blogdoprosperi.com\/wp-content\/uploads\/2016\/08\/marta.jpg?resize=350%2C200 1x, https:\/\/i0.wp.com\/blogdoprosperi.com\/wp-content\/uploads\/2016\/08\/marta.jpg?resize=525%2C300 1.5x, https:\/\/i0.wp.com\/blogdoprosperi.com\/wp-content\/uploads\/2016\/08\/marta.jpg?resize=700%2C400 2x, https:\/\/i0.wp.com\/blogdoprosperi.com\/wp-content\/uploads\/2016\/08\/marta.jpg?resize=1050%2C600 3x"},"classes":[]},{"id":5986,"url":"https:\/\/blogdoprosperi.com\/?p=5986","url_meta":{"origin":20749,"position":3},"title":"Neymar desiste de concorrer a melhor do mundo em 2016","author":"Luiz Ant\u00f4nio Pr\u00f3speri","date":"17 de maio de 2016","format":false,"excerpt":"\u00a0 Craque sai de cena em junho, ao aceitar pedido da CBF para disputar a Olimp\u00edada do Rio, e v\u00ea distante projeto de ser eleito o Bola de Ouro da Fifa no fim do ano Neymar desistiu de se credenciar a melhor jogador do mundo nesta temporada de 2016, na\u2026","rel":"","context":"Em &quot;futebol&quot;","block_context":{"text":"futebol","link":"https:\/\/blogdoprosperi.com\/?cat=53870"},"img":{"alt_text":"","src":"https:\/\/i0.wp.com\/blogdoprosperi.com\/wp-content\/uploads\/2016\/05\/16085103.jpeg?resize=350%2C200&ssl=1","width":350,"height":200,"srcset":"https:\/\/i0.wp.com\/blogdoprosperi.com\/wp-content\/uploads\/2016\/05\/16085103.jpeg?resize=350%2C200&ssl=1 1x, https:\/\/i0.wp.com\/blogdoprosperi.com\/wp-content\/uploads\/2016\/05\/16085103.jpeg?resize=525%2C300&ssl=1 1.5x"},"classes":[]},{"id":20184,"url":"https:\/\/blogdoprosperi.com\/?p=20184","url_meta":{"origin":20749,"position":4},"title":"Neymar n\u00e3o \u00e9 o culpado","author":"Luiz Ant\u00f4nio Pr\u00f3speri","date":"9 de agosto de 2016","format":false,"excerpt":"Futebol brasileiro corre risco enorme de cair na primeira fase da Olimp\u00edada nesta quarta-feira no jogo contra a Dinamarca. Seria um desastre do tamanho do 7 a 1. Devastador. Um tiro no cora\u00e7\u00e3o da institui\u00e7\u00e3o Sele\u00e7\u00e3o Brasileira, sem credibilidade e em crise permanente desde o fracasso na Copa do Mundo\u2026","rel":"","context":"Em &quot;futebol&quot;","block_context":{"text":"futebol","link":"https:\/\/blogdoprosperi.com\/?cat=53870"},"img":{"alt_text":"","src":"https:\/\/i0.wp.com\/blogdoprosperi.com\/wp-content\/uploads\/2016\/08\/pro2-9.jpg?resize=350%2C200&ssl=1","width":350,"height":200,"srcset":"https:\/\/i0.wp.com\/blogdoprosperi.com\/wp-content\/uploads\/2016\/08\/pro2-9.jpg?resize=350%2C200&ssl=1 1x, https:\/\/i0.wp.com\/blogdoprosperi.com\/wp-content\/uploads\/2016\/08\/pro2-9.jpg?resize=525%2C300&ssl=1 1.5x, https:\/\/i0.wp.com\/blogdoprosperi.com\/wp-content\/uploads\/2016\/08\/pro2-9.jpg?resize=700%2C400&ssl=1 2x, https:\/\/i0.wp.com\/blogdoprosperi.com\/wp-content\/uploads\/2016\/08\/pro2-9.jpg?resize=1050%2C600&ssl=1 3x, https:\/\/i0.wp.com\/blogdoprosperi.com\/wp-content\/uploads\/2016\/08\/pro2-9.jpg?resize=1400%2C800&ssl=1 4x"},"classes":[]},{"id":21517,"url":"https:\/\/blogdoprosperi.com\/?p=21517","url_meta":{"origin":20749,"position":5},"title":"Sele\u00e7\u00e3o Ol\u00edmpica consagra Neymar e Gabriel Jesus e vai encarar Alemanha na disputa do ouro","author":"Luiz Ant\u00f4nio Pr\u00f3speri","date":"17 de agosto de 2016","format":false,"excerpt":"Duro \u00e9 convencer a torcida brasileira de que os alem\u00e3es n\u00e3o merecem levar uma sova na final dos Jogos do Rio 2016 Brasil se reconciliou com seu futebol, t\u00e3o maltratado nos \u00faltimos tempos, ao despachar Honduras por 6 a 0 na semifinal dos Jogos do Rio. H\u00e1 quem possa argumentar\u2026","rel":"","context":"Em &quot;futebol&quot;","block_context":{"text":"futebol","link":"https:\/\/blogdoprosperi.com\/?cat=53870"},"img":{"alt_text":"","src":"https:\/\/i0.wp.com\/blogdoprosperi.com\/wp-content\/uploads\/2016\/08\/u9kmit0v.jpg?resize=350%2C200&ssl=1","width":350,"height":200,"srcset":"https:\/\/i0.wp.com\/blogdoprosperi.com\/wp-content\/uploads\/2016\/08\/u9kmit0v.jpg?resize=350%2C200&ssl=1 1x, https:\/\/i0.wp.com\/blogdoprosperi.com\/wp-content\/uploads\/2016\/08\/u9kmit0v.jpg?resize=525%2C300&ssl=1 1.5x"},"classes":[]}],"jetpack_featured_media_url":"","_links":{"self":[{"href":"https:\/\/blogdoprosperi.com\/index.php?rest_route=\/wp\/v2\/posts\/20749","targetHints":{"allow":["GET"]}}],"collection":[{"href":"https:\/\/blogdoprosperi.com\/index.php?rest_route=\/wp\/v2\/posts"}],"about":[{"href":"https:\/\/blogdoprosperi.com\/index.php?rest_route=\/wp\/v2\/types\/post"}],"author":[{"embeddable":true,"href":"https:\/\/blogdoprosperi.com\/index.php?rest_route=\/wp\/v2\/users\/102107496"}],"replies":[{"embeddable":true,"href":"https:\/\/blogdoprosperi.com\/index.php?rest_route=%2Fwp%2Fv2%2Fcomments&post=20749"}],"version-history":[{"count":25,"href":"https:\/\/blogdoprosperi.com\/index.php?rest_route=\/wp\/v2\/posts\/20749\/revisions"}],"predecessor-version":[{"id":20909,"href":"https:\/\/blogdoprosperi.com\/index.php?rest_route=\/wp\/v2\/posts\/20749\/revisions\/20909"}],"wp:attachment":[{"href":"https:\/\/blogdoprosperi.com\/index.php?rest_route=%2Fwp%2Fv2%2Fmedia&parent=20749"}],"wp:term":[{"taxonomy":"category","embeddable":true,"href":"https:\/\/blogdoprosperi.com\/index.php?rest_route=%2Fwp%2Fv2%2Fcategories&post=20749"},{"taxonomy":"post_tag","embeddable":true,"href":"https:\/\/blogdoprosperi.com\/index.php?rest_route=%2Fwp%2Fv2%2Ftags&post=20749"}],"curies":[{"name":"wp","href":"https:\/\/api.w.org\/{rel}","templated":true}]}}