{"id":21069,"date":"2016-08-14T20:56:27","date_gmt":"2016-08-14T23:56:27","guid":{"rendered":"http:\/\/blogdoprosperi.com\/?p=21069"},"modified":"2016-08-16T21:53:54","modified_gmt":"2016-08-17T00:53:54","slug":"palmeiras-mostra-autoridade-de-lider-do-campeonato-brasileiro","status":"publish","type":"post","link":"https:\/\/blogdoprosperi.com\/?p=21069","title":{"rendered":"Palmeiras mostra autoridade de l\u00edder do Campeonato Brasileiro"},"content":{"rendered":"<p><span class=\"alignnone\"><img data-recalc-dims=\"1\" loading=\"lazy\" decoding=\"async\" data-attachment-id=\"21132\" data-permalink=\"https:\/\/blogdoprosperi.com\/?attachment_id=21132\" data-orig-file=\"https:\/\/i0.wp.com\/blogdoprosperi.com\/wp-content\/uploads\/2016\/08\/622_8198cc31-1563-35c6-9818-a4d17376cc42.jpg?fit=622%2C350&amp;ssl=1\" data-orig-size=\"622,350\" data-comments-opened=\"1\" data-image-meta=\"{&quot;aperture&quot;:&quot;0&quot;,&quot;credit&quot;:&quot;&quot;,&quot;camera&quot;:&quot;&quot;,&quot;caption&quot;:&quot;&quot;,&quot;created_timestamp&quot;:&quot;0&quot;,&quot;copyright&quot;:&quot;&quot;,&quot;focal_length&quot;:&quot;0&quot;,&quot;iso&quot;:&quot;0&quot;,&quot;shutter_speed&quot;:&quot;0&quot;,&quot;title&quot;:&quot;&quot;,&quot;orientation&quot;:&quot;0&quot;}\" data-image-title=\"622_8198cc31-1563-35c6-9818-a4d17376cc42\" data-image-description=\"\" data-image-caption=\"\" data-large-file=\"https:\/\/i0.wp.com\/blogdoprosperi.com\/wp-content\/uploads\/2016\/08\/622_8198cc31-1563-35c6-9818-a4d17376cc42.jpg?fit=622%2C350&amp;ssl=1\" class=\"alignnone size-full wp-image-21132\" src=\"https:\/\/i0.wp.com\/blogdoprosperi.com\/wp-content\/uploads\/2016\/08\/622_8198cc31-1563-35c6-9818-a4d17376cc42.jpg?resize=622%2C350&#038;ssl=1\" alt=\"622_8198cc31-1563-35c6-9818-a4d17376cc42.jpg\" width=\"622\" height=\"350\" \/><\/span><\/p>\n<p>Palmeiras precisava de uma boa vit\u00f3ria, daquelas com autoridade, fora de casa para alertar aos concorrentes quem, de fato, manda no Brasileir\u00e3o neste in\u00edcio de segundo turno. Os tr\u00eas pontos conquistados diante do Atl\u00e9tico-PR, at\u00e9 ent\u00e3o invicto na sua fortaleza, t\u00eam esse peso. O time de Cuca venceu por 1 a 0, sustentou a lideran\u00e7a do campeonato e incomodou a concorr\u00eancia.<!--more--><\/p>\n<p>O resultado em si, econ\u00f4mico, \u00e9 o de menos. A forma como se imp\u00f4s \u00e9 que deve ser ressaltada. Em nenhum momento entrou em p\u00e2nico. N\u00e3o recorreu ao jogo faltoso e, no momento de atacar, calculou cada passe e cada trama. Cumpriu bem o ritual de quem pensa mesmo em ser campe\u00e3o.<\/p>\n<p><strong>AN\u00c1LISE DO JOGO\u00a0<\/strong><\/p>\n<p>Palmeiras n\u00e3o correu riscos no primeiro tempo. Prendeu os laterais Jean e Egidio e segurou o volante Thiago Santos na prote\u00e7\u00e3o da zaga. Estrat\u00e9gia acertada diante de um advers\u00e1rio, que usa muito a bola esticada e r\u00e1pida no gramado sint\u00e9tico da Arena da Baixada.<\/p>\n<p><span class=\"alignnone\"><img data-recalc-dims=\"1\" loading=\"lazy\" decoding=\"async\" data-attachment-id=\"21139\" data-permalink=\"https:\/\/blogdoprosperi.com\/?attachment_id=21139\" data-orig-file=\"https:\/\/i0.wp.com\/blogdoprosperi.com\/wp-content\/uploads\/2016\/08\/622_ffb26f91-0123-3296-a525-a2bff155c714.jpg?fit=622%2C350&amp;ssl=1\" data-orig-size=\"622,350\" data-comments-opened=\"1\" data-image-meta=\"{&quot;aperture&quot;:&quot;0&quot;,&quot;credit&quot;:&quot;&quot;,&quot;camera&quot;:&quot;&quot;,&quot;caption&quot;:&quot;&quot;,&quot;created_timestamp&quot;:&quot;0&quot;,&quot;copyright&quot;:&quot;&quot;,&quot;focal_length&quot;:&quot;0&quot;,&quot;iso&quot;:&quot;0&quot;,&quot;shutter_speed&quot;:&quot;0&quot;,&quot;title&quot;:&quot;&quot;,&quot;orientation&quot;:&quot;0&quot;}\" data-image-title=\"622_ffb26f91-0123-3296-a525-a2bff155c714\" data-image-description=\"\" data-image-caption=\"\" data-large-file=\"https:\/\/i0.wp.com\/blogdoprosperi.com\/wp-content\/uploads\/2016\/08\/622_ffb26f91-0123-3296-a525-a2bff155c714.jpg?fit=622%2C350&amp;ssl=1\" class=\"alignnone size-full wp-image-21139\" src=\"https:\/\/i0.wp.com\/blogdoprosperi.com\/wp-content\/uploads\/2016\/08\/622_ffb26f91-0123-3296-a525-a2bff155c714.jpg?resize=622%2C350&#038;ssl=1\" alt=\"622_ffb26f91-0123-3296-a525-a2bff155c714\" width=\"622\" height=\"350\" \/><\/span><\/p>\n<p>Bem estruturado no setor defensivo, o time paulista apostou na velocidade do ataque com Roger Guedes, Dudu e Erik e a chegada de Mois\u00e9s. Os tr\u00eas deram dor de cabe\u00e7a aos marcadores atleticanos, apontados como lentos na hora de dar o bote nos atacantes.<\/p>\n<p>Da sa\u00edda r\u00e1pida em busca do gol, o Palmeiras obrigou a zaga do advers\u00e1rio a fazer um escanteio atr\u00e1s do outro. De um deles, no fim da primeira parte do jogo, Dudu bateu e Vitor Hugo carimbou a rede do goleiro Santos.<\/p>\n<p>Vantagem consider\u00e1vel de um visitante indigesto e um duro golpe a um mandante com melhor aproveitamento neste Brasileir\u00e3o.<\/p>\n<div class=\"jetpack-video-wrapper\"><span class=\"embed-youtube\" style=\"text-align:center; display: block;\"><iframe loading=\"lazy\" class=\"youtube-player\" width=\"560\" height=\"315\" src=\"https:\/\/www.youtube.com\/embed\/bKB-V6MbR9k?version=3&#038;rel=1&#038;showsearch=0&#038;showinfo=1&#038;iv_load_policy=1&#038;fs=1&#038;hl=pt-BR&#038;autohide=2&#038;wmode=transparent\" allowfullscreen=\"true\" style=\"border:0;\" sandbox=\"allow-scripts allow-same-origin allow-popups allow-presentation allow-popups-to-escape-sandbox\"><\/iframe><\/span><\/div>\n<p>No segundo tempo, o Atl\u00e9tico voltou diferente ao trocar o meia Luciano Cabral pelo atacante de \u00e1rea Andr\u00e9 Lima. Sinal de que apostaria no bombardeio a\u00e9reo. A mudan\u00e7a funcionou em parte. De bolas al\u00e7adas na \u00e1rea, partindo de escanteios e cruzamentos da intermedi\u00e1ria, o time teve chance de empatar o jogo, mas parou em Jailson, autor de duas defesas espetaculares.<\/p>\n<p>Ao trocar um meia por um atacante, Paulo Autuori puxou Walter para armar o time. Assim, perdeu poder de marca\u00e7\u00e3o e facilitou a vida de Mois\u00e9s e depois Cleiton Xavier. O Palmeiras ganhava campo para pensar no jogo e trabalhar a bola. Por isso, chegou pelo menos tr\u00eas vezes em condi\u00e7\u00f5es de ampliar a vantagem. Duas delas desperdi\u00e7adas por Roger Guedes.<\/p>\n<p><span class=\"alignnone\"><img data-recalc-dims=\"1\" loading=\"lazy\" decoding=\"async\" data-attachment-id=\"21140\" data-permalink=\"https:\/\/blogdoprosperi.com\/?attachment_id=21140\" data-orig-file=\"https:\/\/i0.wp.com\/blogdoprosperi.com\/wp-content\/uploads\/2016\/08\/ae34225f105e3080ab4e51758e8ae99e.jpg?fit=1920%2C1080&amp;ssl=1\" data-orig-size=\"1920,1080\" data-comments-opened=\"1\" data-image-meta=\"{&quot;aperture&quot;:&quot;3.2&quot;,&quot;credit&quot;:&quot;(5) Cesar Greco \/ Fotoarena&quot;,&quot;camera&quot;:&quot;Canon EOS-1D X&quot;,&quot;caption&quot;:&quot;RECIFE, PE - 04.07.2016: SPORT X PALMEIRAS - O t\\u00e9cnico Cuca, da SE Palmeiras, em jogo contra a equipe do Sport CR, durante partida v\\u00e1lida pela d\\u00e9cima terceira rodada, do Campeonato Brasileiro, S\\u00e9rie A, no Est\\u00e1dio Ilha do Retiro. (Foto: Cesar Greco \/ Fotoarena)&quot;,&quot;created_timestamp&quot;:&quot;1467663306&quot;,&quot;copyright&quot;:&quot;Cesar Greco&quot;,&quot;focal_length&quot;:&quot;400&quot;,&quot;iso&quot;:&quot;5000&quot;,&quot;shutter_speed&quot;:&quot;0.0025&quot;,&quot;title&quot;:&quot;&quot;,&quot;orientation&quot;:&quot;1&quot;}\" data-image-title=\"ae34225f105e3080ab4e51758e8ae99e\" data-image-description=\"\" data-image-caption=\"&lt;p&gt;RECIFE, PE &amp;#8211; 04.07.2016: SPORT X PALMEIRAS &amp;#8211; O t\u00e9cnico Cuca, da SE Palmeiras, em jogo contra a equipe do Sport CR, durante partida v\u00e1lida pela d\u00e9cima terceira rodada, do Campeonato Brasileiro, S\u00e9rie A, no Est\u00e1dio Ilha do Retiro. (Foto: Cesar Greco \/ Fotoarena)&lt;\/p&gt;\n\" data-large-file=\"https:\/\/i0.wp.com\/blogdoprosperi.com\/wp-content\/uploads\/2016\/08\/ae34225f105e3080ab4e51758e8ae99e.jpg?fit=940%2C529&amp;ssl=1\" class=\"alignnone size-full wp-image-21140\" src=\"https:\/\/i0.wp.com\/blogdoprosperi.com\/wp-content\/uploads\/2016\/08\/ae34225f105e3080ab4e51758e8ae99e.jpg?resize=940%2C529&#038;ssl=1\" alt=\"ae34225f105e3080ab4e51758e8ae99e\" width=\"940\" height=\"529\" \/><\/span><\/p>\n<p>Chamou aten\u00e7\u00e3o a ousadia de Cuca. Mesmo pressionado nos \u00faltimos 15 minutos, n\u00e3o fez uma substitui\u00e7\u00e3o pensando mais em se defender do que atacar. Queria sustentar a posse de bola e dar n\u00e3o alma ao advers\u00e1rio, at\u00e9 ent\u00e3o invicto em casa. Conseguiu.<\/p>\n<p>Palmeiras volta do Paran\u00e1 na lideran\u00e7a do Brasileir\u00e3o com tr\u00eas pontos acima do vice Santos e com auto-estima l\u00e1 em cima.<\/p>\n<p><strong>FICHA DO JOGO<\/strong><\/p>\n<p><strong>Atl\u00e9tico-PR 0 x 1 Palmeiras<\/strong><\/p>\n<p><strong>Gol<\/strong>: Vitor Hugo, aos 44 minutos do primeiro tempo;<\/p>\n<p><strong>Atl\u00e9tico-PR:<\/strong> Santos, Leo (Rosseto), Paulo Andr\u00e9, Thiago Heleno e Sidiclei; Oct\u00e1vio, Hernani, e Luciano Cabral (Andr\u00e9 Lima); Yago (Marcos Guilherme), Walter e Lucas Fernandes . <strong>T\u00e9cnico<\/strong>: Paulo Autuori<\/p>\n<p><strong>Palmeiras:<\/strong> Ja\u00edlson, Jean, Thiago Martins, Vitor Hugo e Egidio; Thiago Santos, Tch\u00ea Tch\u00ea e Mois\u00e9s; Roger Guedes (Cleiton Xavier), Erik (Fabricio) e Dudu (Rafael Marques). <strong>T\u00e9cnico:<\/strong> Cuca<\/p>\n<p><strong>Juiz: <\/strong>Jean Pierre Lima<br \/>\n<strong>Cart\u00f5es amarelos:<\/strong>\u00a0Leo, Hernani, Thiago Santos, Erik, Octavio, Cleiton Xavier<br \/>\n<strong>Local:<\/strong> Arena da Baixada<\/p>\n","protected":false},"excerpt":{"rendered":"<p>Palmeiras precisava de uma boa vit\u00f3ria, daquelas com autoridade, fora de casa para alertar aos concorrentes quem, de [&hellip;]<\/p>\n","protected":false},"author":102107496,"featured_media":0,"comment_status":"open","ping_status":"open","sticky":false,"template":"","format":"standard","meta":{"_coblocks_attr":"","_coblocks_dimensions":"","_coblocks_responsive_height":"","_coblocks_accordion_ie_support":"","_jetpack_newsletter_access":"","_jetpack_dont_email_post_to_subs":false,"_jetpack_newsletter_tier_id":0,"_jetpack_memberships_contains_paywalled_content":false,"_wpcom_ai_launchpad_first_post":false,"_jetpack_feature_clip_id":0,"_jetpack_memberships_contains_paid_content":false,"footnotes":"","jetpack_publicize_message":"","jetpack_publicize_feature_enabled":true,"jetpack_social_post_already_shared":false,"jetpack_social_options":{"image_generator_settings":{"template":"highway","default_image_id":0,"font":"","enabled":false},"version":2},"jetpack_post_was_ever_published":false},"categories":[355071,53870],"tags":[998272,530553435,362595295,85954,789560560,514283579,8328841,5907857],"class_list":["post-21069","post","type-post","status-publish","format-standard","hentry","category-campeonato-brasileiro","category-futebol","tag-atletico-pr","tag-atleticopr-x-palmeiras","tag-brasileirao-2016","tag-cuca","tag-futebol","tag-jailson-palmeiras","tag-palmeiras-clube","tag-vitor-hugo"],"yoast_head":"<!-- This site is optimized with the Yoast SEO plugin v28.3 - https:\/\/yoast.com\/product\/yoast-seo-wordpress\/ -->\n<title>Palmeiras mostra autoridade de l\u00edder do Campeonato Brasileiro - PR\u00d3SPERI NEWS<\/title>\n<meta name=\"robots\" content=\"index, follow, max-snippet:-1, max-image-preview:large, max-video-preview:-1\" \/>\n<link rel=\"canonical\" href=\"https:\/\/blogdoprosperi.com\/?p=21069\" \/>\n<meta property=\"og:locale\" content=\"pt_BR\" \/>\n<meta property=\"og:type\" content=\"article\" \/>\n<meta property=\"og:title\" content=\"Palmeiras mostra autoridade de l\u00edder do Campeonato Brasileiro - PR\u00d3SPERI NEWS\" \/>\n<meta property=\"og:description\" content=\"Palmeiras precisava de uma boa vit\u00f3ria, daquelas com autoridade, fora de casa para alertar aos concorrentes quem, de [&hellip;]\" \/>\n<meta property=\"og:url\" content=\"https:\/\/blogdoprosperi.com\/?p=21069\" \/>\n<meta property=\"og:site_name\" content=\"PR\u00d3SPERI NEWS\" \/>\n<meta property=\"article:publisher\" content=\"Luiz Pr\u00f3speri\" \/>\n<meta property=\"article:author\" content=\"Luiz Pr\u00f3speri\" \/>\n<meta property=\"article:published_time\" content=\"2016-08-14T23:56:27+00:00\" \/>\n<meta property=\"article:modified_time\" content=\"2016-08-17T00:53:54+00:00\" \/>\n<meta property=\"og:image\" content=\"https:\/\/blogdoprosperi.com\/wp-content\/uploads\/2016\/08\/622_8198cc31-1563-35c6-9818-a4d17376cc42.jpg\" \/>\n<meta name=\"author\" content=\"Luiz Ant\u00f4nio Pr\u00f3speri\" \/>\n<meta name=\"twitter:card\" content=\"summary_large_image\" \/>\n<meta name=\"twitter:creator\" content=\"@Luizprosperi\" \/>\n<meta name=\"twitter:site\" content=\"@Luizprosperi\" \/>\n<meta name=\"twitter:label1\" content=\"Escrito por\" \/>\n\t<meta name=\"twitter:data1\" content=\"Luiz Ant\u00f4nio Pr\u00f3speri\" \/>\n\t<meta name=\"twitter:label2\" content=\"Est. tempo de leitura\" \/>\n\t<meta name=\"twitter:data2\" content=\"3 minutos\" \/>\n<script type=\"application\/ld+json\" class=\"yoast-schema-graph\">{\"@context\":\"https:\\\/\\\/schema.org\",\"@graph\":[{\"@type\":\"Article\",\"@id\":\"https:\\\/\\\/blogdoprosperi.com\\\/?p=21069#article\",\"isPartOf\":{\"@id\":\"https:\\\/\\\/blogdoprosperi.com\\\/?p=21069\"},\"author\":{\"name\":\"Luiz Ant\u00f4nio Pr\u00f3speri\",\"@id\":\"https:\\\/\\\/blogdoprosperi.com\\\/#\\\/schema\\\/person\\\/38100755ce3601861ee4fab9b5aa78e9\"},\"headline\":\"Palmeiras mostra autoridade de l\u00edder do Campeonato Brasileiro\",\"datePublished\":\"2016-08-14T23:56:27+00:00\",\"dateModified\":\"2016-08-17T00:53:54+00:00\",\"mainEntityOfPage\":{\"@id\":\"https:\\\/\\\/blogdoprosperi.com\\\/?p=21069\"},\"wordCount\":609,\"commentCount\":1,\"publisher\":{\"@id\":\"https:\\\/\\\/blogdoprosperi.com\\\/#\\\/schema\\\/person\\\/38100755ce3601861ee4fab9b5aa78e9\"},\"image\":{\"@id\":\"https:\\\/\\\/blogdoprosperi.com\\\/?p=21069#primaryimage\"},\"thumbnailUrl\":\"https:\\\/\\\/blogdoprosperi.com\\\/wp-content\\\/uploads\\\/2016\\\/08\\\/622_8198cc31-1563-35c6-9818-a4d17376cc42.jpg\",\"keywords\":[\"Atl\u00e9tico-PR\",\"Atl\u00e9tico=PR x Palmeiras\",\"Brasileir\u00e3o-2016\",\"Cuca\",\"futebol\",\"Jailson Palmeiras\",\"Palmeiras Clube\",\"Vitor Hugo\"],\"articleSection\":[\"Campeonato Brasileiro\",\"futebol\"],\"inLanguage\":\"pt-BR\",\"potentialAction\":[{\"@type\":\"CommentAction\",\"name\":\"Comment\",\"target\":[\"https:\\\/\\\/blogdoprosperi.com\\\/?p=21069#respond\"]}]},{\"@type\":\"WebPage\",\"@id\":\"https:\\\/\\\/blogdoprosperi.com\\\/?p=21069\",\"url\":\"https:\\\/\\\/blogdoprosperi.com\\\/?p=21069\",\"name\":\"Palmeiras mostra autoridade de l\u00edder do Campeonato Brasileiro - PR\u00d3SPERI NEWS\",\"isPartOf\":{\"@id\":\"https:\\\/\\\/blogdoprosperi.com\\\/#website\"},\"primaryImageOfPage\":{\"@id\":\"https:\\\/\\\/blogdoprosperi.com\\\/?p=21069#primaryimage\"},\"image\":{\"@id\":\"https:\\\/\\\/blogdoprosperi.com\\\/?p=21069#primaryimage\"},\"thumbnailUrl\":\"https:\\\/\\\/blogdoprosperi.com\\\/wp-content\\\/uploads\\\/2016\\\/08\\\/622_8198cc31-1563-35c6-9818-a4d17376cc42.jpg\",\"datePublished\":\"2016-08-14T23:56:27+00:00\",\"dateModified\":\"2016-08-17T00:53:54+00:00\",\"breadcrumb\":{\"@id\":\"https:\\\/\\\/blogdoprosperi.com\\\/?p=21069#breadcrumb\"},\"inLanguage\":\"pt-BR\",\"potentialAction\":[{\"@type\":\"ReadAction\",\"target\":[\"https:\\\/\\\/blogdoprosperi.com\\\/?p=21069\"]}]},{\"@type\":\"ImageObject\",\"inLanguage\":\"pt-BR\",\"@id\":\"https:\\\/\\\/blogdoprosperi.com\\\/?p=21069#primaryimage\",\"url\":\"https:\\\/\\\/i0.wp.com\\\/blogdoprosperi.com\\\/wp-content\\\/uploads\\\/2016\\\/08\\\/622_8198cc31-1563-35c6-9818-a4d17376cc42.jpg?fit=622%2C350&ssl=1\",\"contentUrl\":\"https:\\\/\\\/i0.wp.com\\\/blogdoprosperi.com\\\/wp-content\\\/uploads\\\/2016\\\/08\\\/622_8198cc31-1563-35c6-9818-a4d17376cc42.jpg?fit=622%2C350&ssl=1\",\"width\":622,\"height\":350},{\"@type\":\"BreadcrumbList\",\"@id\":\"https:\\\/\\\/blogdoprosperi.com\\\/?p=21069#breadcrumb\",\"itemListElement\":[{\"@type\":\"ListItem\",\"position\":1,\"name\":\"In\u00edcio\",\"item\":\"https:\\\/\\\/blogdoprosperi.com\\\/\"},{\"@type\":\"ListItem\",\"position\":2,\"name\":\"Palmeiras mostra autoridade de l\u00edder do Campeonato Brasileiro\"}]},{\"@type\":\"WebSite\",\"@id\":\"https:\\\/\\\/blogdoprosperi.com\\\/#website\",\"url\":\"https:\\\/\\\/blogdoprosperi.com\\\/\",\"name\":\"PR\u00d3SPERI NEWS\",\"description\":\"TUDO \u00c9  FUTEBOL\",\"publisher\":{\"@id\":\"https:\\\/\\\/blogdoprosperi.com\\\/#\\\/schema\\\/person\\\/38100755ce3601861ee4fab9b5aa78e9\"},\"alternateName\":\"blogdoprosperi.com\",\"potentialAction\":[{\"@type\":\"SearchAction\",\"target\":{\"@type\":\"EntryPoint\",\"urlTemplate\":\"https:\\\/\\\/blogdoprosperi.com\\\/?s={search_term_string}\"},\"query-input\":{\"@type\":\"PropertyValueSpecification\",\"valueRequired\":true,\"valueName\":\"search_term_string\"}}],\"inLanguage\":\"pt-BR\"},{\"@type\":[\"Person\",\"Organization\"],\"@id\":\"https:\\\/\\\/blogdoprosperi.com\\\/#\\\/schema\\\/person\\\/38100755ce3601861ee4fab9b5aa78e9\",\"name\":\"Luiz Ant\u00f4nio Pr\u00f3speri\",\"pronouns\":\"ele\",\"image\":{\"@type\":\"ImageObject\",\"inLanguage\":\"pt-BR\",\"@id\":\"https:\\\/\\\/i0.wp.com\\\/blogdoprosperi.com\\\/wp-content\\\/uploads\\\/2026\\\/05\\\/cropped-8059e613-6002-42fa-961e-8e275f575d71-2-5.jpg?fit=1360%2C931&ssl=1\",\"url\":\"https:\\\/\\\/i0.wp.com\\\/blogdoprosperi.com\\\/wp-content\\\/uploads\\\/2026\\\/05\\\/cropped-8059e613-6002-42fa-961e-8e275f575d71-2-5.jpg?fit=1360%2C931&ssl=1\",\"contentUrl\":\"https:\\\/\\\/i0.wp.com\\\/blogdoprosperi.com\\\/wp-content\\\/uploads\\\/2026\\\/05\\\/cropped-8059e613-6002-42fa-961e-8e275f575d71-2-5.jpg?fit=1360%2C931&ssl=1\",\"width\":1360,\"height\":931,\"caption\":\"Luiz Ant\u00f4nio Pr\u00f3speri\"},\"logo\":{\"@id\":\"https:\\\/\\\/i0.wp.com\\\/blogdoprosperi.com\\\/wp-content\\\/uploads\\\/2026\\\/05\\\/cropped-8059e613-6002-42fa-961e-8e275f575d71-2-5.jpg?fit=1360%2C931&ssl=1\"},\"description\":\"Jornalista com carreira dedicada ao esporte. Cobriu 9 Copas do Mundo in loco, 1990 na It\u00e1lia, 1994 nos EUA, 1998 na Fran\u00e7a, 2002 na Coreia do Sul e Jap\u00e3o, 2006 na Alemanha, 2010 na \u00c1frica do Sul, 2014 no Brasil, 2018 na R\u00fassia e 2022 no Qatar. Eurocopas, 1992 na Su\u00e9cia e 1996 na Inglaterra. Copa das Confedera\u00e7\u00f5es de 2005 na Alemanha e 2009 na \u00c1frica do Sul. Rep\u00f3rter e Editor, trabalhou no Jornal da Tarde e Estad\u00e3o, de 1984 a fevereiro de 2016. Colunista, blogueiro. E comentarista de futebol na R\u00e1dio Estad\u00e3o, de 2013 a fevereiro de 2016. Jornalista respons\u00e1vel do \\\"Pr\u00f3speri News\\\" (blogdoprosperi.com).\",\"sameAs\":[\"http:\\\/\\\/blogdoprosperi.com\",\"Luiz Pr\u00f3speri\",\"@luiz_prosperi\",\"https:\\\/\\\/x.com\\\/Luizprosperi\",\"@prosperinacopa\",\"luiz.prosperi@icloud.com\"],\"url\":\"https:\\\/\\\/blogdoprosperi.com\\\/?author=102107496\"}]}<\/script>\n<!-- \/ Yoast SEO plugin. -->","yoast_head_json":{"title":"Palmeiras mostra autoridade de l\u00edder do Campeonato Brasileiro - PR\u00d3SPERI NEWS","robots":{"index":"index","follow":"follow","max-snippet":"max-snippet:-1","max-image-preview":"max-image-preview:large","max-video-preview":"max-video-preview:-1"},"canonical":"https:\/\/blogdoprosperi.com\/?p=21069","og_locale":"pt_BR","og_type":"article","og_title":"Palmeiras mostra autoridade de l\u00edder do Campeonato Brasileiro - PR\u00d3SPERI NEWS","og_description":"Palmeiras precisava de uma boa vit\u00f3ria, daquelas com autoridade, fora de casa para alertar aos concorrentes quem, de [&hellip;]","og_url":"https:\/\/blogdoprosperi.com\/?p=21069","og_site_name":"PR\u00d3SPERI NEWS","article_publisher":"Luiz Pr\u00f3speri","article_author":"Luiz Pr\u00f3speri","article_published_time":"2016-08-14T23:56:27+00:00","article_modified_time":"2016-08-17T00:53:54+00:00","og_image":[{"url":"https:\/\/blogdoprosperi.com\/wp-content\/uploads\/2016\/08\/622_8198cc31-1563-35c6-9818-a4d17376cc42.jpg","type":"","width":"","height":""}],"author":"Luiz Ant\u00f4nio Pr\u00f3speri","twitter_card":"summary_large_image","twitter_creator":"@Luizprosperi","twitter_site":"@Luizprosperi","twitter_misc":{"Escrito por":"Luiz Ant\u00f4nio Pr\u00f3speri","Est. tempo de leitura":"3 minutos"},"schema":{"@context":"https:\/\/schema.org","@graph":[{"@type":"Article","@id":"https:\/\/blogdoprosperi.com\/?p=21069#article","isPartOf":{"@id":"https:\/\/blogdoprosperi.com\/?p=21069"},"author":{"name":"Luiz Ant\u00f4nio Pr\u00f3speri","@id":"https:\/\/blogdoprosperi.com\/#\/schema\/person\/38100755ce3601861ee4fab9b5aa78e9"},"headline":"Palmeiras mostra autoridade de l\u00edder do Campeonato Brasileiro","datePublished":"2016-08-14T23:56:27+00:00","dateModified":"2016-08-17T00:53:54+00:00","mainEntityOfPage":{"@id":"https:\/\/blogdoprosperi.com\/?p=21069"},"wordCount":609,"commentCount":1,"publisher":{"@id":"https:\/\/blogdoprosperi.com\/#\/schema\/person\/38100755ce3601861ee4fab9b5aa78e9"},"image":{"@id":"https:\/\/blogdoprosperi.com\/?p=21069#primaryimage"},"thumbnailUrl":"https:\/\/blogdoprosperi.com\/wp-content\/uploads\/2016\/08\/622_8198cc31-1563-35c6-9818-a4d17376cc42.jpg","keywords":["Atl\u00e9tico-PR","Atl\u00e9tico=PR x Palmeiras","Brasileir\u00e3o-2016","Cuca","futebol","Jailson Palmeiras","Palmeiras Clube","Vitor Hugo"],"articleSection":["Campeonato Brasileiro","futebol"],"inLanguage":"pt-BR","potentialAction":[{"@type":"CommentAction","name":"Comment","target":["https:\/\/blogdoprosperi.com\/?p=21069#respond"]}]},{"@type":"WebPage","@id":"https:\/\/blogdoprosperi.com\/?p=21069","url":"https:\/\/blogdoprosperi.com\/?p=21069","name":"Palmeiras mostra autoridade de l\u00edder do Campeonato Brasileiro - PR\u00d3SPERI NEWS","isPartOf":{"@id":"https:\/\/blogdoprosperi.com\/#website"},"primaryImageOfPage":{"@id":"https:\/\/blogdoprosperi.com\/?p=21069#primaryimage"},"image":{"@id":"https:\/\/blogdoprosperi.com\/?p=21069#primaryimage"},"thumbnailUrl":"https:\/\/blogdoprosperi.com\/wp-content\/uploads\/2016\/08\/622_8198cc31-1563-35c6-9818-a4d17376cc42.jpg","datePublished":"2016-08-14T23:56:27+00:00","dateModified":"2016-08-17T00:53:54+00:00","breadcrumb":{"@id":"https:\/\/blogdoprosperi.com\/?p=21069#breadcrumb"},"inLanguage":"pt-BR","potentialAction":[{"@type":"ReadAction","target":["https:\/\/blogdoprosperi.com\/?p=21069"]}]},{"@type":"ImageObject","inLanguage":"pt-BR","@id":"https:\/\/blogdoprosperi.com\/?p=21069#primaryimage","url":"https:\/\/i0.wp.com\/blogdoprosperi.com\/wp-content\/uploads\/2016\/08\/622_8198cc31-1563-35c6-9818-a4d17376cc42.jpg?fit=622%2C350&ssl=1","contentUrl":"https:\/\/i0.wp.com\/blogdoprosperi.com\/wp-content\/uploads\/2016\/08\/622_8198cc31-1563-35c6-9818-a4d17376cc42.jpg?fit=622%2C350&ssl=1","width":622,"height":350},{"@type":"BreadcrumbList","@id":"https:\/\/blogdoprosperi.com\/?p=21069#breadcrumb","itemListElement":[{"@type":"ListItem","position":1,"name":"In\u00edcio","item":"https:\/\/blogdoprosperi.com\/"},{"@type":"ListItem","position":2,"name":"Palmeiras mostra autoridade de l\u00edder do Campeonato Brasileiro"}]},{"@type":"WebSite","@id":"https:\/\/blogdoprosperi.com\/#website","url":"https:\/\/blogdoprosperi.com\/","name":"PR\u00d3SPERI NEWS","description":"TUDO \u00c9  FUTEBOL","publisher":{"@id":"https:\/\/blogdoprosperi.com\/#\/schema\/person\/38100755ce3601861ee4fab9b5aa78e9"},"alternateName":"blogdoprosperi.com","potentialAction":[{"@type":"SearchAction","target":{"@type":"EntryPoint","urlTemplate":"https:\/\/blogdoprosperi.com\/?s={search_term_string}"},"query-input":{"@type":"PropertyValueSpecification","valueRequired":true,"valueName":"search_term_string"}}],"inLanguage":"pt-BR"},{"@type":["Person","Organization"],"@id":"https:\/\/blogdoprosperi.com\/#\/schema\/person\/38100755ce3601861ee4fab9b5aa78e9","name":"Luiz Ant\u00f4nio Pr\u00f3speri","pronouns":"ele","image":{"@type":"ImageObject","inLanguage":"pt-BR","@id":"https:\/\/i0.wp.com\/blogdoprosperi.com\/wp-content\/uploads\/2026\/05\/cropped-8059e613-6002-42fa-961e-8e275f575d71-2-5.jpg?fit=1360%2C931&ssl=1","url":"https:\/\/i0.wp.com\/blogdoprosperi.com\/wp-content\/uploads\/2026\/05\/cropped-8059e613-6002-42fa-961e-8e275f575d71-2-5.jpg?fit=1360%2C931&ssl=1","contentUrl":"https:\/\/i0.wp.com\/blogdoprosperi.com\/wp-content\/uploads\/2026\/05\/cropped-8059e613-6002-42fa-961e-8e275f575d71-2-5.jpg?fit=1360%2C931&ssl=1","width":1360,"height":931,"caption":"Luiz Ant\u00f4nio Pr\u00f3speri"},"logo":{"@id":"https:\/\/i0.wp.com\/blogdoprosperi.com\/wp-content\/uploads\/2026\/05\/cropped-8059e613-6002-42fa-961e-8e275f575d71-2-5.jpg?fit=1360%2C931&ssl=1"},"description":"Jornalista com carreira dedicada ao esporte. Cobriu 9 Copas do Mundo in loco, 1990 na It\u00e1lia, 1994 nos EUA, 1998 na Fran\u00e7a, 2002 na Coreia do Sul e Jap\u00e3o, 2006 na Alemanha, 2010 na \u00c1frica do Sul, 2014 no Brasil, 2018 na R\u00fassia e 2022 no Qatar. Eurocopas, 1992 na Su\u00e9cia e 1996 na Inglaterra. Copa das Confedera\u00e7\u00f5es de 2005 na Alemanha e 2009 na \u00c1frica do Sul. Rep\u00f3rter e Editor, trabalhou no Jornal da Tarde e Estad\u00e3o, de 1984 a fevereiro de 2016. Colunista, blogueiro. E comentarista de futebol na R\u00e1dio Estad\u00e3o, de 2013 a fevereiro de 2016. Jornalista respons\u00e1vel do \"Pr\u00f3speri News\" (blogdoprosperi.com).","sameAs":["http:\/\/blogdoprosperi.com","Luiz Pr\u00f3speri","@luiz_prosperi","https:\/\/x.com\/Luizprosperi","@prosperinacopa","luiz.prosperi@icloud.com"],"url":"https:\/\/blogdoprosperi.com\/?author=102107496"}]}},"jetpack_publicize_connections":[],"jetpack_likes_enabled":false,"jetpack_sharing_enabled":true,"jetpack_shortlink":"https:\/\/wp.me\/p7jvdk-5tP","jetpack-related-posts":[{"id":5658,"url":"https:\/\/blogdoprosperi.com\/?p=5658","url_meta":{"origin":21069,"position":0},"title":"Gabriel Jesus mostra a cara do Palmeiras na estreia no Brasileir\u00e3o","author":"Luiz Ant\u00f4nio Pr\u00f3speri","date":"14 de maio de 2016","format":false,"excerpt":"H\u00e1 muito tempo o Palmeiras n\u00e3o jogava com tanta confian\u00e7a como mostrou ao derrotar o Atl\u00e9tico-PR por 4 a 0, neste s\u00e1bado (14\/5) no Allianz Parque diante de 33.629 torcedores, na estreia no Campeonato Brasileiro. Uma exibi\u00e7\u00e3o de quem pensa em ir longe neste Brasileir\u00e3o 2016. Se seguir nessa toada,\u2026","rel":"","context":"Em &quot;Campeonato Brasileiro&quot;","block_context":{"text":"Campeonato Brasileiro","link":"https:\/\/blogdoprosperi.com\/?cat=355071"},"img":{"alt_text":"","src":"https:\/\/i0.wp.com\/blogdoprosperi.com\/wp-content\/uploads\/2016\/05\/622_ae5174ba-5d8a-3e57-8174-0f9646fe4844.jpg?resize=350%2C200&ssl=1","width":350,"height":200,"srcset":"https:\/\/i0.wp.com\/blogdoprosperi.com\/wp-content\/uploads\/2016\/05\/622_ae5174ba-5d8a-3e57-8174-0f9646fe4844.jpg?resize=350%2C200&ssl=1 1x, https:\/\/i0.wp.com\/blogdoprosperi.com\/wp-content\/uploads\/2016\/05\/622_ae5174ba-5d8a-3e57-8174-0f9646fe4844.jpg?resize=525%2C300&ssl=1 1.5x"},"classes":[]},{"id":6838,"url":"https:\/\/blogdoprosperi.com\/?p=6838","url_meta":{"origin":21069,"position":1},"title":"Palmeiras decepciona e Cuca admite recorrer a Dudu","author":"Luiz Ant\u00f4nio Pr\u00f3speri","date":"21 de maio de 2016","format":false,"excerpt":"\u00a0 A derrota diante da Ponte Preta por 2 a 1 neste s\u00e1bado leva Cuca a refletir sobre o tamanho deste Palmeiras\u00a0no\u00a0Campeonato Brasileiro.\u00a0De imediato, o treinador percebeu que o ataque precisa de mais velocidade. Nem Barrios, de boa atua\u00e7\u00e3o na primeira rodada, muito menos Alecsandro, apagado no jogo em Campinas,\u2026","rel":"","context":"Em &quot;Campeonato Brasileiro&quot;","block_context":{"text":"Campeonato Brasileiro","link":"https:\/\/blogdoprosperi.com\/?cat=355071"},"img":{"alt_text":"","src":"https:\/\/i0.wp.com\/blogdoprosperi.com\/wp-content\/uploads\/2016\/05\/622_59cbc892-299c-33ce-95de-18e7a40c8bf7.jpg?resize=350%2C200&ssl=1","width":350,"height":200,"srcset":"https:\/\/i0.wp.com\/blogdoprosperi.com\/wp-content\/uploads\/2016\/05\/622_59cbc892-299c-33ce-95de-18e7a40c8bf7.jpg?resize=350%2C200&ssl=1 1x, https:\/\/i0.wp.com\/blogdoprosperi.com\/wp-content\/uploads\/2016\/05\/622_59cbc892-299c-33ce-95de-18e7a40c8bf7.jpg?resize=525%2C300&ssl=1 1.5x"},"classes":[]},{"id":33314,"url":"https:\/\/blogdoprosperi.com\/?p=33314","url_meta":{"origin":21069,"position":2},"title":"Roger Machado, ex-t\u00e9cnico do Gr\u00eamio e sem curr\u00edculo, vira objeto do desejo no Atl\u00e9tico-MG, Fluminense e Palmeiras","author":"Luiz Ant\u00f4nio Pr\u00f3speri","date":"28 de novembro de 2016","format":false,"excerpt":"Roger Machado apareceu como t\u00e9cnico de time grande no ano passado, ao substituir Felip\u00e3o no Gr\u00eamio na primeira rodada do Brasileir\u00e3o de 2015. Fez um bom campeonato e levou o clube ga\u00facho \u00e0 Copa Libertadores. Na temporada de 2016, n\u00e3o foi campe\u00e3o estadual, vacilou na metade do campeonato nacional e\u2026","rel":"","context":"Em &quot;Campeonato Brasileiro&quot;","block_context":{"text":"Campeonato Brasileiro","link":"https:\/\/blogdoprosperi.com\/?cat=355071"},"img":{"alt_text":"","src":"https:\/\/i0.wp.com\/blogdoprosperi.com\/wp-content\/uploads\/2016\/11\/17424185.jpg?resize=350%2C200&ssl=1","width":350,"height":200,"srcset":"https:\/\/i0.wp.com\/blogdoprosperi.com\/wp-content\/uploads\/2016\/11\/17424185.jpg?resize=350%2C200&ssl=1 1x, https:\/\/i0.wp.com\/blogdoprosperi.com\/wp-content\/uploads\/2016\/11\/17424185.jpg?resize=525%2C300&ssl=1 1.5x"},"classes":[]},{"id":17544,"url":"https:\/\/blogdoprosperi.com\/?p=17544","url_meta":{"origin":21069,"position":3},"title":"Palmeiras se rende \u00e0 for\u00e7a do Atl\u00e9tico-MG e sente falta de Gabriel Jesus","author":"Luiz Ant\u00f4nio Pr\u00f3speri","date":"24 de julho de 2016","format":false,"excerpt":"Palmeiras conheceu um rival de quilate na sua corrida em busca do t\u00edtulo do Campeonato Brasileiro. Pragm\u00e1tico, o Atl\u00e9tico-MG soube se defender a dar uma \u00fanica e mortal ferroada no at\u00e9 ent\u00e3o imbat\u00edvel time de Cuca em sua casa. Venceu por 1 a 0 neste domingo (24\/7) no Allianz Parque\u2026","rel":"","context":"Em &quot;Campeonato Brasileiro&quot;","block_context":{"text":"Campeonato Brasileiro","link":"https:\/\/blogdoprosperi.com\/?cat=355071"},"img":{"alt_text":"","src":"https:\/\/i0.wp.com\/blogdoprosperi.com\/wp-content\/uploads\/2016\/07\/622_847c1ecc-d8b6-320b-8d2b-25e2fed659df.jpg?resize=350%2C200&ssl=1","width":350,"height":200,"srcset":"https:\/\/i0.wp.com\/blogdoprosperi.com\/wp-content\/uploads\/2016\/07\/622_847c1ecc-d8b6-320b-8d2b-25e2fed659df.jpg?resize=350%2C200&ssl=1 1x, https:\/\/i0.wp.com\/blogdoprosperi.com\/wp-content\/uploads\/2016\/07\/622_847c1ecc-d8b6-320b-8d2b-25e2fed659df.jpg?resize=525%2C300&ssl=1 1.5x"},"classes":[]},{"id":46777,"url":"https:\/\/blogdoprosperi.com\/?p=46777","url_meta":{"origin":21069,"position":4},"title":"Brasileir\u00e3o 2024 | Ta\u00e7a, Dramas, Rebaixamento e Despedidas na \u00daltima Rodada","author":"Luiz Ant\u00f4nio Pr\u00f3speri","date":"7 de dezembro de 2024","format":false,"excerpt":"Luiz Ant\u00f4nio Pr\u00f3speri \u2013 7 dezembro (11h05) \u2013 Brasileir\u00e3o 2024 chega \u00e0 \u00faltima rodada (38.\u00aa) com disputa de t\u00edtulo, pavor do rebaixamento, dramas, despedidas, derrota do futebol para a viol\u00eancia, sucessos e fracassos da SAF e graves problemas de gest\u00e3o da CBF. Muitas hist\u00f3rias ser\u00e3o contadas nesse domingo (08\/12) a\u2026","rel":"","context":"Em &quot;futebol&quot;","block_context":{"text":"futebol","link":"https:\/\/blogdoprosperi.com\/?cat=53870"},"img":{"alt_text":"","src":"https:\/\/i0.wp.com\/blogdoprosperi.com\/wp-content\/uploads\/2024\/12\/trofeu-brasileirao-trivela-scaled-1.jpg?fit=1200%2C675&ssl=1&resize=350%2C200","width":350,"height":200,"srcset":"https:\/\/i0.wp.com\/blogdoprosperi.com\/wp-content\/uploads\/2024\/12\/trofeu-brasileirao-trivela-scaled-1.jpg?fit=1200%2C675&ssl=1&resize=350%2C200 1x, https:\/\/i0.wp.com\/blogdoprosperi.com\/wp-content\/uploads\/2024\/12\/trofeu-brasileirao-trivela-scaled-1.jpg?fit=1200%2C675&ssl=1&resize=525%2C300 1.5x, https:\/\/i0.wp.com\/blogdoprosperi.com\/wp-content\/uploads\/2024\/12\/trofeu-brasileirao-trivela-scaled-1.jpg?fit=1200%2C675&ssl=1&resize=700%2C400 2x, https:\/\/i0.wp.com\/blogdoprosperi.com\/wp-content\/uploads\/2024\/12\/trofeu-brasileirao-trivela-scaled-1.jpg?fit=1200%2C675&ssl=1&resize=1050%2C600 3x"},"classes":[]},{"id":36427,"url":"https:\/\/blogdoprosperi.com\/?p=36427","url_meta":{"origin":21069,"position":5},"title":"Corinthians entra no t\u00fanel e v\u00ea luz da ta\u00e7a logo ali","author":"Luiz Ant\u00f4nio Pr\u00f3speri","date":"13 de julho de 2017","format":false,"excerpt":"Corinthians \u00e9 um time sem segredo. Se defende com min\u00facias, cada setor tem marca\u00e7\u00e3o dobrada. Avan\u00e7a em triangula\u00e7\u00f5es nos dois lados do campo, simples. E ferroa no ataque como um escorpi\u00e3o, letal. N\u00e3o \u00e9 um modelo inusitado, nem dif\u00edcil de ser esmiu\u00e7ado. O problema \u00e9 como demolir a fortaleza e\u2026","rel":"","context":"Em &quot;Campeonato Brasileiro&quot;","block_context":{"text":"Campeonato Brasileiro","link":"https:\/\/blogdoprosperi.com\/?cat=355071"},"img":{"alt_text":"","src":"https:\/\/i0.wp.com\/blogdoprosperi.com\/wp-content\/uploads\/2017\/07\/pro-7.jpg?fit=1200%2C800&ssl=1&resize=350%2C200","width":350,"height":200,"srcset":"https:\/\/i0.wp.com\/blogdoprosperi.com\/wp-content\/uploads\/2017\/07\/pro-7.jpg?fit=1200%2C800&ssl=1&resize=350%2C200 1x, https:\/\/i0.wp.com\/blogdoprosperi.com\/wp-content\/uploads\/2017\/07\/pro-7.jpg?fit=1200%2C800&ssl=1&resize=525%2C300 1.5x, https:\/\/i0.wp.com\/blogdoprosperi.com\/wp-content\/uploads\/2017\/07\/pro-7.jpg?fit=1200%2C800&ssl=1&resize=700%2C400 2x, https:\/\/i0.wp.com\/blogdoprosperi.com\/wp-content\/uploads\/2017\/07\/pro-7.jpg?fit=1200%2C800&ssl=1&resize=1050%2C600 3x"},"classes":[]}],"jetpack_featured_media_url":"","_links":{"self":[{"href":"https:\/\/blogdoprosperi.com\/index.php?rest_route=\/wp\/v2\/posts\/21069","targetHints":{"allow":["GET"]}}],"collection":[{"href":"https:\/\/blogdoprosperi.com\/index.php?rest_route=\/wp\/v2\/posts"}],"about":[{"href":"https:\/\/blogdoprosperi.com\/index.php?rest_route=\/wp\/v2\/types\/post"}],"author":[{"embeddable":true,"href":"https:\/\/blogdoprosperi.com\/index.php?rest_route=\/wp\/v2\/users\/102107496"}],"replies":[{"embeddable":true,"href":"https:\/\/blogdoprosperi.com\/index.php?rest_route=%2Fwp%2Fv2%2Fcomments&post=21069"}],"version-history":[{"count":25,"href":"https:\/\/blogdoprosperi.com\/index.php?rest_route=\/wp\/v2\/posts\/21069\/revisions"}],"predecessor-version":[{"id":21418,"href":"https:\/\/blogdoprosperi.com\/index.php?rest_route=\/wp\/v2\/posts\/21069\/revisions\/21418"}],"wp:attachment":[{"href":"https:\/\/blogdoprosperi.com\/index.php?rest_route=%2Fwp%2Fv2%2Fmedia&parent=21069"}],"wp:term":[{"taxonomy":"category","embeddable":true,"href":"https:\/\/blogdoprosperi.com\/index.php?rest_route=%2Fwp%2Fv2%2Fcategories&post=21069"},{"taxonomy":"post_tag","embeddable":true,"href":"https:\/\/blogdoprosperi.com\/index.php?rest_route=%2Fwp%2Fv2%2Ftags&post=21069"}],"curies":[{"name":"wp","href":"https:\/\/api.w.org\/{rel}","templated":true}]}}