{"id":21295,"date":"2016-08-16T17:41:56","date_gmt":"2016-08-16T20:41:56","guid":{"rendered":"http:\/\/blogdoprosperi.com\/?p=21295"},"modified":"2016-08-16T21:51:53","modified_gmt":"2016-08-17T00:51:53","slug":"marta-e-melhor-que-neymar","status":"publish","type":"post","link":"https:\/\/blogdoprosperi.com\/?p=21295","title":{"rendered":"Marta \u00e9 melhor que Neymar?"},"content":{"rendered":"<p><span class=\"alignnone\"><img data-recalc-dims=\"1\" loading=\"lazy\" decoding=\"async\" data-attachment-id=\"21343\" data-permalink=\"https:\/\/blogdoprosperi.com\/?attachment_id=21343\" data-orig-file=\"https:\/\/i0.wp.com\/blogdoprosperi.com\/wp-content\/uploads\/2016\/08\/201608161627042786.jpg?fit=699%2C420&amp;ssl=1\" data-orig-size=\"699,420\" data-comments-opened=\"1\" data-image-meta=\"{&quot;aperture&quot;:&quot;0&quot;,&quot;credit&quot;:&quot;&quot;,&quot;camera&quot;:&quot;&quot;,&quot;caption&quot;:&quot;&quot;,&quot;created_timestamp&quot;:&quot;0&quot;,&quot;copyright&quot;:&quot;&quot;,&quot;focal_length&quot;:&quot;0&quot;,&quot;iso&quot;:&quot;0&quot;,&quot;shutter_speed&quot;:&quot;0&quot;,&quot;title&quot;:&quot;&quot;,&quot;orientation&quot;:&quot;0&quot;}\" data-image-title=\"201608161627042786\" data-image-description=\"\" data-image-caption=\"\" data-large-file=\"https:\/\/i0.wp.com\/blogdoprosperi.com\/wp-content\/uploads\/2016\/08\/201608161627042786.jpg?fit=699%2C420&amp;ssl=1\" class=\"alignnone size-full wp-image-21343\" src=\"https:\/\/i0.wp.com\/blogdoprosperi.com\/wp-content\/uploads\/2016\/08\/201608161627042786.jpg?resize=699%2C420&#038;ssl=1\" alt=\"201608161627042786\" width=\"699\" height=\"420\" \/><\/span><\/p>\n<p>Sele\u00e7\u00e3o Brasileira cai diante da Su\u00e9cia na disputa dos p\u00eanaltis e coloca um ponto final no conto de fadas do <a href=\"http:\/\/blogdoprosperi.com\/2016\/08\/08\/selecao-olimpica-so-faz-aumentar-decepcao-da-torcida-e-coloca-em-xeque-futuro-de-uma-geracao-promissora\/\">futebol feminino do Brasil <\/a>nos Jogos do Rio. Resta a disputa da medalha de bronze contra o vencedor do confronto entre Canad\u00e1 e Alemanha. Deve tamb\u00e9m frear o entusiasmo de milhares de torcedores que entoaram \u00a0nas arenas o canto &#8220;Marta melhor que Neymar&#8221; na primeira fase do torneio na Olimp\u00edada.<!--more--><\/p>\n<p>Marta, referendada melhor do mundo cinco vezes pela Fifa e paix\u00e3o dos brasileiros nos Jogos do Rio, marcou dois gols dos oito cravados pela sele\u00e7\u00e3o em cinco jogos.<\/p>\n<p>Na disputa por p\u00eanaltis contra a Austr\u00e1lia, nas quartas de final, errou a cobran\u00e7a que poderia ter desclassificado o Brasil. Neste jogo com a Su\u00e9cia, nas semifinais, ela conferiu a cobran\u00e7a na abertura da s\u00e9rie &#8211; derrota por 4 a 3 &#8211; diante de 70.454 torcedores, a maioria esmagadora torcendo pelas meninas brasileiras.<\/p>\n<p><span class=\"alignnone\"><img data-recalc-dims=\"1\" loading=\"lazy\" decoding=\"async\" data-attachment-id=\"21348\" data-permalink=\"https:\/\/blogdoprosperi.com\/?attachment_id=21348\" data-orig-file=\"https:\/\/i0.wp.com\/blogdoprosperi.com\/wp-content\/uploads\/2016\/08\/marta_get-21.jpg?fit=640%2C360&amp;ssl=1\" data-orig-size=\"640,360\" data-comments-opened=\"1\" data-image-meta=\"{&quot;aperture&quot;:&quot;0&quot;,&quot;credit&quot;:&quot;&quot;,&quot;camera&quot;:&quot;&quot;,&quot;caption&quot;:&quot;&quot;,&quot;created_timestamp&quot;:&quot;0&quot;,&quot;copyright&quot;:&quot;&quot;,&quot;focal_length&quot;:&quot;0&quot;,&quot;iso&quot;:&quot;0&quot;,&quot;shutter_speed&quot;:&quot;0&quot;,&quot;title&quot;:&quot;&quot;,&quot;orientation&quot;:&quot;0&quot;}\" data-image-title=\"marta_get-2\" data-image-description=\"\" data-image-caption=\"\" data-large-file=\"https:\/\/i0.wp.com\/blogdoprosperi.com\/wp-content\/uploads\/2016\/08\/marta_get-21.jpg?fit=640%2C360&amp;ssl=1\" class=\"alignnone size-full wp-image-21348\" src=\"https:\/\/i0.wp.com\/blogdoprosperi.com\/wp-content\/uploads\/2016\/08\/marta_get-21.jpg?resize=640%2C360&#038;ssl=1\" alt=\"marta_get-2\" width=\"640\" height=\"360\" \/><\/span><\/p>\n<p>Da euforia da primeira fase do torneio de futebol ao jogos decisivos no mata-mata, Marta minguou. N\u00e3o assumiu a condi\u00e7\u00e3o de protagonista nas partidas contra Austr\u00e1lia e Su\u00e9cia. Apareceu pouco na \u00e1rea das advers\u00e1rias e viu Formiga crescer como grande l\u00edder dentro de campo.<\/p>\n<p>Avalia\u00e7\u00e3o isenta e imparcial n\u00e3o indica uma nota alta ao desempenho de Marta at\u00e9 aqui na Olimp\u00edada. Jogou para o gasto.<\/p>\n<p><span class=\"alignnone\"><img data-recalc-dims=\"1\" loading=\"lazy\" decoding=\"async\" data-attachment-id=\"21349\" data-permalink=\"https:\/\/blogdoprosperi.com\/?attachment_id=21349\" data-orig-file=\"https:\/\/i0.wp.com\/blogdoprosperi.com\/wp-content\/uploads\/2016\/08\/1471354168_626931_1471365070_noticia_normal_recorte1.jpg?fit=1960%2C1305&amp;ssl=1\" data-orig-size=\"1960,1305\" data-comments-opened=\"1\" data-image-meta=\"{&quot;aperture&quot;:&quot;0&quot;,&quot;credit&quot;:&quot;&quot;,&quot;camera&quot;:&quot;&quot;,&quot;caption&quot;:&quot;&quot;,&quot;created_timestamp&quot;:&quot;0&quot;,&quot;copyright&quot;:&quot;&quot;,&quot;focal_length&quot;:&quot;0&quot;,&quot;iso&quot;:&quot;0&quot;,&quot;shutter_speed&quot;:&quot;0&quot;,&quot;title&quot;:&quot;&quot;,&quot;orientation&quot;:&quot;0&quot;}\" data-image-title=\"1471354168_626931_1471365070_noticia_normal_recorte1\" data-image-description=\"\" data-image-caption=\"\" data-large-file=\"https:\/\/i0.wp.com\/blogdoprosperi.com\/wp-content\/uploads\/2016\/08\/1471354168_626931_1471365070_noticia_normal_recorte1.jpg?fit=940%2C626&amp;ssl=1\" class=\"alignnone size-full wp-image-21349\" src=\"https:\/\/i0.wp.com\/blogdoprosperi.com\/wp-content\/uploads\/2016\/08\/1471354168_626931_1471365070_noticia_normal_recorte1.jpg?resize=940%2C626&#038;ssl=1\" alt=\"1471354168_626931_1471365070_noticia_normal_recorte1\" width=\"940\" height=\"626\" \/><\/span><\/p>\n<p>Nem \u00e9 bom entrar aqui no m\u00e9rito das <a href=\"http:\/\/blogdoprosperi.com\/2016\/08\/11\/sem-dar-respostas-a-ninguem-e-com-neymar-aprumado-selecao-olimpica-reencontra-bom-futebol-e-retoma-rota-do-ouro\/\">compara\u00e7\u00f5es com Neymar <\/a>e muito mentos entre as sele\u00e7\u00f5es dos meninos e das meninas. \u00c9 uma covardia colocar frente a frente Marta e Neymar. Nem vale a pena insistir na inocente cr\u00edtica de que o futebol feminino n\u00e3o cresce no Pa\u00eds por causa do descaso dos gestores do nosso futebol.<\/p>\n<p>A CBF, ap\u00f3s d\u00e9cadas de omiss\u00e3o, resolveu sustentar uma sele\u00e7\u00e3o feminina permanente, um jeito de abrigar as meninas que n\u00e3o t\u00eam clube para jogar.<\/p>\n<p>Grandes clubes brasileiros n\u00e3o bancam times de meninas porque n\u00e3o d\u00e3o retorno financeiro, seja de bilheteria, direitos de transmiss\u00e3o da televis\u00e3o e de patroc\u00ednios.<\/p>\n<p>Torcedores, t\u00e3o entusiastas com a sele\u00e7\u00e3o das mo\u00e7as a cada quatro anos nas Olimp\u00edadas, tamb\u00e9m deixam est\u00e1dios \u00e0s moscas nos torneios disputados no Brasil, seja de clubes ou da pr\u00f3pria sele\u00e7\u00e3o.<\/p>\n<div class=\"tiled-gallery type-rectangular tiled-gallery-unresized\" data-original-width=\"940\" data-carousel-extra='{&quot;blog_id&quot;:1,&quot;permalink&quot;:&quot;https:\\\/\\\/blogdoprosperi.com\\\/?p=21295&quot;,&quot;likes_blog_id&quot;:108082574}' itemscope itemtype=\"http:\/\/schema.org\/ImageGallery\" > <div class=\"gallery-row\" style=\"width: 940px; height: 261px;\" data-original-width=\"940\" data-original-height=\"261\" > <div class=\"gallery-group images-1\" style=\"width: 594px; height: 261px;\" data-original-width=\"594\" data-original-height=\"261\" > <div class=\"tiled-gallery-item tiled-gallery-item-large\" itemprop=\"associatedMedia\" itemscope itemtype=\"http:\/\/schema.org\/ImageObject\"> <a href=\"https:\/\/blogdoprosperi.com\/?attachment_id=21346\" border=\"0\" itemprop=\"url\"> <meta itemprop=\"width\" content=\"590\"> <meta itemprop=\"height\" content=\"257\"> <img decoding=\"async\" class=\"\" data-attachment-id=\"21346\" data-orig-file=\"https:\/\/blogdoprosperi.com\/wp-content\/uploads\/2016\/08\/marta.jpg\" data-orig-size=\"1265,550\" data-comments-opened=\"1\" data-image-meta=\"{&quot;aperture&quot;:&quot;0&quot;,&quot;credit&quot;:&quot;&quot;,&quot;camera&quot;:&quot;&quot;,&quot;caption&quot;:&quot;&quot;,&quot;created_timestamp&quot;:&quot;0&quot;,&quot;copyright&quot;:&quot;&quot;,&quot;focal_length&quot;:&quot;0&quot;,&quot;iso&quot;:&quot;0&quot;,&quot;shutter_speed&quot;:&quot;0&quot;,&quot;title&quot;:&quot;&quot;,&quot;orientation&quot;:&quot;0&quot;}\" data-image-title=\"Marta\" data-image-description=\"\" data-medium-file=\"https:\/\/i0.wp.com\/blogdoprosperi.com\/wp-content\/uploads\/2016\/08\/marta.jpg?fit=650%2C283&#038;ssl=1\" data-large-file=\"https:\/\/i0.wp.com\/blogdoprosperi.com\/wp-content\/uploads\/2016\/08\/marta.jpg?fit=940%2C409&#038;ssl=1\" src=\"https:\/\/i0.wp.com\/blogdoprosperi.com\/wp-content\/uploads\/2016\/08\/marta.jpg?w=590&#038;h=257&#038;ssl=1\" width=\"590\" height=\"257\" loading=\"lazy\" data-original-width=\"590\" data-original-height=\"257\" itemprop=\"http:\/\/schema.org\/image\" title=\"Marta\" alt=\"Marta\" style=\"width: 590px; height: 257px;\" \/> <\/a> <\/div> <\/div> <!-- close group --> <div class=\"gallery-group images-1\" style=\"width: 346px; height: 261px;\" data-original-width=\"346\" data-original-height=\"261\" > <div class=\"tiled-gallery-item tiled-gallery-item-large\" itemprop=\"associatedMedia\" itemscope itemtype=\"http:\/\/schema.org\/ImageObject\"> <a href=\"https:\/\/blogdoprosperi.com\/?attachment_id=20287\" border=\"0\" itemprop=\"url\"> <meta itemprop=\"width\" content=\"342\"> <meta itemprop=\"height\" content=\"257\"> <img decoding=\"async\" class=\"\" data-attachment-id=\"20287\" data-orig-file=\"https:\/\/blogdoprosperi.com\/wp-content\/uploads\/2016\/08\/201608081933_941cebd283.jpg\" data-orig-size=\"300,225\" data-comments-opened=\"1\" data-image-meta=\"{&quot;aperture&quot;:&quot;0&quot;,&quot;credit&quot;:&quot;&quot;,&quot;camera&quot;:&quot;&quot;,&quot;caption&quot;:&quot;&quot;,&quot;created_timestamp&quot;:&quot;0&quot;,&quot;copyright&quot;:&quot;&quot;,&quot;focal_length&quot;:&quot;0&quot;,&quot;iso&quot;:&quot;0&quot;,&quot;shutter_speed&quot;:&quot;0&quot;,&quot;title&quot;:&quot;&quot;,&quot;orientation&quot;:&quot;0&quot;}\" data-image-title=\"201608081933_941cebd283\" data-image-description=\"\" data-medium-file=\"https:\/\/i0.wp.com\/blogdoprosperi.com\/wp-content\/uploads\/2016\/08\/201608081933_941cebd283.jpg?fit=300%2C225&#038;ssl=1\" data-large-file=\"https:\/\/i0.wp.com\/blogdoprosperi.com\/wp-content\/uploads\/2016\/08\/201608081933_941cebd283.jpg?fit=300%2C225&#038;ssl=1\" src=\"https:\/\/i0.wp.com\/blogdoprosperi.com\/wp-content\/uploads\/2016\/08\/201608081933_941cebd283.jpg?w=342&#038;h=257&#038;ssl=1\" width=\"342\" height=\"257\" loading=\"lazy\" data-original-width=\"342\" data-original-height=\"257\" itemprop=\"http:\/\/schema.org\/image\" title=\"201608081933_941cebd283\" alt=\"201608081933_941cebd283\" style=\"width: 342px; height: 257px;\" \/> <\/a> <\/div> <\/div> <!-- close group --> <\/div> <!-- close row --> <\/div>\n<p>Bom lembrar que a lei do Profut, decretada pela presidenta Dilma Rousseff no in\u00edcio deste ano, determinava aos clubes obriga\u00e7\u00e3o de investir no futebol feminino.<\/p>\n<p>Era uma contrapartida na lei do refinanciamento da d\u00edvidas de R$ 4 bilh\u00f5es dos clubes com o governo. Deputados aliados aos cartolas sabotaram essa contrapartida na lei.<\/p>\n<p>Por isso, cantar &#8220;Marta \u00e9 melhor que Neymar&#8221; n\u00e3o passa de um modismo ef\u00eamero e provoca\u00e7\u00e3o sem prop\u00f3sito, ainda mais se a sele\u00e7\u00e3o dos meninos levar o ouro nos Jogos do Rio.<\/p>\n<p><span class=\"alignnone\"><img data-recalc-dims=\"1\" loading=\"lazy\" decoding=\"async\" data-attachment-id=\"21368\" data-permalink=\"https:\/\/blogdoprosperi.com\/?attachment_id=21368\" data-orig-file=\"https:\/\/i0.wp.com\/blogdoprosperi.com\/wp-content\/uploads\/2016\/08\/pro10-6.jpg?fit=5184%2C3456&amp;ssl=1\" data-orig-size=\"5184,3456\" data-comments-opened=\"1\" data-image-meta=\"{&quot;aperture&quot;:&quot;4&quot;,&quot;credit&quot;:&quot;&quot;,&quot;camera&quot;:&quot;Canon EOS-1D X&quot;,&quot;caption&quot;:&quot;&quot;,&quot;created_timestamp&quot;:&quot;1471350208&quot;,&quot;copyright&quot;:&quot;ALEX SILVA\/ESTADAO&quot;,&quot;focal_length&quot;:&quot;600&quot;,&quot;iso&quot;:&quot;200&quot;,&quot;shutter_speed&quot;:&quot;0.000625&quot;,&quot;title&quot;:&quot;&quot;,&quot;orientation&quot;:&quot;1&quot;}\" data-image-title=\"pro10-6\" data-image-description=\"\" data-image-caption=\"\" data-large-file=\"https:\/\/i0.wp.com\/blogdoprosperi.com\/wp-content\/uploads\/2016\/08\/pro10-6.jpg?fit=940%2C627&amp;ssl=1\" class=\"alignnone size-full wp-image-21368\" src=\"https:\/\/i0.wp.com\/blogdoprosperi.com\/wp-content\/uploads\/2016\/08\/pro10-6.jpg?resize=940%2C627&#038;ssl=1\" alt=\"pro10-6.jpg\" width=\"940\" height=\"627\" \/><\/span><\/p>\n","protected":false},"excerpt":{"rendered":"<p>Sele\u00e7\u00e3o Brasileira cai diante da Su\u00e9cia na disputa dos p\u00eanaltis e coloca um ponto final no conto de [&hellip;]<\/p>\n","protected":false},"author":102107496,"featured_media":0,"comment_status":"open","ping_status":"open","sticky":false,"template":"","format":"standard","meta":{"_coblocks_attr":"","_coblocks_dimensions":"","_coblocks_responsive_height":"","_coblocks_accordion_ie_support":"","_jetpack_newsletter_access":"","_jetpack_dont_email_post_to_subs":false,"_jetpack_newsletter_tier_id":0,"_jetpack_memberships_contains_paywalled_content":false,"_wpcom_ai_launchpad_first_post":false,"_jetpack_feature_clip_id":0,"_jetpack_memberships_contains_paid_content":false,"footnotes":"","jetpack_publicize_message":"","jetpack_publicize_feature_enabled":true,"jetpack_social_post_already_shared":false,"jetpack_social_options":{"image_generator_settings":{"template":"highway","default_image_id":0,"font":"","enabled":false},"version":2},"jetpack_post_was_ever_published":false},"categories":[53870,77187843],"tags":[8298364,789560560,70642711,83249,4112146,192540322,14323657],"class_list":["post-21295","post","type-post","status-publish","format-standard","hentry","category-futebol","category-olimpiada-do-rio","tag-brasil-x-suecia","tag-futebol","tag-jogos-do-rio","tag-marta","tag-neymar","tag-olimpiada-do-rio-2016","tag-selecao-brasileira-feminina"],"yoast_head":"<!-- This site is optimized with the Yoast SEO plugin v28.3 - https:\/\/yoast.com\/product\/yoast-seo-wordpress\/ -->\n<title>Marta \u00e9 melhor que Neymar? - PR\u00d3SPERI NEWS<\/title>\n<meta name=\"robots\" content=\"index, follow, max-snippet:-1, max-image-preview:large, max-video-preview:-1\" \/>\n<link rel=\"canonical\" href=\"https:\/\/blogdoprosperi.com\/?p=21295\" \/>\n<meta property=\"og:locale\" content=\"pt_BR\" \/>\n<meta property=\"og:type\" content=\"article\" \/>\n<meta property=\"og:title\" content=\"Marta \u00e9 melhor que Neymar? - PR\u00d3SPERI NEWS\" \/>\n<meta property=\"og:description\" content=\"Sele\u00e7\u00e3o Brasileira cai diante da Su\u00e9cia na disputa dos p\u00eanaltis e coloca um ponto final no conto de [&hellip;]\" \/>\n<meta property=\"og:url\" content=\"https:\/\/blogdoprosperi.com\/?p=21295\" \/>\n<meta property=\"og:site_name\" content=\"PR\u00d3SPERI NEWS\" \/>\n<meta property=\"article:publisher\" content=\"Luiz Pr\u00f3speri\" \/>\n<meta property=\"article:author\" content=\"Luiz Pr\u00f3speri\" \/>\n<meta property=\"article:published_time\" content=\"2016-08-16T20:41:56+00:00\" \/>\n<meta property=\"article:modified_time\" content=\"2016-08-17T00:51:53+00:00\" \/>\n<meta property=\"og:image\" content=\"https:\/\/i0.wp.com\/blogdoprosperi.com\/wp-content\/uploads\/2016\/08\/marta.jpg?w=590&#038;h=257&#038;ssl=1\" \/>\n<meta name=\"author\" content=\"Luiz Ant\u00f4nio Pr\u00f3speri\" \/>\n<meta name=\"twitter:card\" content=\"summary_large_image\" \/>\n<meta name=\"twitter:creator\" content=\"@Luizprosperi\" \/>\n<meta name=\"twitter:site\" content=\"@Luizprosperi\" \/>\n<meta name=\"twitter:label1\" content=\"Escrito por\" \/>\n\t<meta name=\"twitter:data1\" content=\"Luiz Ant\u00f4nio Pr\u00f3speri\" \/>\n\t<meta name=\"twitter:label2\" content=\"Est. tempo de leitura\" \/>\n\t<meta name=\"twitter:data2\" content=\"2 minutos\" \/>\n<script type=\"application\/ld+json\" class=\"yoast-schema-graph\">{\"@context\":\"https:\\\/\\\/schema.org\",\"@graph\":[{\"@type\":\"Article\",\"@id\":\"https:\\\/\\\/blogdoprosperi.com\\\/?p=21295#article\",\"isPartOf\":{\"@id\":\"https:\\\/\\\/blogdoprosperi.com\\\/?p=21295\"},\"author\":{\"name\":\"Luiz Ant\u00f4nio Pr\u00f3speri\",\"@id\":\"https:\\\/\\\/blogdoprosperi.com\\\/#\\\/schema\\\/person\\\/38100755ce3601861ee4fab9b5aa78e9\"},\"headline\":\"Marta \u00e9 melhor que Neymar?\",\"datePublished\":\"2016-08-16T20:41:56+00:00\",\"dateModified\":\"2016-08-17T00:51:53+00:00\",\"mainEntityOfPage\":{\"@id\":\"https:\\\/\\\/blogdoprosperi.com\\\/?p=21295\"},\"wordCount\":495,\"commentCount\":5,\"publisher\":{\"@id\":\"https:\\\/\\\/blogdoprosperi.com\\\/#\\\/schema\\\/person\\\/38100755ce3601861ee4fab9b5aa78e9\"},\"image\":{\"@id\":\"https:\\\/\\\/blogdoprosperi.com\\\/?p=21295#primaryimage\"},\"thumbnailUrl\":\"https:\\\/\\\/blogdoprosperi.com\\\/wp-content\\\/uploads\\\/2016\\\/08\\\/201608161627042786.jpg\",\"keywords\":[\"Brasil x Su\u00e9cia\",\"futebol\",\"Jogos do Rio\",\"Marta\",\"Neymar\",\"Olimp\u00edada do Rio-2016\",\"Sele\u00e7\u00e3o Brasileira Feminina\"],\"articleSection\":[\"futebol\",\"Olimp\u00edada do Rio\"],\"inLanguage\":\"pt-BR\",\"potentialAction\":[{\"@type\":\"CommentAction\",\"name\":\"Comment\",\"target\":[\"https:\\\/\\\/blogdoprosperi.com\\\/?p=21295#respond\"]}]},{\"@type\":\"WebPage\",\"@id\":\"https:\\\/\\\/blogdoprosperi.com\\\/?p=21295\",\"url\":\"https:\\\/\\\/blogdoprosperi.com\\\/?p=21295\",\"name\":\"Marta \u00e9 melhor que Neymar? - PR\u00d3SPERI NEWS\",\"isPartOf\":{\"@id\":\"https:\\\/\\\/blogdoprosperi.com\\\/#website\"},\"primaryImageOfPage\":{\"@id\":\"https:\\\/\\\/blogdoprosperi.com\\\/?p=21295#primaryimage\"},\"image\":{\"@id\":\"https:\\\/\\\/blogdoprosperi.com\\\/?p=21295#primaryimage\"},\"thumbnailUrl\":\"https:\\\/\\\/blogdoprosperi.com\\\/wp-content\\\/uploads\\\/2016\\\/08\\\/201608161627042786.jpg\",\"datePublished\":\"2016-08-16T20:41:56+00:00\",\"dateModified\":\"2016-08-17T00:51:53+00:00\",\"breadcrumb\":{\"@id\":\"https:\\\/\\\/blogdoprosperi.com\\\/?p=21295#breadcrumb\"},\"inLanguage\":\"pt-BR\",\"potentialAction\":[{\"@type\":\"ReadAction\",\"target\":[\"https:\\\/\\\/blogdoprosperi.com\\\/?p=21295\"]}]},{\"@type\":\"ImageObject\",\"inLanguage\":\"pt-BR\",\"@id\":\"https:\\\/\\\/blogdoprosperi.com\\\/?p=21295#primaryimage\",\"url\":\"https:\\\/\\\/i0.wp.com\\\/blogdoprosperi.com\\\/wp-content\\\/uploads\\\/2016\\\/08\\\/201608161627042786.jpg?fit=699%2C420&ssl=1\",\"contentUrl\":\"https:\\\/\\\/i0.wp.com\\\/blogdoprosperi.com\\\/wp-content\\\/uploads\\\/2016\\\/08\\\/201608161627042786.jpg?fit=699%2C420&ssl=1\",\"width\":699,\"height\":420},{\"@type\":\"BreadcrumbList\",\"@id\":\"https:\\\/\\\/blogdoprosperi.com\\\/?p=21295#breadcrumb\",\"itemListElement\":[{\"@type\":\"ListItem\",\"position\":1,\"name\":\"In\u00edcio\",\"item\":\"https:\\\/\\\/blogdoprosperi.com\\\/\"},{\"@type\":\"ListItem\",\"position\":2,\"name\":\"Marta \u00e9 melhor que Neymar?\"}]},{\"@type\":\"WebSite\",\"@id\":\"https:\\\/\\\/blogdoprosperi.com\\\/#website\",\"url\":\"https:\\\/\\\/blogdoprosperi.com\\\/\",\"name\":\"PR\u00d3SPERI NEWS\",\"description\":\"TUDO \u00c9  FUTEBOL\",\"publisher\":{\"@id\":\"https:\\\/\\\/blogdoprosperi.com\\\/#\\\/schema\\\/person\\\/38100755ce3601861ee4fab9b5aa78e9\"},\"alternateName\":\"blogdoprosperi.com\",\"potentialAction\":[{\"@type\":\"SearchAction\",\"target\":{\"@type\":\"EntryPoint\",\"urlTemplate\":\"https:\\\/\\\/blogdoprosperi.com\\\/?s={search_term_string}\"},\"query-input\":{\"@type\":\"PropertyValueSpecification\",\"valueRequired\":true,\"valueName\":\"search_term_string\"}}],\"inLanguage\":\"pt-BR\"},{\"@type\":[\"Person\",\"Organization\"],\"@id\":\"https:\\\/\\\/blogdoprosperi.com\\\/#\\\/schema\\\/person\\\/38100755ce3601861ee4fab9b5aa78e9\",\"name\":\"Luiz Ant\u00f4nio Pr\u00f3speri\",\"pronouns\":\"ele\",\"image\":{\"@type\":\"ImageObject\",\"inLanguage\":\"pt-BR\",\"@id\":\"https:\\\/\\\/i0.wp.com\\\/blogdoprosperi.com\\\/wp-content\\\/uploads\\\/2026\\\/05\\\/cropped-8059e613-6002-42fa-961e-8e275f575d71-2-5.jpg?fit=1360%2C931&ssl=1\",\"url\":\"https:\\\/\\\/i0.wp.com\\\/blogdoprosperi.com\\\/wp-content\\\/uploads\\\/2026\\\/05\\\/cropped-8059e613-6002-42fa-961e-8e275f575d71-2-5.jpg?fit=1360%2C931&ssl=1\",\"contentUrl\":\"https:\\\/\\\/i0.wp.com\\\/blogdoprosperi.com\\\/wp-content\\\/uploads\\\/2026\\\/05\\\/cropped-8059e613-6002-42fa-961e-8e275f575d71-2-5.jpg?fit=1360%2C931&ssl=1\",\"width\":1360,\"height\":931,\"caption\":\"Luiz Ant\u00f4nio Pr\u00f3speri\"},\"logo\":{\"@id\":\"https:\\\/\\\/i0.wp.com\\\/blogdoprosperi.com\\\/wp-content\\\/uploads\\\/2026\\\/05\\\/cropped-8059e613-6002-42fa-961e-8e275f575d71-2-5.jpg?fit=1360%2C931&ssl=1\"},\"description\":\"Jornalista com carreira dedicada ao esporte. Cobriu 9 Copas do Mundo in loco, 1990 na It\u00e1lia, 1994 nos EUA, 1998 na Fran\u00e7a, 2002 na Coreia do Sul e Jap\u00e3o, 2006 na Alemanha, 2010 na \u00c1frica do Sul, 2014 no Brasil, 2018 na R\u00fassia e 2022 no Qatar. Eurocopas, 1992 na Su\u00e9cia e 1996 na Inglaterra. Copa das Confedera\u00e7\u00f5es de 2005 na Alemanha e 2009 na \u00c1frica do Sul. Rep\u00f3rter e Editor, trabalhou no Jornal da Tarde e Estad\u00e3o, de 1984 a fevereiro de 2016. Colunista, blogueiro. E comentarista de futebol na R\u00e1dio Estad\u00e3o, de 2013 a fevereiro de 2016. Jornalista respons\u00e1vel do \\\"Pr\u00f3speri News\\\" (blogdoprosperi.com).\",\"sameAs\":[\"http:\\\/\\\/blogdoprosperi.com\",\"Luiz Pr\u00f3speri\",\"@luiz_prosperi\",\"https:\\\/\\\/x.com\\\/Luizprosperi\",\"@prosperinacopa\",\"luiz.prosperi@icloud.com\"],\"url\":\"https:\\\/\\\/blogdoprosperi.com\\\/?author=102107496\"}]}<\/script>\n<!-- \/ Yoast SEO plugin. -->","yoast_head_json":{"title":"Marta \u00e9 melhor que Neymar? - PR\u00d3SPERI NEWS","robots":{"index":"index","follow":"follow","max-snippet":"max-snippet:-1","max-image-preview":"max-image-preview:large","max-video-preview":"max-video-preview:-1"},"canonical":"https:\/\/blogdoprosperi.com\/?p=21295","og_locale":"pt_BR","og_type":"article","og_title":"Marta \u00e9 melhor que Neymar? - PR\u00d3SPERI NEWS","og_description":"Sele\u00e7\u00e3o Brasileira cai diante da Su\u00e9cia na disputa dos p\u00eanaltis e coloca um ponto final no conto de [&hellip;]","og_url":"https:\/\/blogdoprosperi.com\/?p=21295","og_site_name":"PR\u00d3SPERI NEWS","article_publisher":"Luiz Pr\u00f3speri","article_author":"Luiz Pr\u00f3speri","article_published_time":"2016-08-16T20:41:56+00:00","article_modified_time":"2016-08-17T00:51:53+00:00","og_image":[{"url":"https:\/\/i0.wp.com\/blogdoprosperi.com\/wp-content\/uploads\/2016\/08\/marta.jpg?w=590&#038;h=257&#038;ssl=1","type":"","width":"","height":""}],"author":"Luiz Ant\u00f4nio Pr\u00f3speri","twitter_card":"summary_large_image","twitter_creator":"@Luizprosperi","twitter_site":"@Luizprosperi","twitter_misc":{"Escrito por":"Luiz Ant\u00f4nio Pr\u00f3speri","Est. tempo de leitura":"2 minutos"},"schema":{"@context":"https:\/\/schema.org","@graph":[{"@type":"Article","@id":"https:\/\/blogdoprosperi.com\/?p=21295#article","isPartOf":{"@id":"https:\/\/blogdoprosperi.com\/?p=21295"},"author":{"name":"Luiz Ant\u00f4nio Pr\u00f3speri","@id":"https:\/\/blogdoprosperi.com\/#\/schema\/person\/38100755ce3601861ee4fab9b5aa78e9"},"headline":"Marta \u00e9 melhor que Neymar?","datePublished":"2016-08-16T20:41:56+00:00","dateModified":"2016-08-17T00:51:53+00:00","mainEntityOfPage":{"@id":"https:\/\/blogdoprosperi.com\/?p=21295"},"wordCount":495,"commentCount":5,"publisher":{"@id":"https:\/\/blogdoprosperi.com\/#\/schema\/person\/38100755ce3601861ee4fab9b5aa78e9"},"image":{"@id":"https:\/\/blogdoprosperi.com\/?p=21295#primaryimage"},"thumbnailUrl":"https:\/\/blogdoprosperi.com\/wp-content\/uploads\/2016\/08\/201608161627042786.jpg","keywords":["Brasil x Su\u00e9cia","futebol","Jogos do Rio","Marta","Neymar","Olimp\u00edada do Rio-2016","Sele\u00e7\u00e3o Brasileira Feminina"],"articleSection":["futebol","Olimp\u00edada do Rio"],"inLanguage":"pt-BR","potentialAction":[{"@type":"CommentAction","name":"Comment","target":["https:\/\/blogdoprosperi.com\/?p=21295#respond"]}]},{"@type":"WebPage","@id":"https:\/\/blogdoprosperi.com\/?p=21295","url":"https:\/\/blogdoprosperi.com\/?p=21295","name":"Marta \u00e9 melhor que Neymar? - PR\u00d3SPERI NEWS","isPartOf":{"@id":"https:\/\/blogdoprosperi.com\/#website"},"primaryImageOfPage":{"@id":"https:\/\/blogdoprosperi.com\/?p=21295#primaryimage"},"image":{"@id":"https:\/\/blogdoprosperi.com\/?p=21295#primaryimage"},"thumbnailUrl":"https:\/\/blogdoprosperi.com\/wp-content\/uploads\/2016\/08\/201608161627042786.jpg","datePublished":"2016-08-16T20:41:56+00:00","dateModified":"2016-08-17T00:51:53+00:00","breadcrumb":{"@id":"https:\/\/blogdoprosperi.com\/?p=21295#breadcrumb"},"inLanguage":"pt-BR","potentialAction":[{"@type":"ReadAction","target":["https:\/\/blogdoprosperi.com\/?p=21295"]}]},{"@type":"ImageObject","inLanguage":"pt-BR","@id":"https:\/\/blogdoprosperi.com\/?p=21295#primaryimage","url":"https:\/\/i0.wp.com\/blogdoprosperi.com\/wp-content\/uploads\/2016\/08\/201608161627042786.jpg?fit=699%2C420&ssl=1","contentUrl":"https:\/\/i0.wp.com\/blogdoprosperi.com\/wp-content\/uploads\/2016\/08\/201608161627042786.jpg?fit=699%2C420&ssl=1","width":699,"height":420},{"@type":"BreadcrumbList","@id":"https:\/\/blogdoprosperi.com\/?p=21295#breadcrumb","itemListElement":[{"@type":"ListItem","position":1,"name":"In\u00edcio","item":"https:\/\/blogdoprosperi.com\/"},{"@type":"ListItem","position":2,"name":"Marta \u00e9 melhor que Neymar?"}]},{"@type":"WebSite","@id":"https:\/\/blogdoprosperi.com\/#website","url":"https:\/\/blogdoprosperi.com\/","name":"PR\u00d3SPERI NEWS","description":"TUDO \u00c9  FUTEBOL","publisher":{"@id":"https:\/\/blogdoprosperi.com\/#\/schema\/person\/38100755ce3601861ee4fab9b5aa78e9"},"alternateName":"blogdoprosperi.com","potentialAction":[{"@type":"SearchAction","target":{"@type":"EntryPoint","urlTemplate":"https:\/\/blogdoprosperi.com\/?s={search_term_string}"},"query-input":{"@type":"PropertyValueSpecification","valueRequired":true,"valueName":"search_term_string"}}],"inLanguage":"pt-BR"},{"@type":["Person","Organization"],"@id":"https:\/\/blogdoprosperi.com\/#\/schema\/person\/38100755ce3601861ee4fab9b5aa78e9","name":"Luiz Ant\u00f4nio Pr\u00f3speri","pronouns":"ele","image":{"@type":"ImageObject","inLanguage":"pt-BR","@id":"https:\/\/i0.wp.com\/blogdoprosperi.com\/wp-content\/uploads\/2026\/05\/cropped-8059e613-6002-42fa-961e-8e275f575d71-2-5.jpg?fit=1360%2C931&ssl=1","url":"https:\/\/i0.wp.com\/blogdoprosperi.com\/wp-content\/uploads\/2026\/05\/cropped-8059e613-6002-42fa-961e-8e275f575d71-2-5.jpg?fit=1360%2C931&ssl=1","contentUrl":"https:\/\/i0.wp.com\/blogdoprosperi.com\/wp-content\/uploads\/2026\/05\/cropped-8059e613-6002-42fa-961e-8e275f575d71-2-5.jpg?fit=1360%2C931&ssl=1","width":1360,"height":931,"caption":"Luiz Ant\u00f4nio Pr\u00f3speri"},"logo":{"@id":"https:\/\/i0.wp.com\/blogdoprosperi.com\/wp-content\/uploads\/2026\/05\/cropped-8059e613-6002-42fa-961e-8e275f575d71-2-5.jpg?fit=1360%2C931&ssl=1"},"description":"Jornalista com carreira dedicada ao esporte. Cobriu 9 Copas do Mundo in loco, 1990 na It\u00e1lia, 1994 nos EUA, 1998 na Fran\u00e7a, 2002 na Coreia do Sul e Jap\u00e3o, 2006 na Alemanha, 2010 na \u00c1frica do Sul, 2014 no Brasil, 2018 na R\u00fassia e 2022 no Qatar. Eurocopas, 1992 na Su\u00e9cia e 1996 na Inglaterra. Copa das Confedera\u00e7\u00f5es de 2005 na Alemanha e 2009 na \u00c1frica do Sul. Rep\u00f3rter e Editor, trabalhou no Jornal da Tarde e Estad\u00e3o, de 1984 a fevereiro de 2016. Colunista, blogueiro. E comentarista de futebol na R\u00e1dio Estad\u00e3o, de 2013 a fevereiro de 2016. Jornalista respons\u00e1vel do \"Pr\u00f3speri News\" (blogdoprosperi.com).","sameAs":["http:\/\/blogdoprosperi.com","Luiz Pr\u00f3speri","@luiz_prosperi","https:\/\/x.com\/Luizprosperi","@prosperinacopa","luiz.prosperi@icloud.com"],"url":"https:\/\/blogdoprosperi.com\/?author=102107496"}]}},"jetpack_publicize_connections":[],"jetpack_likes_enabled":false,"jetpack_sharing_enabled":true,"jetpack_shortlink":"https:\/\/wp.me\/p7jvdk-5xt","jetpack-related-posts":[{"id":21517,"url":"https:\/\/blogdoprosperi.com\/?p=21517","url_meta":{"origin":21295,"position":0},"title":"Sele\u00e7\u00e3o Ol\u00edmpica consagra Neymar e Gabriel Jesus e vai encarar Alemanha na disputa do ouro","author":"Luiz Ant\u00f4nio Pr\u00f3speri","date":"17 de agosto de 2016","format":false,"excerpt":"Duro \u00e9 convencer a torcida brasileira de que os alem\u00e3es n\u00e3o merecem levar uma sova na final dos Jogos do Rio 2016 Brasil se reconciliou com seu futebol, t\u00e3o maltratado nos \u00faltimos tempos, ao despachar Honduras por 6 a 0 na semifinal dos Jogos do Rio. H\u00e1 quem possa argumentar\u2026","rel":"","context":"Em &quot;futebol&quot;","block_context":{"text":"futebol","link":"https:\/\/blogdoprosperi.com\/?cat=53870"},"img":{"alt_text":"","src":"https:\/\/i0.wp.com\/blogdoprosperi.com\/wp-content\/uploads\/2016\/08\/u9kmit0v.jpg?resize=350%2C200&ssl=1","width":350,"height":200,"srcset":"https:\/\/i0.wp.com\/blogdoprosperi.com\/wp-content\/uploads\/2016\/08\/u9kmit0v.jpg?resize=350%2C200&ssl=1 1x, https:\/\/i0.wp.com\/blogdoprosperi.com\/wp-content\/uploads\/2016\/08\/u9kmit0v.jpg?resize=525%2C300&ssl=1 1.5x"},"classes":[]},{"id":21421,"url":"https:\/\/blogdoprosperi.com\/?p=21421","url_meta":{"origin":21295,"position":1},"title":"Sele\u00e7\u00e3o Ol\u00edmpica pressionada a salvar a honra dos esportes coletivos do Brasil nos Jogos do Rio","author":"Luiz Ant\u00f4nio Pr\u00f3speri","date":"17 de agosto de 2016","format":false,"excerpt":"Brasil favorito nos esportes coletivos esfarela na reta final dos Jogos do Rio. Uma das \u00faltimas apostas \u00e9 a sele\u00e7\u00e3o do futebol masculino, ap\u00f3s a queda do time de Marta, a derrocada do v\u00f4lei feminino, do handebol, do basquete e das incertezas com o v\u00f4lei de quadra dos rapazes. At\u00e9\u2026","rel":"","context":"Em &quot;futebol&quot;","block_context":{"text":"futebol","link":"https:\/\/blogdoprosperi.com\/?cat=53870"},"img":{"alt_text":"","src":"https:\/\/i0.wp.com\/blogdoprosperi.com\/wp-content\/uploads\/2016\/08\/joao-havelange-esq-e-ricardo-teixeira-olham-para-copa-do-mundo-1319639845195_615x300.jpg?resize=350%2C200&ssl=1","width":350,"height":200,"srcset":"https:\/\/i0.wp.com\/blogdoprosperi.com\/wp-content\/uploads\/2016\/08\/joao-havelange-esq-e-ricardo-teixeira-olham-para-copa-do-mundo-1319639845195_615x300.jpg?resize=350%2C200&ssl=1 1x, https:\/\/i0.wp.com\/blogdoprosperi.com\/wp-content\/uploads\/2016\/08\/joao-havelange-esq-e-ricardo-teixeira-olham-para-copa-do-mundo-1319639845195_615x300.jpg?resize=525%2C300&ssl=1 1.5x"},"classes":[]},{"id":20184,"url":"https:\/\/blogdoprosperi.com\/?p=20184","url_meta":{"origin":21295,"position":2},"title":"Neymar n\u00e3o \u00e9 o culpado","author":"Luiz Ant\u00f4nio Pr\u00f3speri","date":"9 de agosto de 2016","format":false,"excerpt":"Futebol brasileiro corre risco enorme de cair na primeira fase da Olimp\u00edada nesta quarta-feira no jogo contra a Dinamarca. Seria um desastre do tamanho do 7 a 1. Devastador. Um tiro no cora\u00e7\u00e3o da institui\u00e7\u00e3o Sele\u00e7\u00e3o Brasileira, sem credibilidade e em crise permanente desde o fracasso na Copa do Mundo\u2026","rel":"","context":"Em &quot;futebol&quot;","block_context":{"text":"futebol","link":"https:\/\/blogdoprosperi.com\/?cat=53870"},"img":{"alt_text":"","src":"https:\/\/i0.wp.com\/blogdoprosperi.com\/wp-content\/uploads\/2016\/08\/pro2-9.jpg?resize=350%2C200&ssl=1","width":350,"height":200,"srcset":"https:\/\/i0.wp.com\/blogdoprosperi.com\/wp-content\/uploads\/2016\/08\/pro2-9.jpg?resize=350%2C200&ssl=1 1x, https:\/\/i0.wp.com\/blogdoprosperi.com\/wp-content\/uploads\/2016\/08\/pro2-9.jpg?resize=525%2C300&ssl=1 1.5x, https:\/\/i0.wp.com\/blogdoprosperi.com\/wp-content\/uploads\/2016\/08\/pro2-9.jpg?resize=700%2C400&ssl=1 2x, https:\/\/i0.wp.com\/blogdoprosperi.com\/wp-content\/uploads\/2016\/08\/pro2-9.jpg?resize=1050%2C600&ssl=1 3x, https:\/\/i0.wp.com\/blogdoprosperi.com\/wp-content\/uploads\/2016\/08\/pro2-9.jpg?resize=1400%2C800&ssl=1 4x"},"classes":[]},{"id":19748,"url":"https:\/\/blogdoprosperi.com\/?p=19748","url_meta":{"origin":21295,"position":3},"title":"Sele\u00e7\u00e3o Ol\u00edmpica s\u00f3 faz aumentar decep\u00e7\u00e3o da torcida e coloca em xeque futuro de uma gera\u00e7\u00e3o promissora","author":"Luiz Ant\u00f4nio Pr\u00f3speri","date":"8 de agosto de 2016","format":false,"excerpt":"Torcedores se manifestam contra outra exibi\u00e7\u00e3o fraca do time de meninos do Brasil e gostariam de trocar Neymar por Marta da sele\u00e7\u00e3o das meninas Sele\u00e7\u00e3o Ol\u00edmpica sai vaiada pela segunda vez consecutiva nos Jogos do Rio. Mais que n\u00e3o fazer um gol em duas partidas, o Brasil perdeu a identidade\u2026","rel":"","context":"Em &quot;futebol&quot;","block_context":{"text":"futebol","link":"https:\/\/blogdoprosperi.com\/?cat=53870"},"img":{"alt_text":"","src":"https:\/\/i0.wp.com\/blogdoprosperi.com\/wp-content\/uploads\/2016\/08\/marta-selecao-brasileira-1.jpg?resize=350%2C200&ssl=1","width":350,"height":200,"srcset":"https:\/\/i0.wp.com\/blogdoprosperi.com\/wp-content\/uploads\/2016\/08\/marta-selecao-brasileira-1.jpg?resize=350%2C200&ssl=1 1x, https:\/\/i0.wp.com\/blogdoprosperi.com\/wp-content\/uploads\/2016\/08\/marta-selecao-brasileira-1.jpg?resize=525%2C300&ssl=1 1.5x"},"classes":[]},{"id":5986,"url":"https:\/\/blogdoprosperi.com\/?p=5986","url_meta":{"origin":21295,"position":4},"title":"Neymar desiste de concorrer a melhor do mundo em 2016","author":"Luiz Ant\u00f4nio Pr\u00f3speri","date":"17 de maio de 2016","format":false,"excerpt":"\u00a0 Craque sai de cena em junho, ao aceitar pedido da CBF para disputar a Olimp\u00edada do Rio, e v\u00ea distante projeto de ser eleito o Bola de Ouro da Fifa no fim do ano Neymar desistiu de se credenciar a melhor jogador do mundo nesta temporada de 2016, na\u2026","rel":"","context":"Em &quot;futebol&quot;","block_context":{"text":"futebol","link":"https:\/\/blogdoprosperi.com\/?cat=53870"},"img":{"alt_text":"","src":"https:\/\/i0.wp.com\/blogdoprosperi.com\/wp-content\/uploads\/2016\/05\/16085103.jpeg?resize=350%2C200&ssl=1","width":350,"height":200,"srcset":"https:\/\/i0.wp.com\/blogdoprosperi.com\/wp-content\/uploads\/2016\/05\/16085103.jpeg?resize=350%2C200&ssl=1 1x, https:\/\/i0.wp.com\/blogdoprosperi.com\/wp-content\/uploads\/2016\/05\/16085103.jpeg?resize=525%2C300&ssl=1 1.5x"},"classes":[]},{"id":20431,"url":"https:\/\/blogdoprosperi.com\/?p=20431","url_meta":{"origin":21295,"position":5},"title":"Argentina e Brasil, fora da ordem mundial do futebol","author":"Luiz Ant\u00f4nio Pr\u00f3speri","date":"10 de agosto de 2016","format":false,"excerpt":"Argentina est\u00e1 fora do torneio de futebol dos Jogos do Rio. Caiu eliminada na primeira fase ao empatar (1 a 1) com Honduras nesta quarta-feira (10\/8). A queda recebeu duras cr\u00edticas da imprensa de Buenos Aires. \"Papel\u00e3o\" estamparam sites do respeitado La Nacion e do bem-humorado Ol\u00e9. Jogadores da sele\u00e7\u00e3o\u2026","rel":"","context":"Em &quot;futebol&quot;","block_context":{"text":"futebol","link":"https:\/\/blogdoprosperi.com\/?cat=53870"},"img":{"alt_text":"","src":"https:\/\/i0.wp.com\/blogdoprosperi.com\/wp-content\/uploads\/2016\/08\/588188076.jpg?resize=350%2C200&ssl=1","width":350,"height":200,"srcset":"https:\/\/i0.wp.com\/blogdoprosperi.com\/wp-content\/uploads\/2016\/08\/588188076.jpg?resize=350%2C200&ssl=1 1x, https:\/\/i0.wp.com\/blogdoprosperi.com\/wp-content\/uploads\/2016\/08\/588188076.jpg?resize=525%2C300&ssl=1 1.5x"},"classes":[]}],"jetpack_featured_media_url":"","_links":{"self":[{"href":"https:\/\/blogdoprosperi.com\/index.php?rest_route=\/wp\/v2\/posts\/21295","targetHints":{"allow":["GET"]}}],"collection":[{"href":"https:\/\/blogdoprosperi.com\/index.php?rest_route=\/wp\/v2\/posts"}],"about":[{"href":"https:\/\/blogdoprosperi.com\/index.php?rest_route=\/wp\/v2\/types\/post"}],"author":[{"embeddable":true,"href":"https:\/\/blogdoprosperi.com\/index.php?rest_route=\/wp\/v2\/users\/102107496"}],"replies":[{"embeddable":true,"href":"https:\/\/blogdoprosperi.com\/index.php?rest_route=%2Fwp%2Fv2%2Fcomments&post=21295"}],"version-history":[{"count":25,"href":"https:\/\/blogdoprosperi.com\/index.php?rest_route=\/wp\/v2\/posts\/21295\/revisions"}],"predecessor-version":[{"id":21417,"href":"https:\/\/blogdoprosperi.com\/index.php?rest_route=\/wp\/v2\/posts\/21295\/revisions\/21417"}],"wp:attachment":[{"href":"https:\/\/blogdoprosperi.com\/index.php?rest_route=%2Fwp%2Fv2%2Fmedia&parent=21295"}],"wp:term":[{"taxonomy":"category","embeddable":true,"href":"https:\/\/blogdoprosperi.com\/index.php?rest_route=%2Fwp%2Fv2%2Fcategories&post=21295"},{"taxonomy":"post_tag","embeddable":true,"href":"https:\/\/blogdoprosperi.com\/index.php?rest_route=%2Fwp%2Fv2%2Ftags&post=21295"}],"curies":[{"name":"wp","href":"https:\/\/api.w.org\/{rel}","templated":true}]}}