{"id":21421,"date":"2016-08-17T01:56:44","date_gmt":"2016-08-17T04:56:44","guid":{"rendered":"http:\/\/blogdoprosperi.com\/?p=21421"},"modified":"2016-08-17T01:57:48","modified_gmt":"2016-08-17T04:57:48","slug":"selecao-olimpica-pressionada-a-salvar-honra-dos-esportes-coletivos-do-brasil-nos-jogos-do-rio","status":"publish","type":"post","link":"https:\/\/blogdoprosperi.com\/?p=21421","title":{"rendered":"Sele\u00e7\u00e3o Ol\u00edmpica pressionada a salvar a honra dos esportes coletivos do Brasil nos Jogos do Rio"},"content":{"rendered":"<p><span class=\"alignnone\"><img data-recalc-dims=\"1\" loading=\"lazy\" decoding=\"async\" data-attachment-id=\"21362\" data-permalink=\"https:\/\/blogdoprosperi.com\/?attachment_id=21362\" data-orig-file=\"https:\/\/i0.wp.com\/blogdoprosperi.com\/wp-content\/uploads\/2016\/08\/pro4-14.jpg?fit=983%2C1475&amp;ssl=1\" data-orig-size=\"983,1475\" data-comments-opened=\"1\" data-image-meta=\"{&quot;aperture&quot;:&quot;4&quot;,&quot;credit&quot;:&quot;&quot;,&quot;camera&quot;:&quot;Canon EOS-1D X&quot;,&quot;caption&quot;:&quot;&quot;,&quot;created_timestamp&quot;:&quot;1471344863&quot;,&quot;copyright&quot;:&quot;ALEX SILVA\/ESTADAO&quot;,&quot;focal_length&quot;:&quot;600&quot;,&quot;iso&quot;:&quot;250&quot;,&quot;shutter_speed&quot;:&quot;0.0008&quot;,&quot;title&quot;:&quot;&quot;,&quot;orientation&quot;:&quot;1&quot;}\" data-image-title=\"pro4-14\" data-image-description=\"\" data-image-caption=\"\" data-large-file=\"https:\/\/i0.wp.com\/blogdoprosperi.com\/wp-content\/uploads\/2016\/08\/pro4-14.jpg?fit=682%2C1024&amp;ssl=1\" class=\"alignnone size-full wp-image-21362\" src=\"https:\/\/i0.wp.com\/blogdoprosperi.com\/wp-content\/uploads\/2016\/08\/pro4-14.jpg?resize=940%2C1410&#038;ssl=1\" alt=\"pro4-14\" width=\"940\" height=\"1410\" \/><\/span><\/p>\n<p>Brasil favorito nos esportes coletivos esfarela na reta final dos <a href=\"http:\/\/blogdoprosperi.com\/2016\/08\/15\/duas-fotos-dois-mitos-veja-se-isso-e-possivel-a-um-ser-humano\/\">Jogos do Rio.<\/a> Uma das \u00faltimas apostas \u00e9 a sele\u00e7\u00e3o do futebol masculino, ap\u00f3s a queda do time de Marta, a derrocada do v\u00f4lei feminino, do handebol, do basquete e das incertezas com o v\u00f4lei de quadra dos rapazes. At\u00e9 por isso, a responsabilidade do time de <a href=\"http:\/\/blogdoprosperi.com\/2016\/08\/16\/marta-e-melhor-que-neymar\/\">Neymar <\/a>\u00e9 imensa. Vencer Honduras neste in\u00edcio de tarde desta quarta-feira (17\/8) \u00e9 uma obriga\u00e7\u00e3o em busca do ouro no s\u00e1bado contra o vencedor de Nig\u00e9ria x Alemanha.<!--more--><\/p>\n<p>Muitas vezes rejeitado em hist\u00f3ricas edi\u00e7\u00f5es, o futebol de homens nunca combinou com Olimp\u00edada. Da \u00e9poca do comunismo aos tempos de esperan\u00e7a com sele\u00e7\u00f5es africanas, o <a href=\"http:\/\/blogdoprosperi.com\/2016\/08\/14\/neymar-apanha-provoca-e-leva-brasil-a-semifinal-da-olimpiada-do-rio\/\">Brasil jamais pendurou uma medalha<\/a> de ouro nos seus craques imberbes.<\/p>\n<p><img data-recalc-dims=\"1\" loading=\"lazy\" decoding=\"async\" data-attachment-id=\"10425\" data-permalink=\"https:\/\/blogdoprosperi.com\/?attachment_id=10425\" data-orig-file=\"https:\/\/i0.wp.com\/blogdoprosperi.com\/wp-content\/uploads\/2016\/06\/brasil-de-82.jpg?fit=600%2C331&amp;ssl=1\" data-orig-size=\"600,331\" data-comments-opened=\"1\" data-image-meta=\"{&quot;aperture&quot;:&quot;0&quot;,&quot;credit&quot;:&quot;&quot;,&quot;camera&quot;:&quot;&quot;,&quot;caption&quot;:&quot;&quot;,&quot;created_timestamp&quot;:&quot;0&quot;,&quot;copyright&quot;:&quot;&quot;,&quot;focal_length&quot;:&quot;0&quot;,&quot;iso&quot;:&quot;0&quot;,&quot;shutter_speed&quot;:&quot;0&quot;,&quot;title&quot;:&quot;&quot;,&quot;orientation&quot;:&quot;0&quot;}\" data-image-title=\"brasil-de-82\" data-image-description=\"\" data-image-caption=\"\" data-large-file=\"https:\/\/i0.wp.com\/blogdoprosperi.com\/wp-content\/uploads\/2016\/06\/brasil-de-82.jpg?fit=600%2C331&amp;ssl=1\" class=\"  wp-image-10425 alignleft\" src=\"https:\/\/i0.wp.com\/blogdoprosperi.com\/wp-content\/uploads\/2016\/06\/brasil-de-82.jpg?resize=440%2C243&#038;ssl=1\" alt=\"brasil-de-82\" width=\"440\" height=\"243\" \/>A hora \u00e9 agora. Em casa, como na Copa do Mundo de 2014, a sele\u00e7\u00e3o tem de encantar serpentes no Maracan\u00e3 nesta quarta e no s\u00e1bado. Fazer valer a proposta de um futebol ofensivo de resgate da excel\u00eancia do futebol brasileiro, destemido em busca do gol sem cessar e com requintes de arte, argumentos esquecidos desde a derrota na Copa do Mundo da Espanha (<em>foto<\/em>) em 1982.<\/p>\n<p>Qualidades e obriga\u00e7\u00f5es que ficaram distantes nesta Olimp\u00edada nos dois primeiros jogos contra \u00c1frica do Sul e Iraque e ressurgiram contra Dinamarca e Col\u00f4mbia.<\/p>\n<p><span class=\"alignnone\"><img data-recalc-dims=\"1\" loading=\"lazy\" decoding=\"async\" data-attachment-id=\"21368\" data-permalink=\"https:\/\/blogdoprosperi.com\/?attachment_id=21368\" data-orig-file=\"https:\/\/i0.wp.com\/blogdoprosperi.com\/wp-content\/uploads\/2016\/08\/pro10-6.jpg?fit=5184%2C3456&amp;ssl=1\" data-orig-size=\"5184,3456\" data-comments-opened=\"1\" data-image-meta=\"{&quot;aperture&quot;:&quot;4&quot;,&quot;credit&quot;:&quot;&quot;,&quot;camera&quot;:&quot;Canon EOS-1D X&quot;,&quot;caption&quot;:&quot;&quot;,&quot;created_timestamp&quot;:&quot;1471350208&quot;,&quot;copyright&quot;:&quot;ALEX SILVA\/ESTADAO&quot;,&quot;focal_length&quot;:&quot;600&quot;,&quot;iso&quot;:&quot;200&quot;,&quot;shutter_speed&quot;:&quot;0.000625&quot;,&quot;title&quot;:&quot;&quot;,&quot;orientation&quot;:&quot;1&quot;}\" data-image-title=\"pro10-6\" data-image-description=\"\" data-image-caption=\"\" data-large-file=\"https:\/\/i0.wp.com\/blogdoprosperi.com\/wp-content\/uploads\/2016\/08\/pro10-6.jpg?fit=940%2C627&amp;ssl=1\" class=\"alignnone size-full wp-image-21368\" src=\"https:\/\/i0.wp.com\/blogdoprosperi.com\/wp-content\/uploads\/2016\/08\/pro10-6.jpg?resize=940%2C627&#038;ssl=1\" alt=\"pro10-6\" width=\"940\" height=\"627\" \/><\/span><\/p>\n<p>N\u00e3o passa na cabe\u00e7a de nenhum torcedor, por mais descrente que seja, n\u00e3o chegar \u00e0 final do torneio. Honduras, de futebol apenas honesto nos Jogos Ol\u00edmpicos, n\u00e3o deveria assombrar nem o Olaria ou o Bangu, j\u00e1 que estamos no Rio. \u00c9 presa f\u00e1cil.<\/p>\n<p>Contra esse advers\u00e1rio de pouca tradi\u00e7\u00e3o, Neymar &amp; Cia est\u00e3o pressionados a mostrar ao mundo a for\u00e7a do futebol pentacampe\u00e3o e encobrir, se \u00e9 que poss\u00edvel, as mazelas de cartolas eternos como Jo\u00e3o Havelange, morto nesta segunda-feira (16\/8) no Rio.<\/p>\n<p><span class=\"alignnone\"><img data-recalc-dims=\"1\" loading=\"lazy\" decoding=\"async\" data-attachment-id=\"21484\" data-permalink=\"https:\/\/blogdoprosperi.com\/?attachment_id=21484\" data-orig-file=\"https:\/\/i0.wp.com\/blogdoprosperi.com\/wp-content\/uploads\/2016\/08\/pro8-13.jpg?fit=1722%2C1148&amp;ssl=1\" data-orig-size=\"1722,1148\" data-comments-opened=\"1\" data-image-meta=\"{&quot;aperture&quot;:&quot;4&quot;,&quot;credit&quot;:&quot;&quot;,&quot;camera&quot;:&quot;Canon EOS-1D X&quot;,&quot;caption&quot;:&quot;&quot;,&quot;created_timestamp&quot;:&quot;1471349753&quot;,&quot;copyright&quot;:&quot;ALEX SILVA\/ESTADAO&quot;,&quot;focal_length&quot;:&quot;600&quot;,&quot;iso&quot;:&quot;200&quot;,&quot;shutter_speed&quot;:&quot;0.0005&quot;,&quot;title&quot;:&quot;&quot;,&quot;orientation&quot;:&quot;1&quot;}\" data-image-title=\"pro8-13\" data-image-description=\"\" data-image-caption=\"\" data-large-file=\"https:\/\/i0.wp.com\/blogdoprosperi.com\/wp-content\/uploads\/2016\/08\/pro8-13.jpg?fit=940%2C627&amp;ssl=1\" class=\"alignnone size-full wp-image-21484\" src=\"https:\/\/i0.wp.com\/blogdoprosperi.com\/wp-content\/uploads\/2016\/08\/pro8-13.jpg?resize=940%2C627&#038;ssl=1\" alt=\"pro8-13.jpg\" width=\"940\" height=\"627\" \/><\/span><\/p>\n<p>Havelange, 100 anos, morreu esquecido. N\u00e3o fosse sua gan\u00e2ncia por c\u00e9dulas verdinhas, teria sido um revolucion\u00e1rio no futebol ao transformar esse esporte em uma pot\u00eancia econ\u00f4mica e pol\u00edtica. Quis mais que isso e acabou na vala dos corruptos.<\/p>\n<p>Seu desaparecimento, por si s\u00f3 motivo de j\u00fabilo em todos os campos e arenas, n\u00e3o valeu nem sequer um minuto de sil\u00eancio nas competi\u00e7\u00f5es desta ter\u00e7a\u2013feira (17\/8) da Olimp\u00edada do Rio.<\/p>\n<p>Neymar e sua turma nem sabem quem foi Jo\u00e3o Havelange. T\u00eam consci\u00eancia de que precisam da medalha de ouro, um feito in\u00e9dito desde os tempos em que o maior cartola do mundo dominava o futebol, e abrir novas janelas contra a escurid\u00e3o.<\/p>\n<figure id=\"attachment_21496\" aria-describedby=\"caption-attachment-21496\" style=\"width: 615px\" class=\"wp-caption alignnone\"><img data-recalc-dims=\"1\" loading=\"lazy\" decoding=\"async\" data-attachment-id=\"21496\" data-permalink=\"https:\/\/blogdoprosperi.com\/?attachment_id=21496\" data-orig-file=\"https:\/\/i0.wp.com\/blogdoprosperi.com\/wp-content\/uploads\/2016\/08\/joao-havelange-esq-e-ricardo-teixeira-olham-para-copa-do-mundo-1319639845195_615x300.jpg?fit=615%2C300&amp;ssl=1\" data-orig-size=\"615,300\" data-comments-opened=\"1\" data-image-meta=\"{&quot;aperture&quot;:&quot;0&quot;,&quot;credit&quot;:&quot;&quot;,&quot;camera&quot;:&quot;&quot;,&quot;caption&quot;:&quot;&quot;,&quot;created_timestamp&quot;:&quot;0&quot;,&quot;copyright&quot;:&quot;&quot;,&quot;focal_length&quot;:&quot;0&quot;,&quot;iso&quot;:&quot;0&quot;,&quot;shutter_speed&quot;:&quot;0&quot;,&quot;title&quot;:&quot;&quot;,&quot;orientation&quot;:&quot;0&quot;}\" data-image-title=\"joao-havelange-esq-e-ricardo-teixeira-olham-para-copa-do-mundo-1319639845195_615x300\" data-image-description=\"\" data-image-caption=\"\" data-large-file=\"https:\/\/i0.wp.com\/blogdoprosperi.com\/wp-content\/uploads\/2016\/08\/joao-havelange-esq-e-ricardo-teixeira-olham-para-copa-do-mundo-1319639845195_615x300.jpg?fit=615%2C300&amp;ssl=1\" class=\"alignnone size-full wp-image-21496\" src=\"https:\/\/i0.wp.com\/blogdoprosperi.com\/wp-content\/uploads\/2016\/08\/joao-havelange-esq-e-ricardo-teixeira-olham-para-copa-do-mundo-1319639845195_615x300.jpg?resize=615%2C300&#038;ssl=1\" alt=\"joao-havelange-esq-e-ricardo-teixeira-olham-para-copa-do-mundo-1319639845195_615x300\" width=\"615\" height=\"300\" \/><figcaption id=\"caption-attachment-21496\" class=\"wp-caption-text\">Jo\u00e3o Havelange e Ricardo Oliveira nos bons tempos de poder no futebol<\/figcaption><\/figure>\n","protected":false},"excerpt":{"rendered":"<p>Brasil favorito nos esportes coletivos esfarela na reta final dos Jogos do Rio. Uma das \u00faltimas apostas \u00e9 [&hellip;]<\/p>\n","protected":false},"author":102107496,"featured_media":0,"comment_status":"open","ping_status":"open","sticky":false,"template":"","format":"standard","meta":{"_coblocks_attr":"","_coblocks_dimensions":"","_coblocks_responsive_height":"","_coblocks_accordion_ie_support":"","_jetpack_newsletter_access":"","_jetpack_dont_email_post_to_subs":false,"_jetpack_newsletter_tier_id":0,"_jetpack_memberships_contains_paywalled_content":false,"_wpcom_ai_launchpad_first_post":false,"_jetpack_feature_clip_id":0,"_jetpack_memberships_contains_paid_content":false,"footnotes":"","jetpack_publicize_message":"","jetpack_publicize_feature_enabled":true,"jetpack_social_post_already_shared":false,"jetpack_social_options":{"image_generator_settings":{"template":"highway","default_image_id":0,"font":"","enabled":false},"version":2},"jetpack_post_was_ever_published":false},"categories":[53870,77187843],"tags":[104885117,789560560,7133996,222804940,4112146,10021936,192540322],"class_list":["post-21421","post","type-post","status-publish","format-standard","hentry","category-futebol","category-olimpiada-do-rio","tag-brasil-x-honduras","tag-futebol","tag-joao-havelange","tag-jogos-do-rio-2016","tag-neymar","tag-olimpiada-2016","tag-olimpiada-do-rio-2016"],"yoast_head":"<!-- This site is optimized with the Yoast SEO plugin v28.4 - https:\/\/yoast.com\/product\/yoast-seo-wordpress\/ -->\n<title>Sele\u00e7\u00e3o Ol\u00edmpica pressionada a salvar a honra dos esportes coletivos do Brasil nos Jogos do Rio - PR\u00d3SPERI NEWS<\/title>\n<meta name=\"robots\" content=\"index, follow, max-snippet:-1, max-image-preview:large, max-video-preview:-1\" \/>\n<link rel=\"canonical\" href=\"https:\/\/blogdoprosperi.com\/?p=21421\" \/>\n<meta property=\"og:locale\" content=\"pt_BR\" \/>\n<meta property=\"og:type\" content=\"article\" \/>\n<meta property=\"og:title\" content=\"Sele\u00e7\u00e3o Ol\u00edmpica pressionada a salvar a honra dos esportes coletivos do Brasil nos Jogos do Rio - PR\u00d3SPERI NEWS\" \/>\n<meta property=\"og:description\" content=\"Brasil favorito nos esportes coletivos esfarela na reta final dos Jogos do Rio. Uma das \u00faltimas apostas \u00e9 [&hellip;]\" \/>\n<meta property=\"og:url\" content=\"https:\/\/blogdoprosperi.com\/?p=21421\" \/>\n<meta property=\"og:site_name\" content=\"PR\u00d3SPERI NEWS\" \/>\n<meta property=\"article:publisher\" content=\"Luiz Pr\u00f3speri\" \/>\n<meta property=\"article:author\" content=\"Luiz Pr\u00f3speri\" \/>\n<meta property=\"article:published_time\" content=\"2016-08-17T04:56:44+00:00\" \/>\n<meta property=\"article:modified_time\" content=\"2016-08-17T04:57:48+00:00\" \/>\n<meta property=\"og:image\" content=\"https:\/\/blogdoprosperi.com\/wp-content\/uploads\/2016\/08\/pro4-14.jpg\" \/>\n<meta name=\"author\" content=\"Luiz Ant\u00f4nio Pr\u00f3speri\" \/>\n<meta name=\"twitter:card\" content=\"summary_large_image\" \/>\n<meta name=\"twitter:creator\" content=\"@Luizprosperi\" \/>\n<meta name=\"twitter:site\" content=\"@Luizprosperi\" \/>\n<meta name=\"twitter:label1\" content=\"Escrito por\" \/>\n\t<meta name=\"twitter:data1\" content=\"Luiz Ant\u00f4nio Pr\u00f3speri\" \/>\n\t<meta name=\"twitter:label2\" content=\"Est. tempo de leitura\" \/>\n\t<meta name=\"twitter:data2\" content=\"2 minutos\" \/>\n<script type=\"application\/ld+json\" class=\"yoast-schema-graph\">{\"@context\":\"https:\\\/\\\/schema.org\",\"@graph\":[{\"@type\":\"Article\",\"@id\":\"https:\\\/\\\/blogdoprosperi.com\\\/?p=21421#article\",\"isPartOf\":{\"@id\":\"https:\\\/\\\/blogdoprosperi.com\\\/?p=21421\"},\"author\":{\"name\":\"Luiz Ant\u00f4nio Pr\u00f3speri\",\"@id\":\"https:\\\/\\\/blogdoprosperi.com\\\/#\\\/schema\\\/person\\\/38100755ce3601861ee4fab9b5aa78e9\"},\"headline\":\"Sele\u00e7\u00e3o Ol\u00edmpica pressionada a salvar a honra dos esportes coletivos do Brasil nos Jogos do Rio\",\"datePublished\":\"2016-08-17T04:56:44+00:00\",\"dateModified\":\"2016-08-17T04:57:48+00:00\",\"mainEntityOfPage\":{\"@id\":\"https:\\\/\\\/blogdoprosperi.com\\\/?p=21421\"},\"wordCount\":483,\"commentCount\":2,\"publisher\":{\"@id\":\"https:\\\/\\\/blogdoprosperi.com\\\/#\\\/schema\\\/person\\\/38100755ce3601861ee4fab9b5aa78e9\"},\"image\":{\"@id\":\"https:\\\/\\\/blogdoprosperi.com\\\/?p=21421#primaryimage\"},\"thumbnailUrl\":\"https:\\\/\\\/blogdoprosperi.com\\\/wp-content\\\/uploads\\\/2016\\\/08\\\/pro4-14.jpg\",\"keywords\":[\"Brasil x Honduras\",\"futebol\",\"Jo\u00e3o HAvelange\",\"Jogos do Rio 2016\",\"Neymar\",\"Olimp\u00edada 2016\",\"Olimp\u00edada do Rio-2016\"],\"articleSection\":[\"futebol\",\"Olimp\u00edada do Rio\"],\"inLanguage\":\"pt-BR\",\"potentialAction\":[{\"@type\":\"CommentAction\",\"name\":\"Comment\",\"target\":[\"https:\\\/\\\/blogdoprosperi.com\\\/?p=21421#respond\"]}]},{\"@type\":\"WebPage\",\"@id\":\"https:\\\/\\\/blogdoprosperi.com\\\/?p=21421\",\"url\":\"https:\\\/\\\/blogdoprosperi.com\\\/?p=21421\",\"name\":\"Sele\u00e7\u00e3o Ol\u00edmpica pressionada a salvar a honra dos esportes coletivos do Brasil nos Jogos do Rio - PR\u00d3SPERI NEWS\",\"isPartOf\":{\"@id\":\"https:\\\/\\\/blogdoprosperi.com\\\/#website\"},\"primaryImageOfPage\":{\"@id\":\"https:\\\/\\\/blogdoprosperi.com\\\/?p=21421#primaryimage\"},\"image\":{\"@id\":\"https:\\\/\\\/blogdoprosperi.com\\\/?p=21421#primaryimage\"},\"thumbnailUrl\":\"https:\\\/\\\/blogdoprosperi.com\\\/wp-content\\\/uploads\\\/2016\\\/08\\\/pro4-14.jpg\",\"datePublished\":\"2016-08-17T04:56:44+00:00\",\"dateModified\":\"2016-08-17T04:57:48+00:00\",\"breadcrumb\":{\"@id\":\"https:\\\/\\\/blogdoprosperi.com\\\/?p=21421#breadcrumb\"},\"inLanguage\":\"pt-BR\",\"potentialAction\":[{\"@type\":\"ReadAction\",\"target\":[\"https:\\\/\\\/blogdoprosperi.com\\\/?p=21421\"]}]},{\"@type\":\"ImageObject\",\"inLanguage\":\"pt-BR\",\"@id\":\"https:\\\/\\\/blogdoprosperi.com\\\/?p=21421#primaryimage\",\"url\":\"https:\\\/\\\/i0.wp.com\\\/blogdoprosperi.com\\\/wp-content\\\/uploads\\\/2016\\\/08\\\/pro4-14.jpg?fit=983%2C1475&ssl=1\",\"contentUrl\":\"https:\\\/\\\/i0.wp.com\\\/blogdoprosperi.com\\\/wp-content\\\/uploads\\\/2016\\\/08\\\/pro4-14.jpg?fit=983%2C1475&ssl=1\",\"width\":983,\"height\":1475},{\"@type\":\"BreadcrumbList\",\"@id\":\"https:\\\/\\\/blogdoprosperi.com\\\/?p=21421#breadcrumb\",\"itemListElement\":[{\"@type\":\"ListItem\",\"position\":1,\"name\":\"In\u00edcio\",\"item\":\"https:\\\/\\\/blogdoprosperi.com\\\/\"},{\"@type\":\"ListItem\",\"position\":2,\"name\":\"Sele\u00e7\u00e3o Ol\u00edmpica pressionada a salvar a honra dos esportes coletivos do Brasil nos Jogos do Rio\"}]},{\"@type\":\"WebSite\",\"@id\":\"https:\\\/\\\/blogdoprosperi.com\\\/#website\",\"url\":\"https:\\\/\\\/blogdoprosperi.com\\\/\",\"name\":\"PR\u00d3SPERI NEWS\",\"description\":\"TUDO \u00c9  FUTEBOL\",\"publisher\":{\"@id\":\"https:\\\/\\\/blogdoprosperi.com\\\/#\\\/schema\\\/person\\\/38100755ce3601861ee4fab9b5aa78e9\"},\"alternateName\":\"blogdoprosperi.com\",\"potentialAction\":[{\"@type\":\"SearchAction\",\"target\":{\"@type\":\"EntryPoint\",\"urlTemplate\":\"https:\\\/\\\/blogdoprosperi.com\\\/?s={search_term_string}\"},\"query-input\":{\"@type\":\"PropertyValueSpecification\",\"valueRequired\":true,\"valueName\":\"search_term_string\"}}],\"inLanguage\":\"pt-BR\"},{\"@type\":[\"Person\",\"Organization\"],\"@id\":\"https:\\\/\\\/blogdoprosperi.com\\\/#\\\/schema\\\/person\\\/38100755ce3601861ee4fab9b5aa78e9\",\"name\":\"Luiz Ant\u00f4nio Pr\u00f3speri\",\"pronouns\":\"ele\",\"image\":{\"@type\":\"ImageObject\",\"inLanguage\":\"pt-BR\",\"@id\":\"https:\\\/\\\/i0.wp.com\\\/blogdoprosperi.com\\\/wp-content\\\/uploads\\\/2026\\\/05\\\/cropped-8059e613-6002-42fa-961e-8e275f575d71-2-5.jpg?fit=1360%2C931&ssl=1\",\"url\":\"https:\\\/\\\/i0.wp.com\\\/blogdoprosperi.com\\\/wp-content\\\/uploads\\\/2026\\\/05\\\/cropped-8059e613-6002-42fa-961e-8e275f575d71-2-5.jpg?fit=1360%2C931&ssl=1\",\"contentUrl\":\"https:\\\/\\\/i0.wp.com\\\/blogdoprosperi.com\\\/wp-content\\\/uploads\\\/2026\\\/05\\\/cropped-8059e613-6002-42fa-961e-8e275f575d71-2-5.jpg?fit=1360%2C931&ssl=1\",\"width\":1360,\"height\":931,\"caption\":\"Luiz Ant\u00f4nio Pr\u00f3speri\"},\"logo\":{\"@id\":\"https:\\\/\\\/i0.wp.com\\\/blogdoprosperi.com\\\/wp-content\\\/uploads\\\/2026\\\/05\\\/cropped-8059e613-6002-42fa-961e-8e275f575d71-2-5.jpg?fit=1360%2C931&ssl=1\"},\"description\":\"Jornalista com carreira dedicada ao esporte. Cobriu 9 Copas do Mundo in loco, 1990 na It\u00e1lia, 1994 nos EUA, 1998 na Fran\u00e7a, 2002 na Coreia do Sul e Jap\u00e3o, 2006 na Alemanha, 2010 na \u00c1frica do Sul, 2014 no Brasil, 2018 na R\u00fassia e 2022 no Qatar. Eurocopas, 1992 na Su\u00e9cia e 1996 na Inglaterra. Copa das Confedera\u00e7\u00f5es de 2005 na Alemanha e 2009 na \u00c1frica do Sul. Rep\u00f3rter e Editor, trabalhou no Jornal da Tarde e Estad\u00e3o, de 1984 a fevereiro de 2016. Colunista, blogueiro. E comentarista de futebol na R\u00e1dio Estad\u00e3o, de 2013 a fevereiro de 2016. Jornalista respons\u00e1vel do \\\"Pr\u00f3speri News\\\" (blogdoprosperi.com).\",\"sameAs\":[\"http:\\\/\\\/blogdoprosperi.com\",\"Luiz Pr\u00f3speri\",\"@luiz_prosperi\",\"https:\\\/\\\/x.com\\\/Luizprosperi\",\"@prosperinacopa\",\"luiz.prosperi@icloud.com\"],\"url\":\"https:\\\/\\\/blogdoprosperi.com\\\/?author=102107496\"}]}<\/script>\n<!-- \/ Yoast SEO plugin. -->","yoast_head_json":{"title":"Sele\u00e7\u00e3o Ol\u00edmpica pressionada a salvar a honra dos esportes coletivos do Brasil nos Jogos do Rio - PR\u00d3SPERI NEWS","robots":{"index":"index","follow":"follow","max-snippet":"max-snippet:-1","max-image-preview":"max-image-preview:large","max-video-preview":"max-video-preview:-1"},"canonical":"https:\/\/blogdoprosperi.com\/?p=21421","og_locale":"pt_BR","og_type":"article","og_title":"Sele\u00e7\u00e3o Ol\u00edmpica pressionada a salvar a honra dos esportes coletivos do Brasil nos Jogos do Rio - PR\u00d3SPERI NEWS","og_description":"Brasil favorito nos esportes coletivos esfarela na reta final dos Jogos do Rio. Uma das \u00faltimas apostas \u00e9 [&hellip;]","og_url":"https:\/\/blogdoprosperi.com\/?p=21421","og_site_name":"PR\u00d3SPERI NEWS","article_publisher":"Luiz Pr\u00f3speri","article_author":"Luiz Pr\u00f3speri","article_published_time":"2016-08-17T04:56:44+00:00","article_modified_time":"2016-08-17T04:57:48+00:00","og_image":[{"url":"https:\/\/blogdoprosperi.com\/wp-content\/uploads\/2016\/08\/pro4-14.jpg","type":"","width":"","height":""}],"author":"Luiz Ant\u00f4nio Pr\u00f3speri","twitter_card":"summary_large_image","twitter_creator":"@Luizprosperi","twitter_site":"@Luizprosperi","twitter_misc":{"Escrito por":"Luiz Ant\u00f4nio Pr\u00f3speri","Est. tempo de leitura":"2 minutos"},"schema":{"@context":"https:\/\/schema.org","@graph":[{"@type":"Article","@id":"https:\/\/blogdoprosperi.com\/?p=21421#article","isPartOf":{"@id":"https:\/\/blogdoprosperi.com\/?p=21421"},"author":{"name":"Luiz Ant\u00f4nio Pr\u00f3speri","@id":"https:\/\/blogdoprosperi.com\/#\/schema\/person\/38100755ce3601861ee4fab9b5aa78e9"},"headline":"Sele\u00e7\u00e3o Ol\u00edmpica pressionada a salvar a honra dos esportes coletivos do Brasil nos Jogos do Rio","datePublished":"2016-08-17T04:56:44+00:00","dateModified":"2016-08-17T04:57:48+00:00","mainEntityOfPage":{"@id":"https:\/\/blogdoprosperi.com\/?p=21421"},"wordCount":483,"commentCount":2,"publisher":{"@id":"https:\/\/blogdoprosperi.com\/#\/schema\/person\/38100755ce3601861ee4fab9b5aa78e9"},"image":{"@id":"https:\/\/blogdoprosperi.com\/?p=21421#primaryimage"},"thumbnailUrl":"https:\/\/blogdoprosperi.com\/wp-content\/uploads\/2016\/08\/pro4-14.jpg","keywords":["Brasil x Honduras","futebol","Jo\u00e3o HAvelange","Jogos do Rio 2016","Neymar","Olimp\u00edada 2016","Olimp\u00edada do Rio-2016"],"articleSection":["futebol","Olimp\u00edada do Rio"],"inLanguage":"pt-BR","potentialAction":[{"@type":"CommentAction","name":"Comment","target":["https:\/\/blogdoprosperi.com\/?p=21421#respond"]}]},{"@type":"WebPage","@id":"https:\/\/blogdoprosperi.com\/?p=21421","url":"https:\/\/blogdoprosperi.com\/?p=21421","name":"Sele\u00e7\u00e3o Ol\u00edmpica pressionada a salvar a honra dos esportes coletivos do Brasil nos Jogos do Rio - PR\u00d3SPERI NEWS","isPartOf":{"@id":"https:\/\/blogdoprosperi.com\/#website"},"primaryImageOfPage":{"@id":"https:\/\/blogdoprosperi.com\/?p=21421#primaryimage"},"image":{"@id":"https:\/\/blogdoprosperi.com\/?p=21421#primaryimage"},"thumbnailUrl":"https:\/\/blogdoprosperi.com\/wp-content\/uploads\/2016\/08\/pro4-14.jpg","datePublished":"2016-08-17T04:56:44+00:00","dateModified":"2016-08-17T04:57:48+00:00","breadcrumb":{"@id":"https:\/\/blogdoprosperi.com\/?p=21421#breadcrumb"},"inLanguage":"pt-BR","potentialAction":[{"@type":"ReadAction","target":["https:\/\/blogdoprosperi.com\/?p=21421"]}]},{"@type":"ImageObject","inLanguage":"pt-BR","@id":"https:\/\/blogdoprosperi.com\/?p=21421#primaryimage","url":"https:\/\/i0.wp.com\/blogdoprosperi.com\/wp-content\/uploads\/2016\/08\/pro4-14.jpg?fit=983%2C1475&ssl=1","contentUrl":"https:\/\/i0.wp.com\/blogdoprosperi.com\/wp-content\/uploads\/2016\/08\/pro4-14.jpg?fit=983%2C1475&ssl=1","width":983,"height":1475},{"@type":"BreadcrumbList","@id":"https:\/\/blogdoprosperi.com\/?p=21421#breadcrumb","itemListElement":[{"@type":"ListItem","position":1,"name":"In\u00edcio","item":"https:\/\/blogdoprosperi.com\/"},{"@type":"ListItem","position":2,"name":"Sele\u00e7\u00e3o Ol\u00edmpica pressionada a salvar a honra dos esportes coletivos do Brasil nos Jogos do Rio"}]},{"@type":"WebSite","@id":"https:\/\/blogdoprosperi.com\/#website","url":"https:\/\/blogdoprosperi.com\/","name":"PR\u00d3SPERI NEWS","description":"TUDO \u00c9  FUTEBOL","publisher":{"@id":"https:\/\/blogdoprosperi.com\/#\/schema\/person\/38100755ce3601861ee4fab9b5aa78e9"},"alternateName":"blogdoprosperi.com","potentialAction":[{"@type":"SearchAction","target":{"@type":"EntryPoint","urlTemplate":"https:\/\/blogdoprosperi.com\/?s={search_term_string}"},"query-input":{"@type":"PropertyValueSpecification","valueRequired":true,"valueName":"search_term_string"}}],"inLanguage":"pt-BR"},{"@type":["Person","Organization"],"@id":"https:\/\/blogdoprosperi.com\/#\/schema\/person\/38100755ce3601861ee4fab9b5aa78e9","name":"Luiz Ant\u00f4nio Pr\u00f3speri","pronouns":"ele","image":{"@type":"ImageObject","inLanguage":"pt-BR","@id":"https:\/\/i0.wp.com\/blogdoprosperi.com\/wp-content\/uploads\/2026\/05\/cropped-8059e613-6002-42fa-961e-8e275f575d71-2-5.jpg?fit=1360%2C931&ssl=1","url":"https:\/\/i0.wp.com\/blogdoprosperi.com\/wp-content\/uploads\/2026\/05\/cropped-8059e613-6002-42fa-961e-8e275f575d71-2-5.jpg?fit=1360%2C931&ssl=1","contentUrl":"https:\/\/i0.wp.com\/blogdoprosperi.com\/wp-content\/uploads\/2026\/05\/cropped-8059e613-6002-42fa-961e-8e275f575d71-2-5.jpg?fit=1360%2C931&ssl=1","width":1360,"height":931,"caption":"Luiz Ant\u00f4nio Pr\u00f3speri"},"logo":{"@id":"https:\/\/i0.wp.com\/blogdoprosperi.com\/wp-content\/uploads\/2026\/05\/cropped-8059e613-6002-42fa-961e-8e275f575d71-2-5.jpg?fit=1360%2C931&ssl=1"},"description":"Jornalista com carreira dedicada ao esporte. Cobriu 9 Copas do Mundo in loco, 1990 na It\u00e1lia, 1994 nos EUA, 1998 na Fran\u00e7a, 2002 na Coreia do Sul e Jap\u00e3o, 2006 na Alemanha, 2010 na \u00c1frica do Sul, 2014 no Brasil, 2018 na R\u00fassia e 2022 no Qatar. Eurocopas, 1992 na Su\u00e9cia e 1996 na Inglaterra. Copa das Confedera\u00e7\u00f5es de 2005 na Alemanha e 2009 na \u00c1frica do Sul. Rep\u00f3rter e Editor, trabalhou no Jornal da Tarde e Estad\u00e3o, de 1984 a fevereiro de 2016. Colunista, blogueiro. E comentarista de futebol na R\u00e1dio Estad\u00e3o, de 2013 a fevereiro de 2016. Jornalista respons\u00e1vel do \"Pr\u00f3speri News\" (blogdoprosperi.com).","sameAs":["http:\/\/blogdoprosperi.com","Luiz Pr\u00f3speri","@luiz_prosperi","https:\/\/x.com\/Luizprosperi","@prosperinacopa","luiz.prosperi@icloud.com"],"url":"https:\/\/blogdoprosperi.com\/?author=102107496"}]}},"jetpack_publicize_connections":[],"jetpack_likes_enabled":false,"jetpack_sharing_enabled":true,"jetpack_shortlink":"https:\/\/wp.me\/p7jvdk-5zv","jetpack-related-posts":[{"id":22670,"url":"https:\/\/blogdoprosperi.com\/?p=22670","url_meta":{"origin":21421,"position":0},"title":"A culpa que o futebol n\u00e3o tem","author":"Luiz Ant\u00f4nio Pr\u00f3speri","date":"23 de agosto de 2016","format":false,"excerpt":"Gabriel Jesus voltou a treinar no Palmeiras nesta ter\u00e7a-feira, tr\u00eas dias ap\u00f3s a conquista da medalha de ouro no Maracan\u00e3. Levaram o menino de 19 anos, nascido no pobre Jardim Peri, na capital, a dar entrevista coletiva no clube. Inevit\u00e1vel a necessidade de extrair das entranhas do garoto a enorme\u2026","rel":"","context":"Em &quot;futebol&quot;","block_context":{"text":"futebol","link":"https:\/\/blogdoprosperi.com\/?cat=53870"},"img":{"alt_text":"","src":"https:\/\/i0.wp.com\/blogdoprosperi.com\/wp-content\/uploads\/2016\/08\/00914167.jpg?resize=350%2C200&ssl=1","width":350,"height":200,"srcset":"https:\/\/i0.wp.com\/blogdoprosperi.com\/wp-content\/uploads\/2016\/08\/00914167.jpg?resize=350%2C200&ssl=1 1x, https:\/\/i0.wp.com\/blogdoprosperi.com\/wp-content\/uploads\/2016\/08\/00914167.jpg?resize=525%2C300&ssl=1 1.5x, https:\/\/i0.wp.com\/blogdoprosperi.com\/wp-content\/uploads\/2016\/08\/00914167.jpg?resize=700%2C400&ssl=1 2x, https:\/\/i0.wp.com\/blogdoprosperi.com\/wp-content\/uploads\/2016\/08\/00914167.jpg?resize=1050%2C600&ssl=1 3x, https:\/\/i0.wp.com\/blogdoprosperi.com\/wp-content\/uploads\/2016\/08\/00914167.jpg?resize=1400%2C800&ssl=1 4x"},"classes":[]},{"id":21295,"url":"https:\/\/blogdoprosperi.com\/?p=21295","url_meta":{"origin":21421,"position":1},"title":"Marta \u00e9 melhor que Neymar?","author":"Luiz Ant\u00f4nio Pr\u00f3speri","date":"16 de agosto de 2016","format":false,"excerpt":"Sele\u00e7\u00e3o Brasileira cai diante da Su\u00e9cia na disputa dos p\u00eanaltis e coloca um ponto final no conto de fadas do futebol feminino do Brasil nos Jogos do Rio. Resta a disputa da medalha de bronze contra o vencedor do confronto entre Canad\u00e1 e Alemanha. Deve tamb\u00e9m frear o entusiasmo de\u2026","rel":"","context":"Em &quot;futebol&quot;","block_context":{"text":"futebol","link":"https:\/\/blogdoprosperi.com\/?cat=53870"},"img":{"alt_text":"","src":"https:\/\/i0.wp.com\/blogdoprosperi.com\/wp-content\/uploads\/2016\/08\/marta.jpg?resize=350%2C200","width":350,"height":200,"srcset":"https:\/\/i0.wp.com\/blogdoprosperi.com\/wp-content\/uploads\/2016\/08\/marta.jpg?resize=350%2C200 1x, https:\/\/i0.wp.com\/blogdoprosperi.com\/wp-content\/uploads\/2016\/08\/marta.jpg?resize=525%2C300 1.5x, https:\/\/i0.wp.com\/blogdoprosperi.com\/wp-content\/uploads\/2016\/08\/marta.jpg?resize=700%2C400 2x, https:\/\/i0.wp.com\/blogdoprosperi.com\/wp-content\/uploads\/2016\/08\/marta.jpg?resize=1050%2C600 3x"},"classes":[]},{"id":21517,"url":"https:\/\/blogdoprosperi.com\/?p=21517","url_meta":{"origin":21421,"position":2},"title":"Sele\u00e7\u00e3o Ol\u00edmpica consagra Neymar e Gabriel Jesus e vai encarar Alemanha na disputa do ouro","author":"Luiz Ant\u00f4nio Pr\u00f3speri","date":"17 de agosto de 2016","format":false,"excerpt":"Duro \u00e9 convencer a torcida brasileira de que os alem\u00e3es n\u00e3o merecem levar uma sova na final dos Jogos do Rio 2016 Brasil se reconciliou com seu futebol, t\u00e3o maltratado nos \u00faltimos tempos, ao despachar Honduras por 6 a 0 na semifinal dos Jogos do Rio. H\u00e1 quem possa argumentar\u2026","rel":"","context":"Em &quot;futebol&quot;","block_context":{"text":"futebol","link":"https:\/\/blogdoprosperi.com\/?cat=53870"},"img":{"alt_text":"","src":"https:\/\/i0.wp.com\/blogdoprosperi.com\/wp-content\/uploads\/2016\/08\/u9kmit0v.jpg?resize=350%2C200&ssl=1","width":350,"height":200,"srcset":"https:\/\/i0.wp.com\/blogdoprosperi.com\/wp-content\/uploads\/2016\/08\/u9kmit0v.jpg?resize=350%2C200&ssl=1 1x, https:\/\/i0.wp.com\/blogdoprosperi.com\/wp-content\/uploads\/2016\/08\/u9kmit0v.jpg?resize=525%2C300&ssl=1 1.5x"},"classes":[]},{"id":22216,"url":"https:\/\/blogdoprosperi.com\/?p=22216","url_meta":{"origin":21421,"position":3},"title":"Uma Olimp\u00edada nunca acaba","author":"Luiz Ant\u00f4nio Pr\u00f3speri","date":"22 de agosto de 2016","format":false,"excerpt":"Passei as \u00faltimas sete Olimp\u00edadas dentro da reda\u00e7\u00e3o de um jornal. Da primeira, em 1988 no Jornal da Tarde, at\u00e9 2012 no Estad\u00e3o. Compartilhei o trabalho de reportagens, edi\u00e7\u00e3o e organiza\u00e7\u00e3o de grandes coberturas desses Jogos ao lado de companheiros valorosos, jornalistas de primeira grandeza. N\u00e3o raro me emocionei com\u2026","rel":"","context":"Em &quot;futebol&quot;","block_context":{"text":"futebol","link":"https:\/\/blogdoprosperi.com\/?cat=53870"},"img":{"alt_text":"","src":"https:\/\/i0.wp.com\/blogdoprosperi.com\/wp-content\/uploads\/2016\/08\/pro3-16.jpg?resize=350%2C200&ssl=1","width":350,"height":200,"srcset":"https:\/\/i0.wp.com\/blogdoprosperi.com\/wp-content\/uploads\/2016\/08\/pro3-16.jpg?resize=350%2C200&ssl=1 1x, https:\/\/i0.wp.com\/blogdoprosperi.com\/wp-content\/uploads\/2016\/08\/pro3-16.jpg?resize=525%2C300&ssl=1 1.5x, https:\/\/i0.wp.com\/blogdoprosperi.com\/wp-content\/uploads\/2016\/08\/pro3-16.jpg?resize=700%2C400&ssl=1 2x, https:\/\/i0.wp.com\/blogdoprosperi.com\/wp-content\/uploads\/2016\/08\/pro3-16.jpg?resize=1050%2C600&ssl=1 3x, https:\/\/i0.wp.com\/blogdoprosperi.com\/wp-content\/uploads\/2016\/08\/pro3-16.jpg?resize=1400%2C800&ssl=1 4x"},"classes":[]},{"id":18862,"url":"https:\/\/blogdoprosperi.com\/?p=18862","url_meta":{"origin":21421,"position":4},"title":"Sele\u00e7\u00e3o estreia nos Jogos do Rio com a miss\u00e3o de resgatar futebol brasileiro","author":"Luiz Ant\u00f4nio Pr\u00f3speri","date":"4 de agosto de 2016","format":false,"excerpt":"Futebol brasileiro est\u00e1 muito perto de um renascimento, a partir deste 4 de agosto de 2016. No est\u00e1dio batizado com o nome da lenda Man\u00e9 Garrincha, em Bras\u00edlia, a Sele\u00e7\u00e3o Ol\u00edmpica entra em campo contra \u00c1frica do Sul, \u00e0s 16h, com a enorme responsabilidade de dar in\u00edcio ao resgate da\u2026","rel":"","context":"Em &quot;futebol&quot;","block_context":{"text":"futebol","link":"https:\/\/blogdoprosperi.com\/?cat=53870"},"img":{"alt_text":"","src":"https:\/\/i0.wp.com\/blogdoprosperi.com\/wp-content\/uploads\/2016\/08\/36cca79200000578-3719494-image-a-14_1470128847963.jpg?resize=350%2C200","width":350,"height":200,"srcset":"https:\/\/i0.wp.com\/blogdoprosperi.com\/wp-content\/uploads\/2016\/08\/36cca79200000578-3719494-image-a-14_1470128847963.jpg?resize=350%2C200 1x, https:\/\/i0.wp.com\/blogdoprosperi.com\/wp-content\/uploads\/2016\/08\/36cca79200000578-3719494-image-a-14_1470128847963.jpg?resize=525%2C300 1.5x"},"classes":[]},{"id":21654,"url":"https:\/\/blogdoprosperi.com\/?p=21654","url_meta":{"origin":21421,"position":5},"title":"Brasil n\u00e3o pode pensar em devolver 7 a 1 na decis\u00e3o do ouro contra Alemanha","author":"Luiz Ant\u00f4nio Pr\u00f3speri","date":"17 de agosto de 2016","format":false,"excerpt":"Inebriado com os 6 a 0 em cima da modesta Honduras nas semifinais, Brasil dos meninos tem direito a pensar em devolver o 7 a 1 da Alemanha, de tr\u00e1gica lembran\u00e7a da Copa de 2014, na decis\u00e3o da medalha de ouro no s\u00e1bado (20\/8), 17h, no Maracan\u00e3, na Olimp\u00edada do\u2026","rel":"","context":"Em &quot;futebol&quot;","block_context":{"text":"futebol","link":"https:\/\/blogdoprosperi.com\/?cat=53870"},"img":{"alt_text":"","src":"https:\/\/i0.wp.com\/blogdoprosperi.com\/wp-content\/uploads\/2016\/08\/pro3-13.jpg?resize=350%2C200","width":350,"height":200,"srcset":"https:\/\/i0.wp.com\/blogdoprosperi.com\/wp-content\/uploads\/2016\/08\/pro3-13.jpg?resize=350%2C200 1x, https:\/\/i0.wp.com\/blogdoprosperi.com\/wp-content\/uploads\/2016\/08\/pro3-13.jpg?resize=525%2C300 1.5x, https:\/\/i0.wp.com\/blogdoprosperi.com\/wp-content\/uploads\/2016\/08\/pro3-13.jpg?resize=700%2C400 2x, https:\/\/i0.wp.com\/blogdoprosperi.com\/wp-content\/uploads\/2016\/08\/pro3-13.jpg?resize=1050%2C600 3x, https:\/\/i0.wp.com\/blogdoprosperi.com\/wp-content\/uploads\/2016\/08\/pro3-13.jpg?resize=1400%2C800 4x"},"classes":[]}],"jetpack_featured_media_url":"","_links":{"self":[{"href":"https:\/\/blogdoprosperi.com\/index.php?rest_route=\/wp\/v2\/posts\/21421","targetHints":{"allow":["GET"]}}],"collection":[{"href":"https:\/\/blogdoprosperi.com\/index.php?rest_route=\/wp\/v2\/posts"}],"about":[{"href":"https:\/\/blogdoprosperi.com\/index.php?rest_route=\/wp\/v2\/types\/post"}],"author":[{"embeddable":true,"href":"https:\/\/blogdoprosperi.com\/index.php?rest_route=\/wp\/v2\/users\/102107496"}],"replies":[{"embeddable":true,"href":"https:\/\/blogdoprosperi.com\/index.php?rest_route=%2Fwp%2Fv2%2Fcomments&post=21421"}],"version-history":[{"count":25,"href":"https:\/\/blogdoprosperi.com\/index.php?rest_route=\/wp\/v2\/posts\/21421\/revisions"}],"predecessor-version":[{"id":21516,"href":"https:\/\/blogdoprosperi.com\/index.php?rest_route=\/wp\/v2\/posts\/21421\/revisions\/21516"}],"wp:attachment":[{"href":"https:\/\/blogdoprosperi.com\/index.php?rest_route=%2Fwp%2Fv2%2Fmedia&parent=21421"}],"wp:term":[{"taxonomy":"category","embeddable":true,"href":"https:\/\/blogdoprosperi.com\/index.php?rest_route=%2Fwp%2Fv2%2Fcategories&post=21421"},{"taxonomy":"post_tag","embeddable":true,"href":"https:\/\/blogdoprosperi.com\/index.php?rest_route=%2Fwp%2Fv2%2Ftags&post=21421"}],"curies":[{"name":"wp","href":"https:\/\/api.w.org\/{rel}","templated":true}]}}